{"id":7423,"date":"2023-12-20T09:32:30","date_gmt":"2023-12-20T09:32:30","guid":{"rendered":"https:\/\/www.mobilier-design-occasion.fr\/magazine\/?p=7423"},"modified":"2023-12-19T09:33:30","modified_gmt":"2023-12-19T09:33:30","slug":"comment-decorer-son-interieur-avec-les-sapins-de-noel-nos-conseils","status":"publish","type":"post","link":"https:\/\/www.mobilier-design-occasion.fr\/magazine\/comment-decorer-son-interieur-avec-les-sapins-de-noel-nos-conseils\/","title":{"rendered":"Comment d\u00e9corer son int\u00e9rieur avec les sapins de No\u00ebl : nos conseils"},"content":{"rendered":"\n<figure class=\"wp-block-image size-large\"><img loading=\"lazy\" decoding=\"async\" width=\"1024\" height=\"789\" src=\"https:\/\/www.mobilier-design-occasion.fr\/magazine\/wp-content\/uploads\/2023\/12\/arbre-noel-decorations-fond-lumieres-bokeh-1024x789.jpg\" alt=\"\" class=\"wp-image-7424\" srcset=\"https:\/\/www.mobilier-design-occasion.fr\/magazine\/wp-content\/uploads\/2023\/12\/arbre-noel-decorations-fond-lumieres-bokeh-1024x789.jpg 1024w, https:\/\/www.mobilier-design-occasion.fr\/magazine\/wp-content\/uploads\/2023\/12\/arbre-noel-decorations-fond-lumieres-bokeh-300x231.jpg 300w, https:\/\/www.mobilier-design-occasion.fr\/magazine\/wp-content\/uploads\/2023\/12\/arbre-noel-decorations-fond-lumieres-bokeh-768x591.jpg 768w, https:\/\/www.mobilier-design-occasion.fr\/magazine\/wp-content\/uploads\/2023\/12\/arbre-noel-decorations-fond-lumieres-bokeh-1536x1183.jpg 1536w, https:\/\/www.mobilier-design-occasion.fr\/magazine\/wp-content\/uploads\/2023\/12\/arbre-noel-decorations-fond-lumieres-bokeh-scaled.jpg 2048w, https:\/\/www.mobilier-design-occasion.fr\/magazine\/wp-content\/uploads\/2023\/12\/arbre-noel-decorations-fond-lumieres-bokeh-810x624.jpg 810w, https:\/\/www.mobilier-design-occasion.fr\/magazine\/wp-content\/uploads\/2023\/12\/arbre-noel-decorations-fond-lumieres-bokeh-1140x878.jpg 1140w\" sizes=\"auto, (max-width: 1024px) 100vw, 1024px\" \/><figcaption class=\"wp-element-caption\">Christmas tree with decorations on a bokeh lights background<\/figcaption><\/figure>\n\n\n\n<h1 class=\"wp-block-heading\"><span class=\"ez-toc-section\" id=\"Comment_decorer_son_interieur_avec_les_sapins_de_Noel\"><\/span><strong>Comment d\u00e9corer son int\u00e9rieur avec les sapins de No\u00ebl ?<\/strong><span class=\"ez-toc-section-end\"><\/span><\/h1><div id=\"ez-toc-container\" class=\"ez-toc-v2_0_82_2 counter-hierarchy ez-toc-counter ez-toc-grey ez-toc-container-direction\">\n<div class=\"ez-toc-title-container\">\n<span class=\"ez-toc-title-toggle\"><a href=\"#\" class=\"ez-toc-pull-right ez-toc-btn ez-toc-btn-xs ez-toc-btn-default ez-toc-toggle\" aria-label=\"Toggle Table of Content\"><span class=\"ez-toc-js-icon-con\"><span class=\"\"><span class=\"eztoc-hide\" style=\"display:none;\">Toggle<\/span><span class=\"ez-toc-icon-toggle-span\"><svg style=\"fill: #999;color:#999\" xmlns=\"http:\/\/www.w3.org\/2000\/svg\" class=\"list-377408\" width=\"20px\" height=\"20px\" viewBox=\"0 0 24 24\" fill=\"none\"><path d=\"M6 6H4v2h2V6zm14 0H8v2h12V6zM4 11h2v2H4v-2zm16 0H8v2h12v-2zM4 16h2v2H4v-2zm16 0H8v2h12v-2z\" fill=\"currentColor\"><\/path><\/svg><svg style=\"fill: #999;color:#999\" class=\"arrow-unsorted-368013\" xmlns=\"http:\/\/www.w3.org\/2000\/svg\" width=\"10px\" height=\"10px\" viewBox=\"0 0 24 24\" version=\"1.2\" baseProfile=\"tiny\"><path d=\"M18.2 9.3l-6.2-6.3-6.2 6.3c-.2.2-.3.4-.3.7s.1.5.3.7c.2.2.4.3.7.3h11c.3 0 .5-.1.7-.3.2-.2.3-.5.3-.7s-.1-.5-.3-.7zM5.8 14.7l6.2 6.3 6.2-6.3c.2-.2.3-.5.3-.7s-.1-.5-.3-.7c-.2-.2-.4-.3-.7-.3h-11c-.3 0-.5.1-.7.3-.2.2-.3.5-.3.7s.1.5.3.7z\"\/><\/svg><\/span><\/span><\/span><\/a><\/span><\/div>\n<nav><ul class='ez-toc-list ez-toc-list-level-1 eztoc-toggle-hide-by-default' ><li class='ez-toc-page-1 ez-toc-heading-level-1'><a class=\"ez-toc-link ez-toc-heading-1\" href=\"https:\/\/www.mobilier-design-occasion.fr\/magazine\/comment-decorer-son-interieur-avec-les-sapins-de-noel-nos-conseils\/#Comment_decorer_son_interieur_avec_les_sapins_de_Noel\" >Comment d\u00e9corer son int\u00e9rieur avec les sapins de No\u00ebl ?<\/a><ul class='ez-toc-list-level-2' ><li class='ez-toc-heading-level-2'><a class=\"ez-toc-link ez-toc-heading-2\" href=\"https:\/\/www.mobilier-design-occasion.fr\/magazine\/comment-decorer-son-interieur-avec-les-sapins-de-noel-nos-conseils\/#1_Choisissez_le_bon_sapin\" >1. Choisissez le bon sapin<\/a><\/li><li class='ez-toc-page-1 ez-toc-heading-level-2'><a class=\"ez-toc-link ez-toc-heading-3\" href=\"https:\/\/www.mobilier-design-occasion.fr\/magazine\/comment-decorer-son-interieur-avec-les-sapins-de-noel-nos-conseils\/#2_Fixez_le_sapin\" >2. Fixez le sapin<\/a><\/li><li class='ez-toc-page-1 ez-toc-heading-level-2'><a class=\"ez-toc-link ez-toc-heading-4\" href=\"https:\/\/www.mobilier-design-occasion.fr\/magazine\/comment-decorer-son-interieur-avec-les-sapins-de-noel-nos-conseils\/#3_Decorez_le_sapin\" >3. D\u00e9corez le sapin<\/a><\/li><li class='ez-toc-page-1 ez-toc-heading-level-2'><a class=\"ez-toc-link ez-toc-heading-5\" href=\"https:\/\/www.mobilier-design-occasion.fr\/magazine\/comment-decorer-son-interieur-avec-les-sapins-de-noel-nos-conseils\/#4_Ajoutez_des_touches_personnelles\" >4. Ajoutez des touches personnelles<\/a><\/li><li class='ez-toc-page-1 ez-toc-heading-level-2'><a class=\"ez-toc-link ez-toc-heading-6\" href=\"https:\/\/www.mobilier-design-occasion.fr\/magazine\/comment-decorer-son-interieur-avec-les-sapins-de-noel-nos-conseils\/#Astuces_supplementaires\" >Astuces suppl\u00e9mentaires<\/a><\/li><\/ul><\/li><\/ul><\/nav><\/div>\n\n\n\n\n<p>Le sapin de No\u00ebl est la pi\u00e8ce ma\u00eetresse de la d\u00e9coration de No\u00ebl. Il est indispensable pour cr\u00e9er une ambiance festive et chaleureuse dans votre int\u00e9rieur. Mais comment le d\u00e9corer pour qu&#8217;il soit unique et personnalis\u00e9 ? Voici quelques conseils pour vous aider.<\/p>\n\n\n\n<h2 class=\"wp-block-heading\"><span class=\"ez-toc-section\" id=\"1_Choisissez_le_bon_sapin\"><\/span><strong>1. Choisissez le bon sapin<\/strong><span class=\"ez-toc-section-end\"><\/span><\/h2>\n\n\n\n<p>La premi\u00e8re \u00e9tape est de choisir le bon sapin. Vous avez le choix entre un<strong> sapin naturel ou un sapin artificie<\/strong>l. Le <a href=\"https:\/\/www.mobilier-design-occasion.fr\/magazine\/collection-de-noel-ikea-2023-une-touche-de-douceur-hivernale\/\">sapin naturel<\/a> est plus authentique et d\u00e9gage une belle odeur de pin. Il est cependant plus fragile et n\u00e9cessite un entretien r\u00e9gulier. Le sapin artificiel est plus durable et facile d&#8217;entretien. Il est \u00e9galement disponible dans une plus grande vari\u00e9t\u00e9 de tailles et de formes.<\/p>\n\n\n\n<h2 class=\"wp-block-heading\"><span class=\"ez-toc-section\" id=\"2_Fixez_le_sapin\"><\/span><strong>2. Fixez le sapin<\/strong><span class=\"ez-toc-section-end\"><\/span><\/h2>\n\n\n\n<p>Une fois que vous avez choisi votre sapin, il faut le fixer. Si vous avez un sapin naturel, vous pouvez utiliser un pied de sapin ou un support mural. Si vous avez <strong>un sapin artificiel<\/strong>, vous pouvez utiliser un pied de sapin fourni avec le sapin ou un autre support adapt\u00e9.<\/p>\n\n\n\n<h2 class=\"wp-block-heading\"><span class=\"ez-toc-section\" id=\"3_Decorez_le_sapin\"><\/span><strong>3. D\u00e9corez le sapin<\/strong><span class=\"ez-toc-section-end\"><\/span><\/h2>\n\n\n\n<p>Le moment le plus amusant est de d\u00e9corer le sapin ! Vous pouvez <strong>utiliser des guirlandes lumineuses, des boules de No\u00ebl, des guirlandes de No\u00ebl, des figurines de No\u00ebl,<\/strong> etc. Vous pouvez choisir des couleurs et des motifs qui correspondent \u00e0 votre style de d\u00e9coration.<\/p>\n\n\n\n<h2 class=\"wp-block-heading\"><span class=\"ez-toc-section\" id=\"4_Ajoutez_des_touches_personnelles\"><\/span><strong>4. Ajoutez des touches personnelles<\/strong><span class=\"ez-toc-section-end\"><\/span><\/h2>\n\n\n\n<p>Pour que votre sapin soit unique, n&#8217;h\u00e9sitez pas \u00e0 ajouter des touches personnelles. Vous pouvez par exemple accrocher <strong>des photos de famille, des cartes de No\u00ebl, des objets de d\u00e9coration faits maison, etc.<\/strong><\/p>\n\n\n\n<p><strong>Voici quelques id\u00e9es de d\u00e9coration pour votre sapin de No\u00ebl :<\/strong><\/p>\n\n\n\n<ul class=\"wp-block-list\">\n<li><strong>Pour un sapin traditionnel<\/strong>, optez pour des guirlandes lumineux blanc, des boules de No\u00ebl rouges et vertes, et des figurines de No\u00ebl classiques.<\/li>\n\n\n\n<li><strong>Pour un sapin original<\/strong>, laissez libre cours \u00e0 votre imagination ! Vous pouvez par exemple utiliser des guirlandes lumineuses de couleurs vives, des boules de No\u00ebl de formes originales, ou des figurines de No\u00ebl amusantes.<\/li>\n\n\n\n<li><strong>Pour un sapin \u00e9cologique<\/strong>, choisissez des guirlandes lumineuses LED et des boules de No\u00ebl en mat\u00e9riaux recycl\u00e9s.<\/li>\n<\/ul>\n\n\n\n<h2 class=\"wp-block-heading\"><span class=\"ez-toc-section\" id=\"Astuces_supplementaires\"><\/span><strong>Astuces suppl\u00e9mentaires<\/strong><span class=\"ez-toc-section-end\"><\/span><\/h2>\n\n\n\n<ul class=\"wp-block-list\">\n<li><strong>Pour \u00e9viter que votre sapin ne s\u00e8che trop vite, veillez \u00e0 le placer dans un endroit frais et \u00e0 l&#8217;arroser r\u00e9guli\u00e8rement.<\/strong><\/li>\n\n\n\n<li><strong>Si vous avez un sapin artificiel, pensez \u00e0 le ranger dans un endroit sec et \u00e0 l&#8217;abri de la lumi\u00e8re entre No\u00ebl et l&#8217;ann\u00e9e suivante.<\/strong><\/li>\n<\/ul>\n\n\n\n<p>En suivant ces conseils, vous pourrez cr\u00e9er <a href=\"https:\/\/www.mobilier-design-occasion.fr\/magazine\/les-plus-beaux-marches-de-noel-inconnus\/\">une d\u00e9coration de No\u00ebl<\/a> unique et festive qui enchantera petits et grands.<\/p>\n","protected":false},"excerpt":{"rendered":"<p>Comment d\u00e9corer son int\u00e9rieur avec les sapins de No\u00ebl ? Le sapin de No\u00ebl est la pi\u00e8ce ma\u00eetresse de la d\u00e9coration de No\u00ebl. Il est indispensable pour cr\u00e9er une ambiance festive et chaleureuse dans votre int\u00e9rieur. Mais comment le d\u00e9corer pour qu&#8217;il soit unique et personnalis\u00e9 ? Voici quelques conseils pour vous aider. 1. Choisissez [&hellip;]<\/p>\n","protected":false},"author":2,"featured_media":7424,"comment_status":"open","ping_status":"open","sticky":false,"template":"","format":"standard","meta":{"footnotes":""},"categories":[2],"tags":[199,166,186],"class_list":["post-7423","post","type-post","status-publish","format-standard","has-post-thumbnail","hentry","category-tendances","tag-deco-2","tag-noel","tag-table"],"yoast_head":"<!-- This site is optimized with the Yoast SEO plugin v27.5 - https:\/\/yoast.com\/product\/yoast-seo-wordpress\/ -->\n<title>Comment d\u00e9corer son int\u00e9rieur avec les sapins de No\u00ebl : nos conseils - Mobilier Design Magazine<\/title>\n<meta name=\"robots\" content=\"index, follow, max-snippet:-1, max-image-preview:large, max-video-preview:-1\" \/>\n<link rel=\"canonical\" href=\"https:\/\/www.mobilier-design-occasion.fr\/magazine\/comment-decorer-son-interieur-avec-les-sapins-de-noel-nos-conseils\/\" \/>\n<meta property=\"og:locale\" content=\"fr_FR\" \/>\n<meta property=\"og:type\" content=\"article\" \/>\n<meta property=\"og:title\" content=\"Comment d\u00e9corer son int\u00e9rieur avec les sapins de No\u00ebl : nos conseils - Mobilier Design Magazine\" \/>\n<meta property=\"og:description\" content=\"Comment d\u00e9corer son int\u00e9rieur avec les sapins de No\u00ebl ? Le sapin de No\u00ebl est la pi\u00e8ce ma\u00eetresse de la d\u00e9coration de No\u00ebl. Il est indispensable pour cr\u00e9er une ambiance festive et chaleureuse dans votre int\u00e9rieur. Mais comment le d\u00e9corer pour qu&#8217;il soit unique et personnalis\u00e9 ? Voici quelques conseils pour vous aider. 1. Choisissez [&hellip;]\" \/>\n<meta property=\"og:url\" content=\"https:\/\/www.mobilier-design-occasion.fr\/magazine\/comment-decorer-son-interieur-avec-les-sapins-de-noel-nos-conseils\/\" \/>\n<meta property=\"og:site_name\" content=\"Mobilier Design Magazine\" \/>\n<meta property=\"article:publisher\" content=\"https:\/\/www.facebook.com\/mobilierdesignoccasion\" \/>\n<meta property=\"article:published_time\" content=\"2023-12-20T09:32:30+00:00\" \/>\n<meta property=\"og:image\" content=\"https:\/\/www.mobilier-design-occasion.fr\/magazine\/wp-content\/uploads\/2023\/12\/arbre-noel-decorations-fond-lumieres-bokeh-scaled.jpg\" \/>\n\t<meta property=\"og:image:width\" content=\"2048\" \/>\n\t<meta property=\"og:image:height\" content=\"1577\" \/>\n\t<meta property=\"og:image:type\" content=\"image\/jpeg\" \/>\n<meta name=\"author\" content=\"Vincent Vandegans\" \/>\n<meta name=\"twitter:card\" content=\"summary_large_image\" \/>\n<meta name=\"twitter:label1\" content=\"\u00c9crit par\" \/>\n\t<meta name=\"twitter:data1\" content=\"Vincent Vandegans\" \/>\n\t<meta name=\"twitter:label2\" content=\"Dur\u00e9e de lecture estim\u00e9e\" \/>\n\t<meta name=\"twitter:data2\" content=\"2 minutes\" \/>\n<script type=\"application\/ld+json\" class=\"yoast-schema-graph\">{\"@context\":\"https:\\\/\\\/schema.org\",\"@graph\":[{\"@type\":\"Article\",\"@id\":\"https:\\\/\\\/www.mobilier-design-occasion.fr\\\/magazine\\\/comment-decorer-son-interieur-avec-les-sapins-de-noel-nos-conseils\\\/#article\",\"isPartOf\":{\"@id\":\"https:\\\/\\\/www.mobilier-design-occasion.fr\\\/magazine\\\/comment-decorer-son-interieur-avec-les-sapins-de-noel-nos-conseils\\\/\"},\"author\":{\"name\":\"Vincent Vandegans\",\"@id\":\"https:\\\/\\\/www.mobilier-design-occasion.fr\\\/magazine\\\/#\\\/schema\\\/person\\\/af895bedc80bfb6b17730a672fddac9e\"},\"headline\":\"Comment d\u00e9corer son int\u00e9rieur avec les sapins de No\u00ebl : nos conseils\",\"datePublished\":\"2023-12-20T09:32:30+00:00\",\"mainEntityOfPage\":{\"@id\":\"https:\\\/\\\/www.mobilier-design-occasion.fr\\\/magazine\\\/comment-decorer-son-interieur-avec-les-sapins-de-noel-nos-conseils\\\/\"},\"wordCount\":478,\"commentCount\":0,\"publisher\":{\"@id\":\"https:\\\/\\\/www.mobilier-design-occasion.fr\\\/magazine\\\/#organization\"},\"image\":{\"@id\":\"https:\\\/\\\/www.mobilier-design-occasion.fr\\\/magazine\\\/comment-decorer-son-interieur-avec-les-sapins-de-noel-nos-conseils\\\/#primaryimage\"},\"thumbnailUrl\":\"https:\\\/\\\/www.mobilier-design-occasion.fr\\\/magazine\\\/wp-content\\\/uploads\\\/2023\\\/12\\\/arbre-noel-decorations-fond-lumieres-bokeh-scaled.jpg\",\"keywords\":[\"deco\",\"noel\",\"table\"],\"articleSection\":[\"Tendances\"],\"inLanguage\":\"fr-FR\",\"potentialAction\":[{\"@type\":\"CommentAction\",\"name\":\"Comment\",\"target\":[\"https:\\\/\\\/www.mobilier-design-occasion.fr\\\/magazine\\\/comment-decorer-son-interieur-avec-les-sapins-de-noel-nos-conseils\\\/#respond\"]}]},{\"@type\":\"WebPage\",\"@id\":\"https:\\\/\\\/www.mobilier-design-occasion.fr\\\/magazine\\\/comment-decorer-son-interieur-avec-les-sapins-de-noel-nos-conseils\\\/\",\"url\":\"https:\\\/\\\/www.mobilier-design-occasion.fr\\\/magazine\\\/comment-decorer-son-interieur-avec-les-sapins-de-noel-nos-conseils\\\/\",\"name\":\"Comment d\u00e9corer son int\u00e9rieur avec les sapins de No\u00ebl : nos conseils - Mobilier Design Magazine\",\"isPartOf\":{\"@id\":\"https:\\\/\\\/www.mobilier-design-occasion.fr\\\/magazine\\\/#website\"},\"primaryImageOfPage\":{\"@id\":\"https:\\\/\\\/www.mobilier-design-occasion.fr\\\/magazine\\\/comment-decorer-son-interieur-avec-les-sapins-de-noel-nos-conseils\\\/#primaryimage\"},\"image\":{\"@id\":\"https:\\\/\\\/www.mobilier-design-occasion.fr\\\/magazine\\\/comment-decorer-son-interieur-avec-les-sapins-de-noel-nos-conseils\\\/#primaryimage\"},\"thumbnailUrl\":\"https:\\\/\\\/www.mobilier-design-occasion.fr\\\/magazine\\\/wp-content\\\/uploads\\\/2023\\\/12\\\/arbre-noel-decorations-fond-lumieres-bokeh-scaled.jpg\",\"datePublished\":\"2023-12-20T09:32:30+00:00\",\"breadcrumb\":{\"@id\":\"https:\\\/\\\/www.mobilier-design-occasion.fr\\\/magazine\\\/comment-decorer-son-interieur-avec-les-sapins-de-noel-nos-conseils\\\/#breadcrumb\"},\"inLanguage\":\"fr-FR\",\"potentialAction\":[{\"@type\":\"ReadAction\",\"target\":[\"https:\\\/\\\/www.mobilier-design-occasion.fr\\\/magazine\\\/comment-decorer-son-interieur-avec-les-sapins-de-noel-nos-conseils\\\/\"]}]},{\"@type\":\"ImageObject\",\"inLanguage\":\"fr-FR\",\"@id\":\"https:\\\/\\\/www.mobilier-design-occasion.fr\\\/magazine\\\/comment-decorer-son-interieur-avec-les-sapins-de-noel-nos-conseils\\\/#primaryimage\",\"url\":\"https:\\\/\\\/www.mobilier-design-occasion.fr\\\/magazine\\\/wp-content\\\/uploads\\\/2023\\\/12\\\/arbre-noel-decorations-fond-lumieres-bokeh-scaled.jpg\",\"contentUrl\":\"https:\\\/\\\/www.mobilier-design-occasion.fr\\\/magazine\\\/wp-content\\\/uploads\\\/2023\\\/12\\\/arbre-noel-decorations-fond-lumieres-bokeh-scaled.jpg\",\"width\":2048,\"height\":1577,\"caption\":\"Christmas tree with decorations on a bokeh lights background\"},{\"@type\":\"BreadcrumbList\",\"@id\":\"https:\\\/\\\/www.mobilier-design-occasion.fr\\\/magazine\\\/comment-decorer-son-interieur-avec-les-sapins-de-noel-nos-conseils\\\/#breadcrumb\",\"itemListElement\":[{\"@type\":\"ListItem\",\"position\":1,\"name\":\"Accueil\",\"item\":\"https:\\\/\\\/www.mobilier-design-occasion.fr\\\/magazine\\\/\"},{\"@type\":\"ListItem\",\"position\":2,\"name\":\"Comment d\u00e9corer son int\u00e9rieur avec les sapins de No\u00ebl : nos conseils\"}]},{\"@type\":\"WebSite\",\"@id\":\"https:\\\/\\\/www.mobilier-design-occasion.fr\\\/magazine\\\/#website\",\"url\":\"https:\\\/\\\/www.mobilier-design-occasion.fr\\\/magazine\\\/\",\"name\":\"Mobilier Design Magazine\",\"description\":\"\",\"publisher\":{\"@id\":\"https:\\\/\\\/www.mobilier-design-occasion.fr\\\/magazine\\\/#organization\"},\"potentialAction\":[{\"@type\":\"SearchAction\",\"target\":{\"@type\":\"EntryPoint\",\"urlTemplate\":\"https:\\\/\\\/www.mobilier-design-occasion.fr\\\/magazine\\\/?s={search_term_string}\"},\"query-input\":{\"@type\":\"PropertyValueSpecification\",\"valueRequired\":true,\"valueName\":\"search_term_string\"}}],\"inLanguage\":\"fr-FR\"},{\"@type\":\"Organization\",\"@id\":\"https:\\\/\\\/www.mobilier-design-occasion.fr\\\/magazine\\\/#organization\",\"name\":\"Mobilier Design Magazine\",\"url\":\"https:\\\/\\\/www.mobilier-design-occasion.fr\\\/magazine\\\/\",\"logo\":{\"@type\":\"ImageObject\",\"inLanguage\":\"fr-FR\",\"@id\":\"https:\\\/\\\/www.mobilier-design-occasion.fr\\\/magazine\\\/#\\\/schema\\\/logo\\\/image\\\/\",\"url\":\"https:\\\/\\\/www.mobilier-design-occasion.fr\\\/magazine\\\/wp-content\\\/uploads\\\/2024\\\/02\\\/android-chrome-192x192-1.png\",\"contentUrl\":\"https:\\\/\\\/www.mobilier-design-occasion.fr\\\/magazine\\\/wp-content\\\/uploads\\\/2024\\\/02\\\/android-chrome-192x192-1.png\",\"width\":192,\"height\":192,\"caption\":\"Mobilier Design Magazine\"},\"image\":{\"@id\":\"https:\\\/\\\/www.mobilier-design-occasion.fr\\\/magazine\\\/#\\\/schema\\\/logo\\\/image\\\/\"},\"sameAs\":[\"https:\\\/\\\/www.facebook.com\\\/mobilierdesignoccasion\"]},{\"@type\":\"Person\",\"@id\":\"https:\\\/\\\/www.mobilier-design-occasion.fr\\\/magazine\\\/#\\\/schema\\\/person\\\/af895bedc80bfb6b17730a672fddac9e\",\"name\":\"Vincent Vandegans\",\"image\":{\"@type\":\"ImageObject\",\"inLanguage\":\"fr-FR\",\"@id\":\"https:\\\/\\\/secure.gravatar.com\\\/avatar\\\/b984800dabdf722d5e3f03f637c8932dea77d81118467d17ad2953e3b273ec66?s=96&d=mm&r=g\",\"url\":\"https:\\\/\\\/secure.gravatar.com\\\/avatar\\\/b984800dabdf722d5e3f03f637c8932dea77d81118467d17ad2953e3b273ec66?s=96&d=mm&r=g\",\"contentUrl\":\"https:\\\/\\\/secure.gravatar.com\\\/avatar\\\/b984800dabdf722d5e3f03f637c8932dea77d81118467d17ad2953e3b273ec66?s=96&d=mm&r=g\",\"caption\":\"Vincent Vandegans\"},\"description\":\"Vincent est passionn\u00e9 par les produits d'occasion, il a ouvert le site MDO avec Cyrielle pour aider les gens \u00e0 trouver du mobilier d'occasion, vintage ou usag\u00e9. Depuis, ils ont \u00e9tendu leurs activit\u00e9s et conseillent tout le monde sur le mobilier d'int\u00e9rieur et d'ext\u00e9rieur au quotidien \u00e0 travers le magazine MDO.\",\"url\":\"https:\\\/\\\/www.mobilier-design-occasion.fr\\\/magazine\\\/author\\\/vincent\\\/\"}]}<\/script>\n<!-- \/ Yoast SEO plugin. -->","yoast_head_json":{"title":"Comment d\u00e9corer son int\u00e9rieur avec les sapins de No\u00ebl : nos conseils - Mobilier Design Magazine","robots":{"index":"index","follow":"follow","max-snippet":"max-snippet:-1","max-image-preview":"max-image-preview:large","max-video-preview":"max-video-preview:-1"},"canonical":"https:\/\/www.mobilier-design-occasion.fr\/magazine\/comment-decorer-son-interieur-avec-les-sapins-de-noel-nos-conseils\/","og_locale":"fr_FR","og_type":"article","og_title":"Comment d\u00e9corer son int\u00e9rieur avec les sapins de No\u00ebl : nos conseils - Mobilier Design Magazine","og_description":"Comment d\u00e9corer son int\u00e9rieur avec les sapins de No\u00ebl ? Le sapin de No\u00ebl est la pi\u00e8ce ma\u00eetresse de la d\u00e9coration de No\u00ebl. Il est indispensable pour cr\u00e9er une ambiance festive et chaleureuse dans votre int\u00e9rieur. Mais comment le d\u00e9corer pour qu&#8217;il soit unique et personnalis\u00e9 ? Voici quelques conseils pour vous aider. 1. Choisissez [&hellip;]","og_url":"https:\/\/www.mobilier-design-occasion.fr\/magazine\/comment-decorer-son-interieur-avec-les-sapins-de-noel-nos-conseils\/","og_site_name":"Mobilier Design Magazine","article_publisher":"https:\/\/www.facebook.com\/mobilierdesignoccasion","article_published_time":"2023-12-20T09:32:30+00:00","og_image":[{"width":2048,"height":1577,"url":"https:\/\/www.mobilier-design-occasion.fr\/magazine\/wp-content\/uploads\/2023\/12\/arbre-noel-decorations-fond-lumieres-bokeh-scaled.jpg","type":"image\/jpeg"}],"author":"Vincent Vandegans","twitter_card":"summary_large_image","twitter_misc":{"\u00c9crit par":"Vincent Vandegans","Dur\u00e9e de lecture estim\u00e9e":"2 minutes"},"schema":{"@context":"https:\/\/schema.org","@graph":[{"@type":"Article","@id":"https:\/\/www.mobilier-design-occasion.fr\/magazine\/comment-decorer-son-interieur-avec-les-sapins-de-noel-nos-conseils\/#article","isPartOf":{"@id":"https:\/\/www.mobilier-design-occasion.fr\/magazine\/comment-decorer-son-interieur-avec-les-sapins-de-noel-nos-conseils\/"},"author":{"name":"Vincent Vandegans","@id":"https:\/\/www.mobilier-design-occasion.fr\/magazine\/#\/schema\/person\/af895bedc80bfb6b17730a672fddac9e"},"headline":"Comment d\u00e9corer son int\u00e9rieur avec les sapins de No\u00ebl : nos conseils","datePublished":"2023-12-20T09:32:30+00:00","mainEntityOfPage":{"@id":"https:\/\/www.mobilier-design-occasion.fr\/magazine\/comment-decorer-son-interieur-avec-les-sapins-de-noel-nos-conseils\/"},"wordCount":478,"commentCount":0,"publisher":{"@id":"https:\/\/www.mobilier-design-occasion.fr\/magazine\/#organization"},"image":{"@id":"https:\/\/www.mobilier-design-occasion.fr\/magazine\/comment-decorer-son-interieur-avec-les-sapins-de-noel-nos-conseils\/#primaryimage"},"thumbnailUrl":"https:\/\/www.mobilier-design-occasion.fr\/magazine\/wp-content\/uploads\/2023\/12\/arbre-noel-decorations-fond-lumieres-bokeh-scaled.jpg","keywords":["deco","noel","table"],"articleSection":["Tendances"],"inLanguage":"fr-FR","potentialAction":[{"@type":"CommentAction","name":"Comment","target":["https:\/\/www.mobilier-design-occasion.fr\/magazine\/comment-decorer-son-interieur-avec-les-sapins-de-noel-nos-conseils\/#respond"]}]},{"@type":"WebPage","@id":"https:\/\/www.mobilier-design-occasion.fr\/magazine\/comment-decorer-son-interieur-avec-les-sapins-de-noel-nos-conseils\/","url":"https:\/\/www.mobilier-design-occasion.fr\/magazine\/comment-decorer-son-interieur-avec-les-sapins-de-noel-nos-conseils\/","name":"Comment d\u00e9corer son int\u00e9rieur avec les sapins de No\u00ebl : nos conseils - Mobilier Design Magazine","isPartOf":{"@id":"https:\/\/www.mobilier-design-occasion.fr\/magazine\/#website"},"primaryImageOfPage":{"@id":"https:\/\/www.mobilier-design-occasion.fr\/magazine\/comment-decorer-son-interieur-avec-les-sapins-de-noel-nos-conseils\/#primaryimage"},"image":{"@id":"https:\/\/www.mobilier-design-occasion.fr\/magazine\/comment-decorer-son-interieur-avec-les-sapins-de-noel-nos-conseils\/#primaryimage"},"thumbnailUrl":"https:\/\/www.mobilier-design-occasion.fr\/magazine\/wp-content\/uploads\/2023\/12\/arbre-noel-decorations-fond-lumieres-bokeh-scaled.jpg","datePublished":"2023-12-20T09:32:30+00:00","breadcrumb":{"@id":"https:\/\/www.mobilier-design-occasion.fr\/magazine\/comment-decorer-son-interieur-avec-les-sapins-de-noel-nos-conseils\/#breadcrumb"},"inLanguage":"fr-FR","potentialAction":[{"@type":"ReadAction","target":["https:\/\/www.mobilier-design-occasion.fr\/magazine\/comment-decorer-son-interieur-avec-les-sapins-de-noel-nos-conseils\/"]}]},{"@type":"ImageObject","inLanguage":"fr-FR","@id":"https:\/\/www.mobilier-design-occasion.fr\/magazine\/comment-decorer-son-interieur-avec-les-sapins-de-noel-nos-conseils\/#primaryimage","url":"https:\/\/www.mobilier-design-occasion.fr\/magazine\/wp-content\/uploads\/2023\/12\/arbre-noel-decorations-fond-lumieres-bokeh-scaled.jpg","contentUrl":"https:\/\/www.mobilier-design-occasion.fr\/magazine\/wp-content\/uploads\/2023\/12\/arbre-noel-decorations-fond-lumieres-bokeh-scaled.jpg","width":2048,"height":1577,"caption":"Christmas tree with decorations on a bokeh lights background"},{"@type":"BreadcrumbList","@id":"https:\/\/www.mobilier-design-occasion.fr\/magazine\/comment-decorer-son-interieur-avec-les-sapins-de-noel-nos-conseils\/#breadcrumb","itemListElement":[{"@type":"ListItem","position":1,"name":"Accueil","item":"https:\/\/www.mobilier-design-occasion.fr\/magazine\/"},{"@type":"ListItem","position":2,"name":"Comment d\u00e9corer son int\u00e9rieur avec les sapins de No\u00ebl : nos conseils"}]},{"@type":"WebSite","@id":"https:\/\/www.mobilier-design-occasion.fr\/magazine\/#website","url":"https:\/\/www.mobilier-design-occasion.fr\/magazine\/","name":"Mobilier Design Magazine","description":"","publisher":{"@id":"https:\/\/www.mobilier-design-occasion.fr\/magazine\/#organization"},"potentialAction":[{"@type":"SearchAction","target":{"@type":"EntryPoint","urlTemplate":"https:\/\/www.mobilier-design-occasion.fr\/magazine\/?s={search_term_string}"},"query-input":{"@type":"PropertyValueSpecification","valueRequired":true,"valueName":"search_term_string"}}],"inLanguage":"fr-FR"},{"@type":"Organization","@id":"https:\/\/www.mobilier-design-occasion.fr\/magazine\/#organization","name":"Mobilier Design Magazine","url":"https:\/\/www.mobilier-design-occasion.fr\/magazine\/","logo":{"@type":"ImageObject","inLanguage":"fr-FR","@id":"https:\/\/www.mobilier-design-occasion.fr\/magazine\/#\/schema\/logo\/image\/","url":"https:\/\/www.mobilier-design-occasion.fr\/magazine\/wp-content\/uploads\/2024\/02\/android-chrome-192x192-1.png","contentUrl":"https:\/\/www.mobilier-design-occasion.fr\/magazine\/wp-content\/uploads\/2024\/02\/android-chrome-192x192-1.png","width":192,"height":192,"caption":"Mobilier Design Magazine"},"image":{"@id":"https:\/\/www.mobilier-design-occasion.fr\/magazine\/#\/schema\/logo\/image\/"},"sameAs":["https:\/\/www.facebook.com\/mobilierdesignoccasion"]},{"@type":"Person","@id":"https:\/\/www.mobilier-design-occasion.fr\/magazine\/#\/schema\/person\/af895bedc80bfb6b17730a672fddac9e","name":"Vincent Vandegans","image":{"@type":"ImageObject","inLanguage":"fr-FR","@id":"https:\/\/secure.gravatar.com\/avatar\/b984800dabdf722d5e3f03f637c8932dea77d81118467d17ad2953e3b273ec66?s=96&d=mm&r=g","url":"https:\/\/secure.gravatar.com\/avatar\/b984800dabdf722d5e3f03f637c8932dea77d81118467d17ad2953e3b273ec66?s=96&d=mm&r=g","contentUrl":"https:\/\/secure.gravatar.com\/avatar\/b984800dabdf722d5e3f03f637c8932dea77d81118467d17ad2953e3b273ec66?s=96&d=mm&r=g","caption":"Vincent Vandegans"},"description":"Vincent est passionn\u00e9 par les produits d'occasion, il a ouvert le site MDO avec Cyrielle pour aider les gens \u00e0 trouver du mobilier d'occasion, vintage ou usag\u00e9. Depuis, ils ont \u00e9tendu leurs activit\u00e9s et conseillent tout le monde sur le mobilier d'int\u00e9rieur et d'ext\u00e9rieur au quotidien \u00e0 travers le magazine MDO.","url":"https:\/\/www.mobilier-design-occasion.fr\/magazine\/author\/vincent\/"}]}},"_links":{"self":[{"href":"https:\/\/www.mobilier-design-occasion.fr\/magazine\/wp-json\/wp\/v2\/posts\/7423","targetHints":{"allow":["GET"]}}],"collection":[{"href":"https:\/\/www.mobilier-design-occasion.fr\/magazine\/wp-json\/wp\/v2\/posts"}],"about":[{"href":"https:\/\/www.mobilier-design-occasion.fr\/magazine\/wp-json\/wp\/v2\/types\/post"}],"author":[{"embeddable":true,"href":"https:\/\/www.mobilier-design-occasion.fr\/magazine\/wp-json\/wp\/v2\/users\/2"}],"replies":[{"embeddable":true,"href":"https:\/\/www.mobilier-design-occasion.fr\/magazine\/wp-json\/wp\/v2\/comments?post=7423"}],"version-history":[{"count":1,"href":"https:\/\/www.mobilier-design-occasion.fr\/magazine\/wp-json\/wp\/v2\/posts\/7423\/revisions"}],"predecessor-version":[{"id":7425,"href":"https:\/\/www.mobilier-design-occasion.fr\/magazine\/wp-json\/wp\/v2\/posts\/7423\/revisions\/7425"}],"wp:featuredmedia":[{"embeddable":true,"href":"https:\/\/www.mobilier-design-occasion.fr\/magazine\/wp-json\/wp\/v2\/media\/7424"}],"wp:attachment":[{"href":"https:\/\/www.mobilier-design-occasion.fr\/magazine\/wp-json\/wp\/v2\/media?parent=7423"}],"wp:term":[{"taxonomy":"category","embeddable":true,"href":"https:\/\/www.mobilier-design-occasion.fr\/magazine\/wp-json\/wp\/v2\/categories?post=7423"},{"taxonomy":"post_tag","embeddable":true,"href":"https:\/\/www.mobilier-design-occasion.fr\/magazine\/wp-json\/wp\/v2\/tags?post=7423"}],"curies":[{"name":"wp","href":"https:\/\/api.w.org\/{rel}","templated":true}]}}