{"id":7420,"date":"2023-12-21T09:29:40","date_gmt":"2023-12-21T09:29:40","guid":{"rendered":"https:\/\/www.mobilier-design-occasion.fr\/magazine\/?p=7420"},"modified":"2023-12-19T09:32:11","modified_gmt":"2023-12-19T09:32:11","slug":"comment-entretenir-vos-meubles-a-noel-pour-les-garder-comme-neufs","status":"publish","type":"post","link":"https:\/\/www.mobilier-design-occasion.fr\/magazine\/comment-entretenir-vos-meubles-a-noel-pour-les-garder-comme-neufs\/","title":{"rendered":"Comment entretenir vos meubles \u00e0 No\u00ebl pour les garder comme neufs"},"content":{"rendered":"\n<figure class=\"wp-block-image size-large\"><img loading=\"lazy\" decoding=\"async\" width=\"683\" height=\"1024\" src=\"https:\/\/www.mobilier-design-occasion.fr\/magazine\/wp-content\/uploads\/2023\/12\/personne-travaillant-meuble-bois-683x1024.jpg\" alt=\"\" class=\"wp-image-7421\" srcset=\"https:\/\/www.mobilier-design-occasion.fr\/magazine\/wp-content\/uploads\/2023\/12\/personne-travaillant-meuble-bois-683x1024.jpg 683w, https:\/\/www.mobilier-design-occasion.fr\/magazine\/wp-content\/uploads\/2023\/12\/personne-travaillant-meuble-bois-200x300.jpg 200w, https:\/\/www.mobilier-design-occasion.fr\/magazine\/wp-content\/uploads\/2023\/12\/personne-travaillant-meuble-bois-768x1152.jpg 768w, https:\/\/www.mobilier-design-occasion.fr\/magazine\/wp-content\/uploads\/2023\/12\/personne-travaillant-meuble-bois-1024x1536.jpg 1024w, https:\/\/www.mobilier-design-occasion.fr\/magazine\/wp-content\/uploads\/2023\/12\/personne-travaillant-meuble-bois-scaled.jpg 1365w, https:\/\/www.mobilier-design-occasion.fr\/magazine\/wp-content\/uploads\/2023\/12\/personne-travaillant-meuble-bois-810x1215.jpg 810w, https:\/\/www.mobilier-design-occasion.fr\/magazine\/wp-content\/uploads\/2023\/12\/personne-travaillant-meuble-bois-1140x1710.jpg 1140w\" sizes=\"auto, (max-width: 683px) 100vw, 683px\" \/><\/figure>\n\n\n\n<h1 class=\"wp-block-heading\"><span class=\"ez-toc-section\" id=\"Comment_entretenir_ses_meubles_a_Noel\"><\/span><strong>Comment entretenir ses meubles \u00e0 No\u00ebl ?<\/strong><span class=\"ez-toc-section-end\"><\/span><\/h1><div id=\"ez-toc-container\" class=\"ez-toc-v2_0_82_2 counter-hierarchy ez-toc-counter ez-toc-grey ez-toc-container-direction\">\n<div class=\"ez-toc-title-container\">\n<span class=\"ez-toc-title-toggle\"><a href=\"#\" class=\"ez-toc-pull-right ez-toc-btn ez-toc-btn-xs ez-toc-btn-default ez-toc-toggle\" aria-label=\"Toggle Table of Content\"><span class=\"ez-toc-js-icon-con\"><span class=\"\"><span class=\"eztoc-hide\" style=\"display:none;\">Toggle<\/span><span class=\"ez-toc-icon-toggle-span\"><svg style=\"fill: #999;color:#999\" xmlns=\"http:\/\/www.w3.org\/2000\/svg\" class=\"list-377408\" width=\"20px\" height=\"20px\" viewBox=\"0 0 24 24\" fill=\"none\"><path d=\"M6 6H4v2h2V6zm14 0H8v2h12V6zM4 11h2v2H4v-2zm16 0H8v2h12v-2zM4 16h2v2H4v-2zm16 0H8v2h12v-2z\" fill=\"currentColor\"><\/path><\/svg><svg style=\"fill: #999;color:#999\" class=\"arrow-unsorted-368013\" xmlns=\"http:\/\/www.w3.org\/2000\/svg\" width=\"10px\" height=\"10px\" viewBox=\"0 0 24 24\" version=\"1.2\" baseProfile=\"tiny\"><path d=\"M18.2 9.3l-6.2-6.3-6.2 6.3c-.2.2-.3.4-.3.7s.1.5.3.7c.2.2.4.3.7.3h11c.3 0 .5-.1.7-.3.2-.2.3-.5.3-.7s-.1-.5-.3-.7zM5.8 14.7l6.2 6.3 6.2-6.3c.2-.2.3-.5.3-.7s-.1-.5-.3-.7c-.2-.2-.4-.3-.7-.3h-11c-.3 0-.5.1-.7.3-.2.2-.3.5-.3.7s.1.5.3.7z\"\/><\/svg><\/span><\/span><\/span><\/a><\/span><\/div>\n<nav><ul class='ez-toc-list ez-toc-list-level-1 eztoc-toggle-hide-by-default' ><li class='ez-toc-page-1 ez-toc-heading-level-1'><a class=\"ez-toc-link ez-toc-heading-1\" href=\"https:\/\/www.mobilier-design-occasion.fr\/magazine\/comment-entretenir-vos-meubles-a-noel-pour-les-garder-comme-neufs\/#Comment_entretenir_ses_meubles_a_Noel\" >Comment entretenir ses meubles \u00e0 No\u00ebl ?<\/a><ul class='ez-toc-list-level-2' ><li class='ez-toc-heading-level-2'><a class=\"ez-toc-link ez-toc-heading-2\" href=\"https:\/\/www.mobilier-design-occasion.fr\/magazine\/comment-entretenir-vos-meubles-a-noel-pour-les-garder-comme-neufs\/#Conseils_dentretien_specifiques_par_type_de_meuble\" >Conseils d&#8217;entretien sp\u00e9cifiques par type de meuble<\/a><\/li><li class='ez-toc-page-1 ez-toc-heading-level-2'><a class=\"ez-toc-link ez-toc-heading-3\" href=\"https:\/\/www.mobilier-design-occasion.fr\/magazine\/comment-entretenir-vos-meubles-a-noel-pour-les-garder-comme-neufs\/#Conseils_pour_nettoyer_les_decorations_de_Noel\" >Conseils pour nettoyer les d\u00e9corations de No\u00ebl<\/a><\/li><\/ul><\/li><\/ul><\/nav><\/div>\n\n\n\n\n<p>No\u00ebl est une p\u00e9riode de f\u00eate et de joie, mais elle peut aussi \u00eatre une p\u00e9riode difficile pour les meubles. Entre les d\u00e9corations, les repas de famille et les invit\u00e9s, vos meubles peuvent \u00eatre mis \u00e0 rude \u00e9preuve. Pour les garder en bon \u00e9tat et les faire durer le plus longtemps possible, il faut les entretenir r\u00e9guli\u00e8rement.<\/p>\n\n\n\n<p>\u00c0 lire aussi : <a href=\"https:\/\/www.mobilier-design-occasion.fr\/magazine\/fermob-occasion\/\">Le plus beau mobilier Fermob d\u2019occasion \u00e0 shopper<\/a><\/p>\n\n\n\n<h2 class=\"wp-block-heading\"><span class=\"ez-toc-section\" id=\"Conseils_dentretien_specifiques_par_type_de_meuble\"><\/span><strong>Conseils d&#8217;entretien sp\u00e9cifiques par type de meuble<\/strong><span class=\"ez-toc-section-end\"><\/span><\/h2>\n\n\n\n<p>Voici quelques conseils sp\u00e9cifiques pour entretenir vos meubles \u00e0 No\u00ebl :&nbsp;<\/p>\n\n\n\n<ul class=\"wp-block-list\">\n<li><strong>Meubles en bois<\/strong><\/li>\n<\/ul>\n\n\n\n<p>Les meubles en bois sont les plus courants dans les foyers. Pour les entretenir, il faut <strong>les nettoyer r\u00e9guli\u00e8rement avec un chiffon doux et humide<\/strong>. Vous pouvez \u00e9galement utiliser un produit d&#8217;entretien pour bois, mais veillez \u00e0 bien le rincer \u00e0 l&#8217;eau claire.<\/p>\n\n\n\n<p>Si vos meubles en bois sont vernis ou laqu\u00e9s, vous pouvez les prot\u00e9ger des rayures en appliquant une nouvelle couche de vernis ou de laque tous les deux ou trois ans.<\/p>\n\n\n\n<ul class=\"wp-block-list\">\n<li><strong>Meubles en cuir<\/strong><\/li>\n<\/ul>\n\n\n\n<p>Les meubles en cuir sont \u00e9l\u00e9gants et durables. Pour les entretenir, nettoyez-les r\u00e9guli\u00e8rement avec un chiffon doux et humide. Vous pouvez aussi utiliser un produit d&#8217;entretien pour cuir, mais veillez \u00e0 bien le rincer \u00e0 l&#8217;eau claire.<\/p>\n\n\n\n<p><strong>Si vos meubles en cuir sont tach\u00e9s, vous pouvez utiliser un d\u00e9tachant adapt\u00e9 au cuir<\/strong>.<\/p>\n\n\n\n<ul class=\"wp-block-list\">\n<li><strong>Meubles en m\u00e9tal<\/strong><\/li>\n<\/ul>\n\n\n\n<p>Les meubles en m\u00e9tal sont robustes et faciles \u00e0 entretenir. Pour les nettoyer, il suffit de les essuyer avec un chiffon doux et humide. Vous pouvez \u00e9galement <strong>utiliser un produit d&#8217;entretien pour m\u00e9tal, mais veillez \u00e0 bien le rincer \u00e0 l&#8217;eau claire.<\/strong><\/p>\n\n\n\n<ul class=\"wp-block-list\">\n<li><strong>Meubles en verre<\/strong><\/li>\n<\/ul>\n\n\n\n<p>Les meubles en verre sont \u00e9l\u00e9gants et modernes. Pour les entretenir, il suffit de les essuyer avec un chiffon doux et humide. Vous pouvez aussi utiliser un produit d&#8217;entretien pour verre, mais veillez \u00e0 bien le rincer \u00e0 l&#8217;eau claire.<\/p>\n\n\n\n<h2 class=\"wp-block-heading\"><span class=\"ez-toc-section\" id=\"Conseils_pour_nettoyer_les_decorations_de_Noel\"><\/span><strong>Conseils pour nettoyer les d\u00e9corations de No\u00ebl<\/strong><span class=\"ez-toc-section-end\"><\/span><\/h2>\n\n\n\n<p>Les <a href=\"https:\/\/www.mobilier-design-occasion.fr\/magazine\/les-plus-beaux-marches-de-noel-inconnus\/\">d\u00e9corations de No\u00ebl<\/a> peuvent \u00eatre en plastique, en verre, en bois ou en m\u00e9tal. Pour les nettoyer, il faut suivre les instructions du fabricant.<\/p>\n\n\n\n<p>En g\u00e9n\u00e9ral, vous pouvez nettoyer <strong>les d\u00e9corations en plastique et en verre avec un chiffon doux et humide<\/strong>. Vous pouvez aussi utiliser un produit d&#8217;entretien pour plastique ou pour verre.<\/p>\n\n\n\n<p>Les d\u00e9corations en bois peuvent \u00eatre nettoy\u00e9es avec un chiffon doux et humide. Vous pouvez par ailleurs utiliser un produit d&#8217;entretien pour bois.<\/p>\n\n\n\n<p>Les d\u00e9corations en m\u00e9tal peuvent \u00eatre nettoy\u00e9es avec un chiffon doux et humide. Vous pouvez \u00e9galement utiliser un produit d&#8217;entretien pour m\u00e9tal.<\/p>\n\n\n\n<p>En suivant ces conseils, vous pourrez entretenir vos meubles \u00e0 No\u00ebl et les garder comme neufs pendant de nombreuses ann\u00e9es.<\/p>\n","protected":false},"excerpt":{"rendered":"<p>Comment entretenir ses meubles \u00e0 No\u00ebl ? No\u00ebl est une p\u00e9riode de f\u00eate et de joie, mais elle peut aussi \u00eatre une p\u00e9riode difficile pour les meubles. Entre les d\u00e9corations, les repas de famille et les invit\u00e9s, vos meubles peuvent \u00eatre mis \u00e0 rude \u00e9preuve. Pour les garder en bon \u00e9tat et les faire durer [&hellip;]<\/p>\n","protected":false},"author":2,"featured_media":7421,"comment_status":"open","ping_status":"open","sticky":false,"template":"","format":"standard","meta":{"footnotes":""},"categories":[122],"tags":[198,197,166],"class_list":["post-7420","post","type-post","status-publish","format-standard","has-post-thumbnail","hentry","category-salon","tag-entretien","tag-meuble","tag-noel"],"yoast_head":"<!-- This site is optimized with the Yoast SEO plugin v27.5 - https:\/\/yoast.com\/product\/yoast-seo-wordpress\/ -->\n<title>Comment entretenir vos meubles \u00e0 No\u00ebl pour les garder comme neufs - Mobilier Design Magazine<\/title>\n<meta name=\"robots\" content=\"index, follow, max-snippet:-1, max-image-preview:large, max-video-preview:-1\" \/>\n<link rel=\"canonical\" href=\"https:\/\/www.mobilier-design-occasion.fr\/magazine\/comment-entretenir-vos-meubles-a-noel-pour-les-garder-comme-neufs\/\" \/>\n<meta property=\"og:locale\" content=\"fr_FR\" \/>\n<meta property=\"og:type\" content=\"article\" \/>\n<meta property=\"og:title\" content=\"Comment entretenir vos meubles \u00e0 No\u00ebl pour les garder comme neufs - Mobilier Design Magazine\" \/>\n<meta property=\"og:description\" content=\"Comment entretenir ses meubles \u00e0 No\u00ebl ? No\u00ebl est une p\u00e9riode de f\u00eate et de joie, mais elle peut aussi \u00eatre une p\u00e9riode difficile pour les meubles. Entre les d\u00e9corations, les repas de famille et les invit\u00e9s, vos meubles peuvent \u00eatre mis \u00e0 rude \u00e9preuve. Pour les garder en bon \u00e9tat et les faire durer [&hellip;]\" \/>\n<meta property=\"og:url\" content=\"https:\/\/www.mobilier-design-occasion.fr\/magazine\/comment-entretenir-vos-meubles-a-noel-pour-les-garder-comme-neufs\/\" \/>\n<meta property=\"og:site_name\" content=\"Mobilier Design Magazine\" \/>\n<meta property=\"article:publisher\" content=\"https:\/\/www.facebook.com\/mobilierdesignoccasion\" \/>\n<meta property=\"article:published_time\" content=\"2023-12-21T09:29:40+00:00\" \/>\n<meta property=\"og:image\" content=\"https:\/\/www.mobilier-design-occasion.fr\/magazine\/wp-content\/uploads\/2023\/12\/personne-travaillant-meuble-bois-scaled.jpg\" \/>\n\t<meta property=\"og:image:width\" content=\"1365\" \/>\n\t<meta property=\"og:image:height\" content=\"2048\" \/>\n\t<meta property=\"og:image:type\" content=\"image\/jpeg\" \/>\n<meta name=\"author\" content=\"Vincent Vandegans\" \/>\n<meta name=\"twitter:card\" content=\"summary_large_image\" \/>\n<meta name=\"twitter:label1\" content=\"\u00c9crit par\" \/>\n\t<meta name=\"twitter:data1\" content=\"Vincent Vandegans\" \/>\n\t<meta name=\"twitter:label2\" content=\"Dur\u00e9e de lecture estim\u00e9e\" \/>\n\t<meta name=\"twitter:data2\" content=\"2 minutes\" \/>\n<script type=\"application\/ld+json\" class=\"yoast-schema-graph\">{\"@context\":\"https:\\\/\\\/schema.org\",\"@graph\":[{\"@type\":\"Article\",\"@id\":\"https:\\\/\\\/www.mobilier-design-occasion.fr\\\/magazine\\\/comment-entretenir-vos-meubles-a-noel-pour-les-garder-comme-neufs\\\/#article\",\"isPartOf\":{\"@id\":\"https:\\\/\\\/www.mobilier-design-occasion.fr\\\/magazine\\\/comment-entretenir-vos-meubles-a-noel-pour-les-garder-comme-neufs\\\/\"},\"author\":{\"name\":\"Vincent Vandegans\",\"@id\":\"https:\\\/\\\/www.mobilier-design-occasion.fr\\\/magazine\\\/#\\\/schema\\\/person\\\/af895bedc80bfb6b17730a672fddac9e\"},\"headline\":\"Comment entretenir vos meubles \u00e0 No\u00ebl pour les garder comme neufs\",\"datePublished\":\"2023-12-21T09:29:40+00:00\",\"mainEntityOfPage\":{\"@id\":\"https:\\\/\\\/www.mobilier-design-occasion.fr\\\/magazine\\\/comment-entretenir-vos-meubles-a-noel-pour-les-garder-comme-neufs\\\/\"},\"wordCount\":489,\"commentCount\":0,\"publisher\":{\"@id\":\"https:\\\/\\\/www.mobilier-design-occasion.fr\\\/magazine\\\/#organization\"},\"image\":{\"@id\":\"https:\\\/\\\/www.mobilier-design-occasion.fr\\\/magazine\\\/comment-entretenir-vos-meubles-a-noel-pour-les-garder-comme-neufs\\\/#primaryimage\"},\"thumbnailUrl\":\"https:\\\/\\\/www.mobilier-design-occasion.fr\\\/magazine\\\/wp-content\\\/uploads\\\/2023\\\/12\\\/personne-travaillant-meuble-bois-scaled.jpg\",\"keywords\":[\"entretien\",\"meuble\",\"noel\"],\"articleSection\":[\"Salon\"],\"inLanguage\":\"fr-FR\",\"potentialAction\":[{\"@type\":\"CommentAction\",\"name\":\"Comment\",\"target\":[\"https:\\\/\\\/www.mobilier-design-occasion.fr\\\/magazine\\\/comment-entretenir-vos-meubles-a-noel-pour-les-garder-comme-neufs\\\/#respond\"]}]},{\"@type\":\"WebPage\",\"@id\":\"https:\\\/\\\/www.mobilier-design-occasion.fr\\\/magazine\\\/comment-entretenir-vos-meubles-a-noel-pour-les-garder-comme-neufs\\\/\",\"url\":\"https:\\\/\\\/www.mobilier-design-occasion.fr\\\/magazine\\\/comment-entretenir-vos-meubles-a-noel-pour-les-garder-comme-neufs\\\/\",\"name\":\"Comment entretenir vos meubles \u00e0 No\u00ebl pour les garder comme neufs - Mobilier Design Magazine\",\"isPartOf\":{\"@id\":\"https:\\\/\\\/www.mobilier-design-occasion.fr\\\/magazine\\\/#website\"},\"primaryImageOfPage\":{\"@id\":\"https:\\\/\\\/www.mobilier-design-occasion.fr\\\/magazine\\\/comment-entretenir-vos-meubles-a-noel-pour-les-garder-comme-neufs\\\/#primaryimage\"},\"image\":{\"@id\":\"https:\\\/\\\/www.mobilier-design-occasion.fr\\\/magazine\\\/comment-entretenir-vos-meubles-a-noel-pour-les-garder-comme-neufs\\\/#primaryimage\"},\"thumbnailUrl\":\"https:\\\/\\\/www.mobilier-design-occasion.fr\\\/magazine\\\/wp-content\\\/uploads\\\/2023\\\/12\\\/personne-travaillant-meuble-bois-scaled.jpg\",\"datePublished\":\"2023-12-21T09:29:40+00:00\",\"breadcrumb\":{\"@id\":\"https:\\\/\\\/www.mobilier-design-occasion.fr\\\/magazine\\\/comment-entretenir-vos-meubles-a-noel-pour-les-garder-comme-neufs\\\/#breadcrumb\"},\"inLanguage\":\"fr-FR\",\"potentialAction\":[{\"@type\":\"ReadAction\",\"target\":[\"https:\\\/\\\/www.mobilier-design-occasion.fr\\\/magazine\\\/comment-entretenir-vos-meubles-a-noel-pour-les-garder-comme-neufs\\\/\"]}]},{\"@type\":\"ImageObject\",\"inLanguage\":\"fr-FR\",\"@id\":\"https:\\\/\\\/www.mobilier-design-occasion.fr\\\/magazine\\\/comment-entretenir-vos-meubles-a-noel-pour-les-garder-comme-neufs\\\/#primaryimage\",\"url\":\"https:\\\/\\\/www.mobilier-design-occasion.fr\\\/magazine\\\/wp-content\\\/uploads\\\/2023\\\/12\\\/personne-travaillant-meuble-bois-scaled.jpg\",\"contentUrl\":\"https:\\\/\\\/www.mobilier-design-occasion.fr\\\/magazine\\\/wp-content\\\/uploads\\\/2023\\\/12\\\/personne-travaillant-meuble-bois-scaled.jpg\",\"width\":1365,\"height\":2048},{\"@type\":\"BreadcrumbList\",\"@id\":\"https:\\\/\\\/www.mobilier-design-occasion.fr\\\/magazine\\\/comment-entretenir-vos-meubles-a-noel-pour-les-garder-comme-neufs\\\/#breadcrumb\",\"itemListElement\":[{\"@type\":\"ListItem\",\"position\":1,\"name\":\"Accueil\",\"item\":\"https:\\\/\\\/www.mobilier-design-occasion.fr\\\/magazine\\\/\"},{\"@type\":\"ListItem\",\"position\":2,\"name\":\"Comment entretenir vos meubles \u00e0 No\u00ebl pour les garder comme neufs\"}]},{\"@type\":\"WebSite\",\"@id\":\"https:\\\/\\\/www.mobilier-design-occasion.fr\\\/magazine\\\/#website\",\"url\":\"https:\\\/\\\/www.mobilier-design-occasion.fr\\\/magazine\\\/\",\"name\":\"Mobilier Design Magazine\",\"description\":\"\",\"publisher\":{\"@id\":\"https:\\\/\\\/www.mobilier-design-occasion.fr\\\/magazine\\\/#organization\"},\"potentialAction\":[{\"@type\":\"SearchAction\",\"target\":{\"@type\":\"EntryPoint\",\"urlTemplate\":\"https:\\\/\\\/www.mobilier-design-occasion.fr\\\/magazine\\\/?s={search_term_string}\"},\"query-input\":{\"@type\":\"PropertyValueSpecification\",\"valueRequired\":true,\"valueName\":\"search_term_string\"}}],\"inLanguage\":\"fr-FR\"},{\"@type\":\"Organization\",\"@id\":\"https:\\\/\\\/www.mobilier-design-occasion.fr\\\/magazine\\\/#organization\",\"name\":\"Mobilier Design Magazine\",\"url\":\"https:\\\/\\\/www.mobilier-design-occasion.fr\\\/magazine\\\/\",\"logo\":{\"@type\":\"ImageObject\",\"inLanguage\":\"fr-FR\",\"@id\":\"https:\\\/\\\/www.mobilier-design-occasion.fr\\\/magazine\\\/#\\\/schema\\\/logo\\\/image\\\/\",\"url\":\"https:\\\/\\\/www.mobilier-design-occasion.fr\\\/magazine\\\/wp-content\\\/uploads\\\/2024\\\/02\\\/android-chrome-192x192-1.png\",\"contentUrl\":\"https:\\\/\\\/www.mobilier-design-occasion.fr\\\/magazine\\\/wp-content\\\/uploads\\\/2024\\\/02\\\/android-chrome-192x192-1.png\",\"width\":192,\"height\":192,\"caption\":\"Mobilier Design Magazine\"},\"image\":{\"@id\":\"https:\\\/\\\/www.mobilier-design-occasion.fr\\\/magazine\\\/#\\\/schema\\\/logo\\\/image\\\/\"},\"sameAs\":[\"https:\\\/\\\/www.facebook.com\\\/mobilierdesignoccasion\"]},{\"@type\":\"Person\",\"@id\":\"https:\\\/\\\/www.mobilier-design-occasion.fr\\\/magazine\\\/#\\\/schema\\\/person\\\/af895bedc80bfb6b17730a672fddac9e\",\"name\":\"Vincent Vandegans\",\"image\":{\"@type\":\"ImageObject\",\"inLanguage\":\"fr-FR\",\"@id\":\"https:\\\/\\\/secure.gravatar.com\\\/avatar\\\/b984800dabdf722d5e3f03f637c8932dea77d81118467d17ad2953e3b273ec66?s=96&d=mm&r=g\",\"url\":\"https:\\\/\\\/secure.gravatar.com\\\/avatar\\\/b984800dabdf722d5e3f03f637c8932dea77d81118467d17ad2953e3b273ec66?s=96&d=mm&r=g\",\"contentUrl\":\"https:\\\/\\\/secure.gravatar.com\\\/avatar\\\/b984800dabdf722d5e3f03f637c8932dea77d81118467d17ad2953e3b273ec66?s=96&d=mm&r=g\",\"caption\":\"Vincent Vandegans\"},\"description\":\"Vincent est passionn\u00e9 par les produits d'occasion, il a ouvert le site MDO avec Cyrielle pour aider les gens \u00e0 trouver du mobilier d'occasion, vintage ou usag\u00e9. Depuis, ils ont \u00e9tendu leurs activit\u00e9s et conseillent tout le monde sur le mobilier d'int\u00e9rieur et d'ext\u00e9rieur au quotidien \u00e0 travers le magazine MDO.\",\"url\":\"https:\\\/\\\/www.mobilier-design-occasion.fr\\\/magazine\\\/author\\\/vincent\\\/\"}]}<\/script>\n<!-- \/ Yoast SEO plugin. -->","yoast_head_json":{"title":"Comment entretenir vos meubles \u00e0 No\u00ebl pour les garder comme neufs - Mobilier Design Magazine","robots":{"index":"index","follow":"follow","max-snippet":"max-snippet:-1","max-image-preview":"max-image-preview:large","max-video-preview":"max-video-preview:-1"},"canonical":"https:\/\/www.mobilier-design-occasion.fr\/magazine\/comment-entretenir-vos-meubles-a-noel-pour-les-garder-comme-neufs\/","og_locale":"fr_FR","og_type":"article","og_title":"Comment entretenir vos meubles \u00e0 No\u00ebl pour les garder comme neufs - Mobilier Design Magazine","og_description":"Comment entretenir ses meubles \u00e0 No\u00ebl ? No\u00ebl est une p\u00e9riode de f\u00eate et de joie, mais elle peut aussi \u00eatre une p\u00e9riode difficile pour les meubles. Entre les d\u00e9corations, les repas de famille et les invit\u00e9s, vos meubles peuvent \u00eatre mis \u00e0 rude \u00e9preuve. Pour les garder en bon \u00e9tat et les faire durer [&hellip;]","og_url":"https:\/\/www.mobilier-design-occasion.fr\/magazine\/comment-entretenir-vos-meubles-a-noel-pour-les-garder-comme-neufs\/","og_site_name":"Mobilier Design Magazine","article_publisher":"https:\/\/www.facebook.com\/mobilierdesignoccasion","article_published_time":"2023-12-21T09:29:40+00:00","og_image":[{"width":1365,"height":2048,"url":"https:\/\/www.mobilier-design-occasion.fr\/magazine\/wp-content\/uploads\/2023\/12\/personne-travaillant-meuble-bois-scaled.jpg","type":"image\/jpeg"}],"author":"Vincent Vandegans","twitter_card":"summary_large_image","twitter_misc":{"\u00c9crit par":"Vincent Vandegans","Dur\u00e9e de lecture estim\u00e9e":"2 minutes"},"schema":{"@context":"https:\/\/schema.org","@graph":[{"@type":"Article","@id":"https:\/\/www.mobilier-design-occasion.fr\/magazine\/comment-entretenir-vos-meubles-a-noel-pour-les-garder-comme-neufs\/#article","isPartOf":{"@id":"https:\/\/www.mobilier-design-occasion.fr\/magazine\/comment-entretenir-vos-meubles-a-noel-pour-les-garder-comme-neufs\/"},"author":{"name":"Vincent Vandegans","@id":"https:\/\/www.mobilier-design-occasion.fr\/magazine\/#\/schema\/person\/af895bedc80bfb6b17730a672fddac9e"},"headline":"Comment entretenir vos meubles \u00e0 No\u00ebl pour les garder comme neufs","datePublished":"2023-12-21T09:29:40+00:00","mainEntityOfPage":{"@id":"https:\/\/www.mobilier-design-occasion.fr\/magazine\/comment-entretenir-vos-meubles-a-noel-pour-les-garder-comme-neufs\/"},"wordCount":489,"commentCount":0,"publisher":{"@id":"https:\/\/www.mobilier-design-occasion.fr\/magazine\/#organization"},"image":{"@id":"https:\/\/www.mobilier-design-occasion.fr\/magazine\/comment-entretenir-vos-meubles-a-noel-pour-les-garder-comme-neufs\/#primaryimage"},"thumbnailUrl":"https:\/\/www.mobilier-design-occasion.fr\/magazine\/wp-content\/uploads\/2023\/12\/personne-travaillant-meuble-bois-scaled.jpg","keywords":["entretien","meuble","noel"],"articleSection":["Salon"],"inLanguage":"fr-FR","potentialAction":[{"@type":"CommentAction","name":"Comment","target":["https:\/\/www.mobilier-design-occasion.fr\/magazine\/comment-entretenir-vos-meubles-a-noel-pour-les-garder-comme-neufs\/#respond"]}]},{"@type":"WebPage","@id":"https:\/\/www.mobilier-design-occasion.fr\/magazine\/comment-entretenir-vos-meubles-a-noel-pour-les-garder-comme-neufs\/","url":"https:\/\/www.mobilier-design-occasion.fr\/magazine\/comment-entretenir-vos-meubles-a-noel-pour-les-garder-comme-neufs\/","name":"Comment entretenir vos meubles \u00e0 No\u00ebl pour les garder comme neufs - Mobilier Design Magazine","isPartOf":{"@id":"https:\/\/www.mobilier-design-occasion.fr\/magazine\/#website"},"primaryImageOfPage":{"@id":"https:\/\/www.mobilier-design-occasion.fr\/magazine\/comment-entretenir-vos-meubles-a-noel-pour-les-garder-comme-neufs\/#primaryimage"},"image":{"@id":"https:\/\/www.mobilier-design-occasion.fr\/magazine\/comment-entretenir-vos-meubles-a-noel-pour-les-garder-comme-neufs\/#primaryimage"},"thumbnailUrl":"https:\/\/www.mobilier-design-occasion.fr\/magazine\/wp-content\/uploads\/2023\/12\/personne-travaillant-meuble-bois-scaled.jpg","datePublished":"2023-12-21T09:29:40+00:00","breadcrumb":{"@id":"https:\/\/www.mobilier-design-occasion.fr\/magazine\/comment-entretenir-vos-meubles-a-noel-pour-les-garder-comme-neufs\/#breadcrumb"},"inLanguage":"fr-FR","potentialAction":[{"@type":"ReadAction","target":["https:\/\/www.mobilier-design-occasion.fr\/magazine\/comment-entretenir-vos-meubles-a-noel-pour-les-garder-comme-neufs\/"]}]},{"@type":"ImageObject","inLanguage":"fr-FR","@id":"https:\/\/www.mobilier-design-occasion.fr\/magazine\/comment-entretenir-vos-meubles-a-noel-pour-les-garder-comme-neufs\/#primaryimage","url":"https:\/\/www.mobilier-design-occasion.fr\/magazine\/wp-content\/uploads\/2023\/12\/personne-travaillant-meuble-bois-scaled.jpg","contentUrl":"https:\/\/www.mobilier-design-occasion.fr\/magazine\/wp-content\/uploads\/2023\/12\/personne-travaillant-meuble-bois-scaled.jpg","width":1365,"height":2048},{"@type":"BreadcrumbList","@id":"https:\/\/www.mobilier-design-occasion.fr\/magazine\/comment-entretenir-vos-meubles-a-noel-pour-les-garder-comme-neufs\/#breadcrumb","itemListElement":[{"@type":"ListItem","position":1,"name":"Accueil","item":"https:\/\/www.mobilier-design-occasion.fr\/magazine\/"},{"@type":"ListItem","position":2,"name":"Comment entretenir vos meubles \u00e0 No\u00ebl pour les garder comme neufs"}]},{"@type":"WebSite","@id":"https:\/\/www.mobilier-design-occasion.fr\/magazine\/#website","url":"https:\/\/www.mobilier-design-occasion.fr\/magazine\/","name":"Mobilier Design Magazine","description":"","publisher":{"@id":"https:\/\/www.mobilier-design-occasion.fr\/magazine\/#organization"},"potentialAction":[{"@type":"SearchAction","target":{"@type":"EntryPoint","urlTemplate":"https:\/\/www.mobilier-design-occasion.fr\/magazine\/?s={search_term_string}"},"query-input":{"@type":"PropertyValueSpecification","valueRequired":true,"valueName":"search_term_string"}}],"inLanguage":"fr-FR"},{"@type":"Organization","@id":"https:\/\/www.mobilier-design-occasion.fr\/magazine\/#organization","name":"Mobilier Design Magazine","url":"https:\/\/www.mobilier-design-occasion.fr\/magazine\/","logo":{"@type":"ImageObject","inLanguage":"fr-FR","@id":"https:\/\/www.mobilier-design-occasion.fr\/magazine\/#\/schema\/logo\/image\/","url":"https:\/\/www.mobilier-design-occasion.fr\/magazine\/wp-content\/uploads\/2024\/02\/android-chrome-192x192-1.png","contentUrl":"https:\/\/www.mobilier-design-occasion.fr\/magazine\/wp-content\/uploads\/2024\/02\/android-chrome-192x192-1.png","width":192,"height":192,"caption":"Mobilier Design Magazine"},"image":{"@id":"https:\/\/www.mobilier-design-occasion.fr\/magazine\/#\/schema\/logo\/image\/"},"sameAs":["https:\/\/www.facebook.com\/mobilierdesignoccasion"]},{"@type":"Person","@id":"https:\/\/www.mobilier-design-occasion.fr\/magazine\/#\/schema\/person\/af895bedc80bfb6b17730a672fddac9e","name":"Vincent Vandegans","image":{"@type":"ImageObject","inLanguage":"fr-FR","@id":"https:\/\/secure.gravatar.com\/avatar\/b984800dabdf722d5e3f03f637c8932dea77d81118467d17ad2953e3b273ec66?s=96&d=mm&r=g","url":"https:\/\/secure.gravatar.com\/avatar\/b984800dabdf722d5e3f03f637c8932dea77d81118467d17ad2953e3b273ec66?s=96&d=mm&r=g","contentUrl":"https:\/\/secure.gravatar.com\/avatar\/b984800dabdf722d5e3f03f637c8932dea77d81118467d17ad2953e3b273ec66?s=96&d=mm&r=g","caption":"Vincent Vandegans"},"description":"Vincent est passionn\u00e9 par les produits d'occasion, il a ouvert le site MDO avec Cyrielle pour aider les gens \u00e0 trouver du mobilier d'occasion, vintage ou usag\u00e9. Depuis, ils ont \u00e9tendu leurs activit\u00e9s et conseillent tout le monde sur le mobilier d'int\u00e9rieur et d'ext\u00e9rieur au quotidien \u00e0 travers le magazine MDO.","url":"https:\/\/www.mobilier-design-occasion.fr\/magazine\/author\/vincent\/"}]}},"_links":{"self":[{"href":"https:\/\/www.mobilier-design-occasion.fr\/magazine\/wp-json\/wp\/v2\/posts\/7420","targetHints":{"allow":["GET"]}}],"collection":[{"href":"https:\/\/www.mobilier-design-occasion.fr\/magazine\/wp-json\/wp\/v2\/posts"}],"about":[{"href":"https:\/\/www.mobilier-design-occasion.fr\/magazine\/wp-json\/wp\/v2\/types\/post"}],"author":[{"embeddable":true,"href":"https:\/\/www.mobilier-design-occasion.fr\/magazine\/wp-json\/wp\/v2\/users\/2"}],"replies":[{"embeddable":true,"href":"https:\/\/www.mobilier-design-occasion.fr\/magazine\/wp-json\/wp\/v2\/comments?post=7420"}],"version-history":[{"count":1,"href":"https:\/\/www.mobilier-design-occasion.fr\/magazine\/wp-json\/wp\/v2\/posts\/7420\/revisions"}],"predecessor-version":[{"id":7422,"href":"https:\/\/www.mobilier-design-occasion.fr\/magazine\/wp-json\/wp\/v2\/posts\/7420\/revisions\/7422"}],"wp:featuredmedia":[{"embeddable":true,"href":"https:\/\/www.mobilier-design-occasion.fr\/magazine\/wp-json\/wp\/v2\/media\/7421"}],"wp:attachment":[{"href":"https:\/\/www.mobilier-design-occasion.fr\/magazine\/wp-json\/wp\/v2\/media?parent=7420"}],"wp:term":[{"taxonomy":"category","embeddable":true,"href":"https:\/\/www.mobilier-design-occasion.fr\/magazine\/wp-json\/wp\/v2\/categories?post=7420"},{"taxonomy":"post_tag","embeddable":true,"href":"https:\/\/www.mobilier-design-occasion.fr\/magazine\/wp-json\/wp\/v2\/tags?post=7420"}],"curies":[{"name":"wp","href":"https:\/\/api.w.org\/{rel}","templated":true}]}}