{"id":7417,"date":"2023-12-20T09:27:46","date_gmt":"2023-12-20T09:27:46","guid":{"rendered":"https:\/\/www.mobilier-design-occasion.fr\/magazine\/?p=7417"},"modified":"2023-12-19T09:29:24","modified_gmt":"2023-12-19T09:29:24","slug":"mobilier-vintage-les-styles-les-plus-prises","status":"publish","type":"post","link":"https:\/\/www.mobilier-design-occasion.fr\/magazine\/mobilier-vintage-les-styles-les-plus-prises\/","title":{"rendered":"Mobilier vintage : Les styles les plus pris\u00e9s"},"content":{"rendered":"\n<figure class=\"wp-block-image size-large\"><img loading=\"lazy\" decoding=\"async\" width=\"1024\" height=\"412\" src=\"https:\/\/www.mobilier-design-occasion.fr\/magazine\/wp-content\/uploads\/2023\/12\/vintage-mobilier-styles-1024x412.png\" alt=\"\" class=\"wp-image-7418\" srcset=\"https:\/\/www.mobilier-design-occasion.fr\/magazine\/wp-content\/uploads\/2023\/12\/vintage-mobilier-styles-1024x412.png 1024w, https:\/\/www.mobilier-design-occasion.fr\/magazine\/wp-content\/uploads\/2023\/12\/vintage-mobilier-styles-300x121.png 300w, https:\/\/www.mobilier-design-occasion.fr\/magazine\/wp-content\/uploads\/2023\/12\/vintage-mobilier-styles-768x309.png 768w, https:\/\/www.mobilier-design-occasion.fr\/magazine\/wp-content\/uploads\/2023\/12\/vintage-mobilier-styles-810x326.png 810w, https:\/\/www.mobilier-design-occasion.fr\/magazine\/wp-content\/uploads\/2023\/12\/vintage-mobilier-styles-1140x459.png 1140w, https:\/\/www.mobilier-design-occasion.fr\/magazine\/wp-content\/uploads\/2023\/12\/vintage-mobilier-styles.png 1521w\" sizes=\"auto, (max-width: 1024px) 100vw, 1024px\" \/><\/figure>\n\n\n\n<h1 class=\"wp-block-heading\"><span class=\"ez-toc-section\" id=\"Les_styles_de_mobilier_vintage_les_plus_populaires\"><\/span>Les styles de mobilier vintage les plus populaires<span class=\"ez-toc-section-end\"><\/span><\/h1><div id=\"ez-toc-container\" class=\"ez-toc-v2_0_82_2 counter-hierarchy ez-toc-counter ez-toc-grey ez-toc-container-direction\">\n<div class=\"ez-toc-title-container\">\n<span class=\"ez-toc-title-toggle\"><a href=\"#\" class=\"ez-toc-pull-right ez-toc-btn ez-toc-btn-xs ez-toc-btn-default ez-toc-toggle\" aria-label=\"Toggle Table of Content\"><span class=\"ez-toc-js-icon-con\"><span class=\"\"><span class=\"eztoc-hide\" style=\"display:none;\">Toggle<\/span><span class=\"ez-toc-icon-toggle-span\"><svg style=\"fill: #999;color:#999\" xmlns=\"http:\/\/www.w3.org\/2000\/svg\" class=\"list-377408\" width=\"20px\" height=\"20px\" viewBox=\"0 0 24 24\" fill=\"none\"><path d=\"M6 6H4v2h2V6zm14 0H8v2h12V6zM4 11h2v2H4v-2zm16 0H8v2h12v-2zM4 16h2v2H4v-2zm16 0H8v2h12v-2z\" fill=\"currentColor\"><\/path><\/svg><svg style=\"fill: #999;color:#999\" class=\"arrow-unsorted-368013\" xmlns=\"http:\/\/www.w3.org\/2000\/svg\" width=\"10px\" height=\"10px\" viewBox=\"0 0 24 24\" version=\"1.2\" baseProfile=\"tiny\"><path d=\"M18.2 9.3l-6.2-6.3-6.2 6.3c-.2.2-.3.4-.3.7s.1.5.3.7c.2.2.4.3.7.3h11c.3 0 .5-.1.7-.3.2-.2.3-.5.3-.7s-.1-.5-.3-.7zM5.8 14.7l6.2 6.3 6.2-6.3c.2-.2.3-.5.3-.7s-.1-.5-.3-.7c-.2-.2-.4-.3-.7-.3h-11c-.3 0-.5.1-.7.3-.2.2-.3.5-.3.7s.1.5.3.7z\"\/><\/svg><\/span><\/span><\/span><\/a><\/span><\/div>\n<nav><ul class='ez-toc-list ez-toc-list-level-1 eztoc-toggle-hide-by-default' ><li class='ez-toc-page-1 ez-toc-heading-level-1'><a class=\"ez-toc-link ez-toc-heading-1\" href=\"https:\/\/www.mobilier-design-occasion.fr\/magazine\/mobilier-vintage-les-styles-les-plus-prises\/#Les_styles_de_mobilier_vintage_les_plus_populaires\" >Les styles de mobilier vintage les plus populaires<\/a><ul class='ez-toc-list-level-2' ><li class='ez-toc-heading-level-2'><a class=\"ez-toc-link ez-toc-heading-2\" href=\"https:\/\/www.mobilier-design-occasion.fr\/magazine\/mobilier-vintage-les-styles-les-plus-prises\/#Mid-Century_moderne\" >Mid-Century moderne&nbsp;<\/a><\/li><li class='ez-toc-page-1 ez-toc-heading-level-2'><a class=\"ez-toc-link ez-toc-heading-3\" href=\"https:\/\/www.mobilier-design-occasion.fr\/magazine\/mobilier-vintage-les-styles-les-plus-prises\/#Art_deco\" >Art d\u00e9co&nbsp;<\/a><\/li><li class='ez-toc-page-1 ez-toc-heading-level-2'><a class=\"ez-toc-link ez-toc-heading-4\" href=\"https:\/\/www.mobilier-design-occasion.fr\/magazine\/mobilier-vintage-les-styles-les-plus-prises\/#Style_industriel\" >Style industriel&nbsp;<\/a><\/li><\/ul><\/li><\/ul><\/nav><\/div>\n\n\n\n\n<p>Le mobilier vintage \u00e9voque un charme intemporel et une esth\u00e9tique nostalgique qui captivent les amateurs de design d\u2019int\u00e9rieur. Les divers styles de mobilier vintage offrent une d\u00e9couverte de l\u2019histoire du design, allant des ann\u00e9es r\u00e9tro des ann\u00e9es 50 aux silhouettes \u00e9l\u00e9gantes des ann\u00e9es 70.&nbsp;<\/p>\n\n\n\n<h2 class=\"wp-block-heading\"><span class=\"ez-toc-section\" id=\"Mid-Century_moderne\"><\/span>Mid-Century moderne&nbsp;<span class=\"ez-toc-section-end\"><\/span><\/h2>\n\n\n\n<p>Le style Mid-Century Moderne, apparu dans les <strong>ann\u00e9es 50 et 60<\/strong>, incarne une fusion harmonieuse entre fonctionnalit\u00e9 et \u00e9l\u00e9gance. Ses lignes \u00e9pur\u00e9es, ses mat\u00e9riaux organiques et ses formes g\u00e9om\u00e9triques restent une source d\u2019inspiration majeure pour les <strong>cr\u00e9ateurs contemporains<\/strong>. Les ic\u00f4nes telles que les fauteuils Eames ou les cr\u00e9ations de designers comme Arne Jacobsen ont marqu\u00e9 cette \u00e8re et continuent \u00e0 influencer le <strong>design moderne<\/strong>.<\/p>\n\n\n\n<p>\u00c0 lire : <a href=\"https:\/\/www.mobilier-design-occasion.fr\/magazine\/meubles-vintage-pour-une-decoration-interieure-intemporelle\/\">Meubles vintage: pour une d\u00e9coration int\u00e9rieure intemporelle<\/a><\/p>\n\n\n\n<h2 class=\"wp-block-heading\"><span class=\"ez-toc-section\" id=\"Art_deco\"><\/span>Art d\u00e9co&nbsp;<span class=\"ez-toc-section-end\"><\/span><\/h2>\n\n\n\n<p>L\u2019Art D\u00e9co, n\u00e9 dans les <strong>ann\u00e9es 20 et 30<\/strong>, c\u00e9l\u00e8bre le luxe, l\u2019opulence et l\u2019\u00e9l\u00e9gance. Ce style se distingue par ses motifs g\u00e9om\u00e9triques, ses mat\u00e9riaux luxueux tels que&nbsp;<\/p>\n\n\n\n<ul class=\"wp-block-list\">\n<li>Le marbre<\/li>\n\n\n\n<li>Le laiton&nbsp;<\/li>\n\n\n\n<li>Le velours<\/li>\n<\/ul>\n\n\n\n<p>Des <strong>pi\u00e8ces embl\u00e9matiques <\/strong>comme les buffets incurv\u00e9s, les tables basses avec des incrustations de nacre et les luminaires au design g\u00e9om\u00e9trique incarnent la grandeur et la sophistication de l\u2019\u00e8re Art D\u00e9co.<\/p>\n\n\n\n<p>D\u00e9couvrez aussi : <a href=\"https:\/\/www.mobilier-design-occasion.fr\/magazine\/le-petit-lexique-du-mobilier-design\/\">Le petit lexique du mobilier design<\/a><\/p>\n\n\n\n<h2 class=\"wp-block-heading\"><span class=\"ez-toc-section\" id=\"Style_industriel\"><\/span>Style industriel&nbsp;<span class=\"ez-toc-section-end\"><\/span><\/h2>\n\n\n\n<p>Le style industriel, inspir\u00e9 des anciens entrep\u00f4ts et usines, met en valeur la robustesse des mat\u00e9riaux bruts tels que&nbsp;<\/p>\n\n\n\n<ul class=\"wp-block-list\">\n<li>Le m\u00e9tal<\/li>\n\n\n\n<li>Le bois recycl\u00e9&nbsp;<\/li>\n\n\n\n<li>Le cuir vieilli<\/li>\n<\/ul>\n\n\n\n<p>Apparu \u00e0 la fin du <strong>20\u1d49 si\u00e8cle<\/strong>, ce style se caract\u00e9rise par son aspect robuste et minimaliste, avec des pi\u00e8ces souvent fonctionnelles et audacieuses. Les lampes suspendues en m\u00e9tal, les \u00e9tag\u00e8res en acier et les tables en bois massif rappellent l\u2019authenticit\u00e9 des anciens <strong>espaces industriels<\/strong>.<\/p>\n\n\n\n<p>Le style boh\u00e8me&nbsp;<\/p>\n\n\n\n<p>Le style boh\u00e8me, libre et excentrique, puise son inspiration dans diverses cultures et \u00e9poques. Il m\u00e9lange des meubles aux couleurs vives, des textiles ethniques, des tapis berb\u00e8res, des coussins en patchwork et des plantes luxuriantes pour cr\u00e9er une ambiance chaleureuse et accueillante. C\u2019est un style qui encourage la cr\u00e9ativit\u00e9 et l\u2019expression personnelle, offrant une libert\u00e9 totale dans la d\u00e9coration int\u00e9rieure.<\/p>\n\n\n\n<p>Retrouvez \u00e9galement sur notre site : <a href=\"https:\/\/www.mobilier-design-occasion.fr\/magazine\/les-tendances-en-matiere-de-mobilier-scandinave-pour-2023\/\">Les tendances en mati\u00e8re de mobilier scandinave pour 2023<\/a><\/p>\n","protected":false},"excerpt":{"rendered":"<p>Les styles de mobilier vintage les plus populaires Le mobilier vintage \u00e9voque un charme intemporel et une esth\u00e9tique nostalgique qui captivent les amateurs de design d\u2019int\u00e9rieur. Les divers styles de mobilier vintage offrent une d\u00e9couverte de l\u2019histoire du design, allant des ann\u00e9es r\u00e9tro des ann\u00e9es 50 aux silhouettes \u00e9l\u00e9gantes des ann\u00e9es 70.&nbsp; Mid-Century moderne&nbsp; Le [&hellip;]<\/p>\n","protected":false},"author":2,"featured_media":7418,"comment_status":"open","ping_status":"open","sticky":false,"template":"","format":"standard","meta":{"footnotes":""},"categories":[2],"tags":[186,133],"class_list":["post-7417","post","type-post","status-publish","format-standard","has-post-thumbnail","hentry","category-tendances","tag-table","tag-vintage"],"yoast_head":"<!-- This site is optimized with the Yoast SEO plugin v27.5 - https:\/\/yoast.com\/product\/yoast-seo-wordpress\/ -->\n<title>Mobilier vintage : Les styles les plus pris\u00e9s - Mobilier Design Magazine<\/title>\n<meta name=\"robots\" content=\"index, follow, max-snippet:-1, max-image-preview:large, max-video-preview:-1\" \/>\n<link rel=\"canonical\" href=\"https:\/\/www.mobilier-design-occasion.fr\/magazine\/mobilier-vintage-les-styles-les-plus-prises\/\" \/>\n<meta property=\"og:locale\" content=\"fr_FR\" \/>\n<meta property=\"og:type\" content=\"article\" \/>\n<meta property=\"og:title\" content=\"Mobilier vintage : Les styles les plus pris\u00e9s - Mobilier Design Magazine\" \/>\n<meta property=\"og:description\" content=\"Les styles de mobilier vintage les plus populaires Le mobilier vintage \u00e9voque un charme intemporel et une esth\u00e9tique nostalgique qui captivent les amateurs de design d\u2019int\u00e9rieur. Les divers styles de mobilier vintage offrent une d\u00e9couverte de l\u2019histoire du design, allant des ann\u00e9es r\u00e9tro des ann\u00e9es 50 aux silhouettes \u00e9l\u00e9gantes des ann\u00e9es 70.&nbsp; Mid-Century moderne&nbsp; Le [&hellip;]\" \/>\n<meta property=\"og:url\" content=\"https:\/\/www.mobilier-design-occasion.fr\/magazine\/mobilier-vintage-les-styles-les-plus-prises\/\" \/>\n<meta property=\"og:site_name\" content=\"Mobilier Design Magazine\" \/>\n<meta property=\"article:publisher\" content=\"https:\/\/www.facebook.com\/mobilierdesignoccasion\" \/>\n<meta property=\"article:published_time\" content=\"2023-12-20T09:27:46+00:00\" \/>\n<meta property=\"og:image\" content=\"https:\/\/www.mobilier-design-occasion.fr\/magazine\/wp-content\/uploads\/2023\/12\/vintage-mobilier-styles.png\" \/>\n\t<meta property=\"og:image:width\" content=\"1521\" \/>\n\t<meta property=\"og:image:height\" content=\"612\" \/>\n\t<meta property=\"og:image:type\" content=\"image\/png\" \/>\n<meta name=\"author\" content=\"Vincent Vandegans\" \/>\n<meta name=\"twitter:card\" content=\"summary_large_image\" \/>\n<meta name=\"twitter:label1\" content=\"\u00c9crit par\" \/>\n\t<meta name=\"twitter:data1\" content=\"Vincent Vandegans\" \/>\n\t<meta name=\"twitter:label2\" content=\"Dur\u00e9e de lecture estim\u00e9e\" \/>\n\t<meta name=\"twitter:data2\" content=\"2 minutes\" \/>\n<script type=\"application\/ld+json\" class=\"yoast-schema-graph\">{\"@context\":\"https:\\\/\\\/schema.org\",\"@graph\":[{\"@type\":\"Article\",\"@id\":\"https:\\\/\\\/www.mobilier-design-occasion.fr\\\/magazine\\\/mobilier-vintage-les-styles-les-plus-prises\\\/#article\",\"isPartOf\":{\"@id\":\"https:\\\/\\\/www.mobilier-design-occasion.fr\\\/magazine\\\/mobilier-vintage-les-styles-les-plus-prises\\\/\"},\"author\":{\"name\":\"Vincent Vandegans\",\"@id\":\"https:\\\/\\\/www.mobilier-design-occasion.fr\\\/magazine\\\/#\\\/schema\\\/person\\\/af895bedc80bfb6b17730a672fddac9e\"},\"headline\":\"Mobilier vintage : Les styles les plus pris\u00e9s\",\"datePublished\":\"2023-12-20T09:27:46+00:00\",\"mainEntityOfPage\":{\"@id\":\"https:\\\/\\\/www.mobilier-design-occasion.fr\\\/magazine\\\/mobilier-vintage-les-styles-les-plus-prises\\\/\"},\"wordCount\":421,\"commentCount\":0,\"publisher\":{\"@id\":\"https:\\\/\\\/www.mobilier-design-occasion.fr\\\/magazine\\\/#organization\"},\"image\":{\"@id\":\"https:\\\/\\\/www.mobilier-design-occasion.fr\\\/magazine\\\/mobilier-vintage-les-styles-les-plus-prises\\\/#primaryimage\"},\"thumbnailUrl\":\"https:\\\/\\\/www.mobilier-design-occasion.fr\\\/magazine\\\/wp-content\\\/uploads\\\/2023\\\/12\\\/vintage-mobilier-styles.png\",\"keywords\":[\"table\",\"Vintage\"],\"articleSection\":[\"Tendances\"],\"inLanguage\":\"fr-FR\",\"potentialAction\":[{\"@type\":\"CommentAction\",\"name\":\"Comment\",\"target\":[\"https:\\\/\\\/www.mobilier-design-occasion.fr\\\/magazine\\\/mobilier-vintage-les-styles-les-plus-prises\\\/#respond\"]}]},{\"@type\":\"WebPage\",\"@id\":\"https:\\\/\\\/www.mobilier-design-occasion.fr\\\/magazine\\\/mobilier-vintage-les-styles-les-plus-prises\\\/\",\"url\":\"https:\\\/\\\/www.mobilier-design-occasion.fr\\\/magazine\\\/mobilier-vintage-les-styles-les-plus-prises\\\/\",\"name\":\"Mobilier vintage : Les styles les plus pris\u00e9s - Mobilier Design Magazine\",\"isPartOf\":{\"@id\":\"https:\\\/\\\/www.mobilier-design-occasion.fr\\\/magazine\\\/#website\"},\"primaryImageOfPage\":{\"@id\":\"https:\\\/\\\/www.mobilier-design-occasion.fr\\\/magazine\\\/mobilier-vintage-les-styles-les-plus-prises\\\/#primaryimage\"},\"image\":{\"@id\":\"https:\\\/\\\/www.mobilier-design-occasion.fr\\\/magazine\\\/mobilier-vintage-les-styles-les-plus-prises\\\/#primaryimage\"},\"thumbnailUrl\":\"https:\\\/\\\/www.mobilier-design-occasion.fr\\\/magazine\\\/wp-content\\\/uploads\\\/2023\\\/12\\\/vintage-mobilier-styles.png\",\"datePublished\":\"2023-12-20T09:27:46+00:00\",\"breadcrumb\":{\"@id\":\"https:\\\/\\\/www.mobilier-design-occasion.fr\\\/magazine\\\/mobilier-vintage-les-styles-les-plus-prises\\\/#breadcrumb\"},\"inLanguage\":\"fr-FR\",\"potentialAction\":[{\"@type\":\"ReadAction\",\"target\":[\"https:\\\/\\\/www.mobilier-design-occasion.fr\\\/magazine\\\/mobilier-vintage-les-styles-les-plus-prises\\\/\"]}]},{\"@type\":\"ImageObject\",\"inLanguage\":\"fr-FR\",\"@id\":\"https:\\\/\\\/www.mobilier-design-occasion.fr\\\/magazine\\\/mobilier-vintage-les-styles-les-plus-prises\\\/#primaryimage\",\"url\":\"https:\\\/\\\/www.mobilier-design-occasion.fr\\\/magazine\\\/wp-content\\\/uploads\\\/2023\\\/12\\\/vintage-mobilier-styles.png\",\"contentUrl\":\"https:\\\/\\\/www.mobilier-design-occasion.fr\\\/magazine\\\/wp-content\\\/uploads\\\/2023\\\/12\\\/vintage-mobilier-styles.png\",\"width\":1521,\"height\":612},{\"@type\":\"BreadcrumbList\",\"@id\":\"https:\\\/\\\/www.mobilier-design-occasion.fr\\\/magazine\\\/mobilier-vintage-les-styles-les-plus-prises\\\/#breadcrumb\",\"itemListElement\":[{\"@type\":\"ListItem\",\"position\":1,\"name\":\"Accueil\",\"item\":\"https:\\\/\\\/www.mobilier-design-occasion.fr\\\/magazine\\\/\"},{\"@type\":\"ListItem\",\"position\":2,\"name\":\"Mobilier vintage : Les styles les plus pris\u00e9s\"}]},{\"@type\":\"WebSite\",\"@id\":\"https:\\\/\\\/www.mobilier-design-occasion.fr\\\/magazine\\\/#website\",\"url\":\"https:\\\/\\\/www.mobilier-design-occasion.fr\\\/magazine\\\/\",\"name\":\"Mobilier Design Magazine\",\"description\":\"\",\"publisher\":{\"@id\":\"https:\\\/\\\/www.mobilier-design-occasion.fr\\\/magazine\\\/#organization\"},\"potentialAction\":[{\"@type\":\"SearchAction\",\"target\":{\"@type\":\"EntryPoint\",\"urlTemplate\":\"https:\\\/\\\/www.mobilier-design-occasion.fr\\\/magazine\\\/?s={search_term_string}\"},\"query-input\":{\"@type\":\"PropertyValueSpecification\",\"valueRequired\":true,\"valueName\":\"search_term_string\"}}],\"inLanguage\":\"fr-FR\"},{\"@type\":\"Organization\",\"@id\":\"https:\\\/\\\/www.mobilier-design-occasion.fr\\\/magazine\\\/#organization\",\"name\":\"Mobilier Design Magazine\",\"url\":\"https:\\\/\\\/www.mobilier-design-occasion.fr\\\/magazine\\\/\",\"logo\":{\"@type\":\"ImageObject\",\"inLanguage\":\"fr-FR\",\"@id\":\"https:\\\/\\\/www.mobilier-design-occasion.fr\\\/magazine\\\/#\\\/schema\\\/logo\\\/image\\\/\",\"url\":\"https:\\\/\\\/www.mobilier-design-occasion.fr\\\/magazine\\\/wp-content\\\/uploads\\\/2024\\\/02\\\/android-chrome-192x192-1.png\",\"contentUrl\":\"https:\\\/\\\/www.mobilier-design-occasion.fr\\\/magazine\\\/wp-content\\\/uploads\\\/2024\\\/02\\\/android-chrome-192x192-1.png\",\"width\":192,\"height\":192,\"caption\":\"Mobilier Design Magazine\"},\"image\":{\"@id\":\"https:\\\/\\\/www.mobilier-design-occasion.fr\\\/magazine\\\/#\\\/schema\\\/logo\\\/image\\\/\"},\"sameAs\":[\"https:\\\/\\\/www.facebook.com\\\/mobilierdesignoccasion\"]},{\"@type\":\"Person\",\"@id\":\"https:\\\/\\\/www.mobilier-design-occasion.fr\\\/magazine\\\/#\\\/schema\\\/person\\\/af895bedc80bfb6b17730a672fddac9e\",\"name\":\"Vincent Vandegans\",\"image\":{\"@type\":\"ImageObject\",\"inLanguage\":\"fr-FR\",\"@id\":\"https:\\\/\\\/secure.gravatar.com\\\/avatar\\\/b984800dabdf722d5e3f03f637c8932dea77d81118467d17ad2953e3b273ec66?s=96&d=mm&r=g\",\"url\":\"https:\\\/\\\/secure.gravatar.com\\\/avatar\\\/b984800dabdf722d5e3f03f637c8932dea77d81118467d17ad2953e3b273ec66?s=96&d=mm&r=g\",\"contentUrl\":\"https:\\\/\\\/secure.gravatar.com\\\/avatar\\\/b984800dabdf722d5e3f03f637c8932dea77d81118467d17ad2953e3b273ec66?s=96&d=mm&r=g\",\"caption\":\"Vincent Vandegans\"},\"description\":\"Vincent est passionn\u00e9 par les produits d'occasion, il a ouvert le site MDO avec Cyrielle pour aider les gens \u00e0 trouver du mobilier d'occasion, vintage ou usag\u00e9. Depuis, ils ont \u00e9tendu leurs activit\u00e9s et conseillent tout le monde sur le mobilier d'int\u00e9rieur et d'ext\u00e9rieur au quotidien \u00e0 travers le magazine MDO.\",\"url\":\"https:\\\/\\\/www.mobilier-design-occasion.fr\\\/magazine\\\/author\\\/vincent\\\/\"}]}<\/script>\n<!-- \/ Yoast SEO plugin. -->","yoast_head_json":{"title":"Mobilier vintage : Les styles les plus pris\u00e9s - Mobilier Design Magazine","robots":{"index":"index","follow":"follow","max-snippet":"max-snippet:-1","max-image-preview":"max-image-preview:large","max-video-preview":"max-video-preview:-1"},"canonical":"https:\/\/www.mobilier-design-occasion.fr\/magazine\/mobilier-vintage-les-styles-les-plus-prises\/","og_locale":"fr_FR","og_type":"article","og_title":"Mobilier vintage : Les styles les plus pris\u00e9s - Mobilier Design Magazine","og_description":"Les styles de mobilier vintage les plus populaires Le mobilier vintage \u00e9voque un charme intemporel et une esth\u00e9tique nostalgique qui captivent les amateurs de design d\u2019int\u00e9rieur. Les divers styles de mobilier vintage offrent une d\u00e9couverte de l\u2019histoire du design, allant des ann\u00e9es r\u00e9tro des ann\u00e9es 50 aux silhouettes \u00e9l\u00e9gantes des ann\u00e9es 70.&nbsp; Mid-Century moderne&nbsp; Le [&hellip;]","og_url":"https:\/\/www.mobilier-design-occasion.fr\/magazine\/mobilier-vintage-les-styles-les-plus-prises\/","og_site_name":"Mobilier Design Magazine","article_publisher":"https:\/\/www.facebook.com\/mobilierdesignoccasion","article_published_time":"2023-12-20T09:27:46+00:00","og_image":[{"width":1521,"height":612,"url":"https:\/\/www.mobilier-design-occasion.fr\/magazine\/wp-content\/uploads\/2023\/12\/vintage-mobilier-styles.png","type":"image\/png"}],"author":"Vincent Vandegans","twitter_card":"summary_large_image","twitter_misc":{"\u00c9crit par":"Vincent Vandegans","Dur\u00e9e de lecture estim\u00e9e":"2 minutes"},"schema":{"@context":"https:\/\/schema.org","@graph":[{"@type":"Article","@id":"https:\/\/www.mobilier-design-occasion.fr\/magazine\/mobilier-vintage-les-styles-les-plus-prises\/#article","isPartOf":{"@id":"https:\/\/www.mobilier-design-occasion.fr\/magazine\/mobilier-vintage-les-styles-les-plus-prises\/"},"author":{"name":"Vincent Vandegans","@id":"https:\/\/www.mobilier-design-occasion.fr\/magazine\/#\/schema\/person\/af895bedc80bfb6b17730a672fddac9e"},"headline":"Mobilier vintage : Les styles les plus pris\u00e9s","datePublished":"2023-12-20T09:27:46+00:00","mainEntityOfPage":{"@id":"https:\/\/www.mobilier-design-occasion.fr\/magazine\/mobilier-vintage-les-styles-les-plus-prises\/"},"wordCount":421,"commentCount":0,"publisher":{"@id":"https:\/\/www.mobilier-design-occasion.fr\/magazine\/#organization"},"image":{"@id":"https:\/\/www.mobilier-design-occasion.fr\/magazine\/mobilier-vintage-les-styles-les-plus-prises\/#primaryimage"},"thumbnailUrl":"https:\/\/www.mobilier-design-occasion.fr\/magazine\/wp-content\/uploads\/2023\/12\/vintage-mobilier-styles.png","keywords":["table","Vintage"],"articleSection":["Tendances"],"inLanguage":"fr-FR","potentialAction":[{"@type":"CommentAction","name":"Comment","target":["https:\/\/www.mobilier-design-occasion.fr\/magazine\/mobilier-vintage-les-styles-les-plus-prises\/#respond"]}]},{"@type":"WebPage","@id":"https:\/\/www.mobilier-design-occasion.fr\/magazine\/mobilier-vintage-les-styles-les-plus-prises\/","url":"https:\/\/www.mobilier-design-occasion.fr\/magazine\/mobilier-vintage-les-styles-les-plus-prises\/","name":"Mobilier vintage : Les styles les plus pris\u00e9s - Mobilier Design Magazine","isPartOf":{"@id":"https:\/\/www.mobilier-design-occasion.fr\/magazine\/#website"},"primaryImageOfPage":{"@id":"https:\/\/www.mobilier-design-occasion.fr\/magazine\/mobilier-vintage-les-styles-les-plus-prises\/#primaryimage"},"image":{"@id":"https:\/\/www.mobilier-design-occasion.fr\/magazine\/mobilier-vintage-les-styles-les-plus-prises\/#primaryimage"},"thumbnailUrl":"https:\/\/www.mobilier-design-occasion.fr\/magazine\/wp-content\/uploads\/2023\/12\/vintage-mobilier-styles.png","datePublished":"2023-12-20T09:27:46+00:00","breadcrumb":{"@id":"https:\/\/www.mobilier-design-occasion.fr\/magazine\/mobilier-vintage-les-styles-les-plus-prises\/#breadcrumb"},"inLanguage":"fr-FR","potentialAction":[{"@type":"ReadAction","target":["https:\/\/www.mobilier-design-occasion.fr\/magazine\/mobilier-vintage-les-styles-les-plus-prises\/"]}]},{"@type":"ImageObject","inLanguage":"fr-FR","@id":"https:\/\/www.mobilier-design-occasion.fr\/magazine\/mobilier-vintage-les-styles-les-plus-prises\/#primaryimage","url":"https:\/\/www.mobilier-design-occasion.fr\/magazine\/wp-content\/uploads\/2023\/12\/vintage-mobilier-styles.png","contentUrl":"https:\/\/www.mobilier-design-occasion.fr\/magazine\/wp-content\/uploads\/2023\/12\/vintage-mobilier-styles.png","width":1521,"height":612},{"@type":"BreadcrumbList","@id":"https:\/\/www.mobilier-design-occasion.fr\/magazine\/mobilier-vintage-les-styles-les-plus-prises\/#breadcrumb","itemListElement":[{"@type":"ListItem","position":1,"name":"Accueil","item":"https:\/\/www.mobilier-design-occasion.fr\/magazine\/"},{"@type":"ListItem","position":2,"name":"Mobilier vintage : Les styles les plus pris\u00e9s"}]},{"@type":"WebSite","@id":"https:\/\/www.mobilier-design-occasion.fr\/magazine\/#website","url":"https:\/\/www.mobilier-design-occasion.fr\/magazine\/","name":"Mobilier Design Magazine","description":"","publisher":{"@id":"https:\/\/www.mobilier-design-occasion.fr\/magazine\/#organization"},"potentialAction":[{"@type":"SearchAction","target":{"@type":"EntryPoint","urlTemplate":"https:\/\/www.mobilier-design-occasion.fr\/magazine\/?s={search_term_string}"},"query-input":{"@type":"PropertyValueSpecification","valueRequired":true,"valueName":"search_term_string"}}],"inLanguage":"fr-FR"},{"@type":"Organization","@id":"https:\/\/www.mobilier-design-occasion.fr\/magazine\/#organization","name":"Mobilier Design Magazine","url":"https:\/\/www.mobilier-design-occasion.fr\/magazine\/","logo":{"@type":"ImageObject","inLanguage":"fr-FR","@id":"https:\/\/www.mobilier-design-occasion.fr\/magazine\/#\/schema\/logo\/image\/","url":"https:\/\/www.mobilier-design-occasion.fr\/magazine\/wp-content\/uploads\/2024\/02\/android-chrome-192x192-1.png","contentUrl":"https:\/\/www.mobilier-design-occasion.fr\/magazine\/wp-content\/uploads\/2024\/02\/android-chrome-192x192-1.png","width":192,"height":192,"caption":"Mobilier Design Magazine"},"image":{"@id":"https:\/\/www.mobilier-design-occasion.fr\/magazine\/#\/schema\/logo\/image\/"},"sameAs":["https:\/\/www.facebook.com\/mobilierdesignoccasion"]},{"@type":"Person","@id":"https:\/\/www.mobilier-design-occasion.fr\/magazine\/#\/schema\/person\/af895bedc80bfb6b17730a672fddac9e","name":"Vincent Vandegans","image":{"@type":"ImageObject","inLanguage":"fr-FR","@id":"https:\/\/secure.gravatar.com\/avatar\/b984800dabdf722d5e3f03f637c8932dea77d81118467d17ad2953e3b273ec66?s=96&d=mm&r=g","url":"https:\/\/secure.gravatar.com\/avatar\/b984800dabdf722d5e3f03f637c8932dea77d81118467d17ad2953e3b273ec66?s=96&d=mm&r=g","contentUrl":"https:\/\/secure.gravatar.com\/avatar\/b984800dabdf722d5e3f03f637c8932dea77d81118467d17ad2953e3b273ec66?s=96&d=mm&r=g","caption":"Vincent Vandegans"},"description":"Vincent est passionn\u00e9 par les produits d'occasion, il a ouvert le site MDO avec Cyrielle pour aider les gens \u00e0 trouver du mobilier d'occasion, vintage ou usag\u00e9. Depuis, ils ont \u00e9tendu leurs activit\u00e9s et conseillent tout le monde sur le mobilier d'int\u00e9rieur et d'ext\u00e9rieur au quotidien \u00e0 travers le magazine MDO.","url":"https:\/\/www.mobilier-design-occasion.fr\/magazine\/author\/vincent\/"}]}},"_links":{"self":[{"href":"https:\/\/www.mobilier-design-occasion.fr\/magazine\/wp-json\/wp\/v2\/posts\/7417","targetHints":{"allow":["GET"]}}],"collection":[{"href":"https:\/\/www.mobilier-design-occasion.fr\/magazine\/wp-json\/wp\/v2\/posts"}],"about":[{"href":"https:\/\/www.mobilier-design-occasion.fr\/magazine\/wp-json\/wp\/v2\/types\/post"}],"author":[{"embeddable":true,"href":"https:\/\/www.mobilier-design-occasion.fr\/magazine\/wp-json\/wp\/v2\/users\/2"}],"replies":[{"embeddable":true,"href":"https:\/\/www.mobilier-design-occasion.fr\/magazine\/wp-json\/wp\/v2\/comments?post=7417"}],"version-history":[{"count":1,"href":"https:\/\/www.mobilier-design-occasion.fr\/magazine\/wp-json\/wp\/v2\/posts\/7417\/revisions"}],"predecessor-version":[{"id":7419,"href":"https:\/\/www.mobilier-design-occasion.fr\/magazine\/wp-json\/wp\/v2\/posts\/7417\/revisions\/7419"}],"wp:featuredmedia":[{"embeddable":true,"href":"https:\/\/www.mobilier-design-occasion.fr\/magazine\/wp-json\/wp\/v2\/media\/7418"}],"wp:attachment":[{"href":"https:\/\/www.mobilier-design-occasion.fr\/magazine\/wp-json\/wp\/v2\/media?parent=7417"}],"wp:term":[{"taxonomy":"category","embeddable":true,"href":"https:\/\/www.mobilier-design-occasion.fr\/magazine\/wp-json\/wp\/v2\/categories?post=7417"},{"taxonomy":"post_tag","embeddable":true,"href":"https:\/\/www.mobilier-design-occasion.fr\/magazine\/wp-json\/wp\/v2\/tags?post=7417"}],"curies":[{"name":"wp","href":"https:\/\/api.w.org\/{rel}","templated":true}]}}