{"id":7405,"date":"2023-12-19T08:24:44","date_gmt":"2023-12-19T08:24:44","guid":{"rendered":"https:\/\/www.mobilier-design-occasion.fr\/magazine\/?p=7405"},"modified":"2023-12-15T08:27:56","modified_gmt":"2023-12-15T08:27:56","slug":"trouver-le-mobilier-design-de-vos-reves-sans-casser-la-tirelire-conseils-pratiques-pour-un-amenagement-elegant-et-abordable","status":"publish","type":"post","link":"https:\/\/www.mobilier-design-occasion.fr\/magazine\/trouver-le-mobilier-design-de-vos-reves-sans-casser-la-tirelire-conseils-pratiques-pour-un-amenagement-elegant-et-abordable\/","title":{"rendered":"Trouver le mobilier design de vos r\u00eaves sans casser la tirelire : Conseils pratiques pour un am\u00e9nagement \u00e9l\u00e9gant et abordable"},"content":{"rendered":"\n<figure class=\"wp-block-image size-large\"><img loading=\"lazy\" decoding=\"async\" width=\"966\" height=\"1024\" src=\"https:\/\/www.mobilier-design-occasion.fr\/magazine\/wp-content\/uploads\/2023\/12\/ikea2023-966x1024.png\" alt=\"\" class=\"wp-image-7406\" srcset=\"https:\/\/www.mobilier-design-occasion.fr\/magazine\/wp-content\/uploads\/2023\/12\/ikea2023-966x1024.png 966w, https:\/\/www.mobilier-design-occasion.fr\/magazine\/wp-content\/uploads\/2023\/12\/ikea2023-283x300.png 283w, https:\/\/www.mobilier-design-occasion.fr\/magazine\/wp-content\/uploads\/2023\/12\/ikea2023-768x814.png 768w, https:\/\/www.mobilier-design-occasion.fr\/magazine\/wp-content\/uploads\/2023\/12\/ikea2023-810x859.png 810w, https:\/\/www.mobilier-design-occasion.fr\/magazine\/wp-content\/uploads\/2023\/12\/ikea2023-1140x1208.png 1140w, https:\/\/www.mobilier-design-occasion.fr\/magazine\/wp-content\/uploads\/2023\/12\/ikea2023.png 1266w\" sizes=\"auto, (max-width: 966px) 100vw, 966px\" \/><\/figure>\n\n\n\n<h1 class=\"wp-block-heading\"><span class=\"ez-toc-section\" id=\"Comment_choisir_du_mobilier_design_sans_se_ruiner_nos_meilleurs_conseils\"><\/span><strong>Comment choisir du mobilier design sans se ruiner : nos meilleurs conseils !<\/strong><span class=\"ez-toc-section-end\"><\/span><\/h1><div id=\"ez-toc-container\" class=\"ez-toc-v2_0_82_2 counter-hierarchy ez-toc-counter ez-toc-grey ez-toc-container-direction\">\n<div class=\"ez-toc-title-container\">\n<span class=\"ez-toc-title-toggle\"><a href=\"#\" class=\"ez-toc-pull-right ez-toc-btn ez-toc-btn-xs ez-toc-btn-default ez-toc-toggle\" aria-label=\"Toggle Table of Content\"><span class=\"ez-toc-js-icon-con\"><span class=\"\"><span class=\"eztoc-hide\" style=\"display:none;\">Toggle<\/span><span class=\"ez-toc-icon-toggle-span\"><svg style=\"fill: #999;color:#999\" xmlns=\"http:\/\/www.w3.org\/2000\/svg\" class=\"list-377408\" width=\"20px\" height=\"20px\" viewBox=\"0 0 24 24\" fill=\"none\"><path d=\"M6 6H4v2h2V6zm14 0H8v2h12V6zM4 11h2v2H4v-2zm16 0H8v2h12v-2zM4 16h2v2H4v-2zm16 0H8v2h12v-2z\" fill=\"currentColor\"><\/path><\/svg><svg style=\"fill: #999;color:#999\" class=\"arrow-unsorted-368013\" xmlns=\"http:\/\/www.w3.org\/2000\/svg\" width=\"10px\" height=\"10px\" viewBox=\"0 0 24 24\" version=\"1.2\" baseProfile=\"tiny\"><path d=\"M18.2 9.3l-6.2-6.3-6.2 6.3c-.2.2-.3.4-.3.7s.1.5.3.7c.2.2.4.3.7.3h11c.3 0 .5-.1.7-.3.2-.2.3-.5.3-.7s-.1-.5-.3-.7zM5.8 14.7l6.2 6.3 6.2-6.3c.2-.2.3-.5.3-.7s-.1-.5-.3-.7c-.2-.2-.4-.3-.7-.3h-11c-.3 0-.5.1-.7.3-.2.2-.3.5-.3.7s.1.5.3.7z\"\/><\/svg><\/span><\/span><\/span><\/a><\/span><\/div>\n<nav><ul class='ez-toc-list ez-toc-list-level-1 eztoc-toggle-hide-by-default' ><li class='ez-toc-page-1 ez-toc-heading-level-1'><a class=\"ez-toc-link ez-toc-heading-1\" href=\"https:\/\/www.mobilier-design-occasion.fr\/magazine\/trouver-le-mobilier-design-de-vos-reves-sans-casser-la-tirelire-conseils-pratiques-pour-un-amenagement-elegant-et-abordable\/#Comment_choisir_du_mobilier_design_sans_se_ruiner_nos_meilleurs_conseils\" >Comment choisir du mobilier design sans se ruiner : nos meilleurs conseils !<\/a><ul class='ez-toc-list-level-2' ><li class='ez-toc-heading-level-2'><a class=\"ez-toc-link ez-toc-heading-2\" href=\"https:\/\/www.mobilier-design-occasion.fr\/magazine\/trouver-le-mobilier-design-de-vos-reves-sans-casser-la-tirelire-conseils-pratiques-pour-un-amenagement-elegant-et-abordable\/#Fixez_un_budget_realiste\" >Fixez un budget r\u00e9aliste<\/a><\/li><li class='ez-toc-page-1 ez-toc-heading-level-2'><a class=\"ez-toc-link ez-toc-heading-3\" href=\"https:\/\/www.mobilier-design-occasion.fr\/magazine\/trouver-le-mobilier-design-de-vos-reves-sans-casser-la-tirelire-conseils-pratiques-pour-un-amenagement-elegant-et-abordable\/#Explorez_les_options_doccasion\" >Explorez les options d&#8217;occasion<\/a><\/li><li class='ez-toc-page-1 ez-toc-heading-level-2'><a class=\"ez-toc-link ez-toc-heading-4\" href=\"https:\/\/www.mobilier-design-occasion.fr\/magazine\/trouver-le-mobilier-design-de-vos-reves-sans-casser-la-tirelire-conseils-pratiques-pour-un-amenagement-elegant-et-abordable\/#Soyez_ouvert_aux_alternatives_abordables\" >Soyez ouvert aux alternatives abordables<\/a><\/li><li class='ez-toc-page-1 ez-toc-heading-level-2'><a class=\"ez-toc-link ez-toc-heading-5\" href=\"https:\/\/www.mobilier-design-occasion.fr\/magazine\/trouver-le-mobilier-design-de-vos-reves-sans-casser-la-tirelire-conseils-pratiques-pour-un-amenagement-elegant-et-abordable\/#Comparez_les_prix_en_ligne\" >Comparez les prix en ligne<\/a><\/li><li class='ez-toc-page-1 ez-toc-heading-level-2'><a class=\"ez-toc-link ez-toc-heading-6\" href=\"https:\/\/www.mobilier-design-occasion.fr\/magazine\/trouver-le-mobilier-design-de-vos-reves-sans-casser-la-tirelire-conseils-pratiques-pour-un-amenagement-elegant-et-abordable\/#Participez_aux_soldes_et_aux_promotions\" >Participez aux soldes et aux promotions<\/a><\/li><li class='ez-toc-page-1 ez-toc-heading-level-2'><a class=\"ez-toc-link ez-toc-heading-7\" href=\"https:\/\/www.mobilier-design-occasion.fr\/magazine\/trouver-le-mobilier-design-de-vos-reves-sans-casser-la-tirelire-conseils-pratiques-pour-un-amenagement-elegant-et-abordable\/#Faites_preuve_de_creativite_avec_le_DIY\" >Faites preuve de cr\u00e9ativit\u00e9 avec le DIY<\/a><\/li><\/ul><\/li><\/ul><\/nav><\/div>\n\n\n\n\n<p>Vous r\u00eavez d&#8217;ajouter une touche de design \u00e0 votre int\u00e9rieur sans vider votre portefeuille ? Il est tout \u00e0 fait possible d&#8217;embellir votre espace sans se ruiner. Nombreuses sont les personnes qui ne savent pas comment s\u2019y prendre sans d\u00e9penser une fortune. Voici des conseils pratiques sur la fa\u00e7on de <a href=\"https:\/\/www.mobilier-design-occasion.fr\/magazine\/comment-choisir-son-canape-convertible-design-pour-amenager-un-petit-espace\/\">choisir du mobilier design abordable<\/a> sans compromettre le style et qui r\u00e9pondent \u00e0 cette question.<\/p>\n\n\n\n<h2 class=\"wp-block-heading\"><span class=\"ez-toc-section\" id=\"Fixez_un_budget_realiste\"><\/span><strong>Fixez un budget r\u00e9aliste<\/strong><span class=\"ez-toc-section-end\"><\/span><\/h2>\n\n\n\n<p>La premi\u00e8re \u00e9tape pour choisir du mobilier design sans vous ruiner est de d\u00e9finir un budget r\u00e9aliste. Avant de commencer vos recherches,<strong> \u00e9tablissez une fourchette de prix pour chaque pi\u00e8ce dont vous avez besoin<\/strong>. Cela vous aidera \u00e0 rester disciplin\u00e9 dans vos choix et \u00e0 \u00e9viter les d\u00e9penses impulsives.<\/p>\n\n\n\n<h2 class=\"wp-block-heading\"><span class=\"ez-toc-section\" id=\"Explorez_les_options_doccasion\"><\/span><strong>Explorez les options d&#8217;occasion<\/strong><span class=\"ez-toc-section-end\"><\/span><\/h2>\n\n\n\n<p>Le march\u00e9 de l&#8217;occasion est une mine d&#8217;or pour trouver du mobilier design \u00e0 des prix avantageux. Explorez :<\/p>\n\n\n\n<ul class=\"wp-block-list\">\n<li>les sites en ligne ;<\/li>\n\n\n\n<li>les magasins d&#8217;occasion ;<\/li>\n\n\n\n<li>les march\u00e9s aux puces ;<\/li>\n\n\n\n<li>les ventes de garage.<\/li>\n<\/ul>\n\n\n\n<p>Ce sont les meilleures adresses pour d\u00e9nicher des pi\u00e8ces uniques. Avec un peu de chance, vous pourriez <strong>trouver des tr\u00e9sors \u00e0 des prix bien en de\u00e7\u00e0 de leur valeur initiale<\/strong>.<\/p>\n\n\n\n<p>\u00c0 lire : <a href=\"https:\/\/www.mobilier-design-occasion.fr\/magazine\/collection-de-noel-ikea-2023-une-touche-de-douceur-hivernale\/\">Collection de No\u00ebl IKEA 2023 : Une touche de douceur hivernale<\/a><\/p>\n\n\n\n<h2 class=\"wp-block-heading\"><span class=\"ez-toc-section\" id=\"Soyez_ouvert_aux_alternatives_abordables\"><\/span><strong>Soyez ouvert aux alternatives abordables<\/strong><span class=\"ez-toc-section-end\"><\/span><\/h2>\n\n\n\n<p>Le mobilier design ne se limite pas aux grandes marques co\u00fbteuses. Soyez ouvert aux alternatives abordables qui offrent <strong>un style similaire \u00e0 moindre co\u00fbt<\/strong>. De nombreuses enseignes proposent des reproductions inspir\u00e9es des designs populaires \u00e0 des prix bien plus accessibles.<\/p>\n\n\n\n<h2 class=\"wp-block-heading\"><span class=\"ez-toc-section\" id=\"Comparez_les_prix_en_ligne\"><\/span><strong>Comparez les prix en ligne<\/strong><span class=\"ez-toc-section-end\"><\/span><\/h2>\n\n\n\n<p>Internet regorge de possibilit\u00e9s pour comparer les prix. Avant d&#8217;acheter quoi que ce soit, explorez diff\u00e9rentes boutiques en ligne pour <strong>trouver les meilleures offres<\/strong>. Assurez-vous \u00e9galement de v\u00e9rifier les sites de vente en ligne, o\u00f9 des remises et des promotions peuvent rendre le mobilier design beaucoup plus abordable.<\/p>\n\n\n\n<h2 class=\"wp-block-heading\"><span class=\"ez-toc-section\" id=\"Participez_aux_soldes_et_aux_promotions\"><\/span><strong>Participez aux soldes et aux promotions<\/strong><span class=\"ez-toc-section-end\"><\/span><\/h2>\n\n\n\n<p>Les soldes et les promotions sont des <strong>moments opportuns pour acheter du mobilier design sans vous ruiner<\/strong>. Restez \u00e0 l&#8217;aff\u00fbt :<\/p>\n\n\n\n<ul class=\"wp-block-list\">\n<li>des soldes saisonni\u00e8res ;<\/li>\n\n\n\n<li>des \u00e9v\u00e9nements sp\u00e9ciaux\u202f;<\/li>\n\n\n\n<li>des p\u00e9riodes de liquidation.<\/li>\n<\/ul>\n\n\n\n<p>C&#8217;est souvent pendant ces p\u00e9riodes que vous pouvez obtenir des r\u00e9ductions significatives sur des pi\u00e8ces haut de gamme.<\/p>\n\n\n\n<h2 class=\"wp-block-heading\"><span class=\"ez-toc-section\" id=\"Faites_preuve_de_creativite_avec_le_DIY\"><\/span><strong>Faites preuve de cr\u00e9ativit\u00e9 avec le DIY<\/strong><span class=\"ez-toc-section-end\"><\/span><\/h2>\n\n\n\n<p>Le Do It Yourself (DIY) peut \u00eatre une option \u00e9conomique et cr\u00e9ative pour ajouter du mobilier design \u00e0 votre int\u00e9rieur. <strong>Personnalisez des pi\u00e8ces basiques pour les transformer en \u0153uvres d&#8217;art uniques<\/strong>. Il peut \u00eatre mis en \u0153uvre en :<\/p>\n\n\n\n<ul class=\"wp-block-list\">\n<li>ajoutant une nouvelle couche de peinture ;<\/li>\n\n\n\n<li>changeant les poign\u00e9es ;<\/li>\n\n\n\n<li>apportant d&#8217;autres modifications.<\/li>\n<\/ul>\n\n\n\n<p>Le DIY offre une approche ludique et abordable. En suivant ces conseils pratiques, vous pouvez choisir du mobilier design sans vider votre compte en banque. Restez astucieux, explorez toutes les options disponibles et soyez ouvert \u00e0 la cr\u00e9ativit\u00e9 pour cr\u00e9er un espace \u00e9l\u00e9gant qui refl\u00e8te votre style personnel, le tout \u00e0 un prix abordable.\u00c0 lire : <a href=\"https:\/\/www.mobilier-design-occasion.fr\/magazine\/lart-perdu-de-la-ceramique-redecouvrons-le-ensemble\/\">L\u2019art perdu de la c\u00e9ramique : red\u00e9couvrons-le ensemble !<\/a><\/p>\n","protected":false},"excerpt":{"rendered":"<p>Comment choisir du mobilier design sans se ruiner : nos meilleurs conseils ! Vous r\u00eavez d&#8217;ajouter une touche de design \u00e0 votre int\u00e9rieur sans vider votre portefeuille ? Il est tout \u00e0 fait possible d&#8217;embellir votre espace sans se ruiner. Nombreuses sont les personnes qui ne savent pas comment s\u2019y prendre sans d\u00e9penser une fortune. [&hellip;]<\/p>\n","protected":false},"author":2,"featured_media":7406,"comment_status":"open","ping_status":"open","sticky":false,"template":"","format":"standard","meta":{"footnotes":""},"categories":[2],"tags":[193,150,133],"class_list":["post-7405","post","type-post","status-publish","format-standard","has-post-thumbnail","hentry","category-tendances","tag-amenagement","tag-ikea","tag-vintage"],"yoast_head":"<!-- This site is optimized with the Yoast SEO plugin v27.5 - https:\/\/yoast.com\/product\/yoast-seo-wordpress\/ -->\n<title>Trouver le mobilier design de vos r\u00eaves sans casser la tirelire : Conseils pratiques pour un am\u00e9nagement \u00e9l\u00e9gant et abordable - Mobilier Design Magazine<\/title>\n<meta name=\"robots\" content=\"index, follow, max-snippet:-1, max-image-preview:large, max-video-preview:-1\" \/>\n<link rel=\"canonical\" href=\"https:\/\/www.mobilier-design-occasion.fr\/magazine\/trouver-le-mobilier-design-de-vos-reves-sans-casser-la-tirelire-conseils-pratiques-pour-un-amenagement-elegant-et-abordable\/\" \/>\n<meta property=\"og:locale\" content=\"fr_FR\" \/>\n<meta property=\"og:type\" content=\"article\" \/>\n<meta property=\"og:title\" content=\"Trouver le mobilier design de vos r\u00eaves sans casser la tirelire : Conseils pratiques pour un am\u00e9nagement \u00e9l\u00e9gant et abordable - Mobilier Design Magazine\" \/>\n<meta property=\"og:description\" content=\"Comment choisir du mobilier design sans se ruiner : nos meilleurs conseils ! Vous r\u00eavez d&#8217;ajouter une touche de design \u00e0 votre int\u00e9rieur sans vider votre portefeuille ? Il est tout \u00e0 fait possible d&#8217;embellir votre espace sans se ruiner. Nombreuses sont les personnes qui ne savent pas comment s\u2019y prendre sans d\u00e9penser une fortune. [&hellip;]\" \/>\n<meta property=\"og:url\" content=\"https:\/\/www.mobilier-design-occasion.fr\/magazine\/trouver-le-mobilier-design-de-vos-reves-sans-casser-la-tirelire-conseils-pratiques-pour-un-amenagement-elegant-et-abordable\/\" \/>\n<meta property=\"og:site_name\" content=\"Mobilier Design Magazine\" \/>\n<meta property=\"article:publisher\" content=\"https:\/\/www.facebook.com\/mobilierdesignoccasion\" \/>\n<meta property=\"article:published_time\" content=\"2023-12-19T08:24:44+00:00\" \/>\n<meta property=\"og:image\" content=\"https:\/\/www.mobilier-design-occasion.fr\/magazine\/wp-content\/uploads\/2023\/12\/ikea2023.png\" \/>\n\t<meta property=\"og:image:width\" content=\"1266\" \/>\n\t<meta property=\"og:image:height\" content=\"1342\" \/>\n\t<meta property=\"og:image:type\" content=\"image\/png\" \/>\n<meta name=\"author\" content=\"Vincent Vandegans\" \/>\n<meta name=\"twitter:card\" content=\"summary_large_image\" \/>\n<meta name=\"twitter:label1\" content=\"\u00c9crit par\" \/>\n\t<meta name=\"twitter:data1\" content=\"Vincent Vandegans\" \/>\n\t<meta name=\"twitter:label2\" content=\"Dur\u00e9e de lecture estim\u00e9e\" \/>\n\t<meta name=\"twitter:data2\" content=\"3 minutes\" \/>\n<script type=\"application\/ld+json\" class=\"yoast-schema-graph\">{\"@context\":\"https:\\\/\\\/schema.org\",\"@graph\":[{\"@type\":\"Article\",\"@id\":\"https:\\\/\\\/www.mobilier-design-occasion.fr\\\/magazine\\\/trouver-le-mobilier-design-de-vos-reves-sans-casser-la-tirelire-conseils-pratiques-pour-un-amenagement-elegant-et-abordable\\\/#article\",\"isPartOf\":{\"@id\":\"https:\\\/\\\/www.mobilier-design-occasion.fr\\\/magazine\\\/trouver-le-mobilier-design-de-vos-reves-sans-casser-la-tirelire-conseils-pratiques-pour-un-amenagement-elegant-et-abordable\\\/\"},\"author\":{\"name\":\"Vincent Vandegans\",\"@id\":\"https:\\\/\\\/www.mobilier-design-occasion.fr\\\/magazine\\\/#\\\/schema\\\/person\\\/af895bedc80bfb6b17730a672fddac9e\"},\"headline\":\"Trouver le mobilier design de vos r\u00eaves sans casser la tirelire : Conseils pratiques pour un am\u00e9nagement \u00e9l\u00e9gant et abordable\",\"datePublished\":\"2023-12-19T08:24:44+00:00\",\"mainEntityOfPage\":{\"@id\":\"https:\\\/\\\/www.mobilier-design-occasion.fr\\\/magazine\\\/trouver-le-mobilier-design-de-vos-reves-sans-casser-la-tirelire-conseils-pratiques-pour-un-amenagement-elegant-et-abordable\\\/\"},\"wordCount\":539,\"commentCount\":0,\"publisher\":{\"@id\":\"https:\\\/\\\/www.mobilier-design-occasion.fr\\\/magazine\\\/#organization\"},\"image\":{\"@id\":\"https:\\\/\\\/www.mobilier-design-occasion.fr\\\/magazine\\\/trouver-le-mobilier-design-de-vos-reves-sans-casser-la-tirelire-conseils-pratiques-pour-un-amenagement-elegant-et-abordable\\\/#primaryimage\"},\"thumbnailUrl\":\"https:\\\/\\\/www.mobilier-design-occasion.fr\\\/magazine\\\/wp-content\\\/uploads\\\/2023\\\/12\\\/ikea2023.png\",\"keywords\":[\"am\u00e9nagement\",\"ikea\",\"Vintage\"],\"articleSection\":[\"Tendances\"],\"inLanguage\":\"fr-FR\",\"potentialAction\":[{\"@type\":\"CommentAction\",\"name\":\"Comment\",\"target\":[\"https:\\\/\\\/www.mobilier-design-occasion.fr\\\/magazine\\\/trouver-le-mobilier-design-de-vos-reves-sans-casser-la-tirelire-conseils-pratiques-pour-un-amenagement-elegant-et-abordable\\\/#respond\"]}]},{\"@type\":\"WebPage\",\"@id\":\"https:\\\/\\\/www.mobilier-design-occasion.fr\\\/magazine\\\/trouver-le-mobilier-design-de-vos-reves-sans-casser-la-tirelire-conseils-pratiques-pour-un-amenagement-elegant-et-abordable\\\/\",\"url\":\"https:\\\/\\\/www.mobilier-design-occasion.fr\\\/magazine\\\/trouver-le-mobilier-design-de-vos-reves-sans-casser-la-tirelire-conseils-pratiques-pour-un-amenagement-elegant-et-abordable\\\/\",\"name\":\"Trouver le mobilier design de vos r\u00eaves sans casser la tirelire : Conseils pratiques pour un am\u00e9nagement \u00e9l\u00e9gant et abordable - Mobilier Design Magazine\",\"isPartOf\":{\"@id\":\"https:\\\/\\\/www.mobilier-design-occasion.fr\\\/magazine\\\/#website\"},\"primaryImageOfPage\":{\"@id\":\"https:\\\/\\\/www.mobilier-design-occasion.fr\\\/magazine\\\/trouver-le-mobilier-design-de-vos-reves-sans-casser-la-tirelire-conseils-pratiques-pour-un-amenagement-elegant-et-abordable\\\/#primaryimage\"},\"image\":{\"@id\":\"https:\\\/\\\/www.mobilier-design-occasion.fr\\\/magazine\\\/trouver-le-mobilier-design-de-vos-reves-sans-casser-la-tirelire-conseils-pratiques-pour-un-amenagement-elegant-et-abordable\\\/#primaryimage\"},\"thumbnailUrl\":\"https:\\\/\\\/www.mobilier-design-occasion.fr\\\/magazine\\\/wp-content\\\/uploads\\\/2023\\\/12\\\/ikea2023.png\",\"datePublished\":\"2023-12-19T08:24:44+00:00\",\"breadcrumb\":{\"@id\":\"https:\\\/\\\/www.mobilier-design-occasion.fr\\\/magazine\\\/trouver-le-mobilier-design-de-vos-reves-sans-casser-la-tirelire-conseils-pratiques-pour-un-amenagement-elegant-et-abordable\\\/#breadcrumb\"},\"inLanguage\":\"fr-FR\",\"potentialAction\":[{\"@type\":\"ReadAction\",\"target\":[\"https:\\\/\\\/www.mobilier-design-occasion.fr\\\/magazine\\\/trouver-le-mobilier-design-de-vos-reves-sans-casser-la-tirelire-conseils-pratiques-pour-un-amenagement-elegant-et-abordable\\\/\"]}]},{\"@type\":\"ImageObject\",\"inLanguage\":\"fr-FR\",\"@id\":\"https:\\\/\\\/www.mobilier-design-occasion.fr\\\/magazine\\\/trouver-le-mobilier-design-de-vos-reves-sans-casser-la-tirelire-conseils-pratiques-pour-un-amenagement-elegant-et-abordable\\\/#primaryimage\",\"url\":\"https:\\\/\\\/www.mobilier-design-occasion.fr\\\/magazine\\\/wp-content\\\/uploads\\\/2023\\\/12\\\/ikea2023.png\",\"contentUrl\":\"https:\\\/\\\/www.mobilier-design-occasion.fr\\\/magazine\\\/wp-content\\\/uploads\\\/2023\\\/12\\\/ikea2023.png\",\"width\":1266,\"height\":1342},{\"@type\":\"BreadcrumbList\",\"@id\":\"https:\\\/\\\/www.mobilier-design-occasion.fr\\\/magazine\\\/trouver-le-mobilier-design-de-vos-reves-sans-casser-la-tirelire-conseils-pratiques-pour-un-amenagement-elegant-et-abordable\\\/#breadcrumb\",\"itemListElement\":[{\"@type\":\"ListItem\",\"position\":1,\"name\":\"Accueil\",\"item\":\"https:\\\/\\\/www.mobilier-design-occasion.fr\\\/magazine\\\/\"},{\"@type\":\"ListItem\",\"position\":2,\"name\":\"Trouver le mobilier design de vos r\u00eaves sans casser la tirelire : Conseils pratiques pour un am\u00e9nagement \u00e9l\u00e9gant et abordable\"}]},{\"@type\":\"WebSite\",\"@id\":\"https:\\\/\\\/www.mobilier-design-occasion.fr\\\/magazine\\\/#website\",\"url\":\"https:\\\/\\\/www.mobilier-design-occasion.fr\\\/magazine\\\/\",\"name\":\"Mobilier Design Magazine\",\"description\":\"\",\"publisher\":{\"@id\":\"https:\\\/\\\/www.mobilier-design-occasion.fr\\\/magazine\\\/#organization\"},\"potentialAction\":[{\"@type\":\"SearchAction\",\"target\":{\"@type\":\"EntryPoint\",\"urlTemplate\":\"https:\\\/\\\/www.mobilier-design-occasion.fr\\\/magazine\\\/?s={search_term_string}\"},\"query-input\":{\"@type\":\"PropertyValueSpecification\",\"valueRequired\":true,\"valueName\":\"search_term_string\"}}],\"inLanguage\":\"fr-FR\"},{\"@type\":\"Organization\",\"@id\":\"https:\\\/\\\/www.mobilier-design-occasion.fr\\\/magazine\\\/#organization\",\"name\":\"Mobilier Design Magazine\",\"url\":\"https:\\\/\\\/www.mobilier-design-occasion.fr\\\/magazine\\\/\",\"logo\":{\"@type\":\"ImageObject\",\"inLanguage\":\"fr-FR\",\"@id\":\"https:\\\/\\\/www.mobilier-design-occasion.fr\\\/magazine\\\/#\\\/schema\\\/logo\\\/image\\\/\",\"url\":\"https:\\\/\\\/www.mobilier-design-occasion.fr\\\/magazine\\\/wp-content\\\/uploads\\\/2024\\\/02\\\/android-chrome-192x192-1.png\",\"contentUrl\":\"https:\\\/\\\/www.mobilier-design-occasion.fr\\\/magazine\\\/wp-content\\\/uploads\\\/2024\\\/02\\\/android-chrome-192x192-1.png\",\"width\":192,\"height\":192,\"caption\":\"Mobilier Design Magazine\"},\"image\":{\"@id\":\"https:\\\/\\\/www.mobilier-design-occasion.fr\\\/magazine\\\/#\\\/schema\\\/logo\\\/image\\\/\"},\"sameAs\":[\"https:\\\/\\\/www.facebook.com\\\/mobilierdesignoccasion\"]},{\"@type\":\"Person\",\"@id\":\"https:\\\/\\\/www.mobilier-design-occasion.fr\\\/magazine\\\/#\\\/schema\\\/person\\\/af895bedc80bfb6b17730a672fddac9e\",\"name\":\"Vincent Vandegans\",\"image\":{\"@type\":\"ImageObject\",\"inLanguage\":\"fr-FR\",\"@id\":\"https:\\\/\\\/secure.gravatar.com\\\/avatar\\\/b984800dabdf722d5e3f03f637c8932dea77d81118467d17ad2953e3b273ec66?s=96&d=mm&r=g\",\"url\":\"https:\\\/\\\/secure.gravatar.com\\\/avatar\\\/b984800dabdf722d5e3f03f637c8932dea77d81118467d17ad2953e3b273ec66?s=96&d=mm&r=g\",\"contentUrl\":\"https:\\\/\\\/secure.gravatar.com\\\/avatar\\\/b984800dabdf722d5e3f03f637c8932dea77d81118467d17ad2953e3b273ec66?s=96&d=mm&r=g\",\"caption\":\"Vincent Vandegans\"},\"description\":\"Vincent est passionn\u00e9 par les produits d'occasion, il a ouvert le site MDO avec Cyrielle pour aider les gens \u00e0 trouver du mobilier d'occasion, vintage ou usag\u00e9. Depuis, ils ont \u00e9tendu leurs activit\u00e9s et conseillent tout le monde sur le mobilier d'int\u00e9rieur et d'ext\u00e9rieur au quotidien \u00e0 travers le magazine MDO.\",\"url\":\"https:\\\/\\\/www.mobilier-design-occasion.fr\\\/magazine\\\/author\\\/vincent\\\/\"}]}<\/script>\n<!-- \/ Yoast SEO plugin. -->","yoast_head_json":{"title":"Trouver le mobilier design de vos r\u00eaves sans casser la tirelire : Conseils pratiques pour un am\u00e9nagement \u00e9l\u00e9gant et abordable - Mobilier Design Magazine","robots":{"index":"index","follow":"follow","max-snippet":"max-snippet:-1","max-image-preview":"max-image-preview:large","max-video-preview":"max-video-preview:-1"},"canonical":"https:\/\/www.mobilier-design-occasion.fr\/magazine\/trouver-le-mobilier-design-de-vos-reves-sans-casser-la-tirelire-conseils-pratiques-pour-un-amenagement-elegant-et-abordable\/","og_locale":"fr_FR","og_type":"article","og_title":"Trouver le mobilier design de vos r\u00eaves sans casser la tirelire : Conseils pratiques pour un am\u00e9nagement \u00e9l\u00e9gant et abordable - Mobilier Design Magazine","og_description":"Comment choisir du mobilier design sans se ruiner : nos meilleurs conseils ! Vous r\u00eavez d&#8217;ajouter une touche de design \u00e0 votre int\u00e9rieur sans vider votre portefeuille ? Il est tout \u00e0 fait possible d&#8217;embellir votre espace sans se ruiner. Nombreuses sont les personnes qui ne savent pas comment s\u2019y prendre sans d\u00e9penser une fortune. [&hellip;]","og_url":"https:\/\/www.mobilier-design-occasion.fr\/magazine\/trouver-le-mobilier-design-de-vos-reves-sans-casser-la-tirelire-conseils-pratiques-pour-un-amenagement-elegant-et-abordable\/","og_site_name":"Mobilier Design Magazine","article_publisher":"https:\/\/www.facebook.com\/mobilierdesignoccasion","article_published_time":"2023-12-19T08:24:44+00:00","og_image":[{"width":1266,"height":1342,"url":"https:\/\/www.mobilier-design-occasion.fr\/magazine\/wp-content\/uploads\/2023\/12\/ikea2023.png","type":"image\/png"}],"author":"Vincent Vandegans","twitter_card":"summary_large_image","twitter_misc":{"\u00c9crit par":"Vincent Vandegans","Dur\u00e9e de lecture estim\u00e9e":"3 minutes"},"schema":{"@context":"https:\/\/schema.org","@graph":[{"@type":"Article","@id":"https:\/\/www.mobilier-design-occasion.fr\/magazine\/trouver-le-mobilier-design-de-vos-reves-sans-casser-la-tirelire-conseils-pratiques-pour-un-amenagement-elegant-et-abordable\/#article","isPartOf":{"@id":"https:\/\/www.mobilier-design-occasion.fr\/magazine\/trouver-le-mobilier-design-de-vos-reves-sans-casser-la-tirelire-conseils-pratiques-pour-un-amenagement-elegant-et-abordable\/"},"author":{"name":"Vincent Vandegans","@id":"https:\/\/www.mobilier-design-occasion.fr\/magazine\/#\/schema\/person\/af895bedc80bfb6b17730a672fddac9e"},"headline":"Trouver le mobilier design de vos r\u00eaves sans casser la tirelire : Conseils pratiques pour un am\u00e9nagement \u00e9l\u00e9gant et abordable","datePublished":"2023-12-19T08:24:44+00:00","mainEntityOfPage":{"@id":"https:\/\/www.mobilier-design-occasion.fr\/magazine\/trouver-le-mobilier-design-de-vos-reves-sans-casser-la-tirelire-conseils-pratiques-pour-un-amenagement-elegant-et-abordable\/"},"wordCount":539,"commentCount":0,"publisher":{"@id":"https:\/\/www.mobilier-design-occasion.fr\/magazine\/#organization"},"image":{"@id":"https:\/\/www.mobilier-design-occasion.fr\/magazine\/trouver-le-mobilier-design-de-vos-reves-sans-casser-la-tirelire-conseils-pratiques-pour-un-amenagement-elegant-et-abordable\/#primaryimage"},"thumbnailUrl":"https:\/\/www.mobilier-design-occasion.fr\/magazine\/wp-content\/uploads\/2023\/12\/ikea2023.png","keywords":["am\u00e9nagement","ikea","Vintage"],"articleSection":["Tendances"],"inLanguage":"fr-FR","potentialAction":[{"@type":"CommentAction","name":"Comment","target":["https:\/\/www.mobilier-design-occasion.fr\/magazine\/trouver-le-mobilier-design-de-vos-reves-sans-casser-la-tirelire-conseils-pratiques-pour-un-amenagement-elegant-et-abordable\/#respond"]}]},{"@type":"WebPage","@id":"https:\/\/www.mobilier-design-occasion.fr\/magazine\/trouver-le-mobilier-design-de-vos-reves-sans-casser-la-tirelire-conseils-pratiques-pour-un-amenagement-elegant-et-abordable\/","url":"https:\/\/www.mobilier-design-occasion.fr\/magazine\/trouver-le-mobilier-design-de-vos-reves-sans-casser-la-tirelire-conseils-pratiques-pour-un-amenagement-elegant-et-abordable\/","name":"Trouver le mobilier design de vos r\u00eaves sans casser la tirelire : Conseils pratiques pour un am\u00e9nagement \u00e9l\u00e9gant et abordable - Mobilier Design Magazine","isPartOf":{"@id":"https:\/\/www.mobilier-design-occasion.fr\/magazine\/#website"},"primaryImageOfPage":{"@id":"https:\/\/www.mobilier-design-occasion.fr\/magazine\/trouver-le-mobilier-design-de-vos-reves-sans-casser-la-tirelire-conseils-pratiques-pour-un-amenagement-elegant-et-abordable\/#primaryimage"},"image":{"@id":"https:\/\/www.mobilier-design-occasion.fr\/magazine\/trouver-le-mobilier-design-de-vos-reves-sans-casser-la-tirelire-conseils-pratiques-pour-un-amenagement-elegant-et-abordable\/#primaryimage"},"thumbnailUrl":"https:\/\/www.mobilier-design-occasion.fr\/magazine\/wp-content\/uploads\/2023\/12\/ikea2023.png","datePublished":"2023-12-19T08:24:44+00:00","breadcrumb":{"@id":"https:\/\/www.mobilier-design-occasion.fr\/magazine\/trouver-le-mobilier-design-de-vos-reves-sans-casser-la-tirelire-conseils-pratiques-pour-un-amenagement-elegant-et-abordable\/#breadcrumb"},"inLanguage":"fr-FR","potentialAction":[{"@type":"ReadAction","target":["https:\/\/www.mobilier-design-occasion.fr\/magazine\/trouver-le-mobilier-design-de-vos-reves-sans-casser-la-tirelire-conseils-pratiques-pour-un-amenagement-elegant-et-abordable\/"]}]},{"@type":"ImageObject","inLanguage":"fr-FR","@id":"https:\/\/www.mobilier-design-occasion.fr\/magazine\/trouver-le-mobilier-design-de-vos-reves-sans-casser-la-tirelire-conseils-pratiques-pour-un-amenagement-elegant-et-abordable\/#primaryimage","url":"https:\/\/www.mobilier-design-occasion.fr\/magazine\/wp-content\/uploads\/2023\/12\/ikea2023.png","contentUrl":"https:\/\/www.mobilier-design-occasion.fr\/magazine\/wp-content\/uploads\/2023\/12\/ikea2023.png","width":1266,"height":1342},{"@type":"BreadcrumbList","@id":"https:\/\/www.mobilier-design-occasion.fr\/magazine\/trouver-le-mobilier-design-de-vos-reves-sans-casser-la-tirelire-conseils-pratiques-pour-un-amenagement-elegant-et-abordable\/#breadcrumb","itemListElement":[{"@type":"ListItem","position":1,"name":"Accueil","item":"https:\/\/www.mobilier-design-occasion.fr\/magazine\/"},{"@type":"ListItem","position":2,"name":"Trouver le mobilier design de vos r\u00eaves sans casser la tirelire : Conseils pratiques pour un am\u00e9nagement \u00e9l\u00e9gant et abordable"}]},{"@type":"WebSite","@id":"https:\/\/www.mobilier-design-occasion.fr\/magazine\/#website","url":"https:\/\/www.mobilier-design-occasion.fr\/magazine\/","name":"Mobilier Design Magazine","description":"","publisher":{"@id":"https:\/\/www.mobilier-design-occasion.fr\/magazine\/#organization"},"potentialAction":[{"@type":"SearchAction","target":{"@type":"EntryPoint","urlTemplate":"https:\/\/www.mobilier-design-occasion.fr\/magazine\/?s={search_term_string}"},"query-input":{"@type":"PropertyValueSpecification","valueRequired":true,"valueName":"search_term_string"}}],"inLanguage":"fr-FR"},{"@type":"Organization","@id":"https:\/\/www.mobilier-design-occasion.fr\/magazine\/#organization","name":"Mobilier Design Magazine","url":"https:\/\/www.mobilier-design-occasion.fr\/magazine\/","logo":{"@type":"ImageObject","inLanguage":"fr-FR","@id":"https:\/\/www.mobilier-design-occasion.fr\/magazine\/#\/schema\/logo\/image\/","url":"https:\/\/www.mobilier-design-occasion.fr\/magazine\/wp-content\/uploads\/2024\/02\/android-chrome-192x192-1.png","contentUrl":"https:\/\/www.mobilier-design-occasion.fr\/magazine\/wp-content\/uploads\/2024\/02\/android-chrome-192x192-1.png","width":192,"height":192,"caption":"Mobilier Design Magazine"},"image":{"@id":"https:\/\/www.mobilier-design-occasion.fr\/magazine\/#\/schema\/logo\/image\/"},"sameAs":["https:\/\/www.facebook.com\/mobilierdesignoccasion"]},{"@type":"Person","@id":"https:\/\/www.mobilier-design-occasion.fr\/magazine\/#\/schema\/person\/af895bedc80bfb6b17730a672fddac9e","name":"Vincent Vandegans","image":{"@type":"ImageObject","inLanguage":"fr-FR","@id":"https:\/\/secure.gravatar.com\/avatar\/b984800dabdf722d5e3f03f637c8932dea77d81118467d17ad2953e3b273ec66?s=96&d=mm&r=g","url":"https:\/\/secure.gravatar.com\/avatar\/b984800dabdf722d5e3f03f637c8932dea77d81118467d17ad2953e3b273ec66?s=96&d=mm&r=g","contentUrl":"https:\/\/secure.gravatar.com\/avatar\/b984800dabdf722d5e3f03f637c8932dea77d81118467d17ad2953e3b273ec66?s=96&d=mm&r=g","caption":"Vincent Vandegans"},"description":"Vincent est passionn\u00e9 par les produits d'occasion, il a ouvert le site MDO avec Cyrielle pour aider les gens \u00e0 trouver du mobilier d'occasion, vintage ou usag\u00e9. Depuis, ils ont \u00e9tendu leurs activit\u00e9s et conseillent tout le monde sur le mobilier d'int\u00e9rieur et d'ext\u00e9rieur au quotidien \u00e0 travers le magazine MDO.","url":"https:\/\/www.mobilier-design-occasion.fr\/magazine\/author\/vincent\/"}]}},"_links":{"self":[{"href":"https:\/\/www.mobilier-design-occasion.fr\/magazine\/wp-json\/wp\/v2\/posts\/7405","targetHints":{"allow":["GET"]}}],"collection":[{"href":"https:\/\/www.mobilier-design-occasion.fr\/magazine\/wp-json\/wp\/v2\/posts"}],"about":[{"href":"https:\/\/www.mobilier-design-occasion.fr\/magazine\/wp-json\/wp\/v2\/types\/post"}],"author":[{"embeddable":true,"href":"https:\/\/www.mobilier-design-occasion.fr\/magazine\/wp-json\/wp\/v2\/users\/2"}],"replies":[{"embeddable":true,"href":"https:\/\/www.mobilier-design-occasion.fr\/magazine\/wp-json\/wp\/v2\/comments?post=7405"}],"version-history":[{"count":1,"href":"https:\/\/www.mobilier-design-occasion.fr\/magazine\/wp-json\/wp\/v2\/posts\/7405\/revisions"}],"predecessor-version":[{"id":7407,"href":"https:\/\/www.mobilier-design-occasion.fr\/magazine\/wp-json\/wp\/v2\/posts\/7405\/revisions\/7407"}],"wp:featuredmedia":[{"embeddable":true,"href":"https:\/\/www.mobilier-design-occasion.fr\/magazine\/wp-json\/wp\/v2\/media\/7406"}],"wp:attachment":[{"href":"https:\/\/www.mobilier-design-occasion.fr\/magazine\/wp-json\/wp\/v2\/media?parent=7405"}],"wp:term":[{"taxonomy":"category","embeddable":true,"href":"https:\/\/www.mobilier-design-occasion.fr\/magazine\/wp-json\/wp\/v2\/categories?post=7405"},{"taxonomy":"post_tag","embeddable":true,"href":"https:\/\/www.mobilier-design-occasion.fr\/magazine\/wp-json\/wp\/v2\/tags?post=7405"}],"curies":[{"name":"wp","href":"https:\/\/api.w.org\/{rel}","templated":true}]}}