{"id":7399,"date":"2023-12-17T08:15:52","date_gmt":"2023-12-17T08:15:52","guid":{"rendered":"https:\/\/www.mobilier-design-occasion.fr\/magazine\/?p=7399"},"modified":"2023-12-15T08:19:10","modified_gmt":"2023-12-15T08:19:10","slug":"nouvel-an-astuces-pour-une-decoration-en-harmonie-avec-vos-meubles","status":"publish","type":"post","link":"https:\/\/www.mobilier-design-occasion.fr\/magazine\/nouvel-an-astuces-pour-une-decoration-en-harmonie-avec-vos-meubles\/","title":{"rendered":"Nouvel an : Astuces pour une d\u00e9coration en harmonie avec vos meubles"},"content":{"rendered":"\n<figure class=\"wp-block-image size-large\"><img loading=\"lazy\" decoding=\"async\" width=\"975\" height=\"1024\" src=\"https:\/\/www.mobilier-design-occasion.fr\/magazine\/wp-content\/uploads\/2023\/12\/table-fete-975x1024.png\" alt=\"\" class=\"wp-image-7400\" srcset=\"https:\/\/www.mobilier-design-occasion.fr\/magazine\/wp-content\/uploads\/2023\/12\/table-fete-975x1024.png 975w, https:\/\/www.mobilier-design-occasion.fr\/magazine\/wp-content\/uploads\/2023\/12\/table-fete-286x300.png 286w, https:\/\/www.mobilier-design-occasion.fr\/magazine\/wp-content\/uploads\/2023\/12\/table-fete-768x807.png 768w, https:\/\/www.mobilier-design-occasion.fr\/magazine\/wp-content\/uploads\/2023\/12\/table-fete-810x851.png 810w, https:\/\/www.mobilier-design-occasion.fr\/magazine\/wp-content\/uploads\/2023\/12\/table-fete-1140x1197.png 1140w, https:\/\/www.mobilier-design-occasion.fr\/magazine\/wp-content\/uploads\/2023\/12\/table-fete.png 1215w\" sizes=\"auto, (max-width: 975px) 100vw, 975px\" \/><\/figure>\n\n\n\n<h1 class=\"wp-block-heading\"><span class=\"ez-toc-section\" id=\"Comment_creer_une_decoration_harmonieuse_avec_ses_meubles_pour_le_Nouvel_An\"><\/span>Comment cr\u00e9er une d\u00e9coration harmonieuse avec ses meubles pour le Nouvel An ?<span class=\"ez-toc-section-end\"><\/span><\/h1><div id=\"ez-toc-container\" class=\"ez-toc-v2_0_82_2 counter-hierarchy ez-toc-counter ez-toc-grey ez-toc-container-direction\">\n<div class=\"ez-toc-title-container\">\n<span class=\"ez-toc-title-toggle\"><a href=\"#\" class=\"ez-toc-pull-right ez-toc-btn ez-toc-btn-xs ez-toc-btn-default ez-toc-toggle\" aria-label=\"Toggle Table of Content\"><span class=\"ez-toc-js-icon-con\"><span class=\"\"><span class=\"eztoc-hide\" style=\"display:none;\">Toggle<\/span><span class=\"ez-toc-icon-toggle-span\"><svg style=\"fill: #999;color:#999\" xmlns=\"http:\/\/www.w3.org\/2000\/svg\" class=\"list-377408\" width=\"20px\" height=\"20px\" viewBox=\"0 0 24 24\" fill=\"none\"><path d=\"M6 6H4v2h2V6zm14 0H8v2h12V6zM4 11h2v2H4v-2zm16 0H8v2h12v-2zM4 16h2v2H4v-2zm16 0H8v2h12v-2z\" fill=\"currentColor\"><\/path><\/svg><svg style=\"fill: #999;color:#999\" class=\"arrow-unsorted-368013\" xmlns=\"http:\/\/www.w3.org\/2000\/svg\" width=\"10px\" height=\"10px\" viewBox=\"0 0 24 24\" version=\"1.2\" baseProfile=\"tiny\"><path d=\"M18.2 9.3l-6.2-6.3-6.2 6.3c-.2.2-.3.4-.3.7s.1.5.3.7c.2.2.4.3.7.3h11c.3 0 .5-.1.7-.3.2-.2.3-.5.3-.7s-.1-.5-.3-.7zM5.8 14.7l6.2 6.3 6.2-6.3c.2-.2.3-.5.3-.7s-.1-.5-.3-.7c-.2-.2-.4-.3-.7-.3h-11c-.3 0-.5.1-.7.3-.2.2-.3.5-.3.7s.1.5.3.7z\"\/><\/svg><\/span><\/span><\/span><\/a><\/span><\/div>\n<nav><ul class='ez-toc-list ez-toc-list-level-1 eztoc-toggle-hide-by-default' ><li class='ez-toc-page-1 ez-toc-heading-level-1'><a class=\"ez-toc-link ez-toc-heading-1\" href=\"https:\/\/www.mobilier-design-occasion.fr\/magazine\/nouvel-an-astuces-pour-une-decoration-en-harmonie-avec-vos-meubles\/#Comment_creer_une_decoration_harmonieuse_avec_ses_meubles_pour_le_Nouvel_An\" >Comment cr\u00e9er une d\u00e9coration harmonieuse avec ses meubles pour le Nouvel An ?<\/a><ul class='ez-toc-list-level-2' ><li class='ez-toc-heading-level-2'><a class=\"ez-toc-link ez-toc-heading-2\" href=\"https:\/\/www.mobilier-design-occasion.fr\/magazine\/nouvel-an-astuces-pour-une-decoration-en-harmonie-avec-vos-meubles\/#Reflechissez_a_lagencement_spatial\" >R\u00e9fl\u00e9chissez \u00e0 l\u2019agencement spatial<\/a><\/li><li class='ez-toc-page-1 ez-toc-heading-level-2'><a class=\"ez-toc-link ez-toc-heading-3\" href=\"https:\/\/www.mobilier-design-occasion.fr\/magazine\/nouvel-an-astuces-pour-une-decoration-en-harmonie-avec-vos-meubles\/#Misez_sur_lharmonie_des_couleurs\" >Misez sur l\u2019harmonie des couleurs<\/a><\/li><li class='ez-toc-page-1 ez-toc-heading-level-2'><a class=\"ez-toc-link ez-toc-heading-4\" href=\"https:\/\/www.mobilier-design-occasion.fr\/magazine\/nouvel-an-astuces-pour-une-decoration-en-harmonie-avec-vos-meubles\/#Equilibrez_les_elements_decoratifs\" >\u00c9quilibrez les \u00e9l\u00e9ments d\u00e9coratifs<\/a><\/li><li class='ez-toc-page-1 ez-toc-heading-level-2'><a class=\"ez-toc-link ez-toc-heading-5\" href=\"https:\/\/www.mobilier-design-occasion.fr\/magazine\/nouvel-an-astuces-pour-une-decoration-en-harmonie-avec-vos-meubles\/#Jouez_avec_la_lumiere\" >Jouez avec la lumi\u00e8re<\/a><\/li><li class='ez-toc-page-1 ez-toc-heading-level-2'><a class=\"ez-toc-link ez-toc-heading-6\" href=\"https:\/\/www.mobilier-design-occasion.fr\/magazine\/nouvel-an-astuces-pour-une-decoration-en-harmonie-avec-vos-meubles\/#Creez_des_espaces_conviviaux\" >Cr\u00e9ez des espaces conviviaux<\/a><\/li><\/ul><\/li><\/ul><\/nav><\/div>\n\n\n\n\n<p>Le Nouvel an est l\u2019occasion parfaite pour insuffler une nouvelle vie \u00e0 votre int\u00e9rieur en cr\u00e9ant une d\u00e9coration \u00e9blouissante et harmonieuse. L\u2019association ing\u00e9nieuse de vos meubles permettra de m\u00e9tamorphoser votre espace et de lui conf\u00e9rer une ambiance festive et accueillante.<\/p>\n\n\n\n<h2 class=\"wp-block-heading\"><span class=\"ez-toc-section\" id=\"Reflechissez_a_lagencement_spatial\"><\/span>R\u00e9fl\u00e9chissez \u00e0 l\u2019agencement spatial<span class=\"ez-toc-section-end\"><\/span><\/h2>\n\n\n\n<p>Avant de commencer par <a href=\"https:\/\/www.mobilier-design-occasion.fr\/magazine\/meubles-doccasion-5-astuces-pour-en-integrer-a-votre-decoration-moderne\/\">int\u00e9grer les meubles dans votre d\u00e9coration<\/a>, prenez le temps d\u2019\u00e9valuer leur agencement dans l\u2019espace. Assurez-vous que les meubles ne sont pas encombrants et qu\u2019ils permettent une circulation fluide. Optez pour une disposition qui encourage la convivialit\u00e9 et cr\u00e9e des <strong>espaces de d\u00e9tente<\/strong> pour vos invit\u00e9s. Jouez avec les angles et les configurations pour optimiser l\u2019<strong>espace disponible <\/strong>et garantir une ambiance accueillante.<\/p>\n\n\n\n<h2 class=\"wp-block-heading\"><span class=\"ez-toc-section\" id=\"Misez_sur_lharmonie_des_couleurs\"><\/span>Misez sur l\u2019harmonie des couleurs<span class=\"ez-toc-section-end\"><\/span><\/h2>\n\n\n\n<p>Les couleurs jouent un r\u00f4le important dans la cr\u00e9ation d\u2019une <strong>d\u00e9coration harmonieuse<\/strong>. Identifiez les teintes dominantes de vos meubles et utilisez-les comme point de d\u00e9part pour choisir la <strong>palette de couleurs<\/strong> pour votre d\u00e9coration de Nouvel An.&nbsp;<\/p>\n\n\n\n<p>Harmonisez les tons en ajoutant des accessoires, des coussins ou des <strong>\u00e9l\u00e9ments d\u00e9coratifs <\/strong>qui compl\u00e8tent subtilement la couleur de vos meubles. La coh\u00e9rence visuelle ainsi cr\u00e9\u00e9e donnera \u00e0 votre espace une sensation de continuit\u00e9 et d\u2019unit\u00e9.<\/p>\n\n\n\n<p>\u00c0 lire : <a href=\"https:\/\/www.mobilier-design-occasion.fr\/magazine\/comment-mettre-en-valeur-des-meubles-anciens-dans-la-decoration\/\">Comment mettre en valeur des meubles anciens dans la d\u00e9coration?<\/a><\/p>\n\n\n\n<h2 class=\"wp-block-heading\"><span class=\"ez-toc-section\" id=\"Equilibrez_les_elements_decoratifs\"><\/span>\u00c9quilibrez les \u00e9l\u00e9ments d\u00e9coratifs<span class=\"ez-toc-section-end\"><\/span><\/h2>\n\n\n\n<p>L\u2019\u00e9quilibre est essentiel pour une <strong>d\u00e9coration r\u00e9ussie<\/strong>. Lorsque vous ajoutez des \u00e9l\u00e9ments d\u00e9coratifs pour le Nouvel An, veillez \u00e0 \u00e9quilibrer les proportions et les styles. Utilisez des \u00e9l\u00e9ments vari\u00e9s tels que&nbsp;<\/p>\n\n\n\n<ul class=\"wp-block-list\">\n<li>Des vases<\/li>\n\n\n\n<li>Des bougies<\/li>\n\n\n\n<li>Des tapis&nbsp;<\/li>\n\n\n\n<li>Des \u0153uvres d\u2019art&nbsp;<\/li>\n<\/ul>\n\n\n\n<p>Veillez \u00e0 ne pas surcharger l\u2019espace. Int\u00e9grez-les de mani\u00e8re \u00e9quilibr\u00e9e autour de vos meubles pour cr\u00e9er un <strong>impact visuel <\/strong>sans \u00e9touffer la pi\u00e8ce.<\/p>\n\n\n\n<h2 class=\"wp-block-heading\"><span class=\"ez-toc-section\" id=\"Jouez_avec_la_lumiere\"><\/span>Jouez avec la lumi\u00e8re<span class=\"ez-toc-section-end\"><\/span><\/h2>\n\n\n\n<p>La lumi\u00e8re permet de m\u00e9tamorphoser l\u2019<strong>ambiance d\u2019une pi\u00e8ce<\/strong>. Exploitez les possibilit\u00e9s d\u2019\u00e9clairage pour cr\u00e9er une atmosph\u00e8re chaleureuse et accueillante pour la soir\u00e9e du Nouvel An. Utilisez des lampes d\u2019appoint, des guirlandes lumineuses ou des bougies pour apporter une luminosit\u00e9 douce et cr\u00e9er des zones d\u2019ombre et de lumi\u00e8re. Cela mettra en valeur vos meubles tout en ajoutant une <strong>ambiance festive <\/strong>\u00e0 l\u2019ensemble de la pi\u00e8ce.<\/p>\n\n\n\n<h2 class=\"wp-block-heading\"><span class=\"ez-toc-section\" id=\"Creez_des_espaces_conviviaux\"><\/span>Cr\u00e9ez des espaces conviviaux<span class=\"ez-toc-section-end\"><\/span><\/h2>\n\n\n\n<p>Pensez \u00e0 cr\u00e9er des <strong>espaces de convivialit\u00e9<\/strong> autour de vos meubles. Disposez des assises confortables pr\u00e8s des canap\u00e9s ou des fauteuils pour encourager les conversations et la d\u00e9tente. Ajoutez des petites tables d\u2019appoint pour permettre \u00e0 vos invit\u00e9s de poser leurs boissons ou leurs snacks. Ces petits ajustements transformeront l\u2019ambiance de votre espace et favoriseront des moments inoubliables lors du passage \u00e0 la <strong>nouvelle ann\u00e9e<\/strong>.Ne manquez pas notre article sur : <a href=\"https:\/\/www.mobilier-design-occasion.fr\/magazine\/decoration-interieure-pourquoi-le-mobilier-design-doccasion-reste-un-bon-choix\/\">D\u00e9coration int\u00e9rieure : pourquoi le mobilier design d\u2019occasion reste un bon choix\u2009?<\/a><\/p>\n","protected":false},"excerpt":{"rendered":"<p>Comment cr\u00e9er une d\u00e9coration harmonieuse avec ses meubles pour le Nouvel An ? Le Nouvel an est l\u2019occasion parfaite pour insuffler une nouvelle vie \u00e0 votre int\u00e9rieur en cr\u00e9ant une d\u00e9coration \u00e9blouissante et harmonieuse. L\u2019association ing\u00e9nieuse de vos meubles permettra de m\u00e9tamorphoser votre espace et de lui conf\u00e9rer une ambiance festive et accueillante. R\u00e9fl\u00e9chissez \u00e0 [&hellip;]<\/p>\n","protected":false},"author":2,"featured_media":7400,"comment_status":"open","ping_status":"open","sticky":false,"template":"","format":"standard","meta":{"footnotes":""},"categories":[127],"tags":[191,166,186,133],"class_list":["post-7399","post","type-post","status-publish","format-standard","has-post-thumbnail","hentry","category-salle-a-manger","tag-fete","tag-noel","tag-table","tag-vintage"],"yoast_head":"<!-- This site is optimized with the Yoast SEO plugin v27.5 - https:\/\/yoast.com\/product\/yoast-seo-wordpress\/ -->\n<title>Nouvel an : Astuces pour une d\u00e9coration en harmonie avec vos meubles - Mobilier Design Magazine<\/title>\n<meta name=\"robots\" content=\"index, follow, max-snippet:-1, max-image-preview:large, max-video-preview:-1\" \/>\n<link rel=\"canonical\" href=\"https:\/\/www.mobilier-design-occasion.fr\/magazine\/nouvel-an-astuces-pour-une-decoration-en-harmonie-avec-vos-meubles\/\" \/>\n<meta property=\"og:locale\" content=\"fr_FR\" \/>\n<meta property=\"og:type\" content=\"article\" \/>\n<meta property=\"og:title\" content=\"Nouvel an : Astuces pour une d\u00e9coration en harmonie avec vos meubles - Mobilier Design Magazine\" \/>\n<meta property=\"og:description\" content=\"Comment cr\u00e9er une d\u00e9coration harmonieuse avec ses meubles pour le Nouvel An ? Le Nouvel an est l\u2019occasion parfaite pour insuffler une nouvelle vie \u00e0 votre int\u00e9rieur en cr\u00e9ant une d\u00e9coration \u00e9blouissante et harmonieuse. L\u2019association ing\u00e9nieuse de vos meubles permettra de m\u00e9tamorphoser votre espace et de lui conf\u00e9rer une ambiance festive et accueillante. R\u00e9fl\u00e9chissez \u00e0 [&hellip;]\" \/>\n<meta property=\"og:url\" content=\"https:\/\/www.mobilier-design-occasion.fr\/magazine\/nouvel-an-astuces-pour-une-decoration-en-harmonie-avec-vos-meubles\/\" \/>\n<meta property=\"og:site_name\" content=\"Mobilier Design Magazine\" \/>\n<meta property=\"article:publisher\" content=\"https:\/\/www.facebook.com\/mobilierdesignoccasion\" \/>\n<meta property=\"article:published_time\" content=\"2023-12-17T08:15:52+00:00\" \/>\n<meta property=\"og:image\" content=\"https:\/\/www.mobilier-design-occasion.fr\/magazine\/wp-content\/uploads\/2023\/12\/table-fete-975x1024.png\" \/>\n\t<meta property=\"og:image:width\" content=\"975\" \/>\n\t<meta property=\"og:image:height\" content=\"1024\" \/>\n\t<meta property=\"og:image:type\" content=\"image\/png\" \/>\n<meta name=\"author\" content=\"Vincent Vandegans\" \/>\n<meta name=\"twitter:card\" content=\"summary_large_image\" \/>\n<meta name=\"twitter:label1\" content=\"\u00c9crit par\" \/>\n\t<meta name=\"twitter:data1\" content=\"Vincent Vandegans\" \/>\n\t<meta name=\"twitter:label2\" content=\"Dur\u00e9e de lecture estim\u00e9e\" \/>\n\t<meta name=\"twitter:data2\" content=\"3 minutes\" \/>\n<script type=\"application\/ld+json\" class=\"yoast-schema-graph\">{\"@context\":\"https:\\\/\\\/schema.org\",\"@graph\":[{\"@type\":\"Article\",\"@id\":\"https:\\\/\\\/www.mobilier-design-occasion.fr\\\/magazine\\\/nouvel-an-astuces-pour-une-decoration-en-harmonie-avec-vos-meubles\\\/#article\",\"isPartOf\":{\"@id\":\"https:\\\/\\\/www.mobilier-design-occasion.fr\\\/magazine\\\/nouvel-an-astuces-pour-une-decoration-en-harmonie-avec-vos-meubles\\\/\"},\"author\":{\"name\":\"Vincent Vandegans\",\"@id\":\"https:\\\/\\\/www.mobilier-design-occasion.fr\\\/magazine\\\/#\\\/schema\\\/person\\\/af895bedc80bfb6b17730a672fddac9e\"},\"headline\":\"Nouvel an : Astuces pour une d\u00e9coration en harmonie avec vos meubles\",\"datePublished\":\"2023-12-17T08:15:52+00:00\",\"mainEntityOfPage\":{\"@id\":\"https:\\\/\\\/www.mobilier-design-occasion.fr\\\/magazine\\\/nouvel-an-astuces-pour-une-decoration-en-harmonie-avec-vos-meubles\\\/\"},\"wordCount\":520,\"commentCount\":0,\"publisher\":{\"@id\":\"https:\\\/\\\/www.mobilier-design-occasion.fr\\\/magazine\\\/#organization\"},\"image\":{\"@id\":\"https:\\\/\\\/www.mobilier-design-occasion.fr\\\/magazine\\\/nouvel-an-astuces-pour-une-decoration-en-harmonie-avec-vos-meubles\\\/#primaryimage\"},\"thumbnailUrl\":\"https:\\\/\\\/www.mobilier-design-occasion.fr\\\/magazine\\\/wp-content\\\/uploads\\\/2023\\\/12\\\/table-fete.png\",\"keywords\":[\"f\u00eate\",\"noel\",\"table\",\"Vintage\"],\"articleSection\":[\"Salle \u00e0 manger\"],\"inLanguage\":\"fr-FR\",\"potentialAction\":[{\"@type\":\"CommentAction\",\"name\":\"Comment\",\"target\":[\"https:\\\/\\\/www.mobilier-design-occasion.fr\\\/magazine\\\/nouvel-an-astuces-pour-une-decoration-en-harmonie-avec-vos-meubles\\\/#respond\"]}]},{\"@type\":\"WebPage\",\"@id\":\"https:\\\/\\\/www.mobilier-design-occasion.fr\\\/magazine\\\/nouvel-an-astuces-pour-une-decoration-en-harmonie-avec-vos-meubles\\\/\",\"url\":\"https:\\\/\\\/www.mobilier-design-occasion.fr\\\/magazine\\\/nouvel-an-astuces-pour-une-decoration-en-harmonie-avec-vos-meubles\\\/\",\"name\":\"Nouvel an : Astuces pour une d\u00e9coration en harmonie avec vos meubles - Mobilier Design Magazine\",\"isPartOf\":{\"@id\":\"https:\\\/\\\/www.mobilier-design-occasion.fr\\\/magazine\\\/#website\"},\"primaryImageOfPage\":{\"@id\":\"https:\\\/\\\/www.mobilier-design-occasion.fr\\\/magazine\\\/nouvel-an-astuces-pour-une-decoration-en-harmonie-avec-vos-meubles\\\/#primaryimage\"},\"image\":{\"@id\":\"https:\\\/\\\/www.mobilier-design-occasion.fr\\\/magazine\\\/nouvel-an-astuces-pour-une-decoration-en-harmonie-avec-vos-meubles\\\/#primaryimage\"},\"thumbnailUrl\":\"https:\\\/\\\/www.mobilier-design-occasion.fr\\\/magazine\\\/wp-content\\\/uploads\\\/2023\\\/12\\\/table-fete.png\",\"datePublished\":\"2023-12-17T08:15:52+00:00\",\"breadcrumb\":{\"@id\":\"https:\\\/\\\/www.mobilier-design-occasion.fr\\\/magazine\\\/nouvel-an-astuces-pour-une-decoration-en-harmonie-avec-vos-meubles\\\/#breadcrumb\"},\"inLanguage\":\"fr-FR\",\"potentialAction\":[{\"@type\":\"ReadAction\",\"target\":[\"https:\\\/\\\/www.mobilier-design-occasion.fr\\\/magazine\\\/nouvel-an-astuces-pour-une-decoration-en-harmonie-avec-vos-meubles\\\/\"]}]},{\"@type\":\"ImageObject\",\"inLanguage\":\"fr-FR\",\"@id\":\"https:\\\/\\\/www.mobilier-design-occasion.fr\\\/magazine\\\/nouvel-an-astuces-pour-une-decoration-en-harmonie-avec-vos-meubles\\\/#primaryimage\",\"url\":\"https:\\\/\\\/www.mobilier-design-occasion.fr\\\/magazine\\\/wp-content\\\/uploads\\\/2023\\\/12\\\/table-fete.png\",\"contentUrl\":\"https:\\\/\\\/www.mobilier-design-occasion.fr\\\/magazine\\\/wp-content\\\/uploads\\\/2023\\\/12\\\/table-fete.png\",\"width\":1215,\"height\":1276},{\"@type\":\"BreadcrumbList\",\"@id\":\"https:\\\/\\\/www.mobilier-design-occasion.fr\\\/magazine\\\/nouvel-an-astuces-pour-une-decoration-en-harmonie-avec-vos-meubles\\\/#breadcrumb\",\"itemListElement\":[{\"@type\":\"ListItem\",\"position\":1,\"name\":\"Accueil\",\"item\":\"https:\\\/\\\/www.mobilier-design-occasion.fr\\\/magazine\\\/\"},{\"@type\":\"ListItem\",\"position\":2,\"name\":\"Nouvel an : Astuces pour une d\u00e9coration en harmonie avec vos meubles\"}]},{\"@type\":\"WebSite\",\"@id\":\"https:\\\/\\\/www.mobilier-design-occasion.fr\\\/magazine\\\/#website\",\"url\":\"https:\\\/\\\/www.mobilier-design-occasion.fr\\\/magazine\\\/\",\"name\":\"Mobilier Design Magazine\",\"description\":\"\",\"publisher\":{\"@id\":\"https:\\\/\\\/www.mobilier-design-occasion.fr\\\/magazine\\\/#organization\"},\"potentialAction\":[{\"@type\":\"SearchAction\",\"target\":{\"@type\":\"EntryPoint\",\"urlTemplate\":\"https:\\\/\\\/www.mobilier-design-occasion.fr\\\/magazine\\\/?s={search_term_string}\"},\"query-input\":{\"@type\":\"PropertyValueSpecification\",\"valueRequired\":true,\"valueName\":\"search_term_string\"}}],\"inLanguage\":\"fr-FR\"},{\"@type\":\"Organization\",\"@id\":\"https:\\\/\\\/www.mobilier-design-occasion.fr\\\/magazine\\\/#organization\",\"name\":\"Mobilier Design Magazine\",\"url\":\"https:\\\/\\\/www.mobilier-design-occasion.fr\\\/magazine\\\/\",\"logo\":{\"@type\":\"ImageObject\",\"inLanguage\":\"fr-FR\",\"@id\":\"https:\\\/\\\/www.mobilier-design-occasion.fr\\\/magazine\\\/#\\\/schema\\\/logo\\\/image\\\/\",\"url\":\"https:\\\/\\\/www.mobilier-design-occasion.fr\\\/magazine\\\/wp-content\\\/uploads\\\/2024\\\/02\\\/android-chrome-192x192-1.png\",\"contentUrl\":\"https:\\\/\\\/www.mobilier-design-occasion.fr\\\/magazine\\\/wp-content\\\/uploads\\\/2024\\\/02\\\/android-chrome-192x192-1.png\",\"width\":192,\"height\":192,\"caption\":\"Mobilier Design Magazine\"},\"image\":{\"@id\":\"https:\\\/\\\/www.mobilier-design-occasion.fr\\\/magazine\\\/#\\\/schema\\\/logo\\\/image\\\/\"},\"sameAs\":[\"https:\\\/\\\/www.facebook.com\\\/mobilierdesignoccasion\"]},{\"@type\":\"Person\",\"@id\":\"https:\\\/\\\/www.mobilier-design-occasion.fr\\\/magazine\\\/#\\\/schema\\\/person\\\/af895bedc80bfb6b17730a672fddac9e\",\"name\":\"Vincent Vandegans\",\"image\":{\"@type\":\"ImageObject\",\"inLanguage\":\"fr-FR\",\"@id\":\"https:\\\/\\\/secure.gravatar.com\\\/avatar\\\/b984800dabdf722d5e3f03f637c8932dea77d81118467d17ad2953e3b273ec66?s=96&d=mm&r=g\",\"url\":\"https:\\\/\\\/secure.gravatar.com\\\/avatar\\\/b984800dabdf722d5e3f03f637c8932dea77d81118467d17ad2953e3b273ec66?s=96&d=mm&r=g\",\"contentUrl\":\"https:\\\/\\\/secure.gravatar.com\\\/avatar\\\/b984800dabdf722d5e3f03f637c8932dea77d81118467d17ad2953e3b273ec66?s=96&d=mm&r=g\",\"caption\":\"Vincent Vandegans\"},\"description\":\"Vincent est passionn\u00e9 par les produits d'occasion, il a ouvert le site MDO avec Cyrielle pour aider les gens \u00e0 trouver du mobilier d'occasion, vintage ou usag\u00e9. Depuis, ils ont \u00e9tendu leurs activit\u00e9s et conseillent tout le monde sur le mobilier d'int\u00e9rieur et d'ext\u00e9rieur au quotidien \u00e0 travers le magazine MDO.\",\"url\":\"https:\\\/\\\/www.mobilier-design-occasion.fr\\\/magazine\\\/author\\\/vincent\\\/\"}]}<\/script>\n<!-- \/ Yoast SEO plugin. -->","yoast_head_json":{"title":"Nouvel an : Astuces pour une d\u00e9coration en harmonie avec vos meubles - Mobilier Design Magazine","robots":{"index":"index","follow":"follow","max-snippet":"max-snippet:-1","max-image-preview":"max-image-preview:large","max-video-preview":"max-video-preview:-1"},"canonical":"https:\/\/www.mobilier-design-occasion.fr\/magazine\/nouvel-an-astuces-pour-une-decoration-en-harmonie-avec-vos-meubles\/","og_locale":"fr_FR","og_type":"article","og_title":"Nouvel an : Astuces pour une d\u00e9coration en harmonie avec vos meubles - Mobilier Design Magazine","og_description":"Comment cr\u00e9er une d\u00e9coration harmonieuse avec ses meubles pour le Nouvel An ? Le Nouvel an est l\u2019occasion parfaite pour insuffler une nouvelle vie \u00e0 votre int\u00e9rieur en cr\u00e9ant une d\u00e9coration \u00e9blouissante et harmonieuse. L\u2019association ing\u00e9nieuse de vos meubles permettra de m\u00e9tamorphoser votre espace et de lui conf\u00e9rer une ambiance festive et accueillante. R\u00e9fl\u00e9chissez \u00e0 [&hellip;]","og_url":"https:\/\/www.mobilier-design-occasion.fr\/magazine\/nouvel-an-astuces-pour-une-decoration-en-harmonie-avec-vos-meubles\/","og_site_name":"Mobilier Design Magazine","article_publisher":"https:\/\/www.facebook.com\/mobilierdesignoccasion","article_published_time":"2023-12-17T08:15:52+00:00","og_image":[{"width":975,"height":1024,"url":"https:\/\/www.mobilier-design-occasion.fr\/magazine\/wp-content\/uploads\/2023\/12\/table-fete-975x1024.png","type":"image\/png"}],"author":"Vincent Vandegans","twitter_card":"summary_large_image","twitter_misc":{"\u00c9crit par":"Vincent Vandegans","Dur\u00e9e de lecture estim\u00e9e":"3 minutes"},"schema":{"@context":"https:\/\/schema.org","@graph":[{"@type":"Article","@id":"https:\/\/www.mobilier-design-occasion.fr\/magazine\/nouvel-an-astuces-pour-une-decoration-en-harmonie-avec-vos-meubles\/#article","isPartOf":{"@id":"https:\/\/www.mobilier-design-occasion.fr\/magazine\/nouvel-an-astuces-pour-une-decoration-en-harmonie-avec-vos-meubles\/"},"author":{"name":"Vincent Vandegans","@id":"https:\/\/www.mobilier-design-occasion.fr\/magazine\/#\/schema\/person\/af895bedc80bfb6b17730a672fddac9e"},"headline":"Nouvel an : Astuces pour une d\u00e9coration en harmonie avec vos meubles","datePublished":"2023-12-17T08:15:52+00:00","mainEntityOfPage":{"@id":"https:\/\/www.mobilier-design-occasion.fr\/magazine\/nouvel-an-astuces-pour-une-decoration-en-harmonie-avec-vos-meubles\/"},"wordCount":520,"commentCount":0,"publisher":{"@id":"https:\/\/www.mobilier-design-occasion.fr\/magazine\/#organization"},"image":{"@id":"https:\/\/www.mobilier-design-occasion.fr\/magazine\/nouvel-an-astuces-pour-une-decoration-en-harmonie-avec-vos-meubles\/#primaryimage"},"thumbnailUrl":"https:\/\/www.mobilier-design-occasion.fr\/magazine\/wp-content\/uploads\/2023\/12\/table-fete.png","keywords":["f\u00eate","noel","table","Vintage"],"articleSection":["Salle \u00e0 manger"],"inLanguage":"fr-FR","potentialAction":[{"@type":"CommentAction","name":"Comment","target":["https:\/\/www.mobilier-design-occasion.fr\/magazine\/nouvel-an-astuces-pour-une-decoration-en-harmonie-avec-vos-meubles\/#respond"]}]},{"@type":"WebPage","@id":"https:\/\/www.mobilier-design-occasion.fr\/magazine\/nouvel-an-astuces-pour-une-decoration-en-harmonie-avec-vos-meubles\/","url":"https:\/\/www.mobilier-design-occasion.fr\/magazine\/nouvel-an-astuces-pour-une-decoration-en-harmonie-avec-vos-meubles\/","name":"Nouvel an : Astuces pour une d\u00e9coration en harmonie avec vos meubles - Mobilier Design Magazine","isPartOf":{"@id":"https:\/\/www.mobilier-design-occasion.fr\/magazine\/#website"},"primaryImageOfPage":{"@id":"https:\/\/www.mobilier-design-occasion.fr\/magazine\/nouvel-an-astuces-pour-une-decoration-en-harmonie-avec-vos-meubles\/#primaryimage"},"image":{"@id":"https:\/\/www.mobilier-design-occasion.fr\/magazine\/nouvel-an-astuces-pour-une-decoration-en-harmonie-avec-vos-meubles\/#primaryimage"},"thumbnailUrl":"https:\/\/www.mobilier-design-occasion.fr\/magazine\/wp-content\/uploads\/2023\/12\/table-fete.png","datePublished":"2023-12-17T08:15:52+00:00","breadcrumb":{"@id":"https:\/\/www.mobilier-design-occasion.fr\/magazine\/nouvel-an-astuces-pour-une-decoration-en-harmonie-avec-vos-meubles\/#breadcrumb"},"inLanguage":"fr-FR","potentialAction":[{"@type":"ReadAction","target":["https:\/\/www.mobilier-design-occasion.fr\/magazine\/nouvel-an-astuces-pour-une-decoration-en-harmonie-avec-vos-meubles\/"]}]},{"@type":"ImageObject","inLanguage":"fr-FR","@id":"https:\/\/www.mobilier-design-occasion.fr\/magazine\/nouvel-an-astuces-pour-une-decoration-en-harmonie-avec-vos-meubles\/#primaryimage","url":"https:\/\/www.mobilier-design-occasion.fr\/magazine\/wp-content\/uploads\/2023\/12\/table-fete.png","contentUrl":"https:\/\/www.mobilier-design-occasion.fr\/magazine\/wp-content\/uploads\/2023\/12\/table-fete.png","width":1215,"height":1276},{"@type":"BreadcrumbList","@id":"https:\/\/www.mobilier-design-occasion.fr\/magazine\/nouvel-an-astuces-pour-une-decoration-en-harmonie-avec-vos-meubles\/#breadcrumb","itemListElement":[{"@type":"ListItem","position":1,"name":"Accueil","item":"https:\/\/www.mobilier-design-occasion.fr\/magazine\/"},{"@type":"ListItem","position":2,"name":"Nouvel an : Astuces pour une d\u00e9coration en harmonie avec vos meubles"}]},{"@type":"WebSite","@id":"https:\/\/www.mobilier-design-occasion.fr\/magazine\/#website","url":"https:\/\/www.mobilier-design-occasion.fr\/magazine\/","name":"Mobilier Design Magazine","description":"","publisher":{"@id":"https:\/\/www.mobilier-design-occasion.fr\/magazine\/#organization"},"potentialAction":[{"@type":"SearchAction","target":{"@type":"EntryPoint","urlTemplate":"https:\/\/www.mobilier-design-occasion.fr\/magazine\/?s={search_term_string}"},"query-input":{"@type":"PropertyValueSpecification","valueRequired":true,"valueName":"search_term_string"}}],"inLanguage":"fr-FR"},{"@type":"Organization","@id":"https:\/\/www.mobilier-design-occasion.fr\/magazine\/#organization","name":"Mobilier Design Magazine","url":"https:\/\/www.mobilier-design-occasion.fr\/magazine\/","logo":{"@type":"ImageObject","inLanguage":"fr-FR","@id":"https:\/\/www.mobilier-design-occasion.fr\/magazine\/#\/schema\/logo\/image\/","url":"https:\/\/www.mobilier-design-occasion.fr\/magazine\/wp-content\/uploads\/2024\/02\/android-chrome-192x192-1.png","contentUrl":"https:\/\/www.mobilier-design-occasion.fr\/magazine\/wp-content\/uploads\/2024\/02\/android-chrome-192x192-1.png","width":192,"height":192,"caption":"Mobilier Design Magazine"},"image":{"@id":"https:\/\/www.mobilier-design-occasion.fr\/magazine\/#\/schema\/logo\/image\/"},"sameAs":["https:\/\/www.facebook.com\/mobilierdesignoccasion"]},{"@type":"Person","@id":"https:\/\/www.mobilier-design-occasion.fr\/magazine\/#\/schema\/person\/af895bedc80bfb6b17730a672fddac9e","name":"Vincent Vandegans","image":{"@type":"ImageObject","inLanguage":"fr-FR","@id":"https:\/\/secure.gravatar.com\/avatar\/b984800dabdf722d5e3f03f637c8932dea77d81118467d17ad2953e3b273ec66?s=96&d=mm&r=g","url":"https:\/\/secure.gravatar.com\/avatar\/b984800dabdf722d5e3f03f637c8932dea77d81118467d17ad2953e3b273ec66?s=96&d=mm&r=g","contentUrl":"https:\/\/secure.gravatar.com\/avatar\/b984800dabdf722d5e3f03f637c8932dea77d81118467d17ad2953e3b273ec66?s=96&d=mm&r=g","caption":"Vincent Vandegans"},"description":"Vincent est passionn\u00e9 par les produits d'occasion, il a ouvert le site MDO avec Cyrielle pour aider les gens \u00e0 trouver du mobilier d'occasion, vintage ou usag\u00e9. Depuis, ils ont \u00e9tendu leurs activit\u00e9s et conseillent tout le monde sur le mobilier d'int\u00e9rieur et d'ext\u00e9rieur au quotidien \u00e0 travers le magazine MDO.","url":"https:\/\/www.mobilier-design-occasion.fr\/magazine\/author\/vincent\/"}]}},"_links":{"self":[{"href":"https:\/\/www.mobilier-design-occasion.fr\/magazine\/wp-json\/wp\/v2\/posts\/7399","targetHints":{"allow":["GET"]}}],"collection":[{"href":"https:\/\/www.mobilier-design-occasion.fr\/magazine\/wp-json\/wp\/v2\/posts"}],"about":[{"href":"https:\/\/www.mobilier-design-occasion.fr\/magazine\/wp-json\/wp\/v2\/types\/post"}],"author":[{"embeddable":true,"href":"https:\/\/www.mobilier-design-occasion.fr\/magazine\/wp-json\/wp\/v2\/users\/2"}],"replies":[{"embeddable":true,"href":"https:\/\/www.mobilier-design-occasion.fr\/magazine\/wp-json\/wp\/v2\/comments?post=7399"}],"version-history":[{"count":1,"href":"https:\/\/www.mobilier-design-occasion.fr\/magazine\/wp-json\/wp\/v2\/posts\/7399\/revisions"}],"predecessor-version":[{"id":7401,"href":"https:\/\/www.mobilier-design-occasion.fr\/magazine\/wp-json\/wp\/v2\/posts\/7399\/revisions\/7401"}],"wp:featuredmedia":[{"embeddable":true,"href":"https:\/\/www.mobilier-design-occasion.fr\/magazine\/wp-json\/wp\/v2\/media\/7400"}],"wp:attachment":[{"href":"https:\/\/www.mobilier-design-occasion.fr\/magazine\/wp-json\/wp\/v2\/media?parent=7399"}],"wp:term":[{"taxonomy":"category","embeddable":true,"href":"https:\/\/www.mobilier-design-occasion.fr\/magazine\/wp-json\/wp\/v2\/categories?post=7399"},{"taxonomy":"post_tag","embeddable":true,"href":"https:\/\/www.mobilier-design-occasion.fr\/magazine\/wp-json\/wp\/v2\/tags?post=7399"}],"curies":[{"name":"wp","href":"https:\/\/api.w.org\/{rel}","templated":true}]}}