{"id":7396,"date":"2023-12-16T08:13:27","date_gmt":"2023-12-16T08:13:27","guid":{"rendered":"https:\/\/www.mobilier-design-occasion.fr\/magazine\/?p=7396"},"modified":"2023-12-15T08:15:35","modified_gmt":"2023-12-15T08:15:35","slug":"mobilier-vintage-comment-creer-une-ambiance-authentique-dans-votre-salon","status":"publish","type":"post","link":"https:\/\/www.mobilier-design-occasion.fr\/magazine\/mobilier-vintage-comment-creer-une-ambiance-authentique-dans-votre-salon\/","title":{"rendered":"Mobilier vintage : Comment cr\u00e9er une ambiance authentique dans votre salon ?"},"content":{"rendered":"\n<figure class=\"wp-block-image size-large\"><img loading=\"lazy\" decoding=\"async\" width=\"1024\" height=\"683\" src=\"https:\/\/www.mobilier-design-occasion.fr\/magazine\/wp-content\/uploads\/2023\/12\/soupiere-orange-1024x683.webp\" alt=\"\" class=\"wp-image-7397\" srcset=\"https:\/\/www.mobilier-design-occasion.fr\/magazine\/wp-content\/uploads\/2023\/12\/soupiere-orange-1024x683.webp 1024w, https:\/\/www.mobilier-design-occasion.fr\/magazine\/wp-content\/uploads\/2023\/12\/soupiere-orange-300x200.webp 300w, https:\/\/www.mobilier-design-occasion.fr\/magazine\/wp-content\/uploads\/2023\/12\/soupiere-orange-768x512.webp 768w, https:\/\/www.mobilier-design-occasion.fr\/magazine\/wp-content\/uploads\/2023\/12\/soupiere-orange-1536x1024.webp 1536w, https:\/\/www.mobilier-design-occasion.fr\/magazine\/wp-content\/uploads\/2023\/12\/soupiere-orange-810x540.webp 810w, https:\/\/www.mobilier-design-occasion.fr\/magazine\/wp-content\/uploads\/2023\/12\/soupiere-orange-1140x760.webp 1140w, https:\/\/www.mobilier-design-occasion.fr\/magazine\/wp-content\/uploads\/2023\/12\/soupiere-orange.webp 1716w\" sizes=\"auto, (max-width: 1024px) 100vw, 1024px\" \/><\/figure>\n\n\n\n<h1 class=\"wp-block-heading\"><span class=\"ez-toc-section\" id=\"Comment_decorer_votre_salon_avec_du_mobilier_vintage\"><\/span>Comment d\u00e9corer votre salon avec du mobilier vintage ?<span class=\"ez-toc-section-end\"><\/span><\/h1><div id=\"ez-toc-container\" class=\"ez-toc-v2_0_82_2 counter-hierarchy ez-toc-counter ez-toc-grey ez-toc-container-direction\">\n<div class=\"ez-toc-title-container\">\n<span class=\"ez-toc-title-toggle\"><a href=\"#\" class=\"ez-toc-pull-right ez-toc-btn ez-toc-btn-xs ez-toc-btn-default ez-toc-toggle\" aria-label=\"Toggle Table of Content\"><span class=\"ez-toc-js-icon-con\"><span class=\"\"><span class=\"eztoc-hide\" style=\"display:none;\">Toggle<\/span><span class=\"ez-toc-icon-toggle-span\"><svg style=\"fill: #999;color:#999\" xmlns=\"http:\/\/www.w3.org\/2000\/svg\" class=\"list-377408\" width=\"20px\" height=\"20px\" viewBox=\"0 0 24 24\" fill=\"none\"><path d=\"M6 6H4v2h2V6zm14 0H8v2h12V6zM4 11h2v2H4v-2zm16 0H8v2h12v-2zM4 16h2v2H4v-2zm16 0H8v2h12v-2z\" fill=\"currentColor\"><\/path><\/svg><svg style=\"fill: #999;color:#999\" class=\"arrow-unsorted-368013\" xmlns=\"http:\/\/www.w3.org\/2000\/svg\" width=\"10px\" height=\"10px\" viewBox=\"0 0 24 24\" version=\"1.2\" baseProfile=\"tiny\"><path d=\"M18.2 9.3l-6.2-6.3-6.2 6.3c-.2.2-.3.4-.3.7s.1.5.3.7c.2.2.4.3.7.3h11c.3 0 .5-.1.7-.3.2-.2.3-.5.3-.7s-.1-.5-.3-.7zM5.8 14.7l6.2 6.3 6.2-6.3c.2-.2.3-.5.3-.7s-.1-.5-.3-.7c-.2-.2-.4-.3-.7-.3h-11c-.3 0-.5.1-.7.3-.2.2-.3.5-.3.7s.1.5.3.7z\"\/><\/svg><\/span><\/span><\/span><\/a><\/span><\/div>\n<nav><ul class='ez-toc-list ez-toc-list-level-1 eztoc-toggle-hide-by-default' ><li class='ez-toc-page-1 ez-toc-heading-level-1'><a class=\"ez-toc-link ez-toc-heading-1\" href=\"https:\/\/www.mobilier-design-occasion.fr\/magazine\/mobilier-vintage-comment-creer-une-ambiance-authentique-dans-votre-salon\/#Comment_decorer_votre_salon_avec_du_mobilier_vintage\" >Comment d\u00e9corer votre salon avec du mobilier vintage ?<\/a><ul class='ez-toc-list-level-2' ><li class='ez-toc-heading-level-2'><a class=\"ez-toc-link ez-toc-heading-2\" href=\"https:\/\/www.mobilier-design-occasion.fr\/magazine\/mobilier-vintage-comment-creer-une-ambiance-authentique-dans-votre-salon\/#Choisissez_une_piece_maitresse_emblematique\" >Choisissez une pi\u00e8ce ma\u00eetresse embl\u00e9matique<\/a><\/li><li class='ez-toc-page-1 ez-toc-heading-level-2'><a class=\"ez-toc-link ez-toc-heading-3\" href=\"https:\/\/www.mobilier-design-occasion.fr\/magazine\/mobilier-vintage-comment-creer-une-ambiance-authentique-dans-votre-salon\/#Melangez_les_epoques_avec_harmonie\" >M\u00e9langez les \u00e9poques avec harmonie<\/a><\/li><li class='ez-toc-page-1 ez-toc-heading-level-2'><a class=\"ez-toc-link ez-toc-heading-4\" href=\"https:\/\/www.mobilier-design-occasion.fr\/magazine\/mobilier-vintage-comment-creer-une-ambiance-authentique-dans-votre-salon\/#Restaurez_et_personnalisez\" >Restaurez et personnalisez<\/a><\/li><li class='ez-toc-page-1 ez-toc-heading-level-2'><a class=\"ez-toc-link ez-toc-heading-5\" href=\"https:\/\/www.mobilier-design-occasion.fr\/magazine\/mobilier-vintage-comment-creer-une-ambiance-authentique-dans-votre-salon\/#Accessoirisez_avec_des_objets_vintage\" >Accessoirisez avec des objets vintage<\/a><\/li><\/ul><\/li><\/ul><\/nav><\/div>\n\n\n\n\n<p>Le mobilier vintage apporte une touche intemporelle et \u00e9l\u00e9gante \u00e0 tout espace, transformant votre salon en un lieu de charme r\u00e9tro. L\u2019art de d\u00e9corer avec du mobilier vintage r\u00e9side dans la fusion habile du pass\u00e9 et du pr\u00e9sent. Ce type de d\u00e9coration offre une ambiance unique et chaleureuse \u00e0 votre int\u00e9rieur.<\/p>\n\n\n\n<h2 class=\"wp-block-heading\"><span class=\"ez-toc-section\" id=\"Choisissez_une_piece_maitresse_emblematique\"><\/span>Choisissez une pi\u00e8ce ma\u00eetresse embl\u00e9matique<span class=\"ez-toc-section-end\"><\/span><\/h2>\n\n\n\n<p>Choisissez une <strong>pi\u00e8ce ma\u00eetresse<\/strong> embl\u00e9matique qui servira de point focal \u00e0 votre salon. Du fauteuil club des ann\u00e9es 1920 \u00e0 la <a href=\"https:\/\/www.mobilier-design-occasion.fr\/magazine\/comment-acheter-une-table-basse-pas-chere-sans-compromettre-la-qualite-7-etapes\/\">table basse<\/a> en formica des ann\u00e9es 1950, chaque <a href=\"https:\/\/www.mobilier-design-occasion.fr\/magazine\/meubles-vintage-pour-une-decoration-interieure-intemporelle\/\">meuble vintage<\/a> poss\u00e8de son propre charme et sa propre histoire. Voici un tableau illustrant diff\u00e9rents meubles, leur \u00e2ge et leur importance :<\/p>\n\n\n\n<figure class=\"wp-block-table\"><table><tbody><tr><td><strong>Meuble<\/strong><\/td><td><strong>\u00c2ge<\/strong><\/td><td><strong>Importance<\/strong><\/td><\/tr><tr><td>Fauteuil club<\/td><td>Ann\u00e9es 1920<\/td><td>Classique et confortable, apporte une touche \u00e9l\u00e9gante<\/td><\/tr><tr><td>Table basse en formica<\/td><td>Ann\u00e9es 1950<\/td><td>Embl\u00e8me du design r\u00e9tro, color\u00e9e et polyvalente<\/td><\/tr><tr><td>Buffet scandinave<\/td><td>Ann\u00e9es 1960<\/td><td>\u00c9l\u00e9gance \u00e9pur\u00e9e, id\u00e9al pour le rangement et la d\u00e9coration<\/td><\/tr><tr><td>Canap\u00e9 Chesterfield<\/td><td>Ann\u00e9es 1970<\/td><td>Iconique, associe confort et style vintage<\/td><\/tr><\/tbody><\/table><\/figure>\n\n\n\n<p>Ces meubles repr\u00e9sentent des \u00e9poques distinctes et peuvent \u00eatre int\u00e9gr\u00e9s avec succ\u00e8s dans un salon pour cr\u00e9er un m\u00e9lange captivant.<\/p>\n\n\n\n<p>\u00c0 lire : <a href=\"https:\/\/www.mobilier-design-occasion.fr\/magazine\/10-canapes-vintage-a-ne-pas-manquer\/\">10 canap\u00e9s Vintage \u00e0 ne pas manquer<\/a><\/p>\n\n\n\n<h2 class=\"wp-block-heading\"><span class=\"ez-toc-section\" id=\"Melangez_les_epoques_avec_harmonie\"><\/span>M\u00e9langez les \u00e9poques avec harmonie<span class=\"ez-toc-section-end\"><\/span><\/h2>\n\n\n\n<p>L\u2019harmonie entre les \u00e9poques est essentielle pour cr\u00e9er une <strong>d\u00e9coration vintage <\/strong>r\u00e9ussie. M\u00e9langer habilement des meubles de diff\u00e9rentes d\u00e9cennies permettra d&#8217;apporter une dimension unique \u00e0 votre salon.&nbsp;<\/p>\n\n\n\n<p>Par exemple, associer un fauteuil club des ann\u00e9es 1920 avec une table basse en formica des ann\u00e9es 1950 cr\u00e9e un contraste visuel int\u00e9ressant et pr\u00e9serve l\u2019<strong>authenticit\u00e9 de chaque \u00e9poque<\/strong>. Jouez avec les textures, les couleurs et les formes pour obtenir un \u00e9quilibre esth\u00e9tique.<\/p>\n\n\n\n<h2 class=\"wp-block-heading\"><span class=\"ez-toc-section\" id=\"Restaurez_et_personnalisez\"><\/span>Restaurez et personnalisez<span class=\"ez-toc-section-end\"><\/span><\/h2>\n\n\n\n<p>Lorsque vous investissez dans du <strong>mobilier vintage<\/strong>, la restauration et la personnalisation peuvent faire toute la diff\u00e9rence. Prenez le temps de restaurer les pi\u00e8ces pour leur redonner leur \u00e9clat d\u2019origine tout en les adaptant \u00e0 votre <strong>style personnel<\/strong>. R\u00e9parez les finitions, remplacez les tissus us\u00e9s et peaufinez les d\u00e9tails pour leur donner une <strong>nouvelle vie<\/strong>.<\/p>\n\n\n\n<h2 class=\"wp-block-heading\"><span class=\"ez-toc-section\" id=\"Accessoirisez_avec_des_objets_vintage\"><\/span>Accessoirisez avec des objets vintage<span class=\"ez-toc-section-end\"><\/span><\/h2>\n\n\n\n<p>Les accessoires jouent un r\u00f4le important dans l\u2019harmonisation de votre <strong>salon vintage<\/strong>. Ajoutez des <strong>\u00e9l\u00e9ments d\u00e9coratifs <\/strong>tels que :<\/p>\n\n\n\n<ul class=\"wp-block-list\">\n<li>Des lampes<\/li>\n\n\n\n<li>Des miroirs<\/li>\n\n\n\n<li>Des cadres photo<\/li>\n\n\n\n<li>Des vases<\/li>\n\n\n\n<li>Des horloges vintage<\/li>\n<\/ul>\n\n\n\n<p>Ces petits d\u00e9tails contribuent \u00e0 renforcer le style vintage de mani\u00e8re subtile et \u00e9l\u00e9gante.N\u2019oubliez de consulter notre article sur : <a href=\"https:\/\/www.mobilier-design-occasion.fr\/magazine\/les-tetes-de-lit-en-rotin-une-touche-vintage-et-naturelle-pour-votre-chambre\/\">Les t\u00eates de lit en rotin : une touche vintage et naturelle pour votre chambre<\/a><\/p>\n","protected":false},"excerpt":{"rendered":"<p>Comment d\u00e9corer votre salon avec du mobilier vintage ? Le mobilier vintage apporte une touche intemporelle et \u00e9l\u00e9gante \u00e0 tout espace, transformant votre salon en un lieu de charme r\u00e9tro. L\u2019art de d\u00e9corer avec du mobilier vintage r\u00e9side dans la fusion habile du pass\u00e9 et du pr\u00e9sent. Ce type de d\u00e9coration offre une ambiance unique [&hellip;]<\/p>\n","protected":false},"author":2,"featured_media":7397,"comment_status":"open","ping_status":"open","sticky":false,"template":"","format":"standard","meta":{"footnotes":""},"categories":[127],"tags":[190,142,133],"class_list":["post-7396","post","type-post","status-publish","format-standard","has-post-thumbnail","hentry","category-salle-a-manger","tag-ambiance","tag-fauteuil","tag-vintage"],"yoast_head":"<!-- This site is optimized with the Yoast SEO plugin v27.5 - https:\/\/yoast.com\/product\/yoast-seo-wordpress\/ -->\n<title>Mobilier vintage : Comment cr\u00e9er une ambiance authentique dans votre salon ? - Mobilier Design Magazine<\/title>\n<meta name=\"robots\" content=\"index, follow, max-snippet:-1, max-image-preview:large, max-video-preview:-1\" \/>\n<link rel=\"canonical\" href=\"https:\/\/www.mobilier-design-occasion.fr\/magazine\/mobilier-vintage-comment-creer-une-ambiance-authentique-dans-votre-salon\/\" \/>\n<meta property=\"og:locale\" content=\"fr_FR\" \/>\n<meta property=\"og:type\" content=\"article\" \/>\n<meta property=\"og:title\" content=\"Mobilier vintage : Comment cr\u00e9er une ambiance authentique dans votre salon ? - Mobilier Design Magazine\" \/>\n<meta property=\"og:description\" content=\"Comment d\u00e9corer votre salon avec du mobilier vintage ? Le mobilier vintage apporte une touche intemporelle et \u00e9l\u00e9gante \u00e0 tout espace, transformant votre salon en un lieu de charme r\u00e9tro. L\u2019art de d\u00e9corer avec du mobilier vintage r\u00e9side dans la fusion habile du pass\u00e9 et du pr\u00e9sent. Ce type de d\u00e9coration offre une ambiance unique [&hellip;]\" \/>\n<meta property=\"og:url\" content=\"https:\/\/www.mobilier-design-occasion.fr\/magazine\/mobilier-vintage-comment-creer-une-ambiance-authentique-dans-votre-salon\/\" \/>\n<meta property=\"og:site_name\" content=\"Mobilier Design Magazine\" \/>\n<meta property=\"article:publisher\" content=\"https:\/\/www.facebook.com\/mobilierdesignoccasion\" \/>\n<meta property=\"article:published_time\" content=\"2023-12-16T08:13:27+00:00\" \/>\n<meta property=\"og:image\" content=\"https:\/\/www.mobilier-design-occasion.fr\/magazine\/wp-content\/uploads\/2023\/12\/soupiere-orange.webp\" \/>\n\t<meta property=\"og:image:width\" content=\"1716\" \/>\n\t<meta property=\"og:image:height\" content=\"1144\" \/>\n\t<meta property=\"og:image:type\" content=\"image\/webp\" \/>\n<meta name=\"author\" content=\"Vincent Vandegans\" \/>\n<meta name=\"twitter:card\" content=\"summary_large_image\" \/>\n<meta name=\"twitter:label1\" content=\"\u00c9crit par\" \/>\n\t<meta name=\"twitter:data1\" content=\"Vincent Vandegans\" \/>\n\t<meta name=\"twitter:label2\" content=\"Dur\u00e9e de lecture estim\u00e9e\" \/>\n\t<meta name=\"twitter:data2\" content=\"2 minutes\" \/>\n<script type=\"application\/ld+json\" class=\"yoast-schema-graph\">{\"@context\":\"https:\\\/\\\/schema.org\",\"@graph\":[{\"@type\":\"Article\",\"@id\":\"https:\\\/\\\/www.mobilier-design-occasion.fr\\\/magazine\\\/mobilier-vintage-comment-creer-une-ambiance-authentique-dans-votre-salon\\\/#article\",\"isPartOf\":{\"@id\":\"https:\\\/\\\/www.mobilier-design-occasion.fr\\\/magazine\\\/mobilier-vintage-comment-creer-une-ambiance-authentique-dans-votre-salon\\\/\"},\"author\":{\"name\":\"Vincent Vandegans\",\"@id\":\"https:\\\/\\\/www.mobilier-design-occasion.fr\\\/magazine\\\/#\\\/schema\\\/person\\\/af895bedc80bfb6b17730a672fddac9e\"},\"headline\":\"Mobilier vintage : Comment cr\u00e9er une ambiance authentique dans votre salon ?\",\"datePublished\":\"2023-12-16T08:13:27+00:00\",\"mainEntityOfPage\":{\"@id\":\"https:\\\/\\\/www.mobilier-design-occasion.fr\\\/magazine\\\/mobilier-vintage-comment-creer-une-ambiance-authentique-dans-votre-salon\\\/\"},\"wordCount\":458,\"commentCount\":0,\"publisher\":{\"@id\":\"https:\\\/\\\/www.mobilier-design-occasion.fr\\\/magazine\\\/#organization\"},\"image\":{\"@id\":\"https:\\\/\\\/www.mobilier-design-occasion.fr\\\/magazine\\\/mobilier-vintage-comment-creer-une-ambiance-authentique-dans-votre-salon\\\/#primaryimage\"},\"thumbnailUrl\":\"https:\\\/\\\/www.mobilier-design-occasion.fr\\\/magazine\\\/wp-content\\\/uploads\\\/2023\\\/12\\\/soupiere-orange.webp\",\"keywords\":[\"ambiance\",\"fauteuil\",\"Vintage\"],\"articleSection\":[\"Salle \u00e0 manger\"],\"inLanguage\":\"fr-FR\",\"potentialAction\":[{\"@type\":\"CommentAction\",\"name\":\"Comment\",\"target\":[\"https:\\\/\\\/www.mobilier-design-occasion.fr\\\/magazine\\\/mobilier-vintage-comment-creer-une-ambiance-authentique-dans-votre-salon\\\/#respond\"]}]},{\"@type\":\"WebPage\",\"@id\":\"https:\\\/\\\/www.mobilier-design-occasion.fr\\\/magazine\\\/mobilier-vintage-comment-creer-une-ambiance-authentique-dans-votre-salon\\\/\",\"url\":\"https:\\\/\\\/www.mobilier-design-occasion.fr\\\/magazine\\\/mobilier-vintage-comment-creer-une-ambiance-authentique-dans-votre-salon\\\/\",\"name\":\"Mobilier vintage : Comment cr\u00e9er une ambiance authentique dans votre salon ? - Mobilier Design Magazine\",\"isPartOf\":{\"@id\":\"https:\\\/\\\/www.mobilier-design-occasion.fr\\\/magazine\\\/#website\"},\"primaryImageOfPage\":{\"@id\":\"https:\\\/\\\/www.mobilier-design-occasion.fr\\\/magazine\\\/mobilier-vintage-comment-creer-une-ambiance-authentique-dans-votre-salon\\\/#primaryimage\"},\"image\":{\"@id\":\"https:\\\/\\\/www.mobilier-design-occasion.fr\\\/magazine\\\/mobilier-vintage-comment-creer-une-ambiance-authentique-dans-votre-salon\\\/#primaryimage\"},\"thumbnailUrl\":\"https:\\\/\\\/www.mobilier-design-occasion.fr\\\/magazine\\\/wp-content\\\/uploads\\\/2023\\\/12\\\/soupiere-orange.webp\",\"datePublished\":\"2023-12-16T08:13:27+00:00\",\"breadcrumb\":{\"@id\":\"https:\\\/\\\/www.mobilier-design-occasion.fr\\\/magazine\\\/mobilier-vintage-comment-creer-une-ambiance-authentique-dans-votre-salon\\\/#breadcrumb\"},\"inLanguage\":\"fr-FR\",\"potentialAction\":[{\"@type\":\"ReadAction\",\"target\":[\"https:\\\/\\\/www.mobilier-design-occasion.fr\\\/magazine\\\/mobilier-vintage-comment-creer-une-ambiance-authentique-dans-votre-salon\\\/\"]}]},{\"@type\":\"ImageObject\",\"inLanguage\":\"fr-FR\",\"@id\":\"https:\\\/\\\/www.mobilier-design-occasion.fr\\\/magazine\\\/mobilier-vintage-comment-creer-une-ambiance-authentique-dans-votre-salon\\\/#primaryimage\",\"url\":\"https:\\\/\\\/www.mobilier-design-occasion.fr\\\/magazine\\\/wp-content\\\/uploads\\\/2023\\\/12\\\/soupiere-orange.webp\",\"contentUrl\":\"https:\\\/\\\/www.mobilier-design-occasion.fr\\\/magazine\\\/wp-content\\\/uploads\\\/2023\\\/12\\\/soupiere-orange.webp\",\"width\":1716,\"height\":1144},{\"@type\":\"BreadcrumbList\",\"@id\":\"https:\\\/\\\/www.mobilier-design-occasion.fr\\\/magazine\\\/mobilier-vintage-comment-creer-une-ambiance-authentique-dans-votre-salon\\\/#breadcrumb\",\"itemListElement\":[{\"@type\":\"ListItem\",\"position\":1,\"name\":\"Accueil\",\"item\":\"https:\\\/\\\/www.mobilier-design-occasion.fr\\\/magazine\\\/\"},{\"@type\":\"ListItem\",\"position\":2,\"name\":\"Mobilier vintage : Comment cr\u00e9er une ambiance authentique dans votre salon ?\"}]},{\"@type\":\"WebSite\",\"@id\":\"https:\\\/\\\/www.mobilier-design-occasion.fr\\\/magazine\\\/#website\",\"url\":\"https:\\\/\\\/www.mobilier-design-occasion.fr\\\/magazine\\\/\",\"name\":\"Mobilier Design Magazine\",\"description\":\"\",\"publisher\":{\"@id\":\"https:\\\/\\\/www.mobilier-design-occasion.fr\\\/magazine\\\/#organization\"},\"potentialAction\":[{\"@type\":\"SearchAction\",\"target\":{\"@type\":\"EntryPoint\",\"urlTemplate\":\"https:\\\/\\\/www.mobilier-design-occasion.fr\\\/magazine\\\/?s={search_term_string}\"},\"query-input\":{\"@type\":\"PropertyValueSpecification\",\"valueRequired\":true,\"valueName\":\"search_term_string\"}}],\"inLanguage\":\"fr-FR\"},{\"@type\":\"Organization\",\"@id\":\"https:\\\/\\\/www.mobilier-design-occasion.fr\\\/magazine\\\/#organization\",\"name\":\"Mobilier Design Magazine\",\"url\":\"https:\\\/\\\/www.mobilier-design-occasion.fr\\\/magazine\\\/\",\"logo\":{\"@type\":\"ImageObject\",\"inLanguage\":\"fr-FR\",\"@id\":\"https:\\\/\\\/www.mobilier-design-occasion.fr\\\/magazine\\\/#\\\/schema\\\/logo\\\/image\\\/\",\"url\":\"https:\\\/\\\/www.mobilier-design-occasion.fr\\\/magazine\\\/wp-content\\\/uploads\\\/2024\\\/02\\\/android-chrome-192x192-1.png\",\"contentUrl\":\"https:\\\/\\\/www.mobilier-design-occasion.fr\\\/magazine\\\/wp-content\\\/uploads\\\/2024\\\/02\\\/android-chrome-192x192-1.png\",\"width\":192,\"height\":192,\"caption\":\"Mobilier Design Magazine\"},\"image\":{\"@id\":\"https:\\\/\\\/www.mobilier-design-occasion.fr\\\/magazine\\\/#\\\/schema\\\/logo\\\/image\\\/\"},\"sameAs\":[\"https:\\\/\\\/www.facebook.com\\\/mobilierdesignoccasion\"]},{\"@type\":\"Person\",\"@id\":\"https:\\\/\\\/www.mobilier-design-occasion.fr\\\/magazine\\\/#\\\/schema\\\/person\\\/af895bedc80bfb6b17730a672fddac9e\",\"name\":\"Vincent Vandegans\",\"image\":{\"@type\":\"ImageObject\",\"inLanguage\":\"fr-FR\",\"@id\":\"https:\\\/\\\/secure.gravatar.com\\\/avatar\\\/b984800dabdf722d5e3f03f637c8932dea77d81118467d17ad2953e3b273ec66?s=96&d=mm&r=g\",\"url\":\"https:\\\/\\\/secure.gravatar.com\\\/avatar\\\/b984800dabdf722d5e3f03f637c8932dea77d81118467d17ad2953e3b273ec66?s=96&d=mm&r=g\",\"contentUrl\":\"https:\\\/\\\/secure.gravatar.com\\\/avatar\\\/b984800dabdf722d5e3f03f637c8932dea77d81118467d17ad2953e3b273ec66?s=96&d=mm&r=g\",\"caption\":\"Vincent Vandegans\"},\"description\":\"Vincent est passionn\u00e9 par les produits d'occasion, il a ouvert le site MDO avec Cyrielle pour aider les gens \u00e0 trouver du mobilier d'occasion, vintage ou usag\u00e9. Depuis, ils ont \u00e9tendu leurs activit\u00e9s et conseillent tout le monde sur le mobilier d'int\u00e9rieur et d'ext\u00e9rieur au quotidien \u00e0 travers le magazine MDO.\",\"url\":\"https:\\\/\\\/www.mobilier-design-occasion.fr\\\/magazine\\\/author\\\/vincent\\\/\"}]}<\/script>\n<!-- \/ Yoast SEO plugin. -->","yoast_head_json":{"title":"Mobilier vintage : Comment cr\u00e9er une ambiance authentique dans votre salon ? - Mobilier Design Magazine","robots":{"index":"index","follow":"follow","max-snippet":"max-snippet:-1","max-image-preview":"max-image-preview:large","max-video-preview":"max-video-preview:-1"},"canonical":"https:\/\/www.mobilier-design-occasion.fr\/magazine\/mobilier-vintage-comment-creer-une-ambiance-authentique-dans-votre-salon\/","og_locale":"fr_FR","og_type":"article","og_title":"Mobilier vintage : Comment cr\u00e9er une ambiance authentique dans votre salon ? - Mobilier Design Magazine","og_description":"Comment d\u00e9corer votre salon avec du mobilier vintage ? Le mobilier vintage apporte une touche intemporelle et \u00e9l\u00e9gante \u00e0 tout espace, transformant votre salon en un lieu de charme r\u00e9tro. L\u2019art de d\u00e9corer avec du mobilier vintage r\u00e9side dans la fusion habile du pass\u00e9 et du pr\u00e9sent. Ce type de d\u00e9coration offre une ambiance unique [&hellip;]","og_url":"https:\/\/www.mobilier-design-occasion.fr\/magazine\/mobilier-vintage-comment-creer-une-ambiance-authentique-dans-votre-salon\/","og_site_name":"Mobilier Design Magazine","article_publisher":"https:\/\/www.facebook.com\/mobilierdesignoccasion","article_published_time":"2023-12-16T08:13:27+00:00","og_image":[{"width":1716,"height":1144,"url":"https:\/\/www.mobilier-design-occasion.fr\/magazine\/wp-content\/uploads\/2023\/12\/soupiere-orange.webp","type":"image\/webp"}],"author":"Vincent Vandegans","twitter_card":"summary_large_image","twitter_misc":{"\u00c9crit par":"Vincent Vandegans","Dur\u00e9e de lecture estim\u00e9e":"2 minutes"},"schema":{"@context":"https:\/\/schema.org","@graph":[{"@type":"Article","@id":"https:\/\/www.mobilier-design-occasion.fr\/magazine\/mobilier-vintage-comment-creer-une-ambiance-authentique-dans-votre-salon\/#article","isPartOf":{"@id":"https:\/\/www.mobilier-design-occasion.fr\/magazine\/mobilier-vintage-comment-creer-une-ambiance-authentique-dans-votre-salon\/"},"author":{"name":"Vincent Vandegans","@id":"https:\/\/www.mobilier-design-occasion.fr\/magazine\/#\/schema\/person\/af895bedc80bfb6b17730a672fddac9e"},"headline":"Mobilier vintage : Comment cr\u00e9er une ambiance authentique dans votre salon ?","datePublished":"2023-12-16T08:13:27+00:00","mainEntityOfPage":{"@id":"https:\/\/www.mobilier-design-occasion.fr\/magazine\/mobilier-vintage-comment-creer-une-ambiance-authentique-dans-votre-salon\/"},"wordCount":458,"commentCount":0,"publisher":{"@id":"https:\/\/www.mobilier-design-occasion.fr\/magazine\/#organization"},"image":{"@id":"https:\/\/www.mobilier-design-occasion.fr\/magazine\/mobilier-vintage-comment-creer-une-ambiance-authentique-dans-votre-salon\/#primaryimage"},"thumbnailUrl":"https:\/\/www.mobilier-design-occasion.fr\/magazine\/wp-content\/uploads\/2023\/12\/soupiere-orange.webp","keywords":["ambiance","fauteuil","Vintage"],"articleSection":["Salle \u00e0 manger"],"inLanguage":"fr-FR","potentialAction":[{"@type":"CommentAction","name":"Comment","target":["https:\/\/www.mobilier-design-occasion.fr\/magazine\/mobilier-vintage-comment-creer-une-ambiance-authentique-dans-votre-salon\/#respond"]}]},{"@type":"WebPage","@id":"https:\/\/www.mobilier-design-occasion.fr\/magazine\/mobilier-vintage-comment-creer-une-ambiance-authentique-dans-votre-salon\/","url":"https:\/\/www.mobilier-design-occasion.fr\/magazine\/mobilier-vintage-comment-creer-une-ambiance-authentique-dans-votre-salon\/","name":"Mobilier vintage : Comment cr\u00e9er une ambiance authentique dans votre salon ? - Mobilier Design Magazine","isPartOf":{"@id":"https:\/\/www.mobilier-design-occasion.fr\/magazine\/#website"},"primaryImageOfPage":{"@id":"https:\/\/www.mobilier-design-occasion.fr\/magazine\/mobilier-vintage-comment-creer-une-ambiance-authentique-dans-votre-salon\/#primaryimage"},"image":{"@id":"https:\/\/www.mobilier-design-occasion.fr\/magazine\/mobilier-vintage-comment-creer-une-ambiance-authentique-dans-votre-salon\/#primaryimage"},"thumbnailUrl":"https:\/\/www.mobilier-design-occasion.fr\/magazine\/wp-content\/uploads\/2023\/12\/soupiere-orange.webp","datePublished":"2023-12-16T08:13:27+00:00","breadcrumb":{"@id":"https:\/\/www.mobilier-design-occasion.fr\/magazine\/mobilier-vintage-comment-creer-une-ambiance-authentique-dans-votre-salon\/#breadcrumb"},"inLanguage":"fr-FR","potentialAction":[{"@type":"ReadAction","target":["https:\/\/www.mobilier-design-occasion.fr\/magazine\/mobilier-vintage-comment-creer-une-ambiance-authentique-dans-votre-salon\/"]}]},{"@type":"ImageObject","inLanguage":"fr-FR","@id":"https:\/\/www.mobilier-design-occasion.fr\/magazine\/mobilier-vintage-comment-creer-une-ambiance-authentique-dans-votre-salon\/#primaryimage","url":"https:\/\/www.mobilier-design-occasion.fr\/magazine\/wp-content\/uploads\/2023\/12\/soupiere-orange.webp","contentUrl":"https:\/\/www.mobilier-design-occasion.fr\/magazine\/wp-content\/uploads\/2023\/12\/soupiere-orange.webp","width":1716,"height":1144},{"@type":"BreadcrumbList","@id":"https:\/\/www.mobilier-design-occasion.fr\/magazine\/mobilier-vintage-comment-creer-une-ambiance-authentique-dans-votre-salon\/#breadcrumb","itemListElement":[{"@type":"ListItem","position":1,"name":"Accueil","item":"https:\/\/www.mobilier-design-occasion.fr\/magazine\/"},{"@type":"ListItem","position":2,"name":"Mobilier vintage : Comment cr\u00e9er une ambiance authentique dans votre salon ?"}]},{"@type":"WebSite","@id":"https:\/\/www.mobilier-design-occasion.fr\/magazine\/#website","url":"https:\/\/www.mobilier-design-occasion.fr\/magazine\/","name":"Mobilier Design Magazine","description":"","publisher":{"@id":"https:\/\/www.mobilier-design-occasion.fr\/magazine\/#organization"},"potentialAction":[{"@type":"SearchAction","target":{"@type":"EntryPoint","urlTemplate":"https:\/\/www.mobilier-design-occasion.fr\/magazine\/?s={search_term_string}"},"query-input":{"@type":"PropertyValueSpecification","valueRequired":true,"valueName":"search_term_string"}}],"inLanguage":"fr-FR"},{"@type":"Organization","@id":"https:\/\/www.mobilier-design-occasion.fr\/magazine\/#organization","name":"Mobilier Design Magazine","url":"https:\/\/www.mobilier-design-occasion.fr\/magazine\/","logo":{"@type":"ImageObject","inLanguage":"fr-FR","@id":"https:\/\/www.mobilier-design-occasion.fr\/magazine\/#\/schema\/logo\/image\/","url":"https:\/\/www.mobilier-design-occasion.fr\/magazine\/wp-content\/uploads\/2024\/02\/android-chrome-192x192-1.png","contentUrl":"https:\/\/www.mobilier-design-occasion.fr\/magazine\/wp-content\/uploads\/2024\/02\/android-chrome-192x192-1.png","width":192,"height":192,"caption":"Mobilier Design Magazine"},"image":{"@id":"https:\/\/www.mobilier-design-occasion.fr\/magazine\/#\/schema\/logo\/image\/"},"sameAs":["https:\/\/www.facebook.com\/mobilierdesignoccasion"]},{"@type":"Person","@id":"https:\/\/www.mobilier-design-occasion.fr\/magazine\/#\/schema\/person\/af895bedc80bfb6b17730a672fddac9e","name":"Vincent Vandegans","image":{"@type":"ImageObject","inLanguage":"fr-FR","@id":"https:\/\/secure.gravatar.com\/avatar\/b984800dabdf722d5e3f03f637c8932dea77d81118467d17ad2953e3b273ec66?s=96&d=mm&r=g","url":"https:\/\/secure.gravatar.com\/avatar\/b984800dabdf722d5e3f03f637c8932dea77d81118467d17ad2953e3b273ec66?s=96&d=mm&r=g","contentUrl":"https:\/\/secure.gravatar.com\/avatar\/b984800dabdf722d5e3f03f637c8932dea77d81118467d17ad2953e3b273ec66?s=96&d=mm&r=g","caption":"Vincent Vandegans"},"description":"Vincent est passionn\u00e9 par les produits d'occasion, il a ouvert le site MDO avec Cyrielle pour aider les gens \u00e0 trouver du mobilier d'occasion, vintage ou usag\u00e9. Depuis, ils ont \u00e9tendu leurs activit\u00e9s et conseillent tout le monde sur le mobilier d'int\u00e9rieur et d'ext\u00e9rieur au quotidien \u00e0 travers le magazine MDO.","url":"https:\/\/www.mobilier-design-occasion.fr\/magazine\/author\/vincent\/"}]}},"_links":{"self":[{"href":"https:\/\/www.mobilier-design-occasion.fr\/magazine\/wp-json\/wp\/v2\/posts\/7396","targetHints":{"allow":["GET"]}}],"collection":[{"href":"https:\/\/www.mobilier-design-occasion.fr\/magazine\/wp-json\/wp\/v2\/posts"}],"about":[{"href":"https:\/\/www.mobilier-design-occasion.fr\/magazine\/wp-json\/wp\/v2\/types\/post"}],"author":[{"embeddable":true,"href":"https:\/\/www.mobilier-design-occasion.fr\/magazine\/wp-json\/wp\/v2\/users\/2"}],"replies":[{"embeddable":true,"href":"https:\/\/www.mobilier-design-occasion.fr\/magazine\/wp-json\/wp\/v2\/comments?post=7396"}],"version-history":[{"count":1,"href":"https:\/\/www.mobilier-design-occasion.fr\/magazine\/wp-json\/wp\/v2\/posts\/7396\/revisions"}],"predecessor-version":[{"id":7398,"href":"https:\/\/www.mobilier-design-occasion.fr\/magazine\/wp-json\/wp\/v2\/posts\/7396\/revisions\/7398"}],"wp:featuredmedia":[{"embeddable":true,"href":"https:\/\/www.mobilier-design-occasion.fr\/magazine\/wp-json\/wp\/v2\/media\/7397"}],"wp:attachment":[{"href":"https:\/\/www.mobilier-design-occasion.fr\/magazine\/wp-json\/wp\/v2\/media?parent=7396"}],"wp:term":[{"taxonomy":"category","embeddable":true,"href":"https:\/\/www.mobilier-design-occasion.fr\/magazine\/wp-json\/wp\/v2\/categories?post=7396"},{"taxonomy":"post_tag","embeddable":true,"href":"https:\/\/www.mobilier-design-occasion.fr\/magazine\/wp-json\/wp\/v2\/tags?post=7396"}],"curies":[{"name":"wp","href":"https:\/\/api.w.org\/{rel}","templated":true}]}}