{"id":7379,"date":"2023-12-13T09:08:59","date_gmt":"2023-12-13T09:08:59","guid":{"rendered":"https:\/\/www.mobilier-design-occasion.fr\/magazine\/?p=7379"},"modified":"2023-12-13T09:09:00","modified_gmt":"2023-12-13T09:09:00","slug":"moderniser-la-tete-de-lit-creer-un-design-original-et-elegant","status":"publish","type":"post","link":"https:\/\/www.mobilier-design-occasion.fr\/magazine\/moderniser-la-tete-de-lit-creer-un-design-original-et-elegant\/","title":{"rendered":"Moderniser la t\u00eate de lit: cr\u00e9er un design original et \u00e9l\u00e9gant"},"content":{"rendered":"\n<p>Dans l&#8217;univers du design d&#8217;int\u00e9rieur, la <strong>chambre \u00e0 coucher<\/strong> est souvent vue comme un havre de paix personnel, un lieu o\u00f9 le style et le confort se fusionnent. L&#8217;\u00e9l\u00e9ment phare de cet espace, la <strong>t\u00eate de lit<\/strong>, a \u00e9volu\u00e9 bien au-del\u00e0 de sa fonction traditionnelle pour devenir une pi\u00e8ce ma\u00eetresse du design.<\/p>\n\n\n\n<p>Transformer une t\u00eate de lit en une cr\u00e9ation \u00e0 la fois design et originale apporte une touche distinctive \u00e0 votre chambre, la convertissant en un lieu unique et personnalis\u00e9.<\/p>\n\n\n\n<h3 class=\"wp-block-heading\"><span class=\"ez-toc-section\" id=\"La_metamorphose_de_la_tete_de_lit_de_la_fonction_au_design\"><\/span><strong>La m\u00e9tamorphose de la t\u00eate de lit : de la fonction au design<\/strong><span class=\"ez-toc-section-end\"><\/span><\/h3><div id=\"ez-toc-container\" class=\"ez-toc-v2_0_82_2 counter-hierarchy ez-toc-counter ez-toc-grey ez-toc-container-direction\">\n<div class=\"ez-toc-title-container\">\n<span class=\"ez-toc-title-toggle\"><a href=\"#\" class=\"ez-toc-pull-right ez-toc-btn ez-toc-btn-xs ez-toc-btn-default ez-toc-toggle\" aria-label=\"Toggle Table of Content\"><span class=\"ez-toc-js-icon-con\"><span class=\"\"><span class=\"eztoc-hide\" style=\"display:none;\">Toggle<\/span><span class=\"ez-toc-icon-toggle-span\"><svg style=\"fill: #999;color:#999\" xmlns=\"http:\/\/www.w3.org\/2000\/svg\" class=\"list-377408\" width=\"20px\" height=\"20px\" viewBox=\"0 0 24 24\" fill=\"none\"><path d=\"M6 6H4v2h2V6zm14 0H8v2h12V6zM4 11h2v2H4v-2zm16 0H8v2h12v-2zM4 16h2v2H4v-2zm16 0H8v2h12v-2z\" fill=\"currentColor\"><\/path><\/svg><svg style=\"fill: #999;color:#999\" class=\"arrow-unsorted-368013\" xmlns=\"http:\/\/www.w3.org\/2000\/svg\" width=\"10px\" height=\"10px\" viewBox=\"0 0 24 24\" version=\"1.2\" baseProfile=\"tiny\"><path d=\"M18.2 9.3l-6.2-6.3-6.2 6.3c-.2.2-.3.4-.3.7s.1.5.3.7c.2.2.4.3.7.3h11c.3 0 .5-.1.7-.3.2-.2.3-.5.3-.7s-.1-.5-.3-.7zM5.8 14.7l6.2 6.3 6.2-6.3c.2-.2.3-.5.3-.7s-.1-.5-.3-.7c-.2-.2-.4-.3-.7-.3h-11c-.3 0-.5.1-.7.3-.2.2-.3.5-.3.7s.1.5.3.7z\"\/><\/svg><\/span><\/span><\/span><\/a><\/span><\/div>\n<nav><ul class='ez-toc-list ez-toc-list-level-1 eztoc-toggle-hide-by-default' ><ul class='ez-toc-list-level-3' ><li class='ez-toc-heading-level-3'><a class=\"ez-toc-link ez-toc-heading-1\" href=\"https:\/\/www.mobilier-design-occasion.fr\/magazine\/moderniser-la-tete-de-lit-creer-un-design-original-et-elegant\/#La_metamorphose_de_la_tete_de_lit_de_la_fonction_au_design\" >La m\u00e9tamorphose de la t\u00eate de lit : de la fonction au design<\/a><\/li><li class='ez-toc-page-1 ez-toc-heading-level-3'><a class=\"ez-toc-link ez-toc-heading-2\" href=\"https:\/\/www.mobilier-design-occasion.fr\/magazine\/moderniser-la-tete-de-lit-creer-un-design-original-et-elegant\/#Choisir_des_materiaux_innovants_pour_une_tete_de_lit_moderne\" >Choisir des mat\u00e9riaux innovants pour une t\u00eate de lit moderne<\/a><\/li><li class='ez-toc-page-1 ez-toc-heading-level-3'><a class=\"ez-toc-link ez-toc-heading-3\" href=\"https:\/\/www.mobilier-design-occasion.fr\/magazine\/moderniser-la-tete-de-lit-creer-un-design-original-et-elegant\/#Personnalisation_et_creativite_pour_une_tete_de_lit_design_et_originale\" >Personnalisation et cr\u00e9ativit\u00e9 pour une t\u00eate de lit design et originale<\/a><\/li><li class='ez-toc-page-1 ez-toc-heading-level-3'><a class=\"ez-toc-link ez-toc-heading-4\" href=\"https:\/\/www.mobilier-design-occasion.fr\/magazine\/moderniser-la-tete-de-lit-creer-un-design-original-et-elegant\/#Ajout_de_literie_sommier_et_ensemble\" >Ajout de literie, sommier et ensemble<\/a><\/li><li class='ez-toc-page-1 ez-toc-heading-level-3'><a class=\"ez-toc-link ez-toc-heading-5\" href=\"https:\/\/www.mobilier-design-occasion.fr\/magazine\/moderniser-la-tete-de-lit-creer-un-design-original-et-elegant\/#LAttention_aux_details_et_finitions\" >L&#8217;Attention aux d\u00e9tails et finitions<\/a><\/li><\/ul><\/li><li class='ez-toc-page-1 ez-toc-heading-level-2'><a class=\"ez-toc-link ez-toc-heading-6\" href=\"https:\/\/www.mobilier-design-occasion.fr\/magazine\/moderniser-la-tete-de-lit-creer-un-design-original-et-elegant\/#Quelle_taille_de_tete_de_lit_selon_votre_literie\" >Quelle taille de t\u00eate de lit selon votre literie<\/a><ul class='ez-toc-list-level-3' ><li class='ez-toc-heading-level-3'><a class=\"ez-toc-link ez-toc-heading-7\" href=\"https:\/\/www.mobilier-design-occasion.fr\/magazine\/moderniser-la-tete-de-lit-creer-un-design-original-et-elegant\/#Prix_et_rendu_un_investissement_dans_le_style\" >Prix et rendu : un investissement dans le style<\/a><\/li><\/ul><\/li><\/ul><\/nav><\/div>\n\n\n\n\n<p>Historiquement, les <a target=\"_blank\" rel=\"noreferrer noopener\" href=\"https:\/\/www.vente-unique.com\/c\/tete-de-lit\"><strong>collections de t\u00eates de lit<\/strong><\/a> \u00e9taient per\u00e7ues comme des \u00e9l\u00e9ments pratiques, mais elles sont devenues avec le temps des pi\u00e8ces centrales dans la d\u00e9co des chambres \u00e0 coucher. Aujourd&#8217;hui, une <strong>t\u00eate de lit moderne<\/strong> n&#8217;est pas juste fonctionnelle, elle est le reflet du savoir-faire et du style individuel.<\/p>\n\n\n\n<p>Que ce soit par des t\u00eates de lit design innovantes ou des mod\u00e8les originaux qui rompent avec la tradition, l&#8217;objectif est toujours de personnaliser l&#8217;espace de la chambre.<\/p>\n\n\n\n<h3 class=\"wp-block-heading\"><span class=\"ez-toc-section\" id=\"Choisir_des_materiaux_innovants_pour_une_tete_de_lit_moderne\"><\/span><strong>Choisir des mat\u00e9riaux innovants pour une t\u00eate de lit moderne<\/strong><span class=\"ez-toc-section-end\"><\/span><\/h3>\n\n\n\n<ol class=\"wp-block-list\">\n<li><strong>Mat\u00e9riaux Innovants et Traditionnels<\/strong> : Pour <a target=\"_blank\" rel=\"noreferrer noopener\" href=\"https:\/\/www.papa-blogueur.fr\/tete-de-lit-originale-13-idees-deco-pour-refaire-sa-chambre\">une t\u00eate de lit design et originale<\/a>, envisagez des mat\u00e9riaux sortant de l&#8217;ordinaire, tels que le plexiglas, le b\u00e9ton ou des options \u00e9coresponsables. Int\u00e9grer des \u00e9l\u00e9ments en bois ou des cr\u00e9ations faites main peut ajouter un cachet unique. Les mati\u00e8res premi\u00e8res comme le cuir et le rotin sont \u00e9galement en vogue, apportant une touche de naturel et de douceur.<\/li>\n\n\n\n<li><strong>Art et Graphisme<\/strong> : L&#8217;int\u00e9gration d&#8217;\u00e9l\u00e9ments graphiques, de motifs audacieux ou de fresques murales peut transformer votre t\u00eate de lit en une \u0153uvre d&#8217;art, en faisant le point central de la chambre \u00e0 coucher. L&#8217;utilisation de couleurs, tendance et harmonieuses, joue un r\u00f4le cl\u00e9 dans la cr\u00e9ation d&#8217;un design qui attire le regard.<\/li>\n\n\n\n<li><strong>Technologie Int\u00e9gr\u00e9e<\/strong> : Ajouter des technologies modernes telles que des lumi\u00e8res LED, des chargeurs USB ou des haut-parleurs conf\u00e8rent \u00e0 la t\u00eate de lit une double fonctionnalit\u00e9. Ces \u00e9l\u00e9ments technologiques modernisent l&#8217;espace tout en apportant confort et praticit\u00e9 dans votre maison.<\/li>\n\n\n\n<li><strong>Tissus et Textures<\/strong> : Le choix des tissus est essentiel dans la conception d&#8217;une t\u00eate de lit originale. Des textures telles que le velours ou des motifs distinctifs peuvent cr\u00e9er un impact visuel fort et raffin\u00e9. Le tissu, s\u00e9lectionn\u00e9 avec soin, peut apporter une sensation de douceur et de luxe, contribuant \u00e0 l&#8217;atmosph\u00e8re accueillante de la chambre.<\/li>\n<\/ol>\n\n\n\n<h3 class=\"wp-block-heading\"><span class=\"ez-toc-section\" id=\"Personnalisation_et_creativite_pour_une_tete_de_lit_design_et_originale\"><\/span><strong>Personnalisation et cr\u00e9ativit\u00e9 pour une t\u00eate de lit design et originale<\/strong><span class=\"ez-toc-section-end\"><\/span><\/h3>\n\n\n\n<ul class=\"wp-block-list\">\n<li><strong>DIY (Do It Yourself)<\/strong> : Cr\u00e9er une t\u00eate de lit personnalis\u00e9e, c&#8217;est exprimer sa cr\u00e9ativit\u00e9. Utilisez des palettes, de la peinture de couleur, des clous d\u00e9coratifs ou du tissu pour donner vie \u00e0 une pi\u00e8ce unique qui sera le reflet de votre personnalit\u00e9.<\/li>\n\n\n\n<li><strong>Formes et Dimensions Innovantes<\/strong> : N&#8217;h\u00e9sitez pas \u00e0 sortir des sentiers battus en termes de forme. Jouer avec les dimensions ou les courbes peut radicalement transformer l&#8217;apparence de votre chambre \u00e0 coucher.<\/li>\n<\/ul>\n\n\n\n<h3 class=\"wp-block-heading\"><span class=\"ez-toc-section\" id=\"Ajout_de_literie_sommier_et_ensemble\"><\/span><strong>Ajout de literie, sommier et ensemble<\/strong><span class=\"ez-toc-section-end\"><\/span><\/h3>\n\n\n\n<p>Pour parfaire la modernisation de votre t\u00eate de lit, il est essentiel de consid\u00e9rer l&#8217;ensemble de la literie. Choisir un sommier et une literie qui compl\u00e8tent votre nouvelle t\u00eate de lit design peut transformer compl\u00e8tement l&#8217;exp\u00e9rience de votre chambre \u00e0 coucher. Que vous optiez pour un ensemble coordonn\u00e9 ou pour des pi\u00e8ces contrastantes, il est important de cr\u00e9er un espace avec lequel style et fonctionnalit\u00e9 se rencontrent pour des nuits reposantes dans un cadre \u00e9l\u00e9gant.<\/p>\n\n\n\n<h3 class=\"wp-block-heading\"><span class=\"ez-toc-section\" id=\"LAttention_aux_details_et_finitions\"><\/span><strong>L&#8217;Attention aux d\u00e9tails et finitions<\/strong><span class=\"ez-toc-section-end\"><\/span><\/h3>\n\n\n\n<p>Les d\u00e9tails et finitions sont ce qui donne vie \u00e0 une t\u00eate de lit moderne. Les coutures soign\u00e9es, les bordures \u00e9l\u00e9gantes ou les appliques subtiles font toute la diff\u00e9rence, transformant un simple objet en un \u00e9l\u00e9ment de d\u00e9coration raffin\u00e9.<\/p>\n\n\n\n<p>La qualit\u00e9 des mati\u00e8res utilis\u00e9es et la pr\u00e9cision des finitions sont cruciales pour cr\u00e9er un produit haut de gamme qui attire le regard et r\u00e9siste \u00e0 l&#8217;\u00e9preuve du temps.<\/p>\n\n\n\n<h2 class=\"wp-block-heading\"><span class=\"ez-toc-section\" id=\"Quelle_taille_de_tete_de_lit_selon_votre_literie\"><\/span>Quelle taille de t\u00eate de lit selon votre literie<span class=\"ez-toc-section-end\"><\/span><\/h2>\n\n\n\n<p>La t\u00eate de lit doit \u00eatre l\u00e9g\u00e8rement sup\u00e9rieure \u00e0 la largeur de votre lit, ou \u00e0 minima faire la m\u00eame taille. La hauteur minimum se situe entre 35 et 50 cm au-dessus du matelas. D&#8217;un point de vue d\u00e9coratif, la t\u00eate de lit doit surtout s&#8217;adapter au style de la pi\u00e8ce, entre le reste du mobilier ou la peinture de la chambre.<\/p>\n\n\n\n<h3 class=\"wp-block-heading\"><span class=\"ez-toc-section\" id=\"Prix_et_rendu_un_investissement_dans_le_style\"><\/span><strong>Prix et rendu : un investissement dans le style<\/strong><span class=\"ez-toc-section-end\"><\/span><\/h3>\n\n\n\n<p>Le co\u00fbt d&#8217;une t\u00eate de lit peut varier consid\u00e9rablement selon les mat\u00e9riaux, le design et la complexit\u00e9 de la fabrication. Consid\u00e9rez cet achat comme un investissement dans le style et le confort de votre espace personnel. Un budget bien pens\u00e9 pour une t\u00eate de lit de qualit\u00e9 peut avoir un impact significatif sur le rendu global de votre chambre \u00e0 coucher, la transformant en un espace luxueux et accueillant. La valeur d&#8217;une belle t\u00eate de lit se mesure non seulement \u00e0 son apparence, mais aussi \u00e0 sa durabilit\u00e9 dans le temps.<\/p>\n\n\n\n<p><a target=\"_blank\" rel=\"noreferrer noopener\" href=\"https:\/\/les-brisants.fr\/decoration\/choisir-tete-de-lit\/\">Choisir sa t\u00eate de lit<\/a> n&#8217;est donc pas une mince affaire. Il existe de nombreux facteurs \u00e0 prendre en compte avant de passer \u00e0 l&#8217;action. Apr\u00e8s avoir d\u00e9cid\u00e9 du d\u00e9cor et de l&#8217;am\u00e9nagement de la chambre, le bon mat\u00e9riau et la texture de celle-ci peut \u00eatre choisi pour s&#8217;accorder au mieux \u00e0 la d\u00e9co souhait\u00e9e.<\/p>\n","protected":false},"excerpt":{"rendered":"<p>Dans l&#8217;univers du design d&#8217;int\u00e9rieur, la chambre \u00e0 coucher est souvent vue comme un havre de paix personnel, un lieu o\u00f9 le style et le confort se fusionnent. L&#8217;\u00e9l\u00e9ment phare de cet espace, la t\u00eate de lit, a \u00e9volu\u00e9 bien au-del\u00e0 de sa fonction traditionnelle pour devenir une pi\u00e8ce ma\u00eetresse du design. Transformer une t\u00eate [&hellip;]<\/p>\n","protected":false},"author":1,"featured_media":7380,"comment_status":"open","ping_status":"open","sticky":false,"template":"","format":"standard","meta":{"footnotes":""},"categories":[2],"tags":[],"class_list":["post-7379","post","type-post","status-publish","format-standard","has-post-thumbnail","hentry","category-tendances"],"yoast_head":"<!-- This site is optimized with the Yoast SEO plugin v27.5 - https:\/\/yoast.com\/product\/yoast-seo-wordpress\/ -->\n<title>Moderniser la t\u00eate de lit: cr\u00e9er un design original et \u00e9l\u00e9gant - Mobilier Design Magazine<\/title>\n<meta name=\"robots\" content=\"index, follow, max-snippet:-1, max-image-preview:large, max-video-preview:-1\" \/>\n<link rel=\"canonical\" href=\"https:\/\/www.mobilier-design-occasion.fr\/magazine\/moderniser-la-tete-de-lit-creer-un-design-original-et-elegant\/\" \/>\n<meta property=\"og:locale\" content=\"fr_FR\" \/>\n<meta property=\"og:type\" content=\"article\" \/>\n<meta property=\"og:title\" content=\"Moderniser la t\u00eate de lit: cr\u00e9er un design original et \u00e9l\u00e9gant - Mobilier Design Magazine\" \/>\n<meta property=\"og:description\" content=\"Dans l&#8217;univers du design d&#8217;int\u00e9rieur, la chambre \u00e0 coucher est souvent vue comme un havre de paix personnel, un lieu o\u00f9 le style et le confort se fusionnent. L&#8217;\u00e9l\u00e9ment phare de cet espace, la t\u00eate de lit, a \u00e9volu\u00e9 bien au-del\u00e0 de sa fonction traditionnelle pour devenir une pi\u00e8ce ma\u00eetresse du design. Transformer une t\u00eate [&hellip;]\" \/>\n<meta property=\"og:url\" content=\"https:\/\/www.mobilier-design-occasion.fr\/magazine\/moderniser-la-tete-de-lit-creer-un-design-original-et-elegant\/\" \/>\n<meta property=\"og:site_name\" content=\"Mobilier Design Magazine\" \/>\n<meta property=\"article:publisher\" content=\"https:\/\/www.facebook.com\/mobilierdesignoccasion\" \/>\n<meta property=\"article:published_time\" content=\"2023-12-13T09:08:59+00:00\" \/>\n<meta property=\"article:modified_time\" content=\"2023-12-13T09:09:00+00:00\" \/>\n<meta property=\"og:image\" content=\"https:\/\/www.mobilier-design-occasion.fr\/magazine\/wp-content\/uploads\/2023\/12\/Le-Lit-Cabane-44.png\" \/>\n\t<meta property=\"og:image:width\" content=\"1080\" \/>\n\t<meta property=\"og:image:height\" content=\"1080\" \/>\n\t<meta property=\"og:image:type\" content=\"image\/png\" \/>\n<meta name=\"author\" content=\"Cyrielle Poirot\" \/>\n<meta name=\"twitter:card\" content=\"summary_large_image\" \/>\n<meta name=\"twitter:label1\" content=\"\u00c9crit par\" \/>\n\t<meta name=\"twitter:data1\" content=\"Cyrielle Poirot\" \/>\n\t<meta name=\"twitter:label2\" content=\"Dur\u00e9e de lecture estim\u00e9e\" \/>\n\t<meta name=\"twitter:data2\" content=\"5 minutes\" \/>\n<script type=\"application\/ld+json\" class=\"yoast-schema-graph\">{\"@context\":\"https:\\\/\\\/schema.org\",\"@graph\":[{\"@type\":\"Article\",\"@id\":\"https:\\\/\\\/www.mobilier-design-occasion.fr\\\/magazine\\\/moderniser-la-tete-de-lit-creer-un-design-original-et-elegant\\\/#article\",\"isPartOf\":{\"@id\":\"https:\\\/\\\/www.mobilier-design-occasion.fr\\\/magazine\\\/moderniser-la-tete-de-lit-creer-un-design-original-et-elegant\\\/\"},\"author\":{\"name\":\"Cyrielle Poirot\",\"@id\":\"https:\\\/\\\/www.mobilier-design-occasion.fr\\\/magazine\\\/#\\\/schema\\\/person\\\/5b2e5627a714ddadaaf8c9b886c55eff\"},\"headline\":\"Moderniser la t\u00eate de lit: cr\u00e9er un design original et \u00e9l\u00e9gant\",\"datePublished\":\"2023-12-13T09:08:59+00:00\",\"dateModified\":\"2023-12-13T09:09:00+00:00\",\"mainEntityOfPage\":{\"@id\":\"https:\\\/\\\/www.mobilier-design-occasion.fr\\\/magazine\\\/moderniser-la-tete-de-lit-creer-un-design-original-et-elegant\\\/\"},\"wordCount\":976,\"commentCount\":0,\"publisher\":{\"@id\":\"https:\\\/\\\/www.mobilier-design-occasion.fr\\\/magazine\\\/#organization\"},\"image\":{\"@id\":\"https:\\\/\\\/www.mobilier-design-occasion.fr\\\/magazine\\\/moderniser-la-tete-de-lit-creer-un-design-original-et-elegant\\\/#primaryimage\"},\"thumbnailUrl\":\"https:\\\/\\\/www.mobilier-design-occasion.fr\\\/magazine\\\/wp-content\\\/uploads\\\/2023\\\/12\\\/Le-Lit-Cabane-44.png\",\"articleSection\":[\"Tendances\"],\"inLanguage\":\"fr-FR\",\"potentialAction\":[{\"@type\":\"CommentAction\",\"name\":\"Comment\",\"target\":[\"https:\\\/\\\/www.mobilier-design-occasion.fr\\\/magazine\\\/moderniser-la-tete-de-lit-creer-un-design-original-et-elegant\\\/#respond\"]}]},{\"@type\":\"WebPage\",\"@id\":\"https:\\\/\\\/www.mobilier-design-occasion.fr\\\/magazine\\\/moderniser-la-tete-de-lit-creer-un-design-original-et-elegant\\\/\",\"url\":\"https:\\\/\\\/www.mobilier-design-occasion.fr\\\/magazine\\\/moderniser-la-tete-de-lit-creer-un-design-original-et-elegant\\\/\",\"name\":\"Moderniser la t\u00eate de lit: cr\u00e9er un design original et \u00e9l\u00e9gant - Mobilier Design Magazine\",\"isPartOf\":{\"@id\":\"https:\\\/\\\/www.mobilier-design-occasion.fr\\\/magazine\\\/#website\"},\"primaryImageOfPage\":{\"@id\":\"https:\\\/\\\/www.mobilier-design-occasion.fr\\\/magazine\\\/moderniser-la-tete-de-lit-creer-un-design-original-et-elegant\\\/#primaryimage\"},\"image\":{\"@id\":\"https:\\\/\\\/www.mobilier-design-occasion.fr\\\/magazine\\\/moderniser-la-tete-de-lit-creer-un-design-original-et-elegant\\\/#primaryimage\"},\"thumbnailUrl\":\"https:\\\/\\\/www.mobilier-design-occasion.fr\\\/magazine\\\/wp-content\\\/uploads\\\/2023\\\/12\\\/Le-Lit-Cabane-44.png\",\"datePublished\":\"2023-12-13T09:08:59+00:00\",\"dateModified\":\"2023-12-13T09:09:00+00:00\",\"breadcrumb\":{\"@id\":\"https:\\\/\\\/www.mobilier-design-occasion.fr\\\/magazine\\\/moderniser-la-tete-de-lit-creer-un-design-original-et-elegant\\\/#breadcrumb\"},\"inLanguage\":\"fr-FR\",\"potentialAction\":[{\"@type\":\"ReadAction\",\"target\":[\"https:\\\/\\\/www.mobilier-design-occasion.fr\\\/magazine\\\/moderniser-la-tete-de-lit-creer-un-design-original-et-elegant\\\/\"]}]},{\"@type\":\"ImageObject\",\"inLanguage\":\"fr-FR\",\"@id\":\"https:\\\/\\\/www.mobilier-design-occasion.fr\\\/magazine\\\/moderniser-la-tete-de-lit-creer-un-design-original-et-elegant\\\/#primaryimage\",\"url\":\"https:\\\/\\\/www.mobilier-design-occasion.fr\\\/magazine\\\/wp-content\\\/uploads\\\/2023\\\/12\\\/Le-Lit-Cabane-44.png\",\"contentUrl\":\"https:\\\/\\\/www.mobilier-design-occasion.fr\\\/magazine\\\/wp-content\\\/uploads\\\/2023\\\/12\\\/Le-Lit-Cabane-44.png\",\"width\":1080,\"height\":1080},{\"@type\":\"BreadcrumbList\",\"@id\":\"https:\\\/\\\/www.mobilier-design-occasion.fr\\\/magazine\\\/moderniser-la-tete-de-lit-creer-un-design-original-et-elegant\\\/#breadcrumb\",\"itemListElement\":[{\"@type\":\"ListItem\",\"position\":1,\"name\":\"Accueil\",\"item\":\"https:\\\/\\\/www.mobilier-design-occasion.fr\\\/magazine\\\/\"},{\"@type\":\"ListItem\",\"position\":2,\"name\":\"Moderniser la t\u00eate de lit: cr\u00e9er un design original et \u00e9l\u00e9gant\"}]},{\"@type\":\"WebSite\",\"@id\":\"https:\\\/\\\/www.mobilier-design-occasion.fr\\\/magazine\\\/#website\",\"url\":\"https:\\\/\\\/www.mobilier-design-occasion.fr\\\/magazine\\\/\",\"name\":\"Mobilier Design Magazine\",\"description\":\"\",\"publisher\":{\"@id\":\"https:\\\/\\\/www.mobilier-design-occasion.fr\\\/magazine\\\/#organization\"},\"potentialAction\":[{\"@type\":\"SearchAction\",\"target\":{\"@type\":\"EntryPoint\",\"urlTemplate\":\"https:\\\/\\\/www.mobilier-design-occasion.fr\\\/magazine\\\/?s={search_term_string}\"},\"query-input\":{\"@type\":\"PropertyValueSpecification\",\"valueRequired\":true,\"valueName\":\"search_term_string\"}}],\"inLanguage\":\"fr-FR\"},{\"@type\":\"Organization\",\"@id\":\"https:\\\/\\\/www.mobilier-design-occasion.fr\\\/magazine\\\/#organization\",\"name\":\"Mobilier Design Magazine\",\"url\":\"https:\\\/\\\/www.mobilier-design-occasion.fr\\\/magazine\\\/\",\"logo\":{\"@type\":\"ImageObject\",\"inLanguage\":\"fr-FR\",\"@id\":\"https:\\\/\\\/www.mobilier-design-occasion.fr\\\/magazine\\\/#\\\/schema\\\/logo\\\/image\\\/\",\"url\":\"https:\\\/\\\/www.mobilier-design-occasion.fr\\\/magazine\\\/wp-content\\\/uploads\\\/2024\\\/02\\\/android-chrome-192x192-1.png\",\"contentUrl\":\"https:\\\/\\\/www.mobilier-design-occasion.fr\\\/magazine\\\/wp-content\\\/uploads\\\/2024\\\/02\\\/android-chrome-192x192-1.png\",\"width\":192,\"height\":192,\"caption\":\"Mobilier Design Magazine\"},\"image\":{\"@id\":\"https:\\\/\\\/www.mobilier-design-occasion.fr\\\/magazine\\\/#\\\/schema\\\/logo\\\/image\\\/\"},\"sameAs\":[\"https:\\\/\\\/www.facebook.com\\\/mobilierdesignoccasion\"]},{\"@type\":\"Person\",\"@id\":\"https:\\\/\\\/www.mobilier-design-occasion.fr\\\/magazine\\\/#\\\/schema\\\/person\\\/5b2e5627a714ddadaaf8c9b886c55eff\",\"name\":\"Cyrielle Poirot\",\"image\":{\"@type\":\"ImageObject\",\"inLanguage\":\"fr-FR\",\"@id\":\"https:\\\/\\\/secure.gravatar.com\\\/avatar\\\/c8d2674e093b06894d8d1dc468b626bd752523471f3ac6e75f7c7a1400d40b4d?s=96&d=mm&r=g\",\"url\":\"https:\\\/\\\/secure.gravatar.com\\\/avatar\\\/c8d2674e093b06894d8d1dc468b626bd752523471f3ac6e75f7c7a1400d40b4d?s=96&d=mm&r=g\",\"contentUrl\":\"https:\\\/\\\/secure.gravatar.com\\\/avatar\\\/c8d2674e093b06894d8d1dc468b626bd752523471f3ac6e75f7c7a1400d40b4d?s=96&d=mm&r=g\",\"caption\":\"Cyrielle Poirot\"},\"description\":\"Cyrielle est passionn\u00e9e par la d\u00e9coration d'int\u00e9rieur et s'est sp\u00e9cialis\u00e9e depuis quelques ann\u00e9es dans l'\u00e9dition du site Mobilier-Design, avec une touche sp\u00e9cifique pour les produits d'occasion.\",\"sameAs\":[\"https:\\\/\\\/www.mobilier-design-occasion.fr\\\/magazine\"],\"url\":\"https:\\\/\\\/www.mobilier-design-occasion.fr\\\/magazine\\\/author\\\/cyrielle\\\/\"}]}<\/script>\n<!-- \/ Yoast SEO plugin. -->","yoast_head_json":{"title":"Moderniser la t\u00eate de lit: cr\u00e9er un design original et \u00e9l\u00e9gant - Mobilier Design Magazine","robots":{"index":"index","follow":"follow","max-snippet":"max-snippet:-1","max-image-preview":"max-image-preview:large","max-video-preview":"max-video-preview:-1"},"canonical":"https:\/\/www.mobilier-design-occasion.fr\/magazine\/moderniser-la-tete-de-lit-creer-un-design-original-et-elegant\/","og_locale":"fr_FR","og_type":"article","og_title":"Moderniser la t\u00eate de lit: cr\u00e9er un design original et \u00e9l\u00e9gant - Mobilier Design Magazine","og_description":"Dans l&#8217;univers du design d&#8217;int\u00e9rieur, la chambre \u00e0 coucher est souvent vue comme un havre de paix personnel, un lieu o\u00f9 le style et le confort se fusionnent. L&#8217;\u00e9l\u00e9ment phare de cet espace, la t\u00eate de lit, a \u00e9volu\u00e9 bien au-del\u00e0 de sa fonction traditionnelle pour devenir une pi\u00e8ce ma\u00eetresse du design. Transformer une t\u00eate [&hellip;]","og_url":"https:\/\/www.mobilier-design-occasion.fr\/magazine\/moderniser-la-tete-de-lit-creer-un-design-original-et-elegant\/","og_site_name":"Mobilier Design Magazine","article_publisher":"https:\/\/www.facebook.com\/mobilierdesignoccasion","article_published_time":"2023-12-13T09:08:59+00:00","article_modified_time":"2023-12-13T09:09:00+00:00","og_image":[{"width":1080,"height":1080,"url":"https:\/\/www.mobilier-design-occasion.fr\/magazine\/wp-content\/uploads\/2023\/12\/Le-Lit-Cabane-44.png","type":"image\/png"}],"author":"Cyrielle Poirot","twitter_card":"summary_large_image","twitter_misc":{"\u00c9crit par":"Cyrielle Poirot","Dur\u00e9e de lecture estim\u00e9e":"5 minutes"},"schema":{"@context":"https:\/\/schema.org","@graph":[{"@type":"Article","@id":"https:\/\/www.mobilier-design-occasion.fr\/magazine\/moderniser-la-tete-de-lit-creer-un-design-original-et-elegant\/#article","isPartOf":{"@id":"https:\/\/www.mobilier-design-occasion.fr\/magazine\/moderniser-la-tete-de-lit-creer-un-design-original-et-elegant\/"},"author":{"name":"Cyrielle Poirot","@id":"https:\/\/www.mobilier-design-occasion.fr\/magazine\/#\/schema\/person\/5b2e5627a714ddadaaf8c9b886c55eff"},"headline":"Moderniser la t\u00eate de lit: cr\u00e9er un design original et \u00e9l\u00e9gant","datePublished":"2023-12-13T09:08:59+00:00","dateModified":"2023-12-13T09:09:00+00:00","mainEntityOfPage":{"@id":"https:\/\/www.mobilier-design-occasion.fr\/magazine\/moderniser-la-tete-de-lit-creer-un-design-original-et-elegant\/"},"wordCount":976,"commentCount":0,"publisher":{"@id":"https:\/\/www.mobilier-design-occasion.fr\/magazine\/#organization"},"image":{"@id":"https:\/\/www.mobilier-design-occasion.fr\/magazine\/moderniser-la-tete-de-lit-creer-un-design-original-et-elegant\/#primaryimage"},"thumbnailUrl":"https:\/\/www.mobilier-design-occasion.fr\/magazine\/wp-content\/uploads\/2023\/12\/Le-Lit-Cabane-44.png","articleSection":["Tendances"],"inLanguage":"fr-FR","potentialAction":[{"@type":"CommentAction","name":"Comment","target":["https:\/\/www.mobilier-design-occasion.fr\/magazine\/moderniser-la-tete-de-lit-creer-un-design-original-et-elegant\/#respond"]}]},{"@type":"WebPage","@id":"https:\/\/www.mobilier-design-occasion.fr\/magazine\/moderniser-la-tete-de-lit-creer-un-design-original-et-elegant\/","url":"https:\/\/www.mobilier-design-occasion.fr\/magazine\/moderniser-la-tete-de-lit-creer-un-design-original-et-elegant\/","name":"Moderniser la t\u00eate de lit: cr\u00e9er un design original et \u00e9l\u00e9gant - Mobilier Design Magazine","isPartOf":{"@id":"https:\/\/www.mobilier-design-occasion.fr\/magazine\/#website"},"primaryImageOfPage":{"@id":"https:\/\/www.mobilier-design-occasion.fr\/magazine\/moderniser-la-tete-de-lit-creer-un-design-original-et-elegant\/#primaryimage"},"image":{"@id":"https:\/\/www.mobilier-design-occasion.fr\/magazine\/moderniser-la-tete-de-lit-creer-un-design-original-et-elegant\/#primaryimage"},"thumbnailUrl":"https:\/\/www.mobilier-design-occasion.fr\/magazine\/wp-content\/uploads\/2023\/12\/Le-Lit-Cabane-44.png","datePublished":"2023-12-13T09:08:59+00:00","dateModified":"2023-12-13T09:09:00+00:00","breadcrumb":{"@id":"https:\/\/www.mobilier-design-occasion.fr\/magazine\/moderniser-la-tete-de-lit-creer-un-design-original-et-elegant\/#breadcrumb"},"inLanguage":"fr-FR","potentialAction":[{"@type":"ReadAction","target":["https:\/\/www.mobilier-design-occasion.fr\/magazine\/moderniser-la-tete-de-lit-creer-un-design-original-et-elegant\/"]}]},{"@type":"ImageObject","inLanguage":"fr-FR","@id":"https:\/\/www.mobilier-design-occasion.fr\/magazine\/moderniser-la-tete-de-lit-creer-un-design-original-et-elegant\/#primaryimage","url":"https:\/\/www.mobilier-design-occasion.fr\/magazine\/wp-content\/uploads\/2023\/12\/Le-Lit-Cabane-44.png","contentUrl":"https:\/\/www.mobilier-design-occasion.fr\/magazine\/wp-content\/uploads\/2023\/12\/Le-Lit-Cabane-44.png","width":1080,"height":1080},{"@type":"BreadcrumbList","@id":"https:\/\/www.mobilier-design-occasion.fr\/magazine\/moderniser-la-tete-de-lit-creer-un-design-original-et-elegant\/#breadcrumb","itemListElement":[{"@type":"ListItem","position":1,"name":"Accueil","item":"https:\/\/www.mobilier-design-occasion.fr\/magazine\/"},{"@type":"ListItem","position":2,"name":"Moderniser la t\u00eate de lit: cr\u00e9er un design original et \u00e9l\u00e9gant"}]},{"@type":"WebSite","@id":"https:\/\/www.mobilier-design-occasion.fr\/magazine\/#website","url":"https:\/\/www.mobilier-design-occasion.fr\/magazine\/","name":"Mobilier Design Magazine","description":"","publisher":{"@id":"https:\/\/www.mobilier-design-occasion.fr\/magazine\/#organization"},"potentialAction":[{"@type":"SearchAction","target":{"@type":"EntryPoint","urlTemplate":"https:\/\/www.mobilier-design-occasion.fr\/magazine\/?s={search_term_string}"},"query-input":{"@type":"PropertyValueSpecification","valueRequired":true,"valueName":"search_term_string"}}],"inLanguage":"fr-FR"},{"@type":"Organization","@id":"https:\/\/www.mobilier-design-occasion.fr\/magazine\/#organization","name":"Mobilier Design Magazine","url":"https:\/\/www.mobilier-design-occasion.fr\/magazine\/","logo":{"@type":"ImageObject","inLanguage":"fr-FR","@id":"https:\/\/www.mobilier-design-occasion.fr\/magazine\/#\/schema\/logo\/image\/","url":"https:\/\/www.mobilier-design-occasion.fr\/magazine\/wp-content\/uploads\/2024\/02\/android-chrome-192x192-1.png","contentUrl":"https:\/\/www.mobilier-design-occasion.fr\/magazine\/wp-content\/uploads\/2024\/02\/android-chrome-192x192-1.png","width":192,"height":192,"caption":"Mobilier Design Magazine"},"image":{"@id":"https:\/\/www.mobilier-design-occasion.fr\/magazine\/#\/schema\/logo\/image\/"},"sameAs":["https:\/\/www.facebook.com\/mobilierdesignoccasion"]},{"@type":"Person","@id":"https:\/\/www.mobilier-design-occasion.fr\/magazine\/#\/schema\/person\/5b2e5627a714ddadaaf8c9b886c55eff","name":"Cyrielle Poirot","image":{"@type":"ImageObject","inLanguage":"fr-FR","@id":"https:\/\/secure.gravatar.com\/avatar\/c8d2674e093b06894d8d1dc468b626bd752523471f3ac6e75f7c7a1400d40b4d?s=96&d=mm&r=g","url":"https:\/\/secure.gravatar.com\/avatar\/c8d2674e093b06894d8d1dc468b626bd752523471f3ac6e75f7c7a1400d40b4d?s=96&d=mm&r=g","contentUrl":"https:\/\/secure.gravatar.com\/avatar\/c8d2674e093b06894d8d1dc468b626bd752523471f3ac6e75f7c7a1400d40b4d?s=96&d=mm&r=g","caption":"Cyrielle Poirot"},"description":"Cyrielle est passionn\u00e9e par la d\u00e9coration d'int\u00e9rieur et s'est sp\u00e9cialis\u00e9e depuis quelques ann\u00e9es dans l'\u00e9dition du site Mobilier-Design, avec une touche sp\u00e9cifique pour les produits d'occasion.","sameAs":["https:\/\/www.mobilier-design-occasion.fr\/magazine"],"url":"https:\/\/www.mobilier-design-occasion.fr\/magazine\/author\/cyrielle\/"}]}},"_links":{"self":[{"href":"https:\/\/www.mobilier-design-occasion.fr\/magazine\/wp-json\/wp\/v2\/posts\/7379","targetHints":{"allow":["GET"]}}],"collection":[{"href":"https:\/\/www.mobilier-design-occasion.fr\/magazine\/wp-json\/wp\/v2\/posts"}],"about":[{"href":"https:\/\/www.mobilier-design-occasion.fr\/magazine\/wp-json\/wp\/v2\/types\/post"}],"author":[{"embeddable":true,"href":"https:\/\/www.mobilier-design-occasion.fr\/magazine\/wp-json\/wp\/v2\/users\/1"}],"replies":[{"embeddable":true,"href":"https:\/\/www.mobilier-design-occasion.fr\/magazine\/wp-json\/wp\/v2\/comments?post=7379"}],"version-history":[{"count":1,"href":"https:\/\/www.mobilier-design-occasion.fr\/magazine\/wp-json\/wp\/v2\/posts\/7379\/revisions"}],"predecessor-version":[{"id":7381,"href":"https:\/\/www.mobilier-design-occasion.fr\/magazine\/wp-json\/wp\/v2\/posts\/7379\/revisions\/7381"}],"wp:featuredmedia":[{"embeddable":true,"href":"https:\/\/www.mobilier-design-occasion.fr\/magazine\/wp-json\/wp\/v2\/media\/7380"}],"wp:attachment":[{"href":"https:\/\/www.mobilier-design-occasion.fr\/magazine\/wp-json\/wp\/v2\/media?parent=7379"}],"wp:term":[{"taxonomy":"category","embeddable":true,"href":"https:\/\/www.mobilier-design-occasion.fr\/magazine\/wp-json\/wp\/v2\/categories?post=7379"},{"taxonomy":"post_tag","embeddable":true,"href":"https:\/\/www.mobilier-design-occasion.fr\/magazine\/wp-json\/wp\/v2\/tags?post=7379"}],"curies":[{"name":"wp","href":"https:\/\/api.w.org\/{rel}","templated":true}]}}