{"id":7359,"date":"2023-12-11T13:59:47","date_gmt":"2023-12-11T13:59:47","guid":{"rendered":"https:\/\/www.mobilier-design-occasion.fr\/magazine\/?p=7359"},"modified":"2023-12-11T13:59:48","modified_gmt":"2023-12-11T13:59:48","slug":"lart-du-sticker-donnez-vie-a-votre-mobilier-avec-une-touche-personnalisee","status":"publish","type":"post","link":"https:\/\/www.mobilier-design-occasion.fr\/magazine\/lart-du-sticker-donnez-vie-a-votre-mobilier-avec-une-touche-personnalisee\/","title":{"rendered":"L&#8217;art du sticker : donnez vie \u00e0 votre mobilier avec une touche personnalis\u00e9e"},"content":{"rendered":"\n<p>Bienvenue dans l&#8217;univers fascinant de l&#8217;art du sticker, une tendance d\u00e9co qui r\u00e9volutionne la fa\u00e7on dont nous voyons et personnalisons notre mobilier. Longtemps per\u00e7us comme de simples autocollants pour les enfants, les stickers ont \u00e9volu\u00e9 pour devenir des \u00e9l\u00e9ments de design incontournables dans l&#8217;art de la d\u00e9coration int\u00e9rieure. Dans cet article, nous allons plonger dans le monde color\u00e9 et cr\u00e9atif des stickers personnalis\u00e9s et d\u00e9couvrir comment ils peuvent transformer un meuble ordinaire en une pi\u00e8ce ma\u00eetresse exceptionnelle. Notre objectif est de vous montrer que, avec un peu d&#8217;imagination et les bons outils, vous pouvez donner une seconde vie \u00e0 votre mobilier et refl\u00e9ter votre personnalit\u00e9 \u00e0 travers des designs uniques et personnalis\u00e9s.<\/p>\n\n\n\n<figure class=\"wp-block-image size-full\"><img loading=\"lazy\" decoding=\"async\" width=\"616\" height=\"409\" src=\"https:\/\/www.mobilier-design-occasion.fr\/magazine\/wp-content\/uploads\/2023\/12\/stickerperso.png\" alt=\"\" class=\"wp-image-7360\" srcset=\"https:\/\/www.mobilier-design-occasion.fr\/magazine\/wp-content\/uploads\/2023\/12\/stickerperso.png 616w, https:\/\/www.mobilier-design-occasion.fr\/magazine\/wp-content\/uploads\/2023\/12\/stickerperso-300x199.png 300w\" sizes=\"auto, (max-width: 616px) 100vw, 616px\" \/><\/figure>\n\n\n\n<ol class=\"wp-block-list\">\n<li><strong>Les Fondements de l&#8217;Art du Sticker<\/strong><\/li>\n<\/ol>\n\n\n\n<p>Les stickers d\u00e9coratifs ne sont pas seulement des autocollants ; ils sont une expression de cr\u00e9ativit\u00e9 et un moyen simple de personnaliser n&#8217;importe quel espace. Ces petits \u00e9l\u00e9ments adh\u00e9sifs se d\u00e9clinent en une multitude de formes, de tailles, de couleurs et de motifs, offrant une libert\u00e9 de design pratiquement illimit\u00e9e. Que ce soit pour ajouter une touche de couleur \u00e0 une chaise fade ou pour transformer un bureau simple en une \u0153uvre d&#8217;art, les stickers peuvent faire toute la diff\u00e9rence.<\/p>\n\n\n\n<p>Le choix des mat\u00e9riaux est \u00e9galement crucial dans le monde des stickers. Du vinyle classique aux options plus \u00e9cologiques, chaque mat\u00e9riau offre des avantages uniques en termes de durabilit\u00e9, de facilit\u00e9 d&#8217;application et d&#8217;effet visuel. Certains sont con\u00e7us pour un usage \u00e0 long terme, tandis que d&#8217;autres sont parfaits pour ceux qui aiment changer r\u00e9guli\u00e8rement de d\u00e9cor.<\/p>\n\n\n\n<p>Outre leur aspect esth\u00e9tique, le <a href=\"https:\/\/www.sticker-en-ligne.com\">sticker personnalis\u00e9<\/a> est parfait pour donner une touche unique \u00e0 votre int\u00e9rieur, avec vos couleurs, go\u00fbts, style. Les enfants adorent! <\/p>\n\n\n\n<p>D&#8217;autre part, le sticker est appr\u00e9ci\u00e9 pour sa facilit\u00e9 d&#8217;application. Contrairement \u00e0 d&#8217;autres formes de r\u00e9novation de mobilier, les stickers ne n\u00e9cessitent pas de comp\u00e9tences particuli\u00e8res ou d&#8217;outils co\u00fbteux. Ils sont une solution id\u00e9ale pour ceux qui souhaitent personnaliser leur espace sans engagement \u00e0 long terme ou sans d\u00e9penser une fortune.<\/p>\n\n\n\n<figure class=\"wp-block-image size-full\"><img loading=\"lazy\" decoding=\"async\" width=\"892\" height=\"884\" src=\"https:\/\/www.mobilier-design-occasion.fr\/magazine\/wp-content\/uploads\/2023\/12\/image-9.png\" alt=\"\" class=\"wp-image-7363\" srcset=\"https:\/\/www.mobilier-design-occasion.fr\/magazine\/wp-content\/uploads\/2023\/12\/image-9.png 892w, https:\/\/www.mobilier-design-occasion.fr\/magazine\/wp-content\/uploads\/2023\/12\/image-9-300x297.png 300w, https:\/\/www.mobilier-design-occasion.fr\/magazine\/wp-content\/uploads\/2023\/12\/image-9-150x150.png 150w, https:\/\/www.mobilier-design-occasion.fr\/magazine\/wp-content\/uploads\/2023\/12\/image-9-768x761.png 768w, https:\/\/www.mobilier-design-occasion.fr\/magazine\/wp-content\/uploads\/2023\/12\/image-9-810x803.png 810w, https:\/\/www.mobilier-design-occasion.fr\/magazine\/wp-content\/uploads\/2023\/12\/image-9-120x120.png 120w\" sizes=\"auto, (max-width: 892px) 100vw, 892px\" \/><\/figure>\n\n\n\n<p><strong>2. Processus de Personnalisation avec des Stickers<\/strong><\/p>\n\n\n\n<p>Personnaliser votre mobilier avec des stickers est un processus simple mais artistique qui n\u00e9cessite attention et cr\u00e9ativit\u00e9. Voici les \u00e9tapes cl\u00e9s pour r\u00e9ussir cette m\u00e9tamorphose :<\/p>\n\n\n\n<ol class=\"wp-block-list\">\n<li><strong>S\u00e9lection du bon sticker<\/strong> : Le choix du sticker parfait d\u00e9pend de plusieurs facteurs, dont le style de votre mobilier, la palette de couleurs de votre int\u00e9rieur, et bien s\u00fbr, vos go\u00fbts personnels. Pensez \u00e0 la taille et \u00e0 la forme du meuble pour choisir un sticker proportionnel et harmonieux. Les designs peuvent aller de motifs g\u00e9om\u00e9triques simples \u00e0 des illustrations complexes ou des citations inspirantes.<\/li>\n\n\n\n<li><strong>Pr\u00e9paration du mobilier<\/strong> : Avant d&#8217;appliquer le sticker, assurez-vous que la surface du meuble est propre, s\u00e8che et lisse. Un nettoyage soigneux pour enlever toute trace de poussi\u00e8re ou de salet\u00e9 est essentiel pour assurer une bonne adh\u00e9rence. Pour les surfaces brillantes ou vernies, un l\u00e9ger pon\u00e7age peut am\u00e9liorer l&#8217;adh\u00e9rence.<\/li>\n\n\n\n<li><strong>Techniques d&#8217;application<\/strong> : L&#8217;application du sticker doit \u00eatre r\u00e9alis\u00e9e avec soin pour \u00e9viter les bulles d&#8217;air ou les plis. Commencez par positionner le sticker \u00e0 l&#8217;endroit souhait\u00e9 et fixez-le progressivement, en lissant la surface du centre vers les bords avec une raclette ou une carte en plastique. Pour les grands stickers, il peut \u00eatre utile de demander de l&#8217;aide pour les maintenir en place pendant l&#8217;application.<\/li>\n<\/ol>\n\n\n\n<figure class=\"wp-block-image size-full\"><img loading=\"lazy\" decoding=\"async\" width=\"615\" height=\"410\" src=\"https:\/\/www.mobilier-design-occasion.fr\/magazine\/wp-content\/uploads\/2023\/12\/stick-planche.png\" alt=\"\" class=\"wp-image-7361\" srcset=\"https:\/\/www.mobilier-design-occasion.fr\/magazine\/wp-content\/uploads\/2023\/12\/stick-planche.png 615w, https:\/\/www.mobilier-design-occasion.fr\/magazine\/wp-content\/uploads\/2023\/12\/stick-planche-300x200.png 300w\" sizes=\"auto, (max-width: 615px) 100vw, 615px\" \/><\/figure>\n\n\n\n<p><strong>3. Exemples Inspirants de Transformation de Mobilier<\/strong><\/p>\n\n\n\n<p>Pour vous inspirer, voici quelques exemples concrets de transformations de mobilier gr\u00e2ce aux stickers :<\/p>\n\n\n\n<ol class=\"wp-block-list\">\n<li><strong>Une commode classique devient une \u0153uvre d&#8217;art<\/strong> : Un meuble ancien peut \u00eatre revitalis\u00e9 avec des stickers aux motifs floraux ou abstraits. En choisissant des couleurs qui se marient bien avec le bois, vous pouvez cr\u00e9er un contraste saisissant entre le classique et le moderne.<\/li>\n\n\n\n<li><strong>La table d&#8217;enfant se transforme en terrain de jeu<\/strong> : Utilisez des stickers ludiques et \u00e9ducatifs pour transformer une simple table d&#8217;enfant en un espace de jeu et d&#8217;apprentissage. Des cartes du monde, des animaux, ou des lettres et chiffres, peuvent rendre l&#8217;apprentissage amusant et interactif.<\/li>\n\n\n\n<li><strong>Un bureau minimaliste avec une touche personnelle<\/strong> : M\u00eame un bureau au design \u00e9pur\u00e9 peut b\u00e9n\u00e9ficier d&#8217;une touche personnelle. Un sticker discret mais \u00e9l\u00e9gant, comme une citation motivante ou un motif g\u00e9om\u00e9trique, peut ajouter de la personnalit\u00e9 sans encombrer l&#8217;espace.<\/li>\n\n\n\n<li><strong>Des chaises de salle \u00e0 manger relook\u00e9es<\/strong> : Transformez des chaises simples en \u00e9l\u00e9ments de d\u00e9coration \u00e0 part enti\u00e8re. Des stickers color\u00e9s appliqu\u00e9s sur le dossier des chaises peuvent harmoniser votre salle \u00e0 manger avec le reste de votre d\u00e9coration.<\/li>\n<\/ol>\n\n\n\n<p>Ces exemples d\u00e9montrent la polyvalence des stickers et leur capacit\u00e9 \u00e0 transformer n&#8217;importe quel meuble en un \u00e9l\u00e9ment unique et personnalis\u00e9. Laissez votre cr\u00e9ativit\u00e9 s&#8217;exprimer et voyez comment un simple sticker peut m\u00e9tamorphoser votre espace.<\/p>\n","protected":false},"excerpt":{"rendered":"<p>Bienvenue dans l&#8217;univers fascinant de l&#8217;art du sticker, une tendance d\u00e9co qui r\u00e9volutionne la fa\u00e7on dont nous voyons et personnalisons notre mobilier. Longtemps per\u00e7us comme de simples autocollants pour les enfants, les stickers ont \u00e9volu\u00e9 pour devenir des \u00e9l\u00e9ments de design incontournables dans l&#8217;art de la d\u00e9coration int\u00e9rieure. Dans cet article, nous allons plonger dans [&hellip;]<\/p>\n","protected":false},"author":2,"featured_media":7360,"comment_status":"open","ping_status":"open","sticky":false,"template":"","format":"standard","meta":{"footnotes":""},"categories":[2],"tags":[150,134,189],"class_list":["post-7359","post","type-post","status-publish","format-standard","has-post-thumbnail","hentry","category-tendances","tag-ikea","tag-mobilier","tag-sticker"],"yoast_head":"<!-- This site is optimized with the Yoast SEO plugin v27.5 - https:\/\/yoast.com\/product\/yoast-seo-wordpress\/ -->\n<title>L&#039;art du sticker : donnez vie \u00e0 votre mobilier avec une touche personnalis\u00e9e - Mobilier Design Magazine<\/title>\n<meta name=\"robots\" content=\"index, follow, max-snippet:-1, max-image-preview:large, max-video-preview:-1\" \/>\n<link rel=\"canonical\" href=\"https:\/\/www.mobilier-design-occasion.fr\/magazine\/lart-du-sticker-donnez-vie-a-votre-mobilier-avec-une-touche-personnalisee\/\" \/>\n<meta property=\"og:locale\" content=\"fr_FR\" \/>\n<meta property=\"og:type\" content=\"article\" \/>\n<meta property=\"og:title\" content=\"L&#039;art du sticker : donnez vie \u00e0 votre mobilier avec une touche personnalis\u00e9e - Mobilier Design Magazine\" \/>\n<meta property=\"og:description\" content=\"Bienvenue dans l&#8217;univers fascinant de l&#8217;art du sticker, une tendance d\u00e9co qui r\u00e9volutionne la fa\u00e7on dont nous voyons et personnalisons notre mobilier. Longtemps per\u00e7us comme de simples autocollants pour les enfants, les stickers ont \u00e9volu\u00e9 pour devenir des \u00e9l\u00e9ments de design incontournables dans l&#8217;art de la d\u00e9coration int\u00e9rieure. Dans cet article, nous allons plonger dans [&hellip;]\" \/>\n<meta property=\"og:url\" content=\"https:\/\/www.mobilier-design-occasion.fr\/magazine\/lart-du-sticker-donnez-vie-a-votre-mobilier-avec-une-touche-personnalisee\/\" \/>\n<meta property=\"og:site_name\" content=\"Mobilier Design Magazine\" \/>\n<meta property=\"article:publisher\" content=\"https:\/\/www.facebook.com\/mobilierdesignoccasion\" \/>\n<meta property=\"article:published_time\" content=\"2023-12-11T13:59:47+00:00\" \/>\n<meta property=\"article:modified_time\" content=\"2023-12-11T13:59:48+00:00\" \/>\n<meta property=\"og:image\" content=\"https:\/\/www.mobilier-design-occasion.fr\/magazine\/wp-content\/uploads\/2023\/12\/stickerperso.png\" \/>\n\t<meta property=\"og:image:width\" content=\"616\" \/>\n\t<meta property=\"og:image:height\" content=\"409\" \/>\n\t<meta property=\"og:image:type\" content=\"image\/png\" \/>\n<meta name=\"author\" content=\"Vincent Vandegans\" \/>\n<meta name=\"twitter:card\" content=\"summary_large_image\" \/>\n<meta name=\"twitter:label1\" content=\"\u00c9crit par\" \/>\n\t<meta name=\"twitter:data1\" content=\"Vincent Vandegans\" \/>\n\t<meta name=\"twitter:label2\" content=\"Dur\u00e9e de lecture estim\u00e9e\" \/>\n\t<meta name=\"twitter:data2\" content=\"4 minutes\" \/>\n<script type=\"application\/ld+json\" class=\"yoast-schema-graph\">{\"@context\":\"https:\\\/\\\/schema.org\",\"@graph\":[{\"@type\":\"Article\",\"@id\":\"https:\\\/\\\/www.mobilier-design-occasion.fr\\\/magazine\\\/lart-du-sticker-donnez-vie-a-votre-mobilier-avec-une-touche-personnalisee\\\/#article\",\"isPartOf\":{\"@id\":\"https:\\\/\\\/www.mobilier-design-occasion.fr\\\/magazine\\\/lart-du-sticker-donnez-vie-a-votre-mobilier-avec-une-touche-personnalisee\\\/\"},\"author\":{\"name\":\"Vincent Vandegans\",\"@id\":\"https:\\\/\\\/www.mobilier-design-occasion.fr\\\/magazine\\\/#\\\/schema\\\/person\\\/af895bedc80bfb6b17730a672fddac9e\"},\"headline\":\"L&#8217;art du sticker : donnez vie \u00e0 votre mobilier avec une touche personnalis\u00e9e\",\"datePublished\":\"2023-12-11T13:59:47+00:00\",\"dateModified\":\"2023-12-11T13:59:48+00:00\",\"mainEntityOfPage\":{\"@id\":\"https:\\\/\\\/www.mobilier-design-occasion.fr\\\/magazine\\\/lart-du-sticker-donnez-vie-a-votre-mobilier-avec-une-touche-personnalisee\\\/\"},\"wordCount\":870,\"commentCount\":0,\"publisher\":{\"@id\":\"https:\\\/\\\/www.mobilier-design-occasion.fr\\\/magazine\\\/#organization\"},\"image\":{\"@id\":\"https:\\\/\\\/www.mobilier-design-occasion.fr\\\/magazine\\\/lart-du-sticker-donnez-vie-a-votre-mobilier-avec-une-touche-personnalisee\\\/#primaryimage\"},\"thumbnailUrl\":\"https:\\\/\\\/www.mobilier-design-occasion.fr\\\/magazine\\\/wp-content\\\/uploads\\\/2023\\\/12\\\/stickerperso.png\",\"keywords\":[\"ikea\",\"Mobilier\",\"sticker\"],\"articleSection\":[\"Tendances\"],\"inLanguage\":\"fr-FR\",\"potentialAction\":[{\"@type\":\"CommentAction\",\"name\":\"Comment\",\"target\":[\"https:\\\/\\\/www.mobilier-design-occasion.fr\\\/magazine\\\/lart-du-sticker-donnez-vie-a-votre-mobilier-avec-une-touche-personnalisee\\\/#respond\"]}]},{\"@type\":\"WebPage\",\"@id\":\"https:\\\/\\\/www.mobilier-design-occasion.fr\\\/magazine\\\/lart-du-sticker-donnez-vie-a-votre-mobilier-avec-une-touche-personnalisee\\\/\",\"url\":\"https:\\\/\\\/www.mobilier-design-occasion.fr\\\/magazine\\\/lart-du-sticker-donnez-vie-a-votre-mobilier-avec-une-touche-personnalisee\\\/\",\"name\":\"L'art du sticker : donnez vie \u00e0 votre mobilier avec une touche personnalis\u00e9e - Mobilier Design Magazine\",\"isPartOf\":{\"@id\":\"https:\\\/\\\/www.mobilier-design-occasion.fr\\\/magazine\\\/#website\"},\"primaryImageOfPage\":{\"@id\":\"https:\\\/\\\/www.mobilier-design-occasion.fr\\\/magazine\\\/lart-du-sticker-donnez-vie-a-votre-mobilier-avec-une-touche-personnalisee\\\/#primaryimage\"},\"image\":{\"@id\":\"https:\\\/\\\/www.mobilier-design-occasion.fr\\\/magazine\\\/lart-du-sticker-donnez-vie-a-votre-mobilier-avec-une-touche-personnalisee\\\/#primaryimage\"},\"thumbnailUrl\":\"https:\\\/\\\/www.mobilier-design-occasion.fr\\\/magazine\\\/wp-content\\\/uploads\\\/2023\\\/12\\\/stickerperso.png\",\"datePublished\":\"2023-12-11T13:59:47+00:00\",\"dateModified\":\"2023-12-11T13:59:48+00:00\",\"breadcrumb\":{\"@id\":\"https:\\\/\\\/www.mobilier-design-occasion.fr\\\/magazine\\\/lart-du-sticker-donnez-vie-a-votre-mobilier-avec-une-touche-personnalisee\\\/#breadcrumb\"},\"inLanguage\":\"fr-FR\",\"potentialAction\":[{\"@type\":\"ReadAction\",\"target\":[\"https:\\\/\\\/www.mobilier-design-occasion.fr\\\/magazine\\\/lart-du-sticker-donnez-vie-a-votre-mobilier-avec-une-touche-personnalisee\\\/\"]}]},{\"@type\":\"ImageObject\",\"inLanguage\":\"fr-FR\",\"@id\":\"https:\\\/\\\/www.mobilier-design-occasion.fr\\\/magazine\\\/lart-du-sticker-donnez-vie-a-votre-mobilier-avec-une-touche-personnalisee\\\/#primaryimage\",\"url\":\"https:\\\/\\\/www.mobilier-design-occasion.fr\\\/magazine\\\/wp-content\\\/uploads\\\/2023\\\/12\\\/stickerperso.png\",\"contentUrl\":\"https:\\\/\\\/www.mobilier-design-occasion.fr\\\/magazine\\\/wp-content\\\/uploads\\\/2023\\\/12\\\/stickerperso.png\",\"width\":616,\"height\":409},{\"@type\":\"BreadcrumbList\",\"@id\":\"https:\\\/\\\/www.mobilier-design-occasion.fr\\\/magazine\\\/lart-du-sticker-donnez-vie-a-votre-mobilier-avec-une-touche-personnalisee\\\/#breadcrumb\",\"itemListElement\":[{\"@type\":\"ListItem\",\"position\":1,\"name\":\"Accueil\",\"item\":\"https:\\\/\\\/www.mobilier-design-occasion.fr\\\/magazine\\\/\"},{\"@type\":\"ListItem\",\"position\":2,\"name\":\"L&rsquo;art du sticker : donnez vie \u00e0 votre mobilier avec une touche personnalis\u00e9e\"}]},{\"@type\":\"WebSite\",\"@id\":\"https:\\\/\\\/www.mobilier-design-occasion.fr\\\/magazine\\\/#website\",\"url\":\"https:\\\/\\\/www.mobilier-design-occasion.fr\\\/magazine\\\/\",\"name\":\"Mobilier Design Magazine\",\"description\":\"\",\"publisher\":{\"@id\":\"https:\\\/\\\/www.mobilier-design-occasion.fr\\\/magazine\\\/#organization\"},\"potentialAction\":[{\"@type\":\"SearchAction\",\"target\":{\"@type\":\"EntryPoint\",\"urlTemplate\":\"https:\\\/\\\/www.mobilier-design-occasion.fr\\\/magazine\\\/?s={search_term_string}\"},\"query-input\":{\"@type\":\"PropertyValueSpecification\",\"valueRequired\":true,\"valueName\":\"search_term_string\"}}],\"inLanguage\":\"fr-FR\"},{\"@type\":\"Organization\",\"@id\":\"https:\\\/\\\/www.mobilier-design-occasion.fr\\\/magazine\\\/#organization\",\"name\":\"Mobilier Design Magazine\",\"url\":\"https:\\\/\\\/www.mobilier-design-occasion.fr\\\/magazine\\\/\",\"logo\":{\"@type\":\"ImageObject\",\"inLanguage\":\"fr-FR\",\"@id\":\"https:\\\/\\\/www.mobilier-design-occasion.fr\\\/magazine\\\/#\\\/schema\\\/logo\\\/image\\\/\",\"url\":\"https:\\\/\\\/www.mobilier-design-occasion.fr\\\/magazine\\\/wp-content\\\/uploads\\\/2024\\\/02\\\/android-chrome-192x192-1.png\",\"contentUrl\":\"https:\\\/\\\/www.mobilier-design-occasion.fr\\\/magazine\\\/wp-content\\\/uploads\\\/2024\\\/02\\\/android-chrome-192x192-1.png\",\"width\":192,\"height\":192,\"caption\":\"Mobilier Design Magazine\"},\"image\":{\"@id\":\"https:\\\/\\\/www.mobilier-design-occasion.fr\\\/magazine\\\/#\\\/schema\\\/logo\\\/image\\\/\"},\"sameAs\":[\"https:\\\/\\\/www.facebook.com\\\/mobilierdesignoccasion\"]},{\"@type\":\"Person\",\"@id\":\"https:\\\/\\\/www.mobilier-design-occasion.fr\\\/magazine\\\/#\\\/schema\\\/person\\\/af895bedc80bfb6b17730a672fddac9e\",\"name\":\"Vincent Vandegans\",\"image\":{\"@type\":\"ImageObject\",\"inLanguage\":\"fr-FR\",\"@id\":\"https:\\\/\\\/secure.gravatar.com\\\/avatar\\\/b984800dabdf722d5e3f03f637c8932dea77d81118467d17ad2953e3b273ec66?s=96&d=mm&r=g\",\"url\":\"https:\\\/\\\/secure.gravatar.com\\\/avatar\\\/b984800dabdf722d5e3f03f637c8932dea77d81118467d17ad2953e3b273ec66?s=96&d=mm&r=g\",\"contentUrl\":\"https:\\\/\\\/secure.gravatar.com\\\/avatar\\\/b984800dabdf722d5e3f03f637c8932dea77d81118467d17ad2953e3b273ec66?s=96&d=mm&r=g\",\"caption\":\"Vincent Vandegans\"},\"description\":\"Vincent est passionn\u00e9 par les produits d'occasion, il a ouvert le site MDO avec Cyrielle pour aider les gens \u00e0 trouver du mobilier d'occasion, vintage ou usag\u00e9. Depuis, ils ont \u00e9tendu leurs activit\u00e9s et conseillent tout le monde sur le mobilier d'int\u00e9rieur et d'ext\u00e9rieur au quotidien \u00e0 travers le magazine MDO.\",\"url\":\"https:\\\/\\\/www.mobilier-design-occasion.fr\\\/magazine\\\/author\\\/vincent\\\/\"}]}<\/script>\n<!-- \/ Yoast SEO plugin. -->","yoast_head_json":{"title":"L'art du sticker : donnez vie \u00e0 votre mobilier avec une touche personnalis\u00e9e - Mobilier Design Magazine","robots":{"index":"index","follow":"follow","max-snippet":"max-snippet:-1","max-image-preview":"max-image-preview:large","max-video-preview":"max-video-preview:-1"},"canonical":"https:\/\/www.mobilier-design-occasion.fr\/magazine\/lart-du-sticker-donnez-vie-a-votre-mobilier-avec-une-touche-personnalisee\/","og_locale":"fr_FR","og_type":"article","og_title":"L'art du sticker : donnez vie \u00e0 votre mobilier avec une touche personnalis\u00e9e - Mobilier Design Magazine","og_description":"Bienvenue dans l&#8217;univers fascinant de l&#8217;art du sticker, une tendance d\u00e9co qui r\u00e9volutionne la fa\u00e7on dont nous voyons et personnalisons notre mobilier. Longtemps per\u00e7us comme de simples autocollants pour les enfants, les stickers ont \u00e9volu\u00e9 pour devenir des \u00e9l\u00e9ments de design incontournables dans l&#8217;art de la d\u00e9coration int\u00e9rieure. Dans cet article, nous allons plonger dans [&hellip;]","og_url":"https:\/\/www.mobilier-design-occasion.fr\/magazine\/lart-du-sticker-donnez-vie-a-votre-mobilier-avec-une-touche-personnalisee\/","og_site_name":"Mobilier Design Magazine","article_publisher":"https:\/\/www.facebook.com\/mobilierdesignoccasion","article_published_time":"2023-12-11T13:59:47+00:00","article_modified_time":"2023-12-11T13:59:48+00:00","og_image":[{"width":616,"height":409,"url":"https:\/\/www.mobilier-design-occasion.fr\/magazine\/wp-content\/uploads\/2023\/12\/stickerperso.png","type":"image\/png"}],"author":"Vincent Vandegans","twitter_card":"summary_large_image","twitter_misc":{"\u00c9crit par":"Vincent Vandegans","Dur\u00e9e de lecture estim\u00e9e":"4 minutes"},"schema":{"@context":"https:\/\/schema.org","@graph":[{"@type":"Article","@id":"https:\/\/www.mobilier-design-occasion.fr\/magazine\/lart-du-sticker-donnez-vie-a-votre-mobilier-avec-une-touche-personnalisee\/#article","isPartOf":{"@id":"https:\/\/www.mobilier-design-occasion.fr\/magazine\/lart-du-sticker-donnez-vie-a-votre-mobilier-avec-une-touche-personnalisee\/"},"author":{"name":"Vincent Vandegans","@id":"https:\/\/www.mobilier-design-occasion.fr\/magazine\/#\/schema\/person\/af895bedc80bfb6b17730a672fddac9e"},"headline":"L&#8217;art du sticker : donnez vie \u00e0 votre mobilier avec une touche personnalis\u00e9e","datePublished":"2023-12-11T13:59:47+00:00","dateModified":"2023-12-11T13:59:48+00:00","mainEntityOfPage":{"@id":"https:\/\/www.mobilier-design-occasion.fr\/magazine\/lart-du-sticker-donnez-vie-a-votre-mobilier-avec-une-touche-personnalisee\/"},"wordCount":870,"commentCount":0,"publisher":{"@id":"https:\/\/www.mobilier-design-occasion.fr\/magazine\/#organization"},"image":{"@id":"https:\/\/www.mobilier-design-occasion.fr\/magazine\/lart-du-sticker-donnez-vie-a-votre-mobilier-avec-une-touche-personnalisee\/#primaryimage"},"thumbnailUrl":"https:\/\/www.mobilier-design-occasion.fr\/magazine\/wp-content\/uploads\/2023\/12\/stickerperso.png","keywords":["ikea","Mobilier","sticker"],"articleSection":["Tendances"],"inLanguage":"fr-FR","potentialAction":[{"@type":"CommentAction","name":"Comment","target":["https:\/\/www.mobilier-design-occasion.fr\/magazine\/lart-du-sticker-donnez-vie-a-votre-mobilier-avec-une-touche-personnalisee\/#respond"]}]},{"@type":"WebPage","@id":"https:\/\/www.mobilier-design-occasion.fr\/magazine\/lart-du-sticker-donnez-vie-a-votre-mobilier-avec-une-touche-personnalisee\/","url":"https:\/\/www.mobilier-design-occasion.fr\/magazine\/lart-du-sticker-donnez-vie-a-votre-mobilier-avec-une-touche-personnalisee\/","name":"L'art du sticker : donnez vie \u00e0 votre mobilier avec une touche personnalis\u00e9e - Mobilier Design Magazine","isPartOf":{"@id":"https:\/\/www.mobilier-design-occasion.fr\/magazine\/#website"},"primaryImageOfPage":{"@id":"https:\/\/www.mobilier-design-occasion.fr\/magazine\/lart-du-sticker-donnez-vie-a-votre-mobilier-avec-une-touche-personnalisee\/#primaryimage"},"image":{"@id":"https:\/\/www.mobilier-design-occasion.fr\/magazine\/lart-du-sticker-donnez-vie-a-votre-mobilier-avec-une-touche-personnalisee\/#primaryimage"},"thumbnailUrl":"https:\/\/www.mobilier-design-occasion.fr\/magazine\/wp-content\/uploads\/2023\/12\/stickerperso.png","datePublished":"2023-12-11T13:59:47+00:00","dateModified":"2023-12-11T13:59:48+00:00","breadcrumb":{"@id":"https:\/\/www.mobilier-design-occasion.fr\/magazine\/lart-du-sticker-donnez-vie-a-votre-mobilier-avec-une-touche-personnalisee\/#breadcrumb"},"inLanguage":"fr-FR","potentialAction":[{"@type":"ReadAction","target":["https:\/\/www.mobilier-design-occasion.fr\/magazine\/lart-du-sticker-donnez-vie-a-votre-mobilier-avec-une-touche-personnalisee\/"]}]},{"@type":"ImageObject","inLanguage":"fr-FR","@id":"https:\/\/www.mobilier-design-occasion.fr\/magazine\/lart-du-sticker-donnez-vie-a-votre-mobilier-avec-une-touche-personnalisee\/#primaryimage","url":"https:\/\/www.mobilier-design-occasion.fr\/magazine\/wp-content\/uploads\/2023\/12\/stickerperso.png","contentUrl":"https:\/\/www.mobilier-design-occasion.fr\/magazine\/wp-content\/uploads\/2023\/12\/stickerperso.png","width":616,"height":409},{"@type":"BreadcrumbList","@id":"https:\/\/www.mobilier-design-occasion.fr\/magazine\/lart-du-sticker-donnez-vie-a-votre-mobilier-avec-une-touche-personnalisee\/#breadcrumb","itemListElement":[{"@type":"ListItem","position":1,"name":"Accueil","item":"https:\/\/www.mobilier-design-occasion.fr\/magazine\/"},{"@type":"ListItem","position":2,"name":"L&rsquo;art du sticker : donnez vie \u00e0 votre mobilier avec une touche personnalis\u00e9e"}]},{"@type":"WebSite","@id":"https:\/\/www.mobilier-design-occasion.fr\/magazine\/#website","url":"https:\/\/www.mobilier-design-occasion.fr\/magazine\/","name":"Mobilier Design Magazine","description":"","publisher":{"@id":"https:\/\/www.mobilier-design-occasion.fr\/magazine\/#organization"},"potentialAction":[{"@type":"SearchAction","target":{"@type":"EntryPoint","urlTemplate":"https:\/\/www.mobilier-design-occasion.fr\/magazine\/?s={search_term_string}"},"query-input":{"@type":"PropertyValueSpecification","valueRequired":true,"valueName":"search_term_string"}}],"inLanguage":"fr-FR"},{"@type":"Organization","@id":"https:\/\/www.mobilier-design-occasion.fr\/magazine\/#organization","name":"Mobilier Design Magazine","url":"https:\/\/www.mobilier-design-occasion.fr\/magazine\/","logo":{"@type":"ImageObject","inLanguage":"fr-FR","@id":"https:\/\/www.mobilier-design-occasion.fr\/magazine\/#\/schema\/logo\/image\/","url":"https:\/\/www.mobilier-design-occasion.fr\/magazine\/wp-content\/uploads\/2024\/02\/android-chrome-192x192-1.png","contentUrl":"https:\/\/www.mobilier-design-occasion.fr\/magazine\/wp-content\/uploads\/2024\/02\/android-chrome-192x192-1.png","width":192,"height":192,"caption":"Mobilier Design Magazine"},"image":{"@id":"https:\/\/www.mobilier-design-occasion.fr\/magazine\/#\/schema\/logo\/image\/"},"sameAs":["https:\/\/www.facebook.com\/mobilierdesignoccasion"]},{"@type":"Person","@id":"https:\/\/www.mobilier-design-occasion.fr\/magazine\/#\/schema\/person\/af895bedc80bfb6b17730a672fddac9e","name":"Vincent Vandegans","image":{"@type":"ImageObject","inLanguage":"fr-FR","@id":"https:\/\/secure.gravatar.com\/avatar\/b984800dabdf722d5e3f03f637c8932dea77d81118467d17ad2953e3b273ec66?s=96&d=mm&r=g","url":"https:\/\/secure.gravatar.com\/avatar\/b984800dabdf722d5e3f03f637c8932dea77d81118467d17ad2953e3b273ec66?s=96&d=mm&r=g","contentUrl":"https:\/\/secure.gravatar.com\/avatar\/b984800dabdf722d5e3f03f637c8932dea77d81118467d17ad2953e3b273ec66?s=96&d=mm&r=g","caption":"Vincent Vandegans"},"description":"Vincent est passionn\u00e9 par les produits d'occasion, il a ouvert le site MDO avec Cyrielle pour aider les gens \u00e0 trouver du mobilier d'occasion, vintage ou usag\u00e9. Depuis, ils ont \u00e9tendu leurs activit\u00e9s et conseillent tout le monde sur le mobilier d'int\u00e9rieur et d'ext\u00e9rieur au quotidien \u00e0 travers le magazine MDO.","url":"https:\/\/www.mobilier-design-occasion.fr\/magazine\/author\/vincent\/"}]}},"_links":{"self":[{"href":"https:\/\/www.mobilier-design-occasion.fr\/magazine\/wp-json\/wp\/v2\/posts\/7359","targetHints":{"allow":["GET"]}}],"collection":[{"href":"https:\/\/www.mobilier-design-occasion.fr\/magazine\/wp-json\/wp\/v2\/posts"}],"about":[{"href":"https:\/\/www.mobilier-design-occasion.fr\/magazine\/wp-json\/wp\/v2\/types\/post"}],"author":[{"embeddable":true,"href":"https:\/\/www.mobilier-design-occasion.fr\/magazine\/wp-json\/wp\/v2\/users\/2"}],"replies":[{"embeddable":true,"href":"https:\/\/www.mobilier-design-occasion.fr\/magazine\/wp-json\/wp\/v2\/comments?post=7359"}],"version-history":[{"count":1,"href":"https:\/\/www.mobilier-design-occasion.fr\/magazine\/wp-json\/wp\/v2\/posts\/7359\/revisions"}],"predecessor-version":[{"id":7364,"href":"https:\/\/www.mobilier-design-occasion.fr\/magazine\/wp-json\/wp\/v2\/posts\/7359\/revisions\/7364"}],"wp:featuredmedia":[{"embeddable":true,"href":"https:\/\/www.mobilier-design-occasion.fr\/magazine\/wp-json\/wp\/v2\/media\/7360"}],"wp:attachment":[{"href":"https:\/\/www.mobilier-design-occasion.fr\/magazine\/wp-json\/wp\/v2\/media?parent=7359"}],"wp:term":[{"taxonomy":"category","embeddable":true,"href":"https:\/\/www.mobilier-design-occasion.fr\/magazine\/wp-json\/wp\/v2\/categories?post=7359"},{"taxonomy":"post_tag","embeddable":true,"href":"https:\/\/www.mobilier-design-occasion.fr\/magazine\/wp-json\/wp\/v2\/tags?post=7359"}],"curies":[{"name":"wp","href":"https:\/\/api.w.org\/{rel}","templated":true}]}}