{"id":7349,"date":"2023-12-05T08:24:19","date_gmt":"2023-12-05T08:24:19","guid":{"rendered":"https:\/\/www.mobilier-design-occasion.fr\/magazine\/?p=7349"},"modified":"2023-12-05T08:24:20","modified_gmt":"2023-12-05T08:24:20","slug":"la-bibliotheque-billy-dikea-fete-ses-40-ans-et-je-lai-bricolee-pour-feter-ca","status":"publish","type":"post","link":"https:\/\/www.mobilier-design-occasion.fr\/magazine\/la-bibliotheque-billy-dikea-fete-ses-40-ans-et-je-lai-bricolee-pour-feter-ca\/","title":{"rendered":"LA BIBLIOTH\u00c8QUE BILLY D&#8217;IKEA F\u00caTE SES 40 ANS\u2026 ET JE L&#8217;AI BRICOL\u00c9E POUR F\u00caTER \u00c7A !"},"content":{"rendered":"\n<figure class=\"wp-block-image size-large\"><img loading=\"lazy\" decoding=\"async\" width=\"1024\" height=\"551\" src=\"https:\/\/www.mobilier-design-occasion.fr\/magazine\/wp-content\/uploads\/2023\/12\/image-7-1024x551.png\" alt=\"\" class=\"wp-image-7350\" srcset=\"https:\/\/www.mobilier-design-occasion.fr\/magazine\/wp-content\/uploads\/2023\/12\/image-7-1024x551.png 1024w, https:\/\/www.mobilier-design-occasion.fr\/magazine\/wp-content\/uploads\/2023\/12\/image-7-300x161.png 300w, https:\/\/www.mobilier-design-occasion.fr\/magazine\/wp-content\/uploads\/2023\/12\/image-7-768x413.png 768w, https:\/\/www.mobilier-design-occasion.fr\/magazine\/wp-content\/uploads\/2023\/12\/image-7-810x436.png 810w, https:\/\/www.mobilier-design-occasion.fr\/magazine\/wp-content\/uploads\/2023\/12\/image-7.png 1100w\" sizes=\"auto, (max-width: 1024px) 100vw, 1024px\" \/><\/figure>\n\n\n\n<p>L&#8217;\u00e9quipe et moi-m\u00eame \u00e9tions tr\u00e8s enthousiastes lorsque IKEA UAE nous a demand\u00e9 de participer \u00e0 une campagne pour c\u00e9l\u00e9brer les 40 ans de l&#8217;embl\u00e9matique biblioth\u00e8que BILLY. C&#8217;est assez incroyable de penser \u00e0 la fa\u00e7on dont cette biblioth\u00e8que (sous ses diff\u00e9rentes formes) a r\u00e9sist\u00e9 \u00e0 l&#8217;\u00e9preuve du temps, \u00e0 toutes les maisons qu&#8217;elle a d\u00fb habiller et aux innombrables fa\u00e7ons dont elle a \u00e9t\u00e9 stylis\u00e9e au cours de ces quatre d\u00e9cennies.<\/p>\n\n\n\n<p>Ayant grandi en Afrique du Sud, nous n&#8217;avions pas d&#8217;IKEA, et je ne connaissais donc pas cette marque &#8211; ou je savais qu&#8217;elle me manquait. Vous pouvez imaginer mon excitation lorsque j&#8217;ai d\u00e9m\u00e9nag\u00e9 \u00e0 Londres apr\u00e8s l&#8217;universit\u00e9 et que j&#8217;ai d\u00e9couvert la b\u00eate du commerce de d\u00e9tail de meubles. On peut dire que j&#8217;ai eu le coup de foudre, surtout avec le budget dont je disposais \u00e0 la fin des ann\u00e9es 90 ! Les meubles emball\u00e9s \u00e0 plat ne m&#8217;\u00e9taient pas du tout familiers. Je n&#8217;avais jamais rien vu de tel. Ayant toujours \u00e9t\u00e9 un bricoleur dans l&#8217;\u00e2me, je me souviens de la pure nouveaut\u00e9, de l&#8217;excitation du processus d&#8217;assemblage et du sentiment d&#8217;accomplissement une fois que c&#8217;\u00e9tait fait. <\/p>\n\n\n\n<p>L&#8217;un de mes achats les plus m\u00e9morables a \u00e9t\u00e9, bien s\u00fbr, une biblioth\u00e8que BILLY. Cette petite beaut\u00e9 a connu une vie \u00e0 part enti\u00e8re, avec de nombreuses variations de couleurs de peinture au fil des ans &#8211; elle a m\u00eame d\u00e9m\u00e9nag\u00e9 avec moi de Londres \u00e0 Duba\u00ef. J&#8217;ai fini par m&#8217;en d\u00e9barrasser \u00e0 la suite d&#8217;un d\u00e9m\u00e9nagement et d&#8217;un grand nettoyage, et j&#8217;\u00e9tais triste de la voir partir.<\/p>\n\n\n\n<figure class=\"wp-block-image size-large\"><img loading=\"lazy\" decoding=\"async\" width=\"820\" height=\"1024\" src=\"https:\/\/www.mobilier-design-occasion.fr\/magazine\/wp-content\/uploads\/2023\/12\/image-8-820x1024.png\" alt=\"\" class=\"wp-image-7351\" srcset=\"https:\/\/www.mobilier-design-occasion.fr\/magazine\/wp-content\/uploads\/2023\/12\/image-8-820x1024.png 820w, https:\/\/www.mobilier-design-occasion.fr\/magazine\/wp-content\/uploads\/2023\/12\/image-8-240x300.png 240w, https:\/\/www.mobilier-design-occasion.fr\/magazine\/wp-content\/uploads\/2023\/12\/image-8-768x959.png 768w, https:\/\/www.mobilier-design-occasion.fr\/magazine\/wp-content\/uploads\/2023\/12\/image-8-1230x1536.png 1230w, https:\/\/www.mobilier-design-occasion.fr\/magazine\/wp-content\/uploads\/2023\/12\/image-8-1640x2048.png 1640w, https:\/\/www.mobilier-design-occasion.fr\/magazine\/wp-content\/uploads\/2023\/12\/image-8-810x1012.png 810w, https:\/\/www.mobilier-design-occasion.fr\/magazine\/wp-content\/uploads\/2023\/12\/image-8-1140x1424.png 1140w, https:\/\/www.mobilier-design-occasion.fr\/magazine\/wp-content\/uploads\/2023\/12\/image-8.png 1960w\" sizes=\"auto, (max-width: 820px) 100vw, 820px\" \/><figcaption class=\"wp-element-caption\">https:\/\/www.houseofhawkes.com\/ikeas-billy-bookcase-turns-40\/<\/figcaption><\/figure>\n\n\n\n<p>Et m\u00eame si j&#8217;ai vraiment ador\u00e9 le r\u00e9sultat, j&#8217;avais envie de faire quelque chose d&#8217;un peu plus spectaculaire avec, d&#8217;autant plus que j&#8217;avais l&#8217;intention de le laisser l\u00e0 o\u00f9 il est dans mon salon.<\/p>\n\n\n\n<p>C&#8217;est ainsi qu&#8217;est n\u00e9e ma nouvelle astuce IKEA pr\u00e9f\u00e9r\u00e9e ! Aussi connu sous le nom de BILLY 2.0<\/p>\n\n\n\n<p>Cela fait tellement longtemps que j&#8217;ai envie d&#8217;une armoire en rotin ou en rotin. Je suis tomb\u00e9e amoureuse de l&#8217;armoire STOCKHOLM 2017 d&#8217;IKEA lorsqu&#8217;elle est sortie en \u00e9dition limit\u00e9e il y a deux ans, mais h\u00e9las, j&#8217;ai rat\u00e9 le coche et je n&#8217;ai jamais pu m&#8217;en procurer une. \u00c0 vrai dire, j&#8217;ai cherch\u00e9 une alternative abordable similaire depuis lors, mais sans succ\u00e8s. Et puis ce BILLY est arriv\u00e9 chez moi et je me suis dit, attendez une minute ! C&#8217;est peut-\u00eatre \u00e7a. Cette pens\u00e9e a \u00e9t\u00e9 imm\u00e9diatement suivie d&#8217;une recherche \u00e9pique d&#8217;une petite quantit\u00e9 de sangle de canne &#8211; et le deuxi\u00e8me jour o\u00f9 j&#8217;ai parcouru ce qui m&#8217;a sembl\u00e9 \u00eatre le monde entier, j&#8217;ai trouv\u00e9 un rouleau qui se trouvait dans le garage d&#8217;un ami tr\u00e8s cher. Merci l&#8217;univers\u2026 et Leanne.<\/p>\n\n\n\n<p>D\u00e9sireuse de mettre ce projet en route, mais avec un calendrier de projet fou et z\u00e9ro temps pour mon propre projet de bricolage, j&#8217;ai fait appel \u00e0 notre fid\u00e8le menuisier et l&#8217;ai inform\u00e9 de mon projet de portes personnalis\u00e9es pour ma biblioth\u00e8que BILLY. Facile, a-t-il dit (sa r\u00e9ponse habituelle \u00e0 toutes les demandes de design que nous lui faisons) ! Et en un rien de temps, cette beaut\u00e9 a pris forme. Il a fallu deux portes sur mesure et un travail de peinture, et je ne pourrais pas \u00eatre plus heureuse du r\u00e9sultat !<\/p>\n","protected":false},"excerpt":{"rendered":"<p>L&#8217;\u00e9quipe et moi-m\u00eame \u00e9tions tr\u00e8s enthousiastes lorsque IKEA UAE nous a demand\u00e9 de participer \u00e0 une campagne pour c\u00e9l\u00e9brer les 40 ans de l&#8217;embl\u00e9matique biblioth\u00e8que BILLY. C&#8217;est assez incroyable de penser \u00e0 la fa\u00e7on dont cette biblioth\u00e8que (sous ses diff\u00e9rentes formes) a r\u00e9sist\u00e9 \u00e0 l&#8217;\u00e9preuve du temps, \u00e0 toutes les maisons qu&#8217;elle a d\u00fb habiller [&hellip;]<\/p>\n","protected":false},"author":2,"featured_media":7351,"comment_status":"open","ping_status":"open","sticky":false,"template":"","format":"standard","meta":{"footnotes":""},"categories":[122],"tags":[188,151,150],"class_list":["post-7349","post","type-post","status-publish","format-standard","has-post-thumbnail","hentry","category-salon","tag-canage","tag-hack","tag-ikea"],"yoast_head":"<!-- This site is optimized with the Yoast SEO plugin v27.5 - https:\/\/yoast.com\/product\/yoast-seo-wordpress\/ -->\n<title>LA BIBLIOTH\u00c8QUE BILLY D&#039;IKEA F\u00caTE SES 40 ANS\u2026 ET JE L&#039;AI BRICOL\u00c9E POUR F\u00caTER \u00c7A ! - Mobilier Design Magazine<\/title>\n<meta name=\"robots\" content=\"index, follow, max-snippet:-1, max-image-preview:large, max-video-preview:-1\" \/>\n<link rel=\"canonical\" href=\"https:\/\/www.mobilier-design-occasion.fr\/magazine\/la-bibliotheque-billy-dikea-fete-ses-40-ans-et-je-lai-bricolee-pour-feter-ca\/\" \/>\n<meta property=\"og:locale\" content=\"fr_FR\" \/>\n<meta property=\"og:type\" content=\"article\" \/>\n<meta property=\"og:title\" content=\"LA BIBLIOTH\u00c8QUE BILLY D&#039;IKEA F\u00caTE SES 40 ANS\u2026 ET JE L&#039;AI BRICOL\u00c9E POUR F\u00caTER \u00c7A ! - Mobilier Design Magazine\" \/>\n<meta property=\"og:description\" content=\"L&#8217;\u00e9quipe et moi-m\u00eame \u00e9tions tr\u00e8s enthousiastes lorsque IKEA UAE nous a demand\u00e9 de participer \u00e0 une campagne pour c\u00e9l\u00e9brer les 40 ans de l&#8217;embl\u00e9matique biblioth\u00e8que BILLY. C&#8217;est assez incroyable de penser \u00e0 la fa\u00e7on dont cette biblioth\u00e8que (sous ses diff\u00e9rentes formes) a r\u00e9sist\u00e9 \u00e0 l&#8217;\u00e9preuve du temps, \u00e0 toutes les maisons qu&#8217;elle a d\u00fb habiller [&hellip;]\" \/>\n<meta property=\"og:url\" content=\"https:\/\/www.mobilier-design-occasion.fr\/magazine\/la-bibliotheque-billy-dikea-fete-ses-40-ans-et-je-lai-bricolee-pour-feter-ca\/\" \/>\n<meta property=\"og:site_name\" content=\"Mobilier Design Magazine\" \/>\n<meta property=\"article:publisher\" content=\"https:\/\/www.facebook.com\/mobilierdesignoccasion\" \/>\n<meta property=\"article:published_time\" content=\"2023-12-05T08:24:19+00:00\" \/>\n<meta property=\"article:modified_time\" content=\"2023-12-05T08:24:20+00:00\" \/>\n<meta property=\"og:image\" content=\"https:\/\/www.mobilier-design-occasion.fr\/magazine\/wp-content\/uploads\/2023\/12\/image-8-820x1024.png\" \/>\n\t<meta property=\"og:image:width\" content=\"820\" \/>\n\t<meta property=\"og:image:height\" content=\"1024\" \/>\n\t<meta property=\"og:image:type\" content=\"image\/png\" \/>\n<meta name=\"author\" content=\"Vincent Vandegans\" \/>\n<meta name=\"twitter:card\" content=\"summary_large_image\" \/>\n<meta name=\"twitter:label1\" content=\"\u00c9crit par\" \/>\n\t<meta name=\"twitter:data1\" content=\"Vincent Vandegans\" \/>\n\t<meta name=\"twitter:label2\" content=\"Dur\u00e9e de lecture estim\u00e9e\" \/>\n\t<meta name=\"twitter:data2\" content=\"3 minutes\" \/>\n<script type=\"application\/ld+json\" class=\"yoast-schema-graph\">{\"@context\":\"https:\\\/\\\/schema.org\",\"@graph\":[{\"@type\":\"Article\",\"@id\":\"https:\\\/\\\/www.mobilier-design-occasion.fr\\\/magazine\\\/la-bibliotheque-billy-dikea-fete-ses-40-ans-et-je-lai-bricolee-pour-feter-ca\\\/#article\",\"isPartOf\":{\"@id\":\"https:\\\/\\\/www.mobilier-design-occasion.fr\\\/magazine\\\/la-bibliotheque-billy-dikea-fete-ses-40-ans-et-je-lai-bricolee-pour-feter-ca\\\/\"},\"author\":{\"name\":\"Vincent Vandegans\",\"@id\":\"https:\\\/\\\/www.mobilier-design-occasion.fr\\\/magazine\\\/#\\\/schema\\\/person\\\/af895bedc80bfb6b17730a672fddac9e\"},\"headline\":\"LA BIBLIOTH\u00c8QUE BILLY D&#8217;IKEA F\u00caTE SES 40 ANS\u2026 ET JE L&#8217;AI BRICOL\u00c9E POUR F\u00caTER \u00c7A !\",\"datePublished\":\"2023-12-05T08:24:19+00:00\",\"dateModified\":\"2023-12-05T08:24:20+00:00\",\"mainEntityOfPage\":{\"@id\":\"https:\\\/\\\/www.mobilier-design-occasion.fr\\\/magazine\\\/la-bibliotheque-billy-dikea-fete-ses-40-ans-et-je-lai-bricolee-pour-feter-ca\\\/\"},\"wordCount\":643,\"commentCount\":0,\"publisher\":{\"@id\":\"https:\\\/\\\/www.mobilier-design-occasion.fr\\\/magazine\\\/#organization\"},\"image\":{\"@id\":\"https:\\\/\\\/www.mobilier-design-occasion.fr\\\/magazine\\\/la-bibliotheque-billy-dikea-fete-ses-40-ans-et-je-lai-bricolee-pour-feter-ca\\\/#primaryimage\"},\"thumbnailUrl\":\"https:\\\/\\\/www.mobilier-design-occasion.fr\\\/magazine\\\/wp-content\\\/uploads\\\/2023\\\/12\\\/image-8.png\",\"keywords\":[\"canage\",\"hack\",\"ikea\"],\"articleSection\":[\"Salon\"],\"inLanguage\":\"fr-FR\",\"potentialAction\":[{\"@type\":\"CommentAction\",\"name\":\"Comment\",\"target\":[\"https:\\\/\\\/www.mobilier-design-occasion.fr\\\/magazine\\\/la-bibliotheque-billy-dikea-fete-ses-40-ans-et-je-lai-bricolee-pour-feter-ca\\\/#respond\"]}]},{\"@type\":\"WebPage\",\"@id\":\"https:\\\/\\\/www.mobilier-design-occasion.fr\\\/magazine\\\/la-bibliotheque-billy-dikea-fete-ses-40-ans-et-je-lai-bricolee-pour-feter-ca\\\/\",\"url\":\"https:\\\/\\\/www.mobilier-design-occasion.fr\\\/magazine\\\/la-bibliotheque-billy-dikea-fete-ses-40-ans-et-je-lai-bricolee-pour-feter-ca\\\/\",\"name\":\"LA BIBLIOTH\u00c8QUE BILLY D'IKEA F\u00caTE SES 40 ANS\u2026 ET JE L'AI BRICOL\u00c9E POUR F\u00caTER \u00c7A ! - Mobilier Design Magazine\",\"isPartOf\":{\"@id\":\"https:\\\/\\\/www.mobilier-design-occasion.fr\\\/magazine\\\/#website\"},\"primaryImageOfPage\":{\"@id\":\"https:\\\/\\\/www.mobilier-design-occasion.fr\\\/magazine\\\/la-bibliotheque-billy-dikea-fete-ses-40-ans-et-je-lai-bricolee-pour-feter-ca\\\/#primaryimage\"},\"image\":{\"@id\":\"https:\\\/\\\/www.mobilier-design-occasion.fr\\\/magazine\\\/la-bibliotheque-billy-dikea-fete-ses-40-ans-et-je-lai-bricolee-pour-feter-ca\\\/#primaryimage\"},\"thumbnailUrl\":\"https:\\\/\\\/www.mobilier-design-occasion.fr\\\/magazine\\\/wp-content\\\/uploads\\\/2023\\\/12\\\/image-8.png\",\"datePublished\":\"2023-12-05T08:24:19+00:00\",\"dateModified\":\"2023-12-05T08:24:20+00:00\",\"breadcrumb\":{\"@id\":\"https:\\\/\\\/www.mobilier-design-occasion.fr\\\/magazine\\\/la-bibliotheque-billy-dikea-fete-ses-40-ans-et-je-lai-bricolee-pour-feter-ca\\\/#breadcrumb\"},\"inLanguage\":\"fr-FR\",\"potentialAction\":[{\"@type\":\"ReadAction\",\"target\":[\"https:\\\/\\\/www.mobilier-design-occasion.fr\\\/magazine\\\/la-bibliotheque-billy-dikea-fete-ses-40-ans-et-je-lai-bricolee-pour-feter-ca\\\/\"]}]},{\"@type\":\"ImageObject\",\"inLanguage\":\"fr-FR\",\"@id\":\"https:\\\/\\\/www.mobilier-design-occasion.fr\\\/magazine\\\/la-bibliotheque-billy-dikea-fete-ses-40-ans-et-je-lai-bricolee-pour-feter-ca\\\/#primaryimage\",\"url\":\"https:\\\/\\\/www.mobilier-design-occasion.fr\\\/magazine\\\/wp-content\\\/uploads\\\/2023\\\/12\\\/image-8.png\",\"contentUrl\":\"https:\\\/\\\/www.mobilier-design-occasion.fr\\\/magazine\\\/wp-content\\\/uploads\\\/2023\\\/12\\\/image-8.png\",\"width\":1960,\"height\":2448},{\"@type\":\"BreadcrumbList\",\"@id\":\"https:\\\/\\\/www.mobilier-design-occasion.fr\\\/magazine\\\/la-bibliotheque-billy-dikea-fete-ses-40-ans-et-je-lai-bricolee-pour-feter-ca\\\/#breadcrumb\",\"itemListElement\":[{\"@type\":\"ListItem\",\"position\":1,\"name\":\"Accueil\",\"item\":\"https:\\\/\\\/www.mobilier-design-occasion.fr\\\/magazine\\\/\"},{\"@type\":\"ListItem\",\"position\":2,\"name\":\"LA BIBLIOTH\u00c8QUE BILLY D&rsquo;IKEA F\u00caTE SES 40 ANS\u2026 ET JE L&rsquo;AI BRICOL\u00c9E POUR F\u00caTER \u00c7A !\"}]},{\"@type\":\"WebSite\",\"@id\":\"https:\\\/\\\/www.mobilier-design-occasion.fr\\\/magazine\\\/#website\",\"url\":\"https:\\\/\\\/www.mobilier-design-occasion.fr\\\/magazine\\\/\",\"name\":\"Mobilier Design Magazine\",\"description\":\"\",\"publisher\":{\"@id\":\"https:\\\/\\\/www.mobilier-design-occasion.fr\\\/magazine\\\/#organization\"},\"potentialAction\":[{\"@type\":\"SearchAction\",\"target\":{\"@type\":\"EntryPoint\",\"urlTemplate\":\"https:\\\/\\\/www.mobilier-design-occasion.fr\\\/magazine\\\/?s={search_term_string}\"},\"query-input\":{\"@type\":\"PropertyValueSpecification\",\"valueRequired\":true,\"valueName\":\"search_term_string\"}}],\"inLanguage\":\"fr-FR\"},{\"@type\":\"Organization\",\"@id\":\"https:\\\/\\\/www.mobilier-design-occasion.fr\\\/magazine\\\/#organization\",\"name\":\"Mobilier Design Magazine\",\"url\":\"https:\\\/\\\/www.mobilier-design-occasion.fr\\\/magazine\\\/\",\"logo\":{\"@type\":\"ImageObject\",\"inLanguage\":\"fr-FR\",\"@id\":\"https:\\\/\\\/www.mobilier-design-occasion.fr\\\/magazine\\\/#\\\/schema\\\/logo\\\/image\\\/\",\"url\":\"https:\\\/\\\/www.mobilier-design-occasion.fr\\\/magazine\\\/wp-content\\\/uploads\\\/2024\\\/02\\\/android-chrome-192x192-1.png\",\"contentUrl\":\"https:\\\/\\\/www.mobilier-design-occasion.fr\\\/magazine\\\/wp-content\\\/uploads\\\/2024\\\/02\\\/android-chrome-192x192-1.png\",\"width\":192,\"height\":192,\"caption\":\"Mobilier Design Magazine\"},\"image\":{\"@id\":\"https:\\\/\\\/www.mobilier-design-occasion.fr\\\/magazine\\\/#\\\/schema\\\/logo\\\/image\\\/\"},\"sameAs\":[\"https:\\\/\\\/www.facebook.com\\\/mobilierdesignoccasion\"]},{\"@type\":\"Person\",\"@id\":\"https:\\\/\\\/www.mobilier-design-occasion.fr\\\/magazine\\\/#\\\/schema\\\/person\\\/af895bedc80bfb6b17730a672fddac9e\",\"name\":\"Vincent Vandegans\",\"image\":{\"@type\":\"ImageObject\",\"inLanguage\":\"fr-FR\",\"@id\":\"https:\\\/\\\/secure.gravatar.com\\\/avatar\\\/b984800dabdf722d5e3f03f637c8932dea77d81118467d17ad2953e3b273ec66?s=96&d=mm&r=g\",\"url\":\"https:\\\/\\\/secure.gravatar.com\\\/avatar\\\/b984800dabdf722d5e3f03f637c8932dea77d81118467d17ad2953e3b273ec66?s=96&d=mm&r=g\",\"contentUrl\":\"https:\\\/\\\/secure.gravatar.com\\\/avatar\\\/b984800dabdf722d5e3f03f637c8932dea77d81118467d17ad2953e3b273ec66?s=96&d=mm&r=g\",\"caption\":\"Vincent Vandegans\"},\"description\":\"Vincent est passionn\u00e9 par les produits d'occasion, il a ouvert le site MDO avec Cyrielle pour aider les gens \u00e0 trouver du mobilier d'occasion, vintage ou usag\u00e9. Depuis, ils ont \u00e9tendu leurs activit\u00e9s et conseillent tout le monde sur le mobilier d'int\u00e9rieur et d'ext\u00e9rieur au quotidien \u00e0 travers le magazine MDO.\",\"url\":\"https:\\\/\\\/www.mobilier-design-occasion.fr\\\/magazine\\\/author\\\/vincent\\\/\"}]}<\/script>\n<!-- \/ Yoast SEO plugin. -->","yoast_head_json":{"title":"LA BIBLIOTH\u00c8QUE BILLY D'IKEA F\u00caTE SES 40 ANS\u2026 ET JE L'AI BRICOL\u00c9E POUR F\u00caTER \u00c7A ! - Mobilier Design Magazine","robots":{"index":"index","follow":"follow","max-snippet":"max-snippet:-1","max-image-preview":"max-image-preview:large","max-video-preview":"max-video-preview:-1"},"canonical":"https:\/\/www.mobilier-design-occasion.fr\/magazine\/la-bibliotheque-billy-dikea-fete-ses-40-ans-et-je-lai-bricolee-pour-feter-ca\/","og_locale":"fr_FR","og_type":"article","og_title":"LA BIBLIOTH\u00c8QUE BILLY D'IKEA F\u00caTE SES 40 ANS\u2026 ET JE L'AI BRICOL\u00c9E POUR F\u00caTER \u00c7A ! - Mobilier Design Magazine","og_description":"L&#8217;\u00e9quipe et moi-m\u00eame \u00e9tions tr\u00e8s enthousiastes lorsque IKEA UAE nous a demand\u00e9 de participer \u00e0 une campagne pour c\u00e9l\u00e9brer les 40 ans de l&#8217;embl\u00e9matique biblioth\u00e8que BILLY. C&#8217;est assez incroyable de penser \u00e0 la fa\u00e7on dont cette biblioth\u00e8que (sous ses diff\u00e9rentes formes) a r\u00e9sist\u00e9 \u00e0 l&#8217;\u00e9preuve du temps, \u00e0 toutes les maisons qu&#8217;elle a d\u00fb habiller [&hellip;]","og_url":"https:\/\/www.mobilier-design-occasion.fr\/magazine\/la-bibliotheque-billy-dikea-fete-ses-40-ans-et-je-lai-bricolee-pour-feter-ca\/","og_site_name":"Mobilier Design Magazine","article_publisher":"https:\/\/www.facebook.com\/mobilierdesignoccasion","article_published_time":"2023-12-05T08:24:19+00:00","article_modified_time":"2023-12-05T08:24:20+00:00","og_image":[{"width":820,"height":1024,"url":"https:\/\/www.mobilier-design-occasion.fr\/magazine\/wp-content\/uploads\/2023\/12\/image-8-820x1024.png","type":"image\/png"}],"author":"Vincent Vandegans","twitter_card":"summary_large_image","twitter_misc":{"\u00c9crit par":"Vincent Vandegans","Dur\u00e9e de lecture estim\u00e9e":"3 minutes"},"schema":{"@context":"https:\/\/schema.org","@graph":[{"@type":"Article","@id":"https:\/\/www.mobilier-design-occasion.fr\/magazine\/la-bibliotheque-billy-dikea-fete-ses-40-ans-et-je-lai-bricolee-pour-feter-ca\/#article","isPartOf":{"@id":"https:\/\/www.mobilier-design-occasion.fr\/magazine\/la-bibliotheque-billy-dikea-fete-ses-40-ans-et-je-lai-bricolee-pour-feter-ca\/"},"author":{"name":"Vincent Vandegans","@id":"https:\/\/www.mobilier-design-occasion.fr\/magazine\/#\/schema\/person\/af895bedc80bfb6b17730a672fddac9e"},"headline":"LA BIBLIOTH\u00c8QUE BILLY D&#8217;IKEA F\u00caTE SES 40 ANS\u2026 ET JE L&#8217;AI BRICOL\u00c9E POUR F\u00caTER \u00c7A !","datePublished":"2023-12-05T08:24:19+00:00","dateModified":"2023-12-05T08:24:20+00:00","mainEntityOfPage":{"@id":"https:\/\/www.mobilier-design-occasion.fr\/magazine\/la-bibliotheque-billy-dikea-fete-ses-40-ans-et-je-lai-bricolee-pour-feter-ca\/"},"wordCount":643,"commentCount":0,"publisher":{"@id":"https:\/\/www.mobilier-design-occasion.fr\/magazine\/#organization"},"image":{"@id":"https:\/\/www.mobilier-design-occasion.fr\/magazine\/la-bibliotheque-billy-dikea-fete-ses-40-ans-et-je-lai-bricolee-pour-feter-ca\/#primaryimage"},"thumbnailUrl":"https:\/\/www.mobilier-design-occasion.fr\/magazine\/wp-content\/uploads\/2023\/12\/image-8.png","keywords":["canage","hack","ikea"],"articleSection":["Salon"],"inLanguage":"fr-FR","potentialAction":[{"@type":"CommentAction","name":"Comment","target":["https:\/\/www.mobilier-design-occasion.fr\/magazine\/la-bibliotheque-billy-dikea-fete-ses-40-ans-et-je-lai-bricolee-pour-feter-ca\/#respond"]}]},{"@type":"WebPage","@id":"https:\/\/www.mobilier-design-occasion.fr\/magazine\/la-bibliotheque-billy-dikea-fete-ses-40-ans-et-je-lai-bricolee-pour-feter-ca\/","url":"https:\/\/www.mobilier-design-occasion.fr\/magazine\/la-bibliotheque-billy-dikea-fete-ses-40-ans-et-je-lai-bricolee-pour-feter-ca\/","name":"LA BIBLIOTH\u00c8QUE BILLY D'IKEA F\u00caTE SES 40 ANS\u2026 ET JE L'AI BRICOL\u00c9E POUR F\u00caTER \u00c7A ! - Mobilier Design Magazine","isPartOf":{"@id":"https:\/\/www.mobilier-design-occasion.fr\/magazine\/#website"},"primaryImageOfPage":{"@id":"https:\/\/www.mobilier-design-occasion.fr\/magazine\/la-bibliotheque-billy-dikea-fete-ses-40-ans-et-je-lai-bricolee-pour-feter-ca\/#primaryimage"},"image":{"@id":"https:\/\/www.mobilier-design-occasion.fr\/magazine\/la-bibliotheque-billy-dikea-fete-ses-40-ans-et-je-lai-bricolee-pour-feter-ca\/#primaryimage"},"thumbnailUrl":"https:\/\/www.mobilier-design-occasion.fr\/magazine\/wp-content\/uploads\/2023\/12\/image-8.png","datePublished":"2023-12-05T08:24:19+00:00","dateModified":"2023-12-05T08:24:20+00:00","breadcrumb":{"@id":"https:\/\/www.mobilier-design-occasion.fr\/magazine\/la-bibliotheque-billy-dikea-fete-ses-40-ans-et-je-lai-bricolee-pour-feter-ca\/#breadcrumb"},"inLanguage":"fr-FR","potentialAction":[{"@type":"ReadAction","target":["https:\/\/www.mobilier-design-occasion.fr\/magazine\/la-bibliotheque-billy-dikea-fete-ses-40-ans-et-je-lai-bricolee-pour-feter-ca\/"]}]},{"@type":"ImageObject","inLanguage":"fr-FR","@id":"https:\/\/www.mobilier-design-occasion.fr\/magazine\/la-bibliotheque-billy-dikea-fete-ses-40-ans-et-je-lai-bricolee-pour-feter-ca\/#primaryimage","url":"https:\/\/www.mobilier-design-occasion.fr\/magazine\/wp-content\/uploads\/2023\/12\/image-8.png","contentUrl":"https:\/\/www.mobilier-design-occasion.fr\/magazine\/wp-content\/uploads\/2023\/12\/image-8.png","width":1960,"height":2448},{"@type":"BreadcrumbList","@id":"https:\/\/www.mobilier-design-occasion.fr\/magazine\/la-bibliotheque-billy-dikea-fete-ses-40-ans-et-je-lai-bricolee-pour-feter-ca\/#breadcrumb","itemListElement":[{"@type":"ListItem","position":1,"name":"Accueil","item":"https:\/\/www.mobilier-design-occasion.fr\/magazine\/"},{"@type":"ListItem","position":2,"name":"LA BIBLIOTH\u00c8QUE BILLY D&rsquo;IKEA F\u00caTE SES 40 ANS\u2026 ET JE L&rsquo;AI BRICOL\u00c9E POUR F\u00caTER \u00c7A !"}]},{"@type":"WebSite","@id":"https:\/\/www.mobilier-design-occasion.fr\/magazine\/#website","url":"https:\/\/www.mobilier-design-occasion.fr\/magazine\/","name":"Mobilier Design Magazine","description":"","publisher":{"@id":"https:\/\/www.mobilier-design-occasion.fr\/magazine\/#organization"},"potentialAction":[{"@type":"SearchAction","target":{"@type":"EntryPoint","urlTemplate":"https:\/\/www.mobilier-design-occasion.fr\/magazine\/?s={search_term_string}"},"query-input":{"@type":"PropertyValueSpecification","valueRequired":true,"valueName":"search_term_string"}}],"inLanguage":"fr-FR"},{"@type":"Organization","@id":"https:\/\/www.mobilier-design-occasion.fr\/magazine\/#organization","name":"Mobilier Design Magazine","url":"https:\/\/www.mobilier-design-occasion.fr\/magazine\/","logo":{"@type":"ImageObject","inLanguage":"fr-FR","@id":"https:\/\/www.mobilier-design-occasion.fr\/magazine\/#\/schema\/logo\/image\/","url":"https:\/\/www.mobilier-design-occasion.fr\/magazine\/wp-content\/uploads\/2024\/02\/android-chrome-192x192-1.png","contentUrl":"https:\/\/www.mobilier-design-occasion.fr\/magazine\/wp-content\/uploads\/2024\/02\/android-chrome-192x192-1.png","width":192,"height":192,"caption":"Mobilier Design Magazine"},"image":{"@id":"https:\/\/www.mobilier-design-occasion.fr\/magazine\/#\/schema\/logo\/image\/"},"sameAs":["https:\/\/www.facebook.com\/mobilierdesignoccasion"]},{"@type":"Person","@id":"https:\/\/www.mobilier-design-occasion.fr\/magazine\/#\/schema\/person\/af895bedc80bfb6b17730a672fddac9e","name":"Vincent Vandegans","image":{"@type":"ImageObject","inLanguage":"fr-FR","@id":"https:\/\/secure.gravatar.com\/avatar\/b984800dabdf722d5e3f03f637c8932dea77d81118467d17ad2953e3b273ec66?s=96&d=mm&r=g","url":"https:\/\/secure.gravatar.com\/avatar\/b984800dabdf722d5e3f03f637c8932dea77d81118467d17ad2953e3b273ec66?s=96&d=mm&r=g","contentUrl":"https:\/\/secure.gravatar.com\/avatar\/b984800dabdf722d5e3f03f637c8932dea77d81118467d17ad2953e3b273ec66?s=96&d=mm&r=g","caption":"Vincent Vandegans"},"description":"Vincent est passionn\u00e9 par les produits d'occasion, il a ouvert le site MDO avec Cyrielle pour aider les gens \u00e0 trouver du mobilier d'occasion, vintage ou usag\u00e9. Depuis, ils ont \u00e9tendu leurs activit\u00e9s et conseillent tout le monde sur le mobilier d'int\u00e9rieur et d'ext\u00e9rieur au quotidien \u00e0 travers le magazine MDO.","url":"https:\/\/www.mobilier-design-occasion.fr\/magazine\/author\/vincent\/"}]}},"_links":{"self":[{"href":"https:\/\/www.mobilier-design-occasion.fr\/magazine\/wp-json\/wp\/v2\/posts\/7349","targetHints":{"allow":["GET"]}}],"collection":[{"href":"https:\/\/www.mobilier-design-occasion.fr\/magazine\/wp-json\/wp\/v2\/posts"}],"about":[{"href":"https:\/\/www.mobilier-design-occasion.fr\/magazine\/wp-json\/wp\/v2\/types\/post"}],"author":[{"embeddable":true,"href":"https:\/\/www.mobilier-design-occasion.fr\/magazine\/wp-json\/wp\/v2\/users\/2"}],"replies":[{"embeddable":true,"href":"https:\/\/www.mobilier-design-occasion.fr\/magazine\/wp-json\/wp\/v2\/comments?post=7349"}],"version-history":[{"count":1,"href":"https:\/\/www.mobilier-design-occasion.fr\/magazine\/wp-json\/wp\/v2\/posts\/7349\/revisions"}],"predecessor-version":[{"id":7352,"href":"https:\/\/www.mobilier-design-occasion.fr\/magazine\/wp-json\/wp\/v2\/posts\/7349\/revisions\/7352"}],"wp:featuredmedia":[{"embeddable":true,"href":"https:\/\/www.mobilier-design-occasion.fr\/magazine\/wp-json\/wp\/v2\/media\/7351"}],"wp:attachment":[{"href":"https:\/\/www.mobilier-design-occasion.fr\/magazine\/wp-json\/wp\/v2\/media?parent=7349"}],"wp:term":[{"taxonomy":"category","embeddable":true,"href":"https:\/\/www.mobilier-design-occasion.fr\/magazine\/wp-json\/wp\/v2\/categories?post=7349"},{"taxonomy":"post_tag","embeddable":true,"href":"https:\/\/www.mobilier-design-occasion.fr\/magazine\/wp-json\/wp\/v2\/tags?post=7349"}],"curies":[{"name":"wp","href":"https:\/\/api.w.org\/{rel}","templated":true}]}}