{"id":7342,"date":"2023-12-04T10:23:11","date_gmt":"2023-12-04T10:23:11","guid":{"rendered":"https:\/\/www.mobilier-design-occasion.fr\/magazine\/?p=7342"},"modified":"2023-12-04T10:23:12","modified_gmt":"2023-12-04T10:23:12","slug":"ikea-fait-le-buzz-avec-cette-video-dejantee-de-noel","status":"publish","type":"post","link":"https:\/\/www.mobilier-design-occasion.fr\/magazine\/ikea-fait-le-buzz-avec-cette-video-dejantee-de-noel\/","title":{"rendered":"IKEA fait le buzz avec cette vid\u00e9o d\u00e9jant\u00e9e de No\u00ebl!"},"content":{"rendered":"\n<p>Cette video d&#8217;Ikea pour No\u00ebl a d\u00e9j\u00e0 fait le tour d&#8217;internet tellement elle est dr\u00f4le.<br>Un No\u00ebl parfait qui&#8230; part en vrille. Tellement vrai !!<\/p>\n\n\n\n<figure class=\"wp-block-video\"><video height=\"1080\" style=\"aspect-ratio: 1920 \/ 1080;\" width=\"1920\" controls src=\"https:\/\/www.mobilier-design-occasion.fr\/magazine\/wp-content\/uploads\/2023\/12\/ikea-campagne-noel-D.mp4\"><\/video><\/figure>\n\n\n\n<p>Pour sa derni\u00e8re initiative, IKEA a choisi de c\u00e9l\u00e9brer l&#8217;esprit de No\u00ebl en mettant en sc\u00e8ne un p\u00e8re confront\u00e9 aux souhaits extravagants de ses enfants au sein de l&#8217;un de ses magasins. Cette histoire courte et amusante refl\u00e8te la r\u00e9alit\u00e9 quotidienne et nous invite chaleureusement \u00e0 d\u00e9couvrir le service Click and Collect de l&#8217;entreprise, une solution pratique pour \u00e9viter le stress des achats en magasin.<\/p>\n\n\n\n<p>\u00c0 travers cette campagne, IKEA souhaite partager une perspective authentique de la vie quotidienne, loin des clich\u00e9s souvent associ\u00e9s \u00e0 ses rayons bien organis\u00e9s, tout en continuant \u00e0 offrir une touche d&#8217;attention particuli\u00e8re aux d\u00e9tails, \u00e0 la d\u00e9coration et aux accessoires, bien s\u00fbr.<\/p>\n\n\n\n<p>En parlant d&#8217;initiatives cr\u00e9atives, n&#8217;oublions pas qu&#8217;IKEA a r\u00e9cemment lanc\u00e9 une campagne touchante qui r\u00e9sonne particuli\u00e8rement avec les parents, t\u00e9moignant de sa sensibilit\u00e9 \u00e0 l&#8217;\u00e9gard de ses clients.<\/p>\n","protected":false},"excerpt":{"rendered":"<p>Cette video d&#8217;Ikea pour No\u00ebl a d\u00e9j\u00e0 fait le tour d&#8217;internet tellement elle est dr\u00f4le.Un No\u00ebl parfait qui&#8230; part en vrille. Tellement vrai !! Pour sa derni\u00e8re initiative, IKEA a choisi de c\u00e9l\u00e9brer l&#8217;esprit de No\u00ebl en mettant en sc\u00e8ne un p\u00e8re confront\u00e9 aux souhaits extravagants de ses enfants au sein de l&#8217;un de ses [&hellip;]<\/p>\n","protected":false},"author":2,"featured_media":7344,"comment_status":"open","ping_status":"open","sticky":false,"template":"","format":"standard","meta":{"footnotes":""},"categories":[8],"tags":[150],"class_list":["post-7342","post","type-post","status-publish","format-standard","has-post-thumbnail","hentry","category-avis","tag-ikea"],"yoast_head":"<!-- This site is optimized with the Yoast SEO plugin v27.5 - https:\/\/yoast.com\/product\/yoast-seo-wordpress\/ -->\n<title>IKEA fait le buzz avec cette vid\u00e9o d\u00e9jant\u00e9e de No\u00ebl! - Mobilier Design Magazine<\/title>\n<meta name=\"robots\" content=\"index, follow, max-snippet:-1, max-image-preview:large, max-video-preview:-1\" \/>\n<link rel=\"canonical\" href=\"https:\/\/www.mobilier-design-occasion.fr\/magazine\/ikea-fait-le-buzz-avec-cette-video-dejantee-de-noel\/\" \/>\n<meta property=\"og:locale\" content=\"fr_FR\" \/>\n<meta property=\"og:type\" content=\"article\" \/>\n<meta property=\"og:title\" content=\"IKEA fait le buzz avec cette vid\u00e9o d\u00e9jant\u00e9e de No\u00ebl! - Mobilier Design Magazine\" \/>\n<meta property=\"og:description\" content=\"Cette video d&#8217;Ikea pour No\u00ebl a d\u00e9j\u00e0 fait le tour d&#8217;internet tellement elle est dr\u00f4le.Un No\u00ebl parfait qui&#8230; part en vrille. Tellement vrai !! Pour sa derni\u00e8re initiative, IKEA a choisi de c\u00e9l\u00e9brer l&#8217;esprit de No\u00ebl en mettant en sc\u00e8ne un p\u00e8re confront\u00e9 aux souhaits extravagants de ses enfants au sein de l&#8217;un de ses [&hellip;]\" \/>\n<meta property=\"og:url\" content=\"https:\/\/www.mobilier-design-occasion.fr\/magazine\/ikea-fait-le-buzz-avec-cette-video-dejantee-de-noel\/\" \/>\n<meta property=\"og:site_name\" content=\"Mobilier Design Magazine\" \/>\n<meta property=\"article:publisher\" content=\"https:\/\/www.facebook.com\/mobilierdesignoccasion\" \/>\n<meta property=\"article:published_time\" content=\"2023-12-04T10:23:11+00:00\" \/>\n<meta property=\"article:modified_time\" content=\"2023-12-04T10:23:12+00:00\" \/>\n<meta property=\"og:image\" content=\"https:\/\/www.mobilier-design-occasion.fr\/magazine\/wp-content\/uploads\/2023\/12\/ikea-cataolg.png\" \/>\n\t<meta property=\"og:image:width\" content=\"1595\" \/>\n\t<meta property=\"og:image:height\" content=\"965\" \/>\n\t<meta property=\"og:image:type\" content=\"image\/png\" \/>\n<meta name=\"author\" content=\"Vincent Vandegans\" \/>\n<meta name=\"twitter:card\" content=\"summary_large_image\" \/>\n<meta name=\"twitter:label1\" content=\"\u00c9crit par\" \/>\n\t<meta name=\"twitter:data1\" content=\"Vincent Vandegans\" \/>\n\t<meta name=\"twitter:label2\" content=\"Dur\u00e9e de lecture estim\u00e9e\" \/>\n\t<meta name=\"twitter:data2\" content=\"1 minute\" \/>\n<script type=\"application\/ld+json\" class=\"yoast-schema-graph\">{\"@context\":\"https:\\\/\\\/schema.org\",\"@graph\":[{\"@type\":\"Article\",\"@id\":\"https:\\\/\\\/www.mobilier-design-occasion.fr\\\/magazine\\\/ikea-fait-le-buzz-avec-cette-video-dejantee-de-noel\\\/#article\",\"isPartOf\":{\"@id\":\"https:\\\/\\\/www.mobilier-design-occasion.fr\\\/magazine\\\/ikea-fait-le-buzz-avec-cette-video-dejantee-de-noel\\\/\"},\"author\":{\"name\":\"Vincent Vandegans\",\"@id\":\"https:\\\/\\\/www.mobilier-design-occasion.fr\\\/magazine\\\/#\\\/schema\\\/person\\\/af895bedc80bfb6b17730a672fddac9e\"},\"headline\":\"IKEA fait le buzz avec cette vid\u00e9o d\u00e9jant\u00e9e de No\u00ebl!\",\"datePublished\":\"2023-12-04T10:23:11+00:00\",\"dateModified\":\"2023-12-04T10:23:12+00:00\",\"mainEntityOfPage\":{\"@id\":\"https:\\\/\\\/www.mobilier-design-occasion.fr\\\/magazine\\\/ikea-fait-le-buzz-avec-cette-video-dejantee-de-noel\\\/\"},\"wordCount\":203,\"commentCount\":0,\"publisher\":{\"@id\":\"https:\\\/\\\/www.mobilier-design-occasion.fr\\\/magazine\\\/#organization\"},\"image\":{\"@id\":\"https:\\\/\\\/www.mobilier-design-occasion.fr\\\/magazine\\\/ikea-fait-le-buzz-avec-cette-video-dejantee-de-noel\\\/#primaryimage\"},\"thumbnailUrl\":\"https:\\\/\\\/www.mobilier-design-occasion.fr\\\/magazine\\\/wp-content\\\/uploads\\\/2023\\\/12\\\/ikea-cataolg.png\",\"keywords\":[\"ikea\"],\"articleSection\":[\"Avis marques d\u00e9co\"],\"inLanguage\":\"fr-FR\",\"potentialAction\":[{\"@type\":\"CommentAction\",\"name\":\"Comment\",\"target\":[\"https:\\\/\\\/www.mobilier-design-occasion.fr\\\/magazine\\\/ikea-fait-le-buzz-avec-cette-video-dejantee-de-noel\\\/#respond\"]}]},{\"@type\":\"WebPage\",\"@id\":\"https:\\\/\\\/www.mobilier-design-occasion.fr\\\/magazine\\\/ikea-fait-le-buzz-avec-cette-video-dejantee-de-noel\\\/\",\"url\":\"https:\\\/\\\/www.mobilier-design-occasion.fr\\\/magazine\\\/ikea-fait-le-buzz-avec-cette-video-dejantee-de-noel\\\/\",\"name\":\"IKEA fait le buzz avec cette vid\u00e9o d\u00e9jant\u00e9e de No\u00ebl! - Mobilier Design Magazine\",\"isPartOf\":{\"@id\":\"https:\\\/\\\/www.mobilier-design-occasion.fr\\\/magazine\\\/#website\"},\"primaryImageOfPage\":{\"@id\":\"https:\\\/\\\/www.mobilier-design-occasion.fr\\\/magazine\\\/ikea-fait-le-buzz-avec-cette-video-dejantee-de-noel\\\/#primaryimage\"},\"image\":{\"@id\":\"https:\\\/\\\/www.mobilier-design-occasion.fr\\\/magazine\\\/ikea-fait-le-buzz-avec-cette-video-dejantee-de-noel\\\/#primaryimage\"},\"thumbnailUrl\":\"https:\\\/\\\/www.mobilier-design-occasion.fr\\\/magazine\\\/wp-content\\\/uploads\\\/2023\\\/12\\\/ikea-cataolg.png\",\"datePublished\":\"2023-12-04T10:23:11+00:00\",\"dateModified\":\"2023-12-04T10:23:12+00:00\",\"breadcrumb\":{\"@id\":\"https:\\\/\\\/www.mobilier-design-occasion.fr\\\/magazine\\\/ikea-fait-le-buzz-avec-cette-video-dejantee-de-noel\\\/#breadcrumb\"},\"inLanguage\":\"fr-FR\",\"potentialAction\":[{\"@type\":\"ReadAction\",\"target\":[\"https:\\\/\\\/www.mobilier-design-occasion.fr\\\/magazine\\\/ikea-fait-le-buzz-avec-cette-video-dejantee-de-noel\\\/\"]}]},{\"@type\":\"ImageObject\",\"inLanguage\":\"fr-FR\",\"@id\":\"https:\\\/\\\/www.mobilier-design-occasion.fr\\\/magazine\\\/ikea-fait-le-buzz-avec-cette-video-dejantee-de-noel\\\/#primaryimage\",\"url\":\"https:\\\/\\\/www.mobilier-design-occasion.fr\\\/magazine\\\/wp-content\\\/uploads\\\/2023\\\/12\\\/ikea-cataolg.png\",\"contentUrl\":\"https:\\\/\\\/www.mobilier-design-occasion.fr\\\/magazine\\\/wp-content\\\/uploads\\\/2023\\\/12\\\/ikea-cataolg.png\",\"width\":1595,\"height\":965},{\"@type\":\"BreadcrumbList\",\"@id\":\"https:\\\/\\\/www.mobilier-design-occasion.fr\\\/magazine\\\/ikea-fait-le-buzz-avec-cette-video-dejantee-de-noel\\\/#breadcrumb\",\"itemListElement\":[{\"@type\":\"ListItem\",\"position\":1,\"name\":\"Accueil\",\"item\":\"https:\\\/\\\/www.mobilier-design-occasion.fr\\\/magazine\\\/\"},{\"@type\":\"ListItem\",\"position\":2,\"name\":\"IKEA fait le buzz avec cette vid\u00e9o d\u00e9jant\u00e9e de No\u00ebl!\"}]},{\"@type\":\"WebSite\",\"@id\":\"https:\\\/\\\/www.mobilier-design-occasion.fr\\\/magazine\\\/#website\",\"url\":\"https:\\\/\\\/www.mobilier-design-occasion.fr\\\/magazine\\\/\",\"name\":\"Mobilier Design Magazine\",\"description\":\"\",\"publisher\":{\"@id\":\"https:\\\/\\\/www.mobilier-design-occasion.fr\\\/magazine\\\/#organization\"},\"potentialAction\":[{\"@type\":\"SearchAction\",\"target\":{\"@type\":\"EntryPoint\",\"urlTemplate\":\"https:\\\/\\\/www.mobilier-design-occasion.fr\\\/magazine\\\/?s={search_term_string}\"},\"query-input\":{\"@type\":\"PropertyValueSpecification\",\"valueRequired\":true,\"valueName\":\"search_term_string\"}}],\"inLanguage\":\"fr-FR\"},{\"@type\":\"Organization\",\"@id\":\"https:\\\/\\\/www.mobilier-design-occasion.fr\\\/magazine\\\/#organization\",\"name\":\"Mobilier Design Magazine\",\"url\":\"https:\\\/\\\/www.mobilier-design-occasion.fr\\\/magazine\\\/\",\"logo\":{\"@type\":\"ImageObject\",\"inLanguage\":\"fr-FR\",\"@id\":\"https:\\\/\\\/www.mobilier-design-occasion.fr\\\/magazine\\\/#\\\/schema\\\/logo\\\/image\\\/\",\"url\":\"https:\\\/\\\/www.mobilier-design-occasion.fr\\\/magazine\\\/wp-content\\\/uploads\\\/2024\\\/02\\\/android-chrome-192x192-1.png\",\"contentUrl\":\"https:\\\/\\\/www.mobilier-design-occasion.fr\\\/magazine\\\/wp-content\\\/uploads\\\/2024\\\/02\\\/android-chrome-192x192-1.png\",\"width\":192,\"height\":192,\"caption\":\"Mobilier Design Magazine\"},\"image\":{\"@id\":\"https:\\\/\\\/www.mobilier-design-occasion.fr\\\/magazine\\\/#\\\/schema\\\/logo\\\/image\\\/\"},\"sameAs\":[\"https:\\\/\\\/www.facebook.com\\\/mobilierdesignoccasion\"]},{\"@type\":\"Person\",\"@id\":\"https:\\\/\\\/www.mobilier-design-occasion.fr\\\/magazine\\\/#\\\/schema\\\/person\\\/af895bedc80bfb6b17730a672fddac9e\",\"name\":\"Vincent Vandegans\",\"image\":{\"@type\":\"ImageObject\",\"inLanguage\":\"fr-FR\",\"@id\":\"https:\\\/\\\/secure.gravatar.com\\\/avatar\\\/b984800dabdf722d5e3f03f637c8932dea77d81118467d17ad2953e3b273ec66?s=96&d=mm&r=g\",\"url\":\"https:\\\/\\\/secure.gravatar.com\\\/avatar\\\/b984800dabdf722d5e3f03f637c8932dea77d81118467d17ad2953e3b273ec66?s=96&d=mm&r=g\",\"contentUrl\":\"https:\\\/\\\/secure.gravatar.com\\\/avatar\\\/b984800dabdf722d5e3f03f637c8932dea77d81118467d17ad2953e3b273ec66?s=96&d=mm&r=g\",\"caption\":\"Vincent Vandegans\"},\"description\":\"Vincent est passionn\u00e9 par les produits d'occasion, il a ouvert le site MDO avec Cyrielle pour aider les gens \u00e0 trouver du mobilier d'occasion, vintage ou usag\u00e9. Depuis, ils ont \u00e9tendu leurs activit\u00e9s et conseillent tout le monde sur le mobilier d'int\u00e9rieur et d'ext\u00e9rieur au quotidien \u00e0 travers le magazine MDO.\",\"url\":\"https:\\\/\\\/www.mobilier-design-occasion.fr\\\/magazine\\\/author\\\/vincent\\\/\"}]}<\/script>\n<!-- \/ Yoast SEO plugin. -->","yoast_head_json":{"title":"IKEA fait le buzz avec cette vid\u00e9o d\u00e9jant\u00e9e de No\u00ebl! - Mobilier Design Magazine","robots":{"index":"index","follow":"follow","max-snippet":"max-snippet:-1","max-image-preview":"max-image-preview:large","max-video-preview":"max-video-preview:-1"},"canonical":"https:\/\/www.mobilier-design-occasion.fr\/magazine\/ikea-fait-le-buzz-avec-cette-video-dejantee-de-noel\/","og_locale":"fr_FR","og_type":"article","og_title":"IKEA fait le buzz avec cette vid\u00e9o d\u00e9jant\u00e9e de No\u00ebl! - Mobilier Design Magazine","og_description":"Cette video d&#8217;Ikea pour No\u00ebl a d\u00e9j\u00e0 fait le tour d&#8217;internet tellement elle est dr\u00f4le.Un No\u00ebl parfait qui&#8230; part en vrille. Tellement vrai !! Pour sa derni\u00e8re initiative, IKEA a choisi de c\u00e9l\u00e9brer l&#8217;esprit de No\u00ebl en mettant en sc\u00e8ne un p\u00e8re confront\u00e9 aux souhaits extravagants de ses enfants au sein de l&#8217;un de ses [&hellip;]","og_url":"https:\/\/www.mobilier-design-occasion.fr\/magazine\/ikea-fait-le-buzz-avec-cette-video-dejantee-de-noel\/","og_site_name":"Mobilier Design Magazine","article_publisher":"https:\/\/www.facebook.com\/mobilierdesignoccasion","article_published_time":"2023-12-04T10:23:11+00:00","article_modified_time":"2023-12-04T10:23:12+00:00","og_image":[{"width":1595,"height":965,"url":"https:\/\/www.mobilier-design-occasion.fr\/magazine\/wp-content\/uploads\/2023\/12\/ikea-cataolg.png","type":"image\/png"}],"author":"Vincent Vandegans","twitter_card":"summary_large_image","twitter_misc":{"\u00c9crit par":"Vincent Vandegans","Dur\u00e9e de lecture estim\u00e9e":"1 minute"},"schema":{"@context":"https:\/\/schema.org","@graph":[{"@type":"Article","@id":"https:\/\/www.mobilier-design-occasion.fr\/magazine\/ikea-fait-le-buzz-avec-cette-video-dejantee-de-noel\/#article","isPartOf":{"@id":"https:\/\/www.mobilier-design-occasion.fr\/magazine\/ikea-fait-le-buzz-avec-cette-video-dejantee-de-noel\/"},"author":{"name":"Vincent Vandegans","@id":"https:\/\/www.mobilier-design-occasion.fr\/magazine\/#\/schema\/person\/af895bedc80bfb6b17730a672fddac9e"},"headline":"IKEA fait le buzz avec cette vid\u00e9o d\u00e9jant\u00e9e de No\u00ebl!","datePublished":"2023-12-04T10:23:11+00:00","dateModified":"2023-12-04T10:23:12+00:00","mainEntityOfPage":{"@id":"https:\/\/www.mobilier-design-occasion.fr\/magazine\/ikea-fait-le-buzz-avec-cette-video-dejantee-de-noel\/"},"wordCount":203,"commentCount":0,"publisher":{"@id":"https:\/\/www.mobilier-design-occasion.fr\/magazine\/#organization"},"image":{"@id":"https:\/\/www.mobilier-design-occasion.fr\/magazine\/ikea-fait-le-buzz-avec-cette-video-dejantee-de-noel\/#primaryimage"},"thumbnailUrl":"https:\/\/www.mobilier-design-occasion.fr\/magazine\/wp-content\/uploads\/2023\/12\/ikea-cataolg.png","keywords":["ikea"],"articleSection":["Avis marques d\u00e9co"],"inLanguage":"fr-FR","potentialAction":[{"@type":"CommentAction","name":"Comment","target":["https:\/\/www.mobilier-design-occasion.fr\/magazine\/ikea-fait-le-buzz-avec-cette-video-dejantee-de-noel\/#respond"]}]},{"@type":"WebPage","@id":"https:\/\/www.mobilier-design-occasion.fr\/magazine\/ikea-fait-le-buzz-avec-cette-video-dejantee-de-noel\/","url":"https:\/\/www.mobilier-design-occasion.fr\/magazine\/ikea-fait-le-buzz-avec-cette-video-dejantee-de-noel\/","name":"IKEA fait le buzz avec cette vid\u00e9o d\u00e9jant\u00e9e de No\u00ebl! - Mobilier Design Magazine","isPartOf":{"@id":"https:\/\/www.mobilier-design-occasion.fr\/magazine\/#website"},"primaryImageOfPage":{"@id":"https:\/\/www.mobilier-design-occasion.fr\/magazine\/ikea-fait-le-buzz-avec-cette-video-dejantee-de-noel\/#primaryimage"},"image":{"@id":"https:\/\/www.mobilier-design-occasion.fr\/magazine\/ikea-fait-le-buzz-avec-cette-video-dejantee-de-noel\/#primaryimage"},"thumbnailUrl":"https:\/\/www.mobilier-design-occasion.fr\/magazine\/wp-content\/uploads\/2023\/12\/ikea-cataolg.png","datePublished":"2023-12-04T10:23:11+00:00","dateModified":"2023-12-04T10:23:12+00:00","breadcrumb":{"@id":"https:\/\/www.mobilier-design-occasion.fr\/magazine\/ikea-fait-le-buzz-avec-cette-video-dejantee-de-noel\/#breadcrumb"},"inLanguage":"fr-FR","potentialAction":[{"@type":"ReadAction","target":["https:\/\/www.mobilier-design-occasion.fr\/magazine\/ikea-fait-le-buzz-avec-cette-video-dejantee-de-noel\/"]}]},{"@type":"ImageObject","inLanguage":"fr-FR","@id":"https:\/\/www.mobilier-design-occasion.fr\/magazine\/ikea-fait-le-buzz-avec-cette-video-dejantee-de-noel\/#primaryimage","url":"https:\/\/www.mobilier-design-occasion.fr\/magazine\/wp-content\/uploads\/2023\/12\/ikea-cataolg.png","contentUrl":"https:\/\/www.mobilier-design-occasion.fr\/magazine\/wp-content\/uploads\/2023\/12\/ikea-cataolg.png","width":1595,"height":965},{"@type":"BreadcrumbList","@id":"https:\/\/www.mobilier-design-occasion.fr\/magazine\/ikea-fait-le-buzz-avec-cette-video-dejantee-de-noel\/#breadcrumb","itemListElement":[{"@type":"ListItem","position":1,"name":"Accueil","item":"https:\/\/www.mobilier-design-occasion.fr\/magazine\/"},{"@type":"ListItem","position":2,"name":"IKEA fait le buzz avec cette vid\u00e9o d\u00e9jant\u00e9e de No\u00ebl!"}]},{"@type":"WebSite","@id":"https:\/\/www.mobilier-design-occasion.fr\/magazine\/#website","url":"https:\/\/www.mobilier-design-occasion.fr\/magazine\/","name":"Mobilier Design Magazine","description":"","publisher":{"@id":"https:\/\/www.mobilier-design-occasion.fr\/magazine\/#organization"},"potentialAction":[{"@type":"SearchAction","target":{"@type":"EntryPoint","urlTemplate":"https:\/\/www.mobilier-design-occasion.fr\/magazine\/?s={search_term_string}"},"query-input":{"@type":"PropertyValueSpecification","valueRequired":true,"valueName":"search_term_string"}}],"inLanguage":"fr-FR"},{"@type":"Organization","@id":"https:\/\/www.mobilier-design-occasion.fr\/magazine\/#organization","name":"Mobilier Design Magazine","url":"https:\/\/www.mobilier-design-occasion.fr\/magazine\/","logo":{"@type":"ImageObject","inLanguage":"fr-FR","@id":"https:\/\/www.mobilier-design-occasion.fr\/magazine\/#\/schema\/logo\/image\/","url":"https:\/\/www.mobilier-design-occasion.fr\/magazine\/wp-content\/uploads\/2024\/02\/android-chrome-192x192-1.png","contentUrl":"https:\/\/www.mobilier-design-occasion.fr\/magazine\/wp-content\/uploads\/2024\/02\/android-chrome-192x192-1.png","width":192,"height":192,"caption":"Mobilier Design Magazine"},"image":{"@id":"https:\/\/www.mobilier-design-occasion.fr\/magazine\/#\/schema\/logo\/image\/"},"sameAs":["https:\/\/www.facebook.com\/mobilierdesignoccasion"]},{"@type":"Person","@id":"https:\/\/www.mobilier-design-occasion.fr\/magazine\/#\/schema\/person\/af895bedc80bfb6b17730a672fddac9e","name":"Vincent Vandegans","image":{"@type":"ImageObject","inLanguage":"fr-FR","@id":"https:\/\/secure.gravatar.com\/avatar\/b984800dabdf722d5e3f03f637c8932dea77d81118467d17ad2953e3b273ec66?s=96&d=mm&r=g","url":"https:\/\/secure.gravatar.com\/avatar\/b984800dabdf722d5e3f03f637c8932dea77d81118467d17ad2953e3b273ec66?s=96&d=mm&r=g","contentUrl":"https:\/\/secure.gravatar.com\/avatar\/b984800dabdf722d5e3f03f637c8932dea77d81118467d17ad2953e3b273ec66?s=96&d=mm&r=g","caption":"Vincent Vandegans"},"description":"Vincent est passionn\u00e9 par les produits d'occasion, il a ouvert le site MDO avec Cyrielle pour aider les gens \u00e0 trouver du mobilier d'occasion, vintage ou usag\u00e9. Depuis, ils ont \u00e9tendu leurs activit\u00e9s et conseillent tout le monde sur le mobilier d'int\u00e9rieur et d'ext\u00e9rieur au quotidien \u00e0 travers le magazine MDO.","url":"https:\/\/www.mobilier-design-occasion.fr\/magazine\/author\/vincent\/"}]}},"_links":{"self":[{"href":"https:\/\/www.mobilier-design-occasion.fr\/magazine\/wp-json\/wp\/v2\/posts\/7342","targetHints":{"allow":["GET"]}}],"collection":[{"href":"https:\/\/www.mobilier-design-occasion.fr\/magazine\/wp-json\/wp\/v2\/posts"}],"about":[{"href":"https:\/\/www.mobilier-design-occasion.fr\/magazine\/wp-json\/wp\/v2\/types\/post"}],"author":[{"embeddable":true,"href":"https:\/\/www.mobilier-design-occasion.fr\/magazine\/wp-json\/wp\/v2\/users\/2"}],"replies":[{"embeddable":true,"href":"https:\/\/www.mobilier-design-occasion.fr\/magazine\/wp-json\/wp\/v2\/comments?post=7342"}],"version-history":[{"count":1,"href":"https:\/\/www.mobilier-design-occasion.fr\/magazine\/wp-json\/wp\/v2\/posts\/7342\/revisions"}],"predecessor-version":[{"id":7345,"href":"https:\/\/www.mobilier-design-occasion.fr\/magazine\/wp-json\/wp\/v2\/posts\/7342\/revisions\/7345"}],"wp:featuredmedia":[{"embeddable":true,"href":"https:\/\/www.mobilier-design-occasion.fr\/magazine\/wp-json\/wp\/v2\/media\/7344"}],"wp:attachment":[{"href":"https:\/\/www.mobilier-design-occasion.fr\/magazine\/wp-json\/wp\/v2\/media?parent=7342"}],"wp:term":[{"taxonomy":"category","embeddable":true,"href":"https:\/\/www.mobilier-design-occasion.fr\/magazine\/wp-json\/wp\/v2\/categories?post=7342"},{"taxonomy":"post_tag","embeddable":true,"href":"https:\/\/www.mobilier-design-occasion.fr\/magazine\/wp-json\/wp\/v2\/tags?post=7342"}],"curies":[{"name":"wp","href":"https:\/\/api.w.org\/{rel}","templated":true}]}}