{"id":7332,"date":"2023-12-04T08:45:29","date_gmt":"2023-12-04T08:45:29","guid":{"rendered":"https:\/\/www.mobilier-design-occasion.fr\/magazine\/?p=7332"},"modified":"2023-12-04T08:45:30","modified_gmt":"2023-12-04T08:45:30","slug":"cinq-alternatives-a-ikea-pour-une-decoration-unique","status":"publish","type":"post","link":"https:\/\/www.mobilier-design-occasion.fr\/magazine\/cinq-alternatives-a-ikea-pour-une-decoration-unique\/","title":{"rendered":"Cinq Alternatives \u00e0 IKEA pour une D\u00e9coration Unique"},"content":{"rendered":"\n<p>Avec l&#8217;arriv\u00e9e de la nouvelle ann\u00e9e, vient souvent l&#8217;envie de renouveler la d\u00e9coration de son int\u00e9rieur. Si 2023 est l&#8217;ann\u00e9e o\u00f9 vous souhaitez rafra\u00eechir votre habitat, il est temps de d\u00e9couvrir de nouvelles sources d&#8217;inspiration d\u00e9co, au-del\u00e0 d&#8217;IKEA. Pour vous distinguer de vos voisins, voici cinq boutiques en ligne proposant des tr\u00e9sors d\u00e9coratifs uniques.<\/p>\n\n\n\n<figure class=\"wp-block-image size-large\"><img loading=\"lazy\" decoding=\"async\" width=\"1024\" height=\"398\" src=\"https:\/\/www.mobilier-design-occasion.fr\/magazine\/wp-content\/uploads\/2023\/12\/image-6-1024x398.png\" alt=\"\" class=\"wp-image-7339\" srcset=\"https:\/\/www.mobilier-design-occasion.fr\/magazine\/wp-content\/uploads\/2023\/12\/image-6-1024x398.png 1024w, https:\/\/www.mobilier-design-occasion.fr\/magazine\/wp-content\/uploads\/2023\/12\/image-6-300x117.png 300w, https:\/\/www.mobilier-design-occasion.fr\/magazine\/wp-content\/uploads\/2023\/12\/image-6-768x299.png 768w, https:\/\/www.mobilier-design-occasion.fr\/magazine\/wp-content\/uploads\/2023\/12\/image-6-810x315.png 810w, https:\/\/www.mobilier-design-occasion.fr\/magazine\/wp-content\/uploads\/2023\/12\/image-6-1140x443.png 1140w, https:\/\/www.mobilier-design-occasion.fr\/magazine\/wp-content\/uploads\/2023\/12\/image-6.png 1397w\" sizes=\"auto, (max-width: 1024px) 100vw, 1024px\" \/><\/figure>\n\n\n\n<ol class=\"wp-block-list\">\n<li><strong>SKLUM<\/strong> : Pris\u00e9 par les influenceuses en France, SKLUM propose une gamme \u00e9tendue de meubles, incluant canap\u00e9s, tables de salle \u00e0 manger, et \u00e9tag\u00e8res. Le site offre \u00e9galement de la vaisselle, des articles de d\u00e9coration et de la literie. Des promotions fr\u00e9quentes et 5% de r\u00e9duction sur la premi\u00e8re commande apr\u00e8s inscription \u00e0 la newsletter sont des atouts suppl\u00e9mentaires.<\/li>\n<\/ol>\n\n\n\n<p>Il y a un concours actuellement pour gagner 500\u20ac!<\/p>\n\n\n\n<figure class=\"wp-block-image size-full\"><img loading=\"lazy\" decoding=\"async\" width=\"753\" height=\"355\" src=\"https:\/\/www.mobilier-design-occasion.fr\/magazine\/wp-content\/uploads\/2023\/12\/image.png\" alt=\"\" class=\"wp-image-7333\" srcset=\"https:\/\/www.mobilier-design-occasion.fr\/magazine\/wp-content\/uploads\/2023\/12\/image.png 753w, https:\/\/www.mobilier-design-occasion.fr\/magazine\/wp-content\/uploads\/2023\/12\/image-300x141.png 300w\" sizes=\"auto, (max-width: 753px) 100vw, 753px\" \/><\/figure>\n\n\n\n<p>S\u00e9lections favorites actuelles chez SKLUM :<\/p>\n\n\n\n<figure class=\"wp-block-image size-large\"><img loading=\"lazy\" decoding=\"async\" width=\"1024\" height=\"574\" src=\"https:\/\/www.mobilier-design-occasion.fr\/magazine\/wp-content\/uploads\/2023\/12\/image-1-1024x574.png\" alt=\"\" class=\"wp-image-7334\" srcset=\"https:\/\/www.mobilier-design-occasion.fr\/magazine\/wp-content\/uploads\/2023\/12\/image-1-1024x574.png 1024w, https:\/\/www.mobilier-design-occasion.fr\/magazine\/wp-content\/uploads\/2023\/12\/image-1-300x168.png 300w, https:\/\/www.mobilier-design-occasion.fr\/magazine\/wp-content\/uploads\/2023\/12\/image-1-768x430.png 768w, https:\/\/www.mobilier-design-occasion.fr\/magazine\/wp-content\/uploads\/2023\/12\/image-1-810x454.png 810w, https:\/\/www.mobilier-design-occasion.fr\/magazine\/wp-content\/uploads\/2023\/12\/image-1.png 1076w\" sizes=\"auto, (max-width: 1024px) 100vw, 1024px\" \/><\/figure>\n\n\n\n<ol class=\"wp-block-list\" start=\"2\">\n<li><strong>S\u00f8strene Grene<\/strong> : Fond\u00e9 en 1973 \u00e0 Aarhus, Danemark, S\u00f8strene Grene est un magasin de d\u00e9coration qui propose aussi ses produits en ligne. Leur avantage? Des articles tendance \u00e0 des prix abordables. Le site propose du mobilier de petite taille, des articles d\u00e9coratifs et de la vaisselle. Par exemple, une armoire en bois de sapin \u00e0 236 euros est une excellente affaire. S\u00f8strene Grene dispose aussi d&#8217;une boutique \u00e0 Bruxelles, dans le centre commercial City 2.<\/li>\n<\/ol>\n\n\n\n<figure class=\"wp-block-image size-full\"><img loading=\"lazy\" decoding=\"async\" width=\"624\" height=\"435\" src=\"https:\/\/www.mobilier-design-occasion.fr\/magazine\/wp-content\/uploads\/2023\/12\/image-2.png\" alt=\"\" class=\"wp-image-7335\" srcset=\"https:\/\/www.mobilier-design-occasion.fr\/magazine\/wp-content\/uploads\/2023\/12\/image-2.png 624w, https:\/\/www.mobilier-design-occasion.fr\/magazine\/wp-content\/uploads\/2023\/12\/image-2-300x209.png 300w, https:\/\/www.mobilier-design-occasion.fr\/magazine\/wp-content\/uploads\/2023\/12\/image-2-145x100.png 145w\" sizes=\"auto, (max-width: 624px) 100vw, 624px\" \/><\/figure>\n\n\n\n<p>S\u00e9lections favorites actuelles chez S\u00f8strene Grene :<\/p>\n\n\n\n<ol class=\"wp-block-list\" start=\"3\">\n<li><strong>Selency<\/strong> : Parfait pour les amoureux du vintage et du seconde main, Selency est une brocante en ligne offrant du mobilier vintage et des objets d\u00e9coratifs. Les tendances actuelles comme les canap\u00e9s Togo, les tables en travertin et les lampes champignon y sont disponibles. Certains articles sont n\u00e9gociables, un plus pour l&#8217;environnement et le budget.<\/li>\n<\/ol>\n\n\n\n<p>S\u00e9lections favorites actuelles chez Selency :<br><\/p>\n\n\n\n<figure class=\"wp-block-image size-large\"><img loading=\"lazy\" decoding=\"async\" width=\"1024\" height=\"326\" src=\"https:\/\/www.mobilier-design-occasion.fr\/magazine\/wp-content\/uploads\/2023\/12\/image-3-1024x326.png\" alt=\"\" class=\"wp-image-7336\" srcset=\"https:\/\/www.mobilier-design-occasion.fr\/magazine\/wp-content\/uploads\/2023\/12\/image-3-1024x326.png 1024w, https:\/\/www.mobilier-design-occasion.fr\/magazine\/wp-content\/uploads\/2023\/12\/image-3-300x96.png 300w, https:\/\/www.mobilier-design-occasion.fr\/magazine\/wp-content\/uploads\/2023\/12\/image-3-768x245.png 768w, https:\/\/www.mobilier-design-occasion.fr\/magazine\/wp-content\/uploads\/2023\/12\/image-3-810x258.png 810w, https:\/\/www.mobilier-design-occasion.fr\/magazine\/wp-content\/uploads\/2023\/12\/image-3.png 1111w\" sizes=\"auto, (max-width: 1024px) 100vw, 1024px\" \/><\/figure>\n\n\n\n<ol class=\"wp-block-list\" start=\"4\">\n<li><strong>Nomad Interior<\/strong> : Coup de c\u0153ur belge pour la d\u00e9coration int\u00e9rieure, Nomad Interior propose une vaste s\u00e9lection d&#8217;articles d\u00e9coratifs et d&#8217;accessoires faits \u00e0 la main par des artisans. Le site offre des tapis \u00e9l\u00e9gants, du mobilier design et des articles pour l&#8217;art de la table. Un showroom est \u00e9galement disponible \u00e0 Li\u00e8ge.<\/li>\n<\/ol>\n\n\n\n<p>S\u00e9lections favorites actuelles chez Nomad Interior :<\/p>\n\n\n\n<figure class=\"wp-block-image size-large\"><img loading=\"lazy\" decoding=\"async\" width=\"1024\" height=\"532\" src=\"https:\/\/www.mobilier-design-occasion.fr\/magazine\/wp-content\/uploads\/2023\/12\/image-4-1024x532.png\" alt=\"\" class=\"wp-image-7337\" srcset=\"https:\/\/www.mobilier-design-occasion.fr\/magazine\/wp-content\/uploads\/2023\/12\/image-4-1024x532.png 1024w, https:\/\/www.mobilier-design-occasion.fr\/magazine\/wp-content\/uploads\/2023\/12\/image-4-300x156.png 300w, https:\/\/www.mobilier-design-occasion.fr\/magazine\/wp-content\/uploads\/2023\/12\/image-4-768x399.png 768w, https:\/\/www.mobilier-design-occasion.fr\/magazine\/wp-content\/uploads\/2023\/12\/image-4-810x421.png 810w, https:\/\/www.mobilier-design-occasion.fr\/magazine\/wp-content\/uploads\/2023\/12\/image-4-375x195.png 375w, https:\/\/www.mobilier-design-occasion.fr\/magazine\/wp-content\/uploads\/2023\/12\/image-4.png 1036w\" sizes=\"auto, (max-width: 1024px) 100vw, 1024px\" \/><\/figure>\n\n\n\n<ol class=\"wp-block-list\" start=\"5\">\n<li><strong>Fleux<\/strong> : Depuis 2005, le concept store parisien Fleux attire les amateurs de d\u00e9coration d&#8217;int\u00e9rieur. Situ\u00e9 dans le Marais \u00e0 Paris, Fleux a aussi un site web proposant des articles tendance pour l&#8217;am\u00e9nagement int\u00e9rieur, comme des canap\u00e9s vintage, des tables basses design et des objets d\u00e9coratifs.<\/li>\n<\/ol>\n\n\n\n<figure class=\"wp-block-image size-full\"><img loading=\"lazy\" decoding=\"async\" width=\"1021\" height=\"514\" src=\"https:\/\/www.mobilier-design-occasion.fr\/magazine\/wp-content\/uploads\/2023\/12\/image-5.png\" alt=\"\" class=\"wp-image-7338\" srcset=\"https:\/\/www.mobilier-design-occasion.fr\/magazine\/wp-content\/uploads\/2023\/12\/image-5.png 1021w, https:\/\/www.mobilier-design-occasion.fr\/magazine\/wp-content\/uploads\/2023\/12\/image-5-300x151.png 300w, https:\/\/www.mobilier-design-occasion.fr\/magazine\/wp-content\/uploads\/2023\/12\/image-5-768x387.png 768w, https:\/\/www.mobilier-design-occasion.fr\/magazine\/wp-content\/uploads\/2023\/12\/image-5-810x408.png 810w\" sizes=\"auto, (max-width: 1021px) 100vw, 1021px\" \/><\/figure>\n","protected":false},"excerpt":{"rendered":"<p>Avec l&#8217;arriv\u00e9e de la nouvelle ann\u00e9e, vient souvent l&#8217;envie de renouveler la d\u00e9coration de son int\u00e9rieur. Si 2023 est l&#8217;ann\u00e9e o\u00f9 vous souhaitez rafra\u00eechir votre habitat, il est temps de d\u00e9couvrir de nouvelles sources d&#8217;inspiration d\u00e9co, au-del\u00e0 d&#8217;IKEA. Pour vous distinguer de vos voisins, voici cinq boutiques en ligne proposant des tr\u00e9sors d\u00e9coratifs uniques. Il [&hellip;]<\/p>\n","protected":false},"author":2,"featured_media":7335,"comment_status":"open","ping_status":"open","sticky":false,"template":"","format":"standard","meta":{"footnotes":""},"categories":[8],"tags":[150,184,133],"class_list":["post-7332","post","type-post","status-publish","format-standard","has-post-thumbnail","hentry","category-avis","tag-ikea","tag-sklum","tag-vintage"],"yoast_head":"<!-- This site is optimized with the Yoast SEO plugin v27.5 - https:\/\/yoast.com\/product\/yoast-seo-wordpress\/ -->\n<title>Cinq Alternatives \u00e0 IKEA pour une D\u00e9coration Unique - Mobilier Design Magazine<\/title>\n<meta name=\"robots\" content=\"index, follow, max-snippet:-1, max-image-preview:large, max-video-preview:-1\" \/>\n<link rel=\"canonical\" href=\"https:\/\/www.mobilier-design-occasion.fr\/magazine\/cinq-alternatives-a-ikea-pour-une-decoration-unique\/\" \/>\n<meta property=\"og:locale\" content=\"fr_FR\" \/>\n<meta property=\"og:type\" content=\"article\" \/>\n<meta property=\"og:title\" content=\"Cinq Alternatives \u00e0 IKEA pour une D\u00e9coration Unique - Mobilier Design Magazine\" \/>\n<meta property=\"og:description\" content=\"Avec l&#8217;arriv\u00e9e de la nouvelle ann\u00e9e, vient souvent l&#8217;envie de renouveler la d\u00e9coration de son int\u00e9rieur. Si 2023 est l&#8217;ann\u00e9e o\u00f9 vous souhaitez rafra\u00eechir votre habitat, il est temps de d\u00e9couvrir de nouvelles sources d&#8217;inspiration d\u00e9co, au-del\u00e0 d&#8217;IKEA. Pour vous distinguer de vos voisins, voici cinq boutiques en ligne proposant des tr\u00e9sors d\u00e9coratifs uniques. Il [&hellip;]\" \/>\n<meta property=\"og:url\" content=\"https:\/\/www.mobilier-design-occasion.fr\/magazine\/cinq-alternatives-a-ikea-pour-une-decoration-unique\/\" \/>\n<meta property=\"og:site_name\" content=\"Mobilier Design Magazine\" \/>\n<meta property=\"article:publisher\" content=\"https:\/\/www.facebook.com\/mobilierdesignoccasion\" \/>\n<meta property=\"article:published_time\" content=\"2023-12-04T08:45:29+00:00\" \/>\n<meta property=\"article:modified_time\" content=\"2023-12-04T08:45:30+00:00\" \/>\n<meta property=\"og:image\" content=\"https:\/\/www.mobilier-design-occasion.fr\/magazine\/wp-content\/uploads\/2023\/12\/image-2.png\" \/>\n\t<meta property=\"og:image:width\" content=\"624\" \/>\n\t<meta property=\"og:image:height\" content=\"435\" \/>\n\t<meta property=\"og:image:type\" content=\"image\/png\" \/>\n<meta name=\"author\" content=\"Vincent Vandegans\" \/>\n<meta name=\"twitter:card\" content=\"summary_large_image\" \/>\n<meta name=\"twitter:label1\" content=\"\u00c9crit par\" \/>\n\t<meta name=\"twitter:data1\" content=\"Vincent Vandegans\" \/>\n\t<meta name=\"twitter:label2\" content=\"Dur\u00e9e de lecture estim\u00e9e\" \/>\n\t<meta name=\"twitter:data2\" content=\"2 minutes\" \/>\n<script type=\"application\/ld+json\" class=\"yoast-schema-graph\">{\"@context\":\"https:\\\/\\\/schema.org\",\"@graph\":[{\"@type\":\"Article\",\"@id\":\"https:\\\/\\\/www.mobilier-design-occasion.fr\\\/magazine\\\/cinq-alternatives-a-ikea-pour-une-decoration-unique\\\/#article\",\"isPartOf\":{\"@id\":\"https:\\\/\\\/www.mobilier-design-occasion.fr\\\/magazine\\\/cinq-alternatives-a-ikea-pour-une-decoration-unique\\\/\"},\"author\":{\"name\":\"Vincent Vandegans\",\"@id\":\"https:\\\/\\\/www.mobilier-design-occasion.fr\\\/magazine\\\/#\\\/schema\\\/person\\\/af895bedc80bfb6b17730a672fddac9e\"},\"headline\":\"Cinq Alternatives \u00e0 IKEA pour une D\u00e9coration Unique\",\"datePublished\":\"2023-12-04T08:45:29+00:00\",\"dateModified\":\"2023-12-04T08:45:30+00:00\",\"mainEntityOfPage\":{\"@id\":\"https:\\\/\\\/www.mobilier-design-occasion.fr\\\/magazine\\\/cinq-alternatives-a-ikea-pour-une-decoration-unique\\\/\"},\"wordCount\":416,\"commentCount\":0,\"publisher\":{\"@id\":\"https:\\\/\\\/www.mobilier-design-occasion.fr\\\/magazine\\\/#organization\"},\"image\":{\"@id\":\"https:\\\/\\\/www.mobilier-design-occasion.fr\\\/magazine\\\/cinq-alternatives-a-ikea-pour-une-decoration-unique\\\/#primaryimage\"},\"thumbnailUrl\":\"https:\\\/\\\/www.mobilier-design-occasion.fr\\\/magazine\\\/wp-content\\\/uploads\\\/2023\\\/12\\\/image-2.png\",\"keywords\":[\"ikea\",\"sklum\",\"Vintage\"],\"articleSection\":[\"Avis marques d\u00e9co\"],\"inLanguage\":\"fr-FR\",\"potentialAction\":[{\"@type\":\"CommentAction\",\"name\":\"Comment\",\"target\":[\"https:\\\/\\\/www.mobilier-design-occasion.fr\\\/magazine\\\/cinq-alternatives-a-ikea-pour-une-decoration-unique\\\/#respond\"]}]},{\"@type\":\"WebPage\",\"@id\":\"https:\\\/\\\/www.mobilier-design-occasion.fr\\\/magazine\\\/cinq-alternatives-a-ikea-pour-une-decoration-unique\\\/\",\"url\":\"https:\\\/\\\/www.mobilier-design-occasion.fr\\\/magazine\\\/cinq-alternatives-a-ikea-pour-une-decoration-unique\\\/\",\"name\":\"Cinq Alternatives \u00e0 IKEA pour une D\u00e9coration Unique - Mobilier Design Magazine\",\"isPartOf\":{\"@id\":\"https:\\\/\\\/www.mobilier-design-occasion.fr\\\/magazine\\\/#website\"},\"primaryImageOfPage\":{\"@id\":\"https:\\\/\\\/www.mobilier-design-occasion.fr\\\/magazine\\\/cinq-alternatives-a-ikea-pour-une-decoration-unique\\\/#primaryimage\"},\"image\":{\"@id\":\"https:\\\/\\\/www.mobilier-design-occasion.fr\\\/magazine\\\/cinq-alternatives-a-ikea-pour-une-decoration-unique\\\/#primaryimage\"},\"thumbnailUrl\":\"https:\\\/\\\/www.mobilier-design-occasion.fr\\\/magazine\\\/wp-content\\\/uploads\\\/2023\\\/12\\\/image-2.png\",\"datePublished\":\"2023-12-04T08:45:29+00:00\",\"dateModified\":\"2023-12-04T08:45:30+00:00\",\"breadcrumb\":{\"@id\":\"https:\\\/\\\/www.mobilier-design-occasion.fr\\\/magazine\\\/cinq-alternatives-a-ikea-pour-une-decoration-unique\\\/#breadcrumb\"},\"inLanguage\":\"fr-FR\",\"potentialAction\":[{\"@type\":\"ReadAction\",\"target\":[\"https:\\\/\\\/www.mobilier-design-occasion.fr\\\/magazine\\\/cinq-alternatives-a-ikea-pour-une-decoration-unique\\\/\"]}]},{\"@type\":\"ImageObject\",\"inLanguage\":\"fr-FR\",\"@id\":\"https:\\\/\\\/www.mobilier-design-occasion.fr\\\/magazine\\\/cinq-alternatives-a-ikea-pour-une-decoration-unique\\\/#primaryimage\",\"url\":\"https:\\\/\\\/www.mobilier-design-occasion.fr\\\/magazine\\\/wp-content\\\/uploads\\\/2023\\\/12\\\/image-2.png\",\"contentUrl\":\"https:\\\/\\\/www.mobilier-design-occasion.fr\\\/magazine\\\/wp-content\\\/uploads\\\/2023\\\/12\\\/image-2.png\",\"width\":624,\"height\":435},{\"@type\":\"BreadcrumbList\",\"@id\":\"https:\\\/\\\/www.mobilier-design-occasion.fr\\\/magazine\\\/cinq-alternatives-a-ikea-pour-une-decoration-unique\\\/#breadcrumb\",\"itemListElement\":[{\"@type\":\"ListItem\",\"position\":1,\"name\":\"Accueil\",\"item\":\"https:\\\/\\\/www.mobilier-design-occasion.fr\\\/magazine\\\/\"},{\"@type\":\"ListItem\",\"position\":2,\"name\":\"Cinq Alternatives \u00e0 IKEA pour une D\u00e9coration Unique\"}]},{\"@type\":\"WebSite\",\"@id\":\"https:\\\/\\\/www.mobilier-design-occasion.fr\\\/magazine\\\/#website\",\"url\":\"https:\\\/\\\/www.mobilier-design-occasion.fr\\\/magazine\\\/\",\"name\":\"Mobilier Design Magazine\",\"description\":\"\",\"publisher\":{\"@id\":\"https:\\\/\\\/www.mobilier-design-occasion.fr\\\/magazine\\\/#organization\"},\"potentialAction\":[{\"@type\":\"SearchAction\",\"target\":{\"@type\":\"EntryPoint\",\"urlTemplate\":\"https:\\\/\\\/www.mobilier-design-occasion.fr\\\/magazine\\\/?s={search_term_string}\"},\"query-input\":{\"@type\":\"PropertyValueSpecification\",\"valueRequired\":true,\"valueName\":\"search_term_string\"}}],\"inLanguage\":\"fr-FR\"},{\"@type\":\"Organization\",\"@id\":\"https:\\\/\\\/www.mobilier-design-occasion.fr\\\/magazine\\\/#organization\",\"name\":\"Mobilier Design Magazine\",\"url\":\"https:\\\/\\\/www.mobilier-design-occasion.fr\\\/magazine\\\/\",\"logo\":{\"@type\":\"ImageObject\",\"inLanguage\":\"fr-FR\",\"@id\":\"https:\\\/\\\/www.mobilier-design-occasion.fr\\\/magazine\\\/#\\\/schema\\\/logo\\\/image\\\/\",\"url\":\"https:\\\/\\\/www.mobilier-design-occasion.fr\\\/magazine\\\/wp-content\\\/uploads\\\/2024\\\/02\\\/android-chrome-192x192-1.png\",\"contentUrl\":\"https:\\\/\\\/www.mobilier-design-occasion.fr\\\/magazine\\\/wp-content\\\/uploads\\\/2024\\\/02\\\/android-chrome-192x192-1.png\",\"width\":192,\"height\":192,\"caption\":\"Mobilier Design Magazine\"},\"image\":{\"@id\":\"https:\\\/\\\/www.mobilier-design-occasion.fr\\\/magazine\\\/#\\\/schema\\\/logo\\\/image\\\/\"},\"sameAs\":[\"https:\\\/\\\/www.facebook.com\\\/mobilierdesignoccasion\"]},{\"@type\":\"Person\",\"@id\":\"https:\\\/\\\/www.mobilier-design-occasion.fr\\\/magazine\\\/#\\\/schema\\\/person\\\/af895bedc80bfb6b17730a672fddac9e\",\"name\":\"Vincent Vandegans\",\"image\":{\"@type\":\"ImageObject\",\"inLanguage\":\"fr-FR\",\"@id\":\"https:\\\/\\\/secure.gravatar.com\\\/avatar\\\/b984800dabdf722d5e3f03f637c8932dea77d81118467d17ad2953e3b273ec66?s=96&d=mm&r=g\",\"url\":\"https:\\\/\\\/secure.gravatar.com\\\/avatar\\\/b984800dabdf722d5e3f03f637c8932dea77d81118467d17ad2953e3b273ec66?s=96&d=mm&r=g\",\"contentUrl\":\"https:\\\/\\\/secure.gravatar.com\\\/avatar\\\/b984800dabdf722d5e3f03f637c8932dea77d81118467d17ad2953e3b273ec66?s=96&d=mm&r=g\",\"caption\":\"Vincent Vandegans\"},\"description\":\"Vincent est passionn\u00e9 par les produits d'occasion, il a ouvert le site MDO avec Cyrielle pour aider les gens \u00e0 trouver du mobilier d'occasion, vintage ou usag\u00e9. Depuis, ils ont \u00e9tendu leurs activit\u00e9s et conseillent tout le monde sur le mobilier d'int\u00e9rieur et d'ext\u00e9rieur au quotidien \u00e0 travers le magazine MDO.\",\"url\":\"https:\\\/\\\/www.mobilier-design-occasion.fr\\\/magazine\\\/author\\\/vincent\\\/\"}]}<\/script>\n<!-- \/ Yoast SEO plugin. -->","yoast_head_json":{"title":"Cinq Alternatives \u00e0 IKEA pour une D\u00e9coration Unique - Mobilier Design Magazine","robots":{"index":"index","follow":"follow","max-snippet":"max-snippet:-1","max-image-preview":"max-image-preview:large","max-video-preview":"max-video-preview:-1"},"canonical":"https:\/\/www.mobilier-design-occasion.fr\/magazine\/cinq-alternatives-a-ikea-pour-une-decoration-unique\/","og_locale":"fr_FR","og_type":"article","og_title":"Cinq Alternatives \u00e0 IKEA pour une D\u00e9coration Unique - Mobilier Design Magazine","og_description":"Avec l&#8217;arriv\u00e9e de la nouvelle ann\u00e9e, vient souvent l&#8217;envie de renouveler la d\u00e9coration de son int\u00e9rieur. Si 2023 est l&#8217;ann\u00e9e o\u00f9 vous souhaitez rafra\u00eechir votre habitat, il est temps de d\u00e9couvrir de nouvelles sources d&#8217;inspiration d\u00e9co, au-del\u00e0 d&#8217;IKEA. Pour vous distinguer de vos voisins, voici cinq boutiques en ligne proposant des tr\u00e9sors d\u00e9coratifs uniques. Il [&hellip;]","og_url":"https:\/\/www.mobilier-design-occasion.fr\/magazine\/cinq-alternatives-a-ikea-pour-une-decoration-unique\/","og_site_name":"Mobilier Design Magazine","article_publisher":"https:\/\/www.facebook.com\/mobilierdesignoccasion","article_published_time":"2023-12-04T08:45:29+00:00","article_modified_time":"2023-12-04T08:45:30+00:00","og_image":[{"width":624,"height":435,"url":"https:\/\/www.mobilier-design-occasion.fr\/magazine\/wp-content\/uploads\/2023\/12\/image-2.png","type":"image\/png"}],"author":"Vincent Vandegans","twitter_card":"summary_large_image","twitter_misc":{"\u00c9crit par":"Vincent Vandegans","Dur\u00e9e de lecture estim\u00e9e":"2 minutes"},"schema":{"@context":"https:\/\/schema.org","@graph":[{"@type":"Article","@id":"https:\/\/www.mobilier-design-occasion.fr\/magazine\/cinq-alternatives-a-ikea-pour-une-decoration-unique\/#article","isPartOf":{"@id":"https:\/\/www.mobilier-design-occasion.fr\/magazine\/cinq-alternatives-a-ikea-pour-une-decoration-unique\/"},"author":{"name":"Vincent Vandegans","@id":"https:\/\/www.mobilier-design-occasion.fr\/magazine\/#\/schema\/person\/af895bedc80bfb6b17730a672fddac9e"},"headline":"Cinq Alternatives \u00e0 IKEA pour une D\u00e9coration Unique","datePublished":"2023-12-04T08:45:29+00:00","dateModified":"2023-12-04T08:45:30+00:00","mainEntityOfPage":{"@id":"https:\/\/www.mobilier-design-occasion.fr\/magazine\/cinq-alternatives-a-ikea-pour-une-decoration-unique\/"},"wordCount":416,"commentCount":0,"publisher":{"@id":"https:\/\/www.mobilier-design-occasion.fr\/magazine\/#organization"},"image":{"@id":"https:\/\/www.mobilier-design-occasion.fr\/magazine\/cinq-alternatives-a-ikea-pour-une-decoration-unique\/#primaryimage"},"thumbnailUrl":"https:\/\/www.mobilier-design-occasion.fr\/magazine\/wp-content\/uploads\/2023\/12\/image-2.png","keywords":["ikea","sklum","Vintage"],"articleSection":["Avis marques d\u00e9co"],"inLanguage":"fr-FR","potentialAction":[{"@type":"CommentAction","name":"Comment","target":["https:\/\/www.mobilier-design-occasion.fr\/magazine\/cinq-alternatives-a-ikea-pour-une-decoration-unique\/#respond"]}]},{"@type":"WebPage","@id":"https:\/\/www.mobilier-design-occasion.fr\/magazine\/cinq-alternatives-a-ikea-pour-une-decoration-unique\/","url":"https:\/\/www.mobilier-design-occasion.fr\/magazine\/cinq-alternatives-a-ikea-pour-une-decoration-unique\/","name":"Cinq Alternatives \u00e0 IKEA pour une D\u00e9coration Unique - Mobilier Design Magazine","isPartOf":{"@id":"https:\/\/www.mobilier-design-occasion.fr\/magazine\/#website"},"primaryImageOfPage":{"@id":"https:\/\/www.mobilier-design-occasion.fr\/magazine\/cinq-alternatives-a-ikea-pour-une-decoration-unique\/#primaryimage"},"image":{"@id":"https:\/\/www.mobilier-design-occasion.fr\/magazine\/cinq-alternatives-a-ikea-pour-une-decoration-unique\/#primaryimage"},"thumbnailUrl":"https:\/\/www.mobilier-design-occasion.fr\/magazine\/wp-content\/uploads\/2023\/12\/image-2.png","datePublished":"2023-12-04T08:45:29+00:00","dateModified":"2023-12-04T08:45:30+00:00","breadcrumb":{"@id":"https:\/\/www.mobilier-design-occasion.fr\/magazine\/cinq-alternatives-a-ikea-pour-une-decoration-unique\/#breadcrumb"},"inLanguage":"fr-FR","potentialAction":[{"@type":"ReadAction","target":["https:\/\/www.mobilier-design-occasion.fr\/magazine\/cinq-alternatives-a-ikea-pour-une-decoration-unique\/"]}]},{"@type":"ImageObject","inLanguage":"fr-FR","@id":"https:\/\/www.mobilier-design-occasion.fr\/magazine\/cinq-alternatives-a-ikea-pour-une-decoration-unique\/#primaryimage","url":"https:\/\/www.mobilier-design-occasion.fr\/magazine\/wp-content\/uploads\/2023\/12\/image-2.png","contentUrl":"https:\/\/www.mobilier-design-occasion.fr\/magazine\/wp-content\/uploads\/2023\/12\/image-2.png","width":624,"height":435},{"@type":"BreadcrumbList","@id":"https:\/\/www.mobilier-design-occasion.fr\/magazine\/cinq-alternatives-a-ikea-pour-une-decoration-unique\/#breadcrumb","itemListElement":[{"@type":"ListItem","position":1,"name":"Accueil","item":"https:\/\/www.mobilier-design-occasion.fr\/magazine\/"},{"@type":"ListItem","position":2,"name":"Cinq Alternatives \u00e0 IKEA pour une D\u00e9coration Unique"}]},{"@type":"WebSite","@id":"https:\/\/www.mobilier-design-occasion.fr\/magazine\/#website","url":"https:\/\/www.mobilier-design-occasion.fr\/magazine\/","name":"Mobilier Design Magazine","description":"","publisher":{"@id":"https:\/\/www.mobilier-design-occasion.fr\/magazine\/#organization"},"potentialAction":[{"@type":"SearchAction","target":{"@type":"EntryPoint","urlTemplate":"https:\/\/www.mobilier-design-occasion.fr\/magazine\/?s={search_term_string}"},"query-input":{"@type":"PropertyValueSpecification","valueRequired":true,"valueName":"search_term_string"}}],"inLanguage":"fr-FR"},{"@type":"Organization","@id":"https:\/\/www.mobilier-design-occasion.fr\/magazine\/#organization","name":"Mobilier Design Magazine","url":"https:\/\/www.mobilier-design-occasion.fr\/magazine\/","logo":{"@type":"ImageObject","inLanguage":"fr-FR","@id":"https:\/\/www.mobilier-design-occasion.fr\/magazine\/#\/schema\/logo\/image\/","url":"https:\/\/www.mobilier-design-occasion.fr\/magazine\/wp-content\/uploads\/2024\/02\/android-chrome-192x192-1.png","contentUrl":"https:\/\/www.mobilier-design-occasion.fr\/magazine\/wp-content\/uploads\/2024\/02\/android-chrome-192x192-1.png","width":192,"height":192,"caption":"Mobilier Design Magazine"},"image":{"@id":"https:\/\/www.mobilier-design-occasion.fr\/magazine\/#\/schema\/logo\/image\/"},"sameAs":["https:\/\/www.facebook.com\/mobilierdesignoccasion"]},{"@type":"Person","@id":"https:\/\/www.mobilier-design-occasion.fr\/magazine\/#\/schema\/person\/af895bedc80bfb6b17730a672fddac9e","name":"Vincent Vandegans","image":{"@type":"ImageObject","inLanguage":"fr-FR","@id":"https:\/\/secure.gravatar.com\/avatar\/b984800dabdf722d5e3f03f637c8932dea77d81118467d17ad2953e3b273ec66?s=96&d=mm&r=g","url":"https:\/\/secure.gravatar.com\/avatar\/b984800dabdf722d5e3f03f637c8932dea77d81118467d17ad2953e3b273ec66?s=96&d=mm&r=g","contentUrl":"https:\/\/secure.gravatar.com\/avatar\/b984800dabdf722d5e3f03f637c8932dea77d81118467d17ad2953e3b273ec66?s=96&d=mm&r=g","caption":"Vincent Vandegans"},"description":"Vincent est passionn\u00e9 par les produits d'occasion, il a ouvert le site MDO avec Cyrielle pour aider les gens \u00e0 trouver du mobilier d'occasion, vintage ou usag\u00e9. Depuis, ils ont \u00e9tendu leurs activit\u00e9s et conseillent tout le monde sur le mobilier d'int\u00e9rieur et d'ext\u00e9rieur au quotidien \u00e0 travers le magazine MDO.","url":"https:\/\/www.mobilier-design-occasion.fr\/magazine\/author\/vincent\/"}]}},"_links":{"self":[{"href":"https:\/\/www.mobilier-design-occasion.fr\/magazine\/wp-json\/wp\/v2\/posts\/7332","targetHints":{"allow":["GET"]}}],"collection":[{"href":"https:\/\/www.mobilier-design-occasion.fr\/magazine\/wp-json\/wp\/v2\/posts"}],"about":[{"href":"https:\/\/www.mobilier-design-occasion.fr\/magazine\/wp-json\/wp\/v2\/types\/post"}],"author":[{"embeddable":true,"href":"https:\/\/www.mobilier-design-occasion.fr\/magazine\/wp-json\/wp\/v2\/users\/2"}],"replies":[{"embeddable":true,"href":"https:\/\/www.mobilier-design-occasion.fr\/magazine\/wp-json\/wp\/v2\/comments?post=7332"}],"version-history":[{"count":1,"href":"https:\/\/www.mobilier-design-occasion.fr\/magazine\/wp-json\/wp\/v2\/posts\/7332\/revisions"}],"predecessor-version":[{"id":7340,"href":"https:\/\/www.mobilier-design-occasion.fr\/magazine\/wp-json\/wp\/v2\/posts\/7332\/revisions\/7340"}],"wp:featuredmedia":[{"embeddable":true,"href":"https:\/\/www.mobilier-design-occasion.fr\/magazine\/wp-json\/wp\/v2\/media\/7335"}],"wp:attachment":[{"href":"https:\/\/www.mobilier-design-occasion.fr\/magazine\/wp-json\/wp\/v2\/media?parent=7332"}],"wp:term":[{"taxonomy":"category","embeddable":true,"href":"https:\/\/www.mobilier-design-occasion.fr\/magazine\/wp-json\/wp\/v2\/categories?post=7332"},{"taxonomy":"post_tag","embeddable":true,"href":"https:\/\/www.mobilier-design-occasion.fr\/magazine\/wp-json\/wp\/v2\/tags?post=7332"}],"curies":[{"name":"wp","href":"https:\/\/api.w.org\/{rel}","templated":true}]}}