{"id":7329,"date":"2023-12-01T08:24:28","date_gmt":"2023-12-01T08:24:28","guid":{"rendered":"https:\/\/www.mobilier-design-occasion.fr\/magazine\/?p=7329"},"modified":"2023-12-01T08:24:29","modified_gmt":"2023-12-01T08:24:29","slug":"9-astuces-inconnues-pour-une-chambre-a-coucher-etincelante","status":"publish","type":"post","link":"https:\/\/www.mobilier-design-occasion.fr\/magazine\/9-astuces-inconnues-pour-une-chambre-a-coucher-etincelante\/","title":{"rendered":"9 Astuces Inconnues pour une Chambre \u00e0 Coucher \u00c9tincelante"},"content":{"rendered":"\n<p>Une chambre \u00e0 coucher n&#8217;est pas seulement un endroit pour dormir; c&#8217;est un sanctuaire personnel o\u00f9 chaque d\u00e9tail compte. Dans cet article, nous explorerons neuf astuces peu connues pour transformer votre chambre en un havre de paix et d&#8217;\u00e9l\u00e9gance.<\/p>\n\n\n\n<h3 class=\"wp-block-heading\"><span class=\"ez-toc-section\" id=\"Astuces_dEclairage\"><\/span>Astuces d&#8217;\u00c9clairage<span class=\"ez-toc-section-end\"><\/span><\/h3><div id=\"ez-toc-container\" class=\"ez-toc-v2_0_82_2 counter-hierarchy ez-toc-counter ez-toc-grey ez-toc-container-direction\">\n<div class=\"ez-toc-title-container\">\n<span class=\"ez-toc-title-toggle\"><a href=\"#\" class=\"ez-toc-pull-right ez-toc-btn ez-toc-btn-xs ez-toc-btn-default ez-toc-toggle\" aria-label=\"Toggle Table of Content\"><span class=\"ez-toc-js-icon-con\"><span class=\"\"><span class=\"eztoc-hide\" style=\"display:none;\">Toggle<\/span><span class=\"ez-toc-icon-toggle-span\"><svg style=\"fill: #999;color:#999\" xmlns=\"http:\/\/www.w3.org\/2000\/svg\" class=\"list-377408\" width=\"20px\" height=\"20px\" viewBox=\"0 0 24 24\" fill=\"none\"><path d=\"M6 6H4v2h2V6zm14 0H8v2h12V6zM4 11h2v2H4v-2zm16 0H8v2h12v-2zM4 16h2v2H4v-2zm16 0H8v2h12v-2z\" fill=\"currentColor\"><\/path><\/svg><svg style=\"fill: #999;color:#999\" class=\"arrow-unsorted-368013\" xmlns=\"http:\/\/www.w3.org\/2000\/svg\" width=\"10px\" height=\"10px\" viewBox=\"0 0 24 24\" version=\"1.2\" baseProfile=\"tiny\"><path d=\"M18.2 9.3l-6.2-6.3-6.2 6.3c-.2.2-.3.4-.3.7s.1.5.3.7c.2.2.4.3.7.3h11c.3 0 .5-.1.7-.3.2-.2.3-.5.3-.7s-.1-.5-.3-.7zM5.8 14.7l6.2 6.3 6.2-6.3c.2-.2.3-.5.3-.7s-.1-.5-.3-.7c-.2-.2-.4-.3-.7-.3h-11c-.3 0-.5.1-.7.3-.2.2-.3.5-.3.7s.1.5.3.7z\"\/><\/svg><\/span><\/span><\/span><\/a><\/span><\/div>\n<nav><ul class='ez-toc-list ez-toc-list-level-1 eztoc-toggle-hide-by-default' ><li class='ez-toc-page-1 ez-toc-heading-level-3'><a class=\"ez-toc-link ez-toc-heading-1\" href=\"https:\/\/www.mobilier-design-occasion.fr\/magazine\/9-astuces-inconnues-pour-une-chambre-a-coucher-etincelante\/#Astuces_dEclairage\" >Astuces d&#8217;\u00c9clairage<\/a><\/li><li class='ez-toc-page-1 ez-toc-heading-level-3'><a class=\"ez-toc-link ez-toc-heading-2\" href=\"https:\/\/www.mobilier-design-occasion.fr\/magazine\/9-astuces-inconnues-pour-une-chambre-a-coucher-etincelante\/#Couleurs_et_Peintures\" >Couleurs et Peintures<\/a><\/li><li class='ez-toc-page-1 ez-toc-heading-level-3'><a class=\"ez-toc-link ez-toc-heading-3\" href=\"https:\/\/www.mobilier-design-occasion.fr\/magazine\/9-astuces-inconnues-pour-une-chambre-a-coucher-etincelante\/#Textiles_et_Tissus\" >Textiles et Tissus<\/a><\/li><li class='ez-toc-page-1 ez-toc-heading-level-3'><a class=\"ez-toc-link ez-toc-heading-4\" href=\"https:\/\/www.mobilier-design-occasion.fr\/magazine\/9-astuces-inconnues-pour-une-chambre-a-coucher-etincelante\/#Mobilier\" >Mobilier<\/a><\/li><li class='ez-toc-page-1 ez-toc-heading-level-3'><a class=\"ez-toc-link ez-toc-heading-5\" href=\"https:\/\/www.mobilier-design-occasion.fr\/magazine\/9-astuces-inconnues-pour-une-chambre-a-coucher-etincelante\/#Decoration_Murale\" >D\u00e9coration Murale<\/a><\/li><li class='ez-toc-page-1 ez-toc-heading-level-3'><a class=\"ez-toc-link ez-toc-heading-6\" href=\"https:\/\/www.mobilier-design-occasion.fr\/magazine\/9-astuces-inconnues-pour-une-chambre-a-coucher-etincelante\/#Plantes_et_Nature\" >Plantes et Nature<\/a><\/li><li class='ez-toc-page-1 ez-toc-heading-level-3'><a class=\"ez-toc-link ez-toc-heading-7\" href=\"https:\/\/www.mobilier-design-occasion.fr\/magazine\/9-astuces-inconnues-pour-une-chambre-a-coucher-etincelante\/#Organisation_et_Rangement\" >Organisation et Rangement<\/a><\/li><li class='ez-toc-page-1 ez-toc-heading-level-3'><a class=\"ez-toc-link ez-toc-heading-8\" href=\"https:\/\/www.mobilier-design-occasion.fr\/magazine\/9-astuces-inconnues-pour-une-chambre-a-coucher-etincelante\/#Technologie_et_Innovation\" >Technologie et Innovation<\/a><\/li><li class='ez-toc-page-1 ez-toc-heading-level-3'><a class=\"ez-toc-link ez-toc-heading-9\" href=\"https:\/\/www.mobilier-design-occasion.fr\/magazine\/9-astuces-inconnues-pour-une-chambre-a-coucher-etincelante\/#Parfums_et_Aromatherapie\" >Parfums et Aromath\u00e9rapie<\/a><\/li><li class='ez-toc-page-1 ez-toc-heading-level-3'><a class=\"ez-toc-link ez-toc-heading-10\" href=\"https:\/\/www.mobilier-design-occasion.fr\/magazine\/9-astuces-inconnues-pour-une-chambre-a-coucher-etincelante\/#Conclusion\" >Conclusion<\/a><\/li><\/ul><\/nav><\/div>\n\n\n\n\n<ul class=\"wp-block-list\">\n<li><strong>Lumi\u00e8res Douces<\/strong>: Optez pour des lumi\u00e8res tamis\u00e9es pour cr\u00e9er une ambiance relaxante. Les lampes de table avec abat-jour diffusent une lumi\u00e8re douce id\u00e9ale pour la lecture au lit.<\/li>\n\n\n\n<li><strong>Placement Strat\u00e9gique<\/strong>: Placez les lampes de mani\u00e8re \u00e0 \u00e9clairer les coins sombres, rendant la pi\u00e8ce plus accueillante.<\/li>\n<\/ul>\n\n\n\n<h3 class=\"wp-block-heading\"><span class=\"ez-toc-section\" id=\"Couleurs_et_Peintures\"><\/span>Couleurs et Peintures<span class=\"ez-toc-section-end\"><\/span><\/h3>\n\n\n\n<ul class=\"wp-block-list\">\n<li><strong>Palette Apaisante<\/strong>: Des couleurs comme le bleu doux ou le vert sauge peuvent apaiser l&#8217;esprit.<\/li>\n\n\n\n<li><strong>Finitions de Peinture<\/strong>: Les finitions mates absorbent la lumi\u00e8re, donnant une sensation de douceur, tandis que les finitions brillantes refl\u00e8tent la lumi\u00e8re, ajoutant de la vivacit\u00e9.<\/li>\n<\/ul>\n\n\n\n<h3 class=\"wp-block-heading\"><span class=\"ez-toc-section\" id=\"Textiles_et_Tissus\"><\/span>Textiles et Tissus<span class=\"ez-toc-section-end\"><\/span><\/h3>\n\n\n\n<ul class=\"wp-block-list\">\n<li><strong>Draps Confortables<\/strong>: Choisissez des draps de qualit\u00e9, comme du coton \u00e9gyptien ou du satin, pour un toucher luxueux.<\/li>\n\n\n\n<li><strong>Rideaux<\/strong>: Les rideaux \u00e9pais peuvent bloquer la lumi\u00e8re ext\u00e9rieure, tandis que des voilages l\u00e9gers cr\u00e9ent une atmosph\u00e8re a\u00e9rienne.<\/li>\n<\/ul>\n\n\n\n<h3 class=\"wp-block-heading\"><span class=\"ez-toc-section\" id=\"Mobilier\"><\/span>Mobilier<span class=\"ez-toc-section-end\"><\/span><\/h3>\n\n\n\n<ul class=\"wp-block-list\">\n<li><strong>Meubles Fonctionnels<\/strong>: Pr\u00e9f\u00e9rez des meubles multifonctionnels, surtout dans les petits espaces.<\/li>\n\n\n\n<li><strong>Agencement Astucieux<\/strong>: Placer le lit au centre de la pi\u00e8ce cr\u00e9e une sym\u00e9trie apaisante.<\/li>\n<\/ul>\n\n\n\n<h3 class=\"wp-block-heading\"><span class=\"ez-toc-section\" id=\"Decoration_Murale\"><\/span>D\u00e9coration Murale<span class=\"ez-toc-section-end\"><\/span><\/h3>\n\n\n\n<ul class=\"wp-block-list\">\n<li><strong>Art et Photos<\/strong>: Accrochez des \u0153uvres d&#8217;art ou des photographies qui refl\u00e8tent vos go\u00fbts personnels.<\/li>\n\n\n\n<li><strong>Miroirs<\/strong>: Un grand miroir peut rendre la pi\u00e8ce plus grande et plus lumineuse.<\/li>\n<\/ul>\n\n\n\n<h3 class=\"wp-block-heading\"><span class=\"ez-toc-section\" id=\"Plantes_et_Nature\"><\/span>Plantes et Nature<span class=\"ez-toc-section-end\"><\/span><\/h3>\n\n\n\n<ul class=\"wp-block-list\">\n<li><strong>Plantes Favorables au Sommeil<\/strong>: Des plantes comme la lavande et l&#8217;alo\u00e8s peuvent am\u00e9liorer la qualit\u00e9 de l&#8217;air et favoriser la relaxation.<\/li>\n\n\n\n<li><strong>\u00c9l\u00e9ments Naturels<\/strong>: L&#8217;introduction de bois ou de pierre ajoute de la chaleur et de la texture.<\/li>\n<\/ul>\n\n\n\n<h3 class=\"wp-block-heading\"><span class=\"ez-toc-section\" id=\"Organisation_et_Rangement\"><\/span>Organisation et Rangement<span class=\"ez-toc-section-end\"><\/span><\/h3>\n\n\n\n<ul class=\"wp-block-list\">\n<li><strong>Solutions Ing\u00e9nieuses<\/strong>: Utilisez des tiroirs sous le lit ou des \u00e9tag\u00e8res murales pour un rangement discret.<\/li>\n\n\n\n<li><strong>Minimalisme<\/strong>: Un espace \u00e9pur\u00e9 favorise la tranquillit\u00e9 d&#8217;esprit.<\/li>\n<\/ul>\n\n\n\n<h3 class=\"wp-block-heading\"><span class=\"ez-toc-section\" id=\"Technologie_et_Innovation\"><\/span>Technologie et Innovation<span class=\"ez-toc-section-end\"><\/span><\/h3>\n\n\n\n<ul class=\"wp-block-list\">\n<li><strong>Gadgets pour le Confort<\/strong>: Pensez \u00e0 des r\u00e9veils lumineux ou des syst\u00e8mes de contr\u00f4le de la temp\u00e9rature.<\/li>\n\n\n\n<li><strong>Chambre Connect\u00e9e<\/strong>: Les applications de domotique peuvent simplifier la gestion de l&#8217;\u00e9clairage et de la temp\u00e9rature.<\/li>\n<\/ul>\n\n\n\n<h3 class=\"wp-block-heading\"><span class=\"ez-toc-section\" id=\"Parfums_et_Aromatherapie\"><\/span>Parfums et Aromath\u00e9rapie<span class=\"ez-toc-section-end\"><\/span><\/h3>\n\n\n\n<ul class=\"wp-block-list\">\n<li><strong>Choix des Parfums<\/strong>: Les parfums comme la lavande ou le jasmin peuvent aider \u00e0 s&#8217;endormir plus facilement.<\/li>\n\n\n\n<li><strong>Huiles Essentielles<\/strong>: Un diffuseur d&#8217;huiles essentielles peut cr\u00e9er une ambiance apaisante.<\/li>\n<\/ul>\n\n\n\n<h3 class=\"wp-block-heading\"><span class=\"ez-toc-section\" id=\"Conclusion\"><\/span>Conclusion<span class=\"ez-toc-section-end\"><\/span><\/h3>\n\n\n\n<p>Nous esp\u00e9rons que ces astuces vous inspireront \u00e0 transformer votre chambre \u00e0 coucher en un espace o\u00f9 style et confort se rencontrent. N&#8217;h\u00e9sitez pas \u00e0 exp\u00e9rimenter et \u00e0 trouver ce qui fonctionne le mieux pour vous. Votre chambre est votre toile personnelle; faites-en un chef-d&#8217;\u0153uvre.<\/p>\n","protected":false},"excerpt":{"rendered":"<p>Une chambre \u00e0 coucher n&#8217;est pas seulement un endroit pour dormir; c&#8217;est un sanctuaire personnel o\u00f9 chaque d\u00e9tail compte. Dans cet article, nous explorerons neuf astuces peu connues pour transformer votre chambre en un havre de paix et d&#8217;\u00e9l\u00e9gance. Astuces d&#8217;\u00c9clairage Couleurs et Peintures Textiles et Tissus Mobilier D\u00e9coration Murale Plantes et Nature Organisation et [&hellip;]<\/p>\n","protected":false},"author":2,"featured_media":7330,"comment_status":"open","ping_status":"open","sticky":false,"template":"","format":"standard","meta":{"footnotes":""},"categories":[120,126],"tags":[181,182,183],"class_list":["post-7329","post","type-post","status-publish","format-standard","has-post-thumbnail","hentry","category-chambre","category-chambre-parent","tag-chambre","tag-lit","tag-scandinave"],"yoast_head":"<!-- This site is optimized with the Yoast SEO plugin v27.5 - https:\/\/yoast.com\/product\/yoast-seo-wordpress\/ -->\n<title>9 Astuces Inconnues pour une Chambre \u00e0 Coucher \u00c9tincelante - Mobilier Design Magazine<\/title>\n<meta name=\"robots\" content=\"index, follow, max-snippet:-1, max-image-preview:large, max-video-preview:-1\" \/>\n<link rel=\"canonical\" href=\"https:\/\/www.mobilier-design-occasion.fr\/magazine\/9-astuces-inconnues-pour-une-chambre-a-coucher-etincelante\/\" \/>\n<meta property=\"og:locale\" content=\"fr_FR\" \/>\n<meta property=\"og:type\" content=\"article\" \/>\n<meta property=\"og:title\" content=\"9 Astuces Inconnues pour une Chambre \u00e0 Coucher \u00c9tincelante - Mobilier Design Magazine\" \/>\n<meta property=\"og:description\" content=\"Une chambre \u00e0 coucher n&#8217;est pas seulement un endroit pour dormir; c&#8217;est un sanctuaire personnel o\u00f9 chaque d\u00e9tail compte. Dans cet article, nous explorerons neuf astuces peu connues pour transformer votre chambre en un havre de paix et d&#8217;\u00e9l\u00e9gance. Astuces d&#8217;\u00c9clairage Couleurs et Peintures Textiles et Tissus Mobilier D\u00e9coration Murale Plantes et Nature Organisation et [&hellip;]\" \/>\n<meta property=\"og:url\" content=\"https:\/\/www.mobilier-design-occasion.fr\/magazine\/9-astuces-inconnues-pour-une-chambre-a-coucher-etincelante\/\" \/>\n<meta property=\"og:site_name\" content=\"Mobilier Design Magazine\" \/>\n<meta property=\"article:publisher\" content=\"https:\/\/www.facebook.com\/mobilierdesignoccasion\" \/>\n<meta property=\"article:published_time\" content=\"2023-12-01T08:24:28+00:00\" \/>\n<meta property=\"article:modified_time\" content=\"2023-12-01T08:24:29+00:00\" \/>\n<meta property=\"og:image\" content=\"https:\/\/www.mobilier-design-occasion.fr\/magazine\/wp-content\/uploads\/2023\/12\/chambre-scandinave.png\" \/>\n\t<meta property=\"og:image:width\" content=\"1234\" \/>\n\t<meta property=\"og:image:height\" content=\"1234\" \/>\n\t<meta property=\"og:image:type\" content=\"image\/png\" \/>\n<meta name=\"author\" content=\"Vincent Vandegans\" \/>\n<meta name=\"twitter:card\" content=\"summary_large_image\" \/>\n<meta name=\"twitter:label1\" content=\"\u00c9crit par\" \/>\n\t<meta name=\"twitter:data1\" content=\"Vincent Vandegans\" \/>\n\t<meta name=\"twitter:label2\" content=\"Dur\u00e9e de lecture estim\u00e9e\" \/>\n\t<meta name=\"twitter:data2\" content=\"2 minutes\" \/>\n<script type=\"application\/ld+json\" class=\"yoast-schema-graph\">{\"@context\":\"https:\\\/\\\/schema.org\",\"@graph\":[{\"@type\":\"Article\",\"@id\":\"https:\\\/\\\/www.mobilier-design-occasion.fr\\\/magazine\\\/9-astuces-inconnues-pour-une-chambre-a-coucher-etincelante\\\/#article\",\"isPartOf\":{\"@id\":\"https:\\\/\\\/www.mobilier-design-occasion.fr\\\/magazine\\\/9-astuces-inconnues-pour-une-chambre-a-coucher-etincelante\\\/\"},\"author\":{\"name\":\"Vincent Vandegans\",\"@id\":\"https:\\\/\\\/www.mobilier-design-occasion.fr\\\/magazine\\\/#\\\/schema\\\/person\\\/af895bedc80bfb6b17730a672fddac9e\"},\"headline\":\"9 Astuces Inconnues pour une Chambre \u00e0 Coucher \u00c9tincelante\",\"datePublished\":\"2023-12-01T08:24:28+00:00\",\"dateModified\":\"2023-12-01T08:24:29+00:00\",\"mainEntityOfPage\":{\"@id\":\"https:\\\/\\\/www.mobilier-design-occasion.fr\\\/magazine\\\/9-astuces-inconnues-pour-une-chambre-a-coucher-etincelante\\\/\"},\"wordCount\":464,\"commentCount\":0,\"publisher\":{\"@id\":\"https:\\\/\\\/www.mobilier-design-occasion.fr\\\/magazine\\\/#organization\"},\"image\":{\"@id\":\"https:\\\/\\\/www.mobilier-design-occasion.fr\\\/magazine\\\/9-astuces-inconnues-pour-une-chambre-a-coucher-etincelante\\\/#primaryimage\"},\"thumbnailUrl\":\"https:\\\/\\\/www.mobilier-design-occasion.fr\\\/magazine\\\/wp-content\\\/uploads\\\/2023\\\/12\\\/chambre-scandinave.png\",\"keywords\":[\"chambre\",\"lit\",\"scandinave\"],\"articleSection\":[\"Chambre\",\"Chambre parent\"],\"inLanguage\":\"fr-FR\",\"potentialAction\":[{\"@type\":\"CommentAction\",\"name\":\"Comment\",\"target\":[\"https:\\\/\\\/www.mobilier-design-occasion.fr\\\/magazine\\\/9-astuces-inconnues-pour-une-chambre-a-coucher-etincelante\\\/#respond\"]}]},{\"@type\":\"WebPage\",\"@id\":\"https:\\\/\\\/www.mobilier-design-occasion.fr\\\/magazine\\\/9-astuces-inconnues-pour-une-chambre-a-coucher-etincelante\\\/\",\"url\":\"https:\\\/\\\/www.mobilier-design-occasion.fr\\\/magazine\\\/9-astuces-inconnues-pour-une-chambre-a-coucher-etincelante\\\/\",\"name\":\"9 Astuces Inconnues pour une Chambre \u00e0 Coucher \u00c9tincelante - Mobilier Design Magazine\",\"isPartOf\":{\"@id\":\"https:\\\/\\\/www.mobilier-design-occasion.fr\\\/magazine\\\/#website\"},\"primaryImageOfPage\":{\"@id\":\"https:\\\/\\\/www.mobilier-design-occasion.fr\\\/magazine\\\/9-astuces-inconnues-pour-une-chambre-a-coucher-etincelante\\\/#primaryimage\"},\"image\":{\"@id\":\"https:\\\/\\\/www.mobilier-design-occasion.fr\\\/magazine\\\/9-astuces-inconnues-pour-une-chambre-a-coucher-etincelante\\\/#primaryimage\"},\"thumbnailUrl\":\"https:\\\/\\\/www.mobilier-design-occasion.fr\\\/magazine\\\/wp-content\\\/uploads\\\/2023\\\/12\\\/chambre-scandinave.png\",\"datePublished\":\"2023-12-01T08:24:28+00:00\",\"dateModified\":\"2023-12-01T08:24:29+00:00\",\"breadcrumb\":{\"@id\":\"https:\\\/\\\/www.mobilier-design-occasion.fr\\\/magazine\\\/9-astuces-inconnues-pour-une-chambre-a-coucher-etincelante\\\/#breadcrumb\"},\"inLanguage\":\"fr-FR\",\"potentialAction\":[{\"@type\":\"ReadAction\",\"target\":[\"https:\\\/\\\/www.mobilier-design-occasion.fr\\\/magazine\\\/9-astuces-inconnues-pour-une-chambre-a-coucher-etincelante\\\/\"]}]},{\"@type\":\"ImageObject\",\"inLanguage\":\"fr-FR\",\"@id\":\"https:\\\/\\\/www.mobilier-design-occasion.fr\\\/magazine\\\/9-astuces-inconnues-pour-une-chambre-a-coucher-etincelante\\\/#primaryimage\",\"url\":\"https:\\\/\\\/www.mobilier-design-occasion.fr\\\/magazine\\\/wp-content\\\/uploads\\\/2023\\\/12\\\/chambre-scandinave.png\",\"contentUrl\":\"https:\\\/\\\/www.mobilier-design-occasion.fr\\\/magazine\\\/wp-content\\\/uploads\\\/2023\\\/12\\\/chambre-scandinave.png\",\"width\":1234,\"height\":1234},{\"@type\":\"BreadcrumbList\",\"@id\":\"https:\\\/\\\/www.mobilier-design-occasion.fr\\\/magazine\\\/9-astuces-inconnues-pour-une-chambre-a-coucher-etincelante\\\/#breadcrumb\",\"itemListElement\":[{\"@type\":\"ListItem\",\"position\":1,\"name\":\"Accueil\",\"item\":\"https:\\\/\\\/www.mobilier-design-occasion.fr\\\/magazine\\\/\"},{\"@type\":\"ListItem\",\"position\":2,\"name\":\"9 Astuces Inconnues pour une Chambre \u00e0 Coucher \u00c9tincelante\"}]},{\"@type\":\"WebSite\",\"@id\":\"https:\\\/\\\/www.mobilier-design-occasion.fr\\\/magazine\\\/#website\",\"url\":\"https:\\\/\\\/www.mobilier-design-occasion.fr\\\/magazine\\\/\",\"name\":\"Mobilier Design Magazine\",\"description\":\"\",\"publisher\":{\"@id\":\"https:\\\/\\\/www.mobilier-design-occasion.fr\\\/magazine\\\/#organization\"},\"potentialAction\":[{\"@type\":\"SearchAction\",\"target\":{\"@type\":\"EntryPoint\",\"urlTemplate\":\"https:\\\/\\\/www.mobilier-design-occasion.fr\\\/magazine\\\/?s={search_term_string}\"},\"query-input\":{\"@type\":\"PropertyValueSpecification\",\"valueRequired\":true,\"valueName\":\"search_term_string\"}}],\"inLanguage\":\"fr-FR\"},{\"@type\":\"Organization\",\"@id\":\"https:\\\/\\\/www.mobilier-design-occasion.fr\\\/magazine\\\/#organization\",\"name\":\"Mobilier Design Magazine\",\"url\":\"https:\\\/\\\/www.mobilier-design-occasion.fr\\\/magazine\\\/\",\"logo\":{\"@type\":\"ImageObject\",\"inLanguage\":\"fr-FR\",\"@id\":\"https:\\\/\\\/www.mobilier-design-occasion.fr\\\/magazine\\\/#\\\/schema\\\/logo\\\/image\\\/\",\"url\":\"https:\\\/\\\/www.mobilier-design-occasion.fr\\\/magazine\\\/wp-content\\\/uploads\\\/2024\\\/02\\\/android-chrome-192x192-1.png\",\"contentUrl\":\"https:\\\/\\\/www.mobilier-design-occasion.fr\\\/magazine\\\/wp-content\\\/uploads\\\/2024\\\/02\\\/android-chrome-192x192-1.png\",\"width\":192,\"height\":192,\"caption\":\"Mobilier Design Magazine\"},\"image\":{\"@id\":\"https:\\\/\\\/www.mobilier-design-occasion.fr\\\/magazine\\\/#\\\/schema\\\/logo\\\/image\\\/\"},\"sameAs\":[\"https:\\\/\\\/www.facebook.com\\\/mobilierdesignoccasion\"]},{\"@type\":\"Person\",\"@id\":\"https:\\\/\\\/www.mobilier-design-occasion.fr\\\/magazine\\\/#\\\/schema\\\/person\\\/af895bedc80bfb6b17730a672fddac9e\",\"name\":\"Vincent Vandegans\",\"image\":{\"@type\":\"ImageObject\",\"inLanguage\":\"fr-FR\",\"@id\":\"https:\\\/\\\/secure.gravatar.com\\\/avatar\\\/b984800dabdf722d5e3f03f637c8932dea77d81118467d17ad2953e3b273ec66?s=96&d=mm&r=g\",\"url\":\"https:\\\/\\\/secure.gravatar.com\\\/avatar\\\/b984800dabdf722d5e3f03f637c8932dea77d81118467d17ad2953e3b273ec66?s=96&d=mm&r=g\",\"contentUrl\":\"https:\\\/\\\/secure.gravatar.com\\\/avatar\\\/b984800dabdf722d5e3f03f637c8932dea77d81118467d17ad2953e3b273ec66?s=96&d=mm&r=g\",\"caption\":\"Vincent Vandegans\"},\"description\":\"Vincent est passionn\u00e9 par les produits d'occasion, il a ouvert le site MDO avec Cyrielle pour aider les gens \u00e0 trouver du mobilier d'occasion, vintage ou usag\u00e9. Depuis, ils ont \u00e9tendu leurs activit\u00e9s et conseillent tout le monde sur le mobilier d'int\u00e9rieur et d'ext\u00e9rieur au quotidien \u00e0 travers le magazine MDO.\",\"url\":\"https:\\\/\\\/www.mobilier-design-occasion.fr\\\/magazine\\\/author\\\/vincent\\\/\"}]}<\/script>\n<!-- \/ Yoast SEO plugin. -->","yoast_head_json":{"title":"9 Astuces Inconnues pour une Chambre \u00e0 Coucher \u00c9tincelante - Mobilier Design Magazine","robots":{"index":"index","follow":"follow","max-snippet":"max-snippet:-1","max-image-preview":"max-image-preview:large","max-video-preview":"max-video-preview:-1"},"canonical":"https:\/\/www.mobilier-design-occasion.fr\/magazine\/9-astuces-inconnues-pour-une-chambre-a-coucher-etincelante\/","og_locale":"fr_FR","og_type":"article","og_title":"9 Astuces Inconnues pour une Chambre \u00e0 Coucher \u00c9tincelante - Mobilier Design Magazine","og_description":"Une chambre \u00e0 coucher n&#8217;est pas seulement un endroit pour dormir; c&#8217;est un sanctuaire personnel o\u00f9 chaque d\u00e9tail compte. Dans cet article, nous explorerons neuf astuces peu connues pour transformer votre chambre en un havre de paix et d&#8217;\u00e9l\u00e9gance. Astuces d&#8217;\u00c9clairage Couleurs et Peintures Textiles et Tissus Mobilier D\u00e9coration Murale Plantes et Nature Organisation et [&hellip;]","og_url":"https:\/\/www.mobilier-design-occasion.fr\/magazine\/9-astuces-inconnues-pour-une-chambre-a-coucher-etincelante\/","og_site_name":"Mobilier Design Magazine","article_publisher":"https:\/\/www.facebook.com\/mobilierdesignoccasion","article_published_time":"2023-12-01T08:24:28+00:00","article_modified_time":"2023-12-01T08:24:29+00:00","og_image":[{"width":1234,"height":1234,"url":"https:\/\/www.mobilier-design-occasion.fr\/magazine\/wp-content\/uploads\/2023\/12\/chambre-scandinave.png","type":"image\/png"}],"author":"Vincent Vandegans","twitter_card":"summary_large_image","twitter_misc":{"\u00c9crit par":"Vincent Vandegans","Dur\u00e9e de lecture estim\u00e9e":"2 minutes"},"schema":{"@context":"https:\/\/schema.org","@graph":[{"@type":"Article","@id":"https:\/\/www.mobilier-design-occasion.fr\/magazine\/9-astuces-inconnues-pour-une-chambre-a-coucher-etincelante\/#article","isPartOf":{"@id":"https:\/\/www.mobilier-design-occasion.fr\/magazine\/9-astuces-inconnues-pour-une-chambre-a-coucher-etincelante\/"},"author":{"name":"Vincent Vandegans","@id":"https:\/\/www.mobilier-design-occasion.fr\/magazine\/#\/schema\/person\/af895bedc80bfb6b17730a672fddac9e"},"headline":"9 Astuces Inconnues pour une Chambre \u00e0 Coucher \u00c9tincelante","datePublished":"2023-12-01T08:24:28+00:00","dateModified":"2023-12-01T08:24:29+00:00","mainEntityOfPage":{"@id":"https:\/\/www.mobilier-design-occasion.fr\/magazine\/9-astuces-inconnues-pour-une-chambre-a-coucher-etincelante\/"},"wordCount":464,"commentCount":0,"publisher":{"@id":"https:\/\/www.mobilier-design-occasion.fr\/magazine\/#organization"},"image":{"@id":"https:\/\/www.mobilier-design-occasion.fr\/magazine\/9-astuces-inconnues-pour-une-chambre-a-coucher-etincelante\/#primaryimage"},"thumbnailUrl":"https:\/\/www.mobilier-design-occasion.fr\/magazine\/wp-content\/uploads\/2023\/12\/chambre-scandinave.png","keywords":["chambre","lit","scandinave"],"articleSection":["Chambre","Chambre parent"],"inLanguage":"fr-FR","potentialAction":[{"@type":"CommentAction","name":"Comment","target":["https:\/\/www.mobilier-design-occasion.fr\/magazine\/9-astuces-inconnues-pour-une-chambre-a-coucher-etincelante\/#respond"]}]},{"@type":"WebPage","@id":"https:\/\/www.mobilier-design-occasion.fr\/magazine\/9-astuces-inconnues-pour-une-chambre-a-coucher-etincelante\/","url":"https:\/\/www.mobilier-design-occasion.fr\/magazine\/9-astuces-inconnues-pour-une-chambre-a-coucher-etincelante\/","name":"9 Astuces Inconnues pour une Chambre \u00e0 Coucher \u00c9tincelante - Mobilier Design Magazine","isPartOf":{"@id":"https:\/\/www.mobilier-design-occasion.fr\/magazine\/#website"},"primaryImageOfPage":{"@id":"https:\/\/www.mobilier-design-occasion.fr\/magazine\/9-astuces-inconnues-pour-une-chambre-a-coucher-etincelante\/#primaryimage"},"image":{"@id":"https:\/\/www.mobilier-design-occasion.fr\/magazine\/9-astuces-inconnues-pour-une-chambre-a-coucher-etincelante\/#primaryimage"},"thumbnailUrl":"https:\/\/www.mobilier-design-occasion.fr\/magazine\/wp-content\/uploads\/2023\/12\/chambre-scandinave.png","datePublished":"2023-12-01T08:24:28+00:00","dateModified":"2023-12-01T08:24:29+00:00","breadcrumb":{"@id":"https:\/\/www.mobilier-design-occasion.fr\/magazine\/9-astuces-inconnues-pour-une-chambre-a-coucher-etincelante\/#breadcrumb"},"inLanguage":"fr-FR","potentialAction":[{"@type":"ReadAction","target":["https:\/\/www.mobilier-design-occasion.fr\/magazine\/9-astuces-inconnues-pour-une-chambre-a-coucher-etincelante\/"]}]},{"@type":"ImageObject","inLanguage":"fr-FR","@id":"https:\/\/www.mobilier-design-occasion.fr\/magazine\/9-astuces-inconnues-pour-une-chambre-a-coucher-etincelante\/#primaryimage","url":"https:\/\/www.mobilier-design-occasion.fr\/magazine\/wp-content\/uploads\/2023\/12\/chambre-scandinave.png","contentUrl":"https:\/\/www.mobilier-design-occasion.fr\/magazine\/wp-content\/uploads\/2023\/12\/chambre-scandinave.png","width":1234,"height":1234},{"@type":"BreadcrumbList","@id":"https:\/\/www.mobilier-design-occasion.fr\/magazine\/9-astuces-inconnues-pour-une-chambre-a-coucher-etincelante\/#breadcrumb","itemListElement":[{"@type":"ListItem","position":1,"name":"Accueil","item":"https:\/\/www.mobilier-design-occasion.fr\/magazine\/"},{"@type":"ListItem","position":2,"name":"9 Astuces Inconnues pour une Chambre \u00e0 Coucher \u00c9tincelante"}]},{"@type":"WebSite","@id":"https:\/\/www.mobilier-design-occasion.fr\/magazine\/#website","url":"https:\/\/www.mobilier-design-occasion.fr\/magazine\/","name":"Mobilier Design Magazine","description":"","publisher":{"@id":"https:\/\/www.mobilier-design-occasion.fr\/magazine\/#organization"},"potentialAction":[{"@type":"SearchAction","target":{"@type":"EntryPoint","urlTemplate":"https:\/\/www.mobilier-design-occasion.fr\/magazine\/?s={search_term_string}"},"query-input":{"@type":"PropertyValueSpecification","valueRequired":true,"valueName":"search_term_string"}}],"inLanguage":"fr-FR"},{"@type":"Organization","@id":"https:\/\/www.mobilier-design-occasion.fr\/magazine\/#organization","name":"Mobilier Design Magazine","url":"https:\/\/www.mobilier-design-occasion.fr\/magazine\/","logo":{"@type":"ImageObject","inLanguage":"fr-FR","@id":"https:\/\/www.mobilier-design-occasion.fr\/magazine\/#\/schema\/logo\/image\/","url":"https:\/\/www.mobilier-design-occasion.fr\/magazine\/wp-content\/uploads\/2024\/02\/android-chrome-192x192-1.png","contentUrl":"https:\/\/www.mobilier-design-occasion.fr\/magazine\/wp-content\/uploads\/2024\/02\/android-chrome-192x192-1.png","width":192,"height":192,"caption":"Mobilier Design Magazine"},"image":{"@id":"https:\/\/www.mobilier-design-occasion.fr\/magazine\/#\/schema\/logo\/image\/"},"sameAs":["https:\/\/www.facebook.com\/mobilierdesignoccasion"]},{"@type":"Person","@id":"https:\/\/www.mobilier-design-occasion.fr\/magazine\/#\/schema\/person\/af895bedc80bfb6b17730a672fddac9e","name":"Vincent Vandegans","image":{"@type":"ImageObject","inLanguage":"fr-FR","@id":"https:\/\/secure.gravatar.com\/avatar\/b984800dabdf722d5e3f03f637c8932dea77d81118467d17ad2953e3b273ec66?s=96&d=mm&r=g","url":"https:\/\/secure.gravatar.com\/avatar\/b984800dabdf722d5e3f03f637c8932dea77d81118467d17ad2953e3b273ec66?s=96&d=mm&r=g","contentUrl":"https:\/\/secure.gravatar.com\/avatar\/b984800dabdf722d5e3f03f637c8932dea77d81118467d17ad2953e3b273ec66?s=96&d=mm&r=g","caption":"Vincent Vandegans"},"description":"Vincent est passionn\u00e9 par les produits d'occasion, il a ouvert le site MDO avec Cyrielle pour aider les gens \u00e0 trouver du mobilier d'occasion, vintage ou usag\u00e9. Depuis, ils ont \u00e9tendu leurs activit\u00e9s et conseillent tout le monde sur le mobilier d'int\u00e9rieur et d'ext\u00e9rieur au quotidien \u00e0 travers le magazine MDO.","url":"https:\/\/www.mobilier-design-occasion.fr\/magazine\/author\/vincent\/"}]}},"_links":{"self":[{"href":"https:\/\/www.mobilier-design-occasion.fr\/magazine\/wp-json\/wp\/v2\/posts\/7329","targetHints":{"allow":["GET"]}}],"collection":[{"href":"https:\/\/www.mobilier-design-occasion.fr\/magazine\/wp-json\/wp\/v2\/posts"}],"about":[{"href":"https:\/\/www.mobilier-design-occasion.fr\/magazine\/wp-json\/wp\/v2\/types\/post"}],"author":[{"embeddable":true,"href":"https:\/\/www.mobilier-design-occasion.fr\/magazine\/wp-json\/wp\/v2\/users\/2"}],"replies":[{"embeddable":true,"href":"https:\/\/www.mobilier-design-occasion.fr\/magazine\/wp-json\/wp\/v2\/comments?post=7329"}],"version-history":[{"count":1,"href":"https:\/\/www.mobilier-design-occasion.fr\/magazine\/wp-json\/wp\/v2\/posts\/7329\/revisions"}],"predecessor-version":[{"id":7331,"href":"https:\/\/www.mobilier-design-occasion.fr\/magazine\/wp-json\/wp\/v2\/posts\/7329\/revisions\/7331"}],"wp:featuredmedia":[{"embeddable":true,"href":"https:\/\/www.mobilier-design-occasion.fr\/magazine\/wp-json\/wp\/v2\/media\/7330"}],"wp:attachment":[{"href":"https:\/\/www.mobilier-design-occasion.fr\/magazine\/wp-json\/wp\/v2\/media?parent=7329"}],"wp:term":[{"taxonomy":"category","embeddable":true,"href":"https:\/\/www.mobilier-design-occasion.fr\/magazine\/wp-json\/wp\/v2\/categories?post=7329"},{"taxonomy":"post_tag","embeddable":true,"href":"https:\/\/www.mobilier-design-occasion.fr\/magazine\/wp-json\/wp\/v2\/tags?post=7329"}],"curies":[{"name":"wp","href":"https:\/\/api.w.org\/{rel}","templated":true}]}}