{"id":7322,"date":"2023-12-01T08:06:11","date_gmt":"2023-12-01T08:06:11","guid":{"rendered":"https:\/\/www.mobilier-design-occasion.fr\/magazine\/?p=7322"},"modified":"2023-12-01T08:06:12","modified_gmt":"2023-12-01T08:06:12","slug":"7-chaises-vintage-incontournables-pour-votre-interieur","status":"publish","type":"post","link":"https:\/\/www.mobilier-design-occasion.fr\/magazine\/7-chaises-vintage-incontournables-pour-votre-interieur\/","title":{"rendered":"7 chaises vintage incontournables pour votre int\u00e9rieur"},"content":{"rendered":"\n<p>Le vintage n&#8217;est pas simplement une tendance, c&#8217;est une narration \u00e0 travers le temps. Les chaises vintage, avec leur histoire et leur esth\u00e9tique singuli\u00e8re, sont des pi\u00e8ces ma\u00eetresses dans la cr\u00e9ation d&#8217;un espace int\u00e9rieur riche et personnalis\u00e9. Aujourd&#8217;hui, nous explorons sept chaises embl\u00e9matiques qui peuvent transformer votre int\u00e9rieur.<\/p>\n\n\n\n<p><strong>L&#8217;\u00c9l\u00e9gance du Pass\u00e9 : Pourquoi Choisir des Chaises Vintage ?<\/strong> Ces chaises ne sont pas de simples meubles ; elles sont des t\u00e9moins du pass\u00e9, porteurs d&#8217;histoires et de styles uniques. Leur pr\u00e9sence apporte une touche d&#8217;authenticit\u00e9 et de chaleur \u00e0 tout espace de vie.<\/p>\n\n\n\n<p><strong>Chaise N\u00b01 : La Tulipe de Saarinen<\/strong> Cr\u00e9\u00e9e dans les ann\u00e9es 50, la chaise Tulipe de Eero Saarinen, avec sa base unique et son \u00e9l\u00e9gance futuriste, s&#8217;adapte aussi bien aux int\u00e9rieurs modernes qu&#8217;aux espaces classiques. Elle est parfaite autour d&#8217;une table de salle \u00e0 manger minimaliste ou comme pi\u00e8ce d&#8217;accent dans un bureau.<\/p>\n\n\n\n<p><strong>Chaise N\u00b02 : Le Fauteuil Club<\/strong> Un classique du confort, le fauteuil Club, n\u00e9 dans les ann\u00e9es 30, est le symbole du luxe d\u00e9contract\u00e9. Son cuir patin\u00e9 s&#8217;int\u00e8gre parfaitement dans un salon cosy ou une biblioth\u00e8que pour cr\u00e9er une atmosph\u00e8re chaleureuse et raffin\u00e9e.<\/p>\n\n\n\n<p><strong>Chaise N\u00b03 : Le Rocking-Chair Eames<\/strong> Ce bijou du milieu du XXe si\u00e8cle, con\u00e7u par Charles et Ray Eames, allie confort et design moderne. Id\u00e9al pour un coin lecture ou une chambre d&#8217;enfant, il apporte une touche de douceur et de sophistication.<\/p>\n\n\n\n<p><strong>Chaise N\u00b04 : Le Fauteuil Papillon<\/strong> N\u00e9 en 1938, ce fauteuil, aussi appel\u00e9 BKF, est c\u00e9l\u00e8bre pour sa forme distinctive et son confort. Il trouve sa place tant dans un int\u00e9rieur boh\u00e8me que dans un d\u00e9cor plus \u00e9pur\u00e9, ajoutant une touche d&#8217;exotisme.<\/p>\n\n\n\n<p><strong>Chaise N\u00b05 : La Chaise Thonet N\u00b014<\/strong> R\u00e9volutionnaire pour son temps, cette chaise de Michael Thonet, facilement reconnaissable \u00e0 son design en bois courb\u00e9, s&#8217;harmonise avec \u00e9l\u00e9gance dans une salle \u00e0 manger ou comme chaise d&#8217;appoint.<\/p>\n\n\n\n<p><strong>Chaise N\u00b06 : Le Fauteuil \u00e0 Bascule Windsor<\/strong> Ce classique anglais, avec ses lignes \u00e9pur\u00e9es et son bois travaill\u00e9, apporte une touche d&#8217;\u00e9l\u00e9gance rustique. Parfait dans un salon ou une v\u00e9randa, il invite \u00e0 la d\u00e9tente et \u00e0 la contemplation.<\/p>\n\n\n\n<p><strong>Chaise N\u00b07 : La Chaise Panton<\/strong> Con\u00e7ue par Verner Panton dans les ann\u00e9es 60, cette chaise en plastique moul\u00e9 est un symbole de modernit\u00e9 et d&#8217;audace. Elle se d\u00e9marque dans un espace de travail cr\u00e9atif ou comme chaise d&#8217;appoint color\u00e9e.<\/p>\n\n\n\n<p><strong>Conseils Pratiques pour Choisir et Entretenir vos Chaises Vintage<\/strong> Choisissez en fonction de votre style personnel, de l&#8217;espace disponible et de votre budget. N&#8217;oubliez pas l&#8217;importance de l&#8217;entretien r\u00e9gulier pour pr\u00e9server leur beaut\u00e9 et leur int\u00e9grit\u00e9.<\/p>\n\n\n\n<h2 class=\"wp-block-heading\">Qu&#8217;en penser?<\/h2>\n\n\n\n<p>Les chaises vintage ne sont pas de simples objets, ce sont des pi\u00e8ces de conversation, des \u0153uvres d&#8217;art habitables. Nous esp\u00e9rons que cette s\u00e9lection vous inspirera \u00e0 int\u00e9grer ces tr\u00e9sors du pass\u00e9 dans votre d\u00e9cor actuel, ajoutant une touche d&#8217;histoire et de caract\u00e8re \u00e0 votre espace de vie.<\/p>\n","protected":false},"excerpt":{"rendered":"<p>Le vintage n&#8217;est pas simplement une tendance, c&#8217;est une narration \u00e0 travers le temps. Les chaises vintage, avec leur histoire et leur esth\u00e9tique singuli\u00e8re, sont des pi\u00e8ces ma\u00eetresses dans la cr\u00e9ation d&#8217;un espace int\u00e9rieur riche et personnalis\u00e9. Aujourd&#8217;hui, nous explorons sept chaises embl\u00e9matiques qui peuvent transformer votre int\u00e9rieur. L&#8217;\u00c9l\u00e9gance du Pass\u00e9 : Pourquoi Choisir des [&hellip;]<\/p>\n","protected":false},"author":2,"featured_media":7324,"comment_status":"open","ping_status":"open","sticky":false,"template":"","format":"standard","meta":{"footnotes":""},"categories":[127],"tags":[140,133],"class_list":["post-7322","post","type-post","status-publish","format-standard","has-post-thumbnail","hentry","category-salle-a-manger","tag-chaise","tag-vintage"],"yoast_head":"<!-- This site is optimized with the Yoast SEO plugin v27.5 - https:\/\/yoast.com\/product\/yoast-seo-wordpress\/ -->\n<title>7 chaises vintage incontournables pour votre int\u00e9rieur - Mobilier Design Magazine<\/title>\n<meta name=\"robots\" content=\"index, follow, max-snippet:-1, max-image-preview:large, max-video-preview:-1\" \/>\n<link rel=\"canonical\" href=\"https:\/\/www.mobilier-design-occasion.fr\/magazine\/7-chaises-vintage-incontournables-pour-votre-interieur\/\" \/>\n<meta property=\"og:locale\" content=\"fr_FR\" \/>\n<meta property=\"og:type\" content=\"article\" \/>\n<meta property=\"og:title\" content=\"7 chaises vintage incontournables pour votre int\u00e9rieur - Mobilier Design Magazine\" \/>\n<meta property=\"og:description\" content=\"Le vintage n&#8217;est pas simplement une tendance, c&#8217;est une narration \u00e0 travers le temps. Les chaises vintage, avec leur histoire et leur esth\u00e9tique singuli\u00e8re, sont des pi\u00e8ces ma\u00eetresses dans la cr\u00e9ation d&#8217;un espace int\u00e9rieur riche et personnalis\u00e9. Aujourd&#8217;hui, nous explorons sept chaises embl\u00e9matiques qui peuvent transformer votre int\u00e9rieur. L&#8217;\u00c9l\u00e9gance du Pass\u00e9 : Pourquoi Choisir des [&hellip;]\" \/>\n<meta property=\"og:url\" content=\"https:\/\/www.mobilier-design-occasion.fr\/magazine\/7-chaises-vintage-incontournables-pour-votre-interieur\/\" \/>\n<meta property=\"og:site_name\" content=\"Mobilier Design Magazine\" \/>\n<meta property=\"article:publisher\" content=\"https:\/\/www.facebook.com\/mobilierdesignoccasion\" \/>\n<meta property=\"article:published_time\" content=\"2023-12-01T08:06:11+00:00\" \/>\n<meta property=\"article:modified_time\" content=\"2023-12-01T08:06:12+00:00\" \/>\n<meta property=\"og:image\" content=\"https:\/\/www.mobilier-design-occasion.fr\/magazine\/wp-content\/uploads\/2023\/12\/chaise-vintage_1300x1811.webp\" \/>\n\t<meta property=\"og:image:width\" content=\"1300\" \/>\n\t<meta property=\"og:image:height\" content=\"1811\" \/>\n\t<meta property=\"og:image:type\" content=\"image\/webp\" \/>\n<meta name=\"author\" content=\"Vincent Vandegans\" \/>\n<meta name=\"twitter:card\" content=\"summary_large_image\" \/>\n<meta name=\"twitter:label1\" content=\"\u00c9crit par\" \/>\n\t<meta name=\"twitter:data1\" content=\"Vincent Vandegans\" \/>\n\t<meta name=\"twitter:label2\" content=\"Dur\u00e9e de lecture estim\u00e9e\" \/>\n\t<meta name=\"twitter:data2\" content=\"3 minutes\" \/>\n<script type=\"application\/ld+json\" class=\"yoast-schema-graph\">{\"@context\":\"https:\\\/\\\/schema.org\",\"@graph\":[{\"@type\":\"Article\",\"@id\":\"https:\\\/\\\/www.mobilier-design-occasion.fr\\\/magazine\\\/7-chaises-vintage-incontournables-pour-votre-interieur\\\/#article\",\"isPartOf\":{\"@id\":\"https:\\\/\\\/www.mobilier-design-occasion.fr\\\/magazine\\\/7-chaises-vintage-incontournables-pour-votre-interieur\\\/\"},\"author\":{\"name\":\"Vincent Vandegans\",\"@id\":\"https:\\\/\\\/www.mobilier-design-occasion.fr\\\/magazine\\\/#\\\/schema\\\/person\\\/af895bedc80bfb6b17730a672fddac9e\"},\"headline\":\"7 chaises vintage incontournables pour votre int\u00e9rieur\",\"datePublished\":\"2023-12-01T08:06:11+00:00\",\"dateModified\":\"2023-12-01T08:06:12+00:00\",\"mainEntityOfPage\":{\"@id\":\"https:\\\/\\\/www.mobilier-design-occasion.fr\\\/magazine\\\/7-chaises-vintage-incontournables-pour-votre-interieur\\\/\"},\"wordCount\":536,\"commentCount\":0,\"publisher\":{\"@id\":\"https:\\\/\\\/www.mobilier-design-occasion.fr\\\/magazine\\\/#organization\"},\"image\":{\"@id\":\"https:\\\/\\\/www.mobilier-design-occasion.fr\\\/magazine\\\/7-chaises-vintage-incontournables-pour-votre-interieur\\\/#primaryimage\"},\"thumbnailUrl\":\"https:\\\/\\\/www.mobilier-design-occasion.fr\\\/magazine\\\/wp-content\\\/uploads\\\/2023\\\/12\\\/chaise-vintage_1300x1811.webp\",\"keywords\":[\"chaise\",\"Vintage\"],\"articleSection\":[\"Salle \u00e0 manger\"],\"inLanguage\":\"fr-FR\",\"potentialAction\":[{\"@type\":\"CommentAction\",\"name\":\"Comment\",\"target\":[\"https:\\\/\\\/www.mobilier-design-occasion.fr\\\/magazine\\\/7-chaises-vintage-incontournables-pour-votre-interieur\\\/#respond\"]}]},{\"@type\":\"WebPage\",\"@id\":\"https:\\\/\\\/www.mobilier-design-occasion.fr\\\/magazine\\\/7-chaises-vintage-incontournables-pour-votre-interieur\\\/\",\"url\":\"https:\\\/\\\/www.mobilier-design-occasion.fr\\\/magazine\\\/7-chaises-vintage-incontournables-pour-votre-interieur\\\/\",\"name\":\"7 chaises vintage incontournables pour votre int\u00e9rieur - Mobilier Design Magazine\",\"isPartOf\":{\"@id\":\"https:\\\/\\\/www.mobilier-design-occasion.fr\\\/magazine\\\/#website\"},\"primaryImageOfPage\":{\"@id\":\"https:\\\/\\\/www.mobilier-design-occasion.fr\\\/magazine\\\/7-chaises-vintage-incontournables-pour-votre-interieur\\\/#primaryimage\"},\"image\":{\"@id\":\"https:\\\/\\\/www.mobilier-design-occasion.fr\\\/magazine\\\/7-chaises-vintage-incontournables-pour-votre-interieur\\\/#primaryimage\"},\"thumbnailUrl\":\"https:\\\/\\\/www.mobilier-design-occasion.fr\\\/magazine\\\/wp-content\\\/uploads\\\/2023\\\/12\\\/chaise-vintage_1300x1811.webp\",\"datePublished\":\"2023-12-01T08:06:11+00:00\",\"dateModified\":\"2023-12-01T08:06:12+00:00\",\"breadcrumb\":{\"@id\":\"https:\\\/\\\/www.mobilier-design-occasion.fr\\\/magazine\\\/7-chaises-vintage-incontournables-pour-votre-interieur\\\/#breadcrumb\"},\"inLanguage\":\"fr-FR\",\"potentialAction\":[{\"@type\":\"ReadAction\",\"target\":[\"https:\\\/\\\/www.mobilier-design-occasion.fr\\\/magazine\\\/7-chaises-vintage-incontournables-pour-votre-interieur\\\/\"]}]},{\"@type\":\"ImageObject\",\"inLanguage\":\"fr-FR\",\"@id\":\"https:\\\/\\\/www.mobilier-design-occasion.fr\\\/magazine\\\/7-chaises-vintage-incontournables-pour-votre-interieur\\\/#primaryimage\",\"url\":\"https:\\\/\\\/www.mobilier-design-occasion.fr\\\/magazine\\\/wp-content\\\/uploads\\\/2023\\\/12\\\/chaise-vintage_1300x1811.webp\",\"contentUrl\":\"https:\\\/\\\/www.mobilier-design-occasion.fr\\\/magazine\\\/wp-content\\\/uploads\\\/2023\\\/12\\\/chaise-vintage_1300x1811.webp\",\"width\":1300,\"height\":1811},{\"@type\":\"BreadcrumbList\",\"@id\":\"https:\\\/\\\/www.mobilier-design-occasion.fr\\\/magazine\\\/7-chaises-vintage-incontournables-pour-votre-interieur\\\/#breadcrumb\",\"itemListElement\":[{\"@type\":\"ListItem\",\"position\":1,\"name\":\"Accueil\",\"item\":\"https:\\\/\\\/www.mobilier-design-occasion.fr\\\/magazine\\\/\"},{\"@type\":\"ListItem\",\"position\":2,\"name\":\"7 chaises vintage incontournables pour votre int\u00e9rieur\"}]},{\"@type\":\"WebSite\",\"@id\":\"https:\\\/\\\/www.mobilier-design-occasion.fr\\\/magazine\\\/#website\",\"url\":\"https:\\\/\\\/www.mobilier-design-occasion.fr\\\/magazine\\\/\",\"name\":\"Mobilier Design Magazine\",\"description\":\"\",\"publisher\":{\"@id\":\"https:\\\/\\\/www.mobilier-design-occasion.fr\\\/magazine\\\/#organization\"},\"potentialAction\":[{\"@type\":\"SearchAction\",\"target\":{\"@type\":\"EntryPoint\",\"urlTemplate\":\"https:\\\/\\\/www.mobilier-design-occasion.fr\\\/magazine\\\/?s={search_term_string}\"},\"query-input\":{\"@type\":\"PropertyValueSpecification\",\"valueRequired\":true,\"valueName\":\"search_term_string\"}}],\"inLanguage\":\"fr-FR\"},{\"@type\":\"Organization\",\"@id\":\"https:\\\/\\\/www.mobilier-design-occasion.fr\\\/magazine\\\/#organization\",\"name\":\"Mobilier Design Magazine\",\"url\":\"https:\\\/\\\/www.mobilier-design-occasion.fr\\\/magazine\\\/\",\"logo\":{\"@type\":\"ImageObject\",\"inLanguage\":\"fr-FR\",\"@id\":\"https:\\\/\\\/www.mobilier-design-occasion.fr\\\/magazine\\\/#\\\/schema\\\/logo\\\/image\\\/\",\"url\":\"https:\\\/\\\/www.mobilier-design-occasion.fr\\\/magazine\\\/wp-content\\\/uploads\\\/2024\\\/02\\\/android-chrome-192x192-1.png\",\"contentUrl\":\"https:\\\/\\\/www.mobilier-design-occasion.fr\\\/magazine\\\/wp-content\\\/uploads\\\/2024\\\/02\\\/android-chrome-192x192-1.png\",\"width\":192,\"height\":192,\"caption\":\"Mobilier Design Magazine\"},\"image\":{\"@id\":\"https:\\\/\\\/www.mobilier-design-occasion.fr\\\/magazine\\\/#\\\/schema\\\/logo\\\/image\\\/\"},\"sameAs\":[\"https:\\\/\\\/www.facebook.com\\\/mobilierdesignoccasion\"]},{\"@type\":\"Person\",\"@id\":\"https:\\\/\\\/www.mobilier-design-occasion.fr\\\/magazine\\\/#\\\/schema\\\/person\\\/af895bedc80bfb6b17730a672fddac9e\",\"name\":\"Vincent Vandegans\",\"image\":{\"@type\":\"ImageObject\",\"inLanguage\":\"fr-FR\",\"@id\":\"https:\\\/\\\/secure.gravatar.com\\\/avatar\\\/b984800dabdf722d5e3f03f637c8932dea77d81118467d17ad2953e3b273ec66?s=96&d=mm&r=g\",\"url\":\"https:\\\/\\\/secure.gravatar.com\\\/avatar\\\/b984800dabdf722d5e3f03f637c8932dea77d81118467d17ad2953e3b273ec66?s=96&d=mm&r=g\",\"contentUrl\":\"https:\\\/\\\/secure.gravatar.com\\\/avatar\\\/b984800dabdf722d5e3f03f637c8932dea77d81118467d17ad2953e3b273ec66?s=96&d=mm&r=g\",\"caption\":\"Vincent Vandegans\"},\"description\":\"Vincent est passionn\u00e9 par les produits d'occasion, il a ouvert le site MDO avec Cyrielle pour aider les gens \u00e0 trouver du mobilier d'occasion, vintage ou usag\u00e9. Depuis, ils ont \u00e9tendu leurs activit\u00e9s et conseillent tout le monde sur le mobilier d'int\u00e9rieur et d'ext\u00e9rieur au quotidien \u00e0 travers le magazine MDO.\",\"url\":\"https:\\\/\\\/www.mobilier-design-occasion.fr\\\/magazine\\\/author\\\/vincent\\\/\"}]}<\/script>\n<!-- \/ Yoast SEO plugin. -->","yoast_head_json":{"title":"7 chaises vintage incontournables pour votre int\u00e9rieur - Mobilier Design Magazine","robots":{"index":"index","follow":"follow","max-snippet":"max-snippet:-1","max-image-preview":"max-image-preview:large","max-video-preview":"max-video-preview:-1"},"canonical":"https:\/\/www.mobilier-design-occasion.fr\/magazine\/7-chaises-vintage-incontournables-pour-votre-interieur\/","og_locale":"fr_FR","og_type":"article","og_title":"7 chaises vintage incontournables pour votre int\u00e9rieur - Mobilier Design Magazine","og_description":"Le vintage n&#8217;est pas simplement une tendance, c&#8217;est une narration \u00e0 travers le temps. Les chaises vintage, avec leur histoire et leur esth\u00e9tique singuli\u00e8re, sont des pi\u00e8ces ma\u00eetresses dans la cr\u00e9ation d&#8217;un espace int\u00e9rieur riche et personnalis\u00e9. Aujourd&#8217;hui, nous explorons sept chaises embl\u00e9matiques qui peuvent transformer votre int\u00e9rieur. L&#8217;\u00c9l\u00e9gance du Pass\u00e9 : Pourquoi Choisir des [&hellip;]","og_url":"https:\/\/www.mobilier-design-occasion.fr\/magazine\/7-chaises-vintage-incontournables-pour-votre-interieur\/","og_site_name":"Mobilier Design Magazine","article_publisher":"https:\/\/www.facebook.com\/mobilierdesignoccasion","article_published_time":"2023-12-01T08:06:11+00:00","article_modified_time":"2023-12-01T08:06:12+00:00","og_image":[{"width":1300,"height":1811,"url":"https:\/\/www.mobilier-design-occasion.fr\/magazine\/wp-content\/uploads\/2023\/12\/chaise-vintage_1300x1811.webp","type":"image\/webp"}],"author":"Vincent Vandegans","twitter_card":"summary_large_image","twitter_misc":{"\u00c9crit par":"Vincent Vandegans","Dur\u00e9e de lecture estim\u00e9e":"3 minutes"},"schema":{"@context":"https:\/\/schema.org","@graph":[{"@type":"Article","@id":"https:\/\/www.mobilier-design-occasion.fr\/magazine\/7-chaises-vintage-incontournables-pour-votre-interieur\/#article","isPartOf":{"@id":"https:\/\/www.mobilier-design-occasion.fr\/magazine\/7-chaises-vintage-incontournables-pour-votre-interieur\/"},"author":{"name":"Vincent Vandegans","@id":"https:\/\/www.mobilier-design-occasion.fr\/magazine\/#\/schema\/person\/af895bedc80bfb6b17730a672fddac9e"},"headline":"7 chaises vintage incontournables pour votre int\u00e9rieur","datePublished":"2023-12-01T08:06:11+00:00","dateModified":"2023-12-01T08:06:12+00:00","mainEntityOfPage":{"@id":"https:\/\/www.mobilier-design-occasion.fr\/magazine\/7-chaises-vintage-incontournables-pour-votre-interieur\/"},"wordCount":536,"commentCount":0,"publisher":{"@id":"https:\/\/www.mobilier-design-occasion.fr\/magazine\/#organization"},"image":{"@id":"https:\/\/www.mobilier-design-occasion.fr\/magazine\/7-chaises-vintage-incontournables-pour-votre-interieur\/#primaryimage"},"thumbnailUrl":"https:\/\/www.mobilier-design-occasion.fr\/magazine\/wp-content\/uploads\/2023\/12\/chaise-vintage_1300x1811.webp","keywords":["chaise","Vintage"],"articleSection":["Salle \u00e0 manger"],"inLanguage":"fr-FR","potentialAction":[{"@type":"CommentAction","name":"Comment","target":["https:\/\/www.mobilier-design-occasion.fr\/magazine\/7-chaises-vintage-incontournables-pour-votre-interieur\/#respond"]}]},{"@type":"WebPage","@id":"https:\/\/www.mobilier-design-occasion.fr\/magazine\/7-chaises-vintage-incontournables-pour-votre-interieur\/","url":"https:\/\/www.mobilier-design-occasion.fr\/magazine\/7-chaises-vintage-incontournables-pour-votre-interieur\/","name":"7 chaises vintage incontournables pour votre int\u00e9rieur - Mobilier Design Magazine","isPartOf":{"@id":"https:\/\/www.mobilier-design-occasion.fr\/magazine\/#website"},"primaryImageOfPage":{"@id":"https:\/\/www.mobilier-design-occasion.fr\/magazine\/7-chaises-vintage-incontournables-pour-votre-interieur\/#primaryimage"},"image":{"@id":"https:\/\/www.mobilier-design-occasion.fr\/magazine\/7-chaises-vintage-incontournables-pour-votre-interieur\/#primaryimage"},"thumbnailUrl":"https:\/\/www.mobilier-design-occasion.fr\/magazine\/wp-content\/uploads\/2023\/12\/chaise-vintage_1300x1811.webp","datePublished":"2023-12-01T08:06:11+00:00","dateModified":"2023-12-01T08:06:12+00:00","breadcrumb":{"@id":"https:\/\/www.mobilier-design-occasion.fr\/magazine\/7-chaises-vintage-incontournables-pour-votre-interieur\/#breadcrumb"},"inLanguage":"fr-FR","potentialAction":[{"@type":"ReadAction","target":["https:\/\/www.mobilier-design-occasion.fr\/magazine\/7-chaises-vintage-incontournables-pour-votre-interieur\/"]}]},{"@type":"ImageObject","inLanguage":"fr-FR","@id":"https:\/\/www.mobilier-design-occasion.fr\/magazine\/7-chaises-vintage-incontournables-pour-votre-interieur\/#primaryimage","url":"https:\/\/www.mobilier-design-occasion.fr\/magazine\/wp-content\/uploads\/2023\/12\/chaise-vintage_1300x1811.webp","contentUrl":"https:\/\/www.mobilier-design-occasion.fr\/magazine\/wp-content\/uploads\/2023\/12\/chaise-vintage_1300x1811.webp","width":1300,"height":1811},{"@type":"BreadcrumbList","@id":"https:\/\/www.mobilier-design-occasion.fr\/magazine\/7-chaises-vintage-incontournables-pour-votre-interieur\/#breadcrumb","itemListElement":[{"@type":"ListItem","position":1,"name":"Accueil","item":"https:\/\/www.mobilier-design-occasion.fr\/magazine\/"},{"@type":"ListItem","position":2,"name":"7 chaises vintage incontournables pour votre int\u00e9rieur"}]},{"@type":"WebSite","@id":"https:\/\/www.mobilier-design-occasion.fr\/magazine\/#website","url":"https:\/\/www.mobilier-design-occasion.fr\/magazine\/","name":"Mobilier Design Magazine","description":"","publisher":{"@id":"https:\/\/www.mobilier-design-occasion.fr\/magazine\/#organization"},"potentialAction":[{"@type":"SearchAction","target":{"@type":"EntryPoint","urlTemplate":"https:\/\/www.mobilier-design-occasion.fr\/magazine\/?s={search_term_string}"},"query-input":{"@type":"PropertyValueSpecification","valueRequired":true,"valueName":"search_term_string"}}],"inLanguage":"fr-FR"},{"@type":"Organization","@id":"https:\/\/www.mobilier-design-occasion.fr\/magazine\/#organization","name":"Mobilier Design Magazine","url":"https:\/\/www.mobilier-design-occasion.fr\/magazine\/","logo":{"@type":"ImageObject","inLanguage":"fr-FR","@id":"https:\/\/www.mobilier-design-occasion.fr\/magazine\/#\/schema\/logo\/image\/","url":"https:\/\/www.mobilier-design-occasion.fr\/magazine\/wp-content\/uploads\/2024\/02\/android-chrome-192x192-1.png","contentUrl":"https:\/\/www.mobilier-design-occasion.fr\/magazine\/wp-content\/uploads\/2024\/02\/android-chrome-192x192-1.png","width":192,"height":192,"caption":"Mobilier Design Magazine"},"image":{"@id":"https:\/\/www.mobilier-design-occasion.fr\/magazine\/#\/schema\/logo\/image\/"},"sameAs":["https:\/\/www.facebook.com\/mobilierdesignoccasion"]},{"@type":"Person","@id":"https:\/\/www.mobilier-design-occasion.fr\/magazine\/#\/schema\/person\/af895bedc80bfb6b17730a672fddac9e","name":"Vincent Vandegans","image":{"@type":"ImageObject","inLanguage":"fr-FR","@id":"https:\/\/secure.gravatar.com\/avatar\/b984800dabdf722d5e3f03f637c8932dea77d81118467d17ad2953e3b273ec66?s=96&d=mm&r=g","url":"https:\/\/secure.gravatar.com\/avatar\/b984800dabdf722d5e3f03f637c8932dea77d81118467d17ad2953e3b273ec66?s=96&d=mm&r=g","contentUrl":"https:\/\/secure.gravatar.com\/avatar\/b984800dabdf722d5e3f03f637c8932dea77d81118467d17ad2953e3b273ec66?s=96&d=mm&r=g","caption":"Vincent Vandegans"},"description":"Vincent est passionn\u00e9 par les produits d'occasion, il a ouvert le site MDO avec Cyrielle pour aider les gens \u00e0 trouver du mobilier d'occasion, vintage ou usag\u00e9. Depuis, ils ont \u00e9tendu leurs activit\u00e9s et conseillent tout le monde sur le mobilier d'int\u00e9rieur et d'ext\u00e9rieur au quotidien \u00e0 travers le magazine MDO.","url":"https:\/\/www.mobilier-design-occasion.fr\/magazine\/author\/vincent\/"}]}},"_links":{"self":[{"href":"https:\/\/www.mobilier-design-occasion.fr\/magazine\/wp-json\/wp\/v2\/posts\/7322","targetHints":{"allow":["GET"]}}],"collection":[{"href":"https:\/\/www.mobilier-design-occasion.fr\/magazine\/wp-json\/wp\/v2\/posts"}],"about":[{"href":"https:\/\/www.mobilier-design-occasion.fr\/magazine\/wp-json\/wp\/v2\/types\/post"}],"author":[{"embeddable":true,"href":"https:\/\/www.mobilier-design-occasion.fr\/magazine\/wp-json\/wp\/v2\/users\/2"}],"replies":[{"embeddable":true,"href":"https:\/\/www.mobilier-design-occasion.fr\/magazine\/wp-json\/wp\/v2\/comments?post=7322"}],"version-history":[{"count":1,"href":"https:\/\/www.mobilier-design-occasion.fr\/magazine\/wp-json\/wp\/v2\/posts\/7322\/revisions"}],"predecessor-version":[{"id":7325,"href":"https:\/\/www.mobilier-design-occasion.fr\/magazine\/wp-json\/wp\/v2\/posts\/7322\/revisions\/7325"}],"wp:featuredmedia":[{"embeddable":true,"href":"https:\/\/www.mobilier-design-occasion.fr\/magazine\/wp-json\/wp\/v2\/media\/7324"}],"wp:attachment":[{"href":"https:\/\/www.mobilier-design-occasion.fr\/magazine\/wp-json\/wp\/v2\/media?parent=7322"}],"wp:term":[{"taxonomy":"category","embeddable":true,"href":"https:\/\/www.mobilier-design-occasion.fr\/magazine\/wp-json\/wp\/v2\/categories?post=7322"},{"taxonomy":"post_tag","embeddable":true,"href":"https:\/\/www.mobilier-design-occasion.fr\/magazine\/wp-json\/wp\/v2\/tags?post=7322"}],"curies":[{"name":"wp","href":"https:\/\/api.w.org\/{rel}","templated":true}]}}