{"id":7314,"date":"2023-11-30T08:40:12","date_gmt":"2023-11-30T08:40:12","guid":{"rendered":"https:\/\/www.mobilier-design-occasion.fr\/magazine\/?p=7314"},"modified":"2023-11-30T08:40:13","modified_gmt":"2023-11-30T08:40:13","slug":"les-5-verites-cachees-que-les-vendeurs-de-canapes-ne-vous-reveleront-jamais","status":"publish","type":"post","link":"https:\/\/www.mobilier-design-occasion.fr\/magazine\/les-5-verites-cachees-que-les-vendeurs-de-canapes-ne-vous-reveleront-jamais\/","title":{"rendered":"Les 5 V\u00e9rit\u00e9s Cach\u00e9es que les Vendeurs de Canap\u00e9s ne Vous R\u00e9v\u00e8leront Jamais"},"content":{"rendered":"\n<h2 class=\"wp-block-heading\"><span class=\"ez-toc-section\" id=\"En_resume\"><\/span>En r\u00e9sum\u00e9<span class=\"ez-toc-section-end\"><\/span><\/h2><div id=\"ez-toc-container\" class=\"ez-toc-v2_0_82_2 counter-hierarchy ez-toc-counter ez-toc-grey ez-toc-container-direction\">\n<div class=\"ez-toc-title-container\">\n<span class=\"ez-toc-title-toggle\"><a href=\"#\" class=\"ez-toc-pull-right ez-toc-btn ez-toc-btn-xs ez-toc-btn-default ez-toc-toggle\" aria-label=\"Toggle Table of Content\"><span class=\"ez-toc-js-icon-con\"><span class=\"\"><span class=\"eztoc-hide\" style=\"display:none;\">Toggle<\/span><span class=\"ez-toc-icon-toggle-span\"><svg style=\"fill: #999;color:#999\" xmlns=\"http:\/\/www.w3.org\/2000\/svg\" class=\"list-377408\" width=\"20px\" height=\"20px\" viewBox=\"0 0 24 24\" fill=\"none\"><path d=\"M6 6H4v2h2V6zm14 0H8v2h12V6zM4 11h2v2H4v-2zm16 0H8v2h12v-2zM4 16h2v2H4v-2zm16 0H8v2h12v-2z\" fill=\"currentColor\"><\/path><\/svg><svg style=\"fill: #999;color:#999\" class=\"arrow-unsorted-368013\" xmlns=\"http:\/\/www.w3.org\/2000\/svg\" width=\"10px\" height=\"10px\" viewBox=\"0 0 24 24\" version=\"1.2\" baseProfile=\"tiny\"><path d=\"M18.2 9.3l-6.2-6.3-6.2 6.3c-.2.2-.3.4-.3.7s.1.5.3.7c.2.2.4.3.7.3h11c.3 0 .5-.1.7-.3.2-.2.3-.5.3-.7s-.1-.5-.3-.7zM5.8 14.7l6.2 6.3 6.2-6.3c.2-.2.3-.5.3-.7s-.1-.5-.3-.7c-.2-.2-.4-.3-.7-.3h-11c-.3 0-.5.1-.7.3-.2.2-.3.5-.3.7s.1.5.3.7z\"\/><\/svg><\/span><\/span><\/span><\/a><\/span><\/div>\n<nav><ul class='ez-toc-list ez-toc-list-level-1 eztoc-toggle-hide-by-default' ><li class='ez-toc-page-1 ez-toc-heading-level-2'><a class=\"ez-toc-link ez-toc-heading-1\" href=\"https:\/\/www.mobilier-design-occasion.fr\/magazine\/les-5-verites-cachees-que-les-vendeurs-de-canapes-ne-vous-reveleront-jamais\/#En_resume\" >En r\u00e9sum\u00e9<\/a><ul class='ez-toc-list-level-3' ><li class='ez-toc-heading-level-3'><a class=\"ez-toc-link ez-toc-heading-2\" href=\"https:\/\/www.mobilier-design-occasion.fr\/magazine\/les-5-verites-cachees-que-les-vendeurs-de-canapes-ne-vous-reveleront-jamais\/#La_Verite_sur_la_Qualite_des_Materiaux\" >La V\u00e9rit\u00e9 sur la Qualit\u00e9 des Mat\u00e9riaux<\/a><\/li><li class='ez-toc-page-1 ez-toc-heading-level-3'><a class=\"ez-toc-link ez-toc-heading-3\" href=\"https:\/\/www.mobilier-design-occasion.fr\/magazine\/les-5-verites-cachees-que-les-vendeurs-de-canapes-ne-vous-reveleront-jamais\/#Le_Mythe_du_Confort_a_Long_Terme\" >Le Mythe du Confort \u00e0 Long Terme<\/a><\/li><li class='ez-toc-page-1 ez-toc-heading-level-3'><a class=\"ez-toc-link ez-toc-heading-4\" href=\"https:\/\/www.mobilier-design-occasion.fr\/magazine\/les-5-verites-cachees-que-les-vendeurs-de-canapes-ne-vous-reveleront-jamais\/#Les_Dessous_des_Prix_Gonfles\" >Les Dessous des Prix Gonfl\u00e9s<\/a><\/li><li class='ez-toc-page-1 ez-toc-heading-level-3'><a class=\"ez-toc-link ez-toc-heading-5\" href=\"https:\/\/www.mobilier-design-occasion.fr\/magazine\/les-5-verites-cachees-que-les-vendeurs-de-canapes-ne-vous-reveleront-jamais\/#LImpact_Cache_des_Tendances_de_Mode\" >L&#8217;Impact Cach\u00e9 des Tendances de Mode<\/a><\/li><li class='ez-toc-page-1 ez-toc-heading-level-3'><a class=\"ez-toc-link ez-toc-heading-6\" href=\"https:\/\/www.mobilier-design-occasion.fr\/magazine\/les-5-verites-cachees-que-les-vendeurs-de-canapes-ne-vous-reveleront-jamais\/#Les_Services_Apres-Vente_et_Garanties_Ce_quils_Ne_Disent_Pas\" >Les Services Apr\u00e8s-Vente et Garanties : Ce qu&#8217;ils Ne Disent Pas<\/a><\/li><\/ul><\/li><\/ul><\/nav><\/div>\n\n\n\n\n<ol class=\"wp-block-list\">\n<li>La <strong>qualit\u00e9<\/strong> des mat\u00e9riaux est tr\u00e8s variable. Si la structure est en sapin de mauvaise qualit\u00e9, le canap\u00e9 va tr\u00e8s vite se casser. Idem pour la qualit\u00e9 de la housse qui pourrait se d\u00e9tendre ou s&#8217;ab\u00eemer rapidement. <\/li>\n\n\n\n<li>Les <strong>essais<\/strong> dans les magasins sont trompeurs sur le confort. Essayez plusieurs positions pour voir si l&#8217;assise vous convient : souple, soutenue.<\/li>\n\n\n\n<li>Les <strong>prix<\/strong> sont toujours gonfl\u00e9s, les marges sont \u00e9normes. Vous pouvez toujours n\u00e9gocier au moins 30 \u00e0 40% de r\u00e9duction en magasin.<\/li>\n\n\n\n<li>Les <strong>tendances<\/strong> de mode sont sur-faites, choisissez un coloris ind\u00e9modable, uni, et un style classique. Votre canap\u00e9 durera longtemps.<\/li>\n\n\n\n<li>V\u00e9rifiez les <strong>avis clients <\/strong>sur le service apr\u00e8s-vente, beaucoup de vendeurs sont peu scrupuleux une fois la vente r\u00e9alis\u00e9e!<\/li>\n<\/ol>\n\n\n\n<figure class=\"wp-block-image size-large\"><img loading=\"lazy\" decoding=\"async\" width=\"1024\" height=\"404\" src=\"https:\/\/www.mobilier-design-occasion.fr\/magazine\/wp-content\/uploads\/2023\/11\/image-209-1024x404.png\" alt=\"\" class=\"wp-image-7315\" srcset=\"https:\/\/www.mobilier-design-occasion.fr\/magazine\/wp-content\/uploads\/2023\/11\/image-209-1024x404.png 1024w, https:\/\/www.mobilier-design-occasion.fr\/magazine\/wp-content\/uploads\/2023\/11\/image-209-300x118.png 300w, https:\/\/www.mobilier-design-occasion.fr\/magazine\/wp-content\/uploads\/2023\/11\/image-209-768x303.png 768w, https:\/\/www.mobilier-design-occasion.fr\/magazine\/wp-content\/uploads\/2023\/11\/image-209-1536x606.png 1536w, https:\/\/www.mobilier-design-occasion.fr\/magazine\/wp-content\/uploads\/2023\/11\/image-209.png 2048w, https:\/\/www.mobilier-design-occasion.fr\/magazine\/wp-content\/uploads\/2023\/11\/image-209-810x320.png 810w, https:\/\/www.mobilier-design-occasion.fr\/magazine\/wp-content\/uploads\/2023\/11\/image-209-1140x450.png 1140w\" sizes=\"auto, (max-width: 1024px) 100vw, 1024px\" \/><\/figure>\n\n\n\n<h3 class=\"wp-block-heading\"><span class=\"ez-toc-section\" id=\"La_Verite_sur_la_Qualite_des_Materiaux\"><\/span>La V\u00e9rit\u00e9 sur la Qualit\u00e9 des Mat\u00e9riaux<span class=\"ez-toc-section-end\"><\/span><\/h3>\n\n\n\n<p><strong>La cl\u00e9 de la long\u00e9vit\u00e9 d&#8217;un canap\u00e9 r\u00e9side dans la qualit\u00e9 de ses mat\u00e9riaux.<\/strong> La premi\u00e8re \u00e9tape consiste \u00e0 comprendre les \u00e9tiquettes. Savez-vous diff\u00e9rencier un cuir v\u00e9ritable d&#8217;un simili-cuir ? Pouvez-vous \u00e9valuer la densit\u00e9 et la r\u00e9silience de la mousse utilis\u00e9e ? Ces d\u00e9tails d\u00e9terminent non seulement la durabilit\u00e9 de votre canap\u00e9 mais aussi son confort sur le long terme. Un cadre solide, des coutures robustes et un rembourrage r\u00e9sistant sont les signes d&#8217;un canap\u00e9 qui traversera les ann\u00e9es.<\/p>\n\n\n\n<figure class=\"wp-block-image size-large\"><img loading=\"lazy\" decoding=\"async\" width=\"1024\" height=\"565\" src=\"https:\/\/www.mobilier-design-occasion.fr\/magazine\/wp-content\/uploads\/2023\/11\/image-210-1024x565.png\" alt=\"\" class=\"wp-image-7316\" srcset=\"https:\/\/www.mobilier-design-occasion.fr\/magazine\/wp-content\/uploads\/2023\/11\/image-210-1024x565.png 1024w, https:\/\/www.mobilier-design-occasion.fr\/magazine\/wp-content\/uploads\/2023\/11\/image-210-300x166.png 300w, https:\/\/www.mobilier-design-occasion.fr\/magazine\/wp-content\/uploads\/2023\/11\/image-210-768x424.png 768w, https:\/\/www.mobilier-design-occasion.fr\/magazine\/wp-content\/uploads\/2023\/11\/image-210-810x447.png 810w, https:\/\/www.mobilier-design-occasion.fr\/magazine\/wp-content\/uploads\/2023\/11\/image-210-1140x629.png 1140w, https:\/\/www.mobilier-design-occasion.fr\/magazine\/wp-content\/uploads\/2023\/11\/image-210.png 1196w\" sizes=\"auto, (max-width: 1024px) 100vw, 1024px\" \/><\/figure>\n\n\n\n<hr class=\"wp-block-separator has-alpha-channel-opacity\"\/>\n\n\n\n<h3 class=\"wp-block-heading\"><span class=\"ez-toc-section\" id=\"Le_Mythe_du_Confort_a_Long_Terme\"><\/span>Le Mythe du Confort \u00e0 Long Terme<span class=\"ez-toc-section-end\"><\/span><\/h3>\n\n\n\n<p><strong>Les essais en magasin peuvent \u00eatre trompeurs.<\/strong> Ce qui semble confortable pendant quelques minutes en magasin peut ne pas l&#8217;\u00eatre apr\u00e8s plusieurs heures d&#8217;utilisation \u00e0 la maison. Pour \u00e9valuer le confort r\u00e9el, pensez \u00e0 tester le canap\u00e9 dans diff\u00e9rentes positions. V\u00e9rifiez le support lombaire, la profondeur et la hauteur des si\u00e8ges pour vous assurer qu&#8217;ils correspondent \u00e0 vos besoins quotidiens.<\/p>\n\n\n\n<figure class=\"wp-block-image size-full\"><img loading=\"lazy\" decoding=\"async\" width=\"838\" height=\"516\" src=\"https:\/\/www.mobilier-design-occasion.fr\/magazine\/wp-content\/uploads\/2023\/11\/image-211.png\" alt=\"\" class=\"wp-image-7317\" srcset=\"https:\/\/www.mobilier-design-occasion.fr\/magazine\/wp-content\/uploads\/2023\/11\/image-211.png 838w, https:\/\/www.mobilier-design-occasion.fr\/magazine\/wp-content\/uploads\/2023\/11\/image-211-300x185.png 300w, https:\/\/www.mobilier-design-occasion.fr\/magazine\/wp-content\/uploads\/2023\/11\/image-211-768x473.png 768w, https:\/\/www.mobilier-design-occasion.fr\/magazine\/wp-content\/uploads\/2023\/11\/image-211-810x499.png 810w\" sizes=\"auto, (max-width: 838px) 100vw, 838px\" \/><\/figure>\n\n\n\n<hr class=\"wp-block-separator has-alpha-channel-opacity\"\/>\n\n\n\n<h3 class=\"wp-block-heading\"><span class=\"ez-toc-section\" id=\"Les_Dessous_des_Prix_Gonfles\"><\/span>Les Dessous des Prix Gonfl\u00e9s<span class=\"ez-toc-section-end\"><\/span><\/h3>\n\n\n\n<p><strong>La v\u00e9rit\u00e9 sur les prix.<\/strong> La structure des prix des canap\u00e9s est souvent gonfl\u00e9e par des marges \u00e9lev\u00e9es, des frais de marketing et de placement en magasin. Apprenez \u00e0 identifier les vraies bonnes affaires. N\u00e9gociez les prix, profitez des p\u00e9riodes de soldes et m\u00e9fiez-vous des offres trop belles pour \u00eatre vraies.<\/p>\n\n\n\n<figure class=\"wp-block-image size-large\"><img loading=\"lazy\" decoding=\"async\" width=\"1024\" height=\"316\" src=\"https:\/\/www.mobilier-design-occasion.fr\/magazine\/wp-content\/uploads\/2023\/11\/image-212-1024x316.png\" alt=\"\" class=\"wp-image-7318\" srcset=\"https:\/\/www.mobilier-design-occasion.fr\/magazine\/wp-content\/uploads\/2023\/11\/image-212-1024x316.png 1024w, https:\/\/www.mobilier-design-occasion.fr\/magazine\/wp-content\/uploads\/2023\/11\/image-212-300x92.png 300w, https:\/\/www.mobilier-design-occasion.fr\/magazine\/wp-content\/uploads\/2023\/11\/image-212-768x237.png 768w, https:\/\/www.mobilier-design-occasion.fr\/magazine\/wp-content\/uploads\/2023\/11\/image-212-1536x473.png 1536w, https:\/\/www.mobilier-design-occasion.fr\/magazine\/wp-content\/uploads\/2023\/11\/image-212.png 2048w, https:\/\/www.mobilier-design-occasion.fr\/magazine\/wp-content\/uploads\/2023\/11\/image-212-810x250.png 810w, https:\/\/www.mobilier-design-occasion.fr\/magazine\/wp-content\/uploads\/2023\/11\/image-212-1140x351.png 1140w\" sizes=\"auto, (max-width: 1024px) 100vw, 1024px\" \/><\/figure>\n\n\n\n<hr class=\"wp-block-separator has-alpha-channel-opacity\"\/>\n\n\n\n<h3 class=\"wp-block-heading\"><span class=\"ez-toc-section\" id=\"LImpact_Cache_des_Tendances_de_Mode\"><\/span>L&#8217;Impact Cach\u00e9 des Tendances de Mode<span class=\"ez-toc-section-end\"><\/span><\/h3>\n\n\n\n<p><strong>Ne vous laissez pas pi\u00e9ger par les tendances \u00e9ph\u00e9m\u00e8res.<\/strong> Les styles de canap\u00e9s \u00e0 la mode peuvent sembler attrayants, mais ils peuvent rapidement devenir d\u00e9mod\u00e9s. Optez pour un design intemporel qui compl\u00e9mente votre espace de vie et r\u00e9siste \u00e0 l&#8217;\u00e9preuve du temps. Un bon canap\u00e9 doit \u00eatre \u00e0 la fois fonctionnel et \u00e9l\u00e9gant.<\/p>\n\n\n\n<figure class=\"wp-block-image size-full is-resized\"><img loading=\"lazy\" decoding=\"async\" width=\"494\" height=\"890\" src=\"https:\/\/www.mobilier-design-occasion.fr\/magazine\/wp-content\/uploads\/2023\/11\/image-213.png\" alt=\"\" class=\"wp-image-7319\" style=\"width:307px;height:auto\" srcset=\"https:\/\/www.mobilier-design-occasion.fr\/magazine\/wp-content\/uploads\/2023\/11\/image-213.png 494w, https:\/\/www.mobilier-design-occasion.fr\/magazine\/wp-content\/uploads\/2023\/11\/image-213-167x300.png 167w\" sizes=\"auto, (max-width: 494px) 100vw, 494px\" \/><\/figure>\n\n\n\n<hr class=\"wp-block-separator has-alpha-channel-opacity\"\/>\n\n\n\n<h3 class=\"wp-block-heading\"><span class=\"ez-toc-section\" id=\"Les_Services_Apres-Vente_et_Garanties_Ce_quils_Ne_Disent_Pas\"><\/span>Les Services Apr\u00e8s-Vente et Garanties : Ce qu&#8217;ils Ne Disent Pas<span class=\"ez-toc-section-end\"><\/span><\/h3>\n\n\n\n<p><strong>Lisez attentivement les petits caract\u00e8res.<\/strong> Les garanties et les services apr\u00e8s-vente peuvent sembler rassurants, mais savez-vous ce qu&#8217;ils couvrent r\u00e9ellement ? Posez des questions sur la livraison, l&#8217;installation et les politiques de retour. Un bon service client peut faire toute la diff\u00e9rence dans votre exp\u00e9rience d&#8217;achat.<\/p>\n\n\n\n<figure class=\"wp-block-image size-large\"><img loading=\"lazy\" decoding=\"async\" width=\"1024\" height=\"318\" src=\"https:\/\/www.mobilier-design-occasion.fr\/magazine\/wp-content\/uploads\/2023\/11\/image-214-1024x318.png\" alt=\"\" class=\"wp-image-7320\" srcset=\"https:\/\/www.mobilier-design-occasion.fr\/magazine\/wp-content\/uploads\/2023\/11\/image-214-1024x318.png 1024w, https:\/\/www.mobilier-design-occasion.fr\/magazine\/wp-content\/uploads\/2023\/11\/image-214-300x93.png 300w, https:\/\/www.mobilier-design-occasion.fr\/magazine\/wp-content\/uploads\/2023\/11\/image-214-768x238.png 768w, https:\/\/www.mobilier-design-occasion.fr\/magazine\/wp-content\/uploads\/2023\/11\/image-214-810x251.png 810w, https:\/\/www.mobilier-design-occasion.fr\/magazine\/wp-content\/uploads\/2023\/11\/image-214-1140x353.png 1140w, https:\/\/www.mobilier-design-occasion.fr\/magazine\/wp-content\/uploads\/2023\/11\/image-214.png 1290w\" sizes=\"auto, (max-width: 1024px) 100vw, 1024px\" \/><\/figure>\n","protected":false},"excerpt":{"rendered":"<p>En r\u00e9sum\u00e9 La V\u00e9rit\u00e9 sur la Qualit\u00e9 des Mat\u00e9riaux La cl\u00e9 de la long\u00e9vit\u00e9 d&#8217;un canap\u00e9 r\u00e9side dans la qualit\u00e9 de ses mat\u00e9riaux. La premi\u00e8re \u00e9tape consiste \u00e0 comprendre les \u00e9tiquettes. Savez-vous diff\u00e9rencier un cuir v\u00e9ritable d&#8217;un simili-cuir ? Pouvez-vous \u00e9valuer la densit\u00e9 et la r\u00e9silience de la mousse utilis\u00e9e ? Ces d\u00e9tails d\u00e9terminent non [&hellip;]<\/p>\n","protected":false},"author":2,"featured_media":7316,"comment_status":"open","ping_status":"open","sticky":false,"template":"","format":"standard","meta":{"footnotes":""},"categories":[2],"tags":[160,150],"class_list":["post-7314","post","type-post","status-publish","format-standard","has-post-thumbnail","hentry","category-tendances","tag-canape","tag-ikea"],"yoast_head":"<!-- This site is optimized with the Yoast SEO plugin v27.5 - https:\/\/yoast.com\/product\/yoast-seo-wordpress\/ -->\n<title>Les 5 V\u00e9rit\u00e9s Cach\u00e9es que les Vendeurs de Canap\u00e9s ne Vous R\u00e9v\u00e8leront Jamais - Mobilier Design Magazine<\/title>\n<meta name=\"robots\" content=\"index, follow, max-snippet:-1, max-image-preview:large, max-video-preview:-1\" \/>\n<link rel=\"canonical\" href=\"https:\/\/www.mobilier-design-occasion.fr\/magazine\/les-5-verites-cachees-que-les-vendeurs-de-canapes-ne-vous-reveleront-jamais\/\" \/>\n<meta property=\"og:locale\" content=\"fr_FR\" \/>\n<meta property=\"og:type\" content=\"article\" \/>\n<meta property=\"og:title\" content=\"Les 5 V\u00e9rit\u00e9s Cach\u00e9es que les Vendeurs de Canap\u00e9s ne Vous R\u00e9v\u00e8leront Jamais - Mobilier Design Magazine\" \/>\n<meta property=\"og:description\" content=\"En r\u00e9sum\u00e9 La V\u00e9rit\u00e9 sur la Qualit\u00e9 des Mat\u00e9riaux La cl\u00e9 de la long\u00e9vit\u00e9 d&#8217;un canap\u00e9 r\u00e9side dans la qualit\u00e9 de ses mat\u00e9riaux. La premi\u00e8re \u00e9tape consiste \u00e0 comprendre les \u00e9tiquettes. Savez-vous diff\u00e9rencier un cuir v\u00e9ritable d&#8217;un simili-cuir ? Pouvez-vous \u00e9valuer la densit\u00e9 et la r\u00e9silience de la mousse utilis\u00e9e ? Ces d\u00e9tails d\u00e9terminent non [&hellip;]\" \/>\n<meta property=\"og:url\" content=\"https:\/\/www.mobilier-design-occasion.fr\/magazine\/les-5-verites-cachees-que-les-vendeurs-de-canapes-ne-vous-reveleront-jamais\/\" \/>\n<meta property=\"og:site_name\" content=\"Mobilier Design Magazine\" \/>\n<meta property=\"article:publisher\" content=\"https:\/\/www.facebook.com\/mobilierdesignoccasion\" \/>\n<meta property=\"article:published_time\" content=\"2023-11-30T08:40:12+00:00\" \/>\n<meta property=\"article:modified_time\" content=\"2023-11-30T08:40:13+00:00\" \/>\n<meta property=\"og:image\" content=\"https:\/\/www.mobilier-design-occasion.fr\/magazine\/wp-content\/uploads\/2023\/11\/image-210.png\" \/>\n\t<meta property=\"og:image:width\" content=\"1196\" \/>\n\t<meta property=\"og:image:height\" content=\"660\" \/>\n\t<meta property=\"og:image:type\" content=\"image\/png\" \/>\n<meta name=\"author\" content=\"Vincent Vandegans\" \/>\n<meta name=\"twitter:card\" content=\"summary_large_image\" \/>\n<meta name=\"twitter:label1\" content=\"\u00c9crit par\" \/>\n\t<meta name=\"twitter:data1\" content=\"Vincent Vandegans\" \/>\n\t<meta name=\"twitter:label2\" content=\"Dur\u00e9e de lecture estim\u00e9e\" \/>\n\t<meta name=\"twitter:data2\" content=\"2 minutes\" \/>\n<script type=\"application\/ld+json\" class=\"yoast-schema-graph\">{\"@context\":\"https:\\\/\\\/schema.org\",\"@graph\":[{\"@type\":\"Article\",\"@id\":\"https:\\\/\\\/www.mobilier-design-occasion.fr\\\/magazine\\\/les-5-verites-cachees-que-les-vendeurs-de-canapes-ne-vous-reveleront-jamais\\\/#article\",\"isPartOf\":{\"@id\":\"https:\\\/\\\/www.mobilier-design-occasion.fr\\\/magazine\\\/les-5-verites-cachees-que-les-vendeurs-de-canapes-ne-vous-reveleront-jamais\\\/\"},\"author\":{\"name\":\"Vincent Vandegans\",\"@id\":\"https:\\\/\\\/www.mobilier-design-occasion.fr\\\/magazine\\\/#\\\/schema\\\/person\\\/af895bedc80bfb6b17730a672fddac9e\"},\"headline\":\"Les 5 V\u00e9rit\u00e9s Cach\u00e9es que les Vendeurs de Canap\u00e9s ne Vous R\u00e9v\u00e8leront Jamais\",\"datePublished\":\"2023-11-30T08:40:12+00:00\",\"dateModified\":\"2023-11-30T08:40:13+00:00\",\"mainEntityOfPage\":{\"@id\":\"https:\\\/\\\/www.mobilier-design-occasion.fr\\\/magazine\\\/les-5-verites-cachees-que-les-vendeurs-de-canapes-ne-vous-reveleront-jamais\\\/\"},\"wordCount\":517,\"commentCount\":0,\"publisher\":{\"@id\":\"https:\\\/\\\/www.mobilier-design-occasion.fr\\\/magazine\\\/#organization\"},\"image\":{\"@id\":\"https:\\\/\\\/www.mobilier-design-occasion.fr\\\/magazine\\\/les-5-verites-cachees-que-les-vendeurs-de-canapes-ne-vous-reveleront-jamais\\\/#primaryimage\"},\"thumbnailUrl\":\"https:\\\/\\\/www.mobilier-design-occasion.fr\\\/magazine\\\/wp-content\\\/uploads\\\/2023\\\/11\\\/image-210.png\",\"keywords\":[\"canap\u00e9\",\"ikea\"],\"articleSection\":[\"Tendances\"],\"inLanguage\":\"fr-FR\",\"potentialAction\":[{\"@type\":\"CommentAction\",\"name\":\"Comment\",\"target\":[\"https:\\\/\\\/www.mobilier-design-occasion.fr\\\/magazine\\\/les-5-verites-cachees-que-les-vendeurs-de-canapes-ne-vous-reveleront-jamais\\\/#respond\"]}]},{\"@type\":\"WebPage\",\"@id\":\"https:\\\/\\\/www.mobilier-design-occasion.fr\\\/magazine\\\/les-5-verites-cachees-que-les-vendeurs-de-canapes-ne-vous-reveleront-jamais\\\/\",\"url\":\"https:\\\/\\\/www.mobilier-design-occasion.fr\\\/magazine\\\/les-5-verites-cachees-que-les-vendeurs-de-canapes-ne-vous-reveleront-jamais\\\/\",\"name\":\"Les 5 V\u00e9rit\u00e9s Cach\u00e9es que les Vendeurs de Canap\u00e9s ne Vous R\u00e9v\u00e8leront Jamais - Mobilier Design Magazine\",\"isPartOf\":{\"@id\":\"https:\\\/\\\/www.mobilier-design-occasion.fr\\\/magazine\\\/#website\"},\"primaryImageOfPage\":{\"@id\":\"https:\\\/\\\/www.mobilier-design-occasion.fr\\\/magazine\\\/les-5-verites-cachees-que-les-vendeurs-de-canapes-ne-vous-reveleront-jamais\\\/#primaryimage\"},\"image\":{\"@id\":\"https:\\\/\\\/www.mobilier-design-occasion.fr\\\/magazine\\\/les-5-verites-cachees-que-les-vendeurs-de-canapes-ne-vous-reveleront-jamais\\\/#primaryimage\"},\"thumbnailUrl\":\"https:\\\/\\\/www.mobilier-design-occasion.fr\\\/magazine\\\/wp-content\\\/uploads\\\/2023\\\/11\\\/image-210.png\",\"datePublished\":\"2023-11-30T08:40:12+00:00\",\"dateModified\":\"2023-11-30T08:40:13+00:00\",\"breadcrumb\":{\"@id\":\"https:\\\/\\\/www.mobilier-design-occasion.fr\\\/magazine\\\/les-5-verites-cachees-que-les-vendeurs-de-canapes-ne-vous-reveleront-jamais\\\/#breadcrumb\"},\"inLanguage\":\"fr-FR\",\"potentialAction\":[{\"@type\":\"ReadAction\",\"target\":[\"https:\\\/\\\/www.mobilier-design-occasion.fr\\\/magazine\\\/les-5-verites-cachees-que-les-vendeurs-de-canapes-ne-vous-reveleront-jamais\\\/\"]}]},{\"@type\":\"ImageObject\",\"inLanguage\":\"fr-FR\",\"@id\":\"https:\\\/\\\/www.mobilier-design-occasion.fr\\\/magazine\\\/les-5-verites-cachees-que-les-vendeurs-de-canapes-ne-vous-reveleront-jamais\\\/#primaryimage\",\"url\":\"https:\\\/\\\/www.mobilier-design-occasion.fr\\\/magazine\\\/wp-content\\\/uploads\\\/2023\\\/11\\\/image-210.png\",\"contentUrl\":\"https:\\\/\\\/www.mobilier-design-occasion.fr\\\/magazine\\\/wp-content\\\/uploads\\\/2023\\\/11\\\/image-210.png\",\"width\":1196,\"height\":660},{\"@type\":\"BreadcrumbList\",\"@id\":\"https:\\\/\\\/www.mobilier-design-occasion.fr\\\/magazine\\\/les-5-verites-cachees-que-les-vendeurs-de-canapes-ne-vous-reveleront-jamais\\\/#breadcrumb\",\"itemListElement\":[{\"@type\":\"ListItem\",\"position\":1,\"name\":\"Accueil\",\"item\":\"https:\\\/\\\/www.mobilier-design-occasion.fr\\\/magazine\\\/\"},{\"@type\":\"ListItem\",\"position\":2,\"name\":\"Les 5 V\u00e9rit\u00e9s Cach\u00e9es que les Vendeurs de Canap\u00e9s ne Vous R\u00e9v\u00e8leront Jamais\"}]},{\"@type\":\"WebSite\",\"@id\":\"https:\\\/\\\/www.mobilier-design-occasion.fr\\\/magazine\\\/#website\",\"url\":\"https:\\\/\\\/www.mobilier-design-occasion.fr\\\/magazine\\\/\",\"name\":\"Mobilier Design Magazine\",\"description\":\"\",\"publisher\":{\"@id\":\"https:\\\/\\\/www.mobilier-design-occasion.fr\\\/magazine\\\/#organization\"},\"potentialAction\":[{\"@type\":\"SearchAction\",\"target\":{\"@type\":\"EntryPoint\",\"urlTemplate\":\"https:\\\/\\\/www.mobilier-design-occasion.fr\\\/magazine\\\/?s={search_term_string}\"},\"query-input\":{\"@type\":\"PropertyValueSpecification\",\"valueRequired\":true,\"valueName\":\"search_term_string\"}}],\"inLanguage\":\"fr-FR\"},{\"@type\":\"Organization\",\"@id\":\"https:\\\/\\\/www.mobilier-design-occasion.fr\\\/magazine\\\/#organization\",\"name\":\"Mobilier Design Magazine\",\"url\":\"https:\\\/\\\/www.mobilier-design-occasion.fr\\\/magazine\\\/\",\"logo\":{\"@type\":\"ImageObject\",\"inLanguage\":\"fr-FR\",\"@id\":\"https:\\\/\\\/www.mobilier-design-occasion.fr\\\/magazine\\\/#\\\/schema\\\/logo\\\/image\\\/\",\"url\":\"https:\\\/\\\/www.mobilier-design-occasion.fr\\\/magazine\\\/wp-content\\\/uploads\\\/2024\\\/02\\\/android-chrome-192x192-1.png\",\"contentUrl\":\"https:\\\/\\\/www.mobilier-design-occasion.fr\\\/magazine\\\/wp-content\\\/uploads\\\/2024\\\/02\\\/android-chrome-192x192-1.png\",\"width\":192,\"height\":192,\"caption\":\"Mobilier Design Magazine\"},\"image\":{\"@id\":\"https:\\\/\\\/www.mobilier-design-occasion.fr\\\/magazine\\\/#\\\/schema\\\/logo\\\/image\\\/\"},\"sameAs\":[\"https:\\\/\\\/www.facebook.com\\\/mobilierdesignoccasion\"]},{\"@type\":\"Person\",\"@id\":\"https:\\\/\\\/www.mobilier-design-occasion.fr\\\/magazine\\\/#\\\/schema\\\/person\\\/af895bedc80bfb6b17730a672fddac9e\",\"name\":\"Vincent Vandegans\",\"image\":{\"@type\":\"ImageObject\",\"inLanguage\":\"fr-FR\",\"@id\":\"https:\\\/\\\/secure.gravatar.com\\\/avatar\\\/b984800dabdf722d5e3f03f637c8932dea77d81118467d17ad2953e3b273ec66?s=96&d=mm&r=g\",\"url\":\"https:\\\/\\\/secure.gravatar.com\\\/avatar\\\/b984800dabdf722d5e3f03f637c8932dea77d81118467d17ad2953e3b273ec66?s=96&d=mm&r=g\",\"contentUrl\":\"https:\\\/\\\/secure.gravatar.com\\\/avatar\\\/b984800dabdf722d5e3f03f637c8932dea77d81118467d17ad2953e3b273ec66?s=96&d=mm&r=g\",\"caption\":\"Vincent Vandegans\"},\"description\":\"Vincent est passionn\u00e9 par les produits d'occasion, il a ouvert le site MDO avec Cyrielle pour aider les gens \u00e0 trouver du mobilier d'occasion, vintage ou usag\u00e9. Depuis, ils ont \u00e9tendu leurs activit\u00e9s et conseillent tout le monde sur le mobilier d'int\u00e9rieur et d'ext\u00e9rieur au quotidien \u00e0 travers le magazine MDO.\",\"url\":\"https:\\\/\\\/www.mobilier-design-occasion.fr\\\/magazine\\\/author\\\/vincent\\\/\"}]}<\/script>\n<!-- \/ Yoast SEO plugin. -->","yoast_head_json":{"title":"Les 5 V\u00e9rit\u00e9s Cach\u00e9es que les Vendeurs de Canap\u00e9s ne Vous R\u00e9v\u00e8leront Jamais - Mobilier Design Magazine","robots":{"index":"index","follow":"follow","max-snippet":"max-snippet:-1","max-image-preview":"max-image-preview:large","max-video-preview":"max-video-preview:-1"},"canonical":"https:\/\/www.mobilier-design-occasion.fr\/magazine\/les-5-verites-cachees-que-les-vendeurs-de-canapes-ne-vous-reveleront-jamais\/","og_locale":"fr_FR","og_type":"article","og_title":"Les 5 V\u00e9rit\u00e9s Cach\u00e9es que les Vendeurs de Canap\u00e9s ne Vous R\u00e9v\u00e8leront Jamais - Mobilier Design Magazine","og_description":"En r\u00e9sum\u00e9 La V\u00e9rit\u00e9 sur la Qualit\u00e9 des Mat\u00e9riaux La cl\u00e9 de la long\u00e9vit\u00e9 d&#8217;un canap\u00e9 r\u00e9side dans la qualit\u00e9 de ses mat\u00e9riaux. La premi\u00e8re \u00e9tape consiste \u00e0 comprendre les \u00e9tiquettes. Savez-vous diff\u00e9rencier un cuir v\u00e9ritable d&#8217;un simili-cuir ? Pouvez-vous \u00e9valuer la densit\u00e9 et la r\u00e9silience de la mousse utilis\u00e9e ? Ces d\u00e9tails d\u00e9terminent non [&hellip;]","og_url":"https:\/\/www.mobilier-design-occasion.fr\/magazine\/les-5-verites-cachees-que-les-vendeurs-de-canapes-ne-vous-reveleront-jamais\/","og_site_name":"Mobilier Design Magazine","article_publisher":"https:\/\/www.facebook.com\/mobilierdesignoccasion","article_published_time":"2023-11-30T08:40:12+00:00","article_modified_time":"2023-11-30T08:40:13+00:00","og_image":[{"width":1196,"height":660,"url":"https:\/\/www.mobilier-design-occasion.fr\/magazine\/wp-content\/uploads\/2023\/11\/image-210.png","type":"image\/png"}],"author":"Vincent Vandegans","twitter_card":"summary_large_image","twitter_misc":{"\u00c9crit par":"Vincent Vandegans","Dur\u00e9e de lecture estim\u00e9e":"2 minutes"},"schema":{"@context":"https:\/\/schema.org","@graph":[{"@type":"Article","@id":"https:\/\/www.mobilier-design-occasion.fr\/magazine\/les-5-verites-cachees-que-les-vendeurs-de-canapes-ne-vous-reveleront-jamais\/#article","isPartOf":{"@id":"https:\/\/www.mobilier-design-occasion.fr\/magazine\/les-5-verites-cachees-que-les-vendeurs-de-canapes-ne-vous-reveleront-jamais\/"},"author":{"name":"Vincent Vandegans","@id":"https:\/\/www.mobilier-design-occasion.fr\/magazine\/#\/schema\/person\/af895bedc80bfb6b17730a672fddac9e"},"headline":"Les 5 V\u00e9rit\u00e9s Cach\u00e9es que les Vendeurs de Canap\u00e9s ne Vous R\u00e9v\u00e8leront Jamais","datePublished":"2023-11-30T08:40:12+00:00","dateModified":"2023-11-30T08:40:13+00:00","mainEntityOfPage":{"@id":"https:\/\/www.mobilier-design-occasion.fr\/magazine\/les-5-verites-cachees-que-les-vendeurs-de-canapes-ne-vous-reveleront-jamais\/"},"wordCount":517,"commentCount":0,"publisher":{"@id":"https:\/\/www.mobilier-design-occasion.fr\/magazine\/#organization"},"image":{"@id":"https:\/\/www.mobilier-design-occasion.fr\/magazine\/les-5-verites-cachees-que-les-vendeurs-de-canapes-ne-vous-reveleront-jamais\/#primaryimage"},"thumbnailUrl":"https:\/\/www.mobilier-design-occasion.fr\/magazine\/wp-content\/uploads\/2023\/11\/image-210.png","keywords":["canap\u00e9","ikea"],"articleSection":["Tendances"],"inLanguage":"fr-FR","potentialAction":[{"@type":"CommentAction","name":"Comment","target":["https:\/\/www.mobilier-design-occasion.fr\/magazine\/les-5-verites-cachees-que-les-vendeurs-de-canapes-ne-vous-reveleront-jamais\/#respond"]}]},{"@type":"WebPage","@id":"https:\/\/www.mobilier-design-occasion.fr\/magazine\/les-5-verites-cachees-que-les-vendeurs-de-canapes-ne-vous-reveleront-jamais\/","url":"https:\/\/www.mobilier-design-occasion.fr\/magazine\/les-5-verites-cachees-que-les-vendeurs-de-canapes-ne-vous-reveleront-jamais\/","name":"Les 5 V\u00e9rit\u00e9s Cach\u00e9es que les Vendeurs de Canap\u00e9s ne Vous R\u00e9v\u00e8leront Jamais - Mobilier Design Magazine","isPartOf":{"@id":"https:\/\/www.mobilier-design-occasion.fr\/magazine\/#website"},"primaryImageOfPage":{"@id":"https:\/\/www.mobilier-design-occasion.fr\/magazine\/les-5-verites-cachees-que-les-vendeurs-de-canapes-ne-vous-reveleront-jamais\/#primaryimage"},"image":{"@id":"https:\/\/www.mobilier-design-occasion.fr\/magazine\/les-5-verites-cachees-que-les-vendeurs-de-canapes-ne-vous-reveleront-jamais\/#primaryimage"},"thumbnailUrl":"https:\/\/www.mobilier-design-occasion.fr\/magazine\/wp-content\/uploads\/2023\/11\/image-210.png","datePublished":"2023-11-30T08:40:12+00:00","dateModified":"2023-11-30T08:40:13+00:00","breadcrumb":{"@id":"https:\/\/www.mobilier-design-occasion.fr\/magazine\/les-5-verites-cachees-que-les-vendeurs-de-canapes-ne-vous-reveleront-jamais\/#breadcrumb"},"inLanguage":"fr-FR","potentialAction":[{"@type":"ReadAction","target":["https:\/\/www.mobilier-design-occasion.fr\/magazine\/les-5-verites-cachees-que-les-vendeurs-de-canapes-ne-vous-reveleront-jamais\/"]}]},{"@type":"ImageObject","inLanguage":"fr-FR","@id":"https:\/\/www.mobilier-design-occasion.fr\/magazine\/les-5-verites-cachees-que-les-vendeurs-de-canapes-ne-vous-reveleront-jamais\/#primaryimage","url":"https:\/\/www.mobilier-design-occasion.fr\/magazine\/wp-content\/uploads\/2023\/11\/image-210.png","contentUrl":"https:\/\/www.mobilier-design-occasion.fr\/magazine\/wp-content\/uploads\/2023\/11\/image-210.png","width":1196,"height":660},{"@type":"BreadcrumbList","@id":"https:\/\/www.mobilier-design-occasion.fr\/magazine\/les-5-verites-cachees-que-les-vendeurs-de-canapes-ne-vous-reveleront-jamais\/#breadcrumb","itemListElement":[{"@type":"ListItem","position":1,"name":"Accueil","item":"https:\/\/www.mobilier-design-occasion.fr\/magazine\/"},{"@type":"ListItem","position":2,"name":"Les 5 V\u00e9rit\u00e9s Cach\u00e9es que les Vendeurs de Canap\u00e9s ne Vous R\u00e9v\u00e8leront Jamais"}]},{"@type":"WebSite","@id":"https:\/\/www.mobilier-design-occasion.fr\/magazine\/#website","url":"https:\/\/www.mobilier-design-occasion.fr\/magazine\/","name":"Mobilier Design Magazine","description":"","publisher":{"@id":"https:\/\/www.mobilier-design-occasion.fr\/magazine\/#organization"},"potentialAction":[{"@type":"SearchAction","target":{"@type":"EntryPoint","urlTemplate":"https:\/\/www.mobilier-design-occasion.fr\/magazine\/?s={search_term_string}"},"query-input":{"@type":"PropertyValueSpecification","valueRequired":true,"valueName":"search_term_string"}}],"inLanguage":"fr-FR"},{"@type":"Organization","@id":"https:\/\/www.mobilier-design-occasion.fr\/magazine\/#organization","name":"Mobilier Design Magazine","url":"https:\/\/www.mobilier-design-occasion.fr\/magazine\/","logo":{"@type":"ImageObject","inLanguage":"fr-FR","@id":"https:\/\/www.mobilier-design-occasion.fr\/magazine\/#\/schema\/logo\/image\/","url":"https:\/\/www.mobilier-design-occasion.fr\/magazine\/wp-content\/uploads\/2024\/02\/android-chrome-192x192-1.png","contentUrl":"https:\/\/www.mobilier-design-occasion.fr\/magazine\/wp-content\/uploads\/2024\/02\/android-chrome-192x192-1.png","width":192,"height":192,"caption":"Mobilier Design Magazine"},"image":{"@id":"https:\/\/www.mobilier-design-occasion.fr\/magazine\/#\/schema\/logo\/image\/"},"sameAs":["https:\/\/www.facebook.com\/mobilierdesignoccasion"]},{"@type":"Person","@id":"https:\/\/www.mobilier-design-occasion.fr\/magazine\/#\/schema\/person\/af895bedc80bfb6b17730a672fddac9e","name":"Vincent Vandegans","image":{"@type":"ImageObject","inLanguage":"fr-FR","@id":"https:\/\/secure.gravatar.com\/avatar\/b984800dabdf722d5e3f03f637c8932dea77d81118467d17ad2953e3b273ec66?s=96&d=mm&r=g","url":"https:\/\/secure.gravatar.com\/avatar\/b984800dabdf722d5e3f03f637c8932dea77d81118467d17ad2953e3b273ec66?s=96&d=mm&r=g","contentUrl":"https:\/\/secure.gravatar.com\/avatar\/b984800dabdf722d5e3f03f637c8932dea77d81118467d17ad2953e3b273ec66?s=96&d=mm&r=g","caption":"Vincent Vandegans"},"description":"Vincent est passionn\u00e9 par les produits d'occasion, il a ouvert le site MDO avec Cyrielle pour aider les gens \u00e0 trouver du mobilier d'occasion, vintage ou usag\u00e9. Depuis, ils ont \u00e9tendu leurs activit\u00e9s et conseillent tout le monde sur le mobilier d'int\u00e9rieur et d'ext\u00e9rieur au quotidien \u00e0 travers le magazine MDO.","url":"https:\/\/www.mobilier-design-occasion.fr\/magazine\/author\/vincent\/"}]}},"_links":{"self":[{"href":"https:\/\/www.mobilier-design-occasion.fr\/magazine\/wp-json\/wp\/v2\/posts\/7314","targetHints":{"allow":["GET"]}}],"collection":[{"href":"https:\/\/www.mobilier-design-occasion.fr\/magazine\/wp-json\/wp\/v2\/posts"}],"about":[{"href":"https:\/\/www.mobilier-design-occasion.fr\/magazine\/wp-json\/wp\/v2\/types\/post"}],"author":[{"embeddable":true,"href":"https:\/\/www.mobilier-design-occasion.fr\/magazine\/wp-json\/wp\/v2\/users\/2"}],"replies":[{"embeddable":true,"href":"https:\/\/www.mobilier-design-occasion.fr\/magazine\/wp-json\/wp\/v2\/comments?post=7314"}],"version-history":[{"count":1,"href":"https:\/\/www.mobilier-design-occasion.fr\/magazine\/wp-json\/wp\/v2\/posts\/7314\/revisions"}],"predecessor-version":[{"id":7321,"href":"https:\/\/www.mobilier-design-occasion.fr\/magazine\/wp-json\/wp\/v2\/posts\/7314\/revisions\/7321"}],"wp:featuredmedia":[{"embeddable":true,"href":"https:\/\/www.mobilier-design-occasion.fr\/magazine\/wp-json\/wp\/v2\/media\/7316"}],"wp:attachment":[{"href":"https:\/\/www.mobilier-design-occasion.fr\/magazine\/wp-json\/wp\/v2\/media?parent=7314"}],"wp:term":[{"taxonomy":"category","embeddable":true,"href":"https:\/\/www.mobilier-design-occasion.fr\/magazine\/wp-json\/wp\/v2\/categories?post=7314"},{"taxonomy":"post_tag","embeddable":true,"href":"https:\/\/www.mobilier-design-occasion.fr\/magazine\/wp-json\/wp\/v2\/tags?post=7314"}],"curies":[{"name":"wp","href":"https:\/\/api.w.org\/{rel}","templated":true}]}}