{"id":7304,"date":"2023-11-28T08:28:57","date_gmt":"2023-11-28T08:28:57","guid":{"rendered":"https:\/\/www.mobilier-design-occasion.fr\/magazine\/?p=7304"},"modified":"2023-11-28T08:28:58","modified_gmt":"2023-11-28T08:28:58","slug":"redonner-vie-au-mobilier-ancien-avec-nos-artisans-francais","status":"publish","type":"post","link":"https:\/\/www.mobilier-design-occasion.fr\/magazine\/redonner-vie-au-mobilier-ancien-avec-nos-artisans-francais\/","title":{"rendered":"Redonner vie au mobilier ancien avec nos artisans Fran\u00e7ais."},"content":{"rendered":"\n<p>La restauration et la r\u00e9novation de meubles anciens ne sont pas seulement un m\u00e9tier, c&#8217;est une forme d&#8217;art intemporelle pratiqu\u00e9e par des artisans passionn\u00e9s \u00e0 travers la France. Ce sont des gardiens de l&#8217;histoire, des narrateurs silencieux qui travaillent dans l&#8217;ombre pour redonner vie \u00e0 des pi\u00e8ces de mobilier qui ont r\u00e9sist\u00e9 \u00e0 l&#8217;\u00e9preuve du temps. Tapisserie, gravure, \u00e9b\u00e9nisterie, tissage&#8230; Chaque technique exige une ma\u00eetrise et une d\u00e9votion exceptionnelles, et chaque pi\u00e8ce de mobilier raconte une histoire unique.<\/p>\n\n\n\n<figure class=\"wp-block-image size-large is-resized\"><img loading=\"lazy\" decoding=\"async\" width=\"821\" height=\"1024\" src=\"https:\/\/www.mobilier-design-occasion.fr\/magazine\/wp-content\/uploads\/2023\/11\/image-204-821x1024.png\" alt=\"\" class=\"wp-image-7308\" style=\"width:404px;height:auto\" srcset=\"https:\/\/www.mobilier-design-occasion.fr\/magazine\/wp-content\/uploads\/2023\/11\/image-204-821x1024.png 821w, https:\/\/www.mobilier-design-occasion.fr\/magazine\/wp-content\/uploads\/2023\/11\/image-204-241x300.png 241w, https:\/\/www.mobilier-design-occasion.fr\/magazine\/wp-content\/uploads\/2023\/11\/image-204-768x958.png 768w, https:\/\/www.mobilier-design-occasion.fr\/magazine\/wp-content\/uploads\/2023\/11\/image-204-810x1010.png 810w, https:\/\/www.mobilier-design-occasion.fr\/magazine\/wp-content\/uploads\/2023\/11\/image-204.png 866w\" sizes=\"auto, (max-width: 821px) 100vw, 821px\" \/><figcaption class=\"wp-element-caption\">Instagram : legrenieratelier<\/figcaption><\/figure>\n\n\n\n<p>Ces artisans ne se contentent pas de r\u00e9parer les dommages caus\u00e9s par les ann\u00e9es, le soleil ou l&#8217;humidit\u00e9; ils s&#8217;efforcent de pr\u00e9server l&#8217;essence originale de chaque meuble tout en introduisant des touches contemporaines pour les adapter au monde moderne. Leur travail est un \u00e9quilibre d\u00e9licat entre la pr\u00e9servation et l&#8217;innovation, o\u00f9 chaque coup de pinceau, chaque retouche et chaque vernis joue un r\u00f4le crucial dans la respiration d&#8217;une nouvelle vie dans ces antiquit\u00e9s.<\/p>\n\n\n\n<figure class=\"wp-block-image size-full is-resized\"><img loading=\"lazy\" decoding=\"async\" width=\"756\" height=\"1002\" src=\"https:\/\/www.mobilier-design-occasion.fr\/magazine\/wp-content\/uploads\/2023\/11\/image-205.png\" alt=\"\" class=\"wp-image-7309\" style=\"width:397px;height:auto\" srcset=\"https:\/\/www.mobilier-design-occasion.fr\/magazine\/wp-content\/uploads\/2023\/11\/image-205.png 756w, https:\/\/www.mobilier-design-occasion.fr\/magazine\/wp-content\/uploads\/2023\/11\/image-205-226x300.png 226w\" sizes=\"auto, (max-width: 756px) 100vw, 756px\" \/><figcaption class=\"wp-element-caption\">Instagram : reno_vintage21<\/figcaption><\/figure>\n\n\n\n<p>&#8220;L&#8217;atelier de nos talents&#8221; nous emm\u00e8ne dans les coulisses de ces ma\u00eetres restaurateurs. Isabelle Debure, avec son expertise en tapisserie, maintient des techniques historiques dans son atelier Du fil \u00e0 retordre. Marie H\u00e9l\u00e8ne Poisson, restauratrice d&#8217;objets d&#8217;art, se sp\u00e9cialise dans la marqueterie Boulle, une comp\u00e9tence transmise \u00e0 travers les g\u00e9n\u00e9rations dans son atelier familial. Jean-Claude Gall\u00e9a, vice-pr\u00e9sident du mus\u00e9e du Tissage et de la Soierie, pr\u00e9serve l&#8217;histoire du tissage fran\u00e7ais, et Arnaud Denis, inspecteur des collections du Mobilier National, veille sur un patrimoine mobilier national riche et diversifi\u00e9.<\/p>\n\n\n\n<figure class=\"wp-block-image size-large is-resized\"><img loading=\"lazy\" decoding=\"async\" width=\"1024\" height=\"964\" src=\"https:\/\/www.mobilier-design-occasion.fr\/magazine\/wp-content\/uploads\/2023\/11\/image-206-1024x964.png\" alt=\"\" class=\"wp-image-7310\" style=\"width:389px;height:auto\" srcset=\"https:\/\/www.mobilier-design-occasion.fr\/magazine\/wp-content\/uploads\/2023\/11\/image-206-1024x964.png 1024w, https:\/\/www.mobilier-design-occasion.fr\/magazine\/wp-content\/uploads\/2023\/11\/image-206-300x282.png 300w, https:\/\/www.mobilier-design-occasion.fr\/magazine\/wp-content\/uploads\/2023\/11\/image-206-768x723.png 768w, https:\/\/www.mobilier-design-occasion.fr\/magazine\/wp-content\/uploads\/2023\/11\/image-206-810x763.png 810w, https:\/\/www.mobilier-design-occasion.fr\/magazine\/wp-content\/uploads\/2023\/11\/image-206.png 1060w\" sizes=\"auto, (max-width: 1024px) 100vw, 1024px\" \/><figcaption class=\"wp-element-caption\">Instagram : brocetrelooking<\/figcaption><\/figure>\n\n\n\n<p>Ces artisans ne sont pas seulement des r\u00e9novateurs de meubles ; ils sont des conservateurs de l&#8217;histoire, des artistes qui fusionnent le pass\u00e9 et le pr\u00e9sent, et des innovateurs qui assurent que le charme et l&#8217;\u00e9l\u00e9gance des meubles anciens continuent \u00e0 enrichir nos vies et nos espaces. Leur d\u00e9vouement \u00e0 l&#8217;art de la restauration est une c\u00e9l\u00e9bration vibrante du patrimoine culturel et artistique de la France.<\/p>\n\n\n\n<figure class=\"wp-block-image size-full is-resized\"><img loading=\"lazy\" decoding=\"async\" width=\"900\" height=\"1024\" src=\"https:\/\/www.mobilier-design-occasion.fr\/magazine\/wp-content\/uploads\/2023\/11\/image-207.png\" alt=\"\" class=\"wp-image-7311\" style=\"width:327px;height:auto\" srcset=\"https:\/\/www.mobilier-design-occasion.fr\/magazine\/wp-content\/uploads\/2023\/11\/image-207.png 900w, https:\/\/www.mobilier-design-occasion.fr\/magazine\/wp-content\/uploads\/2023\/11\/image-207-264x300.png 264w, https:\/\/www.mobilier-design-occasion.fr\/magazine\/wp-content\/uploads\/2023\/11\/image-207-768x874.png 768w, https:\/\/www.mobilier-design-occasion.fr\/magazine\/wp-content\/uploads\/2023\/11\/image-207-810x922.png 810w\" sizes=\"auto, (max-width: 900px) 100vw, 900px\" \/><figcaption class=\"wp-element-caption\">Instagram : decorelie68<\/figcaption><\/figure>\n\n\n\n<figure class=\"wp-block-image size-full is-resized\"><img loading=\"lazy\" decoding=\"async\" width=\"680\" height=\"814\" src=\"https:\/\/www.mobilier-design-occasion.fr\/magazine\/wp-content\/uploads\/2023\/11\/image-208.png\" alt=\"\" class=\"wp-image-7312\" style=\"width:328px;height:auto\" srcset=\"https:\/\/www.mobilier-design-occasion.fr\/magazine\/wp-content\/uploads\/2023\/11\/image-208.png 680w, https:\/\/www.mobilier-design-occasion.fr\/magazine\/wp-content\/uploads\/2023\/11\/image-208-251x300.png 251w\" sizes=\"auto, (max-width: 680px) 100vw, 680px\" \/><figcaption class=\"wp-element-caption\">Instagram : atelier.ernestine<\/figcaption><\/figure>\n","protected":false},"excerpt":{"rendered":"<p>La restauration et la r\u00e9novation de meubles anciens ne sont pas seulement un m\u00e9tier, c&#8217;est une forme d&#8217;art intemporelle pratiqu\u00e9e par des artisans passionn\u00e9s \u00e0 travers la France. Ce sont des gardiens de l&#8217;histoire, des narrateurs silencieux qui travaillent dans l&#8217;ombre pour redonner vie \u00e0 des pi\u00e8ces de mobilier qui ont r\u00e9sist\u00e9 \u00e0 l&#8217;\u00e9preuve du [&hellip;]<\/p>\n","protected":false},"author":2,"featured_media":7310,"comment_status":"open","ping_status":"open","sticky":false,"template":"","format":"standard","meta":{"footnotes":""},"categories":[2],"tags":[178,177,133],"class_list":["post-7304","post","type-post","status-publish","format-standard","has-post-thumbnail","hentry","category-tendances","tag-artisan","tag-renovation","tag-vintage"],"yoast_head":"<!-- This site is optimized with the Yoast SEO plugin v27.5 - https:\/\/yoast.com\/product\/yoast-seo-wordpress\/ -->\n<title>Redonner vie au mobilier ancien avec nos artisans Fran\u00e7ais. - Mobilier Design Magazine<\/title>\n<meta name=\"robots\" content=\"index, follow, max-snippet:-1, max-image-preview:large, max-video-preview:-1\" \/>\n<link rel=\"canonical\" href=\"https:\/\/www.mobilier-design-occasion.fr\/magazine\/redonner-vie-au-mobilier-ancien-avec-nos-artisans-francais\/\" \/>\n<meta property=\"og:locale\" content=\"fr_FR\" \/>\n<meta property=\"og:type\" content=\"article\" \/>\n<meta property=\"og:title\" content=\"Redonner vie au mobilier ancien avec nos artisans Fran\u00e7ais. - Mobilier Design Magazine\" \/>\n<meta property=\"og:description\" content=\"La restauration et la r\u00e9novation de meubles anciens ne sont pas seulement un m\u00e9tier, c&#8217;est une forme d&#8217;art intemporelle pratiqu\u00e9e par des artisans passionn\u00e9s \u00e0 travers la France. Ce sont des gardiens de l&#8217;histoire, des narrateurs silencieux qui travaillent dans l&#8217;ombre pour redonner vie \u00e0 des pi\u00e8ces de mobilier qui ont r\u00e9sist\u00e9 \u00e0 l&#8217;\u00e9preuve du [&hellip;]\" \/>\n<meta property=\"og:url\" content=\"https:\/\/www.mobilier-design-occasion.fr\/magazine\/redonner-vie-au-mobilier-ancien-avec-nos-artisans-francais\/\" \/>\n<meta property=\"og:site_name\" content=\"Mobilier Design Magazine\" \/>\n<meta property=\"article:publisher\" content=\"https:\/\/www.facebook.com\/mobilierdesignoccasion\" \/>\n<meta property=\"article:published_time\" content=\"2023-11-28T08:28:57+00:00\" \/>\n<meta property=\"article:modified_time\" content=\"2023-11-28T08:28:58+00:00\" \/>\n<meta property=\"og:image\" content=\"https:\/\/www.mobilier-design-occasion.fr\/magazine\/wp-content\/uploads\/2023\/11\/image-206.png\" \/>\n\t<meta property=\"og:image:width\" content=\"1060\" \/>\n\t<meta property=\"og:image:height\" content=\"998\" \/>\n\t<meta property=\"og:image:type\" content=\"image\/png\" \/>\n<meta name=\"author\" content=\"Vincent Vandegans\" \/>\n<meta name=\"twitter:card\" content=\"summary_large_image\" \/>\n<meta name=\"twitter:label1\" content=\"\u00c9crit par\" \/>\n\t<meta name=\"twitter:data1\" content=\"Vincent Vandegans\" \/>\n\t<meta name=\"twitter:label2\" content=\"Dur\u00e9e de lecture estim\u00e9e\" \/>\n\t<meta name=\"twitter:data2\" content=\"2 minutes\" \/>\n<script type=\"application\/ld+json\" class=\"yoast-schema-graph\">{\"@context\":\"https:\\\/\\\/schema.org\",\"@graph\":[{\"@type\":\"Article\",\"@id\":\"https:\\\/\\\/www.mobilier-design-occasion.fr\\\/magazine\\\/redonner-vie-au-mobilier-ancien-avec-nos-artisans-francais\\\/#article\",\"isPartOf\":{\"@id\":\"https:\\\/\\\/www.mobilier-design-occasion.fr\\\/magazine\\\/redonner-vie-au-mobilier-ancien-avec-nos-artisans-francais\\\/\"},\"author\":{\"name\":\"Vincent Vandegans\",\"@id\":\"https:\\\/\\\/www.mobilier-design-occasion.fr\\\/magazine\\\/#\\\/schema\\\/person\\\/af895bedc80bfb6b17730a672fddac9e\"},\"headline\":\"Redonner vie au mobilier ancien avec nos artisans Fran\u00e7ais.\",\"datePublished\":\"2023-11-28T08:28:57+00:00\",\"dateModified\":\"2023-11-28T08:28:58+00:00\",\"mainEntityOfPage\":{\"@id\":\"https:\\\/\\\/www.mobilier-design-occasion.fr\\\/magazine\\\/redonner-vie-au-mobilier-ancien-avec-nos-artisans-francais\\\/\"},\"wordCount\":373,\"commentCount\":0,\"publisher\":{\"@id\":\"https:\\\/\\\/www.mobilier-design-occasion.fr\\\/magazine\\\/#organization\"},\"image\":{\"@id\":\"https:\\\/\\\/www.mobilier-design-occasion.fr\\\/magazine\\\/redonner-vie-au-mobilier-ancien-avec-nos-artisans-francais\\\/#primaryimage\"},\"thumbnailUrl\":\"https:\\\/\\\/www.mobilier-design-occasion.fr\\\/magazine\\\/wp-content\\\/uploads\\\/2023\\\/11\\\/image-206.png\",\"keywords\":[\"artisan\",\"renovation\",\"Vintage\"],\"articleSection\":[\"Tendances\"],\"inLanguage\":\"fr-FR\",\"potentialAction\":[{\"@type\":\"CommentAction\",\"name\":\"Comment\",\"target\":[\"https:\\\/\\\/www.mobilier-design-occasion.fr\\\/magazine\\\/redonner-vie-au-mobilier-ancien-avec-nos-artisans-francais\\\/#respond\"]}]},{\"@type\":\"WebPage\",\"@id\":\"https:\\\/\\\/www.mobilier-design-occasion.fr\\\/magazine\\\/redonner-vie-au-mobilier-ancien-avec-nos-artisans-francais\\\/\",\"url\":\"https:\\\/\\\/www.mobilier-design-occasion.fr\\\/magazine\\\/redonner-vie-au-mobilier-ancien-avec-nos-artisans-francais\\\/\",\"name\":\"Redonner vie au mobilier ancien avec nos artisans Fran\u00e7ais. - Mobilier Design Magazine\",\"isPartOf\":{\"@id\":\"https:\\\/\\\/www.mobilier-design-occasion.fr\\\/magazine\\\/#website\"},\"primaryImageOfPage\":{\"@id\":\"https:\\\/\\\/www.mobilier-design-occasion.fr\\\/magazine\\\/redonner-vie-au-mobilier-ancien-avec-nos-artisans-francais\\\/#primaryimage\"},\"image\":{\"@id\":\"https:\\\/\\\/www.mobilier-design-occasion.fr\\\/magazine\\\/redonner-vie-au-mobilier-ancien-avec-nos-artisans-francais\\\/#primaryimage\"},\"thumbnailUrl\":\"https:\\\/\\\/www.mobilier-design-occasion.fr\\\/magazine\\\/wp-content\\\/uploads\\\/2023\\\/11\\\/image-206.png\",\"datePublished\":\"2023-11-28T08:28:57+00:00\",\"dateModified\":\"2023-11-28T08:28:58+00:00\",\"breadcrumb\":{\"@id\":\"https:\\\/\\\/www.mobilier-design-occasion.fr\\\/magazine\\\/redonner-vie-au-mobilier-ancien-avec-nos-artisans-francais\\\/#breadcrumb\"},\"inLanguage\":\"fr-FR\",\"potentialAction\":[{\"@type\":\"ReadAction\",\"target\":[\"https:\\\/\\\/www.mobilier-design-occasion.fr\\\/magazine\\\/redonner-vie-au-mobilier-ancien-avec-nos-artisans-francais\\\/\"]}]},{\"@type\":\"ImageObject\",\"inLanguage\":\"fr-FR\",\"@id\":\"https:\\\/\\\/www.mobilier-design-occasion.fr\\\/magazine\\\/redonner-vie-au-mobilier-ancien-avec-nos-artisans-francais\\\/#primaryimage\",\"url\":\"https:\\\/\\\/www.mobilier-design-occasion.fr\\\/magazine\\\/wp-content\\\/uploads\\\/2023\\\/11\\\/image-206.png\",\"contentUrl\":\"https:\\\/\\\/www.mobilier-design-occasion.fr\\\/magazine\\\/wp-content\\\/uploads\\\/2023\\\/11\\\/image-206.png\",\"width\":1060,\"height\":998},{\"@type\":\"BreadcrumbList\",\"@id\":\"https:\\\/\\\/www.mobilier-design-occasion.fr\\\/magazine\\\/redonner-vie-au-mobilier-ancien-avec-nos-artisans-francais\\\/#breadcrumb\",\"itemListElement\":[{\"@type\":\"ListItem\",\"position\":1,\"name\":\"Accueil\",\"item\":\"https:\\\/\\\/www.mobilier-design-occasion.fr\\\/magazine\\\/\"},{\"@type\":\"ListItem\",\"position\":2,\"name\":\"Redonner vie au mobilier ancien avec nos artisans Fran\u00e7ais.\"}]},{\"@type\":\"WebSite\",\"@id\":\"https:\\\/\\\/www.mobilier-design-occasion.fr\\\/magazine\\\/#website\",\"url\":\"https:\\\/\\\/www.mobilier-design-occasion.fr\\\/magazine\\\/\",\"name\":\"Mobilier Design Magazine\",\"description\":\"\",\"publisher\":{\"@id\":\"https:\\\/\\\/www.mobilier-design-occasion.fr\\\/magazine\\\/#organization\"},\"potentialAction\":[{\"@type\":\"SearchAction\",\"target\":{\"@type\":\"EntryPoint\",\"urlTemplate\":\"https:\\\/\\\/www.mobilier-design-occasion.fr\\\/magazine\\\/?s={search_term_string}\"},\"query-input\":{\"@type\":\"PropertyValueSpecification\",\"valueRequired\":true,\"valueName\":\"search_term_string\"}}],\"inLanguage\":\"fr-FR\"},{\"@type\":\"Organization\",\"@id\":\"https:\\\/\\\/www.mobilier-design-occasion.fr\\\/magazine\\\/#organization\",\"name\":\"Mobilier Design Magazine\",\"url\":\"https:\\\/\\\/www.mobilier-design-occasion.fr\\\/magazine\\\/\",\"logo\":{\"@type\":\"ImageObject\",\"inLanguage\":\"fr-FR\",\"@id\":\"https:\\\/\\\/www.mobilier-design-occasion.fr\\\/magazine\\\/#\\\/schema\\\/logo\\\/image\\\/\",\"url\":\"https:\\\/\\\/www.mobilier-design-occasion.fr\\\/magazine\\\/wp-content\\\/uploads\\\/2024\\\/02\\\/android-chrome-192x192-1.png\",\"contentUrl\":\"https:\\\/\\\/www.mobilier-design-occasion.fr\\\/magazine\\\/wp-content\\\/uploads\\\/2024\\\/02\\\/android-chrome-192x192-1.png\",\"width\":192,\"height\":192,\"caption\":\"Mobilier Design Magazine\"},\"image\":{\"@id\":\"https:\\\/\\\/www.mobilier-design-occasion.fr\\\/magazine\\\/#\\\/schema\\\/logo\\\/image\\\/\"},\"sameAs\":[\"https:\\\/\\\/www.facebook.com\\\/mobilierdesignoccasion\"]},{\"@type\":\"Person\",\"@id\":\"https:\\\/\\\/www.mobilier-design-occasion.fr\\\/magazine\\\/#\\\/schema\\\/person\\\/af895bedc80bfb6b17730a672fddac9e\",\"name\":\"Vincent Vandegans\",\"image\":{\"@type\":\"ImageObject\",\"inLanguage\":\"fr-FR\",\"@id\":\"https:\\\/\\\/secure.gravatar.com\\\/avatar\\\/b984800dabdf722d5e3f03f637c8932dea77d81118467d17ad2953e3b273ec66?s=96&d=mm&r=g\",\"url\":\"https:\\\/\\\/secure.gravatar.com\\\/avatar\\\/b984800dabdf722d5e3f03f637c8932dea77d81118467d17ad2953e3b273ec66?s=96&d=mm&r=g\",\"contentUrl\":\"https:\\\/\\\/secure.gravatar.com\\\/avatar\\\/b984800dabdf722d5e3f03f637c8932dea77d81118467d17ad2953e3b273ec66?s=96&d=mm&r=g\",\"caption\":\"Vincent Vandegans\"},\"description\":\"Vincent est passionn\u00e9 par les produits d'occasion, il a ouvert le site MDO avec Cyrielle pour aider les gens \u00e0 trouver du mobilier d'occasion, vintage ou usag\u00e9. Depuis, ils ont \u00e9tendu leurs activit\u00e9s et conseillent tout le monde sur le mobilier d'int\u00e9rieur et d'ext\u00e9rieur au quotidien \u00e0 travers le magazine MDO.\",\"url\":\"https:\\\/\\\/www.mobilier-design-occasion.fr\\\/magazine\\\/author\\\/vincent\\\/\"}]}<\/script>\n<!-- \/ Yoast SEO plugin. -->","yoast_head_json":{"title":"Redonner vie au mobilier ancien avec nos artisans Fran\u00e7ais. - Mobilier Design Magazine","robots":{"index":"index","follow":"follow","max-snippet":"max-snippet:-1","max-image-preview":"max-image-preview:large","max-video-preview":"max-video-preview:-1"},"canonical":"https:\/\/www.mobilier-design-occasion.fr\/magazine\/redonner-vie-au-mobilier-ancien-avec-nos-artisans-francais\/","og_locale":"fr_FR","og_type":"article","og_title":"Redonner vie au mobilier ancien avec nos artisans Fran\u00e7ais. - Mobilier Design Magazine","og_description":"La restauration et la r\u00e9novation de meubles anciens ne sont pas seulement un m\u00e9tier, c&#8217;est une forme d&#8217;art intemporelle pratiqu\u00e9e par des artisans passionn\u00e9s \u00e0 travers la France. Ce sont des gardiens de l&#8217;histoire, des narrateurs silencieux qui travaillent dans l&#8217;ombre pour redonner vie \u00e0 des pi\u00e8ces de mobilier qui ont r\u00e9sist\u00e9 \u00e0 l&#8217;\u00e9preuve du [&hellip;]","og_url":"https:\/\/www.mobilier-design-occasion.fr\/magazine\/redonner-vie-au-mobilier-ancien-avec-nos-artisans-francais\/","og_site_name":"Mobilier Design Magazine","article_publisher":"https:\/\/www.facebook.com\/mobilierdesignoccasion","article_published_time":"2023-11-28T08:28:57+00:00","article_modified_time":"2023-11-28T08:28:58+00:00","og_image":[{"width":1060,"height":998,"url":"https:\/\/www.mobilier-design-occasion.fr\/magazine\/wp-content\/uploads\/2023\/11\/image-206.png","type":"image\/png"}],"author":"Vincent Vandegans","twitter_card":"summary_large_image","twitter_misc":{"\u00c9crit par":"Vincent Vandegans","Dur\u00e9e de lecture estim\u00e9e":"2 minutes"},"schema":{"@context":"https:\/\/schema.org","@graph":[{"@type":"Article","@id":"https:\/\/www.mobilier-design-occasion.fr\/magazine\/redonner-vie-au-mobilier-ancien-avec-nos-artisans-francais\/#article","isPartOf":{"@id":"https:\/\/www.mobilier-design-occasion.fr\/magazine\/redonner-vie-au-mobilier-ancien-avec-nos-artisans-francais\/"},"author":{"name":"Vincent Vandegans","@id":"https:\/\/www.mobilier-design-occasion.fr\/magazine\/#\/schema\/person\/af895bedc80bfb6b17730a672fddac9e"},"headline":"Redonner vie au mobilier ancien avec nos artisans Fran\u00e7ais.","datePublished":"2023-11-28T08:28:57+00:00","dateModified":"2023-11-28T08:28:58+00:00","mainEntityOfPage":{"@id":"https:\/\/www.mobilier-design-occasion.fr\/magazine\/redonner-vie-au-mobilier-ancien-avec-nos-artisans-francais\/"},"wordCount":373,"commentCount":0,"publisher":{"@id":"https:\/\/www.mobilier-design-occasion.fr\/magazine\/#organization"},"image":{"@id":"https:\/\/www.mobilier-design-occasion.fr\/magazine\/redonner-vie-au-mobilier-ancien-avec-nos-artisans-francais\/#primaryimage"},"thumbnailUrl":"https:\/\/www.mobilier-design-occasion.fr\/magazine\/wp-content\/uploads\/2023\/11\/image-206.png","keywords":["artisan","renovation","Vintage"],"articleSection":["Tendances"],"inLanguage":"fr-FR","potentialAction":[{"@type":"CommentAction","name":"Comment","target":["https:\/\/www.mobilier-design-occasion.fr\/magazine\/redonner-vie-au-mobilier-ancien-avec-nos-artisans-francais\/#respond"]}]},{"@type":"WebPage","@id":"https:\/\/www.mobilier-design-occasion.fr\/magazine\/redonner-vie-au-mobilier-ancien-avec-nos-artisans-francais\/","url":"https:\/\/www.mobilier-design-occasion.fr\/magazine\/redonner-vie-au-mobilier-ancien-avec-nos-artisans-francais\/","name":"Redonner vie au mobilier ancien avec nos artisans Fran\u00e7ais. - Mobilier Design Magazine","isPartOf":{"@id":"https:\/\/www.mobilier-design-occasion.fr\/magazine\/#website"},"primaryImageOfPage":{"@id":"https:\/\/www.mobilier-design-occasion.fr\/magazine\/redonner-vie-au-mobilier-ancien-avec-nos-artisans-francais\/#primaryimage"},"image":{"@id":"https:\/\/www.mobilier-design-occasion.fr\/magazine\/redonner-vie-au-mobilier-ancien-avec-nos-artisans-francais\/#primaryimage"},"thumbnailUrl":"https:\/\/www.mobilier-design-occasion.fr\/magazine\/wp-content\/uploads\/2023\/11\/image-206.png","datePublished":"2023-11-28T08:28:57+00:00","dateModified":"2023-11-28T08:28:58+00:00","breadcrumb":{"@id":"https:\/\/www.mobilier-design-occasion.fr\/magazine\/redonner-vie-au-mobilier-ancien-avec-nos-artisans-francais\/#breadcrumb"},"inLanguage":"fr-FR","potentialAction":[{"@type":"ReadAction","target":["https:\/\/www.mobilier-design-occasion.fr\/magazine\/redonner-vie-au-mobilier-ancien-avec-nos-artisans-francais\/"]}]},{"@type":"ImageObject","inLanguage":"fr-FR","@id":"https:\/\/www.mobilier-design-occasion.fr\/magazine\/redonner-vie-au-mobilier-ancien-avec-nos-artisans-francais\/#primaryimage","url":"https:\/\/www.mobilier-design-occasion.fr\/magazine\/wp-content\/uploads\/2023\/11\/image-206.png","contentUrl":"https:\/\/www.mobilier-design-occasion.fr\/magazine\/wp-content\/uploads\/2023\/11\/image-206.png","width":1060,"height":998},{"@type":"BreadcrumbList","@id":"https:\/\/www.mobilier-design-occasion.fr\/magazine\/redonner-vie-au-mobilier-ancien-avec-nos-artisans-francais\/#breadcrumb","itemListElement":[{"@type":"ListItem","position":1,"name":"Accueil","item":"https:\/\/www.mobilier-design-occasion.fr\/magazine\/"},{"@type":"ListItem","position":2,"name":"Redonner vie au mobilier ancien avec nos artisans Fran\u00e7ais."}]},{"@type":"WebSite","@id":"https:\/\/www.mobilier-design-occasion.fr\/magazine\/#website","url":"https:\/\/www.mobilier-design-occasion.fr\/magazine\/","name":"Mobilier Design Magazine","description":"","publisher":{"@id":"https:\/\/www.mobilier-design-occasion.fr\/magazine\/#organization"},"potentialAction":[{"@type":"SearchAction","target":{"@type":"EntryPoint","urlTemplate":"https:\/\/www.mobilier-design-occasion.fr\/magazine\/?s={search_term_string}"},"query-input":{"@type":"PropertyValueSpecification","valueRequired":true,"valueName":"search_term_string"}}],"inLanguage":"fr-FR"},{"@type":"Organization","@id":"https:\/\/www.mobilier-design-occasion.fr\/magazine\/#organization","name":"Mobilier Design Magazine","url":"https:\/\/www.mobilier-design-occasion.fr\/magazine\/","logo":{"@type":"ImageObject","inLanguage":"fr-FR","@id":"https:\/\/www.mobilier-design-occasion.fr\/magazine\/#\/schema\/logo\/image\/","url":"https:\/\/www.mobilier-design-occasion.fr\/magazine\/wp-content\/uploads\/2024\/02\/android-chrome-192x192-1.png","contentUrl":"https:\/\/www.mobilier-design-occasion.fr\/magazine\/wp-content\/uploads\/2024\/02\/android-chrome-192x192-1.png","width":192,"height":192,"caption":"Mobilier Design Magazine"},"image":{"@id":"https:\/\/www.mobilier-design-occasion.fr\/magazine\/#\/schema\/logo\/image\/"},"sameAs":["https:\/\/www.facebook.com\/mobilierdesignoccasion"]},{"@type":"Person","@id":"https:\/\/www.mobilier-design-occasion.fr\/magazine\/#\/schema\/person\/af895bedc80bfb6b17730a672fddac9e","name":"Vincent Vandegans","image":{"@type":"ImageObject","inLanguage":"fr-FR","@id":"https:\/\/secure.gravatar.com\/avatar\/b984800dabdf722d5e3f03f637c8932dea77d81118467d17ad2953e3b273ec66?s=96&d=mm&r=g","url":"https:\/\/secure.gravatar.com\/avatar\/b984800dabdf722d5e3f03f637c8932dea77d81118467d17ad2953e3b273ec66?s=96&d=mm&r=g","contentUrl":"https:\/\/secure.gravatar.com\/avatar\/b984800dabdf722d5e3f03f637c8932dea77d81118467d17ad2953e3b273ec66?s=96&d=mm&r=g","caption":"Vincent Vandegans"},"description":"Vincent est passionn\u00e9 par les produits d'occasion, il a ouvert le site MDO avec Cyrielle pour aider les gens \u00e0 trouver du mobilier d'occasion, vintage ou usag\u00e9. Depuis, ils ont \u00e9tendu leurs activit\u00e9s et conseillent tout le monde sur le mobilier d'int\u00e9rieur et d'ext\u00e9rieur au quotidien \u00e0 travers le magazine MDO.","url":"https:\/\/www.mobilier-design-occasion.fr\/magazine\/author\/vincent\/"}]}},"_links":{"self":[{"href":"https:\/\/www.mobilier-design-occasion.fr\/magazine\/wp-json\/wp\/v2\/posts\/7304","targetHints":{"allow":["GET"]}}],"collection":[{"href":"https:\/\/www.mobilier-design-occasion.fr\/magazine\/wp-json\/wp\/v2\/posts"}],"about":[{"href":"https:\/\/www.mobilier-design-occasion.fr\/magazine\/wp-json\/wp\/v2\/types\/post"}],"author":[{"embeddable":true,"href":"https:\/\/www.mobilier-design-occasion.fr\/magazine\/wp-json\/wp\/v2\/users\/2"}],"replies":[{"embeddable":true,"href":"https:\/\/www.mobilier-design-occasion.fr\/magazine\/wp-json\/wp\/v2\/comments?post=7304"}],"version-history":[{"count":1,"href":"https:\/\/www.mobilier-design-occasion.fr\/magazine\/wp-json\/wp\/v2\/posts\/7304\/revisions"}],"predecessor-version":[{"id":7313,"href":"https:\/\/www.mobilier-design-occasion.fr\/magazine\/wp-json\/wp\/v2\/posts\/7304\/revisions\/7313"}],"wp:featuredmedia":[{"embeddable":true,"href":"https:\/\/www.mobilier-design-occasion.fr\/magazine\/wp-json\/wp\/v2\/media\/7310"}],"wp:attachment":[{"href":"https:\/\/www.mobilier-design-occasion.fr\/magazine\/wp-json\/wp\/v2\/media?parent=7304"}],"wp:term":[{"taxonomy":"category","embeddable":true,"href":"https:\/\/www.mobilier-design-occasion.fr\/magazine\/wp-json\/wp\/v2\/categories?post=7304"},{"taxonomy":"post_tag","embeddable":true,"href":"https:\/\/www.mobilier-design-occasion.fr\/magazine\/wp-json\/wp\/v2\/tags?post=7304"}],"curies":[{"name":"wp","href":"https:\/\/api.w.org\/{rel}","templated":true}]}}