{"id":7280,"date":"2023-11-27T07:44:55","date_gmt":"2023-11-27T07:44:55","guid":{"rendered":"https:\/\/www.mobilier-design-occasion.fr\/magazine\/?p=7280"},"modified":"2023-11-27T07:44:56","modified_gmt":"2023-11-27T07:44:56","slug":"ikea-a-t-il-vraiment-un-bureau-ideal-pour-vous","status":"publish","type":"post","link":"https:\/\/www.mobilier-design-occasion.fr\/magazine\/ikea-a-t-il-vraiment-un-bureau-ideal-pour-vous\/","title":{"rendered":"IKEA a-t-il vraiment un bureau id\u00e9al pour vous?"},"content":{"rendered":"\n<h4 class=\"wp-block-heading\"><span class=\"ez-toc-section\" id=\"Votre_quete_du_bureau_parfait\"><\/span>Votre qu\u00eate du bureau parfait<span class=\"ez-toc-section-end\"><\/span><\/h4><div id=\"ez-toc-container\" class=\"ez-toc-v2_0_82_2 counter-hierarchy ez-toc-counter ez-toc-grey ez-toc-container-direction\">\n<div class=\"ez-toc-title-container\">\n<span class=\"ez-toc-title-toggle\"><a href=\"#\" class=\"ez-toc-pull-right ez-toc-btn ez-toc-btn-xs ez-toc-btn-default ez-toc-toggle\" aria-label=\"Toggle Table of Content\"><span class=\"ez-toc-js-icon-con\"><span class=\"\"><span class=\"eztoc-hide\" style=\"display:none;\">Toggle<\/span><span class=\"ez-toc-icon-toggle-span\"><svg style=\"fill: #999;color:#999\" xmlns=\"http:\/\/www.w3.org\/2000\/svg\" class=\"list-377408\" width=\"20px\" height=\"20px\" viewBox=\"0 0 24 24\" fill=\"none\"><path d=\"M6 6H4v2h2V6zm14 0H8v2h12V6zM4 11h2v2H4v-2zm16 0H8v2h12v-2zM4 16h2v2H4v-2zm16 0H8v2h12v-2z\" fill=\"currentColor\"><\/path><\/svg><svg style=\"fill: #999;color:#999\" class=\"arrow-unsorted-368013\" xmlns=\"http:\/\/www.w3.org\/2000\/svg\" width=\"10px\" height=\"10px\" viewBox=\"0 0 24 24\" version=\"1.2\" baseProfile=\"tiny\"><path d=\"M18.2 9.3l-6.2-6.3-6.2 6.3c-.2.2-.3.4-.3.7s.1.5.3.7c.2.2.4.3.7.3h11c.3 0 .5-.1.7-.3.2-.2.3-.5.3-.7s-.1-.5-.3-.7zM5.8 14.7l6.2 6.3 6.2-6.3c.2-.2.3-.5.3-.7s-.1-.5-.3-.7c-.2-.2-.4-.3-.7-.3h-11c-.3 0-.5.1-.7.3-.2.2-.3.5-.3.7s.1.5.3.7z\"\/><\/svg><\/span><\/span><\/span><\/a><\/span><\/div>\n<nav><ul class='ez-toc-list ez-toc-list-level-1 eztoc-toggle-hide-by-default' ><li class='ez-toc-page-1 ez-toc-heading-level-4'><a class=\"ez-toc-link ez-toc-heading-1\" href=\"https:\/\/www.mobilier-design-occasion.fr\/magazine\/ikea-a-t-il-vraiment-un-bureau-ideal-pour-vous\/#Votre_quete_du_bureau_parfait\" >Votre qu\u00eate du bureau parfait<\/a><\/li><li class='ez-toc-page-1 ez-toc-heading-level-4'><a class=\"ez-toc-link ez-toc-heading-2\" href=\"https:\/\/www.mobilier-design-occasion.fr\/magazine\/ikea-a-t-il-vraiment-un-bureau-ideal-pour-vous\/#La_diversite_au_service_de_la_personnalisation\" >La diversit\u00e9 au service de la personnalisation<\/a><\/li><li class='ez-toc-page-1 ez-toc-heading-level-4'><a class=\"ez-toc-link ez-toc-heading-3\" href=\"https:\/\/www.mobilier-design-occasion.fr\/magazine\/ikea-a-t-il-vraiment-un-bureau-ideal-pour-vous\/#Des_prix_qui_liberent_votre_budget\" >Des prix qui lib\u00e8rent votre budget<\/a><\/li><li class='ez-toc-page-1 ez-toc-heading-level-4'><a class=\"ez-toc-link ez-toc-heading-4\" href=\"https:\/\/www.mobilier-design-occasion.fr\/magazine\/ikea-a-t-il-vraiment-un-bureau-ideal-pour-vous\/#Plus_quun_bureau_un_compagnon_de_vie\" >Plus qu&#8217;un bureau, un compagnon de vie<\/a><\/li><\/ul><\/nav><\/div>\n\n\n\n\n<figure class=\"wp-block-image size-full\"><img loading=\"lazy\" decoding=\"async\" width=\"321\" height=\"518\" src=\"https:\/\/www.mobilier-design-occasion.fr\/magazine\/wp-content\/uploads\/2023\/11\/image-189.png\" alt=\"\" class=\"wp-image-7281\" srcset=\"https:\/\/www.mobilier-design-occasion.fr\/magazine\/wp-content\/uploads\/2023\/11\/image-189.png 321w, https:\/\/www.mobilier-design-occasion.fr\/magazine\/wp-content\/uploads\/2023\/11\/image-189-186x300.png 186w\" sizes=\"auto, (max-width: 321px) 100vw, 321px\" \/><\/figure>\n\n\n\n<p>Chercher le bon bureau peut souvent ressembler \u00e0 une \u00e9pop\u00e9e. Vous \u00eates-vous d\u00e9j\u00e0 demand\u00e9 si IKEA, le g\u00e9ant su\u00e9dois de l&#8217;ameublement, a la cl\u00e9 de votre espace de travail id\u00e9al ? Avec une philosophie centr\u00e9e sur le design d\u00e9mocratique, IKEA s&#8217;engage \u00e0 cr\u00e9er des bureaux non seulement beaux et fonctionnels mais \u00e9galement accessibles \u00e0 tous. <\/p>\n\n\n\n<figure class=\"wp-block-image size-full\"><img loading=\"lazy\" decoding=\"async\" width=\"324\" height=\"525\" src=\"https:\/\/www.mobilier-design-occasion.fr\/magazine\/wp-content\/uploads\/2023\/11\/image-190.png\" alt=\"\" class=\"wp-image-7282\" srcset=\"https:\/\/www.mobilier-design-occasion.fr\/magazine\/wp-content\/uploads\/2023\/11\/image-190.png 324w, https:\/\/www.mobilier-design-occasion.fr\/magazine\/wp-content\/uploads\/2023\/11\/image-190-185x300.png 185w\" sizes=\"auto, (max-width: 324px) 100vw, 324px\" \/><figcaption class=\"wp-element-caption\">Instagram : homefluffyhome<\/figcaption><\/figure>\n\n\n\n<p>Vous avez peut-\u00eatre d\u00e9j\u00e0 r\u00eav\u00e9 d&#8217;un espace qui stimule votre cr\u00e9ativit\u00e9 et votre productivit\u00e9, et IKEA pourrait bien transformer ce r\u00eave en r\u00e9alit\u00e9.<\/p>\n\n\n\n<h4 class=\"wp-block-heading\"><span class=\"ez-toc-section\" id=\"La_diversite_au_service_de_la_personnalisation\"><\/span>La diversit\u00e9 au service de la personnalisation<span class=\"ez-toc-section-end\"><\/span><\/h4>\n\n\n\n<p>IKEA comprend qu&#8217;aucun deux espaces de travail ne sont identiques. Que vous soyez \u00e9tudiant, artiste ou professionnel, l&#8217;assortiment vari\u00e9 de bureaux d&#8217;IKEA est con\u00e7u pour s&#8217;adapter \u00e0 vos besoins sp\u00e9cifiques. <\/p>\n\n\n\n<figure class=\"wp-block-image size-full\"><img loading=\"lazy\" decoding=\"async\" width=\"480\" height=\"498\" src=\"https:\/\/www.mobilier-design-occasion.fr\/magazine\/wp-content\/uploads\/2023\/11\/image-191.png\" alt=\"\" class=\"wp-image-7283\" srcset=\"https:\/\/www.mobilier-design-occasion.fr\/magazine\/wp-content\/uploads\/2023\/11\/image-191.png 480w, https:\/\/www.mobilier-design-occasion.fr\/magazine\/wp-content\/uploads\/2023\/11\/image-191-289x300.png 289w\" sizes=\"auto, (max-width: 480px) 100vw, 480px\" \/><\/figure>\n\n\n\n<p>Des bureaux ajustables en hauteur aux solutions de rangement modulables, chaque \u00e9l\u00e9ment peut \u00eatre personnalis\u00e9 pour cr\u00e9er votre sanctuaire personnel de productivit\u00e9. Et ce n&#8217;est pas tout, les options durables et \u00e9cologiques d&#8217;IKEA vous permettent de faire un choix responsable sans compromettre le style ou la fonction.<\/p>\n\n\n\n<figure class=\"wp-block-image size-full\"><img loading=\"lazy\" decoding=\"async\" width=\"468\" height=\"572\" src=\"https:\/\/www.mobilier-design-occasion.fr\/magazine\/wp-content\/uploads\/2023\/11\/image-192.png\" alt=\"\" class=\"wp-image-7284\" srcset=\"https:\/\/www.mobilier-design-occasion.fr\/magazine\/wp-content\/uploads\/2023\/11\/image-192.png 468w, https:\/\/www.mobilier-design-occasion.fr\/magazine\/wp-content\/uploads\/2023\/11\/image-192-245x300.png 245w\" sizes=\"auto, (max-width: 468px) 100vw, 468px\" \/><\/figure>\n\n\n\n<h4 class=\"wp-block-heading\"><span class=\"ez-toc-section\" id=\"Des_prix_qui_liberent_votre_budget\"><\/span>Des prix qui lib\u00e8rent votre budget<span class=\"ez-toc-section-end\"><\/span><\/h4>\n\n\n\n<p>L&#8217;un des plus grands avantages d&#8217;opter pour un bureau IKEA est leur accessibilit\u00e9 financi\u00e8re. Vous pouvez investir dans un environnement de travail qui soutient vos ambitions sans \u00e9puiser vos \u00e9conomies. <\/p>\n\n\n\n<figure class=\"wp-block-image size-full\"><img loading=\"lazy\" decoding=\"async\" width=\"408\" height=\"386\" src=\"https:\/\/www.mobilier-design-occasion.fr\/magazine\/wp-content\/uploads\/2023\/11\/image-194.png\" alt=\"\" class=\"wp-image-7286\" srcset=\"https:\/\/www.mobilier-design-occasion.fr\/magazine\/wp-content\/uploads\/2023\/11\/image-194.png 408w, https:\/\/www.mobilier-design-occasion.fr\/magazine\/wp-content\/uploads\/2023\/11\/image-194-300x284.png 300w\" sizes=\"auto, (max-width: 408px) 100vw, 408px\" \/><figcaption class=\"wp-element-caption\">Instagram : nisashome : ikea hack \u00e0 moins de 10\u20ac<\/figcaption><\/figure>\n\n\n\n<p>Les prix comp\u00e9titifs d&#8217;IKEA rendent le design bien pens\u00e9 accessible \u00e0 tous, vous permettant de consacrer plus de ressources \u00e0 ce qui compte vraiment pour vous. De plus, leur garantie de qualit\u00e9 assure que votre investissement est aussi s\u00fbr qu&#8217;intelligent.<\/p>\n\n\n\n<figure class=\"wp-block-image size-full\"><img loading=\"lazy\" decoding=\"async\" width=\"461\" height=\"522\" src=\"https:\/\/www.mobilier-design-occasion.fr\/magazine\/wp-content\/uploads\/2023\/11\/image-195.png\" alt=\"\" class=\"wp-image-7287\" srcset=\"https:\/\/www.mobilier-design-occasion.fr\/magazine\/wp-content\/uploads\/2023\/11\/image-195.png 461w, https:\/\/www.mobilier-design-occasion.fr\/magazine\/wp-content\/uploads\/2023\/11\/image-195-265x300.png 265w\" sizes=\"auto, (max-width: 461px) 100vw, 461px\" \/><figcaption class=\"wp-element-caption\">Ikea Hack par Plum Living<\/figcaption><\/figure>\n\n\n\n<h4 class=\"wp-block-heading\"><span class=\"ez-toc-section\" id=\"Plus_quun_bureau_un_compagnon_de_vie\"><\/span>Plus qu&#8217;un bureau, un compagnon de vie<span class=\"ez-toc-section-end\"><\/span><\/h4>\n\n\n\n<p>Lorsque vous choisissez un bureau chez IKEA, vous ne choisissez pas seulement un meuble, mais un partenaire dans votre parcours professionnel et personnel. Leurs bureaux sont con\u00e7us pour s&#8217;adapter et \u00e9voluer avec vous, de vos \u00e9tudes tardives dans la nuit \u00e0 vos grands projets professionnels. <\/p>\n\n\n\n<figure class=\"wp-block-image size-full\"><img loading=\"lazy\" decoding=\"async\" width=\"578\" height=\"454\" src=\"https:\/\/www.mobilier-design-occasion.fr\/magazine\/wp-content\/uploads\/2023\/11\/image-196.png\" alt=\"\" class=\"wp-image-7288\" srcset=\"https:\/\/www.mobilier-design-occasion.fr\/magazine\/wp-content\/uploads\/2023\/11\/image-196.png 578w, https:\/\/www.mobilier-design-occasion.fr\/magazine\/wp-content\/uploads\/2023\/11\/image-196-300x236.png 300w\" sizes=\"auto, (max-width: 578px) 100vw, 578px\" \/><figcaption class=\"wp-element-caption\">Sweethomemarilou : Un des \u00ab\u00a0hack\u00a0\u00bb de mon petit espace \u00e0 \u00e9t\u00e9 de mettre mon bureau dans le garde-robe d\u2019entr\u00e9e . Et de superposer deux meubles Ikea (une penderie et une commode \u00e0 tiroirs) pour faire un meuble de rangement pour les manteaux .<\/figcaption><\/figure>\n\n\n\n<p>IKEA ne vous offre pas seulement un bureau ; ils vous offrent un espace o\u00f9 les id\u00e9es prennent vie, o\u00f9 les projets se concr\u00e9tisent et o\u00f9 chaque jour vous pouvez construire un peu plus de votre avenir.<\/p>\n\n\n\n<figure class=\"wp-block-image size-full\"><img loading=\"lazy\" decoding=\"async\" width=\"330\" height=\"453\" src=\"https:\/\/www.mobilier-design-occasion.fr\/magazine\/wp-content\/uploads\/2023\/11\/image-197.png\" alt=\"\" class=\"wp-image-7289\" srcset=\"https:\/\/www.mobilier-design-occasion.fr\/magazine\/wp-content\/uploads\/2023\/11\/image-197.png 330w, https:\/\/www.mobilier-design-occasion.fr\/magazine\/wp-content\/uploads\/2023\/11\/image-197-219x300.png 219w\" sizes=\"auto, (max-width: 330px) 100vw, 330px\" \/><figcaption class=\"wp-element-caption\">Cmesgouts : dans un souci d\u2019\u00e9conomie et d\u2019\u00e9cologie, nous avons recycl\u00e9 tous nos meuble IKEA, pour les rangements du bureau\u2026<br>Un peu de nettoyage de pon\u00e7age, une primaire d\u2019accroche et plusieurs couches de peinture\u2026<br>De l\u2019huile de coude pour agencer tous les \u00e9l\u00e9ments ensemble et les fixer.<br>Et voil\u00e0 un bureau bien plus harmonieux \u00e0 moindre co\u00fbt. Et surtout nous avons recycl\u00e9<\/figcaption><\/figure>\n\n\n\n<p>En somme, IKEA a peut-\u00eatre vraiment le bureau id\u00e9al pour vous, un espace qui r\u00e9sonne avec votre personnalit\u00e9 et r\u00e9pond \u00e0 vos besoins. Parcourez leur collection et vous pourriez trouver plus qu&#8217;un simple bureau : une source d&#8217;inspiration quotidienne.<\/p>\n","protected":false},"excerpt":{"rendered":"<p>Votre qu\u00eate du bureau parfait Chercher le bon bureau peut souvent ressembler \u00e0 une \u00e9pop\u00e9e. Vous \u00eates-vous d\u00e9j\u00e0 demand\u00e9 si IKEA, le g\u00e9ant su\u00e9dois de l&#8217;ameublement, a la cl\u00e9 de votre espace de travail id\u00e9al ? Avec une philosophie centr\u00e9e sur le design d\u00e9mocratique, IKEA s&#8217;engage \u00e0 cr\u00e9er des bureaux non seulement beaux et fonctionnels [&hellip;]<\/p>\n","protected":false},"author":2,"featured_media":7287,"comment_status":"open","ping_status":"open","sticky":false,"template":"","format":"standard","meta":{"footnotes":""},"categories":[128],"tags":[152,168,150],"class_list":["post-7280","post","type-post","status-publish","format-standard","has-post-thumbnail","hentry","category-bureau","tag-bois","tag-bureau","tag-ikea"],"yoast_head":"<!-- This site is optimized with the Yoast SEO plugin v27.5 - https:\/\/yoast.com\/product\/yoast-seo-wordpress\/ -->\n<title>IKEA a-t-il vraiment un bureau id\u00e9al pour vous? - Mobilier Design Magazine<\/title>\n<meta name=\"robots\" content=\"index, follow, max-snippet:-1, max-image-preview:large, max-video-preview:-1\" \/>\n<link rel=\"canonical\" href=\"https:\/\/www.mobilier-design-occasion.fr\/magazine\/ikea-a-t-il-vraiment-un-bureau-ideal-pour-vous\/\" \/>\n<meta property=\"og:locale\" content=\"fr_FR\" \/>\n<meta property=\"og:type\" content=\"article\" \/>\n<meta property=\"og:title\" content=\"IKEA a-t-il vraiment un bureau id\u00e9al pour vous? - Mobilier Design Magazine\" \/>\n<meta property=\"og:description\" content=\"Votre qu\u00eate du bureau parfait Chercher le bon bureau peut souvent ressembler \u00e0 une \u00e9pop\u00e9e. Vous \u00eates-vous d\u00e9j\u00e0 demand\u00e9 si IKEA, le g\u00e9ant su\u00e9dois de l&#8217;ameublement, a la cl\u00e9 de votre espace de travail id\u00e9al ? Avec une philosophie centr\u00e9e sur le design d\u00e9mocratique, IKEA s&#8217;engage \u00e0 cr\u00e9er des bureaux non seulement beaux et fonctionnels [&hellip;]\" \/>\n<meta property=\"og:url\" content=\"https:\/\/www.mobilier-design-occasion.fr\/magazine\/ikea-a-t-il-vraiment-un-bureau-ideal-pour-vous\/\" \/>\n<meta property=\"og:site_name\" content=\"Mobilier Design Magazine\" \/>\n<meta property=\"article:publisher\" content=\"https:\/\/www.facebook.com\/mobilierdesignoccasion\" \/>\n<meta property=\"article:published_time\" content=\"2023-11-27T07:44:55+00:00\" \/>\n<meta property=\"article:modified_time\" content=\"2023-11-27T07:44:56+00:00\" \/>\n<meta property=\"og:image\" content=\"https:\/\/www.mobilier-design-occasion.fr\/magazine\/wp-content\/uploads\/2023\/11\/image-195.png\" \/>\n\t<meta property=\"og:image:width\" content=\"461\" \/>\n\t<meta property=\"og:image:height\" content=\"522\" \/>\n\t<meta property=\"og:image:type\" content=\"image\/png\" \/>\n<meta name=\"author\" content=\"Vincent Vandegans\" \/>\n<meta name=\"twitter:card\" content=\"summary_large_image\" \/>\n<meta name=\"twitter:label1\" content=\"\u00c9crit par\" \/>\n\t<meta name=\"twitter:data1\" content=\"Vincent Vandegans\" \/>\n\t<meta name=\"twitter:label2\" content=\"Dur\u00e9e de lecture estim\u00e9e\" \/>\n\t<meta name=\"twitter:data2\" content=\"3 minutes\" \/>\n<script type=\"application\/ld+json\" class=\"yoast-schema-graph\">{\"@context\":\"https:\\\/\\\/schema.org\",\"@graph\":[{\"@type\":\"Article\",\"@id\":\"https:\\\/\\\/www.mobilier-design-occasion.fr\\\/magazine\\\/ikea-a-t-il-vraiment-un-bureau-ideal-pour-vous\\\/#article\",\"isPartOf\":{\"@id\":\"https:\\\/\\\/www.mobilier-design-occasion.fr\\\/magazine\\\/ikea-a-t-il-vraiment-un-bureau-ideal-pour-vous\\\/\"},\"author\":{\"name\":\"Vincent Vandegans\",\"@id\":\"https:\\\/\\\/www.mobilier-design-occasion.fr\\\/magazine\\\/#\\\/schema\\\/person\\\/af895bedc80bfb6b17730a672fddac9e\"},\"headline\":\"IKEA a-t-il vraiment un bureau id\u00e9al pour vous?\",\"datePublished\":\"2023-11-27T07:44:55+00:00\",\"dateModified\":\"2023-11-27T07:44:56+00:00\",\"mainEntityOfPage\":{\"@id\":\"https:\\\/\\\/www.mobilier-design-occasion.fr\\\/magazine\\\/ikea-a-t-il-vraiment-un-bureau-ideal-pour-vous\\\/\"},\"wordCount\":536,\"commentCount\":0,\"publisher\":{\"@id\":\"https:\\\/\\\/www.mobilier-design-occasion.fr\\\/magazine\\\/#organization\"},\"image\":{\"@id\":\"https:\\\/\\\/www.mobilier-design-occasion.fr\\\/magazine\\\/ikea-a-t-il-vraiment-un-bureau-ideal-pour-vous\\\/#primaryimage\"},\"thumbnailUrl\":\"https:\\\/\\\/www.mobilier-design-occasion.fr\\\/magazine\\\/wp-content\\\/uploads\\\/2023\\\/11\\\/image-195.png\",\"keywords\":[\"bois\",\"bureau\",\"ikea\"],\"articleSection\":[\"Bureau\"],\"inLanguage\":\"fr-FR\",\"potentialAction\":[{\"@type\":\"CommentAction\",\"name\":\"Comment\",\"target\":[\"https:\\\/\\\/www.mobilier-design-occasion.fr\\\/magazine\\\/ikea-a-t-il-vraiment-un-bureau-ideal-pour-vous\\\/#respond\"]}]},{\"@type\":\"WebPage\",\"@id\":\"https:\\\/\\\/www.mobilier-design-occasion.fr\\\/magazine\\\/ikea-a-t-il-vraiment-un-bureau-ideal-pour-vous\\\/\",\"url\":\"https:\\\/\\\/www.mobilier-design-occasion.fr\\\/magazine\\\/ikea-a-t-il-vraiment-un-bureau-ideal-pour-vous\\\/\",\"name\":\"IKEA a-t-il vraiment un bureau id\u00e9al pour vous? - Mobilier Design Magazine\",\"isPartOf\":{\"@id\":\"https:\\\/\\\/www.mobilier-design-occasion.fr\\\/magazine\\\/#website\"},\"primaryImageOfPage\":{\"@id\":\"https:\\\/\\\/www.mobilier-design-occasion.fr\\\/magazine\\\/ikea-a-t-il-vraiment-un-bureau-ideal-pour-vous\\\/#primaryimage\"},\"image\":{\"@id\":\"https:\\\/\\\/www.mobilier-design-occasion.fr\\\/magazine\\\/ikea-a-t-il-vraiment-un-bureau-ideal-pour-vous\\\/#primaryimage\"},\"thumbnailUrl\":\"https:\\\/\\\/www.mobilier-design-occasion.fr\\\/magazine\\\/wp-content\\\/uploads\\\/2023\\\/11\\\/image-195.png\",\"datePublished\":\"2023-11-27T07:44:55+00:00\",\"dateModified\":\"2023-11-27T07:44:56+00:00\",\"breadcrumb\":{\"@id\":\"https:\\\/\\\/www.mobilier-design-occasion.fr\\\/magazine\\\/ikea-a-t-il-vraiment-un-bureau-ideal-pour-vous\\\/#breadcrumb\"},\"inLanguage\":\"fr-FR\",\"potentialAction\":[{\"@type\":\"ReadAction\",\"target\":[\"https:\\\/\\\/www.mobilier-design-occasion.fr\\\/magazine\\\/ikea-a-t-il-vraiment-un-bureau-ideal-pour-vous\\\/\"]}]},{\"@type\":\"ImageObject\",\"inLanguage\":\"fr-FR\",\"@id\":\"https:\\\/\\\/www.mobilier-design-occasion.fr\\\/magazine\\\/ikea-a-t-il-vraiment-un-bureau-ideal-pour-vous\\\/#primaryimage\",\"url\":\"https:\\\/\\\/www.mobilier-design-occasion.fr\\\/magazine\\\/wp-content\\\/uploads\\\/2023\\\/11\\\/image-195.png\",\"contentUrl\":\"https:\\\/\\\/www.mobilier-design-occasion.fr\\\/magazine\\\/wp-content\\\/uploads\\\/2023\\\/11\\\/image-195.png\",\"width\":461,\"height\":522},{\"@type\":\"BreadcrumbList\",\"@id\":\"https:\\\/\\\/www.mobilier-design-occasion.fr\\\/magazine\\\/ikea-a-t-il-vraiment-un-bureau-ideal-pour-vous\\\/#breadcrumb\",\"itemListElement\":[{\"@type\":\"ListItem\",\"position\":1,\"name\":\"Accueil\",\"item\":\"https:\\\/\\\/www.mobilier-design-occasion.fr\\\/magazine\\\/\"},{\"@type\":\"ListItem\",\"position\":2,\"name\":\"IKEA a-t-il vraiment un bureau id\u00e9al pour vous?\"}]},{\"@type\":\"WebSite\",\"@id\":\"https:\\\/\\\/www.mobilier-design-occasion.fr\\\/magazine\\\/#website\",\"url\":\"https:\\\/\\\/www.mobilier-design-occasion.fr\\\/magazine\\\/\",\"name\":\"Mobilier Design Magazine\",\"description\":\"\",\"publisher\":{\"@id\":\"https:\\\/\\\/www.mobilier-design-occasion.fr\\\/magazine\\\/#organization\"},\"potentialAction\":[{\"@type\":\"SearchAction\",\"target\":{\"@type\":\"EntryPoint\",\"urlTemplate\":\"https:\\\/\\\/www.mobilier-design-occasion.fr\\\/magazine\\\/?s={search_term_string}\"},\"query-input\":{\"@type\":\"PropertyValueSpecification\",\"valueRequired\":true,\"valueName\":\"search_term_string\"}}],\"inLanguage\":\"fr-FR\"},{\"@type\":\"Organization\",\"@id\":\"https:\\\/\\\/www.mobilier-design-occasion.fr\\\/magazine\\\/#organization\",\"name\":\"Mobilier Design Magazine\",\"url\":\"https:\\\/\\\/www.mobilier-design-occasion.fr\\\/magazine\\\/\",\"logo\":{\"@type\":\"ImageObject\",\"inLanguage\":\"fr-FR\",\"@id\":\"https:\\\/\\\/www.mobilier-design-occasion.fr\\\/magazine\\\/#\\\/schema\\\/logo\\\/image\\\/\",\"url\":\"https:\\\/\\\/www.mobilier-design-occasion.fr\\\/magazine\\\/wp-content\\\/uploads\\\/2024\\\/02\\\/android-chrome-192x192-1.png\",\"contentUrl\":\"https:\\\/\\\/www.mobilier-design-occasion.fr\\\/magazine\\\/wp-content\\\/uploads\\\/2024\\\/02\\\/android-chrome-192x192-1.png\",\"width\":192,\"height\":192,\"caption\":\"Mobilier Design Magazine\"},\"image\":{\"@id\":\"https:\\\/\\\/www.mobilier-design-occasion.fr\\\/magazine\\\/#\\\/schema\\\/logo\\\/image\\\/\"},\"sameAs\":[\"https:\\\/\\\/www.facebook.com\\\/mobilierdesignoccasion\"]},{\"@type\":\"Person\",\"@id\":\"https:\\\/\\\/www.mobilier-design-occasion.fr\\\/magazine\\\/#\\\/schema\\\/person\\\/af895bedc80bfb6b17730a672fddac9e\",\"name\":\"Vincent Vandegans\",\"image\":{\"@type\":\"ImageObject\",\"inLanguage\":\"fr-FR\",\"@id\":\"https:\\\/\\\/secure.gravatar.com\\\/avatar\\\/b984800dabdf722d5e3f03f637c8932dea77d81118467d17ad2953e3b273ec66?s=96&d=mm&r=g\",\"url\":\"https:\\\/\\\/secure.gravatar.com\\\/avatar\\\/b984800dabdf722d5e3f03f637c8932dea77d81118467d17ad2953e3b273ec66?s=96&d=mm&r=g\",\"contentUrl\":\"https:\\\/\\\/secure.gravatar.com\\\/avatar\\\/b984800dabdf722d5e3f03f637c8932dea77d81118467d17ad2953e3b273ec66?s=96&d=mm&r=g\",\"caption\":\"Vincent Vandegans\"},\"description\":\"Vincent est passionn\u00e9 par les produits d'occasion, il a ouvert le site MDO avec Cyrielle pour aider les gens \u00e0 trouver du mobilier d'occasion, vintage ou usag\u00e9. Depuis, ils ont \u00e9tendu leurs activit\u00e9s et conseillent tout le monde sur le mobilier d'int\u00e9rieur et d'ext\u00e9rieur au quotidien \u00e0 travers le magazine MDO.\",\"url\":\"https:\\\/\\\/www.mobilier-design-occasion.fr\\\/magazine\\\/author\\\/vincent\\\/\"}]}<\/script>\n<!-- \/ Yoast SEO plugin. -->","yoast_head_json":{"title":"IKEA a-t-il vraiment un bureau id\u00e9al pour vous? - Mobilier Design Magazine","robots":{"index":"index","follow":"follow","max-snippet":"max-snippet:-1","max-image-preview":"max-image-preview:large","max-video-preview":"max-video-preview:-1"},"canonical":"https:\/\/www.mobilier-design-occasion.fr\/magazine\/ikea-a-t-il-vraiment-un-bureau-ideal-pour-vous\/","og_locale":"fr_FR","og_type":"article","og_title":"IKEA a-t-il vraiment un bureau id\u00e9al pour vous? - Mobilier Design Magazine","og_description":"Votre qu\u00eate du bureau parfait Chercher le bon bureau peut souvent ressembler \u00e0 une \u00e9pop\u00e9e. Vous \u00eates-vous d\u00e9j\u00e0 demand\u00e9 si IKEA, le g\u00e9ant su\u00e9dois de l&#8217;ameublement, a la cl\u00e9 de votre espace de travail id\u00e9al ? Avec une philosophie centr\u00e9e sur le design d\u00e9mocratique, IKEA s&#8217;engage \u00e0 cr\u00e9er des bureaux non seulement beaux et fonctionnels [&hellip;]","og_url":"https:\/\/www.mobilier-design-occasion.fr\/magazine\/ikea-a-t-il-vraiment-un-bureau-ideal-pour-vous\/","og_site_name":"Mobilier Design Magazine","article_publisher":"https:\/\/www.facebook.com\/mobilierdesignoccasion","article_published_time":"2023-11-27T07:44:55+00:00","article_modified_time":"2023-11-27T07:44:56+00:00","og_image":[{"width":461,"height":522,"url":"https:\/\/www.mobilier-design-occasion.fr\/magazine\/wp-content\/uploads\/2023\/11\/image-195.png","type":"image\/png"}],"author":"Vincent Vandegans","twitter_card":"summary_large_image","twitter_misc":{"\u00c9crit par":"Vincent Vandegans","Dur\u00e9e de lecture estim\u00e9e":"3 minutes"},"schema":{"@context":"https:\/\/schema.org","@graph":[{"@type":"Article","@id":"https:\/\/www.mobilier-design-occasion.fr\/magazine\/ikea-a-t-il-vraiment-un-bureau-ideal-pour-vous\/#article","isPartOf":{"@id":"https:\/\/www.mobilier-design-occasion.fr\/magazine\/ikea-a-t-il-vraiment-un-bureau-ideal-pour-vous\/"},"author":{"name":"Vincent Vandegans","@id":"https:\/\/www.mobilier-design-occasion.fr\/magazine\/#\/schema\/person\/af895bedc80bfb6b17730a672fddac9e"},"headline":"IKEA a-t-il vraiment un bureau id\u00e9al pour vous?","datePublished":"2023-11-27T07:44:55+00:00","dateModified":"2023-11-27T07:44:56+00:00","mainEntityOfPage":{"@id":"https:\/\/www.mobilier-design-occasion.fr\/magazine\/ikea-a-t-il-vraiment-un-bureau-ideal-pour-vous\/"},"wordCount":536,"commentCount":0,"publisher":{"@id":"https:\/\/www.mobilier-design-occasion.fr\/magazine\/#organization"},"image":{"@id":"https:\/\/www.mobilier-design-occasion.fr\/magazine\/ikea-a-t-il-vraiment-un-bureau-ideal-pour-vous\/#primaryimage"},"thumbnailUrl":"https:\/\/www.mobilier-design-occasion.fr\/magazine\/wp-content\/uploads\/2023\/11\/image-195.png","keywords":["bois","bureau","ikea"],"articleSection":["Bureau"],"inLanguage":"fr-FR","potentialAction":[{"@type":"CommentAction","name":"Comment","target":["https:\/\/www.mobilier-design-occasion.fr\/magazine\/ikea-a-t-il-vraiment-un-bureau-ideal-pour-vous\/#respond"]}]},{"@type":"WebPage","@id":"https:\/\/www.mobilier-design-occasion.fr\/magazine\/ikea-a-t-il-vraiment-un-bureau-ideal-pour-vous\/","url":"https:\/\/www.mobilier-design-occasion.fr\/magazine\/ikea-a-t-il-vraiment-un-bureau-ideal-pour-vous\/","name":"IKEA a-t-il vraiment un bureau id\u00e9al pour vous? - Mobilier Design Magazine","isPartOf":{"@id":"https:\/\/www.mobilier-design-occasion.fr\/magazine\/#website"},"primaryImageOfPage":{"@id":"https:\/\/www.mobilier-design-occasion.fr\/magazine\/ikea-a-t-il-vraiment-un-bureau-ideal-pour-vous\/#primaryimage"},"image":{"@id":"https:\/\/www.mobilier-design-occasion.fr\/magazine\/ikea-a-t-il-vraiment-un-bureau-ideal-pour-vous\/#primaryimage"},"thumbnailUrl":"https:\/\/www.mobilier-design-occasion.fr\/magazine\/wp-content\/uploads\/2023\/11\/image-195.png","datePublished":"2023-11-27T07:44:55+00:00","dateModified":"2023-11-27T07:44:56+00:00","breadcrumb":{"@id":"https:\/\/www.mobilier-design-occasion.fr\/magazine\/ikea-a-t-il-vraiment-un-bureau-ideal-pour-vous\/#breadcrumb"},"inLanguage":"fr-FR","potentialAction":[{"@type":"ReadAction","target":["https:\/\/www.mobilier-design-occasion.fr\/magazine\/ikea-a-t-il-vraiment-un-bureau-ideal-pour-vous\/"]}]},{"@type":"ImageObject","inLanguage":"fr-FR","@id":"https:\/\/www.mobilier-design-occasion.fr\/magazine\/ikea-a-t-il-vraiment-un-bureau-ideal-pour-vous\/#primaryimage","url":"https:\/\/www.mobilier-design-occasion.fr\/magazine\/wp-content\/uploads\/2023\/11\/image-195.png","contentUrl":"https:\/\/www.mobilier-design-occasion.fr\/magazine\/wp-content\/uploads\/2023\/11\/image-195.png","width":461,"height":522},{"@type":"BreadcrumbList","@id":"https:\/\/www.mobilier-design-occasion.fr\/magazine\/ikea-a-t-il-vraiment-un-bureau-ideal-pour-vous\/#breadcrumb","itemListElement":[{"@type":"ListItem","position":1,"name":"Accueil","item":"https:\/\/www.mobilier-design-occasion.fr\/magazine\/"},{"@type":"ListItem","position":2,"name":"IKEA a-t-il vraiment un bureau id\u00e9al pour vous?"}]},{"@type":"WebSite","@id":"https:\/\/www.mobilier-design-occasion.fr\/magazine\/#website","url":"https:\/\/www.mobilier-design-occasion.fr\/magazine\/","name":"Mobilier Design Magazine","description":"","publisher":{"@id":"https:\/\/www.mobilier-design-occasion.fr\/magazine\/#organization"},"potentialAction":[{"@type":"SearchAction","target":{"@type":"EntryPoint","urlTemplate":"https:\/\/www.mobilier-design-occasion.fr\/magazine\/?s={search_term_string}"},"query-input":{"@type":"PropertyValueSpecification","valueRequired":true,"valueName":"search_term_string"}}],"inLanguage":"fr-FR"},{"@type":"Organization","@id":"https:\/\/www.mobilier-design-occasion.fr\/magazine\/#organization","name":"Mobilier Design Magazine","url":"https:\/\/www.mobilier-design-occasion.fr\/magazine\/","logo":{"@type":"ImageObject","inLanguage":"fr-FR","@id":"https:\/\/www.mobilier-design-occasion.fr\/magazine\/#\/schema\/logo\/image\/","url":"https:\/\/www.mobilier-design-occasion.fr\/magazine\/wp-content\/uploads\/2024\/02\/android-chrome-192x192-1.png","contentUrl":"https:\/\/www.mobilier-design-occasion.fr\/magazine\/wp-content\/uploads\/2024\/02\/android-chrome-192x192-1.png","width":192,"height":192,"caption":"Mobilier Design Magazine"},"image":{"@id":"https:\/\/www.mobilier-design-occasion.fr\/magazine\/#\/schema\/logo\/image\/"},"sameAs":["https:\/\/www.facebook.com\/mobilierdesignoccasion"]},{"@type":"Person","@id":"https:\/\/www.mobilier-design-occasion.fr\/magazine\/#\/schema\/person\/af895bedc80bfb6b17730a672fddac9e","name":"Vincent Vandegans","image":{"@type":"ImageObject","inLanguage":"fr-FR","@id":"https:\/\/secure.gravatar.com\/avatar\/b984800dabdf722d5e3f03f637c8932dea77d81118467d17ad2953e3b273ec66?s=96&d=mm&r=g","url":"https:\/\/secure.gravatar.com\/avatar\/b984800dabdf722d5e3f03f637c8932dea77d81118467d17ad2953e3b273ec66?s=96&d=mm&r=g","contentUrl":"https:\/\/secure.gravatar.com\/avatar\/b984800dabdf722d5e3f03f637c8932dea77d81118467d17ad2953e3b273ec66?s=96&d=mm&r=g","caption":"Vincent Vandegans"},"description":"Vincent est passionn\u00e9 par les produits d'occasion, il a ouvert le site MDO avec Cyrielle pour aider les gens \u00e0 trouver du mobilier d'occasion, vintage ou usag\u00e9. Depuis, ils ont \u00e9tendu leurs activit\u00e9s et conseillent tout le monde sur le mobilier d'int\u00e9rieur et d'ext\u00e9rieur au quotidien \u00e0 travers le magazine MDO.","url":"https:\/\/www.mobilier-design-occasion.fr\/magazine\/author\/vincent\/"}]}},"_links":{"self":[{"href":"https:\/\/www.mobilier-design-occasion.fr\/magazine\/wp-json\/wp\/v2\/posts\/7280","targetHints":{"allow":["GET"]}}],"collection":[{"href":"https:\/\/www.mobilier-design-occasion.fr\/magazine\/wp-json\/wp\/v2\/posts"}],"about":[{"href":"https:\/\/www.mobilier-design-occasion.fr\/magazine\/wp-json\/wp\/v2\/types\/post"}],"author":[{"embeddable":true,"href":"https:\/\/www.mobilier-design-occasion.fr\/magazine\/wp-json\/wp\/v2\/users\/2"}],"replies":[{"embeddable":true,"href":"https:\/\/www.mobilier-design-occasion.fr\/magazine\/wp-json\/wp\/v2\/comments?post=7280"}],"version-history":[{"count":1,"href":"https:\/\/www.mobilier-design-occasion.fr\/magazine\/wp-json\/wp\/v2\/posts\/7280\/revisions"}],"predecessor-version":[{"id":7290,"href":"https:\/\/www.mobilier-design-occasion.fr\/magazine\/wp-json\/wp\/v2\/posts\/7280\/revisions\/7290"}],"wp:featuredmedia":[{"embeddable":true,"href":"https:\/\/www.mobilier-design-occasion.fr\/magazine\/wp-json\/wp\/v2\/media\/7287"}],"wp:attachment":[{"href":"https:\/\/www.mobilier-design-occasion.fr\/magazine\/wp-json\/wp\/v2\/media?parent=7280"}],"wp:term":[{"taxonomy":"category","embeddable":true,"href":"https:\/\/www.mobilier-design-occasion.fr\/magazine\/wp-json\/wp\/v2\/categories?post=7280"},{"taxonomy":"post_tag","embeddable":true,"href":"https:\/\/www.mobilier-design-occasion.fr\/magazine\/wp-json\/wp\/v2\/tags?post=7280"}],"curies":[{"name":"wp","href":"https:\/\/api.w.org\/{rel}","templated":true}]}}