{"id":7268,"date":"2023-11-27T07:21:57","date_gmt":"2023-11-27T07:21:57","guid":{"rendered":"https:\/\/www.mobilier-design-occasion.fr\/magazine\/?p=7268"},"modified":"2023-11-27T07:24:27","modified_gmt":"2023-11-27T07:24:27","slug":"la-chaise-parfait-qui-a-traverse-les-epoques-chaise-14-de-thonet","status":"publish","type":"post","link":"https:\/\/www.mobilier-design-occasion.fr\/magazine\/la-chaise-parfait-qui-a-traverse-les-epoques-chaise-14-de-thonet\/","title":{"rendered":"La chaise parfaite qui a travers\u00e9 les \u00e9poques : Chaise #14 de Thonet"},"content":{"rendered":"\n<h4 class=\"wp-block-heading\"><span class=\"ez-toc-section\" id=\"Une_innovation_intemporelle\"><\/span>Une innovation intemporelle<span class=\"ez-toc-section-end\"><\/span><\/h4><div id=\"ez-toc-container\" class=\"ez-toc-v2_0_82_2 counter-hierarchy ez-toc-counter ez-toc-grey ez-toc-container-direction\">\n<div class=\"ez-toc-title-container\">\n<span class=\"ez-toc-title-toggle\"><a href=\"#\" class=\"ez-toc-pull-right ez-toc-btn ez-toc-btn-xs ez-toc-btn-default ez-toc-toggle\" aria-label=\"Toggle Table of Content\"><span class=\"ez-toc-js-icon-con\"><span class=\"\"><span class=\"eztoc-hide\" style=\"display:none;\">Toggle<\/span><span class=\"ez-toc-icon-toggle-span\"><svg style=\"fill: #999;color:#999\" xmlns=\"http:\/\/www.w3.org\/2000\/svg\" class=\"list-377408\" width=\"20px\" height=\"20px\" viewBox=\"0 0 24 24\" fill=\"none\"><path d=\"M6 6H4v2h2V6zm14 0H8v2h12V6zM4 11h2v2H4v-2zm16 0H8v2h12v-2zM4 16h2v2H4v-2zm16 0H8v2h12v-2z\" fill=\"currentColor\"><\/path><\/svg><svg style=\"fill: #999;color:#999\" class=\"arrow-unsorted-368013\" xmlns=\"http:\/\/www.w3.org\/2000\/svg\" width=\"10px\" height=\"10px\" viewBox=\"0 0 24 24\" version=\"1.2\" baseProfile=\"tiny\"><path d=\"M18.2 9.3l-6.2-6.3-6.2 6.3c-.2.2-.3.4-.3.7s.1.5.3.7c.2.2.4.3.7.3h11c.3 0 .5-.1.7-.3.2-.2.3-.5.3-.7s-.1-.5-.3-.7zM5.8 14.7l6.2 6.3 6.2-6.3c.2-.2.3-.5.3-.7s-.1-.5-.3-.7c-.2-.2-.4-.3-.7-.3h-11c-.3 0-.5.1-.7.3-.2.2-.3.5-.3.7s.1.5.3.7z\"\/><\/svg><\/span><\/span><\/span><\/a><\/span><\/div>\n<nav><ul class='ez-toc-list ez-toc-list-level-1 eztoc-toggle-hide-by-default' ><li class='ez-toc-page-1 ez-toc-heading-level-4'><a class=\"ez-toc-link ez-toc-heading-1\" href=\"https:\/\/www.mobilier-design-occasion.fr\/magazine\/la-chaise-parfait-qui-a-traverse-les-epoques-chaise-14-de-thonet\/#Une_innovation_intemporelle\" >Une innovation intemporelle<\/a><\/li><li class='ez-toc-page-1 ez-toc-heading-level-4'><a class=\"ez-toc-link ez-toc-heading-2\" href=\"https:\/\/www.mobilier-design-occasion.fr\/magazine\/la-chaise-parfait-qui-a-traverse-les-epoques-chaise-14-de-thonet\/#La_democratisation_du_design\" >La d\u00e9mocratisation du design<\/a><\/li><li class='ez-toc-page-1 ez-toc-heading-level-4'><a class=\"ez-toc-link ez-toc-heading-3\" href=\"https:\/\/www.mobilier-design-occasion.fr\/magazine\/la-chaise-parfait-qui-a-traverse-les-epoques-chaise-14-de-thonet\/#Un_symbole_culturel_vivant\" >Un symbole culturel vivant<\/a><\/li><\/ul><\/nav><\/div>\n\n\n\n\n<p>Plongez dans l&#8217;histoire de la Chaise n\u00b0 14, un chef-d&#8217;\u0153uvre de Michael Thonet, qui, depuis 1859, captive les amateurs de design. Sa silhouette courb\u00e9e et son assise en cannage t\u00e9moignent d&#8217;un savoir-faire r\u00e9volutionnaire pour l&#8217;\u00e9poque, utilisant des techniques de cintrage du bois par la vapeur. <\/p>\n\n\n\n<figure class=\"wp-block-image size-full\"><img loading=\"lazy\" decoding=\"async\" width=\"496\" height=\"501\" src=\"https:\/\/www.mobilier-design-occasion.fr\/magazine\/wp-content\/uploads\/2023\/11\/image-181.png\" alt=\"\" class=\"wp-image-7270\" srcset=\"https:\/\/www.mobilier-design-occasion.fr\/magazine\/wp-content\/uploads\/2023\/11\/image-181.png 496w, https:\/\/www.mobilier-design-occasion.fr\/magazine\/wp-content\/uploads\/2023\/11\/image-181-297x300.png 297w, https:\/\/www.mobilier-design-occasion.fr\/magazine\/wp-content\/uploads\/2023\/11\/image-181-120x120.png 120w\" sizes=\"auto, (max-width: 496px) 100vw, 496px\" \/><figcaption class=\"wp-element-caption\">Instagram : vintage_mood_france<\/figcaption><\/figure>\n\n\n\n<p>C&#8217;est cette innovation qui a permis \u00e0 la chaise de se d\u00e9marquer et de rester en vogue \u00e0 travers les \u00e2ges. Elle s&#8217;int\u00e8gre harmonieusement dans tout d\u00e9cor, du rustique au contemporain, faisant d&#8217;elle une v\u00e9ritable cam\u00e9l\u00e9on du design. En plus, elle est souvent c\u00e9l\u00e9br\u00e9e pour son confort, qui ne sacrifie rien \u00e0 la fonction au profit de la forme.<\/p>\n\n\n\n<figure class=\"wp-block-image size-full\"><img loading=\"lazy\" decoding=\"async\" width=\"545\" height=\"550\" src=\"https:\/\/www.mobilier-design-occasion.fr\/magazine\/wp-content\/uploads\/2023\/11\/image-180.png\" alt=\"\" class=\"wp-image-7269\" srcset=\"https:\/\/www.mobilier-design-occasion.fr\/magazine\/wp-content\/uploads\/2023\/11\/image-180.png 545w, https:\/\/www.mobilier-design-occasion.fr\/magazine\/wp-content\/uploads\/2023\/11\/image-180-297x300.png 297w, https:\/\/www.mobilier-design-occasion.fr\/magazine\/wp-content\/uploads\/2023\/11\/image-180-150x150.png 150w, https:\/\/www.mobilier-design-occasion.fr\/magazine\/wp-content\/uploads\/2023\/11\/image-180-120x120.png 120w\" sizes=\"auto, (max-width: 545px) 100vw, 545px\" \/><figcaption class=\"wp-element-caption\">Il s&#8217;agit du mod\u00e8le iconique \u00ab\u00a0Consumsessel Nr 14\u00a0\u00bb, dessin\u00e9 par Michael Thonet en 1859 pour \u00e9quip\u00e9 le caf\u00e9 viennois d\u2019Anna Daum, et qui sera reproduite d\u00e8s 1871 par Alexander Fischel, dans sa premiere fabrique \u00e0 Niemes.<\/figcaption><\/figure>\n\n\n\n<h4 class=\"wp-block-heading\"><span class=\"ez-toc-section\" id=\"La_democratisation_du_design\"><\/span>La d\u00e9mocratisation du design<span class=\"ez-toc-section-end\"><\/span><\/h4>\n\n\n\n<p>La Chaise n\u00b0 14 n&#8217;est pas qu&#8217;un objet de mus\u00e9e ; elle est un mod\u00e8le de design d\u00e9mocratique. Avec un prix abordable, elle a rendu le design de qualit\u00e9 accessible \u00e0 tous. Ce n&#8217;est pas seulement son prix qui est attractif, mais aussi sa durabilit\u00e9. Construite pour durer, elle offre un excellent rapport qualit\u00e9-prix. <\/p>\n\n\n\n<figure class=\"wp-block-image size-full\"><img loading=\"lazy\" decoding=\"async\" width=\"605\" height=\"654\" src=\"https:\/\/www.mobilier-design-occasion.fr\/magazine\/wp-content\/uploads\/2023\/11\/image-182.png\" alt=\"\" class=\"wp-image-7271\" srcset=\"https:\/\/www.mobilier-design-occasion.fr\/magazine\/wp-content\/uploads\/2023\/11\/image-182.png 605w, https:\/\/www.mobilier-design-occasion.fr\/magazine\/wp-content\/uploads\/2023\/11\/image-182-278x300.png 278w\" sizes=\"auto, (max-width: 605px) 100vw, 605px\" \/><figcaption class=\"wp-element-caption\">Instagram : <a href=\"https:\/\/www.instagram.com\/thonetaustralia\/?ref=instaLink&amp;hl=fr\">thonetaustralia<\/a><\/figcaption><\/figure>\n\n\n\n<p>Pensez aux nombreuses fa\u00e7ons dont vous pourriez l&#8217;utiliser chez vous : comme si\u00e8ge suppl\u00e9mentaire \u00e9l\u00e9gant qui se range facilement, ou en tant que pi\u00e8ce centrale dans une salle \u00e0 manger minimaliste. Chaque chaise raconte une histoire, et la Chaise n\u00b0 14 pourrait raconter la v\u00f4tre.<\/p>\n\n\n\n<figure class=\"wp-block-image size-full\"><a href=\"https:\/\/www.instagram.com\/explore\/tags\/thonet14\/\"><img loading=\"lazy\" decoding=\"async\" width=\"947\" height=\"637\" src=\"https:\/\/www.mobilier-design-occasion.fr\/magazine\/wp-content\/uploads\/2023\/11\/image-183.png\" alt=\"\" class=\"wp-image-7272\" srcset=\"https:\/\/www.mobilier-design-occasion.fr\/magazine\/wp-content\/uploads\/2023\/11\/image-183.png 947w, https:\/\/www.mobilier-design-occasion.fr\/magazine\/wp-content\/uploads\/2023\/11\/image-183-300x202.png 300w, https:\/\/www.mobilier-design-occasion.fr\/magazine\/wp-content\/uploads\/2023\/11\/image-183-768x517.png 768w, https:\/\/www.mobilier-design-occasion.fr\/magazine\/wp-content\/uploads\/2023\/11\/image-183-810x545.png 810w\" sizes=\"auto, (max-width: 947px) 100vw, 947px\" \/><\/a><figcaption class=\"wp-element-caption\">Suivez le hashtag Thonet sur Instagram pour plus d&#8217;inspiration.<\/figcaption><\/figure>\n\n\n\n<h4 class=\"wp-block-heading\"><span class=\"ez-toc-section\" id=\"Un_symbole_culturel_vivant\"><\/span>Un symbole culturel vivant<span class=\"ez-toc-section-end\"><\/span><\/h4>\n\n\n\n<p>Quand vous choisissez la Chaise n\u00b0 14, vous ne faites pas qu&#8217;acheter un meuble. Vous devenez gardien d&#8217;un h\u00e9ritage culturel. Elle est souvent pr\u00e9sente dans des caf\u00e9s chics et des galeries d&#8217;art, t\u00e9moignant de son caract\u00e8re universellement appr\u00e9ci\u00e9. Son design a inspir\u00e9 de nombreux cr\u00e9ateurs contemporains, et poss\u00e9der une telle pi\u00e8ce, c&#8217;est un peu comme d\u00e9tenir une part de cet h\u00e9ritage cr\u00e9atif. <\/p>\n\n\n\n<figure class=\"wp-block-image size-full\"><img loading=\"lazy\" decoding=\"async\" width=\"538\" height=\"522\" src=\"https:\/\/www.mobilier-design-occasion.fr\/magazine\/wp-content\/uploads\/2023\/11\/image-184.png\" alt=\"\" class=\"wp-image-7273\" srcset=\"https:\/\/www.mobilier-design-occasion.fr\/magazine\/wp-content\/uploads\/2023\/11\/image-184.png 538w, https:\/\/www.mobilier-design-occasion.fr\/magazine\/wp-content\/uploads\/2023\/11\/image-184-300x291.png 300w\" sizes=\"auto, (max-width: 538px) 100vw, 538px\" \/><\/figure>\n\n\n\n<figure class=\"wp-block-image size-full\"><img loading=\"lazy\" decoding=\"async\" width=\"527\" height=\"494\" src=\"https:\/\/www.mobilier-design-occasion.fr\/magazine\/wp-content\/uploads\/2023\/11\/image-185.png\" alt=\"\" class=\"wp-image-7274\" srcset=\"https:\/\/www.mobilier-design-occasion.fr\/magazine\/wp-content\/uploads\/2023\/11\/image-185.png 527w, https:\/\/www.mobilier-design-occasion.fr\/magazine\/wp-content\/uploads\/2023\/11\/image-185-300x281.png 300w\" sizes=\"auto, (max-width: 527px) 100vw, 527px\" \/><\/figure>\n\n\n\n<figure class=\"wp-block-image size-full\"><img loading=\"lazy\" decoding=\"async\" width=\"530\" height=\"504\" src=\"https:\/\/www.mobilier-design-occasion.fr\/magazine\/wp-content\/uploads\/2023\/11\/image-186.png\" alt=\"\" class=\"wp-image-7275\" srcset=\"https:\/\/www.mobilier-design-occasion.fr\/magazine\/wp-content\/uploads\/2023\/11\/image-186.png 530w, https:\/\/www.mobilier-design-occasion.fr\/magazine\/wp-content\/uploads\/2023\/11\/image-186-300x285.png 300w\" sizes=\"auto, (max-width: 530px) 100vw, 530px\" \/><\/figure>\n\n\n\n<figure class=\"wp-block-image size-full\"><img loading=\"lazy\" decoding=\"async\" width=\"534\" height=\"477\" src=\"https:\/\/www.mobilier-design-occasion.fr\/magazine\/wp-content\/uploads\/2023\/11\/image-187.png\" alt=\"\" class=\"wp-image-7276\" srcset=\"https:\/\/www.mobilier-design-occasion.fr\/magazine\/wp-content\/uploads\/2023\/11\/image-187.png 534w, https:\/\/www.mobilier-design-occasion.fr\/magazine\/wp-content\/uploads\/2023\/11\/image-187-300x268.png 300w\" sizes=\"auto, (max-width: 534px) 100vw, 534px\" \/><\/figure>\n\n\n\n<figure class=\"wp-block-image size-full\"><img loading=\"lazy\" decoding=\"async\" width=\"527\" height=\"488\" src=\"https:\/\/www.mobilier-design-occasion.fr\/magazine\/wp-content\/uploads\/2023\/11\/image-188.png\" alt=\"\" class=\"wp-image-7277\" srcset=\"https:\/\/www.mobilier-design-occasion.fr\/magazine\/wp-content\/uploads\/2023\/11\/image-188.png 527w, https:\/\/www.mobilier-design-occasion.fr\/magazine\/wp-content\/uploads\/2023\/11\/image-188-300x278.png 300w\" sizes=\"auto, (max-width: 527px) 100vw, 527px\" \/><\/figure>\n\n\n\n<p>Elle encourage \u00e0 cr\u00e9er des espaces qui sont \u00e0 la fois personnels et charg\u00e9s d&#8217;histoire. Imaginez-la dans un coin de votre salon, invitant \u00e0 la conversation et \u00e0 la d\u00e9tente, ou dans une chambre, ajoutant une touche d&#8217;\u00e9l\u00e9gance intemporelle. La Chaise n\u00b0 14 n&#8217;est pas juste un objet, c&#8217;est un pont entre les g\u00e9n\u00e9rations, un \u00e9l\u00e9ment qui reste toujours aussi pertinent et inspirant.<\/p>\n","protected":false},"excerpt":{"rendered":"<p>Une innovation intemporelle Plongez dans l&#8217;histoire de la Chaise n\u00b0 14, un chef-d&#8217;\u0153uvre de Michael Thonet, qui, depuis 1859, captive les amateurs de design. Sa silhouette courb\u00e9e et son assise en cannage t\u00e9moignent d&#8217;un savoir-faire r\u00e9volutionnaire pour l&#8217;\u00e9poque, utilisant des techniques de cintrage du bois par la vapeur. C&#8217;est cette innovation qui a permis \u00e0 [&hellip;]<\/p>\n","protected":false},"author":2,"featured_media":7270,"comment_status":"open","ping_status":"open","sticky":false,"template":"","format":"standard","meta":{"footnotes":""},"categories":[128,127],"tags":[152,140,133],"class_list":["post-7268","post","type-post","status-publish","format-standard","has-post-thumbnail","hentry","category-bureau","category-salle-a-manger","tag-bois","tag-chaise","tag-vintage"],"yoast_head":"<!-- This site is optimized with the Yoast SEO plugin v27.5 - https:\/\/yoast.com\/product\/yoast-seo-wordpress\/ -->\n<title>La chaise parfaite qui a travers\u00e9 les \u00e9poques : Chaise #14 de Thonet - Mobilier Design Magazine<\/title>\n<meta name=\"robots\" content=\"index, follow, max-snippet:-1, max-image-preview:large, max-video-preview:-1\" \/>\n<link rel=\"canonical\" href=\"https:\/\/www.mobilier-design-occasion.fr\/magazine\/la-chaise-parfait-qui-a-traverse-les-epoques-chaise-14-de-thonet\/\" \/>\n<meta property=\"og:locale\" content=\"fr_FR\" \/>\n<meta property=\"og:type\" content=\"article\" \/>\n<meta property=\"og:title\" content=\"La chaise parfaite qui a travers\u00e9 les \u00e9poques : Chaise #14 de Thonet - Mobilier Design Magazine\" \/>\n<meta property=\"og:description\" content=\"Une innovation intemporelle Plongez dans l&#8217;histoire de la Chaise n\u00b0 14, un chef-d&#8217;\u0153uvre de Michael Thonet, qui, depuis 1859, captive les amateurs de design. Sa silhouette courb\u00e9e et son assise en cannage t\u00e9moignent d&#8217;un savoir-faire r\u00e9volutionnaire pour l&#8217;\u00e9poque, utilisant des techniques de cintrage du bois par la vapeur. C&#8217;est cette innovation qui a permis \u00e0 [&hellip;]\" \/>\n<meta property=\"og:url\" content=\"https:\/\/www.mobilier-design-occasion.fr\/magazine\/la-chaise-parfait-qui-a-traverse-les-epoques-chaise-14-de-thonet\/\" \/>\n<meta property=\"og:site_name\" content=\"Mobilier Design Magazine\" \/>\n<meta property=\"article:publisher\" content=\"https:\/\/www.facebook.com\/mobilierdesignoccasion\" \/>\n<meta property=\"article:published_time\" content=\"2023-11-27T07:21:57+00:00\" \/>\n<meta property=\"article:modified_time\" content=\"2023-11-27T07:24:27+00:00\" \/>\n<meta property=\"og:image\" content=\"https:\/\/www.mobilier-design-occasion.fr\/magazine\/wp-content\/uploads\/2023\/11\/image-181.png\" \/>\n\t<meta property=\"og:image:width\" content=\"496\" \/>\n\t<meta property=\"og:image:height\" content=\"501\" \/>\n\t<meta property=\"og:image:type\" content=\"image\/png\" \/>\n<meta name=\"author\" content=\"Vincent Vandegans\" \/>\n<meta name=\"twitter:card\" content=\"summary_large_image\" \/>\n<meta name=\"twitter:label1\" content=\"\u00c9crit par\" \/>\n\t<meta name=\"twitter:data1\" content=\"Vincent Vandegans\" \/>\n\t<meta name=\"twitter:label2\" content=\"Dur\u00e9e de lecture estim\u00e9e\" \/>\n\t<meta name=\"twitter:data2\" content=\"2 minutes\" \/>\n<script type=\"application\/ld+json\" class=\"yoast-schema-graph\">{\"@context\":\"https:\\\/\\\/schema.org\",\"@graph\":[{\"@type\":\"Article\",\"@id\":\"https:\\\/\\\/www.mobilier-design-occasion.fr\\\/magazine\\\/la-chaise-parfait-qui-a-traverse-les-epoques-chaise-14-de-thonet\\\/#article\",\"isPartOf\":{\"@id\":\"https:\\\/\\\/www.mobilier-design-occasion.fr\\\/magazine\\\/la-chaise-parfait-qui-a-traverse-les-epoques-chaise-14-de-thonet\\\/\"},\"author\":{\"name\":\"Vincent Vandegans\",\"@id\":\"https:\\\/\\\/www.mobilier-design-occasion.fr\\\/magazine\\\/#\\\/schema\\\/person\\\/af895bedc80bfb6b17730a672fddac9e\"},\"headline\":\"La chaise parfaite qui a travers\u00e9 les \u00e9poques : Chaise #14 de Thonet\",\"datePublished\":\"2023-11-27T07:21:57+00:00\",\"dateModified\":\"2023-11-27T07:24:27+00:00\",\"mainEntityOfPage\":{\"@id\":\"https:\\\/\\\/www.mobilier-design-occasion.fr\\\/magazine\\\/la-chaise-parfait-qui-a-traverse-les-epoques-chaise-14-de-thonet\\\/\"},\"wordCount\":446,\"commentCount\":0,\"publisher\":{\"@id\":\"https:\\\/\\\/www.mobilier-design-occasion.fr\\\/magazine\\\/#organization\"},\"image\":{\"@id\":\"https:\\\/\\\/www.mobilier-design-occasion.fr\\\/magazine\\\/la-chaise-parfait-qui-a-traverse-les-epoques-chaise-14-de-thonet\\\/#primaryimage\"},\"thumbnailUrl\":\"https:\\\/\\\/www.mobilier-design-occasion.fr\\\/magazine\\\/wp-content\\\/uploads\\\/2023\\\/11\\\/image-181.png\",\"keywords\":[\"bois\",\"chaise\",\"Vintage\"],\"articleSection\":[\"Bureau\",\"Salle \u00e0 manger\"],\"inLanguage\":\"fr-FR\",\"potentialAction\":[{\"@type\":\"CommentAction\",\"name\":\"Comment\",\"target\":[\"https:\\\/\\\/www.mobilier-design-occasion.fr\\\/magazine\\\/la-chaise-parfait-qui-a-traverse-les-epoques-chaise-14-de-thonet\\\/#respond\"]}]},{\"@type\":\"WebPage\",\"@id\":\"https:\\\/\\\/www.mobilier-design-occasion.fr\\\/magazine\\\/la-chaise-parfait-qui-a-traverse-les-epoques-chaise-14-de-thonet\\\/\",\"url\":\"https:\\\/\\\/www.mobilier-design-occasion.fr\\\/magazine\\\/la-chaise-parfait-qui-a-traverse-les-epoques-chaise-14-de-thonet\\\/\",\"name\":\"La chaise parfaite qui a travers\u00e9 les \u00e9poques : Chaise #14 de Thonet - Mobilier Design Magazine\",\"isPartOf\":{\"@id\":\"https:\\\/\\\/www.mobilier-design-occasion.fr\\\/magazine\\\/#website\"},\"primaryImageOfPage\":{\"@id\":\"https:\\\/\\\/www.mobilier-design-occasion.fr\\\/magazine\\\/la-chaise-parfait-qui-a-traverse-les-epoques-chaise-14-de-thonet\\\/#primaryimage\"},\"image\":{\"@id\":\"https:\\\/\\\/www.mobilier-design-occasion.fr\\\/magazine\\\/la-chaise-parfait-qui-a-traverse-les-epoques-chaise-14-de-thonet\\\/#primaryimage\"},\"thumbnailUrl\":\"https:\\\/\\\/www.mobilier-design-occasion.fr\\\/magazine\\\/wp-content\\\/uploads\\\/2023\\\/11\\\/image-181.png\",\"datePublished\":\"2023-11-27T07:21:57+00:00\",\"dateModified\":\"2023-11-27T07:24:27+00:00\",\"breadcrumb\":{\"@id\":\"https:\\\/\\\/www.mobilier-design-occasion.fr\\\/magazine\\\/la-chaise-parfait-qui-a-traverse-les-epoques-chaise-14-de-thonet\\\/#breadcrumb\"},\"inLanguage\":\"fr-FR\",\"potentialAction\":[{\"@type\":\"ReadAction\",\"target\":[\"https:\\\/\\\/www.mobilier-design-occasion.fr\\\/magazine\\\/la-chaise-parfait-qui-a-traverse-les-epoques-chaise-14-de-thonet\\\/\"]}]},{\"@type\":\"ImageObject\",\"inLanguage\":\"fr-FR\",\"@id\":\"https:\\\/\\\/www.mobilier-design-occasion.fr\\\/magazine\\\/la-chaise-parfait-qui-a-traverse-les-epoques-chaise-14-de-thonet\\\/#primaryimage\",\"url\":\"https:\\\/\\\/www.mobilier-design-occasion.fr\\\/magazine\\\/wp-content\\\/uploads\\\/2023\\\/11\\\/image-181.png\",\"contentUrl\":\"https:\\\/\\\/www.mobilier-design-occasion.fr\\\/magazine\\\/wp-content\\\/uploads\\\/2023\\\/11\\\/image-181.png\",\"width\":496,\"height\":501},{\"@type\":\"BreadcrumbList\",\"@id\":\"https:\\\/\\\/www.mobilier-design-occasion.fr\\\/magazine\\\/la-chaise-parfait-qui-a-traverse-les-epoques-chaise-14-de-thonet\\\/#breadcrumb\",\"itemListElement\":[{\"@type\":\"ListItem\",\"position\":1,\"name\":\"Accueil\",\"item\":\"https:\\\/\\\/www.mobilier-design-occasion.fr\\\/magazine\\\/\"},{\"@type\":\"ListItem\",\"position\":2,\"name\":\"La chaise parfaite qui a travers\u00e9 les \u00e9poques : Chaise #14 de Thonet\"}]},{\"@type\":\"WebSite\",\"@id\":\"https:\\\/\\\/www.mobilier-design-occasion.fr\\\/magazine\\\/#website\",\"url\":\"https:\\\/\\\/www.mobilier-design-occasion.fr\\\/magazine\\\/\",\"name\":\"Mobilier Design Magazine\",\"description\":\"\",\"publisher\":{\"@id\":\"https:\\\/\\\/www.mobilier-design-occasion.fr\\\/magazine\\\/#organization\"},\"potentialAction\":[{\"@type\":\"SearchAction\",\"target\":{\"@type\":\"EntryPoint\",\"urlTemplate\":\"https:\\\/\\\/www.mobilier-design-occasion.fr\\\/magazine\\\/?s={search_term_string}\"},\"query-input\":{\"@type\":\"PropertyValueSpecification\",\"valueRequired\":true,\"valueName\":\"search_term_string\"}}],\"inLanguage\":\"fr-FR\"},{\"@type\":\"Organization\",\"@id\":\"https:\\\/\\\/www.mobilier-design-occasion.fr\\\/magazine\\\/#organization\",\"name\":\"Mobilier Design Magazine\",\"url\":\"https:\\\/\\\/www.mobilier-design-occasion.fr\\\/magazine\\\/\",\"logo\":{\"@type\":\"ImageObject\",\"inLanguage\":\"fr-FR\",\"@id\":\"https:\\\/\\\/www.mobilier-design-occasion.fr\\\/magazine\\\/#\\\/schema\\\/logo\\\/image\\\/\",\"url\":\"https:\\\/\\\/www.mobilier-design-occasion.fr\\\/magazine\\\/wp-content\\\/uploads\\\/2024\\\/02\\\/android-chrome-192x192-1.png\",\"contentUrl\":\"https:\\\/\\\/www.mobilier-design-occasion.fr\\\/magazine\\\/wp-content\\\/uploads\\\/2024\\\/02\\\/android-chrome-192x192-1.png\",\"width\":192,\"height\":192,\"caption\":\"Mobilier Design Magazine\"},\"image\":{\"@id\":\"https:\\\/\\\/www.mobilier-design-occasion.fr\\\/magazine\\\/#\\\/schema\\\/logo\\\/image\\\/\"},\"sameAs\":[\"https:\\\/\\\/www.facebook.com\\\/mobilierdesignoccasion\"]},{\"@type\":\"Person\",\"@id\":\"https:\\\/\\\/www.mobilier-design-occasion.fr\\\/magazine\\\/#\\\/schema\\\/person\\\/af895bedc80bfb6b17730a672fddac9e\",\"name\":\"Vincent Vandegans\",\"image\":{\"@type\":\"ImageObject\",\"inLanguage\":\"fr-FR\",\"@id\":\"https:\\\/\\\/secure.gravatar.com\\\/avatar\\\/b984800dabdf722d5e3f03f637c8932dea77d81118467d17ad2953e3b273ec66?s=96&d=mm&r=g\",\"url\":\"https:\\\/\\\/secure.gravatar.com\\\/avatar\\\/b984800dabdf722d5e3f03f637c8932dea77d81118467d17ad2953e3b273ec66?s=96&d=mm&r=g\",\"contentUrl\":\"https:\\\/\\\/secure.gravatar.com\\\/avatar\\\/b984800dabdf722d5e3f03f637c8932dea77d81118467d17ad2953e3b273ec66?s=96&d=mm&r=g\",\"caption\":\"Vincent Vandegans\"},\"description\":\"Vincent est passionn\u00e9 par les produits d'occasion, il a ouvert le site MDO avec Cyrielle pour aider les gens \u00e0 trouver du mobilier d'occasion, vintage ou usag\u00e9. Depuis, ils ont \u00e9tendu leurs activit\u00e9s et conseillent tout le monde sur le mobilier d'int\u00e9rieur et d'ext\u00e9rieur au quotidien \u00e0 travers le magazine MDO.\",\"url\":\"https:\\\/\\\/www.mobilier-design-occasion.fr\\\/magazine\\\/author\\\/vincent\\\/\"}]}<\/script>\n<!-- \/ Yoast SEO plugin. -->","yoast_head_json":{"title":"La chaise parfaite qui a travers\u00e9 les \u00e9poques : Chaise #14 de Thonet - Mobilier Design Magazine","robots":{"index":"index","follow":"follow","max-snippet":"max-snippet:-1","max-image-preview":"max-image-preview:large","max-video-preview":"max-video-preview:-1"},"canonical":"https:\/\/www.mobilier-design-occasion.fr\/magazine\/la-chaise-parfait-qui-a-traverse-les-epoques-chaise-14-de-thonet\/","og_locale":"fr_FR","og_type":"article","og_title":"La chaise parfaite qui a travers\u00e9 les \u00e9poques : Chaise #14 de Thonet - Mobilier Design Magazine","og_description":"Une innovation intemporelle Plongez dans l&#8217;histoire de la Chaise n\u00b0 14, un chef-d&#8217;\u0153uvre de Michael Thonet, qui, depuis 1859, captive les amateurs de design. Sa silhouette courb\u00e9e et son assise en cannage t\u00e9moignent d&#8217;un savoir-faire r\u00e9volutionnaire pour l&#8217;\u00e9poque, utilisant des techniques de cintrage du bois par la vapeur. C&#8217;est cette innovation qui a permis \u00e0 [&hellip;]","og_url":"https:\/\/www.mobilier-design-occasion.fr\/magazine\/la-chaise-parfait-qui-a-traverse-les-epoques-chaise-14-de-thonet\/","og_site_name":"Mobilier Design Magazine","article_publisher":"https:\/\/www.facebook.com\/mobilierdesignoccasion","article_published_time":"2023-11-27T07:21:57+00:00","article_modified_time":"2023-11-27T07:24:27+00:00","og_image":[{"width":496,"height":501,"url":"https:\/\/www.mobilier-design-occasion.fr\/magazine\/wp-content\/uploads\/2023\/11\/image-181.png","type":"image\/png"}],"author":"Vincent Vandegans","twitter_card":"summary_large_image","twitter_misc":{"\u00c9crit par":"Vincent Vandegans","Dur\u00e9e de lecture estim\u00e9e":"2 minutes"},"schema":{"@context":"https:\/\/schema.org","@graph":[{"@type":"Article","@id":"https:\/\/www.mobilier-design-occasion.fr\/magazine\/la-chaise-parfait-qui-a-traverse-les-epoques-chaise-14-de-thonet\/#article","isPartOf":{"@id":"https:\/\/www.mobilier-design-occasion.fr\/magazine\/la-chaise-parfait-qui-a-traverse-les-epoques-chaise-14-de-thonet\/"},"author":{"name":"Vincent Vandegans","@id":"https:\/\/www.mobilier-design-occasion.fr\/magazine\/#\/schema\/person\/af895bedc80bfb6b17730a672fddac9e"},"headline":"La chaise parfaite qui a travers\u00e9 les \u00e9poques : Chaise #14 de Thonet","datePublished":"2023-11-27T07:21:57+00:00","dateModified":"2023-11-27T07:24:27+00:00","mainEntityOfPage":{"@id":"https:\/\/www.mobilier-design-occasion.fr\/magazine\/la-chaise-parfait-qui-a-traverse-les-epoques-chaise-14-de-thonet\/"},"wordCount":446,"commentCount":0,"publisher":{"@id":"https:\/\/www.mobilier-design-occasion.fr\/magazine\/#organization"},"image":{"@id":"https:\/\/www.mobilier-design-occasion.fr\/magazine\/la-chaise-parfait-qui-a-traverse-les-epoques-chaise-14-de-thonet\/#primaryimage"},"thumbnailUrl":"https:\/\/www.mobilier-design-occasion.fr\/magazine\/wp-content\/uploads\/2023\/11\/image-181.png","keywords":["bois","chaise","Vintage"],"articleSection":["Bureau","Salle \u00e0 manger"],"inLanguage":"fr-FR","potentialAction":[{"@type":"CommentAction","name":"Comment","target":["https:\/\/www.mobilier-design-occasion.fr\/magazine\/la-chaise-parfait-qui-a-traverse-les-epoques-chaise-14-de-thonet\/#respond"]}]},{"@type":"WebPage","@id":"https:\/\/www.mobilier-design-occasion.fr\/magazine\/la-chaise-parfait-qui-a-traverse-les-epoques-chaise-14-de-thonet\/","url":"https:\/\/www.mobilier-design-occasion.fr\/magazine\/la-chaise-parfait-qui-a-traverse-les-epoques-chaise-14-de-thonet\/","name":"La chaise parfaite qui a travers\u00e9 les \u00e9poques : Chaise #14 de Thonet - Mobilier Design Magazine","isPartOf":{"@id":"https:\/\/www.mobilier-design-occasion.fr\/magazine\/#website"},"primaryImageOfPage":{"@id":"https:\/\/www.mobilier-design-occasion.fr\/magazine\/la-chaise-parfait-qui-a-traverse-les-epoques-chaise-14-de-thonet\/#primaryimage"},"image":{"@id":"https:\/\/www.mobilier-design-occasion.fr\/magazine\/la-chaise-parfait-qui-a-traverse-les-epoques-chaise-14-de-thonet\/#primaryimage"},"thumbnailUrl":"https:\/\/www.mobilier-design-occasion.fr\/magazine\/wp-content\/uploads\/2023\/11\/image-181.png","datePublished":"2023-11-27T07:21:57+00:00","dateModified":"2023-11-27T07:24:27+00:00","breadcrumb":{"@id":"https:\/\/www.mobilier-design-occasion.fr\/magazine\/la-chaise-parfait-qui-a-traverse-les-epoques-chaise-14-de-thonet\/#breadcrumb"},"inLanguage":"fr-FR","potentialAction":[{"@type":"ReadAction","target":["https:\/\/www.mobilier-design-occasion.fr\/magazine\/la-chaise-parfait-qui-a-traverse-les-epoques-chaise-14-de-thonet\/"]}]},{"@type":"ImageObject","inLanguage":"fr-FR","@id":"https:\/\/www.mobilier-design-occasion.fr\/magazine\/la-chaise-parfait-qui-a-traverse-les-epoques-chaise-14-de-thonet\/#primaryimage","url":"https:\/\/www.mobilier-design-occasion.fr\/magazine\/wp-content\/uploads\/2023\/11\/image-181.png","contentUrl":"https:\/\/www.mobilier-design-occasion.fr\/magazine\/wp-content\/uploads\/2023\/11\/image-181.png","width":496,"height":501},{"@type":"BreadcrumbList","@id":"https:\/\/www.mobilier-design-occasion.fr\/magazine\/la-chaise-parfait-qui-a-traverse-les-epoques-chaise-14-de-thonet\/#breadcrumb","itemListElement":[{"@type":"ListItem","position":1,"name":"Accueil","item":"https:\/\/www.mobilier-design-occasion.fr\/magazine\/"},{"@type":"ListItem","position":2,"name":"La chaise parfaite qui a travers\u00e9 les \u00e9poques : Chaise #14 de Thonet"}]},{"@type":"WebSite","@id":"https:\/\/www.mobilier-design-occasion.fr\/magazine\/#website","url":"https:\/\/www.mobilier-design-occasion.fr\/magazine\/","name":"Mobilier Design Magazine","description":"","publisher":{"@id":"https:\/\/www.mobilier-design-occasion.fr\/magazine\/#organization"},"potentialAction":[{"@type":"SearchAction","target":{"@type":"EntryPoint","urlTemplate":"https:\/\/www.mobilier-design-occasion.fr\/magazine\/?s={search_term_string}"},"query-input":{"@type":"PropertyValueSpecification","valueRequired":true,"valueName":"search_term_string"}}],"inLanguage":"fr-FR"},{"@type":"Organization","@id":"https:\/\/www.mobilier-design-occasion.fr\/magazine\/#organization","name":"Mobilier Design Magazine","url":"https:\/\/www.mobilier-design-occasion.fr\/magazine\/","logo":{"@type":"ImageObject","inLanguage":"fr-FR","@id":"https:\/\/www.mobilier-design-occasion.fr\/magazine\/#\/schema\/logo\/image\/","url":"https:\/\/www.mobilier-design-occasion.fr\/magazine\/wp-content\/uploads\/2024\/02\/android-chrome-192x192-1.png","contentUrl":"https:\/\/www.mobilier-design-occasion.fr\/magazine\/wp-content\/uploads\/2024\/02\/android-chrome-192x192-1.png","width":192,"height":192,"caption":"Mobilier Design Magazine"},"image":{"@id":"https:\/\/www.mobilier-design-occasion.fr\/magazine\/#\/schema\/logo\/image\/"},"sameAs":["https:\/\/www.facebook.com\/mobilierdesignoccasion"]},{"@type":"Person","@id":"https:\/\/www.mobilier-design-occasion.fr\/magazine\/#\/schema\/person\/af895bedc80bfb6b17730a672fddac9e","name":"Vincent Vandegans","image":{"@type":"ImageObject","inLanguage":"fr-FR","@id":"https:\/\/secure.gravatar.com\/avatar\/b984800dabdf722d5e3f03f637c8932dea77d81118467d17ad2953e3b273ec66?s=96&d=mm&r=g","url":"https:\/\/secure.gravatar.com\/avatar\/b984800dabdf722d5e3f03f637c8932dea77d81118467d17ad2953e3b273ec66?s=96&d=mm&r=g","contentUrl":"https:\/\/secure.gravatar.com\/avatar\/b984800dabdf722d5e3f03f637c8932dea77d81118467d17ad2953e3b273ec66?s=96&d=mm&r=g","caption":"Vincent Vandegans"},"description":"Vincent est passionn\u00e9 par les produits d'occasion, il a ouvert le site MDO avec Cyrielle pour aider les gens \u00e0 trouver du mobilier d'occasion, vintage ou usag\u00e9. Depuis, ils ont \u00e9tendu leurs activit\u00e9s et conseillent tout le monde sur le mobilier d'int\u00e9rieur et d'ext\u00e9rieur au quotidien \u00e0 travers le magazine MDO.","url":"https:\/\/www.mobilier-design-occasion.fr\/magazine\/author\/vincent\/"}]}},"_links":{"self":[{"href":"https:\/\/www.mobilier-design-occasion.fr\/magazine\/wp-json\/wp\/v2\/posts\/7268","targetHints":{"allow":["GET"]}}],"collection":[{"href":"https:\/\/www.mobilier-design-occasion.fr\/magazine\/wp-json\/wp\/v2\/posts"}],"about":[{"href":"https:\/\/www.mobilier-design-occasion.fr\/magazine\/wp-json\/wp\/v2\/types\/post"}],"author":[{"embeddable":true,"href":"https:\/\/www.mobilier-design-occasion.fr\/magazine\/wp-json\/wp\/v2\/users\/2"}],"replies":[{"embeddable":true,"href":"https:\/\/www.mobilier-design-occasion.fr\/magazine\/wp-json\/wp\/v2\/comments?post=7268"}],"version-history":[{"count":2,"href":"https:\/\/www.mobilier-design-occasion.fr\/magazine\/wp-json\/wp\/v2\/posts\/7268\/revisions"}],"predecessor-version":[{"id":7279,"href":"https:\/\/www.mobilier-design-occasion.fr\/magazine\/wp-json\/wp\/v2\/posts\/7268\/revisions\/7279"}],"wp:featuredmedia":[{"embeddable":true,"href":"https:\/\/www.mobilier-design-occasion.fr\/magazine\/wp-json\/wp\/v2\/media\/7270"}],"wp:attachment":[{"href":"https:\/\/www.mobilier-design-occasion.fr\/magazine\/wp-json\/wp\/v2\/media?parent=7268"}],"wp:term":[{"taxonomy":"category","embeddable":true,"href":"https:\/\/www.mobilier-design-occasion.fr\/magazine\/wp-json\/wp\/v2\/categories?post=7268"},{"taxonomy":"post_tag","embeddable":true,"href":"https:\/\/www.mobilier-design-occasion.fr\/magazine\/wp-json\/wp\/v2\/tags?post=7268"}],"curies":[{"name":"wp","href":"https:\/\/api.w.org\/{rel}","templated":true}]}}