{"id":7242,"date":"2023-11-24T10:11:45","date_gmt":"2023-11-24T10:11:45","guid":{"rendered":"https:\/\/www.mobilier-design-occasion.fr\/magazine\/?p=7242"},"modified":"2023-12-13T09:27:51","modified_gmt":"2023-12-13T09:27:51","slug":"comment-choisir-son-canape-convertible-design-pour-amenager-un-petit-espace","status":"publish","type":"post","link":"https:\/\/www.mobilier-design-occasion.fr\/magazine\/comment-choisir-son-canape-convertible-design-pour-amenager-un-petit-espace\/","title":{"rendered":"Comment choisir son canap\u00e9 convertible design pour am\u00e9nager un petit espace?"},"content":{"rendered":"\n<p>Un <strong>petit espace<\/strong> ne signifie pas pour autant renoncer \u00e0 un ameublement design et confortable. Le canap\u00e9 convertible est l&#8217;exemple parfait qui allie utilit\u00e9, esth\u00e9tique et gain de place. Cet \u00e9l\u00e9ment, \u00e0 la crois\u00e9e entre le <strong>canap\u00e9<\/strong> et le <strong>lit<\/strong>, doit \u00eatre choisi avec soin pour s&#8217;adapter parfaitement \u00e0 vos besoins et \u00e0 votre d\u00e9coration.<\/p>\n\n\n\n<h2 class=\"wp-block-heading\"><span class=\"ez-toc-section\" id=\"Choisir_la_taille_du_canape\"><\/span>Choisir la taille du canap\u00e9<span class=\"ez-toc-section-end\"><\/span><\/h2><div id=\"ez-toc-container\" class=\"ez-toc-v2_0_82_2 counter-hierarchy ez-toc-counter ez-toc-grey ez-toc-container-direction\">\n<div class=\"ez-toc-title-container\">\n<span class=\"ez-toc-title-toggle\"><a href=\"#\" class=\"ez-toc-pull-right ez-toc-btn ez-toc-btn-xs ez-toc-btn-default ez-toc-toggle\" aria-label=\"Toggle Table of Content\"><span class=\"ez-toc-js-icon-con\"><span class=\"\"><span class=\"eztoc-hide\" style=\"display:none;\">Toggle<\/span><span class=\"ez-toc-icon-toggle-span\"><svg style=\"fill: #999;color:#999\" xmlns=\"http:\/\/www.w3.org\/2000\/svg\" class=\"list-377408\" width=\"20px\" height=\"20px\" viewBox=\"0 0 24 24\" fill=\"none\"><path d=\"M6 6H4v2h2V6zm14 0H8v2h12V6zM4 11h2v2H4v-2zm16 0H8v2h12v-2zM4 16h2v2H4v-2zm16 0H8v2h12v-2z\" fill=\"currentColor\"><\/path><\/svg><svg style=\"fill: #999;color:#999\" class=\"arrow-unsorted-368013\" xmlns=\"http:\/\/www.w3.org\/2000\/svg\" width=\"10px\" height=\"10px\" viewBox=\"0 0 24 24\" version=\"1.2\" baseProfile=\"tiny\"><path d=\"M18.2 9.3l-6.2-6.3-6.2 6.3c-.2.2-.3.4-.3.7s.1.5.3.7c.2.2.4.3.7.3h11c.3 0 .5-.1.7-.3.2-.2.3-.5.3-.7s-.1-.5-.3-.7zM5.8 14.7l6.2 6.3 6.2-6.3c.2-.2.3-.5.3-.7s-.1-.5-.3-.7c-.2-.2-.4-.3-.7-.3h-11c-.3 0-.5.1-.7.3-.2.2-.3.5-.3.7s.1.5.3.7z\"\/><\/svg><\/span><\/span><\/span><\/a><\/span><\/div>\n<nav><ul class='ez-toc-list ez-toc-list-level-1 eztoc-toggle-hide-by-default' ><li class='ez-toc-page-1 ez-toc-heading-level-2'><a class=\"ez-toc-link ez-toc-heading-1\" href=\"https:\/\/www.mobilier-design-occasion.fr\/magazine\/comment-choisir-son-canape-convertible-design-pour-amenager-un-petit-espace\/#Choisir_la_taille_du_canape\" >Choisir la taille du canap\u00e9<\/a><ul class='ez-toc-list-level-3' ><li class='ez-toc-heading-level-3'><a class=\"ez-toc-link ez-toc-heading-2\" href=\"https:\/\/www.mobilier-design-occasion.fr\/magazine\/comment-choisir-son-canape-convertible-design-pour-amenager-un-petit-espace\/#Dimensions_et_espace\" >Dimensions et espace<\/a><\/li><li class='ez-toc-page-1 ez-toc-heading-level-3'><a class=\"ez-toc-link ez-toc-heading-3\" href=\"https:\/\/www.mobilier-design-occasion.fr\/magazine\/comment-choisir-son-canape-convertible-design-pour-amenager-un-petit-espace\/#Modeles_et_configurations\" >Mod\u00e8les et configurations<\/a><\/li><li class='ez-toc-page-1 ez-toc-heading-level-3'><a class=\"ez-toc-link ez-toc-heading-4\" href=\"https:\/\/www.mobilier-design-occasion.fr\/magazine\/comment-choisir-son-canape-convertible-design-pour-amenager-un-petit-espace\/#Confort_et_utilisation\" >Confort et utilisation<\/a><\/li><\/ul><\/li><li class='ez-toc-page-1 ez-toc-heading-level-2'><a class=\"ez-toc-link ez-toc-heading-5\" href=\"https:\/\/www.mobilier-design-occasion.fr\/magazine\/comment-choisir-son-canape-convertible-design-pour-amenager-un-petit-espace\/#Esthetique_et_matieres\" >Esth\u00e9tique et mati\u00e8res<\/a><ul class='ez-toc-list-level-3' ><li class='ez-toc-heading-level-3'><a class=\"ez-toc-link ez-toc-heading-6\" href=\"https:\/\/www.mobilier-design-occasion.fr\/magazine\/comment-choisir-son-canape-convertible-design-pour-amenager-un-petit-espace\/#Couleurs_et_styles\" >Couleurs et styles<\/a><\/li><li class='ez-toc-page-1 ez-toc-heading-level-3'><a class=\"ez-toc-link ez-toc-heading-7\" href=\"https:\/\/www.mobilier-design-occasion.fr\/magazine\/comment-choisir-son-canape-convertible-design-pour-amenager-un-petit-espace\/#Matieres_et_textures\" >Mati\u00e8res et textures<\/a><\/li><\/ul><\/li><li class='ez-toc-page-1 ez-toc-heading-level-2'><a class=\"ez-toc-link ez-toc-heading-8\" href=\"https:\/\/www.mobilier-design-occasion.fr\/magazine\/comment-choisir-son-canape-convertible-design-pour-amenager-un-petit-espace\/#Choisir_le_systeme_douverture\" >Choisir le syst\u00e8me d&#8217;ouverture<\/a><ul class='ez-toc-list-level-3' ><li class='ez-toc-heading-level-3'><a class=\"ez-toc-link ez-toc-heading-9\" href=\"https:\/\/www.mobilier-design-occasion.fr\/magazine\/comment-choisir-son-canape-convertible-design-pour-amenager-un-petit-espace\/#Les_differents_mecanismes\" >Les diff\u00e9rents m\u00e9canismes<\/a><\/li><li class='ez-toc-page-1 ez-toc-heading-level-3'><a class=\"ez-toc-link ez-toc-heading-10\" href=\"https:\/\/www.mobilier-design-occasion.fr\/magazine\/comment-choisir-son-canape-convertible-design-pour-amenager-un-petit-espace\/#La_facilite_dutilisation\" >La facilit\u00e9 d&#8217;utilisation<\/a><\/li><li class='ez-toc-page-1 ez-toc-heading-level-3'><a class=\"ez-toc-link ez-toc-heading-11\" href=\"https:\/\/www.mobilier-design-occasion.fr\/magazine\/comment-choisir-son-canape-convertible-design-pour-amenager-un-petit-espace\/#Les_criteres_de_choix\" >Les crit\u00e8res de choix<\/a><\/li><\/ul><\/li><li class='ez-toc-page-1 ez-toc-heading-level-2'><a class=\"ez-toc-link ez-toc-heading-12\" href=\"https:\/\/www.mobilier-design-occasion.fr\/magazine\/comment-choisir-son-canape-convertible-design-pour-amenager-un-petit-espace\/#La_Maison_Convertible_Lexcellence_du_convertible_a_la_francaise\" >La Maison Convertible: L&#8217;excellence du convertible \u00e0 la fran\u00e7aise<\/a><ul class='ez-toc-list-level-3' ><li class='ez-toc-heading-level-3'><a class=\"ez-toc-link ez-toc-heading-13\" href=\"https:\/\/www.mobilier-design-occasion.fr\/magazine\/comment-choisir-son-canape-convertible-design-pour-amenager-un-petit-espace\/#Des_debuts_humbles_a_la_renommee_nationale\" >Des d\u00e9buts humbles \u00e0 la renomm\u00e9e nationale<\/a><\/li><li class='ez-toc-page-1 ez-toc-heading-level-3'><a class=\"ez-toc-link ez-toc-heading-14\" href=\"https:\/\/www.mobilier-design-occasion.fr\/magazine\/comment-choisir-son-canape-convertible-design-pour-amenager-un-petit-espace\/#Une_gamme_variee_pour_tous_les_gouts_et_tous_les_budgets\" >Une gamme vari\u00e9e pour tous les go\u00fbts et tous les budgets<\/a><\/li><li class='ez-toc-page-1 ez-toc-heading-level-3'><a class=\"ez-toc-link ez-toc-heading-15\" href=\"https:\/\/www.mobilier-design-occasion.fr\/magazine\/comment-choisir-son-canape-convertible-design-pour-amenager-un-petit-espace\/#Un_service_client_hors_pair\" >Un service client hors pair<\/a><\/li><\/ul><\/li><\/ul><\/nav><\/div>\n\n\n\n\n<p>Le choix de la taille de votre canap\u00e9 convertible est primordial. Un canap\u00e9 trop grand et votre <strong>espace<\/strong> risque d&#8217;\u00eatre encombr\u00e9. Trop petit, et il ne r\u00e9pondra pas \u00e0 vos besoins de confort.<\/p>\n\n\n\n<h3 class=\"wp-block-heading\"><span class=\"ez-toc-section\" id=\"Dimensions_et_espace\"><\/span>Dimensions et espace<span class=\"ez-toc-section-end\"><\/span><\/h3>\n\n\n\n<p>Avant d&#8217;acheter, prenez le temps de mesurer l&#8217;<strong>espace<\/strong> disponible dans votre <strong>salon<\/strong> ou la pi\u00e8ce destin\u00e9e \u00e0 accueillir le canap\u00e9. La <strong>largeur<\/strong> et la longueur sont des \u00e9l\u00e9ments cl\u00e9s \u00e0 prendre en compte, sans oublier l&#8217;espace n\u00e9cessaire lorsque le canap\u00e9 est transform\u00e9 en <strong>lit<\/strong>.<\/p>\n\n\n\n<h3 class=\"wp-block-heading\"><span class=\"ez-toc-section\" id=\"Modeles_et_configurations\"><\/span>Mod\u00e8les et configurations<span class=\"ez-toc-section-end\"><\/span><\/h3>\n\n\n\n<p>Un <a href=\"https:\/\/www.lamaisonconvertible.fr\/collections\/canape-convertible\"><strong>petit canap\u00e9 convertible<\/strong><\/a> peut \u00eatre une option pour un studio ou un espace r\u00e9duit. Pour ceux ayant un coin libre, un canap\u00e9 d&#8217;<strong>angle<\/strong> pourrait s&#8217;av\u00e9rer judicieux. Quant au <strong>lit mural escamotable<\/strong>, il se d\u00e9cline aujourd&#8217;hui dans des designs tr\u00e8s contemporains, fusionnant parfaitement avec le reste de votre mobilier.<\/p>\n\n\n\n<h3 class=\"wp-block-heading\"><span class=\"ez-toc-section\" id=\"Confort_et_utilisation\"><\/span>Confort et utilisation<span class=\"ez-toc-section-end\"><\/span><\/h3>\n\n\n\n<p>Un point \u00e0 ne pas n\u00e9gliger est le confort. Un canap\u00e9 est souvent utilis\u00e9 au <strong>quotidien<\/strong> pour la d\u00e9tente, le visionnage de films ou la lecture. Assurez-vous que les <strong>accoudoirs<\/strong>, les <strong>tetieres<\/strong> et le <strong>matelas<\/strong> soient de <strong>qualit\u00e9<\/strong>. De plus, si le canap\u00e9 est destin\u00e9 \u00e0 un usage fr\u00e9quent en tant que lit, pr\u00e9f\u00e9rez un mod\u00e8le offrant un <strong>couchage<\/strong> r\u00e9gulier.<\/p>\n\n\n\n<h2 class=\"wp-block-heading\"><span class=\"ez-toc-section\" id=\"Esthetique_et_matieres\"><\/span>Esth\u00e9tique et mati\u00e8res<span class=\"ez-toc-section-end\"><\/span><\/h2>\n\n\n\n<p>L&#8217;esth\u00e9tique d&#8217;un canap\u00e9 convertible est aussi importante que sa fonctionnalit\u00e9, notamment dans les <strong>petits espaces<\/strong> o\u00f9 chaque \u00e9l\u00e9ment de d\u00e9coration doit \u00eatre choisi avec soin.<\/p>\n\n\n\n<h3 class=\"wp-block-heading\"><span class=\"ez-toc-section\" id=\"Couleurs_et_styles\"><\/span>Couleurs et styles<span class=\"ez-toc-section-end\"><\/span><\/h3>\n\n\n\n<p>L&#8217;ambiance que vous souhaitez cr\u00e9er dans votre <strong>salon<\/strong> d\u00e9terminera en grande partie le style et la couleur de votre canap\u00e9.<\/p>\n\n\n\n<ul class=\"wp-block-list\">\n<li><strong>Scandinave<\/strong> : Caract\u00e9ris\u00e9 par des lignes \u00e9pur\u00e9es et des tons neutres, ce style peut \u00eatre rehauss\u00e9 par un <strong>petit canap\u00e9 convertible<\/strong> en <strong>couleur beige<\/strong> ou pastel.<br><\/li>\n\n\n\n<li><strong>Contemporain<\/strong> : Les canap\u00e9s au design <strong>contemporain<\/strong> jouent souvent avec les formes et les <strong>couleurs<\/strong>. Ainsi, des teintes vives comme le <strong>canard<\/strong> peuvent s&#8217;y int\u00e9grer \u00e0 merveille, notamment dans des <strong>mod\u00e8les<\/strong> aux <strong>accoudoirs<\/strong> et <strong>tetieres<\/strong> innovantes.<\/li>\n\n\n\n<li><strong>Classique<\/strong> : Ici, la priorit\u00e9 est donn\u00e9e \u00e0 l&#8217;\u00e9l\u00e9gance intemporelle. Les canap\u00e9s aux tons <strong>beige<\/strong>, dot\u00e9s d&#8217;<strong>accoudoirs droits<\/strong> et d&#8217;une <strong>d\u00e9co<\/strong> sobre, s&#8217;int\u00e8grent parfaitement dans ce cadre.<br><\/li>\n<\/ul>\n\n\n\n<h3 class=\"wp-block-heading\"><span class=\"ez-toc-section\" id=\"Matieres_et_textures\"><\/span>Mati\u00e8res et textures<span class=\"ez-toc-section-end\"><\/span><\/h3>\n\n\n\n<p>Au-del\u00e0 de l&#8217;esth\u00e9tique, la mati\u00e8re de votre canap\u00e9 influence le confort et la durabilit\u00e9.<\/p>\n\n\n\n<ul class=\"wp-block-list\">\n<li><strong>Tissu<\/strong> : Il s&#8217;agit de l&#8217;option la plus courante pour les canap\u00e9s. Les <strong>tissus r\u00e9versibles<\/strong> ou trait\u00e9s anti-taches sont pratiques pour le <strong>quotidien<\/strong>, offrant \u00e0 la fois une <strong>d\u00e9co<\/strong> modifiable et une maintenance facile.<br><\/li>\n\n\n\n<li><strong>Velours<\/strong> : Symbole de luxe et de confort, le velours est de plus en plus populaire, notamment dans les designs <strong>contemporains<\/strong>. Son toucher doux et sa brillance subtile apportent une touche de raffinement.<br><\/li>\n\n\n\n<li><strong>Cuir<\/strong> : Durable et \u00e9l\u00e9gant, le cuir est un choix pris\u00e9 pour ceux qui cherchent la <strong>qualit\u00e9<\/strong>. En plus de sa robustesse, il offre une esth\u00e9tique ind\u00e9modable qui s&#8217;harmonise avec de nombreux <strong>styles<\/strong>.<br><\/li>\n<\/ul>\n\n\n\n<p>L&#8217;esth\u00e9tique et le choix des mati\u00e8res de votre canap\u00e9 convertible doivent \u00eatre \u00e0 la hauteur de vos attentes en mati\u00e8re de d\u00e9coration et de confort. Pensez \u00e0 v\u00e9rifier les <strong>promos<\/strong> et les <strong>nouveaut\u00e9s<\/strong> pour d\u00e9nicher le mod\u00e8le qui vous convient le mieux, en tenant compte de votre budget et de l&#8217;<strong>espace<\/strong> disponible.<\/p>\n\n\n\n<h2 class=\"wp-block-heading\"><span class=\"ez-toc-section\" id=\"Choisir_le_systeme_douverture\"><\/span>Choisir le syst\u00e8me d&#8217;ouverture<span class=\"ez-toc-section-end\"><\/span><\/h2>\n\n\n\n<p><img loading=\"lazy\" decoding=\"async\" width=\"602\" height=\"344\" src=\"https:\/\/lh7-us.googleusercontent.com\/t5sdH_Jiw8w7uVr70UzcFfeVRt5MShtqWDo2SaBdVfpkUwVJp3X7rg_dPnQeTQyXBcK16DbEDWxOVnZqX_MGlLT7i-FXO0J7GiCSY1M_oc3_UxQTDUb2lotNDH5WssX7CNCgC17fkyyoKMqTpLGHGw\"><\/p>\n\n\n\n<p>Le c\u0153ur d&#8217;un <strong>canap\u00e9 convertible<\/strong> r\u00e9side dans son syst\u00e8me d&#8217;ouverture. Bien plus qu&#8217;un simple meuble, il se transforme en <strong>lit<\/strong> pour r\u00e9pondre aux besoins de <strong>couchage<\/strong>. Assurez-vous que ce m\u00e9canisme soit adapt\u00e9 \u00e0 votre <strong>usage quotidien<\/strong>.<\/p>\n\n\n\n<h3 class=\"wp-block-heading\"><span class=\"ez-toc-section\" id=\"Les_differents_mecanismes\"><\/span>Les diff\u00e9rents m\u00e9canismes<span class=\"ez-toc-section-end\"><\/span><\/h3>\n\n\n\n<p>Chaque syst\u00e8me d&#8217;ouverture pr\u00e9sente des avantages en fonction de l&#8217;espace disponible, de la fr\u00e9quence d&#8217;utilisation et du confort recherch\u00e9.<\/p>\n\n\n\n<ul class=\"wp-block-list\">\n<li><strong>Clic-clac<\/strong> : Ce m\u00e9canisme permet de transformer rapidement et facilement le <strong>canap\u00e9<\/strong> en <strong>lit<\/strong> en abaissant simplement le dossier. Il est id\u00e9al pour les petits espaces et offre souvent un <strong>gain<\/strong> de place gr\u00e2ce \u00e0 un <strong>coffre de rangement<\/strong> int\u00e9gr\u00e9. L&#8217;avantage est qu\u2019il est peu profond&nbsp;: il se d\u00e9plie parall\u00e8lement au mur.&nbsp;<\/li>\n\n\n\n<li>BZ \u00e0 ajouter\u00a0: comme le clic clac mais se d\u00e9plie perpendiculairement au mur. La largeur du BZ correspond \u00e0 la largeur du couchage apr\u00e8s avoir d\u00e9pli\u00e9 la banquette.<\/li>\n\n\n\n<li><strong>Cubed<\/strong> : Moins connu que le clic-clac, le syst\u00e8me cubed est une <strong>innovation<\/strong> appr\u00e9ci\u00e9e pour sa simplicit\u00e9 et son design moderne. L\u2019assise du <strong>canap\u00e9<\/strong> se tire en quelques gestes pour devenir un lit id\u00e9al pour un couchage ponctuel d\u2019appoint.<\/li>\n\n\n\n<li><a href=\"https:\/\/www.maison-travaux.fr\/maison-travaux\/renovation-par-piece\/chambre-renovation-par-piece\/lits-armoires-escamotables-lelegance-de-la-modularite-au-service-de-lespace-473180.html\"><strong>Lit mural escamotable<\/strong><\/a> : Ce syst\u00e8me d&#8217;ouverture, bien qu&#8217;innovant, n\u00e9cessite plus d&#8217;<strong>espace<\/strong>. Le <strong>lit<\/strong> est dissimul\u00e9 derri\u00e8re un panneau mural et peut \u00eatre d\u00e9pli\u00e9 selon les besoins. Cette solution est pris\u00e9e pour sa <strong>qualit\u00e9 de couchage<\/strong> et son esth\u00e9tique <strong>contemporaine<\/strong>.<\/li>\n<\/ul>\n\n\n\n<h3 class=\"wp-block-heading\"><span class=\"ez-toc-section\" id=\"La_facilite_dutilisation\"><\/span>La facilit\u00e9 d&#8217;utilisation<span class=\"ez-toc-section-end\"><\/span><\/h3>\n\n\n\n<p>Un syst\u00e8me d&#8217;ouverture facile garantit une transition sans effort entre le <strong>canap\u00e9<\/strong> et le <strong>lit<\/strong>. Si vous pr\u00e9voyez d&#8217;utiliser votre canap\u00e9 convertible quotidiennement, assurez-vous que le m\u00e9canisme soit fluide et ne n\u00e9cessite pas de force excessive.<\/p>\n\n\n\n<h3 class=\"wp-block-heading\"><span class=\"ez-toc-section\" id=\"Les_criteres_de_choix\"><\/span>Les crit\u00e8res de choix<span class=\"ez-toc-section-end\"><\/span><\/h3>\n\n\n\n<p>Le choix du syst\u00e8me d&#8217;ouverture doit tenir compte de plusieurs facteurs :<\/p>\n\n\n\n<ul class=\"wp-block-list\">\n<li><strong>Espace disponible<\/strong> : Certains syst\u00e8mes, comme le <strong>lit mural escamotable<\/strong>, n\u00e9cessitent plus d&#8217;espace que d&#8217;autres.<\/li>\n\n\n\n<li><strong>Fr\u00e9quence d&#8217;utilisation<\/strong> : Pour un <strong>usage quotidien<\/strong>, optez pour un m\u00e9canisme fiable et durable.<\/li>\n\n\n\n<li><strong>Confort<\/strong> : Le type de <strong>matelas<\/strong> et de <strong>mousse<\/strong> utilis\u00e9 peut varier selon le m\u00e9canisme, influen\u00e7ant ainsi le confort du couchage.<\/li>\n<\/ul>\n\n\n\n<p>Le m\u00e9canisme d&#8217;ouverture de votre canap\u00e9 convertible est essentiel pour assurer un \u00e9quilibre entre fonctionnalit\u00e9 et confort. Il est crucial de prendre le temps d&#8217;essayer diff\u00e9rents syst\u00e8mes et de r\u00e9fl\u00e9chir \u00e0 vos besoins r\u00e9els avant de prendre une d\u00e9cision.<\/p>\n\n\n\n<h2 class=\"wp-block-heading\"><span class=\"ez-toc-section\" id=\"La_Maison_Convertible_Lexcellence_du_convertible_a_la_francaise\"><\/span>La Maison Convertible: L&#8217;excellence du convertible \u00e0 la fran\u00e7aise<span class=\"ez-toc-section-end\"><\/span><\/h2>\n\n\n\n<p><img loading=\"lazy\" decoding=\"async\" width=\"602\" height=\"349\" src=\"https:\/\/lh7-us.googleusercontent.com\/TQCDNKCi1NLfxyeGp1M4AiT-KANCzyDNq3xYqsGYCrwTPUZ4vu792ukSvQVKlsFOXH1jylB3j55QAA8KiuaqVpox0AX6nKV52xA4Q3hVjT8sPvAT3WTAns-xsmiCHguL5j4VwSHMnmpKTp2WCTCr2Q\"><\/p>\n\n\n\n<p>Lorsqu&#8217;on \u00e9voque le monde du <strong>canap\u00e9 convertible<\/strong>, un nom se d\u00e9tache du lot : <strong>La Maison Convertible<\/strong>. Cr\u00e9\u00e9e en 1982, cette entreprise fran\u00e7aise s&#8217;est impos\u00e9e comme une r\u00e9f\u00e9rence dans son domaine, garantissant des produits alliant <strong>confort, design<\/strong> et <strong>innovation<\/strong>.<\/p>\n\n\n\n<h3 class=\"wp-block-heading\"><span class=\"ez-toc-section\" id=\"Des_debuts_humbles_a_la_renommee_nationale\"><\/span>Des d\u00e9buts humbles \u00e0 la renomm\u00e9e nationale<span class=\"ez-toc-section-end\"><\/span><\/h3>\n\n\n\n<p>En 1980, deux familles s\u2019associent pour ouvrir un d\u00e9pot-vente de mobilier. Tr\u00e8s vite, un produit se distingue par l\u2019int\u00e9r\u00eat qui lui est port\u00e9 : le canap\u00e9 convertible. En 1989, les familles cr\u00e9ent l\u2019enseigne <em>Canap\u00e9 Salon<\/em>. Apr\u00e8s l\u2019acquisition de deux enseignes, le groupe devient <em>La Maison Convertible<\/em>.<br><br><em>La Maison Convertible<\/em> se d\u00e9veloppe depuis, \u00e0 travers la France avec 50 points de vente ouverts \u00e0 ce jour. L\u2019ouverture en 2007 d\u2019un d\u00e9p\u00f4t de 5000m2 leur permet de se d\u00e9marquer par un vaste stock. Mais le facteur ultime de leur r\u00e9ussite r\u00e9side dans le professionnalisme et la comp\u00e9tence de ses collaborateurs.&nbsp;<\/p>\n\n\n\n<h3 class=\"wp-block-heading\"><span class=\"ez-toc-section\" id=\"Une_gamme_variee_pour_tous_les_gouts_et_tous_les_budgets\"><\/span>Une gamme vari\u00e9e pour tous les go\u00fbts et tous les budgets<span class=\"ez-toc-section-end\"><\/span><\/h3>\n\n\n\n<p>Chaque <strong>salon<\/strong> a sa propre identit\u00e9 et La Maison Convertible l&#8217;a bien compris. Que vous soyez amateur de <strong>design scandinave<\/strong>, de <strong>velours doux<\/strong> ou de <strong>cuir raffin\u00e9<\/strong>, ou de <a href=\"https:\/\/www.lamaisonconvertible.fr\/blogs\/astuces-et-conseils-deco\/canape-design-celebre\">canap\u00e9 design historique<\/a>, vous trouverez le <strong>canap\u00e9<\/strong> parfait.<\/p>\n\n\n\n<ul class=\"wp-block-list\">\n<li><strong>Petits espaces<\/strong> : Pour ceux disposant d&#8217;espaces r\u00e9duits, le <strong>petit canap\u00e9 convertible<\/strong> et le <strong>lit mural escamotable<\/strong> s&#8217;av\u00e8rent id\u00e9aux, combinant esth\u00e9tique et gain de place.<br><\/li>\n\n\n\n<li><strong>Mat\u00e9riaux de qualit\u00e9<\/strong> : De l&#8217;\u00e9l\u00e9gance intemporelle du <strong>bois massif<\/strong> au confort de la <strong>mousse d&#8217;assise en latex<\/strong>, l&#8217;entreprise met l&#8217;accent sur la <strong>qualit\u00e9<\/strong> de ses mat\u00e9riaux. Le <strong>prix<\/strong>, malgr\u00e9 la qualit\u00e9 irr\u00e9prochable des produits, reste comp\u00e9titif, avec des <strong>promos<\/strong> r\u00e9guli\u00e8res et des <strong>nouveaut\u00e9s<\/strong> introduites r\u00e9guli\u00e8rement.<br><\/li>\n\n\n\n<li><strong>Innovations<\/strong> : \u00c0 l&#8217;avant-garde du <strong>design<\/strong>, l&#8217;entreprise propose diff\u00e9rents syst\u00e8mes d&#8217;ouverture pour satisfaire le quotidien de chacun, du classique <strong>clic-clac<\/strong> au moderne <strong>cubed<\/strong>, sans oublier le confortable BZ ou le relax pour des moments de d\u00e9tente assur\u00e9s.<br><\/li>\n<\/ul>\n\n\n\n<h3 class=\"wp-block-heading\"><span class=\"ez-toc-section\" id=\"Un_service_client_hors_pair\"><\/span>Un service client hors pair<span class=\"ez-toc-section-end\"><\/span><\/h3>\n\n\n\n<p>L&#8217;excellence ne s&#8217;arr\u00eate pas \u00e0 la qualit\u00e9 des produits. La Maison &nbsp;Convertible se distingue aussi par son service client exemplaire. Elle garantit une <strong>garantie de 10 ans<\/strong> sur l&#8217;ensemble de ses <strong>canap\u00e9s convertibles<\/strong>, t\u00e9moignant de sa confiance en ses produits. Pour faciliter votre achat, des services tels que la <strong>livraison<\/strong>, le <strong>montage \u00e0 domicile<\/strong> ou encore la reprise de votre ancien canap\u00e9 sont propos\u00e9s.<\/p>\n\n\n\n<p>Avec presque quatre d\u00e9cennies d&#8217;exp\u00e9rience, <strong>La Maison Convertible<\/strong> est bien plus qu&#8217;un simple magasin de canap\u00e9s. C&#8217;est la promesse d&#8217;une expertise, d&#8217;un choix vari\u00e9 et d&#8217;un service client de premier ordre pour tous ceux qui cherchent \u00e0 combiner fonctionnalit\u00e9 et esth\u00e9tisme dans leur espace de vie.<\/p>\n\n\n\n<p>Choisir un <a href=\"https:\/\/www.lamaisonconvertible.fr\/collections\/canape-convertible-design\"><strong>canap\u00e9 convertible design<\/strong> pour un petit espace<\/a> n\u00e9cessite de concilier plusieurs aspects : taille, fonctionnalit\u00e9, design et budget. Avec ces conseils, vous \u00eates par\u00e9 pour faire un choix \u00e9clair\u00e9 et investir dans un meuble \u00e0 la fois beau, <strong>confortable<\/strong> et pratique.<\/p>\n","protected":false},"excerpt":{"rendered":"<p>Un petit espace ne signifie pas pour autant renoncer \u00e0 un ameublement design et confortable. Le canap\u00e9 convertible est l&#8217;exemple parfait qui allie utilit\u00e9, esth\u00e9tique et gain de place. Cet \u00e9l\u00e9ment, \u00e0 la crois\u00e9e entre le canap\u00e9 et le lit, doit \u00eatre choisi avec soin pour s&#8217;adapter parfaitement \u00e0 vos besoins et \u00e0 votre d\u00e9coration. [&hellip;]<\/p>\n","protected":false},"author":1,"featured_media":7245,"comment_status":"open","ping_status":"open","sticky":false,"template":"","format":"standard","meta":{"footnotes":""},"categories":[2],"tags":[],"class_list":["post-7242","post","type-post","status-publish","format-standard","has-post-thumbnail","hentry","category-tendances"],"yoast_head":"<!-- This site is optimized with the Yoast SEO plugin v27.5 - https:\/\/yoast.com\/product\/yoast-seo-wordpress\/ -->\n<title>Comment choisir son canap\u00e9 convertible design pour am\u00e9nager un petit espace? - Mobilier Design Magazine<\/title>\n<meta name=\"robots\" content=\"index, follow, max-snippet:-1, max-image-preview:large, max-video-preview:-1\" \/>\n<link rel=\"canonical\" href=\"https:\/\/www.mobilier-design-occasion.fr\/magazine\/comment-choisir-son-canape-convertible-design-pour-amenager-un-petit-espace\/\" \/>\n<meta property=\"og:locale\" content=\"fr_FR\" \/>\n<meta property=\"og:type\" content=\"article\" \/>\n<meta property=\"og:title\" content=\"Comment choisir son canap\u00e9 convertible design pour am\u00e9nager un petit espace? - Mobilier Design Magazine\" \/>\n<meta property=\"og:description\" content=\"Un petit espace ne signifie pas pour autant renoncer \u00e0 un ameublement design et confortable. Le canap\u00e9 convertible est l&#8217;exemple parfait qui allie utilit\u00e9, esth\u00e9tique et gain de place. Cet \u00e9l\u00e9ment, \u00e0 la crois\u00e9e entre le canap\u00e9 et le lit, doit \u00eatre choisi avec soin pour s&#8217;adapter parfaitement \u00e0 vos besoins et \u00e0 votre d\u00e9coration. [&hellip;]\" \/>\n<meta property=\"og:url\" content=\"https:\/\/www.mobilier-design-occasion.fr\/magazine\/comment-choisir-son-canape-convertible-design-pour-amenager-un-petit-espace\/\" \/>\n<meta property=\"og:site_name\" content=\"Mobilier Design Magazine\" \/>\n<meta property=\"article:publisher\" content=\"https:\/\/www.facebook.com\/mobilierdesignoccasion\" \/>\n<meta property=\"article:published_time\" content=\"2023-11-24T10:11:45+00:00\" \/>\n<meta property=\"article:modified_time\" content=\"2023-12-13T09:27:51+00:00\" \/>\n<meta property=\"og:image\" content=\"https:\/\/www.mobilier-design-occasion.fr\/magazine\/wp-content\/uploads\/2023\/11\/Canape.jpg\" \/>\n\t<meta property=\"og:image:width\" content=\"1920\" \/>\n\t<meta property=\"og:image:height\" content=\"1745\" \/>\n\t<meta property=\"og:image:type\" content=\"image\/jpeg\" \/>\n<meta name=\"author\" content=\"Cyrielle Poirot\" \/>\n<meta name=\"twitter:card\" content=\"summary_large_image\" \/>\n<meta name=\"twitter:label1\" content=\"\u00c9crit par\" \/>\n\t<meta name=\"twitter:data1\" content=\"Cyrielle Poirot\" \/>\n\t<meta name=\"twitter:label2\" content=\"Dur\u00e9e de lecture estim\u00e9e\" \/>\n\t<meta name=\"twitter:data2\" content=\"8 minutes\" \/>\n<script type=\"application\/ld+json\" class=\"yoast-schema-graph\">{\"@context\":\"https:\\\/\\\/schema.org\",\"@graph\":[{\"@type\":\"Article\",\"@id\":\"https:\\\/\\\/www.mobilier-design-occasion.fr\\\/magazine\\\/comment-choisir-son-canape-convertible-design-pour-amenager-un-petit-espace\\\/#article\",\"isPartOf\":{\"@id\":\"https:\\\/\\\/www.mobilier-design-occasion.fr\\\/magazine\\\/comment-choisir-son-canape-convertible-design-pour-amenager-un-petit-espace\\\/\"},\"author\":{\"name\":\"Cyrielle Poirot\",\"@id\":\"https:\\\/\\\/www.mobilier-design-occasion.fr\\\/magazine\\\/#\\\/schema\\\/person\\\/5b2e5627a714ddadaaf8c9b886c55eff\"},\"headline\":\"Comment choisir son canap\u00e9 convertible design pour am\u00e9nager un petit espace?\",\"datePublished\":\"2023-11-24T10:11:45+00:00\",\"dateModified\":\"2023-12-13T09:27:51+00:00\",\"mainEntityOfPage\":{\"@id\":\"https:\\\/\\\/www.mobilier-design-occasion.fr\\\/magazine\\\/comment-choisir-son-canape-convertible-design-pour-amenager-un-petit-espace\\\/\"},\"wordCount\":1591,\"commentCount\":0,\"publisher\":{\"@id\":\"https:\\\/\\\/www.mobilier-design-occasion.fr\\\/magazine\\\/#organization\"},\"image\":{\"@id\":\"https:\\\/\\\/www.mobilier-design-occasion.fr\\\/magazine\\\/comment-choisir-son-canape-convertible-design-pour-amenager-un-petit-espace\\\/#primaryimage\"},\"thumbnailUrl\":\"https:\\\/\\\/www.mobilier-design-occasion.fr\\\/magazine\\\/wp-content\\\/uploads\\\/2023\\\/11\\\/Canape.jpg\",\"articleSection\":[\"Tendances\"],\"inLanguage\":\"fr-FR\",\"potentialAction\":[{\"@type\":\"CommentAction\",\"name\":\"Comment\",\"target\":[\"https:\\\/\\\/www.mobilier-design-occasion.fr\\\/magazine\\\/comment-choisir-son-canape-convertible-design-pour-amenager-un-petit-espace\\\/#respond\"]}]},{\"@type\":\"WebPage\",\"@id\":\"https:\\\/\\\/www.mobilier-design-occasion.fr\\\/magazine\\\/comment-choisir-son-canape-convertible-design-pour-amenager-un-petit-espace\\\/\",\"url\":\"https:\\\/\\\/www.mobilier-design-occasion.fr\\\/magazine\\\/comment-choisir-son-canape-convertible-design-pour-amenager-un-petit-espace\\\/\",\"name\":\"Comment choisir son canap\u00e9 convertible design pour am\u00e9nager un petit espace? - Mobilier Design Magazine\",\"isPartOf\":{\"@id\":\"https:\\\/\\\/www.mobilier-design-occasion.fr\\\/magazine\\\/#website\"},\"primaryImageOfPage\":{\"@id\":\"https:\\\/\\\/www.mobilier-design-occasion.fr\\\/magazine\\\/comment-choisir-son-canape-convertible-design-pour-amenager-un-petit-espace\\\/#primaryimage\"},\"image\":{\"@id\":\"https:\\\/\\\/www.mobilier-design-occasion.fr\\\/magazine\\\/comment-choisir-son-canape-convertible-design-pour-amenager-un-petit-espace\\\/#primaryimage\"},\"thumbnailUrl\":\"https:\\\/\\\/www.mobilier-design-occasion.fr\\\/magazine\\\/wp-content\\\/uploads\\\/2023\\\/11\\\/Canape.jpg\",\"datePublished\":\"2023-11-24T10:11:45+00:00\",\"dateModified\":\"2023-12-13T09:27:51+00:00\",\"breadcrumb\":{\"@id\":\"https:\\\/\\\/www.mobilier-design-occasion.fr\\\/magazine\\\/comment-choisir-son-canape-convertible-design-pour-amenager-un-petit-espace\\\/#breadcrumb\"},\"inLanguage\":\"fr-FR\",\"potentialAction\":[{\"@type\":\"ReadAction\",\"target\":[\"https:\\\/\\\/www.mobilier-design-occasion.fr\\\/magazine\\\/comment-choisir-son-canape-convertible-design-pour-amenager-un-petit-espace\\\/\"]}]},{\"@type\":\"ImageObject\",\"inLanguage\":\"fr-FR\",\"@id\":\"https:\\\/\\\/www.mobilier-design-occasion.fr\\\/magazine\\\/comment-choisir-son-canape-convertible-design-pour-amenager-un-petit-espace\\\/#primaryimage\",\"url\":\"https:\\\/\\\/www.mobilier-design-occasion.fr\\\/magazine\\\/wp-content\\\/uploads\\\/2023\\\/11\\\/Canape.jpg\",\"contentUrl\":\"https:\\\/\\\/www.mobilier-design-occasion.fr\\\/magazine\\\/wp-content\\\/uploads\\\/2023\\\/11\\\/Canape.jpg\",\"width\":1920,\"height\":1745},{\"@type\":\"BreadcrumbList\",\"@id\":\"https:\\\/\\\/www.mobilier-design-occasion.fr\\\/magazine\\\/comment-choisir-son-canape-convertible-design-pour-amenager-un-petit-espace\\\/#breadcrumb\",\"itemListElement\":[{\"@type\":\"ListItem\",\"position\":1,\"name\":\"Accueil\",\"item\":\"https:\\\/\\\/www.mobilier-design-occasion.fr\\\/magazine\\\/\"},{\"@type\":\"ListItem\",\"position\":2,\"name\":\"Comment choisir son canap\u00e9 convertible design pour am\u00e9nager un petit espace?\"}]},{\"@type\":\"WebSite\",\"@id\":\"https:\\\/\\\/www.mobilier-design-occasion.fr\\\/magazine\\\/#website\",\"url\":\"https:\\\/\\\/www.mobilier-design-occasion.fr\\\/magazine\\\/\",\"name\":\"Mobilier Design Magazine\",\"description\":\"\",\"publisher\":{\"@id\":\"https:\\\/\\\/www.mobilier-design-occasion.fr\\\/magazine\\\/#organization\"},\"potentialAction\":[{\"@type\":\"SearchAction\",\"target\":{\"@type\":\"EntryPoint\",\"urlTemplate\":\"https:\\\/\\\/www.mobilier-design-occasion.fr\\\/magazine\\\/?s={search_term_string}\"},\"query-input\":{\"@type\":\"PropertyValueSpecification\",\"valueRequired\":true,\"valueName\":\"search_term_string\"}}],\"inLanguage\":\"fr-FR\"},{\"@type\":\"Organization\",\"@id\":\"https:\\\/\\\/www.mobilier-design-occasion.fr\\\/magazine\\\/#organization\",\"name\":\"Mobilier Design Magazine\",\"url\":\"https:\\\/\\\/www.mobilier-design-occasion.fr\\\/magazine\\\/\",\"logo\":{\"@type\":\"ImageObject\",\"inLanguage\":\"fr-FR\",\"@id\":\"https:\\\/\\\/www.mobilier-design-occasion.fr\\\/magazine\\\/#\\\/schema\\\/logo\\\/image\\\/\",\"url\":\"https:\\\/\\\/www.mobilier-design-occasion.fr\\\/magazine\\\/wp-content\\\/uploads\\\/2024\\\/02\\\/android-chrome-192x192-1.png\",\"contentUrl\":\"https:\\\/\\\/www.mobilier-design-occasion.fr\\\/magazine\\\/wp-content\\\/uploads\\\/2024\\\/02\\\/android-chrome-192x192-1.png\",\"width\":192,\"height\":192,\"caption\":\"Mobilier Design Magazine\"},\"image\":{\"@id\":\"https:\\\/\\\/www.mobilier-design-occasion.fr\\\/magazine\\\/#\\\/schema\\\/logo\\\/image\\\/\"},\"sameAs\":[\"https:\\\/\\\/www.facebook.com\\\/mobilierdesignoccasion\"]},{\"@type\":\"Person\",\"@id\":\"https:\\\/\\\/www.mobilier-design-occasion.fr\\\/magazine\\\/#\\\/schema\\\/person\\\/5b2e5627a714ddadaaf8c9b886c55eff\",\"name\":\"Cyrielle Poirot\",\"image\":{\"@type\":\"ImageObject\",\"inLanguage\":\"fr-FR\",\"@id\":\"https:\\\/\\\/secure.gravatar.com\\\/avatar\\\/c8d2674e093b06894d8d1dc468b626bd752523471f3ac6e75f7c7a1400d40b4d?s=96&d=mm&r=g\",\"url\":\"https:\\\/\\\/secure.gravatar.com\\\/avatar\\\/c8d2674e093b06894d8d1dc468b626bd752523471f3ac6e75f7c7a1400d40b4d?s=96&d=mm&r=g\",\"contentUrl\":\"https:\\\/\\\/secure.gravatar.com\\\/avatar\\\/c8d2674e093b06894d8d1dc468b626bd752523471f3ac6e75f7c7a1400d40b4d?s=96&d=mm&r=g\",\"caption\":\"Cyrielle Poirot\"},\"description\":\"Cyrielle est passionn\u00e9e par la d\u00e9coration d'int\u00e9rieur et s'est sp\u00e9cialis\u00e9e depuis quelques ann\u00e9es dans l'\u00e9dition du site Mobilier-Design, avec une touche sp\u00e9cifique pour les produits d'occasion.\",\"sameAs\":[\"https:\\\/\\\/www.mobilier-design-occasion.fr\\\/magazine\"],\"url\":\"https:\\\/\\\/www.mobilier-design-occasion.fr\\\/magazine\\\/author\\\/cyrielle\\\/\"}]}<\/script>\n<!-- \/ Yoast SEO plugin. -->","yoast_head_json":{"title":"Comment choisir son canap\u00e9 convertible design pour am\u00e9nager un petit espace? - Mobilier Design Magazine","robots":{"index":"index","follow":"follow","max-snippet":"max-snippet:-1","max-image-preview":"max-image-preview:large","max-video-preview":"max-video-preview:-1"},"canonical":"https:\/\/www.mobilier-design-occasion.fr\/magazine\/comment-choisir-son-canape-convertible-design-pour-amenager-un-petit-espace\/","og_locale":"fr_FR","og_type":"article","og_title":"Comment choisir son canap\u00e9 convertible design pour am\u00e9nager un petit espace? - Mobilier Design Magazine","og_description":"Un petit espace ne signifie pas pour autant renoncer \u00e0 un ameublement design et confortable. Le canap\u00e9 convertible est l&#8217;exemple parfait qui allie utilit\u00e9, esth\u00e9tique et gain de place. Cet \u00e9l\u00e9ment, \u00e0 la crois\u00e9e entre le canap\u00e9 et le lit, doit \u00eatre choisi avec soin pour s&#8217;adapter parfaitement \u00e0 vos besoins et \u00e0 votre d\u00e9coration. [&hellip;]","og_url":"https:\/\/www.mobilier-design-occasion.fr\/magazine\/comment-choisir-son-canape-convertible-design-pour-amenager-un-petit-espace\/","og_site_name":"Mobilier Design Magazine","article_publisher":"https:\/\/www.facebook.com\/mobilierdesignoccasion","article_published_time":"2023-11-24T10:11:45+00:00","article_modified_time":"2023-12-13T09:27:51+00:00","og_image":[{"width":1920,"height":1745,"url":"https:\/\/www.mobilier-design-occasion.fr\/magazine\/wp-content\/uploads\/2023\/11\/Canape.jpg","type":"image\/jpeg"}],"author":"Cyrielle Poirot","twitter_card":"summary_large_image","twitter_misc":{"\u00c9crit par":"Cyrielle Poirot","Dur\u00e9e de lecture estim\u00e9e":"8 minutes"},"schema":{"@context":"https:\/\/schema.org","@graph":[{"@type":"Article","@id":"https:\/\/www.mobilier-design-occasion.fr\/magazine\/comment-choisir-son-canape-convertible-design-pour-amenager-un-petit-espace\/#article","isPartOf":{"@id":"https:\/\/www.mobilier-design-occasion.fr\/magazine\/comment-choisir-son-canape-convertible-design-pour-amenager-un-petit-espace\/"},"author":{"name":"Cyrielle Poirot","@id":"https:\/\/www.mobilier-design-occasion.fr\/magazine\/#\/schema\/person\/5b2e5627a714ddadaaf8c9b886c55eff"},"headline":"Comment choisir son canap\u00e9 convertible design pour am\u00e9nager un petit espace?","datePublished":"2023-11-24T10:11:45+00:00","dateModified":"2023-12-13T09:27:51+00:00","mainEntityOfPage":{"@id":"https:\/\/www.mobilier-design-occasion.fr\/magazine\/comment-choisir-son-canape-convertible-design-pour-amenager-un-petit-espace\/"},"wordCount":1591,"commentCount":0,"publisher":{"@id":"https:\/\/www.mobilier-design-occasion.fr\/magazine\/#organization"},"image":{"@id":"https:\/\/www.mobilier-design-occasion.fr\/magazine\/comment-choisir-son-canape-convertible-design-pour-amenager-un-petit-espace\/#primaryimage"},"thumbnailUrl":"https:\/\/www.mobilier-design-occasion.fr\/magazine\/wp-content\/uploads\/2023\/11\/Canape.jpg","articleSection":["Tendances"],"inLanguage":"fr-FR","potentialAction":[{"@type":"CommentAction","name":"Comment","target":["https:\/\/www.mobilier-design-occasion.fr\/magazine\/comment-choisir-son-canape-convertible-design-pour-amenager-un-petit-espace\/#respond"]}]},{"@type":"WebPage","@id":"https:\/\/www.mobilier-design-occasion.fr\/magazine\/comment-choisir-son-canape-convertible-design-pour-amenager-un-petit-espace\/","url":"https:\/\/www.mobilier-design-occasion.fr\/magazine\/comment-choisir-son-canape-convertible-design-pour-amenager-un-petit-espace\/","name":"Comment choisir son canap\u00e9 convertible design pour am\u00e9nager un petit espace? - Mobilier Design Magazine","isPartOf":{"@id":"https:\/\/www.mobilier-design-occasion.fr\/magazine\/#website"},"primaryImageOfPage":{"@id":"https:\/\/www.mobilier-design-occasion.fr\/magazine\/comment-choisir-son-canape-convertible-design-pour-amenager-un-petit-espace\/#primaryimage"},"image":{"@id":"https:\/\/www.mobilier-design-occasion.fr\/magazine\/comment-choisir-son-canape-convertible-design-pour-amenager-un-petit-espace\/#primaryimage"},"thumbnailUrl":"https:\/\/www.mobilier-design-occasion.fr\/magazine\/wp-content\/uploads\/2023\/11\/Canape.jpg","datePublished":"2023-11-24T10:11:45+00:00","dateModified":"2023-12-13T09:27:51+00:00","breadcrumb":{"@id":"https:\/\/www.mobilier-design-occasion.fr\/magazine\/comment-choisir-son-canape-convertible-design-pour-amenager-un-petit-espace\/#breadcrumb"},"inLanguage":"fr-FR","potentialAction":[{"@type":"ReadAction","target":["https:\/\/www.mobilier-design-occasion.fr\/magazine\/comment-choisir-son-canape-convertible-design-pour-amenager-un-petit-espace\/"]}]},{"@type":"ImageObject","inLanguage":"fr-FR","@id":"https:\/\/www.mobilier-design-occasion.fr\/magazine\/comment-choisir-son-canape-convertible-design-pour-amenager-un-petit-espace\/#primaryimage","url":"https:\/\/www.mobilier-design-occasion.fr\/magazine\/wp-content\/uploads\/2023\/11\/Canape.jpg","contentUrl":"https:\/\/www.mobilier-design-occasion.fr\/magazine\/wp-content\/uploads\/2023\/11\/Canape.jpg","width":1920,"height":1745},{"@type":"BreadcrumbList","@id":"https:\/\/www.mobilier-design-occasion.fr\/magazine\/comment-choisir-son-canape-convertible-design-pour-amenager-un-petit-espace\/#breadcrumb","itemListElement":[{"@type":"ListItem","position":1,"name":"Accueil","item":"https:\/\/www.mobilier-design-occasion.fr\/magazine\/"},{"@type":"ListItem","position":2,"name":"Comment choisir son canap\u00e9 convertible design pour am\u00e9nager un petit espace?"}]},{"@type":"WebSite","@id":"https:\/\/www.mobilier-design-occasion.fr\/magazine\/#website","url":"https:\/\/www.mobilier-design-occasion.fr\/magazine\/","name":"Mobilier Design Magazine","description":"","publisher":{"@id":"https:\/\/www.mobilier-design-occasion.fr\/magazine\/#organization"},"potentialAction":[{"@type":"SearchAction","target":{"@type":"EntryPoint","urlTemplate":"https:\/\/www.mobilier-design-occasion.fr\/magazine\/?s={search_term_string}"},"query-input":{"@type":"PropertyValueSpecification","valueRequired":true,"valueName":"search_term_string"}}],"inLanguage":"fr-FR"},{"@type":"Organization","@id":"https:\/\/www.mobilier-design-occasion.fr\/magazine\/#organization","name":"Mobilier Design Magazine","url":"https:\/\/www.mobilier-design-occasion.fr\/magazine\/","logo":{"@type":"ImageObject","inLanguage":"fr-FR","@id":"https:\/\/www.mobilier-design-occasion.fr\/magazine\/#\/schema\/logo\/image\/","url":"https:\/\/www.mobilier-design-occasion.fr\/magazine\/wp-content\/uploads\/2024\/02\/android-chrome-192x192-1.png","contentUrl":"https:\/\/www.mobilier-design-occasion.fr\/magazine\/wp-content\/uploads\/2024\/02\/android-chrome-192x192-1.png","width":192,"height":192,"caption":"Mobilier Design Magazine"},"image":{"@id":"https:\/\/www.mobilier-design-occasion.fr\/magazine\/#\/schema\/logo\/image\/"},"sameAs":["https:\/\/www.facebook.com\/mobilierdesignoccasion"]},{"@type":"Person","@id":"https:\/\/www.mobilier-design-occasion.fr\/magazine\/#\/schema\/person\/5b2e5627a714ddadaaf8c9b886c55eff","name":"Cyrielle Poirot","image":{"@type":"ImageObject","inLanguage":"fr-FR","@id":"https:\/\/secure.gravatar.com\/avatar\/c8d2674e093b06894d8d1dc468b626bd752523471f3ac6e75f7c7a1400d40b4d?s=96&d=mm&r=g","url":"https:\/\/secure.gravatar.com\/avatar\/c8d2674e093b06894d8d1dc468b626bd752523471f3ac6e75f7c7a1400d40b4d?s=96&d=mm&r=g","contentUrl":"https:\/\/secure.gravatar.com\/avatar\/c8d2674e093b06894d8d1dc468b626bd752523471f3ac6e75f7c7a1400d40b4d?s=96&d=mm&r=g","caption":"Cyrielle Poirot"},"description":"Cyrielle est passionn\u00e9e par la d\u00e9coration d'int\u00e9rieur et s'est sp\u00e9cialis\u00e9e depuis quelques ann\u00e9es dans l'\u00e9dition du site Mobilier-Design, avec une touche sp\u00e9cifique pour les produits d'occasion.","sameAs":["https:\/\/www.mobilier-design-occasion.fr\/magazine"],"url":"https:\/\/www.mobilier-design-occasion.fr\/magazine\/author\/cyrielle\/"}]}},"_links":{"self":[{"href":"https:\/\/www.mobilier-design-occasion.fr\/magazine\/wp-json\/wp\/v2\/posts\/7242","targetHints":{"allow":["GET"]}}],"collection":[{"href":"https:\/\/www.mobilier-design-occasion.fr\/magazine\/wp-json\/wp\/v2\/posts"}],"about":[{"href":"https:\/\/www.mobilier-design-occasion.fr\/magazine\/wp-json\/wp\/v2\/types\/post"}],"author":[{"embeddable":true,"href":"https:\/\/www.mobilier-design-occasion.fr\/magazine\/wp-json\/wp\/v2\/users\/1"}],"replies":[{"embeddable":true,"href":"https:\/\/www.mobilier-design-occasion.fr\/magazine\/wp-json\/wp\/v2\/comments?post=7242"}],"version-history":[{"count":3,"href":"https:\/\/www.mobilier-design-occasion.fr\/magazine\/wp-json\/wp\/v2\/posts\/7242\/revisions"}],"predecessor-version":[{"id":7383,"href":"https:\/\/www.mobilier-design-occasion.fr\/magazine\/wp-json\/wp\/v2\/posts\/7242\/revisions\/7383"}],"wp:featuredmedia":[{"embeddable":true,"href":"https:\/\/www.mobilier-design-occasion.fr\/magazine\/wp-json\/wp\/v2\/media\/7245"}],"wp:attachment":[{"href":"https:\/\/www.mobilier-design-occasion.fr\/magazine\/wp-json\/wp\/v2\/media?parent=7242"}],"wp:term":[{"taxonomy":"category","embeddable":true,"href":"https:\/\/www.mobilier-design-occasion.fr\/magazine\/wp-json\/wp\/v2\/categories?post=7242"},{"taxonomy":"post_tag","embeddable":true,"href":"https:\/\/www.mobilier-design-occasion.fr\/magazine\/wp-json\/wp\/v2\/tags?post=7242"}],"curies":[{"name":"wp","href":"https:\/\/api.w.org\/{rel}","templated":true}]}}