{"id":7234,"date":"2023-11-24T09:16:38","date_gmt":"2023-11-24T09:16:38","guid":{"rendered":"https:\/\/www.mobilier-design-occasion.fr\/magazine\/?p=7234"},"modified":"2023-11-24T09:16:39","modified_gmt":"2023-11-24T09:16:39","slug":"fauteuil-butterfly-decouvrez-le-classique-qui-a-conquis-les-coeurs","status":"publish","type":"post","link":"https:\/\/www.mobilier-design-occasion.fr\/magazine\/fauteuil-butterfly-decouvrez-le-classique-qui-a-conquis-les-coeurs\/","title":{"rendered":"Fauteuil ButterFly : d\u00e9couvrez le classique qui a conquis les c\u0153urs"},"content":{"rendered":"\n<p><strong>Le fauteuil qui a des ailes<\/strong> <\/p>\n\n\n\n<p>Imaginez un fauteuil qui n&#8217;est pas seulement un lieu de repos, mais un v\u00e9ritable embl\u00e8me de style et d&#8217;histoire. C&#8217;est le fauteuil Butterfly, \u00e9galement connu sous le nom de fauteuil AA. Cet objet de d\u00e9sir, avec ses racines dans les ann\u00e9es 1950, est plus qu&#8217;un simple si\u00e8ge; il est une \u0153uvre d&#8217;art qui a travers\u00e9 les \u00e9poques.<\/p>\n\n\n\n<figure class=\"wp-block-image size-full\"><img loading=\"lazy\" decoding=\"async\" width=\"537\" height=\"349\" src=\"https:\/\/www.mobilier-design-occasion.fr\/magazine\/wp-content\/uploads\/2023\/11\/image-168.png\" alt=\"\" class=\"wp-image-7235\" srcset=\"https:\/\/www.mobilier-design-occasion.fr\/magazine\/wp-content\/uploads\/2023\/11\/image-168.png 537w, https:\/\/www.mobilier-design-occasion.fr\/magazine\/wp-content\/uploads\/2023\/11\/image-168-300x195.png 300w\" sizes=\"auto, (max-width: 537px) 100vw, 537px\" \/><figcaption class=\"wp-element-caption\">charbonchrome<\/figcaption><\/figure>\n\n\n\n<p><strong>Une touche de gr\u00e2ce suspendue<\/strong> <\/p>\n\n\n\n<p>Avec sa silhouette distinctive et son assise flottante qui semble d\u00e9fier la gravit\u00e9, le fauteuil Butterfly n&#8217;est pas juste un choix esth\u00e9tique, mais une exp\u00e9rience. Il vous enveloppe sans imposer, offrant un confort sans fioritures. Son design intemporel s&#8217;adapte avec aisance aussi bien \u00e0 l&#8217;int\u00e9rieur qu&#8217;\u00e0 l&#8217;ext\u00e9rieur, invitant ceux qui s&#8217;y assoient \u00e0 s&#8217;extraire du quotidien pour un moment de pure d\u00e9tente.<\/p>\n\n\n\n<figure class=\"wp-block-image size-full\"><img loading=\"lazy\" decoding=\"async\" width=\"492\" height=\"336\" src=\"https:\/\/www.mobilier-design-occasion.fr\/magazine\/wp-content\/uploads\/2023\/11\/image-169.png\" alt=\"\" class=\"wp-image-7236\" srcset=\"https:\/\/www.mobilier-design-occasion.fr\/magazine\/wp-content\/uploads\/2023\/11\/image-169.png 492w, https:\/\/www.mobilier-design-occasion.fr\/magazine\/wp-content\/uploads\/2023\/11\/image-169-300x205.png 300w, https:\/\/www.mobilier-design-occasion.fr\/magazine\/wp-content\/uploads\/2023\/11\/image-169-145x100.png 145w, https:\/\/www.mobilier-design-occasion.fr\/magazine\/wp-content\/uploads\/2023\/11\/image-169-380x260.png 380w\" sizes=\"auto, (max-width: 492px) 100vw, 492px\" \/><figcaption class=\"wp-element-caption\">terressauvages.reunion<\/figcaption><\/figure>\n\n\n\n<p><strong>Un h\u00e9ritage de design<\/strong> <\/p>\n\n\n\n<p>Ce n&#8217;est pas seulement sa forme qui est inoubliable, mais aussi son histoire. Le fauteuil Butterfly puise son inspiration du fauteuil Tripolina, con\u00e7u en 1881. R\u00e9\u00e9dit\u00e9 par Airborne Design dans les ann\u00e9es 1950, ce design a \u00e9t\u00e9 peaufin\u00e9 par des g\u00e9nies de l&#8217;\u00e9poque pour devenir le mod\u00e8le que nous connaissons et aimons, maintenant pr\u00e9sent dans des collections prestigieuses comme celle du MoMA \u00e0 New York.<\/p>\n\n\n\n<figure class=\"wp-block-image size-full\"><img loading=\"lazy\" decoding=\"async\" width=\"551\" height=\"486\" src=\"https:\/\/www.mobilier-design-occasion.fr\/magazine\/wp-content\/uploads\/2023\/11\/image-170.png\" alt=\"\" class=\"wp-image-7237\" srcset=\"https:\/\/www.mobilier-design-occasion.fr\/magazine\/wp-content\/uploads\/2023\/11\/image-170.png 551w, https:\/\/www.mobilier-design-occasion.fr\/magazine\/wp-content\/uploads\/2023\/11\/image-170-300x265.png 300w\" sizes=\"auto, (max-width: 551px) 100vw, 551px\" \/><figcaption class=\"wp-element-caption\">lemobilier.ma<\/figcaption><\/figure>\n\n\n\n<p><strong>Conseils d&#8217;achat et d&#8217;entretien<\/strong> <\/p>\n\n\n\n<p>Pour ceux qui cherchent \u00e0 acqu\u00e9rir cette ic\u00f4ne, le mod\u00e8le classique en cuir est disponible, mais pourquoi ne pas le personnaliser ? Ajoutez une peau de mouton pour une touche de chaleur en hiver, ou optez pour le placer sur votre terrasse en \u00e9t\u00e9, transformant les moments de d\u00e9tente au soleil en une r\u00e9miniscence \u00e9l\u00e9gante des ann\u00e9es soixante-dix.<\/p>\n\n\n\n<figure class=\"wp-block-image size-full\"><img loading=\"lazy\" decoding=\"async\" width=\"513\" height=\"472\" src=\"https:\/\/www.mobilier-design-occasion.fr\/magazine\/wp-content\/uploads\/2023\/11\/image-171.png\" alt=\"\" class=\"wp-image-7238\" srcset=\"https:\/\/www.mobilier-design-occasion.fr\/magazine\/wp-content\/uploads\/2023\/11\/image-171.png 513w, https:\/\/www.mobilier-design-occasion.fr\/magazine\/wp-content\/uploads\/2023\/11\/image-171-300x276.png 300w\" sizes=\"auto, (max-width: 513px) 100vw, 513px\" \/><figcaption class=\"wp-element-caption\">beigeceremony<\/figcaption><\/figure>\n\n\n\n<p><strong>Une histoire \u00e0 partager<\/strong> <\/p>\n\n\n\n<p>Chaque fauteuil Butterfly raconte une histoire, pas seulement de design, mais aussi de ceux qui l&#8217;ont choisi. Il s&#8217;agit d&#8217;un investissement dans l&#8217;art de vivre, un hommage \u00e0 l&#8217;\u00e9l\u00e9gance qui d\u00e9fie les modes et le temps. Prenez part \u00e0 cette histoire et laissez le fauteuil Butterfly devenir un chapitre dans la v\u00f4tre.<\/p>\n\n\n\n<figure class=\"wp-block-image size-full is-resized\"><img loading=\"lazy\" decoding=\"async\" width=\"521\" height=\"447\" src=\"https:\/\/www.mobilier-design-occasion.fr\/magazine\/wp-content\/uploads\/2023\/11\/image-172.png\" alt=\"\" class=\"wp-image-7239\" style=\"width:630px;height:auto\" srcset=\"https:\/\/www.mobilier-design-occasion.fr\/magazine\/wp-content\/uploads\/2023\/11\/image-172.png 521w, https:\/\/www.mobilier-design-occasion.fr\/magazine\/wp-content\/uploads\/2023\/11\/image-172-300x257.png 300w\" sizes=\"auto, (max-width: 521px) 100vw, 521px\" \/><figcaption class=\"wp-element-caption\">galerie_44<\/figcaption><\/figure>\n","protected":false},"excerpt":{"rendered":"<p>Le fauteuil qui a des ailes Imaginez un fauteuil qui n&#8217;est pas seulement un lieu de repos, mais un v\u00e9ritable embl\u00e8me de style et d&#8217;histoire. C&#8217;est le fauteuil Butterfly, \u00e9galement connu sous le nom de fauteuil AA. Cet objet de d\u00e9sir, avec ses racines dans les ann\u00e9es 1950, est plus qu&#8217;un simple si\u00e8ge; il est [&hellip;]<\/p>\n","protected":false},"author":2,"featured_media":7237,"comment_status":"open","ping_status":"open","sticky":false,"template":"","format":"standard","meta":{"footnotes":""},"categories":[124],"tags":[172,171,142],"class_list":["post-7234","post","type-post","status-publish","format-standard","has-post-thumbnail","hentry","category-exterieur","tag-butterly","tag-exterieur","tag-fauteuil"],"yoast_head":"<!-- This site is optimized with the Yoast SEO plugin v27.5 - https:\/\/yoast.com\/product\/yoast-seo-wordpress\/ -->\n<title>Fauteuil ButterFly : d\u00e9couvrez le classique qui a conquis les c\u0153urs - Mobilier Design Magazine<\/title>\n<meta name=\"robots\" content=\"index, follow, max-snippet:-1, max-image-preview:large, max-video-preview:-1\" \/>\n<link rel=\"canonical\" href=\"https:\/\/www.mobilier-design-occasion.fr\/magazine\/fauteuil-butterfly-decouvrez-le-classique-qui-a-conquis-les-coeurs\/\" \/>\n<meta property=\"og:locale\" content=\"fr_FR\" \/>\n<meta property=\"og:type\" content=\"article\" \/>\n<meta property=\"og:title\" content=\"Fauteuil ButterFly : d\u00e9couvrez le classique qui a conquis les c\u0153urs - Mobilier Design Magazine\" \/>\n<meta property=\"og:description\" content=\"Le fauteuil qui a des ailes Imaginez un fauteuil qui n&#8217;est pas seulement un lieu de repos, mais un v\u00e9ritable embl\u00e8me de style et d&#8217;histoire. C&#8217;est le fauteuil Butterfly, \u00e9galement connu sous le nom de fauteuil AA. Cet objet de d\u00e9sir, avec ses racines dans les ann\u00e9es 1950, est plus qu&#8217;un simple si\u00e8ge; il est [&hellip;]\" \/>\n<meta property=\"og:url\" content=\"https:\/\/www.mobilier-design-occasion.fr\/magazine\/fauteuil-butterfly-decouvrez-le-classique-qui-a-conquis-les-coeurs\/\" \/>\n<meta property=\"og:site_name\" content=\"Mobilier Design Magazine\" \/>\n<meta property=\"article:publisher\" content=\"https:\/\/www.facebook.com\/mobilierdesignoccasion\" \/>\n<meta property=\"article:published_time\" content=\"2023-11-24T09:16:38+00:00\" \/>\n<meta property=\"article:modified_time\" content=\"2023-11-24T09:16:39+00:00\" \/>\n<meta property=\"og:image\" content=\"https:\/\/www.mobilier-design-occasion.fr\/magazine\/wp-content\/uploads\/2023\/11\/image-170.png\" \/>\n\t<meta property=\"og:image:width\" content=\"551\" \/>\n\t<meta property=\"og:image:height\" content=\"486\" \/>\n\t<meta property=\"og:image:type\" content=\"image\/png\" \/>\n<meta name=\"author\" content=\"Vincent Vandegans\" \/>\n<meta name=\"twitter:card\" content=\"summary_large_image\" \/>\n<meta name=\"twitter:label1\" content=\"\u00c9crit par\" \/>\n\t<meta name=\"twitter:data1\" content=\"Vincent Vandegans\" \/>\n\t<meta name=\"twitter:label2\" content=\"Dur\u00e9e de lecture estim\u00e9e\" \/>\n\t<meta name=\"twitter:data2\" content=\"2 minutes\" \/>\n<script type=\"application\/ld+json\" class=\"yoast-schema-graph\">{\"@context\":\"https:\\\/\\\/schema.org\",\"@graph\":[{\"@type\":\"Article\",\"@id\":\"https:\\\/\\\/www.mobilier-design-occasion.fr\\\/magazine\\\/fauteuil-butterfly-decouvrez-le-classique-qui-a-conquis-les-coeurs\\\/#article\",\"isPartOf\":{\"@id\":\"https:\\\/\\\/www.mobilier-design-occasion.fr\\\/magazine\\\/fauteuil-butterfly-decouvrez-le-classique-qui-a-conquis-les-coeurs\\\/\"},\"author\":{\"name\":\"Vincent Vandegans\",\"@id\":\"https:\\\/\\\/www.mobilier-design-occasion.fr\\\/magazine\\\/#\\\/schema\\\/person\\\/af895bedc80bfb6b17730a672fddac9e\"},\"headline\":\"Fauteuil ButterFly : d\u00e9couvrez le classique qui a conquis les c\u0153urs\",\"datePublished\":\"2023-11-24T09:16:38+00:00\",\"dateModified\":\"2023-11-24T09:16:39+00:00\",\"mainEntityOfPage\":{\"@id\":\"https:\\\/\\\/www.mobilier-design-occasion.fr\\\/magazine\\\/fauteuil-butterfly-decouvrez-le-classique-qui-a-conquis-les-coeurs\\\/\"},\"wordCount\":374,\"commentCount\":0,\"publisher\":{\"@id\":\"https:\\\/\\\/www.mobilier-design-occasion.fr\\\/magazine\\\/#organization\"},\"image\":{\"@id\":\"https:\\\/\\\/www.mobilier-design-occasion.fr\\\/magazine\\\/fauteuil-butterfly-decouvrez-le-classique-qui-a-conquis-les-coeurs\\\/#primaryimage\"},\"thumbnailUrl\":\"https:\\\/\\\/www.mobilier-design-occasion.fr\\\/magazine\\\/wp-content\\\/uploads\\\/2023\\\/11\\\/image-170.png\",\"keywords\":[\"butterly\",\"ext\u00e9rieur\",\"fauteuil\"],\"articleSection\":[\"Ext\u00e9rieur\"],\"inLanguage\":\"fr-FR\",\"potentialAction\":[{\"@type\":\"CommentAction\",\"name\":\"Comment\",\"target\":[\"https:\\\/\\\/www.mobilier-design-occasion.fr\\\/magazine\\\/fauteuil-butterfly-decouvrez-le-classique-qui-a-conquis-les-coeurs\\\/#respond\"]}]},{\"@type\":\"WebPage\",\"@id\":\"https:\\\/\\\/www.mobilier-design-occasion.fr\\\/magazine\\\/fauteuil-butterfly-decouvrez-le-classique-qui-a-conquis-les-coeurs\\\/\",\"url\":\"https:\\\/\\\/www.mobilier-design-occasion.fr\\\/magazine\\\/fauteuil-butterfly-decouvrez-le-classique-qui-a-conquis-les-coeurs\\\/\",\"name\":\"Fauteuil ButterFly : d\u00e9couvrez le classique qui a conquis les c\u0153urs - Mobilier Design Magazine\",\"isPartOf\":{\"@id\":\"https:\\\/\\\/www.mobilier-design-occasion.fr\\\/magazine\\\/#website\"},\"primaryImageOfPage\":{\"@id\":\"https:\\\/\\\/www.mobilier-design-occasion.fr\\\/magazine\\\/fauteuil-butterfly-decouvrez-le-classique-qui-a-conquis-les-coeurs\\\/#primaryimage\"},\"image\":{\"@id\":\"https:\\\/\\\/www.mobilier-design-occasion.fr\\\/magazine\\\/fauteuil-butterfly-decouvrez-le-classique-qui-a-conquis-les-coeurs\\\/#primaryimage\"},\"thumbnailUrl\":\"https:\\\/\\\/www.mobilier-design-occasion.fr\\\/magazine\\\/wp-content\\\/uploads\\\/2023\\\/11\\\/image-170.png\",\"datePublished\":\"2023-11-24T09:16:38+00:00\",\"dateModified\":\"2023-11-24T09:16:39+00:00\",\"breadcrumb\":{\"@id\":\"https:\\\/\\\/www.mobilier-design-occasion.fr\\\/magazine\\\/fauteuil-butterfly-decouvrez-le-classique-qui-a-conquis-les-coeurs\\\/#breadcrumb\"},\"inLanguage\":\"fr-FR\",\"potentialAction\":[{\"@type\":\"ReadAction\",\"target\":[\"https:\\\/\\\/www.mobilier-design-occasion.fr\\\/magazine\\\/fauteuil-butterfly-decouvrez-le-classique-qui-a-conquis-les-coeurs\\\/\"]}]},{\"@type\":\"ImageObject\",\"inLanguage\":\"fr-FR\",\"@id\":\"https:\\\/\\\/www.mobilier-design-occasion.fr\\\/magazine\\\/fauteuil-butterfly-decouvrez-le-classique-qui-a-conquis-les-coeurs\\\/#primaryimage\",\"url\":\"https:\\\/\\\/www.mobilier-design-occasion.fr\\\/magazine\\\/wp-content\\\/uploads\\\/2023\\\/11\\\/image-170.png\",\"contentUrl\":\"https:\\\/\\\/www.mobilier-design-occasion.fr\\\/magazine\\\/wp-content\\\/uploads\\\/2023\\\/11\\\/image-170.png\",\"width\":551,\"height\":486},{\"@type\":\"BreadcrumbList\",\"@id\":\"https:\\\/\\\/www.mobilier-design-occasion.fr\\\/magazine\\\/fauteuil-butterfly-decouvrez-le-classique-qui-a-conquis-les-coeurs\\\/#breadcrumb\",\"itemListElement\":[{\"@type\":\"ListItem\",\"position\":1,\"name\":\"Accueil\",\"item\":\"https:\\\/\\\/www.mobilier-design-occasion.fr\\\/magazine\\\/\"},{\"@type\":\"ListItem\",\"position\":2,\"name\":\"Fauteuil ButterFly : d\u00e9couvrez le classique qui a conquis les c\u0153urs\"}]},{\"@type\":\"WebSite\",\"@id\":\"https:\\\/\\\/www.mobilier-design-occasion.fr\\\/magazine\\\/#website\",\"url\":\"https:\\\/\\\/www.mobilier-design-occasion.fr\\\/magazine\\\/\",\"name\":\"Mobilier Design Magazine\",\"description\":\"\",\"publisher\":{\"@id\":\"https:\\\/\\\/www.mobilier-design-occasion.fr\\\/magazine\\\/#organization\"},\"potentialAction\":[{\"@type\":\"SearchAction\",\"target\":{\"@type\":\"EntryPoint\",\"urlTemplate\":\"https:\\\/\\\/www.mobilier-design-occasion.fr\\\/magazine\\\/?s={search_term_string}\"},\"query-input\":{\"@type\":\"PropertyValueSpecification\",\"valueRequired\":true,\"valueName\":\"search_term_string\"}}],\"inLanguage\":\"fr-FR\"},{\"@type\":\"Organization\",\"@id\":\"https:\\\/\\\/www.mobilier-design-occasion.fr\\\/magazine\\\/#organization\",\"name\":\"Mobilier Design Magazine\",\"url\":\"https:\\\/\\\/www.mobilier-design-occasion.fr\\\/magazine\\\/\",\"logo\":{\"@type\":\"ImageObject\",\"inLanguage\":\"fr-FR\",\"@id\":\"https:\\\/\\\/www.mobilier-design-occasion.fr\\\/magazine\\\/#\\\/schema\\\/logo\\\/image\\\/\",\"url\":\"https:\\\/\\\/www.mobilier-design-occasion.fr\\\/magazine\\\/wp-content\\\/uploads\\\/2024\\\/02\\\/android-chrome-192x192-1.png\",\"contentUrl\":\"https:\\\/\\\/www.mobilier-design-occasion.fr\\\/magazine\\\/wp-content\\\/uploads\\\/2024\\\/02\\\/android-chrome-192x192-1.png\",\"width\":192,\"height\":192,\"caption\":\"Mobilier Design Magazine\"},\"image\":{\"@id\":\"https:\\\/\\\/www.mobilier-design-occasion.fr\\\/magazine\\\/#\\\/schema\\\/logo\\\/image\\\/\"},\"sameAs\":[\"https:\\\/\\\/www.facebook.com\\\/mobilierdesignoccasion\"]},{\"@type\":\"Person\",\"@id\":\"https:\\\/\\\/www.mobilier-design-occasion.fr\\\/magazine\\\/#\\\/schema\\\/person\\\/af895bedc80bfb6b17730a672fddac9e\",\"name\":\"Vincent Vandegans\",\"image\":{\"@type\":\"ImageObject\",\"inLanguage\":\"fr-FR\",\"@id\":\"https:\\\/\\\/secure.gravatar.com\\\/avatar\\\/b984800dabdf722d5e3f03f637c8932dea77d81118467d17ad2953e3b273ec66?s=96&d=mm&r=g\",\"url\":\"https:\\\/\\\/secure.gravatar.com\\\/avatar\\\/b984800dabdf722d5e3f03f637c8932dea77d81118467d17ad2953e3b273ec66?s=96&d=mm&r=g\",\"contentUrl\":\"https:\\\/\\\/secure.gravatar.com\\\/avatar\\\/b984800dabdf722d5e3f03f637c8932dea77d81118467d17ad2953e3b273ec66?s=96&d=mm&r=g\",\"caption\":\"Vincent Vandegans\"},\"description\":\"Vincent est passionn\u00e9 par les produits d'occasion, il a ouvert le site MDO avec Cyrielle pour aider les gens \u00e0 trouver du mobilier d'occasion, vintage ou usag\u00e9. Depuis, ils ont \u00e9tendu leurs activit\u00e9s et conseillent tout le monde sur le mobilier d'int\u00e9rieur et d'ext\u00e9rieur au quotidien \u00e0 travers le magazine MDO.\",\"url\":\"https:\\\/\\\/www.mobilier-design-occasion.fr\\\/magazine\\\/author\\\/vincent\\\/\"}]}<\/script>\n<!-- \/ Yoast SEO plugin. -->","yoast_head_json":{"title":"Fauteuil ButterFly : d\u00e9couvrez le classique qui a conquis les c\u0153urs - Mobilier Design Magazine","robots":{"index":"index","follow":"follow","max-snippet":"max-snippet:-1","max-image-preview":"max-image-preview:large","max-video-preview":"max-video-preview:-1"},"canonical":"https:\/\/www.mobilier-design-occasion.fr\/magazine\/fauteuil-butterfly-decouvrez-le-classique-qui-a-conquis-les-coeurs\/","og_locale":"fr_FR","og_type":"article","og_title":"Fauteuil ButterFly : d\u00e9couvrez le classique qui a conquis les c\u0153urs - Mobilier Design Magazine","og_description":"Le fauteuil qui a des ailes Imaginez un fauteuil qui n&#8217;est pas seulement un lieu de repos, mais un v\u00e9ritable embl\u00e8me de style et d&#8217;histoire. C&#8217;est le fauteuil Butterfly, \u00e9galement connu sous le nom de fauteuil AA. Cet objet de d\u00e9sir, avec ses racines dans les ann\u00e9es 1950, est plus qu&#8217;un simple si\u00e8ge; il est [&hellip;]","og_url":"https:\/\/www.mobilier-design-occasion.fr\/magazine\/fauteuil-butterfly-decouvrez-le-classique-qui-a-conquis-les-coeurs\/","og_site_name":"Mobilier Design Magazine","article_publisher":"https:\/\/www.facebook.com\/mobilierdesignoccasion","article_published_time":"2023-11-24T09:16:38+00:00","article_modified_time":"2023-11-24T09:16:39+00:00","og_image":[{"width":551,"height":486,"url":"https:\/\/www.mobilier-design-occasion.fr\/magazine\/wp-content\/uploads\/2023\/11\/image-170.png","type":"image\/png"}],"author":"Vincent Vandegans","twitter_card":"summary_large_image","twitter_misc":{"\u00c9crit par":"Vincent Vandegans","Dur\u00e9e de lecture estim\u00e9e":"2 minutes"},"schema":{"@context":"https:\/\/schema.org","@graph":[{"@type":"Article","@id":"https:\/\/www.mobilier-design-occasion.fr\/magazine\/fauteuil-butterfly-decouvrez-le-classique-qui-a-conquis-les-coeurs\/#article","isPartOf":{"@id":"https:\/\/www.mobilier-design-occasion.fr\/magazine\/fauteuil-butterfly-decouvrez-le-classique-qui-a-conquis-les-coeurs\/"},"author":{"name":"Vincent Vandegans","@id":"https:\/\/www.mobilier-design-occasion.fr\/magazine\/#\/schema\/person\/af895bedc80bfb6b17730a672fddac9e"},"headline":"Fauteuil ButterFly : d\u00e9couvrez le classique qui a conquis les c\u0153urs","datePublished":"2023-11-24T09:16:38+00:00","dateModified":"2023-11-24T09:16:39+00:00","mainEntityOfPage":{"@id":"https:\/\/www.mobilier-design-occasion.fr\/magazine\/fauteuil-butterfly-decouvrez-le-classique-qui-a-conquis-les-coeurs\/"},"wordCount":374,"commentCount":0,"publisher":{"@id":"https:\/\/www.mobilier-design-occasion.fr\/magazine\/#organization"},"image":{"@id":"https:\/\/www.mobilier-design-occasion.fr\/magazine\/fauteuil-butterfly-decouvrez-le-classique-qui-a-conquis-les-coeurs\/#primaryimage"},"thumbnailUrl":"https:\/\/www.mobilier-design-occasion.fr\/magazine\/wp-content\/uploads\/2023\/11\/image-170.png","keywords":["butterly","ext\u00e9rieur","fauteuil"],"articleSection":["Ext\u00e9rieur"],"inLanguage":"fr-FR","potentialAction":[{"@type":"CommentAction","name":"Comment","target":["https:\/\/www.mobilier-design-occasion.fr\/magazine\/fauteuil-butterfly-decouvrez-le-classique-qui-a-conquis-les-coeurs\/#respond"]}]},{"@type":"WebPage","@id":"https:\/\/www.mobilier-design-occasion.fr\/magazine\/fauteuil-butterfly-decouvrez-le-classique-qui-a-conquis-les-coeurs\/","url":"https:\/\/www.mobilier-design-occasion.fr\/magazine\/fauteuil-butterfly-decouvrez-le-classique-qui-a-conquis-les-coeurs\/","name":"Fauteuil ButterFly : d\u00e9couvrez le classique qui a conquis les c\u0153urs - Mobilier Design Magazine","isPartOf":{"@id":"https:\/\/www.mobilier-design-occasion.fr\/magazine\/#website"},"primaryImageOfPage":{"@id":"https:\/\/www.mobilier-design-occasion.fr\/magazine\/fauteuil-butterfly-decouvrez-le-classique-qui-a-conquis-les-coeurs\/#primaryimage"},"image":{"@id":"https:\/\/www.mobilier-design-occasion.fr\/magazine\/fauteuil-butterfly-decouvrez-le-classique-qui-a-conquis-les-coeurs\/#primaryimage"},"thumbnailUrl":"https:\/\/www.mobilier-design-occasion.fr\/magazine\/wp-content\/uploads\/2023\/11\/image-170.png","datePublished":"2023-11-24T09:16:38+00:00","dateModified":"2023-11-24T09:16:39+00:00","breadcrumb":{"@id":"https:\/\/www.mobilier-design-occasion.fr\/magazine\/fauteuil-butterfly-decouvrez-le-classique-qui-a-conquis-les-coeurs\/#breadcrumb"},"inLanguage":"fr-FR","potentialAction":[{"@type":"ReadAction","target":["https:\/\/www.mobilier-design-occasion.fr\/magazine\/fauteuil-butterfly-decouvrez-le-classique-qui-a-conquis-les-coeurs\/"]}]},{"@type":"ImageObject","inLanguage":"fr-FR","@id":"https:\/\/www.mobilier-design-occasion.fr\/magazine\/fauteuil-butterfly-decouvrez-le-classique-qui-a-conquis-les-coeurs\/#primaryimage","url":"https:\/\/www.mobilier-design-occasion.fr\/magazine\/wp-content\/uploads\/2023\/11\/image-170.png","contentUrl":"https:\/\/www.mobilier-design-occasion.fr\/magazine\/wp-content\/uploads\/2023\/11\/image-170.png","width":551,"height":486},{"@type":"BreadcrumbList","@id":"https:\/\/www.mobilier-design-occasion.fr\/magazine\/fauteuil-butterfly-decouvrez-le-classique-qui-a-conquis-les-coeurs\/#breadcrumb","itemListElement":[{"@type":"ListItem","position":1,"name":"Accueil","item":"https:\/\/www.mobilier-design-occasion.fr\/magazine\/"},{"@type":"ListItem","position":2,"name":"Fauteuil ButterFly : d\u00e9couvrez le classique qui a conquis les c\u0153urs"}]},{"@type":"WebSite","@id":"https:\/\/www.mobilier-design-occasion.fr\/magazine\/#website","url":"https:\/\/www.mobilier-design-occasion.fr\/magazine\/","name":"Mobilier Design Magazine","description":"","publisher":{"@id":"https:\/\/www.mobilier-design-occasion.fr\/magazine\/#organization"},"potentialAction":[{"@type":"SearchAction","target":{"@type":"EntryPoint","urlTemplate":"https:\/\/www.mobilier-design-occasion.fr\/magazine\/?s={search_term_string}"},"query-input":{"@type":"PropertyValueSpecification","valueRequired":true,"valueName":"search_term_string"}}],"inLanguage":"fr-FR"},{"@type":"Organization","@id":"https:\/\/www.mobilier-design-occasion.fr\/magazine\/#organization","name":"Mobilier Design Magazine","url":"https:\/\/www.mobilier-design-occasion.fr\/magazine\/","logo":{"@type":"ImageObject","inLanguage":"fr-FR","@id":"https:\/\/www.mobilier-design-occasion.fr\/magazine\/#\/schema\/logo\/image\/","url":"https:\/\/www.mobilier-design-occasion.fr\/magazine\/wp-content\/uploads\/2024\/02\/android-chrome-192x192-1.png","contentUrl":"https:\/\/www.mobilier-design-occasion.fr\/magazine\/wp-content\/uploads\/2024\/02\/android-chrome-192x192-1.png","width":192,"height":192,"caption":"Mobilier Design Magazine"},"image":{"@id":"https:\/\/www.mobilier-design-occasion.fr\/magazine\/#\/schema\/logo\/image\/"},"sameAs":["https:\/\/www.facebook.com\/mobilierdesignoccasion"]},{"@type":"Person","@id":"https:\/\/www.mobilier-design-occasion.fr\/magazine\/#\/schema\/person\/af895bedc80bfb6b17730a672fddac9e","name":"Vincent Vandegans","image":{"@type":"ImageObject","inLanguage":"fr-FR","@id":"https:\/\/secure.gravatar.com\/avatar\/b984800dabdf722d5e3f03f637c8932dea77d81118467d17ad2953e3b273ec66?s=96&d=mm&r=g","url":"https:\/\/secure.gravatar.com\/avatar\/b984800dabdf722d5e3f03f637c8932dea77d81118467d17ad2953e3b273ec66?s=96&d=mm&r=g","contentUrl":"https:\/\/secure.gravatar.com\/avatar\/b984800dabdf722d5e3f03f637c8932dea77d81118467d17ad2953e3b273ec66?s=96&d=mm&r=g","caption":"Vincent Vandegans"},"description":"Vincent est passionn\u00e9 par les produits d'occasion, il a ouvert le site MDO avec Cyrielle pour aider les gens \u00e0 trouver du mobilier d'occasion, vintage ou usag\u00e9. Depuis, ils ont \u00e9tendu leurs activit\u00e9s et conseillent tout le monde sur le mobilier d'int\u00e9rieur et d'ext\u00e9rieur au quotidien \u00e0 travers le magazine MDO.","url":"https:\/\/www.mobilier-design-occasion.fr\/magazine\/author\/vincent\/"}]}},"_links":{"self":[{"href":"https:\/\/www.mobilier-design-occasion.fr\/magazine\/wp-json\/wp\/v2\/posts\/7234","targetHints":{"allow":["GET"]}}],"collection":[{"href":"https:\/\/www.mobilier-design-occasion.fr\/magazine\/wp-json\/wp\/v2\/posts"}],"about":[{"href":"https:\/\/www.mobilier-design-occasion.fr\/magazine\/wp-json\/wp\/v2\/types\/post"}],"author":[{"embeddable":true,"href":"https:\/\/www.mobilier-design-occasion.fr\/magazine\/wp-json\/wp\/v2\/users\/2"}],"replies":[{"embeddable":true,"href":"https:\/\/www.mobilier-design-occasion.fr\/magazine\/wp-json\/wp\/v2\/comments?post=7234"}],"version-history":[{"count":1,"href":"https:\/\/www.mobilier-design-occasion.fr\/magazine\/wp-json\/wp\/v2\/posts\/7234\/revisions"}],"predecessor-version":[{"id":7240,"href":"https:\/\/www.mobilier-design-occasion.fr\/magazine\/wp-json\/wp\/v2\/posts\/7234\/revisions\/7240"}],"wp:featuredmedia":[{"embeddable":true,"href":"https:\/\/www.mobilier-design-occasion.fr\/magazine\/wp-json\/wp\/v2\/media\/7237"}],"wp:attachment":[{"href":"https:\/\/www.mobilier-design-occasion.fr\/magazine\/wp-json\/wp\/v2\/media?parent=7234"}],"wp:term":[{"taxonomy":"category","embeddable":true,"href":"https:\/\/www.mobilier-design-occasion.fr\/magazine\/wp-json\/wp\/v2\/categories?post=7234"},{"taxonomy":"post_tag","embeddable":true,"href":"https:\/\/www.mobilier-design-occasion.fr\/magazine\/wp-json\/wp\/v2\/tags?post=7234"}],"curies":[{"name":"wp","href":"https:\/\/api.w.org\/{rel}","templated":true}]}}