{"id":7227,"date":"2023-11-24T09:08:12","date_gmt":"2023-11-24T09:08:12","guid":{"rendered":"https:\/\/www.mobilier-design-occasion.fr\/magazine\/?p=7227"},"modified":"2023-11-24T09:08:13","modified_gmt":"2023-11-24T09:08:13","slug":"lart-fige-dans-le-platre-un-buste-en-platre-dans-votre-salon","status":"publish","type":"post","link":"https:\/\/www.mobilier-design-occasion.fr\/magazine\/lart-fige-dans-le-platre-un-buste-en-platre-dans-votre-salon\/","title":{"rendered":"L&#8217;art fig\u00e9 dans le pl\u00e2tre : un buste en pl\u00e2tre dans votre salon?"},"content":{"rendered":"\n<h2 class=\"wp-block-heading\"><span class=\"ez-toc-section\" id=\"Platre_lecho_sculptural_du_passe\"><\/span>Pl\u00e2tre : l&#8217;\u00e9cho sculptural du pass\u00e9<span class=\"ez-toc-section-end\"><\/span><\/h2><div id=\"ez-toc-container\" class=\"ez-toc-v2_0_82_2 counter-hierarchy ez-toc-counter ez-toc-grey ez-toc-container-direction\">\n<div class=\"ez-toc-title-container\">\n<span class=\"ez-toc-title-toggle\"><a href=\"#\" class=\"ez-toc-pull-right ez-toc-btn ez-toc-btn-xs ez-toc-btn-default ez-toc-toggle\" aria-label=\"Toggle Table of Content\"><span class=\"ez-toc-js-icon-con\"><span class=\"\"><span class=\"eztoc-hide\" style=\"display:none;\">Toggle<\/span><span class=\"ez-toc-icon-toggle-span\"><svg style=\"fill: #999;color:#999\" xmlns=\"http:\/\/www.w3.org\/2000\/svg\" class=\"list-377408\" width=\"20px\" height=\"20px\" viewBox=\"0 0 24 24\" fill=\"none\"><path d=\"M6 6H4v2h2V6zm14 0H8v2h12V6zM4 11h2v2H4v-2zm16 0H8v2h12v-2zM4 16h2v2H4v-2zm16 0H8v2h12v-2z\" fill=\"currentColor\"><\/path><\/svg><svg style=\"fill: #999;color:#999\" class=\"arrow-unsorted-368013\" xmlns=\"http:\/\/www.w3.org\/2000\/svg\" width=\"10px\" height=\"10px\" viewBox=\"0 0 24 24\" version=\"1.2\" baseProfile=\"tiny\"><path d=\"M18.2 9.3l-6.2-6.3-6.2 6.3c-.2.2-.3.4-.3.7s.1.5.3.7c.2.2.4.3.7.3h11c.3 0 .5-.1.7-.3.2-.2.3-.5.3-.7s-.1-.5-.3-.7zM5.8 14.7l6.2 6.3 6.2-6.3c.2-.2.3-.5.3-.7s-.1-.5-.3-.7c-.2-.2-.4-.3-.7-.3h-11c-.3 0-.5.1-.7.3-.2.2-.3.5-.3.7s.1.5.3.7z\"\/><\/svg><\/span><\/span><\/span><\/a><\/span><\/div>\n<nav><ul class='ez-toc-list ez-toc-list-level-1 eztoc-toggle-hide-by-default' ><li class='ez-toc-page-1 ez-toc-heading-level-2'><a class=\"ez-toc-link ez-toc-heading-1\" href=\"https:\/\/www.mobilier-design-occasion.fr\/magazine\/lart-fige-dans-le-platre-un-buste-en-platre-dans-votre-salon\/#Platre_lecho_sculptural_du_passe\" >Pl\u00e2tre : l&#8217;\u00e9cho sculptural du pass\u00e9<\/a><\/li><li class='ez-toc-page-1 ez-toc-heading-level-2'><a class=\"ez-toc-link ez-toc-heading-2\" href=\"https:\/\/www.mobilier-design-occasion.fr\/magazine\/lart-fige-dans-le-platre-un-buste-en-platre-dans-votre-salon\/#Le_salon_de_lelegance\" >Le salon de l&#8217;\u00e9l\u00e9gance<\/a><\/li><li class='ez-toc-page-1 ez-toc-heading-level-2'><a class=\"ez-toc-link ez-toc-heading-3\" href=\"https:\/\/www.mobilier-design-occasion.fr\/magazine\/lart-fige-dans-le-platre-un-buste-en-platre-dans-votre-salon\/#Lastuce_des_musees\" >L&#8217;astuce des mus\u00e9es<\/a><\/li><\/ul><\/nav><\/div>\n\n\n\n\n<p>Dans un monde o\u00f9 les selfies r\u00e8gnent, le pl\u00e2tre nous ram\u00e8ne \u00e0 l&#8217;essence de l&#8217;art tridimensionnel, une pratique o\u00f9 le temps semble suspendu. Les bustes en pl\u00e2tre, t\u00e9moins silencieux de l&#8217;histoire, continuent d&#8217;\u00e9merveiller. Ces reproductions, jadis privil\u00e8ge des nantis pour immortaliser leur image, restent des pi\u00e8ces de choix pour les amateurs d&#8217;art. Les sculpteurs y trouvaient leur compte, manipulant avec aisance ce mat\u00e9riau noble pour capturer expressions subtiles et regards perdus.<\/p>\n\n\n\n<figure class=\"wp-block-image size-full\"><img loading=\"lazy\" decoding=\"async\" width=\"455\" height=\"556\" src=\"https:\/\/www.mobilier-design-occasion.fr\/magazine\/wp-content\/uploads\/2023\/11\/image-163.png\" alt=\"\" class=\"wp-image-7228\" srcset=\"https:\/\/www.mobilier-design-occasion.fr\/magazine\/wp-content\/uploads\/2023\/11\/image-163.png 455w, https:\/\/www.mobilier-design-occasion.fr\/magazine\/wp-content\/uploads\/2023\/11\/image-163-246x300.png 246w\" sizes=\"auto, (max-width: 455px) 100vw, 455px\" \/><figcaption class=\"wp-element-caption\">Instagram madamedebrocanville<\/figcaption><\/figure>\n\n\n\n<h2 class=\"wp-block-heading\"><span class=\"ez-toc-section\" id=\"Le_salon_de_lelegance\"><\/span>Le salon de l&#8217;\u00e9l\u00e9gance<span class=\"ez-toc-section-end\"><\/span><\/h2>\n\n\n\n<p>Au XVIIIe si\u00e8cle, le buste en pl\u00e2tre \u00e9tait l&#8217;ornement pr\u00e9f\u00e9r\u00e9 des salons de la haute bourgeoisie. Aujourd&#8217;hui, ces pi\u00e8ces, bien que discr\u00e8tes, n&#8217;ont rien perdu de leur superbe et s&#8217;inscrivent toujours comme \u00e9l\u00e9ments de d\u00e9coration intemporels. Elles s&#8217;invitent dans nos int\u00e9rieurs modernes, ajoutant une touche de raffinement classique, sur une console, une \u00e9tag\u00e8re ou en vedette dans un salon.<\/p>\n\n\n\n<figure class=\"wp-block-image size-full\"><img loading=\"lazy\" decoding=\"async\" width=\"474\" height=\"585\" src=\"https:\/\/www.mobilier-design-occasion.fr\/magazine\/wp-content\/uploads\/2023\/11\/image-164.png\" alt=\"\" class=\"wp-image-7229\" srcset=\"https:\/\/www.mobilier-design-occasion.fr\/magazine\/wp-content\/uploads\/2023\/11\/image-164.png 474w, https:\/\/www.mobilier-design-occasion.fr\/magazine\/wp-content\/uploads\/2023\/11\/image-164-243x300.png 243w\" sizes=\"auto, (max-width: 474px) 100vw, 474px\" \/><figcaption class=\"wp-element-caption\">Instagram amfi.shop<\/figcaption><\/figure>\n\n\n\n<h2 class=\"wp-block-heading\"><span class=\"ez-toc-section\" id=\"Lastuce_des_musees\"><\/span>L&#8217;astuce des mus\u00e9es<span class=\"ez-toc-section-end\"><\/span><\/h2>\n\n\n\n<p>Le pl\u00e2tre, mall\u00e9able et fid\u00e8le, a servi les mus\u00e9es \u00e0 agrandir leurs collections sans les co\u00fbts exorbitants des originaux. Ces r\u00e9pliques permettaient de diffuser l&#8217;art \u00e0 travers le monde, chaque moulage \u00e9tant une c\u00e9l\u00e9bration de l&#8217;oeuvre originale.<\/p>\n\n\n\n<figure class=\"wp-block-image size-full\"><img loading=\"lazy\" decoding=\"async\" width=\"482\" height=\"545\" src=\"https:\/\/www.mobilier-design-occasion.fr\/magazine\/wp-content\/uploads\/2023\/11\/image-165.png\" alt=\"\" class=\"wp-image-7230\" srcset=\"https:\/\/www.mobilier-design-occasion.fr\/magazine\/wp-content\/uploads\/2023\/11\/image-165.png 482w, https:\/\/www.mobilier-design-occasion.fr\/magazine\/wp-content\/uploads\/2023\/11\/image-165-265x300.png 265w\" sizes=\"auto, (max-width: 482px) 100vw, 482px\" \/><figcaption class=\"wp-element-caption\">Instagram atelier.missor<\/figcaption><\/figure>\n\n\n\n<p>En somme, le buste en pl\u00e2tre est plus qu&#8217;un simple objet. C&#8217;est un pont entre l&#8217;art d&#8217;hier et d&#8217;aujourd&#8217;hui, une fa\u00e7on pour chacun d&#8217;entre nous de poss\u00e9der un morceau d&#8217;histoire. Alors, pourquoi ne pas laisser un buste classique r\u00e9inventer votre espace et enrichir votre quotidien avec son histoire s\u00e9culaire?<\/p>\n\n\n\n<figure class=\"wp-block-image size-full\"><img loading=\"lazy\" decoding=\"async\" width=\"463\" height=\"559\" src=\"https:\/\/www.mobilier-design-occasion.fr\/magazine\/wp-content\/uploads\/2023\/11\/image-166.png\" alt=\"\" class=\"wp-image-7231\" srcset=\"https:\/\/www.mobilier-design-occasion.fr\/magazine\/wp-content\/uploads\/2023\/11\/image-166.png 463w, https:\/\/www.mobilier-design-occasion.fr\/magazine\/wp-content\/uploads\/2023\/11\/image-166-248x300.png 248w\" sizes=\"auto, (max-width: 463px) 100vw, 463px\" \/><figcaption class=\"wp-element-caption\">Instagram : passe.simple<\/figcaption><\/figure>\n\n\n\n<figure class=\"wp-block-image size-full\"><img loading=\"lazy\" decoding=\"async\" width=\"264\" height=\"391\" src=\"https:\/\/www.mobilier-design-occasion.fr\/magazine\/wp-content\/uploads\/2023\/11\/image-167.png\" alt=\"\" class=\"wp-image-7232\" srcset=\"https:\/\/www.mobilier-design-occasion.fr\/magazine\/wp-content\/uploads\/2023\/11\/image-167.png 264w, https:\/\/www.mobilier-design-occasion.fr\/magazine\/wp-content\/uploads\/2023\/11\/image-167-203x300.png 203w\" sizes=\"auto, (max-width: 264px) 100vw, 264px\" \/><figcaption class=\"wp-element-caption\">Instagram <a href=\"https:\/\/www.instagram.com\/bros.can\/?hl=de\">bros.can<\/a><\/figcaption><\/figure>\n","protected":false},"excerpt":{"rendered":"<p>Pl\u00e2tre : l&#8217;\u00e9cho sculptural du pass\u00e9 Dans un monde o\u00f9 les selfies r\u00e8gnent, le pl\u00e2tre nous ram\u00e8ne \u00e0 l&#8217;essence de l&#8217;art tridimensionnel, une pratique o\u00f9 le temps semble suspendu. Les bustes en pl\u00e2tre, t\u00e9moins silencieux de l&#8217;histoire, continuent d&#8217;\u00e9merveiller. Ces reproductions, jadis privil\u00e8ge des nantis pour immortaliser leur image, restent des pi\u00e8ces de choix pour [&hellip;]<\/p>\n","protected":false},"author":2,"featured_media":7229,"comment_status":"open","ping_status":"open","sticky":false,"template":"","format":"standard","meta":{"footnotes":""},"categories":[122],"tags":[169,170],"class_list":["post-7227","post","type-post","status-publish","format-standard","has-post-thumbnail","hentry","category-salon","tag-buste","tag-platre"],"yoast_head":"<!-- This site is optimized with the Yoast SEO plugin v27.5 - https:\/\/yoast.com\/product\/yoast-seo-wordpress\/ -->\n<title>L&#039;art fig\u00e9 dans le pl\u00e2tre : un buste en pl\u00e2tre dans votre salon? - Mobilier Design Magazine<\/title>\n<meta name=\"robots\" content=\"index, follow, max-snippet:-1, max-image-preview:large, max-video-preview:-1\" \/>\n<link rel=\"canonical\" href=\"https:\/\/www.mobilier-design-occasion.fr\/magazine\/lart-fige-dans-le-platre-un-buste-en-platre-dans-votre-salon\/\" \/>\n<meta property=\"og:locale\" content=\"fr_FR\" \/>\n<meta property=\"og:type\" content=\"article\" \/>\n<meta property=\"og:title\" content=\"L&#039;art fig\u00e9 dans le pl\u00e2tre : un buste en pl\u00e2tre dans votre salon? - Mobilier Design Magazine\" \/>\n<meta property=\"og:description\" content=\"Pl\u00e2tre : l&#8217;\u00e9cho sculptural du pass\u00e9 Dans un monde o\u00f9 les selfies r\u00e8gnent, le pl\u00e2tre nous ram\u00e8ne \u00e0 l&#8217;essence de l&#8217;art tridimensionnel, une pratique o\u00f9 le temps semble suspendu. Les bustes en pl\u00e2tre, t\u00e9moins silencieux de l&#8217;histoire, continuent d&#8217;\u00e9merveiller. Ces reproductions, jadis privil\u00e8ge des nantis pour immortaliser leur image, restent des pi\u00e8ces de choix pour [&hellip;]\" \/>\n<meta property=\"og:url\" content=\"https:\/\/www.mobilier-design-occasion.fr\/magazine\/lart-fige-dans-le-platre-un-buste-en-platre-dans-votre-salon\/\" \/>\n<meta property=\"og:site_name\" content=\"Mobilier Design Magazine\" \/>\n<meta property=\"article:publisher\" content=\"https:\/\/www.facebook.com\/mobilierdesignoccasion\" \/>\n<meta property=\"article:published_time\" content=\"2023-11-24T09:08:12+00:00\" \/>\n<meta property=\"article:modified_time\" content=\"2023-11-24T09:08:13+00:00\" \/>\n<meta property=\"og:image\" content=\"https:\/\/www.mobilier-design-occasion.fr\/magazine\/wp-content\/uploads\/2023\/11\/image-164.png\" \/>\n\t<meta property=\"og:image:width\" content=\"474\" \/>\n\t<meta property=\"og:image:height\" content=\"585\" \/>\n\t<meta property=\"og:image:type\" content=\"image\/png\" \/>\n<meta name=\"author\" content=\"Vincent Vandegans\" \/>\n<meta name=\"twitter:card\" content=\"summary_large_image\" \/>\n<meta name=\"twitter:label1\" content=\"\u00c9crit par\" \/>\n\t<meta name=\"twitter:data1\" content=\"Vincent Vandegans\" \/>\n\t<meta name=\"twitter:label2\" content=\"Dur\u00e9e de lecture estim\u00e9e\" \/>\n\t<meta name=\"twitter:data2\" content=\"1 minute\" \/>\n<script type=\"application\/ld+json\" class=\"yoast-schema-graph\">{\"@context\":\"https:\\\/\\\/schema.org\",\"@graph\":[{\"@type\":\"Article\",\"@id\":\"https:\\\/\\\/www.mobilier-design-occasion.fr\\\/magazine\\\/lart-fige-dans-le-platre-un-buste-en-platre-dans-votre-salon\\\/#article\",\"isPartOf\":{\"@id\":\"https:\\\/\\\/www.mobilier-design-occasion.fr\\\/magazine\\\/lart-fige-dans-le-platre-un-buste-en-platre-dans-votre-salon\\\/\"},\"author\":{\"name\":\"Vincent Vandegans\",\"@id\":\"https:\\\/\\\/www.mobilier-design-occasion.fr\\\/magazine\\\/#\\\/schema\\\/person\\\/af895bedc80bfb6b17730a672fddac9e\"},\"headline\":\"L&#8217;art fig\u00e9 dans le pl\u00e2tre : un buste en pl\u00e2tre dans votre salon?\",\"datePublished\":\"2023-11-24T09:08:12+00:00\",\"dateModified\":\"2023-11-24T09:08:13+00:00\",\"mainEntityOfPage\":{\"@id\":\"https:\\\/\\\/www.mobilier-design-occasion.fr\\\/magazine\\\/lart-fige-dans-le-platre-un-buste-en-platre-dans-votre-salon\\\/\"},\"wordCount\":311,\"commentCount\":0,\"publisher\":{\"@id\":\"https:\\\/\\\/www.mobilier-design-occasion.fr\\\/magazine\\\/#organization\"},\"image\":{\"@id\":\"https:\\\/\\\/www.mobilier-design-occasion.fr\\\/magazine\\\/lart-fige-dans-le-platre-un-buste-en-platre-dans-votre-salon\\\/#primaryimage\"},\"thumbnailUrl\":\"https:\\\/\\\/www.mobilier-design-occasion.fr\\\/magazine\\\/wp-content\\\/uploads\\\/2023\\\/11\\\/image-164.png\",\"keywords\":[\"buste\",\"platre\"],\"articleSection\":[\"Salon\"],\"inLanguage\":\"fr-FR\",\"potentialAction\":[{\"@type\":\"CommentAction\",\"name\":\"Comment\",\"target\":[\"https:\\\/\\\/www.mobilier-design-occasion.fr\\\/magazine\\\/lart-fige-dans-le-platre-un-buste-en-platre-dans-votre-salon\\\/#respond\"]}]},{\"@type\":\"WebPage\",\"@id\":\"https:\\\/\\\/www.mobilier-design-occasion.fr\\\/magazine\\\/lart-fige-dans-le-platre-un-buste-en-platre-dans-votre-salon\\\/\",\"url\":\"https:\\\/\\\/www.mobilier-design-occasion.fr\\\/magazine\\\/lart-fige-dans-le-platre-un-buste-en-platre-dans-votre-salon\\\/\",\"name\":\"L'art fig\u00e9 dans le pl\u00e2tre : un buste en pl\u00e2tre dans votre salon? - Mobilier Design Magazine\",\"isPartOf\":{\"@id\":\"https:\\\/\\\/www.mobilier-design-occasion.fr\\\/magazine\\\/#website\"},\"primaryImageOfPage\":{\"@id\":\"https:\\\/\\\/www.mobilier-design-occasion.fr\\\/magazine\\\/lart-fige-dans-le-platre-un-buste-en-platre-dans-votre-salon\\\/#primaryimage\"},\"image\":{\"@id\":\"https:\\\/\\\/www.mobilier-design-occasion.fr\\\/magazine\\\/lart-fige-dans-le-platre-un-buste-en-platre-dans-votre-salon\\\/#primaryimage\"},\"thumbnailUrl\":\"https:\\\/\\\/www.mobilier-design-occasion.fr\\\/magazine\\\/wp-content\\\/uploads\\\/2023\\\/11\\\/image-164.png\",\"datePublished\":\"2023-11-24T09:08:12+00:00\",\"dateModified\":\"2023-11-24T09:08:13+00:00\",\"breadcrumb\":{\"@id\":\"https:\\\/\\\/www.mobilier-design-occasion.fr\\\/magazine\\\/lart-fige-dans-le-platre-un-buste-en-platre-dans-votre-salon\\\/#breadcrumb\"},\"inLanguage\":\"fr-FR\",\"potentialAction\":[{\"@type\":\"ReadAction\",\"target\":[\"https:\\\/\\\/www.mobilier-design-occasion.fr\\\/magazine\\\/lart-fige-dans-le-platre-un-buste-en-platre-dans-votre-salon\\\/\"]}]},{\"@type\":\"ImageObject\",\"inLanguage\":\"fr-FR\",\"@id\":\"https:\\\/\\\/www.mobilier-design-occasion.fr\\\/magazine\\\/lart-fige-dans-le-platre-un-buste-en-platre-dans-votre-salon\\\/#primaryimage\",\"url\":\"https:\\\/\\\/www.mobilier-design-occasion.fr\\\/magazine\\\/wp-content\\\/uploads\\\/2023\\\/11\\\/image-164.png\",\"contentUrl\":\"https:\\\/\\\/www.mobilier-design-occasion.fr\\\/magazine\\\/wp-content\\\/uploads\\\/2023\\\/11\\\/image-164.png\",\"width\":474,\"height\":585},{\"@type\":\"BreadcrumbList\",\"@id\":\"https:\\\/\\\/www.mobilier-design-occasion.fr\\\/magazine\\\/lart-fige-dans-le-platre-un-buste-en-platre-dans-votre-salon\\\/#breadcrumb\",\"itemListElement\":[{\"@type\":\"ListItem\",\"position\":1,\"name\":\"Accueil\",\"item\":\"https:\\\/\\\/www.mobilier-design-occasion.fr\\\/magazine\\\/\"},{\"@type\":\"ListItem\",\"position\":2,\"name\":\"L&rsquo;art fig\u00e9 dans le pl\u00e2tre : un buste en pl\u00e2tre dans votre salon?\"}]},{\"@type\":\"WebSite\",\"@id\":\"https:\\\/\\\/www.mobilier-design-occasion.fr\\\/magazine\\\/#website\",\"url\":\"https:\\\/\\\/www.mobilier-design-occasion.fr\\\/magazine\\\/\",\"name\":\"Mobilier Design Magazine\",\"description\":\"\",\"publisher\":{\"@id\":\"https:\\\/\\\/www.mobilier-design-occasion.fr\\\/magazine\\\/#organization\"},\"potentialAction\":[{\"@type\":\"SearchAction\",\"target\":{\"@type\":\"EntryPoint\",\"urlTemplate\":\"https:\\\/\\\/www.mobilier-design-occasion.fr\\\/magazine\\\/?s={search_term_string}\"},\"query-input\":{\"@type\":\"PropertyValueSpecification\",\"valueRequired\":true,\"valueName\":\"search_term_string\"}}],\"inLanguage\":\"fr-FR\"},{\"@type\":\"Organization\",\"@id\":\"https:\\\/\\\/www.mobilier-design-occasion.fr\\\/magazine\\\/#organization\",\"name\":\"Mobilier Design Magazine\",\"url\":\"https:\\\/\\\/www.mobilier-design-occasion.fr\\\/magazine\\\/\",\"logo\":{\"@type\":\"ImageObject\",\"inLanguage\":\"fr-FR\",\"@id\":\"https:\\\/\\\/www.mobilier-design-occasion.fr\\\/magazine\\\/#\\\/schema\\\/logo\\\/image\\\/\",\"url\":\"https:\\\/\\\/www.mobilier-design-occasion.fr\\\/magazine\\\/wp-content\\\/uploads\\\/2024\\\/02\\\/android-chrome-192x192-1.png\",\"contentUrl\":\"https:\\\/\\\/www.mobilier-design-occasion.fr\\\/magazine\\\/wp-content\\\/uploads\\\/2024\\\/02\\\/android-chrome-192x192-1.png\",\"width\":192,\"height\":192,\"caption\":\"Mobilier Design Magazine\"},\"image\":{\"@id\":\"https:\\\/\\\/www.mobilier-design-occasion.fr\\\/magazine\\\/#\\\/schema\\\/logo\\\/image\\\/\"},\"sameAs\":[\"https:\\\/\\\/www.facebook.com\\\/mobilierdesignoccasion\"]},{\"@type\":\"Person\",\"@id\":\"https:\\\/\\\/www.mobilier-design-occasion.fr\\\/magazine\\\/#\\\/schema\\\/person\\\/af895bedc80bfb6b17730a672fddac9e\",\"name\":\"Vincent Vandegans\",\"image\":{\"@type\":\"ImageObject\",\"inLanguage\":\"fr-FR\",\"@id\":\"https:\\\/\\\/secure.gravatar.com\\\/avatar\\\/b984800dabdf722d5e3f03f637c8932dea77d81118467d17ad2953e3b273ec66?s=96&d=mm&r=g\",\"url\":\"https:\\\/\\\/secure.gravatar.com\\\/avatar\\\/b984800dabdf722d5e3f03f637c8932dea77d81118467d17ad2953e3b273ec66?s=96&d=mm&r=g\",\"contentUrl\":\"https:\\\/\\\/secure.gravatar.com\\\/avatar\\\/b984800dabdf722d5e3f03f637c8932dea77d81118467d17ad2953e3b273ec66?s=96&d=mm&r=g\",\"caption\":\"Vincent Vandegans\"},\"description\":\"Vincent est passionn\u00e9 par les produits d'occasion, il a ouvert le site MDO avec Cyrielle pour aider les gens \u00e0 trouver du mobilier d'occasion, vintage ou usag\u00e9. Depuis, ils ont \u00e9tendu leurs activit\u00e9s et conseillent tout le monde sur le mobilier d'int\u00e9rieur et d'ext\u00e9rieur au quotidien \u00e0 travers le magazine MDO.\",\"url\":\"https:\\\/\\\/www.mobilier-design-occasion.fr\\\/magazine\\\/author\\\/vincent\\\/\"}]}<\/script>\n<!-- \/ Yoast SEO plugin. -->","yoast_head_json":{"title":"L'art fig\u00e9 dans le pl\u00e2tre : un buste en pl\u00e2tre dans votre salon? - Mobilier Design Magazine","robots":{"index":"index","follow":"follow","max-snippet":"max-snippet:-1","max-image-preview":"max-image-preview:large","max-video-preview":"max-video-preview:-1"},"canonical":"https:\/\/www.mobilier-design-occasion.fr\/magazine\/lart-fige-dans-le-platre-un-buste-en-platre-dans-votre-salon\/","og_locale":"fr_FR","og_type":"article","og_title":"L'art fig\u00e9 dans le pl\u00e2tre : un buste en pl\u00e2tre dans votre salon? - Mobilier Design Magazine","og_description":"Pl\u00e2tre : l&#8217;\u00e9cho sculptural du pass\u00e9 Dans un monde o\u00f9 les selfies r\u00e8gnent, le pl\u00e2tre nous ram\u00e8ne \u00e0 l&#8217;essence de l&#8217;art tridimensionnel, une pratique o\u00f9 le temps semble suspendu. Les bustes en pl\u00e2tre, t\u00e9moins silencieux de l&#8217;histoire, continuent d&#8217;\u00e9merveiller. Ces reproductions, jadis privil\u00e8ge des nantis pour immortaliser leur image, restent des pi\u00e8ces de choix pour [&hellip;]","og_url":"https:\/\/www.mobilier-design-occasion.fr\/magazine\/lart-fige-dans-le-platre-un-buste-en-platre-dans-votre-salon\/","og_site_name":"Mobilier Design Magazine","article_publisher":"https:\/\/www.facebook.com\/mobilierdesignoccasion","article_published_time":"2023-11-24T09:08:12+00:00","article_modified_time":"2023-11-24T09:08:13+00:00","og_image":[{"width":474,"height":585,"url":"https:\/\/www.mobilier-design-occasion.fr\/magazine\/wp-content\/uploads\/2023\/11\/image-164.png","type":"image\/png"}],"author":"Vincent Vandegans","twitter_card":"summary_large_image","twitter_misc":{"\u00c9crit par":"Vincent Vandegans","Dur\u00e9e de lecture estim\u00e9e":"1 minute"},"schema":{"@context":"https:\/\/schema.org","@graph":[{"@type":"Article","@id":"https:\/\/www.mobilier-design-occasion.fr\/magazine\/lart-fige-dans-le-platre-un-buste-en-platre-dans-votre-salon\/#article","isPartOf":{"@id":"https:\/\/www.mobilier-design-occasion.fr\/magazine\/lart-fige-dans-le-platre-un-buste-en-platre-dans-votre-salon\/"},"author":{"name":"Vincent Vandegans","@id":"https:\/\/www.mobilier-design-occasion.fr\/magazine\/#\/schema\/person\/af895bedc80bfb6b17730a672fddac9e"},"headline":"L&#8217;art fig\u00e9 dans le pl\u00e2tre : un buste en pl\u00e2tre dans votre salon?","datePublished":"2023-11-24T09:08:12+00:00","dateModified":"2023-11-24T09:08:13+00:00","mainEntityOfPage":{"@id":"https:\/\/www.mobilier-design-occasion.fr\/magazine\/lart-fige-dans-le-platre-un-buste-en-platre-dans-votre-salon\/"},"wordCount":311,"commentCount":0,"publisher":{"@id":"https:\/\/www.mobilier-design-occasion.fr\/magazine\/#organization"},"image":{"@id":"https:\/\/www.mobilier-design-occasion.fr\/magazine\/lart-fige-dans-le-platre-un-buste-en-platre-dans-votre-salon\/#primaryimage"},"thumbnailUrl":"https:\/\/www.mobilier-design-occasion.fr\/magazine\/wp-content\/uploads\/2023\/11\/image-164.png","keywords":["buste","platre"],"articleSection":["Salon"],"inLanguage":"fr-FR","potentialAction":[{"@type":"CommentAction","name":"Comment","target":["https:\/\/www.mobilier-design-occasion.fr\/magazine\/lart-fige-dans-le-platre-un-buste-en-platre-dans-votre-salon\/#respond"]}]},{"@type":"WebPage","@id":"https:\/\/www.mobilier-design-occasion.fr\/magazine\/lart-fige-dans-le-platre-un-buste-en-platre-dans-votre-salon\/","url":"https:\/\/www.mobilier-design-occasion.fr\/magazine\/lart-fige-dans-le-platre-un-buste-en-platre-dans-votre-salon\/","name":"L'art fig\u00e9 dans le pl\u00e2tre : un buste en pl\u00e2tre dans votre salon? - Mobilier Design Magazine","isPartOf":{"@id":"https:\/\/www.mobilier-design-occasion.fr\/magazine\/#website"},"primaryImageOfPage":{"@id":"https:\/\/www.mobilier-design-occasion.fr\/magazine\/lart-fige-dans-le-platre-un-buste-en-platre-dans-votre-salon\/#primaryimage"},"image":{"@id":"https:\/\/www.mobilier-design-occasion.fr\/magazine\/lart-fige-dans-le-platre-un-buste-en-platre-dans-votre-salon\/#primaryimage"},"thumbnailUrl":"https:\/\/www.mobilier-design-occasion.fr\/magazine\/wp-content\/uploads\/2023\/11\/image-164.png","datePublished":"2023-11-24T09:08:12+00:00","dateModified":"2023-11-24T09:08:13+00:00","breadcrumb":{"@id":"https:\/\/www.mobilier-design-occasion.fr\/magazine\/lart-fige-dans-le-platre-un-buste-en-platre-dans-votre-salon\/#breadcrumb"},"inLanguage":"fr-FR","potentialAction":[{"@type":"ReadAction","target":["https:\/\/www.mobilier-design-occasion.fr\/magazine\/lart-fige-dans-le-platre-un-buste-en-platre-dans-votre-salon\/"]}]},{"@type":"ImageObject","inLanguage":"fr-FR","@id":"https:\/\/www.mobilier-design-occasion.fr\/magazine\/lart-fige-dans-le-platre-un-buste-en-platre-dans-votre-salon\/#primaryimage","url":"https:\/\/www.mobilier-design-occasion.fr\/magazine\/wp-content\/uploads\/2023\/11\/image-164.png","contentUrl":"https:\/\/www.mobilier-design-occasion.fr\/magazine\/wp-content\/uploads\/2023\/11\/image-164.png","width":474,"height":585},{"@type":"BreadcrumbList","@id":"https:\/\/www.mobilier-design-occasion.fr\/magazine\/lart-fige-dans-le-platre-un-buste-en-platre-dans-votre-salon\/#breadcrumb","itemListElement":[{"@type":"ListItem","position":1,"name":"Accueil","item":"https:\/\/www.mobilier-design-occasion.fr\/magazine\/"},{"@type":"ListItem","position":2,"name":"L&rsquo;art fig\u00e9 dans le pl\u00e2tre : un buste en pl\u00e2tre dans votre salon?"}]},{"@type":"WebSite","@id":"https:\/\/www.mobilier-design-occasion.fr\/magazine\/#website","url":"https:\/\/www.mobilier-design-occasion.fr\/magazine\/","name":"Mobilier Design Magazine","description":"","publisher":{"@id":"https:\/\/www.mobilier-design-occasion.fr\/magazine\/#organization"},"potentialAction":[{"@type":"SearchAction","target":{"@type":"EntryPoint","urlTemplate":"https:\/\/www.mobilier-design-occasion.fr\/magazine\/?s={search_term_string}"},"query-input":{"@type":"PropertyValueSpecification","valueRequired":true,"valueName":"search_term_string"}}],"inLanguage":"fr-FR"},{"@type":"Organization","@id":"https:\/\/www.mobilier-design-occasion.fr\/magazine\/#organization","name":"Mobilier Design Magazine","url":"https:\/\/www.mobilier-design-occasion.fr\/magazine\/","logo":{"@type":"ImageObject","inLanguage":"fr-FR","@id":"https:\/\/www.mobilier-design-occasion.fr\/magazine\/#\/schema\/logo\/image\/","url":"https:\/\/www.mobilier-design-occasion.fr\/magazine\/wp-content\/uploads\/2024\/02\/android-chrome-192x192-1.png","contentUrl":"https:\/\/www.mobilier-design-occasion.fr\/magazine\/wp-content\/uploads\/2024\/02\/android-chrome-192x192-1.png","width":192,"height":192,"caption":"Mobilier Design Magazine"},"image":{"@id":"https:\/\/www.mobilier-design-occasion.fr\/magazine\/#\/schema\/logo\/image\/"},"sameAs":["https:\/\/www.facebook.com\/mobilierdesignoccasion"]},{"@type":"Person","@id":"https:\/\/www.mobilier-design-occasion.fr\/magazine\/#\/schema\/person\/af895bedc80bfb6b17730a672fddac9e","name":"Vincent Vandegans","image":{"@type":"ImageObject","inLanguage":"fr-FR","@id":"https:\/\/secure.gravatar.com\/avatar\/b984800dabdf722d5e3f03f637c8932dea77d81118467d17ad2953e3b273ec66?s=96&d=mm&r=g","url":"https:\/\/secure.gravatar.com\/avatar\/b984800dabdf722d5e3f03f637c8932dea77d81118467d17ad2953e3b273ec66?s=96&d=mm&r=g","contentUrl":"https:\/\/secure.gravatar.com\/avatar\/b984800dabdf722d5e3f03f637c8932dea77d81118467d17ad2953e3b273ec66?s=96&d=mm&r=g","caption":"Vincent Vandegans"},"description":"Vincent est passionn\u00e9 par les produits d'occasion, il a ouvert le site MDO avec Cyrielle pour aider les gens \u00e0 trouver du mobilier d'occasion, vintage ou usag\u00e9. Depuis, ils ont \u00e9tendu leurs activit\u00e9s et conseillent tout le monde sur le mobilier d'int\u00e9rieur et d'ext\u00e9rieur au quotidien \u00e0 travers le magazine MDO.","url":"https:\/\/www.mobilier-design-occasion.fr\/magazine\/author\/vincent\/"}]}},"_links":{"self":[{"href":"https:\/\/www.mobilier-design-occasion.fr\/magazine\/wp-json\/wp\/v2\/posts\/7227","targetHints":{"allow":["GET"]}}],"collection":[{"href":"https:\/\/www.mobilier-design-occasion.fr\/magazine\/wp-json\/wp\/v2\/posts"}],"about":[{"href":"https:\/\/www.mobilier-design-occasion.fr\/magazine\/wp-json\/wp\/v2\/types\/post"}],"author":[{"embeddable":true,"href":"https:\/\/www.mobilier-design-occasion.fr\/magazine\/wp-json\/wp\/v2\/users\/2"}],"replies":[{"embeddable":true,"href":"https:\/\/www.mobilier-design-occasion.fr\/magazine\/wp-json\/wp\/v2\/comments?post=7227"}],"version-history":[{"count":1,"href":"https:\/\/www.mobilier-design-occasion.fr\/magazine\/wp-json\/wp\/v2\/posts\/7227\/revisions"}],"predecessor-version":[{"id":7233,"href":"https:\/\/www.mobilier-design-occasion.fr\/magazine\/wp-json\/wp\/v2\/posts\/7227\/revisions\/7233"}],"wp:featuredmedia":[{"embeddable":true,"href":"https:\/\/www.mobilier-design-occasion.fr\/magazine\/wp-json\/wp\/v2\/media\/7229"}],"wp:attachment":[{"href":"https:\/\/www.mobilier-design-occasion.fr\/magazine\/wp-json\/wp\/v2\/media?parent=7227"}],"wp:term":[{"taxonomy":"category","embeddable":true,"href":"https:\/\/www.mobilier-design-occasion.fr\/magazine\/wp-json\/wp\/v2\/categories?post=7227"},{"taxonomy":"post_tag","embeddable":true,"href":"https:\/\/www.mobilier-design-occasion.fr\/magazine\/wp-json\/wp\/v2\/tags?post=7227"}],"curies":[{"name":"wp","href":"https:\/\/api.w.org\/{rel}","templated":true}]}}