{"id":7146,"date":"2023-11-20T09:15:54","date_gmt":"2023-11-20T09:15:54","guid":{"rendered":"https:\/\/www.mobilier-design-occasion.fr\/magazine\/?p=7146"},"modified":"2023-11-20T09:15:55","modified_gmt":"2023-11-20T09:15:55","slug":"votre-chat-degomme-le-canape-nous-avons-la-solution","status":"publish","type":"post","link":"https:\/\/www.mobilier-design-occasion.fr\/magazine\/votre-chat-degomme-le-canape-nous-avons-la-solution\/","title":{"rendered":"Votre chat d\u00e9gomme le canap\u00e9? Nous avons la solution"},"content":{"rendered":"\n<p>Dans une maison o\u00f9 la joie et la malice r\u00e8gnent, vivent deux adorables coquins : Whiskers le chat et Fido le chien. Leur terrain de jeu pr\u00e9f\u00e9r\u00e9 ? Le canap\u00e9 du salon. Un jour, alors que la maison \u00e9tait plong\u00e9e dans un silence suspect, Whiskers et Fido ont d\u00e9cid\u00e9 de transformer ce canap\u00e9 en leur terrain de jeu personnel.<\/p>\n\n\n\n<figure class=\"wp-block-image size-full\"><img loading=\"lazy\" decoding=\"async\" width=\"546\" height=\"518\" src=\"https:\/\/www.mobilier-design-occasion.fr\/magazine\/wp-content\/uploads\/2023\/11\/image-112.png\" alt=\"\" class=\"wp-image-7147\" srcset=\"https:\/\/www.mobilier-design-occasion.fr\/magazine\/wp-content\/uploads\/2023\/11\/image-112.png 546w, https:\/\/www.mobilier-design-occasion.fr\/magazine\/wp-content\/uploads\/2023\/11\/image-112-300x285.png 300w\" sizes=\"auto, (max-width: 546px) 100vw, 546px\" \/><\/figure>\n\n\n\n<h3 class=\"wp-block-heading\"><span class=\"ez-toc-section\" id=\"Acte_1_LAssaut_du_Chat\"><\/span>Acte 1: L&#8217;Assaut du Chat<span class=\"ez-toc-section-end\"><\/span><\/h3><div id=\"ez-toc-container\" class=\"ez-toc-v2_0_82_2 counter-hierarchy ez-toc-counter ez-toc-grey ez-toc-container-direction\">\n<div class=\"ez-toc-title-container\">\n<span class=\"ez-toc-title-toggle\"><a href=\"#\" class=\"ez-toc-pull-right ez-toc-btn ez-toc-btn-xs ez-toc-btn-default ez-toc-toggle\" aria-label=\"Toggle Table of Content\"><span class=\"ez-toc-js-icon-con\"><span class=\"\"><span class=\"eztoc-hide\" style=\"display:none;\">Toggle<\/span><span class=\"ez-toc-icon-toggle-span\"><svg style=\"fill: #999;color:#999\" xmlns=\"http:\/\/www.w3.org\/2000\/svg\" class=\"list-377408\" width=\"20px\" height=\"20px\" viewBox=\"0 0 24 24\" fill=\"none\"><path d=\"M6 6H4v2h2V6zm14 0H8v2h12V6zM4 11h2v2H4v-2zm16 0H8v2h12v-2zM4 16h2v2H4v-2zm16 0H8v2h12v-2z\" fill=\"currentColor\"><\/path><\/svg><svg style=\"fill: #999;color:#999\" class=\"arrow-unsorted-368013\" xmlns=\"http:\/\/www.w3.org\/2000\/svg\" width=\"10px\" height=\"10px\" viewBox=\"0 0 24 24\" version=\"1.2\" baseProfile=\"tiny\"><path d=\"M18.2 9.3l-6.2-6.3-6.2 6.3c-.2.2-.3.4-.3.7s.1.5.3.7c.2.2.4.3.7.3h11c.3 0 .5-.1.7-.3.2-.2.3-.5.3-.7s-.1-.5-.3-.7zM5.8 14.7l6.2 6.3 6.2-6.3c.2-.2.3-.5.3-.7s-.1-.5-.3-.7c-.2-.2-.4-.3-.7-.3h-11c-.3 0-.5.1-.7.3-.2.2-.3.5-.3.7s.1.5.3.7z\"\/><\/svg><\/span><\/span><\/span><\/a><\/span><\/div>\n<nav><ul class='ez-toc-list ez-toc-list-level-1 eztoc-toggle-hide-by-default' ><ul class='ez-toc-list-level-3' ><li class='ez-toc-heading-level-3'><a class=\"ez-toc-link ez-toc-heading-1\" href=\"https:\/\/www.mobilier-design-occasion.fr\/magazine\/votre-chat-degomme-le-canape-nous-avons-la-solution\/#Acte_1_LAssaut_du_Chat\" >Acte 1: L&#8217;Assaut du Chat<\/a><\/li><li class='ez-toc-page-1 ez-toc-heading-level-3'><a class=\"ez-toc-link ez-toc-heading-2\" href=\"https:\/\/www.mobilier-design-occasion.fr\/magazine\/votre-chat-degomme-le-canape-nous-avons-la-solution\/#Acte_2_La_Reponse_du_Chien\" >Acte 2: La R\u00e9ponse du Chien<\/a><\/li><li class='ez-toc-page-1 ez-toc-heading-level-3'><a class=\"ez-toc-link ez-toc-heading-3\" href=\"https:\/\/www.mobilier-design-occasion.fr\/magazine\/votre-chat-degomme-le-canape-nous-avons-la-solution\/#Acte_3_Le_Denouement\" >Acte 3: Le D\u00e9nouement<\/a><\/li><\/ul><\/li><li class='ez-toc-page-1 ez-toc-heading-level-2'><a class=\"ez-toc-link ez-toc-heading-4\" href=\"https:\/\/www.mobilier-design-occasion.fr\/magazine\/votre-chat-degomme-le-canape-nous-avons-la-solution\/#Pourquoi_Utiliser_Une_Housse_de_Canape\" >Pourquoi Utiliser Une Housse de Canap\u00e9 ?<\/a><\/li><\/ul><\/nav><\/div>\n\n\n\n\n<p>Whiskers, avec sa gr\u00e2ce f\u00e9line et ses griffes ac\u00e9r\u00e9es, a pris d&#8217;assaut un coin du canap\u00e9. Il a commenc\u00e9 par aiguiser ses griffes sur le tissu, cr\u00e9ant une symphonie de petits craquements. Pour lui, ce n&#8217;\u00e9tait pas de la destruction, mais un chef-d&#8217;\u0153uvre artistique en devenir.<\/p>\n\n\n\n<h3 class=\"wp-block-heading\"><span class=\"ez-toc-section\" id=\"Acte_2_La_Reponse_du_Chien\"><\/span>Acte 2: La R\u00e9ponse du Chien<span class=\"ez-toc-section-end\"><\/span><\/h3>\n\n\n\n<p>Fido, ne voulant pas \u00eatre en reste, a choisi l&#8217;autre extr\u00e9mit\u00e9 du canap\u00e9. Avec ses puissantes m\u00e2choires et son enthousiasme d\u00e9bordant, il a commenc\u00e9 \u00e0 m\u00e2chouiller le rembourrage, le tirant comme un magicien retirant un foulard sans fin de son chapeau.<\/p>\n\n\n\n<figure class=\"wp-block-image size-full\"><img loading=\"lazy\" decoding=\"async\" width=\"650\" height=\"650\" src=\"https:\/\/www.mobilier-design-occasion.fr\/magazine\/wp-content\/uploads\/2023\/11\/image-113.png\" alt=\"\" class=\"wp-image-7148\" srcset=\"https:\/\/www.mobilier-design-occasion.fr\/magazine\/wp-content\/uploads\/2023\/11\/image-113.png 650w, https:\/\/www.mobilier-design-occasion.fr\/magazine\/wp-content\/uploads\/2023\/11\/image-113-300x300.png 300w, https:\/\/www.mobilier-design-occasion.fr\/magazine\/wp-content\/uploads\/2023\/11\/image-113-150x150.png 150w, https:\/\/www.mobilier-design-occasion.fr\/magazine\/wp-content\/uploads\/2023\/11\/image-113-120x120.png 120w\" sizes=\"auto, (max-width: 650px) 100vw, 650px\" \/><\/figure>\n\n\n\n<h3 class=\"wp-block-heading\"><span class=\"ez-toc-section\" id=\"Acte_3_Le_Denouement\"><\/span>Acte 3: Le D\u00e9nouement<span class=\"ez-toc-section-end\"><\/span><\/h3>\n\n\n\n<p>Le r\u00e9sultat ? Un canap\u00e9 qui ressemblait davantage \u00e0 une \u0153uvre d&#8217;art abstraite post-moderne qu&#8217;\u00e0 un meuble de salon. Des fils pendaient, le rembourrage sortait de tous les c\u00f4t\u00e9s, et les couleurs \u00e9taient d\u00e9sormais agr\u00e9ment\u00e9es de motifs uniques.<\/p>\n\n\n\n<h2 class=\"wp-block-heading\"><span class=\"ez-toc-section\" id=\"Pourquoi_Utiliser_Une_Housse_de_Canape\"><\/span>Pourquoi Utiliser Une Housse de Canap\u00e9 ?<span class=\"ez-toc-section-end\"><\/span><\/h2>\n\n\n\n<p>Face \u00e0 ce spectacle, le propri\u00e9taire des deux artistes en herbe a eu une r\u00e9v\u00e9lation : la housse de canap\u00e9. Voici pourquoi c&#8217;est une solution miracle :<\/p>\n\n\n\n<p><strong>Protection<\/strong> : Une housse de canap\u00e9 prot\u00e8ge contre les griffes, les dents, et m\u00eame les petits accidents. C&#8217;est une armure contre les assauts f\u00e9lins et canins.<br><\/p>\n\n\n\n<figure class=\"wp-block-image size-full\"><img loading=\"lazy\" decoding=\"async\" width=\"816\" height=\"451\" src=\"https:\/\/www.mobilier-design-occasion.fr\/magazine\/wp-content\/uploads\/2023\/11\/image-114.png\" alt=\"\" class=\"wp-image-7149\" srcset=\"https:\/\/www.mobilier-design-occasion.fr\/magazine\/wp-content\/uploads\/2023\/11\/image-114.png 816w, https:\/\/www.mobilier-design-occasion.fr\/magazine\/wp-content\/uploads\/2023\/11\/image-114-300x166.png 300w, https:\/\/www.mobilier-design-occasion.fr\/magazine\/wp-content\/uploads\/2023\/11\/image-114-768x424.png 768w, https:\/\/www.mobilier-design-occasion.fr\/magazine\/wp-content\/uploads\/2023\/11\/image-114-810x448.png 810w\" sizes=\"auto, (max-width: 816px) 100vw, 816px\" \/><\/figure>\n\n\n\n<p><br><strong>Facilit\u00e9 de nettoyage<\/strong> : Les poils, traces de pattes, ou tout autre souvenir laiss\u00e9 par nos amis \u00e0 quatre pattes peuvent \u00eatre facilement lav\u00e9s en machine.<br><\/p>\n\n\n\n<figure class=\"wp-block-image size-full\"><img loading=\"lazy\" decoding=\"async\" width=\"955\" height=\"449\" src=\"https:\/\/www.mobilier-design-occasion.fr\/magazine\/wp-content\/uploads\/2023\/11\/image-115.png\" alt=\"\" class=\"wp-image-7150\" srcset=\"https:\/\/www.mobilier-design-occasion.fr\/magazine\/wp-content\/uploads\/2023\/11\/image-115.png 955w, https:\/\/www.mobilier-design-occasion.fr\/magazine\/wp-content\/uploads\/2023\/11\/image-115-300x141.png 300w, https:\/\/www.mobilier-design-occasion.fr\/magazine\/wp-content\/uploads\/2023\/11\/image-115-768x361.png 768w, https:\/\/www.mobilier-design-occasion.fr\/magazine\/wp-content\/uploads\/2023\/11\/image-115-810x381.png 810w\" sizes=\"auto, (max-width: 955px) 100vw, 955px\" \/><\/figure>\n\n\n\n<p><strong>Renouvellement Esth\u00e9tique<\/strong> : Une housse permet de changer l&#8217;apparence de votre canap\u00e9 aussi souvent que vous le souhaitez, sans avoir \u00e0 acheter un nouveau canap\u00e9.<br><\/p>\n\n\n\n<figure class=\"wp-block-image size-full\"><img loading=\"lazy\" decoding=\"async\" width=\"736\" height=\"605\" src=\"https:\/\/www.mobilier-design-occasion.fr\/magazine\/wp-content\/uploads\/2023\/11\/image-116.png\" alt=\"\" class=\"wp-image-7151\" srcset=\"https:\/\/www.mobilier-design-occasion.fr\/magazine\/wp-content\/uploads\/2023\/11\/image-116.png 736w, https:\/\/www.mobilier-design-occasion.fr\/magazine\/wp-content\/uploads\/2023\/11\/image-116-300x247.png 300w\" sizes=\"auto, (max-width: 736px) 100vw, 736px\" \/><figcaption class=\"wp-element-caption\">Instagram : housse de France<\/figcaption><\/figure>\n\n\n\n<p><strong>Solution \u00c9conomique<\/strong> : Moins ch\u00e8re que de racheter un canap\u00e9 ou de faire r\u00e9parer les d\u00e9g\u00e2ts, la housse est un investissement judicieux.<\/p>\n\n\n\n<p>En conclusion, pendant que Whiskers et Fido continuent leurs escapades, leur propri\u00e9taire peut d\u00e9sormais siroter son caf\u00e9 en regardant le canap\u00e9, serein et souriant, sachant qu&#8217;il est bien prot\u00e9g\u00e9 par sa nouvelle housse de canap\u00e9. Une victoire pour les canap\u00e9s du monde entier !<\/p>\n","protected":false},"excerpt":{"rendered":"<p>Dans une maison o\u00f9 la joie et la malice r\u00e8gnent, vivent deux adorables coquins : Whiskers le chat et Fido le chien. Leur terrain de jeu pr\u00e9f\u00e9r\u00e9 ? Le canap\u00e9 du salon. Un jour, alors que la maison \u00e9tait plong\u00e9e dans un silence suspect, Whiskers et Fido ont d\u00e9cid\u00e9 de transformer ce canap\u00e9 en leur [&hellip;]<\/p>\n","protected":false},"author":2,"featured_media":7152,"comment_status":"open","ping_status":"open","sticky":false,"template":"","format":"standard","meta":{"footnotes":""},"categories":[122],"tags":[160,159],"class_list":["post-7146","post","type-post","status-publish","format-standard","has-post-thumbnail","hentry","category-salon","tag-canape","tag-housse"],"yoast_head":"<!-- This site is optimized with the Yoast SEO plugin v27.5 - https:\/\/yoast.com\/product\/yoast-seo-wordpress\/ -->\n<title>Votre chat d\u00e9gomme le canap\u00e9? Nous avons la solution - Mobilier Design Magazine<\/title>\n<meta name=\"robots\" content=\"index, follow, max-snippet:-1, max-image-preview:large, max-video-preview:-1\" \/>\n<link rel=\"canonical\" href=\"https:\/\/www.mobilier-design-occasion.fr\/magazine\/votre-chat-degomme-le-canape-nous-avons-la-solution\/\" \/>\n<meta property=\"og:locale\" content=\"fr_FR\" \/>\n<meta property=\"og:type\" content=\"article\" \/>\n<meta property=\"og:title\" content=\"Votre chat d\u00e9gomme le canap\u00e9? Nous avons la solution - Mobilier Design Magazine\" \/>\n<meta property=\"og:description\" content=\"Dans une maison o\u00f9 la joie et la malice r\u00e8gnent, vivent deux adorables coquins : Whiskers le chat et Fido le chien. Leur terrain de jeu pr\u00e9f\u00e9r\u00e9 ? Le canap\u00e9 du salon. Un jour, alors que la maison \u00e9tait plong\u00e9e dans un silence suspect, Whiskers et Fido ont d\u00e9cid\u00e9 de transformer ce canap\u00e9 en leur [&hellip;]\" \/>\n<meta property=\"og:url\" content=\"https:\/\/www.mobilier-design-occasion.fr\/magazine\/votre-chat-degomme-le-canape-nous-avons-la-solution\/\" \/>\n<meta property=\"og:site_name\" content=\"Mobilier Design Magazine\" \/>\n<meta property=\"article:publisher\" content=\"https:\/\/www.facebook.com\/mobilierdesignoccasion\" \/>\n<meta property=\"article:published_time\" content=\"2023-11-20T09:15:54+00:00\" \/>\n<meta property=\"article:modified_time\" content=\"2023-11-20T09:15:55+00:00\" \/>\n<meta property=\"og:image\" content=\"https:\/\/www.mobilier-design-occasion.fr\/magazine\/wp-content\/uploads\/2023\/11\/chat-canape.png\" \/>\n\t<meta property=\"og:image:width\" content=\"1920\" \/>\n\t<meta property=\"og:image:height\" content=\"1080\" \/>\n\t<meta property=\"og:image:type\" content=\"image\/png\" \/>\n<meta name=\"author\" content=\"Vincent Vandegans\" \/>\n<meta name=\"twitter:card\" content=\"summary_large_image\" \/>\n<meta name=\"twitter:label1\" content=\"\u00c9crit par\" \/>\n\t<meta name=\"twitter:data1\" content=\"Vincent Vandegans\" \/>\n\t<meta name=\"twitter:label2\" content=\"Dur\u00e9e de lecture estim\u00e9e\" \/>\n\t<meta name=\"twitter:data2\" content=\"2 minutes\" \/>\n<script type=\"application\/ld+json\" class=\"yoast-schema-graph\">{\"@context\":\"https:\\\/\\\/schema.org\",\"@graph\":[{\"@type\":\"Article\",\"@id\":\"https:\\\/\\\/www.mobilier-design-occasion.fr\\\/magazine\\\/votre-chat-degomme-le-canape-nous-avons-la-solution\\\/#article\",\"isPartOf\":{\"@id\":\"https:\\\/\\\/www.mobilier-design-occasion.fr\\\/magazine\\\/votre-chat-degomme-le-canape-nous-avons-la-solution\\\/\"},\"author\":{\"name\":\"Vincent Vandegans\",\"@id\":\"https:\\\/\\\/www.mobilier-design-occasion.fr\\\/magazine\\\/#\\\/schema\\\/person\\\/af895bedc80bfb6b17730a672fddac9e\"},\"headline\":\"Votre chat d\u00e9gomme le canap\u00e9? Nous avons la solution\",\"datePublished\":\"2023-11-20T09:15:54+00:00\",\"dateModified\":\"2023-11-20T09:15:55+00:00\",\"mainEntityOfPage\":{\"@id\":\"https:\\\/\\\/www.mobilier-design-occasion.fr\\\/magazine\\\/votre-chat-degomme-le-canape-nous-avons-la-solution\\\/\"},\"wordCount\":419,\"commentCount\":0,\"publisher\":{\"@id\":\"https:\\\/\\\/www.mobilier-design-occasion.fr\\\/magazine\\\/#organization\"},\"image\":{\"@id\":\"https:\\\/\\\/www.mobilier-design-occasion.fr\\\/magazine\\\/votre-chat-degomme-le-canape-nous-avons-la-solution\\\/#primaryimage\"},\"thumbnailUrl\":\"https:\\\/\\\/www.mobilier-design-occasion.fr\\\/magazine\\\/wp-content\\\/uploads\\\/2023\\\/11\\\/chat-canape.png\",\"keywords\":[\"canap\u00e9\",\"housse\"],\"articleSection\":[\"Salon\"],\"inLanguage\":\"fr-FR\",\"potentialAction\":[{\"@type\":\"CommentAction\",\"name\":\"Comment\",\"target\":[\"https:\\\/\\\/www.mobilier-design-occasion.fr\\\/magazine\\\/votre-chat-degomme-le-canape-nous-avons-la-solution\\\/#respond\"]}]},{\"@type\":\"WebPage\",\"@id\":\"https:\\\/\\\/www.mobilier-design-occasion.fr\\\/magazine\\\/votre-chat-degomme-le-canape-nous-avons-la-solution\\\/\",\"url\":\"https:\\\/\\\/www.mobilier-design-occasion.fr\\\/magazine\\\/votre-chat-degomme-le-canape-nous-avons-la-solution\\\/\",\"name\":\"Votre chat d\u00e9gomme le canap\u00e9? Nous avons la solution - Mobilier Design Magazine\",\"isPartOf\":{\"@id\":\"https:\\\/\\\/www.mobilier-design-occasion.fr\\\/magazine\\\/#website\"},\"primaryImageOfPage\":{\"@id\":\"https:\\\/\\\/www.mobilier-design-occasion.fr\\\/magazine\\\/votre-chat-degomme-le-canape-nous-avons-la-solution\\\/#primaryimage\"},\"image\":{\"@id\":\"https:\\\/\\\/www.mobilier-design-occasion.fr\\\/magazine\\\/votre-chat-degomme-le-canape-nous-avons-la-solution\\\/#primaryimage\"},\"thumbnailUrl\":\"https:\\\/\\\/www.mobilier-design-occasion.fr\\\/magazine\\\/wp-content\\\/uploads\\\/2023\\\/11\\\/chat-canape.png\",\"datePublished\":\"2023-11-20T09:15:54+00:00\",\"dateModified\":\"2023-11-20T09:15:55+00:00\",\"breadcrumb\":{\"@id\":\"https:\\\/\\\/www.mobilier-design-occasion.fr\\\/magazine\\\/votre-chat-degomme-le-canape-nous-avons-la-solution\\\/#breadcrumb\"},\"inLanguage\":\"fr-FR\",\"potentialAction\":[{\"@type\":\"ReadAction\",\"target\":[\"https:\\\/\\\/www.mobilier-design-occasion.fr\\\/magazine\\\/votre-chat-degomme-le-canape-nous-avons-la-solution\\\/\"]}]},{\"@type\":\"ImageObject\",\"inLanguage\":\"fr-FR\",\"@id\":\"https:\\\/\\\/www.mobilier-design-occasion.fr\\\/magazine\\\/votre-chat-degomme-le-canape-nous-avons-la-solution\\\/#primaryimage\",\"url\":\"https:\\\/\\\/www.mobilier-design-occasion.fr\\\/magazine\\\/wp-content\\\/uploads\\\/2023\\\/11\\\/chat-canape.png\",\"contentUrl\":\"https:\\\/\\\/www.mobilier-design-occasion.fr\\\/magazine\\\/wp-content\\\/uploads\\\/2023\\\/11\\\/chat-canape.png\",\"width\":1920,\"height\":1080},{\"@type\":\"BreadcrumbList\",\"@id\":\"https:\\\/\\\/www.mobilier-design-occasion.fr\\\/magazine\\\/votre-chat-degomme-le-canape-nous-avons-la-solution\\\/#breadcrumb\",\"itemListElement\":[{\"@type\":\"ListItem\",\"position\":1,\"name\":\"Accueil\",\"item\":\"https:\\\/\\\/www.mobilier-design-occasion.fr\\\/magazine\\\/\"},{\"@type\":\"ListItem\",\"position\":2,\"name\":\"Votre chat d\u00e9gomme le canap\u00e9? Nous avons la solution\"}]},{\"@type\":\"WebSite\",\"@id\":\"https:\\\/\\\/www.mobilier-design-occasion.fr\\\/magazine\\\/#website\",\"url\":\"https:\\\/\\\/www.mobilier-design-occasion.fr\\\/magazine\\\/\",\"name\":\"Mobilier Design Magazine\",\"description\":\"\",\"publisher\":{\"@id\":\"https:\\\/\\\/www.mobilier-design-occasion.fr\\\/magazine\\\/#organization\"},\"potentialAction\":[{\"@type\":\"SearchAction\",\"target\":{\"@type\":\"EntryPoint\",\"urlTemplate\":\"https:\\\/\\\/www.mobilier-design-occasion.fr\\\/magazine\\\/?s={search_term_string}\"},\"query-input\":{\"@type\":\"PropertyValueSpecification\",\"valueRequired\":true,\"valueName\":\"search_term_string\"}}],\"inLanguage\":\"fr-FR\"},{\"@type\":\"Organization\",\"@id\":\"https:\\\/\\\/www.mobilier-design-occasion.fr\\\/magazine\\\/#organization\",\"name\":\"Mobilier Design Magazine\",\"url\":\"https:\\\/\\\/www.mobilier-design-occasion.fr\\\/magazine\\\/\",\"logo\":{\"@type\":\"ImageObject\",\"inLanguage\":\"fr-FR\",\"@id\":\"https:\\\/\\\/www.mobilier-design-occasion.fr\\\/magazine\\\/#\\\/schema\\\/logo\\\/image\\\/\",\"url\":\"https:\\\/\\\/www.mobilier-design-occasion.fr\\\/magazine\\\/wp-content\\\/uploads\\\/2024\\\/02\\\/android-chrome-192x192-1.png\",\"contentUrl\":\"https:\\\/\\\/www.mobilier-design-occasion.fr\\\/magazine\\\/wp-content\\\/uploads\\\/2024\\\/02\\\/android-chrome-192x192-1.png\",\"width\":192,\"height\":192,\"caption\":\"Mobilier Design Magazine\"},\"image\":{\"@id\":\"https:\\\/\\\/www.mobilier-design-occasion.fr\\\/magazine\\\/#\\\/schema\\\/logo\\\/image\\\/\"},\"sameAs\":[\"https:\\\/\\\/www.facebook.com\\\/mobilierdesignoccasion\"]},{\"@type\":\"Person\",\"@id\":\"https:\\\/\\\/www.mobilier-design-occasion.fr\\\/magazine\\\/#\\\/schema\\\/person\\\/af895bedc80bfb6b17730a672fddac9e\",\"name\":\"Vincent Vandegans\",\"image\":{\"@type\":\"ImageObject\",\"inLanguage\":\"fr-FR\",\"@id\":\"https:\\\/\\\/secure.gravatar.com\\\/avatar\\\/b984800dabdf722d5e3f03f637c8932dea77d81118467d17ad2953e3b273ec66?s=96&d=mm&r=g\",\"url\":\"https:\\\/\\\/secure.gravatar.com\\\/avatar\\\/b984800dabdf722d5e3f03f637c8932dea77d81118467d17ad2953e3b273ec66?s=96&d=mm&r=g\",\"contentUrl\":\"https:\\\/\\\/secure.gravatar.com\\\/avatar\\\/b984800dabdf722d5e3f03f637c8932dea77d81118467d17ad2953e3b273ec66?s=96&d=mm&r=g\",\"caption\":\"Vincent Vandegans\"},\"description\":\"Vincent est passionn\u00e9 par les produits d'occasion, il a ouvert le site MDO avec Cyrielle pour aider les gens \u00e0 trouver du mobilier d'occasion, vintage ou usag\u00e9. Depuis, ils ont \u00e9tendu leurs activit\u00e9s et conseillent tout le monde sur le mobilier d'int\u00e9rieur et d'ext\u00e9rieur au quotidien \u00e0 travers le magazine MDO.\",\"url\":\"https:\\\/\\\/www.mobilier-design-occasion.fr\\\/magazine\\\/author\\\/vincent\\\/\"}]}<\/script>\n<!-- \/ Yoast SEO plugin. -->","yoast_head_json":{"title":"Votre chat d\u00e9gomme le canap\u00e9? Nous avons la solution - Mobilier Design Magazine","robots":{"index":"index","follow":"follow","max-snippet":"max-snippet:-1","max-image-preview":"max-image-preview:large","max-video-preview":"max-video-preview:-1"},"canonical":"https:\/\/www.mobilier-design-occasion.fr\/magazine\/votre-chat-degomme-le-canape-nous-avons-la-solution\/","og_locale":"fr_FR","og_type":"article","og_title":"Votre chat d\u00e9gomme le canap\u00e9? Nous avons la solution - Mobilier Design Magazine","og_description":"Dans une maison o\u00f9 la joie et la malice r\u00e8gnent, vivent deux adorables coquins : Whiskers le chat et Fido le chien. Leur terrain de jeu pr\u00e9f\u00e9r\u00e9 ? Le canap\u00e9 du salon. Un jour, alors que la maison \u00e9tait plong\u00e9e dans un silence suspect, Whiskers et Fido ont d\u00e9cid\u00e9 de transformer ce canap\u00e9 en leur [&hellip;]","og_url":"https:\/\/www.mobilier-design-occasion.fr\/magazine\/votre-chat-degomme-le-canape-nous-avons-la-solution\/","og_site_name":"Mobilier Design Magazine","article_publisher":"https:\/\/www.facebook.com\/mobilierdesignoccasion","article_published_time":"2023-11-20T09:15:54+00:00","article_modified_time":"2023-11-20T09:15:55+00:00","og_image":[{"width":1920,"height":1080,"url":"https:\/\/www.mobilier-design-occasion.fr\/magazine\/wp-content\/uploads\/2023\/11\/chat-canape.png","type":"image\/png"}],"author":"Vincent Vandegans","twitter_card":"summary_large_image","twitter_misc":{"\u00c9crit par":"Vincent Vandegans","Dur\u00e9e de lecture estim\u00e9e":"2 minutes"},"schema":{"@context":"https:\/\/schema.org","@graph":[{"@type":"Article","@id":"https:\/\/www.mobilier-design-occasion.fr\/magazine\/votre-chat-degomme-le-canape-nous-avons-la-solution\/#article","isPartOf":{"@id":"https:\/\/www.mobilier-design-occasion.fr\/magazine\/votre-chat-degomme-le-canape-nous-avons-la-solution\/"},"author":{"name":"Vincent Vandegans","@id":"https:\/\/www.mobilier-design-occasion.fr\/magazine\/#\/schema\/person\/af895bedc80bfb6b17730a672fddac9e"},"headline":"Votre chat d\u00e9gomme le canap\u00e9? Nous avons la solution","datePublished":"2023-11-20T09:15:54+00:00","dateModified":"2023-11-20T09:15:55+00:00","mainEntityOfPage":{"@id":"https:\/\/www.mobilier-design-occasion.fr\/magazine\/votre-chat-degomme-le-canape-nous-avons-la-solution\/"},"wordCount":419,"commentCount":0,"publisher":{"@id":"https:\/\/www.mobilier-design-occasion.fr\/magazine\/#organization"},"image":{"@id":"https:\/\/www.mobilier-design-occasion.fr\/magazine\/votre-chat-degomme-le-canape-nous-avons-la-solution\/#primaryimage"},"thumbnailUrl":"https:\/\/www.mobilier-design-occasion.fr\/magazine\/wp-content\/uploads\/2023\/11\/chat-canape.png","keywords":["canap\u00e9","housse"],"articleSection":["Salon"],"inLanguage":"fr-FR","potentialAction":[{"@type":"CommentAction","name":"Comment","target":["https:\/\/www.mobilier-design-occasion.fr\/magazine\/votre-chat-degomme-le-canape-nous-avons-la-solution\/#respond"]}]},{"@type":"WebPage","@id":"https:\/\/www.mobilier-design-occasion.fr\/magazine\/votre-chat-degomme-le-canape-nous-avons-la-solution\/","url":"https:\/\/www.mobilier-design-occasion.fr\/magazine\/votre-chat-degomme-le-canape-nous-avons-la-solution\/","name":"Votre chat d\u00e9gomme le canap\u00e9? Nous avons la solution - Mobilier Design Magazine","isPartOf":{"@id":"https:\/\/www.mobilier-design-occasion.fr\/magazine\/#website"},"primaryImageOfPage":{"@id":"https:\/\/www.mobilier-design-occasion.fr\/magazine\/votre-chat-degomme-le-canape-nous-avons-la-solution\/#primaryimage"},"image":{"@id":"https:\/\/www.mobilier-design-occasion.fr\/magazine\/votre-chat-degomme-le-canape-nous-avons-la-solution\/#primaryimage"},"thumbnailUrl":"https:\/\/www.mobilier-design-occasion.fr\/magazine\/wp-content\/uploads\/2023\/11\/chat-canape.png","datePublished":"2023-11-20T09:15:54+00:00","dateModified":"2023-11-20T09:15:55+00:00","breadcrumb":{"@id":"https:\/\/www.mobilier-design-occasion.fr\/magazine\/votre-chat-degomme-le-canape-nous-avons-la-solution\/#breadcrumb"},"inLanguage":"fr-FR","potentialAction":[{"@type":"ReadAction","target":["https:\/\/www.mobilier-design-occasion.fr\/magazine\/votre-chat-degomme-le-canape-nous-avons-la-solution\/"]}]},{"@type":"ImageObject","inLanguage":"fr-FR","@id":"https:\/\/www.mobilier-design-occasion.fr\/magazine\/votre-chat-degomme-le-canape-nous-avons-la-solution\/#primaryimage","url":"https:\/\/www.mobilier-design-occasion.fr\/magazine\/wp-content\/uploads\/2023\/11\/chat-canape.png","contentUrl":"https:\/\/www.mobilier-design-occasion.fr\/magazine\/wp-content\/uploads\/2023\/11\/chat-canape.png","width":1920,"height":1080},{"@type":"BreadcrumbList","@id":"https:\/\/www.mobilier-design-occasion.fr\/magazine\/votre-chat-degomme-le-canape-nous-avons-la-solution\/#breadcrumb","itemListElement":[{"@type":"ListItem","position":1,"name":"Accueil","item":"https:\/\/www.mobilier-design-occasion.fr\/magazine\/"},{"@type":"ListItem","position":2,"name":"Votre chat d\u00e9gomme le canap\u00e9? Nous avons la solution"}]},{"@type":"WebSite","@id":"https:\/\/www.mobilier-design-occasion.fr\/magazine\/#website","url":"https:\/\/www.mobilier-design-occasion.fr\/magazine\/","name":"Mobilier Design Magazine","description":"","publisher":{"@id":"https:\/\/www.mobilier-design-occasion.fr\/magazine\/#organization"},"potentialAction":[{"@type":"SearchAction","target":{"@type":"EntryPoint","urlTemplate":"https:\/\/www.mobilier-design-occasion.fr\/magazine\/?s={search_term_string}"},"query-input":{"@type":"PropertyValueSpecification","valueRequired":true,"valueName":"search_term_string"}}],"inLanguage":"fr-FR"},{"@type":"Organization","@id":"https:\/\/www.mobilier-design-occasion.fr\/magazine\/#organization","name":"Mobilier Design Magazine","url":"https:\/\/www.mobilier-design-occasion.fr\/magazine\/","logo":{"@type":"ImageObject","inLanguage":"fr-FR","@id":"https:\/\/www.mobilier-design-occasion.fr\/magazine\/#\/schema\/logo\/image\/","url":"https:\/\/www.mobilier-design-occasion.fr\/magazine\/wp-content\/uploads\/2024\/02\/android-chrome-192x192-1.png","contentUrl":"https:\/\/www.mobilier-design-occasion.fr\/magazine\/wp-content\/uploads\/2024\/02\/android-chrome-192x192-1.png","width":192,"height":192,"caption":"Mobilier Design Magazine"},"image":{"@id":"https:\/\/www.mobilier-design-occasion.fr\/magazine\/#\/schema\/logo\/image\/"},"sameAs":["https:\/\/www.facebook.com\/mobilierdesignoccasion"]},{"@type":"Person","@id":"https:\/\/www.mobilier-design-occasion.fr\/magazine\/#\/schema\/person\/af895bedc80bfb6b17730a672fddac9e","name":"Vincent Vandegans","image":{"@type":"ImageObject","inLanguage":"fr-FR","@id":"https:\/\/secure.gravatar.com\/avatar\/b984800dabdf722d5e3f03f637c8932dea77d81118467d17ad2953e3b273ec66?s=96&d=mm&r=g","url":"https:\/\/secure.gravatar.com\/avatar\/b984800dabdf722d5e3f03f637c8932dea77d81118467d17ad2953e3b273ec66?s=96&d=mm&r=g","contentUrl":"https:\/\/secure.gravatar.com\/avatar\/b984800dabdf722d5e3f03f637c8932dea77d81118467d17ad2953e3b273ec66?s=96&d=mm&r=g","caption":"Vincent Vandegans"},"description":"Vincent est passionn\u00e9 par les produits d'occasion, il a ouvert le site MDO avec Cyrielle pour aider les gens \u00e0 trouver du mobilier d'occasion, vintage ou usag\u00e9. Depuis, ils ont \u00e9tendu leurs activit\u00e9s et conseillent tout le monde sur le mobilier d'int\u00e9rieur et d'ext\u00e9rieur au quotidien \u00e0 travers le magazine MDO.","url":"https:\/\/www.mobilier-design-occasion.fr\/magazine\/author\/vincent\/"}]}},"_links":{"self":[{"href":"https:\/\/www.mobilier-design-occasion.fr\/magazine\/wp-json\/wp\/v2\/posts\/7146","targetHints":{"allow":["GET"]}}],"collection":[{"href":"https:\/\/www.mobilier-design-occasion.fr\/magazine\/wp-json\/wp\/v2\/posts"}],"about":[{"href":"https:\/\/www.mobilier-design-occasion.fr\/magazine\/wp-json\/wp\/v2\/types\/post"}],"author":[{"embeddable":true,"href":"https:\/\/www.mobilier-design-occasion.fr\/magazine\/wp-json\/wp\/v2\/users\/2"}],"replies":[{"embeddable":true,"href":"https:\/\/www.mobilier-design-occasion.fr\/magazine\/wp-json\/wp\/v2\/comments?post=7146"}],"version-history":[{"count":1,"href":"https:\/\/www.mobilier-design-occasion.fr\/magazine\/wp-json\/wp\/v2\/posts\/7146\/revisions"}],"predecessor-version":[{"id":7153,"href":"https:\/\/www.mobilier-design-occasion.fr\/magazine\/wp-json\/wp\/v2\/posts\/7146\/revisions\/7153"}],"wp:featuredmedia":[{"embeddable":true,"href":"https:\/\/www.mobilier-design-occasion.fr\/magazine\/wp-json\/wp\/v2\/media\/7152"}],"wp:attachment":[{"href":"https:\/\/www.mobilier-design-occasion.fr\/magazine\/wp-json\/wp\/v2\/media?parent=7146"}],"wp:term":[{"taxonomy":"category","embeddable":true,"href":"https:\/\/www.mobilier-design-occasion.fr\/magazine\/wp-json\/wp\/v2\/categories?post=7146"},{"taxonomy":"post_tag","embeddable":true,"href":"https:\/\/www.mobilier-design-occasion.fr\/magazine\/wp-json\/wp\/v2\/tags?post=7146"}],"curies":[{"name":"wp","href":"https:\/\/api.w.org\/{rel}","templated":true}]}}