{"id":7101,"date":"2023-11-16T08:22:46","date_gmt":"2023-11-16T08:22:46","guid":{"rendered":"https:\/\/www.mobilier-design-occasion.fr\/magazine\/?p=7101"},"modified":"2023-11-16T08:22:47","modified_gmt":"2023-11-16T08:22:47","slug":"calendrier-de-lavent-avec-un-ikea-hack-hors-du-commun-vous-allez-etre-epate-e","status":"publish","type":"post","link":"https:\/\/www.mobilier-design-occasion.fr\/magazine\/calendrier-de-lavent-avec-un-ikea-hack-hors-du-commun-vous-allez-etre-epate-e\/","title":{"rendered":"Calendrier de l&#8217;Avent avec un IKEA Hack hors du commun. Vous allez \u00eatre \u00e9pat\u00e9.e!"},"content":{"rendered":"\n<h2 class=\"wp-block-heading\"><span class=\"ez-toc-section\" id=\"Redefinir_les_Traditions_de_Noel_avec_une_Touche_Personnelle\"><\/span><strong>Red\u00e9finir les Traditions de No\u00ebl avec une Touche Personnelle<\/strong> <span class=\"ez-toc-section-end\"><\/span><\/h2><div id=\"ez-toc-container\" class=\"ez-toc-v2_0_82_2 counter-hierarchy ez-toc-counter ez-toc-grey ez-toc-container-direction\">\n<div class=\"ez-toc-title-container\">\n<span class=\"ez-toc-title-toggle\"><a href=\"#\" class=\"ez-toc-pull-right ez-toc-btn ez-toc-btn-xs ez-toc-btn-default ez-toc-toggle\" aria-label=\"Toggle Table of Content\"><span class=\"ez-toc-js-icon-con\"><span class=\"\"><span class=\"eztoc-hide\" style=\"display:none;\">Toggle<\/span><span class=\"ez-toc-icon-toggle-span\"><svg style=\"fill: #999;color:#999\" xmlns=\"http:\/\/www.w3.org\/2000\/svg\" class=\"list-377408\" width=\"20px\" height=\"20px\" viewBox=\"0 0 24 24\" fill=\"none\"><path d=\"M6 6H4v2h2V6zm14 0H8v2h12V6zM4 11h2v2H4v-2zm16 0H8v2h12v-2zM4 16h2v2H4v-2zm16 0H8v2h12v-2z\" fill=\"currentColor\"><\/path><\/svg><svg style=\"fill: #999;color:#999\" class=\"arrow-unsorted-368013\" xmlns=\"http:\/\/www.w3.org\/2000\/svg\" width=\"10px\" height=\"10px\" viewBox=\"0 0 24 24\" version=\"1.2\" baseProfile=\"tiny\"><path d=\"M18.2 9.3l-6.2-6.3-6.2 6.3c-.2.2-.3.4-.3.7s.1.5.3.7c.2.2.4.3.7.3h11c.3 0 .5-.1.7-.3.2-.2.3-.5.3-.7s-.1-.5-.3-.7zM5.8 14.7l6.2 6.3 6.2-6.3c.2-.2.3-.5.3-.7s-.1-.5-.3-.7c-.2-.2-.4-.3-.7-.3h-11c-.3 0-.5.1-.7.3-.2.2-.3.5-.3.7s.1.5.3.7z\"\/><\/svg><\/span><\/span><\/span><\/a><\/span><\/div>\n<nav><ul class='ez-toc-list ez-toc-list-level-1 eztoc-toggle-hide-by-default' ><li class='ez-toc-page-1 ez-toc-heading-level-2'><a class=\"ez-toc-link ez-toc-heading-1\" href=\"https:\/\/www.mobilier-design-occasion.fr\/magazine\/calendrier-de-lavent-avec-un-ikea-hack-hors-du-commun-vous-allez-etre-epate-e\/#Redefinir_les_Traditions_de_Noel_avec_une_Touche_Personnelle\" >Red\u00e9finir les Traditions de No\u00ebl avec une Touche Personnelle<\/a><\/li><li class='ez-toc-page-1 ez-toc-heading-level-2'><a class=\"ez-toc-link ez-toc-heading-2\" href=\"https:\/\/www.mobilier-design-occasion.fr\/magazine\/calendrier-de-lavent-avec-un-ikea-hack-hors-du-commun-vous-allez-etre-epate-e\/#LArt_de_Personnaliser_Son_Calendrier_LInspiration_de_Luisa_Ehlgotz\" >L&#8217;Art de Personnaliser Son Calendrier : L&#8217;Inspiration de Luisa Ehlg\u00f6tz<\/a><\/li><li class='ez-toc-page-1 ez-toc-heading-level-2'><a class=\"ez-toc-link ez-toc-heading-3\" href=\"https:\/\/www.mobilier-design-occasion.fr\/magazine\/calendrier-de-lavent-avec-un-ikea-hack-hors-du-commun-vous-allez-etre-epate-e\/#Un_Calendrier_de_lAvent_avec_une_Etagere_IKEA\" >Un Calendrier de l&#8217;Avent avec une \u00c9tag\u00e8re IKEA<\/a><\/li><li class='ez-toc-page-1 ez-toc-heading-level-2'><a class=\"ez-toc-link ez-toc-heading-4\" href=\"https:\/\/www.mobilier-design-occasion.fr\/magazine\/calendrier-de-lavent-avec-un-ikea-hack-hors-du-commun-vous-allez-etre-epate-e\/#Metamorphose_de_Jeux_pour_Enfants_en_Calendrier_de_lAvent_Feerique\" >M\u00e9tamorphose de Jeux pour Enfants en Calendrier de l&#8217;Avent F\u00e9erique<\/a><\/li><li class='ez-toc-page-1 ez-toc-heading-level-2'><a class=\"ez-toc-link ez-toc-heading-5\" href=\"https:\/\/www.mobilier-design-occasion.fr\/magazine\/calendrier-de-lavent-avec-un-ikea-hack-hors-du-commun-vous-allez-etre-epate-e\/#Comment_faire_vous-meme_ce_calendrier_de_lavent_Ikea_Hack_DIY\" >Comment faire vous-m\u00eame ce calendrier de l&#8217;avent Ikea Hack DIY?<\/a><\/li><\/ul><\/nav><\/div>\n\n\n\n\n<p>Pour beaucoup, l&#8217;arriv\u00e9e de novembre marque un tournant \u00e9motionnel. D&#8217;un c\u00f4t\u00e9, il est per\u00e7u comme un mois m\u00e9lancolique, de l&#8217;autre, il repr\u00e9sente l&#8217;excitation pr\u00e9alable aux f\u00eates de fin d&#8217;ann\u00e9e. C&#8217;est le mois o\u00f9 l&#8217;on commence \u00e0 songer aux pr\u00e9paratifs de No\u00ebl : choisir le th\u00e8me du sapin, s\u00e9lectionner les d\u00e9corations, et planifier le repas du r\u00e9veillon. Au c\u0153ur de ces festivit\u00e9s, le calendrier de l&#8217;Avent occupe une place privil\u00e9gi\u00e9e, marquant le d\u00e9but de la qu\u00eate des cadeaux parfaits. <\/p>\n\n\n\n<figure class=\"wp-block-image size-full\"><img loading=\"lazy\" decoding=\"async\" width=\"457\" height=\"609\" src=\"https:\/\/www.mobilier-design-occasion.fr\/magazine\/wp-content\/uploads\/2023\/11\/image-91.png\" alt=\"\" class=\"wp-image-7108\" srcset=\"https:\/\/www.mobilier-design-occasion.fr\/magazine\/wp-content\/uploads\/2023\/11\/image-91.png 457w, https:\/\/www.mobilier-design-occasion.fr\/magazine\/wp-content\/uploads\/2023\/11\/image-91-225x300.png 225w\" sizes=\"auto, (max-width: 457px) 100vw, 457px\" \/><figcaption class=\"wp-element-caption\">Verbaudet, calendrier de l&#8217;avent.<\/figcaption><\/figure>\n\n\n\n<p>Cette tradition, autrefois r\u00e9serv\u00e9e aux enfants, s&#8217;est diversifi\u00e9e et adapt\u00e9e pour plaire \u00e0 tous, proposant des variantes allant des classiques chocolats \u00e0 des versions plus audacieuses. Malgr\u00e9 cette vari\u00e9t\u00e9, certains aspirent \u00e0 plus d&#8217;originalit\u00e9 et se tournent vers la personnalisation de leur propre calendrier de l&#8217;Avent.<\/p>\n\n\n\n<figure class=\"wp-block-image size-full\"><img loading=\"lazy\" decoding=\"async\" width=\"628\" height=\"736\" src=\"https:\/\/www.mobilier-design-occasion.fr\/magazine\/wp-content\/uploads\/2023\/11\/image-90.png\" alt=\"\" class=\"wp-image-7107\" srcset=\"https:\/\/www.mobilier-design-occasion.fr\/magazine\/wp-content\/uploads\/2023\/11\/image-90.png 628w, https:\/\/www.mobilier-design-occasion.fr\/magazine\/wp-content\/uploads\/2023\/11\/image-90-256x300.png 256w\" sizes=\"auto, (max-width: 628px) 100vw, 628px\" \/><figcaption class=\"wp-element-caption\">Calendrier de l&#8217;avent, instagram schereleimpapier<\/figcaption><\/figure>\n\n\n\n<h2 class=\"wp-block-heading\"><span class=\"ez-toc-section\" id=\"LArt_de_Personnaliser_Son_Calendrier_LInspiration_de_Luisa_Ehlgotz\"><\/span><strong>L&#8217;Art de Personnaliser Son Calendrier : L&#8217;Inspiration de Luisa Ehlg\u00f6tz<\/strong> <span class=\"ez-toc-section-end\"><\/span><\/h2>\n\n\n\n<p>Luisa Ehlg\u00f6tz, sur son compte Instagram, partage comment cr\u00e9er de fa\u00e7on unique et personnelle deux types de calendriers de l&#8217;Avent en utilisant des produits IKEA. Ces astuces, connues sous le nom d&#8217;IKEA hacks, sont des moyens ing\u00e9nieux de transformer des objets ordinaires en cr\u00e9ations exceptionnelles.<\/p>\n\n\n\n<figure class=\"wp-block-image size-full\"><img loading=\"lazy\" decoding=\"async\" width=\"648\" height=\"726\" src=\"https:\/\/www.mobilier-design-occasion.fr\/magazine\/wp-content\/uploads\/2023\/11\/image-88.png\" alt=\"\" class=\"wp-image-7104\" srcset=\"https:\/\/www.mobilier-design-occasion.fr\/magazine\/wp-content\/uploads\/2023\/11\/image-88.png 648w, https:\/\/www.mobilier-design-occasion.fr\/magazine\/wp-content\/uploads\/2023\/11\/image-88-268x300.png 268w\" sizes=\"auto, (max-width: 648px) 100vw, 648px\" \/><figcaption class=\"wp-element-caption\">Instagram schereleimpapier<\/figcaption><\/figure>\n\n\n\n<h2 class=\"wp-block-heading\"><span class=\"ez-toc-section\" id=\"Un_Calendrier_de_lAvent_avec_une_Etagere_IKEA\"><\/span><strong>Un Calendrier de l&#8217;Avent avec une \u00c9tag\u00e8re IKEA<\/strong> <span class=\"ez-toc-section-end\"><\/span><\/h2>\n\n\n\n<p>Le premier projet d\u00e9bute avec une \u00e9tag\u00e8re murale dot\u00e9e de petits casiers, telle que le mod\u00e8le SKUTSK\u00c4R (ou une alternative similaire). \u00c0 partir de cette base, des plaques de contreplaqu\u00e9 servent de s\u00e9parateurs pour cr\u00e9er de nouvelles cases. Des petites portes, fix\u00e9es avec des mini charni\u00e8res, sont ensuite ajout\u00e9es. Ces portes peuvent \u00eatre personnalis\u00e9es selon les go\u00fbts de chacun, de fa\u00e7ades moulur\u00e9es \u00e0 des surfaces lisses. Une fois assembl\u00e9, le calendrier est peint dans la couleur d\u00e9sir\u00e9e et d\u00e9cor\u00e9 avec des perles en bois utilis\u00e9es comme poign\u00e9es. Les num\u00e9ros correspondant aux 24 jours de l&#8217;Avent compl\u00e8tent cette cr\u00e9ation originale.<\/p>\n\n\n\n<figure class=\"wp-block-image size-full\"><img loading=\"lazy\" decoding=\"async\" width=\"620\" height=\"692\" src=\"https:\/\/www.mobilier-design-occasion.fr\/magazine\/wp-content\/uploads\/2023\/11\/image-87.png\" alt=\"\" class=\"wp-image-7103\" srcset=\"https:\/\/www.mobilier-design-occasion.fr\/magazine\/wp-content\/uploads\/2023\/11\/image-87.png 620w, https:\/\/www.mobilier-design-occasion.fr\/magazine\/wp-content\/uploads\/2023\/11\/image-87-269x300.png 269w\" sizes=\"auto, (max-width: 620px) 100vw, 620px\" \/><figcaption class=\"wp-element-caption\">Instagram schereleimpapier<\/figcaption><\/figure>\n\n\n\n<h2 class=\"wp-block-heading\"><span class=\"ez-toc-section\" id=\"Metamorphose_de_Jeux_pour_Enfants_en_Calendrier_de_lAvent_Feerique\"><\/span><strong>M\u00e9tamorphose de Jeux pour Enfants en Calendrier de l&#8217;Avent F\u00e9erique<\/strong> <span class=\"ez-toc-section-end\"><\/span><\/h2>\n\n\n\n<p>Une autre id\u00e9e brillante est de transformer le jeu de construction pour enfants M\u00c5LA en un calendrier de l&#8217;Avent. Cette m\u00e9thode consiste \u00e0 construire une ville f\u00e9erique \u00e0 l&#8217;aide de cartons pr\u00e9d\u00e9coup\u00e9s en forme de maisons et d&#8217;arbres. Sur une grande planche en bois clair, des trous sont perc\u00e9s pour y ins\u00e9rer des b\u00e2tonnets, surmont\u00e9s d&#8217;une guirlande lumineuse qui cr\u00e9e un chemin scintillant. Les maisons en papier, num\u00e9rot\u00e9es et remplies de surprises, sont dispos\u00e9es de part et d&#8217;autre de ce chemin, cr\u00e9ant une sc\u00e8ne magique et captivante.<\/p>\n\n\n\n<figure class=\"wp-block-image size-full\"><img loading=\"lazy\" decoding=\"async\" width=\"642\" height=\"886\" src=\"https:\/\/www.mobilier-design-occasion.fr\/magazine\/wp-content\/uploads\/2023\/11\/image-86.png\" alt=\"\" class=\"wp-image-7102\" srcset=\"https:\/\/www.mobilier-design-occasion.fr\/magazine\/wp-content\/uploads\/2023\/11\/image-86.png 642w, https:\/\/www.mobilier-design-occasion.fr\/magazine\/wp-content\/uploads\/2023\/11\/image-86-217x300.png 217w\" sizes=\"auto, (max-width: 642px) 100vw, 642px\" \/><figcaption class=\"wp-element-caption\">Instagram schereleimpapier<\/figcaption><\/figure>\n\n\n\n<h2 class=\"wp-block-heading\"><span class=\"ez-toc-section\" id=\"Comment_faire_vous-meme_ce_calendrier_de_lavent_Ikea_Hack_DIY\"><\/span>Comment faire vous-m\u00eame ce calendrier de l&#8217;avent Ikea Hack DIY?<span class=\"ez-toc-section-end\"><\/span><\/h2>\n\n\n\n<p>D\u00e9couvrez-le directement dans le tuto du compte Insta!<\/p>\n\n\n\n<blockquote class=\"instagram-media\" data-instgrm-captioned data-instgrm-permalink=\"https:\/\/www.instagram.com\/reel\/Czov2z8sEeu\/?utm_source=ig_embed&amp;utm_campaign=loading\" data-instgrm-version=\"14\" style=\" background:#FFF; border:0; border-radius:3px; box-shadow:0 0 1px 0 rgba(0,0,0,0.5),0 1px 10px 0 rgba(0,0,0,0.15); margin: 1px; max-width:540px; min-width:326px; padding:0; width:99.375%; width:-webkit-calc(100% - 2px); width:calc(100% - 2px);\"><div style=\"padding:16px;\"> <a href=\"https:\/\/www.instagram.com\/reel\/Czov2z8sEeu\/?utm_source=ig_embed&amp;utm_campaign=loading\" style=\" background:#FFFFFF; line-height:0; padding:0 0; text-align:center; text-decoration:none; width:100%;\" target=\"_blank\" rel=\"noopener\"> <div style=\" display: flex; flex-direction: row; align-items: center;\"> <div style=\"background-color: #F4F4F4; border-radius: 50%; flex-grow: 0; height: 40px; margin-right: 14px; width: 40px;\"><\/div> <div style=\"display: flex; flex-direction: column; flex-grow: 1; justify-content: center;\"> <div style=\" background-color: #F4F4F4; border-radius: 4px; flex-grow: 0; height: 14px; margin-bottom: 6px; width: 100px;\"><\/div> <div style=\" background-color: #F4F4F4; border-radius: 4px; flex-grow: 0; height: 14px; width: 60px;\"><\/div><\/div><\/div><div style=\"padding: 19% 0;\"><\/div> <div style=\"display:block; height:50px; margin:0 auto 12px; width:50px;\"><svg width=\"50px\" height=\"50px\" viewBox=\"0 0 60 60\" version=\"1.1\" xmlns=\"https:\/\/www.w3.org\/2000\/svg\" xmlns:xlink=\"https:\/\/www.w3.org\/1999\/xlink\"><g stroke=\"none\" stroke-width=\"1\" fill=\"none\" fill-rule=\"evenodd\"><g transform=\"translate(-511.000000, -20.000000)\" fill=\"#000000\"><g><path d=\"M556.869,30.41 C554.814,30.41 553.148,32.076 553.148,34.131 C553.148,36.186 554.814,37.852 556.869,37.852 C558.924,37.852 560.59,36.186 560.59,34.131 C560.59,32.076 558.924,30.41 556.869,30.41 M541,60.657 C535.114,60.657 530.342,55.887 530.342,50 C530.342,44.114 535.114,39.342 541,39.342 C546.887,39.342 551.658,44.114 551.658,50 C551.658,55.887 546.887,60.657 541,60.657 M541,33.886 C532.1,33.886 524.886,41.1 524.886,50 C524.886,58.899 532.1,66.113 541,66.113 C549.9,66.113 557.115,58.899 557.115,50 C557.115,41.1 549.9,33.886 541,33.886 M565.378,62.101 C565.244,65.022 564.756,66.606 564.346,67.663 C563.803,69.06 563.154,70.057 562.106,71.106 C561.058,72.155 560.06,72.803 558.662,73.347 C557.607,73.757 556.021,74.244 553.102,74.378 C549.944,74.521 548.997,74.552 541,74.552 C533.003,74.552 532.056,74.521 528.898,74.378 C525.979,74.244 524.393,73.757 523.338,73.347 C521.94,72.803 520.942,72.155 519.894,71.106 C518.846,70.057 518.197,69.06 517.654,67.663 C517.244,66.606 516.755,65.022 516.623,62.101 C516.479,58.943 516.448,57.996 516.448,50 C516.448,42.003 516.479,41.056 516.623,37.899 C516.755,34.978 517.244,33.391 517.654,32.338 C518.197,30.938 518.846,29.942 519.894,28.894 C520.942,27.846 521.94,27.196 523.338,26.654 C524.393,26.244 525.979,25.756 528.898,25.623 C532.057,25.479 533.004,25.448 541,25.448 C548.997,25.448 549.943,25.479 553.102,25.623 C556.021,25.756 557.607,26.244 558.662,26.654 C560.06,27.196 561.058,27.846 562.106,28.894 C563.154,29.942 563.803,30.938 564.346,32.338 C564.756,33.391 565.244,34.978 565.378,37.899 C565.522,41.056 565.552,42.003 565.552,50 C565.552,57.996 565.522,58.943 565.378,62.101 M570.82,37.631 C570.674,34.438 570.167,32.258 569.425,30.349 C568.659,28.377 567.633,26.702 565.965,25.035 C564.297,23.368 562.623,22.342 560.652,21.575 C558.743,20.834 556.562,20.326 553.369,20.18 C550.169,20.033 549.148,20 541,20 C532.853,20 531.831,20.033 528.631,20.18 C525.438,20.326 523.257,20.834 521.349,21.575 C519.376,22.342 517.703,23.368 516.035,25.035 C514.368,26.702 513.342,28.377 512.574,30.349 C511.834,32.258 511.326,34.438 511.181,37.631 C511.035,40.831 511,41.851 511,50 C511,58.147 511.035,59.17 511.181,62.369 C511.326,65.562 511.834,67.743 512.574,69.651 C513.342,71.625 514.368,73.296 516.035,74.965 C517.703,76.634 519.376,77.658 521.349,78.425 C523.257,79.167 525.438,79.673 528.631,79.82 C531.831,79.965 532.853,80.001 541,80.001 C549.148,80.001 550.169,79.965 553.369,79.82 C556.562,79.673 558.743,79.167 560.652,78.425 C562.623,77.658 564.297,76.634 565.965,74.965 C567.633,73.296 568.659,71.625 569.425,69.651 C570.167,67.743 570.674,65.562 570.82,62.369 C570.966,59.17 571,58.147 571,50 C571,41.851 570.966,40.831 570.82,37.631\"><\/path><\/g><\/g><\/g><\/svg><\/div><div style=\"padding-top: 8px;\"> <div style=\" color:#3897f0; font-family:Arial,sans-serif; font-size:14px; font-style:normal; font-weight:550; line-height:18px;\">View this post on Instagram<\/div><\/div><div style=\"padding: 12.5% 0;\"><\/div> <div style=\"display: flex; flex-direction: row; margin-bottom: 14px; align-items: center;\"><div> <div style=\"background-color: #F4F4F4; border-radius: 50%; height: 12.5px; width: 12.5px; transform: translateX(0px) translateY(7px);\"><\/div> <div style=\"background-color: #F4F4F4; height: 12.5px; transform: rotate(-45deg) translateX(3px) translateY(1px); width: 12.5px; flex-grow: 0; margin-right: 14px; margin-left: 2px;\"><\/div> <div style=\"background-color: #F4F4F4; border-radius: 50%; height: 12.5px; width: 12.5px; transform: translateX(9px) translateY(-18px);\"><\/div><\/div><div style=\"margin-left: 8px;\"> <div style=\" background-color: #F4F4F4; border-radius: 50%; flex-grow: 0; height: 20px; width: 20px;\"><\/div> <div style=\" width: 0; height: 0; border-top: 2px solid transparent; border-left: 6px solid #f4f4f4; border-bottom: 2px solid transparent; transform: translateX(16px) translateY(-4px) rotate(30deg)\"><\/div><\/div><div style=\"margin-left: auto;\"> <div style=\" width: 0px; border-top: 8px solid #F4F4F4; border-right: 8px solid transparent; transform: translateY(16px);\"><\/div> <div style=\" background-color: #F4F4F4; flex-grow: 0; height: 12px; width: 16px; transform: translateY(-4px);\"><\/div> <div style=\" width: 0; height: 0; border-top: 8px solid #F4F4F4; border-left: 8px solid transparent; transform: translateY(-4px) translateX(8px);\"><\/div><\/div><\/div> <div style=\"display: flex; flex-direction: column; flex-grow: 1; justify-content: center; margin-bottom: 24px;\"> <div style=\" background-color: #F4F4F4; border-radius: 4px; flex-grow: 0; height: 14px; margin-bottom: 6px; width: 224px;\"><\/div> <div style=\" background-color: #F4F4F4; border-radius: 4px; flex-grow: 0; height: 14px; width: 144px;\"><\/div><\/div><\/a><p style=\" color:#c9c8cd; font-family:Arial,sans-serif; font-size:14px; line-height:17px; margin-bottom:0; margin-top:8px; overflow:hidden; padding:8px 0 7px; text-align:center; text-overflow:ellipsis; white-space:nowrap;\"><a href=\"https:\/\/www.instagram.com\/reel\/Czov2z8sEeu\/?utm_source=ig_embed&amp;utm_campaign=loading\" style=\" color:#c9c8cd; font-family:Arial,sans-serif; font-size:14px; font-style:normal; font-weight:normal; line-height:17px; text-decoration:none;\" target=\"_blank\" rel=\"noopener\">A post shared by Luisa Ehlg\u00f6tz (@schereleimpapier)<\/a><\/p><\/div><\/blockquote> <script async src=\"\/\/www.instagram.com\/embed.js\"><\/script>\n","protected":false},"excerpt":{"rendered":"<p>Red\u00e9finir les Traditions de No\u00ebl avec une Touche Personnelle Pour beaucoup, l&#8217;arriv\u00e9e de novembre marque un tournant \u00e9motionnel. D&#8217;un c\u00f4t\u00e9, il est per\u00e7u comme un mois m\u00e9lancolique, de l&#8217;autre, il repr\u00e9sente l&#8217;excitation pr\u00e9alable aux f\u00eates de fin d&#8217;ann\u00e9e. C&#8217;est le mois o\u00f9 l&#8217;on commence \u00e0 songer aux pr\u00e9paratifs de No\u00ebl : choisir le th\u00e8me du [&hellip;]<\/p>\n","protected":false},"author":2,"featured_media":7105,"comment_status":"open","ping_status":"open","sticky":false,"template":"","format":"standard","meta":{"footnotes":""},"categories":[2],"tags":[152,149,151,150],"class_list":["post-7101","post","type-post","status-publish","format-standard","has-post-thumbnail","hentry","category-tendances","tag-bois","tag-calendrier","tag-hack","tag-ikea"],"yoast_head":"<!-- This site is optimized with the Yoast SEO plugin v27.5 - https:\/\/yoast.com\/product\/yoast-seo-wordpress\/ -->\n<title>Calendrier de l&#039;Avent avec un IKEA Hack hors du commun. Vous allez \u00eatre \u00e9pat\u00e9.e! - Mobilier Design Magazine<\/title>\n<meta name=\"robots\" content=\"index, follow, max-snippet:-1, max-image-preview:large, max-video-preview:-1\" \/>\n<link rel=\"canonical\" href=\"https:\/\/www.mobilier-design-occasion.fr\/magazine\/calendrier-de-lavent-avec-un-ikea-hack-hors-du-commun-vous-allez-etre-epate-e\/\" \/>\n<meta property=\"og:locale\" content=\"fr_FR\" \/>\n<meta property=\"og:type\" content=\"article\" \/>\n<meta property=\"og:title\" content=\"Calendrier de l&#039;Avent avec un IKEA Hack hors du commun. Vous allez \u00eatre \u00e9pat\u00e9.e! - Mobilier Design Magazine\" \/>\n<meta property=\"og:description\" content=\"Red\u00e9finir les Traditions de No\u00ebl avec une Touche Personnelle Pour beaucoup, l&#8217;arriv\u00e9e de novembre marque un tournant \u00e9motionnel. D&#8217;un c\u00f4t\u00e9, il est per\u00e7u comme un mois m\u00e9lancolique, de l&#8217;autre, il repr\u00e9sente l&#8217;excitation pr\u00e9alable aux f\u00eates de fin d&#8217;ann\u00e9e. C&#8217;est le mois o\u00f9 l&#8217;on commence \u00e0 songer aux pr\u00e9paratifs de No\u00ebl : choisir le th\u00e8me du [&hellip;]\" \/>\n<meta property=\"og:url\" content=\"https:\/\/www.mobilier-design-occasion.fr\/magazine\/calendrier-de-lavent-avec-un-ikea-hack-hors-du-commun-vous-allez-etre-epate-e\/\" \/>\n<meta property=\"og:site_name\" content=\"Mobilier Design Magazine\" \/>\n<meta property=\"article:publisher\" content=\"https:\/\/www.facebook.com\/mobilierdesignoccasion\" \/>\n<meta property=\"article:published_time\" content=\"2023-11-16T08:22:46+00:00\" \/>\n<meta property=\"article:modified_time\" content=\"2023-11-16T08:22:47+00:00\" \/>\n<meta property=\"og:image\" content=\"https:\/\/www.mobilier-design-occasion.fr\/magazine\/wp-content\/uploads\/2023\/11\/ikea-hack-calendrier-avent.png\" \/>\n\t<meta property=\"og:image:width\" content=\"1953\" \/>\n\t<meta property=\"og:image:height\" content=\"2497\" \/>\n\t<meta property=\"og:image:type\" content=\"image\/png\" \/>\n<meta name=\"author\" content=\"Vincent Vandegans\" \/>\n<meta name=\"twitter:card\" content=\"summary_large_image\" \/>\n<meta name=\"twitter:label1\" content=\"\u00c9crit par\" \/>\n\t<meta name=\"twitter:data1\" content=\"Vincent Vandegans\" \/>\n\t<meta name=\"twitter:label2\" content=\"Dur\u00e9e de lecture estim\u00e9e\" \/>\n\t<meta name=\"twitter:data2\" content=\"3 minutes\" \/>\n<script type=\"application\/ld+json\" class=\"yoast-schema-graph\">{\"@context\":\"https:\\\/\\\/schema.org\",\"@graph\":[{\"@type\":\"Article\",\"@id\":\"https:\\\/\\\/www.mobilier-design-occasion.fr\\\/magazine\\\/calendrier-de-lavent-avec-un-ikea-hack-hors-du-commun-vous-allez-etre-epate-e\\\/#article\",\"isPartOf\":{\"@id\":\"https:\\\/\\\/www.mobilier-design-occasion.fr\\\/magazine\\\/calendrier-de-lavent-avec-un-ikea-hack-hors-du-commun-vous-allez-etre-epate-e\\\/\"},\"author\":{\"name\":\"Vincent Vandegans\",\"@id\":\"https:\\\/\\\/www.mobilier-design-occasion.fr\\\/magazine\\\/#\\\/schema\\\/person\\\/af895bedc80bfb6b17730a672fddac9e\"},\"headline\":\"Calendrier de l&#8217;Avent avec un IKEA Hack hors du commun. Vous allez \u00eatre \u00e9pat\u00e9.e!\",\"datePublished\":\"2023-11-16T08:22:46+00:00\",\"dateModified\":\"2023-11-16T08:22:47+00:00\",\"mainEntityOfPage\":{\"@id\":\"https:\\\/\\\/www.mobilier-design-occasion.fr\\\/magazine\\\/calendrier-de-lavent-avec-un-ikea-hack-hors-du-commun-vous-allez-etre-epate-e\\\/\"},\"wordCount\":546,\"commentCount\":0,\"publisher\":{\"@id\":\"https:\\\/\\\/www.mobilier-design-occasion.fr\\\/magazine\\\/#organization\"},\"image\":{\"@id\":\"https:\\\/\\\/www.mobilier-design-occasion.fr\\\/magazine\\\/calendrier-de-lavent-avec-un-ikea-hack-hors-du-commun-vous-allez-etre-epate-e\\\/#primaryimage\"},\"thumbnailUrl\":\"https:\\\/\\\/www.mobilier-design-occasion.fr\\\/magazine\\\/wp-content\\\/uploads\\\/2023\\\/11\\\/ikea-hack-calendrier-avent.png\",\"keywords\":[\"bois\",\"calendrier\",\"hack\",\"ikea\"],\"articleSection\":[\"Tendances\"],\"inLanguage\":\"fr-FR\",\"potentialAction\":[{\"@type\":\"CommentAction\",\"name\":\"Comment\",\"target\":[\"https:\\\/\\\/www.mobilier-design-occasion.fr\\\/magazine\\\/calendrier-de-lavent-avec-un-ikea-hack-hors-du-commun-vous-allez-etre-epate-e\\\/#respond\"]}]},{\"@type\":\"WebPage\",\"@id\":\"https:\\\/\\\/www.mobilier-design-occasion.fr\\\/magazine\\\/calendrier-de-lavent-avec-un-ikea-hack-hors-du-commun-vous-allez-etre-epate-e\\\/\",\"url\":\"https:\\\/\\\/www.mobilier-design-occasion.fr\\\/magazine\\\/calendrier-de-lavent-avec-un-ikea-hack-hors-du-commun-vous-allez-etre-epate-e\\\/\",\"name\":\"Calendrier de l'Avent avec un IKEA Hack hors du commun. Vous allez \u00eatre \u00e9pat\u00e9.e! - Mobilier Design Magazine\",\"isPartOf\":{\"@id\":\"https:\\\/\\\/www.mobilier-design-occasion.fr\\\/magazine\\\/#website\"},\"primaryImageOfPage\":{\"@id\":\"https:\\\/\\\/www.mobilier-design-occasion.fr\\\/magazine\\\/calendrier-de-lavent-avec-un-ikea-hack-hors-du-commun-vous-allez-etre-epate-e\\\/#primaryimage\"},\"image\":{\"@id\":\"https:\\\/\\\/www.mobilier-design-occasion.fr\\\/magazine\\\/calendrier-de-lavent-avec-un-ikea-hack-hors-du-commun-vous-allez-etre-epate-e\\\/#primaryimage\"},\"thumbnailUrl\":\"https:\\\/\\\/www.mobilier-design-occasion.fr\\\/magazine\\\/wp-content\\\/uploads\\\/2023\\\/11\\\/ikea-hack-calendrier-avent.png\",\"datePublished\":\"2023-11-16T08:22:46+00:00\",\"dateModified\":\"2023-11-16T08:22:47+00:00\",\"breadcrumb\":{\"@id\":\"https:\\\/\\\/www.mobilier-design-occasion.fr\\\/magazine\\\/calendrier-de-lavent-avec-un-ikea-hack-hors-du-commun-vous-allez-etre-epate-e\\\/#breadcrumb\"},\"inLanguage\":\"fr-FR\",\"potentialAction\":[{\"@type\":\"ReadAction\",\"target\":[\"https:\\\/\\\/www.mobilier-design-occasion.fr\\\/magazine\\\/calendrier-de-lavent-avec-un-ikea-hack-hors-du-commun-vous-allez-etre-epate-e\\\/\"]}]},{\"@type\":\"ImageObject\",\"inLanguage\":\"fr-FR\",\"@id\":\"https:\\\/\\\/www.mobilier-design-occasion.fr\\\/magazine\\\/calendrier-de-lavent-avec-un-ikea-hack-hors-du-commun-vous-allez-etre-epate-e\\\/#primaryimage\",\"url\":\"https:\\\/\\\/www.mobilier-design-occasion.fr\\\/magazine\\\/wp-content\\\/uploads\\\/2023\\\/11\\\/ikea-hack-calendrier-avent.png\",\"contentUrl\":\"https:\\\/\\\/www.mobilier-design-occasion.fr\\\/magazine\\\/wp-content\\\/uploads\\\/2023\\\/11\\\/ikea-hack-calendrier-avent.png\",\"width\":1953,\"height\":2497},{\"@type\":\"BreadcrumbList\",\"@id\":\"https:\\\/\\\/www.mobilier-design-occasion.fr\\\/magazine\\\/calendrier-de-lavent-avec-un-ikea-hack-hors-du-commun-vous-allez-etre-epate-e\\\/#breadcrumb\",\"itemListElement\":[{\"@type\":\"ListItem\",\"position\":1,\"name\":\"Accueil\",\"item\":\"https:\\\/\\\/www.mobilier-design-occasion.fr\\\/magazine\\\/\"},{\"@type\":\"ListItem\",\"position\":2,\"name\":\"Calendrier de l&rsquo;Avent avec un IKEA Hack hors du commun. Vous allez \u00eatre \u00e9pat\u00e9.e!\"}]},{\"@type\":\"WebSite\",\"@id\":\"https:\\\/\\\/www.mobilier-design-occasion.fr\\\/magazine\\\/#website\",\"url\":\"https:\\\/\\\/www.mobilier-design-occasion.fr\\\/magazine\\\/\",\"name\":\"Mobilier Design Magazine\",\"description\":\"\",\"publisher\":{\"@id\":\"https:\\\/\\\/www.mobilier-design-occasion.fr\\\/magazine\\\/#organization\"},\"potentialAction\":[{\"@type\":\"SearchAction\",\"target\":{\"@type\":\"EntryPoint\",\"urlTemplate\":\"https:\\\/\\\/www.mobilier-design-occasion.fr\\\/magazine\\\/?s={search_term_string}\"},\"query-input\":{\"@type\":\"PropertyValueSpecification\",\"valueRequired\":true,\"valueName\":\"search_term_string\"}}],\"inLanguage\":\"fr-FR\"},{\"@type\":\"Organization\",\"@id\":\"https:\\\/\\\/www.mobilier-design-occasion.fr\\\/magazine\\\/#organization\",\"name\":\"Mobilier Design Magazine\",\"url\":\"https:\\\/\\\/www.mobilier-design-occasion.fr\\\/magazine\\\/\",\"logo\":{\"@type\":\"ImageObject\",\"inLanguage\":\"fr-FR\",\"@id\":\"https:\\\/\\\/www.mobilier-design-occasion.fr\\\/magazine\\\/#\\\/schema\\\/logo\\\/image\\\/\",\"url\":\"https:\\\/\\\/www.mobilier-design-occasion.fr\\\/magazine\\\/wp-content\\\/uploads\\\/2024\\\/02\\\/android-chrome-192x192-1.png\",\"contentUrl\":\"https:\\\/\\\/www.mobilier-design-occasion.fr\\\/magazine\\\/wp-content\\\/uploads\\\/2024\\\/02\\\/android-chrome-192x192-1.png\",\"width\":192,\"height\":192,\"caption\":\"Mobilier Design Magazine\"},\"image\":{\"@id\":\"https:\\\/\\\/www.mobilier-design-occasion.fr\\\/magazine\\\/#\\\/schema\\\/logo\\\/image\\\/\"},\"sameAs\":[\"https:\\\/\\\/www.facebook.com\\\/mobilierdesignoccasion\"]},{\"@type\":\"Person\",\"@id\":\"https:\\\/\\\/www.mobilier-design-occasion.fr\\\/magazine\\\/#\\\/schema\\\/person\\\/af895bedc80bfb6b17730a672fddac9e\",\"name\":\"Vincent Vandegans\",\"image\":{\"@type\":\"ImageObject\",\"inLanguage\":\"fr-FR\",\"@id\":\"https:\\\/\\\/secure.gravatar.com\\\/avatar\\\/b984800dabdf722d5e3f03f637c8932dea77d81118467d17ad2953e3b273ec66?s=96&d=mm&r=g\",\"url\":\"https:\\\/\\\/secure.gravatar.com\\\/avatar\\\/b984800dabdf722d5e3f03f637c8932dea77d81118467d17ad2953e3b273ec66?s=96&d=mm&r=g\",\"contentUrl\":\"https:\\\/\\\/secure.gravatar.com\\\/avatar\\\/b984800dabdf722d5e3f03f637c8932dea77d81118467d17ad2953e3b273ec66?s=96&d=mm&r=g\",\"caption\":\"Vincent Vandegans\"},\"description\":\"Vincent est passionn\u00e9 par les produits d'occasion, il a ouvert le site MDO avec Cyrielle pour aider les gens \u00e0 trouver du mobilier d'occasion, vintage ou usag\u00e9. Depuis, ils ont \u00e9tendu leurs activit\u00e9s et conseillent tout le monde sur le mobilier d'int\u00e9rieur et d'ext\u00e9rieur au quotidien \u00e0 travers le magazine MDO.\",\"url\":\"https:\\\/\\\/www.mobilier-design-occasion.fr\\\/magazine\\\/author\\\/vincent\\\/\"}]}<\/script>\n<!-- \/ Yoast SEO plugin. -->","yoast_head_json":{"title":"Calendrier de l'Avent avec un IKEA Hack hors du commun. Vous allez \u00eatre \u00e9pat\u00e9.e! - Mobilier Design Magazine","robots":{"index":"index","follow":"follow","max-snippet":"max-snippet:-1","max-image-preview":"max-image-preview:large","max-video-preview":"max-video-preview:-1"},"canonical":"https:\/\/www.mobilier-design-occasion.fr\/magazine\/calendrier-de-lavent-avec-un-ikea-hack-hors-du-commun-vous-allez-etre-epate-e\/","og_locale":"fr_FR","og_type":"article","og_title":"Calendrier de l'Avent avec un IKEA Hack hors du commun. Vous allez \u00eatre \u00e9pat\u00e9.e! - Mobilier Design Magazine","og_description":"Red\u00e9finir les Traditions de No\u00ebl avec une Touche Personnelle Pour beaucoup, l&#8217;arriv\u00e9e de novembre marque un tournant \u00e9motionnel. D&#8217;un c\u00f4t\u00e9, il est per\u00e7u comme un mois m\u00e9lancolique, de l&#8217;autre, il repr\u00e9sente l&#8217;excitation pr\u00e9alable aux f\u00eates de fin d&#8217;ann\u00e9e. C&#8217;est le mois o\u00f9 l&#8217;on commence \u00e0 songer aux pr\u00e9paratifs de No\u00ebl : choisir le th\u00e8me du [&hellip;]","og_url":"https:\/\/www.mobilier-design-occasion.fr\/magazine\/calendrier-de-lavent-avec-un-ikea-hack-hors-du-commun-vous-allez-etre-epate-e\/","og_site_name":"Mobilier Design Magazine","article_publisher":"https:\/\/www.facebook.com\/mobilierdesignoccasion","article_published_time":"2023-11-16T08:22:46+00:00","article_modified_time":"2023-11-16T08:22:47+00:00","og_image":[{"width":1953,"height":2497,"url":"https:\/\/www.mobilier-design-occasion.fr\/magazine\/wp-content\/uploads\/2023\/11\/ikea-hack-calendrier-avent.png","type":"image\/png"}],"author":"Vincent Vandegans","twitter_card":"summary_large_image","twitter_misc":{"\u00c9crit par":"Vincent Vandegans","Dur\u00e9e de lecture estim\u00e9e":"3 minutes"},"schema":{"@context":"https:\/\/schema.org","@graph":[{"@type":"Article","@id":"https:\/\/www.mobilier-design-occasion.fr\/magazine\/calendrier-de-lavent-avec-un-ikea-hack-hors-du-commun-vous-allez-etre-epate-e\/#article","isPartOf":{"@id":"https:\/\/www.mobilier-design-occasion.fr\/magazine\/calendrier-de-lavent-avec-un-ikea-hack-hors-du-commun-vous-allez-etre-epate-e\/"},"author":{"name":"Vincent Vandegans","@id":"https:\/\/www.mobilier-design-occasion.fr\/magazine\/#\/schema\/person\/af895bedc80bfb6b17730a672fddac9e"},"headline":"Calendrier de l&#8217;Avent avec un IKEA Hack hors du commun. Vous allez \u00eatre \u00e9pat\u00e9.e!","datePublished":"2023-11-16T08:22:46+00:00","dateModified":"2023-11-16T08:22:47+00:00","mainEntityOfPage":{"@id":"https:\/\/www.mobilier-design-occasion.fr\/magazine\/calendrier-de-lavent-avec-un-ikea-hack-hors-du-commun-vous-allez-etre-epate-e\/"},"wordCount":546,"commentCount":0,"publisher":{"@id":"https:\/\/www.mobilier-design-occasion.fr\/magazine\/#organization"},"image":{"@id":"https:\/\/www.mobilier-design-occasion.fr\/magazine\/calendrier-de-lavent-avec-un-ikea-hack-hors-du-commun-vous-allez-etre-epate-e\/#primaryimage"},"thumbnailUrl":"https:\/\/www.mobilier-design-occasion.fr\/magazine\/wp-content\/uploads\/2023\/11\/ikea-hack-calendrier-avent.png","keywords":["bois","calendrier","hack","ikea"],"articleSection":["Tendances"],"inLanguage":"fr-FR","potentialAction":[{"@type":"CommentAction","name":"Comment","target":["https:\/\/www.mobilier-design-occasion.fr\/magazine\/calendrier-de-lavent-avec-un-ikea-hack-hors-du-commun-vous-allez-etre-epate-e\/#respond"]}]},{"@type":"WebPage","@id":"https:\/\/www.mobilier-design-occasion.fr\/magazine\/calendrier-de-lavent-avec-un-ikea-hack-hors-du-commun-vous-allez-etre-epate-e\/","url":"https:\/\/www.mobilier-design-occasion.fr\/magazine\/calendrier-de-lavent-avec-un-ikea-hack-hors-du-commun-vous-allez-etre-epate-e\/","name":"Calendrier de l'Avent avec un IKEA Hack hors du commun. Vous allez \u00eatre \u00e9pat\u00e9.e! - Mobilier Design Magazine","isPartOf":{"@id":"https:\/\/www.mobilier-design-occasion.fr\/magazine\/#website"},"primaryImageOfPage":{"@id":"https:\/\/www.mobilier-design-occasion.fr\/magazine\/calendrier-de-lavent-avec-un-ikea-hack-hors-du-commun-vous-allez-etre-epate-e\/#primaryimage"},"image":{"@id":"https:\/\/www.mobilier-design-occasion.fr\/magazine\/calendrier-de-lavent-avec-un-ikea-hack-hors-du-commun-vous-allez-etre-epate-e\/#primaryimage"},"thumbnailUrl":"https:\/\/www.mobilier-design-occasion.fr\/magazine\/wp-content\/uploads\/2023\/11\/ikea-hack-calendrier-avent.png","datePublished":"2023-11-16T08:22:46+00:00","dateModified":"2023-11-16T08:22:47+00:00","breadcrumb":{"@id":"https:\/\/www.mobilier-design-occasion.fr\/magazine\/calendrier-de-lavent-avec-un-ikea-hack-hors-du-commun-vous-allez-etre-epate-e\/#breadcrumb"},"inLanguage":"fr-FR","potentialAction":[{"@type":"ReadAction","target":["https:\/\/www.mobilier-design-occasion.fr\/magazine\/calendrier-de-lavent-avec-un-ikea-hack-hors-du-commun-vous-allez-etre-epate-e\/"]}]},{"@type":"ImageObject","inLanguage":"fr-FR","@id":"https:\/\/www.mobilier-design-occasion.fr\/magazine\/calendrier-de-lavent-avec-un-ikea-hack-hors-du-commun-vous-allez-etre-epate-e\/#primaryimage","url":"https:\/\/www.mobilier-design-occasion.fr\/magazine\/wp-content\/uploads\/2023\/11\/ikea-hack-calendrier-avent.png","contentUrl":"https:\/\/www.mobilier-design-occasion.fr\/magazine\/wp-content\/uploads\/2023\/11\/ikea-hack-calendrier-avent.png","width":1953,"height":2497},{"@type":"BreadcrumbList","@id":"https:\/\/www.mobilier-design-occasion.fr\/magazine\/calendrier-de-lavent-avec-un-ikea-hack-hors-du-commun-vous-allez-etre-epate-e\/#breadcrumb","itemListElement":[{"@type":"ListItem","position":1,"name":"Accueil","item":"https:\/\/www.mobilier-design-occasion.fr\/magazine\/"},{"@type":"ListItem","position":2,"name":"Calendrier de l&rsquo;Avent avec un IKEA Hack hors du commun. Vous allez \u00eatre \u00e9pat\u00e9.e!"}]},{"@type":"WebSite","@id":"https:\/\/www.mobilier-design-occasion.fr\/magazine\/#website","url":"https:\/\/www.mobilier-design-occasion.fr\/magazine\/","name":"Mobilier Design Magazine","description":"","publisher":{"@id":"https:\/\/www.mobilier-design-occasion.fr\/magazine\/#organization"},"potentialAction":[{"@type":"SearchAction","target":{"@type":"EntryPoint","urlTemplate":"https:\/\/www.mobilier-design-occasion.fr\/magazine\/?s={search_term_string}"},"query-input":{"@type":"PropertyValueSpecification","valueRequired":true,"valueName":"search_term_string"}}],"inLanguage":"fr-FR"},{"@type":"Organization","@id":"https:\/\/www.mobilier-design-occasion.fr\/magazine\/#organization","name":"Mobilier Design Magazine","url":"https:\/\/www.mobilier-design-occasion.fr\/magazine\/","logo":{"@type":"ImageObject","inLanguage":"fr-FR","@id":"https:\/\/www.mobilier-design-occasion.fr\/magazine\/#\/schema\/logo\/image\/","url":"https:\/\/www.mobilier-design-occasion.fr\/magazine\/wp-content\/uploads\/2024\/02\/android-chrome-192x192-1.png","contentUrl":"https:\/\/www.mobilier-design-occasion.fr\/magazine\/wp-content\/uploads\/2024\/02\/android-chrome-192x192-1.png","width":192,"height":192,"caption":"Mobilier Design Magazine"},"image":{"@id":"https:\/\/www.mobilier-design-occasion.fr\/magazine\/#\/schema\/logo\/image\/"},"sameAs":["https:\/\/www.facebook.com\/mobilierdesignoccasion"]},{"@type":"Person","@id":"https:\/\/www.mobilier-design-occasion.fr\/magazine\/#\/schema\/person\/af895bedc80bfb6b17730a672fddac9e","name":"Vincent Vandegans","image":{"@type":"ImageObject","inLanguage":"fr-FR","@id":"https:\/\/secure.gravatar.com\/avatar\/b984800dabdf722d5e3f03f637c8932dea77d81118467d17ad2953e3b273ec66?s=96&d=mm&r=g","url":"https:\/\/secure.gravatar.com\/avatar\/b984800dabdf722d5e3f03f637c8932dea77d81118467d17ad2953e3b273ec66?s=96&d=mm&r=g","contentUrl":"https:\/\/secure.gravatar.com\/avatar\/b984800dabdf722d5e3f03f637c8932dea77d81118467d17ad2953e3b273ec66?s=96&d=mm&r=g","caption":"Vincent Vandegans"},"description":"Vincent est passionn\u00e9 par les produits d'occasion, il a ouvert le site MDO avec Cyrielle pour aider les gens \u00e0 trouver du mobilier d'occasion, vintage ou usag\u00e9. Depuis, ils ont \u00e9tendu leurs activit\u00e9s et conseillent tout le monde sur le mobilier d'int\u00e9rieur et d'ext\u00e9rieur au quotidien \u00e0 travers le magazine MDO.","url":"https:\/\/www.mobilier-design-occasion.fr\/magazine\/author\/vincent\/"}]}},"_links":{"self":[{"href":"https:\/\/www.mobilier-design-occasion.fr\/magazine\/wp-json\/wp\/v2\/posts\/7101","targetHints":{"allow":["GET"]}}],"collection":[{"href":"https:\/\/www.mobilier-design-occasion.fr\/magazine\/wp-json\/wp\/v2\/posts"}],"about":[{"href":"https:\/\/www.mobilier-design-occasion.fr\/magazine\/wp-json\/wp\/v2\/types\/post"}],"author":[{"embeddable":true,"href":"https:\/\/www.mobilier-design-occasion.fr\/magazine\/wp-json\/wp\/v2\/users\/2"}],"replies":[{"embeddable":true,"href":"https:\/\/www.mobilier-design-occasion.fr\/magazine\/wp-json\/wp\/v2\/comments?post=7101"}],"version-history":[{"count":1,"href":"https:\/\/www.mobilier-design-occasion.fr\/magazine\/wp-json\/wp\/v2\/posts\/7101\/revisions"}],"predecessor-version":[{"id":7109,"href":"https:\/\/www.mobilier-design-occasion.fr\/magazine\/wp-json\/wp\/v2\/posts\/7101\/revisions\/7109"}],"wp:featuredmedia":[{"embeddable":true,"href":"https:\/\/www.mobilier-design-occasion.fr\/magazine\/wp-json\/wp\/v2\/media\/7105"}],"wp:attachment":[{"href":"https:\/\/www.mobilier-design-occasion.fr\/magazine\/wp-json\/wp\/v2\/media?parent=7101"}],"wp:term":[{"taxonomy":"category","embeddable":true,"href":"https:\/\/www.mobilier-design-occasion.fr\/magazine\/wp-json\/wp\/v2\/categories?post=7101"},{"taxonomy":"post_tag","embeddable":true,"href":"https:\/\/www.mobilier-design-occasion.fr\/magazine\/wp-json\/wp\/v2\/tags?post=7101"}],"curies":[{"name":"wp","href":"https:\/\/api.w.org\/{rel}","templated":true}]}}