{"id":6994,"date":"2023-11-10T15:59:22","date_gmt":"2023-11-10T15:59:22","guid":{"rendered":"https:\/\/www.mobilier-design-occasion.fr\/magazine\/?p=6994"},"modified":"2023-11-10T16:00:06","modified_gmt":"2023-11-10T16:00:06","slug":"un-fauteuil-de-cinema-ou-de-theatre-dans-votre-salon-cest-possible","status":"publish","type":"post","link":"https:\/\/www.mobilier-design-occasion.fr\/magazine\/un-fauteuil-de-cinema-ou-de-theatre-dans-votre-salon-cest-possible\/","title":{"rendered":"Un fauteuil de cin\u00e9ma ou de th\u00e9\u00e2tre dans votre salon? C&#8217;est possible!"},"content":{"rendered":"\n<p>Une fois n&#8217;est pas coutume, on va aborder un sujet plut\u00f4t d\u00e9call\u00e9. <\/p>\n\n\n\n<p>Avez-vous d\u00e9j\u00e0 pris un moment pour appr\u00e9cier les fauteuils de th\u00e9\u00e2tre dans lesquels nous nous asseyons pour vivre des moments inoubliables ? Ces si\u00e8ges, souvent n\u00e9glig\u00e9s, sont des \u0153uvres d&#8217;art en soi, alliant confort, esth\u00e9tique et histoire.<\/p>\n\n\n\n<h2 class=\"wp-block-heading\"><span class=\"ez-toc-section\" id=\"1_LHistoire_des_Fauteuils_de_Theatre\"><\/span><strong>1. L&#8217;Histoire des Fauteuils de Th\u00e9\u00e2tre<\/strong><span class=\"ez-toc-section-end\"><\/span><\/h2><div id=\"ez-toc-container\" class=\"ez-toc-v2_0_82_2 counter-hierarchy ez-toc-counter ez-toc-grey ez-toc-container-direction\">\n<div class=\"ez-toc-title-container\">\n<span class=\"ez-toc-title-toggle\"><a href=\"#\" class=\"ez-toc-pull-right ez-toc-btn ez-toc-btn-xs ez-toc-btn-default ez-toc-toggle\" aria-label=\"Toggle Table of Content\"><span class=\"ez-toc-js-icon-con\"><span class=\"\"><span class=\"eztoc-hide\" style=\"display:none;\">Toggle<\/span><span class=\"ez-toc-icon-toggle-span\"><svg style=\"fill: #999;color:#999\" xmlns=\"http:\/\/www.w3.org\/2000\/svg\" class=\"list-377408\" width=\"20px\" height=\"20px\" viewBox=\"0 0 24 24\" fill=\"none\"><path d=\"M6 6H4v2h2V6zm14 0H8v2h12V6zM4 11h2v2H4v-2zm16 0H8v2h12v-2zM4 16h2v2H4v-2zm16 0H8v2h12v-2z\" fill=\"currentColor\"><\/path><\/svg><svg style=\"fill: #999;color:#999\" class=\"arrow-unsorted-368013\" xmlns=\"http:\/\/www.w3.org\/2000\/svg\" width=\"10px\" height=\"10px\" viewBox=\"0 0 24 24\" version=\"1.2\" baseProfile=\"tiny\"><path d=\"M18.2 9.3l-6.2-6.3-6.2 6.3c-.2.2-.3.4-.3.7s.1.5.3.7c.2.2.4.3.7.3h11c.3 0 .5-.1.7-.3.2-.2.3-.5.3-.7s-.1-.5-.3-.7zM5.8 14.7l6.2 6.3 6.2-6.3c.2-.2.3-.5.3-.7s-.1-.5-.3-.7c-.2-.2-.4-.3-.7-.3h-11c-.3 0-.5.1-.7.3-.2.2-.3.5-.3.7s.1.5.3.7z\"\/><\/svg><\/span><\/span><\/span><\/a><\/span><\/div>\n<nav><ul class='ez-toc-list ez-toc-list-level-1 eztoc-toggle-hide-by-default' ><li class='ez-toc-page-1 ez-toc-heading-level-2'><a class=\"ez-toc-link ez-toc-heading-1\" href=\"https:\/\/www.mobilier-design-occasion.fr\/magazine\/un-fauteuil-de-cinema-ou-de-theatre-dans-votre-salon-cest-possible\/#1_LHistoire_des_Fauteuils_de_Theatre\" >1. L&#8217;Histoire des Fauteuils de Th\u00e9\u00e2tre<\/a><\/li><li class='ez-toc-page-1 ez-toc-heading-level-2'><a class=\"ez-toc-link ez-toc-heading-2\" href=\"https:\/\/www.mobilier-design-occasion.fr\/magazine\/un-fauteuil-de-cinema-ou-de-theatre-dans-votre-salon-cest-possible\/#2_Design_et_Confort\" >2. Design et Confort<\/a><\/li><li class='ez-toc-page-1 ez-toc-heading-level-2'><a class=\"ez-toc-link ez-toc-heading-3\" href=\"https:\/\/www.mobilier-design-occasion.fr\/magazine\/un-fauteuil-de-cinema-ou-de-theatre-dans-votre-salon-cest-possible\/#3_LImpact_Acoustique\" >3. L&#8217;Impact Acoustique<\/a><\/li><li class='ez-toc-page-1 ez-toc-heading-level-2'><a class=\"ez-toc-link ez-toc-heading-4\" href=\"https:\/\/www.mobilier-design-occasion.fr\/magazine\/un-fauteuil-de-cinema-ou-de-theatre-dans-votre-salon-cest-possible\/#4_Personnalisation_et_Exclusivite\" >4. Personnalisation et Exclusivit\u00e9<\/a><\/li><li class='ez-toc-page-1 ez-toc-heading-level-2'><a class=\"ez-toc-link ez-toc-heading-5\" href=\"https:\/\/www.mobilier-design-occasion.fr\/magazine\/un-fauteuil-de-cinema-ou-de-theatre-dans-votre-salon-cest-possible\/#5_Les_Fauteuils_de_Theatre_a_lEre_du_Numerique\" >5. Les Fauteuils de Th\u00e9\u00e2tre \u00e0 l&#8217;\u00c8re du Num\u00e9rique<\/a><\/li><li class='ez-toc-page-1 ez-toc-heading-level-2'><a class=\"ez-toc-link ez-toc-heading-6\" href=\"https:\/\/www.mobilier-design-occasion.fr\/magazine\/un-fauteuil-de-cinema-ou-de-theatre-dans-votre-salon-cest-possible\/#Mon_avis_personnel\" >Mon avis personnel :<\/a><\/li><\/ul><\/nav><\/div>\n\n\n\n\n<p>L&#8217;histoire des fauteuils de th\u00e9\u00e2tre est fascinante. Au 18\u00e8me si\u00e8cle, les si\u00e8ges \u00e9taient principalement en bois, avec un confort minimal. C&#8217;est au 19\u00e8me si\u00e8cle que les fauteuils capitonn\u00e9s firent leur apparition, r\u00e9volutionnant l&#8217;exp\u00e9rience th\u00e9\u00e2trale. Aujourd&#8217;hui, le design des fauteuils est un m\u00e9lange parfait de fonctionnalit\u00e9 et de style, souvent personnalis\u00e9 pour chaque th\u00e9\u00e2tre.<\/p>\n\n\n\n<p><strong>Anecdote :<\/strong> Saviez-vous que le c\u00e9l\u00e8bre Th\u00e9\u00e2tre Bolcho\u00ef \u00e0 Moscou a des si\u00e8ges con\u00e7us pour refl\u00e9ter son architecture somptueuse ?<\/p>\n\n\n\n<figure class=\"wp-block-image size-large\"><img loading=\"lazy\" decoding=\"async\" width=\"1024\" height=\"576\" src=\"https:\/\/www.mobilier-design-occasion.fr\/magazine\/wp-content\/uploads\/2023\/11\/theatre-1024x576.png\" alt=\"\" class=\"wp-image-6996\" srcset=\"https:\/\/www.mobilier-design-occasion.fr\/magazine\/wp-content\/uploads\/2023\/11\/theatre-1024x576.png 1024w, https:\/\/www.mobilier-design-occasion.fr\/magazine\/wp-content\/uploads\/2023\/11\/theatre-300x169.png 300w, https:\/\/www.mobilier-design-occasion.fr\/magazine\/wp-content\/uploads\/2023\/11\/theatre-768x432.png 768w, https:\/\/www.mobilier-design-occasion.fr\/magazine\/wp-content\/uploads\/2023\/11\/theatre-1536x864.png 1536w, https:\/\/www.mobilier-design-occasion.fr\/magazine\/wp-content\/uploads\/2023\/11\/theatre-810x456.png 810w, https:\/\/www.mobilier-design-occasion.fr\/magazine\/wp-content\/uploads\/2023\/11\/theatre-1140x641.png 1140w, https:\/\/www.mobilier-design-occasion.fr\/magazine\/wp-content\/uploads\/2023\/11\/theatre.png 1920w\" sizes=\"auto, (max-width: 1024px) 100vw, 1024px\" \/><\/figure>\n\n\n\n<h2 class=\"wp-block-heading\"><span class=\"ez-toc-section\" id=\"2_Design_et_Confort\"><\/span><strong>2. Design et Confort<\/strong><span class=\"ez-toc-section-end\"><\/span><\/h2>\n\n\n\n<p>Le design d&#8217;un <a href=\"https:\/\/www.fauteuils-hemicycle.fr\/categorie-produit\/fauteuil-theatre\/\">fauteuil de th\u00e9\u00e2tre<\/a> ne se limite pas \u00e0 l&#8217;esth\u00e9tique ; il vise \u00e9galement \u00e0 offrir le meilleur confort possible. Les mat\u00e9riaux utilis\u00e9s, comme le velours ou le cuir, sont choisis pour leur durabilit\u00e9 et leur confort. Certains th\u00e9\u00e2tres modernes vont m\u00eame jusqu&#8217;\u00e0 int\u00e9grer des fonctionnalit\u00e9s innovantes comme des ports USB et des si\u00e8ges chauffants.<\/p>\n\n\n\n<figure class=\"wp-block-image size-full\"><img loading=\"lazy\" decoding=\"async\" width=\"849\" height=\"670\" src=\"https:\/\/www.mobilier-design-occasion.fr\/magazine\/wp-content\/uploads\/2023\/11\/image-36.png\" alt=\"\" class=\"wp-image-6995\" srcset=\"https:\/\/www.mobilier-design-occasion.fr\/magazine\/wp-content\/uploads\/2023\/11\/image-36.png 849w, https:\/\/www.mobilier-design-occasion.fr\/magazine\/wp-content\/uploads\/2023\/11\/image-36-300x237.png 300w, https:\/\/www.mobilier-design-occasion.fr\/magazine\/wp-content\/uploads\/2023\/11\/image-36-768x606.png 768w, https:\/\/www.mobilier-design-occasion.fr\/magazine\/wp-content\/uploads\/2023\/11\/image-36-810x639.png 810w\" sizes=\"auto, (max-width: 849px) 100vw, 849px\" \/><\/figure>\n\n\n\n<h2 class=\"wp-block-heading\"><span class=\"ez-toc-section\" id=\"3_LImpact_Acoustique\"><\/span><strong>3. L&#8217;Impact Acoustique<\/strong><span class=\"ez-toc-section-end\"><\/span><\/h2>\n\n\n\n<p>Un aspect souvent m\u00e9connu est l&#8217;impact des fauteuils sur l&#8217;acoustique de la salle. Les mat\u00e9riaux absorbants sont utilis\u00e9s pour minimiser les r\u00e9flexions sonores ind\u00e9sirables, am\u00e9liorant ainsi l&#8217;exp\u00e9rience auditive globale.<\/p>\n\n\n\n<figure class=\"wp-block-image size-large\"><img loading=\"lazy\" decoding=\"async\" width=\"1024\" height=\"576\" src=\"https:\/\/www.mobilier-design-occasion.fr\/magazine\/wp-content\/uploads\/2023\/11\/son-1024x576.png\" alt=\"\" class=\"wp-image-6997\" srcset=\"https:\/\/www.mobilier-design-occasion.fr\/magazine\/wp-content\/uploads\/2023\/11\/son-1024x576.png 1024w, https:\/\/www.mobilier-design-occasion.fr\/magazine\/wp-content\/uploads\/2023\/11\/son-300x169.png 300w, https:\/\/www.mobilier-design-occasion.fr\/magazine\/wp-content\/uploads\/2023\/11\/son-768x432.png 768w, https:\/\/www.mobilier-design-occasion.fr\/magazine\/wp-content\/uploads\/2023\/11\/son-1536x864.png 1536w, https:\/\/www.mobilier-design-occasion.fr\/magazine\/wp-content\/uploads\/2023\/11\/son-810x456.png 810w, https:\/\/www.mobilier-design-occasion.fr\/magazine\/wp-content\/uploads\/2023\/11\/son-1140x641.png 1140w, https:\/\/www.mobilier-design-occasion.fr\/magazine\/wp-content\/uploads\/2023\/11\/son.png 1920w\" sizes=\"auto, (max-width: 1024px) 100vw, 1024px\" \/><\/figure>\n\n\n\n<h2 class=\"wp-block-heading\"><span class=\"ez-toc-section\" id=\"4_Personnalisation_et_Exclusivite\"><\/span><strong>4. Personnalisation et Exclusivit\u00e9<\/strong><span class=\"ez-toc-section-end\"><\/span><\/h2>\n\n\n\n<p>Chaque th\u00e9\u00e2tre a sa propre histoire, et cela se refl\u00e8te dans le design de ses fauteuils. Du Grand Palais Garnier de Paris aux th\u00e9\u00e2tres de Broadway, chaque si\u00e8ge raconte une histoire unique.<\/p>\n\n\n\n<p><strong>Anecdote :<\/strong> L&#8217;Op\u00e9ra de Sydney, avec ses int\u00e9rieurs modernistes, poss\u00e8de des fauteuils qui sont des ic\u00f4nes du design du 20\u00e8me si\u00e8cle.<\/p>\n\n\n\n<figure class=\"wp-block-image size-full\"><img loading=\"lazy\" decoding=\"async\" width=\"558\" height=\"398\" src=\"https:\/\/www.mobilier-design-occasion.fr\/magazine\/wp-content\/uploads\/2023\/11\/image-37.png\" alt=\"\" class=\"wp-image-6998\" srcset=\"https:\/\/www.mobilier-design-occasion.fr\/magazine\/wp-content\/uploads\/2023\/11\/image-37.png 558w, https:\/\/www.mobilier-design-occasion.fr\/magazine\/wp-content\/uploads\/2023\/11\/image-37-300x214.png 300w\" sizes=\"auto, (max-width: 558px) 100vw, 558px\" \/><\/figure>\n\n\n\n<h2 class=\"wp-block-heading\"><span class=\"ez-toc-section\" id=\"5_Les_Fauteuils_de_Theatre_a_lEre_du_Numerique\"><\/span><strong>5. Les Fauteuils de Th\u00e9\u00e2tre \u00e0 l&#8217;\u00c8re du Num\u00e9rique<\/strong><span class=\"ez-toc-section-end\"><\/span><\/h2>\n\n\n\n<p>\u00c0 l&#8217;\u00e8re num\u00e9rique, certains th\u00e9\u00e2tres innovent en int\u00e9grant des \u00e9crans tactiles dans les accoudoirs pour des sous-titres multilingues, un exemple fascinant de la mani\u00e8re dont la technologie peut am\u00e9liorer l&#8217;exp\u00e9rience th\u00e9\u00e2trale.<\/p>\n\n\n\n<figure class=\"wp-block-image size-full\"><img loading=\"lazy\" decoding=\"async\" width=\"382\" height=\"510\" src=\"https:\/\/www.mobilier-design-occasion.fr\/magazine\/wp-content\/uploads\/2023\/11\/image-38.png\" alt=\"\" class=\"wp-image-6999\" srcset=\"https:\/\/www.mobilier-design-occasion.fr\/magazine\/wp-content\/uploads\/2023\/11\/image-38.png 382w, https:\/\/www.mobilier-design-occasion.fr\/magazine\/wp-content\/uploads\/2023\/11\/image-38-225x300.png 225w\" sizes=\"auto, (max-width: 382px) 100vw, 382px\" \/><\/figure>\n\n\n\n<h2 class=\"wp-block-heading\"><span class=\"ez-toc-section\" id=\"Mon_avis_personnel\"><\/span><strong>Mon avis personnel :<\/strong><span class=\"ez-toc-section-end\"><\/span><\/h2>\n\n\n\n<p>En tant qu&#8217;amateur de th\u00e9\u00e2tre, je trouve que les fauteuils sont une partie int\u00e9grante de l&#8217;exp\u00e9rience. Ils sont le premier contact que nous avons avec le monde de la pi\u00e8ce, nous enveloppant dans leur confort tout en refl\u00e9tant l&#8217;essence du lieu.<\/p>\n\n\n\n<p>Les fauteuils de th\u00e9\u00e2tre ne sont pas de simples si\u00e8ges ; ils sont le reflet de l&#8217;histoire, de la culture et de l&#8217;innovation. La prochaine fois que vous visiterez un th\u00e9\u00e2tre, prenez un moment pour appr\u00e9cier le fauteuil dans lequel vous \u00eates assis, un humble mais puissant artisan de votre exp\u00e9rience th\u00e9\u00e2trale.<\/p>\n\n\n\n<figure class=\"wp-block-image size-full\"><img loading=\"lazy\" decoding=\"async\" width=\"680\" height=\"510\" src=\"https:\/\/www.mobilier-design-occasion.fr\/magazine\/wp-content\/uploads\/2023\/11\/image-39.png\" alt=\"\" class=\"wp-image-7000\" srcset=\"https:\/\/www.mobilier-design-occasion.fr\/magazine\/wp-content\/uploads\/2023\/11\/image-39.png 680w, https:\/\/www.mobilier-design-occasion.fr\/magazine\/wp-content\/uploads\/2023\/11\/image-39-300x225.png 300w\" sizes=\"auto, (max-width: 680px) 100vw, 680px\" \/><figcaption class=\"wp-element-caption\">Ma derni\u00e8re sortie cin\u00e9 avec la famille \ud83d\ude42 On avait des cosy-seats, ce sont des fauteuils cin\u00e9ma qui sont coupl\u00e9s pour \u00eatre proche de votre amoureux(se). Un d\u00e9lice.<\/figcaption><\/figure>\n","protected":false},"excerpt":{"rendered":"<p>Une fois n&#8217;est pas coutume, on va aborder un sujet plut\u00f4t d\u00e9call\u00e9. Avez-vous d\u00e9j\u00e0 pris un moment pour appr\u00e9cier les fauteuils de th\u00e9\u00e2tre dans lesquels nous nous asseyons pour vivre des moments inoubliables ? Ces si\u00e8ges, souvent n\u00e9glig\u00e9s, sont des \u0153uvres d&#8217;art en soi, alliant confort, esth\u00e9tique et histoire. 1. L&#8217;Histoire des Fauteuils de Th\u00e9\u00e2tre [&hellip;]<\/p>\n","protected":false},"author":2,"featured_media":6998,"comment_status":"open","ping_status":"open","sticky":false,"template":"","format":"standard","meta":{"footnotes":""},"categories":[122],"tags":[],"class_list":["post-6994","post","type-post","status-publish","format-standard","has-post-thumbnail","hentry","category-salon"],"yoast_head":"<!-- This site is optimized with the Yoast SEO plugin v27.5 - https:\/\/yoast.com\/product\/yoast-seo-wordpress\/ -->\n<title>Un fauteuil de cin\u00e9ma ou de th\u00e9\u00e2tre dans votre salon? C&#039;est possible! - Mobilier Design Magazine<\/title>\n<meta name=\"robots\" content=\"index, follow, max-snippet:-1, max-image-preview:large, max-video-preview:-1\" \/>\n<link rel=\"canonical\" href=\"https:\/\/www.mobilier-design-occasion.fr\/magazine\/un-fauteuil-de-cinema-ou-de-theatre-dans-votre-salon-cest-possible\/\" \/>\n<meta property=\"og:locale\" content=\"fr_FR\" \/>\n<meta property=\"og:type\" content=\"article\" \/>\n<meta property=\"og:title\" content=\"Un fauteuil de cin\u00e9ma ou de th\u00e9\u00e2tre dans votre salon? C&#039;est possible! - Mobilier Design Magazine\" \/>\n<meta property=\"og:description\" content=\"Une fois n&#8217;est pas coutume, on va aborder un sujet plut\u00f4t d\u00e9call\u00e9. Avez-vous d\u00e9j\u00e0 pris un moment pour appr\u00e9cier les fauteuils de th\u00e9\u00e2tre dans lesquels nous nous asseyons pour vivre des moments inoubliables ? Ces si\u00e8ges, souvent n\u00e9glig\u00e9s, sont des \u0153uvres d&#8217;art en soi, alliant confort, esth\u00e9tique et histoire. 1. L&#8217;Histoire des Fauteuils de Th\u00e9\u00e2tre [&hellip;]\" \/>\n<meta property=\"og:url\" content=\"https:\/\/www.mobilier-design-occasion.fr\/magazine\/un-fauteuil-de-cinema-ou-de-theatre-dans-votre-salon-cest-possible\/\" \/>\n<meta property=\"og:site_name\" content=\"Mobilier Design Magazine\" \/>\n<meta property=\"article:publisher\" content=\"https:\/\/www.facebook.com\/mobilierdesignoccasion\" \/>\n<meta property=\"article:published_time\" content=\"2023-11-10T15:59:22+00:00\" \/>\n<meta property=\"article:modified_time\" content=\"2023-11-10T16:00:06+00:00\" \/>\n<meta property=\"og:image\" content=\"https:\/\/www.mobilier-design-occasion.fr\/magazine\/wp-content\/uploads\/2023\/11\/image-37.png\" \/>\n\t<meta property=\"og:image:width\" content=\"558\" \/>\n\t<meta property=\"og:image:height\" content=\"398\" \/>\n\t<meta property=\"og:image:type\" content=\"image\/png\" \/>\n<meta name=\"author\" content=\"Vincent Vandegans\" \/>\n<meta name=\"twitter:card\" content=\"summary_large_image\" \/>\n<meta name=\"twitter:label1\" content=\"\u00c9crit par\" \/>\n\t<meta name=\"twitter:data1\" content=\"Vincent Vandegans\" \/>\n\t<meta name=\"twitter:label2\" content=\"Dur\u00e9e de lecture estim\u00e9e\" \/>\n\t<meta name=\"twitter:data2\" content=\"3 minutes\" \/>\n<script type=\"application\/ld+json\" class=\"yoast-schema-graph\">{\"@context\":\"https:\\\/\\\/schema.org\",\"@graph\":[{\"@type\":\"Article\",\"@id\":\"https:\\\/\\\/www.mobilier-design-occasion.fr\\\/magazine\\\/un-fauteuil-de-cinema-ou-de-theatre-dans-votre-salon-cest-possible\\\/#article\",\"isPartOf\":{\"@id\":\"https:\\\/\\\/www.mobilier-design-occasion.fr\\\/magazine\\\/un-fauteuil-de-cinema-ou-de-theatre-dans-votre-salon-cest-possible\\\/\"},\"author\":{\"name\":\"Vincent Vandegans\",\"@id\":\"https:\\\/\\\/www.mobilier-design-occasion.fr\\\/magazine\\\/#\\\/schema\\\/person\\\/af895bedc80bfb6b17730a672fddac9e\"},\"headline\":\"Un fauteuil de cin\u00e9ma ou de th\u00e9\u00e2tre dans votre salon? C&#8217;est possible!\",\"datePublished\":\"2023-11-10T15:59:22+00:00\",\"dateModified\":\"2023-11-10T16:00:06+00:00\",\"mainEntityOfPage\":{\"@id\":\"https:\\\/\\\/www.mobilier-design-occasion.fr\\\/magazine\\\/un-fauteuil-de-cinema-ou-de-theatre-dans-votre-salon-cest-possible\\\/\"},\"wordCount\":538,\"commentCount\":0,\"publisher\":{\"@id\":\"https:\\\/\\\/www.mobilier-design-occasion.fr\\\/magazine\\\/#organization\"},\"image\":{\"@id\":\"https:\\\/\\\/www.mobilier-design-occasion.fr\\\/magazine\\\/un-fauteuil-de-cinema-ou-de-theatre-dans-votre-salon-cest-possible\\\/#primaryimage\"},\"thumbnailUrl\":\"https:\\\/\\\/www.mobilier-design-occasion.fr\\\/magazine\\\/wp-content\\\/uploads\\\/2023\\\/11\\\/image-37.png\",\"articleSection\":[\"Salon\"],\"inLanguage\":\"fr-FR\",\"potentialAction\":[{\"@type\":\"CommentAction\",\"name\":\"Comment\",\"target\":[\"https:\\\/\\\/www.mobilier-design-occasion.fr\\\/magazine\\\/un-fauteuil-de-cinema-ou-de-theatre-dans-votre-salon-cest-possible\\\/#respond\"]}]},{\"@type\":\"WebPage\",\"@id\":\"https:\\\/\\\/www.mobilier-design-occasion.fr\\\/magazine\\\/un-fauteuil-de-cinema-ou-de-theatre-dans-votre-salon-cest-possible\\\/\",\"url\":\"https:\\\/\\\/www.mobilier-design-occasion.fr\\\/magazine\\\/un-fauteuil-de-cinema-ou-de-theatre-dans-votre-salon-cest-possible\\\/\",\"name\":\"Un fauteuil de cin\u00e9ma ou de th\u00e9\u00e2tre dans votre salon? C'est possible! - Mobilier Design Magazine\",\"isPartOf\":{\"@id\":\"https:\\\/\\\/www.mobilier-design-occasion.fr\\\/magazine\\\/#website\"},\"primaryImageOfPage\":{\"@id\":\"https:\\\/\\\/www.mobilier-design-occasion.fr\\\/magazine\\\/un-fauteuil-de-cinema-ou-de-theatre-dans-votre-salon-cest-possible\\\/#primaryimage\"},\"image\":{\"@id\":\"https:\\\/\\\/www.mobilier-design-occasion.fr\\\/magazine\\\/un-fauteuil-de-cinema-ou-de-theatre-dans-votre-salon-cest-possible\\\/#primaryimage\"},\"thumbnailUrl\":\"https:\\\/\\\/www.mobilier-design-occasion.fr\\\/magazine\\\/wp-content\\\/uploads\\\/2023\\\/11\\\/image-37.png\",\"datePublished\":\"2023-11-10T15:59:22+00:00\",\"dateModified\":\"2023-11-10T16:00:06+00:00\",\"breadcrumb\":{\"@id\":\"https:\\\/\\\/www.mobilier-design-occasion.fr\\\/magazine\\\/un-fauteuil-de-cinema-ou-de-theatre-dans-votre-salon-cest-possible\\\/#breadcrumb\"},\"inLanguage\":\"fr-FR\",\"potentialAction\":[{\"@type\":\"ReadAction\",\"target\":[\"https:\\\/\\\/www.mobilier-design-occasion.fr\\\/magazine\\\/un-fauteuil-de-cinema-ou-de-theatre-dans-votre-salon-cest-possible\\\/\"]}]},{\"@type\":\"ImageObject\",\"inLanguage\":\"fr-FR\",\"@id\":\"https:\\\/\\\/www.mobilier-design-occasion.fr\\\/magazine\\\/un-fauteuil-de-cinema-ou-de-theatre-dans-votre-salon-cest-possible\\\/#primaryimage\",\"url\":\"https:\\\/\\\/www.mobilier-design-occasion.fr\\\/magazine\\\/wp-content\\\/uploads\\\/2023\\\/11\\\/image-37.png\",\"contentUrl\":\"https:\\\/\\\/www.mobilier-design-occasion.fr\\\/magazine\\\/wp-content\\\/uploads\\\/2023\\\/11\\\/image-37.png\",\"width\":558,\"height\":398},{\"@type\":\"BreadcrumbList\",\"@id\":\"https:\\\/\\\/www.mobilier-design-occasion.fr\\\/magazine\\\/un-fauteuil-de-cinema-ou-de-theatre-dans-votre-salon-cest-possible\\\/#breadcrumb\",\"itemListElement\":[{\"@type\":\"ListItem\",\"position\":1,\"name\":\"Accueil\",\"item\":\"https:\\\/\\\/www.mobilier-design-occasion.fr\\\/magazine\\\/\"},{\"@type\":\"ListItem\",\"position\":2,\"name\":\"Un fauteuil de cin\u00e9ma ou de th\u00e9\u00e2tre dans votre salon? C&rsquo;est possible!\"}]},{\"@type\":\"WebSite\",\"@id\":\"https:\\\/\\\/www.mobilier-design-occasion.fr\\\/magazine\\\/#website\",\"url\":\"https:\\\/\\\/www.mobilier-design-occasion.fr\\\/magazine\\\/\",\"name\":\"Mobilier Design Magazine\",\"description\":\"\",\"publisher\":{\"@id\":\"https:\\\/\\\/www.mobilier-design-occasion.fr\\\/magazine\\\/#organization\"},\"potentialAction\":[{\"@type\":\"SearchAction\",\"target\":{\"@type\":\"EntryPoint\",\"urlTemplate\":\"https:\\\/\\\/www.mobilier-design-occasion.fr\\\/magazine\\\/?s={search_term_string}\"},\"query-input\":{\"@type\":\"PropertyValueSpecification\",\"valueRequired\":true,\"valueName\":\"search_term_string\"}}],\"inLanguage\":\"fr-FR\"},{\"@type\":\"Organization\",\"@id\":\"https:\\\/\\\/www.mobilier-design-occasion.fr\\\/magazine\\\/#organization\",\"name\":\"Mobilier Design Magazine\",\"url\":\"https:\\\/\\\/www.mobilier-design-occasion.fr\\\/magazine\\\/\",\"logo\":{\"@type\":\"ImageObject\",\"inLanguage\":\"fr-FR\",\"@id\":\"https:\\\/\\\/www.mobilier-design-occasion.fr\\\/magazine\\\/#\\\/schema\\\/logo\\\/image\\\/\",\"url\":\"https:\\\/\\\/www.mobilier-design-occasion.fr\\\/magazine\\\/wp-content\\\/uploads\\\/2024\\\/02\\\/android-chrome-192x192-1.png\",\"contentUrl\":\"https:\\\/\\\/www.mobilier-design-occasion.fr\\\/magazine\\\/wp-content\\\/uploads\\\/2024\\\/02\\\/android-chrome-192x192-1.png\",\"width\":192,\"height\":192,\"caption\":\"Mobilier Design Magazine\"},\"image\":{\"@id\":\"https:\\\/\\\/www.mobilier-design-occasion.fr\\\/magazine\\\/#\\\/schema\\\/logo\\\/image\\\/\"},\"sameAs\":[\"https:\\\/\\\/www.facebook.com\\\/mobilierdesignoccasion\"]},{\"@type\":\"Person\",\"@id\":\"https:\\\/\\\/www.mobilier-design-occasion.fr\\\/magazine\\\/#\\\/schema\\\/person\\\/af895bedc80bfb6b17730a672fddac9e\",\"name\":\"Vincent Vandegans\",\"image\":{\"@type\":\"ImageObject\",\"inLanguage\":\"fr-FR\",\"@id\":\"https:\\\/\\\/secure.gravatar.com\\\/avatar\\\/b984800dabdf722d5e3f03f637c8932dea77d81118467d17ad2953e3b273ec66?s=96&d=mm&r=g\",\"url\":\"https:\\\/\\\/secure.gravatar.com\\\/avatar\\\/b984800dabdf722d5e3f03f637c8932dea77d81118467d17ad2953e3b273ec66?s=96&d=mm&r=g\",\"contentUrl\":\"https:\\\/\\\/secure.gravatar.com\\\/avatar\\\/b984800dabdf722d5e3f03f637c8932dea77d81118467d17ad2953e3b273ec66?s=96&d=mm&r=g\",\"caption\":\"Vincent Vandegans\"},\"description\":\"Vincent est passionn\u00e9 par les produits d'occasion, il a ouvert le site MDO avec Cyrielle pour aider les gens \u00e0 trouver du mobilier d'occasion, vintage ou usag\u00e9. Depuis, ils ont \u00e9tendu leurs activit\u00e9s et conseillent tout le monde sur le mobilier d'int\u00e9rieur et d'ext\u00e9rieur au quotidien \u00e0 travers le magazine MDO.\",\"url\":\"https:\\\/\\\/www.mobilier-design-occasion.fr\\\/magazine\\\/author\\\/vincent\\\/\"}]}<\/script>\n<!-- \/ Yoast SEO plugin. -->","yoast_head_json":{"title":"Un fauteuil de cin\u00e9ma ou de th\u00e9\u00e2tre dans votre salon? C'est possible! - Mobilier Design Magazine","robots":{"index":"index","follow":"follow","max-snippet":"max-snippet:-1","max-image-preview":"max-image-preview:large","max-video-preview":"max-video-preview:-1"},"canonical":"https:\/\/www.mobilier-design-occasion.fr\/magazine\/un-fauteuil-de-cinema-ou-de-theatre-dans-votre-salon-cest-possible\/","og_locale":"fr_FR","og_type":"article","og_title":"Un fauteuil de cin\u00e9ma ou de th\u00e9\u00e2tre dans votre salon? C'est possible! - Mobilier Design Magazine","og_description":"Une fois n&#8217;est pas coutume, on va aborder un sujet plut\u00f4t d\u00e9call\u00e9. Avez-vous d\u00e9j\u00e0 pris un moment pour appr\u00e9cier les fauteuils de th\u00e9\u00e2tre dans lesquels nous nous asseyons pour vivre des moments inoubliables ? Ces si\u00e8ges, souvent n\u00e9glig\u00e9s, sont des \u0153uvres d&#8217;art en soi, alliant confort, esth\u00e9tique et histoire. 1. L&#8217;Histoire des Fauteuils de Th\u00e9\u00e2tre [&hellip;]","og_url":"https:\/\/www.mobilier-design-occasion.fr\/magazine\/un-fauteuil-de-cinema-ou-de-theatre-dans-votre-salon-cest-possible\/","og_site_name":"Mobilier Design Magazine","article_publisher":"https:\/\/www.facebook.com\/mobilierdesignoccasion","article_published_time":"2023-11-10T15:59:22+00:00","article_modified_time":"2023-11-10T16:00:06+00:00","og_image":[{"width":558,"height":398,"url":"https:\/\/www.mobilier-design-occasion.fr\/magazine\/wp-content\/uploads\/2023\/11\/image-37.png","type":"image\/png"}],"author":"Vincent Vandegans","twitter_card":"summary_large_image","twitter_misc":{"\u00c9crit par":"Vincent Vandegans","Dur\u00e9e de lecture estim\u00e9e":"3 minutes"},"schema":{"@context":"https:\/\/schema.org","@graph":[{"@type":"Article","@id":"https:\/\/www.mobilier-design-occasion.fr\/magazine\/un-fauteuil-de-cinema-ou-de-theatre-dans-votre-salon-cest-possible\/#article","isPartOf":{"@id":"https:\/\/www.mobilier-design-occasion.fr\/magazine\/un-fauteuil-de-cinema-ou-de-theatre-dans-votre-salon-cest-possible\/"},"author":{"name":"Vincent Vandegans","@id":"https:\/\/www.mobilier-design-occasion.fr\/magazine\/#\/schema\/person\/af895bedc80bfb6b17730a672fddac9e"},"headline":"Un fauteuil de cin\u00e9ma ou de th\u00e9\u00e2tre dans votre salon? C&#8217;est possible!","datePublished":"2023-11-10T15:59:22+00:00","dateModified":"2023-11-10T16:00:06+00:00","mainEntityOfPage":{"@id":"https:\/\/www.mobilier-design-occasion.fr\/magazine\/un-fauteuil-de-cinema-ou-de-theatre-dans-votre-salon-cest-possible\/"},"wordCount":538,"commentCount":0,"publisher":{"@id":"https:\/\/www.mobilier-design-occasion.fr\/magazine\/#organization"},"image":{"@id":"https:\/\/www.mobilier-design-occasion.fr\/magazine\/un-fauteuil-de-cinema-ou-de-theatre-dans-votre-salon-cest-possible\/#primaryimage"},"thumbnailUrl":"https:\/\/www.mobilier-design-occasion.fr\/magazine\/wp-content\/uploads\/2023\/11\/image-37.png","articleSection":["Salon"],"inLanguage":"fr-FR","potentialAction":[{"@type":"CommentAction","name":"Comment","target":["https:\/\/www.mobilier-design-occasion.fr\/magazine\/un-fauteuil-de-cinema-ou-de-theatre-dans-votre-salon-cest-possible\/#respond"]}]},{"@type":"WebPage","@id":"https:\/\/www.mobilier-design-occasion.fr\/magazine\/un-fauteuil-de-cinema-ou-de-theatre-dans-votre-salon-cest-possible\/","url":"https:\/\/www.mobilier-design-occasion.fr\/magazine\/un-fauteuil-de-cinema-ou-de-theatre-dans-votre-salon-cest-possible\/","name":"Un fauteuil de cin\u00e9ma ou de th\u00e9\u00e2tre dans votre salon? C'est possible! - Mobilier Design Magazine","isPartOf":{"@id":"https:\/\/www.mobilier-design-occasion.fr\/magazine\/#website"},"primaryImageOfPage":{"@id":"https:\/\/www.mobilier-design-occasion.fr\/magazine\/un-fauteuil-de-cinema-ou-de-theatre-dans-votre-salon-cest-possible\/#primaryimage"},"image":{"@id":"https:\/\/www.mobilier-design-occasion.fr\/magazine\/un-fauteuil-de-cinema-ou-de-theatre-dans-votre-salon-cest-possible\/#primaryimage"},"thumbnailUrl":"https:\/\/www.mobilier-design-occasion.fr\/magazine\/wp-content\/uploads\/2023\/11\/image-37.png","datePublished":"2023-11-10T15:59:22+00:00","dateModified":"2023-11-10T16:00:06+00:00","breadcrumb":{"@id":"https:\/\/www.mobilier-design-occasion.fr\/magazine\/un-fauteuil-de-cinema-ou-de-theatre-dans-votre-salon-cest-possible\/#breadcrumb"},"inLanguage":"fr-FR","potentialAction":[{"@type":"ReadAction","target":["https:\/\/www.mobilier-design-occasion.fr\/magazine\/un-fauteuil-de-cinema-ou-de-theatre-dans-votre-salon-cest-possible\/"]}]},{"@type":"ImageObject","inLanguage":"fr-FR","@id":"https:\/\/www.mobilier-design-occasion.fr\/magazine\/un-fauteuil-de-cinema-ou-de-theatre-dans-votre-salon-cest-possible\/#primaryimage","url":"https:\/\/www.mobilier-design-occasion.fr\/magazine\/wp-content\/uploads\/2023\/11\/image-37.png","contentUrl":"https:\/\/www.mobilier-design-occasion.fr\/magazine\/wp-content\/uploads\/2023\/11\/image-37.png","width":558,"height":398},{"@type":"BreadcrumbList","@id":"https:\/\/www.mobilier-design-occasion.fr\/magazine\/un-fauteuil-de-cinema-ou-de-theatre-dans-votre-salon-cest-possible\/#breadcrumb","itemListElement":[{"@type":"ListItem","position":1,"name":"Accueil","item":"https:\/\/www.mobilier-design-occasion.fr\/magazine\/"},{"@type":"ListItem","position":2,"name":"Un fauteuil de cin\u00e9ma ou de th\u00e9\u00e2tre dans votre salon? C&rsquo;est possible!"}]},{"@type":"WebSite","@id":"https:\/\/www.mobilier-design-occasion.fr\/magazine\/#website","url":"https:\/\/www.mobilier-design-occasion.fr\/magazine\/","name":"Mobilier Design Magazine","description":"","publisher":{"@id":"https:\/\/www.mobilier-design-occasion.fr\/magazine\/#organization"},"potentialAction":[{"@type":"SearchAction","target":{"@type":"EntryPoint","urlTemplate":"https:\/\/www.mobilier-design-occasion.fr\/magazine\/?s={search_term_string}"},"query-input":{"@type":"PropertyValueSpecification","valueRequired":true,"valueName":"search_term_string"}}],"inLanguage":"fr-FR"},{"@type":"Organization","@id":"https:\/\/www.mobilier-design-occasion.fr\/magazine\/#organization","name":"Mobilier Design Magazine","url":"https:\/\/www.mobilier-design-occasion.fr\/magazine\/","logo":{"@type":"ImageObject","inLanguage":"fr-FR","@id":"https:\/\/www.mobilier-design-occasion.fr\/magazine\/#\/schema\/logo\/image\/","url":"https:\/\/www.mobilier-design-occasion.fr\/magazine\/wp-content\/uploads\/2024\/02\/android-chrome-192x192-1.png","contentUrl":"https:\/\/www.mobilier-design-occasion.fr\/magazine\/wp-content\/uploads\/2024\/02\/android-chrome-192x192-1.png","width":192,"height":192,"caption":"Mobilier Design Magazine"},"image":{"@id":"https:\/\/www.mobilier-design-occasion.fr\/magazine\/#\/schema\/logo\/image\/"},"sameAs":["https:\/\/www.facebook.com\/mobilierdesignoccasion"]},{"@type":"Person","@id":"https:\/\/www.mobilier-design-occasion.fr\/magazine\/#\/schema\/person\/af895bedc80bfb6b17730a672fddac9e","name":"Vincent Vandegans","image":{"@type":"ImageObject","inLanguage":"fr-FR","@id":"https:\/\/secure.gravatar.com\/avatar\/b984800dabdf722d5e3f03f637c8932dea77d81118467d17ad2953e3b273ec66?s=96&d=mm&r=g","url":"https:\/\/secure.gravatar.com\/avatar\/b984800dabdf722d5e3f03f637c8932dea77d81118467d17ad2953e3b273ec66?s=96&d=mm&r=g","contentUrl":"https:\/\/secure.gravatar.com\/avatar\/b984800dabdf722d5e3f03f637c8932dea77d81118467d17ad2953e3b273ec66?s=96&d=mm&r=g","caption":"Vincent Vandegans"},"description":"Vincent est passionn\u00e9 par les produits d'occasion, il a ouvert le site MDO avec Cyrielle pour aider les gens \u00e0 trouver du mobilier d'occasion, vintage ou usag\u00e9. Depuis, ils ont \u00e9tendu leurs activit\u00e9s et conseillent tout le monde sur le mobilier d'int\u00e9rieur et d'ext\u00e9rieur au quotidien \u00e0 travers le magazine MDO.","url":"https:\/\/www.mobilier-design-occasion.fr\/magazine\/author\/vincent\/"}]}},"_links":{"self":[{"href":"https:\/\/www.mobilier-design-occasion.fr\/magazine\/wp-json\/wp\/v2\/posts\/6994","targetHints":{"allow":["GET"]}}],"collection":[{"href":"https:\/\/www.mobilier-design-occasion.fr\/magazine\/wp-json\/wp\/v2\/posts"}],"about":[{"href":"https:\/\/www.mobilier-design-occasion.fr\/magazine\/wp-json\/wp\/v2\/types\/post"}],"author":[{"embeddable":true,"href":"https:\/\/www.mobilier-design-occasion.fr\/magazine\/wp-json\/wp\/v2\/users\/2"}],"replies":[{"embeddable":true,"href":"https:\/\/www.mobilier-design-occasion.fr\/magazine\/wp-json\/wp\/v2\/comments?post=6994"}],"version-history":[{"count":2,"href":"https:\/\/www.mobilier-design-occasion.fr\/magazine\/wp-json\/wp\/v2\/posts\/6994\/revisions"}],"predecessor-version":[{"id":7003,"href":"https:\/\/www.mobilier-design-occasion.fr\/magazine\/wp-json\/wp\/v2\/posts\/6994\/revisions\/7003"}],"wp:featuredmedia":[{"embeddable":true,"href":"https:\/\/www.mobilier-design-occasion.fr\/magazine\/wp-json\/wp\/v2\/media\/6998"}],"wp:attachment":[{"href":"https:\/\/www.mobilier-design-occasion.fr\/magazine\/wp-json\/wp\/v2\/media?parent=6994"}],"wp:term":[{"taxonomy":"category","embeddable":true,"href":"https:\/\/www.mobilier-design-occasion.fr\/magazine\/wp-json\/wp\/v2\/categories?post=6994"},{"taxonomy":"post_tag","embeddable":true,"href":"https:\/\/www.mobilier-design-occasion.fr\/magazine\/wp-json\/wp\/v2\/tags?post=6994"}],"curies":[{"name":"wp","href":"https:\/\/api.w.org\/{rel}","templated":true}]}}