{"id":6918,"date":"2023-10-27T09:45:43","date_gmt":"2023-10-27T09:45:43","guid":{"rendered":"https:\/\/www.mobilier-design-occasion.fr\/magazine\/?p=6918"},"modified":"2023-10-27T09:45:44","modified_gmt":"2023-10-27T09:45:44","slug":"top-3-des-accessoires-a-avoir-pour-creer-un-bureau-professionnel-design","status":"publish","type":"post","link":"https:\/\/www.mobilier-design-occasion.fr\/magazine\/top-3-des-accessoires-a-avoir-pour-creer-un-bureau-professionnel-design\/","title":{"rendered":"Top\u00a03 des accessoires \u00e0 avoir pour cr\u00e9er un bureau professionnel design"},"content":{"rendered":"\n<p>Pour stimuler son inspiration et sa performance au travail, il est indispensable que l\u2019environnement de travail soit bien adapt\u00e9. Vous avez la possibilit\u00e9 de cr\u00e9er un&nbsp;<strong>bureau design moderne<\/strong>&nbsp;en misant sur certains \u00e9quipements. D\u00e9couvrez quelques-uns.<\/p>\n\n\n\n<h2 class=\"wp-block-heading\"><span class=\"ez-toc-section\" id=\"Un_bureau_dangle\"><\/span>Un bureau d\u2019angle<span class=\"ez-toc-section-end\"><\/span><\/h2><div id=\"ez-toc-container\" class=\"ez-toc-v2_0_82_2 counter-hierarchy ez-toc-counter ez-toc-grey ez-toc-container-direction\">\n<div class=\"ez-toc-title-container\">\n<span class=\"ez-toc-title-toggle\"><a href=\"#\" class=\"ez-toc-pull-right ez-toc-btn ez-toc-btn-xs ez-toc-btn-default ez-toc-toggle\" aria-label=\"Toggle Table of Content\"><span class=\"ez-toc-js-icon-con\"><span class=\"\"><span class=\"eztoc-hide\" style=\"display:none;\">Toggle<\/span><span class=\"ez-toc-icon-toggle-span\"><svg style=\"fill: #999;color:#999\" xmlns=\"http:\/\/www.w3.org\/2000\/svg\" class=\"list-377408\" width=\"20px\" height=\"20px\" viewBox=\"0 0 24 24\" fill=\"none\"><path d=\"M6 6H4v2h2V6zm14 0H8v2h12V6zM4 11h2v2H4v-2zm16 0H8v2h12v-2zM4 16h2v2H4v-2zm16 0H8v2h12v-2z\" fill=\"currentColor\"><\/path><\/svg><svg style=\"fill: #999;color:#999\" class=\"arrow-unsorted-368013\" xmlns=\"http:\/\/www.w3.org\/2000\/svg\" width=\"10px\" height=\"10px\" viewBox=\"0 0 24 24\" version=\"1.2\" baseProfile=\"tiny\"><path d=\"M18.2 9.3l-6.2-6.3-6.2 6.3c-.2.2-.3.4-.3.7s.1.5.3.7c.2.2.4.3.7.3h11c.3 0 .5-.1.7-.3.2-.2.3-.5.3-.7s-.1-.5-.3-.7zM5.8 14.7l6.2 6.3 6.2-6.3c.2-.2.3-.5.3-.7s-.1-.5-.3-.7c-.2-.2-.4-.3-.7-.3h-11c-.3 0-.5.1-.7.3-.2.2-.3.5-.3.7s.1.5.3.7z\"\/><\/svg><\/span><\/span><\/span><\/a><\/span><\/div>\n<nav><ul class='ez-toc-list ez-toc-list-level-1 eztoc-toggle-hide-by-default' ><li class='ez-toc-page-1 ez-toc-heading-level-2'><a class=\"ez-toc-link ez-toc-heading-1\" href=\"https:\/\/www.mobilier-design-occasion.fr\/magazine\/top-3-des-accessoires-a-avoir-pour-creer-un-bureau-professionnel-design\/#Un_bureau_dangle\" >Un bureau d\u2019angle<\/a><\/li><li class='ez-toc-page-1 ez-toc-heading-level-2'><a class=\"ez-toc-link ez-toc-heading-2\" href=\"https:\/\/www.mobilier-design-occasion.fr\/magazine\/top-3-des-accessoires-a-avoir-pour-creer-un-bureau-professionnel-design\/#Un_fauteuil_de_bureau\" >Un fauteuil de bureau<\/a><\/li><li class='ez-toc-page-1 ez-toc-heading-level-2'><a class=\"ez-toc-link ez-toc-heading-3\" href=\"https:\/\/www.mobilier-design-occasion.fr\/magazine\/top-3-des-accessoires-a-avoir-pour-creer-un-bureau-professionnel-design\/#Une_lampe_de_bureau\" >Une lampe de bureau<\/a><\/li><\/ul><\/nav><\/div>\n\n\n\n\n<p>Pour que votre environnement de travail soit attractif et tr\u00e8s accueillant, le choix du mobilier s\u2019av\u00e8re tr\u00e8s important, \u00e0 commencer par le bureau. Si le march\u00e9 propose une panoplie de mod\u00e8les, il faut dire que le&nbsp;<strong>bureau d\u2019angle<\/strong>&nbsp;est de plus en plus pris\u00e9. Cet \u00e9quipement offre en r\u00e9alit\u00e9 diff\u00e9rentes possibilit\u00e9s pour une immersion optimale dans un espace professionnel. D\u2019ailleurs, vous pourrez&nbsp;<a href=\"https:\/\/www.matelpro.com\/bureau\/bureau-d-angle.html\" target=\"_blank\" rel=\"noreferrer noopener\">trouver un bureau d&#8217;angle sur Matelpro<\/a>. En misant sur un tel accessoire, non seulement vous \u00e9conomisez votre surface, mais vous la rendez \u00e9galement tr\u00e8s tendance.<\/p>\n\n\n\n<h2 class=\"wp-block-heading\"><span class=\"ez-toc-section\" id=\"Un_fauteuil_de_bureau\"><\/span>Un fauteuil de bureau<span class=\"ez-toc-section-end\"><\/span><\/h2>\n\n\n\n<p>Le fauteuil bureautique est un \u00e9quipement que vous devez surtout avoir dans votre bureau professionnel. \u00c9tant donn\u00e9 que vous passez g\u00e9n\u00e9ralement beaucoup d\u2019heures dans votre espace de travail, acqu\u00e9rir un bon fauteuil s\u2019av\u00e8re une n\u00e9cessit\u00e9. Avec un&nbsp;<strong>accessoire ergonomique et confortable<\/strong>, vous serez sans doute en mesure de travailler dans de meilleures conditions. Ainsi, vous pourrez augmenter votre productivit\u00e9.<\/p>\n\n\n\n<h2 class=\"wp-block-heading\"><span class=\"ez-toc-section\" id=\"Une_lampe_de_bureau\"><\/span>Une lampe de bureau<span class=\"ez-toc-section-end\"><\/span><\/h2>\n\n\n\n<p>L\u2019\u00e9clairage est un aspect sur lequel vous pourrez agir afin de transformer votre environnement professionnel. Cela dit, une&nbsp;<strong>lampe de bureau<\/strong>&nbsp;est une option. Des mod\u00e8les classiques aux modernes, en passant par ceux vintage, choisissez le meilleur accessoire pour \u00e9clairer votre espace et \u00e9viter d\u2019endommager vos yeux. Selon votre budget, vous pourrez \u00e9galement opter pour une lampe de table exclusive.<\/p>\n","protected":false},"excerpt":{"rendered":"<p>Pour stimuler son inspiration et sa performance au travail, il est indispensable que l\u2019environnement de travail soit bien adapt\u00e9. Vous avez la possibilit\u00e9 de cr\u00e9er un&nbsp;bureau design moderne&nbsp;en misant sur certains \u00e9quipements. D\u00e9couvrez quelques-uns. Un bureau d\u2019angle Pour que votre environnement de travail soit attractif et tr\u00e8s accueillant, le choix du mobilier s\u2019av\u00e8re tr\u00e8s important, [&hellip;]<\/p>\n","protected":false},"author":1,"featured_media":6919,"comment_status":"open","ping_status":"open","sticky":false,"template":"","format":"standard","meta":{"footnotes":""},"categories":[128],"tags":[],"class_list":["post-6918","post","type-post","status-publish","format-standard","has-post-thumbnail","hentry","category-bureau"],"yoast_head":"<!-- This site is optimized with the Yoast SEO plugin v27.5 - https:\/\/yoast.com\/product\/yoast-seo-wordpress\/ -->\n<title>Top\u00a03 des accessoires \u00e0 avoir pour cr\u00e9er un bureau professionnel design - Mobilier Design Magazine<\/title>\n<meta name=\"robots\" content=\"index, follow, max-snippet:-1, max-image-preview:large, max-video-preview:-1\" \/>\n<link rel=\"canonical\" href=\"https:\/\/www.mobilier-design-occasion.fr\/magazine\/top-3-des-accessoires-a-avoir-pour-creer-un-bureau-professionnel-design\/\" \/>\n<meta property=\"og:locale\" content=\"fr_FR\" \/>\n<meta property=\"og:type\" content=\"article\" \/>\n<meta property=\"og:title\" content=\"Top\u00a03 des accessoires \u00e0 avoir pour cr\u00e9er un bureau professionnel design - Mobilier Design Magazine\" \/>\n<meta property=\"og:description\" content=\"Pour stimuler son inspiration et sa performance au travail, il est indispensable que l\u2019environnement de travail soit bien adapt\u00e9. Vous avez la possibilit\u00e9 de cr\u00e9er un&nbsp;bureau design moderne&nbsp;en misant sur certains \u00e9quipements. D\u00e9couvrez quelques-uns. Un bureau d\u2019angle Pour que votre environnement de travail soit attractif et tr\u00e8s accueillant, le choix du mobilier s\u2019av\u00e8re tr\u00e8s important, [&hellip;]\" \/>\n<meta property=\"og:url\" content=\"https:\/\/www.mobilier-design-occasion.fr\/magazine\/top-3-des-accessoires-a-avoir-pour-creer-un-bureau-professionnel-design\/\" \/>\n<meta property=\"og:site_name\" content=\"Mobilier Design Magazine\" \/>\n<meta property=\"article:publisher\" content=\"https:\/\/www.facebook.com\/mobilierdesignoccasion\" \/>\n<meta property=\"article:published_time\" content=\"2023-10-27T09:45:43+00:00\" \/>\n<meta property=\"article:modified_time\" content=\"2023-10-27T09:45:44+00:00\" \/>\n<meta property=\"og:image\" content=\"https:\/\/www.mobilier-design-occasion.fr\/magazine\/wp-content\/uploads\/2023\/10\/f3c9110340b39a9ad589dd2860dd5dc6.jpeg\" \/>\n\t<meta property=\"og:image:width\" content=\"847\" \/>\n\t<meta property=\"og:image:height\" content=\"565\" \/>\n\t<meta property=\"og:image:type\" content=\"image\/jpeg\" \/>\n<meta name=\"author\" content=\"Cyrielle Poirot\" \/>\n<meta name=\"twitter:card\" content=\"summary_large_image\" \/>\n<meta name=\"twitter:label1\" content=\"\u00c9crit par\" \/>\n\t<meta name=\"twitter:data1\" content=\"Cyrielle Poirot\" \/>\n\t<meta name=\"twitter:label2\" content=\"Dur\u00e9e de lecture estim\u00e9e\" \/>\n\t<meta name=\"twitter:data2\" content=\"1 minute\" \/>\n<script type=\"application\/ld+json\" class=\"yoast-schema-graph\">{\"@context\":\"https:\\\/\\\/schema.org\",\"@graph\":[{\"@type\":\"Article\",\"@id\":\"https:\\\/\\\/www.mobilier-design-occasion.fr\\\/magazine\\\/top-3-des-accessoires-a-avoir-pour-creer-un-bureau-professionnel-design\\\/#article\",\"isPartOf\":{\"@id\":\"https:\\\/\\\/www.mobilier-design-occasion.fr\\\/magazine\\\/top-3-des-accessoires-a-avoir-pour-creer-un-bureau-professionnel-design\\\/\"},\"author\":{\"name\":\"Cyrielle Poirot\",\"@id\":\"https:\\\/\\\/www.mobilier-design-occasion.fr\\\/magazine\\\/#\\\/schema\\\/person\\\/5b2e5627a714ddadaaf8c9b886c55eff\"},\"headline\":\"Top\u00a03 des accessoires \u00e0 avoir pour cr\u00e9er un bureau professionnel design\",\"datePublished\":\"2023-10-27T09:45:43+00:00\",\"dateModified\":\"2023-10-27T09:45:44+00:00\",\"mainEntityOfPage\":{\"@id\":\"https:\\\/\\\/www.mobilier-design-occasion.fr\\\/magazine\\\/top-3-des-accessoires-a-avoir-pour-creer-un-bureau-professionnel-design\\\/\"},\"wordCount\":297,\"commentCount\":0,\"publisher\":{\"@id\":\"https:\\\/\\\/www.mobilier-design-occasion.fr\\\/magazine\\\/#organization\"},\"image\":{\"@id\":\"https:\\\/\\\/www.mobilier-design-occasion.fr\\\/magazine\\\/top-3-des-accessoires-a-avoir-pour-creer-un-bureau-professionnel-design\\\/#primaryimage\"},\"thumbnailUrl\":\"https:\\\/\\\/www.mobilier-design-occasion.fr\\\/magazine\\\/wp-content\\\/uploads\\\/2023\\\/10\\\/f3c9110340b39a9ad589dd2860dd5dc6.jpeg\",\"articleSection\":[\"Bureau\"],\"inLanguage\":\"fr-FR\",\"potentialAction\":[{\"@type\":\"CommentAction\",\"name\":\"Comment\",\"target\":[\"https:\\\/\\\/www.mobilier-design-occasion.fr\\\/magazine\\\/top-3-des-accessoires-a-avoir-pour-creer-un-bureau-professionnel-design\\\/#respond\"]}]},{\"@type\":\"WebPage\",\"@id\":\"https:\\\/\\\/www.mobilier-design-occasion.fr\\\/magazine\\\/top-3-des-accessoires-a-avoir-pour-creer-un-bureau-professionnel-design\\\/\",\"url\":\"https:\\\/\\\/www.mobilier-design-occasion.fr\\\/magazine\\\/top-3-des-accessoires-a-avoir-pour-creer-un-bureau-professionnel-design\\\/\",\"name\":\"Top\u00a03 des accessoires \u00e0 avoir pour cr\u00e9er un bureau professionnel design - Mobilier Design Magazine\",\"isPartOf\":{\"@id\":\"https:\\\/\\\/www.mobilier-design-occasion.fr\\\/magazine\\\/#website\"},\"primaryImageOfPage\":{\"@id\":\"https:\\\/\\\/www.mobilier-design-occasion.fr\\\/magazine\\\/top-3-des-accessoires-a-avoir-pour-creer-un-bureau-professionnel-design\\\/#primaryimage\"},\"image\":{\"@id\":\"https:\\\/\\\/www.mobilier-design-occasion.fr\\\/magazine\\\/top-3-des-accessoires-a-avoir-pour-creer-un-bureau-professionnel-design\\\/#primaryimage\"},\"thumbnailUrl\":\"https:\\\/\\\/www.mobilier-design-occasion.fr\\\/magazine\\\/wp-content\\\/uploads\\\/2023\\\/10\\\/f3c9110340b39a9ad589dd2860dd5dc6.jpeg\",\"datePublished\":\"2023-10-27T09:45:43+00:00\",\"dateModified\":\"2023-10-27T09:45:44+00:00\",\"breadcrumb\":{\"@id\":\"https:\\\/\\\/www.mobilier-design-occasion.fr\\\/magazine\\\/top-3-des-accessoires-a-avoir-pour-creer-un-bureau-professionnel-design\\\/#breadcrumb\"},\"inLanguage\":\"fr-FR\",\"potentialAction\":[{\"@type\":\"ReadAction\",\"target\":[\"https:\\\/\\\/www.mobilier-design-occasion.fr\\\/magazine\\\/top-3-des-accessoires-a-avoir-pour-creer-un-bureau-professionnel-design\\\/\"]}]},{\"@type\":\"ImageObject\",\"inLanguage\":\"fr-FR\",\"@id\":\"https:\\\/\\\/www.mobilier-design-occasion.fr\\\/magazine\\\/top-3-des-accessoires-a-avoir-pour-creer-un-bureau-professionnel-design\\\/#primaryimage\",\"url\":\"https:\\\/\\\/www.mobilier-design-occasion.fr\\\/magazine\\\/wp-content\\\/uploads\\\/2023\\\/10\\\/f3c9110340b39a9ad589dd2860dd5dc6.jpeg\",\"contentUrl\":\"https:\\\/\\\/www.mobilier-design-occasion.fr\\\/magazine\\\/wp-content\\\/uploads\\\/2023\\\/10\\\/f3c9110340b39a9ad589dd2860dd5dc6.jpeg\",\"width\":847,\"height\":565,\"caption\":\"Business woman moving in a new office, she is using a digital tablet, selective focus, open cardboard box on foreground\"},{\"@type\":\"BreadcrumbList\",\"@id\":\"https:\\\/\\\/www.mobilier-design-occasion.fr\\\/magazine\\\/top-3-des-accessoires-a-avoir-pour-creer-un-bureau-professionnel-design\\\/#breadcrumb\",\"itemListElement\":[{\"@type\":\"ListItem\",\"position\":1,\"name\":\"Accueil\",\"item\":\"https:\\\/\\\/www.mobilier-design-occasion.fr\\\/magazine\\\/\"},{\"@type\":\"ListItem\",\"position\":2,\"name\":\"Top\u00a03 des accessoires \u00e0 avoir pour cr\u00e9er un bureau professionnel design\"}]},{\"@type\":\"WebSite\",\"@id\":\"https:\\\/\\\/www.mobilier-design-occasion.fr\\\/magazine\\\/#website\",\"url\":\"https:\\\/\\\/www.mobilier-design-occasion.fr\\\/magazine\\\/\",\"name\":\"Mobilier Design Magazine\",\"description\":\"\",\"publisher\":{\"@id\":\"https:\\\/\\\/www.mobilier-design-occasion.fr\\\/magazine\\\/#organization\"},\"potentialAction\":[{\"@type\":\"SearchAction\",\"target\":{\"@type\":\"EntryPoint\",\"urlTemplate\":\"https:\\\/\\\/www.mobilier-design-occasion.fr\\\/magazine\\\/?s={search_term_string}\"},\"query-input\":{\"@type\":\"PropertyValueSpecification\",\"valueRequired\":true,\"valueName\":\"search_term_string\"}}],\"inLanguage\":\"fr-FR\"},{\"@type\":\"Organization\",\"@id\":\"https:\\\/\\\/www.mobilier-design-occasion.fr\\\/magazine\\\/#organization\",\"name\":\"Mobilier Design Magazine\",\"url\":\"https:\\\/\\\/www.mobilier-design-occasion.fr\\\/magazine\\\/\",\"logo\":{\"@type\":\"ImageObject\",\"inLanguage\":\"fr-FR\",\"@id\":\"https:\\\/\\\/www.mobilier-design-occasion.fr\\\/magazine\\\/#\\\/schema\\\/logo\\\/image\\\/\",\"url\":\"https:\\\/\\\/www.mobilier-design-occasion.fr\\\/magazine\\\/wp-content\\\/uploads\\\/2024\\\/02\\\/android-chrome-192x192-1.png\",\"contentUrl\":\"https:\\\/\\\/www.mobilier-design-occasion.fr\\\/magazine\\\/wp-content\\\/uploads\\\/2024\\\/02\\\/android-chrome-192x192-1.png\",\"width\":192,\"height\":192,\"caption\":\"Mobilier Design Magazine\"},\"image\":{\"@id\":\"https:\\\/\\\/www.mobilier-design-occasion.fr\\\/magazine\\\/#\\\/schema\\\/logo\\\/image\\\/\"},\"sameAs\":[\"https:\\\/\\\/www.facebook.com\\\/mobilierdesignoccasion\"]},{\"@type\":\"Person\",\"@id\":\"https:\\\/\\\/www.mobilier-design-occasion.fr\\\/magazine\\\/#\\\/schema\\\/person\\\/5b2e5627a714ddadaaf8c9b886c55eff\",\"name\":\"Cyrielle Poirot\",\"image\":{\"@type\":\"ImageObject\",\"inLanguage\":\"fr-FR\",\"@id\":\"https:\\\/\\\/secure.gravatar.com\\\/avatar\\\/c8d2674e093b06894d8d1dc468b626bd752523471f3ac6e75f7c7a1400d40b4d?s=96&d=mm&r=g\",\"url\":\"https:\\\/\\\/secure.gravatar.com\\\/avatar\\\/c8d2674e093b06894d8d1dc468b626bd752523471f3ac6e75f7c7a1400d40b4d?s=96&d=mm&r=g\",\"contentUrl\":\"https:\\\/\\\/secure.gravatar.com\\\/avatar\\\/c8d2674e093b06894d8d1dc468b626bd752523471f3ac6e75f7c7a1400d40b4d?s=96&d=mm&r=g\",\"caption\":\"Cyrielle Poirot\"},\"description\":\"Cyrielle est passionn\u00e9e par la d\u00e9coration d'int\u00e9rieur et s'est sp\u00e9cialis\u00e9e depuis quelques ann\u00e9es dans l'\u00e9dition du site Mobilier-Design, avec une touche sp\u00e9cifique pour les produits d'occasion.\",\"sameAs\":[\"https:\\\/\\\/www.mobilier-design-occasion.fr\\\/magazine\"],\"url\":\"https:\\\/\\\/www.mobilier-design-occasion.fr\\\/magazine\\\/author\\\/cyrielle\\\/\"}]}<\/script>\n<!-- \/ Yoast SEO plugin. -->","yoast_head_json":{"title":"Top\u00a03 des accessoires \u00e0 avoir pour cr\u00e9er un bureau professionnel design - Mobilier Design Magazine","robots":{"index":"index","follow":"follow","max-snippet":"max-snippet:-1","max-image-preview":"max-image-preview:large","max-video-preview":"max-video-preview:-1"},"canonical":"https:\/\/www.mobilier-design-occasion.fr\/magazine\/top-3-des-accessoires-a-avoir-pour-creer-un-bureau-professionnel-design\/","og_locale":"fr_FR","og_type":"article","og_title":"Top\u00a03 des accessoires \u00e0 avoir pour cr\u00e9er un bureau professionnel design - Mobilier Design Magazine","og_description":"Pour stimuler son inspiration et sa performance au travail, il est indispensable que l\u2019environnement de travail soit bien adapt\u00e9. Vous avez la possibilit\u00e9 de cr\u00e9er un&nbsp;bureau design moderne&nbsp;en misant sur certains \u00e9quipements. D\u00e9couvrez quelques-uns. Un bureau d\u2019angle Pour que votre environnement de travail soit attractif et tr\u00e8s accueillant, le choix du mobilier s\u2019av\u00e8re tr\u00e8s important, [&hellip;]","og_url":"https:\/\/www.mobilier-design-occasion.fr\/magazine\/top-3-des-accessoires-a-avoir-pour-creer-un-bureau-professionnel-design\/","og_site_name":"Mobilier Design Magazine","article_publisher":"https:\/\/www.facebook.com\/mobilierdesignoccasion","article_published_time":"2023-10-27T09:45:43+00:00","article_modified_time":"2023-10-27T09:45:44+00:00","og_image":[{"width":847,"height":565,"url":"https:\/\/www.mobilier-design-occasion.fr\/magazine\/wp-content\/uploads\/2023\/10\/f3c9110340b39a9ad589dd2860dd5dc6.jpeg","type":"image\/jpeg"}],"author":"Cyrielle Poirot","twitter_card":"summary_large_image","twitter_misc":{"\u00c9crit par":"Cyrielle Poirot","Dur\u00e9e de lecture estim\u00e9e":"1 minute"},"schema":{"@context":"https:\/\/schema.org","@graph":[{"@type":"Article","@id":"https:\/\/www.mobilier-design-occasion.fr\/magazine\/top-3-des-accessoires-a-avoir-pour-creer-un-bureau-professionnel-design\/#article","isPartOf":{"@id":"https:\/\/www.mobilier-design-occasion.fr\/magazine\/top-3-des-accessoires-a-avoir-pour-creer-un-bureau-professionnel-design\/"},"author":{"name":"Cyrielle Poirot","@id":"https:\/\/www.mobilier-design-occasion.fr\/magazine\/#\/schema\/person\/5b2e5627a714ddadaaf8c9b886c55eff"},"headline":"Top\u00a03 des accessoires \u00e0 avoir pour cr\u00e9er un bureau professionnel design","datePublished":"2023-10-27T09:45:43+00:00","dateModified":"2023-10-27T09:45:44+00:00","mainEntityOfPage":{"@id":"https:\/\/www.mobilier-design-occasion.fr\/magazine\/top-3-des-accessoires-a-avoir-pour-creer-un-bureau-professionnel-design\/"},"wordCount":297,"commentCount":0,"publisher":{"@id":"https:\/\/www.mobilier-design-occasion.fr\/magazine\/#organization"},"image":{"@id":"https:\/\/www.mobilier-design-occasion.fr\/magazine\/top-3-des-accessoires-a-avoir-pour-creer-un-bureau-professionnel-design\/#primaryimage"},"thumbnailUrl":"https:\/\/www.mobilier-design-occasion.fr\/magazine\/wp-content\/uploads\/2023\/10\/f3c9110340b39a9ad589dd2860dd5dc6.jpeg","articleSection":["Bureau"],"inLanguage":"fr-FR","potentialAction":[{"@type":"CommentAction","name":"Comment","target":["https:\/\/www.mobilier-design-occasion.fr\/magazine\/top-3-des-accessoires-a-avoir-pour-creer-un-bureau-professionnel-design\/#respond"]}]},{"@type":"WebPage","@id":"https:\/\/www.mobilier-design-occasion.fr\/magazine\/top-3-des-accessoires-a-avoir-pour-creer-un-bureau-professionnel-design\/","url":"https:\/\/www.mobilier-design-occasion.fr\/magazine\/top-3-des-accessoires-a-avoir-pour-creer-un-bureau-professionnel-design\/","name":"Top\u00a03 des accessoires \u00e0 avoir pour cr\u00e9er un bureau professionnel design - Mobilier Design Magazine","isPartOf":{"@id":"https:\/\/www.mobilier-design-occasion.fr\/magazine\/#website"},"primaryImageOfPage":{"@id":"https:\/\/www.mobilier-design-occasion.fr\/magazine\/top-3-des-accessoires-a-avoir-pour-creer-un-bureau-professionnel-design\/#primaryimage"},"image":{"@id":"https:\/\/www.mobilier-design-occasion.fr\/magazine\/top-3-des-accessoires-a-avoir-pour-creer-un-bureau-professionnel-design\/#primaryimage"},"thumbnailUrl":"https:\/\/www.mobilier-design-occasion.fr\/magazine\/wp-content\/uploads\/2023\/10\/f3c9110340b39a9ad589dd2860dd5dc6.jpeg","datePublished":"2023-10-27T09:45:43+00:00","dateModified":"2023-10-27T09:45:44+00:00","breadcrumb":{"@id":"https:\/\/www.mobilier-design-occasion.fr\/magazine\/top-3-des-accessoires-a-avoir-pour-creer-un-bureau-professionnel-design\/#breadcrumb"},"inLanguage":"fr-FR","potentialAction":[{"@type":"ReadAction","target":["https:\/\/www.mobilier-design-occasion.fr\/magazine\/top-3-des-accessoires-a-avoir-pour-creer-un-bureau-professionnel-design\/"]}]},{"@type":"ImageObject","inLanguage":"fr-FR","@id":"https:\/\/www.mobilier-design-occasion.fr\/magazine\/top-3-des-accessoires-a-avoir-pour-creer-un-bureau-professionnel-design\/#primaryimage","url":"https:\/\/www.mobilier-design-occasion.fr\/magazine\/wp-content\/uploads\/2023\/10\/f3c9110340b39a9ad589dd2860dd5dc6.jpeg","contentUrl":"https:\/\/www.mobilier-design-occasion.fr\/magazine\/wp-content\/uploads\/2023\/10\/f3c9110340b39a9ad589dd2860dd5dc6.jpeg","width":847,"height":565,"caption":"Business woman moving in a new office, she is using a digital tablet, selective focus, open cardboard box on foreground"},{"@type":"BreadcrumbList","@id":"https:\/\/www.mobilier-design-occasion.fr\/magazine\/top-3-des-accessoires-a-avoir-pour-creer-un-bureau-professionnel-design\/#breadcrumb","itemListElement":[{"@type":"ListItem","position":1,"name":"Accueil","item":"https:\/\/www.mobilier-design-occasion.fr\/magazine\/"},{"@type":"ListItem","position":2,"name":"Top\u00a03 des accessoires \u00e0 avoir pour cr\u00e9er un bureau professionnel design"}]},{"@type":"WebSite","@id":"https:\/\/www.mobilier-design-occasion.fr\/magazine\/#website","url":"https:\/\/www.mobilier-design-occasion.fr\/magazine\/","name":"Mobilier Design Magazine","description":"","publisher":{"@id":"https:\/\/www.mobilier-design-occasion.fr\/magazine\/#organization"},"potentialAction":[{"@type":"SearchAction","target":{"@type":"EntryPoint","urlTemplate":"https:\/\/www.mobilier-design-occasion.fr\/magazine\/?s={search_term_string}"},"query-input":{"@type":"PropertyValueSpecification","valueRequired":true,"valueName":"search_term_string"}}],"inLanguage":"fr-FR"},{"@type":"Organization","@id":"https:\/\/www.mobilier-design-occasion.fr\/magazine\/#organization","name":"Mobilier Design Magazine","url":"https:\/\/www.mobilier-design-occasion.fr\/magazine\/","logo":{"@type":"ImageObject","inLanguage":"fr-FR","@id":"https:\/\/www.mobilier-design-occasion.fr\/magazine\/#\/schema\/logo\/image\/","url":"https:\/\/www.mobilier-design-occasion.fr\/magazine\/wp-content\/uploads\/2024\/02\/android-chrome-192x192-1.png","contentUrl":"https:\/\/www.mobilier-design-occasion.fr\/magazine\/wp-content\/uploads\/2024\/02\/android-chrome-192x192-1.png","width":192,"height":192,"caption":"Mobilier Design Magazine"},"image":{"@id":"https:\/\/www.mobilier-design-occasion.fr\/magazine\/#\/schema\/logo\/image\/"},"sameAs":["https:\/\/www.facebook.com\/mobilierdesignoccasion"]},{"@type":"Person","@id":"https:\/\/www.mobilier-design-occasion.fr\/magazine\/#\/schema\/person\/5b2e5627a714ddadaaf8c9b886c55eff","name":"Cyrielle Poirot","image":{"@type":"ImageObject","inLanguage":"fr-FR","@id":"https:\/\/secure.gravatar.com\/avatar\/c8d2674e093b06894d8d1dc468b626bd752523471f3ac6e75f7c7a1400d40b4d?s=96&d=mm&r=g","url":"https:\/\/secure.gravatar.com\/avatar\/c8d2674e093b06894d8d1dc468b626bd752523471f3ac6e75f7c7a1400d40b4d?s=96&d=mm&r=g","contentUrl":"https:\/\/secure.gravatar.com\/avatar\/c8d2674e093b06894d8d1dc468b626bd752523471f3ac6e75f7c7a1400d40b4d?s=96&d=mm&r=g","caption":"Cyrielle Poirot"},"description":"Cyrielle est passionn\u00e9e par la d\u00e9coration d'int\u00e9rieur et s'est sp\u00e9cialis\u00e9e depuis quelques ann\u00e9es dans l'\u00e9dition du site Mobilier-Design, avec une touche sp\u00e9cifique pour les produits d'occasion.","sameAs":["https:\/\/www.mobilier-design-occasion.fr\/magazine"],"url":"https:\/\/www.mobilier-design-occasion.fr\/magazine\/author\/cyrielle\/"}]}},"_links":{"self":[{"href":"https:\/\/www.mobilier-design-occasion.fr\/magazine\/wp-json\/wp\/v2\/posts\/6918","targetHints":{"allow":["GET"]}}],"collection":[{"href":"https:\/\/www.mobilier-design-occasion.fr\/magazine\/wp-json\/wp\/v2\/posts"}],"about":[{"href":"https:\/\/www.mobilier-design-occasion.fr\/magazine\/wp-json\/wp\/v2\/types\/post"}],"author":[{"embeddable":true,"href":"https:\/\/www.mobilier-design-occasion.fr\/magazine\/wp-json\/wp\/v2\/users\/1"}],"replies":[{"embeddable":true,"href":"https:\/\/www.mobilier-design-occasion.fr\/magazine\/wp-json\/wp\/v2\/comments?post=6918"}],"version-history":[{"count":1,"href":"https:\/\/www.mobilier-design-occasion.fr\/magazine\/wp-json\/wp\/v2\/posts\/6918\/revisions"}],"predecessor-version":[{"id":6920,"href":"https:\/\/www.mobilier-design-occasion.fr\/magazine\/wp-json\/wp\/v2\/posts\/6918\/revisions\/6920"}],"wp:featuredmedia":[{"embeddable":true,"href":"https:\/\/www.mobilier-design-occasion.fr\/magazine\/wp-json\/wp\/v2\/media\/6919"}],"wp:attachment":[{"href":"https:\/\/www.mobilier-design-occasion.fr\/magazine\/wp-json\/wp\/v2\/media?parent=6918"}],"wp:term":[{"taxonomy":"category","embeddable":true,"href":"https:\/\/www.mobilier-design-occasion.fr\/magazine\/wp-json\/wp\/v2\/categories?post=6918"},{"taxonomy":"post_tag","embeddable":true,"href":"https:\/\/www.mobilier-design-occasion.fr\/magazine\/wp-json\/wp\/v2\/tags?post=6918"}],"curies":[{"name":"wp","href":"https:\/\/api.w.org\/{rel}","templated":true}]}}