{"id":6912,"date":"2023-10-23T08:03:57","date_gmt":"2023-10-23T08:03:57","guid":{"rendered":"https:\/\/www.mobilier-design-occasion.fr\/magazine\/?p=6912"},"modified":"2023-10-23T08:03:58","modified_gmt":"2023-10-23T08:03:58","slug":"comment-nettoyer-un-canape-en-cuir","status":"publish","type":"post","link":"https:\/\/www.mobilier-design-occasion.fr\/magazine\/comment-nettoyer-un-canape-en-cuir\/","title":{"rendered":"Comment nettoyer un canap\u00e9 en cuir?"},"content":{"rendered":"\n<p>Le salon ou la pi\u00e8ce \u00e0 vivre est par excellence le lieu le plus convivial de la maison, et il tient essentiellement son caract\u00e8re accueillant d\u2019un meuble comme le canap\u00e9. Si vous l\u2019avez choisi en cuir, ce meuble apportera chaleur, confort et esth\u00e9tique dans votre int\u00e9rieur, mais il faudra encore prendre le soin de l\u2019entretenir avec rigueur. Votre canap\u00e9 peut en effet perdre de son \u00e9clat et de sa superbe au fil du temps. Voici quelques m\u00e9thodes simples pour rem\u00e9dier \u00e0 ce fait.<\/p>\n\n\n\n<h2 class=\"wp-block-heading\"><span class=\"ez-toc-section\" id=\"Utiliser_un_savon_de_Marseille\"><\/span>Utiliser un savon de Marseille<span class=\"ez-toc-section-end\"><\/span><\/h2><div id=\"ez-toc-container\" class=\"ez-toc-v2_0_82_2 counter-hierarchy ez-toc-counter ez-toc-grey ez-toc-container-direction\">\n<div class=\"ez-toc-title-container\">\n<span class=\"ez-toc-title-toggle\"><a href=\"#\" class=\"ez-toc-pull-right ez-toc-btn ez-toc-btn-xs ez-toc-btn-default ez-toc-toggle\" aria-label=\"Toggle Table of Content\"><span class=\"ez-toc-js-icon-con\"><span class=\"\"><span class=\"eztoc-hide\" style=\"display:none;\">Toggle<\/span><span class=\"ez-toc-icon-toggle-span\"><svg style=\"fill: #999;color:#999\" xmlns=\"http:\/\/www.w3.org\/2000\/svg\" class=\"list-377408\" width=\"20px\" height=\"20px\" viewBox=\"0 0 24 24\" fill=\"none\"><path d=\"M6 6H4v2h2V6zm14 0H8v2h12V6zM4 11h2v2H4v-2zm16 0H8v2h12v-2zM4 16h2v2H4v-2zm16 0H8v2h12v-2z\" fill=\"currentColor\"><\/path><\/svg><svg style=\"fill: #999;color:#999\" class=\"arrow-unsorted-368013\" xmlns=\"http:\/\/www.w3.org\/2000\/svg\" width=\"10px\" height=\"10px\" viewBox=\"0 0 24 24\" version=\"1.2\" baseProfile=\"tiny\"><path d=\"M18.2 9.3l-6.2-6.3-6.2 6.3c-.2.2-.3.4-.3.7s.1.5.3.7c.2.2.4.3.7.3h11c.3 0 .5-.1.7-.3.2-.2.3-.5.3-.7s-.1-.5-.3-.7zM5.8 14.7l6.2 6.3 6.2-6.3c.2-.2.3-.5.3-.7s-.1-.5-.3-.7c-.2-.2-.4-.3-.7-.3h-11c-.3 0-.5.1-.7.3-.2.2-.3.5-.3.7s.1.5.3.7z\"\/><\/svg><\/span><\/span><\/span><\/a><\/span><\/div>\n<nav><ul class='ez-toc-list ez-toc-list-level-1 eztoc-toggle-hide-by-default' ><li class='ez-toc-page-1 ez-toc-heading-level-2'><a class=\"ez-toc-link ez-toc-heading-1\" href=\"https:\/\/www.mobilier-design-occasion.fr\/magazine\/comment-nettoyer-un-canape-en-cuir\/#Utiliser_un_savon_de_Marseille\" >Utiliser un savon de Marseille<\/a><\/li><li class='ez-toc-page-1 ez-toc-heading-level-2'><a class=\"ez-toc-link ez-toc-heading-2\" href=\"https:\/\/www.mobilier-design-occasion.fr\/magazine\/comment-nettoyer-un-canape-en-cuir\/#Utiliser_un_baume\" >Utiliser un baume<\/a><\/li><li class='ez-toc-page-1 ez-toc-heading-level-2'><a class=\"ez-toc-link ez-toc-heading-3\" href=\"https:\/\/www.mobilier-design-occasion.fr\/magazine\/comment-nettoyer-un-canape-en-cuir\/#Se_servir_dun_lait_de_beaute\" >Se servir d\u2019un lait de beaut\u00e9<\/a><\/li><li class='ez-toc-page-1 ez-toc-heading-level-2'><a class=\"ez-toc-link ez-toc-heading-4\" href=\"https:\/\/www.mobilier-design-occasion.fr\/magazine\/comment-nettoyer-un-canape-en-cuir\/#Conseils_pour_enlever_les_taches_sur_votre_canape_en_cuir\" >Conseils pour enlever les taches sur votre canap\u00e9 en cuir<\/a><\/li><\/ul><\/nav><\/div>\n\n\n\n\n<p>Laver ou nettoyer votre canap\u00e9 peut \u00eatre une op\u00e9ration bien plus simple que vous ne pourriez le penser. Des produits utilis\u00e9s au quotidien comme le savon de Marseille sont connus pour faire des merveilles dans l\u2019entretien du cuir. Il suffit de quelques gestes simples pour r\u00e9aliser un entretien r\u00e9gulier. Un chiffon doux, un peu d\u2019eau savonneuse, et vous pourrez nettoyer avec d\u00e9licatesse votre meuble.<\/p>\n\n\n\n<ul class=\"wp-block-list\">\n<li>Le conseil le plus important est de veiller \u00e0 \u00e9viter les exc\u00e8s d\u2019eau.<\/li>\n\n\n\n<li>Le chiffon devra simplement \u00eatre l\u00e9g\u00e8rement humidifi\u00e9 pour ne pas cr\u00e9er de taches sur le canap\u00e9. Un chiffon sec vous permettra ensuite de le s\u00e9cher rapidement.<\/li>\n\n\n\n<li>Pour un s\u00e9chage encore plus efficace, vous pouvez penser \u00e0 positionner le canap\u00e9 \u00e0 proximit\u00e9 d\u2019une ouverture, ou encore utiliser un s\u00e8che-cheveux avec beaucoup de pr\u00e9cautions.<\/li>\n<\/ul>\n\n\n\n<p>Dans la pratique, il existe de nombreuses astuces de ce genre pour toutes sortes de besoins de rangements ou d\u2019organisations de votre int\u00e9rieur\u00a0: retrouvez par exemple\u00a0<a href=\"https:\/\/maniaques.fr\/\">d\u2019autres conseils nettoyage sur Maniaques.fr<\/a>.<\/p>\n\n\n\n<figure class=\"wp-block-image size-full\"><img loading=\"lazy\" decoding=\"async\" width=\"848\" height=\"565\" src=\"https:\/\/www.mobilier-design-occasion.fr\/magazine\/wp-content\/uploads\/2023\/10\/ea023b4698c7f3feef77ecb6f8217043.jpeg\" alt=\"\" class=\"wp-image-6913\" srcset=\"https:\/\/www.mobilier-design-occasion.fr\/magazine\/wp-content\/uploads\/2023\/10\/ea023b4698c7f3feef77ecb6f8217043.jpeg 848w, https:\/\/www.mobilier-design-occasion.fr\/magazine\/wp-content\/uploads\/2023\/10\/ea023b4698c7f3feef77ecb6f8217043-300x200.jpeg 300w, https:\/\/www.mobilier-design-occasion.fr\/magazine\/wp-content\/uploads\/2023\/10\/ea023b4698c7f3feef77ecb6f8217043-768x512.jpeg 768w, https:\/\/www.mobilier-design-occasion.fr\/magazine\/wp-content\/uploads\/2023\/10\/ea023b4698c7f3feef77ecb6f8217043-810x540.jpeg 810w\" sizes=\"auto, (max-width: 848px) 100vw, 848px\" \/><\/figure>\n\n\n\n<h2 class=\"wp-block-heading\"><span class=\"ez-toc-section\" id=\"Utiliser_un_baume\"><\/span>Utiliser un baume<span class=\"ez-toc-section-end\"><\/span><\/h2>\n\n\n\n<p>En dehors de produits du quotidien comme le savon de Marseille, il vous est possible de miser sur des produits plus sp\u00e9cifiques pour ce type de besoin. Il existe des baumes et des produits con\u00e7us sp\u00e9cialement pour r\u00e9nover les canap\u00e9s en cuir. Un baume sp\u00e9cial selon la couleur du canap\u00e9 vous permettra de redonner un \u00e9clat d\u2019exception \u00e0 votre meuble sans trop d\u2019efforts. Vous retrouverez des notices \u00e0 suivre tr\u00e8s pr\u00e9cis\u00e9ment sur les emballages de vos articles en r\u00e8gle g\u00e9n\u00e9rale. Les baumes et autres produits de professionnel ont l\u2019avantage de nourrir la mati\u00e8re en profondeur et en surface pour une meilleure durabilit\u00e9. Un bon produit permettra aussi de prot\u00e9ger votre cuir pendant un certain temps contre les salissures.<\/p>\n\n\n\n<h2 class=\"wp-block-heading\"><span class=\"ez-toc-section\" id=\"Se_servir_dun_lait_de_beaute\"><\/span>Se servir d\u2019un lait de beaut\u00e9<span class=\"ez-toc-section-end\"><\/span><\/h2>\n\n\n\n<p>Les laits pour la peau des b\u00e9b\u00e9s ou m\u00eame les laits d\u00e9maquillants sont de mani\u00e8re surprenante une option tout \u00e0 fait envisageable comme produit d\u2019entretien pour votre canap\u00e9 en cuir. Ce type de produit est souvent riche en ingr\u00e9dients choisis pour leur action nettoyante et pour leur richesse en nutriments. Le r\u00f4le qu\u2019ils jouent pour la peau est similaire \u00e0 celui qu\u2019ils auront pour le cuir de votre canap\u00e9 qui reste apr\u00e8s tout une sorte de \u00ab&nbsp;peau&nbsp;\u00bb. Les laits de beaut\u00e9 auront une action tout en douceur. Ils devront \u00eatre appliqu\u00e9s avec des chiffons en toute d\u00e9licatesse. Des gestes circulaires et r\u00e9guliers sur la surface du cuir peuvent lui redonner une brillance surprenante. Il n\u2019est pas n\u00e9cessaire de frotter vigoureusement pour obtenir l\u2019effet souhait\u00e9. L\u2019utilisation d\u2019un lait pour entretenir votre canap\u00e9 en cuir peut se faire 2 fois par an.<\/p>\n\n\n\n<h2 class=\"wp-block-heading\"><span class=\"ez-toc-section\" id=\"Conseils_pour_enlever_les_taches_sur_votre_canape_en_cuir\"><\/span>Conseils pour enlever les taches sur votre canap\u00e9 en cuir<span class=\"ez-toc-section-end\"><\/span><\/h2>\n\n\n\n<p>Le mieux est de toujours proc\u00e9der rapidement lorsqu\u2019une tache appara\u00eet sur votre canap\u00e9. Les taches qui s\u2019incrustent sont toujours plus difficiles \u00e0 supprimer. Un chiffon et un peu d\u2019eau claire suffisent largement pour \u00e9liminer une tache d\u00e8s son apparition. Les produits d\u00e9tachants con\u00e7us pour le cuir ne se r\u00e9v\u00e8lent indispensables que pour les taches incrust\u00e9es ou caus\u00e9es par des produits chimiques par exemple.<\/p>\n","protected":false},"excerpt":{"rendered":"<p>Le salon ou la pi\u00e8ce \u00e0 vivre est par excellence le lieu le plus convivial de la maison, et il tient essentiellement son caract\u00e8re accueillant d\u2019un meuble comme le canap\u00e9. Si vous l\u2019avez choisi en cuir, ce meuble apportera chaleur, confort et esth\u00e9tique dans votre int\u00e9rieur, mais il faudra encore prendre le soin de l\u2019entretenir [&hellip;]<\/p>\n","protected":false},"author":1,"featured_media":6914,"comment_status":"open","ping_status":"open","sticky":false,"template":"","format":"standard","meta":{"footnotes":""},"categories":[122],"tags":[],"class_list":["post-6912","post","type-post","status-publish","format-standard","has-post-thumbnail","hentry","category-salon"],"yoast_head":"<!-- This site is optimized with the Yoast SEO plugin v27.5 - https:\/\/yoast.com\/product\/yoast-seo-wordpress\/ -->\n<title>Comment nettoyer un canap\u00e9 en cuir? - Mobilier Design Magazine<\/title>\n<meta name=\"robots\" content=\"index, follow, max-snippet:-1, max-image-preview:large, max-video-preview:-1\" \/>\n<link rel=\"canonical\" href=\"https:\/\/www.mobilier-design-occasion.fr\/magazine\/comment-nettoyer-un-canape-en-cuir\/\" \/>\n<meta property=\"og:locale\" content=\"fr_FR\" \/>\n<meta property=\"og:type\" content=\"article\" \/>\n<meta property=\"og:title\" content=\"Comment nettoyer un canap\u00e9 en cuir? - Mobilier Design Magazine\" \/>\n<meta property=\"og:description\" content=\"Le salon ou la pi\u00e8ce \u00e0 vivre est par excellence le lieu le plus convivial de la maison, et il tient essentiellement son caract\u00e8re accueillant d\u2019un meuble comme le canap\u00e9. Si vous l\u2019avez choisi en cuir, ce meuble apportera chaleur, confort et esth\u00e9tique dans votre int\u00e9rieur, mais il faudra encore prendre le soin de l\u2019entretenir [&hellip;]\" \/>\n<meta property=\"og:url\" content=\"https:\/\/www.mobilier-design-occasion.fr\/magazine\/comment-nettoyer-un-canape-en-cuir\/\" \/>\n<meta property=\"og:site_name\" content=\"Mobilier Design Magazine\" \/>\n<meta property=\"article:publisher\" content=\"https:\/\/www.facebook.com\/mobilierdesignoccasion\" \/>\n<meta property=\"article:published_time\" content=\"2023-10-23T08:03:57+00:00\" \/>\n<meta property=\"article:modified_time\" content=\"2023-10-23T08:03:58+00:00\" \/>\n<meta property=\"og:image\" content=\"https:\/\/www.mobilier-design-occasion.fr\/magazine\/wp-content\/uploads\/2023\/10\/ea023b4698c7f3feef77ecb6f8217043-1.jpeg\" \/>\n\t<meta property=\"og:image:width\" content=\"848\" \/>\n\t<meta property=\"og:image:height\" content=\"565\" \/>\n\t<meta property=\"og:image:type\" content=\"image\/jpeg\" \/>\n<meta name=\"author\" content=\"Cyrielle Poirot\" \/>\n<meta name=\"twitter:card\" content=\"summary_large_image\" \/>\n<meta name=\"twitter:label1\" content=\"\u00c9crit par\" \/>\n\t<meta name=\"twitter:data1\" content=\"Cyrielle Poirot\" \/>\n\t<meta name=\"twitter:label2\" content=\"Dur\u00e9e de lecture estim\u00e9e\" \/>\n\t<meta name=\"twitter:data2\" content=\"3 minutes\" \/>\n<script type=\"application\/ld+json\" class=\"yoast-schema-graph\">{\"@context\":\"https:\\\/\\\/schema.org\",\"@graph\":[{\"@type\":\"Article\",\"@id\":\"https:\\\/\\\/www.mobilier-design-occasion.fr\\\/magazine\\\/comment-nettoyer-un-canape-en-cuir\\\/#article\",\"isPartOf\":{\"@id\":\"https:\\\/\\\/www.mobilier-design-occasion.fr\\\/magazine\\\/comment-nettoyer-un-canape-en-cuir\\\/\"},\"author\":{\"name\":\"Cyrielle Poirot\",\"@id\":\"https:\\\/\\\/www.mobilier-design-occasion.fr\\\/magazine\\\/#\\\/schema\\\/person\\\/5b2e5627a714ddadaaf8c9b886c55eff\"},\"headline\":\"Comment nettoyer un canap\u00e9 en cuir?\",\"datePublished\":\"2023-10-23T08:03:57+00:00\",\"dateModified\":\"2023-10-23T08:03:58+00:00\",\"mainEntityOfPage\":{\"@id\":\"https:\\\/\\\/www.mobilier-design-occasion.fr\\\/magazine\\\/comment-nettoyer-un-canape-en-cuir\\\/\"},\"wordCount\":664,\"commentCount\":0,\"publisher\":{\"@id\":\"https:\\\/\\\/www.mobilier-design-occasion.fr\\\/magazine\\\/#organization\"},\"image\":{\"@id\":\"https:\\\/\\\/www.mobilier-design-occasion.fr\\\/magazine\\\/comment-nettoyer-un-canape-en-cuir\\\/#primaryimage\"},\"thumbnailUrl\":\"https:\\\/\\\/www.mobilier-design-occasion.fr\\\/magazine\\\/wp-content\\\/uploads\\\/2023\\\/10\\\/ea023b4698c7f3feef77ecb6f8217043-1.jpeg\",\"articleSection\":[\"Salon\"],\"inLanguage\":\"fr-FR\",\"potentialAction\":[{\"@type\":\"CommentAction\",\"name\":\"Comment\",\"target\":[\"https:\\\/\\\/www.mobilier-design-occasion.fr\\\/magazine\\\/comment-nettoyer-un-canape-en-cuir\\\/#respond\"]}]},{\"@type\":\"WebPage\",\"@id\":\"https:\\\/\\\/www.mobilier-design-occasion.fr\\\/magazine\\\/comment-nettoyer-un-canape-en-cuir\\\/\",\"url\":\"https:\\\/\\\/www.mobilier-design-occasion.fr\\\/magazine\\\/comment-nettoyer-un-canape-en-cuir\\\/\",\"name\":\"Comment nettoyer un canap\u00e9 en cuir? - Mobilier Design Magazine\",\"isPartOf\":{\"@id\":\"https:\\\/\\\/www.mobilier-design-occasion.fr\\\/magazine\\\/#website\"},\"primaryImageOfPage\":{\"@id\":\"https:\\\/\\\/www.mobilier-design-occasion.fr\\\/magazine\\\/comment-nettoyer-un-canape-en-cuir\\\/#primaryimage\"},\"image\":{\"@id\":\"https:\\\/\\\/www.mobilier-design-occasion.fr\\\/magazine\\\/comment-nettoyer-un-canape-en-cuir\\\/#primaryimage\"},\"thumbnailUrl\":\"https:\\\/\\\/www.mobilier-design-occasion.fr\\\/magazine\\\/wp-content\\\/uploads\\\/2023\\\/10\\\/ea023b4698c7f3feef77ecb6f8217043-1.jpeg\",\"datePublished\":\"2023-10-23T08:03:57+00:00\",\"dateModified\":\"2023-10-23T08:03:58+00:00\",\"breadcrumb\":{\"@id\":\"https:\\\/\\\/www.mobilier-design-occasion.fr\\\/magazine\\\/comment-nettoyer-un-canape-en-cuir\\\/#breadcrumb\"},\"inLanguage\":\"fr-FR\",\"potentialAction\":[{\"@type\":\"ReadAction\",\"target\":[\"https:\\\/\\\/www.mobilier-design-occasion.fr\\\/magazine\\\/comment-nettoyer-un-canape-en-cuir\\\/\"]}]},{\"@type\":\"ImageObject\",\"inLanguage\":\"fr-FR\",\"@id\":\"https:\\\/\\\/www.mobilier-design-occasion.fr\\\/magazine\\\/comment-nettoyer-un-canape-en-cuir\\\/#primaryimage\",\"url\":\"https:\\\/\\\/www.mobilier-design-occasion.fr\\\/magazine\\\/wp-content\\\/uploads\\\/2023\\\/10\\\/ea023b4698c7f3feef77ecb6f8217043-1.jpeg\",\"contentUrl\":\"https:\\\/\\\/www.mobilier-design-occasion.fr\\\/magazine\\\/wp-content\\\/uploads\\\/2023\\\/10\\\/ea023b4698c7f3feef77ecb6f8217043-1.jpeg\",\"width\":848,\"height\":565,\"caption\":\"Mobilier Design Occasion\"},{\"@type\":\"BreadcrumbList\",\"@id\":\"https:\\\/\\\/www.mobilier-design-occasion.fr\\\/magazine\\\/comment-nettoyer-un-canape-en-cuir\\\/#breadcrumb\",\"itemListElement\":[{\"@type\":\"ListItem\",\"position\":1,\"name\":\"Accueil\",\"item\":\"https:\\\/\\\/www.mobilier-design-occasion.fr\\\/magazine\\\/\"},{\"@type\":\"ListItem\",\"position\":2,\"name\":\"Comment nettoyer un canap\u00e9 en cuir?\"}]},{\"@type\":\"WebSite\",\"@id\":\"https:\\\/\\\/www.mobilier-design-occasion.fr\\\/magazine\\\/#website\",\"url\":\"https:\\\/\\\/www.mobilier-design-occasion.fr\\\/magazine\\\/\",\"name\":\"Mobilier Design Magazine\",\"description\":\"\",\"publisher\":{\"@id\":\"https:\\\/\\\/www.mobilier-design-occasion.fr\\\/magazine\\\/#organization\"},\"potentialAction\":[{\"@type\":\"SearchAction\",\"target\":{\"@type\":\"EntryPoint\",\"urlTemplate\":\"https:\\\/\\\/www.mobilier-design-occasion.fr\\\/magazine\\\/?s={search_term_string}\"},\"query-input\":{\"@type\":\"PropertyValueSpecification\",\"valueRequired\":true,\"valueName\":\"search_term_string\"}}],\"inLanguage\":\"fr-FR\"},{\"@type\":\"Organization\",\"@id\":\"https:\\\/\\\/www.mobilier-design-occasion.fr\\\/magazine\\\/#organization\",\"name\":\"Mobilier Design Magazine\",\"url\":\"https:\\\/\\\/www.mobilier-design-occasion.fr\\\/magazine\\\/\",\"logo\":{\"@type\":\"ImageObject\",\"inLanguage\":\"fr-FR\",\"@id\":\"https:\\\/\\\/www.mobilier-design-occasion.fr\\\/magazine\\\/#\\\/schema\\\/logo\\\/image\\\/\",\"url\":\"https:\\\/\\\/www.mobilier-design-occasion.fr\\\/magazine\\\/wp-content\\\/uploads\\\/2024\\\/02\\\/android-chrome-192x192-1.png\",\"contentUrl\":\"https:\\\/\\\/www.mobilier-design-occasion.fr\\\/magazine\\\/wp-content\\\/uploads\\\/2024\\\/02\\\/android-chrome-192x192-1.png\",\"width\":192,\"height\":192,\"caption\":\"Mobilier Design Magazine\"},\"image\":{\"@id\":\"https:\\\/\\\/www.mobilier-design-occasion.fr\\\/magazine\\\/#\\\/schema\\\/logo\\\/image\\\/\"},\"sameAs\":[\"https:\\\/\\\/www.facebook.com\\\/mobilierdesignoccasion\"]},{\"@type\":\"Person\",\"@id\":\"https:\\\/\\\/www.mobilier-design-occasion.fr\\\/magazine\\\/#\\\/schema\\\/person\\\/5b2e5627a714ddadaaf8c9b886c55eff\",\"name\":\"Cyrielle Poirot\",\"image\":{\"@type\":\"ImageObject\",\"inLanguage\":\"fr-FR\",\"@id\":\"https:\\\/\\\/secure.gravatar.com\\\/avatar\\\/c8d2674e093b06894d8d1dc468b626bd752523471f3ac6e75f7c7a1400d40b4d?s=96&d=mm&r=g\",\"url\":\"https:\\\/\\\/secure.gravatar.com\\\/avatar\\\/c8d2674e093b06894d8d1dc468b626bd752523471f3ac6e75f7c7a1400d40b4d?s=96&d=mm&r=g\",\"contentUrl\":\"https:\\\/\\\/secure.gravatar.com\\\/avatar\\\/c8d2674e093b06894d8d1dc468b626bd752523471f3ac6e75f7c7a1400d40b4d?s=96&d=mm&r=g\",\"caption\":\"Cyrielle Poirot\"},\"description\":\"Cyrielle est passionn\u00e9e par la d\u00e9coration d'int\u00e9rieur et s'est sp\u00e9cialis\u00e9e depuis quelques ann\u00e9es dans l'\u00e9dition du site Mobilier-Design, avec une touche sp\u00e9cifique pour les produits d'occasion.\",\"sameAs\":[\"https:\\\/\\\/www.mobilier-design-occasion.fr\\\/magazine\"],\"url\":\"https:\\\/\\\/www.mobilier-design-occasion.fr\\\/magazine\\\/author\\\/cyrielle\\\/\"}]}<\/script>\n<!-- \/ Yoast SEO plugin. -->","yoast_head_json":{"title":"Comment nettoyer un canap\u00e9 en cuir? - Mobilier Design Magazine","robots":{"index":"index","follow":"follow","max-snippet":"max-snippet:-1","max-image-preview":"max-image-preview:large","max-video-preview":"max-video-preview:-1"},"canonical":"https:\/\/www.mobilier-design-occasion.fr\/magazine\/comment-nettoyer-un-canape-en-cuir\/","og_locale":"fr_FR","og_type":"article","og_title":"Comment nettoyer un canap\u00e9 en cuir? - Mobilier Design Magazine","og_description":"Le salon ou la pi\u00e8ce \u00e0 vivre est par excellence le lieu le plus convivial de la maison, et il tient essentiellement son caract\u00e8re accueillant d\u2019un meuble comme le canap\u00e9. Si vous l\u2019avez choisi en cuir, ce meuble apportera chaleur, confort et esth\u00e9tique dans votre int\u00e9rieur, mais il faudra encore prendre le soin de l\u2019entretenir [&hellip;]","og_url":"https:\/\/www.mobilier-design-occasion.fr\/magazine\/comment-nettoyer-un-canape-en-cuir\/","og_site_name":"Mobilier Design Magazine","article_publisher":"https:\/\/www.facebook.com\/mobilierdesignoccasion","article_published_time":"2023-10-23T08:03:57+00:00","article_modified_time":"2023-10-23T08:03:58+00:00","og_image":[{"width":848,"height":565,"url":"https:\/\/www.mobilier-design-occasion.fr\/magazine\/wp-content\/uploads\/2023\/10\/ea023b4698c7f3feef77ecb6f8217043-1.jpeg","type":"image\/jpeg"}],"author":"Cyrielle Poirot","twitter_card":"summary_large_image","twitter_misc":{"\u00c9crit par":"Cyrielle Poirot","Dur\u00e9e de lecture estim\u00e9e":"3 minutes"},"schema":{"@context":"https:\/\/schema.org","@graph":[{"@type":"Article","@id":"https:\/\/www.mobilier-design-occasion.fr\/magazine\/comment-nettoyer-un-canape-en-cuir\/#article","isPartOf":{"@id":"https:\/\/www.mobilier-design-occasion.fr\/magazine\/comment-nettoyer-un-canape-en-cuir\/"},"author":{"name":"Cyrielle Poirot","@id":"https:\/\/www.mobilier-design-occasion.fr\/magazine\/#\/schema\/person\/5b2e5627a714ddadaaf8c9b886c55eff"},"headline":"Comment nettoyer un canap\u00e9 en cuir?","datePublished":"2023-10-23T08:03:57+00:00","dateModified":"2023-10-23T08:03:58+00:00","mainEntityOfPage":{"@id":"https:\/\/www.mobilier-design-occasion.fr\/magazine\/comment-nettoyer-un-canape-en-cuir\/"},"wordCount":664,"commentCount":0,"publisher":{"@id":"https:\/\/www.mobilier-design-occasion.fr\/magazine\/#organization"},"image":{"@id":"https:\/\/www.mobilier-design-occasion.fr\/magazine\/comment-nettoyer-un-canape-en-cuir\/#primaryimage"},"thumbnailUrl":"https:\/\/www.mobilier-design-occasion.fr\/magazine\/wp-content\/uploads\/2023\/10\/ea023b4698c7f3feef77ecb6f8217043-1.jpeg","articleSection":["Salon"],"inLanguage":"fr-FR","potentialAction":[{"@type":"CommentAction","name":"Comment","target":["https:\/\/www.mobilier-design-occasion.fr\/magazine\/comment-nettoyer-un-canape-en-cuir\/#respond"]}]},{"@type":"WebPage","@id":"https:\/\/www.mobilier-design-occasion.fr\/magazine\/comment-nettoyer-un-canape-en-cuir\/","url":"https:\/\/www.mobilier-design-occasion.fr\/magazine\/comment-nettoyer-un-canape-en-cuir\/","name":"Comment nettoyer un canap\u00e9 en cuir? - Mobilier Design Magazine","isPartOf":{"@id":"https:\/\/www.mobilier-design-occasion.fr\/magazine\/#website"},"primaryImageOfPage":{"@id":"https:\/\/www.mobilier-design-occasion.fr\/magazine\/comment-nettoyer-un-canape-en-cuir\/#primaryimage"},"image":{"@id":"https:\/\/www.mobilier-design-occasion.fr\/magazine\/comment-nettoyer-un-canape-en-cuir\/#primaryimage"},"thumbnailUrl":"https:\/\/www.mobilier-design-occasion.fr\/magazine\/wp-content\/uploads\/2023\/10\/ea023b4698c7f3feef77ecb6f8217043-1.jpeg","datePublished":"2023-10-23T08:03:57+00:00","dateModified":"2023-10-23T08:03:58+00:00","breadcrumb":{"@id":"https:\/\/www.mobilier-design-occasion.fr\/magazine\/comment-nettoyer-un-canape-en-cuir\/#breadcrumb"},"inLanguage":"fr-FR","potentialAction":[{"@type":"ReadAction","target":["https:\/\/www.mobilier-design-occasion.fr\/magazine\/comment-nettoyer-un-canape-en-cuir\/"]}]},{"@type":"ImageObject","inLanguage":"fr-FR","@id":"https:\/\/www.mobilier-design-occasion.fr\/magazine\/comment-nettoyer-un-canape-en-cuir\/#primaryimage","url":"https:\/\/www.mobilier-design-occasion.fr\/magazine\/wp-content\/uploads\/2023\/10\/ea023b4698c7f3feef77ecb6f8217043-1.jpeg","contentUrl":"https:\/\/www.mobilier-design-occasion.fr\/magazine\/wp-content\/uploads\/2023\/10\/ea023b4698c7f3feef77ecb6f8217043-1.jpeg","width":848,"height":565,"caption":"Mobilier Design Occasion"},{"@type":"BreadcrumbList","@id":"https:\/\/www.mobilier-design-occasion.fr\/magazine\/comment-nettoyer-un-canape-en-cuir\/#breadcrumb","itemListElement":[{"@type":"ListItem","position":1,"name":"Accueil","item":"https:\/\/www.mobilier-design-occasion.fr\/magazine\/"},{"@type":"ListItem","position":2,"name":"Comment nettoyer un canap\u00e9 en cuir?"}]},{"@type":"WebSite","@id":"https:\/\/www.mobilier-design-occasion.fr\/magazine\/#website","url":"https:\/\/www.mobilier-design-occasion.fr\/magazine\/","name":"Mobilier Design Magazine","description":"","publisher":{"@id":"https:\/\/www.mobilier-design-occasion.fr\/magazine\/#organization"},"potentialAction":[{"@type":"SearchAction","target":{"@type":"EntryPoint","urlTemplate":"https:\/\/www.mobilier-design-occasion.fr\/magazine\/?s={search_term_string}"},"query-input":{"@type":"PropertyValueSpecification","valueRequired":true,"valueName":"search_term_string"}}],"inLanguage":"fr-FR"},{"@type":"Organization","@id":"https:\/\/www.mobilier-design-occasion.fr\/magazine\/#organization","name":"Mobilier Design Magazine","url":"https:\/\/www.mobilier-design-occasion.fr\/magazine\/","logo":{"@type":"ImageObject","inLanguage":"fr-FR","@id":"https:\/\/www.mobilier-design-occasion.fr\/magazine\/#\/schema\/logo\/image\/","url":"https:\/\/www.mobilier-design-occasion.fr\/magazine\/wp-content\/uploads\/2024\/02\/android-chrome-192x192-1.png","contentUrl":"https:\/\/www.mobilier-design-occasion.fr\/magazine\/wp-content\/uploads\/2024\/02\/android-chrome-192x192-1.png","width":192,"height":192,"caption":"Mobilier Design Magazine"},"image":{"@id":"https:\/\/www.mobilier-design-occasion.fr\/magazine\/#\/schema\/logo\/image\/"},"sameAs":["https:\/\/www.facebook.com\/mobilierdesignoccasion"]},{"@type":"Person","@id":"https:\/\/www.mobilier-design-occasion.fr\/magazine\/#\/schema\/person\/5b2e5627a714ddadaaf8c9b886c55eff","name":"Cyrielle Poirot","image":{"@type":"ImageObject","inLanguage":"fr-FR","@id":"https:\/\/secure.gravatar.com\/avatar\/c8d2674e093b06894d8d1dc468b626bd752523471f3ac6e75f7c7a1400d40b4d?s=96&d=mm&r=g","url":"https:\/\/secure.gravatar.com\/avatar\/c8d2674e093b06894d8d1dc468b626bd752523471f3ac6e75f7c7a1400d40b4d?s=96&d=mm&r=g","contentUrl":"https:\/\/secure.gravatar.com\/avatar\/c8d2674e093b06894d8d1dc468b626bd752523471f3ac6e75f7c7a1400d40b4d?s=96&d=mm&r=g","caption":"Cyrielle Poirot"},"description":"Cyrielle est passionn\u00e9e par la d\u00e9coration d'int\u00e9rieur et s'est sp\u00e9cialis\u00e9e depuis quelques ann\u00e9es dans l'\u00e9dition du site Mobilier-Design, avec une touche sp\u00e9cifique pour les produits d'occasion.","sameAs":["https:\/\/www.mobilier-design-occasion.fr\/magazine"],"url":"https:\/\/www.mobilier-design-occasion.fr\/magazine\/author\/cyrielle\/"}]}},"_links":{"self":[{"href":"https:\/\/www.mobilier-design-occasion.fr\/magazine\/wp-json\/wp\/v2\/posts\/6912","targetHints":{"allow":["GET"]}}],"collection":[{"href":"https:\/\/www.mobilier-design-occasion.fr\/magazine\/wp-json\/wp\/v2\/posts"}],"about":[{"href":"https:\/\/www.mobilier-design-occasion.fr\/magazine\/wp-json\/wp\/v2\/types\/post"}],"author":[{"embeddable":true,"href":"https:\/\/www.mobilier-design-occasion.fr\/magazine\/wp-json\/wp\/v2\/users\/1"}],"replies":[{"embeddable":true,"href":"https:\/\/www.mobilier-design-occasion.fr\/magazine\/wp-json\/wp\/v2\/comments?post=6912"}],"version-history":[{"count":1,"href":"https:\/\/www.mobilier-design-occasion.fr\/magazine\/wp-json\/wp\/v2\/posts\/6912\/revisions"}],"predecessor-version":[{"id":6915,"href":"https:\/\/www.mobilier-design-occasion.fr\/magazine\/wp-json\/wp\/v2\/posts\/6912\/revisions\/6915"}],"wp:featuredmedia":[{"embeddable":true,"href":"https:\/\/www.mobilier-design-occasion.fr\/magazine\/wp-json\/wp\/v2\/media\/6914"}],"wp:attachment":[{"href":"https:\/\/www.mobilier-design-occasion.fr\/magazine\/wp-json\/wp\/v2\/media?parent=6912"}],"wp:term":[{"taxonomy":"category","embeddable":true,"href":"https:\/\/www.mobilier-design-occasion.fr\/magazine\/wp-json\/wp\/v2\/categories?post=6912"},{"taxonomy":"post_tag","embeddable":true,"href":"https:\/\/www.mobilier-design-occasion.fr\/magazine\/wp-json\/wp\/v2\/tags?post=6912"}],"curies":[{"name":"wp","href":"https:\/\/api.w.org\/{rel}","templated":true}]}}