{"id":6864,"date":"2023-10-12T10:12:06","date_gmt":"2023-10-12T10:12:06","guid":{"rendered":"https:\/\/www.mobilier-design-occasion.fr\/magazine\/?p=6864"},"modified":"2023-10-12T10:12:37","modified_gmt":"2023-10-12T10:12:37","slug":"fauteuil-bouclette-pour-enfant-lindispensable-de-la-deco-en-2024","status":"publish","type":"post","link":"https:\/\/www.mobilier-design-occasion.fr\/magazine\/fauteuil-bouclette-pour-enfant-lindispensable-de-la-deco-en-2024\/","title":{"rendered":"Fauteuil bouclette pour enfant: l&#8217;indispensable de la d\u00e9co en 2024!"},"content":{"rendered":"\n<p>Les petits espaces m\u00e9ritent aussi de grandes id\u00e9es d\u00e9co! Quand il s&#8217;agit d&#8217;am\u00e9nager la chambre de nos bambins, chaque d\u00e9tail compte. <\/p>\n\n\n\n<p>Parmi les favoris des parents et des enfants, nous retrouvons <a href=\"https:\/\/www.lelitcabane.fr\/products\/cream-white-bear-beanbag?_pos=4&amp;_sid=43644126e&amp;_ss=r\">le fauteuil bouclette pour enfant<\/a>. Alliant confort, esth\u00e9tique et douceur, cette pi\u00e8ce se r\u00e9v\u00e8le \u00eatre bien plus qu&#8217;un simple si\u00e8ge. <\/p>\n\n\n\n<p>Dans cet article, nous r\u00e9pondons aux 5 questions principales que vous vous posez concernant le fauteuil bouclette pour enfants.<\/p>\n\n\n\n<h2 class=\"wp-block-heading\"><span class=\"ez-toc-section\" id=\"Quest-ce_quun_fauteuil_bouclette_pour_enfant\"><\/span><strong>Qu&#8217;est-ce qu&#8217;un fauteuil bouclette pour enfant?<\/strong><span class=\"ez-toc-section-end\"><\/span><\/h2><div id=\"ez-toc-container\" class=\"ez-toc-v2_0_82_2 counter-hierarchy ez-toc-counter ez-toc-grey ez-toc-container-direction\">\n<div class=\"ez-toc-title-container\">\n<span class=\"ez-toc-title-toggle\"><a href=\"#\" class=\"ez-toc-pull-right ez-toc-btn ez-toc-btn-xs ez-toc-btn-default ez-toc-toggle\" aria-label=\"Toggle Table of Content\"><span class=\"ez-toc-js-icon-con\"><span class=\"\"><span class=\"eztoc-hide\" style=\"display:none;\">Toggle<\/span><span class=\"ez-toc-icon-toggle-span\"><svg style=\"fill: #999;color:#999\" xmlns=\"http:\/\/www.w3.org\/2000\/svg\" class=\"list-377408\" width=\"20px\" height=\"20px\" viewBox=\"0 0 24 24\" fill=\"none\"><path d=\"M6 6H4v2h2V6zm14 0H8v2h12V6zM4 11h2v2H4v-2zm16 0H8v2h12v-2zM4 16h2v2H4v-2zm16 0H8v2h12v-2z\" fill=\"currentColor\"><\/path><\/svg><svg style=\"fill: #999;color:#999\" class=\"arrow-unsorted-368013\" xmlns=\"http:\/\/www.w3.org\/2000\/svg\" width=\"10px\" height=\"10px\" viewBox=\"0 0 24 24\" version=\"1.2\" baseProfile=\"tiny\"><path d=\"M18.2 9.3l-6.2-6.3-6.2 6.3c-.2.2-.3.4-.3.7s.1.5.3.7c.2.2.4.3.7.3h11c.3 0 .5-.1.7-.3.2-.2.3-.5.3-.7s-.1-.5-.3-.7zM5.8 14.7l6.2 6.3 6.2-6.3c.2-.2.3-.5.3-.7s-.1-.5-.3-.7c-.2-.2-.4-.3-.7-.3h-11c-.3 0-.5.1-.7.3-.2.2-.3.5-.3.7s.1.5.3.7z\"\/><\/svg><\/span><\/span><\/span><\/a><\/span><\/div>\n<nav><ul class='ez-toc-list ez-toc-list-level-1 eztoc-toggle-hide-by-default' ><li class='ez-toc-page-1 ez-toc-heading-level-2'><a class=\"ez-toc-link ez-toc-heading-1\" href=\"https:\/\/www.mobilier-design-occasion.fr\/magazine\/fauteuil-bouclette-pour-enfant-lindispensable-de-la-deco-en-2024\/#Quest-ce_quun_fauteuil_bouclette_pour_enfant\" >Qu&#8217;est-ce qu&#8217;un fauteuil bouclette pour enfant?<\/a><\/li><li class='ez-toc-page-1 ez-toc-heading-level-2'><a class=\"ez-toc-link ez-toc-heading-2\" href=\"https:\/\/www.mobilier-design-occasion.fr\/magazine\/fauteuil-bouclette-pour-enfant-lindispensable-de-la-deco-en-2024\/#Pourquoi_opter_pour_un_fauteuil_bouclette_dans_la_chambre_de_son_enfant\" >Pourquoi opter pour un fauteuil bouclette dans la chambre de son enfant?<\/a><\/li><li class='ez-toc-page-1 ez-toc-heading-level-2'><a class=\"ez-toc-link ez-toc-heading-3\" href=\"https:\/\/www.mobilier-design-occasion.fr\/magazine\/fauteuil-bouclette-pour-enfant-lindispensable-de-la-deco-en-2024\/#Comment_assurer_lentretien_du_fauteuil_bouclette_pour_enfant\" >Comment assurer l&#8217;entretien du fauteuil bouclette pour enfant?<\/a><\/li><li class='ez-toc-page-1 ez-toc-heading-level-2'><a class=\"ez-toc-link ez-toc-heading-4\" href=\"https:\/\/www.mobilier-design-occasion.fr\/magazine\/fauteuil-bouclette-pour-enfant-lindispensable-de-la-deco-en-2024\/#Ou_mettre_le_fauteuil_bouclette_pour_une_deco_harmonieuse\" >O\u00f9 mettre le fauteuil bouclette pour une d\u00e9co harmonieuse?<\/a><\/li><li class='ez-toc-page-1 ez-toc-heading-level-2'><a class=\"ez-toc-link ez-toc-heading-5\" href=\"https:\/\/www.mobilier-design-occasion.fr\/magazine\/fauteuil-bouclette-pour-enfant-lindispensable-de-la-deco-en-2024\/#Quelle_est_la_fourchette_de_prix_pour_un_fauteuil_bouclette_pour_enfant\" >Quelle est la fourchette de prix pour un fauteuil bouclette pour enfant?<\/a><\/li><\/ul><\/nav><\/div>\n\n\n\n\n<figure class=\"wp-block-image size-large\"><a href=\"https:\/\/www.lelitcabane.fr\/products\/cream-white-bear-beanbag?_pos=4&amp;_sid=43644126e&amp;_ss=r\"><img loading=\"lazy\" decoding=\"async\" width=\"1024\" height=\"1024\" src=\"https:\/\/www.mobilier-design-occasion.fr\/magazine\/wp-content\/uploads\/2023\/10\/Busy-board-3-1024x1024.png\" alt=\"\" class=\"wp-image-6865\" srcset=\"https:\/\/www.mobilier-design-occasion.fr\/magazine\/wp-content\/uploads\/2023\/10\/Busy-board-3-1024x1024.png 1024w, https:\/\/www.mobilier-design-occasion.fr\/magazine\/wp-content\/uploads\/2023\/10\/Busy-board-3-300x300.png 300w, https:\/\/www.mobilier-design-occasion.fr\/magazine\/wp-content\/uploads\/2023\/10\/Busy-board-3-150x150.png 150w, https:\/\/www.mobilier-design-occasion.fr\/magazine\/wp-content\/uploads\/2023\/10\/Busy-board-3-768x768.png 768w, https:\/\/www.mobilier-design-occasion.fr\/magazine\/wp-content\/uploads\/2023\/10\/Busy-board-3-810x810.png 810w, https:\/\/www.mobilier-design-occasion.fr\/magazine\/wp-content\/uploads\/2023\/10\/Busy-board-3.png 1080w\" sizes=\"auto, (max-width: 1024px) 100vw, 1024px\" \/><\/a><figcaption class=\"wp-element-caption\">Fauteuil bouclette ourson chez LeLitCabane.fr<\/figcaption><\/figure>\n\n\n\n<p>Tout comme son homologue pour adultes, le fauteuil bouclette pour enfant est caract\u00e9ris\u00e9 par son rev\u00eatement doux et boucl\u00e9. Con\u00e7u pour les petites tailles, il offre aux enfants un espace douillet o\u00f9 ils peuvent lire, r\u00eaver ou jouer. Les boucles du tissu ajoutent une dimension tactile que les enfants adorent.<\/p>\n\n\n\n<h2 class=\"wp-block-heading\"><span class=\"ez-toc-section\" id=\"Pourquoi_opter_pour_un_fauteuil_bouclette_dans_la_chambre_de_son_enfant\"><\/span><strong>Pourquoi opter pour un fauteuil bouclette dans la chambre de son enfant?<\/strong><span class=\"ez-toc-section-end\"><\/span><\/h2>\n\n\n\n<figure class=\"wp-block-image size-large\"><img loading=\"lazy\" decoding=\"async\" width=\"1024\" height=\"1024\" src=\"https:\/\/www.mobilier-design-occasion.fr\/magazine\/wp-content\/uploads\/2023\/10\/Busy-board-4-1024x1024.png\" alt=\"\" class=\"wp-image-6866\" srcset=\"https:\/\/www.mobilier-design-occasion.fr\/magazine\/wp-content\/uploads\/2023\/10\/Busy-board-4-1024x1024.png 1024w, https:\/\/www.mobilier-design-occasion.fr\/magazine\/wp-content\/uploads\/2023\/10\/Busy-board-4-300x300.png 300w, https:\/\/www.mobilier-design-occasion.fr\/magazine\/wp-content\/uploads\/2023\/10\/Busy-board-4-150x150.png 150w, https:\/\/www.mobilier-design-occasion.fr\/magazine\/wp-content\/uploads\/2023\/10\/Busy-board-4-768x768.png 768w, https:\/\/www.mobilier-design-occasion.fr\/magazine\/wp-content\/uploads\/2023\/10\/Busy-board-4-810x810.png 810w, https:\/\/www.mobilier-design-occasion.fr\/magazine\/wp-content\/uploads\/2023\/10\/Busy-board-4.png 1080w\" sizes=\"auto, (max-width: 1024px) 100vw, 1024px\" \/><\/figure>\n\n\n\n<ul class=\"wp-block-list\">\n<li><strong>Sensation de cocon<\/strong>: Sa texture moelleuse offre une sensation de chaleur et de s\u00e9curit\u00e9.<\/li>\n\n\n\n<li><strong>D\u00e9veloppement sensoriel<\/strong>: Le toucher boucl\u00e9 stimule la curiosit\u00e9 tactile des enfants.<\/li>\n\n\n\n<li><strong>Polyvalence<\/strong>: Au-del\u00e0 du confort, il est un \u00e9l\u00e9ment d\u00e9co \u00e0 part enti\u00e8re, apportant une touche chic et tendance \u00e0 l&#8217;espace des petits.<\/li>\n<\/ul>\n\n\n\n<h2 class=\"wp-block-heading\"><span class=\"ez-toc-section\" id=\"Comment_assurer_lentretien_du_fauteuil_bouclette_pour_enfant\"><\/span><strong>Comment assurer l&#8217;entretien du fauteuil bouclette pour enfant?<\/strong><span class=\"ez-toc-section-end\"><\/span><\/h2>\n\n\n\n<p>Les enfants \u00e9tant plus susceptibles de renverser ou de salir<a href=\"https:\/\/www.lelitcabane.fr\/search?type=product,page,article,collection&amp;q=fauteuil%20bouclette*\"> leur fauteuil<\/a>, voici quelques conseils pratiques :<\/p>\n\n\n\n<ul class=\"wp-block-list\">\n<li><strong>Aspiration douce<\/strong>: Pour \u00e9liminer les miettes ou la poussi\u00e8re.<\/li>\n\n\n\n<li><strong>Nettoyage des taches<\/strong>: Un chiffon humide avec un peu de savon doux est souvent suffisant. Pensez \u00e0 tester sur une petite surface discr\u00e8te avant de nettoyer une plus grande zone.<\/li>\n\n\n\n<li><strong>Lavage \u00e0 la main<\/strong>: Si le rev\u00eatement est amovible, un lavage \u00e0 la main \u00e0 l&#8217;eau froide peut \u00eatre envisag\u00e9. V\u00e9rifiez toujours les instructions d&#8217;entretien du fabricant.<\/li>\n<\/ul>\n\n\n\n<h2 class=\"wp-block-heading\"><span class=\"ez-toc-section\" id=\"Ou_mettre_le_fauteuil_bouclette_pour_une_deco_harmonieuse\"><\/span><strong>O\u00f9 mettre le fauteuil bouclette pour une d\u00e9co harmonieuse?<\/strong><span class=\"ez-toc-section-end\"><\/span><\/h2>\n\n\n\n<figure class=\"wp-block-image size-full\"><a href=\"https:\/\/www.lelitcabane.fr\/products\/maple-beanbag-chair?_pos=2&amp;_sid=43644126e&amp;_ss=r\"><img loading=\"lazy\" decoding=\"async\" width=\"835\" height=\"856\" src=\"https:\/\/www.mobilier-design-occasion.fr\/magazine\/wp-content\/uploads\/2023\/10\/Capture-decran-2023-10-12-121114.jpg\" alt=\"\" class=\"wp-image-6867\" srcset=\"https:\/\/www.mobilier-design-occasion.fr\/magazine\/wp-content\/uploads\/2023\/10\/Capture-decran-2023-10-12-121114.jpg 835w, https:\/\/www.mobilier-design-occasion.fr\/magazine\/wp-content\/uploads\/2023\/10\/Capture-decran-2023-10-12-121114-293x300.jpg 293w, https:\/\/www.mobilier-design-occasion.fr\/magazine\/wp-content\/uploads\/2023\/10\/Capture-decran-2023-10-12-121114-768x787.jpg 768w, https:\/\/www.mobilier-design-occasion.fr\/magazine\/wp-content\/uploads\/2023\/10\/Capture-decran-2023-10-12-121114-810x830.jpg 810w\" sizes=\"auto, (max-width: 835px) 100vw, 835px\" \/><\/a><\/figure>\n\n\n\n<ul class=\"wp-block-list\">\n<li><strong>Coin lecture<\/strong>: Cr\u00e9ez un espace d\u00e9di\u00e9 \u00e0 la lecture avec quelques coussins, une petite biblioth\u00e8que et le fauteuil bouclette au centre.<\/li>\n\n\n\n<li><strong>Pr\u00e8s de la fen\u00eatre<\/strong>: Pour que votre enfant puisse r\u00eaver tout en observant le monde ext\u00e9rieur.<\/li>\n\n\n\n<li><strong>Zone de jeu<\/strong>: Comme un \u00e9l\u00e9ment central autour duquel les jouets peuvent \u00eatre dispos\u00e9s.<\/li>\n<\/ul>\n\n\n\n<h2 class=\"wp-block-heading\"><span class=\"ez-toc-section\" id=\"Quelle_est_la_fourchette_de_prix_pour_un_fauteuil_bouclette_pour_enfant\"><\/span><strong>Quelle est la fourchette de prix pour un fauteuil bouclette pour enfant?<\/strong><span class=\"ez-toc-section-end\"><\/span><\/h2>\n\n\n\n<p>Les prix varient en fonction de la taille, des mat\u00e9riaux et du design. Vous pouvez trouver des options abordables \u00e0 partir de 50 euros et des mod\u00e8les haut de gamme ou design pouvant atteindre plusieurs centaines d&#8217;euros. Assurez-vous de choisir un mod\u00e8le qui allie durabilit\u00e9 et confort.<\/p>\n\n\n\n<p>Le fauteuil bouclette pour enfant n&#8217;est pas qu&#8217;un simple meuble, c&#8217;est un investissement dans le confort et le bien-\u00eatre de votre enfant. Que ce soit pour lire, jouer ou simplement se d\u00e9tendre, cette pi\u00e8ce deviendra rapidement leur coin pr\u00e9f\u00e9r\u00e9. Et en tant que parent, rien n&#8217;est plus satisfaisant que de voir son enfant \u00e9voluer dans un espace qui lui est d\u00e9di\u00e9 et con\u00e7u avec amour.<\/p>\n","protected":false},"excerpt":{"rendered":"<p>Les petits espaces m\u00e9ritent aussi de grandes id\u00e9es d\u00e9co! Quand il s&#8217;agit d&#8217;am\u00e9nager la chambre de nos bambins, chaque d\u00e9tail compte. Parmi les favoris des parents et des enfants, nous retrouvons le fauteuil bouclette pour enfant. Alliant confort, esth\u00e9tique et douceur, cette pi\u00e8ce se r\u00e9v\u00e8le \u00eatre bien plus qu&#8217;un simple si\u00e8ge. Dans cet article, nous [&hellip;]<\/p>\n","protected":false},"author":1,"featured_media":6867,"comment_status":"open","ping_status":"open","sticky":false,"template":"","format":"standard","meta":{"footnotes":""},"categories":[2],"tags":[],"class_list":["post-6864","post","type-post","status-publish","format-standard","has-post-thumbnail","hentry","category-tendances"],"yoast_head":"<!-- This site is optimized with the Yoast SEO plugin v27.5 - https:\/\/yoast.com\/product\/yoast-seo-wordpress\/ -->\n<title>Fauteuil bouclette pour enfant: l&#039;indispensable de la d\u00e9co en 2024! - Mobilier Design Magazine<\/title>\n<meta name=\"robots\" content=\"index, follow, max-snippet:-1, max-image-preview:large, max-video-preview:-1\" \/>\n<link rel=\"canonical\" href=\"https:\/\/www.mobilier-design-occasion.fr\/magazine\/fauteuil-bouclette-pour-enfant-lindispensable-de-la-deco-en-2024\/\" \/>\n<meta property=\"og:locale\" content=\"fr_FR\" \/>\n<meta property=\"og:type\" content=\"article\" \/>\n<meta property=\"og:title\" content=\"Fauteuil bouclette pour enfant: l&#039;indispensable de la d\u00e9co en 2024! - Mobilier Design Magazine\" \/>\n<meta property=\"og:description\" content=\"Les petits espaces m\u00e9ritent aussi de grandes id\u00e9es d\u00e9co! Quand il s&#8217;agit d&#8217;am\u00e9nager la chambre de nos bambins, chaque d\u00e9tail compte. Parmi les favoris des parents et des enfants, nous retrouvons le fauteuil bouclette pour enfant. Alliant confort, esth\u00e9tique et douceur, cette pi\u00e8ce se r\u00e9v\u00e8le \u00eatre bien plus qu&#8217;un simple si\u00e8ge. Dans cet article, nous [&hellip;]\" \/>\n<meta property=\"og:url\" content=\"https:\/\/www.mobilier-design-occasion.fr\/magazine\/fauteuil-bouclette-pour-enfant-lindispensable-de-la-deco-en-2024\/\" \/>\n<meta property=\"og:site_name\" content=\"Mobilier Design Magazine\" \/>\n<meta property=\"article:publisher\" content=\"https:\/\/www.facebook.com\/mobilierdesignoccasion\" \/>\n<meta property=\"article:published_time\" content=\"2023-10-12T10:12:06+00:00\" \/>\n<meta property=\"article:modified_time\" content=\"2023-10-12T10:12:37+00:00\" \/>\n<meta property=\"og:image\" content=\"https:\/\/www.mobilier-design-occasion.fr\/magazine\/wp-content\/uploads\/2023\/10\/Capture-decran-2023-10-12-121114.jpg\" \/>\n\t<meta property=\"og:image:width\" content=\"835\" \/>\n\t<meta property=\"og:image:height\" content=\"856\" \/>\n\t<meta property=\"og:image:type\" content=\"image\/jpeg\" \/>\n<meta name=\"author\" content=\"Cyrielle Poirot\" \/>\n<meta name=\"twitter:card\" content=\"summary_large_image\" \/>\n<meta name=\"twitter:label1\" content=\"\u00c9crit par\" \/>\n\t<meta name=\"twitter:data1\" content=\"Cyrielle Poirot\" \/>\n\t<meta name=\"twitter:label2\" content=\"Dur\u00e9e de lecture estim\u00e9e\" \/>\n\t<meta name=\"twitter:data2\" content=\"2 minutes\" \/>\n<script type=\"application\/ld+json\" class=\"yoast-schema-graph\">{\"@context\":\"https:\\\/\\\/schema.org\",\"@graph\":[{\"@type\":\"Article\",\"@id\":\"https:\\\/\\\/www.mobilier-design-occasion.fr\\\/magazine\\\/fauteuil-bouclette-pour-enfant-lindispensable-de-la-deco-en-2024\\\/#article\",\"isPartOf\":{\"@id\":\"https:\\\/\\\/www.mobilier-design-occasion.fr\\\/magazine\\\/fauteuil-bouclette-pour-enfant-lindispensable-de-la-deco-en-2024\\\/\"},\"author\":{\"name\":\"Cyrielle Poirot\",\"@id\":\"https:\\\/\\\/www.mobilier-design-occasion.fr\\\/magazine\\\/#\\\/schema\\\/person\\\/5b2e5627a714ddadaaf8c9b886c55eff\"},\"headline\":\"Fauteuil bouclette pour enfant: l&#8217;indispensable de la d\u00e9co en 2024!\",\"datePublished\":\"2023-10-12T10:12:06+00:00\",\"dateModified\":\"2023-10-12T10:12:37+00:00\",\"mainEntityOfPage\":{\"@id\":\"https:\\\/\\\/www.mobilier-design-occasion.fr\\\/magazine\\\/fauteuil-bouclette-pour-enfant-lindispensable-de-la-deco-en-2024\\\/\"},\"wordCount\":524,\"commentCount\":0,\"publisher\":{\"@id\":\"https:\\\/\\\/www.mobilier-design-occasion.fr\\\/magazine\\\/#organization\"},\"image\":{\"@id\":\"https:\\\/\\\/www.mobilier-design-occasion.fr\\\/magazine\\\/fauteuil-bouclette-pour-enfant-lindispensable-de-la-deco-en-2024\\\/#primaryimage\"},\"thumbnailUrl\":\"https:\\\/\\\/www.mobilier-design-occasion.fr\\\/magazine\\\/wp-content\\\/uploads\\\/2023\\\/10\\\/Capture-decran-2023-10-12-121114.jpg\",\"articleSection\":[\"Tendances\"],\"inLanguage\":\"fr-FR\",\"potentialAction\":[{\"@type\":\"CommentAction\",\"name\":\"Comment\",\"target\":[\"https:\\\/\\\/www.mobilier-design-occasion.fr\\\/magazine\\\/fauteuil-bouclette-pour-enfant-lindispensable-de-la-deco-en-2024\\\/#respond\"]}]},{\"@type\":\"WebPage\",\"@id\":\"https:\\\/\\\/www.mobilier-design-occasion.fr\\\/magazine\\\/fauteuil-bouclette-pour-enfant-lindispensable-de-la-deco-en-2024\\\/\",\"url\":\"https:\\\/\\\/www.mobilier-design-occasion.fr\\\/magazine\\\/fauteuil-bouclette-pour-enfant-lindispensable-de-la-deco-en-2024\\\/\",\"name\":\"Fauteuil bouclette pour enfant: l'indispensable de la d\u00e9co en 2024! - Mobilier Design Magazine\",\"isPartOf\":{\"@id\":\"https:\\\/\\\/www.mobilier-design-occasion.fr\\\/magazine\\\/#website\"},\"primaryImageOfPage\":{\"@id\":\"https:\\\/\\\/www.mobilier-design-occasion.fr\\\/magazine\\\/fauteuil-bouclette-pour-enfant-lindispensable-de-la-deco-en-2024\\\/#primaryimage\"},\"image\":{\"@id\":\"https:\\\/\\\/www.mobilier-design-occasion.fr\\\/magazine\\\/fauteuil-bouclette-pour-enfant-lindispensable-de-la-deco-en-2024\\\/#primaryimage\"},\"thumbnailUrl\":\"https:\\\/\\\/www.mobilier-design-occasion.fr\\\/magazine\\\/wp-content\\\/uploads\\\/2023\\\/10\\\/Capture-decran-2023-10-12-121114.jpg\",\"datePublished\":\"2023-10-12T10:12:06+00:00\",\"dateModified\":\"2023-10-12T10:12:37+00:00\",\"breadcrumb\":{\"@id\":\"https:\\\/\\\/www.mobilier-design-occasion.fr\\\/magazine\\\/fauteuil-bouclette-pour-enfant-lindispensable-de-la-deco-en-2024\\\/#breadcrumb\"},\"inLanguage\":\"fr-FR\",\"potentialAction\":[{\"@type\":\"ReadAction\",\"target\":[\"https:\\\/\\\/www.mobilier-design-occasion.fr\\\/magazine\\\/fauteuil-bouclette-pour-enfant-lindispensable-de-la-deco-en-2024\\\/\"]}]},{\"@type\":\"ImageObject\",\"inLanguage\":\"fr-FR\",\"@id\":\"https:\\\/\\\/www.mobilier-design-occasion.fr\\\/magazine\\\/fauteuil-bouclette-pour-enfant-lindispensable-de-la-deco-en-2024\\\/#primaryimage\",\"url\":\"https:\\\/\\\/www.mobilier-design-occasion.fr\\\/magazine\\\/wp-content\\\/uploads\\\/2023\\\/10\\\/Capture-decran-2023-10-12-121114.jpg\",\"contentUrl\":\"https:\\\/\\\/www.mobilier-design-occasion.fr\\\/magazine\\\/wp-content\\\/uploads\\\/2023\\\/10\\\/Capture-decran-2023-10-12-121114.jpg\",\"width\":835,\"height\":856},{\"@type\":\"BreadcrumbList\",\"@id\":\"https:\\\/\\\/www.mobilier-design-occasion.fr\\\/magazine\\\/fauteuil-bouclette-pour-enfant-lindispensable-de-la-deco-en-2024\\\/#breadcrumb\",\"itemListElement\":[{\"@type\":\"ListItem\",\"position\":1,\"name\":\"Accueil\",\"item\":\"https:\\\/\\\/www.mobilier-design-occasion.fr\\\/magazine\\\/\"},{\"@type\":\"ListItem\",\"position\":2,\"name\":\"Fauteuil bouclette pour enfant: l&rsquo;indispensable de la d\u00e9co en 2024!\"}]},{\"@type\":\"WebSite\",\"@id\":\"https:\\\/\\\/www.mobilier-design-occasion.fr\\\/magazine\\\/#website\",\"url\":\"https:\\\/\\\/www.mobilier-design-occasion.fr\\\/magazine\\\/\",\"name\":\"Mobilier Design Magazine\",\"description\":\"\",\"publisher\":{\"@id\":\"https:\\\/\\\/www.mobilier-design-occasion.fr\\\/magazine\\\/#organization\"},\"potentialAction\":[{\"@type\":\"SearchAction\",\"target\":{\"@type\":\"EntryPoint\",\"urlTemplate\":\"https:\\\/\\\/www.mobilier-design-occasion.fr\\\/magazine\\\/?s={search_term_string}\"},\"query-input\":{\"@type\":\"PropertyValueSpecification\",\"valueRequired\":true,\"valueName\":\"search_term_string\"}}],\"inLanguage\":\"fr-FR\"},{\"@type\":\"Organization\",\"@id\":\"https:\\\/\\\/www.mobilier-design-occasion.fr\\\/magazine\\\/#organization\",\"name\":\"Mobilier Design Magazine\",\"url\":\"https:\\\/\\\/www.mobilier-design-occasion.fr\\\/magazine\\\/\",\"logo\":{\"@type\":\"ImageObject\",\"inLanguage\":\"fr-FR\",\"@id\":\"https:\\\/\\\/www.mobilier-design-occasion.fr\\\/magazine\\\/#\\\/schema\\\/logo\\\/image\\\/\",\"url\":\"https:\\\/\\\/www.mobilier-design-occasion.fr\\\/magazine\\\/wp-content\\\/uploads\\\/2024\\\/02\\\/android-chrome-192x192-1.png\",\"contentUrl\":\"https:\\\/\\\/www.mobilier-design-occasion.fr\\\/magazine\\\/wp-content\\\/uploads\\\/2024\\\/02\\\/android-chrome-192x192-1.png\",\"width\":192,\"height\":192,\"caption\":\"Mobilier Design Magazine\"},\"image\":{\"@id\":\"https:\\\/\\\/www.mobilier-design-occasion.fr\\\/magazine\\\/#\\\/schema\\\/logo\\\/image\\\/\"},\"sameAs\":[\"https:\\\/\\\/www.facebook.com\\\/mobilierdesignoccasion\"]},{\"@type\":\"Person\",\"@id\":\"https:\\\/\\\/www.mobilier-design-occasion.fr\\\/magazine\\\/#\\\/schema\\\/person\\\/5b2e5627a714ddadaaf8c9b886c55eff\",\"name\":\"Cyrielle Poirot\",\"image\":{\"@type\":\"ImageObject\",\"inLanguage\":\"fr-FR\",\"@id\":\"https:\\\/\\\/secure.gravatar.com\\\/avatar\\\/c8d2674e093b06894d8d1dc468b626bd752523471f3ac6e75f7c7a1400d40b4d?s=96&d=mm&r=g\",\"url\":\"https:\\\/\\\/secure.gravatar.com\\\/avatar\\\/c8d2674e093b06894d8d1dc468b626bd752523471f3ac6e75f7c7a1400d40b4d?s=96&d=mm&r=g\",\"contentUrl\":\"https:\\\/\\\/secure.gravatar.com\\\/avatar\\\/c8d2674e093b06894d8d1dc468b626bd752523471f3ac6e75f7c7a1400d40b4d?s=96&d=mm&r=g\",\"caption\":\"Cyrielle Poirot\"},\"description\":\"Cyrielle est passionn\u00e9e par la d\u00e9coration d'int\u00e9rieur et s'est sp\u00e9cialis\u00e9e depuis quelques ann\u00e9es dans l'\u00e9dition du site Mobilier-Design, avec une touche sp\u00e9cifique pour les produits d'occasion.\",\"sameAs\":[\"https:\\\/\\\/www.mobilier-design-occasion.fr\\\/magazine\"],\"url\":\"https:\\\/\\\/www.mobilier-design-occasion.fr\\\/magazine\\\/author\\\/cyrielle\\\/\"}]}<\/script>\n<!-- \/ Yoast SEO plugin. -->","yoast_head_json":{"title":"Fauteuil bouclette pour enfant: l'indispensable de la d\u00e9co en 2024! - Mobilier Design Magazine","robots":{"index":"index","follow":"follow","max-snippet":"max-snippet:-1","max-image-preview":"max-image-preview:large","max-video-preview":"max-video-preview:-1"},"canonical":"https:\/\/www.mobilier-design-occasion.fr\/magazine\/fauteuil-bouclette-pour-enfant-lindispensable-de-la-deco-en-2024\/","og_locale":"fr_FR","og_type":"article","og_title":"Fauteuil bouclette pour enfant: l'indispensable de la d\u00e9co en 2024! - Mobilier Design Magazine","og_description":"Les petits espaces m\u00e9ritent aussi de grandes id\u00e9es d\u00e9co! Quand il s&#8217;agit d&#8217;am\u00e9nager la chambre de nos bambins, chaque d\u00e9tail compte. Parmi les favoris des parents et des enfants, nous retrouvons le fauteuil bouclette pour enfant. Alliant confort, esth\u00e9tique et douceur, cette pi\u00e8ce se r\u00e9v\u00e8le \u00eatre bien plus qu&#8217;un simple si\u00e8ge. Dans cet article, nous [&hellip;]","og_url":"https:\/\/www.mobilier-design-occasion.fr\/magazine\/fauteuil-bouclette-pour-enfant-lindispensable-de-la-deco-en-2024\/","og_site_name":"Mobilier Design Magazine","article_publisher":"https:\/\/www.facebook.com\/mobilierdesignoccasion","article_published_time":"2023-10-12T10:12:06+00:00","article_modified_time":"2023-10-12T10:12:37+00:00","og_image":[{"width":835,"height":856,"url":"https:\/\/www.mobilier-design-occasion.fr\/magazine\/wp-content\/uploads\/2023\/10\/Capture-decran-2023-10-12-121114.jpg","type":"image\/jpeg"}],"author":"Cyrielle Poirot","twitter_card":"summary_large_image","twitter_misc":{"\u00c9crit par":"Cyrielle Poirot","Dur\u00e9e de lecture estim\u00e9e":"2 minutes"},"schema":{"@context":"https:\/\/schema.org","@graph":[{"@type":"Article","@id":"https:\/\/www.mobilier-design-occasion.fr\/magazine\/fauteuil-bouclette-pour-enfant-lindispensable-de-la-deco-en-2024\/#article","isPartOf":{"@id":"https:\/\/www.mobilier-design-occasion.fr\/magazine\/fauteuil-bouclette-pour-enfant-lindispensable-de-la-deco-en-2024\/"},"author":{"name":"Cyrielle Poirot","@id":"https:\/\/www.mobilier-design-occasion.fr\/magazine\/#\/schema\/person\/5b2e5627a714ddadaaf8c9b886c55eff"},"headline":"Fauteuil bouclette pour enfant: l&#8217;indispensable de la d\u00e9co en 2024!","datePublished":"2023-10-12T10:12:06+00:00","dateModified":"2023-10-12T10:12:37+00:00","mainEntityOfPage":{"@id":"https:\/\/www.mobilier-design-occasion.fr\/magazine\/fauteuil-bouclette-pour-enfant-lindispensable-de-la-deco-en-2024\/"},"wordCount":524,"commentCount":0,"publisher":{"@id":"https:\/\/www.mobilier-design-occasion.fr\/magazine\/#organization"},"image":{"@id":"https:\/\/www.mobilier-design-occasion.fr\/magazine\/fauteuil-bouclette-pour-enfant-lindispensable-de-la-deco-en-2024\/#primaryimage"},"thumbnailUrl":"https:\/\/www.mobilier-design-occasion.fr\/magazine\/wp-content\/uploads\/2023\/10\/Capture-decran-2023-10-12-121114.jpg","articleSection":["Tendances"],"inLanguage":"fr-FR","potentialAction":[{"@type":"CommentAction","name":"Comment","target":["https:\/\/www.mobilier-design-occasion.fr\/magazine\/fauteuil-bouclette-pour-enfant-lindispensable-de-la-deco-en-2024\/#respond"]}]},{"@type":"WebPage","@id":"https:\/\/www.mobilier-design-occasion.fr\/magazine\/fauteuil-bouclette-pour-enfant-lindispensable-de-la-deco-en-2024\/","url":"https:\/\/www.mobilier-design-occasion.fr\/magazine\/fauteuil-bouclette-pour-enfant-lindispensable-de-la-deco-en-2024\/","name":"Fauteuil bouclette pour enfant: l'indispensable de la d\u00e9co en 2024! - Mobilier Design Magazine","isPartOf":{"@id":"https:\/\/www.mobilier-design-occasion.fr\/magazine\/#website"},"primaryImageOfPage":{"@id":"https:\/\/www.mobilier-design-occasion.fr\/magazine\/fauteuil-bouclette-pour-enfant-lindispensable-de-la-deco-en-2024\/#primaryimage"},"image":{"@id":"https:\/\/www.mobilier-design-occasion.fr\/magazine\/fauteuil-bouclette-pour-enfant-lindispensable-de-la-deco-en-2024\/#primaryimage"},"thumbnailUrl":"https:\/\/www.mobilier-design-occasion.fr\/magazine\/wp-content\/uploads\/2023\/10\/Capture-decran-2023-10-12-121114.jpg","datePublished":"2023-10-12T10:12:06+00:00","dateModified":"2023-10-12T10:12:37+00:00","breadcrumb":{"@id":"https:\/\/www.mobilier-design-occasion.fr\/magazine\/fauteuil-bouclette-pour-enfant-lindispensable-de-la-deco-en-2024\/#breadcrumb"},"inLanguage":"fr-FR","potentialAction":[{"@type":"ReadAction","target":["https:\/\/www.mobilier-design-occasion.fr\/magazine\/fauteuil-bouclette-pour-enfant-lindispensable-de-la-deco-en-2024\/"]}]},{"@type":"ImageObject","inLanguage":"fr-FR","@id":"https:\/\/www.mobilier-design-occasion.fr\/magazine\/fauteuil-bouclette-pour-enfant-lindispensable-de-la-deco-en-2024\/#primaryimage","url":"https:\/\/www.mobilier-design-occasion.fr\/magazine\/wp-content\/uploads\/2023\/10\/Capture-decran-2023-10-12-121114.jpg","contentUrl":"https:\/\/www.mobilier-design-occasion.fr\/magazine\/wp-content\/uploads\/2023\/10\/Capture-decran-2023-10-12-121114.jpg","width":835,"height":856},{"@type":"BreadcrumbList","@id":"https:\/\/www.mobilier-design-occasion.fr\/magazine\/fauteuil-bouclette-pour-enfant-lindispensable-de-la-deco-en-2024\/#breadcrumb","itemListElement":[{"@type":"ListItem","position":1,"name":"Accueil","item":"https:\/\/www.mobilier-design-occasion.fr\/magazine\/"},{"@type":"ListItem","position":2,"name":"Fauteuil bouclette pour enfant: l&rsquo;indispensable de la d\u00e9co en 2024!"}]},{"@type":"WebSite","@id":"https:\/\/www.mobilier-design-occasion.fr\/magazine\/#website","url":"https:\/\/www.mobilier-design-occasion.fr\/magazine\/","name":"Mobilier Design Magazine","description":"","publisher":{"@id":"https:\/\/www.mobilier-design-occasion.fr\/magazine\/#organization"},"potentialAction":[{"@type":"SearchAction","target":{"@type":"EntryPoint","urlTemplate":"https:\/\/www.mobilier-design-occasion.fr\/magazine\/?s={search_term_string}"},"query-input":{"@type":"PropertyValueSpecification","valueRequired":true,"valueName":"search_term_string"}}],"inLanguage":"fr-FR"},{"@type":"Organization","@id":"https:\/\/www.mobilier-design-occasion.fr\/magazine\/#organization","name":"Mobilier Design Magazine","url":"https:\/\/www.mobilier-design-occasion.fr\/magazine\/","logo":{"@type":"ImageObject","inLanguage":"fr-FR","@id":"https:\/\/www.mobilier-design-occasion.fr\/magazine\/#\/schema\/logo\/image\/","url":"https:\/\/www.mobilier-design-occasion.fr\/magazine\/wp-content\/uploads\/2024\/02\/android-chrome-192x192-1.png","contentUrl":"https:\/\/www.mobilier-design-occasion.fr\/magazine\/wp-content\/uploads\/2024\/02\/android-chrome-192x192-1.png","width":192,"height":192,"caption":"Mobilier Design Magazine"},"image":{"@id":"https:\/\/www.mobilier-design-occasion.fr\/magazine\/#\/schema\/logo\/image\/"},"sameAs":["https:\/\/www.facebook.com\/mobilierdesignoccasion"]},{"@type":"Person","@id":"https:\/\/www.mobilier-design-occasion.fr\/magazine\/#\/schema\/person\/5b2e5627a714ddadaaf8c9b886c55eff","name":"Cyrielle Poirot","image":{"@type":"ImageObject","inLanguage":"fr-FR","@id":"https:\/\/secure.gravatar.com\/avatar\/c8d2674e093b06894d8d1dc468b626bd752523471f3ac6e75f7c7a1400d40b4d?s=96&d=mm&r=g","url":"https:\/\/secure.gravatar.com\/avatar\/c8d2674e093b06894d8d1dc468b626bd752523471f3ac6e75f7c7a1400d40b4d?s=96&d=mm&r=g","contentUrl":"https:\/\/secure.gravatar.com\/avatar\/c8d2674e093b06894d8d1dc468b626bd752523471f3ac6e75f7c7a1400d40b4d?s=96&d=mm&r=g","caption":"Cyrielle Poirot"},"description":"Cyrielle est passionn\u00e9e par la d\u00e9coration d'int\u00e9rieur et s'est sp\u00e9cialis\u00e9e depuis quelques ann\u00e9es dans l'\u00e9dition du site Mobilier-Design, avec une touche sp\u00e9cifique pour les produits d'occasion.","sameAs":["https:\/\/www.mobilier-design-occasion.fr\/magazine"],"url":"https:\/\/www.mobilier-design-occasion.fr\/magazine\/author\/cyrielle\/"}]}},"_links":{"self":[{"href":"https:\/\/www.mobilier-design-occasion.fr\/magazine\/wp-json\/wp\/v2\/posts\/6864","targetHints":{"allow":["GET"]}}],"collection":[{"href":"https:\/\/www.mobilier-design-occasion.fr\/magazine\/wp-json\/wp\/v2\/posts"}],"about":[{"href":"https:\/\/www.mobilier-design-occasion.fr\/magazine\/wp-json\/wp\/v2\/types\/post"}],"author":[{"embeddable":true,"href":"https:\/\/www.mobilier-design-occasion.fr\/magazine\/wp-json\/wp\/v2\/users\/1"}],"replies":[{"embeddable":true,"href":"https:\/\/www.mobilier-design-occasion.fr\/magazine\/wp-json\/wp\/v2\/comments?post=6864"}],"version-history":[{"count":2,"href":"https:\/\/www.mobilier-design-occasion.fr\/magazine\/wp-json\/wp\/v2\/posts\/6864\/revisions"}],"predecessor-version":[{"id":6869,"href":"https:\/\/www.mobilier-design-occasion.fr\/magazine\/wp-json\/wp\/v2\/posts\/6864\/revisions\/6869"}],"wp:featuredmedia":[{"embeddable":true,"href":"https:\/\/www.mobilier-design-occasion.fr\/magazine\/wp-json\/wp\/v2\/media\/6867"}],"wp:attachment":[{"href":"https:\/\/www.mobilier-design-occasion.fr\/magazine\/wp-json\/wp\/v2\/media?parent=6864"}],"wp:term":[{"taxonomy":"category","embeddable":true,"href":"https:\/\/www.mobilier-design-occasion.fr\/magazine\/wp-json\/wp\/v2\/categories?post=6864"},{"taxonomy":"post_tag","embeddable":true,"href":"https:\/\/www.mobilier-design-occasion.fr\/magazine\/wp-json\/wp\/v2\/tags?post=6864"}],"curies":[{"name":"wp","href":"https:\/\/api.w.org\/{rel}","templated":true}]}}