{"id":6859,"date":"2023-10-12T10:06:04","date_gmt":"2023-10-12T10:06:04","guid":{"rendered":"https:\/\/www.mobilier-design-occasion.fr\/magazine\/?p=6859"},"modified":"2023-10-12T10:06:05","modified_gmt":"2023-10-12T10:06:05","slug":"fauteuil-bouclette-tout-ce-que-vous-devez-savoir","status":"publish","type":"post","link":"https:\/\/www.mobilier-design-occasion.fr\/magazine\/fauteuil-bouclette-tout-ce-que-vous-devez-savoir\/","title":{"rendered":"Fauteuil bouclette: tout ce que vous devez savoir!"},"content":{"rendered":"\n<p>Avec la mont\u00e9e de la tendance du design chaleureux et cosy, le fauteuil bouclette a su trouver sa place parmi <a href=\"https:\/\/www.lelitcabane.fr\/products\/fauteuil-poire-blanc-cra-me?_pos=3&amp;_sid=43644126e&amp;_ss=r\">les must-haves des amoureux de d\u00e9coration int\u00e9rieure<\/a>. Cette pi\u00e8ce unique non seulement magnifie l&#8217;espace mais apporte \u00e9galement une touche d&#8217;\u00e9motion \u00e0 votre maison. <\/p>\n\n\n\n<p>Dans cet article, nous r\u00e9pondons aux 5 questions les plus fr\u00e9quemment pos\u00e9es sur le fauteuil bouclette, pour vous guider dans votre choix et pour satisfaire votre curiosit\u00e9.<\/p>\n\n\n\n<h2 class=\"wp-block-heading\"><span class=\"ez-toc-section\" id=\"Quest-ce_quun_fauteuil_bouclette\"><\/span><strong>Qu&#8217;est-ce qu&#8217;un fauteuil bouclette?<\/strong><span class=\"ez-toc-section-end\"><\/span><\/h2><div id=\"ez-toc-container\" class=\"ez-toc-v2_0_82_2 counter-hierarchy ez-toc-counter ez-toc-grey ez-toc-container-direction\">\n<div class=\"ez-toc-title-container\">\n<span class=\"ez-toc-title-toggle\"><a href=\"#\" class=\"ez-toc-pull-right ez-toc-btn ez-toc-btn-xs ez-toc-btn-default ez-toc-toggle\" aria-label=\"Toggle Table of Content\"><span class=\"ez-toc-js-icon-con\"><span class=\"\"><span class=\"eztoc-hide\" style=\"display:none;\">Toggle<\/span><span class=\"ez-toc-icon-toggle-span\"><svg style=\"fill: #999;color:#999\" xmlns=\"http:\/\/www.w3.org\/2000\/svg\" class=\"list-377408\" width=\"20px\" height=\"20px\" viewBox=\"0 0 24 24\" fill=\"none\"><path d=\"M6 6H4v2h2V6zm14 0H8v2h12V6zM4 11h2v2H4v-2zm16 0H8v2h12v-2zM4 16h2v2H4v-2zm16 0H8v2h12v-2z\" fill=\"currentColor\"><\/path><\/svg><svg style=\"fill: #999;color:#999\" class=\"arrow-unsorted-368013\" xmlns=\"http:\/\/www.w3.org\/2000\/svg\" width=\"10px\" height=\"10px\" viewBox=\"0 0 24 24\" version=\"1.2\" baseProfile=\"tiny\"><path d=\"M18.2 9.3l-6.2-6.3-6.2 6.3c-.2.2-.3.4-.3.7s.1.5.3.7c.2.2.4.3.7.3h11c.3 0 .5-.1.7-.3.2-.2.3-.5.3-.7s-.1-.5-.3-.7zM5.8 14.7l6.2 6.3 6.2-6.3c.2-.2.3-.5.3-.7s-.1-.5-.3-.7c-.2-.2-.4-.3-.7-.3h-11c-.3 0-.5.1-.7.3-.2.2-.3.5-.3.7s.1.5.3.7z\"\/><\/svg><\/span><\/span><\/span><\/a><\/span><\/div>\n<nav><ul class='ez-toc-list ez-toc-list-level-1 eztoc-toggle-hide-by-default' ><li class='ez-toc-page-1 ez-toc-heading-level-2'><a class=\"ez-toc-link ez-toc-heading-1\" href=\"https:\/\/www.mobilier-design-occasion.fr\/magazine\/fauteuil-bouclette-tout-ce-que-vous-devez-savoir\/#Quest-ce_quun_fauteuil_bouclette\" >Qu&#8217;est-ce qu&#8217;un fauteuil bouclette?<\/a><\/li><li class='ez-toc-page-1 ez-toc-heading-level-2'><a class=\"ez-toc-link ez-toc-heading-2\" href=\"https:\/\/www.mobilier-design-occasion.fr\/magazine\/fauteuil-bouclette-tout-ce-que-vous-devez-savoir\/#Pourquoi_choisir_un_fauteuil_bouclette_pour_sa_decoration\" >Pourquoi choisir un fauteuil bouclette pour sa d\u00e9coration?<\/a><\/li><li class='ez-toc-page-1 ez-toc-heading-level-2'><a class=\"ez-toc-link ez-toc-heading-3\" href=\"https:\/\/www.mobilier-design-occasion.fr\/magazine\/fauteuil-bouclette-tout-ce-que-vous-devez-savoir\/#Comment_entretenir_et_nettoyer_un_fauteuil_bouclette\" >Comment entretenir et nettoyer un fauteuil bouclette?<\/a><\/li><li class='ez-toc-page-1 ez-toc-heading-level-2'><a class=\"ez-toc-link ez-toc-heading-4\" href=\"https:\/\/www.mobilier-design-occasion.fr\/magazine\/fauteuil-bouclette-tout-ce-que-vous-devez-savoir\/#Ou_placer_son_fauteuil_bouclette\" >O\u00f9 placer son fauteuil bouclette?<\/a><\/li><li class='ez-toc-page-1 ez-toc-heading-level-2'><a class=\"ez-toc-link ez-toc-heading-5\" href=\"https:\/\/www.mobilier-design-occasion.fr\/magazine\/fauteuil-bouclette-tout-ce-que-vous-devez-savoir\/#Combien_coute_un_fauteuil_bouclette\" >Combien co\u00fbte un fauteuil bouclette?<\/a><\/li><\/ul><\/nav><\/div>\n\n\n\n\n<figure class=\"wp-block-image size-full\"><a href=\"https:\/\/www.lelitcabane.fr\/products\/fauteuil-poire-blanc-cra-me?_pos=3&amp;_sid=43644126e&amp;_ss=r\"><img loading=\"lazy\" decoding=\"async\" width=\"825\" height=\"780\" src=\"https:\/\/www.mobilier-design-occasion.fr\/magazine\/wp-content\/uploads\/2023\/10\/Capture-decran-2023-10-12-120419.jpg\" alt=\"\" class=\"wp-image-6860\" srcset=\"https:\/\/www.mobilier-design-occasion.fr\/magazine\/wp-content\/uploads\/2023\/10\/Capture-decran-2023-10-12-120419.jpg 825w, https:\/\/www.mobilier-design-occasion.fr\/magazine\/wp-content\/uploads\/2023\/10\/Capture-decran-2023-10-12-120419-300x284.jpg 300w, https:\/\/www.mobilier-design-occasion.fr\/magazine\/wp-content\/uploads\/2023\/10\/Capture-decran-2023-10-12-120419-768x726.jpg 768w, https:\/\/www.mobilier-design-occasion.fr\/magazine\/wp-content\/uploads\/2023\/10\/Capture-decran-2023-10-12-120419-810x766.jpg 810w\" sizes=\"auto, (max-width: 825px) 100vw, 825px\" \/><\/a><\/figure>\n\n\n\n<p>Le fauteuil bouclette est caract\u00e9ris\u00e9 par son rev\u00eatement doux et boucl\u00e9, souvent fabriqu\u00e9 \u00e0 partir de laine ou de tissus synth\u00e9tiques imitant cette texture. La bouclette, avec ses boucles serr\u00e9es, offre un <a href=\"https:\/\/www.lelitcabane.fr\/products\/fauteuil-poire-blanc-cra-me?_pos=3&amp;_sid=43644126e&amp;_ss=r\">toucher moelleux<\/a> et une esth\u00e9tique r\u00e9confortante, rappelant les douces couvertures et les v\u00eatements chauds d&#8217;hiver.<\/p>\n\n\n\n<h2 class=\"wp-block-heading\"><span class=\"ez-toc-section\" id=\"Pourquoi_choisir_un_fauteuil_bouclette_pour_sa_decoration\"><\/span><strong>Pourquoi choisir un fauteuil bouclette pour sa d\u00e9coration?<\/strong><span class=\"ez-toc-section-end\"><\/span><\/h2>\n\n\n\n<ul class=\"wp-block-list\">\n<li><strong>Aspect esth\u00e9tique<\/strong>: Son design unique et textur\u00e9 est un v\u00e9ritable accrocheur dans n&#8217;importe quelle pi\u00e8ce, introduisant une touche de luxe sans effort.<\/li>\n\n\n\n<li><strong>Confort incomparable<\/strong>: Au-del\u00e0 de son esth\u00e9tique, son toucher doux et son assise moelleuse en font un lieu de pr\u00e9dilection pour se d\u00e9tendre apr\u00e8s une longue journ\u00e9e.<\/li>\n\n\n\n<li><strong>Versatilit\u00e9<\/strong>: Disponible dans diverses formes, tailles et couleurs, il s&#8217;adapte \u00e0 diff\u00e9rents styles d&#8217;int\u00e9rieur, que vous optiez pour une ambiance boh\u00e8me, scandinave ou contemporaine.<\/li>\n<\/ul>\n\n\n\n<h2 class=\"wp-block-heading\"><span class=\"ez-toc-section\" id=\"Comment_entretenir_et_nettoyer_un_fauteuil_bouclette\"><\/span><strong>Comment entretenir et nettoyer un fauteuil bouclette?<\/strong><span class=\"ez-toc-section-end\"><\/span><\/h2>\n\n\n\n<p>L&#8217;entretien du fauteuil bouclette est essentiel pour conserver son aspect douillet. Voici quelques \u00e9tapes \u00e0 suivre :<\/p>\n\n\n\n<ul class=\"wp-block-list\">\n<li><strong>Aspiration r\u00e9guli\u00e8re<\/strong>: Utilisez un aspirateur avec un embout doux pour retirer la poussi\u00e8re et les petites particules.<\/li>\n\n\n\n<li><strong>Nettoyage \u00e0 sec<\/strong>: En cas de tache, utilisez un chiffon doux imbib\u00e9 d&#8217;une solution adapt\u00e9e et tamponnez d\u00e9licatement la zone affect\u00e9e. \u00c9vitez de frotter pour ne pas ab\u00eemer la texture.<\/li>\n\n\n\n<li><strong>\u00c9vitez l&#8217;exposition directe au soleil<\/strong>: Cela pourrait d\u00e9colorer et d\u00e9grader le tissu bouclette.<\/li>\n<\/ul>\n\n\n\n<h2 class=\"wp-block-heading\"><span class=\"ez-toc-section\" id=\"Ou_placer_son_fauteuil_bouclette\"><\/span><strong>O\u00f9 placer son fauteuil bouclette?<\/strong><span class=\"ez-toc-section-end\"><\/span><\/h2>\n\n\n\n<figure class=\"wp-block-image size-full\"><a href=\"https:\/\/www.lelitcabane.fr\/products\/cream-white-cloud-chair?_pos=1&amp;_sid=43644126e&amp;_ss=r\"><img loading=\"lazy\" decoding=\"async\" width=\"827\" height=\"860\" src=\"https:\/\/www.mobilier-design-occasion.fr\/magazine\/wp-content\/uploads\/2023\/10\/Capture-decran-2023-10-12-120440.jpg\" alt=\"\" class=\"wp-image-6861\" srcset=\"https:\/\/www.mobilier-design-occasion.fr\/magazine\/wp-content\/uploads\/2023\/10\/Capture-decran-2023-10-12-120440.jpg 827w, https:\/\/www.mobilier-design-occasion.fr\/magazine\/wp-content\/uploads\/2023\/10\/Capture-decran-2023-10-12-120440-288x300.jpg 288w, https:\/\/www.mobilier-design-occasion.fr\/magazine\/wp-content\/uploads\/2023\/10\/Capture-decran-2023-10-12-120440-768x799.jpg 768w, https:\/\/www.mobilier-design-occasion.fr\/magazine\/wp-content\/uploads\/2023\/10\/Capture-decran-2023-10-12-120440-810x842.jpg 810w\" sizes=\"auto, (max-width: 827px) 100vw, 827px\" \/><\/a><\/figure>\n\n\n\n<p>Le fauteuil bouclette est une pi\u00e8ce polyvalente. Voici quelques suggestions :<\/p>\n\n\n\n<ul class=\"wp-block-list\">\n<li><strong>Salon<\/strong>: Pr\u00e8s d&#8217;une chemin\u00e9e ou \u00e0 c\u00f4t\u00e9 d&#8217;une biblioth\u00e8que pour cr\u00e9er un coin lecture cosy.<\/li>\n\n\n\n<li><strong>Chambre<\/strong>: Comme si\u00e8ge d&#8217;appoint ou pour remplacer une chaise traditionnelle, apportant douceur et texture \u00e0 l&#8217;espace.<\/li>\n\n\n\n<li><strong>Bureau<\/strong>: Pour un espace de travail plus d\u00e9tendu et inspirant.<\/li>\n<\/ul>\n\n\n\n<h2 class=\"wp-block-heading\"><span class=\"ez-toc-section\" id=\"Combien_coute_un_fauteuil_bouclette\"><\/span><strong>Combien co\u00fbte un fauteuil bouclette?<\/strong><span class=\"ez-toc-section-end\"><\/span><\/h2>\n\n\n\n<p><a href=\"https:\/\/www.lelitcabane.fr\/products\/cream-white-cloud-chair?_pos=1&amp;_sid=43644126e&amp;_ss=r\">Le prix d&#8217;un fauteuil bouclette<\/a> varie en fonction de sa taille, des mat\u00e9riaux utilis\u00e9s et de la marque. Vous pouvez trouver des mod\u00e8les abordables \u00e0 partir de quelques centaines d&#8217;euros jusqu&#8217;\u00e0 des pi\u00e8ces de designers pouvant co\u00fbter plusieurs milliers. Comme toujours, \u00e9valuez votre budget et la qualit\u00e9 souhait\u00e9e avant de prendre une d\u00e9cision.<\/p>\n\n\n\n<p>Le fauteuil bouclette est plus qu&#8217;un simple si\u00e8ge. Il est l&#8217;incarnation de la douceur, du confort et de la chaleur dans votre espace de vie. Il apporte une touche \u00e9motionnelle, transformant chaque pi\u00e8ce en un havre de paix. Si vous cherchez \u00e0 ajouter une touche de raffinement et de chaleur \u00e0 votre int\u00e9rieur, le fauteuil bouclette pourrait bien \u00eatre votre prochain coup de c\u0153ur d\u00e9co.<\/p>\n","protected":false},"excerpt":{"rendered":"<p>Avec la mont\u00e9e de la tendance du design chaleureux et cosy, le fauteuil bouclette a su trouver sa place parmi les must-haves des amoureux de d\u00e9coration int\u00e9rieure. Cette pi\u00e8ce unique non seulement magnifie l&#8217;espace mais apporte \u00e9galement une touche d&#8217;\u00e9motion \u00e0 votre maison. Dans cet article, nous r\u00e9pondons aux 5 questions les plus fr\u00e9quemment pos\u00e9es [&hellip;]<\/p>\n","protected":false},"author":1,"featured_media":0,"comment_status":"open","ping_status":"open","sticky":false,"template":"","format":"standard","meta":{"footnotes":""},"categories":[2],"tags":[],"class_list":["post-6859","post","type-post","status-publish","format-standard","hentry","category-tendances"],"yoast_head":"<!-- This site is optimized with the Yoast SEO plugin v27.5 - https:\/\/yoast.com\/product\/yoast-seo-wordpress\/ -->\n<title>Fauteuil bouclette: tout ce que vous devez savoir! - Mobilier Design Magazine<\/title>\n<meta name=\"robots\" content=\"index, follow, max-snippet:-1, max-image-preview:large, max-video-preview:-1\" \/>\n<link rel=\"canonical\" href=\"https:\/\/www.mobilier-design-occasion.fr\/magazine\/fauteuil-bouclette-tout-ce-que-vous-devez-savoir\/\" \/>\n<meta property=\"og:locale\" content=\"fr_FR\" \/>\n<meta property=\"og:type\" content=\"article\" \/>\n<meta property=\"og:title\" content=\"Fauteuil bouclette: tout ce que vous devez savoir! - Mobilier Design Magazine\" \/>\n<meta property=\"og:description\" content=\"Avec la mont\u00e9e de la tendance du design chaleureux et cosy, le fauteuil bouclette a su trouver sa place parmi les must-haves des amoureux de d\u00e9coration int\u00e9rieure. Cette pi\u00e8ce unique non seulement magnifie l&#8217;espace mais apporte \u00e9galement une touche d&#8217;\u00e9motion \u00e0 votre maison. Dans cet article, nous r\u00e9pondons aux 5 questions les plus fr\u00e9quemment pos\u00e9es [&hellip;]\" \/>\n<meta property=\"og:url\" content=\"https:\/\/www.mobilier-design-occasion.fr\/magazine\/fauteuil-bouclette-tout-ce-que-vous-devez-savoir\/\" \/>\n<meta property=\"og:site_name\" content=\"Mobilier Design Magazine\" \/>\n<meta property=\"article:publisher\" content=\"https:\/\/www.facebook.com\/mobilierdesignoccasion\" \/>\n<meta property=\"article:published_time\" content=\"2023-10-12T10:06:04+00:00\" \/>\n<meta property=\"article:modified_time\" content=\"2023-10-12T10:06:05+00:00\" \/>\n<meta property=\"og:image\" content=\"https:\/\/www.mobilier-design-occasion.fr\/magazine\/wp-content\/uploads\/2023\/10\/Capture-decran-2023-10-12-120419.jpg\" \/>\n<meta name=\"author\" content=\"Cyrielle Poirot\" \/>\n<meta name=\"twitter:card\" content=\"summary_large_image\" \/>\n<meta name=\"twitter:label1\" content=\"\u00c9crit par\" \/>\n\t<meta name=\"twitter:data1\" content=\"Cyrielle Poirot\" \/>\n\t<meta name=\"twitter:label2\" content=\"Dur\u00e9e de lecture estim\u00e9e\" \/>\n\t<meta name=\"twitter:data2\" content=\"3 minutes\" \/>\n<script type=\"application\/ld+json\" class=\"yoast-schema-graph\">{\"@context\":\"https:\\\/\\\/schema.org\",\"@graph\":[{\"@type\":\"Article\",\"@id\":\"https:\\\/\\\/www.mobilier-design-occasion.fr\\\/magazine\\\/fauteuil-bouclette-tout-ce-que-vous-devez-savoir\\\/#article\",\"isPartOf\":{\"@id\":\"https:\\\/\\\/www.mobilier-design-occasion.fr\\\/magazine\\\/fauteuil-bouclette-tout-ce-que-vous-devez-savoir\\\/\"},\"author\":{\"name\":\"Cyrielle Poirot\",\"@id\":\"https:\\\/\\\/www.mobilier-design-occasion.fr\\\/magazine\\\/#\\\/schema\\\/person\\\/5b2e5627a714ddadaaf8c9b886c55eff\"},\"headline\":\"Fauteuil bouclette: tout ce que vous devez savoir!\",\"datePublished\":\"2023-10-12T10:06:04+00:00\",\"dateModified\":\"2023-10-12T10:06:05+00:00\",\"mainEntityOfPage\":{\"@id\":\"https:\\\/\\\/www.mobilier-design-occasion.fr\\\/magazine\\\/fauteuil-bouclette-tout-ce-que-vous-devez-savoir\\\/\"},\"wordCount\":535,\"commentCount\":0,\"publisher\":{\"@id\":\"https:\\\/\\\/www.mobilier-design-occasion.fr\\\/magazine\\\/#organization\"},\"image\":{\"@id\":\"https:\\\/\\\/www.mobilier-design-occasion.fr\\\/magazine\\\/fauteuil-bouclette-tout-ce-que-vous-devez-savoir\\\/#primaryimage\"},\"thumbnailUrl\":\"https:\\\/\\\/www.mobilier-design-occasion.fr\\\/magazine\\\/wp-content\\\/uploads\\\/2023\\\/10\\\/Capture-decran-2023-10-12-120419.jpg\",\"articleSection\":[\"Tendances\"],\"inLanguage\":\"fr-FR\",\"potentialAction\":[{\"@type\":\"CommentAction\",\"name\":\"Comment\",\"target\":[\"https:\\\/\\\/www.mobilier-design-occasion.fr\\\/magazine\\\/fauteuil-bouclette-tout-ce-que-vous-devez-savoir\\\/#respond\"]}]},{\"@type\":\"WebPage\",\"@id\":\"https:\\\/\\\/www.mobilier-design-occasion.fr\\\/magazine\\\/fauteuil-bouclette-tout-ce-que-vous-devez-savoir\\\/\",\"url\":\"https:\\\/\\\/www.mobilier-design-occasion.fr\\\/magazine\\\/fauteuil-bouclette-tout-ce-que-vous-devez-savoir\\\/\",\"name\":\"Fauteuil bouclette: tout ce que vous devez savoir! - Mobilier Design Magazine\",\"isPartOf\":{\"@id\":\"https:\\\/\\\/www.mobilier-design-occasion.fr\\\/magazine\\\/#website\"},\"primaryImageOfPage\":{\"@id\":\"https:\\\/\\\/www.mobilier-design-occasion.fr\\\/magazine\\\/fauteuil-bouclette-tout-ce-que-vous-devez-savoir\\\/#primaryimage\"},\"image\":{\"@id\":\"https:\\\/\\\/www.mobilier-design-occasion.fr\\\/magazine\\\/fauteuil-bouclette-tout-ce-que-vous-devez-savoir\\\/#primaryimage\"},\"thumbnailUrl\":\"https:\\\/\\\/www.mobilier-design-occasion.fr\\\/magazine\\\/wp-content\\\/uploads\\\/2023\\\/10\\\/Capture-decran-2023-10-12-120419.jpg\",\"datePublished\":\"2023-10-12T10:06:04+00:00\",\"dateModified\":\"2023-10-12T10:06:05+00:00\",\"breadcrumb\":{\"@id\":\"https:\\\/\\\/www.mobilier-design-occasion.fr\\\/magazine\\\/fauteuil-bouclette-tout-ce-que-vous-devez-savoir\\\/#breadcrumb\"},\"inLanguage\":\"fr-FR\",\"potentialAction\":[{\"@type\":\"ReadAction\",\"target\":[\"https:\\\/\\\/www.mobilier-design-occasion.fr\\\/magazine\\\/fauteuil-bouclette-tout-ce-que-vous-devez-savoir\\\/\"]}]},{\"@type\":\"ImageObject\",\"inLanguage\":\"fr-FR\",\"@id\":\"https:\\\/\\\/www.mobilier-design-occasion.fr\\\/magazine\\\/fauteuil-bouclette-tout-ce-que-vous-devez-savoir\\\/#primaryimage\",\"url\":\"https:\\\/\\\/www.mobilier-design-occasion.fr\\\/magazine\\\/wp-content\\\/uploads\\\/2023\\\/10\\\/Capture-decran-2023-10-12-120419.jpg\",\"contentUrl\":\"https:\\\/\\\/www.mobilier-design-occasion.fr\\\/magazine\\\/wp-content\\\/uploads\\\/2023\\\/10\\\/Capture-decran-2023-10-12-120419.jpg\",\"width\":825,\"height\":780},{\"@type\":\"BreadcrumbList\",\"@id\":\"https:\\\/\\\/www.mobilier-design-occasion.fr\\\/magazine\\\/fauteuil-bouclette-tout-ce-que-vous-devez-savoir\\\/#breadcrumb\",\"itemListElement\":[{\"@type\":\"ListItem\",\"position\":1,\"name\":\"Accueil\",\"item\":\"https:\\\/\\\/www.mobilier-design-occasion.fr\\\/magazine\\\/\"},{\"@type\":\"ListItem\",\"position\":2,\"name\":\"Fauteuil bouclette: tout ce que vous devez savoir!\"}]},{\"@type\":\"WebSite\",\"@id\":\"https:\\\/\\\/www.mobilier-design-occasion.fr\\\/magazine\\\/#website\",\"url\":\"https:\\\/\\\/www.mobilier-design-occasion.fr\\\/magazine\\\/\",\"name\":\"Mobilier Design Magazine\",\"description\":\"\",\"publisher\":{\"@id\":\"https:\\\/\\\/www.mobilier-design-occasion.fr\\\/magazine\\\/#organization\"},\"potentialAction\":[{\"@type\":\"SearchAction\",\"target\":{\"@type\":\"EntryPoint\",\"urlTemplate\":\"https:\\\/\\\/www.mobilier-design-occasion.fr\\\/magazine\\\/?s={search_term_string}\"},\"query-input\":{\"@type\":\"PropertyValueSpecification\",\"valueRequired\":true,\"valueName\":\"search_term_string\"}}],\"inLanguage\":\"fr-FR\"},{\"@type\":\"Organization\",\"@id\":\"https:\\\/\\\/www.mobilier-design-occasion.fr\\\/magazine\\\/#organization\",\"name\":\"Mobilier Design Magazine\",\"url\":\"https:\\\/\\\/www.mobilier-design-occasion.fr\\\/magazine\\\/\",\"logo\":{\"@type\":\"ImageObject\",\"inLanguage\":\"fr-FR\",\"@id\":\"https:\\\/\\\/www.mobilier-design-occasion.fr\\\/magazine\\\/#\\\/schema\\\/logo\\\/image\\\/\",\"url\":\"https:\\\/\\\/www.mobilier-design-occasion.fr\\\/magazine\\\/wp-content\\\/uploads\\\/2024\\\/02\\\/android-chrome-192x192-1.png\",\"contentUrl\":\"https:\\\/\\\/www.mobilier-design-occasion.fr\\\/magazine\\\/wp-content\\\/uploads\\\/2024\\\/02\\\/android-chrome-192x192-1.png\",\"width\":192,\"height\":192,\"caption\":\"Mobilier Design Magazine\"},\"image\":{\"@id\":\"https:\\\/\\\/www.mobilier-design-occasion.fr\\\/magazine\\\/#\\\/schema\\\/logo\\\/image\\\/\"},\"sameAs\":[\"https:\\\/\\\/www.facebook.com\\\/mobilierdesignoccasion\"]},{\"@type\":\"Person\",\"@id\":\"https:\\\/\\\/www.mobilier-design-occasion.fr\\\/magazine\\\/#\\\/schema\\\/person\\\/5b2e5627a714ddadaaf8c9b886c55eff\",\"name\":\"Cyrielle Poirot\",\"image\":{\"@type\":\"ImageObject\",\"inLanguage\":\"fr-FR\",\"@id\":\"https:\\\/\\\/secure.gravatar.com\\\/avatar\\\/c8d2674e093b06894d8d1dc468b626bd752523471f3ac6e75f7c7a1400d40b4d?s=96&d=mm&r=g\",\"url\":\"https:\\\/\\\/secure.gravatar.com\\\/avatar\\\/c8d2674e093b06894d8d1dc468b626bd752523471f3ac6e75f7c7a1400d40b4d?s=96&d=mm&r=g\",\"contentUrl\":\"https:\\\/\\\/secure.gravatar.com\\\/avatar\\\/c8d2674e093b06894d8d1dc468b626bd752523471f3ac6e75f7c7a1400d40b4d?s=96&d=mm&r=g\",\"caption\":\"Cyrielle Poirot\"},\"description\":\"Cyrielle est passionn\u00e9e par la d\u00e9coration d'int\u00e9rieur et s'est sp\u00e9cialis\u00e9e depuis quelques ann\u00e9es dans l'\u00e9dition du site Mobilier-Design, avec une touche sp\u00e9cifique pour les produits d'occasion.\",\"sameAs\":[\"https:\\\/\\\/www.mobilier-design-occasion.fr\\\/magazine\"],\"url\":\"https:\\\/\\\/www.mobilier-design-occasion.fr\\\/magazine\\\/author\\\/cyrielle\\\/\"}]}<\/script>\n<!-- \/ Yoast SEO plugin. -->","yoast_head_json":{"title":"Fauteuil bouclette: tout ce que vous devez savoir! - Mobilier Design Magazine","robots":{"index":"index","follow":"follow","max-snippet":"max-snippet:-1","max-image-preview":"max-image-preview:large","max-video-preview":"max-video-preview:-1"},"canonical":"https:\/\/www.mobilier-design-occasion.fr\/magazine\/fauteuil-bouclette-tout-ce-que-vous-devez-savoir\/","og_locale":"fr_FR","og_type":"article","og_title":"Fauteuil bouclette: tout ce que vous devez savoir! - Mobilier Design Magazine","og_description":"Avec la mont\u00e9e de la tendance du design chaleureux et cosy, le fauteuil bouclette a su trouver sa place parmi les must-haves des amoureux de d\u00e9coration int\u00e9rieure. Cette pi\u00e8ce unique non seulement magnifie l&#8217;espace mais apporte \u00e9galement une touche d&#8217;\u00e9motion \u00e0 votre maison. Dans cet article, nous r\u00e9pondons aux 5 questions les plus fr\u00e9quemment pos\u00e9es [&hellip;]","og_url":"https:\/\/www.mobilier-design-occasion.fr\/magazine\/fauteuil-bouclette-tout-ce-que-vous-devez-savoir\/","og_site_name":"Mobilier Design Magazine","article_publisher":"https:\/\/www.facebook.com\/mobilierdesignoccasion","article_published_time":"2023-10-12T10:06:04+00:00","article_modified_time":"2023-10-12T10:06:05+00:00","og_image":[{"url":"https:\/\/www.mobilier-design-occasion.fr\/magazine\/wp-content\/uploads\/2023\/10\/Capture-decran-2023-10-12-120419.jpg","type":"","width":"","height":""}],"author":"Cyrielle Poirot","twitter_card":"summary_large_image","twitter_misc":{"\u00c9crit par":"Cyrielle Poirot","Dur\u00e9e de lecture estim\u00e9e":"3 minutes"},"schema":{"@context":"https:\/\/schema.org","@graph":[{"@type":"Article","@id":"https:\/\/www.mobilier-design-occasion.fr\/magazine\/fauteuil-bouclette-tout-ce-que-vous-devez-savoir\/#article","isPartOf":{"@id":"https:\/\/www.mobilier-design-occasion.fr\/magazine\/fauteuil-bouclette-tout-ce-que-vous-devez-savoir\/"},"author":{"name":"Cyrielle Poirot","@id":"https:\/\/www.mobilier-design-occasion.fr\/magazine\/#\/schema\/person\/5b2e5627a714ddadaaf8c9b886c55eff"},"headline":"Fauteuil bouclette: tout ce que vous devez savoir!","datePublished":"2023-10-12T10:06:04+00:00","dateModified":"2023-10-12T10:06:05+00:00","mainEntityOfPage":{"@id":"https:\/\/www.mobilier-design-occasion.fr\/magazine\/fauteuil-bouclette-tout-ce-que-vous-devez-savoir\/"},"wordCount":535,"commentCount":0,"publisher":{"@id":"https:\/\/www.mobilier-design-occasion.fr\/magazine\/#organization"},"image":{"@id":"https:\/\/www.mobilier-design-occasion.fr\/magazine\/fauteuil-bouclette-tout-ce-que-vous-devez-savoir\/#primaryimage"},"thumbnailUrl":"https:\/\/www.mobilier-design-occasion.fr\/magazine\/wp-content\/uploads\/2023\/10\/Capture-decran-2023-10-12-120419.jpg","articleSection":["Tendances"],"inLanguage":"fr-FR","potentialAction":[{"@type":"CommentAction","name":"Comment","target":["https:\/\/www.mobilier-design-occasion.fr\/magazine\/fauteuil-bouclette-tout-ce-que-vous-devez-savoir\/#respond"]}]},{"@type":"WebPage","@id":"https:\/\/www.mobilier-design-occasion.fr\/magazine\/fauteuil-bouclette-tout-ce-que-vous-devez-savoir\/","url":"https:\/\/www.mobilier-design-occasion.fr\/magazine\/fauteuil-bouclette-tout-ce-que-vous-devez-savoir\/","name":"Fauteuil bouclette: tout ce que vous devez savoir! - Mobilier Design Magazine","isPartOf":{"@id":"https:\/\/www.mobilier-design-occasion.fr\/magazine\/#website"},"primaryImageOfPage":{"@id":"https:\/\/www.mobilier-design-occasion.fr\/magazine\/fauteuil-bouclette-tout-ce-que-vous-devez-savoir\/#primaryimage"},"image":{"@id":"https:\/\/www.mobilier-design-occasion.fr\/magazine\/fauteuil-bouclette-tout-ce-que-vous-devez-savoir\/#primaryimage"},"thumbnailUrl":"https:\/\/www.mobilier-design-occasion.fr\/magazine\/wp-content\/uploads\/2023\/10\/Capture-decran-2023-10-12-120419.jpg","datePublished":"2023-10-12T10:06:04+00:00","dateModified":"2023-10-12T10:06:05+00:00","breadcrumb":{"@id":"https:\/\/www.mobilier-design-occasion.fr\/magazine\/fauteuil-bouclette-tout-ce-que-vous-devez-savoir\/#breadcrumb"},"inLanguage":"fr-FR","potentialAction":[{"@type":"ReadAction","target":["https:\/\/www.mobilier-design-occasion.fr\/magazine\/fauteuil-bouclette-tout-ce-que-vous-devez-savoir\/"]}]},{"@type":"ImageObject","inLanguage":"fr-FR","@id":"https:\/\/www.mobilier-design-occasion.fr\/magazine\/fauteuil-bouclette-tout-ce-que-vous-devez-savoir\/#primaryimage","url":"https:\/\/www.mobilier-design-occasion.fr\/magazine\/wp-content\/uploads\/2023\/10\/Capture-decran-2023-10-12-120419.jpg","contentUrl":"https:\/\/www.mobilier-design-occasion.fr\/magazine\/wp-content\/uploads\/2023\/10\/Capture-decran-2023-10-12-120419.jpg","width":825,"height":780},{"@type":"BreadcrumbList","@id":"https:\/\/www.mobilier-design-occasion.fr\/magazine\/fauteuil-bouclette-tout-ce-que-vous-devez-savoir\/#breadcrumb","itemListElement":[{"@type":"ListItem","position":1,"name":"Accueil","item":"https:\/\/www.mobilier-design-occasion.fr\/magazine\/"},{"@type":"ListItem","position":2,"name":"Fauteuil bouclette: tout ce que vous devez savoir!"}]},{"@type":"WebSite","@id":"https:\/\/www.mobilier-design-occasion.fr\/magazine\/#website","url":"https:\/\/www.mobilier-design-occasion.fr\/magazine\/","name":"Mobilier Design Magazine","description":"","publisher":{"@id":"https:\/\/www.mobilier-design-occasion.fr\/magazine\/#organization"},"potentialAction":[{"@type":"SearchAction","target":{"@type":"EntryPoint","urlTemplate":"https:\/\/www.mobilier-design-occasion.fr\/magazine\/?s={search_term_string}"},"query-input":{"@type":"PropertyValueSpecification","valueRequired":true,"valueName":"search_term_string"}}],"inLanguage":"fr-FR"},{"@type":"Organization","@id":"https:\/\/www.mobilier-design-occasion.fr\/magazine\/#organization","name":"Mobilier Design Magazine","url":"https:\/\/www.mobilier-design-occasion.fr\/magazine\/","logo":{"@type":"ImageObject","inLanguage":"fr-FR","@id":"https:\/\/www.mobilier-design-occasion.fr\/magazine\/#\/schema\/logo\/image\/","url":"https:\/\/www.mobilier-design-occasion.fr\/magazine\/wp-content\/uploads\/2024\/02\/android-chrome-192x192-1.png","contentUrl":"https:\/\/www.mobilier-design-occasion.fr\/magazine\/wp-content\/uploads\/2024\/02\/android-chrome-192x192-1.png","width":192,"height":192,"caption":"Mobilier Design Magazine"},"image":{"@id":"https:\/\/www.mobilier-design-occasion.fr\/magazine\/#\/schema\/logo\/image\/"},"sameAs":["https:\/\/www.facebook.com\/mobilierdesignoccasion"]},{"@type":"Person","@id":"https:\/\/www.mobilier-design-occasion.fr\/magazine\/#\/schema\/person\/5b2e5627a714ddadaaf8c9b886c55eff","name":"Cyrielle Poirot","image":{"@type":"ImageObject","inLanguage":"fr-FR","@id":"https:\/\/secure.gravatar.com\/avatar\/c8d2674e093b06894d8d1dc468b626bd752523471f3ac6e75f7c7a1400d40b4d?s=96&d=mm&r=g","url":"https:\/\/secure.gravatar.com\/avatar\/c8d2674e093b06894d8d1dc468b626bd752523471f3ac6e75f7c7a1400d40b4d?s=96&d=mm&r=g","contentUrl":"https:\/\/secure.gravatar.com\/avatar\/c8d2674e093b06894d8d1dc468b626bd752523471f3ac6e75f7c7a1400d40b4d?s=96&d=mm&r=g","caption":"Cyrielle Poirot"},"description":"Cyrielle est passionn\u00e9e par la d\u00e9coration d'int\u00e9rieur et s'est sp\u00e9cialis\u00e9e depuis quelques ann\u00e9es dans l'\u00e9dition du site Mobilier-Design, avec une touche sp\u00e9cifique pour les produits d'occasion.","sameAs":["https:\/\/www.mobilier-design-occasion.fr\/magazine"],"url":"https:\/\/www.mobilier-design-occasion.fr\/magazine\/author\/cyrielle\/"}]}},"_links":{"self":[{"href":"https:\/\/www.mobilier-design-occasion.fr\/magazine\/wp-json\/wp\/v2\/posts\/6859","targetHints":{"allow":["GET"]}}],"collection":[{"href":"https:\/\/www.mobilier-design-occasion.fr\/magazine\/wp-json\/wp\/v2\/posts"}],"about":[{"href":"https:\/\/www.mobilier-design-occasion.fr\/magazine\/wp-json\/wp\/v2\/types\/post"}],"author":[{"embeddable":true,"href":"https:\/\/www.mobilier-design-occasion.fr\/magazine\/wp-json\/wp\/v2\/users\/1"}],"replies":[{"embeddable":true,"href":"https:\/\/www.mobilier-design-occasion.fr\/magazine\/wp-json\/wp\/v2\/comments?post=6859"}],"version-history":[{"count":1,"href":"https:\/\/www.mobilier-design-occasion.fr\/magazine\/wp-json\/wp\/v2\/posts\/6859\/revisions"}],"predecessor-version":[{"id":6862,"href":"https:\/\/www.mobilier-design-occasion.fr\/magazine\/wp-json\/wp\/v2\/posts\/6859\/revisions\/6862"}],"wp:attachment":[{"href":"https:\/\/www.mobilier-design-occasion.fr\/magazine\/wp-json\/wp\/v2\/media?parent=6859"}],"wp:term":[{"taxonomy":"category","embeddable":true,"href":"https:\/\/www.mobilier-design-occasion.fr\/magazine\/wp-json\/wp\/v2\/categories?post=6859"},{"taxonomy":"post_tag","embeddable":true,"href":"https:\/\/www.mobilier-design-occasion.fr\/magazine\/wp-json\/wp\/v2\/tags?post=6859"}],"curies":[{"name":"wp","href":"https:\/\/api.w.org\/{rel}","templated":true}]}}