{"id":6849,"date":"2023-10-06T06:49:06","date_gmt":"2023-10-06T06:49:06","guid":{"rendered":"https:\/\/www.mobilier-design-occasion.fr\/magazine\/?p=6849"},"modified":"2023-10-06T06:49:07","modified_gmt":"2023-10-06T06:49:07","slug":"eclairer-avec-style-lart-et-la-fonction-de-la-lampe-de-chevet-automnale","status":"publish","type":"post","link":"https:\/\/www.mobilier-design-occasion.fr\/magazine\/eclairer-avec-style-lart-et-la-fonction-de-la-lampe-de-chevet-automnale\/","title":{"rendered":"\u00c9clairer avec style: l&#8217;art et la fonction de la lampe de chevet automnale"},"content":{"rendered":"\n<p>\u00c0 l&#8217;approche des nuits automnales, le choix d&#8217;une lampe de chevet prend tout son sens. D\u00e9couvrez les tendances du moment et comment illuminer votre espace avec style.<\/p>\n\n\n\n<h2 class=\"wp-block-heading\">La lampe de chevet : reflet des tendances automnales<\/h2>\n\n\n\n<figure class=\"wp-block-image size-large\"><img loading=\"lazy\" decoding=\"async\" width=\"1024\" height=\"682\" src=\"https:\/\/www.mobilier-design-occasion.fr\/magazine\/wp-content\/uploads\/2023\/10\/a202995fe66486cea850563c5bd44185-1024x682.jpeg\" alt=\"\" class=\"wp-image-6850\" srcset=\"https:\/\/www.mobilier-design-occasion.fr\/magazine\/wp-content\/uploads\/2023\/10\/a202995fe66486cea850563c5bd44185-1024x682.jpeg 1024w, https:\/\/www.mobilier-design-occasion.fr\/magazine\/wp-content\/uploads\/2023\/10\/a202995fe66486cea850563c5bd44185-300x200.jpeg 300w, https:\/\/www.mobilier-design-occasion.fr\/magazine\/wp-content\/uploads\/2023\/10\/a202995fe66486cea850563c5bd44185-768x512.jpeg 768w, https:\/\/www.mobilier-design-occasion.fr\/magazine\/wp-content\/uploads\/2023\/10\/a202995fe66486cea850563c5bd44185-810x540.jpeg 810w, https:\/\/www.mobilier-design-occasion.fr\/magazine\/wp-content\/uploads\/2023\/10\/a202995fe66486cea850563c5bd44185-1140x760.jpeg 1140w, https:\/\/www.mobilier-design-occasion.fr\/magazine\/wp-content\/uploads\/2023\/10\/a202995fe66486cea850563c5bd44185.jpeg 1280w\" sizes=\"auto, (max-width: 1024px) 100vw, 1024px\" \/><\/figure>\n\n\n\n<p>Avec l\u2019arriv\u00e9e de l&#8217;automne, les journ\u00e9es raccourcissent, augmentant notre besoin d&#8217;\u00e9clairage int\u00e9rieur. La&nbsp;<a href=\"https:\/\/www.boutique-lampe-de-chevet.fr\/\">lampe de Chevet<\/a>, bien plus qu&#8217;un simple accessoire, devient l&#8217;\u00e9picentre de nos soir\u00e9es cocooning. Elle se doit d&#8217;\u00eatre \u00e0 la fois fonctionnelle et esth\u00e9tiquement plaisante, car elle compl\u00e8te le design de notre espace de repos.<\/p>\n\n\n\n<p>Les tendances automnales pour ces luminaires \u00e9voquent souvent des mat\u00e9riaux naturels.&nbsp;<strong>Le bois<\/strong>, avec ses teintes chaleureuses, est particuli\u00e8rement pris\u00e9. Il \u00e9voque le calme des for\u00eats, apportant une ambiance sereine \u00e0 la chambre.&nbsp;<strong>Les m\u00e9taux comme le cuivre ou le laiton<\/strong>&nbsp;font \u00e9galement leur apparition, refl\u00e9tant la lumi\u00e8re d&#8217;une mani\u00e8re douce et dor\u00e9e.<\/p>\n\n\n\n<p>Les abat-jours en tissu textur\u00e9, inspir\u00e9s des motifs automnaux, ajoutent une dimension suppl\u00e9mentaire. Des motifs feuillag\u00e9s aux textures \u00e9voquant la laine ou le tricot, ils captent l&#8217;essence de la saison. Coupl\u00e9s \u00e0 une lumi\u00e8re douce, ces abat-jours cr\u00e9ent une atmosph\u00e8re enveloppante et r\u00e9confortante.<\/p>\n\n\n\n<h2 class=\"wp-block-heading\">L&#8217;importance d&#8217;un choix judicieux<\/h2>\n\n\n\n<figure class=\"wp-block-image size-large is-resized\"><img loading=\"lazy\" decoding=\"async\" src=\"https:\/\/www.mobilier-design-occasion.fr\/magazine\/wp-content\/uploads\/2023\/10\/a92ff8cc8310fe346d0ae119a9f134b8-1024x682.jpeg\" alt=\"\" class=\"wp-image-6851\" style=\"width:630px;height:420px\" width=\"630\" height=\"420\" srcset=\"https:\/\/www.mobilier-design-occasion.fr\/magazine\/wp-content\/uploads\/2023\/10\/a92ff8cc8310fe346d0ae119a9f134b8-1024x682.jpeg 1024w, https:\/\/www.mobilier-design-occasion.fr\/magazine\/wp-content\/uploads\/2023\/10\/a92ff8cc8310fe346d0ae119a9f134b8-300x200.jpeg 300w, https:\/\/www.mobilier-design-occasion.fr\/magazine\/wp-content\/uploads\/2023\/10\/a92ff8cc8310fe346d0ae119a9f134b8-768x512.jpeg 768w, https:\/\/www.mobilier-design-occasion.fr\/magazine\/wp-content\/uploads\/2023\/10\/a92ff8cc8310fe346d0ae119a9f134b8-810x540.jpeg 810w, https:\/\/www.mobilier-design-occasion.fr\/magazine\/wp-content\/uploads\/2023\/10\/a92ff8cc8310fe346d0ae119a9f134b8-1140x760.jpeg 1140w, https:\/\/www.mobilier-design-occasion.fr\/magazine\/wp-content\/uploads\/2023\/10\/a92ff8cc8310fe346d0ae119a9f134b8.jpeg 1280w\" sizes=\"auto, (max-width: 630px) 100vw, 630px\" \/><\/figure>\n\n\n\n<p>Le choix de la lampe de chevet ne doit pas \u00eatre pris \u00e0 la l\u00e9g\u00e8re. Outre son aspect esth\u00e9tique, elle joue un r\u00f4le d\u00e9terminant dans la qualit\u00e9 de notre repos. Une lumi\u00e8re trop vive ou mal dirig\u00e9e peut perturber notre sommeil. Il est donc essentiel de&nbsp;<strong>choisir une lampe offrant un \u00e9clairage adapt\u00e9 \u00e0 nos besoins<\/strong>.<\/p>\n\n\n\n<p><strong>Les mod\u00e8les avec variateur d&#8217;intensit\u00e9<\/strong>&nbsp;sont de bons choix. Ils permettent d&#8217;ajuster la luminosit\u00e9 selon l&#8217;activit\u00e9, que ce soit pour la lecture ou pour se d\u00e9tendre. Les ampoules \u00e0 LED, consommant moins d&#8217;\u00e9nergie, sont aussi \u00e0 privil\u00e9gier pour un \u00e9clairage durable et \u00e9conomique.<\/p>\n\n\n\n<p><strong>Le positionnement de la lampe<\/strong>&nbsp;est tout aussi crucial. Elle doit \u00eatre \u00e0 la bonne hauteur, ni trop basse ni trop haute, pour \u00e9viter les ombres g\u00eanantes ou l&#8217;\u00e9blouissement. Une lampe de chevet doit aussi \u00eatre stable et facilement accessible pour pouvoir l&#8217;allumer ou l&#8217;\u00e9teindre sans difficult\u00e9.<\/p>\n","protected":false},"excerpt":{"rendered":"<p>\u00c0 l&#8217;approche des nuits automnales, le choix d&#8217;une lampe de chevet prend tout son sens. D\u00e9couvrez les tendances du moment et comment illuminer votre espace avec style. La lampe de chevet : reflet des tendances automnales Avec l\u2019arriv\u00e9e de l&#8217;automne, les journ\u00e9es raccourcissent, augmentant notre besoin d&#8217;\u00e9clairage int\u00e9rieur. La&nbsp;lampe de Chevet, bien plus qu&#8217;un simple [&hellip;]<\/p>\n","protected":false},"author":1,"featured_media":6852,"comment_status":"open","ping_status":"open","sticky":false,"template":"","format":"standard","meta":{"footnotes":""},"categories":[120],"tags":[],"class_list":["post-6849","post","type-post","status-publish","format-standard","has-post-thumbnail","hentry","category-chambre"],"yoast_head":"<!-- This site is optimized with the Yoast SEO plugin v27.5 - https:\/\/yoast.com\/product\/yoast-seo-wordpress\/ -->\n<title>\u00c9clairer avec style: l&#039;art et la fonction de la lampe de chevet automnale - Mobilier Design Magazine<\/title>\n<meta name=\"robots\" content=\"index, follow, max-snippet:-1, max-image-preview:large, max-video-preview:-1\" \/>\n<link rel=\"canonical\" href=\"https:\/\/www.mobilier-design-occasion.fr\/magazine\/eclairer-avec-style-lart-et-la-fonction-de-la-lampe-de-chevet-automnale\/\" \/>\n<meta property=\"og:locale\" content=\"fr_FR\" \/>\n<meta property=\"og:type\" content=\"article\" \/>\n<meta property=\"og:title\" content=\"\u00c9clairer avec style: l&#039;art et la fonction de la lampe de chevet automnale - Mobilier Design Magazine\" \/>\n<meta property=\"og:description\" content=\"\u00c0 l&#8217;approche des nuits automnales, le choix d&#8217;une lampe de chevet prend tout son sens. D\u00e9couvrez les tendances du moment et comment illuminer votre espace avec style. La lampe de chevet : reflet des tendances automnales Avec l\u2019arriv\u00e9e de l&#8217;automne, les journ\u00e9es raccourcissent, augmentant notre besoin d&#8217;\u00e9clairage int\u00e9rieur. La&nbsp;lampe de Chevet, bien plus qu&#8217;un simple [&hellip;]\" \/>\n<meta property=\"og:url\" content=\"https:\/\/www.mobilier-design-occasion.fr\/magazine\/eclairer-avec-style-lart-et-la-fonction-de-la-lampe-de-chevet-automnale\/\" \/>\n<meta property=\"og:site_name\" content=\"Mobilier Design Magazine\" \/>\n<meta property=\"article:publisher\" content=\"https:\/\/www.facebook.com\/mobilierdesignoccasion\" \/>\n<meta property=\"article:published_time\" content=\"2023-10-06T06:49:06+00:00\" \/>\n<meta property=\"article:modified_time\" content=\"2023-10-06T06:49:07+00:00\" \/>\n<meta property=\"og:image\" content=\"https:\/\/www.mobilier-design-occasion.fr\/magazine\/wp-content\/uploads\/2023\/10\/9fd18e547af30a043f00ff6373a09928.jpeg\" \/>\n\t<meta property=\"og:image:width\" content=\"1280\" \/>\n\t<meta property=\"og:image:height\" content=\"811\" \/>\n\t<meta property=\"og:image:type\" content=\"image\/jpeg\" \/>\n<meta name=\"author\" content=\"Cyrielle Poirot\" \/>\n<meta name=\"twitter:card\" content=\"summary_large_image\" \/>\n<meta name=\"twitter:label1\" content=\"\u00c9crit par\" \/>\n\t<meta name=\"twitter:data1\" content=\"Cyrielle Poirot\" \/>\n\t<meta name=\"twitter:label2\" content=\"Dur\u00e9e de lecture estim\u00e9e\" \/>\n\t<meta name=\"twitter:data2\" content=\"2 minutes\" \/>\n<script type=\"application\/ld+json\" class=\"yoast-schema-graph\">{\"@context\":\"https:\\\/\\\/schema.org\",\"@graph\":[{\"@type\":\"Article\",\"@id\":\"https:\\\/\\\/www.mobilier-design-occasion.fr\\\/magazine\\\/eclairer-avec-style-lart-et-la-fonction-de-la-lampe-de-chevet-automnale\\\/#article\",\"isPartOf\":{\"@id\":\"https:\\\/\\\/www.mobilier-design-occasion.fr\\\/magazine\\\/eclairer-avec-style-lart-et-la-fonction-de-la-lampe-de-chevet-automnale\\\/\"},\"author\":{\"name\":\"Cyrielle Poirot\",\"@id\":\"https:\\\/\\\/www.mobilier-design-occasion.fr\\\/magazine\\\/#\\\/schema\\\/person\\\/5b2e5627a714ddadaaf8c9b886c55eff\"},\"headline\":\"\u00c9clairer avec style: l&#8217;art et la fonction de la lampe de chevet automnale\",\"datePublished\":\"2023-10-06T06:49:06+00:00\",\"dateModified\":\"2023-10-06T06:49:07+00:00\",\"mainEntityOfPage\":{\"@id\":\"https:\\\/\\\/www.mobilier-design-occasion.fr\\\/magazine\\\/eclairer-avec-style-lart-et-la-fonction-de-la-lampe-de-chevet-automnale\\\/\"},\"wordCount\":394,\"commentCount\":0,\"publisher\":{\"@id\":\"https:\\\/\\\/www.mobilier-design-occasion.fr\\\/magazine\\\/#organization\"},\"image\":{\"@id\":\"https:\\\/\\\/www.mobilier-design-occasion.fr\\\/magazine\\\/eclairer-avec-style-lart-et-la-fonction-de-la-lampe-de-chevet-automnale\\\/#primaryimage\"},\"thumbnailUrl\":\"https:\\\/\\\/www.mobilier-design-occasion.fr\\\/magazine\\\/wp-content\\\/uploads\\\/2023\\\/10\\\/9fd18e547af30a043f00ff6373a09928.jpeg\",\"articleSection\":[\"Chambre\"],\"inLanguage\":\"fr-FR\",\"potentialAction\":[{\"@type\":\"CommentAction\",\"name\":\"Comment\",\"target\":[\"https:\\\/\\\/www.mobilier-design-occasion.fr\\\/magazine\\\/eclairer-avec-style-lart-et-la-fonction-de-la-lampe-de-chevet-automnale\\\/#respond\"]}]},{\"@type\":\"WebPage\",\"@id\":\"https:\\\/\\\/www.mobilier-design-occasion.fr\\\/magazine\\\/eclairer-avec-style-lart-et-la-fonction-de-la-lampe-de-chevet-automnale\\\/\",\"url\":\"https:\\\/\\\/www.mobilier-design-occasion.fr\\\/magazine\\\/eclairer-avec-style-lart-et-la-fonction-de-la-lampe-de-chevet-automnale\\\/\",\"name\":\"\u00c9clairer avec style: l'art et la fonction de la lampe de chevet automnale - Mobilier Design Magazine\",\"isPartOf\":{\"@id\":\"https:\\\/\\\/www.mobilier-design-occasion.fr\\\/magazine\\\/#website\"},\"primaryImageOfPage\":{\"@id\":\"https:\\\/\\\/www.mobilier-design-occasion.fr\\\/magazine\\\/eclairer-avec-style-lart-et-la-fonction-de-la-lampe-de-chevet-automnale\\\/#primaryimage\"},\"image\":{\"@id\":\"https:\\\/\\\/www.mobilier-design-occasion.fr\\\/magazine\\\/eclairer-avec-style-lart-et-la-fonction-de-la-lampe-de-chevet-automnale\\\/#primaryimage\"},\"thumbnailUrl\":\"https:\\\/\\\/www.mobilier-design-occasion.fr\\\/magazine\\\/wp-content\\\/uploads\\\/2023\\\/10\\\/9fd18e547af30a043f00ff6373a09928.jpeg\",\"datePublished\":\"2023-10-06T06:49:06+00:00\",\"dateModified\":\"2023-10-06T06:49:07+00:00\",\"breadcrumb\":{\"@id\":\"https:\\\/\\\/www.mobilier-design-occasion.fr\\\/magazine\\\/eclairer-avec-style-lart-et-la-fonction-de-la-lampe-de-chevet-automnale\\\/#breadcrumb\"},\"inLanguage\":\"fr-FR\",\"potentialAction\":[{\"@type\":\"ReadAction\",\"target\":[\"https:\\\/\\\/www.mobilier-design-occasion.fr\\\/magazine\\\/eclairer-avec-style-lart-et-la-fonction-de-la-lampe-de-chevet-automnale\\\/\"]}]},{\"@type\":\"ImageObject\",\"inLanguage\":\"fr-FR\",\"@id\":\"https:\\\/\\\/www.mobilier-design-occasion.fr\\\/magazine\\\/eclairer-avec-style-lart-et-la-fonction-de-la-lampe-de-chevet-automnale\\\/#primaryimage\",\"url\":\"https:\\\/\\\/www.mobilier-design-occasion.fr\\\/magazine\\\/wp-content\\\/uploads\\\/2023\\\/10\\\/9fd18e547af30a043f00ff6373a09928.jpeg\",\"contentUrl\":\"https:\\\/\\\/www.mobilier-design-occasion.fr\\\/magazine\\\/wp-content\\\/uploads\\\/2023\\\/10\\\/9fd18e547af30a043f00ff6373a09928.jpeg\",\"width\":1280,\"height\":811},{\"@type\":\"BreadcrumbList\",\"@id\":\"https:\\\/\\\/www.mobilier-design-occasion.fr\\\/magazine\\\/eclairer-avec-style-lart-et-la-fonction-de-la-lampe-de-chevet-automnale\\\/#breadcrumb\",\"itemListElement\":[{\"@type\":\"ListItem\",\"position\":1,\"name\":\"Accueil\",\"item\":\"https:\\\/\\\/www.mobilier-design-occasion.fr\\\/magazine\\\/\"},{\"@type\":\"ListItem\",\"position\":2,\"name\":\"\u00c9clairer avec style: l&rsquo;art et la fonction de la lampe de chevet automnale\"}]},{\"@type\":\"WebSite\",\"@id\":\"https:\\\/\\\/www.mobilier-design-occasion.fr\\\/magazine\\\/#website\",\"url\":\"https:\\\/\\\/www.mobilier-design-occasion.fr\\\/magazine\\\/\",\"name\":\"Mobilier Design Magazine\",\"description\":\"\",\"publisher\":{\"@id\":\"https:\\\/\\\/www.mobilier-design-occasion.fr\\\/magazine\\\/#organization\"},\"potentialAction\":[{\"@type\":\"SearchAction\",\"target\":{\"@type\":\"EntryPoint\",\"urlTemplate\":\"https:\\\/\\\/www.mobilier-design-occasion.fr\\\/magazine\\\/?s={search_term_string}\"},\"query-input\":{\"@type\":\"PropertyValueSpecification\",\"valueRequired\":true,\"valueName\":\"search_term_string\"}}],\"inLanguage\":\"fr-FR\"},{\"@type\":\"Organization\",\"@id\":\"https:\\\/\\\/www.mobilier-design-occasion.fr\\\/magazine\\\/#organization\",\"name\":\"Mobilier Design Magazine\",\"url\":\"https:\\\/\\\/www.mobilier-design-occasion.fr\\\/magazine\\\/\",\"logo\":{\"@type\":\"ImageObject\",\"inLanguage\":\"fr-FR\",\"@id\":\"https:\\\/\\\/www.mobilier-design-occasion.fr\\\/magazine\\\/#\\\/schema\\\/logo\\\/image\\\/\",\"url\":\"https:\\\/\\\/www.mobilier-design-occasion.fr\\\/magazine\\\/wp-content\\\/uploads\\\/2024\\\/02\\\/android-chrome-192x192-1.png\",\"contentUrl\":\"https:\\\/\\\/www.mobilier-design-occasion.fr\\\/magazine\\\/wp-content\\\/uploads\\\/2024\\\/02\\\/android-chrome-192x192-1.png\",\"width\":192,\"height\":192,\"caption\":\"Mobilier Design Magazine\"},\"image\":{\"@id\":\"https:\\\/\\\/www.mobilier-design-occasion.fr\\\/magazine\\\/#\\\/schema\\\/logo\\\/image\\\/\"},\"sameAs\":[\"https:\\\/\\\/www.facebook.com\\\/mobilierdesignoccasion\"]},{\"@type\":\"Person\",\"@id\":\"https:\\\/\\\/www.mobilier-design-occasion.fr\\\/magazine\\\/#\\\/schema\\\/person\\\/5b2e5627a714ddadaaf8c9b886c55eff\",\"name\":\"Cyrielle Poirot\",\"image\":{\"@type\":\"ImageObject\",\"inLanguage\":\"fr-FR\",\"@id\":\"https:\\\/\\\/secure.gravatar.com\\\/avatar\\\/c8d2674e093b06894d8d1dc468b626bd752523471f3ac6e75f7c7a1400d40b4d?s=96&d=mm&r=g\",\"url\":\"https:\\\/\\\/secure.gravatar.com\\\/avatar\\\/c8d2674e093b06894d8d1dc468b626bd752523471f3ac6e75f7c7a1400d40b4d?s=96&d=mm&r=g\",\"contentUrl\":\"https:\\\/\\\/secure.gravatar.com\\\/avatar\\\/c8d2674e093b06894d8d1dc468b626bd752523471f3ac6e75f7c7a1400d40b4d?s=96&d=mm&r=g\",\"caption\":\"Cyrielle Poirot\"},\"description\":\"Cyrielle est passionn\u00e9e par la d\u00e9coration d'int\u00e9rieur et s'est sp\u00e9cialis\u00e9e depuis quelques ann\u00e9es dans l'\u00e9dition du site Mobilier-Design, avec une touche sp\u00e9cifique pour les produits d'occasion.\",\"sameAs\":[\"https:\\\/\\\/www.mobilier-design-occasion.fr\\\/magazine\"],\"url\":\"https:\\\/\\\/www.mobilier-design-occasion.fr\\\/magazine\\\/author\\\/cyrielle\\\/\"}]}<\/script>\n<!-- \/ Yoast SEO plugin. -->","yoast_head_json":{"title":"\u00c9clairer avec style: l'art et la fonction de la lampe de chevet automnale - Mobilier Design Magazine","robots":{"index":"index","follow":"follow","max-snippet":"max-snippet:-1","max-image-preview":"max-image-preview:large","max-video-preview":"max-video-preview:-1"},"canonical":"https:\/\/www.mobilier-design-occasion.fr\/magazine\/eclairer-avec-style-lart-et-la-fonction-de-la-lampe-de-chevet-automnale\/","og_locale":"fr_FR","og_type":"article","og_title":"\u00c9clairer avec style: l'art et la fonction de la lampe de chevet automnale - Mobilier Design Magazine","og_description":"\u00c0 l&#8217;approche des nuits automnales, le choix d&#8217;une lampe de chevet prend tout son sens. D\u00e9couvrez les tendances du moment et comment illuminer votre espace avec style. La lampe de chevet : reflet des tendances automnales Avec l\u2019arriv\u00e9e de l&#8217;automne, les journ\u00e9es raccourcissent, augmentant notre besoin d&#8217;\u00e9clairage int\u00e9rieur. La&nbsp;lampe de Chevet, bien plus qu&#8217;un simple [&hellip;]","og_url":"https:\/\/www.mobilier-design-occasion.fr\/magazine\/eclairer-avec-style-lart-et-la-fonction-de-la-lampe-de-chevet-automnale\/","og_site_name":"Mobilier Design Magazine","article_publisher":"https:\/\/www.facebook.com\/mobilierdesignoccasion","article_published_time":"2023-10-06T06:49:06+00:00","article_modified_time":"2023-10-06T06:49:07+00:00","og_image":[{"width":1280,"height":811,"url":"https:\/\/www.mobilier-design-occasion.fr\/magazine\/wp-content\/uploads\/2023\/10\/9fd18e547af30a043f00ff6373a09928.jpeg","type":"image\/jpeg"}],"author":"Cyrielle Poirot","twitter_card":"summary_large_image","twitter_misc":{"\u00c9crit par":"Cyrielle Poirot","Dur\u00e9e de lecture estim\u00e9e":"2 minutes"},"schema":{"@context":"https:\/\/schema.org","@graph":[{"@type":"Article","@id":"https:\/\/www.mobilier-design-occasion.fr\/magazine\/eclairer-avec-style-lart-et-la-fonction-de-la-lampe-de-chevet-automnale\/#article","isPartOf":{"@id":"https:\/\/www.mobilier-design-occasion.fr\/magazine\/eclairer-avec-style-lart-et-la-fonction-de-la-lampe-de-chevet-automnale\/"},"author":{"name":"Cyrielle Poirot","@id":"https:\/\/www.mobilier-design-occasion.fr\/magazine\/#\/schema\/person\/5b2e5627a714ddadaaf8c9b886c55eff"},"headline":"\u00c9clairer avec style: l&#8217;art et la fonction de la lampe de chevet automnale","datePublished":"2023-10-06T06:49:06+00:00","dateModified":"2023-10-06T06:49:07+00:00","mainEntityOfPage":{"@id":"https:\/\/www.mobilier-design-occasion.fr\/magazine\/eclairer-avec-style-lart-et-la-fonction-de-la-lampe-de-chevet-automnale\/"},"wordCount":394,"commentCount":0,"publisher":{"@id":"https:\/\/www.mobilier-design-occasion.fr\/magazine\/#organization"},"image":{"@id":"https:\/\/www.mobilier-design-occasion.fr\/magazine\/eclairer-avec-style-lart-et-la-fonction-de-la-lampe-de-chevet-automnale\/#primaryimage"},"thumbnailUrl":"https:\/\/www.mobilier-design-occasion.fr\/magazine\/wp-content\/uploads\/2023\/10\/9fd18e547af30a043f00ff6373a09928.jpeg","articleSection":["Chambre"],"inLanguage":"fr-FR","potentialAction":[{"@type":"CommentAction","name":"Comment","target":["https:\/\/www.mobilier-design-occasion.fr\/magazine\/eclairer-avec-style-lart-et-la-fonction-de-la-lampe-de-chevet-automnale\/#respond"]}]},{"@type":"WebPage","@id":"https:\/\/www.mobilier-design-occasion.fr\/magazine\/eclairer-avec-style-lart-et-la-fonction-de-la-lampe-de-chevet-automnale\/","url":"https:\/\/www.mobilier-design-occasion.fr\/magazine\/eclairer-avec-style-lart-et-la-fonction-de-la-lampe-de-chevet-automnale\/","name":"\u00c9clairer avec style: l'art et la fonction de la lampe de chevet automnale - Mobilier Design Magazine","isPartOf":{"@id":"https:\/\/www.mobilier-design-occasion.fr\/magazine\/#website"},"primaryImageOfPage":{"@id":"https:\/\/www.mobilier-design-occasion.fr\/magazine\/eclairer-avec-style-lart-et-la-fonction-de-la-lampe-de-chevet-automnale\/#primaryimage"},"image":{"@id":"https:\/\/www.mobilier-design-occasion.fr\/magazine\/eclairer-avec-style-lart-et-la-fonction-de-la-lampe-de-chevet-automnale\/#primaryimage"},"thumbnailUrl":"https:\/\/www.mobilier-design-occasion.fr\/magazine\/wp-content\/uploads\/2023\/10\/9fd18e547af30a043f00ff6373a09928.jpeg","datePublished":"2023-10-06T06:49:06+00:00","dateModified":"2023-10-06T06:49:07+00:00","breadcrumb":{"@id":"https:\/\/www.mobilier-design-occasion.fr\/magazine\/eclairer-avec-style-lart-et-la-fonction-de-la-lampe-de-chevet-automnale\/#breadcrumb"},"inLanguage":"fr-FR","potentialAction":[{"@type":"ReadAction","target":["https:\/\/www.mobilier-design-occasion.fr\/magazine\/eclairer-avec-style-lart-et-la-fonction-de-la-lampe-de-chevet-automnale\/"]}]},{"@type":"ImageObject","inLanguage":"fr-FR","@id":"https:\/\/www.mobilier-design-occasion.fr\/magazine\/eclairer-avec-style-lart-et-la-fonction-de-la-lampe-de-chevet-automnale\/#primaryimage","url":"https:\/\/www.mobilier-design-occasion.fr\/magazine\/wp-content\/uploads\/2023\/10\/9fd18e547af30a043f00ff6373a09928.jpeg","contentUrl":"https:\/\/www.mobilier-design-occasion.fr\/magazine\/wp-content\/uploads\/2023\/10\/9fd18e547af30a043f00ff6373a09928.jpeg","width":1280,"height":811},{"@type":"BreadcrumbList","@id":"https:\/\/www.mobilier-design-occasion.fr\/magazine\/eclairer-avec-style-lart-et-la-fonction-de-la-lampe-de-chevet-automnale\/#breadcrumb","itemListElement":[{"@type":"ListItem","position":1,"name":"Accueil","item":"https:\/\/www.mobilier-design-occasion.fr\/magazine\/"},{"@type":"ListItem","position":2,"name":"\u00c9clairer avec style: l&rsquo;art et la fonction de la lampe de chevet automnale"}]},{"@type":"WebSite","@id":"https:\/\/www.mobilier-design-occasion.fr\/magazine\/#website","url":"https:\/\/www.mobilier-design-occasion.fr\/magazine\/","name":"Mobilier Design Magazine","description":"","publisher":{"@id":"https:\/\/www.mobilier-design-occasion.fr\/magazine\/#organization"},"potentialAction":[{"@type":"SearchAction","target":{"@type":"EntryPoint","urlTemplate":"https:\/\/www.mobilier-design-occasion.fr\/magazine\/?s={search_term_string}"},"query-input":{"@type":"PropertyValueSpecification","valueRequired":true,"valueName":"search_term_string"}}],"inLanguage":"fr-FR"},{"@type":"Organization","@id":"https:\/\/www.mobilier-design-occasion.fr\/magazine\/#organization","name":"Mobilier Design Magazine","url":"https:\/\/www.mobilier-design-occasion.fr\/magazine\/","logo":{"@type":"ImageObject","inLanguage":"fr-FR","@id":"https:\/\/www.mobilier-design-occasion.fr\/magazine\/#\/schema\/logo\/image\/","url":"https:\/\/www.mobilier-design-occasion.fr\/magazine\/wp-content\/uploads\/2024\/02\/android-chrome-192x192-1.png","contentUrl":"https:\/\/www.mobilier-design-occasion.fr\/magazine\/wp-content\/uploads\/2024\/02\/android-chrome-192x192-1.png","width":192,"height":192,"caption":"Mobilier Design Magazine"},"image":{"@id":"https:\/\/www.mobilier-design-occasion.fr\/magazine\/#\/schema\/logo\/image\/"},"sameAs":["https:\/\/www.facebook.com\/mobilierdesignoccasion"]},{"@type":"Person","@id":"https:\/\/www.mobilier-design-occasion.fr\/magazine\/#\/schema\/person\/5b2e5627a714ddadaaf8c9b886c55eff","name":"Cyrielle Poirot","image":{"@type":"ImageObject","inLanguage":"fr-FR","@id":"https:\/\/secure.gravatar.com\/avatar\/c8d2674e093b06894d8d1dc468b626bd752523471f3ac6e75f7c7a1400d40b4d?s=96&d=mm&r=g","url":"https:\/\/secure.gravatar.com\/avatar\/c8d2674e093b06894d8d1dc468b626bd752523471f3ac6e75f7c7a1400d40b4d?s=96&d=mm&r=g","contentUrl":"https:\/\/secure.gravatar.com\/avatar\/c8d2674e093b06894d8d1dc468b626bd752523471f3ac6e75f7c7a1400d40b4d?s=96&d=mm&r=g","caption":"Cyrielle Poirot"},"description":"Cyrielle est passionn\u00e9e par la d\u00e9coration d'int\u00e9rieur et s'est sp\u00e9cialis\u00e9e depuis quelques ann\u00e9es dans l'\u00e9dition du site Mobilier-Design, avec une touche sp\u00e9cifique pour les produits d'occasion.","sameAs":["https:\/\/www.mobilier-design-occasion.fr\/magazine"],"url":"https:\/\/www.mobilier-design-occasion.fr\/magazine\/author\/cyrielle\/"}]}},"_links":{"self":[{"href":"https:\/\/www.mobilier-design-occasion.fr\/magazine\/wp-json\/wp\/v2\/posts\/6849","targetHints":{"allow":["GET"]}}],"collection":[{"href":"https:\/\/www.mobilier-design-occasion.fr\/magazine\/wp-json\/wp\/v2\/posts"}],"about":[{"href":"https:\/\/www.mobilier-design-occasion.fr\/magazine\/wp-json\/wp\/v2\/types\/post"}],"author":[{"embeddable":true,"href":"https:\/\/www.mobilier-design-occasion.fr\/magazine\/wp-json\/wp\/v2\/users\/1"}],"replies":[{"embeddable":true,"href":"https:\/\/www.mobilier-design-occasion.fr\/magazine\/wp-json\/wp\/v2\/comments?post=6849"}],"version-history":[{"count":1,"href":"https:\/\/www.mobilier-design-occasion.fr\/magazine\/wp-json\/wp\/v2\/posts\/6849\/revisions"}],"predecessor-version":[{"id":6853,"href":"https:\/\/www.mobilier-design-occasion.fr\/magazine\/wp-json\/wp\/v2\/posts\/6849\/revisions\/6853"}],"wp:featuredmedia":[{"embeddable":true,"href":"https:\/\/www.mobilier-design-occasion.fr\/magazine\/wp-json\/wp\/v2\/media\/6852"}],"wp:attachment":[{"href":"https:\/\/www.mobilier-design-occasion.fr\/magazine\/wp-json\/wp\/v2\/media?parent=6849"}],"wp:term":[{"taxonomy":"category","embeddable":true,"href":"https:\/\/www.mobilier-design-occasion.fr\/magazine\/wp-json\/wp\/v2\/categories?post=6849"},{"taxonomy":"post_tag","embeddable":true,"href":"https:\/\/www.mobilier-design-occasion.fr\/magazine\/wp-json\/wp\/v2\/tags?post=6849"}],"curies":[{"name":"wp","href":"https:\/\/api.w.org\/{rel}","templated":true}]}}