{"id":6840,"date":"2023-09-27T15:48:25","date_gmt":"2023-09-27T15:48:25","guid":{"rendered":"https:\/\/www.mobilier-design-occasion.fr\/magazine\/?p=6840"},"modified":"2023-09-27T15:50:09","modified_gmt":"2023-09-27T15:50:09","slug":"comment-choisir-un-fauteuil-de-bureau-ergonomique","status":"publish","type":"post","link":"https:\/\/www.mobilier-design-occasion.fr\/magazine\/comment-choisir-un-fauteuil-de-bureau-ergonomique\/","title":{"rendered":"Comment choisir un fauteuil de bureau ergonomique\u2009?"},"content":{"rendered":"\n<p><\/p>\n\n\n\n<p>Le choix d\u2019un fauteuil de bureau confortable est vital en raison du temps que nous passons assis au quotidien. Ce temps est d\u2019ailleurs sup\u00e9rieur \u00e0 celui pass\u00e9 sur notre lit \u00e0 dormir. Pourtant, la position assise est loin d\u2019\u00eatre naturelle chez l\u2019humain. C\u2019est la raison pour laquelle notre corps subit des dommages et notre sant\u00e9 se voit affect\u00e9e.&nbsp;<\/p>\n\n\n\n<p>Savoir faire le choix de son fauteuil ou de sa chaise de bureau ergonomique devient crucial pour s\u2019\u00e9pargner des multiples maladies \u00e0 l\u2019instar des douleurs dorsales r\u00e9currentes. Alors, comment opter pour le fauteuil confortable qu\u2019il vous faut\u2009?<\/p>\n\n\n\n<h2 class=\"wp-block-heading\"><span class=\"ez-toc-section\" id=\"Etape_1_prendre_connaissance_de_la_bonne_position\"><\/span>\u00c9tape 1 : prendre connaissance de la bonne position<span class=\"ez-toc-section-end\"><\/span><\/h2><div id=\"ez-toc-container\" class=\"ez-toc-v2_0_82_2 counter-hierarchy ez-toc-counter ez-toc-grey ez-toc-container-direction\">\n<div class=\"ez-toc-title-container\">\n<span class=\"ez-toc-title-toggle\"><a href=\"#\" class=\"ez-toc-pull-right ez-toc-btn ez-toc-btn-xs ez-toc-btn-default ez-toc-toggle\" aria-label=\"Toggle Table of Content\"><span class=\"ez-toc-js-icon-con\"><span class=\"\"><span class=\"eztoc-hide\" style=\"display:none;\">Toggle<\/span><span class=\"ez-toc-icon-toggle-span\"><svg style=\"fill: #999;color:#999\" xmlns=\"http:\/\/www.w3.org\/2000\/svg\" class=\"list-377408\" width=\"20px\" height=\"20px\" viewBox=\"0 0 24 24\" fill=\"none\"><path d=\"M6 6H4v2h2V6zm14 0H8v2h12V6zM4 11h2v2H4v-2zm16 0H8v2h12v-2zM4 16h2v2H4v-2zm16 0H8v2h12v-2z\" fill=\"currentColor\"><\/path><\/svg><svg style=\"fill: #999;color:#999\" class=\"arrow-unsorted-368013\" xmlns=\"http:\/\/www.w3.org\/2000\/svg\" width=\"10px\" height=\"10px\" viewBox=\"0 0 24 24\" version=\"1.2\" baseProfile=\"tiny\"><path d=\"M18.2 9.3l-6.2-6.3-6.2 6.3c-.2.2-.3.4-.3.7s.1.5.3.7c.2.2.4.3.7.3h11c.3 0 .5-.1.7-.3.2-.2.3-.5.3-.7s-.1-.5-.3-.7zM5.8 14.7l6.2 6.3 6.2-6.3c.2-.2.3-.5.3-.7s-.1-.5-.3-.7c-.2-.2-.4-.3-.7-.3h-11c-.3 0-.5.1-.7.3-.2.2-.3.5-.3.7s.1.5.3.7z\"\/><\/svg><\/span><\/span><\/span><\/a><\/span><\/div>\n<nav><ul class='ez-toc-list ez-toc-list-level-1 eztoc-toggle-hide-by-default' ><li class='ez-toc-page-1 ez-toc-heading-level-2'><a class=\"ez-toc-link ez-toc-heading-1\" href=\"https:\/\/www.mobilier-design-occasion.fr\/magazine\/comment-choisir-un-fauteuil-de-bureau-ergonomique\/#Etape_1_prendre_connaissance_de_la_bonne_position\" >\u00c9tape 1 : prendre connaissance de la bonne position<\/a><\/li><li class='ez-toc-page-1 ez-toc-heading-level-2'><a class=\"ez-toc-link ez-toc-heading-2\" href=\"https:\/\/www.mobilier-design-occasion.fr\/magazine\/comment-choisir-un-fauteuil-de-bureau-ergonomique\/#Etape_2_La_prise_en_compte_de_votre_morphologie\" >\u00c9tape 2 : La prise en compte de votre morphologie<\/a><\/li><li class='ez-toc-page-1 ez-toc-heading-level-2'><a class=\"ez-toc-link ez-toc-heading-3\" href=\"https:\/\/www.mobilier-design-occasion.fr\/magazine\/comment-choisir-un-fauteuil-de-bureau-ergonomique\/#Etape_3_La_prise_en_compte_du_temps_dutilisation\" >\u00c9tape 3 : La prise en compte du temps d\u2019utilisation<\/a><\/li><li class='ez-toc-page-1 ez-toc-heading-level-2'><a class=\"ez-toc-link ez-toc-heading-4\" href=\"https:\/\/www.mobilier-design-occasion.fr\/magazine\/comment-choisir-un-fauteuil-de-bureau-ergonomique\/#Bon_a_savoir\" >Bon \u00e0 savoir<\/a><\/li><\/ul><\/nav><\/div>\n\n\n\n\n<p>Une position est dite confortable lorsqu\u2019elle vous permet de bouger. En effet, le fait de pouvoir \u00eatre mobile sur votre fauteuil de bureau permet au sang de bien circuler. Lorsque vous vous penchez fr\u00e9quemment vers l\u2019arri\u00e8re, cela r\u00e9duit la pression exerc\u00e9e sur vos disques intervert\u00e9braux. Cette facult\u00e9 favorise le soulagement de la tension musculaire. Voici quelques informations importantes en ce qui concerne la position assise :<\/p>\n\n\n\n<ul class=\"wp-block-list\">\n<li>1- Assurez-vous que la distance qui s\u00e9pare vos yeux de votre \u00e9cran est au-dessus de 40 cm\u2009;<\/li>\n\n\n\n<li>2- Positionnez bien votre dos de sorte \u00e0 le caler contre le dossier. Cela lui permet de se servir des galbes con\u00e7us pour cet objectif\u2009;<\/li>\n\n\n\n<li>3- R\u00e9glez bien le dossier sur la hauteur pour favoriser le soutien de vos lombaires et du bassin\u2009;<\/li>\n\n\n\n<li>4- Positionnez-vous au fond du si\u00e8ge afin de pouvoir vous servir de l\u2019appui qu&#8217;offre le dossier\u2009;<\/li>\n\n\n\n<li>5- Placez vos avant-bras sur l\u2019horizontal de sorte qu\u2019ils forment un angle de 90\u00b0 avec votre coude\u2009;<\/li>\n\n\n\n<li>6- Pour \u00e9viter la pression du creux poplit\u00e9 au niveau des genoux, l\u2019id\u00e9al est de respecter un angle de 90\u00b0 au moins. La distance qui s\u00e9pare les genoux d\u2019avec le bureau doit se situer autour de 10 cm\u2009;<\/li>\n\n\n\n<li>7- Pour finir, permettez \u00e0 vos pieds de se reposer \u00e0 plat au sol ou au besoin, posez-les sur un repose-pied.<\/li>\n<\/ul>\n\n\n\n<h2 class=\"wp-block-heading\"><span class=\"ez-toc-section\" id=\"Etape_2_La_prise_en_compte_de_votre_morphologie\"><\/span>\u00c9tape 2 : La prise en compte de votre morphologie<span class=\"ez-toc-section-end\"><\/span><\/h2>\n\n\n\n<p>Il ne sert \u00e0 rien de vous procurer une chaise qui ne convient pas \u00e0 votre morphologie. Elle doit consid\u00e9rer les probables difficult\u00e9s de votre dos ou s\u2019assurer d\u2019une bonne circulation sanguine. C\u2019est la raison pour laquelle <a href=\"https:\/\/ergomag.fr\/siege\/fauteuil-de-bureau-ergonomique\/\">un fauteuil de bureau ergonomique<\/a> r\u00e9duit consid\u00e9rablement les douleurs dorsales. Voici quelques crit\u00e8res que doit respecter votre fauteuil :<\/p>\n\n\n\n<p><strong>Ce qu\u2019il faut savoir sur l\u2019assise du fauteuil ergonomique<\/strong><\/p>\n\n\n\n<p>Le fauteuil doit poss\u00e9der une assise dirig\u00e9e l\u00e9g\u00e8rement vers le bas. Dans le cas o\u00f9 elle est droite, elle ne favorise pas une bonne circulation dans vos jambes. Avec une assise inclin\u00e9e, vous avez la garantie que vos vert\u00e8bres sont maintenues.<\/p>\n\n\n\n<p><strong>Ce qu\u2019il faut savoir sur le dossier du fauteuil ergonomique<\/strong><\/p>\n\n\n\n<p>Vous devez veiller \u00e0 ce que le dossier de la chaise soit capable d\u2019envelopper celui qui s\u2019y installe. Lorsqu\u2019il est trop \u00e9troit, il offre moins de confort. Cependant, plus il parvient \u00e0 encadrer votre dos, plus le fauteuil sera confortable.<\/p>\n\n\n\n<p><strong>Une chaise avec accoudoirs<\/strong><\/p>\n\n\n\n<p>Les chaises avec accoudoirs offrent un meilleur confort en comparaison \u00e0 celles qui n\u2019en disposent pas. Les accoudoirs servent \u00e0 soutenir et soulager les muscles situ\u00e9s dans la partie haute du corps. Toutefois, ils se d\u00e9clinent en diff\u00e9rentes cat\u00e9gories pour satisfaire divers profils d\u2019utilisateurs.<\/p>\n\n\n\n<figure class=\"wp-block-image size-full\"><img loading=\"lazy\" decoding=\"async\" width=\"534\" height=\"362\" src=\"https:\/\/www.mobilier-design-occasion.fr\/magazine\/wp-content\/uploads\/2023\/09\/image-3.png\" alt=\"\" class=\"wp-image-6843\" srcset=\"https:\/\/www.mobilier-design-occasion.fr\/magazine\/wp-content\/uploads\/2023\/09\/image-3.png 534w, https:\/\/www.mobilier-design-occasion.fr\/magazine\/wp-content\/uploads\/2023\/09\/image-3-300x203.png 300w\" sizes=\"auto, (max-width: 534px) 100vw, 534px\" \/><\/figure>\n\n\n\n<p>Ainsi, pour un fauteuil de bureau ergonomique, l\u2019id\u00e9al est que les accoudoirs soient ajustables tout au moins sur la hauteur. Si vous en avez la possibilit\u00e9, misez sur des accoudoirs pouvant se r\u00e9gler sur d\u2019autres directions en plus de la hauteur. Par exemple, les mouvements avant\/arri\u00e8re, celui gauche\/droite ou le pivotement sont tr\u00e8s int\u00e9ressants.<\/p>\n\n\n\n<h2 class=\"wp-block-heading\"><span class=\"ez-toc-section\" id=\"Etape_3_La_prise_en_compte_du_temps_dutilisation\"><\/span>\u00c9tape 3 : La prise en compte du temps d\u2019utilisation<span class=\"ez-toc-section-end\"><\/span><\/h2>\n\n\n\n<p>De nombreux troubles du dos peuvent \u00eatre engendr\u00e9s par une position assise continuelle. Voil\u00e0 pourquoi le temps d\u2019utilisation doit influencer le mod\u00e8le que vous choisissez. Voici quelques types de fauteuils ergonomiques que vous pouvez choisir en fonction du temps \u00e0 y passer chaque jour\u2026<\/p>\n\n\n\n<p><strong>Assise ponctuelle (en dessous de 3 heures)\u00a0<\/strong><\/p>\n\n\n\n<p>Optez pour un fauteuil d\u2019un m\u00e9canisme \u00ab\u2009standard\u2009\u00bb. Il propose un dossier fixe et une assise ajustable sur la hauteur\u2009;<\/p>\n\n\n\n<p><strong>Assise quotidienne (en dessous de 6 heures)\u00a0<\/strong><\/p>\n\n\n\n<p>Dans ce cas, tournez-vous vers le m\u00e9canisme de \u00ab\u2009contact permanent\u2009\u00bb. En effet, dans ce type de m\u00e9canisme, le dossier de la chaise suit continuellement l\u2019utilisateur dans ses mouvements. Le contact est donc maintenu de mani\u00e8re permanente avec le dos.<\/p>\n\n\n\n<p>Il est \u00e9galement possible de le verrouiller dans la position que vous d\u00e9sirez. Par rapport \u00e0 la force de rappel du dossier, sachez qu\u2019elle aussi est ajustable de sorte \u00e0 l\u2019harmoniser avec la morphologie et le poids de celui qui est assis. L\u2019assise quant \u00e0 elle demeure fixe.<\/p>\n\n\n\n<figure class=\"wp-block-image size-full\"><img loading=\"lazy\" decoding=\"async\" width=\"547\" height=\"375\" src=\"https:\/\/www.mobilier-design-occasion.fr\/magazine\/wp-content\/uploads\/2023\/09\/image-4.png\" alt=\"\" class=\"wp-image-6845\" srcset=\"https:\/\/www.mobilier-design-occasion.fr\/magazine\/wp-content\/uploads\/2023\/09\/image-4.png 547w, https:\/\/www.mobilier-design-occasion.fr\/magazine\/wp-content\/uploads\/2023\/09\/image-4-300x206.png 300w, https:\/\/www.mobilier-design-occasion.fr\/magazine\/wp-content\/uploads\/2023\/09\/image-4-145x100.png 145w, https:\/\/www.mobilier-design-occasion.fr\/magazine\/wp-content\/uploads\/2023\/09\/image-4-380x260.png 380w\" sizes=\"auto, (max-width: 547px) 100vw, 547px\" \/><\/figure>\n\n\n\n<p>Vous pouvez aussi miser sur un m\u00e9canisme \u00ab\u2009basculant centr\u00e9\u2009\u00bb. Ici, le dossier et l\u2019assise sont en mesure de basculer tout en maintenant l\u2019angle intact de sorte \u00e0 vous suivre. Cela sert \u00e9galement d\u2019amortisseur pour l\u2019ensemble des mouvements r\u00e9alis\u00e9s.<\/p>\n\n\n\n<p><strong>Assise intensive (en dessous de 8 heures)\u00a0<\/strong><\/p>\n\n\n\n<p>Le m\u00e9canisme \u00ab\u2009synchrone\u2009\u00bb est celui conseill\u00e9 dans ce cas. Le fauteuil ergonomique synchrone dispose d\u2019un dossier et d\u2019une assise capables de s\u2019incliner dans une harmonie qui vous soumet toujours au meilleur confort.<\/p>\n\n\n\n<p>Vous avez la possibilit\u00e9 d\u2019effectuer un r\u00e9glage du dossier afin de le rendre conforme \u00e0 votre physique et \u00e0 votre poids. Avec un syst\u00e8me anti-retour, vous \u00eates \u00e9pargn\u00e9 des chocs qui peuvent affecter la colonne vert\u00e9brale.<\/p>\n\n\n\n<p>De m\u00eame, un m\u00e9canisme \u00ab\u2009basculant axe d\u00e9cal\u00e9\u2009\u00bb montre son utilit\u00e9. Ce dernier poss\u00e8de des caract\u00e9ristiques identiques au basculant centr\u00e9, \u00e0 la diff\u00e9rence d\u2019avoir un avantage en plus. En effet, le basculant axe d\u00e9cal\u00e9 propose un axe de rotation qui est positionn\u00e9 vers l\u2019avant. Cela permet ainsi aux pieds de maintenir leur contact avec le sol, qu\u2019importe l\u2019intensit\u00e9 du balancement.<\/p>\n\n\n\n\n\n<h2 class=\"wp-block-heading\"><span class=\"ez-toc-section\" id=\"Bon_a_savoir\"><\/span>Bon \u00e0 savoir<span class=\"ez-toc-section-end\"><\/span><\/h2>\n\n\n\n<p>Choisir un fauteuil ergonomique n\u00e9cessite la prise en compte de quelques principes. Ces derniers concernent le fauteuil en lui-m\u00eame et les bonnes mani\u00e8res de se positionner. Puisque la position assise n\u2019est pas id\u00e9ale pour l\u2019Homme, il faudra pr\u00eater attention aux heures d\u2019utilisation afin que vos vert\u00e8bres ne puissent pas en payer le prix. Enfin, pratiquer une activit\u00e9 physique s\u2019av\u00e8re indispensable si vous souhaitez maintenir une bonne sant\u00e9 physique afin d\u2019accompagner l\u2019effort de votre fauteuil ergonomique bien choisi.<\/p>\n","protected":false},"excerpt":{"rendered":"<p>Le choix d\u2019un fauteuil de bureau confortable est vital en raison du temps que nous passons assis au quotidien. Ce temps est d\u2019ailleurs sup\u00e9rieur \u00e0 celui pass\u00e9 sur notre lit \u00e0 dormir. Pourtant, la position assise est loin d\u2019\u00eatre naturelle chez l\u2019humain. C\u2019est la raison pour laquelle notre corps subit des dommages et notre sant\u00e9 [&hellip;]<\/p>\n","protected":false},"author":2,"featured_media":6841,"comment_status":"open","ping_status":"open","sticky":false,"template":"","format":"standard","meta":{"footnotes":""},"categories":[128],"tags":[],"class_list":["post-6840","post","type-post","status-publish","format-standard","has-post-thumbnail","hentry","category-bureau"],"yoast_head":"<!-- This site is optimized with the Yoast SEO plugin v27.5 - https:\/\/yoast.com\/product\/yoast-seo-wordpress\/ -->\n<title>Comment choisir un fauteuil de bureau ergonomique\u2009? - Mobilier Design Magazine<\/title>\n<meta name=\"robots\" content=\"index, follow, max-snippet:-1, max-image-preview:large, max-video-preview:-1\" \/>\n<link rel=\"canonical\" href=\"https:\/\/www.mobilier-design-occasion.fr\/magazine\/comment-choisir-un-fauteuil-de-bureau-ergonomique\/\" \/>\n<meta property=\"og:locale\" content=\"fr_FR\" \/>\n<meta property=\"og:type\" content=\"article\" \/>\n<meta property=\"og:title\" content=\"Comment choisir un fauteuil de bureau ergonomique\u2009? - Mobilier Design Magazine\" \/>\n<meta property=\"og:description\" content=\"Le choix d\u2019un fauteuil de bureau confortable est vital en raison du temps que nous passons assis au quotidien. Ce temps est d\u2019ailleurs sup\u00e9rieur \u00e0 celui pass\u00e9 sur notre lit \u00e0 dormir. Pourtant, la position assise est loin d\u2019\u00eatre naturelle chez l\u2019humain. C\u2019est la raison pour laquelle notre corps subit des dommages et notre sant\u00e9 [&hellip;]\" \/>\n<meta property=\"og:url\" content=\"https:\/\/www.mobilier-design-occasion.fr\/magazine\/comment-choisir-un-fauteuil-de-bureau-ergonomique\/\" \/>\n<meta property=\"og:site_name\" content=\"Mobilier Design Magazine\" \/>\n<meta property=\"article:publisher\" content=\"https:\/\/www.facebook.com\/mobilierdesignoccasion\" \/>\n<meta property=\"article:published_time\" content=\"2023-09-27T15:48:25+00:00\" \/>\n<meta property=\"article:modified_time\" content=\"2023-09-27T15:50:09+00:00\" \/>\n<meta property=\"og:image\" content=\"https:\/\/www.mobilier-design-occasion.fr\/magazine\/wp-content\/uploads\/2023\/09\/chair-4281517_1280.png\" \/>\n\t<meta property=\"og:image:width\" content=\"960\" \/>\n\t<meta property=\"og:image:height\" content=\"1280\" \/>\n\t<meta property=\"og:image:type\" content=\"image\/png\" \/>\n<meta name=\"author\" content=\"Vincent Vandegans\" \/>\n<meta name=\"twitter:card\" content=\"summary_large_image\" \/>\n<meta name=\"twitter:label1\" content=\"\u00c9crit par\" \/>\n\t<meta name=\"twitter:data1\" content=\"Vincent Vandegans\" \/>\n\t<meta name=\"twitter:label2\" content=\"Dur\u00e9e de lecture estim\u00e9e\" \/>\n\t<meta name=\"twitter:data2\" content=\"5 minutes\" \/>\n<script type=\"application\/ld+json\" class=\"yoast-schema-graph\">{\"@context\":\"https:\\\/\\\/schema.org\",\"@graph\":[{\"@type\":\"Article\",\"@id\":\"https:\\\/\\\/www.mobilier-design-occasion.fr\\\/magazine\\\/comment-choisir-un-fauteuil-de-bureau-ergonomique\\\/#article\",\"isPartOf\":{\"@id\":\"https:\\\/\\\/www.mobilier-design-occasion.fr\\\/magazine\\\/comment-choisir-un-fauteuil-de-bureau-ergonomique\\\/\"},\"author\":{\"name\":\"Vincent Vandegans\",\"@id\":\"https:\\\/\\\/www.mobilier-design-occasion.fr\\\/magazine\\\/#\\\/schema\\\/person\\\/af895bedc80bfb6b17730a672fddac9e\"},\"headline\":\"Comment choisir un fauteuil de bureau ergonomique\u2009?\",\"datePublished\":\"2023-09-27T15:48:25+00:00\",\"dateModified\":\"2023-09-27T15:50:09+00:00\",\"mainEntityOfPage\":{\"@id\":\"https:\\\/\\\/www.mobilier-design-occasion.fr\\\/magazine\\\/comment-choisir-un-fauteuil-de-bureau-ergonomique\\\/\"},\"wordCount\":1106,\"commentCount\":0,\"publisher\":{\"@id\":\"https:\\\/\\\/www.mobilier-design-occasion.fr\\\/magazine\\\/#organization\"},\"image\":{\"@id\":\"https:\\\/\\\/www.mobilier-design-occasion.fr\\\/magazine\\\/comment-choisir-un-fauteuil-de-bureau-ergonomique\\\/#primaryimage\"},\"thumbnailUrl\":\"https:\\\/\\\/www.mobilier-design-occasion.fr\\\/magazine\\\/wp-content\\\/uploads\\\/2023\\\/09\\\/chair-4281517_1280.png\",\"articleSection\":[\"Bureau\"],\"inLanguage\":\"fr-FR\",\"potentialAction\":[{\"@type\":\"CommentAction\",\"name\":\"Comment\",\"target\":[\"https:\\\/\\\/www.mobilier-design-occasion.fr\\\/magazine\\\/comment-choisir-un-fauteuil-de-bureau-ergonomique\\\/#respond\"]}]},{\"@type\":\"WebPage\",\"@id\":\"https:\\\/\\\/www.mobilier-design-occasion.fr\\\/magazine\\\/comment-choisir-un-fauteuil-de-bureau-ergonomique\\\/\",\"url\":\"https:\\\/\\\/www.mobilier-design-occasion.fr\\\/magazine\\\/comment-choisir-un-fauteuil-de-bureau-ergonomique\\\/\",\"name\":\"Comment choisir un fauteuil de bureau ergonomique\u2009? - Mobilier Design Magazine\",\"isPartOf\":{\"@id\":\"https:\\\/\\\/www.mobilier-design-occasion.fr\\\/magazine\\\/#website\"},\"primaryImageOfPage\":{\"@id\":\"https:\\\/\\\/www.mobilier-design-occasion.fr\\\/magazine\\\/comment-choisir-un-fauteuil-de-bureau-ergonomique\\\/#primaryimage\"},\"image\":{\"@id\":\"https:\\\/\\\/www.mobilier-design-occasion.fr\\\/magazine\\\/comment-choisir-un-fauteuil-de-bureau-ergonomique\\\/#primaryimage\"},\"thumbnailUrl\":\"https:\\\/\\\/www.mobilier-design-occasion.fr\\\/magazine\\\/wp-content\\\/uploads\\\/2023\\\/09\\\/chair-4281517_1280.png\",\"datePublished\":\"2023-09-27T15:48:25+00:00\",\"dateModified\":\"2023-09-27T15:50:09+00:00\",\"breadcrumb\":{\"@id\":\"https:\\\/\\\/www.mobilier-design-occasion.fr\\\/magazine\\\/comment-choisir-un-fauteuil-de-bureau-ergonomique\\\/#breadcrumb\"},\"inLanguage\":\"fr-FR\",\"potentialAction\":[{\"@type\":\"ReadAction\",\"target\":[\"https:\\\/\\\/www.mobilier-design-occasion.fr\\\/magazine\\\/comment-choisir-un-fauteuil-de-bureau-ergonomique\\\/\"]}]},{\"@type\":\"ImageObject\",\"inLanguage\":\"fr-FR\",\"@id\":\"https:\\\/\\\/www.mobilier-design-occasion.fr\\\/magazine\\\/comment-choisir-un-fauteuil-de-bureau-ergonomique\\\/#primaryimage\",\"url\":\"https:\\\/\\\/www.mobilier-design-occasion.fr\\\/magazine\\\/wp-content\\\/uploads\\\/2023\\\/09\\\/chair-4281517_1280.png\",\"contentUrl\":\"https:\\\/\\\/www.mobilier-design-occasion.fr\\\/magazine\\\/wp-content\\\/uploads\\\/2023\\\/09\\\/chair-4281517_1280.png\",\"width\":960,\"height\":1280},{\"@type\":\"BreadcrumbList\",\"@id\":\"https:\\\/\\\/www.mobilier-design-occasion.fr\\\/magazine\\\/comment-choisir-un-fauteuil-de-bureau-ergonomique\\\/#breadcrumb\",\"itemListElement\":[{\"@type\":\"ListItem\",\"position\":1,\"name\":\"Accueil\",\"item\":\"https:\\\/\\\/www.mobilier-design-occasion.fr\\\/magazine\\\/\"},{\"@type\":\"ListItem\",\"position\":2,\"name\":\"Comment choisir un fauteuil de bureau ergonomique\u2009?\"}]},{\"@type\":\"WebSite\",\"@id\":\"https:\\\/\\\/www.mobilier-design-occasion.fr\\\/magazine\\\/#website\",\"url\":\"https:\\\/\\\/www.mobilier-design-occasion.fr\\\/magazine\\\/\",\"name\":\"Mobilier Design Magazine\",\"description\":\"\",\"publisher\":{\"@id\":\"https:\\\/\\\/www.mobilier-design-occasion.fr\\\/magazine\\\/#organization\"},\"potentialAction\":[{\"@type\":\"SearchAction\",\"target\":{\"@type\":\"EntryPoint\",\"urlTemplate\":\"https:\\\/\\\/www.mobilier-design-occasion.fr\\\/magazine\\\/?s={search_term_string}\"},\"query-input\":{\"@type\":\"PropertyValueSpecification\",\"valueRequired\":true,\"valueName\":\"search_term_string\"}}],\"inLanguage\":\"fr-FR\"},{\"@type\":\"Organization\",\"@id\":\"https:\\\/\\\/www.mobilier-design-occasion.fr\\\/magazine\\\/#organization\",\"name\":\"Mobilier Design Magazine\",\"url\":\"https:\\\/\\\/www.mobilier-design-occasion.fr\\\/magazine\\\/\",\"logo\":{\"@type\":\"ImageObject\",\"inLanguage\":\"fr-FR\",\"@id\":\"https:\\\/\\\/www.mobilier-design-occasion.fr\\\/magazine\\\/#\\\/schema\\\/logo\\\/image\\\/\",\"url\":\"https:\\\/\\\/www.mobilier-design-occasion.fr\\\/magazine\\\/wp-content\\\/uploads\\\/2024\\\/02\\\/android-chrome-192x192-1.png\",\"contentUrl\":\"https:\\\/\\\/www.mobilier-design-occasion.fr\\\/magazine\\\/wp-content\\\/uploads\\\/2024\\\/02\\\/android-chrome-192x192-1.png\",\"width\":192,\"height\":192,\"caption\":\"Mobilier Design Magazine\"},\"image\":{\"@id\":\"https:\\\/\\\/www.mobilier-design-occasion.fr\\\/magazine\\\/#\\\/schema\\\/logo\\\/image\\\/\"},\"sameAs\":[\"https:\\\/\\\/www.facebook.com\\\/mobilierdesignoccasion\"]},{\"@type\":\"Person\",\"@id\":\"https:\\\/\\\/www.mobilier-design-occasion.fr\\\/magazine\\\/#\\\/schema\\\/person\\\/af895bedc80bfb6b17730a672fddac9e\",\"name\":\"Vincent Vandegans\",\"image\":{\"@type\":\"ImageObject\",\"inLanguage\":\"fr-FR\",\"@id\":\"https:\\\/\\\/secure.gravatar.com\\\/avatar\\\/b984800dabdf722d5e3f03f637c8932dea77d81118467d17ad2953e3b273ec66?s=96&d=mm&r=g\",\"url\":\"https:\\\/\\\/secure.gravatar.com\\\/avatar\\\/b984800dabdf722d5e3f03f637c8932dea77d81118467d17ad2953e3b273ec66?s=96&d=mm&r=g\",\"contentUrl\":\"https:\\\/\\\/secure.gravatar.com\\\/avatar\\\/b984800dabdf722d5e3f03f637c8932dea77d81118467d17ad2953e3b273ec66?s=96&d=mm&r=g\",\"caption\":\"Vincent Vandegans\"},\"description\":\"Vincent est passionn\u00e9 par les produits d'occasion, il a ouvert le site MDO avec Cyrielle pour aider les gens \u00e0 trouver du mobilier d'occasion, vintage ou usag\u00e9. Depuis, ils ont \u00e9tendu leurs activit\u00e9s et conseillent tout le monde sur le mobilier d'int\u00e9rieur et d'ext\u00e9rieur au quotidien \u00e0 travers le magazine MDO.\",\"url\":\"https:\\\/\\\/www.mobilier-design-occasion.fr\\\/magazine\\\/author\\\/vincent\\\/\"}]}<\/script>\n<!-- \/ Yoast SEO plugin. -->","yoast_head_json":{"title":"Comment choisir un fauteuil de bureau ergonomique\u2009? - Mobilier Design Magazine","robots":{"index":"index","follow":"follow","max-snippet":"max-snippet:-1","max-image-preview":"max-image-preview:large","max-video-preview":"max-video-preview:-1"},"canonical":"https:\/\/www.mobilier-design-occasion.fr\/magazine\/comment-choisir-un-fauteuil-de-bureau-ergonomique\/","og_locale":"fr_FR","og_type":"article","og_title":"Comment choisir un fauteuil de bureau ergonomique\u2009? - Mobilier Design Magazine","og_description":"Le choix d\u2019un fauteuil de bureau confortable est vital en raison du temps que nous passons assis au quotidien. Ce temps est d\u2019ailleurs sup\u00e9rieur \u00e0 celui pass\u00e9 sur notre lit \u00e0 dormir. Pourtant, la position assise est loin d\u2019\u00eatre naturelle chez l\u2019humain. C\u2019est la raison pour laquelle notre corps subit des dommages et notre sant\u00e9 [&hellip;]","og_url":"https:\/\/www.mobilier-design-occasion.fr\/magazine\/comment-choisir-un-fauteuil-de-bureau-ergonomique\/","og_site_name":"Mobilier Design Magazine","article_publisher":"https:\/\/www.facebook.com\/mobilierdesignoccasion","article_published_time":"2023-09-27T15:48:25+00:00","article_modified_time":"2023-09-27T15:50:09+00:00","og_image":[{"width":960,"height":1280,"url":"https:\/\/www.mobilier-design-occasion.fr\/magazine\/wp-content\/uploads\/2023\/09\/chair-4281517_1280.png","type":"image\/png"}],"author":"Vincent Vandegans","twitter_card":"summary_large_image","twitter_misc":{"\u00c9crit par":"Vincent Vandegans","Dur\u00e9e de lecture estim\u00e9e":"5 minutes"},"schema":{"@context":"https:\/\/schema.org","@graph":[{"@type":"Article","@id":"https:\/\/www.mobilier-design-occasion.fr\/magazine\/comment-choisir-un-fauteuil-de-bureau-ergonomique\/#article","isPartOf":{"@id":"https:\/\/www.mobilier-design-occasion.fr\/magazine\/comment-choisir-un-fauteuil-de-bureau-ergonomique\/"},"author":{"name":"Vincent Vandegans","@id":"https:\/\/www.mobilier-design-occasion.fr\/magazine\/#\/schema\/person\/af895bedc80bfb6b17730a672fddac9e"},"headline":"Comment choisir un fauteuil de bureau ergonomique\u2009?","datePublished":"2023-09-27T15:48:25+00:00","dateModified":"2023-09-27T15:50:09+00:00","mainEntityOfPage":{"@id":"https:\/\/www.mobilier-design-occasion.fr\/magazine\/comment-choisir-un-fauteuil-de-bureau-ergonomique\/"},"wordCount":1106,"commentCount":0,"publisher":{"@id":"https:\/\/www.mobilier-design-occasion.fr\/magazine\/#organization"},"image":{"@id":"https:\/\/www.mobilier-design-occasion.fr\/magazine\/comment-choisir-un-fauteuil-de-bureau-ergonomique\/#primaryimage"},"thumbnailUrl":"https:\/\/www.mobilier-design-occasion.fr\/magazine\/wp-content\/uploads\/2023\/09\/chair-4281517_1280.png","articleSection":["Bureau"],"inLanguage":"fr-FR","potentialAction":[{"@type":"CommentAction","name":"Comment","target":["https:\/\/www.mobilier-design-occasion.fr\/magazine\/comment-choisir-un-fauteuil-de-bureau-ergonomique\/#respond"]}]},{"@type":"WebPage","@id":"https:\/\/www.mobilier-design-occasion.fr\/magazine\/comment-choisir-un-fauteuil-de-bureau-ergonomique\/","url":"https:\/\/www.mobilier-design-occasion.fr\/magazine\/comment-choisir-un-fauteuil-de-bureau-ergonomique\/","name":"Comment choisir un fauteuil de bureau ergonomique\u2009? - Mobilier Design Magazine","isPartOf":{"@id":"https:\/\/www.mobilier-design-occasion.fr\/magazine\/#website"},"primaryImageOfPage":{"@id":"https:\/\/www.mobilier-design-occasion.fr\/magazine\/comment-choisir-un-fauteuil-de-bureau-ergonomique\/#primaryimage"},"image":{"@id":"https:\/\/www.mobilier-design-occasion.fr\/magazine\/comment-choisir-un-fauteuil-de-bureau-ergonomique\/#primaryimage"},"thumbnailUrl":"https:\/\/www.mobilier-design-occasion.fr\/magazine\/wp-content\/uploads\/2023\/09\/chair-4281517_1280.png","datePublished":"2023-09-27T15:48:25+00:00","dateModified":"2023-09-27T15:50:09+00:00","breadcrumb":{"@id":"https:\/\/www.mobilier-design-occasion.fr\/magazine\/comment-choisir-un-fauteuil-de-bureau-ergonomique\/#breadcrumb"},"inLanguage":"fr-FR","potentialAction":[{"@type":"ReadAction","target":["https:\/\/www.mobilier-design-occasion.fr\/magazine\/comment-choisir-un-fauteuil-de-bureau-ergonomique\/"]}]},{"@type":"ImageObject","inLanguage":"fr-FR","@id":"https:\/\/www.mobilier-design-occasion.fr\/magazine\/comment-choisir-un-fauteuil-de-bureau-ergonomique\/#primaryimage","url":"https:\/\/www.mobilier-design-occasion.fr\/magazine\/wp-content\/uploads\/2023\/09\/chair-4281517_1280.png","contentUrl":"https:\/\/www.mobilier-design-occasion.fr\/magazine\/wp-content\/uploads\/2023\/09\/chair-4281517_1280.png","width":960,"height":1280},{"@type":"BreadcrumbList","@id":"https:\/\/www.mobilier-design-occasion.fr\/magazine\/comment-choisir-un-fauteuil-de-bureau-ergonomique\/#breadcrumb","itemListElement":[{"@type":"ListItem","position":1,"name":"Accueil","item":"https:\/\/www.mobilier-design-occasion.fr\/magazine\/"},{"@type":"ListItem","position":2,"name":"Comment choisir un fauteuil de bureau ergonomique\u2009?"}]},{"@type":"WebSite","@id":"https:\/\/www.mobilier-design-occasion.fr\/magazine\/#website","url":"https:\/\/www.mobilier-design-occasion.fr\/magazine\/","name":"Mobilier Design Magazine","description":"","publisher":{"@id":"https:\/\/www.mobilier-design-occasion.fr\/magazine\/#organization"},"potentialAction":[{"@type":"SearchAction","target":{"@type":"EntryPoint","urlTemplate":"https:\/\/www.mobilier-design-occasion.fr\/magazine\/?s={search_term_string}"},"query-input":{"@type":"PropertyValueSpecification","valueRequired":true,"valueName":"search_term_string"}}],"inLanguage":"fr-FR"},{"@type":"Organization","@id":"https:\/\/www.mobilier-design-occasion.fr\/magazine\/#organization","name":"Mobilier Design Magazine","url":"https:\/\/www.mobilier-design-occasion.fr\/magazine\/","logo":{"@type":"ImageObject","inLanguage":"fr-FR","@id":"https:\/\/www.mobilier-design-occasion.fr\/magazine\/#\/schema\/logo\/image\/","url":"https:\/\/www.mobilier-design-occasion.fr\/magazine\/wp-content\/uploads\/2024\/02\/android-chrome-192x192-1.png","contentUrl":"https:\/\/www.mobilier-design-occasion.fr\/magazine\/wp-content\/uploads\/2024\/02\/android-chrome-192x192-1.png","width":192,"height":192,"caption":"Mobilier Design Magazine"},"image":{"@id":"https:\/\/www.mobilier-design-occasion.fr\/magazine\/#\/schema\/logo\/image\/"},"sameAs":["https:\/\/www.facebook.com\/mobilierdesignoccasion"]},{"@type":"Person","@id":"https:\/\/www.mobilier-design-occasion.fr\/magazine\/#\/schema\/person\/af895bedc80bfb6b17730a672fddac9e","name":"Vincent Vandegans","image":{"@type":"ImageObject","inLanguage":"fr-FR","@id":"https:\/\/secure.gravatar.com\/avatar\/b984800dabdf722d5e3f03f637c8932dea77d81118467d17ad2953e3b273ec66?s=96&d=mm&r=g","url":"https:\/\/secure.gravatar.com\/avatar\/b984800dabdf722d5e3f03f637c8932dea77d81118467d17ad2953e3b273ec66?s=96&d=mm&r=g","contentUrl":"https:\/\/secure.gravatar.com\/avatar\/b984800dabdf722d5e3f03f637c8932dea77d81118467d17ad2953e3b273ec66?s=96&d=mm&r=g","caption":"Vincent Vandegans"},"description":"Vincent est passionn\u00e9 par les produits d'occasion, il a ouvert le site MDO avec Cyrielle pour aider les gens \u00e0 trouver du mobilier d'occasion, vintage ou usag\u00e9. Depuis, ils ont \u00e9tendu leurs activit\u00e9s et conseillent tout le monde sur le mobilier d'int\u00e9rieur et d'ext\u00e9rieur au quotidien \u00e0 travers le magazine MDO.","url":"https:\/\/www.mobilier-design-occasion.fr\/magazine\/author\/vincent\/"}]}},"_links":{"self":[{"href":"https:\/\/www.mobilier-design-occasion.fr\/magazine\/wp-json\/wp\/v2\/posts\/6840","targetHints":{"allow":["GET"]}}],"collection":[{"href":"https:\/\/www.mobilier-design-occasion.fr\/magazine\/wp-json\/wp\/v2\/posts"}],"about":[{"href":"https:\/\/www.mobilier-design-occasion.fr\/magazine\/wp-json\/wp\/v2\/types\/post"}],"author":[{"embeddable":true,"href":"https:\/\/www.mobilier-design-occasion.fr\/magazine\/wp-json\/wp\/v2\/users\/2"}],"replies":[{"embeddable":true,"href":"https:\/\/www.mobilier-design-occasion.fr\/magazine\/wp-json\/wp\/v2\/comments?post=6840"}],"version-history":[{"count":2,"href":"https:\/\/www.mobilier-design-occasion.fr\/magazine\/wp-json\/wp\/v2\/posts\/6840\/revisions"}],"predecessor-version":[{"id":6847,"href":"https:\/\/www.mobilier-design-occasion.fr\/magazine\/wp-json\/wp\/v2\/posts\/6840\/revisions\/6847"}],"wp:featuredmedia":[{"embeddable":true,"href":"https:\/\/www.mobilier-design-occasion.fr\/magazine\/wp-json\/wp\/v2\/media\/6841"}],"wp:attachment":[{"href":"https:\/\/www.mobilier-design-occasion.fr\/magazine\/wp-json\/wp\/v2\/media?parent=6840"}],"wp:term":[{"taxonomy":"category","embeddable":true,"href":"https:\/\/www.mobilier-design-occasion.fr\/magazine\/wp-json\/wp\/v2\/categories?post=6840"},{"taxonomy":"post_tag","embeddable":true,"href":"https:\/\/www.mobilier-design-occasion.fr\/magazine\/wp-json\/wp\/v2\/tags?post=6840"}],"curies":[{"name":"wp","href":"https:\/\/api.w.org\/{rel}","templated":true}]}}