{"id":6790,"date":"2023-09-22T07:23:17","date_gmt":"2023-09-22T07:23:17","guid":{"rendered":"https:\/\/www.mobilier-design-occasion.fr\/magazine\/?p=6790"},"modified":"2023-09-25T13:24:08","modified_gmt":"2023-09-25T13:24:08","slug":"quelques-astuces-pour-bien-choisir-le-lit-ideal-pour-sa-maison","status":"publish","type":"post","link":"https:\/\/www.mobilier-design-occasion.fr\/magazine\/quelques-astuces-pour-bien-choisir-le-lit-ideal-pour-sa-maison\/","title":{"rendered":"Quelques astuces pour bien choisir le lit id\u00e9al pour sa maison"},"content":{"rendered":"\n<p>Le lit, pi\u00e8ce ma\u00eetresse de la chambre, allie fonctionnalit\u00e9 et esth\u00e9tique. Bien le choisir est essentiel pour garantir un sommeil r\u00e9parateur et harmoniser son espace int\u00e9rieur. Voici quelques astuces pour vous guider.<\/p>\n\n\n\n<h2 class=\"wp-block-heading\">Opter pour une harmonie esth\u00e9tique<\/h2>\n\n\n\n<figure class=\"wp-block-image size-large\"><img loading=\"lazy\" decoding=\"async\" width=\"1024\" height=\"682\" src=\"https:\/\/www.mobilier-design-occasion.fr\/magazine\/wp-content\/uploads\/2023\/09\/795681a0dc57606e8524188ecaebbf71-1024x682.jpeg\" alt=\"\" class=\"wp-image-6791\" srcset=\"https:\/\/www.mobilier-design-occasion.fr\/magazine\/wp-content\/uploads\/2023\/09\/795681a0dc57606e8524188ecaebbf71-1024x682.jpeg 1024w, https:\/\/www.mobilier-design-occasion.fr\/magazine\/wp-content\/uploads\/2023\/09\/795681a0dc57606e8524188ecaebbf71-300x200.jpeg 300w, https:\/\/www.mobilier-design-occasion.fr\/magazine\/wp-content\/uploads\/2023\/09\/795681a0dc57606e8524188ecaebbf71-768x512.jpeg 768w, https:\/\/www.mobilier-design-occasion.fr\/magazine\/wp-content\/uploads\/2023\/09\/795681a0dc57606e8524188ecaebbf71-810x540.jpeg 810w, https:\/\/www.mobilier-design-occasion.fr\/magazine\/wp-content\/uploads\/2023\/09\/795681a0dc57606e8524188ecaebbf71-1140x760.jpeg 1140w, https:\/\/www.mobilier-design-occasion.fr\/magazine\/wp-content\/uploads\/2023\/09\/795681a0dc57606e8524188ecaebbf71.jpeg 1280w\" sizes=\"auto, (max-width: 1024px) 100vw, 1024px\" \/><\/figure>\n\n\n\n<p>Il n&#8217;est pas rare de voir quelqu&#8217;un choisir un lit uniquement pour sa fonction premi\u00e8re : dormir. Pourtant, au-del\u00e0 de ce besoin essentiel, il faut admettre que le lit est souvent le meuble dominant d&#8217;une chambre. Son choix devrait refl\u00e9ter les go\u00fbts personnels et la d\u00e9coration int\u00e9rieure de la pi\u00e8ce.&nbsp;<strong>La consid\u00e9ration esth\u00e9tique<\/strong>&nbsp;devient alors un crit\u00e8re de choix tout aussi important que le confort.<\/p>\n\n\n\n<p>Le choix de la mati\u00e8re joue un r\u00f4le crucial dans le rendu final. Par exemple, pour ceux qui sont sensibles \u00e0 une ambiance douillette, une structure de&nbsp;<a href=\"https:\/\/bobochicparis.com\/fr\/42-lit\">lit design<\/a>&nbsp;en tissu apporte non seulement une touche de chaleur, mais \u00e9galement un c\u00f4t\u00e9 enveloppant \u00e0 la chambre. Cette&nbsp;<strong>sensation de cocon<\/strong>, renforc\u00e9e par le toucher doux du tissu, peut favoriser un sommeil paisible.<\/p>\n\n\n\n<p>Par ailleurs, si vous \u00eates de ceux qui affectionnent les mat\u00e9riaux authentiques,&nbsp;<strong>le bois<\/strong>&nbsp;est ind\u00e9niablement une option \u00e0 consid\u00e9rer. Symbole de robustesse, il rappelle la nature et offre une multitude de finitions, du ch\u00eane rustique au pin \u00e9pur\u00e9.&nbsp;<strong>La diversit\u00e9 des teintes et des textures du bois<\/strong>&nbsp;permet de l&#8217;int\u00e9grer ais\u00e9ment \u00e0 diff\u00e9rents styles d\u00e9coratifs.<\/p>\n\n\n\n<h2 class=\"wp-block-heading\">Maximiser l&#8217;espace avec des lits malins<\/h2>\n\n\n\n<figure class=\"wp-block-image size-large\"><img loading=\"lazy\" decoding=\"async\" width=\"1024\" height=\"682\" src=\"https:\/\/www.mobilier-design-occasion.fr\/magazine\/wp-content\/uploads\/2023\/09\/5995cbfbab92e9020bbec80dd4c34759-1024x682.jpeg\" alt=\"\" class=\"wp-image-6793\" srcset=\"https:\/\/www.mobilier-design-occasion.fr\/magazine\/wp-content\/uploads\/2023\/09\/5995cbfbab92e9020bbec80dd4c34759-1024x682.jpeg 1024w, https:\/\/www.mobilier-design-occasion.fr\/magazine\/wp-content\/uploads\/2023\/09\/5995cbfbab92e9020bbec80dd4c34759-300x200.jpeg 300w, https:\/\/www.mobilier-design-occasion.fr\/magazine\/wp-content\/uploads\/2023\/09\/5995cbfbab92e9020bbec80dd4c34759-768x512.jpeg 768w, https:\/\/www.mobilier-design-occasion.fr\/magazine\/wp-content\/uploads\/2023\/09\/5995cbfbab92e9020bbec80dd4c34759-810x540.jpeg 810w, https:\/\/www.mobilier-design-occasion.fr\/magazine\/wp-content\/uploads\/2023\/09\/5995cbfbab92e9020bbec80dd4c34759-1140x760.jpeg 1140w, https:\/\/www.mobilier-design-occasion.fr\/magazine\/wp-content\/uploads\/2023\/09\/5995cbfbab92e9020bbec80dd4c34759.jpeg 1280w\" sizes=\"auto, (max-width: 1024px) 100vw, 1024px\" \/><\/figure>\n\n\n\n<p>Vivre dans un espace restreint est le lot de beaucoup, surtout dans les grandes agglom\u00e9rations. Dans ces conditions, chaque centim\u00e8tre carr\u00e9 compte, et la chambre n&#8217;y \u00e9chappe pas. Pourtant, au lieu de sacrifier d&#8217;autres meubles pour obtenir plus d&#8217;espace, pourquoi ne pas transformer le lit lui-m\u00eame en solution de rangement ?<\/p>\n\n\n\n<p>Un&nbsp;<strong>lit coffre<\/strong>, par exemple, est une proposition ing\u00e9nieuse pour ceux qui recherchent une fonctionnalit\u00e9 accrue. Sous le matelas, une vaste zone de rangement est accessible, id\u00e9ale pour stocker des objets moins utilis\u00e9s au quotidien. Qu&#8217;il s&#8217;agisse de jeux de soci\u00e9t\u00e9, de coussins d&#8217;appoint ou d&#8217;articles saisonniers, tout peut \u00eatre discr\u00e8tement rang\u00e9 \u00e0 port\u00e9e de main.<\/p>\n\n\n\n<p>Les&nbsp;<strong>lits \u00e0 tiroirs<\/strong>&nbsp;offrent \u00e9galement une solution de rangement astucieuse. Sans alt\u00e9rer l&#8217;esth\u00e9tique du meuble, ils mettent \u00e0 disposition des espaces discrets pour abriter toutes sortes d&#8217;objets. Cette optimisation de l&#8217;espace peut ainsi diminuer le besoin d&#8217;acqu\u00e9rir d&#8217;autres meubles de rangement, permettant de d\u00e9gager davantage d&#8217;espace au sol.<\/p>\n","protected":false},"excerpt":{"rendered":"<p>Le lit, pi\u00e8ce ma\u00eetresse de la chambre, allie fonctionnalit\u00e9 et esth\u00e9tique. Bien le choisir est essentiel pour garantir un sommeil r\u00e9parateur et harmoniser son espace int\u00e9rieur. Voici quelques astuces pour vous guider. Opter pour une harmonie esth\u00e9tique Il n&#8217;est pas rare de voir quelqu&#8217;un choisir un lit uniquement pour sa fonction premi\u00e8re : dormir. Pourtant, [&hellip;]<\/p>\n","protected":false},"author":1,"featured_media":6792,"comment_status":"open","ping_status":"open","sticky":false,"template":"","format":"standard","meta":{"footnotes":""},"categories":[126],"tags":[],"class_list":["post-6790","post","type-post","status-publish","format-standard","has-post-thumbnail","hentry","category-chambre-parent"],"yoast_head":"<!-- This site is optimized with the Yoast SEO plugin v27.5 - https:\/\/yoast.com\/product\/yoast-seo-wordpress\/ -->\n<title>Quelques astuces pour bien choisir le lit id\u00e9al pour sa maison - Mobilier Design Magazine<\/title>\n<meta name=\"robots\" content=\"index, follow, max-snippet:-1, max-image-preview:large, max-video-preview:-1\" \/>\n<link rel=\"canonical\" href=\"https:\/\/www.mobilier-design-occasion.fr\/magazine\/quelques-astuces-pour-bien-choisir-le-lit-ideal-pour-sa-maison\/\" \/>\n<meta property=\"og:locale\" content=\"fr_FR\" \/>\n<meta property=\"og:type\" content=\"article\" \/>\n<meta property=\"og:title\" content=\"Quelques astuces pour bien choisir le lit id\u00e9al pour sa maison - Mobilier Design Magazine\" \/>\n<meta property=\"og:description\" content=\"Le lit, pi\u00e8ce ma\u00eetresse de la chambre, allie fonctionnalit\u00e9 et esth\u00e9tique. Bien le choisir est essentiel pour garantir un sommeil r\u00e9parateur et harmoniser son espace int\u00e9rieur. Voici quelques astuces pour vous guider. Opter pour une harmonie esth\u00e9tique Il n&#8217;est pas rare de voir quelqu&#8217;un choisir un lit uniquement pour sa fonction premi\u00e8re : dormir. Pourtant, [&hellip;]\" \/>\n<meta property=\"og:url\" content=\"https:\/\/www.mobilier-design-occasion.fr\/magazine\/quelques-astuces-pour-bien-choisir-le-lit-ideal-pour-sa-maison\/\" \/>\n<meta property=\"og:site_name\" content=\"Mobilier Design Magazine\" \/>\n<meta property=\"article:publisher\" content=\"https:\/\/www.facebook.com\/mobilierdesignoccasion\" \/>\n<meta property=\"article:published_time\" content=\"2023-09-22T07:23:17+00:00\" \/>\n<meta property=\"article:modified_time\" content=\"2023-09-25T13:24:08+00:00\" \/>\n<meta property=\"og:image\" content=\"https:\/\/www.mobilier-design-occasion.fr\/magazine\/wp-content\/uploads\/2023\/09\/173f47cf0b6236d1b9a4494228fd7daf.jpeg\" \/>\n\t<meta property=\"og:image:width\" content=\"1280\" \/>\n\t<meta property=\"og:image:height\" content=\"845\" \/>\n\t<meta property=\"og:image:type\" content=\"image\/jpeg\" \/>\n<meta name=\"author\" content=\"Cyrielle Poirot\" \/>\n<meta name=\"twitter:card\" content=\"summary_large_image\" \/>\n<meta name=\"twitter:label1\" content=\"\u00c9crit par\" \/>\n\t<meta name=\"twitter:data1\" content=\"Cyrielle Poirot\" \/>\n\t<meta name=\"twitter:label2\" content=\"Dur\u00e9e de lecture estim\u00e9e\" \/>\n\t<meta name=\"twitter:data2\" content=\"2 minutes\" \/>\n<script type=\"application\/ld+json\" class=\"yoast-schema-graph\">{\"@context\":\"https:\\\/\\\/schema.org\",\"@graph\":[{\"@type\":\"Article\",\"@id\":\"https:\\\/\\\/www.mobilier-design-occasion.fr\\\/magazine\\\/quelques-astuces-pour-bien-choisir-le-lit-ideal-pour-sa-maison\\\/#article\",\"isPartOf\":{\"@id\":\"https:\\\/\\\/www.mobilier-design-occasion.fr\\\/magazine\\\/quelques-astuces-pour-bien-choisir-le-lit-ideal-pour-sa-maison\\\/\"},\"author\":{\"name\":\"Cyrielle Poirot\",\"@id\":\"https:\\\/\\\/www.mobilier-design-occasion.fr\\\/magazine\\\/#\\\/schema\\\/person\\\/5b2e5627a714ddadaaf8c9b886c55eff\"},\"headline\":\"Quelques astuces pour bien choisir le lit id\u00e9al pour sa maison\",\"datePublished\":\"2023-09-22T07:23:17+00:00\",\"dateModified\":\"2023-09-25T13:24:08+00:00\",\"mainEntityOfPage\":{\"@id\":\"https:\\\/\\\/www.mobilier-design-occasion.fr\\\/magazine\\\/quelques-astuces-pour-bien-choisir-le-lit-ideal-pour-sa-maison\\\/\"},\"wordCount\":455,\"commentCount\":0,\"publisher\":{\"@id\":\"https:\\\/\\\/www.mobilier-design-occasion.fr\\\/magazine\\\/#organization\"},\"image\":{\"@id\":\"https:\\\/\\\/www.mobilier-design-occasion.fr\\\/magazine\\\/quelques-astuces-pour-bien-choisir-le-lit-ideal-pour-sa-maison\\\/#primaryimage\"},\"thumbnailUrl\":\"https:\\\/\\\/www.mobilier-design-occasion.fr\\\/magazine\\\/wp-content\\\/uploads\\\/2023\\\/09\\\/173f47cf0b6236d1b9a4494228fd7daf.jpeg\",\"articleSection\":[\"Chambre parent\"],\"inLanguage\":\"fr-FR\",\"potentialAction\":[{\"@type\":\"CommentAction\",\"name\":\"Comment\",\"target\":[\"https:\\\/\\\/www.mobilier-design-occasion.fr\\\/magazine\\\/quelques-astuces-pour-bien-choisir-le-lit-ideal-pour-sa-maison\\\/#respond\"]}]},{\"@type\":\"WebPage\",\"@id\":\"https:\\\/\\\/www.mobilier-design-occasion.fr\\\/magazine\\\/quelques-astuces-pour-bien-choisir-le-lit-ideal-pour-sa-maison\\\/\",\"url\":\"https:\\\/\\\/www.mobilier-design-occasion.fr\\\/magazine\\\/quelques-astuces-pour-bien-choisir-le-lit-ideal-pour-sa-maison\\\/\",\"name\":\"Quelques astuces pour bien choisir le lit id\u00e9al pour sa maison - Mobilier Design Magazine\",\"isPartOf\":{\"@id\":\"https:\\\/\\\/www.mobilier-design-occasion.fr\\\/magazine\\\/#website\"},\"primaryImageOfPage\":{\"@id\":\"https:\\\/\\\/www.mobilier-design-occasion.fr\\\/magazine\\\/quelques-astuces-pour-bien-choisir-le-lit-ideal-pour-sa-maison\\\/#primaryimage\"},\"image\":{\"@id\":\"https:\\\/\\\/www.mobilier-design-occasion.fr\\\/magazine\\\/quelques-astuces-pour-bien-choisir-le-lit-ideal-pour-sa-maison\\\/#primaryimage\"},\"thumbnailUrl\":\"https:\\\/\\\/www.mobilier-design-occasion.fr\\\/magazine\\\/wp-content\\\/uploads\\\/2023\\\/09\\\/173f47cf0b6236d1b9a4494228fd7daf.jpeg\",\"datePublished\":\"2023-09-22T07:23:17+00:00\",\"dateModified\":\"2023-09-25T13:24:08+00:00\",\"breadcrumb\":{\"@id\":\"https:\\\/\\\/www.mobilier-design-occasion.fr\\\/magazine\\\/quelques-astuces-pour-bien-choisir-le-lit-ideal-pour-sa-maison\\\/#breadcrumb\"},\"inLanguage\":\"fr-FR\",\"potentialAction\":[{\"@type\":\"ReadAction\",\"target\":[\"https:\\\/\\\/www.mobilier-design-occasion.fr\\\/magazine\\\/quelques-astuces-pour-bien-choisir-le-lit-ideal-pour-sa-maison\\\/\"]}]},{\"@type\":\"ImageObject\",\"inLanguage\":\"fr-FR\",\"@id\":\"https:\\\/\\\/www.mobilier-design-occasion.fr\\\/magazine\\\/quelques-astuces-pour-bien-choisir-le-lit-ideal-pour-sa-maison\\\/#primaryimage\",\"url\":\"https:\\\/\\\/www.mobilier-design-occasion.fr\\\/magazine\\\/wp-content\\\/uploads\\\/2023\\\/09\\\/173f47cf0b6236d1b9a4494228fd7daf.jpeg\",\"contentUrl\":\"https:\\\/\\\/www.mobilier-design-occasion.fr\\\/magazine\\\/wp-content\\\/uploads\\\/2023\\\/09\\\/173f47cf0b6236d1b9a4494228fd7daf.jpeg\",\"width\":1280,\"height\":845},{\"@type\":\"BreadcrumbList\",\"@id\":\"https:\\\/\\\/www.mobilier-design-occasion.fr\\\/magazine\\\/quelques-astuces-pour-bien-choisir-le-lit-ideal-pour-sa-maison\\\/#breadcrumb\",\"itemListElement\":[{\"@type\":\"ListItem\",\"position\":1,\"name\":\"Accueil\",\"item\":\"https:\\\/\\\/www.mobilier-design-occasion.fr\\\/magazine\\\/\"},{\"@type\":\"ListItem\",\"position\":2,\"name\":\"Quelques astuces pour bien choisir le lit id\u00e9al pour sa maison\"}]},{\"@type\":\"WebSite\",\"@id\":\"https:\\\/\\\/www.mobilier-design-occasion.fr\\\/magazine\\\/#website\",\"url\":\"https:\\\/\\\/www.mobilier-design-occasion.fr\\\/magazine\\\/\",\"name\":\"Mobilier Design Magazine\",\"description\":\"\",\"publisher\":{\"@id\":\"https:\\\/\\\/www.mobilier-design-occasion.fr\\\/magazine\\\/#organization\"},\"potentialAction\":[{\"@type\":\"SearchAction\",\"target\":{\"@type\":\"EntryPoint\",\"urlTemplate\":\"https:\\\/\\\/www.mobilier-design-occasion.fr\\\/magazine\\\/?s={search_term_string}\"},\"query-input\":{\"@type\":\"PropertyValueSpecification\",\"valueRequired\":true,\"valueName\":\"search_term_string\"}}],\"inLanguage\":\"fr-FR\"},{\"@type\":\"Organization\",\"@id\":\"https:\\\/\\\/www.mobilier-design-occasion.fr\\\/magazine\\\/#organization\",\"name\":\"Mobilier Design Magazine\",\"url\":\"https:\\\/\\\/www.mobilier-design-occasion.fr\\\/magazine\\\/\",\"logo\":{\"@type\":\"ImageObject\",\"inLanguage\":\"fr-FR\",\"@id\":\"https:\\\/\\\/www.mobilier-design-occasion.fr\\\/magazine\\\/#\\\/schema\\\/logo\\\/image\\\/\",\"url\":\"https:\\\/\\\/www.mobilier-design-occasion.fr\\\/magazine\\\/wp-content\\\/uploads\\\/2024\\\/02\\\/android-chrome-192x192-1.png\",\"contentUrl\":\"https:\\\/\\\/www.mobilier-design-occasion.fr\\\/magazine\\\/wp-content\\\/uploads\\\/2024\\\/02\\\/android-chrome-192x192-1.png\",\"width\":192,\"height\":192,\"caption\":\"Mobilier Design Magazine\"},\"image\":{\"@id\":\"https:\\\/\\\/www.mobilier-design-occasion.fr\\\/magazine\\\/#\\\/schema\\\/logo\\\/image\\\/\"},\"sameAs\":[\"https:\\\/\\\/www.facebook.com\\\/mobilierdesignoccasion\"]},{\"@type\":\"Person\",\"@id\":\"https:\\\/\\\/www.mobilier-design-occasion.fr\\\/magazine\\\/#\\\/schema\\\/person\\\/5b2e5627a714ddadaaf8c9b886c55eff\",\"name\":\"Cyrielle Poirot\",\"image\":{\"@type\":\"ImageObject\",\"inLanguage\":\"fr-FR\",\"@id\":\"https:\\\/\\\/secure.gravatar.com\\\/avatar\\\/c8d2674e093b06894d8d1dc468b626bd752523471f3ac6e75f7c7a1400d40b4d?s=96&d=mm&r=g\",\"url\":\"https:\\\/\\\/secure.gravatar.com\\\/avatar\\\/c8d2674e093b06894d8d1dc468b626bd752523471f3ac6e75f7c7a1400d40b4d?s=96&d=mm&r=g\",\"contentUrl\":\"https:\\\/\\\/secure.gravatar.com\\\/avatar\\\/c8d2674e093b06894d8d1dc468b626bd752523471f3ac6e75f7c7a1400d40b4d?s=96&d=mm&r=g\",\"caption\":\"Cyrielle Poirot\"},\"description\":\"Cyrielle est passionn\u00e9e par la d\u00e9coration d'int\u00e9rieur et s'est sp\u00e9cialis\u00e9e depuis quelques ann\u00e9es dans l'\u00e9dition du site Mobilier-Design, avec une touche sp\u00e9cifique pour les produits d'occasion.\",\"sameAs\":[\"https:\\\/\\\/www.mobilier-design-occasion.fr\\\/magazine\"],\"url\":\"https:\\\/\\\/www.mobilier-design-occasion.fr\\\/magazine\\\/author\\\/cyrielle\\\/\"}]}<\/script>\n<!-- \/ Yoast SEO plugin. -->","yoast_head_json":{"title":"Quelques astuces pour bien choisir le lit id\u00e9al pour sa maison - Mobilier Design Magazine","robots":{"index":"index","follow":"follow","max-snippet":"max-snippet:-1","max-image-preview":"max-image-preview:large","max-video-preview":"max-video-preview:-1"},"canonical":"https:\/\/www.mobilier-design-occasion.fr\/magazine\/quelques-astuces-pour-bien-choisir-le-lit-ideal-pour-sa-maison\/","og_locale":"fr_FR","og_type":"article","og_title":"Quelques astuces pour bien choisir le lit id\u00e9al pour sa maison - Mobilier Design Magazine","og_description":"Le lit, pi\u00e8ce ma\u00eetresse de la chambre, allie fonctionnalit\u00e9 et esth\u00e9tique. Bien le choisir est essentiel pour garantir un sommeil r\u00e9parateur et harmoniser son espace int\u00e9rieur. Voici quelques astuces pour vous guider. Opter pour une harmonie esth\u00e9tique Il n&#8217;est pas rare de voir quelqu&#8217;un choisir un lit uniquement pour sa fonction premi\u00e8re : dormir. Pourtant, [&hellip;]","og_url":"https:\/\/www.mobilier-design-occasion.fr\/magazine\/quelques-astuces-pour-bien-choisir-le-lit-ideal-pour-sa-maison\/","og_site_name":"Mobilier Design Magazine","article_publisher":"https:\/\/www.facebook.com\/mobilierdesignoccasion","article_published_time":"2023-09-22T07:23:17+00:00","article_modified_time":"2023-09-25T13:24:08+00:00","og_image":[{"width":1280,"height":845,"url":"https:\/\/www.mobilier-design-occasion.fr\/magazine\/wp-content\/uploads\/2023\/09\/173f47cf0b6236d1b9a4494228fd7daf.jpeg","type":"image\/jpeg"}],"author":"Cyrielle Poirot","twitter_card":"summary_large_image","twitter_misc":{"\u00c9crit par":"Cyrielle Poirot","Dur\u00e9e de lecture estim\u00e9e":"2 minutes"},"schema":{"@context":"https:\/\/schema.org","@graph":[{"@type":"Article","@id":"https:\/\/www.mobilier-design-occasion.fr\/magazine\/quelques-astuces-pour-bien-choisir-le-lit-ideal-pour-sa-maison\/#article","isPartOf":{"@id":"https:\/\/www.mobilier-design-occasion.fr\/magazine\/quelques-astuces-pour-bien-choisir-le-lit-ideal-pour-sa-maison\/"},"author":{"name":"Cyrielle Poirot","@id":"https:\/\/www.mobilier-design-occasion.fr\/magazine\/#\/schema\/person\/5b2e5627a714ddadaaf8c9b886c55eff"},"headline":"Quelques astuces pour bien choisir le lit id\u00e9al pour sa maison","datePublished":"2023-09-22T07:23:17+00:00","dateModified":"2023-09-25T13:24:08+00:00","mainEntityOfPage":{"@id":"https:\/\/www.mobilier-design-occasion.fr\/magazine\/quelques-astuces-pour-bien-choisir-le-lit-ideal-pour-sa-maison\/"},"wordCount":455,"commentCount":0,"publisher":{"@id":"https:\/\/www.mobilier-design-occasion.fr\/magazine\/#organization"},"image":{"@id":"https:\/\/www.mobilier-design-occasion.fr\/magazine\/quelques-astuces-pour-bien-choisir-le-lit-ideal-pour-sa-maison\/#primaryimage"},"thumbnailUrl":"https:\/\/www.mobilier-design-occasion.fr\/magazine\/wp-content\/uploads\/2023\/09\/173f47cf0b6236d1b9a4494228fd7daf.jpeg","articleSection":["Chambre parent"],"inLanguage":"fr-FR","potentialAction":[{"@type":"CommentAction","name":"Comment","target":["https:\/\/www.mobilier-design-occasion.fr\/magazine\/quelques-astuces-pour-bien-choisir-le-lit-ideal-pour-sa-maison\/#respond"]}]},{"@type":"WebPage","@id":"https:\/\/www.mobilier-design-occasion.fr\/magazine\/quelques-astuces-pour-bien-choisir-le-lit-ideal-pour-sa-maison\/","url":"https:\/\/www.mobilier-design-occasion.fr\/magazine\/quelques-astuces-pour-bien-choisir-le-lit-ideal-pour-sa-maison\/","name":"Quelques astuces pour bien choisir le lit id\u00e9al pour sa maison - Mobilier Design Magazine","isPartOf":{"@id":"https:\/\/www.mobilier-design-occasion.fr\/magazine\/#website"},"primaryImageOfPage":{"@id":"https:\/\/www.mobilier-design-occasion.fr\/magazine\/quelques-astuces-pour-bien-choisir-le-lit-ideal-pour-sa-maison\/#primaryimage"},"image":{"@id":"https:\/\/www.mobilier-design-occasion.fr\/magazine\/quelques-astuces-pour-bien-choisir-le-lit-ideal-pour-sa-maison\/#primaryimage"},"thumbnailUrl":"https:\/\/www.mobilier-design-occasion.fr\/magazine\/wp-content\/uploads\/2023\/09\/173f47cf0b6236d1b9a4494228fd7daf.jpeg","datePublished":"2023-09-22T07:23:17+00:00","dateModified":"2023-09-25T13:24:08+00:00","breadcrumb":{"@id":"https:\/\/www.mobilier-design-occasion.fr\/magazine\/quelques-astuces-pour-bien-choisir-le-lit-ideal-pour-sa-maison\/#breadcrumb"},"inLanguage":"fr-FR","potentialAction":[{"@type":"ReadAction","target":["https:\/\/www.mobilier-design-occasion.fr\/magazine\/quelques-astuces-pour-bien-choisir-le-lit-ideal-pour-sa-maison\/"]}]},{"@type":"ImageObject","inLanguage":"fr-FR","@id":"https:\/\/www.mobilier-design-occasion.fr\/magazine\/quelques-astuces-pour-bien-choisir-le-lit-ideal-pour-sa-maison\/#primaryimage","url":"https:\/\/www.mobilier-design-occasion.fr\/magazine\/wp-content\/uploads\/2023\/09\/173f47cf0b6236d1b9a4494228fd7daf.jpeg","contentUrl":"https:\/\/www.mobilier-design-occasion.fr\/magazine\/wp-content\/uploads\/2023\/09\/173f47cf0b6236d1b9a4494228fd7daf.jpeg","width":1280,"height":845},{"@type":"BreadcrumbList","@id":"https:\/\/www.mobilier-design-occasion.fr\/magazine\/quelques-astuces-pour-bien-choisir-le-lit-ideal-pour-sa-maison\/#breadcrumb","itemListElement":[{"@type":"ListItem","position":1,"name":"Accueil","item":"https:\/\/www.mobilier-design-occasion.fr\/magazine\/"},{"@type":"ListItem","position":2,"name":"Quelques astuces pour bien choisir le lit id\u00e9al pour sa maison"}]},{"@type":"WebSite","@id":"https:\/\/www.mobilier-design-occasion.fr\/magazine\/#website","url":"https:\/\/www.mobilier-design-occasion.fr\/magazine\/","name":"Mobilier Design Magazine","description":"","publisher":{"@id":"https:\/\/www.mobilier-design-occasion.fr\/magazine\/#organization"},"potentialAction":[{"@type":"SearchAction","target":{"@type":"EntryPoint","urlTemplate":"https:\/\/www.mobilier-design-occasion.fr\/magazine\/?s={search_term_string}"},"query-input":{"@type":"PropertyValueSpecification","valueRequired":true,"valueName":"search_term_string"}}],"inLanguage":"fr-FR"},{"@type":"Organization","@id":"https:\/\/www.mobilier-design-occasion.fr\/magazine\/#organization","name":"Mobilier Design Magazine","url":"https:\/\/www.mobilier-design-occasion.fr\/magazine\/","logo":{"@type":"ImageObject","inLanguage":"fr-FR","@id":"https:\/\/www.mobilier-design-occasion.fr\/magazine\/#\/schema\/logo\/image\/","url":"https:\/\/www.mobilier-design-occasion.fr\/magazine\/wp-content\/uploads\/2024\/02\/android-chrome-192x192-1.png","contentUrl":"https:\/\/www.mobilier-design-occasion.fr\/magazine\/wp-content\/uploads\/2024\/02\/android-chrome-192x192-1.png","width":192,"height":192,"caption":"Mobilier Design Magazine"},"image":{"@id":"https:\/\/www.mobilier-design-occasion.fr\/magazine\/#\/schema\/logo\/image\/"},"sameAs":["https:\/\/www.facebook.com\/mobilierdesignoccasion"]},{"@type":"Person","@id":"https:\/\/www.mobilier-design-occasion.fr\/magazine\/#\/schema\/person\/5b2e5627a714ddadaaf8c9b886c55eff","name":"Cyrielle Poirot","image":{"@type":"ImageObject","inLanguage":"fr-FR","@id":"https:\/\/secure.gravatar.com\/avatar\/c8d2674e093b06894d8d1dc468b626bd752523471f3ac6e75f7c7a1400d40b4d?s=96&d=mm&r=g","url":"https:\/\/secure.gravatar.com\/avatar\/c8d2674e093b06894d8d1dc468b626bd752523471f3ac6e75f7c7a1400d40b4d?s=96&d=mm&r=g","contentUrl":"https:\/\/secure.gravatar.com\/avatar\/c8d2674e093b06894d8d1dc468b626bd752523471f3ac6e75f7c7a1400d40b4d?s=96&d=mm&r=g","caption":"Cyrielle Poirot"},"description":"Cyrielle est passionn\u00e9e par la d\u00e9coration d'int\u00e9rieur et s'est sp\u00e9cialis\u00e9e depuis quelques ann\u00e9es dans l'\u00e9dition du site Mobilier-Design, avec une touche sp\u00e9cifique pour les produits d'occasion.","sameAs":["https:\/\/www.mobilier-design-occasion.fr\/magazine"],"url":"https:\/\/www.mobilier-design-occasion.fr\/magazine\/author\/cyrielle\/"}]}},"_links":{"self":[{"href":"https:\/\/www.mobilier-design-occasion.fr\/magazine\/wp-json\/wp\/v2\/posts\/6790","targetHints":{"allow":["GET"]}}],"collection":[{"href":"https:\/\/www.mobilier-design-occasion.fr\/magazine\/wp-json\/wp\/v2\/posts"}],"about":[{"href":"https:\/\/www.mobilier-design-occasion.fr\/magazine\/wp-json\/wp\/v2\/types\/post"}],"author":[{"embeddable":true,"href":"https:\/\/www.mobilier-design-occasion.fr\/magazine\/wp-json\/wp\/v2\/users\/1"}],"replies":[{"embeddable":true,"href":"https:\/\/www.mobilier-design-occasion.fr\/magazine\/wp-json\/wp\/v2\/comments?post=6790"}],"version-history":[{"count":1,"href":"https:\/\/www.mobilier-design-occasion.fr\/magazine\/wp-json\/wp\/v2\/posts\/6790\/revisions"}],"predecessor-version":[{"id":6794,"href":"https:\/\/www.mobilier-design-occasion.fr\/magazine\/wp-json\/wp\/v2\/posts\/6790\/revisions\/6794"}],"wp:featuredmedia":[{"embeddable":true,"href":"https:\/\/www.mobilier-design-occasion.fr\/magazine\/wp-json\/wp\/v2\/media\/6792"}],"wp:attachment":[{"href":"https:\/\/www.mobilier-design-occasion.fr\/magazine\/wp-json\/wp\/v2\/media?parent=6790"}],"wp:term":[{"taxonomy":"category","embeddable":true,"href":"https:\/\/www.mobilier-design-occasion.fr\/magazine\/wp-json\/wp\/v2\/categories?post=6790"},{"taxonomy":"post_tag","embeddable":true,"href":"https:\/\/www.mobilier-design-occasion.fr\/magazine\/wp-json\/wp\/v2\/tags?post=6790"}],"curies":[{"name":"wp","href":"https:\/\/api.w.org\/{rel}","templated":true}]}}