{"id":6773,"date":"2023-09-14T14:04:06","date_gmt":"2023-09-14T14:04:06","guid":{"rendered":"https:\/\/www.mobilier-design-occasion.fr\/magazine\/?p=6773"},"modified":"2023-09-25T13:30:50","modified_gmt":"2023-09-25T13:30:50","slug":"avis-panier-a-langer-de-chez-le-lit-cabane","status":"publish","type":"post","link":"https:\/\/www.mobilier-design-occasion.fr\/magazine\/avis-panier-a-langer-de-chez-le-lit-cabane\/","title":{"rendered":"Avis panier \u00e0 langer de chez Le Lit Cabane"},"content":{"rendered":"\n<p>La qu\u00eate du panier \u00e0 langer parfait est un passage oblig\u00e9 pour de nombreux parents. Avec une offre \u00e9norme sur le march\u00e9, il est parfois compliqu\u00e9 de faire un choix \u00e9clair\u00e9. Parmi les nombreuses options, le panier \u00e0 langer de chez <a href=\"https:\/\/www.lelitcabane.fr\/collections\/panier-a-langer\">Le Lit Cabane<\/a> retient l&#8217;attention. Voici un avis complet sur ce produit apr\u00e8s l&#8217;avoir test\u00e9.<\/p>\n\n\n\n<h2 class=\"wp-block-heading\"><span class=\"ez-toc-section\" id=\"Le_panier_a_langer_Le_Lit_Cabane_au_coeur_de_la_chambre_de_bebe\"><\/span><strong>Le panier \u00e0 langer Le Lit Cabane, au c\u0153ur de la chambre de b\u00e9b\u00e9<\/strong><span class=\"ez-toc-section-end\"><\/span><\/h2><div id=\"ez-toc-container\" class=\"ez-toc-v2_0_82_2 counter-hierarchy ez-toc-counter ez-toc-grey ez-toc-container-direction\">\n<div class=\"ez-toc-title-container\">\n<span class=\"ez-toc-title-toggle\"><a href=\"#\" class=\"ez-toc-pull-right ez-toc-btn ez-toc-btn-xs ez-toc-btn-default ez-toc-toggle\" aria-label=\"Toggle Table of Content\"><span class=\"ez-toc-js-icon-con\"><span class=\"\"><span class=\"eztoc-hide\" style=\"display:none;\">Toggle<\/span><span class=\"ez-toc-icon-toggle-span\"><svg style=\"fill: #999;color:#999\" xmlns=\"http:\/\/www.w3.org\/2000\/svg\" class=\"list-377408\" width=\"20px\" height=\"20px\" viewBox=\"0 0 24 24\" fill=\"none\"><path d=\"M6 6H4v2h2V6zm14 0H8v2h12V6zM4 11h2v2H4v-2zm16 0H8v2h12v-2zM4 16h2v2H4v-2zm16 0H8v2h12v-2z\" fill=\"currentColor\"><\/path><\/svg><svg style=\"fill: #999;color:#999\" class=\"arrow-unsorted-368013\" xmlns=\"http:\/\/www.w3.org\/2000\/svg\" width=\"10px\" height=\"10px\" viewBox=\"0 0 24 24\" version=\"1.2\" baseProfile=\"tiny\"><path d=\"M18.2 9.3l-6.2-6.3-6.2 6.3c-.2.2-.3.4-.3.7s.1.5.3.7c.2.2.4.3.7.3h11c.3 0 .5-.1.7-.3.2-.2.3-.5.3-.7s-.1-.5-.3-.7zM5.8 14.7l6.2 6.3 6.2-6.3c.2-.2.3-.5.3-.7s-.1-.5-.3-.7c-.2-.2-.4-.3-.7-.3h-11c-.3 0-.5.1-.7.3-.2.2-.3.5-.3.7s.1.5.3.7z\"\/><\/svg><\/span><\/span><\/span><\/a><\/span><\/div>\n<nav><ul class='ez-toc-list ez-toc-list-level-1 eztoc-toggle-hide-by-default' ><li class='ez-toc-page-1 ez-toc-heading-level-2'><a class=\"ez-toc-link ez-toc-heading-1\" href=\"https:\/\/www.mobilier-design-occasion.fr\/magazine\/avis-panier-a-langer-de-chez-le-lit-cabane\/#Le_panier_a_langer_Le_Lit_Cabane_au_coeur_de_la_chambre_de_bebe\" >Le panier \u00e0 langer Le Lit Cabane, au c\u0153ur de la chambre de b\u00e9b\u00e9<\/a><ul class='ez-toc-list-level-3' ><li class='ez-toc-heading-level-3'><a class=\"ez-toc-link ez-toc-heading-2\" href=\"https:\/\/www.mobilier-design-occasion.fr\/magazine\/avis-panier-a-langer-de-chez-le-lit-cabane\/#Une_conception_pensee_par_une_maman_pour_les_bebes_et_leurs_parents\" >Une conception pens\u00e9e par une maman pour les b\u00e9b\u00e9s et leurs parents<\/a><\/li><li class='ez-toc-page-1 ez-toc-heading-level-3'><a class=\"ez-toc-link ez-toc-heading-3\" href=\"https:\/\/www.mobilier-design-occasion.fr\/magazine\/avis-panier-a-langer-de-chez-le-lit-cabane\/#Une_premiere_impression_positive\" >Une premi\u00e8re impression positive<\/a><\/li><\/ul><\/li><li class='ez-toc-page-1 ez-toc-heading-level-2'><a class=\"ez-toc-link ez-toc-heading-4\" href=\"https:\/\/www.mobilier-design-occasion.fr\/magazine\/avis-panier-a-langer-de-chez-le-lit-cabane\/#Les_points_positifs_du_panier_a_langer\" >Les points positifs du panier \u00e0 langer<\/a><ul class='ez-toc-list-level-3' ><li class='ez-toc-heading-level-3'><a class=\"ez-toc-link ez-toc-heading-5\" href=\"https:\/\/www.mobilier-design-occasion.fr\/magazine\/avis-panier-a-langer-de-chez-le-lit-cabane\/#Lutilisation_de_matieres_adaptees\" >L&#8217;utilisation de mati\u00e8res adapt\u00e9es<\/a><\/li><li class='ez-toc-page-1 ez-toc-heading-level-3'><a class=\"ez-toc-link ez-toc-heading-6\" href=\"https:\/\/www.mobilier-design-occasion.fr\/magazine\/avis-panier-a-langer-de-chez-le-lit-cabane\/#Une_modularite_appreciable\" >Une modularit\u00e9 appr\u00e9ciable<\/a><\/li><\/ul><\/li><li class='ez-toc-page-1 ez-toc-heading-level-2'><a class=\"ez-toc-link ez-toc-heading-7\" href=\"https:\/\/www.mobilier-design-occasion.fr\/magazine\/avis-panier-a-langer-de-chez-le-lit-cabane\/#Le_design_du_panier_a_langer_de_chez_Le_Lit_Cabane\" >Le design du panier \u00e0 langer de chez Le Lit Cabane<\/a><ul class='ez-toc-list-level-3' ><li class='ez-toc-heading-level-3'><a class=\"ez-toc-link ez-toc-heading-8\" href=\"https:\/\/www.mobilier-design-occasion.fr\/magazine\/avis-panier-a-langer-de-chez-le-lit-cabane\/#Un_design_sobre_et_moderne\" >Un design sobre et moderne<\/a><\/li><li class='ez-toc-page-1 ez-toc-heading-level-3'><a class=\"ez-toc-link ez-toc-heading-9\" href=\"https:\/\/www.mobilier-design-occasion.fr\/magazine\/avis-panier-a-langer-de-chez-le-lit-cabane\/#Une_attention_particuliere_accordee_aux_details\" >Une attention particuli\u00e8re accord\u00e9e aux d\u00e9tails<\/a><\/li><\/ul><\/li><\/ul><\/nav><\/div>\n\n\n\n\n<p>La marque &#8220;Le Lit Cabane&#8221; est n\u00e9e de l&#8217;exp\u00e9rience intime et de la passion de la fondatrice, maman elle-aussi. Cette marque en pleine croissance s&#8217;est rapidement distingu\u00e9e par ses produits qui parlent autant au c\u0153ur des parents qu&#8217;aux besoins des tout-petits. Pour cette fondatrice-maman, chaque cr\u00e9ation est bien plus qu&#8217;un simple produit : c&#8217;est une r\u00e9ponse authentique et chaleureuse aux d\u00e9fis quotidiens de la parentalit\u00e9. Plongeons ensemble dans l&#8217;univers de &#8220;Le Lit Cabane&#8221; et d\u00e9couvrons ce qui rend leurs <a href=\"https:\/\/www.lelitcabane.fr\/collections\/panier-a-langer\">paniers \u00e0 langer<\/a> si sp\u00e9ciaux.<\/p>\n\n\n\n<h3 class=\"wp-block-heading\"><span class=\"ez-toc-section\" id=\"Une_conception_pensee_par_une_maman_pour_les_bebes_et_leurs_parents\"><\/span><strong>Une conception pens\u00e9e par une maman pour les b\u00e9b\u00e9s et leurs parents<\/strong><span class=\"ez-toc-section-end\"><\/span><\/h3>\n\n\n\n<p>Le panier \u00e0 langer de chez &#8220;Le Lit Cabane&#8221; a \u00e9t\u00e9 con\u00e7u pour offrir un espace de soin ergonomique \u00e0 votre b\u00e9b\u00e9. La hauteur, la robustesse et le choix du <a href=\"https:\/\/www.lelitcabane.fr\/collections\/panier-a-langer\">tissu du matelas \u00e0 langer<\/a> r\u00e9pondent aux besoins des parents tout en garantissant la s\u00e9curit\u00e9 du b\u00e9b\u00e9.<\/p>\n\n\n\n<h3 class=\"wp-block-heading\"><span class=\"ez-toc-section\" id=\"Une_premiere_impression_positive\"><\/span><strong>Une premi\u00e8re impression positive<\/strong><span class=\"ez-toc-section-end\"><\/span><\/h3>\n\n\n\n<p>\u00c0 l&#8217;unboxing, le panier \u00e0 langer d\u00e9gage une impression de qualit\u00e9. Les finitions sont soign\u00e9es et les mat\u00e9riaux semblent durables.<\/p>\n\n\n\n<figure class=\"wp-block-image size-full\"><a href=\"https:\/\/www.lelitcabane.fr\/collections\/panier-a-langer\"><img loading=\"lazy\" decoding=\"async\" width=\"817\" height=\"645\" src=\"https:\/\/www.mobilier-design-occasion.fr\/magazine\/wp-content\/uploads\/2023\/09\/PanierALangerEcru.png\" alt=\"\" class=\"wp-image-6774\" srcset=\"https:\/\/www.mobilier-design-occasion.fr\/magazine\/wp-content\/uploads\/2023\/09\/PanierALangerEcru.png 817w, https:\/\/www.mobilier-design-occasion.fr\/magazine\/wp-content\/uploads\/2023\/09\/PanierALangerEcru-300x237.png 300w, https:\/\/www.mobilier-design-occasion.fr\/magazine\/wp-content\/uploads\/2023\/09\/PanierALangerEcru-768x606.png 768w, https:\/\/www.mobilier-design-occasion.fr\/magazine\/wp-content\/uploads\/2023\/09\/PanierALangerEcru-810x639.png 810w\" sizes=\"auto, (max-width: 817px) 100vw, 817px\" \/><\/a><\/figure>\n\n\n\n<h2 class=\"wp-block-heading\"><span class=\"ez-toc-section\" id=\"Les_points_positifs_du_panier_a_langer\"><\/span><strong>Les points positifs du panier \u00e0 langer<\/strong><span class=\"ez-toc-section-end\"><\/span><\/h2>\n\n\n\n<h3 class=\"wp-block-heading\"><span class=\"ez-toc-section\" id=\"Lutilisation_de_matieres_adaptees\"><\/span><strong>L&#8217;utilisation de mati\u00e8res adapt\u00e9es<\/strong><span class=\"ez-toc-section-end\"><\/span><\/h3>\n\n\n\n<p>Le choix des mati\u00e8res est crucial pour garantir la durabilit\u00e9 et l&#8217;hygi\u00e8ne. &#8220;Le Lit Cabane&#8221; a opt\u00e9 pour des mat\u00e9riaux faciles \u00e0 entretenir tout en restant doux pour la peau d\u00e9licate des b\u00e9b\u00e9s.<\/p>\n\n\n\n<p>La housse du matelas \u00e0 langer est:<\/p>\n\n\n\n<ul class=\"wp-block-list\">\n<li>100% coton certifi\u00e9e Oeko-Tex garantit sans substances nocives pour b\u00e9b\u00e9<\/li>\n\n\n\n<li>Housse lavable en machine<\/li>\n\n\n\n<li>Tissu double gaze de coton pour une qualit\u00e9 durable<\/li>\n<\/ul>\n\n\n\n<h3 class=\"wp-block-heading\"><span class=\"ez-toc-section\" id=\"Une_modularite_appreciable\"><\/span><strong>Une modularit\u00e9 appr\u00e9ciable<\/strong><span class=\"ez-toc-section-end\"><\/span><\/h3>\n\n\n\n<p>La l\u00e9g\u00e8ret\u00e9 et la robustesse du panier \u00e0 langer de chez Le Lit Cabane, permet de le d\u00e9placer partout dans la maison: vous pouvez d\u00e9sormais changer b\u00e9b\u00e9 au salon, au coin de la chemin\u00e9e ou dans une pi\u00e8ce en bas sans devoir remonter le changer dans la salle de bain ou dans sa chambre.<\/p>\n\n\n\n<p>Quand on compte le nombre de fois que l&#8217;on change b\u00e9b\u00e9 sur 24h, la praticit\u00e9 devient la priorit\u00e9 si on veut pas passer notre temps \u00e0 monter et descendre les escaliers!<\/p>\n\n\n\n<h2 class=\"wp-block-heading\"><span class=\"ez-toc-section\" id=\"Le_design_du_panier_a_langer_de_chez_Le_Lit_Cabane\"><\/span><strong>Le design du panier \u00e0 langer de chez Le Lit Cabane<\/strong><span class=\"ez-toc-section-end\"><\/span><\/h2>\n\n\n\n<h3 class=\"wp-block-heading\"><span class=\"ez-toc-section\" id=\"Un_design_sobre_et_moderne\"><\/span><strong>Un design sobre et moderne<\/strong><span class=\"ez-toc-section-end\"><\/span><\/h3>\n\n\n\n<p>Avec ses lignes \u00e9pur\u00e9es et ses couleurs neutres, le panier \u00e0 langer s&#8217;int\u00e8gre ais\u00e9ment dans diff\u00e9rents styles de d\u00e9coration, qu&#8217;ils soient contemporains ou plus classiques.<\/p>\n\n\n\n<h3 class=\"wp-block-heading\"><span class=\"ez-toc-section\" id=\"Une_attention_particuliere_accordee_aux_details\"><\/span><strong>Une attention particuli\u00e8re accord\u00e9e aux d\u00e9tails<\/strong><span class=\"ez-toc-section-end\"><\/span><\/h3>\n\n\n\n<p>Les finitions du panier, les petits pompons ou ruban et les petites touches d\u00e9coratives montrent le souci du d\u00e9tail de la maman fondatrice, qui souhaite allier fonctionnalit\u00e9 et esth\u00e9tisme.<\/p>\n\n\n\n<p>Le panier \u00e0 langer de chez &#8220;<a href=\"https:\/\/www.lelitcabane.fr\/collections\/panier-a-langer\">Le Lit Cabane<\/a>&#8221; offre un bon \u00e9quilibre entre praticit\u00e9, s\u00e9curit\u00e9 et design. Sa modularit\u00e9 et ses espaces de rangement en font un choix judicieux pour ceux qui cherchent un produit durable et esth\u00e9tiquement plaisant. Apr\u00e8s ce test, il se positionne comme<a href=\"https:\/\/www.lelitcabane.fr\/collections\/panier-a-langer\"> le meilleur choix<\/a> sur le march\u00e9 des paniers \u00e0 langer.<\/p>\n","protected":false},"excerpt":{"rendered":"<p>La qu\u00eate du panier \u00e0 langer parfait est un passage oblig\u00e9 pour de nombreux parents. Avec une offre \u00e9norme sur le march\u00e9, il est parfois compliqu\u00e9 de faire un choix \u00e9clair\u00e9. Parmi les nombreuses options, le panier \u00e0 langer de chez Le Lit Cabane retient l&#8217;attention. Voici un avis complet sur ce produit apr\u00e8s l&#8217;avoir [&hellip;]<\/p>\n","protected":false},"author":1,"featured_media":0,"comment_status":"open","ping_status":"open","sticky":false,"template":"","format":"standard","meta":{"footnotes":""},"categories":[8,129],"tags":[],"class_list":["post-6773","post","type-post","status-publish","format-standard","hentry","category-avis","category-lit-cabane"],"yoast_head":"<!-- This site is optimized with the Yoast SEO plugin v27.5 - https:\/\/yoast.com\/product\/yoast-seo-wordpress\/ -->\n<title>Avis panier \u00e0 langer de chez Le Lit Cabane - Mobilier Design Magazine<\/title>\n<meta name=\"robots\" content=\"index, follow, max-snippet:-1, max-image-preview:large, max-video-preview:-1\" \/>\n<link rel=\"canonical\" href=\"https:\/\/www.mobilier-design-occasion.fr\/magazine\/avis-panier-a-langer-de-chez-le-lit-cabane\/\" \/>\n<meta property=\"og:locale\" content=\"fr_FR\" \/>\n<meta property=\"og:type\" content=\"article\" \/>\n<meta property=\"og:title\" content=\"Avis panier \u00e0 langer de chez Le Lit Cabane - Mobilier Design Magazine\" \/>\n<meta property=\"og:description\" content=\"La qu\u00eate du panier \u00e0 langer parfait est un passage oblig\u00e9 pour de nombreux parents. Avec une offre \u00e9norme sur le march\u00e9, il est parfois compliqu\u00e9 de faire un choix \u00e9clair\u00e9. Parmi les nombreuses options, le panier \u00e0 langer de chez Le Lit Cabane retient l&#8217;attention. Voici un avis complet sur ce produit apr\u00e8s l&#8217;avoir [&hellip;]\" \/>\n<meta property=\"og:url\" content=\"https:\/\/www.mobilier-design-occasion.fr\/magazine\/avis-panier-a-langer-de-chez-le-lit-cabane\/\" \/>\n<meta property=\"og:site_name\" content=\"Mobilier Design Magazine\" \/>\n<meta property=\"article:publisher\" content=\"https:\/\/www.facebook.com\/mobilierdesignoccasion\" \/>\n<meta property=\"article:published_time\" content=\"2023-09-14T14:04:06+00:00\" \/>\n<meta property=\"article:modified_time\" content=\"2023-09-25T13:30:50+00:00\" \/>\n<meta property=\"og:image\" content=\"https:\/\/www.mobilier-design-occasion.fr\/magazine\/wp-content\/uploads\/2023\/09\/PanierALangerEcru.png\" \/>\n<meta name=\"author\" content=\"Cyrielle Poirot\" \/>\n<meta name=\"twitter:card\" content=\"summary_large_image\" \/>\n<meta name=\"twitter:label1\" content=\"\u00c9crit par\" \/>\n\t<meta name=\"twitter:data1\" content=\"Cyrielle Poirot\" \/>\n\t<meta name=\"twitter:label2\" content=\"Dur\u00e9e de lecture estim\u00e9e\" \/>\n\t<meta name=\"twitter:data2\" content=\"3 minutes\" \/>\n<script type=\"application\/ld+json\" class=\"yoast-schema-graph\">{\"@context\":\"https:\\\/\\\/schema.org\",\"@graph\":[{\"@type\":\"Article\",\"@id\":\"https:\\\/\\\/www.mobilier-design-occasion.fr\\\/magazine\\\/avis-panier-a-langer-de-chez-le-lit-cabane\\\/#article\",\"isPartOf\":{\"@id\":\"https:\\\/\\\/www.mobilier-design-occasion.fr\\\/magazine\\\/avis-panier-a-langer-de-chez-le-lit-cabane\\\/\"},\"author\":{\"name\":\"Cyrielle Poirot\",\"@id\":\"https:\\\/\\\/www.mobilier-design-occasion.fr\\\/magazine\\\/#\\\/schema\\\/person\\\/5b2e5627a714ddadaaf8c9b886c55eff\"},\"headline\":\"Avis panier \u00e0 langer de chez Le Lit Cabane\",\"datePublished\":\"2023-09-14T14:04:06+00:00\",\"dateModified\":\"2023-09-25T13:30:50+00:00\",\"mainEntityOfPage\":{\"@id\":\"https:\\\/\\\/www.mobilier-design-occasion.fr\\\/magazine\\\/avis-panier-a-langer-de-chez-le-lit-cabane\\\/\"},\"wordCount\":592,\"commentCount\":0,\"publisher\":{\"@id\":\"https:\\\/\\\/www.mobilier-design-occasion.fr\\\/magazine\\\/#organization\"},\"image\":{\"@id\":\"https:\\\/\\\/www.mobilier-design-occasion.fr\\\/magazine\\\/avis-panier-a-langer-de-chez-le-lit-cabane\\\/#primaryimage\"},\"thumbnailUrl\":\"https:\\\/\\\/www.mobilier-design-occasion.fr\\\/magazine\\\/wp-content\\\/uploads\\\/2023\\\/09\\\/PanierALangerEcru.png\",\"articleSection\":[\"Avis marques d\u00e9co\",\"Lit cabane\"],\"inLanguage\":\"fr-FR\",\"potentialAction\":[{\"@type\":\"CommentAction\",\"name\":\"Comment\",\"target\":[\"https:\\\/\\\/www.mobilier-design-occasion.fr\\\/magazine\\\/avis-panier-a-langer-de-chez-le-lit-cabane\\\/#respond\"]}]},{\"@type\":\"WebPage\",\"@id\":\"https:\\\/\\\/www.mobilier-design-occasion.fr\\\/magazine\\\/avis-panier-a-langer-de-chez-le-lit-cabane\\\/\",\"url\":\"https:\\\/\\\/www.mobilier-design-occasion.fr\\\/magazine\\\/avis-panier-a-langer-de-chez-le-lit-cabane\\\/\",\"name\":\"Avis panier \u00e0 langer de chez Le Lit Cabane - Mobilier Design Magazine\",\"isPartOf\":{\"@id\":\"https:\\\/\\\/www.mobilier-design-occasion.fr\\\/magazine\\\/#website\"},\"primaryImageOfPage\":{\"@id\":\"https:\\\/\\\/www.mobilier-design-occasion.fr\\\/magazine\\\/avis-panier-a-langer-de-chez-le-lit-cabane\\\/#primaryimage\"},\"image\":{\"@id\":\"https:\\\/\\\/www.mobilier-design-occasion.fr\\\/magazine\\\/avis-panier-a-langer-de-chez-le-lit-cabane\\\/#primaryimage\"},\"thumbnailUrl\":\"https:\\\/\\\/www.mobilier-design-occasion.fr\\\/magazine\\\/wp-content\\\/uploads\\\/2023\\\/09\\\/PanierALangerEcru.png\",\"datePublished\":\"2023-09-14T14:04:06+00:00\",\"dateModified\":\"2023-09-25T13:30:50+00:00\",\"breadcrumb\":{\"@id\":\"https:\\\/\\\/www.mobilier-design-occasion.fr\\\/magazine\\\/avis-panier-a-langer-de-chez-le-lit-cabane\\\/#breadcrumb\"},\"inLanguage\":\"fr-FR\",\"potentialAction\":[{\"@type\":\"ReadAction\",\"target\":[\"https:\\\/\\\/www.mobilier-design-occasion.fr\\\/magazine\\\/avis-panier-a-langer-de-chez-le-lit-cabane\\\/\"]}]},{\"@type\":\"ImageObject\",\"inLanguage\":\"fr-FR\",\"@id\":\"https:\\\/\\\/www.mobilier-design-occasion.fr\\\/magazine\\\/avis-panier-a-langer-de-chez-le-lit-cabane\\\/#primaryimage\",\"url\":\"https:\\\/\\\/www.mobilier-design-occasion.fr\\\/magazine\\\/wp-content\\\/uploads\\\/2023\\\/09\\\/PanierALangerEcru.png\",\"contentUrl\":\"https:\\\/\\\/www.mobilier-design-occasion.fr\\\/magazine\\\/wp-content\\\/uploads\\\/2023\\\/09\\\/PanierALangerEcru.png\",\"width\":817,\"height\":645},{\"@type\":\"BreadcrumbList\",\"@id\":\"https:\\\/\\\/www.mobilier-design-occasion.fr\\\/magazine\\\/avis-panier-a-langer-de-chez-le-lit-cabane\\\/#breadcrumb\",\"itemListElement\":[{\"@type\":\"ListItem\",\"position\":1,\"name\":\"Accueil\",\"item\":\"https:\\\/\\\/www.mobilier-design-occasion.fr\\\/magazine\\\/\"},{\"@type\":\"ListItem\",\"position\":2,\"name\":\"Avis panier \u00e0 langer de chez Le Lit Cabane\"}]},{\"@type\":\"WebSite\",\"@id\":\"https:\\\/\\\/www.mobilier-design-occasion.fr\\\/magazine\\\/#website\",\"url\":\"https:\\\/\\\/www.mobilier-design-occasion.fr\\\/magazine\\\/\",\"name\":\"Mobilier Design Magazine\",\"description\":\"\",\"publisher\":{\"@id\":\"https:\\\/\\\/www.mobilier-design-occasion.fr\\\/magazine\\\/#organization\"},\"potentialAction\":[{\"@type\":\"SearchAction\",\"target\":{\"@type\":\"EntryPoint\",\"urlTemplate\":\"https:\\\/\\\/www.mobilier-design-occasion.fr\\\/magazine\\\/?s={search_term_string}\"},\"query-input\":{\"@type\":\"PropertyValueSpecification\",\"valueRequired\":true,\"valueName\":\"search_term_string\"}}],\"inLanguage\":\"fr-FR\"},{\"@type\":\"Organization\",\"@id\":\"https:\\\/\\\/www.mobilier-design-occasion.fr\\\/magazine\\\/#organization\",\"name\":\"Mobilier Design Magazine\",\"url\":\"https:\\\/\\\/www.mobilier-design-occasion.fr\\\/magazine\\\/\",\"logo\":{\"@type\":\"ImageObject\",\"inLanguage\":\"fr-FR\",\"@id\":\"https:\\\/\\\/www.mobilier-design-occasion.fr\\\/magazine\\\/#\\\/schema\\\/logo\\\/image\\\/\",\"url\":\"https:\\\/\\\/www.mobilier-design-occasion.fr\\\/magazine\\\/wp-content\\\/uploads\\\/2024\\\/02\\\/android-chrome-192x192-1.png\",\"contentUrl\":\"https:\\\/\\\/www.mobilier-design-occasion.fr\\\/magazine\\\/wp-content\\\/uploads\\\/2024\\\/02\\\/android-chrome-192x192-1.png\",\"width\":192,\"height\":192,\"caption\":\"Mobilier Design Magazine\"},\"image\":{\"@id\":\"https:\\\/\\\/www.mobilier-design-occasion.fr\\\/magazine\\\/#\\\/schema\\\/logo\\\/image\\\/\"},\"sameAs\":[\"https:\\\/\\\/www.facebook.com\\\/mobilierdesignoccasion\"]},{\"@type\":\"Person\",\"@id\":\"https:\\\/\\\/www.mobilier-design-occasion.fr\\\/magazine\\\/#\\\/schema\\\/person\\\/5b2e5627a714ddadaaf8c9b886c55eff\",\"name\":\"Cyrielle Poirot\",\"image\":{\"@type\":\"ImageObject\",\"inLanguage\":\"fr-FR\",\"@id\":\"https:\\\/\\\/secure.gravatar.com\\\/avatar\\\/c8d2674e093b06894d8d1dc468b626bd752523471f3ac6e75f7c7a1400d40b4d?s=96&d=mm&r=g\",\"url\":\"https:\\\/\\\/secure.gravatar.com\\\/avatar\\\/c8d2674e093b06894d8d1dc468b626bd752523471f3ac6e75f7c7a1400d40b4d?s=96&d=mm&r=g\",\"contentUrl\":\"https:\\\/\\\/secure.gravatar.com\\\/avatar\\\/c8d2674e093b06894d8d1dc468b626bd752523471f3ac6e75f7c7a1400d40b4d?s=96&d=mm&r=g\",\"caption\":\"Cyrielle Poirot\"},\"description\":\"Cyrielle est passionn\u00e9e par la d\u00e9coration d'int\u00e9rieur et s'est sp\u00e9cialis\u00e9e depuis quelques ann\u00e9es dans l'\u00e9dition du site Mobilier-Design, avec une touche sp\u00e9cifique pour les produits d'occasion.\",\"sameAs\":[\"https:\\\/\\\/www.mobilier-design-occasion.fr\\\/magazine\"],\"url\":\"https:\\\/\\\/www.mobilier-design-occasion.fr\\\/magazine\\\/author\\\/cyrielle\\\/\"}]}<\/script>\n<!-- \/ Yoast SEO plugin. -->","yoast_head_json":{"title":"Avis panier \u00e0 langer de chez Le Lit Cabane - Mobilier Design Magazine","robots":{"index":"index","follow":"follow","max-snippet":"max-snippet:-1","max-image-preview":"max-image-preview:large","max-video-preview":"max-video-preview:-1"},"canonical":"https:\/\/www.mobilier-design-occasion.fr\/magazine\/avis-panier-a-langer-de-chez-le-lit-cabane\/","og_locale":"fr_FR","og_type":"article","og_title":"Avis panier \u00e0 langer de chez Le Lit Cabane - Mobilier Design Magazine","og_description":"La qu\u00eate du panier \u00e0 langer parfait est un passage oblig\u00e9 pour de nombreux parents. Avec une offre \u00e9norme sur le march\u00e9, il est parfois compliqu\u00e9 de faire un choix \u00e9clair\u00e9. Parmi les nombreuses options, le panier \u00e0 langer de chez Le Lit Cabane retient l&#8217;attention. Voici un avis complet sur ce produit apr\u00e8s l&#8217;avoir [&hellip;]","og_url":"https:\/\/www.mobilier-design-occasion.fr\/magazine\/avis-panier-a-langer-de-chez-le-lit-cabane\/","og_site_name":"Mobilier Design Magazine","article_publisher":"https:\/\/www.facebook.com\/mobilierdesignoccasion","article_published_time":"2023-09-14T14:04:06+00:00","article_modified_time":"2023-09-25T13:30:50+00:00","og_image":[{"url":"https:\/\/www.mobilier-design-occasion.fr\/magazine\/wp-content\/uploads\/2023\/09\/PanierALangerEcru.png","type":"","width":"","height":""}],"author":"Cyrielle Poirot","twitter_card":"summary_large_image","twitter_misc":{"\u00c9crit par":"Cyrielle Poirot","Dur\u00e9e de lecture estim\u00e9e":"3 minutes"},"schema":{"@context":"https:\/\/schema.org","@graph":[{"@type":"Article","@id":"https:\/\/www.mobilier-design-occasion.fr\/magazine\/avis-panier-a-langer-de-chez-le-lit-cabane\/#article","isPartOf":{"@id":"https:\/\/www.mobilier-design-occasion.fr\/magazine\/avis-panier-a-langer-de-chez-le-lit-cabane\/"},"author":{"name":"Cyrielle Poirot","@id":"https:\/\/www.mobilier-design-occasion.fr\/magazine\/#\/schema\/person\/5b2e5627a714ddadaaf8c9b886c55eff"},"headline":"Avis panier \u00e0 langer de chez Le Lit Cabane","datePublished":"2023-09-14T14:04:06+00:00","dateModified":"2023-09-25T13:30:50+00:00","mainEntityOfPage":{"@id":"https:\/\/www.mobilier-design-occasion.fr\/magazine\/avis-panier-a-langer-de-chez-le-lit-cabane\/"},"wordCount":592,"commentCount":0,"publisher":{"@id":"https:\/\/www.mobilier-design-occasion.fr\/magazine\/#organization"},"image":{"@id":"https:\/\/www.mobilier-design-occasion.fr\/magazine\/avis-panier-a-langer-de-chez-le-lit-cabane\/#primaryimage"},"thumbnailUrl":"https:\/\/www.mobilier-design-occasion.fr\/magazine\/wp-content\/uploads\/2023\/09\/PanierALangerEcru.png","articleSection":["Avis marques d\u00e9co","Lit cabane"],"inLanguage":"fr-FR","potentialAction":[{"@type":"CommentAction","name":"Comment","target":["https:\/\/www.mobilier-design-occasion.fr\/magazine\/avis-panier-a-langer-de-chez-le-lit-cabane\/#respond"]}]},{"@type":"WebPage","@id":"https:\/\/www.mobilier-design-occasion.fr\/magazine\/avis-panier-a-langer-de-chez-le-lit-cabane\/","url":"https:\/\/www.mobilier-design-occasion.fr\/magazine\/avis-panier-a-langer-de-chez-le-lit-cabane\/","name":"Avis panier \u00e0 langer de chez Le Lit Cabane - Mobilier Design Magazine","isPartOf":{"@id":"https:\/\/www.mobilier-design-occasion.fr\/magazine\/#website"},"primaryImageOfPage":{"@id":"https:\/\/www.mobilier-design-occasion.fr\/magazine\/avis-panier-a-langer-de-chez-le-lit-cabane\/#primaryimage"},"image":{"@id":"https:\/\/www.mobilier-design-occasion.fr\/magazine\/avis-panier-a-langer-de-chez-le-lit-cabane\/#primaryimage"},"thumbnailUrl":"https:\/\/www.mobilier-design-occasion.fr\/magazine\/wp-content\/uploads\/2023\/09\/PanierALangerEcru.png","datePublished":"2023-09-14T14:04:06+00:00","dateModified":"2023-09-25T13:30:50+00:00","breadcrumb":{"@id":"https:\/\/www.mobilier-design-occasion.fr\/magazine\/avis-panier-a-langer-de-chez-le-lit-cabane\/#breadcrumb"},"inLanguage":"fr-FR","potentialAction":[{"@type":"ReadAction","target":["https:\/\/www.mobilier-design-occasion.fr\/magazine\/avis-panier-a-langer-de-chez-le-lit-cabane\/"]}]},{"@type":"ImageObject","inLanguage":"fr-FR","@id":"https:\/\/www.mobilier-design-occasion.fr\/magazine\/avis-panier-a-langer-de-chez-le-lit-cabane\/#primaryimage","url":"https:\/\/www.mobilier-design-occasion.fr\/magazine\/wp-content\/uploads\/2023\/09\/PanierALangerEcru.png","contentUrl":"https:\/\/www.mobilier-design-occasion.fr\/magazine\/wp-content\/uploads\/2023\/09\/PanierALangerEcru.png","width":817,"height":645},{"@type":"BreadcrumbList","@id":"https:\/\/www.mobilier-design-occasion.fr\/magazine\/avis-panier-a-langer-de-chez-le-lit-cabane\/#breadcrumb","itemListElement":[{"@type":"ListItem","position":1,"name":"Accueil","item":"https:\/\/www.mobilier-design-occasion.fr\/magazine\/"},{"@type":"ListItem","position":2,"name":"Avis panier \u00e0 langer de chez Le Lit Cabane"}]},{"@type":"WebSite","@id":"https:\/\/www.mobilier-design-occasion.fr\/magazine\/#website","url":"https:\/\/www.mobilier-design-occasion.fr\/magazine\/","name":"Mobilier Design Magazine","description":"","publisher":{"@id":"https:\/\/www.mobilier-design-occasion.fr\/magazine\/#organization"},"potentialAction":[{"@type":"SearchAction","target":{"@type":"EntryPoint","urlTemplate":"https:\/\/www.mobilier-design-occasion.fr\/magazine\/?s={search_term_string}"},"query-input":{"@type":"PropertyValueSpecification","valueRequired":true,"valueName":"search_term_string"}}],"inLanguage":"fr-FR"},{"@type":"Organization","@id":"https:\/\/www.mobilier-design-occasion.fr\/magazine\/#organization","name":"Mobilier Design Magazine","url":"https:\/\/www.mobilier-design-occasion.fr\/magazine\/","logo":{"@type":"ImageObject","inLanguage":"fr-FR","@id":"https:\/\/www.mobilier-design-occasion.fr\/magazine\/#\/schema\/logo\/image\/","url":"https:\/\/www.mobilier-design-occasion.fr\/magazine\/wp-content\/uploads\/2024\/02\/android-chrome-192x192-1.png","contentUrl":"https:\/\/www.mobilier-design-occasion.fr\/magazine\/wp-content\/uploads\/2024\/02\/android-chrome-192x192-1.png","width":192,"height":192,"caption":"Mobilier Design Magazine"},"image":{"@id":"https:\/\/www.mobilier-design-occasion.fr\/magazine\/#\/schema\/logo\/image\/"},"sameAs":["https:\/\/www.facebook.com\/mobilierdesignoccasion"]},{"@type":"Person","@id":"https:\/\/www.mobilier-design-occasion.fr\/magazine\/#\/schema\/person\/5b2e5627a714ddadaaf8c9b886c55eff","name":"Cyrielle Poirot","image":{"@type":"ImageObject","inLanguage":"fr-FR","@id":"https:\/\/secure.gravatar.com\/avatar\/c8d2674e093b06894d8d1dc468b626bd752523471f3ac6e75f7c7a1400d40b4d?s=96&d=mm&r=g","url":"https:\/\/secure.gravatar.com\/avatar\/c8d2674e093b06894d8d1dc468b626bd752523471f3ac6e75f7c7a1400d40b4d?s=96&d=mm&r=g","contentUrl":"https:\/\/secure.gravatar.com\/avatar\/c8d2674e093b06894d8d1dc468b626bd752523471f3ac6e75f7c7a1400d40b4d?s=96&d=mm&r=g","caption":"Cyrielle Poirot"},"description":"Cyrielle est passionn\u00e9e par la d\u00e9coration d'int\u00e9rieur et s'est sp\u00e9cialis\u00e9e depuis quelques ann\u00e9es dans l'\u00e9dition du site Mobilier-Design, avec une touche sp\u00e9cifique pour les produits d'occasion.","sameAs":["https:\/\/www.mobilier-design-occasion.fr\/magazine"],"url":"https:\/\/www.mobilier-design-occasion.fr\/magazine\/author\/cyrielle\/"}]}},"_links":{"self":[{"href":"https:\/\/www.mobilier-design-occasion.fr\/magazine\/wp-json\/wp\/v2\/posts\/6773","targetHints":{"allow":["GET"]}}],"collection":[{"href":"https:\/\/www.mobilier-design-occasion.fr\/magazine\/wp-json\/wp\/v2\/posts"}],"about":[{"href":"https:\/\/www.mobilier-design-occasion.fr\/magazine\/wp-json\/wp\/v2\/types\/post"}],"author":[{"embeddable":true,"href":"https:\/\/www.mobilier-design-occasion.fr\/magazine\/wp-json\/wp\/v2\/users\/1"}],"replies":[{"embeddable":true,"href":"https:\/\/www.mobilier-design-occasion.fr\/magazine\/wp-json\/wp\/v2\/comments?post=6773"}],"version-history":[{"count":1,"href":"https:\/\/www.mobilier-design-occasion.fr\/magazine\/wp-json\/wp\/v2\/posts\/6773\/revisions"}],"predecessor-version":[{"id":6775,"href":"https:\/\/www.mobilier-design-occasion.fr\/magazine\/wp-json\/wp\/v2\/posts\/6773\/revisions\/6775"}],"wp:attachment":[{"href":"https:\/\/www.mobilier-design-occasion.fr\/magazine\/wp-json\/wp\/v2\/media?parent=6773"}],"wp:term":[{"taxonomy":"category","embeddable":true,"href":"https:\/\/www.mobilier-design-occasion.fr\/magazine\/wp-json\/wp\/v2\/categories?post=6773"},{"taxonomy":"post_tag","embeddable":true,"href":"https:\/\/www.mobilier-design-occasion.fr\/magazine\/wp-json\/wp\/v2\/tags?post=6773"}],"curies":[{"name":"wp","href":"https:\/\/api.w.org\/{rel}","templated":true}]}}