{"id":6768,"date":"2023-09-14T13:23:34","date_gmt":"2023-09-14T13:23:34","guid":{"rendered":"https:\/\/www.mobilier-design-occasion.fr\/magazine\/?p=6768"},"modified":"2023-09-25T13:24:25","modified_gmt":"2023-09-25T13:24:25","slug":"bien-choisir-son-panier-a-langer-le-guide-pour-un-choix-eclaire-et-serein","status":"publish","type":"post","link":"https:\/\/www.mobilier-design-occasion.fr\/magazine\/bien-choisir-son-panier-a-langer-le-guide-pour-un-choix-eclaire-et-serein\/","title":{"rendered":"Bien choisir son panier \u00e0 langer: le guide pour un choix \u00e9clair\u00e9 et serein"},"content":{"rendered":"\n<p><a href=\"https:\/\/www.lelitcabane.fr\/collections\/panier-a-langer\">Le panier \u00e0 langer<\/a>, cet \u00e9l\u00e9ment cl\u00e9 de la chambre de b\u00e9b\u00e9, se doit d&#8217;\u00eatre \u00e0 la fois pratique, s\u00e9curis\u00e9 et esth\u00e9tique. Lorsque vient le moment de choisir cet accessoire indispensable, de nombreux crit\u00e8res entrent en jeu. Dans cette jungle d&#8217;options, comment s&#8217;assurer de faire le bon choix pour votre tout-petit et pour vous-m\u00eame, parents soucieux du bien-\u00eatre et du confort de votre enfant ? Voici un guide pour vous \u00e9clairer.<\/p>\n\n\n\n<h2 class=\"wp-block-heading\"><span class=\"ez-toc-section\" id=\"Limportance_dun_bon_panier_a_langer\"><\/span><strong>L&#8217;importance d&#8217;un bon panier \u00e0 langer<\/strong><span class=\"ez-toc-section-end\"><\/span><\/h2><div id=\"ez-toc-container\" class=\"ez-toc-v2_0_82_2 counter-hierarchy ez-toc-counter ez-toc-grey ez-toc-container-direction\">\n<div class=\"ez-toc-title-container\">\n<span class=\"ez-toc-title-toggle\"><a href=\"#\" class=\"ez-toc-pull-right ez-toc-btn ez-toc-btn-xs ez-toc-btn-default ez-toc-toggle\" aria-label=\"Toggle Table of Content\"><span class=\"ez-toc-js-icon-con\"><span class=\"\"><span class=\"eztoc-hide\" style=\"display:none;\">Toggle<\/span><span class=\"ez-toc-icon-toggle-span\"><svg style=\"fill: #999;color:#999\" xmlns=\"http:\/\/www.w3.org\/2000\/svg\" class=\"list-377408\" width=\"20px\" height=\"20px\" viewBox=\"0 0 24 24\" fill=\"none\"><path d=\"M6 6H4v2h2V6zm14 0H8v2h12V6zM4 11h2v2H4v-2zm16 0H8v2h12v-2zM4 16h2v2H4v-2zm16 0H8v2h12v-2z\" fill=\"currentColor\"><\/path><\/svg><svg style=\"fill: #999;color:#999\" class=\"arrow-unsorted-368013\" xmlns=\"http:\/\/www.w3.org\/2000\/svg\" width=\"10px\" height=\"10px\" viewBox=\"0 0 24 24\" version=\"1.2\" baseProfile=\"tiny\"><path d=\"M18.2 9.3l-6.2-6.3-6.2 6.3c-.2.2-.3.4-.3.7s.1.5.3.7c.2.2.4.3.7.3h11c.3 0 .5-.1.7-.3.2-.2.3-.5.3-.7s-.1-.5-.3-.7zM5.8 14.7l6.2 6.3 6.2-6.3c.2-.2.3-.5.3-.7s-.1-.5-.3-.7c-.2-.2-.4-.3-.7-.3h-11c-.3 0-.5.1-.7.3-.2.2-.3.5-.3.7s.1.5.3.7z\"\/><\/svg><\/span><\/span><\/span><\/a><\/span><\/div>\n<nav><ul class='ez-toc-list ez-toc-list-level-1 eztoc-toggle-hide-by-default' ><li class='ez-toc-page-1 ez-toc-heading-level-2'><a class=\"ez-toc-link ez-toc-heading-1\" href=\"https:\/\/www.mobilier-design-occasion.fr\/magazine\/bien-choisir-son-panier-a-langer-le-guide-pour-un-choix-eclaire-et-serein\/#Limportance_dun_bon_panier_a_langer\" >L&#8217;importance d&#8217;un bon panier \u00e0 langer<\/a><ul class='ez-toc-list-level-3' ><li class='ez-toc-heading-level-3'><a class=\"ez-toc-link ez-toc-heading-2\" href=\"https:\/\/www.mobilier-design-occasion.fr\/magazine\/bien-choisir-son-panier-a-langer-le-guide-pour-un-choix-eclaire-et-serein\/#Un_espace_dedie_a_lintimite\" >Un espace d\u00e9di\u00e9 \u00e0 l&#8217;intimit\u00e9<\/a><\/li><li class='ez-toc-page-1 ez-toc-heading-level-3'><a class=\"ez-toc-link ez-toc-heading-3\" href=\"https:\/\/www.mobilier-design-occasion.fr\/magazine\/bien-choisir-son-panier-a-langer-le-guide-pour-un-choix-eclaire-et-serein\/#Securite_avant_tout\" >S\u00e9curit\u00e9 avant tout<\/a><\/li><\/ul><\/li><li class='ez-toc-page-1 ez-toc-heading-level-2'><a class=\"ez-toc-link ez-toc-heading-4\" href=\"https:\/\/www.mobilier-design-occasion.fr\/magazine\/bien-choisir-son-panier-a-langer-le-guide-pour-un-choix-eclaire-et-serein\/#Criteres_essentiels_pour_bien_choisir\" >Crit\u00e8res essentiels pour bien choisir<\/a><ul class='ez-toc-list-level-3' ><li class='ez-toc-heading-level-3'><a class=\"ez-toc-link ez-toc-heading-5\" href=\"https:\/\/www.mobilier-design-occasion.fr\/magazine\/bien-choisir-son-panier-a-langer-le-guide-pour-un-choix-eclaire-et-serein\/#Materiaux_et_fabrication\" >Mat\u00e9riaux et fabrication<\/a><\/li><li class='ez-toc-page-1 ez-toc-heading-level-3'><a class=\"ez-toc-link ez-toc-heading-6\" href=\"https:\/\/www.mobilier-design-occasion.fr\/magazine\/bien-choisir-son-panier-a-langer-le-guide-pour-un-choix-eclaire-et-serein\/#Dimensions_et_ergonomie\" >Dimensions et ergonomie<\/a><\/li><li class='ez-toc-page-1 ez-toc-heading-level-3'><a class=\"ez-toc-link ez-toc-heading-7\" href=\"https:\/\/www.mobilier-design-occasion.fr\/magazine\/bien-choisir-son-panier-a-langer-le-guide-pour-un-choix-eclaire-et-serein\/#Facilite_dentretien\" >Facilit\u00e9 d&#8217;entretien<\/a><\/li><\/ul><\/li><li class='ez-toc-page-1 ez-toc-heading-level-2'><a class=\"ez-toc-link ez-toc-heading-8\" href=\"https:\/\/www.mobilier-design-occasion.fr\/magazine\/bien-choisir-son-panier-a-langer-le-guide-pour-un-choix-eclaire-et-serein\/#Le_plus_du_panier_a_langer_artisanal\" >Le plus du panier \u00e0 langer artisanal<\/a><ul class='ez-toc-list-level-3' ><li class='ez-toc-heading-level-3'><a class=\"ez-toc-link ez-toc-heading-9\" href=\"https:\/\/www.mobilier-design-occasion.fr\/magazine\/bien-choisir-son-panier-a-langer-le-guide-pour-un-choix-eclaire-et-serein\/#Un_choix_authentique\" >Un choix authentique<\/a><\/li><li class='ez-toc-page-1 ez-toc-heading-level-3'><a class=\"ez-toc-link ez-toc-heading-10\" href=\"https:\/\/www.mobilier-design-occasion.fr\/magazine\/bien-choisir-son-panier-a-langer-le-guide-pour-un-choix-eclaire-et-serein\/#Durabilite_et_ethique\" >Durabilit\u00e9 et \u00e9thique<\/a><\/li><\/ul><\/li><li class='ez-toc-page-1 ez-toc-heading-level-2'><a class=\"ez-toc-link ez-toc-heading-11\" href=\"https:\/\/www.mobilier-design-occasion.fr\/magazine\/bien-choisir-son-panier-a-langer-le-guide-pour-un-choix-eclaire-et-serein\/#Conseils_pratiques\" >Conseils pratiques<\/a><ul class='ez-toc-list-level-3' ><li class='ez-toc-heading-level-3'><a class=\"ez-toc-link ez-toc-heading-12\" href=\"https:\/\/www.mobilier-design-occasion.fr\/magazine\/bien-choisir-son-panier-a-langer-le-guide-pour-un-choix-eclaire-et-serein\/#Tester_avant_dacheter\" >Tester avant d&#8217;acheter<\/a><\/li><li class='ez-toc-page-1 ez-toc-heading-level-3'><a class=\"ez-toc-link ez-toc-heading-13\" href=\"https:\/\/www.mobilier-design-occasion.fr\/magazine\/bien-choisir-son-panier-a-langer-le-guide-pour-un-choix-eclaire-et-serein\/#Consulter_les_avis\" >Consulter les avis<\/a><\/li><\/ul><\/li><\/ul><\/nav><\/div>\n\n\n\n\n<h3 class=\"wp-block-heading\"><span class=\"ez-toc-section\" id=\"Un_espace_dedie_a_lintimite\"><\/span><strong>Un espace d\u00e9di\u00e9 \u00e0 l&#8217;intimit\u00e9<\/strong><span class=\"ez-toc-section-end\"><\/span><\/h3>\n\n\n\n<p>Changer b\u00e9b\u00e9 n&#8217;est pas qu&#8217;une simple t\u00e2che pratique. C&#8217;est un moment d&#8217;intimit\u00e9, un instant privil\u00e9gi\u00e9 de connexion entre le parent et l&#8217;enfant. Choisir un panier ad\u00e9quat, c&#8217;est offrir un cocon rassurant \u00e0 ces moments pr\u00e9cieux.<\/p>\n\n\n\n<figure class=\"wp-block-image size-full\"><a href=\"https:\/\/www.lelitcabane.fr\/collections\/panier-a-langer\"><img loading=\"lazy\" decoding=\"async\" width=\"817\" height=\"640\" src=\"https:\/\/www.mobilier-design-occasion.fr\/magazine\/wp-content\/uploads\/2023\/09\/PanierALangerBouclette.jpg\" alt=\"\" class=\"wp-image-6769\" srcset=\"https:\/\/www.mobilier-design-occasion.fr\/magazine\/wp-content\/uploads\/2023\/09\/PanierALangerBouclette.jpg 817w, https:\/\/www.mobilier-design-occasion.fr\/magazine\/wp-content\/uploads\/2023\/09\/PanierALangerBouclette-300x235.jpg 300w, https:\/\/www.mobilier-design-occasion.fr\/magazine\/wp-content\/uploads\/2023\/09\/PanierALangerBouclette-768x602.jpg 768w, https:\/\/www.mobilier-design-occasion.fr\/magazine\/wp-content\/uploads\/2023\/09\/PanierALangerBouclette-810x635.jpg 810w\" sizes=\"auto, (max-width: 817px) 100vw, 817px\" \/><\/a><\/figure>\n\n\n\n<h3 class=\"wp-block-heading\"><span class=\"ez-toc-section\" id=\"Securite_avant_tout\"><\/span><strong>S\u00e9curit\u00e9 avant tout<\/strong><span class=\"ez-toc-section-end\"><\/span><\/h3>\n\n\n\n<p>Au-del\u00e0 de l&#8217;aspect esth\u00e9tique, la s\u00e9curit\u00e9 est primordiale. Un bon panier \u00e0 langer est robuste, stable et <a href=\"https:\/\/www.lelitcabane.fr\/collections\/panier-a-langer\">adapt\u00e9 \u00e0 l&#8217;\u00e2ge et \u00e0 la taille de l&#8217;enfant<\/a>.<\/p>\n\n\n\n<h2 class=\"wp-block-heading\"><span class=\"ez-toc-section\" id=\"Criteres_essentiels_pour_bien_choisir\"><\/span><strong>Crit\u00e8res essentiels pour bien choisir<\/strong><span class=\"ez-toc-section-end\"><\/span><\/h2>\n\n\n\n<h3 class=\"wp-block-heading\"><span class=\"ez-toc-section\" id=\"Materiaux_et_fabrication\"><\/span><strong>Mat\u00e9riaux et fabrication<\/strong><span class=\"ez-toc-section-end\"><\/span><\/h3>\n\n\n\n<p>Opter pour des mat\u00e9riaux de qualit\u00e9, c&#8217;est garantir une durabilit\u00e9 et une s\u00e9curit\u00e9 \u00e0 toute \u00e9preuve. De plus, un choix responsable, comme un panier artisanal ou en mat\u00e9riaux recycl\u00e9s, a un impact positif sur notre plan\u00e8te.<\/p>\n\n\n\n<figure class=\"wp-block-image size-full\"><a href=\"https:\/\/www.lelitcabane.fr\/collections\/panier-a-langer\"><img loading=\"lazy\" decoding=\"async\" width=\"816\" height=\"597\" src=\"https:\/\/www.mobilier-design-occasion.fr\/magazine\/wp-content\/uploads\/2023\/09\/PanierALangerBouclette3.jpg\" alt=\"\" class=\"wp-image-6770\" srcset=\"https:\/\/www.mobilier-design-occasion.fr\/magazine\/wp-content\/uploads\/2023\/09\/PanierALangerBouclette3.jpg 816w, https:\/\/www.mobilier-design-occasion.fr\/magazine\/wp-content\/uploads\/2023\/09\/PanierALangerBouclette3-300x219.jpg 300w, https:\/\/www.mobilier-design-occasion.fr\/magazine\/wp-content\/uploads\/2023\/09\/PanierALangerBouclette3-768x562.jpg 768w, https:\/\/www.mobilier-design-occasion.fr\/magazine\/wp-content\/uploads\/2023\/09\/PanierALangerBouclette3-810x593.jpg 810w\" sizes=\"auto, (max-width: 816px) 100vw, 816px\" \/><\/a><\/figure>\n\n\n\n<h3 class=\"wp-block-heading\"><span class=\"ez-toc-section\" id=\"Dimensions_et_ergonomie\"><\/span><strong>Dimensions et ergonomie<\/strong><span class=\"ez-toc-section-end\"><\/span><\/h3>\n\n\n\n<p>Le panier doit s&#8217;int\u00e9grer harmonieusement dans la <a href=\"https:\/\/www.lelitcabane.fr\/collections\/panier-a-langer\">chambre de votre b\u00e9b\u00e9<\/a> tout en \u00e9tant fonctionnel. Assurez-vous qu&#8217;il soit \u00e0 la bonne hauteur pour \u00e9viter les maux de dos et que ses dimensions conviennent \u00e0 l&#8217;espace dont vous disposez.<\/p>\n\n\n\n<h3 class=\"wp-block-heading\"><span class=\"ez-toc-section\" id=\"Facilite_dentretien\"><\/span><strong>Facilit\u00e9 d&#8217;entretien<\/strong><span class=\"ez-toc-section-end\"><\/span><\/h3>\n\n\n\n<p>Avec les al\u00e9as des changes, le panier doit \u00eatre facile \u00e0 nettoyer, et sa housse, si elle en a une, doit \u00eatre lavable en machine.<\/p>\n\n\n\n<h2 class=\"wp-block-heading\"><span class=\"ez-toc-section\" id=\"Le_plus_du_panier_a_langer_artisanal\"><\/span><strong>Le plus du panier \u00e0 langer artisanal<\/strong><span class=\"ez-toc-section-end\"><\/span><\/h2>\n\n\n\n<h3 class=\"wp-block-heading\"><span class=\"ez-toc-section\" id=\"Un_choix_authentique\"><\/span><strong>Un choix authentique<\/strong><span class=\"ez-toc-section-end\"><\/span><\/h3>\n\n\n\n<p>Opter pour un panier \u00e0 langer artisanal, c&#8217;est valoriser le savoir-faire et l&#8217;expertise. C&#8217;est \u00e9galement choisir un produit unique qui a une histoire.<\/p>\n\n\n\n<figure class=\"wp-block-image size-full\"><a href=\"https:\/\/www.lelitcabane.fr\/collections\/panier-a-langer\"><img loading=\"lazy\" decoding=\"async\" width=\"816\" height=\"600\" src=\"https:\/\/www.mobilier-design-occasion.fr\/magazine\/wp-content\/uploads\/2023\/09\/PanierALangerNaturel.png\" alt=\"\" class=\"wp-image-6771\" srcset=\"https:\/\/www.mobilier-design-occasion.fr\/magazine\/wp-content\/uploads\/2023\/09\/PanierALangerNaturel.png 816w, https:\/\/www.mobilier-design-occasion.fr\/magazine\/wp-content\/uploads\/2023\/09\/PanierALangerNaturel-300x221.png 300w, https:\/\/www.mobilier-design-occasion.fr\/magazine\/wp-content\/uploads\/2023\/09\/PanierALangerNaturel-768x565.png 768w, https:\/\/www.mobilier-design-occasion.fr\/magazine\/wp-content\/uploads\/2023\/09\/PanierALangerNaturel-810x596.png 810w\" sizes=\"auto, (max-width: 816px) 100vw, 816px\" \/><\/a><\/figure>\n\n\n\n<h3 class=\"wp-block-heading\"><span class=\"ez-toc-section\" id=\"Durabilite_et_ethique\"><\/span><strong>Durabilit\u00e9 et \u00e9thique<\/strong><span class=\"ez-toc-section-end\"><\/span><\/h3>\n\n\n\n<p>Un produit artisanal est souvent con\u00e7u pour durer, r\u00e9alis\u00e9 avec passion et attention au d\u00e9tail. De plus, choisir l&#8217;artisanat, c&#8217;est soutenir une \u00e9conomie locale et \u00e9thique.<\/p>\n\n\n\n<h2 class=\"wp-block-heading\"><span class=\"ez-toc-section\" id=\"Conseils_pratiques\"><\/span><strong>Conseils pratiques<\/strong><span class=\"ez-toc-section-end\"><\/span><\/h2>\n\n\n\n<h3 class=\"wp-block-heading\"><span class=\"ez-toc-section\" id=\"Tester_avant_dacheter\"><\/span><strong>Tester avant d&#8217;acheter<\/strong><span class=\"ez-toc-section-end\"><\/span><\/h3>\n\n\n\n<p>Si possible, rendez-vous en magasin pour voir et toucher les diff\u00e9rents mod\u00e8les. C&#8217;est l&#8217;occasion d&#8217;\u00e9valuer la qualit\u00e9, la stabilit\u00e9 et d&#8217;imaginer l&#8217;int\u00e9gration du panier dans votre espace.<\/p>\n\n\n\n<h3 class=\"wp-block-heading\"><span class=\"ez-toc-section\" id=\"Consulter_les_avis\"><\/span><strong>Consulter les avis<\/strong><span class=\"ez-toc-section-end\"><\/span><\/h3>\n\n\n\n<p>Les avis d&#8217;autres parents peuvent \u00eatre une mine d&#8217;or d&#8217;informations. Ils permettent de conna\u00eetre les avantages et inconv\u00e9nients de chaque mod\u00e8le.<\/p>\n\n\n\n<p>Le panier \u00e0 langer est bien plus qu&#8217;un accessoire. C&#8217;est un compagnon des premi\u00e8res ann\u00e9es de votre enfant, t\u00e9moin de moments tendres et intimes. Prenez le temps de bien choisir, car un bon panier est un investissement dans le confort et le bien-\u00eatre de votre famille.<\/p>\n","protected":false},"excerpt":{"rendered":"<p>Le panier \u00e0 langer, cet \u00e9l\u00e9ment cl\u00e9 de la chambre de b\u00e9b\u00e9, se doit d&#8217;\u00eatre \u00e0 la fois pratique, s\u00e9curis\u00e9 et esth\u00e9tique. Lorsque vient le moment de choisir cet accessoire indispensable, de nombreux crit\u00e8res entrent en jeu. Dans cette jungle d&#8217;options, comment s&#8217;assurer de faire le bon choix pour votre tout-petit et pour vous-m\u00eame, parents [&hellip;]<\/p>\n","protected":false},"author":1,"featured_media":0,"comment_status":"open","ping_status":"open","sticky":false,"template":"","format":"standard","meta":{"footnotes":""},"categories":[125],"tags":[],"class_list":["post-6768","post","type-post","status-publish","format-standard","hentry","category-chambre-enfant"],"yoast_head":"<!-- This site is optimized with the Yoast SEO plugin v27.5 - https:\/\/yoast.com\/product\/yoast-seo-wordpress\/ -->\n<title>Bien choisir son panier \u00e0 langer: le guide pour un choix \u00e9clair\u00e9 et serein - Mobilier Design Magazine<\/title>\n<meta name=\"robots\" content=\"index, follow, max-snippet:-1, max-image-preview:large, max-video-preview:-1\" \/>\n<link rel=\"canonical\" href=\"https:\/\/www.mobilier-design-occasion.fr\/magazine\/bien-choisir-son-panier-a-langer-le-guide-pour-un-choix-eclaire-et-serein\/\" \/>\n<meta property=\"og:locale\" content=\"fr_FR\" \/>\n<meta property=\"og:type\" content=\"article\" \/>\n<meta property=\"og:title\" content=\"Bien choisir son panier \u00e0 langer: le guide pour un choix \u00e9clair\u00e9 et serein - Mobilier Design Magazine\" \/>\n<meta property=\"og:description\" content=\"Le panier \u00e0 langer, cet \u00e9l\u00e9ment cl\u00e9 de la chambre de b\u00e9b\u00e9, se doit d&#8217;\u00eatre \u00e0 la fois pratique, s\u00e9curis\u00e9 et esth\u00e9tique. Lorsque vient le moment de choisir cet accessoire indispensable, de nombreux crit\u00e8res entrent en jeu. Dans cette jungle d&#8217;options, comment s&#8217;assurer de faire le bon choix pour votre tout-petit et pour vous-m\u00eame, parents [&hellip;]\" \/>\n<meta property=\"og:url\" content=\"https:\/\/www.mobilier-design-occasion.fr\/magazine\/bien-choisir-son-panier-a-langer-le-guide-pour-un-choix-eclaire-et-serein\/\" \/>\n<meta property=\"og:site_name\" content=\"Mobilier Design Magazine\" \/>\n<meta property=\"article:publisher\" content=\"https:\/\/www.facebook.com\/mobilierdesignoccasion\" \/>\n<meta property=\"article:published_time\" content=\"2023-09-14T13:23:34+00:00\" \/>\n<meta property=\"article:modified_time\" content=\"2023-09-25T13:24:25+00:00\" \/>\n<meta property=\"og:image\" content=\"https:\/\/www.mobilier-design-occasion.fr\/magazine\/wp-content\/uploads\/2023\/09\/PanierALangerBouclette.jpg\" \/>\n<meta name=\"author\" content=\"Cyrielle Poirot\" \/>\n<meta name=\"twitter:card\" content=\"summary_large_image\" \/>\n<meta name=\"twitter:label1\" content=\"\u00c9crit par\" \/>\n\t<meta name=\"twitter:data1\" content=\"Cyrielle Poirot\" \/>\n\t<meta name=\"twitter:label2\" content=\"Dur\u00e9e de lecture estim\u00e9e\" \/>\n\t<meta name=\"twitter:data2\" content=\"2 minutes\" \/>\n<script type=\"application\/ld+json\" class=\"yoast-schema-graph\">{\"@context\":\"https:\\\/\\\/schema.org\",\"@graph\":[{\"@type\":\"Article\",\"@id\":\"https:\\\/\\\/www.mobilier-design-occasion.fr\\\/magazine\\\/bien-choisir-son-panier-a-langer-le-guide-pour-un-choix-eclaire-et-serein\\\/#article\",\"isPartOf\":{\"@id\":\"https:\\\/\\\/www.mobilier-design-occasion.fr\\\/magazine\\\/bien-choisir-son-panier-a-langer-le-guide-pour-un-choix-eclaire-et-serein\\\/\"},\"author\":{\"name\":\"Cyrielle Poirot\",\"@id\":\"https:\\\/\\\/www.mobilier-design-occasion.fr\\\/magazine\\\/#\\\/schema\\\/person\\\/5b2e5627a714ddadaaf8c9b886c55eff\"},\"headline\":\"Bien choisir son panier \u00e0 langer: le guide pour un choix \u00e9clair\u00e9 et serein\",\"datePublished\":\"2023-09-14T13:23:34+00:00\",\"dateModified\":\"2023-09-25T13:24:25+00:00\",\"mainEntityOfPage\":{\"@id\":\"https:\\\/\\\/www.mobilier-design-occasion.fr\\\/magazine\\\/bien-choisir-son-panier-a-langer-le-guide-pour-un-choix-eclaire-et-serein\\\/\"},\"wordCount\":494,\"commentCount\":0,\"publisher\":{\"@id\":\"https:\\\/\\\/www.mobilier-design-occasion.fr\\\/magazine\\\/#organization\"},\"image\":{\"@id\":\"https:\\\/\\\/www.mobilier-design-occasion.fr\\\/magazine\\\/bien-choisir-son-panier-a-langer-le-guide-pour-un-choix-eclaire-et-serein\\\/#primaryimage\"},\"thumbnailUrl\":\"https:\\\/\\\/www.mobilier-design-occasion.fr\\\/magazine\\\/wp-content\\\/uploads\\\/2023\\\/09\\\/PanierALangerBouclette.jpg\",\"articleSection\":[\"Chambre enfant\"],\"inLanguage\":\"fr-FR\",\"potentialAction\":[{\"@type\":\"CommentAction\",\"name\":\"Comment\",\"target\":[\"https:\\\/\\\/www.mobilier-design-occasion.fr\\\/magazine\\\/bien-choisir-son-panier-a-langer-le-guide-pour-un-choix-eclaire-et-serein\\\/#respond\"]}]},{\"@type\":\"WebPage\",\"@id\":\"https:\\\/\\\/www.mobilier-design-occasion.fr\\\/magazine\\\/bien-choisir-son-panier-a-langer-le-guide-pour-un-choix-eclaire-et-serein\\\/\",\"url\":\"https:\\\/\\\/www.mobilier-design-occasion.fr\\\/magazine\\\/bien-choisir-son-panier-a-langer-le-guide-pour-un-choix-eclaire-et-serein\\\/\",\"name\":\"Bien choisir son panier \u00e0 langer: le guide pour un choix \u00e9clair\u00e9 et serein - Mobilier Design Magazine\",\"isPartOf\":{\"@id\":\"https:\\\/\\\/www.mobilier-design-occasion.fr\\\/magazine\\\/#website\"},\"primaryImageOfPage\":{\"@id\":\"https:\\\/\\\/www.mobilier-design-occasion.fr\\\/magazine\\\/bien-choisir-son-panier-a-langer-le-guide-pour-un-choix-eclaire-et-serein\\\/#primaryimage\"},\"image\":{\"@id\":\"https:\\\/\\\/www.mobilier-design-occasion.fr\\\/magazine\\\/bien-choisir-son-panier-a-langer-le-guide-pour-un-choix-eclaire-et-serein\\\/#primaryimage\"},\"thumbnailUrl\":\"https:\\\/\\\/www.mobilier-design-occasion.fr\\\/magazine\\\/wp-content\\\/uploads\\\/2023\\\/09\\\/PanierALangerBouclette.jpg\",\"datePublished\":\"2023-09-14T13:23:34+00:00\",\"dateModified\":\"2023-09-25T13:24:25+00:00\",\"breadcrumb\":{\"@id\":\"https:\\\/\\\/www.mobilier-design-occasion.fr\\\/magazine\\\/bien-choisir-son-panier-a-langer-le-guide-pour-un-choix-eclaire-et-serein\\\/#breadcrumb\"},\"inLanguage\":\"fr-FR\",\"potentialAction\":[{\"@type\":\"ReadAction\",\"target\":[\"https:\\\/\\\/www.mobilier-design-occasion.fr\\\/magazine\\\/bien-choisir-son-panier-a-langer-le-guide-pour-un-choix-eclaire-et-serein\\\/\"]}]},{\"@type\":\"ImageObject\",\"inLanguage\":\"fr-FR\",\"@id\":\"https:\\\/\\\/www.mobilier-design-occasion.fr\\\/magazine\\\/bien-choisir-son-panier-a-langer-le-guide-pour-un-choix-eclaire-et-serein\\\/#primaryimage\",\"url\":\"https:\\\/\\\/www.mobilier-design-occasion.fr\\\/magazine\\\/wp-content\\\/uploads\\\/2023\\\/09\\\/PanierALangerBouclette.jpg\",\"contentUrl\":\"https:\\\/\\\/www.mobilier-design-occasion.fr\\\/magazine\\\/wp-content\\\/uploads\\\/2023\\\/09\\\/PanierALangerBouclette.jpg\",\"width\":817,\"height\":640},{\"@type\":\"BreadcrumbList\",\"@id\":\"https:\\\/\\\/www.mobilier-design-occasion.fr\\\/magazine\\\/bien-choisir-son-panier-a-langer-le-guide-pour-un-choix-eclaire-et-serein\\\/#breadcrumb\",\"itemListElement\":[{\"@type\":\"ListItem\",\"position\":1,\"name\":\"Accueil\",\"item\":\"https:\\\/\\\/www.mobilier-design-occasion.fr\\\/magazine\\\/\"},{\"@type\":\"ListItem\",\"position\":2,\"name\":\"Bien choisir son panier \u00e0 langer: le guide pour un choix \u00e9clair\u00e9 et serein\"}]},{\"@type\":\"WebSite\",\"@id\":\"https:\\\/\\\/www.mobilier-design-occasion.fr\\\/magazine\\\/#website\",\"url\":\"https:\\\/\\\/www.mobilier-design-occasion.fr\\\/magazine\\\/\",\"name\":\"Mobilier Design Magazine\",\"description\":\"\",\"publisher\":{\"@id\":\"https:\\\/\\\/www.mobilier-design-occasion.fr\\\/magazine\\\/#organization\"},\"potentialAction\":[{\"@type\":\"SearchAction\",\"target\":{\"@type\":\"EntryPoint\",\"urlTemplate\":\"https:\\\/\\\/www.mobilier-design-occasion.fr\\\/magazine\\\/?s={search_term_string}\"},\"query-input\":{\"@type\":\"PropertyValueSpecification\",\"valueRequired\":true,\"valueName\":\"search_term_string\"}}],\"inLanguage\":\"fr-FR\"},{\"@type\":\"Organization\",\"@id\":\"https:\\\/\\\/www.mobilier-design-occasion.fr\\\/magazine\\\/#organization\",\"name\":\"Mobilier Design Magazine\",\"url\":\"https:\\\/\\\/www.mobilier-design-occasion.fr\\\/magazine\\\/\",\"logo\":{\"@type\":\"ImageObject\",\"inLanguage\":\"fr-FR\",\"@id\":\"https:\\\/\\\/www.mobilier-design-occasion.fr\\\/magazine\\\/#\\\/schema\\\/logo\\\/image\\\/\",\"url\":\"https:\\\/\\\/www.mobilier-design-occasion.fr\\\/magazine\\\/wp-content\\\/uploads\\\/2024\\\/02\\\/android-chrome-192x192-1.png\",\"contentUrl\":\"https:\\\/\\\/www.mobilier-design-occasion.fr\\\/magazine\\\/wp-content\\\/uploads\\\/2024\\\/02\\\/android-chrome-192x192-1.png\",\"width\":192,\"height\":192,\"caption\":\"Mobilier Design Magazine\"},\"image\":{\"@id\":\"https:\\\/\\\/www.mobilier-design-occasion.fr\\\/magazine\\\/#\\\/schema\\\/logo\\\/image\\\/\"},\"sameAs\":[\"https:\\\/\\\/www.facebook.com\\\/mobilierdesignoccasion\"]},{\"@type\":\"Person\",\"@id\":\"https:\\\/\\\/www.mobilier-design-occasion.fr\\\/magazine\\\/#\\\/schema\\\/person\\\/5b2e5627a714ddadaaf8c9b886c55eff\",\"name\":\"Cyrielle Poirot\",\"image\":{\"@type\":\"ImageObject\",\"inLanguage\":\"fr-FR\",\"@id\":\"https:\\\/\\\/secure.gravatar.com\\\/avatar\\\/c8d2674e093b06894d8d1dc468b626bd752523471f3ac6e75f7c7a1400d40b4d?s=96&d=mm&r=g\",\"url\":\"https:\\\/\\\/secure.gravatar.com\\\/avatar\\\/c8d2674e093b06894d8d1dc468b626bd752523471f3ac6e75f7c7a1400d40b4d?s=96&d=mm&r=g\",\"contentUrl\":\"https:\\\/\\\/secure.gravatar.com\\\/avatar\\\/c8d2674e093b06894d8d1dc468b626bd752523471f3ac6e75f7c7a1400d40b4d?s=96&d=mm&r=g\",\"caption\":\"Cyrielle Poirot\"},\"description\":\"Cyrielle est passionn\u00e9e par la d\u00e9coration d'int\u00e9rieur et s'est sp\u00e9cialis\u00e9e depuis quelques ann\u00e9es dans l'\u00e9dition du site Mobilier-Design, avec une touche sp\u00e9cifique pour les produits d'occasion.\",\"sameAs\":[\"https:\\\/\\\/www.mobilier-design-occasion.fr\\\/magazine\"],\"url\":\"https:\\\/\\\/www.mobilier-design-occasion.fr\\\/magazine\\\/author\\\/cyrielle\\\/\"}]}<\/script>\n<!-- \/ Yoast SEO plugin. -->","yoast_head_json":{"title":"Bien choisir son panier \u00e0 langer: le guide pour un choix \u00e9clair\u00e9 et serein - Mobilier Design Magazine","robots":{"index":"index","follow":"follow","max-snippet":"max-snippet:-1","max-image-preview":"max-image-preview:large","max-video-preview":"max-video-preview:-1"},"canonical":"https:\/\/www.mobilier-design-occasion.fr\/magazine\/bien-choisir-son-panier-a-langer-le-guide-pour-un-choix-eclaire-et-serein\/","og_locale":"fr_FR","og_type":"article","og_title":"Bien choisir son panier \u00e0 langer: le guide pour un choix \u00e9clair\u00e9 et serein - Mobilier Design Magazine","og_description":"Le panier \u00e0 langer, cet \u00e9l\u00e9ment cl\u00e9 de la chambre de b\u00e9b\u00e9, se doit d&#8217;\u00eatre \u00e0 la fois pratique, s\u00e9curis\u00e9 et esth\u00e9tique. Lorsque vient le moment de choisir cet accessoire indispensable, de nombreux crit\u00e8res entrent en jeu. Dans cette jungle d&#8217;options, comment s&#8217;assurer de faire le bon choix pour votre tout-petit et pour vous-m\u00eame, parents [&hellip;]","og_url":"https:\/\/www.mobilier-design-occasion.fr\/magazine\/bien-choisir-son-panier-a-langer-le-guide-pour-un-choix-eclaire-et-serein\/","og_site_name":"Mobilier Design Magazine","article_publisher":"https:\/\/www.facebook.com\/mobilierdesignoccasion","article_published_time":"2023-09-14T13:23:34+00:00","article_modified_time":"2023-09-25T13:24:25+00:00","og_image":[{"url":"https:\/\/www.mobilier-design-occasion.fr\/magazine\/wp-content\/uploads\/2023\/09\/PanierALangerBouclette.jpg","type":"","width":"","height":""}],"author":"Cyrielle Poirot","twitter_card":"summary_large_image","twitter_misc":{"\u00c9crit par":"Cyrielle Poirot","Dur\u00e9e de lecture estim\u00e9e":"2 minutes"},"schema":{"@context":"https:\/\/schema.org","@graph":[{"@type":"Article","@id":"https:\/\/www.mobilier-design-occasion.fr\/magazine\/bien-choisir-son-panier-a-langer-le-guide-pour-un-choix-eclaire-et-serein\/#article","isPartOf":{"@id":"https:\/\/www.mobilier-design-occasion.fr\/magazine\/bien-choisir-son-panier-a-langer-le-guide-pour-un-choix-eclaire-et-serein\/"},"author":{"name":"Cyrielle Poirot","@id":"https:\/\/www.mobilier-design-occasion.fr\/magazine\/#\/schema\/person\/5b2e5627a714ddadaaf8c9b886c55eff"},"headline":"Bien choisir son panier \u00e0 langer: le guide pour un choix \u00e9clair\u00e9 et serein","datePublished":"2023-09-14T13:23:34+00:00","dateModified":"2023-09-25T13:24:25+00:00","mainEntityOfPage":{"@id":"https:\/\/www.mobilier-design-occasion.fr\/magazine\/bien-choisir-son-panier-a-langer-le-guide-pour-un-choix-eclaire-et-serein\/"},"wordCount":494,"commentCount":0,"publisher":{"@id":"https:\/\/www.mobilier-design-occasion.fr\/magazine\/#organization"},"image":{"@id":"https:\/\/www.mobilier-design-occasion.fr\/magazine\/bien-choisir-son-panier-a-langer-le-guide-pour-un-choix-eclaire-et-serein\/#primaryimage"},"thumbnailUrl":"https:\/\/www.mobilier-design-occasion.fr\/magazine\/wp-content\/uploads\/2023\/09\/PanierALangerBouclette.jpg","articleSection":["Chambre enfant"],"inLanguage":"fr-FR","potentialAction":[{"@type":"CommentAction","name":"Comment","target":["https:\/\/www.mobilier-design-occasion.fr\/magazine\/bien-choisir-son-panier-a-langer-le-guide-pour-un-choix-eclaire-et-serein\/#respond"]}]},{"@type":"WebPage","@id":"https:\/\/www.mobilier-design-occasion.fr\/magazine\/bien-choisir-son-panier-a-langer-le-guide-pour-un-choix-eclaire-et-serein\/","url":"https:\/\/www.mobilier-design-occasion.fr\/magazine\/bien-choisir-son-panier-a-langer-le-guide-pour-un-choix-eclaire-et-serein\/","name":"Bien choisir son panier \u00e0 langer: le guide pour un choix \u00e9clair\u00e9 et serein - Mobilier Design Magazine","isPartOf":{"@id":"https:\/\/www.mobilier-design-occasion.fr\/magazine\/#website"},"primaryImageOfPage":{"@id":"https:\/\/www.mobilier-design-occasion.fr\/magazine\/bien-choisir-son-panier-a-langer-le-guide-pour-un-choix-eclaire-et-serein\/#primaryimage"},"image":{"@id":"https:\/\/www.mobilier-design-occasion.fr\/magazine\/bien-choisir-son-panier-a-langer-le-guide-pour-un-choix-eclaire-et-serein\/#primaryimage"},"thumbnailUrl":"https:\/\/www.mobilier-design-occasion.fr\/magazine\/wp-content\/uploads\/2023\/09\/PanierALangerBouclette.jpg","datePublished":"2023-09-14T13:23:34+00:00","dateModified":"2023-09-25T13:24:25+00:00","breadcrumb":{"@id":"https:\/\/www.mobilier-design-occasion.fr\/magazine\/bien-choisir-son-panier-a-langer-le-guide-pour-un-choix-eclaire-et-serein\/#breadcrumb"},"inLanguage":"fr-FR","potentialAction":[{"@type":"ReadAction","target":["https:\/\/www.mobilier-design-occasion.fr\/magazine\/bien-choisir-son-panier-a-langer-le-guide-pour-un-choix-eclaire-et-serein\/"]}]},{"@type":"ImageObject","inLanguage":"fr-FR","@id":"https:\/\/www.mobilier-design-occasion.fr\/magazine\/bien-choisir-son-panier-a-langer-le-guide-pour-un-choix-eclaire-et-serein\/#primaryimage","url":"https:\/\/www.mobilier-design-occasion.fr\/magazine\/wp-content\/uploads\/2023\/09\/PanierALangerBouclette.jpg","contentUrl":"https:\/\/www.mobilier-design-occasion.fr\/magazine\/wp-content\/uploads\/2023\/09\/PanierALangerBouclette.jpg","width":817,"height":640},{"@type":"BreadcrumbList","@id":"https:\/\/www.mobilier-design-occasion.fr\/magazine\/bien-choisir-son-panier-a-langer-le-guide-pour-un-choix-eclaire-et-serein\/#breadcrumb","itemListElement":[{"@type":"ListItem","position":1,"name":"Accueil","item":"https:\/\/www.mobilier-design-occasion.fr\/magazine\/"},{"@type":"ListItem","position":2,"name":"Bien choisir son panier \u00e0 langer: le guide pour un choix \u00e9clair\u00e9 et serein"}]},{"@type":"WebSite","@id":"https:\/\/www.mobilier-design-occasion.fr\/magazine\/#website","url":"https:\/\/www.mobilier-design-occasion.fr\/magazine\/","name":"Mobilier Design Magazine","description":"","publisher":{"@id":"https:\/\/www.mobilier-design-occasion.fr\/magazine\/#organization"},"potentialAction":[{"@type":"SearchAction","target":{"@type":"EntryPoint","urlTemplate":"https:\/\/www.mobilier-design-occasion.fr\/magazine\/?s={search_term_string}"},"query-input":{"@type":"PropertyValueSpecification","valueRequired":true,"valueName":"search_term_string"}}],"inLanguage":"fr-FR"},{"@type":"Organization","@id":"https:\/\/www.mobilier-design-occasion.fr\/magazine\/#organization","name":"Mobilier Design Magazine","url":"https:\/\/www.mobilier-design-occasion.fr\/magazine\/","logo":{"@type":"ImageObject","inLanguage":"fr-FR","@id":"https:\/\/www.mobilier-design-occasion.fr\/magazine\/#\/schema\/logo\/image\/","url":"https:\/\/www.mobilier-design-occasion.fr\/magazine\/wp-content\/uploads\/2024\/02\/android-chrome-192x192-1.png","contentUrl":"https:\/\/www.mobilier-design-occasion.fr\/magazine\/wp-content\/uploads\/2024\/02\/android-chrome-192x192-1.png","width":192,"height":192,"caption":"Mobilier Design Magazine"},"image":{"@id":"https:\/\/www.mobilier-design-occasion.fr\/magazine\/#\/schema\/logo\/image\/"},"sameAs":["https:\/\/www.facebook.com\/mobilierdesignoccasion"]},{"@type":"Person","@id":"https:\/\/www.mobilier-design-occasion.fr\/magazine\/#\/schema\/person\/5b2e5627a714ddadaaf8c9b886c55eff","name":"Cyrielle Poirot","image":{"@type":"ImageObject","inLanguage":"fr-FR","@id":"https:\/\/secure.gravatar.com\/avatar\/c8d2674e093b06894d8d1dc468b626bd752523471f3ac6e75f7c7a1400d40b4d?s=96&d=mm&r=g","url":"https:\/\/secure.gravatar.com\/avatar\/c8d2674e093b06894d8d1dc468b626bd752523471f3ac6e75f7c7a1400d40b4d?s=96&d=mm&r=g","contentUrl":"https:\/\/secure.gravatar.com\/avatar\/c8d2674e093b06894d8d1dc468b626bd752523471f3ac6e75f7c7a1400d40b4d?s=96&d=mm&r=g","caption":"Cyrielle Poirot"},"description":"Cyrielle est passionn\u00e9e par la d\u00e9coration d'int\u00e9rieur et s'est sp\u00e9cialis\u00e9e depuis quelques ann\u00e9es dans l'\u00e9dition du site Mobilier-Design, avec une touche sp\u00e9cifique pour les produits d'occasion.","sameAs":["https:\/\/www.mobilier-design-occasion.fr\/magazine"],"url":"https:\/\/www.mobilier-design-occasion.fr\/magazine\/author\/cyrielle\/"}]}},"_links":{"self":[{"href":"https:\/\/www.mobilier-design-occasion.fr\/magazine\/wp-json\/wp\/v2\/posts\/6768","targetHints":{"allow":["GET"]}}],"collection":[{"href":"https:\/\/www.mobilier-design-occasion.fr\/magazine\/wp-json\/wp\/v2\/posts"}],"about":[{"href":"https:\/\/www.mobilier-design-occasion.fr\/magazine\/wp-json\/wp\/v2\/types\/post"}],"author":[{"embeddable":true,"href":"https:\/\/www.mobilier-design-occasion.fr\/magazine\/wp-json\/wp\/v2\/users\/1"}],"replies":[{"embeddable":true,"href":"https:\/\/www.mobilier-design-occasion.fr\/magazine\/wp-json\/wp\/v2\/comments?post=6768"}],"version-history":[{"count":1,"href":"https:\/\/www.mobilier-design-occasion.fr\/magazine\/wp-json\/wp\/v2\/posts\/6768\/revisions"}],"predecessor-version":[{"id":6772,"href":"https:\/\/www.mobilier-design-occasion.fr\/magazine\/wp-json\/wp\/v2\/posts\/6768\/revisions\/6772"}],"wp:attachment":[{"href":"https:\/\/www.mobilier-design-occasion.fr\/magazine\/wp-json\/wp\/v2\/media?parent=6768"}],"wp:term":[{"taxonomy":"category","embeddable":true,"href":"https:\/\/www.mobilier-design-occasion.fr\/magazine\/wp-json\/wp\/v2\/categories?post=6768"},{"taxonomy":"post_tag","embeddable":true,"href":"https:\/\/www.mobilier-design-occasion.fr\/magazine\/wp-json\/wp\/v2\/tags?post=6768"}],"curies":[{"name":"wp","href":"https:\/\/api.w.org\/{rel}","templated":true}]}}