{"id":6764,"date":"2023-09-11T09:28:47","date_gmt":"2023-09-11T09:28:47","guid":{"rendered":"https:\/\/www.mobilier-design-occasion.fr\/magazine\/?p=6764"},"modified":"2023-09-11T09:28:48","modified_gmt":"2023-09-11T09:28:48","slug":"limportance-de-la-decoration-des-salles-de-reunion-dans-les-espaces-de-coworking","status":"publish","type":"post","link":"https:\/\/www.mobilier-design-occasion.fr\/magazine\/limportance-de-la-decoration-des-salles-de-reunion-dans-les-espaces-de-coworking\/","title":{"rendered":"L\u2019importance de la d\u00e9coration des salles de r\u00e9union dans les espaces de coworking"},"content":{"rendered":"\n<p>Depuis quelques ann\u00e9es, les espaces de coworking se posent comme une alternative originale aux espaces de travail classique au point que certaines entreprises s\u2019en inspirent. Si les espaces de coworking sont aussi fr\u00e9quent\u00e9s aujourd\u2019hui, c\u2019est parce que de plus en plus de personnes exercent leur activit\u00e9 en tant qu\u2019ind\u00e9pendants et que le t\u00e9l\u00e9travail s\u2019est beaucoup d\u00e9velopp\u00e9. Nous allons voir que la d\u00e9coration et l\u2019ameublement sont tr\u00e8s importants dans l\u2019am\u00e9nagement des espaces collaboratifs.&nbsp;<\/p>\n\n\n\n<h2 class=\"wp-block-heading\"><span class=\"ez-toc-section\" id=\"Linfluence_du_design_et_des_couleurs_sur_la_productivite\"><\/span>L\u2019influence du design et des couleurs sur la productivit\u00e9<span class=\"ez-toc-section-end\"><\/span><\/h2><div id=\"ez-toc-container\" class=\"ez-toc-v2_0_82_2 counter-hierarchy ez-toc-counter ez-toc-grey ez-toc-container-direction\">\n<div class=\"ez-toc-title-container\">\n<span class=\"ez-toc-title-toggle\"><a href=\"#\" class=\"ez-toc-pull-right ez-toc-btn ez-toc-btn-xs ez-toc-btn-default ez-toc-toggle\" aria-label=\"Toggle Table of Content\"><span class=\"ez-toc-js-icon-con\"><span class=\"\"><span class=\"eztoc-hide\" style=\"display:none;\">Toggle<\/span><span class=\"ez-toc-icon-toggle-span\"><svg style=\"fill: #999;color:#999\" xmlns=\"http:\/\/www.w3.org\/2000\/svg\" class=\"list-377408\" width=\"20px\" height=\"20px\" viewBox=\"0 0 24 24\" fill=\"none\"><path d=\"M6 6H4v2h2V6zm14 0H8v2h12V6zM4 11h2v2H4v-2zm16 0H8v2h12v-2zM4 16h2v2H4v-2zm16 0H8v2h12v-2z\" fill=\"currentColor\"><\/path><\/svg><svg style=\"fill: #999;color:#999\" class=\"arrow-unsorted-368013\" xmlns=\"http:\/\/www.w3.org\/2000\/svg\" width=\"10px\" height=\"10px\" viewBox=\"0 0 24 24\" version=\"1.2\" baseProfile=\"tiny\"><path d=\"M18.2 9.3l-6.2-6.3-6.2 6.3c-.2.2-.3.4-.3.7s.1.5.3.7c.2.2.4.3.7.3h11c.3 0 .5-.1.7-.3.2-.2.3-.5.3-.7s-.1-.5-.3-.7zM5.8 14.7l6.2 6.3 6.2-6.3c.2-.2.3-.5.3-.7s-.1-.5-.3-.7c-.2-.2-.4-.3-.7-.3h-11c-.3 0-.5.1-.7.3-.2.2-.3.5-.3.7s.1.5.3.7z\"\/><\/svg><\/span><\/span><\/span><\/a><\/span><\/div>\n<nav><ul class='ez-toc-list ez-toc-list-level-1 eztoc-toggle-hide-by-default' ><li class='ez-toc-page-1 ez-toc-heading-level-2'><a class=\"ez-toc-link ez-toc-heading-1\" href=\"https:\/\/www.mobilier-design-occasion.fr\/magazine\/limportance-de-la-decoration-des-salles-de-reunion-dans-les-espaces-de-coworking\/#Linfluence_du_design_et_des_couleurs_sur_la_productivite\" >L\u2019influence du design et des couleurs sur la productivit\u00e9<\/a><\/li><li class='ez-toc-page-1 ez-toc-heading-level-2'><a class=\"ez-toc-link ez-toc-heading-2\" href=\"https:\/\/www.mobilier-design-occasion.fr\/magazine\/limportance-de-la-decoration-des-salles-de-reunion-dans-les-espaces-de-coworking\/#Un_style_qui_booste_la_creativite\" >Un style qui booste la cr\u00e9ativit\u00e9<\/a><\/li><li class='ez-toc-page-1 ez-toc-heading-level-2'><a class=\"ez-toc-link ez-toc-heading-3\" href=\"https:\/\/www.mobilier-design-occasion.fr\/magazine\/limportance-de-la-decoration-des-salles-de-reunion-dans-les-espaces-de-coworking\/#Un_amenagement_propice_au_travail_dequipe\" >Un am\u00e9nagement propice au travail d\u2019\u00e9quipe<\/a><\/li><li class='ez-toc-page-1 ez-toc-heading-level-2'><a class=\"ez-toc-link ez-toc-heading-4\" href=\"https:\/\/www.mobilier-design-occasion.fr\/magazine\/limportance-de-la-decoration-des-salles-de-reunion-dans-les-espaces-de-coworking\/#Des_espaces_modulables_et_adaptables\" >Des espaces modulables et adaptables<\/a><\/li><\/ul><\/nav><\/div>\n\n\n\n\n<p>Depuis les ann\u00e9es 1960, les designers \u00e9tudient l\u2019influence de la d\u00e9coration et des couleurs sur la productivit\u00e9 dans le milieu professionnel. C\u2019est pour cette raison que la d\u00e9coration des espaces de travail dans les milieux cr\u00e9atifs comme la mode, la pub ou l\u2019architecture a toujours \u00e9t\u00e9 tr\u00e8s travaill\u00e9e. Aujourd\u2019hui, beaucoup d\u2019entreprises s\u2019inspirent de ce mod\u00e8le et les espaces de coworking sont toujours am\u00e9nag\u00e9s dans un style d\u00e9coratif en vogue pour \u00eatre des lieux attractifs et inspirants. Aujourd\u2019hui, quand des \u00e9quipes en t\u00e9l\u00e9travail cherchent une&nbsp;<a href=\"https:\/\/workin.space\/salle-reunion\/france\/paris-75\">location d\u2019une salle de r\u00e9union \u00e0 Paris<\/a>, ils recherchent avant tout&nbsp;<strong>un lieu qui fait r\u00eaver et qui favorise la coh\u00e9sion<\/strong>.&nbsp;<\/p>\n\n\n\n<h2 class=\"wp-block-heading\"><span class=\"ez-toc-section\" id=\"Un_style_qui_booste_la_creativite\"><\/span>Un style qui booste la cr\u00e9ativit\u00e9<span class=\"ez-toc-section-end\"><\/span><\/h2>\n\n\n\n<p>Quand on am\u00e9nage une salle de r\u00e9union, il faut d\u00e9sormais penser \u00e0 tous les d\u00e9tails susceptibles d\u2019apporter une exp\u00e9rience positive.&nbsp;<a href=\"https:\/\/www.consoglobe.com\/les-couleurs-influencent-notre-humeur-cg\">Certaines couleurs par exemple<\/a>&nbsp;favorisent le dynamisme et la cr\u00e9ativit\u00e9 comme le jaune et l\u2019orange. Le bleu est une couleur qui se veut plus rassurante alors que le vert appelle \u00e0 l\u2019\u00e9vasion. Mais il n\u2019y a pas que les couleurs qui comptent, le style d\u00e9coratif a une tr\u00e8s grande importance. Aujourd\u2019hui, les styles les plus en vogue dans les salles de r\u00e9union sont des styles industriels, les espaces v\u00e9g\u00e9talis\u00e9s, les styles vintage ou encore&nbsp;<a href=\"https:\/\/www.mobilier-design-occasion.fr\/accessoires.html\">les styles modernes et design<\/a>.<\/p>\n\n\n\n<h2 class=\"wp-block-heading\"><span class=\"ez-toc-section\" id=\"Un_amenagement_propice_au_travail_dequipe\"><\/span>Un am\u00e9nagement propice au travail d\u2019\u00e9quipe<span class=\"ez-toc-section-end\"><\/span><\/h2>\n\n\n\n<p>Les espaces de coworking ont cr\u00e9\u00e9 une rupture dans&nbsp;<strong>l\u2019organisation des espaces de travail<\/strong>&nbsp;classiques. Dans les ann\u00e9es 1990, on se souviendra des open-spaces d\u00e9coup\u00e9s en box d\u2019un m\u00e8tre carr\u00e9s o\u00f9 chacun bossait derri\u00e8re des cloisons opaques. D\u00e9sormais, pour favoriser le bien-\u00eatre des travailleurs, l\u2019esprit d\u2019\u00e9quipe et pour booster la cr\u00e9ativit\u00e9, les espaces se veulent beaucoup plus ouverts. C\u2019est aussi le cas des salles de r\u00e9union. Ces salles sont beaucoup plus ouvertes avec des cloisons vitr\u00e9es par exemple et elles disposent de tous les moyens de communication n\u00e9cessaires (\u00e9quipement de projection, \u00e9crans LED, son, \u00e9quipement de r\u00e9union en visio).<\/p>\n\n\n\n<h2 class=\"wp-block-heading\"><span class=\"ez-toc-section\" id=\"Des_espaces_modulables_et_adaptables\"><\/span>Des espaces modulables et adaptables<span class=\"ez-toc-section-end\"><\/span><\/h2>\n\n\n\n<p>Ce que l\u2019on appr\u00e9cie le plus dans les espaces de coworking, c\u2019est d\u2019avoir diff\u00e9rents espaces am\u00e9nag\u00e9s \u00e0 sa disposition des bureaux ou des tables de travail classiques, des postes debout, des canap\u00e9s et des fauteuils. Cela permet de travailler comme on le souhaite, et de varier les postures de travail. Cela permet aux espaces d\u2019\u00eatre modulables et de&nbsp;<strong>s\u2019adapter \u00e0 tout type d\u2019activit\u00e9s et de r\u00e9unions<\/strong>. Plus qu\u2019un lieu de travail, c\u2019est avant tout un lieu de vie o\u00f9 l\u2019on se sent bien et o\u00f9 l\u2019on peut aussi se d\u00e9tendre et se restaurer dans des espaces d\u00e9di\u00e9s. Certains espaces de coworking proposent m\u00eame des coins d\u00e9di\u00e9s au repos et \u00e0 la sieste.<\/p>\n","protected":false},"excerpt":{"rendered":"<p>Depuis quelques ann\u00e9es, les espaces de coworking se posent comme une alternative originale aux espaces de travail classique au point que certaines entreprises s\u2019en inspirent. Si les espaces de coworking sont aussi fr\u00e9quent\u00e9s aujourd\u2019hui, c\u2019est parce que de plus en plus de personnes exercent leur activit\u00e9 en tant qu\u2019ind\u00e9pendants et que le t\u00e9l\u00e9travail s\u2019est beaucoup [&hellip;]<\/p>\n","protected":false},"author":2,"featured_media":6765,"comment_status":"open","ping_status":"open","sticky":false,"template":"","format":"standard","meta":{"footnotes":""},"categories":[2],"tags":[],"class_list":["post-6764","post","type-post","status-publish","format-standard","has-post-thumbnail","hentry","category-tendances"],"yoast_head":"<!-- This site is optimized with the Yoast SEO plugin v27.5 - https:\/\/yoast.com\/product\/yoast-seo-wordpress\/ -->\n<title>L\u2019importance de la d\u00e9coration des salles de r\u00e9union dans les espaces de coworking - Mobilier Design Magazine<\/title>\n<meta name=\"robots\" content=\"index, follow, max-snippet:-1, max-image-preview:large, max-video-preview:-1\" \/>\n<link rel=\"canonical\" href=\"https:\/\/www.mobilier-design-occasion.fr\/magazine\/limportance-de-la-decoration-des-salles-de-reunion-dans-les-espaces-de-coworking\/\" \/>\n<meta property=\"og:locale\" content=\"fr_FR\" \/>\n<meta property=\"og:type\" content=\"article\" \/>\n<meta property=\"og:title\" content=\"L\u2019importance de la d\u00e9coration des salles de r\u00e9union dans les espaces de coworking - Mobilier Design Magazine\" \/>\n<meta property=\"og:description\" content=\"Depuis quelques ann\u00e9es, les espaces de coworking se posent comme une alternative originale aux espaces de travail classique au point que certaines entreprises s\u2019en inspirent. Si les espaces de coworking sont aussi fr\u00e9quent\u00e9s aujourd\u2019hui, c\u2019est parce que de plus en plus de personnes exercent leur activit\u00e9 en tant qu\u2019ind\u00e9pendants et que le t\u00e9l\u00e9travail s\u2019est beaucoup [&hellip;]\" \/>\n<meta property=\"og:url\" content=\"https:\/\/www.mobilier-design-occasion.fr\/magazine\/limportance-de-la-decoration-des-salles-de-reunion-dans-les-espaces-de-coworking\/\" \/>\n<meta property=\"og:site_name\" content=\"Mobilier Design Magazine\" \/>\n<meta property=\"article:publisher\" content=\"https:\/\/www.facebook.com\/mobilierdesignoccasion\" \/>\n<meta property=\"article:published_time\" content=\"2023-09-11T09:28:47+00:00\" \/>\n<meta property=\"article:modified_time\" content=\"2023-09-11T09:28:48+00:00\" \/>\n<meta property=\"og:image\" content=\"https:\/\/www.mobilier-design-occasion.fr\/magazine\/wp-content\/uploads\/2023\/09\/chairs-2181960_1280.jpg\" \/>\n\t<meta property=\"og:image:width\" content=\"1280\" \/>\n\t<meta property=\"og:image:height\" content=\"853\" \/>\n\t<meta property=\"og:image:type\" content=\"image\/jpeg\" \/>\n<meta name=\"author\" content=\"Vincent Vandegans\" \/>\n<meta name=\"twitter:card\" content=\"summary_large_image\" \/>\n<meta name=\"twitter:label1\" content=\"\u00c9crit par\" \/>\n\t<meta name=\"twitter:data1\" content=\"Vincent Vandegans\" \/>\n\t<meta name=\"twitter:label2\" content=\"Dur\u00e9e de lecture estim\u00e9e\" \/>\n\t<meta name=\"twitter:data2\" content=\"3 minutes\" \/>\n<script type=\"application\/ld+json\" class=\"yoast-schema-graph\">{\"@context\":\"https:\\\/\\\/schema.org\",\"@graph\":[{\"@type\":\"Article\",\"@id\":\"https:\\\/\\\/www.mobilier-design-occasion.fr\\\/magazine\\\/limportance-de-la-decoration-des-salles-de-reunion-dans-les-espaces-de-coworking\\\/#article\",\"isPartOf\":{\"@id\":\"https:\\\/\\\/www.mobilier-design-occasion.fr\\\/magazine\\\/limportance-de-la-decoration-des-salles-de-reunion-dans-les-espaces-de-coworking\\\/\"},\"author\":{\"name\":\"Vincent Vandegans\",\"@id\":\"https:\\\/\\\/www.mobilier-design-occasion.fr\\\/magazine\\\/#\\\/schema\\\/person\\\/af895bedc80bfb6b17730a672fddac9e\"},\"headline\":\"L\u2019importance de la d\u00e9coration des salles de r\u00e9union dans les espaces de coworking\",\"datePublished\":\"2023-09-11T09:28:47+00:00\",\"dateModified\":\"2023-09-11T09:28:48+00:00\",\"mainEntityOfPage\":{\"@id\":\"https:\\\/\\\/www.mobilier-design-occasion.fr\\\/magazine\\\/limportance-de-la-decoration-des-salles-de-reunion-dans-les-espaces-de-coworking\\\/\"},\"wordCount\":633,\"commentCount\":0,\"publisher\":{\"@id\":\"https:\\\/\\\/www.mobilier-design-occasion.fr\\\/magazine\\\/#organization\"},\"image\":{\"@id\":\"https:\\\/\\\/www.mobilier-design-occasion.fr\\\/magazine\\\/limportance-de-la-decoration-des-salles-de-reunion-dans-les-espaces-de-coworking\\\/#primaryimage\"},\"thumbnailUrl\":\"https:\\\/\\\/www.mobilier-design-occasion.fr\\\/magazine\\\/wp-content\\\/uploads\\\/2023\\\/09\\\/chairs-2181960_1280.jpg\",\"articleSection\":[\"Tendances\"],\"inLanguage\":\"fr-FR\",\"potentialAction\":[{\"@type\":\"CommentAction\",\"name\":\"Comment\",\"target\":[\"https:\\\/\\\/www.mobilier-design-occasion.fr\\\/magazine\\\/limportance-de-la-decoration-des-salles-de-reunion-dans-les-espaces-de-coworking\\\/#respond\"]}]},{\"@type\":\"WebPage\",\"@id\":\"https:\\\/\\\/www.mobilier-design-occasion.fr\\\/magazine\\\/limportance-de-la-decoration-des-salles-de-reunion-dans-les-espaces-de-coworking\\\/\",\"url\":\"https:\\\/\\\/www.mobilier-design-occasion.fr\\\/magazine\\\/limportance-de-la-decoration-des-salles-de-reunion-dans-les-espaces-de-coworking\\\/\",\"name\":\"L\u2019importance de la d\u00e9coration des salles de r\u00e9union dans les espaces de coworking - Mobilier Design Magazine\",\"isPartOf\":{\"@id\":\"https:\\\/\\\/www.mobilier-design-occasion.fr\\\/magazine\\\/#website\"},\"primaryImageOfPage\":{\"@id\":\"https:\\\/\\\/www.mobilier-design-occasion.fr\\\/magazine\\\/limportance-de-la-decoration-des-salles-de-reunion-dans-les-espaces-de-coworking\\\/#primaryimage\"},\"image\":{\"@id\":\"https:\\\/\\\/www.mobilier-design-occasion.fr\\\/magazine\\\/limportance-de-la-decoration-des-salles-de-reunion-dans-les-espaces-de-coworking\\\/#primaryimage\"},\"thumbnailUrl\":\"https:\\\/\\\/www.mobilier-design-occasion.fr\\\/magazine\\\/wp-content\\\/uploads\\\/2023\\\/09\\\/chairs-2181960_1280.jpg\",\"datePublished\":\"2023-09-11T09:28:47+00:00\",\"dateModified\":\"2023-09-11T09:28:48+00:00\",\"breadcrumb\":{\"@id\":\"https:\\\/\\\/www.mobilier-design-occasion.fr\\\/magazine\\\/limportance-de-la-decoration-des-salles-de-reunion-dans-les-espaces-de-coworking\\\/#breadcrumb\"},\"inLanguage\":\"fr-FR\",\"potentialAction\":[{\"@type\":\"ReadAction\",\"target\":[\"https:\\\/\\\/www.mobilier-design-occasion.fr\\\/magazine\\\/limportance-de-la-decoration-des-salles-de-reunion-dans-les-espaces-de-coworking\\\/\"]}]},{\"@type\":\"ImageObject\",\"inLanguage\":\"fr-FR\",\"@id\":\"https:\\\/\\\/www.mobilier-design-occasion.fr\\\/magazine\\\/limportance-de-la-decoration-des-salles-de-reunion-dans-les-espaces-de-coworking\\\/#primaryimage\",\"url\":\"https:\\\/\\\/www.mobilier-design-occasion.fr\\\/magazine\\\/wp-content\\\/uploads\\\/2023\\\/09\\\/chairs-2181960_1280.jpg\",\"contentUrl\":\"https:\\\/\\\/www.mobilier-design-occasion.fr\\\/magazine\\\/wp-content\\\/uploads\\\/2023\\\/09\\\/chairs-2181960_1280.jpg\",\"width\":1280,\"height\":853},{\"@type\":\"BreadcrumbList\",\"@id\":\"https:\\\/\\\/www.mobilier-design-occasion.fr\\\/magazine\\\/limportance-de-la-decoration-des-salles-de-reunion-dans-les-espaces-de-coworking\\\/#breadcrumb\",\"itemListElement\":[{\"@type\":\"ListItem\",\"position\":1,\"name\":\"Accueil\",\"item\":\"https:\\\/\\\/www.mobilier-design-occasion.fr\\\/magazine\\\/\"},{\"@type\":\"ListItem\",\"position\":2,\"name\":\"L\u2019importance de la d\u00e9coration des salles de r\u00e9union dans les espaces de coworking\"}]},{\"@type\":\"WebSite\",\"@id\":\"https:\\\/\\\/www.mobilier-design-occasion.fr\\\/magazine\\\/#website\",\"url\":\"https:\\\/\\\/www.mobilier-design-occasion.fr\\\/magazine\\\/\",\"name\":\"Mobilier Design Magazine\",\"description\":\"\",\"publisher\":{\"@id\":\"https:\\\/\\\/www.mobilier-design-occasion.fr\\\/magazine\\\/#organization\"},\"potentialAction\":[{\"@type\":\"SearchAction\",\"target\":{\"@type\":\"EntryPoint\",\"urlTemplate\":\"https:\\\/\\\/www.mobilier-design-occasion.fr\\\/magazine\\\/?s={search_term_string}\"},\"query-input\":{\"@type\":\"PropertyValueSpecification\",\"valueRequired\":true,\"valueName\":\"search_term_string\"}}],\"inLanguage\":\"fr-FR\"},{\"@type\":\"Organization\",\"@id\":\"https:\\\/\\\/www.mobilier-design-occasion.fr\\\/magazine\\\/#organization\",\"name\":\"Mobilier Design Magazine\",\"url\":\"https:\\\/\\\/www.mobilier-design-occasion.fr\\\/magazine\\\/\",\"logo\":{\"@type\":\"ImageObject\",\"inLanguage\":\"fr-FR\",\"@id\":\"https:\\\/\\\/www.mobilier-design-occasion.fr\\\/magazine\\\/#\\\/schema\\\/logo\\\/image\\\/\",\"url\":\"https:\\\/\\\/www.mobilier-design-occasion.fr\\\/magazine\\\/wp-content\\\/uploads\\\/2024\\\/02\\\/android-chrome-192x192-1.png\",\"contentUrl\":\"https:\\\/\\\/www.mobilier-design-occasion.fr\\\/magazine\\\/wp-content\\\/uploads\\\/2024\\\/02\\\/android-chrome-192x192-1.png\",\"width\":192,\"height\":192,\"caption\":\"Mobilier Design Magazine\"},\"image\":{\"@id\":\"https:\\\/\\\/www.mobilier-design-occasion.fr\\\/magazine\\\/#\\\/schema\\\/logo\\\/image\\\/\"},\"sameAs\":[\"https:\\\/\\\/www.facebook.com\\\/mobilierdesignoccasion\"]},{\"@type\":\"Person\",\"@id\":\"https:\\\/\\\/www.mobilier-design-occasion.fr\\\/magazine\\\/#\\\/schema\\\/person\\\/af895bedc80bfb6b17730a672fddac9e\",\"name\":\"Vincent Vandegans\",\"image\":{\"@type\":\"ImageObject\",\"inLanguage\":\"fr-FR\",\"@id\":\"https:\\\/\\\/secure.gravatar.com\\\/avatar\\\/b984800dabdf722d5e3f03f637c8932dea77d81118467d17ad2953e3b273ec66?s=96&d=mm&r=g\",\"url\":\"https:\\\/\\\/secure.gravatar.com\\\/avatar\\\/b984800dabdf722d5e3f03f637c8932dea77d81118467d17ad2953e3b273ec66?s=96&d=mm&r=g\",\"contentUrl\":\"https:\\\/\\\/secure.gravatar.com\\\/avatar\\\/b984800dabdf722d5e3f03f637c8932dea77d81118467d17ad2953e3b273ec66?s=96&d=mm&r=g\",\"caption\":\"Vincent Vandegans\"},\"description\":\"Vincent est passionn\u00e9 par les produits d'occasion, il a ouvert le site MDO avec Cyrielle pour aider les gens \u00e0 trouver du mobilier d'occasion, vintage ou usag\u00e9. Depuis, ils ont \u00e9tendu leurs activit\u00e9s et conseillent tout le monde sur le mobilier d'int\u00e9rieur et d'ext\u00e9rieur au quotidien \u00e0 travers le magazine MDO.\",\"url\":\"https:\\\/\\\/www.mobilier-design-occasion.fr\\\/magazine\\\/author\\\/vincent\\\/\"}]}<\/script>\n<!-- \/ Yoast SEO plugin. -->","yoast_head_json":{"title":"L\u2019importance de la d\u00e9coration des salles de r\u00e9union dans les espaces de coworking - Mobilier Design Magazine","robots":{"index":"index","follow":"follow","max-snippet":"max-snippet:-1","max-image-preview":"max-image-preview:large","max-video-preview":"max-video-preview:-1"},"canonical":"https:\/\/www.mobilier-design-occasion.fr\/magazine\/limportance-de-la-decoration-des-salles-de-reunion-dans-les-espaces-de-coworking\/","og_locale":"fr_FR","og_type":"article","og_title":"L\u2019importance de la d\u00e9coration des salles de r\u00e9union dans les espaces de coworking - Mobilier Design Magazine","og_description":"Depuis quelques ann\u00e9es, les espaces de coworking se posent comme une alternative originale aux espaces de travail classique au point que certaines entreprises s\u2019en inspirent. Si les espaces de coworking sont aussi fr\u00e9quent\u00e9s aujourd\u2019hui, c\u2019est parce que de plus en plus de personnes exercent leur activit\u00e9 en tant qu\u2019ind\u00e9pendants et que le t\u00e9l\u00e9travail s\u2019est beaucoup [&hellip;]","og_url":"https:\/\/www.mobilier-design-occasion.fr\/magazine\/limportance-de-la-decoration-des-salles-de-reunion-dans-les-espaces-de-coworking\/","og_site_name":"Mobilier Design Magazine","article_publisher":"https:\/\/www.facebook.com\/mobilierdesignoccasion","article_published_time":"2023-09-11T09:28:47+00:00","article_modified_time":"2023-09-11T09:28:48+00:00","og_image":[{"width":1280,"height":853,"url":"https:\/\/www.mobilier-design-occasion.fr\/magazine\/wp-content\/uploads\/2023\/09\/chairs-2181960_1280.jpg","type":"image\/jpeg"}],"author":"Vincent Vandegans","twitter_card":"summary_large_image","twitter_misc":{"\u00c9crit par":"Vincent Vandegans","Dur\u00e9e de lecture estim\u00e9e":"3 minutes"},"schema":{"@context":"https:\/\/schema.org","@graph":[{"@type":"Article","@id":"https:\/\/www.mobilier-design-occasion.fr\/magazine\/limportance-de-la-decoration-des-salles-de-reunion-dans-les-espaces-de-coworking\/#article","isPartOf":{"@id":"https:\/\/www.mobilier-design-occasion.fr\/magazine\/limportance-de-la-decoration-des-salles-de-reunion-dans-les-espaces-de-coworking\/"},"author":{"name":"Vincent Vandegans","@id":"https:\/\/www.mobilier-design-occasion.fr\/magazine\/#\/schema\/person\/af895bedc80bfb6b17730a672fddac9e"},"headline":"L\u2019importance de la d\u00e9coration des salles de r\u00e9union dans les espaces de coworking","datePublished":"2023-09-11T09:28:47+00:00","dateModified":"2023-09-11T09:28:48+00:00","mainEntityOfPage":{"@id":"https:\/\/www.mobilier-design-occasion.fr\/magazine\/limportance-de-la-decoration-des-salles-de-reunion-dans-les-espaces-de-coworking\/"},"wordCount":633,"commentCount":0,"publisher":{"@id":"https:\/\/www.mobilier-design-occasion.fr\/magazine\/#organization"},"image":{"@id":"https:\/\/www.mobilier-design-occasion.fr\/magazine\/limportance-de-la-decoration-des-salles-de-reunion-dans-les-espaces-de-coworking\/#primaryimage"},"thumbnailUrl":"https:\/\/www.mobilier-design-occasion.fr\/magazine\/wp-content\/uploads\/2023\/09\/chairs-2181960_1280.jpg","articleSection":["Tendances"],"inLanguage":"fr-FR","potentialAction":[{"@type":"CommentAction","name":"Comment","target":["https:\/\/www.mobilier-design-occasion.fr\/magazine\/limportance-de-la-decoration-des-salles-de-reunion-dans-les-espaces-de-coworking\/#respond"]}]},{"@type":"WebPage","@id":"https:\/\/www.mobilier-design-occasion.fr\/magazine\/limportance-de-la-decoration-des-salles-de-reunion-dans-les-espaces-de-coworking\/","url":"https:\/\/www.mobilier-design-occasion.fr\/magazine\/limportance-de-la-decoration-des-salles-de-reunion-dans-les-espaces-de-coworking\/","name":"L\u2019importance de la d\u00e9coration des salles de r\u00e9union dans les espaces de coworking - Mobilier Design Magazine","isPartOf":{"@id":"https:\/\/www.mobilier-design-occasion.fr\/magazine\/#website"},"primaryImageOfPage":{"@id":"https:\/\/www.mobilier-design-occasion.fr\/magazine\/limportance-de-la-decoration-des-salles-de-reunion-dans-les-espaces-de-coworking\/#primaryimage"},"image":{"@id":"https:\/\/www.mobilier-design-occasion.fr\/magazine\/limportance-de-la-decoration-des-salles-de-reunion-dans-les-espaces-de-coworking\/#primaryimage"},"thumbnailUrl":"https:\/\/www.mobilier-design-occasion.fr\/magazine\/wp-content\/uploads\/2023\/09\/chairs-2181960_1280.jpg","datePublished":"2023-09-11T09:28:47+00:00","dateModified":"2023-09-11T09:28:48+00:00","breadcrumb":{"@id":"https:\/\/www.mobilier-design-occasion.fr\/magazine\/limportance-de-la-decoration-des-salles-de-reunion-dans-les-espaces-de-coworking\/#breadcrumb"},"inLanguage":"fr-FR","potentialAction":[{"@type":"ReadAction","target":["https:\/\/www.mobilier-design-occasion.fr\/magazine\/limportance-de-la-decoration-des-salles-de-reunion-dans-les-espaces-de-coworking\/"]}]},{"@type":"ImageObject","inLanguage":"fr-FR","@id":"https:\/\/www.mobilier-design-occasion.fr\/magazine\/limportance-de-la-decoration-des-salles-de-reunion-dans-les-espaces-de-coworking\/#primaryimage","url":"https:\/\/www.mobilier-design-occasion.fr\/magazine\/wp-content\/uploads\/2023\/09\/chairs-2181960_1280.jpg","contentUrl":"https:\/\/www.mobilier-design-occasion.fr\/magazine\/wp-content\/uploads\/2023\/09\/chairs-2181960_1280.jpg","width":1280,"height":853},{"@type":"BreadcrumbList","@id":"https:\/\/www.mobilier-design-occasion.fr\/magazine\/limportance-de-la-decoration-des-salles-de-reunion-dans-les-espaces-de-coworking\/#breadcrumb","itemListElement":[{"@type":"ListItem","position":1,"name":"Accueil","item":"https:\/\/www.mobilier-design-occasion.fr\/magazine\/"},{"@type":"ListItem","position":2,"name":"L\u2019importance de la d\u00e9coration des salles de r\u00e9union dans les espaces de coworking"}]},{"@type":"WebSite","@id":"https:\/\/www.mobilier-design-occasion.fr\/magazine\/#website","url":"https:\/\/www.mobilier-design-occasion.fr\/magazine\/","name":"Mobilier Design Magazine","description":"","publisher":{"@id":"https:\/\/www.mobilier-design-occasion.fr\/magazine\/#organization"},"potentialAction":[{"@type":"SearchAction","target":{"@type":"EntryPoint","urlTemplate":"https:\/\/www.mobilier-design-occasion.fr\/magazine\/?s={search_term_string}"},"query-input":{"@type":"PropertyValueSpecification","valueRequired":true,"valueName":"search_term_string"}}],"inLanguage":"fr-FR"},{"@type":"Organization","@id":"https:\/\/www.mobilier-design-occasion.fr\/magazine\/#organization","name":"Mobilier Design Magazine","url":"https:\/\/www.mobilier-design-occasion.fr\/magazine\/","logo":{"@type":"ImageObject","inLanguage":"fr-FR","@id":"https:\/\/www.mobilier-design-occasion.fr\/magazine\/#\/schema\/logo\/image\/","url":"https:\/\/www.mobilier-design-occasion.fr\/magazine\/wp-content\/uploads\/2024\/02\/android-chrome-192x192-1.png","contentUrl":"https:\/\/www.mobilier-design-occasion.fr\/magazine\/wp-content\/uploads\/2024\/02\/android-chrome-192x192-1.png","width":192,"height":192,"caption":"Mobilier Design Magazine"},"image":{"@id":"https:\/\/www.mobilier-design-occasion.fr\/magazine\/#\/schema\/logo\/image\/"},"sameAs":["https:\/\/www.facebook.com\/mobilierdesignoccasion"]},{"@type":"Person","@id":"https:\/\/www.mobilier-design-occasion.fr\/magazine\/#\/schema\/person\/af895bedc80bfb6b17730a672fddac9e","name":"Vincent Vandegans","image":{"@type":"ImageObject","inLanguage":"fr-FR","@id":"https:\/\/secure.gravatar.com\/avatar\/b984800dabdf722d5e3f03f637c8932dea77d81118467d17ad2953e3b273ec66?s=96&d=mm&r=g","url":"https:\/\/secure.gravatar.com\/avatar\/b984800dabdf722d5e3f03f637c8932dea77d81118467d17ad2953e3b273ec66?s=96&d=mm&r=g","contentUrl":"https:\/\/secure.gravatar.com\/avatar\/b984800dabdf722d5e3f03f637c8932dea77d81118467d17ad2953e3b273ec66?s=96&d=mm&r=g","caption":"Vincent Vandegans"},"description":"Vincent est passionn\u00e9 par les produits d'occasion, il a ouvert le site MDO avec Cyrielle pour aider les gens \u00e0 trouver du mobilier d'occasion, vintage ou usag\u00e9. Depuis, ils ont \u00e9tendu leurs activit\u00e9s et conseillent tout le monde sur le mobilier d'int\u00e9rieur et d'ext\u00e9rieur au quotidien \u00e0 travers le magazine MDO.","url":"https:\/\/www.mobilier-design-occasion.fr\/magazine\/author\/vincent\/"}]}},"_links":{"self":[{"href":"https:\/\/www.mobilier-design-occasion.fr\/magazine\/wp-json\/wp\/v2\/posts\/6764","targetHints":{"allow":["GET"]}}],"collection":[{"href":"https:\/\/www.mobilier-design-occasion.fr\/magazine\/wp-json\/wp\/v2\/posts"}],"about":[{"href":"https:\/\/www.mobilier-design-occasion.fr\/magazine\/wp-json\/wp\/v2\/types\/post"}],"author":[{"embeddable":true,"href":"https:\/\/www.mobilier-design-occasion.fr\/magazine\/wp-json\/wp\/v2\/users\/2"}],"replies":[{"embeddable":true,"href":"https:\/\/www.mobilier-design-occasion.fr\/magazine\/wp-json\/wp\/v2\/comments?post=6764"}],"version-history":[{"count":1,"href":"https:\/\/www.mobilier-design-occasion.fr\/magazine\/wp-json\/wp\/v2\/posts\/6764\/revisions"}],"predecessor-version":[{"id":6766,"href":"https:\/\/www.mobilier-design-occasion.fr\/magazine\/wp-json\/wp\/v2\/posts\/6764\/revisions\/6766"}],"wp:featuredmedia":[{"embeddable":true,"href":"https:\/\/www.mobilier-design-occasion.fr\/magazine\/wp-json\/wp\/v2\/media\/6765"}],"wp:attachment":[{"href":"https:\/\/www.mobilier-design-occasion.fr\/magazine\/wp-json\/wp\/v2\/media?parent=6764"}],"wp:term":[{"taxonomy":"category","embeddable":true,"href":"https:\/\/www.mobilier-design-occasion.fr\/magazine\/wp-json\/wp\/v2\/categories?post=6764"},{"taxonomy":"post_tag","embeddable":true,"href":"https:\/\/www.mobilier-design-occasion.fr\/magazine\/wp-json\/wp\/v2\/tags?post=6764"}],"curies":[{"name":"wp","href":"https:\/\/api.w.org\/{rel}","templated":true}]}}