{"id":6754,"date":"2023-09-05T09:15:48","date_gmt":"2023-09-05T09:15:48","guid":{"rendered":"https:\/\/www.mobilier-design-occasion.fr\/magazine\/?p=6754"},"modified":"2023-09-25T13:24:36","modified_gmt":"2023-09-25T13:24:36","slug":"tapis-de-motricite-pour-bebe-tout-ce-que-vous-devez-savoir","status":"publish","type":"post","link":"https:\/\/www.mobilier-design-occasion.fr\/magazine\/tapis-de-motricite-pour-bebe-tout-ce-que-vous-devez-savoir\/","title":{"rendered":"Tapis de motricit\u00e9 pour b\u00e9b\u00e9: tout ce que vous devez savoir"},"content":{"rendered":"\n<p>Les tapis de motricit\u00e9 pour b\u00e9b\u00e9 sont devenus incontournables pour les parents conscients de l&#8217;importance du d\u00e9veloppement moteur de leurs tout-petits. Mais avec toutes les options disponibles sur le march\u00e9, comment choisir le bon tapis ? Dans cet article, nous r\u00e9pondons \u00e0 vos questions les plus courantes pour vous guider dans votre choix.<\/p>\n\n\n\n<div class=\"wp-block-buttons is-layout-flex wp-block-buttons-is-layout-flex\">\n<div class=\"wp-block-button\"><a class=\"wp-block-button__link wp-element-button\" href=\"https:\/\/www.lelitcabane.fr\/collections\/tapis-motricite\">Voir notre s\u00e9lection des plus beaux tapis de motricit\u00e9 b\u00e9b\u00e9<\/a><\/div>\n<\/div>\n\n\n\n<h2 class=\"wp-block-heading\"><span class=\"ez-toc-section\" id=\"Quest-ce_quun_tapis_de_motricite\"><\/span><strong>Qu&#8217;est-ce qu&#8217;un tapis de motricit\u00e9?<\/strong><span class=\"ez-toc-section-end\"><\/span><\/h2><div id=\"ez-toc-container\" class=\"ez-toc-v2_0_82_2 counter-hierarchy ez-toc-counter ez-toc-grey ez-toc-container-direction\">\n<div class=\"ez-toc-title-container\">\n<span class=\"ez-toc-title-toggle\"><a href=\"#\" class=\"ez-toc-pull-right ez-toc-btn ez-toc-btn-xs ez-toc-btn-default ez-toc-toggle\" aria-label=\"Toggle Table of Content\"><span class=\"ez-toc-js-icon-con\"><span class=\"\"><span class=\"eztoc-hide\" style=\"display:none;\">Toggle<\/span><span class=\"ez-toc-icon-toggle-span\"><svg style=\"fill: #999;color:#999\" xmlns=\"http:\/\/www.w3.org\/2000\/svg\" class=\"list-377408\" width=\"20px\" height=\"20px\" viewBox=\"0 0 24 24\" fill=\"none\"><path d=\"M6 6H4v2h2V6zm14 0H8v2h12V6zM4 11h2v2H4v-2zm16 0H8v2h12v-2zM4 16h2v2H4v-2zm16 0H8v2h12v-2z\" fill=\"currentColor\"><\/path><\/svg><svg style=\"fill: #999;color:#999\" class=\"arrow-unsorted-368013\" xmlns=\"http:\/\/www.w3.org\/2000\/svg\" width=\"10px\" height=\"10px\" viewBox=\"0 0 24 24\" version=\"1.2\" baseProfile=\"tiny\"><path d=\"M18.2 9.3l-6.2-6.3-6.2 6.3c-.2.2-.3.4-.3.7s.1.5.3.7c.2.2.4.3.7.3h11c.3 0 .5-.1.7-.3.2-.2.3-.5.3-.7s-.1-.5-.3-.7zM5.8 14.7l6.2 6.3 6.2-6.3c.2-.2.3-.5.3-.7s-.1-.5-.3-.7c-.2-.2-.4-.3-.7-.3h-11c-.3 0-.5.1-.7.3-.2.2-.3.5-.3.7s.1.5.3.7z\"\/><\/svg><\/span><\/span><\/span><\/a><\/span><\/div>\n<nav><ul class='ez-toc-list ez-toc-list-level-1 eztoc-toggle-hide-by-default' ><li class='ez-toc-page-1 ez-toc-heading-level-2'><a class=\"ez-toc-link ez-toc-heading-1\" href=\"https:\/\/www.mobilier-design-occasion.fr\/magazine\/tapis-de-motricite-pour-bebe-tout-ce-que-vous-devez-savoir\/#Quest-ce_quun_tapis_de_motricite\" >Qu&#8217;est-ce qu&#8217;un tapis de motricit\u00e9?<\/a><ul class='ez-toc-list-level-3' ><li class='ez-toc-heading-level-3'><a class=\"ez-toc-link ez-toc-heading-2\" href=\"https:\/\/www.mobilier-design-occasion.fr\/magazine\/tapis-de-motricite-pour-bebe-tout-ce-que-vous-devez-savoir\/#Pourquoi_est-il_important_pour_bebe\" >Pourquoi est-il important pour b\u00e9b\u00e9?<\/a><\/li><\/ul><\/li><li class='ez-toc-page-1 ez-toc-heading-level-2'><a class=\"ez-toc-link ez-toc-heading-3\" href=\"https:\/\/www.mobilier-design-occasion.fr\/magazine\/tapis-de-motricite-pour-bebe-tout-ce-que-vous-devez-savoir\/#Comment_choisir_le_bon_tapis_de_motricite\" >Comment choisir le bon tapis de motricit\u00e9?<\/a><ul class='ez-toc-list-level-3' ><li class='ez-toc-heading-level-3'><a class=\"ez-toc-link ez-toc-heading-4\" href=\"https:\/\/www.mobilier-design-occasion.fr\/magazine\/tapis-de-motricite-pour-bebe-tout-ce-que-vous-devez-savoir\/#Les_materiaux\" >Les mat\u00e9riaux<\/a><\/li><li class='ez-toc-page-1 ez-toc-heading-level-3'><a class=\"ez-toc-link ez-toc-heading-5\" href=\"https:\/\/www.mobilier-design-occasion.fr\/magazine\/tapis-de-motricite-pour-bebe-tout-ce-que-vous-devez-savoir\/#La_taille\" >La taille<\/a><\/li><li class='ez-toc-page-1 ez-toc-heading-level-3'><a class=\"ez-toc-link ez-toc-heading-6\" href=\"https:\/\/www.mobilier-design-occasion.fr\/magazine\/tapis-de-motricite-pour-bebe-tout-ce-que-vous-devez-savoir\/#Lentretien\" >L&#8217;entretien<\/a><\/li><\/ul><\/li><li class='ez-toc-page-1 ez-toc-heading-level-2'><a class=\"ez-toc-link ez-toc-heading-7\" href=\"https:\/\/www.mobilier-design-occasion.fr\/magazine\/tapis-de-motricite-pour-bebe-tout-ce-que-vous-devez-savoir\/#A_partir_de_quel_age_peut-on_utiliser_un_tapis_de_motricite\" >\u00c0 partir de quel \u00e2ge peut-on utiliser un tapis de motricit\u00e9?<\/a><\/li><li class='ez-toc-page-1 ez-toc-heading-level-2'><a class=\"ez-toc-link ez-toc-heading-8\" href=\"https:\/\/www.mobilier-design-occasion.fr\/magazine\/tapis-de-motricite-pour-bebe-tout-ce-que-vous-devez-savoir\/#Ou_installer_le_tapis_de_motricite\" >O\u00f9 installer le tapis de motricit\u00e9?<\/a><ul class='ez-toc-list-level-3' ><li class='ez-toc-heading-level-3'><a class=\"ez-toc-link ez-toc-heading-9\" href=\"https:\/\/www.mobilier-design-occasion.fr\/magazine\/tapis-de-motricite-pour-bebe-tout-ce-que-vous-devez-savoir\/#Securite_avant_tout\" >S\u00e9curit\u00e9 avant tout<\/a><\/li><li class='ez-toc-page-1 ez-toc-heading-level-3'><a class=\"ez-toc-link ez-toc-heading-10\" href=\"https:\/\/www.mobilier-design-occasion.fr\/magazine\/tapis-de-motricite-pour-bebe-tout-ce-que-vous-devez-savoir\/#Sous_surveillance\" >Sous surveillance<\/a><\/li><\/ul><\/li><\/ul><\/nav><\/div>\n\n\n\n\n<p>Un <a href=\"https:\/\/www.lelitcabane.fr\/collections\/tapis-motricite\">tapis de motricit\u00e9 <\/a>est un matelas souple et confortable con\u00e7u pour offrir \u00e0 b\u00e9b\u00e9 un espace s\u00e9curis\u00e9 o\u00f9 il peut jouer, s&#8217;\u00e9tirer et d\u00e9velopper ses comp\u00e9tences motrices. Il est g\u00e9n\u00e9ralement utilis\u00e9 d\u00e8s les premiers mois de vie de l&#8217;enfant.<\/p>\n\n\n\n<figure class=\"wp-block-image size-large\"><a href=\"https:\/\/www.lelitcabane.fr\/collections\/tapis-motricite\"><img loading=\"lazy\" decoding=\"async\" width=\"1024\" height=\"1024\" src=\"https:\/\/www.mobilier-design-occasion.fr\/magazine\/wp-content\/uploads\/2023\/09\/Design-sans-titre-47-1024x1024.png\" alt=\"\" class=\"wp-image-6755\" srcset=\"https:\/\/www.mobilier-design-occasion.fr\/magazine\/wp-content\/uploads\/2023\/09\/Design-sans-titre-47-1024x1024.png 1024w, https:\/\/www.mobilier-design-occasion.fr\/magazine\/wp-content\/uploads\/2023\/09\/Design-sans-titre-47-300x300.png 300w, https:\/\/www.mobilier-design-occasion.fr\/magazine\/wp-content\/uploads\/2023\/09\/Design-sans-titre-47-150x150.png 150w, https:\/\/www.mobilier-design-occasion.fr\/magazine\/wp-content\/uploads\/2023\/09\/Design-sans-titre-47-768x768.png 768w, https:\/\/www.mobilier-design-occasion.fr\/magazine\/wp-content\/uploads\/2023\/09\/Design-sans-titre-47-810x810.png 810w, https:\/\/www.mobilier-design-occasion.fr\/magazine\/wp-content\/uploads\/2023\/09\/Design-sans-titre-47.png 1080w\" sizes=\"auto, (max-width: 1024px) 100vw, 1024px\" \/><\/a><\/figure>\n\n\n\n<h3 class=\"wp-block-heading\"><span class=\"ez-toc-section\" id=\"Pourquoi_est-il_important_pour_bebe\"><\/span><strong>Pourquoi est-il important pour b\u00e9b\u00e9?<\/strong><span class=\"ez-toc-section-end\"><\/span><\/h3>\n\n\n\n<p>Il offre un environnement s\u00e9curis\u00e9 pour l&#8217;enfant qui commence \u00e0 bouger, \u00e0 se retourner ou \u00e0 faire ses premi\u00e8res tentatives pour ramper. De plus, il stimule la curiosit\u00e9 de b\u00e9b\u00e9 gr\u00e2ce \u00e0 ses textures, ses couleurs et parfois m\u00eame des \u00e9l\u00e9ments amovibles.<\/p>\n\n\n\n<h2 class=\"wp-block-heading\"><span class=\"ez-toc-section\" id=\"Comment_choisir_le_bon_tapis_de_motricite\"><\/span><strong>Comment choisir le bon tapis de motricit\u00e9?<\/strong><span class=\"ez-toc-section-end\"><\/span><\/h2>\n\n\n\n<h3 class=\"wp-block-heading\"><span class=\"ez-toc-section\" id=\"Les_materiaux\"><\/span><strong>Les mat\u00e9riaux<\/strong><span class=\"ez-toc-section-end\"><\/span><\/h3>\n\n\n\n<p>Optez pour des mat\u00e9riaux non toxiques et hypoallerg\u00e9niques. Le coton bio est une option populaire pour sa douceur et sa s\u00e9curit\u00e9. Assurez-vous que le rembourrage soit suffisamment \u00e9pais pour prot\u00e9ger b\u00e9b\u00e9 des chocs.<\/p>\n\n\n\n<h3 class=\"wp-block-heading\"><span class=\"ez-toc-section\" id=\"La_taille\"><\/span><strong>La taille<\/strong><span class=\"ez-toc-section-end\"><\/span><\/h3>\n\n\n\n<p>Pensez \u00e0 l&#8217;espace dont vous disposez. Certains tapis sont pliables, ce qui est id\u00e9al pour les petits espaces ou pour les d\u00e9placements.<\/p>\n\n\n\n<h3 class=\"wp-block-heading\"><span class=\"ez-toc-section\" id=\"Lentretien\"><\/span><strong>L&#8217;entretien<\/strong><span class=\"ez-toc-section-end\"><\/span><\/h3>\n\n\n\n<p>Un tapis lavable en machine sera votre meilleur alli\u00e9 ! B\u00e9b\u00e9 va sans doute le salir, donc assurez-vous qu&#8217;il soit facile \u00e0 nettoyer.<\/p>\n\n\n\n<figure class=\"wp-block-image size-large\"><a href=\"https:\/\/www.lelitcabane.fr\/collections\/tapis-motricite\"><img loading=\"lazy\" decoding=\"async\" width=\"1024\" height=\"1024\" src=\"https:\/\/www.mobilier-design-occasion.fr\/magazine\/wp-content\/uploads\/2023\/09\/Design-sans-titre-48-1024x1024.png\" alt=\"\" class=\"wp-image-6756\" srcset=\"https:\/\/www.mobilier-design-occasion.fr\/magazine\/wp-content\/uploads\/2023\/09\/Design-sans-titre-48-1024x1024.png 1024w, https:\/\/www.mobilier-design-occasion.fr\/magazine\/wp-content\/uploads\/2023\/09\/Design-sans-titre-48-300x300.png 300w, https:\/\/www.mobilier-design-occasion.fr\/magazine\/wp-content\/uploads\/2023\/09\/Design-sans-titre-48-150x150.png 150w, https:\/\/www.mobilier-design-occasion.fr\/magazine\/wp-content\/uploads\/2023\/09\/Design-sans-titre-48-768x768.png 768w, https:\/\/www.mobilier-design-occasion.fr\/magazine\/wp-content\/uploads\/2023\/09\/Design-sans-titre-48-810x810.png 810w, https:\/\/www.mobilier-design-occasion.fr\/magazine\/wp-content\/uploads\/2023\/09\/Design-sans-titre-48.png 1080w\" sizes=\"auto, (max-width: 1024px) 100vw, 1024px\" \/><\/a><\/figure>\n\n\n\n<h2 class=\"wp-block-heading\"><span class=\"ez-toc-section\" id=\"A_partir_de_quel_age_peut-on_utiliser_un_tapis_de_motricite\"><\/span><strong>\u00c0 partir de quel \u00e2ge peut-on utiliser un tapis de motricit\u00e9?<\/strong><span class=\"ez-toc-section-end\"><\/span><\/h2>\n\n\n\n<p>La plupart des tapis sont con\u00e7us pour \u00eatre utilis\u00e9s d\u00e8s la naissance. Ils offrent un espace doux pour les moments ventre, qui peuvent commencer d\u00e8s les premi\u00e8res semaines de vie. \u00c0 mesure que b\u00e9b\u00e9 grandit, le tapis continue de soutenir son d\u00e9veloppement moteur, de la rotation au rampement et m\u00eame \u00e0 la marche.<\/p>\n\n\n\n<h2 class=\"wp-block-heading\"><span class=\"ez-toc-section\" id=\"Ou_installer_le_tapis_de_motricite\"><\/span><strong>O\u00f9 installer le tapis de motricit\u00e9?<\/strong><span class=\"ez-toc-section-end\"><\/span><\/h2>\n\n\n\n<h3 class=\"wp-block-heading\"><span class=\"ez-toc-section\" id=\"Securite_avant_tout\"><\/span><strong>S\u00e9curit\u00e9 avant tout<\/strong><span class=\"ez-toc-section-end\"><\/span><\/h3>\n\n\n\n<p>Choisissez un endroit loin des dangers potentiels, comme les escaliers ou les coins pointus. Veillez \u00e9galement \u00e0 le placer loin des fen\u00eatres pour \u00e9viter les courants d&#8217;air.<\/p>\n\n\n\n<h3 class=\"wp-block-heading\"><span class=\"ez-toc-section\" id=\"Sous_surveillance\"><\/span><strong>Sous surveillance<\/strong><span class=\"ez-toc-section-end\"><\/span><\/h3>\n\n\n\n<p>M\u00eame si le tapis est s\u00e9curis\u00e9, la supervision d&#8217;un adulte est toujours recommand\u00e9e. Installez-le dans un endroit o\u00f9 vous pouvez garder un \u0153il sur b\u00e9b\u00e9.<\/p>\n\n\n\n<p>Un <a href=\"https:\/\/www.lelitcabane.fr\/collections\/tapis-motricite\">tapis de motricit\u00e9<\/a> est plus qu&#8217;un simple accessoire de jeu. C&#8217;est un investissement dans le d\u00e9veloppement moteur et cognitif de votre enfant. En choisissant le bon tapis, vous offrez \u00e0 votre tout-petit un espace s\u00fbr et stimulant o\u00f9 il peut explorer et grandir en confiance. Et en tant que parent, c&#8217;est une joie de voir son enfant s&#8217;\u00e9panouir chaque jour un peu plus.<\/p>\n\n\n\n<div class=\"wp-block-buttons is-layout-flex wp-block-buttons-is-layout-flex\">\n<div class=\"wp-block-button\"><a class=\"wp-block-button__link wp-element-button\" href=\"https:\/\/www.lelitcabane.fr\/collections\/tapis-motricite\">Voir notre s\u00e9lection des plus beaux tapis de motricit\u00e9 b\u00e9b\u00e9<\/a><\/div>\n<\/div>\n","protected":false},"excerpt":{"rendered":"<p>Les tapis de motricit\u00e9 pour b\u00e9b\u00e9 sont devenus incontournables pour les parents conscients de l&#8217;importance du d\u00e9veloppement moteur de leurs tout-petits. Mais avec toutes les options disponibles sur le march\u00e9, comment choisir le bon tapis ? Dans cet article, nous r\u00e9pondons \u00e0 vos questions les plus courantes pour vous guider dans votre choix. Qu&#8217;est-ce qu&#8217;un [&hellip;]<\/p>\n","protected":false},"author":1,"featured_media":6757,"comment_status":"open","ping_status":"open","sticky":false,"template":"","format":"standard","meta":{"footnotes":""},"categories":[125],"tags":[],"class_list":["post-6754","post","type-post","status-publish","format-standard","has-post-thumbnail","hentry","category-chambre-enfant"],"yoast_head":"<!-- This site is optimized with the Yoast SEO plugin v27.5 - https:\/\/yoast.com\/product\/yoast-seo-wordpress\/ -->\n<title>Tapis de motricit\u00e9 pour b\u00e9b\u00e9: tout ce que vous devez savoir - Mobilier Design Magazine<\/title>\n<meta name=\"robots\" content=\"index, follow, max-snippet:-1, max-image-preview:large, max-video-preview:-1\" \/>\n<link rel=\"canonical\" href=\"https:\/\/www.mobilier-design-occasion.fr\/magazine\/tapis-de-motricite-pour-bebe-tout-ce-que-vous-devez-savoir\/\" \/>\n<meta property=\"og:locale\" content=\"fr_FR\" \/>\n<meta property=\"og:type\" content=\"article\" \/>\n<meta property=\"og:title\" content=\"Tapis de motricit\u00e9 pour b\u00e9b\u00e9: tout ce que vous devez savoir - Mobilier Design Magazine\" \/>\n<meta property=\"og:description\" content=\"Les tapis de motricit\u00e9 pour b\u00e9b\u00e9 sont devenus incontournables pour les parents conscients de l&#8217;importance du d\u00e9veloppement moteur de leurs tout-petits. Mais avec toutes les options disponibles sur le march\u00e9, comment choisir le bon tapis ? Dans cet article, nous r\u00e9pondons \u00e0 vos questions les plus courantes pour vous guider dans votre choix. Qu&#8217;est-ce qu&#8217;un [&hellip;]\" \/>\n<meta property=\"og:url\" content=\"https:\/\/www.mobilier-design-occasion.fr\/magazine\/tapis-de-motricite-pour-bebe-tout-ce-que-vous-devez-savoir\/\" \/>\n<meta property=\"og:site_name\" content=\"Mobilier Design Magazine\" \/>\n<meta property=\"article:publisher\" content=\"https:\/\/www.facebook.com\/mobilierdesignoccasion\" \/>\n<meta property=\"article:published_time\" content=\"2023-09-05T09:15:48+00:00\" \/>\n<meta property=\"article:modified_time\" content=\"2023-09-25T13:24:36+00:00\" \/>\n<meta property=\"og:image\" content=\"https:\/\/www.mobilier-design-occasion.fr\/magazine\/wp-content\/uploads\/2023\/09\/Design-sans-titre-49.png\" \/>\n\t<meta property=\"og:image:width\" content=\"1080\" \/>\n\t<meta property=\"og:image:height\" content=\"1080\" \/>\n\t<meta property=\"og:image:type\" content=\"image\/png\" \/>\n<meta name=\"author\" content=\"Cyrielle Poirot\" \/>\n<meta name=\"twitter:card\" content=\"summary_large_image\" \/>\n<meta name=\"twitter:label1\" content=\"\u00c9crit par\" \/>\n\t<meta name=\"twitter:data1\" content=\"Cyrielle Poirot\" \/>\n\t<meta name=\"twitter:label2\" content=\"Dur\u00e9e de lecture estim\u00e9e\" \/>\n\t<meta name=\"twitter:data2\" content=\"2 minutes\" \/>\n<script type=\"application\/ld+json\" class=\"yoast-schema-graph\">{\"@context\":\"https:\\\/\\\/schema.org\",\"@graph\":[{\"@type\":\"Article\",\"@id\":\"https:\\\/\\\/www.mobilier-design-occasion.fr\\\/magazine\\\/tapis-de-motricite-pour-bebe-tout-ce-que-vous-devez-savoir\\\/#article\",\"isPartOf\":{\"@id\":\"https:\\\/\\\/www.mobilier-design-occasion.fr\\\/magazine\\\/tapis-de-motricite-pour-bebe-tout-ce-que-vous-devez-savoir\\\/\"},\"author\":{\"name\":\"Cyrielle Poirot\",\"@id\":\"https:\\\/\\\/www.mobilier-design-occasion.fr\\\/magazine\\\/#\\\/schema\\\/person\\\/5b2e5627a714ddadaaf8c9b886c55eff\"},\"headline\":\"Tapis de motricit\u00e9 pour b\u00e9b\u00e9: tout ce que vous devez savoir\",\"datePublished\":\"2023-09-05T09:15:48+00:00\",\"dateModified\":\"2023-09-25T13:24:36+00:00\",\"mainEntityOfPage\":{\"@id\":\"https:\\\/\\\/www.mobilier-design-occasion.fr\\\/magazine\\\/tapis-de-motricite-pour-bebe-tout-ce-que-vous-devez-savoir\\\/\"},\"wordCount\":505,\"commentCount\":0,\"publisher\":{\"@id\":\"https:\\\/\\\/www.mobilier-design-occasion.fr\\\/magazine\\\/#organization\"},\"image\":{\"@id\":\"https:\\\/\\\/www.mobilier-design-occasion.fr\\\/magazine\\\/tapis-de-motricite-pour-bebe-tout-ce-que-vous-devez-savoir\\\/#primaryimage\"},\"thumbnailUrl\":\"https:\\\/\\\/www.mobilier-design-occasion.fr\\\/magazine\\\/wp-content\\\/uploads\\\/2023\\\/09\\\/Design-sans-titre-49.png\",\"articleSection\":[\"Chambre enfant\"],\"inLanguage\":\"fr-FR\",\"potentialAction\":[{\"@type\":\"CommentAction\",\"name\":\"Comment\",\"target\":[\"https:\\\/\\\/www.mobilier-design-occasion.fr\\\/magazine\\\/tapis-de-motricite-pour-bebe-tout-ce-que-vous-devez-savoir\\\/#respond\"]}]},{\"@type\":\"WebPage\",\"@id\":\"https:\\\/\\\/www.mobilier-design-occasion.fr\\\/magazine\\\/tapis-de-motricite-pour-bebe-tout-ce-que-vous-devez-savoir\\\/\",\"url\":\"https:\\\/\\\/www.mobilier-design-occasion.fr\\\/magazine\\\/tapis-de-motricite-pour-bebe-tout-ce-que-vous-devez-savoir\\\/\",\"name\":\"Tapis de motricit\u00e9 pour b\u00e9b\u00e9: tout ce que vous devez savoir - Mobilier Design Magazine\",\"isPartOf\":{\"@id\":\"https:\\\/\\\/www.mobilier-design-occasion.fr\\\/magazine\\\/#website\"},\"primaryImageOfPage\":{\"@id\":\"https:\\\/\\\/www.mobilier-design-occasion.fr\\\/magazine\\\/tapis-de-motricite-pour-bebe-tout-ce-que-vous-devez-savoir\\\/#primaryimage\"},\"image\":{\"@id\":\"https:\\\/\\\/www.mobilier-design-occasion.fr\\\/magazine\\\/tapis-de-motricite-pour-bebe-tout-ce-que-vous-devez-savoir\\\/#primaryimage\"},\"thumbnailUrl\":\"https:\\\/\\\/www.mobilier-design-occasion.fr\\\/magazine\\\/wp-content\\\/uploads\\\/2023\\\/09\\\/Design-sans-titre-49.png\",\"datePublished\":\"2023-09-05T09:15:48+00:00\",\"dateModified\":\"2023-09-25T13:24:36+00:00\",\"breadcrumb\":{\"@id\":\"https:\\\/\\\/www.mobilier-design-occasion.fr\\\/magazine\\\/tapis-de-motricite-pour-bebe-tout-ce-que-vous-devez-savoir\\\/#breadcrumb\"},\"inLanguage\":\"fr-FR\",\"potentialAction\":[{\"@type\":\"ReadAction\",\"target\":[\"https:\\\/\\\/www.mobilier-design-occasion.fr\\\/magazine\\\/tapis-de-motricite-pour-bebe-tout-ce-que-vous-devez-savoir\\\/\"]}]},{\"@type\":\"ImageObject\",\"inLanguage\":\"fr-FR\",\"@id\":\"https:\\\/\\\/www.mobilier-design-occasion.fr\\\/magazine\\\/tapis-de-motricite-pour-bebe-tout-ce-que-vous-devez-savoir\\\/#primaryimage\",\"url\":\"https:\\\/\\\/www.mobilier-design-occasion.fr\\\/magazine\\\/wp-content\\\/uploads\\\/2023\\\/09\\\/Design-sans-titre-49.png\",\"contentUrl\":\"https:\\\/\\\/www.mobilier-design-occasion.fr\\\/magazine\\\/wp-content\\\/uploads\\\/2023\\\/09\\\/Design-sans-titre-49.png\",\"width\":1080,\"height\":1080},{\"@type\":\"BreadcrumbList\",\"@id\":\"https:\\\/\\\/www.mobilier-design-occasion.fr\\\/magazine\\\/tapis-de-motricite-pour-bebe-tout-ce-que-vous-devez-savoir\\\/#breadcrumb\",\"itemListElement\":[{\"@type\":\"ListItem\",\"position\":1,\"name\":\"Accueil\",\"item\":\"https:\\\/\\\/www.mobilier-design-occasion.fr\\\/magazine\\\/\"},{\"@type\":\"ListItem\",\"position\":2,\"name\":\"Tapis de motricit\u00e9 pour b\u00e9b\u00e9: tout ce que vous devez savoir\"}]},{\"@type\":\"WebSite\",\"@id\":\"https:\\\/\\\/www.mobilier-design-occasion.fr\\\/magazine\\\/#website\",\"url\":\"https:\\\/\\\/www.mobilier-design-occasion.fr\\\/magazine\\\/\",\"name\":\"Mobilier Design Magazine\",\"description\":\"\",\"publisher\":{\"@id\":\"https:\\\/\\\/www.mobilier-design-occasion.fr\\\/magazine\\\/#organization\"},\"potentialAction\":[{\"@type\":\"SearchAction\",\"target\":{\"@type\":\"EntryPoint\",\"urlTemplate\":\"https:\\\/\\\/www.mobilier-design-occasion.fr\\\/magazine\\\/?s={search_term_string}\"},\"query-input\":{\"@type\":\"PropertyValueSpecification\",\"valueRequired\":true,\"valueName\":\"search_term_string\"}}],\"inLanguage\":\"fr-FR\"},{\"@type\":\"Organization\",\"@id\":\"https:\\\/\\\/www.mobilier-design-occasion.fr\\\/magazine\\\/#organization\",\"name\":\"Mobilier Design Magazine\",\"url\":\"https:\\\/\\\/www.mobilier-design-occasion.fr\\\/magazine\\\/\",\"logo\":{\"@type\":\"ImageObject\",\"inLanguage\":\"fr-FR\",\"@id\":\"https:\\\/\\\/www.mobilier-design-occasion.fr\\\/magazine\\\/#\\\/schema\\\/logo\\\/image\\\/\",\"url\":\"https:\\\/\\\/www.mobilier-design-occasion.fr\\\/magazine\\\/wp-content\\\/uploads\\\/2024\\\/02\\\/android-chrome-192x192-1.png\",\"contentUrl\":\"https:\\\/\\\/www.mobilier-design-occasion.fr\\\/magazine\\\/wp-content\\\/uploads\\\/2024\\\/02\\\/android-chrome-192x192-1.png\",\"width\":192,\"height\":192,\"caption\":\"Mobilier Design Magazine\"},\"image\":{\"@id\":\"https:\\\/\\\/www.mobilier-design-occasion.fr\\\/magazine\\\/#\\\/schema\\\/logo\\\/image\\\/\"},\"sameAs\":[\"https:\\\/\\\/www.facebook.com\\\/mobilierdesignoccasion\"]},{\"@type\":\"Person\",\"@id\":\"https:\\\/\\\/www.mobilier-design-occasion.fr\\\/magazine\\\/#\\\/schema\\\/person\\\/5b2e5627a714ddadaaf8c9b886c55eff\",\"name\":\"Cyrielle Poirot\",\"image\":{\"@type\":\"ImageObject\",\"inLanguage\":\"fr-FR\",\"@id\":\"https:\\\/\\\/secure.gravatar.com\\\/avatar\\\/c8d2674e093b06894d8d1dc468b626bd752523471f3ac6e75f7c7a1400d40b4d?s=96&d=mm&r=g\",\"url\":\"https:\\\/\\\/secure.gravatar.com\\\/avatar\\\/c8d2674e093b06894d8d1dc468b626bd752523471f3ac6e75f7c7a1400d40b4d?s=96&d=mm&r=g\",\"contentUrl\":\"https:\\\/\\\/secure.gravatar.com\\\/avatar\\\/c8d2674e093b06894d8d1dc468b626bd752523471f3ac6e75f7c7a1400d40b4d?s=96&d=mm&r=g\",\"caption\":\"Cyrielle Poirot\"},\"description\":\"Cyrielle est passionn\u00e9e par la d\u00e9coration d'int\u00e9rieur et s'est sp\u00e9cialis\u00e9e depuis quelques ann\u00e9es dans l'\u00e9dition du site Mobilier-Design, avec une touche sp\u00e9cifique pour les produits d'occasion.\",\"sameAs\":[\"https:\\\/\\\/www.mobilier-design-occasion.fr\\\/magazine\"],\"url\":\"https:\\\/\\\/www.mobilier-design-occasion.fr\\\/magazine\\\/author\\\/cyrielle\\\/\"}]}<\/script>\n<!-- \/ Yoast SEO plugin. -->","yoast_head_json":{"title":"Tapis de motricit\u00e9 pour b\u00e9b\u00e9: tout ce que vous devez savoir - Mobilier Design Magazine","robots":{"index":"index","follow":"follow","max-snippet":"max-snippet:-1","max-image-preview":"max-image-preview:large","max-video-preview":"max-video-preview:-1"},"canonical":"https:\/\/www.mobilier-design-occasion.fr\/magazine\/tapis-de-motricite-pour-bebe-tout-ce-que-vous-devez-savoir\/","og_locale":"fr_FR","og_type":"article","og_title":"Tapis de motricit\u00e9 pour b\u00e9b\u00e9: tout ce que vous devez savoir - Mobilier Design Magazine","og_description":"Les tapis de motricit\u00e9 pour b\u00e9b\u00e9 sont devenus incontournables pour les parents conscients de l&#8217;importance du d\u00e9veloppement moteur de leurs tout-petits. Mais avec toutes les options disponibles sur le march\u00e9, comment choisir le bon tapis ? Dans cet article, nous r\u00e9pondons \u00e0 vos questions les plus courantes pour vous guider dans votre choix. Qu&#8217;est-ce qu&#8217;un [&hellip;]","og_url":"https:\/\/www.mobilier-design-occasion.fr\/magazine\/tapis-de-motricite-pour-bebe-tout-ce-que-vous-devez-savoir\/","og_site_name":"Mobilier Design Magazine","article_publisher":"https:\/\/www.facebook.com\/mobilierdesignoccasion","article_published_time":"2023-09-05T09:15:48+00:00","article_modified_time":"2023-09-25T13:24:36+00:00","og_image":[{"width":1080,"height":1080,"url":"https:\/\/www.mobilier-design-occasion.fr\/magazine\/wp-content\/uploads\/2023\/09\/Design-sans-titre-49.png","type":"image\/png"}],"author":"Cyrielle Poirot","twitter_card":"summary_large_image","twitter_misc":{"\u00c9crit par":"Cyrielle Poirot","Dur\u00e9e de lecture estim\u00e9e":"2 minutes"},"schema":{"@context":"https:\/\/schema.org","@graph":[{"@type":"Article","@id":"https:\/\/www.mobilier-design-occasion.fr\/magazine\/tapis-de-motricite-pour-bebe-tout-ce-que-vous-devez-savoir\/#article","isPartOf":{"@id":"https:\/\/www.mobilier-design-occasion.fr\/magazine\/tapis-de-motricite-pour-bebe-tout-ce-que-vous-devez-savoir\/"},"author":{"name":"Cyrielle Poirot","@id":"https:\/\/www.mobilier-design-occasion.fr\/magazine\/#\/schema\/person\/5b2e5627a714ddadaaf8c9b886c55eff"},"headline":"Tapis de motricit\u00e9 pour b\u00e9b\u00e9: tout ce que vous devez savoir","datePublished":"2023-09-05T09:15:48+00:00","dateModified":"2023-09-25T13:24:36+00:00","mainEntityOfPage":{"@id":"https:\/\/www.mobilier-design-occasion.fr\/magazine\/tapis-de-motricite-pour-bebe-tout-ce-que-vous-devez-savoir\/"},"wordCount":505,"commentCount":0,"publisher":{"@id":"https:\/\/www.mobilier-design-occasion.fr\/magazine\/#organization"},"image":{"@id":"https:\/\/www.mobilier-design-occasion.fr\/magazine\/tapis-de-motricite-pour-bebe-tout-ce-que-vous-devez-savoir\/#primaryimage"},"thumbnailUrl":"https:\/\/www.mobilier-design-occasion.fr\/magazine\/wp-content\/uploads\/2023\/09\/Design-sans-titre-49.png","articleSection":["Chambre enfant"],"inLanguage":"fr-FR","potentialAction":[{"@type":"CommentAction","name":"Comment","target":["https:\/\/www.mobilier-design-occasion.fr\/magazine\/tapis-de-motricite-pour-bebe-tout-ce-que-vous-devez-savoir\/#respond"]}]},{"@type":"WebPage","@id":"https:\/\/www.mobilier-design-occasion.fr\/magazine\/tapis-de-motricite-pour-bebe-tout-ce-que-vous-devez-savoir\/","url":"https:\/\/www.mobilier-design-occasion.fr\/magazine\/tapis-de-motricite-pour-bebe-tout-ce-que-vous-devez-savoir\/","name":"Tapis de motricit\u00e9 pour b\u00e9b\u00e9: tout ce que vous devez savoir - Mobilier Design Magazine","isPartOf":{"@id":"https:\/\/www.mobilier-design-occasion.fr\/magazine\/#website"},"primaryImageOfPage":{"@id":"https:\/\/www.mobilier-design-occasion.fr\/magazine\/tapis-de-motricite-pour-bebe-tout-ce-que-vous-devez-savoir\/#primaryimage"},"image":{"@id":"https:\/\/www.mobilier-design-occasion.fr\/magazine\/tapis-de-motricite-pour-bebe-tout-ce-que-vous-devez-savoir\/#primaryimage"},"thumbnailUrl":"https:\/\/www.mobilier-design-occasion.fr\/magazine\/wp-content\/uploads\/2023\/09\/Design-sans-titre-49.png","datePublished":"2023-09-05T09:15:48+00:00","dateModified":"2023-09-25T13:24:36+00:00","breadcrumb":{"@id":"https:\/\/www.mobilier-design-occasion.fr\/magazine\/tapis-de-motricite-pour-bebe-tout-ce-que-vous-devez-savoir\/#breadcrumb"},"inLanguage":"fr-FR","potentialAction":[{"@type":"ReadAction","target":["https:\/\/www.mobilier-design-occasion.fr\/magazine\/tapis-de-motricite-pour-bebe-tout-ce-que-vous-devez-savoir\/"]}]},{"@type":"ImageObject","inLanguage":"fr-FR","@id":"https:\/\/www.mobilier-design-occasion.fr\/magazine\/tapis-de-motricite-pour-bebe-tout-ce-que-vous-devez-savoir\/#primaryimage","url":"https:\/\/www.mobilier-design-occasion.fr\/magazine\/wp-content\/uploads\/2023\/09\/Design-sans-titre-49.png","contentUrl":"https:\/\/www.mobilier-design-occasion.fr\/magazine\/wp-content\/uploads\/2023\/09\/Design-sans-titre-49.png","width":1080,"height":1080},{"@type":"BreadcrumbList","@id":"https:\/\/www.mobilier-design-occasion.fr\/magazine\/tapis-de-motricite-pour-bebe-tout-ce-que-vous-devez-savoir\/#breadcrumb","itemListElement":[{"@type":"ListItem","position":1,"name":"Accueil","item":"https:\/\/www.mobilier-design-occasion.fr\/magazine\/"},{"@type":"ListItem","position":2,"name":"Tapis de motricit\u00e9 pour b\u00e9b\u00e9: tout ce que vous devez savoir"}]},{"@type":"WebSite","@id":"https:\/\/www.mobilier-design-occasion.fr\/magazine\/#website","url":"https:\/\/www.mobilier-design-occasion.fr\/magazine\/","name":"Mobilier Design Magazine","description":"","publisher":{"@id":"https:\/\/www.mobilier-design-occasion.fr\/magazine\/#organization"},"potentialAction":[{"@type":"SearchAction","target":{"@type":"EntryPoint","urlTemplate":"https:\/\/www.mobilier-design-occasion.fr\/magazine\/?s={search_term_string}"},"query-input":{"@type":"PropertyValueSpecification","valueRequired":true,"valueName":"search_term_string"}}],"inLanguage":"fr-FR"},{"@type":"Organization","@id":"https:\/\/www.mobilier-design-occasion.fr\/magazine\/#organization","name":"Mobilier Design Magazine","url":"https:\/\/www.mobilier-design-occasion.fr\/magazine\/","logo":{"@type":"ImageObject","inLanguage":"fr-FR","@id":"https:\/\/www.mobilier-design-occasion.fr\/magazine\/#\/schema\/logo\/image\/","url":"https:\/\/www.mobilier-design-occasion.fr\/magazine\/wp-content\/uploads\/2024\/02\/android-chrome-192x192-1.png","contentUrl":"https:\/\/www.mobilier-design-occasion.fr\/magazine\/wp-content\/uploads\/2024\/02\/android-chrome-192x192-1.png","width":192,"height":192,"caption":"Mobilier Design Magazine"},"image":{"@id":"https:\/\/www.mobilier-design-occasion.fr\/magazine\/#\/schema\/logo\/image\/"},"sameAs":["https:\/\/www.facebook.com\/mobilierdesignoccasion"]},{"@type":"Person","@id":"https:\/\/www.mobilier-design-occasion.fr\/magazine\/#\/schema\/person\/5b2e5627a714ddadaaf8c9b886c55eff","name":"Cyrielle Poirot","image":{"@type":"ImageObject","inLanguage":"fr-FR","@id":"https:\/\/secure.gravatar.com\/avatar\/c8d2674e093b06894d8d1dc468b626bd752523471f3ac6e75f7c7a1400d40b4d?s=96&d=mm&r=g","url":"https:\/\/secure.gravatar.com\/avatar\/c8d2674e093b06894d8d1dc468b626bd752523471f3ac6e75f7c7a1400d40b4d?s=96&d=mm&r=g","contentUrl":"https:\/\/secure.gravatar.com\/avatar\/c8d2674e093b06894d8d1dc468b626bd752523471f3ac6e75f7c7a1400d40b4d?s=96&d=mm&r=g","caption":"Cyrielle Poirot"},"description":"Cyrielle est passionn\u00e9e par la d\u00e9coration d'int\u00e9rieur et s'est sp\u00e9cialis\u00e9e depuis quelques ann\u00e9es dans l'\u00e9dition du site Mobilier-Design, avec une touche sp\u00e9cifique pour les produits d'occasion.","sameAs":["https:\/\/www.mobilier-design-occasion.fr\/magazine"],"url":"https:\/\/www.mobilier-design-occasion.fr\/magazine\/author\/cyrielle\/"}]}},"_links":{"self":[{"href":"https:\/\/www.mobilier-design-occasion.fr\/magazine\/wp-json\/wp\/v2\/posts\/6754","targetHints":{"allow":["GET"]}}],"collection":[{"href":"https:\/\/www.mobilier-design-occasion.fr\/magazine\/wp-json\/wp\/v2\/posts"}],"about":[{"href":"https:\/\/www.mobilier-design-occasion.fr\/magazine\/wp-json\/wp\/v2\/types\/post"}],"author":[{"embeddable":true,"href":"https:\/\/www.mobilier-design-occasion.fr\/magazine\/wp-json\/wp\/v2\/users\/1"}],"replies":[{"embeddable":true,"href":"https:\/\/www.mobilier-design-occasion.fr\/magazine\/wp-json\/wp\/v2\/comments?post=6754"}],"version-history":[{"count":1,"href":"https:\/\/www.mobilier-design-occasion.fr\/magazine\/wp-json\/wp\/v2\/posts\/6754\/revisions"}],"predecessor-version":[{"id":6758,"href":"https:\/\/www.mobilier-design-occasion.fr\/magazine\/wp-json\/wp\/v2\/posts\/6754\/revisions\/6758"}],"wp:featuredmedia":[{"embeddable":true,"href":"https:\/\/www.mobilier-design-occasion.fr\/magazine\/wp-json\/wp\/v2\/media\/6757"}],"wp:attachment":[{"href":"https:\/\/www.mobilier-design-occasion.fr\/magazine\/wp-json\/wp\/v2\/media?parent=6754"}],"wp:term":[{"taxonomy":"category","embeddable":true,"href":"https:\/\/www.mobilier-design-occasion.fr\/magazine\/wp-json\/wp\/v2\/categories?post=6754"},{"taxonomy":"post_tag","embeddable":true,"href":"https:\/\/www.mobilier-design-occasion.fr\/magazine\/wp-json\/wp\/v2\/tags?post=6754"}],"curies":[{"name":"wp","href":"https:\/\/api.w.org\/{rel}","templated":true}]}}