{"id":6737,"date":"2023-08-17T10:25:26","date_gmt":"2023-08-17T10:25:26","guid":{"rendered":"https:\/\/www.mobilier-design-occasion.fr\/magazine\/?p=6737"},"modified":"2023-09-25T13:24:44","modified_gmt":"2023-09-25T13:24:44","slug":"comment-decorer-votre-interieur-avec-une-tenture-murale-boheme","status":"publish","type":"post","link":"https:\/\/www.mobilier-design-occasion.fr\/magazine\/comment-decorer-votre-interieur-avec-une-tenture-murale-boheme\/","title":{"rendered":"Comment d\u00e9corer votre int\u00e9rieur avec une tenture murale boh\u00e8me?"},"content":{"rendered":"\n<p>Les tentures boh\u00e8mes tendent \u00e0 fusionner les arts orientaux et floraux. Elles sont tr\u00e8s sollicit\u00e9es \u00e0 des fins de d\u00e9coration. D\u00e9couvrez ici comment les mettre \u00e0 profit pour sublimer votre int\u00e9rieur.<\/p>\n\n\n\n<h2 class=\"wp-block-heading\"><span class=\"ez-toc-section\" id=\"Selectionnez_bien_votre_tenture_murale\"><\/span>S\u00e9lectionnez bien votre tenture murale<span class=\"ez-toc-section-end\"><\/span><\/h2><div id=\"ez-toc-container\" class=\"ez-toc-v2_0_82_2 counter-hierarchy ez-toc-counter ez-toc-grey ez-toc-container-direction\">\n<div class=\"ez-toc-title-container\">\n<span class=\"ez-toc-title-toggle\"><a href=\"#\" class=\"ez-toc-pull-right ez-toc-btn ez-toc-btn-xs ez-toc-btn-default ez-toc-toggle\" aria-label=\"Toggle Table of Content\"><span class=\"ez-toc-js-icon-con\"><span class=\"\"><span class=\"eztoc-hide\" style=\"display:none;\">Toggle<\/span><span class=\"ez-toc-icon-toggle-span\"><svg style=\"fill: #999;color:#999\" xmlns=\"http:\/\/www.w3.org\/2000\/svg\" class=\"list-377408\" width=\"20px\" height=\"20px\" viewBox=\"0 0 24 24\" fill=\"none\"><path d=\"M6 6H4v2h2V6zm14 0H8v2h12V6zM4 11h2v2H4v-2zm16 0H8v2h12v-2zM4 16h2v2H4v-2zm16 0H8v2h12v-2z\" fill=\"currentColor\"><\/path><\/svg><svg style=\"fill: #999;color:#999\" class=\"arrow-unsorted-368013\" xmlns=\"http:\/\/www.w3.org\/2000\/svg\" width=\"10px\" height=\"10px\" viewBox=\"0 0 24 24\" version=\"1.2\" baseProfile=\"tiny\"><path d=\"M18.2 9.3l-6.2-6.3-6.2 6.3c-.2.2-.3.4-.3.7s.1.5.3.7c.2.2.4.3.7.3h11c.3 0 .5-.1.7-.3.2-.2.3-.5.3-.7s-.1-.5-.3-.7zM5.8 14.7l6.2 6.3 6.2-6.3c.2-.2.3-.5.3-.7s-.1-.5-.3-.7c-.2-.2-.4-.3-.7-.3h-11c-.3 0-.5.1-.7.3-.2.2-.3.5-.3.7s.1.5.3.7z\"\/><\/svg><\/span><\/span><\/span><\/a><\/span><\/div>\n<nav><ul class='ez-toc-list ez-toc-list-level-1 eztoc-toggle-hide-by-default' ><li class='ez-toc-page-1 ez-toc-heading-level-2'><a class=\"ez-toc-link ez-toc-heading-1\" href=\"https:\/\/www.mobilier-design-occasion.fr\/magazine\/comment-decorer-votre-interieur-avec-une-tenture-murale-boheme\/#Selectionnez_bien_votre_tenture_murale\" >S\u00e9lectionnez bien votre tenture murale<\/a><\/li><li class='ez-toc-page-1 ez-toc-heading-level-2'><a class=\"ez-toc-link ez-toc-heading-2\" href=\"https:\/\/www.mobilier-design-occasion.fr\/magazine\/comment-decorer-votre-interieur-avec-une-tenture-murale-boheme\/#Choisissez_lemplacement_et_appretez-le\" >Choisissez l\u2019emplacement et appr\u00eatez-le<\/a><\/li><li class='ez-toc-page-1 ez-toc-heading-level-2'><a class=\"ez-toc-link ez-toc-heading-3\" href=\"https:\/\/www.mobilier-design-occasion.fr\/magazine\/comment-decorer-votre-interieur-avec-une-tenture-murale-boheme\/#Installez_votre_tenture_murale\" >Installez votre tenture murale<\/a><\/li><\/ul><\/nav><\/div>\n\n\n\n\n<p>C\u2019est la premi\u00e8re \u00e9tape et d\u2019ailleurs la plus d\u00e9terminante du processus.&nbsp;<a href=\"https:\/\/sublimer-vos-murs.fr\/collections\/tenture-murale-boheme\/\">Ajouter une touche de Boh\u00e8me avec notre Tenture Murale<\/a>&nbsp;a, certes, un r\u00e9el avantage esth\u00e9tique. Cependant, l\u2019impact d\u00e9pend, en grande partie, de la tenture utilis\u00e9e.<\/p>\n\n\n\n<p>Choisissez une pi\u00e8ce portant des motifs traditionnels avec des couleurs en ad\u00e9quation avec votre d\u00e9coration murale. Assurez-vous que son design est\u00a0<strong>\u00e9l\u00e9gant et refl\u00e8te des d\u00e9tails<\/strong>\u00a0artisanaux. Privil\u00e9giez les accessoires fabriqu\u00e9s avec des mat\u00e9riaux durables et \u00e9cologiques.<\/p>\n\n\n\n<figure class=\"wp-block-image size-large\"><img loading=\"lazy\" decoding=\"async\" width=\"1024\" height=\"682\" src=\"https:\/\/www.mobilier-design-occasion.fr\/magazine\/wp-content\/uploads\/2023\/08\/d6d0f7201f0747e21e5c564b6423abab-1024x682.jpg\" alt=\"\" class=\"wp-image-6738\" srcset=\"https:\/\/www.mobilier-design-occasion.fr\/magazine\/wp-content\/uploads\/2023\/08\/d6d0f7201f0747e21e5c564b6423abab-1024x682.jpg 1024w, https:\/\/www.mobilier-design-occasion.fr\/magazine\/wp-content\/uploads\/2023\/08\/d6d0f7201f0747e21e5c564b6423abab-300x200.jpg 300w, https:\/\/www.mobilier-design-occasion.fr\/magazine\/wp-content\/uploads\/2023\/08\/d6d0f7201f0747e21e5c564b6423abab-768x512.jpg 768w, https:\/\/www.mobilier-design-occasion.fr\/magazine\/wp-content\/uploads\/2023\/08\/d6d0f7201f0747e21e5c564b6423abab-810x540.jpg 810w, https:\/\/www.mobilier-design-occasion.fr\/magazine\/wp-content\/uploads\/2023\/08\/d6d0f7201f0747e21e5c564b6423abab-1140x760.jpg 1140w, https:\/\/www.mobilier-design-occasion.fr\/magazine\/wp-content\/uploads\/2023\/08\/d6d0f7201f0747e21e5c564b6423abab.jpg 1280w\" sizes=\"auto, (max-width: 1024px) 100vw, 1024px\" \/><\/figure>\n\n\n\n<h2 class=\"wp-block-heading\"><span class=\"ez-toc-section\" id=\"Choisissez_lemplacement_et_appretez-le\"><\/span>Choisissez l\u2019emplacement et appr\u00eatez-le<span class=\"ez-toc-section-end\"><\/span><\/h2>\n\n\n\n<p>L\u2019endroit o\u00f9 vous installez votre tenture murale doit remplir deux crit\u00e8res essentiels. Premi\u00e8rement, il faut qu\u2019il soit vide. Mettre une pi\u00e8ce de d\u00e9coration au milieu d\u2019autres accessoires, c\u2019est&nbsp;<strong>courir le risque<\/strong>&nbsp;de le rendre moins visible.<\/p>\n\n\n\n<p>Deuxi\u00e8mement, l\u2019emplacement de l\u2019accessoire doit \u00eatre bien \u00e9clair\u00e9. Pour cr\u00e9er une ambiance chaude et conviviale, pr\u00e9f\u00e9rez les \u00e9clairages doux et tamis\u00e9s. Les\u00a0<strong>sp\u00e9cialistes de d\u00e9coration<\/strong>\u00a0int\u00e9rieure recommandent d\u2019utiliser des guirlandes et des lampes \u00e0 suspension.<\/p>\n\n\n\n<figure class=\"wp-block-image size-large\"><img loading=\"lazy\" decoding=\"async\" width=\"1024\" height=\"682\" src=\"https:\/\/www.mobilier-design-occasion.fr\/magazine\/wp-content\/uploads\/2023\/08\/2ec8ad0544f7bab3b054523e5e40d467-1024x682.jpg\" alt=\"\" class=\"wp-image-6739\" srcset=\"https:\/\/www.mobilier-design-occasion.fr\/magazine\/wp-content\/uploads\/2023\/08\/2ec8ad0544f7bab3b054523e5e40d467-1024x682.jpg 1024w, https:\/\/www.mobilier-design-occasion.fr\/magazine\/wp-content\/uploads\/2023\/08\/2ec8ad0544f7bab3b054523e5e40d467-300x200.jpg 300w, https:\/\/www.mobilier-design-occasion.fr\/magazine\/wp-content\/uploads\/2023\/08\/2ec8ad0544f7bab3b054523e5e40d467-768x512.jpg 768w, https:\/\/www.mobilier-design-occasion.fr\/magazine\/wp-content\/uploads\/2023\/08\/2ec8ad0544f7bab3b054523e5e40d467-810x540.jpg 810w, https:\/\/www.mobilier-design-occasion.fr\/magazine\/wp-content\/uploads\/2023\/08\/2ec8ad0544f7bab3b054523e5e40d467-1140x760.jpg 1140w, https:\/\/www.mobilier-design-occasion.fr\/magazine\/wp-content\/uploads\/2023\/08\/2ec8ad0544f7bab3b054523e5e40d467.jpg 1280w\" sizes=\"auto, (max-width: 1024px) 100vw, 1024px\" \/><\/figure>\n\n\n\n<h2 class=\"wp-block-heading\"><span class=\"ez-toc-section\" id=\"Installez_votre_tenture_murale\"><\/span>Installez votre tenture murale<span class=\"ez-toc-section-end\"><\/span><\/h2>\n\n\n\n<p>Une fois que vous avez choisi la tenture boh\u00e8me et trouv\u00e9 l\u2019emplacement id\u00e9al, il faut proc\u00e9der \u00e0 son installation. Cela n\u00e9cessite&nbsp;<strong>l\u2019utilisation de certains \u00e9quipements<\/strong>&nbsp;comme les clous et un marteau. Fixez les clous au mur et suspendez-y votre pi\u00e8ce de d\u00e9coration. D\u00e8s lors, prenez un peu de recul et v\u00e9rifiez si la tenture murale est bien centr\u00e9e. Effectuez quelques ajustements au besoin, et le tour est jou\u00e9.<\/p>\n","protected":false},"excerpt":{"rendered":"<p>Les tentures boh\u00e8mes tendent \u00e0 fusionner les arts orientaux et floraux. Elles sont tr\u00e8s sollicit\u00e9es \u00e0 des fins de d\u00e9coration. D\u00e9couvrez ici comment les mettre \u00e0 profit pour sublimer votre int\u00e9rieur. S\u00e9lectionnez bien votre tenture murale C\u2019est la premi\u00e8re \u00e9tape et d\u2019ailleurs la plus d\u00e9terminante du processus.&nbsp;Ajouter une touche de Boh\u00e8me avec notre Tenture Murale&nbsp;a, [&hellip;]<\/p>\n","protected":false},"author":1,"featured_media":6740,"comment_status":"open","ping_status":"open","sticky":false,"template":"","format":"standard","meta":{"footnotes":""},"categories":[122],"tags":[],"class_list":["post-6737","post","type-post","status-publish","format-standard","has-post-thumbnail","hentry","category-salon"],"yoast_head":"<!-- This site is optimized with the Yoast SEO plugin v27.5 - https:\/\/yoast.com\/product\/yoast-seo-wordpress\/ -->\n<title>Comment d\u00e9corer votre int\u00e9rieur avec une tenture murale boh\u00e8me? - Mobilier Design Magazine<\/title>\n<meta name=\"robots\" content=\"index, follow, max-snippet:-1, max-image-preview:large, max-video-preview:-1\" \/>\n<link rel=\"canonical\" href=\"https:\/\/www.mobilier-design-occasion.fr\/magazine\/comment-decorer-votre-interieur-avec-une-tenture-murale-boheme\/\" \/>\n<meta property=\"og:locale\" content=\"fr_FR\" \/>\n<meta property=\"og:type\" content=\"article\" \/>\n<meta property=\"og:title\" content=\"Comment d\u00e9corer votre int\u00e9rieur avec une tenture murale boh\u00e8me? - Mobilier Design Magazine\" \/>\n<meta property=\"og:description\" content=\"Les tentures boh\u00e8mes tendent \u00e0 fusionner les arts orientaux et floraux. Elles sont tr\u00e8s sollicit\u00e9es \u00e0 des fins de d\u00e9coration. D\u00e9couvrez ici comment les mettre \u00e0 profit pour sublimer votre int\u00e9rieur. S\u00e9lectionnez bien votre tenture murale C\u2019est la premi\u00e8re \u00e9tape et d\u2019ailleurs la plus d\u00e9terminante du processus.&nbsp;Ajouter une touche de Boh\u00e8me avec notre Tenture Murale&nbsp;a, [&hellip;]\" \/>\n<meta property=\"og:url\" content=\"https:\/\/www.mobilier-design-occasion.fr\/magazine\/comment-decorer-votre-interieur-avec-une-tenture-murale-boheme\/\" \/>\n<meta property=\"og:site_name\" content=\"Mobilier Design Magazine\" \/>\n<meta property=\"article:publisher\" content=\"https:\/\/www.facebook.com\/mobilierdesignoccasion\" \/>\n<meta property=\"article:published_time\" content=\"2023-08-17T10:25:26+00:00\" \/>\n<meta property=\"article:modified_time\" content=\"2023-09-25T13:24:44+00:00\" \/>\n<meta property=\"og:image\" content=\"https:\/\/www.mobilier-design-occasion.fr\/magazine\/wp-content\/uploads\/2023\/08\/2ec8ad0544f7bab3b054523e5e40d467-1.jpg\" \/>\n\t<meta property=\"og:image:width\" content=\"1280\" \/>\n\t<meta property=\"og:image:height\" content=\"853\" \/>\n\t<meta property=\"og:image:type\" content=\"image\/jpeg\" \/>\n<meta name=\"author\" content=\"Cyrielle Poirot\" \/>\n<meta name=\"twitter:card\" content=\"summary_large_image\" \/>\n<meta name=\"twitter:label1\" content=\"\u00c9crit par\" \/>\n\t<meta name=\"twitter:data1\" content=\"Cyrielle Poirot\" \/>\n\t<meta name=\"twitter:label2\" content=\"Dur\u00e9e de lecture estim\u00e9e\" \/>\n\t<meta name=\"twitter:data2\" content=\"2 minutes\" \/>\n<script type=\"application\/ld+json\" class=\"yoast-schema-graph\">{\"@context\":\"https:\\\/\\\/schema.org\",\"@graph\":[{\"@type\":\"Article\",\"@id\":\"https:\\\/\\\/www.mobilier-design-occasion.fr\\\/magazine\\\/comment-decorer-votre-interieur-avec-une-tenture-murale-boheme\\\/#article\",\"isPartOf\":{\"@id\":\"https:\\\/\\\/www.mobilier-design-occasion.fr\\\/magazine\\\/comment-decorer-votre-interieur-avec-une-tenture-murale-boheme\\\/\"},\"author\":{\"name\":\"Cyrielle Poirot\",\"@id\":\"https:\\\/\\\/www.mobilier-design-occasion.fr\\\/magazine\\\/#\\\/schema\\\/person\\\/5b2e5627a714ddadaaf8c9b886c55eff\"},\"headline\":\"Comment d\u00e9corer votre int\u00e9rieur avec une tenture murale boh\u00e8me?\",\"datePublished\":\"2023-08-17T10:25:26+00:00\",\"dateModified\":\"2023-09-25T13:24:44+00:00\",\"mainEntityOfPage\":{\"@id\":\"https:\\\/\\\/www.mobilier-design-occasion.fr\\\/magazine\\\/comment-decorer-votre-interieur-avec-une-tenture-murale-boheme\\\/\"},\"wordCount\":327,\"commentCount\":0,\"publisher\":{\"@id\":\"https:\\\/\\\/www.mobilier-design-occasion.fr\\\/magazine\\\/#organization\"},\"image\":{\"@id\":\"https:\\\/\\\/www.mobilier-design-occasion.fr\\\/magazine\\\/comment-decorer-votre-interieur-avec-une-tenture-murale-boheme\\\/#primaryimage\"},\"thumbnailUrl\":\"https:\\\/\\\/www.mobilier-design-occasion.fr\\\/magazine\\\/wp-content\\\/uploads\\\/2023\\\/08\\\/2ec8ad0544f7bab3b054523e5e40d467-1.jpg\",\"articleSection\":[\"Salon\"],\"inLanguage\":\"fr-FR\",\"potentialAction\":[{\"@type\":\"CommentAction\",\"name\":\"Comment\",\"target\":[\"https:\\\/\\\/www.mobilier-design-occasion.fr\\\/magazine\\\/comment-decorer-votre-interieur-avec-une-tenture-murale-boheme\\\/#respond\"]}]},{\"@type\":\"WebPage\",\"@id\":\"https:\\\/\\\/www.mobilier-design-occasion.fr\\\/magazine\\\/comment-decorer-votre-interieur-avec-une-tenture-murale-boheme\\\/\",\"url\":\"https:\\\/\\\/www.mobilier-design-occasion.fr\\\/magazine\\\/comment-decorer-votre-interieur-avec-une-tenture-murale-boheme\\\/\",\"name\":\"Comment d\u00e9corer votre int\u00e9rieur avec une tenture murale boh\u00e8me? - Mobilier Design Magazine\",\"isPartOf\":{\"@id\":\"https:\\\/\\\/www.mobilier-design-occasion.fr\\\/magazine\\\/#website\"},\"primaryImageOfPage\":{\"@id\":\"https:\\\/\\\/www.mobilier-design-occasion.fr\\\/magazine\\\/comment-decorer-votre-interieur-avec-une-tenture-murale-boheme\\\/#primaryimage\"},\"image\":{\"@id\":\"https:\\\/\\\/www.mobilier-design-occasion.fr\\\/magazine\\\/comment-decorer-votre-interieur-avec-une-tenture-murale-boheme\\\/#primaryimage\"},\"thumbnailUrl\":\"https:\\\/\\\/www.mobilier-design-occasion.fr\\\/magazine\\\/wp-content\\\/uploads\\\/2023\\\/08\\\/2ec8ad0544f7bab3b054523e5e40d467-1.jpg\",\"datePublished\":\"2023-08-17T10:25:26+00:00\",\"dateModified\":\"2023-09-25T13:24:44+00:00\",\"breadcrumb\":{\"@id\":\"https:\\\/\\\/www.mobilier-design-occasion.fr\\\/magazine\\\/comment-decorer-votre-interieur-avec-une-tenture-murale-boheme\\\/#breadcrumb\"},\"inLanguage\":\"fr-FR\",\"potentialAction\":[{\"@type\":\"ReadAction\",\"target\":[\"https:\\\/\\\/www.mobilier-design-occasion.fr\\\/magazine\\\/comment-decorer-votre-interieur-avec-une-tenture-murale-boheme\\\/\"]}]},{\"@type\":\"ImageObject\",\"inLanguage\":\"fr-FR\",\"@id\":\"https:\\\/\\\/www.mobilier-design-occasion.fr\\\/magazine\\\/comment-decorer-votre-interieur-avec-une-tenture-murale-boheme\\\/#primaryimage\",\"url\":\"https:\\\/\\\/www.mobilier-design-occasion.fr\\\/magazine\\\/wp-content\\\/uploads\\\/2023\\\/08\\\/2ec8ad0544f7bab3b054523e5e40d467-1.jpg\",\"contentUrl\":\"https:\\\/\\\/www.mobilier-design-occasion.fr\\\/magazine\\\/wp-content\\\/uploads\\\/2023\\\/08\\\/2ec8ad0544f7bab3b054523e5e40d467-1.jpg\",\"width\":1280,\"height\":853},{\"@type\":\"BreadcrumbList\",\"@id\":\"https:\\\/\\\/www.mobilier-design-occasion.fr\\\/magazine\\\/comment-decorer-votre-interieur-avec-une-tenture-murale-boheme\\\/#breadcrumb\",\"itemListElement\":[{\"@type\":\"ListItem\",\"position\":1,\"name\":\"Accueil\",\"item\":\"https:\\\/\\\/www.mobilier-design-occasion.fr\\\/magazine\\\/\"},{\"@type\":\"ListItem\",\"position\":2,\"name\":\"Comment d\u00e9corer votre int\u00e9rieur avec une tenture murale boh\u00e8me?\"}]},{\"@type\":\"WebSite\",\"@id\":\"https:\\\/\\\/www.mobilier-design-occasion.fr\\\/magazine\\\/#website\",\"url\":\"https:\\\/\\\/www.mobilier-design-occasion.fr\\\/magazine\\\/\",\"name\":\"Mobilier Design Magazine\",\"description\":\"\",\"publisher\":{\"@id\":\"https:\\\/\\\/www.mobilier-design-occasion.fr\\\/magazine\\\/#organization\"},\"potentialAction\":[{\"@type\":\"SearchAction\",\"target\":{\"@type\":\"EntryPoint\",\"urlTemplate\":\"https:\\\/\\\/www.mobilier-design-occasion.fr\\\/magazine\\\/?s={search_term_string}\"},\"query-input\":{\"@type\":\"PropertyValueSpecification\",\"valueRequired\":true,\"valueName\":\"search_term_string\"}}],\"inLanguage\":\"fr-FR\"},{\"@type\":\"Organization\",\"@id\":\"https:\\\/\\\/www.mobilier-design-occasion.fr\\\/magazine\\\/#organization\",\"name\":\"Mobilier Design Magazine\",\"url\":\"https:\\\/\\\/www.mobilier-design-occasion.fr\\\/magazine\\\/\",\"logo\":{\"@type\":\"ImageObject\",\"inLanguage\":\"fr-FR\",\"@id\":\"https:\\\/\\\/www.mobilier-design-occasion.fr\\\/magazine\\\/#\\\/schema\\\/logo\\\/image\\\/\",\"url\":\"https:\\\/\\\/www.mobilier-design-occasion.fr\\\/magazine\\\/wp-content\\\/uploads\\\/2024\\\/02\\\/android-chrome-192x192-1.png\",\"contentUrl\":\"https:\\\/\\\/www.mobilier-design-occasion.fr\\\/magazine\\\/wp-content\\\/uploads\\\/2024\\\/02\\\/android-chrome-192x192-1.png\",\"width\":192,\"height\":192,\"caption\":\"Mobilier Design Magazine\"},\"image\":{\"@id\":\"https:\\\/\\\/www.mobilier-design-occasion.fr\\\/magazine\\\/#\\\/schema\\\/logo\\\/image\\\/\"},\"sameAs\":[\"https:\\\/\\\/www.facebook.com\\\/mobilierdesignoccasion\"]},{\"@type\":\"Person\",\"@id\":\"https:\\\/\\\/www.mobilier-design-occasion.fr\\\/magazine\\\/#\\\/schema\\\/person\\\/5b2e5627a714ddadaaf8c9b886c55eff\",\"name\":\"Cyrielle Poirot\",\"image\":{\"@type\":\"ImageObject\",\"inLanguage\":\"fr-FR\",\"@id\":\"https:\\\/\\\/secure.gravatar.com\\\/avatar\\\/c8d2674e093b06894d8d1dc468b626bd752523471f3ac6e75f7c7a1400d40b4d?s=96&d=mm&r=g\",\"url\":\"https:\\\/\\\/secure.gravatar.com\\\/avatar\\\/c8d2674e093b06894d8d1dc468b626bd752523471f3ac6e75f7c7a1400d40b4d?s=96&d=mm&r=g\",\"contentUrl\":\"https:\\\/\\\/secure.gravatar.com\\\/avatar\\\/c8d2674e093b06894d8d1dc468b626bd752523471f3ac6e75f7c7a1400d40b4d?s=96&d=mm&r=g\",\"caption\":\"Cyrielle Poirot\"},\"description\":\"Cyrielle est passionn\u00e9e par la d\u00e9coration d'int\u00e9rieur et s'est sp\u00e9cialis\u00e9e depuis quelques ann\u00e9es dans l'\u00e9dition du site Mobilier-Design, avec une touche sp\u00e9cifique pour les produits d'occasion.\",\"sameAs\":[\"https:\\\/\\\/www.mobilier-design-occasion.fr\\\/magazine\"],\"url\":\"https:\\\/\\\/www.mobilier-design-occasion.fr\\\/magazine\\\/author\\\/cyrielle\\\/\"}]}<\/script>\n<!-- \/ Yoast SEO plugin. -->","yoast_head_json":{"title":"Comment d\u00e9corer votre int\u00e9rieur avec une tenture murale boh\u00e8me? - Mobilier Design Magazine","robots":{"index":"index","follow":"follow","max-snippet":"max-snippet:-1","max-image-preview":"max-image-preview:large","max-video-preview":"max-video-preview:-1"},"canonical":"https:\/\/www.mobilier-design-occasion.fr\/magazine\/comment-decorer-votre-interieur-avec-une-tenture-murale-boheme\/","og_locale":"fr_FR","og_type":"article","og_title":"Comment d\u00e9corer votre int\u00e9rieur avec une tenture murale boh\u00e8me? - Mobilier Design Magazine","og_description":"Les tentures boh\u00e8mes tendent \u00e0 fusionner les arts orientaux et floraux. Elles sont tr\u00e8s sollicit\u00e9es \u00e0 des fins de d\u00e9coration. D\u00e9couvrez ici comment les mettre \u00e0 profit pour sublimer votre int\u00e9rieur. S\u00e9lectionnez bien votre tenture murale C\u2019est la premi\u00e8re \u00e9tape et d\u2019ailleurs la plus d\u00e9terminante du processus.&nbsp;Ajouter une touche de Boh\u00e8me avec notre Tenture Murale&nbsp;a, [&hellip;]","og_url":"https:\/\/www.mobilier-design-occasion.fr\/magazine\/comment-decorer-votre-interieur-avec-une-tenture-murale-boheme\/","og_site_name":"Mobilier Design Magazine","article_publisher":"https:\/\/www.facebook.com\/mobilierdesignoccasion","article_published_time":"2023-08-17T10:25:26+00:00","article_modified_time":"2023-09-25T13:24:44+00:00","og_image":[{"width":1280,"height":853,"url":"https:\/\/www.mobilier-design-occasion.fr\/magazine\/wp-content\/uploads\/2023\/08\/2ec8ad0544f7bab3b054523e5e40d467-1.jpg","type":"image\/jpeg"}],"author":"Cyrielle Poirot","twitter_card":"summary_large_image","twitter_misc":{"\u00c9crit par":"Cyrielle Poirot","Dur\u00e9e de lecture estim\u00e9e":"2 minutes"},"schema":{"@context":"https:\/\/schema.org","@graph":[{"@type":"Article","@id":"https:\/\/www.mobilier-design-occasion.fr\/magazine\/comment-decorer-votre-interieur-avec-une-tenture-murale-boheme\/#article","isPartOf":{"@id":"https:\/\/www.mobilier-design-occasion.fr\/magazine\/comment-decorer-votre-interieur-avec-une-tenture-murale-boheme\/"},"author":{"name":"Cyrielle Poirot","@id":"https:\/\/www.mobilier-design-occasion.fr\/magazine\/#\/schema\/person\/5b2e5627a714ddadaaf8c9b886c55eff"},"headline":"Comment d\u00e9corer votre int\u00e9rieur avec une tenture murale boh\u00e8me?","datePublished":"2023-08-17T10:25:26+00:00","dateModified":"2023-09-25T13:24:44+00:00","mainEntityOfPage":{"@id":"https:\/\/www.mobilier-design-occasion.fr\/magazine\/comment-decorer-votre-interieur-avec-une-tenture-murale-boheme\/"},"wordCount":327,"commentCount":0,"publisher":{"@id":"https:\/\/www.mobilier-design-occasion.fr\/magazine\/#organization"},"image":{"@id":"https:\/\/www.mobilier-design-occasion.fr\/magazine\/comment-decorer-votre-interieur-avec-une-tenture-murale-boheme\/#primaryimage"},"thumbnailUrl":"https:\/\/www.mobilier-design-occasion.fr\/magazine\/wp-content\/uploads\/2023\/08\/2ec8ad0544f7bab3b054523e5e40d467-1.jpg","articleSection":["Salon"],"inLanguage":"fr-FR","potentialAction":[{"@type":"CommentAction","name":"Comment","target":["https:\/\/www.mobilier-design-occasion.fr\/magazine\/comment-decorer-votre-interieur-avec-une-tenture-murale-boheme\/#respond"]}]},{"@type":"WebPage","@id":"https:\/\/www.mobilier-design-occasion.fr\/magazine\/comment-decorer-votre-interieur-avec-une-tenture-murale-boheme\/","url":"https:\/\/www.mobilier-design-occasion.fr\/magazine\/comment-decorer-votre-interieur-avec-une-tenture-murale-boheme\/","name":"Comment d\u00e9corer votre int\u00e9rieur avec une tenture murale boh\u00e8me? - Mobilier Design Magazine","isPartOf":{"@id":"https:\/\/www.mobilier-design-occasion.fr\/magazine\/#website"},"primaryImageOfPage":{"@id":"https:\/\/www.mobilier-design-occasion.fr\/magazine\/comment-decorer-votre-interieur-avec-une-tenture-murale-boheme\/#primaryimage"},"image":{"@id":"https:\/\/www.mobilier-design-occasion.fr\/magazine\/comment-decorer-votre-interieur-avec-une-tenture-murale-boheme\/#primaryimage"},"thumbnailUrl":"https:\/\/www.mobilier-design-occasion.fr\/magazine\/wp-content\/uploads\/2023\/08\/2ec8ad0544f7bab3b054523e5e40d467-1.jpg","datePublished":"2023-08-17T10:25:26+00:00","dateModified":"2023-09-25T13:24:44+00:00","breadcrumb":{"@id":"https:\/\/www.mobilier-design-occasion.fr\/magazine\/comment-decorer-votre-interieur-avec-une-tenture-murale-boheme\/#breadcrumb"},"inLanguage":"fr-FR","potentialAction":[{"@type":"ReadAction","target":["https:\/\/www.mobilier-design-occasion.fr\/magazine\/comment-decorer-votre-interieur-avec-une-tenture-murale-boheme\/"]}]},{"@type":"ImageObject","inLanguage":"fr-FR","@id":"https:\/\/www.mobilier-design-occasion.fr\/magazine\/comment-decorer-votre-interieur-avec-une-tenture-murale-boheme\/#primaryimage","url":"https:\/\/www.mobilier-design-occasion.fr\/magazine\/wp-content\/uploads\/2023\/08\/2ec8ad0544f7bab3b054523e5e40d467-1.jpg","contentUrl":"https:\/\/www.mobilier-design-occasion.fr\/magazine\/wp-content\/uploads\/2023\/08\/2ec8ad0544f7bab3b054523e5e40d467-1.jpg","width":1280,"height":853},{"@type":"BreadcrumbList","@id":"https:\/\/www.mobilier-design-occasion.fr\/magazine\/comment-decorer-votre-interieur-avec-une-tenture-murale-boheme\/#breadcrumb","itemListElement":[{"@type":"ListItem","position":1,"name":"Accueil","item":"https:\/\/www.mobilier-design-occasion.fr\/magazine\/"},{"@type":"ListItem","position":2,"name":"Comment d\u00e9corer votre int\u00e9rieur avec une tenture murale boh\u00e8me?"}]},{"@type":"WebSite","@id":"https:\/\/www.mobilier-design-occasion.fr\/magazine\/#website","url":"https:\/\/www.mobilier-design-occasion.fr\/magazine\/","name":"Mobilier Design Magazine","description":"","publisher":{"@id":"https:\/\/www.mobilier-design-occasion.fr\/magazine\/#organization"},"potentialAction":[{"@type":"SearchAction","target":{"@type":"EntryPoint","urlTemplate":"https:\/\/www.mobilier-design-occasion.fr\/magazine\/?s={search_term_string}"},"query-input":{"@type":"PropertyValueSpecification","valueRequired":true,"valueName":"search_term_string"}}],"inLanguage":"fr-FR"},{"@type":"Organization","@id":"https:\/\/www.mobilier-design-occasion.fr\/magazine\/#organization","name":"Mobilier Design Magazine","url":"https:\/\/www.mobilier-design-occasion.fr\/magazine\/","logo":{"@type":"ImageObject","inLanguage":"fr-FR","@id":"https:\/\/www.mobilier-design-occasion.fr\/magazine\/#\/schema\/logo\/image\/","url":"https:\/\/www.mobilier-design-occasion.fr\/magazine\/wp-content\/uploads\/2024\/02\/android-chrome-192x192-1.png","contentUrl":"https:\/\/www.mobilier-design-occasion.fr\/magazine\/wp-content\/uploads\/2024\/02\/android-chrome-192x192-1.png","width":192,"height":192,"caption":"Mobilier Design Magazine"},"image":{"@id":"https:\/\/www.mobilier-design-occasion.fr\/magazine\/#\/schema\/logo\/image\/"},"sameAs":["https:\/\/www.facebook.com\/mobilierdesignoccasion"]},{"@type":"Person","@id":"https:\/\/www.mobilier-design-occasion.fr\/magazine\/#\/schema\/person\/5b2e5627a714ddadaaf8c9b886c55eff","name":"Cyrielle Poirot","image":{"@type":"ImageObject","inLanguage":"fr-FR","@id":"https:\/\/secure.gravatar.com\/avatar\/c8d2674e093b06894d8d1dc468b626bd752523471f3ac6e75f7c7a1400d40b4d?s=96&d=mm&r=g","url":"https:\/\/secure.gravatar.com\/avatar\/c8d2674e093b06894d8d1dc468b626bd752523471f3ac6e75f7c7a1400d40b4d?s=96&d=mm&r=g","contentUrl":"https:\/\/secure.gravatar.com\/avatar\/c8d2674e093b06894d8d1dc468b626bd752523471f3ac6e75f7c7a1400d40b4d?s=96&d=mm&r=g","caption":"Cyrielle Poirot"},"description":"Cyrielle est passionn\u00e9e par la d\u00e9coration d'int\u00e9rieur et s'est sp\u00e9cialis\u00e9e depuis quelques ann\u00e9es dans l'\u00e9dition du site Mobilier-Design, avec une touche sp\u00e9cifique pour les produits d'occasion.","sameAs":["https:\/\/www.mobilier-design-occasion.fr\/magazine"],"url":"https:\/\/www.mobilier-design-occasion.fr\/magazine\/author\/cyrielle\/"}]}},"_links":{"self":[{"href":"https:\/\/www.mobilier-design-occasion.fr\/magazine\/wp-json\/wp\/v2\/posts\/6737","targetHints":{"allow":["GET"]}}],"collection":[{"href":"https:\/\/www.mobilier-design-occasion.fr\/magazine\/wp-json\/wp\/v2\/posts"}],"about":[{"href":"https:\/\/www.mobilier-design-occasion.fr\/magazine\/wp-json\/wp\/v2\/types\/post"}],"author":[{"embeddable":true,"href":"https:\/\/www.mobilier-design-occasion.fr\/magazine\/wp-json\/wp\/v2\/users\/1"}],"replies":[{"embeddable":true,"href":"https:\/\/www.mobilier-design-occasion.fr\/magazine\/wp-json\/wp\/v2\/comments?post=6737"}],"version-history":[{"count":1,"href":"https:\/\/www.mobilier-design-occasion.fr\/magazine\/wp-json\/wp\/v2\/posts\/6737\/revisions"}],"predecessor-version":[{"id":6741,"href":"https:\/\/www.mobilier-design-occasion.fr\/magazine\/wp-json\/wp\/v2\/posts\/6737\/revisions\/6741"}],"wp:featuredmedia":[{"embeddable":true,"href":"https:\/\/www.mobilier-design-occasion.fr\/magazine\/wp-json\/wp\/v2\/media\/6740"}],"wp:attachment":[{"href":"https:\/\/www.mobilier-design-occasion.fr\/magazine\/wp-json\/wp\/v2\/media?parent=6737"}],"wp:term":[{"taxonomy":"category","embeddable":true,"href":"https:\/\/www.mobilier-design-occasion.fr\/magazine\/wp-json\/wp\/v2\/categories?post=6737"},{"taxonomy":"post_tag","embeddable":true,"href":"https:\/\/www.mobilier-design-occasion.fr\/magazine\/wp-json\/wp\/v2\/tags?post=6737"}],"curies":[{"name":"wp","href":"https:\/\/api.w.org\/{rel}","templated":true}]}}