{"id":6727,"date":"2023-08-14T12:20:02","date_gmt":"2023-08-14T12:20:02","guid":{"rendered":"https:\/\/www.mobilier-design-occasion.fr\/magazine\/?p=6727"},"modified":"2023-09-25T13:25:00","modified_gmt":"2023-09-25T13:25:00","slug":"pourquoi-choisir-un-salon-de-jardin-en-aluminium","status":"publish","type":"post","link":"https:\/\/www.mobilier-design-occasion.fr\/magazine\/pourquoi-choisir-un-salon-de-jardin-en-aluminium\/","title":{"rendered":"Pourquoi choisir un salon de jardin en aluminium ?"},"content":{"rendered":"\n<p>Vous disposez d\u2019un jardin et vous souhaitez y cr\u00e9er un espace pour vous d\u00e9tendre ? Et si vous installiez un salon de jardin en aluminium ? D\u00e9couvrez ici toutes les raisons de faire ce choix.<\/p>\n\n\n\n<h2 class=\"wp-block-heading\">L&#8217;aluminium : pour un salon de jardin design<\/h2>\n\n\n\n<p>Pour profiter du soleil depuis votre jardin, un&nbsp;<a href=\"https:\/\/delormdesign.com\/209-salon-de-jardin-en-aluminium\">salon de jardin en aluminium<\/a>&nbsp;est ce qu\u2019il vous faut. En effet, il s\u2019agit d\u2019un&nbsp;<strong>assemblage design<\/strong>&nbsp;qui s\u2019adapte parfaitement aux grands jardins.<br><br>Mais, la bonne nouvelle est qu\u2019il convient \u00e9galement aux terrasses. Parmi les diverses possibilit\u00e9s qui s\u2019offrent \u00e0 vous \u00e0 cet effet figurent le canap\u00e9, le fauteuil ou encore&nbsp;<strong>la chaise en aluminium<\/strong>.<\/p>\n\n\n\n<h2 class=\"wp-block-heading\">L\u2019aluminium : un mat\u00e9riau ultra-r\u00e9sistant<\/h2>\n\n\n\n<figure class=\"wp-block-image size-full\"><img loading=\"lazy\" decoding=\"async\" width=\"830\" height=\"577\" src=\"https:\/\/www.mobilier-design-occasion.fr\/magazine\/wp-content\/uploads\/2023\/08\/64a6a02af4cb96f667f1c13c235dcfa3.jpeg\" alt=\"\" class=\"wp-image-6729\" srcset=\"https:\/\/www.mobilier-design-occasion.fr\/magazine\/wp-content\/uploads\/2023\/08\/64a6a02af4cb96f667f1c13c235dcfa3.jpeg 830w, https:\/\/www.mobilier-design-occasion.fr\/magazine\/wp-content\/uploads\/2023\/08\/64a6a02af4cb96f667f1c13c235dcfa3-300x209.jpeg 300w, https:\/\/www.mobilier-design-occasion.fr\/magazine\/wp-content\/uploads\/2023\/08\/64a6a02af4cb96f667f1c13c235dcfa3-768x534.jpeg 768w, https:\/\/www.mobilier-design-occasion.fr\/magazine\/wp-content\/uploads\/2023\/08\/64a6a02af4cb96f667f1c13c235dcfa3-810x563.jpeg 810w, https:\/\/www.mobilier-design-occasion.fr\/magazine\/wp-content\/uploads\/2023\/08\/64a6a02af4cb96f667f1c13c235dcfa3-145x100.jpeg 145w\" sizes=\"auto, (max-width: 830px) 100vw, 830px\" \/><\/figure>\n\n\n\n<p>L\u2019aluminium est un mat\u00e9riau de plus en plus privil\u00e9gi\u00e9 dans la confection des meubles. Cela se justifie par sa&nbsp;<strong>r\u00e9sistance exceptionnelle<\/strong>&nbsp;aux intemp\u00e9ries comme :<\/p>\n\n\n\n<ul class=\"wp-block-list\">\n<li>la pluie ;<\/li>\n\n\n\n<li>le vent ;<\/li>\n\n\n\n<li>la rouille.<\/li>\n<\/ul>\n\n\n\n<p>En choisissant un salon de jardin en aluminium, vous avez alors la possibilit\u00e9 d\u2019utiliser votre mobilier durant plusieurs ann\u00e9es. Par ailleurs, celui-ci ne requiert que&nbsp;<strong>peu d\u2019entretien<\/strong>. Avec un coup d\u2019\u00e9ponge savonneuse, le tour est jou\u00e9 !<\/p>\n\n\n\n<p>En gros, choisir un salon de jardin en aluminium vous garantit non seulement une esth\u00e9tique moderne et \u00e9l\u00e9gante, mais aussi une durabilit\u00e9 exceptionnelle et une facilit\u00e9 d&#8217;entretien. Que vous cherchiez \u00e0 cr\u00e9er un espace de d\u00e9tente ou un coin repas en plein air, les meubles en aluminium constituent un excellent choix pour profiter de votre espace ext\u00e9rieur en toute s\u00e9r\u00e9nit\u00e9.<\/p>\n","protected":false},"excerpt":{"rendered":"<p>Vous disposez d\u2019un jardin et vous souhaitez y cr\u00e9er un espace pour vous d\u00e9tendre ? Et si vous installiez un salon de jardin en aluminium ? D\u00e9couvrez ici toutes les raisons de faire ce choix. L&#8217;aluminium : pour un salon de jardin design Pour profiter du soleil depuis votre jardin, un&nbsp;salon de jardin en aluminium&nbsp;est [&hellip;]<\/p>\n","protected":false},"author":1,"featured_media":6728,"comment_status":"open","ping_status":"open","sticky":false,"template":"","format":"standard","meta":{"footnotes":""},"categories":[124],"tags":[],"class_list":["post-6727","post","type-post","status-publish","format-standard","has-post-thumbnail","hentry","category-exterieur"],"yoast_head":"<!-- This site is optimized with the Yoast SEO plugin v27.5 - https:\/\/yoast.com\/product\/yoast-seo-wordpress\/ -->\n<title>Pourquoi choisir un salon de jardin en aluminium ? - Mobilier Design Magazine<\/title>\n<meta name=\"robots\" content=\"index, follow, max-snippet:-1, max-image-preview:large, max-video-preview:-1\" \/>\n<link rel=\"canonical\" href=\"https:\/\/www.mobilier-design-occasion.fr\/magazine\/pourquoi-choisir-un-salon-de-jardin-en-aluminium\/\" \/>\n<meta property=\"og:locale\" content=\"fr_FR\" \/>\n<meta property=\"og:type\" content=\"article\" \/>\n<meta property=\"og:title\" content=\"Pourquoi choisir un salon de jardin en aluminium ? - Mobilier Design Magazine\" \/>\n<meta property=\"og:description\" content=\"Vous disposez d\u2019un jardin et vous souhaitez y cr\u00e9er un espace pour vous d\u00e9tendre ? Et si vous installiez un salon de jardin en aluminium ? D\u00e9couvrez ici toutes les raisons de faire ce choix. L&#8217;aluminium : pour un salon de jardin design Pour profiter du soleil depuis votre jardin, un&nbsp;salon de jardin en aluminium&nbsp;est [&hellip;]\" \/>\n<meta property=\"og:url\" content=\"https:\/\/www.mobilier-design-occasion.fr\/magazine\/pourquoi-choisir-un-salon-de-jardin-en-aluminium\/\" \/>\n<meta property=\"og:site_name\" content=\"Mobilier Design Magazine\" \/>\n<meta property=\"article:publisher\" content=\"https:\/\/www.facebook.com\/mobilierdesignoccasion\" \/>\n<meta property=\"article:published_time\" content=\"2023-08-14T12:20:02+00:00\" \/>\n<meta property=\"article:modified_time\" content=\"2023-09-25T13:25:00+00:00\" \/>\n<meta property=\"og:image\" content=\"https:\/\/www.mobilier-design-occasion.fr\/magazine\/wp-content\/uploads\/2023\/08\/7df7ae65ff50b75e0a4bee961a1317fd.jpeg\" \/>\n\t<meta property=\"og:image:width\" content=\"848\" \/>\n\t<meta property=\"og:image:height\" content=\"565\" \/>\n\t<meta property=\"og:image:type\" content=\"image\/jpeg\" \/>\n<meta name=\"author\" content=\"Cyrielle Poirot\" \/>\n<meta name=\"twitter:card\" content=\"summary_large_image\" \/>\n<meta name=\"twitter:label1\" content=\"\u00c9crit par\" \/>\n\t<meta name=\"twitter:data1\" content=\"Cyrielle Poirot\" \/>\n\t<meta name=\"twitter:label2\" content=\"Dur\u00e9e de lecture estim\u00e9e\" \/>\n\t<meta name=\"twitter:data2\" content=\"1 minute\" \/>\n<script type=\"application\/ld+json\" class=\"yoast-schema-graph\">{\"@context\":\"https:\\\/\\\/schema.org\",\"@graph\":[{\"@type\":\"Article\",\"@id\":\"https:\\\/\\\/www.mobilier-design-occasion.fr\\\/magazine\\\/pourquoi-choisir-un-salon-de-jardin-en-aluminium\\\/#article\",\"isPartOf\":{\"@id\":\"https:\\\/\\\/www.mobilier-design-occasion.fr\\\/magazine\\\/pourquoi-choisir-un-salon-de-jardin-en-aluminium\\\/\"},\"author\":{\"name\":\"Cyrielle Poirot\",\"@id\":\"https:\\\/\\\/www.mobilier-design-occasion.fr\\\/magazine\\\/#\\\/schema\\\/person\\\/5b2e5627a714ddadaaf8c9b886c55eff\"},\"headline\":\"Pourquoi choisir un salon de jardin en aluminium ?\",\"datePublished\":\"2023-08-14T12:20:02+00:00\",\"dateModified\":\"2023-09-25T13:25:00+00:00\",\"mainEntityOfPage\":{\"@id\":\"https:\\\/\\\/www.mobilier-design-occasion.fr\\\/magazine\\\/pourquoi-choisir-un-salon-de-jardin-en-aluminium\\\/\"},\"wordCount\":278,\"commentCount\":0,\"publisher\":{\"@id\":\"https:\\\/\\\/www.mobilier-design-occasion.fr\\\/magazine\\\/#organization\"},\"image\":{\"@id\":\"https:\\\/\\\/www.mobilier-design-occasion.fr\\\/magazine\\\/pourquoi-choisir-un-salon-de-jardin-en-aluminium\\\/#primaryimage\"},\"thumbnailUrl\":\"https:\\\/\\\/www.mobilier-design-occasion.fr\\\/magazine\\\/wp-content\\\/uploads\\\/2023\\\/08\\\/7df7ae65ff50b75e0a4bee961a1317fd.jpeg\",\"articleSection\":[\"Ext\u00e9rieur\"],\"inLanguage\":\"fr-FR\",\"potentialAction\":[{\"@type\":\"CommentAction\",\"name\":\"Comment\",\"target\":[\"https:\\\/\\\/www.mobilier-design-occasion.fr\\\/magazine\\\/pourquoi-choisir-un-salon-de-jardin-en-aluminium\\\/#respond\"]}]},{\"@type\":\"WebPage\",\"@id\":\"https:\\\/\\\/www.mobilier-design-occasion.fr\\\/magazine\\\/pourquoi-choisir-un-salon-de-jardin-en-aluminium\\\/\",\"url\":\"https:\\\/\\\/www.mobilier-design-occasion.fr\\\/magazine\\\/pourquoi-choisir-un-salon-de-jardin-en-aluminium\\\/\",\"name\":\"Pourquoi choisir un salon de jardin en aluminium ? - Mobilier Design Magazine\",\"isPartOf\":{\"@id\":\"https:\\\/\\\/www.mobilier-design-occasion.fr\\\/magazine\\\/#website\"},\"primaryImageOfPage\":{\"@id\":\"https:\\\/\\\/www.mobilier-design-occasion.fr\\\/magazine\\\/pourquoi-choisir-un-salon-de-jardin-en-aluminium\\\/#primaryimage\"},\"image\":{\"@id\":\"https:\\\/\\\/www.mobilier-design-occasion.fr\\\/magazine\\\/pourquoi-choisir-un-salon-de-jardin-en-aluminium\\\/#primaryimage\"},\"thumbnailUrl\":\"https:\\\/\\\/www.mobilier-design-occasion.fr\\\/magazine\\\/wp-content\\\/uploads\\\/2023\\\/08\\\/7df7ae65ff50b75e0a4bee961a1317fd.jpeg\",\"datePublished\":\"2023-08-14T12:20:02+00:00\",\"dateModified\":\"2023-09-25T13:25:00+00:00\",\"breadcrumb\":{\"@id\":\"https:\\\/\\\/www.mobilier-design-occasion.fr\\\/magazine\\\/pourquoi-choisir-un-salon-de-jardin-en-aluminium\\\/#breadcrumb\"},\"inLanguage\":\"fr-FR\",\"potentialAction\":[{\"@type\":\"ReadAction\",\"target\":[\"https:\\\/\\\/www.mobilier-design-occasion.fr\\\/magazine\\\/pourquoi-choisir-un-salon-de-jardin-en-aluminium\\\/\"]}]},{\"@type\":\"ImageObject\",\"inLanguage\":\"fr-FR\",\"@id\":\"https:\\\/\\\/www.mobilier-design-occasion.fr\\\/magazine\\\/pourquoi-choisir-un-salon-de-jardin-en-aluminium\\\/#primaryimage\",\"url\":\"https:\\\/\\\/www.mobilier-design-occasion.fr\\\/magazine\\\/wp-content\\\/uploads\\\/2023\\\/08\\\/7df7ae65ff50b75e0a4bee961a1317fd.jpeg\",\"contentUrl\":\"https:\\\/\\\/www.mobilier-design-occasion.fr\\\/magazine\\\/wp-content\\\/uploads\\\/2023\\\/08\\\/7df7ae65ff50b75e0a4bee961a1317fd.jpeg\",\"width\":848,\"height\":565,\"caption\":\"Beautiful landscape design for backyard garden with small bench\"},{\"@type\":\"BreadcrumbList\",\"@id\":\"https:\\\/\\\/www.mobilier-design-occasion.fr\\\/magazine\\\/pourquoi-choisir-un-salon-de-jardin-en-aluminium\\\/#breadcrumb\",\"itemListElement\":[{\"@type\":\"ListItem\",\"position\":1,\"name\":\"Accueil\",\"item\":\"https:\\\/\\\/www.mobilier-design-occasion.fr\\\/magazine\\\/\"},{\"@type\":\"ListItem\",\"position\":2,\"name\":\"Pourquoi choisir un salon de jardin en aluminium ?\"}]},{\"@type\":\"WebSite\",\"@id\":\"https:\\\/\\\/www.mobilier-design-occasion.fr\\\/magazine\\\/#website\",\"url\":\"https:\\\/\\\/www.mobilier-design-occasion.fr\\\/magazine\\\/\",\"name\":\"Mobilier Design Magazine\",\"description\":\"\",\"publisher\":{\"@id\":\"https:\\\/\\\/www.mobilier-design-occasion.fr\\\/magazine\\\/#organization\"},\"potentialAction\":[{\"@type\":\"SearchAction\",\"target\":{\"@type\":\"EntryPoint\",\"urlTemplate\":\"https:\\\/\\\/www.mobilier-design-occasion.fr\\\/magazine\\\/?s={search_term_string}\"},\"query-input\":{\"@type\":\"PropertyValueSpecification\",\"valueRequired\":true,\"valueName\":\"search_term_string\"}}],\"inLanguage\":\"fr-FR\"},{\"@type\":\"Organization\",\"@id\":\"https:\\\/\\\/www.mobilier-design-occasion.fr\\\/magazine\\\/#organization\",\"name\":\"Mobilier Design Magazine\",\"url\":\"https:\\\/\\\/www.mobilier-design-occasion.fr\\\/magazine\\\/\",\"logo\":{\"@type\":\"ImageObject\",\"inLanguage\":\"fr-FR\",\"@id\":\"https:\\\/\\\/www.mobilier-design-occasion.fr\\\/magazine\\\/#\\\/schema\\\/logo\\\/image\\\/\",\"url\":\"https:\\\/\\\/www.mobilier-design-occasion.fr\\\/magazine\\\/wp-content\\\/uploads\\\/2024\\\/02\\\/android-chrome-192x192-1.png\",\"contentUrl\":\"https:\\\/\\\/www.mobilier-design-occasion.fr\\\/magazine\\\/wp-content\\\/uploads\\\/2024\\\/02\\\/android-chrome-192x192-1.png\",\"width\":192,\"height\":192,\"caption\":\"Mobilier Design Magazine\"},\"image\":{\"@id\":\"https:\\\/\\\/www.mobilier-design-occasion.fr\\\/magazine\\\/#\\\/schema\\\/logo\\\/image\\\/\"},\"sameAs\":[\"https:\\\/\\\/www.facebook.com\\\/mobilierdesignoccasion\"]},{\"@type\":\"Person\",\"@id\":\"https:\\\/\\\/www.mobilier-design-occasion.fr\\\/magazine\\\/#\\\/schema\\\/person\\\/5b2e5627a714ddadaaf8c9b886c55eff\",\"name\":\"Cyrielle Poirot\",\"image\":{\"@type\":\"ImageObject\",\"inLanguage\":\"fr-FR\",\"@id\":\"https:\\\/\\\/secure.gravatar.com\\\/avatar\\\/c8d2674e093b06894d8d1dc468b626bd752523471f3ac6e75f7c7a1400d40b4d?s=96&d=mm&r=g\",\"url\":\"https:\\\/\\\/secure.gravatar.com\\\/avatar\\\/c8d2674e093b06894d8d1dc468b626bd752523471f3ac6e75f7c7a1400d40b4d?s=96&d=mm&r=g\",\"contentUrl\":\"https:\\\/\\\/secure.gravatar.com\\\/avatar\\\/c8d2674e093b06894d8d1dc468b626bd752523471f3ac6e75f7c7a1400d40b4d?s=96&d=mm&r=g\",\"caption\":\"Cyrielle Poirot\"},\"description\":\"Cyrielle est passionn\u00e9e par la d\u00e9coration d'int\u00e9rieur et s'est sp\u00e9cialis\u00e9e depuis quelques ann\u00e9es dans l'\u00e9dition du site Mobilier-Design, avec une touche sp\u00e9cifique pour les produits d'occasion.\",\"sameAs\":[\"https:\\\/\\\/www.mobilier-design-occasion.fr\\\/magazine\"],\"url\":\"https:\\\/\\\/www.mobilier-design-occasion.fr\\\/magazine\\\/author\\\/cyrielle\\\/\"}]}<\/script>\n<!-- \/ Yoast SEO plugin. -->","yoast_head_json":{"title":"Pourquoi choisir un salon de jardin en aluminium ? - Mobilier Design Magazine","robots":{"index":"index","follow":"follow","max-snippet":"max-snippet:-1","max-image-preview":"max-image-preview:large","max-video-preview":"max-video-preview:-1"},"canonical":"https:\/\/www.mobilier-design-occasion.fr\/magazine\/pourquoi-choisir-un-salon-de-jardin-en-aluminium\/","og_locale":"fr_FR","og_type":"article","og_title":"Pourquoi choisir un salon de jardin en aluminium ? - Mobilier Design Magazine","og_description":"Vous disposez d\u2019un jardin et vous souhaitez y cr\u00e9er un espace pour vous d\u00e9tendre ? Et si vous installiez un salon de jardin en aluminium ? D\u00e9couvrez ici toutes les raisons de faire ce choix. L&#8217;aluminium : pour un salon de jardin design Pour profiter du soleil depuis votre jardin, un&nbsp;salon de jardin en aluminium&nbsp;est [&hellip;]","og_url":"https:\/\/www.mobilier-design-occasion.fr\/magazine\/pourquoi-choisir-un-salon-de-jardin-en-aluminium\/","og_site_name":"Mobilier Design Magazine","article_publisher":"https:\/\/www.facebook.com\/mobilierdesignoccasion","article_published_time":"2023-08-14T12:20:02+00:00","article_modified_time":"2023-09-25T13:25:00+00:00","og_image":[{"width":848,"height":565,"url":"https:\/\/www.mobilier-design-occasion.fr\/magazine\/wp-content\/uploads\/2023\/08\/7df7ae65ff50b75e0a4bee961a1317fd.jpeg","type":"image\/jpeg"}],"author":"Cyrielle Poirot","twitter_card":"summary_large_image","twitter_misc":{"\u00c9crit par":"Cyrielle Poirot","Dur\u00e9e de lecture estim\u00e9e":"1 minute"},"schema":{"@context":"https:\/\/schema.org","@graph":[{"@type":"Article","@id":"https:\/\/www.mobilier-design-occasion.fr\/magazine\/pourquoi-choisir-un-salon-de-jardin-en-aluminium\/#article","isPartOf":{"@id":"https:\/\/www.mobilier-design-occasion.fr\/magazine\/pourquoi-choisir-un-salon-de-jardin-en-aluminium\/"},"author":{"name":"Cyrielle Poirot","@id":"https:\/\/www.mobilier-design-occasion.fr\/magazine\/#\/schema\/person\/5b2e5627a714ddadaaf8c9b886c55eff"},"headline":"Pourquoi choisir un salon de jardin en aluminium ?","datePublished":"2023-08-14T12:20:02+00:00","dateModified":"2023-09-25T13:25:00+00:00","mainEntityOfPage":{"@id":"https:\/\/www.mobilier-design-occasion.fr\/magazine\/pourquoi-choisir-un-salon-de-jardin-en-aluminium\/"},"wordCount":278,"commentCount":0,"publisher":{"@id":"https:\/\/www.mobilier-design-occasion.fr\/magazine\/#organization"},"image":{"@id":"https:\/\/www.mobilier-design-occasion.fr\/magazine\/pourquoi-choisir-un-salon-de-jardin-en-aluminium\/#primaryimage"},"thumbnailUrl":"https:\/\/www.mobilier-design-occasion.fr\/magazine\/wp-content\/uploads\/2023\/08\/7df7ae65ff50b75e0a4bee961a1317fd.jpeg","articleSection":["Ext\u00e9rieur"],"inLanguage":"fr-FR","potentialAction":[{"@type":"CommentAction","name":"Comment","target":["https:\/\/www.mobilier-design-occasion.fr\/magazine\/pourquoi-choisir-un-salon-de-jardin-en-aluminium\/#respond"]}]},{"@type":"WebPage","@id":"https:\/\/www.mobilier-design-occasion.fr\/magazine\/pourquoi-choisir-un-salon-de-jardin-en-aluminium\/","url":"https:\/\/www.mobilier-design-occasion.fr\/magazine\/pourquoi-choisir-un-salon-de-jardin-en-aluminium\/","name":"Pourquoi choisir un salon de jardin en aluminium ? - Mobilier Design Magazine","isPartOf":{"@id":"https:\/\/www.mobilier-design-occasion.fr\/magazine\/#website"},"primaryImageOfPage":{"@id":"https:\/\/www.mobilier-design-occasion.fr\/magazine\/pourquoi-choisir-un-salon-de-jardin-en-aluminium\/#primaryimage"},"image":{"@id":"https:\/\/www.mobilier-design-occasion.fr\/magazine\/pourquoi-choisir-un-salon-de-jardin-en-aluminium\/#primaryimage"},"thumbnailUrl":"https:\/\/www.mobilier-design-occasion.fr\/magazine\/wp-content\/uploads\/2023\/08\/7df7ae65ff50b75e0a4bee961a1317fd.jpeg","datePublished":"2023-08-14T12:20:02+00:00","dateModified":"2023-09-25T13:25:00+00:00","breadcrumb":{"@id":"https:\/\/www.mobilier-design-occasion.fr\/magazine\/pourquoi-choisir-un-salon-de-jardin-en-aluminium\/#breadcrumb"},"inLanguage":"fr-FR","potentialAction":[{"@type":"ReadAction","target":["https:\/\/www.mobilier-design-occasion.fr\/magazine\/pourquoi-choisir-un-salon-de-jardin-en-aluminium\/"]}]},{"@type":"ImageObject","inLanguage":"fr-FR","@id":"https:\/\/www.mobilier-design-occasion.fr\/magazine\/pourquoi-choisir-un-salon-de-jardin-en-aluminium\/#primaryimage","url":"https:\/\/www.mobilier-design-occasion.fr\/magazine\/wp-content\/uploads\/2023\/08\/7df7ae65ff50b75e0a4bee961a1317fd.jpeg","contentUrl":"https:\/\/www.mobilier-design-occasion.fr\/magazine\/wp-content\/uploads\/2023\/08\/7df7ae65ff50b75e0a4bee961a1317fd.jpeg","width":848,"height":565,"caption":"Beautiful landscape design for backyard garden with small bench"},{"@type":"BreadcrumbList","@id":"https:\/\/www.mobilier-design-occasion.fr\/magazine\/pourquoi-choisir-un-salon-de-jardin-en-aluminium\/#breadcrumb","itemListElement":[{"@type":"ListItem","position":1,"name":"Accueil","item":"https:\/\/www.mobilier-design-occasion.fr\/magazine\/"},{"@type":"ListItem","position":2,"name":"Pourquoi choisir un salon de jardin en aluminium ?"}]},{"@type":"WebSite","@id":"https:\/\/www.mobilier-design-occasion.fr\/magazine\/#website","url":"https:\/\/www.mobilier-design-occasion.fr\/magazine\/","name":"Mobilier Design Magazine","description":"","publisher":{"@id":"https:\/\/www.mobilier-design-occasion.fr\/magazine\/#organization"},"potentialAction":[{"@type":"SearchAction","target":{"@type":"EntryPoint","urlTemplate":"https:\/\/www.mobilier-design-occasion.fr\/magazine\/?s={search_term_string}"},"query-input":{"@type":"PropertyValueSpecification","valueRequired":true,"valueName":"search_term_string"}}],"inLanguage":"fr-FR"},{"@type":"Organization","@id":"https:\/\/www.mobilier-design-occasion.fr\/magazine\/#organization","name":"Mobilier Design Magazine","url":"https:\/\/www.mobilier-design-occasion.fr\/magazine\/","logo":{"@type":"ImageObject","inLanguage":"fr-FR","@id":"https:\/\/www.mobilier-design-occasion.fr\/magazine\/#\/schema\/logo\/image\/","url":"https:\/\/www.mobilier-design-occasion.fr\/magazine\/wp-content\/uploads\/2024\/02\/android-chrome-192x192-1.png","contentUrl":"https:\/\/www.mobilier-design-occasion.fr\/magazine\/wp-content\/uploads\/2024\/02\/android-chrome-192x192-1.png","width":192,"height":192,"caption":"Mobilier Design Magazine"},"image":{"@id":"https:\/\/www.mobilier-design-occasion.fr\/magazine\/#\/schema\/logo\/image\/"},"sameAs":["https:\/\/www.facebook.com\/mobilierdesignoccasion"]},{"@type":"Person","@id":"https:\/\/www.mobilier-design-occasion.fr\/magazine\/#\/schema\/person\/5b2e5627a714ddadaaf8c9b886c55eff","name":"Cyrielle Poirot","image":{"@type":"ImageObject","inLanguage":"fr-FR","@id":"https:\/\/secure.gravatar.com\/avatar\/c8d2674e093b06894d8d1dc468b626bd752523471f3ac6e75f7c7a1400d40b4d?s=96&d=mm&r=g","url":"https:\/\/secure.gravatar.com\/avatar\/c8d2674e093b06894d8d1dc468b626bd752523471f3ac6e75f7c7a1400d40b4d?s=96&d=mm&r=g","contentUrl":"https:\/\/secure.gravatar.com\/avatar\/c8d2674e093b06894d8d1dc468b626bd752523471f3ac6e75f7c7a1400d40b4d?s=96&d=mm&r=g","caption":"Cyrielle Poirot"},"description":"Cyrielle est passionn\u00e9e par la d\u00e9coration d'int\u00e9rieur et s'est sp\u00e9cialis\u00e9e depuis quelques ann\u00e9es dans l'\u00e9dition du site Mobilier-Design, avec une touche sp\u00e9cifique pour les produits d'occasion.","sameAs":["https:\/\/www.mobilier-design-occasion.fr\/magazine"],"url":"https:\/\/www.mobilier-design-occasion.fr\/magazine\/author\/cyrielle\/"}]}},"_links":{"self":[{"href":"https:\/\/www.mobilier-design-occasion.fr\/magazine\/wp-json\/wp\/v2\/posts\/6727","targetHints":{"allow":["GET"]}}],"collection":[{"href":"https:\/\/www.mobilier-design-occasion.fr\/magazine\/wp-json\/wp\/v2\/posts"}],"about":[{"href":"https:\/\/www.mobilier-design-occasion.fr\/magazine\/wp-json\/wp\/v2\/types\/post"}],"author":[{"embeddable":true,"href":"https:\/\/www.mobilier-design-occasion.fr\/magazine\/wp-json\/wp\/v2\/users\/1"}],"replies":[{"embeddable":true,"href":"https:\/\/www.mobilier-design-occasion.fr\/magazine\/wp-json\/wp\/v2\/comments?post=6727"}],"version-history":[{"count":1,"href":"https:\/\/www.mobilier-design-occasion.fr\/magazine\/wp-json\/wp\/v2\/posts\/6727\/revisions"}],"predecessor-version":[{"id":6730,"href":"https:\/\/www.mobilier-design-occasion.fr\/magazine\/wp-json\/wp\/v2\/posts\/6727\/revisions\/6730"}],"wp:featuredmedia":[{"embeddable":true,"href":"https:\/\/www.mobilier-design-occasion.fr\/magazine\/wp-json\/wp\/v2\/media\/6728"}],"wp:attachment":[{"href":"https:\/\/www.mobilier-design-occasion.fr\/magazine\/wp-json\/wp\/v2\/media?parent=6727"}],"wp:term":[{"taxonomy":"category","embeddable":true,"href":"https:\/\/www.mobilier-design-occasion.fr\/magazine\/wp-json\/wp\/v2\/categories?post=6727"},{"taxonomy":"post_tag","embeddable":true,"href":"https:\/\/www.mobilier-design-occasion.fr\/magazine\/wp-json\/wp\/v2\/tags?post=6727"}],"curies":[{"name":"wp","href":"https:\/\/api.w.org\/{rel}","templated":true}]}}