{"id":6719,"date":"2023-08-04T11:46:42","date_gmt":"2023-08-04T11:46:42","guid":{"rendered":"https:\/\/www.mobilier-design-occasion.fr\/magazine\/?p=6719"},"modified":"2023-08-04T11:46:43","modified_gmt":"2023-08-04T11:46:43","slug":"le-role-du-mobilier-doccasion-dans-la-construction-ecologique","status":"publish","type":"post","link":"https:\/\/www.mobilier-design-occasion.fr\/magazine\/le-role-du-mobilier-doccasion-dans-la-construction-ecologique\/","title":{"rendered":"Le r\u00f4le du mobilier d\u2019occasion dans la construction \u00e9cologique"},"content":{"rendered":"\n<p>Les questions de la&nbsp;<strong>durabilit\u00e9<\/strong>&nbsp;et de l\u2019<strong>\u00e9coresponsabilit\u00e9<\/strong>&nbsp;se sont install\u00e9es au c\u0153ur de nos priorit\u00e9s. D\u00e9sormais, la notion de construction \u00e9cologique se lit sur toutes les l\u00e8vres comme, \u00e9tant une solution essentielle pour pr\u00e9server notre environnement. Cet article vous d\u00e9cline en d\u00e9tail&nbsp;<strong>le r\u00f4le essentiel du mobilier d\u2019occasion dans la construction \u00e9cologique.<\/strong><\/p>\n\n\n\n<h2 class=\"wp-block-heading\"><span class=\"ez-toc-section\" id=\"La_reutilisation_dans_la_construction\"><\/span>La r\u00e9utilisation dans la construction<span class=\"ez-toc-section-end\"><\/span><\/h2><div id=\"ez-toc-container\" class=\"ez-toc-v2_0_82_2 counter-hierarchy ez-toc-counter ez-toc-grey ez-toc-container-direction\">\n<div class=\"ez-toc-title-container\">\n<span class=\"ez-toc-title-toggle\"><a href=\"#\" class=\"ez-toc-pull-right ez-toc-btn ez-toc-btn-xs ez-toc-btn-default ez-toc-toggle\" aria-label=\"Toggle Table of Content\"><span class=\"ez-toc-js-icon-con\"><span class=\"\"><span class=\"eztoc-hide\" style=\"display:none;\">Toggle<\/span><span class=\"ez-toc-icon-toggle-span\"><svg style=\"fill: #999;color:#999\" xmlns=\"http:\/\/www.w3.org\/2000\/svg\" class=\"list-377408\" width=\"20px\" height=\"20px\" viewBox=\"0 0 24 24\" fill=\"none\"><path d=\"M6 6H4v2h2V6zm14 0H8v2h12V6zM4 11h2v2H4v-2zm16 0H8v2h12v-2zM4 16h2v2H4v-2zm16 0H8v2h12v-2z\" fill=\"currentColor\"><\/path><\/svg><svg style=\"fill: #999;color:#999\" class=\"arrow-unsorted-368013\" xmlns=\"http:\/\/www.w3.org\/2000\/svg\" width=\"10px\" height=\"10px\" viewBox=\"0 0 24 24\" version=\"1.2\" baseProfile=\"tiny\"><path d=\"M18.2 9.3l-6.2-6.3-6.2 6.3c-.2.2-.3.4-.3.7s.1.5.3.7c.2.2.4.3.7.3h11c.3 0 .5-.1.7-.3.2-.2.3-.5.3-.7s-.1-.5-.3-.7zM5.8 14.7l6.2 6.3 6.2-6.3c.2-.2.3-.5.3-.7s-.1-.5-.3-.7c-.2-.2-.4-.3-.7-.3h-11c-.3 0-.5.1-.7.3-.2.2-.3.5-.3.7s.1.5.3.7z\"\/><\/svg><\/span><\/span><\/span><\/a><\/span><\/div>\n<nav><ul class='ez-toc-list ez-toc-list-level-1 eztoc-toggle-hide-by-default' ><li class='ez-toc-page-1 ez-toc-heading-level-2'><a class=\"ez-toc-link ez-toc-heading-1\" href=\"https:\/\/www.mobilier-design-occasion.fr\/magazine\/le-role-du-mobilier-doccasion-dans-la-construction-ecologique\/#La_reutilisation_dans_la_construction\" >La r\u00e9utilisation dans la construction<\/a><ul class='ez-toc-list-level-3' ><li class='ez-toc-heading-level-3'><a class=\"ez-toc-link ez-toc-heading-2\" href=\"https:\/\/www.mobilier-design-occasion.fr\/magazine\/le-role-du-mobilier-doccasion-dans-la-construction-ecologique\/#Le_recyclage_et_leconomie_circulaire\" >Le recyclage et l\u2019\u00e9conomie circulaire<\/a><\/li><li class='ez-toc-page-1 ez-toc-heading-level-3'><a class=\"ez-toc-link ez-toc-heading-3\" href=\"https:\/\/www.mobilier-design-occasion.fr\/magazine\/le-role-du-mobilier-doccasion-dans-la-construction-ecologique\/#Les_avantages_economiques_et_ecologiques\" >Les avantages \u00e9conomiques et \u00e9cologiques<\/a><\/li><\/ul><\/li><li class='ez-toc-page-1 ez-toc-heading-level-2'><a class=\"ez-toc-link ez-toc-heading-4\" href=\"https:\/\/www.mobilier-design-occasion.fr\/magazine\/le-role-du-mobilier-doccasion-dans-la-construction-ecologique\/#Les_defis_et_les_solutions\" >Les d\u00e9fis et les solutions<\/a><ul class='ez-toc-list-level-3' ><li class='ez-toc-heading-level-3'><a class=\"ez-toc-link ez-toc-heading-5\" href=\"https:\/\/www.mobilier-design-occasion.fr\/magazine\/le-role-du-mobilier-doccasion-dans-la-construction-ecologique\/#Comment_contribuer%E2%80%89\" >Comment contribuer\u2009?<\/a><\/li><\/ul><\/li><li class='ez-toc-page-1 ez-toc-heading-level-2'><a class=\"ez-toc-link ez-toc-heading-6\" href=\"https:\/\/www.mobilier-design-occasion.fr\/magazine\/le-role-du-mobilier-doccasion-dans-la-construction-ecologique\/#Conclusion\" >Conclusion<\/a><\/li><\/ul><\/nav><\/div>\n\n\n\n\n<p>La&nbsp;<strong>r\u00e9utilisation<\/strong>&nbsp;constitue l\u2019un des piliers essentiels de la construction \u00e9cologique. En effet, en r\u00e9utilisant des mat\u00e9riaux et des produits existants, nous \u00e9conomisons au passage des ressources pr\u00e9cieuses. Dans cette optique, le mobilier d\u2019occasion est pleinement indiqu\u00e9&nbsp;<a href=\"https:\/\/www.lacompagniedestravaux.com\/renovation-appartement\">lors de la r\u00e9novation de votre appartement<\/a>.&nbsp;<\/p>\n\n\n\n<p>Pour preuve, elle nous permet d\u2019<strong>\u00e9viter la production de nouveaux meubles<\/strong>, qui requiert souvent d\u2019importantes quantit\u00e9s de bois et de plastique. L\u2019exp\u00e9rience a ainsi prouv\u00e9, dans de nombreux projets de construction, que les meubles d\u2019occasion int\u00e9gr\u00e9s dans la conception peuvent aider \u00e0&nbsp;<strong>r\u00e9aliser des prouesses.<\/strong><\/p>\n\n\n\n<h3 class=\"wp-block-heading\"><span class=\"ez-toc-section\" id=\"Le_recyclage_et_leconomie_circulaire\"><\/span>Le recyclage et l\u2019\u00e9conomie circulaire<span class=\"ez-toc-section-end\"><\/span><\/h3>\n\n\n\n<figure class=\"wp-block-image size-large\"><img loading=\"lazy\" decoding=\"async\" width=\"1024\" height=\"683\" src=\"https:\/\/www.mobilier-design-occasion.fr\/magazine\/wp-content\/uploads\/2023\/08\/23db4278ac1e8b67067e1afe5f720a2c-1024x683.jpeg\" alt=\"\" class=\"wp-image-6721\" srcset=\"https:\/\/www.mobilier-design-occasion.fr\/magazine\/wp-content\/uploads\/2023\/08\/23db4278ac1e8b67067e1afe5f720a2c-1024x683.jpeg 1024w, https:\/\/www.mobilier-design-occasion.fr\/magazine\/wp-content\/uploads\/2023\/08\/23db4278ac1e8b67067e1afe5f720a2c-300x200.jpeg 300w, https:\/\/www.mobilier-design-occasion.fr\/magazine\/wp-content\/uploads\/2023\/08\/23db4278ac1e8b67067e1afe5f720a2c-768x512.jpeg 768w, https:\/\/www.mobilier-design-occasion.fr\/magazine\/wp-content\/uploads\/2023\/08\/23db4278ac1e8b67067e1afe5f720a2c-1536x1024.jpeg 1536w, https:\/\/www.mobilier-design-occasion.fr\/magazine\/wp-content\/uploads\/2023\/08\/23db4278ac1e8b67067e1afe5f720a2c-scaled.jpeg 2048w, https:\/\/www.mobilier-design-occasion.fr\/magazine\/wp-content\/uploads\/2023\/08\/23db4278ac1e8b67067e1afe5f720a2c-810x540.jpeg 810w, https:\/\/www.mobilier-design-occasion.fr\/magazine\/wp-content\/uploads\/2023\/08\/23db4278ac1e8b67067e1afe5f720a2c-1140x760.jpeg 1140w\" sizes=\"auto, (max-width: 1024px) 100vw, 1024px\" \/><\/figure>\n\n\n\n<p>L\u2019adoption de l\u2019\u00e9conomie circulaire repr\u00e9sente aussi un autre aspect crucial de la construction durable. En effet, elle vise \u00e9galement \u00e0 :&nbsp;<\/p>\n\n\n\n<ul class=\"wp-block-list\">\n<li><strong>r\u00e9duire\u2009;&nbsp;<\/strong><\/li>\n\n\n\n<li><strong>r\u00e9utiliser\u2009;&nbsp;<\/strong><\/li>\n\n\n\n<li><strong>et recycler les mat\u00e9riaux.<\/strong><\/li>\n<\/ul>\n\n\n\n<p>Ainsi, lorsque nous achetons des meubles d\u2019occasion,&nbsp;<strong>nous prolongeons m\u00e9caniquement leur dur\u00e9e de vie<\/strong>&nbsp;et leur \u00e9vitons un destin funeste tout trac\u00e9 dans les d\u00e9potoirs. Vous conviendrez alors qu&#8217;il est pr\u00e9f\u00e9rable de les vendre ou de les recycler tout simplement pour former ainsi la boucle de l\u2019\u00e9conomie circulaire.<\/p>\n\n\n\n<h3 class=\"wp-block-heading\"><span class=\"ez-toc-section\" id=\"Les_avantages_economiques_et_ecologiques\"><\/span>Les avantages \u00e9conomiques et \u00e9cologiques<span class=\"ez-toc-section-end\"><\/span><\/h3>\n\n\n\n<figure class=\"wp-block-image size-full\"><img loading=\"lazy\" decoding=\"async\" width=\"847\" height=\"565\" src=\"https:\/\/www.mobilier-design-occasion.fr\/magazine\/wp-content\/uploads\/2023\/08\/e8504a773f8ab74e2412701c28bcc980.jpeg\" alt=\"\" class=\"wp-image-6722\" srcset=\"https:\/\/www.mobilier-design-occasion.fr\/magazine\/wp-content\/uploads\/2023\/08\/e8504a773f8ab74e2412701c28bcc980.jpeg 847w, https:\/\/www.mobilier-design-occasion.fr\/magazine\/wp-content\/uploads\/2023\/08\/e8504a773f8ab74e2412701c28bcc980-300x200.jpeg 300w, https:\/\/www.mobilier-design-occasion.fr\/magazine\/wp-content\/uploads\/2023\/08\/e8504a773f8ab74e2412701c28bcc980-768x512.jpeg 768w, https:\/\/www.mobilier-design-occasion.fr\/magazine\/wp-content\/uploads\/2023\/08\/e8504a773f8ab74e2412701c28bcc980-810x540.jpeg 810w\" sizes=\"auto, (max-width: 847px) 100vw, 847px\" \/><\/figure>\n\n\n\n<p>Nous pouvons identifier&nbsp;<strong>deux p\u00f4les d\u2019avantages li\u00e9s \u00e0 l\u2019achat de mobilier d\u2019occasion<\/strong>. Le premier, de nature&nbsp;<strong>\u00e9conomique<\/strong>, aide \u00e0 r\u00e9aliser des gains par rapport \u00e0 l\u2019achat de meubles neufs g\u00e9n\u00e9ralement co\u00fbteux. Vous pourrez ainsi r\u00e9investir ces \u00e9conomies dans la d\u00e9coration de votre espace de vie.<\/p>\n\n\n\n<p>Le second p\u00f4le concerne l\u2019<strong>\u00e9cologie<\/strong>&nbsp;dans la mesure o\u00f9 l\u2019utilisation de meubles d\u2019occasion&nbsp;<strong>r\u00e9duit notre empreinte carbone<\/strong>. Un mobilier d\u2019occasion r\u00e9utilis\u00e9 dans une construction \u00e9cologique revient \u00e0 un mobilier neuf de moins disponible dans le commerce.<\/p>\n\n\n\n<h2 class=\"wp-block-heading\"><span class=\"ez-toc-section\" id=\"Les_defis_et_les_solutions\"><\/span>Les d\u00e9fis et les solutions<span class=\"ez-toc-section-end\"><\/span><\/h2>\n\n\n\n<p>Malgr\u00e9 ce beau tableau, quelques d\u00e9fis restent \u00e0 relever. L\u2019un des principaux porte sur&nbsp;<strong>les stigmates associ\u00e9s traditionnellement aux mobiliers d\u2019occasion<\/strong>. En effet, de nombreuses personnes craignent, parce que ces meubles sont de moindre qualit\u00e9, qu\u2019ils n\u2019offrent qu\u2019une courte long\u00e9vit\u00e9.&nbsp;<\/p>\n\n\n\n<p>Cependant, une s\u00e9lection judicieuse suffirait \u00e0 trouver des pi\u00e8ces uniques de grande qualit\u00e9. Un autre enjeu consiste \u00e0 s\u2019assurer que&nbsp;<strong>les meubles d\u2019occasion respectent les normes de s\u00e9curit\u00e9<\/strong>. Une solution simple \u00e0 ce d\u00e9fi consiste \u00e0 les&nbsp;<strong>acheter aupr\u00e8s de magasins de seconde main r\u00e9put\u00e9s.<\/strong><\/p>\n\n\n\n<h3 class=\"wp-block-heading\"><span class=\"ez-toc-section\" id=\"Comment_contribuer%E2%80%89\"><\/span>Comment contribuer\u2009?<span class=\"ez-toc-section-end\"><\/span><\/h3>\n\n\n\n<p>Pour rejoindre la nouvelle donne et pr\u00f4ner aussi la construction \u00e9cologique et l\u2019\u00e9conomie circulaire, achetez et utilisez des meubles d\u2019occasion. Ce plan d\u2019action simple peut \u00eatre mis en place en effectuant dor\u00e9navant vos emplettes dans&nbsp;<strong>les brocantes ou sur les sites web sp\u00e9cialis\u00e9s.<\/strong><\/p>\n\n\n\n<p>En ligne, vous retrouverez aussi des groupes locaux d\u00e9di\u00e9s \u00e0 la vente, au don et \u00e0 l\u2019\u00e9change de meubles d\u2019occasion. Ce serait une belle mani\u00e8re de&nbsp;<strong>soutenir une \u00e9conomie circulaire.<\/strong>&nbsp;Rejoignez alors ce mouvement en faveur d\u2019une construction plus \u00e9cologique et durable.<\/p>\n\n\n\n<h2 class=\"wp-block-heading\"><span class=\"ez-toc-section\" id=\"Conclusion\"><\/span>Conclusion<span class=\"ez-toc-section-end\"><\/span><\/h2>\n\n\n\n<p>Nous avons d\u00e9couvert en quoi l\u2019achat de mobilier d\u2019occasion peut jouer un r\u00f4le d\u00e9cisif dans la construction \u00e9cologique. La culture de l\u2019\u00e9conomie circulaire, \u00e0 travers l\u2019achat de meubles d\u2019occasion,&nbsp;<strong>aide \u00e0 \u00e9conomiser des ressources et r\u00e9duire notre empreinte carbone.<\/strong>&nbsp;D\u00e8s lors, soyez un acteur phare de cette nouvelle approche en \u0153uvrant \u00e0 offrir un avenir plus durable \u00e0 nos espaces de vie.<\/p>\n","protected":false},"excerpt":{"rendered":"<p>Les questions de la&nbsp;durabilit\u00e9&nbsp;et de l\u2019\u00e9coresponsabilit\u00e9&nbsp;se sont install\u00e9es au c\u0153ur de nos priorit\u00e9s. D\u00e9sormais, la notion de construction \u00e9cologique se lit sur toutes les l\u00e8vres comme, \u00e9tant une solution essentielle pour pr\u00e9server notre environnement. Cet article vous d\u00e9cline en d\u00e9tail&nbsp;le r\u00f4le essentiel du mobilier d\u2019occasion dans la construction \u00e9cologique. La r\u00e9utilisation dans la construction La&nbsp;r\u00e9utilisation&nbsp;constitue [&hellip;]<\/p>\n","protected":false},"author":1,"featured_media":6720,"comment_status":"open","ping_status":"open","sticky":false,"template":"","format":"standard","meta":{"footnotes":""},"categories":[2],"tags":[],"class_list":["post-6719","post","type-post","status-publish","format-standard","has-post-thumbnail","hentry","category-tendances"],"yoast_head":"<!-- This site is optimized with the Yoast SEO plugin v27.5 - https:\/\/yoast.com\/product\/yoast-seo-wordpress\/ -->\n<title>Le r\u00f4le du mobilier d\u2019occasion dans la construction \u00e9cologique - Mobilier Design Magazine<\/title>\n<meta name=\"robots\" content=\"index, follow, max-snippet:-1, max-image-preview:large, max-video-preview:-1\" \/>\n<link rel=\"canonical\" href=\"https:\/\/www.mobilier-design-occasion.fr\/magazine\/le-role-du-mobilier-doccasion-dans-la-construction-ecologique\/\" \/>\n<meta property=\"og:locale\" content=\"fr_FR\" \/>\n<meta property=\"og:type\" content=\"article\" \/>\n<meta property=\"og:title\" content=\"Le r\u00f4le du mobilier d\u2019occasion dans la construction \u00e9cologique - Mobilier Design Magazine\" \/>\n<meta property=\"og:description\" content=\"Les questions de la&nbsp;durabilit\u00e9&nbsp;et de l\u2019\u00e9coresponsabilit\u00e9&nbsp;se sont install\u00e9es au c\u0153ur de nos priorit\u00e9s. D\u00e9sormais, la notion de construction \u00e9cologique se lit sur toutes les l\u00e8vres comme, \u00e9tant une solution essentielle pour pr\u00e9server notre environnement. Cet article vous d\u00e9cline en d\u00e9tail&nbsp;le r\u00f4le essentiel du mobilier d\u2019occasion dans la construction \u00e9cologique. La r\u00e9utilisation dans la construction La&nbsp;r\u00e9utilisation&nbsp;constitue [&hellip;]\" \/>\n<meta property=\"og:url\" content=\"https:\/\/www.mobilier-design-occasion.fr\/magazine\/le-role-du-mobilier-doccasion-dans-la-construction-ecologique\/\" \/>\n<meta property=\"og:site_name\" content=\"Mobilier Design Magazine\" \/>\n<meta property=\"article:publisher\" content=\"https:\/\/www.facebook.com\/mobilierdesignoccasion\" \/>\n<meta property=\"article:published_time\" content=\"2023-08-04T11:46:42+00:00\" \/>\n<meta property=\"article:modified_time\" content=\"2023-08-04T11:46:43+00:00\" \/>\n<meta property=\"og:image\" content=\"https:\/\/www.mobilier-design-occasion.fr\/magazine\/wp-content\/uploads\/2023\/08\/1b44f1c47bcf7fa141c992df7a065460.jpeg\" \/>\n\t<meta property=\"og:image:width\" content=\"846\" \/>\n\t<meta property=\"og:image:height\" content=\"566\" \/>\n\t<meta property=\"og:image:type\" content=\"image\/jpeg\" \/>\n<meta name=\"author\" content=\"Cyrielle Poirot\" \/>\n<meta name=\"twitter:card\" content=\"summary_large_image\" \/>\n<meta name=\"twitter:label1\" content=\"\u00c9crit par\" \/>\n\t<meta name=\"twitter:data1\" content=\"Cyrielle Poirot\" \/>\n\t<meta name=\"twitter:label2\" content=\"Dur\u00e9e de lecture estim\u00e9e\" \/>\n\t<meta name=\"twitter:data2\" content=\"3 minutes\" \/>\n<script type=\"application\/ld+json\" class=\"yoast-schema-graph\">{\"@context\":\"https:\\\/\\\/schema.org\",\"@graph\":[{\"@type\":\"Article\",\"@id\":\"https:\\\/\\\/www.mobilier-design-occasion.fr\\\/magazine\\\/le-role-du-mobilier-doccasion-dans-la-construction-ecologique\\\/#article\",\"isPartOf\":{\"@id\":\"https:\\\/\\\/www.mobilier-design-occasion.fr\\\/magazine\\\/le-role-du-mobilier-doccasion-dans-la-construction-ecologique\\\/\"},\"author\":{\"name\":\"Cyrielle Poirot\",\"@id\":\"https:\\\/\\\/www.mobilier-design-occasion.fr\\\/magazine\\\/#\\\/schema\\\/person\\\/5b2e5627a714ddadaaf8c9b886c55eff\"},\"headline\":\"Le r\u00f4le du mobilier d\u2019occasion dans la construction \u00e9cologique\",\"datePublished\":\"2023-08-04T11:46:42+00:00\",\"dateModified\":\"2023-08-04T11:46:43+00:00\",\"mainEntityOfPage\":{\"@id\":\"https:\\\/\\\/www.mobilier-design-occasion.fr\\\/magazine\\\/le-role-du-mobilier-doccasion-dans-la-construction-ecologique\\\/\"},\"wordCount\":676,\"commentCount\":0,\"publisher\":{\"@id\":\"https:\\\/\\\/www.mobilier-design-occasion.fr\\\/magazine\\\/#organization\"},\"image\":{\"@id\":\"https:\\\/\\\/www.mobilier-design-occasion.fr\\\/magazine\\\/le-role-du-mobilier-doccasion-dans-la-construction-ecologique\\\/#primaryimage\"},\"thumbnailUrl\":\"https:\\\/\\\/www.mobilier-design-occasion.fr\\\/magazine\\\/wp-content\\\/uploads\\\/2023\\\/08\\\/1b44f1c47bcf7fa141c992df7a065460.jpeg\",\"articleSection\":[\"Tendances\"],\"inLanguage\":\"fr-FR\",\"potentialAction\":[{\"@type\":\"CommentAction\",\"name\":\"Comment\",\"target\":[\"https:\\\/\\\/www.mobilier-design-occasion.fr\\\/magazine\\\/le-role-du-mobilier-doccasion-dans-la-construction-ecologique\\\/#respond\"]}]},{\"@type\":\"WebPage\",\"@id\":\"https:\\\/\\\/www.mobilier-design-occasion.fr\\\/magazine\\\/le-role-du-mobilier-doccasion-dans-la-construction-ecologique\\\/\",\"url\":\"https:\\\/\\\/www.mobilier-design-occasion.fr\\\/magazine\\\/le-role-du-mobilier-doccasion-dans-la-construction-ecologique\\\/\",\"name\":\"Le r\u00f4le du mobilier d\u2019occasion dans la construction \u00e9cologique - Mobilier Design Magazine\",\"isPartOf\":{\"@id\":\"https:\\\/\\\/www.mobilier-design-occasion.fr\\\/magazine\\\/#website\"},\"primaryImageOfPage\":{\"@id\":\"https:\\\/\\\/www.mobilier-design-occasion.fr\\\/magazine\\\/le-role-du-mobilier-doccasion-dans-la-construction-ecologique\\\/#primaryimage\"},\"image\":{\"@id\":\"https:\\\/\\\/www.mobilier-design-occasion.fr\\\/magazine\\\/le-role-du-mobilier-doccasion-dans-la-construction-ecologique\\\/#primaryimage\"},\"thumbnailUrl\":\"https:\\\/\\\/www.mobilier-design-occasion.fr\\\/magazine\\\/wp-content\\\/uploads\\\/2023\\\/08\\\/1b44f1c47bcf7fa141c992df7a065460.jpeg\",\"datePublished\":\"2023-08-04T11:46:42+00:00\",\"dateModified\":\"2023-08-04T11:46:43+00:00\",\"breadcrumb\":{\"@id\":\"https:\\\/\\\/www.mobilier-design-occasion.fr\\\/magazine\\\/le-role-du-mobilier-doccasion-dans-la-construction-ecologique\\\/#breadcrumb\"},\"inLanguage\":\"fr-FR\",\"potentialAction\":[{\"@type\":\"ReadAction\",\"target\":[\"https:\\\/\\\/www.mobilier-design-occasion.fr\\\/magazine\\\/le-role-du-mobilier-doccasion-dans-la-construction-ecologique\\\/\"]}]},{\"@type\":\"ImageObject\",\"inLanguage\":\"fr-FR\",\"@id\":\"https:\\\/\\\/www.mobilier-design-occasion.fr\\\/magazine\\\/le-role-du-mobilier-doccasion-dans-la-construction-ecologique\\\/#primaryimage\",\"url\":\"https:\\\/\\\/www.mobilier-design-occasion.fr\\\/magazine\\\/wp-content\\\/uploads\\\/2023\\\/08\\\/1b44f1c47bcf7fa141c992df7a065460.jpeg\",\"contentUrl\":\"https:\\\/\\\/www.mobilier-design-occasion.fr\\\/magazine\\\/wp-content\\\/uploads\\\/2023\\\/08\\\/1b44f1c47bcf7fa141c992df7a065460.jpeg\",\"width\":846,\"height\":566,\"caption\":\"3367917 - wooden house with meadow in front of it\"},{\"@type\":\"BreadcrumbList\",\"@id\":\"https:\\\/\\\/www.mobilier-design-occasion.fr\\\/magazine\\\/le-role-du-mobilier-doccasion-dans-la-construction-ecologique\\\/#breadcrumb\",\"itemListElement\":[{\"@type\":\"ListItem\",\"position\":1,\"name\":\"Accueil\",\"item\":\"https:\\\/\\\/www.mobilier-design-occasion.fr\\\/magazine\\\/\"},{\"@type\":\"ListItem\",\"position\":2,\"name\":\"Le r\u00f4le du mobilier d\u2019occasion dans la construction \u00e9cologique\"}]},{\"@type\":\"WebSite\",\"@id\":\"https:\\\/\\\/www.mobilier-design-occasion.fr\\\/magazine\\\/#website\",\"url\":\"https:\\\/\\\/www.mobilier-design-occasion.fr\\\/magazine\\\/\",\"name\":\"Mobilier Design Magazine\",\"description\":\"\",\"publisher\":{\"@id\":\"https:\\\/\\\/www.mobilier-design-occasion.fr\\\/magazine\\\/#organization\"},\"potentialAction\":[{\"@type\":\"SearchAction\",\"target\":{\"@type\":\"EntryPoint\",\"urlTemplate\":\"https:\\\/\\\/www.mobilier-design-occasion.fr\\\/magazine\\\/?s={search_term_string}\"},\"query-input\":{\"@type\":\"PropertyValueSpecification\",\"valueRequired\":true,\"valueName\":\"search_term_string\"}}],\"inLanguage\":\"fr-FR\"},{\"@type\":\"Organization\",\"@id\":\"https:\\\/\\\/www.mobilier-design-occasion.fr\\\/magazine\\\/#organization\",\"name\":\"Mobilier Design Magazine\",\"url\":\"https:\\\/\\\/www.mobilier-design-occasion.fr\\\/magazine\\\/\",\"logo\":{\"@type\":\"ImageObject\",\"inLanguage\":\"fr-FR\",\"@id\":\"https:\\\/\\\/www.mobilier-design-occasion.fr\\\/magazine\\\/#\\\/schema\\\/logo\\\/image\\\/\",\"url\":\"https:\\\/\\\/www.mobilier-design-occasion.fr\\\/magazine\\\/wp-content\\\/uploads\\\/2024\\\/02\\\/android-chrome-192x192-1.png\",\"contentUrl\":\"https:\\\/\\\/www.mobilier-design-occasion.fr\\\/magazine\\\/wp-content\\\/uploads\\\/2024\\\/02\\\/android-chrome-192x192-1.png\",\"width\":192,\"height\":192,\"caption\":\"Mobilier Design Magazine\"},\"image\":{\"@id\":\"https:\\\/\\\/www.mobilier-design-occasion.fr\\\/magazine\\\/#\\\/schema\\\/logo\\\/image\\\/\"},\"sameAs\":[\"https:\\\/\\\/www.facebook.com\\\/mobilierdesignoccasion\"]},{\"@type\":\"Person\",\"@id\":\"https:\\\/\\\/www.mobilier-design-occasion.fr\\\/magazine\\\/#\\\/schema\\\/person\\\/5b2e5627a714ddadaaf8c9b886c55eff\",\"name\":\"Cyrielle Poirot\",\"image\":{\"@type\":\"ImageObject\",\"inLanguage\":\"fr-FR\",\"@id\":\"https:\\\/\\\/secure.gravatar.com\\\/avatar\\\/c8d2674e093b06894d8d1dc468b626bd752523471f3ac6e75f7c7a1400d40b4d?s=96&d=mm&r=g\",\"url\":\"https:\\\/\\\/secure.gravatar.com\\\/avatar\\\/c8d2674e093b06894d8d1dc468b626bd752523471f3ac6e75f7c7a1400d40b4d?s=96&d=mm&r=g\",\"contentUrl\":\"https:\\\/\\\/secure.gravatar.com\\\/avatar\\\/c8d2674e093b06894d8d1dc468b626bd752523471f3ac6e75f7c7a1400d40b4d?s=96&d=mm&r=g\",\"caption\":\"Cyrielle Poirot\"},\"description\":\"Cyrielle est passionn\u00e9e par la d\u00e9coration d'int\u00e9rieur et s'est sp\u00e9cialis\u00e9e depuis quelques ann\u00e9es dans l'\u00e9dition du site Mobilier-Design, avec une touche sp\u00e9cifique pour les produits d'occasion.\",\"sameAs\":[\"https:\\\/\\\/www.mobilier-design-occasion.fr\\\/magazine\"],\"url\":\"https:\\\/\\\/www.mobilier-design-occasion.fr\\\/magazine\\\/author\\\/cyrielle\\\/\"}]}<\/script>\n<!-- \/ Yoast SEO plugin. -->","yoast_head_json":{"title":"Le r\u00f4le du mobilier d\u2019occasion dans la construction \u00e9cologique - Mobilier Design Magazine","robots":{"index":"index","follow":"follow","max-snippet":"max-snippet:-1","max-image-preview":"max-image-preview:large","max-video-preview":"max-video-preview:-1"},"canonical":"https:\/\/www.mobilier-design-occasion.fr\/magazine\/le-role-du-mobilier-doccasion-dans-la-construction-ecologique\/","og_locale":"fr_FR","og_type":"article","og_title":"Le r\u00f4le du mobilier d\u2019occasion dans la construction \u00e9cologique - Mobilier Design Magazine","og_description":"Les questions de la&nbsp;durabilit\u00e9&nbsp;et de l\u2019\u00e9coresponsabilit\u00e9&nbsp;se sont install\u00e9es au c\u0153ur de nos priorit\u00e9s. D\u00e9sormais, la notion de construction \u00e9cologique se lit sur toutes les l\u00e8vres comme, \u00e9tant une solution essentielle pour pr\u00e9server notre environnement. Cet article vous d\u00e9cline en d\u00e9tail&nbsp;le r\u00f4le essentiel du mobilier d\u2019occasion dans la construction \u00e9cologique. La r\u00e9utilisation dans la construction La&nbsp;r\u00e9utilisation&nbsp;constitue [&hellip;]","og_url":"https:\/\/www.mobilier-design-occasion.fr\/magazine\/le-role-du-mobilier-doccasion-dans-la-construction-ecologique\/","og_site_name":"Mobilier Design Magazine","article_publisher":"https:\/\/www.facebook.com\/mobilierdesignoccasion","article_published_time":"2023-08-04T11:46:42+00:00","article_modified_time":"2023-08-04T11:46:43+00:00","og_image":[{"width":846,"height":566,"url":"https:\/\/www.mobilier-design-occasion.fr\/magazine\/wp-content\/uploads\/2023\/08\/1b44f1c47bcf7fa141c992df7a065460.jpeg","type":"image\/jpeg"}],"author":"Cyrielle Poirot","twitter_card":"summary_large_image","twitter_misc":{"\u00c9crit par":"Cyrielle Poirot","Dur\u00e9e de lecture estim\u00e9e":"3 minutes"},"schema":{"@context":"https:\/\/schema.org","@graph":[{"@type":"Article","@id":"https:\/\/www.mobilier-design-occasion.fr\/magazine\/le-role-du-mobilier-doccasion-dans-la-construction-ecologique\/#article","isPartOf":{"@id":"https:\/\/www.mobilier-design-occasion.fr\/magazine\/le-role-du-mobilier-doccasion-dans-la-construction-ecologique\/"},"author":{"name":"Cyrielle Poirot","@id":"https:\/\/www.mobilier-design-occasion.fr\/magazine\/#\/schema\/person\/5b2e5627a714ddadaaf8c9b886c55eff"},"headline":"Le r\u00f4le du mobilier d\u2019occasion dans la construction \u00e9cologique","datePublished":"2023-08-04T11:46:42+00:00","dateModified":"2023-08-04T11:46:43+00:00","mainEntityOfPage":{"@id":"https:\/\/www.mobilier-design-occasion.fr\/magazine\/le-role-du-mobilier-doccasion-dans-la-construction-ecologique\/"},"wordCount":676,"commentCount":0,"publisher":{"@id":"https:\/\/www.mobilier-design-occasion.fr\/magazine\/#organization"},"image":{"@id":"https:\/\/www.mobilier-design-occasion.fr\/magazine\/le-role-du-mobilier-doccasion-dans-la-construction-ecologique\/#primaryimage"},"thumbnailUrl":"https:\/\/www.mobilier-design-occasion.fr\/magazine\/wp-content\/uploads\/2023\/08\/1b44f1c47bcf7fa141c992df7a065460.jpeg","articleSection":["Tendances"],"inLanguage":"fr-FR","potentialAction":[{"@type":"CommentAction","name":"Comment","target":["https:\/\/www.mobilier-design-occasion.fr\/magazine\/le-role-du-mobilier-doccasion-dans-la-construction-ecologique\/#respond"]}]},{"@type":"WebPage","@id":"https:\/\/www.mobilier-design-occasion.fr\/magazine\/le-role-du-mobilier-doccasion-dans-la-construction-ecologique\/","url":"https:\/\/www.mobilier-design-occasion.fr\/magazine\/le-role-du-mobilier-doccasion-dans-la-construction-ecologique\/","name":"Le r\u00f4le du mobilier d\u2019occasion dans la construction \u00e9cologique - Mobilier Design Magazine","isPartOf":{"@id":"https:\/\/www.mobilier-design-occasion.fr\/magazine\/#website"},"primaryImageOfPage":{"@id":"https:\/\/www.mobilier-design-occasion.fr\/magazine\/le-role-du-mobilier-doccasion-dans-la-construction-ecologique\/#primaryimage"},"image":{"@id":"https:\/\/www.mobilier-design-occasion.fr\/magazine\/le-role-du-mobilier-doccasion-dans-la-construction-ecologique\/#primaryimage"},"thumbnailUrl":"https:\/\/www.mobilier-design-occasion.fr\/magazine\/wp-content\/uploads\/2023\/08\/1b44f1c47bcf7fa141c992df7a065460.jpeg","datePublished":"2023-08-04T11:46:42+00:00","dateModified":"2023-08-04T11:46:43+00:00","breadcrumb":{"@id":"https:\/\/www.mobilier-design-occasion.fr\/magazine\/le-role-du-mobilier-doccasion-dans-la-construction-ecologique\/#breadcrumb"},"inLanguage":"fr-FR","potentialAction":[{"@type":"ReadAction","target":["https:\/\/www.mobilier-design-occasion.fr\/magazine\/le-role-du-mobilier-doccasion-dans-la-construction-ecologique\/"]}]},{"@type":"ImageObject","inLanguage":"fr-FR","@id":"https:\/\/www.mobilier-design-occasion.fr\/magazine\/le-role-du-mobilier-doccasion-dans-la-construction-ecologique\/#primaryimage","url":"https:\/\/www.mobilier-design-occasion.fr\/magazine\/wp-content\/uploads\/2023\/08\/1b44f1c47bcf7fa141c992df7a065460.jpeg","contentUrl":"https:\/\/www.mobilier-design-occasion.fr\/magazine\/wp-content\/uploads\/2023\/08\/1b44f1c47bcf7fa141c992df7a065460.jpeg","width":846,"height":566,"caption":"3367917 - wooden house with meadow in front of it"},{"@type":"BreadcrumbList","@id":"https:\/\/www.mobilier-design-occasion.fr\/magazine\/le-role-du-mobilier-doccasion-dans-la-construction-ecologique\/#breadcrumb","itemListElement":[{"@type":"ListItem","position":1,"name":"Accueil","item":"https:\/\/www.mobilier-design-occasion.fr\/magazine\/"},{"@type":"ListItem","position":2,"name":"Le r\u00f4le du mobilier d\u2019occasion dans la construction \u00e9cologique"}]},{"@type":"WebSite","@id":"https:\/\/www.mobilier-design-occasion.fr\/magazine\/#website","url":"https:\/\/www.mobilier-design-occasion.fr\/magazine\/","name":"Mobilier Design Magazine","description":"","publisher":{"@id":"https:\/\/www.mobilier-design-occasion.fr\/magazine\/#organization"},"potentialAction":[{"@type":"SearchAction","target":{"@type":"EntryPoint","urlTemplate":"https:\/\/www.mobilier-design-occasion.fr\/magazine\/?s={search_term_string}"},"query-input":{"@type":"PropertyValueSpecification","valueRequired":true,"valueName":"search_term_string"}}],"inLanguage":"fr-FR"},{"@type":"Organization","@id":"https:\/\/www.mobilier-design-occasion.fr\/magazine\/#organization","name":"Mobilier Design Magazine","url":"https:\/\/www.mobilier-design-occasion.fr\/magazine\/","logo":{"@type":"ImageObject","inLanguage":"fr-FR","@id":"https:\/\/www.mobilier-design-occasion.fr\/magazine\/#\/schema\/logo\/image\/","url":"https:\/\/www.mobilier-design-occasion.fr\/magazine\/wp-content\/uploads\/2024\/02\/android-chrome-192x192-1.png","contentUrl":"https:\/\/www.mobilier-design-occasion.fr\/magazine\/wp-content\/uploads\/2024\/02\/android-chrome-192x192-1.png","width":192,"height":192,"caption":"Mobilier Design Magazine"},"image":{"@id":"https:\/\/www.mobilier-design-occasion.fr\/magazine\/#\/schema\/logo\/image\/"},"sameAs":["https:\/\/www.facebook.com\/mobilierdesignoccasion"]},{"@type":"Person","@id":"https:\/\/www.mobilier-design-occasion.fr\/magazine\/#\/schema\/person\/5b2e5627a714ddadaaf8c9b886c55eff","name":"Cyrielle Poirot","image":{"@type":"ImageObject","inLanguage":"fr-FR","@id":"https:\/\/secure.gravatar.com\/avatar\/c8d2674e093b06894d8d1dc468b626bd752523471f3ac6e75f7c7a1400d40b4d?s=96&d=mm&r=g","url":"https:\/\/secure.gravatar.com\/avatar\/c8d2674e093b06894d8d1dc468b626bd752523471f3ac6e75f7c7a1400d40b4d?s=96&d=mm&r=g","contentUrl":"https:\/\/secure.gravatar.com\/avatar\/c8d2674e093b06894d8d1dc468b626bd752523471f3ac6e75f7c7a1400d40b4d?s=96&d=mm&r=g","caption":"Cyrielle Poirot"},"description":"Cyrielle est passionn\u00e9e par la d\u00e9coration d'int\u00e9rieur et s'est sp\u00e9cialis\u00e9e depuis quelques ann\u00e9es dans l'\u00e9dition du site Mobilier-Design, avec une touche sp\u00e9cifique pour les produits d'occasion.","sameAs":["https:\/\/www.mobilier-design-occasion.fr\/magazine"],"url":"https:\/\/www.mobilier-design-occasion.fr\/magazine\/author\/cyrielle\/"}]}},"_links":{"self":[{"href":"https:\/\/www.mobilier-design-occasion.fr\/magazine\/wp-json\/wp\/v2\/posts\/6719","targetHints":{"allow":["GET"]}}],"collection":[{"href":"https:\/\/www.mobilier-design-occasion.fr\/magazine\/wp-json\/wp\/v2\/posts"}],"about":[{"href":"https:\/\/www.mobilier-design-occasion.fr\/magazine\/wp-json\/wp\/v2\/types\/post"}],"author":[{"embeddable":true,"href":"https:\/\/www.mobilier-design-occasion.fr\/magazine\/wp-json\/wp\/v2\/users\/1"}],"replies":[{"embeddable":true,"href":"https:\/\/www.mobilier-design-occasion.fr\/magazine\/wp-json\/wp\/v2\/comments?post=6719"}],"version-history":[{"count":1,"href":"https:\/\/www.mobilier-design-occasion.fr\/magazine\/wp-json\/wp\/v2\/posts\/6719\/revisions"}],"predecessor-version":[{"id":6723,"href":"https:\/\/www.mobilier-design-occasion.fr\/magazine\/wp-json\/wp\/v2\/posts\/6719\/revisions\/6723"}],"wp:featuredmedia":[{"embeddable":true,"href":"https:\/\/www.mobilier-design-occasion.fr\/magazine\/wp-json\/wp\/v2\/media\/6720"}],"wp:attachment":[{"href":"https:\/\/www.mobilier-design-occasion.fr\/magazine\/wp-json\/wp\/v2\/media?parent=6719"}],"wp:term":[{"taxonomy":"category","embeddable":true,"href":"https:\/\/www.mobilier-design-occasion.fr\/magazine\/wp-json\/wp\/v2\/categories?post=6719"},{"taxonomy":"post_tag","embeddable":true,"href":"https:\/\/www.mobilier-design-occasion.fr\/magazine\/wp-json\/wp\/v2\/tags?post=6719"}],"curies":[{"name":"wp","href":"https:\/\/api.w.org\/{rel}","templated":true}]}}