{"id":6711,"date":"2023-07-31T07:42:17","date_gmt":"2023-07-31T07:42:17","guid":{"rendered":"https:\/\/www.mobilier-design-occasion.fr\/magazine\/?p=6711"},"modified":"2023-09-25T13:27:49","modified_gmt":"2023-09-25T13:27:49","slug":"les-dernieres-actualites-sur-letat-de-limmobilier-en-france-pour-2023","status":"publish","type":"post","link":"https:\/\/www.mobilier-design-occasion.fr\/magazine\/les-dernieres-actualites-sur-letat-de-limmobilier-en-france-pour-2023\/","title":{"rendered":"Les derni\u00e8res actualit\u00e9s sur l\u2019\u00e9tat de l\u2019immobilier en France pour 2023"},"content":{"rendered":"\n<p>L\u2019analyse de la conjoncture immobili\u00e8re en France ces deux derniers trimestres r\u00e9v\u00e8le des statistiques plut\u00f4t encourageantes m\u00eame si la crise immobili\u00e8re actuelle inqui\u00e8te \u00e9norm\u00e9ment certains acteurs de l\u2019industrie. Faisons le point dans cet article.<\/p>\n\n\n\n<h2 class=\"wp-block-heading\"><span class=\"ez-toc-section\" id=\"Le_deuxieme_trimestre_est_caracterise_par_une_baisse_non_negligeable_des_permis_de_construire\"><\/span>Le deuxi\u00e8me trimestre est caract\u00e9ris\u00e9 par une baisse non n\u00e9gligeable des permis de construire<span class=\"ez-toc-section-end\"><\/span><\/h2><div id=\"ez-toc-container\" class=\"ez-toc-v2_0_82_2 counter-hierarchy ez-toc-counter ez-toc-grey ez-toc-container-direction\">\n<div class=\"ez-toc-title-container\">\n<span class=\"ez-toc-title-toggle\"><a href=\"#\" class=\"ez-toc-pull-right ez-toc-btn ez-toc-btn-xs ez-toc-btn-default ez-toc-toggle\" aria-label=\"Toggle Table of Content\"><span class=\"ez-toc-js-icon-con\"><span class=\"\"><span class=\"eztoc-hide\" style=\"display:none;\">Toggle<\/span><span class=\"ez-toc-icon-toggle-span\"><svg style=\"fill: #999;color:#999\" xmlns=\"http:\/\/www.w3.org\/2000\/svg\" class=\"list-377408\" width=\"20px\" height=\"20px\" viewBox=\"0 0 24 24\" fill=\"none\"><path d=\"M6 6H4v2h2V6zm14 0H8v2h12V6zM4 11h2v2H4v-2zm16 0H8v2h12v-2zM4 16h2v2H4v-2zm16 0H8v2h12v-2z\" fill=\"currentColor\"><\/path><\/svg><svg style=\"fill: #999;color:#999\" class=\"arrow-unsorted-368013\" xmlns=\"http:\/\/www.w3.org\/2000\/svg\" width=\"10px\" height=\"10px\" viewBox=\"0 0 24 24\" version=\"1.2\" baseProfile=\"tiny\"><path d=\"M18.2 9.3l-6.2-6.3-6.2 6.3c-.2.2-.3.4-.3.7s.1.5.3.7c.2.2.4.3.7.3h11c.3 0 .5-.1.7-.3.2-.2.3-.5.3-.7s-.1-.5-.3-.7zM5.8 14.7l6.2 6.3 6.2-6.3c.2-.2.3-.5.3-.7s-.1-.5-.3-.7c-.2-.2-.4-.3-.7-.3h-11c-.3 0-.5.1-.7.3-.2.2-.3.5-.3.7s.1.5.3.7z\"\/><\/svg><\/span><\/span><\/span><\/a><\/span><\/div>\n<nav><ul class='ez-toc-list ez-toc-list-level-1 eztoc-toggle-hide-by-default' ><li class='ez-toc-page-1 ez-toc-heading-level-2'><a class=\"ez-toc-link ez-toc-heading-1\" href=\"https:\/\/www.mobilier-design-occasion.fr\/magazine\/les-dernieres-actualites-sur-letat-de-limmobilier-en-france-pour-2023\/#Le_deuxieme_trimestre_est_caracterise_par_une_baisse_non_negligeable_des_permis_de_construire\" >Le deuxi\u00e8me trimestre est caract\u00e9ris\u00e9 par une baisse non n\u00e9gligeable des permis de construire<\/a><\/li><li class='ez-toc-page-1 ez-toc-heading-level-2'><a class=\"ez-toc-link ez-toc-heading-2\" href=\"https:\/\/www.mobilier-design-occasion.fr\/magazine\/les-dernieres-actualites-sur-letat-de-limmobilier-en-france-pour-2023\/#Le_PDG_de_Vinci_dit_en_ces_termes_%C2%AB_la_crise_immobiliere_represente_une_menace_pour_la_cohesion_sociale_de_notre_pays_%C2%BB\" >Le PDG de Vinci dit en ces termes&nbsp;: \u00ab la crise immobili\u00e8re repr\u00e9sente une menace pour la coh\u00e9sion sociale de notre pays \u00bb<\/a><\/li><li class='ez-toc-page-1 ez-toc-heading-level-2'><a class=\"ez-toc-link ez-toc-heading-3\" href=\"https:\/\/www.mobilier-design-occasion.fr\/magazine\/les-dernieres-actualites-sur-letat-de-limmobilier-en-france-pour-2023\/#A_moins_dune_semaine_de_la_date_limite_de_la_declaration_de_biens_immobiliers_les_syndicats_craignent_la_surcharge_de_travail\" >\u00c0 moins d\u2019une semaine de la date limite de la d\u00e9claration de biens immobiliers, les syndicats craignent la surcharge de travail&nbsp;!<\/a><\/li><\/ul><\/nav><\/div>\n\n\n\n\n<p>Au deuxi\u00e8me trimestre,&nbsp;<strong>les permis de construire ont diminu\u00e9 de 3,2 %<\/strong>&nbsp;par rapport au premier trimestre 2023, o\u00f9 ils avaient connu une augmentation significative de 10,7 %. C\u2019est ce qu\u2019indiquent les estimations publi\u00e9es vendredi par le&nbsp;<strong>Minist\u00e8re de la Transition \u00c9cologique<\/strong>. Comme&nbsp;<a href=\"https:\/\/www.infosimmo.com\/\">infosimmo.com<\/a>, de nombreux m\u00e9dias s\u2019int\u00e9ressent au sujet. En juin, le nombre de permis de construire s\u2019est redress\u00e9 de 4 % en comparaison de celui du mois de mai, avec plus de 32 000 autorisations d\u00e9livr\u00e9es. D\u2019un autre c\u00f4t\u00e9, les 412&nbsp;100 logements autoris\u00e9s entre juillet 2022 et juin 2023 soulignent une baisse de 19,6 % par rapport au bilan annuel pr\u00e9c\u00e9dent, marquant ainsi une \u00e9volution apr\u00e8s le pic de 2022. Depuis lors, le nombre de permis d\u00e9livr\u00e9s se situe entre 30&nbsp;000 et 35&nbsp;000 par mois, des chiffres inf\u00e9rieurs \u00e0 ceux d\u2019avant la crise sanitaire qui \u00e9taient d\u2019environ 40000 par mois.<\/p>\n\n\n\n<h2 class=\"wp-block-heading\"><span class=\"ez-toc-section\" id=\"Le_PDG_de_Vinci_dit_en_ces_termes_%C2%AB_la_crise_immobiliere_represente_une_menace_pour_la_cohesion_sociale_de_notre_pays_%C2%BB\"><\/span>Le PDG de Vinci dit en ces termes&nbsp;: \u00ab la crise immobili\u00e8re repr\u00e9sente une menace pour la coh\u00e9sion sociale de notre pays \u00bb<span class=\"ez-toc-section-end\"><\/span><\/h2>\n\n\n\n<p><strong>Xavier Huillard<\/strong>,&nbsp;<strong>PDG de Vinci<\/strong>, le g\u00e9ant fran\u00e7ais du BTP, \u00e0 travers ses mots, invite les pouvoirs publics \u00e0 prendre en compte la r\u00e9alit\u00e9 de la crise immobili\u00e8re qui devient r\u00e9ellement probl\u00e9matique. Malgr\u00e9 un&nbsp;<strong>b\u00e9n\u00e9fice de 2 milliards d\u2019euros au premier semestre<\/strong>, Vinci reconna\u00eet la sensibilit\u00e9 de la crise immobili\u00e8re qu\u2019il estime comme une menace \u00e0 la coh\u00e9sion sociale du pays. Le groupe a enregistr\u00e9 un excellent premier semestre 2023 dans ses activit\u00e9s de&nbsp;<strong>construction<\/strong>,&nbsp;<strong>concessions<\/strong>&nbsp;<strong>a\u00e9roportuaires<\/strong>&nbsp;et&nbsp;<strong>autorouti\u00e8res<\/strong>,&nbsp;<strong>\u00e9nergie<\/strong>, etc. Malheureusement pour lui, la performance n\u2019a pas \u00e9t\u00e9 la m\u00eame dans le secteur immobilier, ce qui peut expliquer son inqui\u00e9tude dans cette industrie. En effet,&nbsp;<strong>Xavier Huillard<\/strong>&nbsp;souligne que la situation affecte non seulement la profession, o\u00f9 de nombreuses PME travaillent dans la construction de logements, mais surtout la coh\u00e9sion sociale du pays.<\/p>\n\n\n\n<h2 class=\"wp-block-heading\"><span class=\"ez-toc-section\" id=\"A_moins_dune_semaine_de_la_date_limite_de_la_declaration_de_biens_immobiliers_les_syndicats_craignent_la_surcharge_de_travail\"><\/span>\u00c0 moins d\u2019une semaine de la date limite de la d\u00e9claration de biens immobiliers, les syndicats craignent la surcharge de travail&nbsp;!<span class=\"ez-toc-section-end\"><\/span><\/h2>\n\n\n\n<p>La&nbsp;<strong>CGT Finances publiques&nbsp;<\/strong>exprime son m\u00e9contentement concernant les conditions de travail des services charg\u00e9s de recueillir les d\u00e9clarations de biens immobiliers, en raison du retard de nombreux contribuables \u00e0 remplir ces d\u00e9clarations. Elle est devenue obligatoire depuis le&nbsp;<strong>1<sup>er<\/sup>&nbsp;janvier<\/strong>&nbsp;afin de faciliter l\u2019identification des locaux exon\u00e9r\u00e9s de la taxe d\u2019habitation, qui a \u00e9t\u00e9 supprim\u00e9e pour toutes les r\u00e9sidences principales en 2023. Selon les dispositions mises en place sur&nbsp;<strong>le site des imp\u00f4ts<\/strong>, les propri\u00e9taires sont tenus d\u2019indiquer la situation de chacun de leurs biens (s\u2019ils sont vides, occup\u00e9s par eux-m\u00eames ou lou\u00e9s \u00e0 un locataire). Cependant, malgr\u00e9 le d\u00e9lai suppl\u00e9mentaire d\u2019un mois accord\u00e9 par le&nbsp;<strong>Minist\u00e8re de l\u2019Economie<\/strong>&nbsp;pour finaliser les d\u00e9clarations, qui doivent \u00eatre faites au plus tard le 31 juillet inclus, la situation est loin de s\u2019arranger.<\/p>\n","protected":false},"excerpt":{"rendered":"<p>L\u2019analyse de la conjoncture immobili\u00e8re en France ces deux derniers trimestres r\u00e9v\u00e8le des statistiques plut\u00f4t encourageantes m\u00eame si la crise immobili\u00e8re actuelle inqui\u00e8te \u00e9norm\u00e9ment certains acteurs de l\u2019industrie. Faisons le point dans cet article. Le deuxi\u00e8me trimestre est caract\u00e9ris\u00e9 par une baisse non n\u00e9gligeable des permis de construire Au deuxi\u00e8me trimestre,&nbsp;les permis de construire ont [&hellip;]<\/p>\n","protected":false},"author":1,"featured_media":6712,"comment_status":"open","ping_status":"open","sticky":false,"template":"","format":"standard","meta":{"footnotes":""},"categories":[2],"tags":[],"class_list":["post-6711","post","type-post","status-publish","format-standard","has-post-thumbnail","hentry","category-tendances"],"yoast_head":"<!-- This site is optimized with the Yoast SEO plugin v27.5 - https:\/\/yoast.com\/product\/yoast-seo-wordpress\/ -->\n<title>Les derni\u00e8res actualit\u00e9s sur l\u2019\u00e9tat de l\u2019immobilier en France pour 2023 - Mobilier Design Magazine<\/title>\n<meta name=\"robots\" content=\"index, follow, max-snippet:-1, max-image-preview:large, max-video-preview:-1\" \/>\n<link rel=\"canonical\" href=\"https:\/\/www.mobilier-design-occasion.fr\/magazine\/les-dernieres-actualites-sur-letat-de-limmobilier-en-france-pour-2023\/\" \/>\n<meta property=\"og:locale\" content=\"fr_FR\" \/>\n<meta property=\"og:type\" content=\"article\" \/>\n<meta property=\"og:title\" content=\"Les derni\u00e8res actualit\u00e9s sur l\u2019\u00e9tat de l\u2019immobilier en France pour 2023 - Mobilier Design Magazine\" \/>\n<meta property=\"og:description\" content=\"L\u2019analyse de la conjoncture immobili\u00e8re en France ces deux derniers trimestres r\u00e9v\u00e8le des statistiques plut\u00f4t encourageantes m\u00eame si la crise immobili\u00e8re actuelle inqui\u00e8te \u00e9norm\u00e9ment certains acteurs de l\u2019industrie. Faisons le point dans cet article. Le deuxi\u00e8me trimestre est caract\u00e9ris\u00e9 par une baisse non n\u00e9gligeable des permis de construire Au deuxi\u00e8me trimestre,&nbsp;les permis de construire ont [&hellip;]\" \/>\n<meta property=\"og:url\" content=\"https:\/\/www.mobilier-design-occasion.fr\/magazine\/les-dernieres-actualites-sur-letat-de-limmobilier-en-france-pour-2023\/\" \/>\n<meta property=\"og:site_name\" content=\"Mobilier Design Magazine\" \/>\n<meta property=\"article:publisher\" content=\"https:\/\/www.facebook.com\/mobilierdesignoccasion\" \/>\n<meta property=\"article:published_time\" content=\"2023-07-31T07:42:17+00:00\" \/>\n<meta property=\"article:modified_time\" content=\"2023-09-25T13:27:49+00:00\" \/>\n<meta property=\"og:image\" content=\"https:\/\/www.mobilier-design-occasion.fr\/magazine\/wp-content\/uploads\/2023\/07\/3554a5a6c7ab849c6e53121a6bc58d48.jpeg\" \/>\n\t<meta property=\"og:image:width\" content=\"799\" \/>\n\t<meta property=\"og:image:height\" content=\"599\" \/>\n\t<meta property=\"og:image:type\" content=\"image\/jpeg\" \/>\n<meta name=\"author\" content=\"Cyrielle Poirot\" \/>\n<meta name=\"twitter:card\" content=\"summary_large_image\" \/>\n<meta name=\"twitter:label1\" content=\"\u00c9crit par\" \/>\n\t<meta name=\"twitter:data1\" content=\"Cyrielle Poirot\" \/>\n\t<meta name=\"twitter:label2\" content=\"Dur\u00e9e de lecture estim\u00e9e\" \/>\n\t<meta name=\"twitter:data2\" content=\"3 minutes\" \/>\n<script type=\"application\/ld+json\" class=\"yoast-schema-graph\">{\"@context\":\"https:\\\/\\\/schema.org\",\"@graph\":[{\"@type\":\"Article\",\"@id\":\"https:\\\/\\\/www.mobilier-design-occasion.fr\\\/magazine\\\/les-dernieres-actualites-sur-letat-de-limmobilier-en-france-pour-2023\\\/#article\",\"isPartOf\":{\"@id\":\"https:\\\/\\\/www.mobilier-design-occasion.fr\\\/magazine\\\/les-dernieres-actualites-sur-letat-de-limmobilier-en-france-pour-2023\\\/\"},\"author\":{\"name\":\"Cyrielle Poirot\",\"@id\":\"https:\\\/\\\/www.mobilier-design-occasion.fr\\\/magazine\\\/#\\\/schema\\\/person\\\/5b2e5627a714ddadaaf8c9b886c55eff\"},\"headline\":\"Les derni\u00e8res actualit\u00e9s sur l\u2019\u00e9tat de l\u2019immobilier en France pour 2023\",\"datePublished\":\"2023-07-31T07:42:17+00:00\",\"dateModified\":\"2023-09-25T13:27:49+00:00\",\"mainEntityOfPage\":{\"@id\":\"https:\\\/\\\/www.mobilier-design-occasion.fr\\\/magazine\\\/les-dernieres-actualites-sur-letat-de-limmobilier-en-france-pour-2023\\\/\"},\"wordCount\":594,\"commentCount\":0,\"publisher\":{\"@id\":\"https:\\\/\\\/www.mobilier-design-occasion.fr\\\/magazine\\\/#organization\"},\"image\":{\"@id\":\"https:\\\/\\\/www.mobilier-design-occasion.fr\\\/magazine\\\/les-dernieres-actualites-sur-letat-de-limmobilier-en-france-pour-2023\\\/#primaryimage\"},\"thumbnailUrl\":\"https:\\\/\\\/www.mobilier-design-occasion.fr\\\/magazine\\\/wp-content\\\/uploads\\\/2023\\\/07\\\/3554a5a6c7ab849c6e53121a6bc58d48.jpeg\",\"articleSection\":[\"Tendances\"],\"inLanguage\":\"fr-FR\",\"potentialAction\":[{\"@type\":\"CommentAction\",\"name\":\"Comment\",\"target\":[\"https:\\\/\\\/www.mobilier-design-occasion.fr\\\/magazine\\\/les-dernieres-actualites-sur-letat-de-limmobilier-en-france-pour-2023\\\/#respond\"]}]},{\"@type\":\"WebPage\",\"@id\":\"https:\\\/\\\/www.mobilier-design-occasion.fr\\\/magazine\\\/les-dernieres-actualites-sur-letat-de-limmobilier-en-france-pour-2023\\\/\",\"url\":\"https:\\\/\\\/www.mobilier-design-occasion.fr\\\/magazine\\\/les-dernieres-actualites-sur-letat-de-limmobilier-en-france-pour-2023\\\/\",\"name\":\"Les derni\u00e8res actualit\u00e9s sur l\u2019\u00e9tat de l\u2019immobilier en France pour 2023 - Mobilier Design Magazine\",\"isPartOf\":{\"@id\":\"https:\\\/\\\/www.mobilier-design-occasion.fr\\\/magazine\\\/#website\"},\"primaryImageOfPage\":{\"@id\":\"https:\\\/\\\/www.mobilier-design-occasion.fr\\\/magazine\\\/les-dernieres-actualites-sur-letat-de-limmobilier-en-france-pour-2023\\\/#primaryimage\"},\"image\":{\"@id\":\"https:\\\/\\\/www.mobilier-design-occasion.fr\\\/magazine\\\/les-dernieres-actualites-sur-letat-de-limmobilier-en-france-pour-2023\\\/#primaryimage\"},\"thumbnailUrl\":\"https:\\\/\\\/www.mobilier-design-occasion.fr\\\/magazine\\\/wp-content\\\/uploads\\\/2023\\\/07\\\/3554a5a6c7ab849c6e53121a6bc58d48.jpeg\",\"datePublished\":\"2023-07-31T07:42:17+00:00\",\"dateModified\":\"2023-09-25T13:27:49+00:00\",\"breadcrumb\":{\"@id\":\"https:\\\/\\\/www.mobilier-design-occasion.fr\\\/magazine\\\/les-dernieres-actualites-sur-letat-de-limmobilier-en-france-pour-2023\\\/#breadcrumb\"},\"inLanguage\":\"fr-FR\",\"potentialAction\":[{\"@type\":\"ReadAction\",\"target\":[\"https:\\\/\\\/www.mobilier-design-occasion.fr\\\/magazine\\\/les-dernieres-actualites-sur-letat-de-limmobilier-en-france-pour-2023\\\/\"]}]},{\"@type\":\"ImageObject\",\"inLanguage\":\"fr-FR\",\"@id\":\"https:\\\/\\\/www.mobilier-design-occasion.fr\\\/magazine\\\/les-dernieres-actualites-sur-letat-de-limmobilier-en-france-pour-2023\\\/#primaryimage\",\"url\":\"https:\\\/\\\/www.mobilier-design-occasion.fr\\\/magazine\\\/wp-content\\\/uploads\\\/2023\\\/07\\\/3554a5a6c7ab849c6e53121a6bc58d48.jpeg\",\"contentUrl\":\"https:\\\/\\\/www.mobilier-design-occasion.fr\\\/magazine\\\/wp-content\\\/uploads\\\/2023\\\/07\\\/3554a5a6c7ab849c6e53121a6bc58d48.jpeg\",\"width\":799,\"height\":599,\"caption\":\"16183433 - interior design scene with a big window and a vase\"},{\"@type\":\"BreadcrumbList\",\"@id\":\"https:\\\/\\\/www.mobilier-design-occasion.fr\\\/magazine\\\/les-dernieres-actualites-sur-letat-de-limmobilier-en-france-pour-2023\\\/#breadcrumb\",\"itemListElement\":[{\"@type\":\"ListItem\",\"position\":1,\"name\":\"Accueil\",\"item\":\"https:\\\/\\\/www.mobilier-design-occasion.fr\\\/magazine\\\/\"},{\"@type\":\"ListItem\",\"position\":2,\"name\":\"Les derni\u00e8res actualit\u00e9s sur l\u2019\u00e9tat de l\u2019immobilier en France pour 2023\"}]},{\"@type\":\"WebSite\",\"@id\":\"https:\\\/\\\/www.mobilier-design-occasion.fr\\\/magazine\\\/#website\",\"url\":\"https:\\\/\\\/www.mobilier-design-occasion.fr\\\/magazine\\\/\",\"name\":\"Mobilier Design Magazine\",\"description\":\"\",\"publisher\":{\"@id\":\"https:\\\/\\\/www.mobilier-design-occasion.fr\\\/magazine\\\/#organization\"},\"potentialAction\":[{\"@type\":\"SearchAction\",\"target\":{\"@type\":\"EntryPoint\",\"urlTemplate\":\"https:\\\/\\\/www.mobilier-design-occasion.fr\\\/magazine\\\/?s={search_term_string}\"},\"query-input\":{\"@type\":\"PropertyValueSpecification\",\"valueRequired\":true,\"valueName\":\"search_term_string\"}}],\"inLanguage\":\"fr-FR\"},{\"@type\":\"Organization\",\"@id\":\"https:\\\/\\\/www.mobilier-design-occasion.fr\\\/magazine\\\/#organization\",\"name\":\"Mobilier Design Magazine\",\"url\":\"https:\\\/\\\/www.mobilier-design-occasion.fr\\\/magazine\\\/\",\"logo\":{\"@type\":\"ImageObject\",\"inLanguage\":\"fr-FR\",\"@id\":\"https:\\\/\\\/www.mobilier-design-occasion.fr\\\/magazine\\\/#\\\/schema\\\/logo\\\/image\\\/\",\"url\":\"https:\\\/\\\/www.mobilier-design-occasion.fr\\\/magazine\\\/wp-content\\\/uploads\\\/2024\\\/02\\\/android-chrome-192x192-1.png\",\"contentUrl\":\"https:\\\/\\\/www.mobilier-design-occasion.fr\\\/magazine\\\/wp-content\\\/uploads\\\/2024\\\/02\\\/android-chrome-192x192-1.png\",\"width\":192,\"height\":192,\"caption\":\"Mobilier Design Magazine\"},\"image\":{\"@id\":\"https:\\\/\\\/www.mobilier-design-occasion.fr\\\/magazine\\\/#\\\/schema\\\/logo\\\/image\\\/\"},\"sameAs\":[\"https:\\\/\\\/www.facebook.com\\\/mobilierdesignoccasion\"]},{\"@type\":\"Person\",\"@id\":\"https:\\\/\\\/www.mobilier-design-occasion.fr\\\/magazine\\\/#\\\/schema\\\/person\\\/5b2e5627a714ddadaaf8c9b886c55eff\",\"name\":\"Cyrielle Poirot\",\"image\":{\"@type\":\"ImageObject\",\"inLanguage\":\"fr-FR\",\"@id\":\"https:\\\/\\\/secure.gravatar.com\\\/avatar\\\/c8d2674e093b06894d8d1dc468b626bd752523471f3ac6e75f7c7a1400d40b4d?s=96&d=mm&r=g\",\"url\":\"https:\\\/\\\/secure.gravatar.com\\\/avatar\\\/c8d2674e093b06894d8d1dc468b626bd752523471f3ac6e75f7c7a1400d40b4d?s=96&d=mm&r=g\",\"contentUrl\":\"https:\\\/\\\/secure.gravatar.com\\\/avatar\\\/c8d2674e093b06894d8d1dc468b626bd752523471f3ac6e75f7c7a1400d40b4d?s=96&d=mm&r=g\",\"caption\":\"Cyrielle Poirot\"},\"description\":\"Cyrielle est passionn\u00e9e par la d\u00e9coration d'int\u00e9rieur et s'est sp\u00e9cialis\u00e9e depuis quelques ann\u00e9es dans l'\u00e9dition du site Mobilier-Design, avec une touche sp\u00e9cifique pour les produits d'occasion.\",\"sameAs\":[\"https:\\\/\\\/www.mobilier-design-occasion.fr\\\/magazine\"],\"url\":\"https:\\\/\\\/www.mobilier-design-occasion.fr\\\/magazine\\\/author\\\/cyrielle\\\/\"}]}<\/script>\n<!-- \/ Yoast SEO plugin. -->","yoast_head_json":{"title":"Les derni\u00e8res actualit\u00e9s sur l\u2019\u00e9tat de l\u2019immobilier en France pour 2023 - Mobilier Design Magazine","robots":{"index":"index","follow":"follow","max-snippet":"max-snippet:-1","max-image-preview":"max-image-preview:large","max-video-preview":"max-video-preview:-1"},"canonical":"https:\/\/www.mobilier-design-occasion.fr\/magazine\/les-dernieres-actualites-sur-letat-de-limmobilier-en-france-pour-2023\/","og_locale":"fr_FR","og_type":"article","og_title":"Les derni\u00e8res actualit\u00e9s sur l\u2019\u00e9tat de l\u2019immobilier en France pour 2023 - Mobilier Design Magazine","og_description":"L\u2019analyse de la conjoncture immobili\u00e8re en France ces deux derniers trimestres r\u00e9v\u00e8le des statistiques plut\u00f4t encourageantes m\u00eame si la crise immobili\u00e8re actuelle inqui\u00e8te \u00e9norm\u00e9ment certains acteurs de l\u2019industrie. Faisons le point dans cet article. Le deuxi\u00e8me trimestre est caract\u00e9ris\u00e9 par une baisse non n\u00e9gligeable des permis de construire Au deuxi\u00e8me trimestre,&nbsp;les permis de construire ont [&hellip;]","og_url":"https:\/\/www.mobilier-design-occasion.fr\/magazine\/les-dernieres-actualites-sur-letat-de-limmobilier-en-france-pour-2023\/","og_site_name":"Mobilier Design Magazine","article_publisher":"https:\/\/www.facebook.com\/mobilierdesignoccasion","article_published_time":"2023-07-31T07:42:17+00:00","article_modified_time":"2023-09-25T13:27:49+00:00","og_image":[{"width":799,"height":599,"url":"https:\/\/www.mobilier-design-occasion.fr\/magazine\/wp-content\/uploads\/2023\/07\/3554a5a6c7ab849c6e53121a6bc58d48.jpeg","type":"image\/jpeg"}],"author":"Cyrielle Poirot","twitter_card":"summary_large_image","twitter_misc":{"\u00c9crit par":"Cyrielle Poirot","Dur\u00e9e de lecture estim\u00e9e":"3 minutes"},"schema":{"@context":"https:\/\/schema.org","@graph":[{"@type":"Article","@id":"https:\/\/www.mobilier-design-occasion.fr\/magazine\/les-dernieres-actualites-sur-letat-de-limmobilier-en-france-pour-2023\/#article","isPartOf":{"@id":"https:\/\/www.mobilier-design-occasion.fr\/magazine\/les-dernieres-actualites-sur-letat-de-limmobilier-en-france-pour-2023\/"},"author":{"name":"Cyrielle Poirot","@id":"https:\/\/www.mobilier-design-occasion.fr\/magazine\/#\/schema\/person\/5b2e5627a714ddadaaf8c9b886c55eff"},"headline":"Les derni\u00e8res actualit\u00e9s sur l\u2019\u00e9tat de l\u2019immobilier en France pour 2023","datePublished":"2023-07-31T07:42:17+00:00","dateModified":"2023-09-25T13:27:49+00:00","mainEntityOfPage":{"@id":"https:\/\/www.mobilier-design-occasion.fr\/magazine\/les-dernieres-actualites-sur-letat-de-limmobilier-en-france-pour-2023\/"},"wordCount":594,"commentCount":0,"publisher":{"@id":"https:\/\/www.mobilier-design-occasion.fr\/magazine\/#organization"},"image":{"@id":"https:\/\/www.mobilier-design-occasion.fr\/magazine\/les-dernieres-actualites-sur-letat-de-limmobilier-en-france-pour-2023\/#primaryimage"},"thumbnailUrl":"https:\/\/www.mobilier-design-occasion.fr\/magazine\/wp-content\/uploads\/2023\/07\/3554a5a6c7ab849c6e53121a6bc58d48.jpeg","articleSection":["Tendances"],"inLanguage":"fr-FR","potentialAction":[{"@type":"CommentAction","name":"Comment","target":["https:\/\/www.mobilier-design-occasion.fr\/magazine\/les-dernieres-actualites-sur-letat-de-limmobilier-en-france-pour-2023\/#respond"]}]},{"@type":"WebPage","@id":"https:\/\/www.mobilier-design-occasion.fr\/magazine\/les-dernieres-actualites-sur-letat-de-limmobilier-en-france-pour-2023\/","url":"https:\/\/www.mobilier-design-occasion.fr\/magazine\/les-dernieres-actualites-sur-letat-de-limmobilier-en-france-pour-2023\/","name":"Les derni\u00e8res actualit\u00e9s sur l\u2019\u00e9tat de l\u2019immobilier en France pour 2023 - Mobilier Design Magazine","isPartOf":{"@id":"https:\/\/www.mobilier-design-occasion.fr\/magazine\/#website"},"primaryImageOfPage":{"@id":"https:\/\/www.mobilier-design-occasion.fr\/magazine\/les-dernieres-actualites-sur-letat-de-limmobilier-en-france-pour-2023\/#primaryimage"},"image":{"@id":"https:\/\/www.mobilier-design-occasion.fr\/magazine\/les-dernieres-actualites-sur-letat-de-limmobilier-en-france-pour-2023\/#primaryimage"},"thumbnailUrl":"https:\/\/www.mobilier-design-occasion.fr\/magazine\/wp-content\/uploads\/2023\/07\/3554a5a6c7ab849c6e53121a6bc58d48.jpeg","datePublished":"2023-07-31T07:42:17+00:00","dateModified":"2023-09-25T13:27:49+00:00","breadcrumb":{"@id":"https:\/\/www.mobilier-design-occasion.fr\/magazine\/les-dernieres-actualites-sur-letat-de-limmobilier-en-france-pour-2023\/#breadcrumb"},"inLanguage":"fr-FR","potentialAction":[{"@type":"ReadAction","target":["https:\/\/www.mobilier-design-occasion.fr\/magazine\/les-dernieres-actualites-sur-letat-de-limmobilier-en-france-pour-2023\/"]}]},{"@type":"ImageObject","inLanguage":"fr-FR","@id":"https:\/\/www.mobilier-design-occasion.fr\/magazine\/les-dernieres-actualites-sur-letat-de-limmobilier-en-france-pour-2023\/#primaryimage","url":"https:\/\/www.mobilier-design-occasion.fr\/magazine\/wp-content\/uploads\/2023\/07\/3554a5a6c7ab849c6e53121a6bc58d48.jpeg","contentUrl":"https:\/\/www.mobilier-design-occasion.fr\/magazine\/wp-content\/uploads\/2023\/07\/3554a5a6c7ab849c6e53121a6bc58d48.jpeg","width":799,"height":599,"caption":"16183433 - interior design scene with a big window and a vase"},{"@type":"BreadcrumbList","@id":"https:\/\/www.mobilier-design-occasion.fr\/magazine\/les-dernieres-actualites-sur-letat-de-limmobilier-en-france-pour-2023\/#breadcrumb","itemListElement":[{"@type":"ListItem","position":1,"name":"Accueil","item":"https:\/\/www.mobilier-design-occasion.fr\/magazine\/"},{"@type":"ListItem","position":2,"name":"Les derni\u00e8res actualit\u00e9s sur l\u2019\u00e9tat de l\u2019immobilier en France pour 2023"}]},{"@type":"WebSite","@id":"https:\/\/www.mobilier-design-occasion.fr\/magazine\/#website","url":"https:\/\/www.mobilier-design-occasion.fr\/magazine\/","name":"Mobilier Design Magazine","description":"","publisher":{"@id":"https:\/\/www.mobilier-design-occasion.fr\/magazine\/#organization"},"potentialAction":[{"@type":"SearchAction","target":{"@type":"EntryPoint","urlTemplate":"https:\/\/www.mobilier-design-occasion.fr\/magazine\/?s={search_term_string}"},"query-input":{"@type":"PropertyValueSpecification","valueRequired":true,"valueName":"search_term_string"}}],"inLanguage":"fr-FR"},{"@type":"Organization","@id":"https:\/\/www.mobilier-design-occasion.fr\/magazine\/#organization","name":"Mobilier Design Magazine","url":"https:\/\/www.mobilier-design-occasion.fr\/magazine\/","logo":{"@type":"ImageObject","inLanguage":"fr-FR","@id":"https:\/\/www.mobilier-design-occasion.fr\/magazine\/#\/schema\/logo\/image\/","url":"https:\/\/www.mobilier-design-occasion.fr\/magazine\/wp-content\/uploads\/2024\/02\/android-chrome-192x192-1.png","contentUrl":"https:\/\/www.mobilier-design-occasion.fr\/magazine\/wp-content\/uploads\/2024\/02\/android-chrome-192x192-1.png","width":192,"height":192,"caption":"Mobilier Design Magazine"},"image":{"@id":"https:\/\/www.mobilier-design-occasion.fr\/magazine\/#\/schema\/logo\/image\/"},"sameAs":["https:\/\/www.facebook.com\/mobilierdesignoccasion"]},{"@type":"Person","@id":"https:\/\/www.mobilier-design-occasion.fr\/magazine\/#\/schema\/person\/5b2e5627a714ddadaaf8c9b886c55eff","name":"Cyrielle Poirot","image":{"@type":"ImageObject","inLanguage":"fr-FR","@id":"https:\/\/secure.gravatar.com\/avatar\/c8d2674e093b06894d8d1dc468b626bd752523471f3ac6e75f7c7a1400d40b4d?s=96&d=mm&r=g","url":"https:\/\/secure.gravatar.com\/avatar\/c8d2674e093b06894d8d1dc468b626bd752523471f3ac6e75f7c7a1400d40b4d?s=96&d=mm&r=g","contentUrl":"https:\/\/secure.gravatar.com\/avatar\/c8d2674e093b06894d8d1dc468b626bd752523471f3ac6e75f7c7a1400d40b4d?s=96&d=mm&r=g","caption":"Cyrielle Poirot"},"description":"Cyrielle est passionn\u00e9e par la d\u00e9coration d'int\u00e9rieur et s'est sp\u00e9cialis\u00e9e depuis quelques ann\u00e9es dans l'\u00e9dition du site Mobilier-Design, avec une touche sp\u00e9cifique pour les produits d'occasion.","sameAs":["https:\/\/www.mobilier-design-occasion.fr\/magazine"],"url":"https:\/\/www.mobilier-design-occasion.fr\/magazine\/author\/cyrielle\/"}]}},"_links":{"self":[{"href":"https:\/\/www.mobilier-design-occasion.fr\/magazine\/wp-json\/wp\/v2\/posts\/6711","targetHints":{"allow":["GET"]}}],"collection":[{"href":"https:\/\/www.mobilier-design-occasion.fr\/magazine\/wp-json\/wp\/v2\/posts"}],"about":[{"href":"https:\/\/www.mobilier-design-occasion.fr\/magazine\/wp-json\/wp\/v2\/types\/post"}],"author":[{"embeddable":true,"href":"https:\/\/www.mobilier-design-occasion.fr\/magazine\/wp-json\/wp\/v2\/users\/1"}],"replies":[{"embeddable":true,"href":"https:\/\/www.mobilier-design-occasion.fr\/magazine\/wp-json\/wp\/v2\/comments?post=6711"}],"version-history":[{"count":1,"href":"https:\/\/www.mobilier-design-occasion.fr\/magazine\/wp-json\/wp\/v2\/posts\/6711\/revisions"}],"predecessor-version":[{"id":6713,"href":"https:\/\/www.mobilier-design-occasion.fr\/magazine\/wp-json\/wp\/v2\/posts\/6711\/revisions\/6713"}],"wp:featuredmedia":[{"embeddable":true,"href":"https:\/\/www.mobilier-design-occasion.fr\/magazine\/wp-json\/wp\/v2\/media\/6712"}],"wp:attachment":[{"href":"https:\/\/www.mobilier-design-occasion.fr\/magazine\/wp-json\/wp\/v2\/media?parent=6711"}],"wp:term":[{"taxonomy":"category","embeddable":true,"href":"https:\/\/www.mobilier-design-occasion.fr\/magazine\/wp-json\/wp\/v2\/categories?post=6711"},{"taxonomy":"post_tag","embeddable":true,"href":"https:\/\/www.mobilier-design-occasion.fr\/magazine\/wp-json\/wp\/v2\/tags?post=6711"}],"curies":[{"name":"wp","href":"https:\/\/api.w.org\/{rel}","templated":true}]}}