{"id":6701,"date":"2023-07-05T08:11:56","date_gmt":"2023-07-05T08:11:56","guid":{"rendered":"https:\/\/www.mobilier-design-occasion.fr\/magazine\/?p=6701"},"modified":"2023-09-25T13:25:26","modified_gmt":"2023-09-25T13:25:26","slug":"mettez-en-valeur-votre-maison-avec-les-tableaux-abstrait-lofty-trend","status":"publish","type":"post","link":"https:\/\/www.mobilier-design-occasion.fr\/magazine\/mettez-en-valeur-votre-maison-avec-les-tableaux-abstrait-lofty-trend\/","title":{"rendered":"Mettez en valeur votre maison avec les tableaux Abstrait Lofty Trend !"},"content":{"rendered":"\n<p>\u00cates-vous passionn\u00e9 par les tableaux ? Vous vous \u00eates d\u00e9j\u00e0 demand\u00e9 comment les tableaux peuvent mettre en valeur votre int\u00e9rieur et envo\u00fbter vos invit\u00e9s ? En tant qu\u2019experts en d\u00e9coration, nous saurons vous conseiller sur la mani\u00e8re d\u2019utiliser les tableaux abstraits dans votre int\u00e9rieur. Dans cet article, vous allez en savoir plus sur:<\/p>\n\n\n\n<ul class=\"wp-block-list\">\n<li>Les avantages des \u00e9l\u00e9ments abstraits&nbsp;<\/li>\n\n\n\n<li>Les astuces \u00e0 adopter pour utiliser les tableaux abstraits<\/li>\n\n\n\n<li>Les autres \u00e9l\u00e9ments abstraits qui peuvent compl\u00e9ter les tableaux.<\/li>\n<\/ul>\n\n\n\n<p>A la fin de votre lecture, vous allez conna\u00eetre tous les atouts des tableaux abstraits dans la d\u00e9coration int\u00e9rieure. Vous saurez \u00e9galement comment les int\u00e9grer dans chaque pi\u00e8ce et quels sont les autres \u00e9l\u00e9ments abstraits utilisables. Sans plus tarder, d\u00e9couvrons cela ensemble.<\/p>\n\n\n\n<h2 class=\"wp-block-heading\"><span class=\"ez-toc-section\" id=\"I_Pourquoi_choisir_des_elements_abstraits\"><\/span>I. Pourquoi choisir des \u00e9l\u00e9ments abstraits ?<span class=\"ez-toc-section-end\"><\/span><\/h2><div id=\"ez-toc-container\" class=\"ez-toc-v2_0_82_2 counter-hierarchy ez-toc-counter ez-toc-grey ez-toc-container-direction\">\n<div class=\"ez-toc-title-container\">\n<span class=\"ez-toc-title-toggle\"><a href=\"#\" class=\"ez-toc-pull-right ez-toc-btn ez-toc-btn-xs ez-toc-btn-default ez-toc-toggle\" aria-label=\"Toggle Table of Content\"><span class=\"ez-toc-js-icon-con\"><span class=\"\"><span class=\"eztoc-hide\" style=\"display:none;\">Toggle<\/span><span class=\"ez-toc-icon-toggle-span\"><svg style=\"fill: #999;color:#999\" xmlns=\"http:\/\/www.w3.org\/2000\/svg\" class=\"list-377408\" width=\"20px\" height=\"20px\" viewBox=\"0 0 24 24\" fill=\"none\"><path d=\"M6 6H4v2h2V6zm14 0H8v2h12V6zM4 11h2v2H4v-2zm16 0H8v2h12v-2zM4 16h2v2H4v-2zm16 0H8v2h12v-2z\" fill=\"currentColor\"><\/path><\/svg><svg style=\"fill: #999;color:#999\" class=\"arrow-unsorted-368013\" xmlns=\"http:\/\/www.w3.org\/2000\/svg\" width=\"10px\" height=\"10px\" viewBox=\"0 0 24 24\" version=\"1.2\" baseProfile=\"tiny\"><path d=\"M18.2 9.3l-6.2-6.3-6.2 6.3c-.2.2-.3.4-.3.7s.1.5.3.7c.2.2.4.3.7.3h11c.3 0 .5-.1.7-.3.2-.2.3-.5.3-.7s-.1-.5-.3-.7zM5.8 14.7l6.2 6.3 6.2-6.3c.2-.2.3-.5.3-.7s-.1-.5-.3-.7c-.2-.2-.4-.3-.7-.3h-11c-.3 0-.5.1-.7.3-.2.2-.3.5-.3.7s.1.5.3.7z\"\/><\/svg><\/span><\/span><\/span><\/a><\/span><\/div>\n<nav><ul class='ez-toc-list ez-toc-list-level-1 eztoc-toggle-hide-by-default' ><li class='ez-toc-page-1 ez-toc-heading-level-2'><a class=\"ez-toc-link ez-toc-heading-1\" href=\"https:\/\/www.mobilier-design-occasion.fr\/magazine\/mettez-en-valeur-votre-maison-avec-les-tableaux-abstrait-lofty-trend\/#I_Pourquoi_choisir_des_elements_abstraits\" >I. Pourquoi choisir des \u00e9l\u00e9ments abstraits ?<\/a><ul class='ez-toc-list-level-3' ><li class='ez-toc-heading-level-3'><a class=\"ez-toc-link ez-toc-heading-2\" href=\"https:\/\/www.mobilier-design-occasion.fr\/magazine\/mettez-en-valeur-votre-maison-avec-les-tableaux-abstrait-lofty-trend\/#A_Les_atouts_des_elements_abstraits_dans_la_decoration_interieure\" >A. Les atouts des \u00e9l\u00e9ments abstraits dans la d\u00e9coration int\u00e9rieure<\/a><\/li><li class='ez-toc-page-1 ez-toc-heading-level-3'><a class=\"ez-toc-link ez-toc-heading-3\" href=\"https:\/\/www.mobilier-design-occasion.fr\/magazine\/mettez-en-valeur-votre-maison-avec-les-tableaux-abstrait-lofty-trend\/#B_Les_differents_types_delements_abstraits_a_utiliser_dans_la_decoration_interieure\" >B. Les diff\u00e9rents types d\u2019\u00e9l\u00e9ments abstraits \u00e0 utiliser dans la d\u00e9coration int\u00e9rieure<\/a><\/li><\/ul><\/li><li class='ez-toc-page-1 ez-toc-heading-level-2'><a class=\"ez-toc-link ez-toc-heading-4\" href=\"https:\/\/www.mobilier-design-occasion.fr\/magazine\/mettez-en-valeur-votre-maison-avec-les-tableaux-abstrait-lofty-trend\/#II_Comment_integrer_des_tableaux_abstraits_dans_votre_decoration_interieure\" >II. Comment int\u00e9grer des tableaux abstraits dans votre d\u00e9coration int\u00e9rieure ?<\/a><ul class='ez-toc-list-level-3' ><li class='ez-toc-heading-level-3'><a class=\"ez-toc-link ez-toc-heading-5\" href=\"https:\/\/www.mobilier-design-occasion.fr\/magazine\/mettez-en-valeur-votre-maison-avec-les-tableaux-abstrait-lofty-trend\/#A_Quelques_idees_dutilisation_des_tableaux_abstraits\" >A. Quelques id\u00e9es d\u2019utilisation des tableaux abstraits<\/a><\/li><li class='ez-toc-page-1 ez-toc-heading-level-3'><a class=\"ez-toc-link ez-toc-heading-6\" href=\"https:\/\/www.mobilier-design-occasion.fr\/magazine\/mettez-en-valeur-votre-maison-avec-les-tableaux-abstrait-lofty-trend\/#B_Choisir_un_tableau_abstrait_en_fonction_de_la_piece\" >B. Choisir un tableau abstrait en fonction de la pi\u00e8ce<\/a><\/li><li class='ez-toc-page-1 ez-toc-heading-level-3'><a class=\"ez-toc-link ez-toc-heading-7\" href=\"https:\/\/www.mobilier-design-occasion.fr\/magazine\/mettez-en-valeur-votre-maison-avec-les-tableaux-abstrait-lofty-trend\/#C_Quelques_astuces_pour_mettre_en_avant_les_tableaux_abstraits\" >C. Quelques astuces pour mettre en avant les tableaux abstraits<\/a><\/li><\/ul><\/li><li class='ez-toc-page-1 ez-toc-heading-level-2'><a class=\"ez-toc-link ez-toc-heading-8\" href=\"https:\/\/www.mobilier-design-occasion.fr\/magazine\/mettez-en-valeur-votre-maison-avec-les-tableaux-abstrait-lofty-trend\/#III_Dautres_elements_abstraits_a_considerer\" >III. D&#8217;autres \u00e9l\u00e9ments abstraits \u00e0 consid\u00e9rer<\/a><\/li><\/ul><\/nav><\/div>\n\n\n\n\n<p>Devenus populaires au cours du XXe si\u00e8cle, les \u00e9l\u00e9ments abstraits sont plus expressifs que d\u2019autres styles d\u2019int\u00e9rieur. En effet, les couleurs vives et les formes g\u00e9om\u00e9triques qui les composent cr\u00e9ent beaucoup plus d\u2019intensit\u00e9 dans la pi\u00e8ce o\u00f9 elles se trouvent.<\/p>\n\n\n\n<figure class=\"wp-block-image size-large\"><img loading=\"lazy\" decoding=\"async\" width=\"1024\" height=\"683\" src=\"https:\/\/www.mobilier-design-occasion.fr\/magazine\/wp-content\/uploads\/2023\/07\/pexels-max-rahubovskiy-6969824-1024x683.jpg\" alt=\"\" class=\"wp-image-6702\" srcset=\"https:\/\/www.mobilier-design-occasion.fr\/magazine\/wp-content\/uploads\/2023\/07\/pexels-max-rahubovskiy-6969824-1024x683.jpg 1024w, https:\/\/www.mobilier-design-occasion.fr\/magazine\/wp-content\/uploads\/2023\/07\/pexels-max-rahubovskiy-6969824-300x200.jpg 300w, https:\/\/www.mobilier-design-occasion.fr\/magazine\/wp-content\/uploads\/2023\/07\/pexels-max-rahubovskiy-6969824-768x512.jpg 768w, https:\/\/www.mobilier-design-occasion.fr\/magazine\/wp-content\/uploads\/2023\/07\/pexels-max-rahubovskiy-6969824-1536x1024.jpg 1536w, https:\/\/www.mobilier-design-occasion.fr\/magazine\/wp-content\/uploads\/2023\/07\/pexels-max-rahubovskiy-6969824-scaled.jpg 2048w, https:\/\/www.mobilier-design-occasion.fr\/magazine\/wp-content\/uploads\/2023\/07\/pexels-max-rahubovskiy-6969824-810x540.jpg 810w, https:\/\/www.mobilier-design-occasion.fr\/magazine\/wp-content\/uploads\/2023\/07\/pexels-max-rahubovskiy-6969824-1140x760.jpg 1140w\" sizes=\"auto, (max-width: 1024px) 100vw, 1024px\" \/><\/figure>\n\n\n\n<h3 class=\"wp-block-heading\"><span class=\"ez-toc-section\" id=\"A_Les_atouts_des_elements_abstraits_dans_la_decoration_interieure\"><\/span>A. Les atouts des \u00e9l\u00e9ments abstraits dans la d\u00e9coration int\u00e9rieure<span class=\"ez-toc-section-end\"><\/span><\/h3>\n\n\n\n<p>En cr\u00e9ant les \u00e9l\u00e9ments abstraits, les artistes peuvent laisser libre cours \u00e0 leur imagination. Ainsi, ils peuvent cr\u00e9er des <strong>\u0153uvres uniques et inspirantes sans devoir suivre les r\u00e8gles du r\u00e9alisme<\/strong>. Les effets visuels sur ces \u00e9l\u00e9ments sont aussi plus attractifs, notamment si les couleurs et les formes sont en parfaite harmonie. En outre, sachez qu\u2019on n\u2019a pas besoin d\u2019\u00eatre amateurs d\u2019art pour comprendre les messages diffus\u00e9s par le style abstrait.&nbsp;<\/p>\n\n\n\n<h3 class=\"wp-block-heading\"><span class=\"ez-toc-section\" id=\"B_Les_differents_types_delements_abstraits_a_utiliser_dans_la_decoration_interieure\"><\/span>B. Les diff\u00e9rents types d\u2019\u00e9l\u00e9ments abstraits \u00e0 utiliser dans la d\u00e9coration int\u00e9rieure<span class=\"ez-toc-section-end\"><\/span><\/h3>\n\n\n\n<p>Si vous commencez \u00e0 adopter le style abstrait dans votre int\u00e9rieur, choisissez les motifs g\u00e9om\u00e9triques aux couleurs vives. Ceux-ci peuvent \u00eatre plac\u00e9s <a href=\"https:\/\/loftytrend.com\/collections\/tableaux-abstrait\">sur des tableaux abstraits<\/a> ou sur vos meubles existants. Il se caract\u00e9rise par des dessins aux traits particuliers qui s\u2019accordent parfaitement \u00e0 tous les styles de d\u00e9coration.<\/p>\n\n\n\n<h2 class=\"wp-block-heading\"><span class=\"ez-toc-section\" id=\"II_Comment_integrer_des_tableaux_abstraits_dans_votre_decoration_interieure\"><\/span>II. Comment int\u00e9grer des tableaux abstraits dans votre d\u00e9coration int\u00e9rieure ?<span class=\"ez-toc-section-end\"><\/span><\/h2>\n\n\n\n<p>Vous pouvez choisir des tableaux qui se conjuguent au reste de votre d\u00e9coration int\u00e9rieure en assortissant les couleurs. Cependant, cela ne vous emp\u00eache pas d\u2019opter pour un tableau qui vous attire d\u00e8s le premier coup d\u2019\u0153il.<\/p>\n\n\n\n\n\n<h3 class=\"wp-block-heading\"><span class=\"ez-toc-section\" id=\"A_Quelques_idees_dutilisation_des_tableaux_abstraits\"><\/span>A. Quelques id\u00e9es d\u2019utilisation des tableaux abstraits<span class=\"ez-toc-section-end\"><\/span><\/h3>\n\n\n\n<p>Les tableaux abstraits permettent d\u2019illuminer les murs blancs. Mais ils conviennent aussi \u00e0 un mur fonc\u00e9 en cr\u00e9ant un effet de profondeur. Par ailleurs, <strong>choisissez des toiles contemporaines tr\u00e8s color\u00e9es<\/strong> pour casser le c\u00f4t\u00e9 aust\u00e8re des meubles anciens et des pi\u00e8ces d\u2019antiquaire. Sachez que les mod\u00e8les impressionnistes, figuratifs et modernes peuvent se combiner parfaitement.<\/p>\n\n\n\n<h3 class=\"wp-block-heading\"><span class=\"ez-toc-section\" id=\"B_Choisir_un_tableau_abstrait_en_fonction_de_la_piece\"><\/span>B. Choisir un tableau abstrait en fonction de la pi\u00e8ce<span class=\"ez-toc-section-end\"><\/span><\/h3>\n\n\n\n<p>Les grandes toiles de format carr\u00e9 pos\u00e9es c\u00f4te \u00e0 c\u00f4te sont id\u00e9ales pour les grandes pi\u00e8ces. Pour les pi\u00e8ces restreintes, privil\u00e9giez les petits tableaux monochromes pour cr\u00e9er un effet de grandeur. En revanche, si vous disposez d\u2019une pi\u00e8ce en longueur, optez plut\u00f4t pour les mod\u00e8les triptyques pour cr\u00e9er un effet de profondeur. Quant \u00e0 une pi\u00e8ce au plafond rampant, il est pr\u00e9f\u00e9rable de<strong> choisir une toile XXL<\/strong> pour mettre votre mur en valeur.&nbsp;<\/p>\n\n\n\n<h3 class=\"wp-block-heading\"><span class=\"ez-toc-section\" id=\"C_Quelques_astuces_pour_mettre_en_avant_les_tableaux_abstraits\"><\/span>C. Quelques astuces pour mettre en avant les tableaux abstraits<span class=\"ez-toc-section-end\"><\/span><\/h3>\n\n\n\n<p>Qu\u2019elle soit naturelle ou \u00e9lectrique, la lumi\u00e8re met en avant les tableaux. Il est pr\u00e9f\u00e9rable de les placer au-dessus d\u2019une petite applique que de les exposer directement \u00e0 la lumi\u00e8re. Utilisez des anneaux pour l\u2019accrochage en posant deux sur les parties lat\u00e9rales et de tendre une ficelle \u00e9paisse entre eux. Ainsi, vous pouvez \u00eatre s\u00fbr que vos tableaux restent stables, m\u00eame s\u2019ils sont petits. Vous pouvez aussi miser sur les cimaises pour accrocher plusieurs toiles au m\u00eame endroit. Cet outil est \u00e0 privil\u00e9gier si vous ne voulez pas percer votre mur, tout en affichant vos toiles de mani\u00e8re discr\u00e8te. Si vous souhaitez encadrer vos tableaux, il est pr\u00e9f\u00e9rable d\u2019utiliser une <strong>baguette blanche ou noire ou une caisse am\u00e9ricaine<\/strong>.<\/p>\n\n\n\n<h2 class=\"wp-block-heading\"><span class=\"ez-toc-section\" id=\"III_Dautres_elements_abstraits_a_considerer\"><\/span>III. D&#8217;autres \u00e9l\u00e9ments abstraits \u00e0 consid\u00e9rer<span class=\"ez-toc-section-end\"><\/span><\/h2>\n\n\n\n\n\n<p>Outre les tableaux, d\u2019autres \u00e9l\u00e9ments abstraits peuvent servir de d\u00e9coration d\u2019int\u00e9rieur. Plusieurs possibilit\u00e9s se pr\u00e9sentent \u00e0 vous pour adopter ce style dans vos pi\u00e8ces. Les <strong>styles abstraits peuvent \u00eatre refl\u00e9t\u00e9s \u00e0 travers plusieurs \u00e9l\u00e9ments de d\u00e9coration<\/strong>. On peut distinguer notamment les tables basses, les tapis, les \u00e9tag\u00e8res, les lustres, les coussins, les sculptures et bien d\u2019autres encore.<\/p>\n\n\n\n<p>Les meubles abstraits s\u2019int\u00e8grent parfaitement dans les salons ou dans les biblioth\u00e8ques. Vous pouvez, par exemple, mettre une <a href=\"https:\/\/www.mobilier-design-occasion.fr\/magazine\/comment-acheter-une-table-basse-pas-chere-sans-compromettre-la-qualite-7-etapes\/\">table basse<\/a> aux lignes \u00e9pur\u00e9es et aux motifs g\u00e9om\u00e9triques au milieu de votre salon. Il est \u00e9galement possible de mettre un tapis \u00e0 motif assorti au-dessous pour un effet captivant. Pour les \u00e9tag\u00e8res, misez sur les formes cubiques en combinant deux \u00e0 trois couleurs. Par ailleurs, int\u00e9grez les lustres dans votre salle \u00e0 manger en privil\u00e9giant les mod\u00e8les en m\u00e9tal et en forme g\u00e9om\u00e9trique. Les abat-jour aux motifs audacieux, quant \u00e0 eux, se placent dans les chambres \u00e0 coucher.<\/p>\n\n\n\n<p>Vous savez tout sur la d\u00e9coration d\u2019int\u00e9rieur abstraite. N\u2019h\u00e9sitez pas \u00e0 l\u2019incorporer dans toutes les pi\u00e8ces de votre maison, peu importe le style de d\u00e9coration d\u00e9j\u00e0 pr\u00e9sent.&nbsp;<\/p>\n","protected":false},"excerpt":{"rendered":"<p>\u00cates-vous passionn\u00e9 par les tableaux ? Vous vous \u00eates d\u00e9j\u00e0 demand\u00e9 comment les tableaux peuvent mettre en valeur votre int\u00e9rieur et envo\u00fbter vos invit\u00e9s ? En tant qu\u2019experts en d\u00e9coration, nous saurons vous conseiller sur la mani\u00e8re d\u2019utiliser les tableaux abstraits dans votre int\u00e9rieur. Dans cet article, vous allez en savoir plus sur: A la [&hellip;]<\/p>\n","protected":false},"author":1,"featured_media":6702,"comment_status":"open","ping_status":"open","sticky":false,"template":"","format":"standard","meta":{"footnotes":""},"categories":[122],"tags":[],"class_list":["post-6701","post","type-post","status-publish","format-standard","has-post-thumbnail","hentry","category-salon"],"yoast_head":"<!-- This site is optimized with the Yoast SEO plugin v27.5 - https:\/\/yoast.com\/product\/yoast-seo-wordpress\/ -->\n<title>Mettez en valeur votre maison avec les tableaux Abstrait Lofty Trend ! - Mobilier Design Magazine<\/title>\n<meta name=\"robots\" content=\"index, follow, max-snippet:-1, max-image-preview:large, max-video-preview:-1\" \/>\n<link rel=\"canonical\" href=\"https:\/\/www.mobilier-design-occasion.fr\/magazine\/mettez-en-valeur-votre-maison-avec-les-tableaux-abstrait-lofty-trend\/\" \/>\n<meta property=\"og:locale\" content=\"fr_FR\" \/>\n<meta property=\"og:type\" content=\"article\" \/>\n<meta property=\"og:title\" content=\"Mettez en valeur votre maison avec les tableaux Abstrait Lofty Trend ! - Mobilier Design Magazine\" \/>\n<meta property=\"og:description\" content=\"\u00cates-vous passionn\u00e9 par les tableaux ? Vous vous \u00eates d\u00e9j\u00e0 demand\u00e9 comment les tableaux peuvent mettre en valeur votre int\u00e9rieur et envo\u00fbter vos invit\u00e9s ? En tant qu\u2019experts en d\u00e9coration, nous saurons vous conseiller sur la mani\u00e8re d\u2019utiliser les tableaux abstraits dans votre int\u00e9rieur. Dans cet article, vous allez en savoir plus sur: A la [&hellip;]\" \/>\n<meta property=\"og:url\" content=\"https:\/\/www.mobilier-design-occasion.fr\/magazine\/mettez-en-valeur-votre-maison-avec-les-tableaux-abstrait-lofty-trend\/\" \/>\n<meta property=\"og:site_name\" content=\"Mobilier Design Magazine\" \/>\n<meta property=\"article:publisher\" content=\"https:\/\/www.facebook.com\/mobilierdesignoccasion\" \/>\n<meta property=\"article:published_time\" content=\"2023-07-05T08:11:56+00:00\" \/>\n<meta property=\"article:modified_time\" content=\"2023-09-25T13:25:26+00:00\" \/>\n<meta property=\"og:image\" content=\"https:\/\/www.mobilier-design-occasion.fr\/magazine\/wp-content\/uploads\/2023\/07\/pexels-max-rahubovskiy-6969824-scaled.jpg\" \/>\n\t<meta property=\"og:image:width\" content=\"2048\" \/>\n\t<meta property=\"og:image:height\" content=\"1365\" \/>\n\t<meta property=\"og:image:type\" content=\"image\/jpeg\" \/>\n<meta name=\"author\" content=\"Cyrielle Poirot\" \/>\n<meta name=\"twitter:card\" content=\"summary_large_image\" \/>\n<meta name=\"twitter:label1\" content=\"\u00c9crit par\" \/>\n\t<meta name=\"twitter:data1\" content=\"Cyrielle Poirot\" \/>\n\t<meta name=\"twitter:label2\" content=\"Dur\u00e9e de lecture estim\u00e9e\" \/>\n\t<meta name=\"twitter:data2\" content=\"5 minutes\" \/>\n<script type=\"application\/ld+json\" class=\"yoast-schema-graph\">{\"@context\":\"https:\\\/\\\/schema.org\",\"@graph\":[{\"@type\":\"Article\",\"@id\":\"https:\\\/\\\/www.mobilier-design-occasion.fr\\\/magazine\\\/mettez-en-valeur-votre-maison-avec-les-tableaux-abstrait-lofty-trend\\\/#article\",\"isPartOf\":{\"@id\":\"https:\\\/\\\/www.mobilier-design-occasion.fr\\\/magazine\\\/mettez-en-valeur-votre-maison-avec-les-tableaux-abstrait-lofty-trend\\\/\"},\"author\":{\"name\":\"Cyrielle Poirot\",\"@id\":\"https:\\\/\\\/www.mobilier-design-occasion.fr\\\/magazine\\\/#\\\/schema\\\/person\\\/5b2e5627a714ddadaaf8c9b886c55eff\"},\"headline\":\"Mettez en valeur votre maison avec les tableaux Abstrait Lofty Trend !\",\"datePublished\":\"2023-07-05T08:11:56+00:00\",\"dateModified\":\"2023-09-25T13:25:26+00:00\",\"mainEntityOfPage\":{\"@id\":\"https:\\\/\\\/www.mobilier-design-occasion.fr\\\/magazine\\\/mettez-en-valeur-votre-maison-avec-les-tableaux-abstrait-lofty-trend\\\/\"},\"wordCount\":956,\"commentCount\":0,\"publisher\":{\"@id\":\"https:\\\/\\\/www.mobilier-design-occasion.fr\\\/magazine\\\/#organization\"},\"image\":{\"@id\":\"https:\\\/\\\/www.mobilier-design-occasion.fr\\\/magazine\\\/mettez-en-valeur-votre-maison-avec-les-tableaux-abstrait-lofty-trend\\\/#primaryimage\"},\"thumbnailUrl\":\"https:\\\/\\\/www.mobilier-design-occasion.fr\\\/magazine\\\/wp-content\\\/uploads\\\/2023\\\/07\\\/pexels-max-rahubovskiy-6969824-scaled.jpg\",\"articleSection\":[\"Salon\"],\"inLanguage\":\"fr-FR\",\"potentialAction\":[{\"@type\":\"CommentAction\",\"name\":\"Comment\",\"target\":[\"https:\\\/\\\/www.mobilier-design-occasion.fr\\\/magazine\\\/mettez-en-valeur-votre-maison-avec-les-tableaux-abstrait-lofty-trend\\\/#respond\"]}]},{\"@type\":\"WebPage\",\"@id\":\"https:\\\/\\\/www.mobilier-design-occasion.fr\\\/magazine\\\/mettez-en-valeur-votre-maison-avec-les-tableaux-abstrait-lofty-trend\\\/\",\"url\":\"https:\\\/\\\/www.mobilier-design-occasion.fr\\\/magazine\\\/mettez-en-valeur-votre-maison-avec-les-tableaux-abstrait-lofty-trend\\\/\",\"name\":\"Mettez en valeur votre maison avec les tableaux Abstrait Lofty Trend ! - Mobilier Design Magazine\",\"isPartOf\":{\"@id\":\"https:\\\/\\\/www.mobilier-design-occasion.fr\\\/magazine\\\/#website\"},\"primaryImageOfPage\":{\"@id\":\"https:\\\/\\\/www.mobilier-design-occasion.fr\\\/magazine\\\/mettez-en-valeur-votre-maison-avec-les-tableaux-abstrait-lofty-trend\\\/#primaryimage\"},\"image\":{\"@id\":\"https:\\\/\\\/www.mobilier-design-occasion.fr\\\/magazine\\\/mettez-en-valeur-votre-maison-avec-les-tableaux-abstrait-lofty-trend\\\/#primaryimage\"},\"thumbnailUrl\":\"https:\\\/\\\/www.mobilier-design-occasion.fr\\\/magazine\\\/wp-content\\\/uploads\\\/2023\\\/07\\\/pexels-max-rahubovskiy-6969824-scaled.jpg\",\"datePublished\":\"2023-07-05T08:11:56+00:00\",\"dateModified\":\"2023-09-25T13:25:26+00:00\",\"breadcrumb\":{\"@id\":\"https:\\\/\\\/www.mobilier-design-occasion.fr\\\/magazine\\\/mettez-en-valeur-votre-maison-avec-les-tableaux-abstrait-lofty-trend\\\/#breadcrumb\"},\"inLanguage\":\"fr-FR\",\"potentialAction\":[{\"@type\":\"ReadAction\",\"target\":[\"https:\\\/\\\/www.mobilier-design-occasion.fr\\\/magazine\\\/mettez-en-valeur-votre-maison-avec-les-tableaux-abstrait-lofty-trend\\\/\"]}]},{\"@type\":\"ImageObject\",\"inLanguage\":\"fr-FR\",\"@id\":\"https:\\\/\\\/www.mobilier-design-occasion.fr\\\/magazine\\\/mettez-en-valeur-votre-maison-avec-les-tableaux-abstrait-lofty-trend\\\/#primaryimage\",\"url\":\"https:\\\/\\\/www.mobilier-design-occasion.fr\\\/magazine\\\/wp-content\\\/uploads\\\/2023\\\/07\\\/pexels-max-rahubovskiy-6969824-scaled.jpg\",\"contentUrl\":\"https:\\\/\\\/www.mobilier-design-occasion.fr\\\/magazine\\\/wp-content\\\/uploads\\\/2023\\\/07\\\/pexels-max-rahubovskiy-6969824-scaled.jpg\",\"width\":2048,\"height\":1365},{\"@type\":\"BreadcrumbList\",\"@id\":\"https:\\\/\\\/www.mobilier-design-occasion.fr\\\/magazine\\\/mettez-en-valeur-votre-maison-avec-les-tableaux-abstrait-lofty-trend\\\/#breadcrumb\",\"itemListElement\":[{\"@type\":\"ListItem\",\"position\":1,\"name\":\"Accueil\",\"item\":\"https:\\\/\\\/www.mobilier-design-occasion.fr\\\/magazine\\\/\"},{\"@type\":\"ListItem\",\"position\":2,\"name\":\"Mettez en valeur votre maison avec les tableaux Abstrait Lofty Trend !\"}]},{\"@type\":\"WebSite\",\"@id\":\"https:\\\/\\\/www.mobilier-design-occasion.fr\\\/magazine\\\/#website\",\"url\":\"https:\\\/\\\/www.mobilier-design-occasion.fr\\\/magazine\\\/\",\"name\":\"Mobilier Design Magazine\",\"description\":\"\",\"publisher\":{\"@id\":\"https:\\\/\\\/www.mobilier-design-occasion.fr\\\/magazine\\\/#organization\"},\"potentialAction\":[{\"@type\":\"SearchAction\",\"target\":{\"@type\":\"EntryPoint\",\"urlTemplate\":\"https:\\\/\\\/www.mobilier-design-occasion.fr\\\/magazine\\\/?s={search_term_string}\"},\"query-input\":{\"@type\":\"PropertyValueSpecification\",\"valueRequired\":true,\"valueName\":\"search_term_string\"}}],\"inLanguage\":\"fr-FR\"},{\"@type\":\"Organization\",\"@id\":\"https:\\\/\\\/www.mobilier-design-occasion.fr\\\/magazine\\\/#organization\",\"name\":\"Mobilier Design Magazine\",\"url\":\"https:\\\/\\\/www.mobilier-design-occasion.fr\\\/magazine\\\/\",\"logo\":{\"@type\":\"ImageObject\",\"inLanguage\":\"fr-FR\",\"@id\":\"https:\\\/\\\/www.mobilier-design-occasion.fr\\\/magazine\\\/#\\\/schema\\\/logo\\\/image\\\/\",\"url\":\"https:\\\/\\\/www.mobilier-design-occasion.fr\\\/magazine\\\/wp-content\\\/uploads\\\/2024\\\/02\\\/android-chrome-192x192-1.png\",\"contentUrl\":\"https:\\\/\\\/www.mobilier-design-occasion.fr\\\/magazine\\\/wp-content\\\/uploads\\\/2024\\\/02\\\/android-chrome-192x192-1.png\",\"width\":192,\"height\":192,\"caption\":\"Mobilier Design Magazine\"},\"image\":{\"@id\":\"https:\\\/\\\/www.mobilier-design-occasion.fr\\\/magazine\\\/#\\\/schema\\\/logo\\\/image\\\/\"},\"sameAs\":[\"https:\\\/\\\/www.facebook.com\\\/mobilierdesignoccasion\"]},{\"@type\":\"Person\",\"@id\":\"https:\\\/\\\/www.mobilier-design-occasion.fr\\\/magazine\\\/#\\\/schema\\\/person\\\/5b2e5627a714ddadaaf8c9b886c55eff\",\"name\":\"Cyrielle Poirot\",\"image\":{\"@type\":\"ImageObject\",\"inLanguage\":\"fr-FR\",\"@id\":\"https:\\\/\\\/secure.gravatar.com\\\/avatar\\\/c8d2674e093b06894d8d1dc468b626bd752523471f3ac6e75f7c7a1400d40b4d?s=96&d=mm&r=g\",\"url\":\"https:\\\/\\\/secure.gravatar.com\\\/avatar\\\/c8d2674e093b06894d8d1dc468b626bd752523471f3ac6e75f7c7a1400d40b4d?s=96&d=mm&r=g\",\"contentUrl\":\"https:\\\/\\\/secure.gravatar.com\\\/avatar\\\/c8d2674e093b06894d8d1dc468b626bd752523471f3ac6e75f7c7a1400d40b4d?s=96&d=mm&r=g\",\"caption\":\"Cyrielle Poirot\"},\"description\":\"Cyrielle est passionn\u00e9e par la d\u00e9coration d'int\u00e9rieur et s'est sp\u00e9cialis\u00e9e depuis quelques ann\u00e9es dans l'\u00e9dition du site Mobilier-Design, avec une touche sp\u00e9cifique pour les produits d'occasion.\",\"sameAs\":[\"https:\\\/\\\/www.mobilier-design-occasion.fr\\\/magazine\"],\"url\":\"https:\\\/\\\/www.mobilier-design-occasion.fr\\\/magazine\\\/author\\\/cyrielle\\\/\"}]}<\/script>\n<!-- \/ Yoast SEO plugin. -->","yoast_head_json":{"title":"Mettez en valeur votre maison avec les tableaux Abstrait Lofty Trend ! - Mobilier Design Magazine","robots":{"index":"index","follow":"follow","max-snippet":"max-snippet:-1","max-image-preview":"max-image-preview:large","max-video-preview":"max-video-preview:-1"},"canonical":"https:\/\/www.mobilier-design-occasion.fr\/magazine\/mettez-en-valeur-votre-maison-avec-les-tableaux-abstrait-lofty-trend\/","og_locale":"fr_FR","og_type":"article","og_title":"Mettez en valeur votre maison avec les tableaux Abstrait Lofty Trend ! - Mobilier Design Magazine","og_description":"\u00cates-vous passionn\u00e9 par les tableaux ? Vous vous \u00eates d\u00e9j\u00e0 demand\u00e9 comment les tableaux peuvent mettre en valeur votre int\u00e9rieur et envo\u00fbter vos invit\u00e9s ? En tant qu\u2019experts en d\u00e9coration, nous saurons vous conseiller sur la mani\u00e8re d\u2019utiliser les tableaux abstraits dans votre int\u00e9rieur. Dans cet article, vous allez en savoir plus sur: A la [&hellip;]","og_url":"https:\/\/www.mobilier-design-occasion.fr\/magazine\/mettez-en-valeur-votre-maison-avec-les-tableaux-abstrait-lofty-trend\/","og_site_name":"Mobilier Design Magazine","article_publisher":"https:\/\/www.facebook.com\/mobilierdesignoccasion","article_published_time":"2023-07-05T08:11:56+00:00","article_modified_time":"2023-09-25T13:25:26+00:00","og_image":[{"width":2048,"height":1365,"url":"https:\/\/www.mobilier-design-occasion.fr\/magazine\/wp-content\/uploads\/2023\/07\/pexels-max-rahubovskiy-6969824-scaled.jpg","type":"image\/jpeg"}],"author":"Cyrielle Poirot","twitter_card":"summary_large_image","twitter_misc":{"\u00c9crit par":"Cyrielle Poirot","Dur\u00e9e de lecture estim\u00e9e":"5 minutes"},"schema":{"@context":"https:\/\/schema.org","@graph":[{"@type":"Article","@id":"https:\/\/www.mobilier-design-occasion.fr\/magazine\/mettez-en-valeur-votre-maison-avec-les-tableaux-abstrait-lofty-trend\/#article","isPartOf":{"@id":"https:\/\/www.mobilier-design-occasion.fr\/magazine\/mettez-en-valeur-votre-maison-avec-les-tableaux-abstrait-lofty-trend\/"},"author":{"name":"Cyrielle Poirot","@id":"https:\/\/www.mobilier-design-occasion.fr\/magazine\/#\/schema\/person\/5b2e5627a714ddadaaf8c9b886c55eff"},"headline":"Mettez en valeur votre maison avec les tableaux Abstrait Lofty Trend !","datePublished":"2023-07-05T08:11:56+00:00","dateModified":"2023-09-25T13:25:26+00:00","mainEntityOfPage":{"@id":"https:\/\/www.mobilier-design-occasion.fr\/magazine\/mettez-en-valeur-votre-maison-avec-les-tableaux-abstrait-lofty-trend\/"},"wordCount":956,"commentCount":0,"publisher":{"@id":"https:\/\/www.mobilier-design-occasion.fr\/magazine\/#organization"},"image":{"@id":"https:\/\/www.mobilier-design-occasion.fr\/magazine\/mettez-en-valeur-votre-maison-avec-les-tableaux-abstrait-lofty-trend\/#primaryimage"},"thumbnailUrl":"https:\/\/www.mobilier-design-occasion.fr\/magazine\/wp-content\/uploads\/2023\/07\/pexels-max-rahubovskiy-6969824-scaled.jpg","articleSection":["Salon"],"inLanguage":"fr-FR","potentialAction":[{"@type":"CommentAction","name":"Comment","target":["https:\/\/www.mobilier-design-occasion.fr\/magazine\/mettez-en-valeur-votre-maison-avec-les-tableaux-abstrait-lofty-trend\/#respond"]}]},{"@type":"WebPage","@id":"https:\/\/www.mobilier-design-occasion.fr\/magazine\/mettez-en-valeur-votre-maison-avec-les-tableaux-abstrait-lofty-trend\/","url":"https:\/\/www.mobilier-design-occasion.fr\/magazine\/mettez-en-valeur-votre-maison-avec-les-tableaux-abstrait-lofty-trend\/","name":"Mettez en valeur votre maison avec les tableaux Abstrait Lofty Trend ! - Mobilier Design Magazine","isPartOf":{"@id":"https:\/\/www.mobilier-design-occasion.fr\/magazine\/#website"},"primaryImageOfPage":{"@id":"https:\/\/www.mobilier-design-occasion.fr\/magazine\/mettez-en-valeur-votre-maison-avec-les-tableaux-abstrait-lofty-trend\/#primaryimage"},"image":{"@id":"https:\/\/www.mobilier-design-occasion.fr\/magazine\/mettez-en-valeur-votre-maison-avec-les-tableaux-abstrait-lofty-trend\/#primaryimage"},"thumbnailUrl":"https:\/\/www.mobilier-design-occasion.fr\/magazine\/wp-content\/uploads\/2023\/07\/pexels-max-rahubovskiy-6969824-scaled.jpg","datePublished":"2023-07-05T08:11:56+00:00","dateModified":"2023-09-25T13:25:26+00:00","breadcrumb":{"@id":"https:\/\/www.mobilier-design-occasion.fr\/magazine\/mettez-en-valeur-votre-maison-avec-les-tableaux-abstrait-lofty-trend\/#breadcrumb"},"inLanguage":"fr-FR","potentialAction":[{"@type":"ReadAction","target":["https:\/\/www.mobilier-design-occasion.fr\/magazine\/mettez-en-valeur-votre-maison-avec-les-tableaux-abstrait-lofty-trend\/"]}]},{"@type":"ImageObject","inLanguage":"fr-FR","@id":"https:\/\/www.mobilier-design-occasion.fr\/magazine\/mettez-en-valeur-votre-maison-avec-les-tableaux-abstrait-lofty-trend\/#primaryimage","url":"https:\/\/www.mobilier-design-occasion.fr\/magazine\/wp-content\/uploads\/2023\/07\/pexels-max-rahubovskiy-6969824-scaled.jpg","contentUrl":"https:\/\/www.mobilier-design-occasion.fr\/magazine\/wp-content\/uploads\/2023\/07\/pexels-max-rahubovskiy-6969824-scaled.jpg","width":2048,"height":1365},{"@type":"BreadcrumbList","@id":"https:\/\/www.mobilier-design-occasion.fr\/magazine\/mettez-en-valeur-votre-maison-avec-les-tableaux-abstrait-lofty-trend\/#breadcrumb","itemListElement":[{"@type":"ListItem","position":1,"name":"Accueil","item":"https:\/\/www.mobilier-design-occasion.fr\/magazine\/"},{"@type":"ListItem","position":2,"name":"Mettez en valeur votre maison avec les tableaux Abstrait Lofty Trend !"}]},{"@type":"WebSite","@id":"https:\/\/www.mobilier-design-occasion.fr\/magazine\/#website","url":"https:\/\/www.mobilier-design-occasion.fr\/magazine\/","name":"Mobilier Design Magazine","description":"","publisher":{"@id":"https:\/\/www.mobilier-design-occasion.fr\/magazine\/#organization"},"potentialAction":[{"@type":"SearchAction","target":{"@type":"EntryPoint","urlTemplate":"https:\/\/www.mobilier-design-occasion.fr\/magazine\/?s={search_term_string}"},"query-input":{"@type":"PropertyValueSpecification","valueRequired":true,"valueName":"search_term_string"}}],"inLanguage":"fr-FR"},{"@type":"Organization","@id":"https:\/\/www.mobilier-design-occasion.fr\/magazine\/#organization","name":"Mobilier Design Magazine","url":"https:\/\/www.mobilier-design-occasion.fr\/magazine\/","logo":{"@type":"ImageObject","inLanguage":"fr-FR","@id":"https:\/\/www.mobilier-design-occasion.fr\/magazine\/#\/schema\/logo\/image\/","url":"https:\/\/www.mobilier-design-occasion.fr\/magazine\/wp-content\/uploads\/2024\/02\/android-chrome-192x192-1.png","contentUrl":"https:\/\/www.mobilier-design-occasion.fr\/magazine\/wp-content\/uploads\/2024\/02\/android-chrome-192x192-1.png","width":192,"height":192,"caption":"Mobilier Design Magazine"},"image":{"@id":"https:\/\/www.mobilier-design-occasion.fr\/magazine\/#\/schema\/logo\/image\/"},"sameAs":["https:\/\/www.facebook.com\/mobilierdesignoccasion"]},{"@type":"Person","@id":"https:\/\/www.mobilier-design-occasion.fr\/magazine\/#\/schema\/person\/5b2e5627a714ddadaaf8c9b886c55eff","name":"Cyrielle Poirot","image":{"@type":"ImageObject","inLanguage":"fr-FR","@id":"https:\/\/secure.gravatar.com\/avatar\/c8d2674e093b06894d8d1dc468b626bd752523471f3ac6e75f7c7a1400d40b4d?s=96&d=mm&r=g","url":"https:\/\/secure.gravatar.com\/avatar\/c8d2674e093b06894d8d1dc468b626bd752523471f3ac6e75f7c7a1400d40b4d?s=96&d=mm&r=g","contentUrl":"https:\/\/secure.gravatar.com\/avatar\/c8d2674e093b06894d8d1dc468b626bd752523471f3ac6e75f7c7a1400d40b4d?s=96&d=mm&r=g","caption":"Cyrielle Poirot"},"description":"Cyrielle est passionn\u00e9e par la d\u00e9coration d'int\u00e9rieur et s'est sp\u00e9cialis\u00e9e depuis quelques ann\u00e9es dans l'\u00e9dition du site Mobilier-Design, avec une touche sp\u00e9cifique pour les produits d'occasion.","sameAs":["https:\/\/www.mobilier-design-occasion.fr\/magazine"],"url":"https:\/\/www.mobilier-design-occasion.fr\/magazine\/author\/cyrielle\/"}]}},"_links":{"self":[{"href":"https:\/\/www.mobilier-design-occasion.fr\/magazine\/wp-json\/wp\/v2\/posts\/6701","targetHints":{"allow":["GET"]}}],"collection":[{"href":"https:\/\/www.mobilier-design-occasion.fr\/magazine\/wp-json\/wp\/v2\/posts"}],"about":[{"href":"https:\/\/www.mobilier-design-occasion.fr\/magazine\/wp-json\/wp\/v2\/types\/post"}],"author":[{"embeddable":true,"href":"https:\/\/www.mobilier-design-occasion.fr\/magazine\/wp-json\/wp\/v2\/users\/1"}],"replies":[{"embeddable":true,"href":"https:\/\/www.mobilier-design-occasion.fr\/magazine\/wp-json\/wp\/v2\/comments?post=6701"}],"version-history":[{"count":1,"href":"https:\/\/www.mobilier-design-occasion.fr\/magazine\/wp-json\/wp\/v2\/posts\/6701\/revisions"}],"predecessor-version":[{"id":6706,"href":"https:\/\/www.mobilier-design-occasion.fr\/magazine\/wp-json\/wp\/v2\/posts\/6701\/revisions\/6706"}],"wp:featuredmedia":[{"embeddable":true,"href":"https:\/\/www.mobilier-design-occasion.fr\/magazine\/wp-json\/wp\/v2\/media\/6702"}],"wp:attachment":[{"href":"https:\/\/www.mobilier-design-occasion.fr\/magazine\/wp-json\/wp\/v2\/media?parent=6701"}],"wp:term":[{"taxonomy":"category","embeddable":true,"href":"https:\/\/www.mobilier-design-occasion.fr\/magazine\/wp-json\/wp\/v2\/categories?post=6701"},{"taxonomy":"post_tag","embeddable":true,"href":"https:\/\/www.mobilier-design-occasion.fr\/magazine\/wp-json\/wp\/v2\/tags?post=6701"}],"curies":[{"name":"wp","href":"https:\/\/api.w.org\/{rel}","templated":true}]}}