{"id":6693,"date":"2023-07-03T13:54:32","date_gmt":"2023-07-03T13:54:32","guid":{"rendered":"https:\/\/www.mobilier-design-occasion.fr\/magazine\/?p=6693"},"modified":"2023-09-25T13:27:25","modified_gmt":"2023-09-25T13:27:25","slug":"pourquoi-installer-un-porte-manteau-mural-dans-votre-interieur","status":"publish","type":"post","link":"https:\/\/www.mobilier-design-occasion.fr\/magazine\/pourquoi-installer-un-porte-manteau-mural-dans-votre-interieur\/","title":{"rendered":"Pourquoi installer un porte-manteau mural dans votre int\u00e9rieur\u2009?"},"content":{"rendered":"\n<p>Le porte-manteau est un mobilier de rangement pratique et esth\u00e9tique. Il vous permet d\u2019arranger vos tenues, vos manteaux et vos accessoires. Il se d\u00e9cline sous diff\u00e9rents mod\u00e8les. Toutefois, le porte-manteau mural reste l\u2019une des options les plus pl\u00e9biscit\u00e9es. D\u00e9couvrez ici tous les avantages de ce mobilier de rangement.<\/p>\n\n\n\n<h2 class=\"wp-block-heading\">Une optimisation de votre espace de rangement<\/h2>\n\n\n\n<p>Le\u00a0<a rel=\"noreferrer noopener\" href=\"https:\/\/patere-murale.com\/pages\/porte-manteau-mural\" target=\"_blank\">porte manteau mural bois ou m\u00e9tal<\/a>\u00a0est\u00a0<strong>une solution de rangement maline<\/strong>.<\/p>\n\n\n\n<figure class=\"wp-block-image size-large\"><img loading=\"lazy\" decoding=\"async\" width=\"1024\" height=\"683\" src=\"https:\/\/www.mobilier-design-occasion.fr\/magazine\/wp-content\/uploads\/2023\/07\/452cc15d9f6388c8a20bd947ce0cd704-1024x683.jpg\" alt=\"\" class=\"wp-image-6694\" srcset=\"https:\/\/www.mobilier-design-occasion.fr\/magazine\/wp-content\/uploads\/2023\/07\/452cc15d9f6388c8a20bd947ce0cd704-1024x683.jpg 1024w, https:\/\/www.mobilier-design-occasion.fr\/magazine\/wp-content\/uploads\/2023\/07\/452cc15d9f6388c8a20bd947ce0cd704-300x200.jpg 300w, https:\/\/www.mobilier-design-occasion.fr\/magazine\/wp-content\/uploads\/2023\/07\/452cc15d9f6388c8a20bd947ce0cd704-768x512.jpg 768w, https:\/\/www.mobilier-design-occasion.fr\/magazine\/wp-content\/uploads\/2023\/07\/452cc15d9f6388c8a20bd947ce0cd704-1536x1024.jpg 1536w, https:\/\/www.mobilier-design-occasion.fr\/magazine\/wp-content\/uploads\/2023\/07\/452cc15d9f6388c8a20bd947ce0cd704-scaled.jpg 2048w, https:\/\/www.mobilier-design-occasion.fr\/magazine\/wp-content\/uploads\/2023\/07\/452cc15d9f6388c8a20bd947ce0cd704-810x540.jpg 810w, https:\/\/www.mobilier-design-occasion.fr\/magazine\/wp-content\/uploads\/2023\/07\/452cc15d9f6388c8a20bd947ce0cd704-1140x760.jpg 1140w\" sizes=\"auto, (max-width: 1024px) 100vw, 1024px\" \/><figcaption class=\"wp-element-caption\">Close-up of hook attached on wall<\/figcaption><\/figure>\n\n\n\n<p>En effet, contrairement au mod\u00e8le sur pied, ce mobilier d\u00e9gage de l\u2019espace au sol. Il constitue donc un emplacement de rangement additionnel. Par exemple, vous pouvez installer un coffre blanc au-dessus d\u2019<strong>un porte-manteau mural en bois ou en m\u00e9tal<\/strong>.<\/p>\n\n\n\n<p>En plus, il est g\u00e9n\u00e9ralement \u00e9quip\u00e9 de nombreux crochets qui permettent de&nbsp;<strong>suspendre simultan\u00e9ment une multitude d\u2019accessoires vestimentaires.<\/strong><\/p>\n\n\n\n<h2 class=\"wp-block-heading\">Une d\u00e9coration de votre int\u00e9rieur<\/h2>\n\n\n\n<p>Hormis son caract\u00e8re pratique,&nbsp;<strong>le porte-manteau mural est un \u00e9l\u00e9ment de d\u00e9coration int\u00e9rieure<\/strong>.<\/p>\n\n\n\n<p>Install\u00e9 \u00e0 votre seuil, dans votre salon ou dans votre chambre, ce mobilier constitue un alli\u00e9 ind\u00e9fectible pour embellir vos pi\u00e8ces.<\/p>\n\n\n\n<figure class=\"wp-block-image size-large\"><img loading=\"lazy\" decoding=\"async\" width=\"1024\" height=\"683\" src=\"https:\/\/www.mobilier-design-occasion.fr\/magazine\/wp-content\/uploads\/2023\/07\/dedccaa3776491db0965909c2cf8e806-1024x683.jpg\" alt=\"\" class=\"wp-image-6695\" srcset=\"https:\/\/www.mobilier-design-occasion.fr\/magazine\/wp-content\/uploads\/2023\/07\/dedccaa3776491db0965909c2cf8e806-1024x683.jpg 1024w, https:\/\/www.mobilier-design-occasion.fr\/magazine\/wp-content\/uploads\/2023\/07\/dedccaa3776491db0965909c2cf8e806-300x200.jpg 300w, https:\/\/www.mobilier-design-occasion.fr\/magazine\/wp-content\/uploads\/2023\/07\/dedccaa3776491db0965909c2cf8e806-768x512.jpg 768w, https:\/\/www.mobilier-design-occasion.fr\/magazine\/wp-content\/uploads\/2023\/07\/dedccaa3776491db0965909c2cf8e806-1536x1024.jpg 1536w, https:\/\/www.mobilier-design-occasion.fr\/magazine\/wp-content\/uploads\/2023\/07\/dedccaa3776491db0965909c2cf8e806-scaled.jpg 2048w, https:\/\/www.mobilier-design-occasion.fr\/magazine\/wp-content\/uploads\/2023\/07\/dedccaa3776491db0965909c2cf8e806-810x540.jpg 810w, https:\/\/www.mobilier-design-occasion.fr\/magazine\/wp-content\/uploads\/2023\/07\/dedccaa3776491db0965909c2cf8e806-1140x760.jpg 1140w\" sizes=\"auto, (max-width: 1024px) 100vw, 1024px\" \/><figcaption class=\"wp-element-caption\">Close-up of blazer hanging on hook against white wall<\/figcaption><\/figure>\n\n\n\n<p>Le porte-manteau mural est disponible sous&nbsp;<strong>diff\u00e9rentes formes, couleurs et mati\u00e8res<\/strong>. En fonction des mod\u00e8les, vous pouvez ais\u00e9ment adopter le style d\u00e9coratif qui vous convient.<\/p>\n\n\n\n<p>Pour&nbsp;<strong>choisir le type de porte-manteau mural parfait pour votre int\u00e9rieur<\/strong>, il est utile de se pencher sur&nbsp;:<\/p>\n\n\n\n<ul class=\"wp-block-list\">\n<li>L\u2019emplacement du mobilier ;<\/li>\n\n\n\n<li>Les accessoires \u00e0 y accrocher ;<\/li>\n\n\n\n<li>Le design ;<\/li>\n\n\n\n<li>Les mat\u00e9riaux de fabrication.<\/li>\n<\/ul>\n\n\n\n<p>Au demeurant, pour&nbsp;<strong>effectuer le bon choix pour votre int\u00e9rieur<\/strong>, il est utile de solliciter l\u2019aide d\u2019un professionnel de l\u2019am\u00e9nagement.<\/p>\n","protected":false},"excerpt":{"rendered":"<p>Le porte-manteau est un mobilier de rangement pratique et esth\u00e9tique. Il vous permet d\u2019arranger vos tenues, vos manteaux et vos accessoires. Il se d\u00e9cline sous diff\u00e9rents mod\u00e8les. Toutefois, le porte-manteau mural reste l\u2019une des options les plus pl\u00e9biscit\u00e9es. D\u00e9couvrez ici tous les avantages de ce mobilier de rangement. Une optimisation de votre espace de rangement [&hellip;]<\/p>\n","protected":false},"author":1,"featured_media":6694,"comment_status":"open","ping_status":"open","sticky":false,"template":"","format":"standard","meta":{"footnotes":""},"categories":[122],"tags":[],"class_list":["post-6693","post","type-post","status-publish","format-standard","has-post-thumbnail","hentry","category-salon"],"yoast_head":"<!-- This site is optimized with the Yoast SEO plugin v27.5 - https:\/\/yoast.com\/product\/yoast-seo-wordpress\/ -->\n<title>Pourquoi installer un porte-manteau mural dans votre int\u00e9rieur\u2009? - Mobilier Design Magazine<\/title>\n<meta name=\"robots\" content=\"index, follow, max-snippet:-1, max-image-preview:large, max-video-preview:-1\" \/>\n<link rel=\"canonical\" href=\"https:\/\/www.mobilier-design-occasion.fr\/magazine\/pourquoi-installer-un-porte-manteau-mural-dans-votre-interieur\/\" \/>\n<meta property=\"og:locale\" content=\"fr_FR\" \/>\n<meta property=\"og:type\" content=\"article\" \/>\n<meta property=\"og:title\" content=\"Pourquoi installer un porte-manteau mural dans votre int\u00e9rieur\u2009? - Mobilier Design Magazine\" \/>\n<meta property=\"og:description\" content=\"Le porte-manteau est un mobilier de rangement pratique et esth\u00e9tique. Il vous permet d\u2019arranger vos tenues, vos manteaux et vos accessoires. Il se d\u00e9cline sous diff\u00e9rents mod\u00e8les. Toutefois, le porte-manteau mural reste l\u2019une des options les plus pl\u00e9biscit\u00e9es. D\u00e9couvrez ici tous les avantages de ce mobilier de rangement. Une optimisation de votre espace de rangement [&hellip;]\" \/>\n<meta property=\"og:url\" content=\"https:\/\/www.mobilier-design-occasion.fr\/magazine\/pourquoi-installer-un-porte-manteau-mural-dans-votre-interieur\/\" \/>\n<meta property=\"og:site_name\" content=\"Mobilier Design Magazine\" \/>\n<meta property=\"article:publisher\" content=\"https:\/\/www.facebook.com\/mobilierdesignoccasion\" \/>\n<meta property=\"article:published_time\" content=\"2023-07-03T13:54:32+00:00\" \/>\n<meta property=\"article:modified_time\" content=\"2023-09-25T13:27:25+00:00\" \/>\n<meta property=\"og:image\" content=\"https:\/\/www.mobilier-design-occasion.fr\/magazine\/wp-content\/uploads\/2023\/07\/452cc15d9f6388c8a20bd947ce0cd704-scaled.jpg\" \/>\n\t<meta property=\"og:image:width\" content=\"2048\" \/>\n\t<meta property=\"og:image:height\" content=\"1365\" \/>\n\t<meta property=\"og:image:type\" content=\"image\/jpeg\" \/>\n<meta name=\"author\" content=\"Cyrielle Poirot\" \/>\n<meta name=\"twitter:card\" content=\"summary_large_image\" \/>\n<meta name=\"twitter:label1\" content=\"\u00c9crit par\" \/>\n\t<meta name=\"twitter:data1\" content=\"Cyrielle Poirot\" \/>\n\t<meta name=\"twitter:label2\" content=\"Dur\u00e9e de lecture estim\u00e9e\" \/>\n\t<meta name=\"twitter:data2\" content=\"2 minutes\" \/>\n<script type=\"application\/ld+json\" class=\"yoast-schema-graph\">{\"@context\":\"https:\\\/\\\/schema.org\",\"@graph\":[{\"@type\":\"Article\",\"@id\":\"https:\\\/\\\/www.mobilier-design-occasion.fr\\\/magazine\\\/pourquoi-installer-un-porte-manteau-mural-dans-votre-interieur\\\/#article\",\"isPartOf\":{\"@id\":\"https:\\\/\\\/www.mobilier-design-occasion.fr\\\/magazine\\\/pourquoi-installer-un-porte-manteau-mural-dans-votre-interieur\\\/\"},\"author\":{\"name\":\"Cyrielle Poirot\",\"@id\":\"https:\\\/\\\/www.mobilier-design-occasion.fr\\\/magazine\\\/#\\\/schema\\\/person\\\/5b2e5627a714ddadaaf8c9b886c55eff\"},\"headline\":\"Pourquoi installer un porte-manteau mural dans votre int\u00e9rieur\u2009?\",\"datePublished\":\"2023-07-03T13:54:32+00:00\",\"dateModified\":\"2023-09-25T13:27:25+00:00\",\"mainEntityOfPage\":{\"@id\":\"https:\\\/\\\/www.mobilier-design-occasion.fr\\\/magazine\\\/pourquoi-installer-un-porte-manteau-mural-dans-votre-interieur\\\/\"},\"wordCount\":309,\"commentCount\":0,\"publisher\":{\"@id\":\"https:\\\/\\\/www.mobilier-design-occasion.fr\\\/magazine\\\/#organization\"},\"image\":{\"@id\":\"https:\\\/\\\/www.mobilier-design-occasion.fr\\\/magazine\\\/pourquoi-installer-un-porte-manteau-mural-dans-votre-interieur\\\/#primaryimage\"},\"thumbnailUrl\":\"https:\\\/\\\/www.mobilier-design-occasion.fr\\\/magazine\\\/wp-content\\\/uploads\\\/2023\\\/07\\\/452cc15d9f6388c8a20bd947ce0cd704-scaled.jpg\",\"articleSection\":[\"Salon\"],\"inLanguage\":\"fr-FR\",\"potentialAction\":[{\"@type\":\"CommentAction\",\"name\":\"Comment\",\"target\":[\"https:\\\/\\\/www.mobilier-design-occasion.fr\\\/magazine\\\/pourquoi-installer-un-porte-manteau-mural-dans-votre-interieur\\\/#respond\"]}]},{\"@type\":\"WebPage\",\"@id\":\"https:\\\/\\\/www.mobilier-design-occasion.fr\\\/magazine\\\/pourquoi-installer-un-porte-manteau-mural-dans-votre-interieur\\\/\",\"url\":\"https:\\\/\\\/www.mobilier-design-occasion.fr\\\/magazine\\\/pourquoi-installer-un-porte-manteau-mural-dans-votre-interieur\\\/\",\"name\":\"Pourquoi installer un porte-manteau mural dans votre int\u00e9rieur\u2009? - Mobilier Design Magazine\",\"isPartOf\":{\"@id\":\"https:\\\/\\\/www.mobilier-design-occasion.fr\\\/magazine\\\/#website\"},\"primaryImageOfPage\":{\"@id\":\"https:\\\/\\\/www.mobilier-design-occasion.fr\\\/magazine\\\/pourquoi-installer-un-porte-manteau-mural-dans-votre-interieur\\\/#primaryimage\"},\"image\":{\"@id\":\"https:\\\/\\\/www.mobilier-design-occasion.fr\\\/magazine\\\/pourquoi-installer-un-porte-manteau-mural-dans-votre-interieur\\\/#primaryimage\"},\"thumbnailUrl\":\"https:\\\/\\\/www.mobilier-design-occasion.fr\\\/magazine\\\/wp-content\\\/uploads\\\/2023\\\/07\\\/452cc15d9f6388c8a20bd947ce0cd704-scaled.jpg\",\"datePublished\":\"2023-07-03T13:54:32+00:00\",\"dateModified\":\"2023-09-25T13:27:25+00:00\",\"breadcrumb\":{\"@id\":\"https:\\\/\\\/www.mobilier-design-occasion.fr\\\/magazine\\\/pourquoi-installer-un-porte-manteau-mural-dans-votre-interieur\\\/#breadcrumb\"},\"inLanguage\":\"fr-FR\",\"potentialAction\":[{\"@type\":\"ReadAction\",\"target\":[\"https:\\\/\\\/www.mobilier-design-occasion.fr\\\/magazine\\\/pourquoi-installer-un-porte-manteau-mural-dans-votre-interieur\\\/\"]}]},{\"@type\":\"ImageObject\",\"inLanguage\":\"fr-FR\",\"@id\":\"https:\\\/\\\/www.mobilier-design-occasion.fr\\\/magazine\\\/pourquoi-installer-un-porte-manteau-mural-dans-votre-interieur\\\/#primaryimage\",\"url\":\"https:\\\/\\\/www.mobilier-design-occasion.fr\\\/magazine\\\/wp-content\\\/uploads\\\/2023\\\/07\\\/452cc15d9f6388c8a20bd947ce0cd704-scaled.jpg\",\"contentUrl\":\"https:\\\/\\\/www.mobilier-design-occasion.fr\\\/magazine\\\/wp-content\\\/uploads\\\/2023\\\/07\\\/452cc15d9f6388c8a20bd947ce0cd704-scaled.jpg\",\"width\":2048,\"height\":1365,\"caption\":\"Close-up of hook attached on wall\"},{\"@type\":\"BreadcrumbList\",\"@id\":\"https:\\\/\\\/www.mobilier-design-occasion.fr\\\/magazine\\\/pourquoi-installer-un-porte-manteau-mural-dans-votre-interieur\\\/#breadcrumb\",\"itemListElement\":[{\"@type\":\"ListItem\",\"position\":1,\"name\":\"Accueil\",\"item\":\"https:\\\/\\\/www.mobilier-design-occasion.fr\\\/magazine\\\/\"},{\"@type\":\"ListItem\",\"position\":2,\"name\":\"Pourquoi installer un porte-manteau mural dans votre int\u00e9rieur\u2009?\"}]},{\"@type\":\"WebSite\",\"@id\":\"https:\\\/\\\/www.mobilier-design-occasion.fr\\\/magazine\\\/#website\",\"url\":\"https:\\\/\\\/www.mobilier-design-occasion.fr\\\/magazine\\\/\",\"name\":\"Mobilier Design Magazine\",\"description\":\"\",\"publisher\":{\"@id\":\"https:\\\/\\\/www.mobilier-design-occasion.fr\\\/magazine\\\/#organization\"},\"potentialAction\":[{\"@type\":\"SearchAction\",\"target\":{\"@type\":\"EntryPoint\",\"urlTemplate\":\"https:\\\/\\\/www.mobilier-design-occasion.fr\\\/magazine\\\/?s={search_term_string}\"},\"query-input\":{\"@type\":\"PropertyValueSpecification\",\"valueRequired\":true,\"valueName\":\"search_term_string\"}}],\"inLanguage\":\"fr-FR\"},{\"@type\":\"Organization\",\"@id\":\"https:\\\/\\\/www.mobilier-design-occasion.fr\\\/magazine\\\/#organization\",\"name\":\"Mobilier Design Magazine\",\"url\":\"https:\\\/\\\/www.mobilier-design-occasion.fr\\\/magazine\\\/\",\"logo\":{\"@type\":\"ImageObject\",\"inLanguage\":\"fr-FR\",\"@id\":\"https:\\\/\\\/www.mobilier-design-occasion.fr\\\/magazine\\\/#\\\/schema\\\/logo\\\/image\\\/\",\"url\":\"https:\\\/\\\/www.mobilier-design-occasion.fr\\\/magazine\\\/wp-content\\\/uploads\\\/2024\\\/02\\\/android-chrome-192x192-1.png\",\"contentUrl\":\"https:\\\/\\\/www.mobilier-design-occasion.fr\\\/magazine\\\/wp-content\\\/uploads\\\/2024\\\/02\\\/android-chrome-192x192-1.png\",\"width\":192,\"height\":192,\"caption\":\"Mobilier Design Magazine\"},\"image\":{\"@id\":\"https:\\\/\\\/www.mobilier-design-occasion.fr\\\/magazine\\\/#\\\/schema\\\/logo\\\/image\\\/\"},\"sameAs\":[\"https:\\\/\\\/www.facebook.com\\\/mobilierdesignoccasion\"]},{\"@type\":\"Person\",\"@id\":\"https:\\\/\\\/www.mobilier-design-occasion.fr\\\/magazine\\\/#\\\/schema\\\/person\\\/5b2e5627a714ddadaaf8c9b886c55eff\",\"name\":\"Cyrielle Poirot\",\"image\":{\"@type\":\"ImageObject\",\"inLanguage\":\"fr-FR\",\"@id\":\"https:\\\/\\\/secure.gravatar.com\\\/avatar\\\/c8d2674e093b06894d8d1dc468b626bd752523471f3ac6e75f7c7a1400d40b4d?s=96&d=mm&r=g\",\"url\":\"https:\\\/\\\/secure.gravatar.com\\\/avatar\\\/c8d2674e093b06894d8d1dc468b626bd752523471f3ac6e75f7c7a1400d40b4d?s=96&d=mm&r=g\",\"contentUrl\":\"https:\\\/\\\/secure.gravatar.com\\\/avatar\\\/c8d2674e093b06894d8d1dc468b626bd752523471f3ac6e75f7c7a1400d40b4d?s=96&d=mm&r=g\",\"caption\":\"Cyrielle Poirot\"},\"description\":\"Cyrielle est passionn\u00e9e par la d\u00e9coration d'int\u00e9rieur et s'est sp\u00e9cialis\u00e9e depuis quelques ann\u00e9es dans l'\u00e9dition du site Mobilier-Design, avec une touche sp\u00e9cifique pour les produits d'occasion.\",\"sameAs\":[\"https:\\\/\\\/www.mobilier-design-occasion.fr\\\/magazine\"],\"url\":\"https:\\\/\\\/www.mobilier-design-occasion.fr\\\/magazine\\\/author\\\/cyrielle\\\/\"}]}<\/script>\n<!-- \/ Yoast SEO plugin. -->","yoast_head_json":{"title":"Pourquoi installer un porte-manteau mural dans votre int\u00e9rieur\u2009? - Mobilier Design Magazine","robots":{"index":"index","follow":"follow","max-snippet":"max-snippet:-1","max-image-preview":"max-image-preview:large","max-video-preview":"max-video-preview:-1"},"canonical":"https:\/\/www.mobilier-design-occasion.fr\/magazine\/pourquoi-installer-un-porte-manteau-mural-dans-votre-interieur\/","og_locale":"fr_FR","og_type":"article","og_title":"Pourquoi installer un porte-manteau mural dans votre int\u00e9rieur\u2009? - Mobilier Design Magazine","og_description":"Le porte-manteau est un mobilier de rangement pratique et esth\u00e9tique. Il vous permet d\u2019arranger vos tenues, vos manteaux et vos accessoires. Il se d\u00e9cline sous diff\u00e9rents mod\u00e8les. Toutefois, le porte-manteau mural reste l\u2019une des options les plus pl\u00e9biscit\u00e9es. D\u00e9couvrez ici tous les avantages de ce mobilier de rangement. Une optimisation de votre espace de rangement [&hellip;]","og_url":"https:\/\/www.mobilier-design-occasion.fr\/magazine\/pourquoi-installer-un-porte-manteau-mural-dans-votre-interieur\/","og_site_name":"Mobilier Design Magazine","article_publisher":"https:\/\/www.facebook.com\/mobilierdesignoccasion","article_published_time":"2023-07-03T13:54:32+00:00","article_modified_time":"2023-09-25T13:27:25+00:00","og_image":[{"width":2048,"height":1365,"url":"https:\/\/www.mobilier-design-occasion.fr\/magazine\/wp-content\/uploads\/2023\/07\/452cc15d9f6388c8a20bd947ce0cd704-scaled.jpg","type":"image\/jpeg"}],"author":"Cyrielle Poirot","twitter_card":"summary_large_image","twitter_misc":{"\u00c9crit par":"Cyrielle Poirot","Dur\u00e9e de lecture estim\u00e9e":"2 minutes"},"schema":{"@context":"https:\/\/schema.org","@graph":[{"@type":"Article","@id":"https:\/\/www.mobilier-design-occasion.fr\/magazine\/pourquoi-installer-un-porte-manteau-mural-dans-votre-interieur\/#article","isPartOf":{"@id":"https:\/\/www.mobilier-design-occasion.fr\/magazine\/pourquoi-installer-un-porte-manteau-mural-dans-votre-interieur\/"},"author":{"name":"Cyrielle Poirot","@id":"https:\/\/www.mobilier-design-occasion.fr\/magazine\/#\/schema\/person\/5b2e5627a714ddadaaf8c9b886c55eff"},"headline":"Pourquoi installer un porte-manteau mural dans votre int\u00e9rieur\u2009?","datePublished":"2023-07-03T13:54:32+00:00","dateModified":"2023-09-25T13:27:25+00:00","mainEntityOfPage":{"@id":"https:\/\/www.mobilier-design-occasion.fr\/magazine\/pourquoi-installer-un-porte-manteau-mural-dans-votre-interieur\/"},"wordCount":309,"commentCount":0,"publisher":{"@id":"https:\/\/www.mobilier-design-occasion.fr\/magazine\/#organization"},"image":{"@id":"https:\/\/www.mobilier-design-occasion.fr\/magazine\/pourquoi-installer-un-porte-manteau-mural-dans-votre-interieur\/#primaryimage"},"thumbnailUrl":"https:\/\/www.mobilier-design-occasion.fr\/magazine\/wp-content\/uploads\/2023\/07\/452cc15d9f6388c8a20bd947ce0cd704-scaled.jpg","articleSection":["Salon"],"inLanguage":"fr-FR","potentialAction":[{"@type":"CommentAction","name":"Comment","target":["https:\/\/www.mobilier-design-occasion.fr\/magazine\/pourquoi-installer-un-porte-manteau-mural-dans-votre-interieur\/#respond"]}]},{"@type":"WebPage","@id":"https:\/\/www.mobilier-design-occasion.fr\/magazine\/pourquoi-installer-un-porte-manteau-mural-dans-votre-interieur\/","url":"https:\/\/www.mobilier-design-occasion.fr\/magazine\/pourquoi-installer-un-porte-manteau-mural-dans-votre-interieur\/","name":"Pourquoi installer un porte-manteau mural dans votre int\u00e9rieur\u2009? - Mobilier Design Magazine","isPartOf":{"@id":"https:\/\/www.mobilier-design-occasion.fr\/magazine\/#website"},"primaryImageOfPage":{"@id":"https:\/\/www.mobilier-design-occasion.fr\/magazine\/pourquoi-installer-un-porte-manteau-mural-dans-votre-interieur\/#primaryimage"},"image":{"@id":"https:\/\/www.mobilier-design-occasion.fr\/magazine\/pourquoi-installer-un-porte-manteau-mural-dans-votre-interieur\/#primaryimage"},"thumbnailUrl":"https:\/\/www.mobilier-design-occasion.fr\/magazine\/wp-content\/uploads\/2023\/07\/452cc15d9f6388c8a20bd947ce0cd704-scaled.jpg","datePublished":"2023-07-03T13:54:32+00:00","dateModified":"2023-09-25T13:27:25+00:00","breadcrumb":{"@id":"https:\/\/www.mobilier-design-occasion.fr\/magazine\/pourquoi-installer-un-porte-manteau-mural-dans-votre-interieur\/#breadcrumb"},"inLanguage":"fr-FR","potentialAction":[{"@type":"ReadAction","target":["https:\/\/www.mobilier-design-occasion.fr\/magazine\/pourquoi-installer-un-porte-manteau-mural-dans-votre-interieur\/"]}]},{"@type":"ImageObject","inLanguage":"fr-FR","@id":"https:\/\/www.mobilier-design-occasion.fr\/magazine\/pourquoi-installer-un-porte-manteau-mural-dans-votre-interieur\/#primaryimage","url":"https:\/\/www.mobilier-design-occasion.fr\/magazine\/wp-content\/uploads\/2023\/07\/452cc15d9f6388c8a20bd947ce0cd704-scaled.jpg","contentUrl":"https:\/\/www.mobilier-design-occasion.fr\/magazine\/wp-content\/uploads\/2023\/07\/452cc15d9f6388c8a20bd947ce0cd704-scaled.jpg","width":2048,"height":1365,"caption":"Close-up of hook attached on wall"},{"@type":"BreadcrumbList","@id":"https:\/\/www.mobilier-design-occasion.fr\/magazine\/pourquoi-installer-un-porte-manteau-mural-dans-votre-interieur\/#breadcrumb","itemListElement":[{"@type":"ListItem","position":1,"name":"Accueil","item":"https:\/\/www.mobilier-design-occasion.fr\/magazine\/"},{"@type":"ListItem","position":2,"name":"Pourquoi installer un porte-manteau mural dans votre int\u00e9rieur\u2009?"}]},{"@type":"WebSite","@id":"https:\/\/www.mobilier-design-occasion.fr\/magazine\/#website","url":"https:\/\/www.mobilier-design-occasion.fr\/magazine\/","name":"Mobilier Design Magazine","description":"","publisher":{"@id":"https:\/\/www.mobilier-design-occasion.fr\/magazine\/#organization"},"potentialAction":[{"@type":"SearchAction","target":{"@type":"EntryPoint","urlTemplate":"https:\/\/www.mobilier-design-occasion.fr\/magazine\/?s={search_term_string}"},"query-input":{"@type":"PropertyValueSpecification","valueRequired":true,"valueName":"search_term_string"}}],"inLanguage":"fr-FR"},{"@type":"Organization","@id":"https:\/\/www.mobilier-design-occasion.fr\/magazine\/#organization","name":"Mobilier Design Magazine","url":"https:\/\/www.mobilier-design-occasion.fr\/magazine\/","logo":{"@type":"ImageObject","inLanguage":"fr-FR","@id":"https:\/\/www.mobilier-design-occasion.fr\/magazine\/#\/schema\/logo\/image\/","url":"https:\/\/www.mobilier-design-occasion.fr\/magazine\/wp-content\/uploads\/2024\/02\/android-chrome-192x192-1.png","contentUrl":"https:\/\/www.mobilier-design-occasion.fr\/magazine\/wp-content\/uploads\/2024\/02\/android-chrome-192x192-1.png","width":192,"height":192,"caption":"Mobilier Design Magazine"},"image":{"@id":"https:\/\/www.mobilier-design-occasion.fr\/magazine\/#\/schema\/logo\/image\/"},"sameAs":["https:\/\/www.facebook.com\/mobilierdesignoccasion"]},{"@type":"Person","@id":"https:\/\/www.mobilier-design-occasion.fr\/magazine\/#\/schema\/person\/5b2e5627a714ddadaaf8c9b886c55eff","name":"Cyrielle Poirot","image":{"@type":"ImageObject","inLanguage":"fr-FR","@id":"https:\/\/secure.gravatar.com\/avatar\/c8d2674e093b06894d8d1dc468b626bd752523471f3ac6e75f7c7a1400d40b4d?s=96&d=mm&r=g","url":"https:\/\/secure.gravatar.com\/avatar\/c8d2674e093b06894d8d1dc468b626bd752523471f3ac6e75f7c7a1400d40b4d?s=96&d=mm&r=g","contentUrl":"https:\/\/secure.gravatar.com\/avatar\/c8d2674e093b06894d8d1dc468b626bd752523471f3ac6e75f7c7a1400d40b4d?s=96&d=mm&r=g","caption":"Cyrielle Poirot"},"description":"Cyrielle est passionn\u00e9e par la d\u00e9coration d'int\u00e9rieur et s'est sp\u00e9cialis\u00e9e depuis quelques ann\u00e9es dans l'\u00e9dition du site Mobilier-Design, avec une touche sp\u00e9cifique pour les produits d'occasion.","sameAs":["https:\/\/www.mobilier-design-occasion.fr\/magazine"],"url":"https:\/\/www.mobilier-design-occasion.fr\/magazine\/author\/cyrielle\/"}]}},"_links":{"self":[{"href":"https:\/\/www.mobilier-design-occasion.fr\/magazine\/wp-json\/wp\/v2\/posts\/6693","targetHints":{"allow":["GET"]}}],"collection":[{"href":"https:\/\/www.mobilier-design-occasion.fr\/magazine\/wp-json\/wp\/v2\/posts"}],"about":[{"href":"https:\/\/www.mobilier-design-occasion.fr\/magazine\/wp-json\/wp\/v2\/types\/post"}],"author":[{"embeddable":true,"href":"https:\/\/www.mobilier-design-occasion.fr\/magazine\/wp-json\/wp\/v2\/users\/1"}],"replies":[{"embeddable":true,"href":"https:\/\/www.mobilier-design-occasion.fr\/magazine\/wp-json\/wp\/v2\/comments?post=6693"}],"version-history":[{"count":1,"href":"https:\/\/www.mobilier-design-occasion.fr\/magazine\/wp-json\/wp\/v2\/posts\/6693\/revisions"}],"predecessor-version":[{"id":6697,"href":"https:\/\/www.mobilier-design-occasion.fr\/magazine\/wp-json\/wp\/v2\/posts\/6693\/revisions\/6697"}],"wp:featuredmedia":[{"embeddable":true,"href":"https:\/\/www.mobilier-design-occasion.fr\/magazine\/wp-json\/wp\/v2\/media\/6694"}],"wp:attachment":[{"href":"https:\/\/www.mobilier-design-occasion.fr\/magazine\/wp-json\/wp\/v2\/media?parent=6693"}],"wp:term":[{"taxonomy":"category","embeddable":true,"href":"https:\/\/www.mobilier-design-occasion.fr\/magazine\/wp-json\/wp\/v2\/categories?post=6693"},{"taxonomy":"post_tag","embeddable":true,"href":"https:\/\/www.mobilier-design-occasion.fr\/magazine\/wp-json\/wp\/v2\/tags?post=6693"}],"curies":[{"name":"wp","href":"https:\/\/api.w.org\/{rel}","templated":true}]}}