{"id":6651,"date":"2023-06-30T07:01:56","date_gmt":"2023-06-30T07:01:56","guid":{"rendered":"https:\/\/www.mobilier-design-occasion.fr\/magazine\/?p=6651"},"modified":"2023-09-25T13:28:02","modified_gmt":"2023-09-25T13:28:02","slug":"comment-choisir-le-meilleur-bureau-ergonomique-ajustable","status":"publish","type":"post","link":"https:\/\/www.mobilier-design-occasion.fr\/magazine\/comment-choisir-le-meilleur-bureau-ergonomique-ajustable\/","title":{"rendered":"Comment choisir le meilleur bureau ergonomique ajustable\u00a0?"},"content":{"rendered":"\n<p>Il s\u2019observe depuis peu sur le march\u00e9, une disparition progressive des&nbsp;<strong>bureaux classiques<\/strong>. En lieu et place, les fabricants proposent \u00e0 pr\u00e9sent des&nbsp;<strong>bureaux ajustables<\/strong>&nbsp;qui trouvent leur public.&nbsp;<strong>L\u2019ergonomie<\/strong>&nbsp;qui les caract\u00e9rise est l&#8217;un de leurs meilleurs arguments pour convaincre les utilisateurs encore r\u00e9ticents. De nombreux&nbsp;<strong>espaces de travail<\/strong>, qu\u2019ils soient professionnels ou particuliers se procurent d\u00e9j\u00e0 ce type de mat\u00e9riel. Quels sont les&nbsp;<strong>crit\u00e8res de choix d\u2019un bureau ajustable<\/strong>&nbsp;?<\/p>\n\n\n\n<h2 class=\"wp-block-heading\"><span class=\"ez-toc-section\" id=\"Le_design_et_les_dimensions\"><\/span>Le design et les dimensions<span class=\"ez-toc-section-end\"><\/span><\/h2><div id=\"ez-toc-container\" class=\"ez-toc-v2_0_82_2 counter-hierarchy ez-toc-counter ez-toc-grey ez-toc-container-direction\">\n<div class=\"ez-toc-title-container\">\n<span class=\"ez-toc-title-toggle\"><a href=\"#\" class=\"ez-toc-pull-right ez-toc-btn ez-toc-btn-xs ez-toc-btn-default ez-toc-toggle\" aria-label=\"Toggle Table of Content\"><span class=\"ez-toc-js-icon-con\"><span class=\"\"><span class=\"eztoc-hide\" style=\"display:none;\">Toggle<\/span><span class=\"ez-toc-icon-toggle-span\"><svg style=\"fill: #999;color:#999\" xmlns=\"http:\/\/www.w3.org\/2000\/svg\" class=\"list-377408\" width=\"20px\" height=\"20px\" viewBox=\"0 0 24 24\" fill=\"none\"><path d=\"M6 6H4v2h2V6zm14 0H8v2h12V6zM4 11h2v2H4v-2zm16 0H8v2h12v-2zM4 16h2v2H4v-2zm16 0H8v2h12v-2z\" fill=\"currentColor\"><\/path><\/svg><svg style=\"fill: #999;color:#999\" class=\"arrow-unsorted-368013\" xmlns=\"http:\/\/www.w3.org\/2000\/svg\" width=\"10px\" height=\"10px\" viewBox=\"0 0 24 24\" version=\"1.2\" baseProfile=\"tiny\"><path d=\"M18.2 9.3l-6.2-6.3-6.2 6.3c-.2.2-.3.4-.3.7s.1.5.3.7c.2.2.4.3.7.3h11c.3 0 .5-.1.7-.3.2-.2.3-.5.3-.7s-.1-.5-.3-.7zM5.8 14.7l6.2 6.3 6.2-6.3c.2-.2.3-.5.3-.7s-.1-.5-.3-.7c-.2-.2-.4-.3-.7-.3h-11c-.3 0-.5.1-.7.3-.2.2-.3.5-.3.7s.1.5.3.7z\"\/><\/svg><\/span><\/span><\/span><\/a><\/span><\/div>\n<nav><ul class='ez-toc-list ez-toc-list-level-1 eztoc-toggle-hide-by-default' ><li class='ez-toc-page-1 ez-toc-heading-level-2'><a class=\"ez-toc-link ez-toc-heading-1\" href=\"https:\/\/www.mobilier-design-occasion.fr\/magazine\/comment-choisir-le-meilleur-bureau-ergonomique-ajustable\/#Le_design_et_les_dimensions\" >Le design et les dimensions<\/a><\/li><li class='ez-toc-page-1 ez-toc-heading-level-2'><a class=\"ez-toc-link ez-toc-heading-2\" href=\"https:\/\/www.mobilier-design-occasion.fr\/magazine\/comment-choisir-le-meilleur-bureau-ergonomique-ajustable\/#La_surface_de_travail\" >La surface de travail<\/a><\/li><li class='ez-toc-page-1 ez-toc-heading-level-2'><a class=\"ez-toc-link ez-toc-heading-3\" href=\"https:\/\/www.mobilier-design-occasion.fr\/magazine\/comment-choisir-le-meilleur-bureau-ergonomique-ajustable\/#La_capacite_de_charge\" >La capacit\u00e9 de charge<\/a><\/li><li class='ez-toc-page-1 ez-toc-heading-level-2'><a class=\"ez-toc-link ez-toc-heading-4\" href=\"https:\/\/www.mobilier-design-occasion.fr\/magazine\/comment-choisir-le-meilleur-bureau-ergonomique-ajustable\/#Le_budget\" >Le budget<\/a><\/li><li class='ez-toc-page-1 ez-toc-heading-level-2'><a class=\"ez-toc-link ez-toc-heading-5\" href=\"https:\/\/www.mobilier-design-occasion.fr\/magazine\/comment-choisir-le-meilleur-bureau-ergonomique-ajustable\/#La_hauteur_ajustable\" >La hauteur ajustable<\/a><\/li><li class='ez-toc-page-1 ez-toc-heading-level-2'><a class=\"ez-toc-link ez-toc-heading-6\" href=\"https:\/\/www.mobilier-design-occasion.fr\/magazine\/comment-choisir-le-meilleur-bureau-ergonomique-ajustable\/#Les_diverses_options\" >Les diverses options<\/a><\/li><\/ul><\/nav><\/div>\n\n\n\n\n<p>Avant d\u2019envisager&nbsp;<strong>l\u2019achat d\u2019un bureau ergonomique ajustable<\/strong>, il est recommand\u00e9 de pr\u00e9voir l\u2019espace qu\u2019il occupera. Le mod\u00e8le vous permettra de travailler tout en \u00e9tant assis ou debout. La hauteur peut donc varier, et il est important d\u2019avoir ce param\u00e8tre en vue. Le&nbsp;<strong>design<\/strong>&nbsp;quant \u00e0 lui d\u00e9pend des fabricants. Certains&nbsp;<strong>bureaux ajustables<\/strong>&nbsp;sont allong\u00e9s, alors que les bords d\u2019autres mod\u00e8les sont arrondis. Vous pourriez&nbsp;<strong>pr\u00e9f\u00e9rer un bureau d\u2019angle<\/strong>&nbsp;pour occuper moins d\u2019espace.<\/p>\n\n\n\n<p>Quant aux dimensions, le mieux serait de consid\u00e9rer celles d\u2019un&nbsp;<strong>bureau classique<\/strong>. Sur ce plan,&nbsp;<a href=\"https:\/\/ergo-consult.be\/\">ergo-consult.be<\/a>&nbsp;sera d\u2019une grande aide pour trouver ce dont vous avez besoin.<\/p>\n\n\n\n<h2 class=\"wp-block-heading\"><span class=\"ez-toc-section\" id=\"La_surface_de_travail\"><\/span>La surface de travail<span class=\"ez-toc-section-end\"><\/span><\/h2>\n\n\n\n<p>Comme vous l\u2019aurez compris, le&nbsp;<strong>bureau ajustable<\/strong>&nbsp;se d\u00e9cline en tailles variables. Il est donc logique que la surface sur laquelle vous pourrez&nbsp;<strong>poser votre mat\u00e9riel de travail<\/strong>&nbsp;ne soit pas identique. Les besoins en la mati\u00e8re varient \u00e9videmment selon l\u2019usage que vous comptez faire du bureau. Notez que tous les&nbsp;<strong>bureaux ergonomiques ajustables<\/strong>&nbsp;n\u2019ont pas n\u00e9cessairement une&nbsp;<strong>surface de travail cons\u00e9quente<\/strong>. Faites alors l\u2019inventaire de vos besoins, avant de rechercher sur le march\u00e9 ce qu\u2019il vous faut.<\/p>\n\n\n\n<h2 class=\"wp-block-heading\"><span class=\"ez-toc-section\" id=\"La_capacite_de_charge\"><\/span>La capacit\u00e9 de charge<span class=\"ez-toc-section-end\"><\/span><\/h2>\n\n\n\n<figure class=\"wp-block-image size-large\"><img loading=\"lazy\" decoding=\"async\" width=\"1024\" height=\"574\" src=\"https:\/\/www.mobilier-design-occasion.fr\/magazine\/wp-content\/uploads\/2023\/06\/6f4563602f54ebcc84442067b18c0414-1024x574.jpg\" alt=\"\" class=\"wp-image-6653\" srcset=\"https:\/\/www.mobilier-design-occasion.fr\/magazine\/wp-content\/uploads\/2023\/06\/6f4563602f54ebcc84442067b18c0414-1024x574.jpg 1024w, https:\/\/www.mobilier-design-occasion.fr\/magazine\/wp-content\/uploads\/2023\/06\/6f4563602f54ebcc84442067b18c0414-300x168.jpg 300w, https:\/\/www.mobilier-design-occasion.fr\/magazine\/wp-content\/uploads\/2023\/06\/6f4563602f54ebcc84442067b18c0414-768x430.jpg 768w, https:\/\/www.mobilier-design-occasion.fr\/magazine\/wp-content\/uploads\/2023\/06\/6f4563602f54ebcc84442067b18c0414-1536x861.jpg 1536w, https:\/\/www.mobilier-design-occasion.fr\/magazine\/wp-content\/uploads\/2023\/06\/6f4563602f54ebcc84442067b18c0414-scaled.jpg 2048w, https:\/\/www.mobilier-design-occasion.fr\/magazine\/wp-content\/uploads\/2023\/06\/6f4563602f54ebcc84442067b18c0414-810x454.jpg 810w, https:\/\/www.mobilier-design-occasion.fr\/magazine\/wp-content\/uploads\/2023\/06\/6f4563602f54ebcc84442067b18c0414-1140x639.jpg 1140w\" sizes=\"auto, (max-width: 1024px) 100vw, 1024px\" \/><\/figure>\n\n\n\n<p>Il s\u2019agit du&nbsp;<strong>poids que peut supporter votre bureau ajustable ergonomique<\/strong>. Sur le march\u00e9, cette valeur est comprise entre 50 et 110 kg. En fonction de votre&nbsp;<strong>activit\u00e9 professionnelle<\/strong>, cela peut repr\u00e9senter un gros atout. Avant de finaliser votre achat, int\u00e9ressez-vous \u00e9galement au type de&nbsp;<strong>m\u00e9canisme du bureau<\/strong>. Il peut \u00eatre&nbsp;:<\/p>\n\n\n\n<ul class=\"wp-block-list\">\n<li>Manuel&nbsp;;<\/li>\n\n\n\n<li>M\u00e9canique&nbsp;; en fonction des mod\u00e8les.<\/li>\n<\/ul>\n\n\n\n<p>Dans ce dernier cas, il doit \u00eatre facile de lever les charges une fois que la&nbsp;<strong>surface de travail<\/strong>&nbsp;sera occup\u00e9e. Faites donc des simulations, si vous \u00eates un d\u00e9veloppeur web ou autre professionnel qui a besoin de multiples \u00e9crans. Le bureau devra \u00eatre en mesure de&nbsp;<strong>supporter une charge cons\u00e9quente<\/strong>&nbsp;en ce qui concerne votre mat\u00e9riel. Vous pourriez aussi prendre appui sur ce plan de travail dans certaines situations. Consid\u00e9rez absolument ce param\u00e8tre.<\/p>\n\n\n\n<h2 class=\"wp-block-heading\"><span class=\"ez-toc-section\" id=\"Le_budget\"><\/span>Le budget<span class=\"ez-toc-section-end\"><\/span><\/h2>\n\n\n\n<p>Il doit n\u00e9cessairement \u00eatre pris en compte pour&nbsp;<strong>acqu\u00e9rir le bureau assis debout dont vous avez besoin<\/strong>. Notez que sur le march\u00e9, les marques proposent des mod\u00e8les dans une large fourchette de prix. Entre 200 et 500 euros, vous pourriez vous procurer un&nbsp;<strong>bureau ajustable classique<\/strong>. Les prix varient \u00e9videmment en fonction des&nbsp;<strong>options du mat\u00e9riel<\/strong>&nbsp;comme&nbsp;:<\/p>\n\n\n\n<ul class=\"wp-block-list\">\n<li>La motorisation&nbsp;;<\/li>\n\n\n\n<li>La capacit\u00e9 de charge&nbsp;;<\/li>\n\n\n\n<li>La surface de travail&nbsp;;<\/li>\n\n\n\n<li>Etc.<\/li>\n<\/ul>\n\n\n\n<p>Les mod\u00e8les haut de gamme avec les meilleures fonctionnalit\u00e9s se vendent au-del\u00e0 des 500 euros. Le mieux serait de ne pas se focaliser sur le prix pour&nbsp;<strong>choisir votre bureau ajustable<\/strong>. Privil\u00e9giez plut\u00f4t le&nbsp;<strong>confort<\/strong>, car cela vous \u00e9vitera sur le long terme les douleurs lombaires.<\/p>\n\n\n\n<h2 class=\"wp-block-heading\"><span class=\"ez-toc-section\" id=\"La_hauteur_ajustable\"><\/span>La hauteur ajustable<span class=\"ez-toc-section-end\"><\/span><\/h2>\n\n\n\n<p>La&nbsp;<strong>particularit\u00e9 du bureau ajustable ergonomique<\/strong>&nbsp;est que sa taille peut \u00eatre r\u00e9gl\u00e9e. Cette option vous permet d\u2019adapter le mat\u00e9riel \u00e0 vos besoins, et selon le&nbsp;<strong>confort recherch\u00e9<\/strong>. En \u00e9tant debout, vous garderez une&nbsp;<strong>posture convenable pour travailler dans les meilleures conditions<\/strong>. Vos bras pourront former un angle droit avec le plan de travail. Par ailleurs, l\u2019ordinateur se trouvera \u00e0 bonne hauteur de vos yeux.<\/p>\n\n\n\n<p>Assurez-vous de passer \u00e0 la loupe la&nbsp;<strong>hauteur r\u00e9glable du bureau assis debout<\/strong>&nbsp;avant de valider votre achat.<\/p>\n\n\n\n<h2 class=\"wp-block-heading\"><span class=\"ez-toc-section\" id=\"Les_diverses_options\"><\/span>Les diverses options<span class=\"ez-toc-section-end\"><\/span><\/h2>\n\n\n\n<figure class=\"wp-block-image size-large\"><img loading=\"lazy\" decoding=\"async\" width=\"1024\" height=\"683\" src=\"https:\/\/www.mobilier-design-occasion.fr\/magazine\/wp-content\/uploads\/2023\/06\/581d34e6d54c4550cd9c8d11eed5a13b-1024x683.jpg\" alt=\"\" class=\"wp-image-6654\" srcset=\"https:\/\/www.mobilier-design-occasion.fr\/magazine\/wp-content\/uploads\/2023\/06\/581d34e6d54c4550cd9c8d11eed5a13b-1024x683.jpg 1024w, https:\/\/www.mobilier-design-occasion.fr\/magazine\/wp-content\/uploads\/2023\/06\/581d34e6d54c4550cd9c8d11eed5a13b-300x200.jpg 300w, https:\/\/www.mobilier-design-occasion.fr\/magazine\/wp-content\/uploads\/2023\/06\/581d34e6d54c4550cd9c8d11eed5a13b-768x512.jpg 768w, https:\/\/www.mobilier-design-occasion.fr\/magazine\/wp-content\/uploads\/2023\/06\/581d34e6d54c4550cd9c8d11eed5a13b-1536x1024.jpg 1536w, https:\/\/www.mobilier-design-occasion.fr\/magazine\/wp-content\/uploads\/2023\/06\/581d34e6d54c4550cd9c8d11eed5a13b-scaled.jpg 2048w, https:\/\/www.mobilier-design-occasion.fr\/magazine\/wp-content\/uploads\/2023\/06\/581d34e6d54c4550cd9c8d11eed5a13b-810x540.jpg 810w, https:\/\/www.mobilier-design-occasion.fr\/magazine\/wp-content\/uploads\/2023\/06\/581d34e6d54c4550cd9c8d11eed5a13b-1140x760.jpg 1140w\" sizes=\"auto, (max-width: 1024px) 100vw, 1024px\" \/><\/figure>\n\n\n\n<p>Concernant les&nbsp;<strong>mod\u00e8les de bureaux ajustables \u00e9lectriques<\/strong>, vous aurez acc\u00e8s \u00e0 une belle panoplie d\u2019options. Elles sont pour la plupart int\u00e9gr\u00e9es dans le mat\u00e9riel comme&nbsp;:<\/p>\n\n\n\n<ul class=\"wp-block-list\">\n<li>La m\u00e9morisation de la hauteur&nbsp;;<\/li>\n\n\n\n<li>L\u2019alarme ou la minuterie&nbsp;;<\/li>\n\n\n\n<li>Le syst\u00e8me anticollision&nbsp;;<\/li>\n\n\n\n<li>Les diff\u00e9rentes prises incluses dans le bureau.<\/li>\n<\/ul>\n\n\n\n<p>Selon vos besoins, il peut \u00eatre n\u00e9cessaire de privil\u00e9gier l\u2019une ou plusieurs de ces fonctions lors de&nbsp;<strong>l\u2019achat de votre bureau assis debout<\/strong>.<\/p>\n","protected":false},"excerpt":{"rendered":"<p>Il s\u2019observe depuis peu sur le march\u00e9, une disparition progressive des&nbsp;bureaux classiques. En lieu et place, les fabricants proposent \u00e0 pr\u00e9sent des&nbsp;bureaux ajustables&nbsp;qui trouvent leur public.&nbsp;L\u2019ergonomie&nbsp;qui les caract\u00e9rise est l&#8217;un de leurs meilleurs arguments pour convaincre les utilisateurs encore r\u00e9ticents. De nombreux&nbsp;espaces de travail, qu\u2019ils soient professionnels ou particuliers se procurent d\u00e9j\u00e0 ce type de [&hellip;]<\/p>\n","protected":false},"author":1,"featured_media":6652,"comment_status":"open","ping_status":"open","sticky":false,"template":"","format":"standard","meta":{"footnotes":""},"categories":[128],"tags":[],"class_list":["post-6651","post","type-post","status-publish","format-standard","has-post-thumbnail","hentry","category-bureau"],"yoast_head":"<!-- This site is optimized with the Yoast SEO plugin v27.5 - https:\/\/yoast.com\/product\/yoast-seo-wordpress\/ -->\n<title>Comment choisir le meilleur bureau ergonomique ajustable\u00a0? - Mobilier Design Magazine<\/title>\n<meta name=\"robots\" content=\"index, follow, max-snippet:-1, max-image-preview:large, max-video-preview:-1\" \/>\n<link rel=\"canonical\" href=\"https:\/\/www.mobilier-design-occasion.fr\/magazine\/comment-choisir-le-meilleur-bureau-ergonomique-ajustable\/\" \/>\n<meta property=\"og:locale\" content=\"fr_FR\" \/>\n<meta property=\"og:type\" content=\"article\" \/>\n<meta property=\"og:title\" content=\"Comment choisir le meilleur bureau ergonomique ajustable\u00a0? - Mobilier Design Magazine\" \/>\n<meta property=\"og:description\" content=\"Il s\u2019observe depuis peu sur le march\u00e9, une disparition progressive des&nbsp;bureaux classiques. En lieu et place, les fabricants proposent \u00e0 pr\u00e9sent des&nbsp;bureaux ajustables&nbsp;qui trouvent leur public.&nbsp;L\u2019ergonomie&nbsp;qui les caract\u00e9rise est l&#8217;un de leurs meilleurs arguments pour convaincre les utilisateurs encore r\u00e9ticents. De nombreux&nbsp;espaces de travail, qu\u2019ils soient professionnels ou particuliers se procurent d\u00e9j\u00e0 ce type de [&hellip;]\" \/>\n<meta property=\"og:url\" content=\"https:\/\/www.mobilier-design-occasion.fr\/magazine\/comment-choisir-le-meilleur-bureau-ergonomique-ajustable\/\" \/>\n<meta property=\"og:site_name\" content=\"Mobilier Design Magazine\" \/>\n<meta property=\"article:publisher\" content=\"https:\/\/www.facebook.com\/mobilierdesignoccasion\" \/>\n<meta property=\"article:published_time\" content=\"2023-06-30T07:01:56+00:00\" \/>\n<meta property=\"article:modified_time\" content=\"2023-09-25T13:28:02+00:00\" \/>\n<meta property=\"og:image\" content=\"https:\/\/www.mobilier-design-occasion.fr\/magazine\/wp-content\/uploads\/2023\/06\/8ca6843d04a7f1a583494fc38bd78d0f-scaled.jpg\" \/>\n\t<meta property=\"og:image:width\" content=\"2048\" \/>\n\t<meta property=\"og:image:height\" content=\"1365\" \/>\n\t<meta property=\"og:image:type\" content=\"image\/jpeg\" \/>\n<meta name=\"author\" content=\"Cyrielle Poirot\" \/>\n<meta name=\"twitter:card\" content=\"summary_large_image\" \/>\n<meta name=\"twitter:label1\" content=\"\u00c9crit par\" \/>\n\t<meta name=\"twitter:data1\" content=\"Cyrielle Poirot\" \/>\n\t<meta name=\"twitter:label2\" content=\"Dur\u00e9e de lecture estim\u00e9e\" \/>\n\t<meta name=\"twitter:data2\" content=\"4 minutes\" \/>\n<script type=\"application\/ld+json\" class=\"yoast-schema-graph\">{\"@context\":\"https:\\\/\\\/schema.org\",\"@graph\":[{\"@type\":\"Article\",\"@id\":\"https:\\\/\\\/www.mobilier-design-occasion.fr\\\/magazine\\\/comment-choisir-le-meilleur-bureau-ergonomique-ajustable\\\/#article\",\"isPartOf\":{\"@id\":\"https:\\\/\\\/www.mobilier-design-occasion.fr\\\/magazine\\\/comment-choisir-le-meilleur-bureau-ergonomique-ajustable\\\/\"},\"author\":{\"name\":\"Cyrielle Poirot\",\"@id\":\"https:\\\/\\\/www.mobilier-design-occasion.fr\\\/magazine\\\/#\\\/schema\\\/person\\\/5b2e5627a714ddadaaf8c9b886c55eff\"},\"headline\":\"Comment choisir le meilleur bureau ergonomique ajustable\u00a0?\",\"datePublished\":\"2023-06-30T07:01:56+00:00\",\"dateModified\":\"2023-09-25T13:28:02+00:00\",\"mainEntityOfPage\":{\"@id\":\"https:\\\/\\\/www.mobilier-design-occasion.fr\\\/magazine\\\/comment-choisir-le-meilleur-bureau-ergonomique-ajustable\\\/\"},\"wordCount\":799,\"commentCount\":0,\"publisher\":{\"@id\":\"https:\\\/\\\/www.mobilier-design-occasion.fr\\\/magazine\\\/#organization\"},\"image\":{\"@id\":\"https:\\\/\\\/www.mobilier-design-occasion.fr\\\/magazine\\\/comment-choisir-le-meilleur-bureau-ergonomique-ajustable\\\/#primaryimage\"},\"thumbnailUrl\":\"https:\\\/\\\/www.mobilier-design-occasion.fr\\\/magazine\\\/wp-content\\\/uploads\\\/2023\\\/06\\\/8ca6843d04a7f1a583494fc38bd78d0f-scaled.jpg\",\"articleSection\":[\"Bureau\"],\"inLanguage\":\"fr-FR\",\"potentialAction\":[{\"@type\":\"CommentAction\",\"name\":\"Comment\",\"target\":[\"https:\\\/\\\/www.mobilier-design-occasion.fr\\\/magazine\\\/comment-choisir-le-meilleur-bureau-ergonomique-ajustable\\\/#respond\"]}]},{\"@type\":\"WebPage\",\"@id\":\"https:\\\/\\\/www.mobilier-design-occasion.fr\\\/magazine\\\/comment-choisir-le-meilleur-bureau-ergonomique-ajustable\\\/\",\"url\":\"https:\\\/\\\/www.mobilier-design-occasion.fr\\\/magazine\\\/comment-choisir-le-meilleur-bureau-ergonomique-ajustable\\\/\",\"name\":\"Comment choisir le meilleur bureau ergonomique ajustable\u00a0? - Mobilier Design Magazine\",\"isPartOf\":{\"@id\":\"https:\\\/\\\/www.mobilier-design-occasion.fr\\\/magazine\\\/#website\"},\"primaryImageOfPage\":{\"@id\":\"https:\\\/\\\/www.mobilier-design-occasion.fr\\\/magazine\\\/comment-choisir-le-meilleur-bureau-ergonomique-ajustable\\\/#primaryimage\"},\"image\":{\"@id\":\"https:\\\/\\\/www.mobilier-design-occasion.fr\\\/magazine\\\/comment-choisir-le-meilleur-bureau-ergonomique-ajustable\\\/#primaryimage\"},\"thumbnailUrl\":\"https:\\\/\\\/www.mobilier-design-occasion.fr\\\/magazine\\\/wp-content\\\/uploads\\\/2023\\\/06\\\/8ca6843d04a7f1a583494fc38bd78d0f-scaled.jpg\",\"datePublished\":\"2023-06-30T07:01:56+00:00\",\"dateModified\":\"2023-09-25T13:28:02+00:00\",\"breadcrumb\":{\"@id\":\"https:\\\/\\\/www.mobilier-design-occasion.fr\\\/magazine\\\/comment-choisir-le-meilleur-bureau-ergonomique-ajustable\\\/#breadcrumb\"},\"inLanguage\":\"fr-FR\",\"potentialAction\":[{\"@type\":\"ReadAction\",\"target\":[\"https:\\\/\\\/www.mobilier-design-occasion.fr\\\/magazine\\\/comment-choisir-le-meilleur-bureau-ergonomique-ajustable\\\/\"]}]},{\"@type\":\"ImageObject\",\"inLanguage\":\"fr-FR\",\"@id\":\"https:\\\/\\\/www.mobilier-design-occasion.fr\\\/magazine\\\/comment-choisir-le-meilleur-bureau-ergonomique-ajustable\\\/#primaryimage\",\"url\":\"https:\\\/\\\/www.mobilier-design-occasion.fr\\\/magazine\\\/wp-content\\\/uploads\\\/2023\\\/06\\\/8ca6843d04a7f1a583494fc38bd78d0f-scaled.jpg\",\"contentUrl\":\"https:\\\/\\\/www.mobilier-design-occasion.fr\\\/magazine\\\/wp-content\\\/uploads\\\/2023\\\/06\\\/8ca6843d04a7f1a583494fc38bd78d0f-scaled.jpg\",\"width\":2048,\"height\":1365},{\"@type\":\"BreadcrumbList\",\"@id\":\"https:\\\/\\\/www.mobilier-design-occasion.fr\\\/magazine\\\/comment-choisir-le-meilleur-bureau-ergonomique-ajustable\\\/#breadcrumb\",\"itemListElement\":[{\"@type\":\"ListItem\",\"position\":1,\"name\":\"Accueil\",\"item\":\"https:\\\/\\\/www.mobilier-design-occasion.fr\\\/magazine\\\/\"},{\"@type\":\"ListItem\",\"position\":2,\"name\":\"Comment choisir le meilleur bureau ergonomique ajustable\u00a0?\"}]},{\"@type\":\"WebSite\",\"@id\":\"https:\\\/\\\/www.mobilier-design-occasion.fr\\\/magazine\\\/#website\",\"url\":\"https:\\\/\\\/www.mobilier-design-occasion.fr\\\/magazine\\\/\",\"name\":\"Mobilier Design Magazine\",\"description\":\"\",\"publisher\":{\"@id\":\"https:\\\/\\\/www.mobilier-design-occasion.fr\\\/magazine\\\/#organization\"},\"potentialAction\":[{\"@type\":\"SearchAction\",\"target\":{\"@type\":\"EntryPoint\",\"urlTemplate\":\"https:\\\/\\\/www.mobilier-design-occasion.fr\\\/magazine\\\/?s={search_term_string}\"},\"query-input\":{\"@type\":\"PropertyValueSpecification\",\"valueRequired\":true,\"valueName\":\"search_term_string\"}}],\"inLanguage\":\"fr-FR\"},{\"@type\":\"Organization\",\"@id\":\"https:\\\/\\\/www.mobilier-design-occasion.fr\\\/magazine\\\/#organization\",\"name\":\"Mobilier Design Magazine\",\"url\":\"https:\\\/\\\/www.mobilier-design-occasion.fr\\\/magazine\\\/\",\"logo\":{\"@type\":\"ImageObject\",\"inLanguage\":\"fr-FR\",\"@id\":\"https:\\\/\\\/www.mobilier-design-occasion.fr\\\/magazine\\\/#\\\/schema\\\/logo\\\/image\\\/\",\"url\":\"https:\\\/\\\/www.mobilier-design-occasion.fr\\\/magazine\\\/wp-content\\\/uploads\\\/2024\\\/02\\\/android-chrome-192x192-1.png\",\"contentUrl\":\"https:\\\/\\\/www.mobilier-design-occasion.fr\\\/magazine\\\/wp-content\\\/uploads\\\/2024\\\/02\\\/android-chrome-192x192-1.png\",\"width\":192,\"height\":192,\"caption\":\"Mobilier Design Magazine\"},\"image\":{\"@id\":\"https:\\\/\\\/www.mobilier-design-occasion.fr\\\/magazine\\\/#\\\/schema\\\/logo\\\/image\\\/\"},\"sameAs\":[\"https:\\\/\\\/www.facebook.com\\\/mobilierdesignoccasion\"]},{\"@type\":\"Person\",\"@id\":\"https:\\\/\\\/www.mobilier-design-occasion.fr\\\/magazine\\\/#\\\/schema\\\/person\\\/5b2e5627a714ddadaaf8c9b886c55eff\",\"name\":\"Cyrielle Poirot\",\"image\":{\"@type\":\"ImageObject\",\"inLanguage\":\"fr-FR\",\"@id\":\"https:\\\/\\\/secure.gravatar.com\\\/avatar\\\/c8d2674e093b06894d8d1dc468b626bd752523471f3ac6e75f7c7a1400d40b4d?s=96&d=mm&r=g\",\"url\":\"https:\\\/\\\/secure.gravatar.com\\\/avatar\\\/c8d2674e093b06894d8d1dc468b626bd752523471f3ac6e75f7c7a1400d40b4d?s=96&d=mm&r=g\",\"contentUrl\":\"https:\\\/\\\/secure.gravatar.com\\\/avatar\\\/c8d2674e093b06894d8d1dc468b626bd752523471f3ac6e75f7c7a1400d40b4d?s=96&d=mm&r=g\",\"caption\":\"Cyrielle Poirot\"},\"description\":\"Cyrielle est passionn\u00e9e par la d\u00e9coration d'int\u00e9rieur et s'est sp\u00e9cialis\u00e9e depuis quelques ann\u00e9es dans l'\u00e9dition du site Mobilier-Design, avec une touche sp\u00e9cifique pour les produits d'occasion.\",\"sameAs\":[\"https:\\\/\\\/www.mobilier-design-occasion.fr\\\/magazine\"],\"url\":\"https:\\\/\\\/www.mobilier-design-occasion.fr\\\/magazine\\\/author\\\/cyrielle\\\/\"}]}<\/script>\n<!-- \/ Yoast SEO plugin. -->","yoast_head_json":{"title":"Comment choisir le meilleur bureau ergonomique ajustable\u00a0? - Mobilier Design Magazine","robots":{"index":"index","follow":"follow","max-snippet":"max-snippet:-1","max-image-preview":"max-image-preview:large","max-video-preview":"max-video-preview:-1"},"canonical":"https:\/\/www.mobilier-design-occasion.fr\/magazine\/comment-choisir-le-meilleur-bureau-ergonomique-ajustable\/","og_locale":"fr_FR","og_type":"article","og_title":"Comment choisir le meilleur bureau ergonomique ajustable\u00a0? - Mobilier Design Magazine","og_description":"Il s\u2019observe depuis peu sur le march\u00e9, une disparition progressive des&nbsp;bureaux classiques. En lieu et place, les fabricants proposent \u00e0 pr\u00e9sent des&nbsp;bureaux ajustables&nbsp;qui trouvent leur public.&nbsp;L\u2019ergonomie&nbsp;qui les caract\u00e9rise est l&#8217;un de leurs meilleurs arguments pour convaincre les utilisateurs encore r\u00e9ticents. De nombreux&nbsp;espaces de travail, qu\u2019ils soient professionnels ou particuliers se procurent d\u00e9j\u00e0 ce type de [&hellip;]","og_url":"https:\/\/www.mobilier-design-occasion.fr\/magazine\/comment-choisir-le-meilleur-bureau-ergonomique-ajustable\/","og_site_name":"Mobilier Design Magazine","article_publisher":"https:\/\/www.facebook.com\/mobilierdesignoccasion","article_published_time":"2023-06-30T07:01:56+00:00","article_modified_time":"2023-09-25T13:28:02+00:00","og_image":[{"width":2048,"height":1365,"url":"https:\/\/www.mobilier-design-occasion.fr\/magazine\/wp-content\/uploads\/2023\/06\/8ca6843d04a7f1a583494fc38bd78d0f-scaled.jpg","type":"image\/jpeg"}],"author":"Cyrielle Poirot","twitter_card":"summary_large_image","twitter_misc":{"\u00c9crit par":"Cyrielle Poirot","Dur\u00e9e de lecture estim\u00e9e":"4 minutes"},"schema":{"@context":"https:\/\/schema.org","@graph":[{"@type":"Article","@id":"https:\/\/www.mobilier-design-occasion.fr\/magazine\/comment-choisir-le-meilleur-bureau-ergonomique-ajustable\/#article","isPartOf":{"@id":"https:\/\/www.mobilier-design-occasion.fr\/magazine\/comment-choisir-le-meilleur-bureau-ergonomique-ajustable\/"},"author":{"name":"Cyrielle Poirot","@id":"https:\/\/www.mobilier-design-occasion.fr\/magazine\/#\/schema\/person\/5b2e5627a714ddadaaf8c9b886c55eff"},"headline":"Comment choisir le meilleur bureau ergonomique ajustable\u00a0?","datePublished":"2023-06-30T07:01:56+00:00","dateModified":"2023-09-25T13:28:02+00:00","mainEntityOfPage":{"@id":"https:\/\/www.mobilier-design-occasion.fr\/magazine\/comment-choisir-le-meilleur-bureau-ergonomique-ajustable\/"},"wordCount":799,"commentCount":0,"publisher":{"@id":"https:\/\/www.mobilier-design-occasion.fr\/magazine\/#organization"},"image":{"@id":"https:\/\/www.mobilier-design-occasion.fr\/magazine\/comment-choisir-le-meilleur-bureau-ergonomique-ajustable\/#primaryimage"},"thumbnailUrl":"https:\/\/www.mobilier-design-occasion.fr\/magazine\/wp-content\/uploads\/2023\/06\/8ca6843d04a7f1a583494fc38bd78d0f-scaled.jpg","articleSection":["Bureau"],"inLanguage":"fr-FR","potentialAction":[{"@type":"CommentAction","name":"Comment","target":["https:\/\/www.mobilier-design-occasion.fr\/magazine\/comment-choisir-le-meilleur-bureau-ergonomique-ajustable\/#respond"]}]},{"@type":"WebPage","@id":"https:\/\/www.mobilier-design-occasion.fr\/magazine\/comment-choisir-le-meilleur-bureau-ergonomique-ajustable\/","url":"https:\/\/www.mobilier-design-occasion.fr\/magazine\/comment-choisir-le-meilleur-bureau-ergonomique-ajustable\/","name":"Comment choisir le meilleur bureau ergonomique ajustable\u00a0? - Mobilier Design Magazine","isPartOf":{"@id":"https:\/\/www.mobilier-design-occasion.fr\/magazine\/#website"},"primaryImageOfPage":{"@id":"https:\/\/www.mobilier-design-occasion.fr\/magazine\/comment-choisir-le-meilleur-bureau-ergonomique-ajustable\/#primaryimage"},"image":{"@id":"https:\/\/www.mobilier-design-occasion.fr\/magazine\/comment-choisir-le-meilleur-bureau-ergonomique-ajustable\/#primaryimage"},"thumbnailUrl":"https:\/\/www.mobilier-design-occasion.fr\/magazine\/wp-content\/uploads\/2023\/06\/8ca6843d04a7f1a583494fc38bd78d0f-scaled.jpg","datePublished":"2023-06-30T07:01:56+00:00","dateModified":"2023-09-25T13:28:02+00:00","breadcrumb":{"@id":"https:\/\/www.mobilier-design-occasion.fr\/magazine\/comment-choisir-le-meilleur-bureau-ergonomique-ajustable\/#breadcrumb"},"inLanguage":"fr-FR","potentialAction":[{"@type":"ReadAction","target":["https:\/\/www.mobilier-design-occasion.fr\/magazine\/comment-choisir-le-meilleur-bureau-ergonomique-ajustable\/"]}]},{"@type":"ImageObject","inLanguage":"fr-FR","@id":"https:\/\/www.mobilier-design-occasion.fr\/magazine\/comment-choisir-le-meilleur-bureau-ergonomique-ajustable\/#primaryimage","url":"https:\/\/www.mobilier-design-occasion.fr\/magazine\/wp-content\/uploads\/2023\/06\/8ca6843d04a7f1a583494fc38bd78d0f-scaled.jpg","contentUrl":"https:\/\/www.mobilier-design-occasion.fr\/magazine\/wp-content\/uploads\/2023\/06\/8ca6843d04a7f1a583494fc38bd78d0f-scaled.jpg","width":2048,"height":1365},{"@type":"BreadcrumbList","@id":"https:\/\/www.mobilier-design-occasion.fr\/magazine\/comment-choisir-le-meilleur-bureau-ergonomique-ajustable\/#breadcrumb","itemListElement":[{"@type":"ListItem","position":1,"name":"Accueil","item":"https:\/\/www.mobilier-design-occasion.fr\/magazine\/"},{"@type":"ListItem","position":2,"name":"Comment choisir le meilleur bureau ergonomique ajustable\u00a0?"}]},{"@type":"WebSite","@id":"https:\/\/www.mobilier-design-occasion.fr\/magazine\/#website","url":"https:\/\/www.mobilier-design-occasion.fr\/magazine\/","name":"Mobilier Design Magazine","description":"","publisher":{"@id":"https:\/\/www.mobilier-design-occasion.fr\/magazine\/#organization"},"potentialAction":[{"@type":"SearchAction","target":{"@type":"EntryPoint","urlTemplate":"https:\/\/www.mobilier-design-occasion.fr\/magazine\/?s={search_term_string}"},"query-input":{"@type":"PropertyValueSpecification","valueRequired":true,"valueName":"search_term_string"}}],"inLanguage":"fr-FR"},{"@type":"Organization","@id":"https:\/\/www.mobilier-design-occasion.fr\/magazine\/#organization","name":"Mobilier Design Magazine","url":"https:\/\/www.mobilier-design-occasion.fr\/magazine\/","logo":{"@type":"ImageObject","inLanguage":"fr-FR","@id":"https:\/\/www.mobilier-design-occasion.fr\/magazine\/#\/schema\/logo\/image\/","url":"https:\/\/www.mobilier-design-occasion.fr\/magazine\/wp-content\/uploads\/2024\/02\/android-chrome-192x192-1.png","contentUrl":"https:\/\/www.mobilier-design-occasion.fr\/magazine\/wp-content\/uploads\/2024\/02\/android-chrome-192x192-1.png","width":192,"height":192,"caption":"Mobilier Design Magazine"},"image":{"@id":"https:\/\/www.mobilier-design-occasion.fr\/magazine\/#\/schema\/logo\/image\/"},"sameAs":["https:\/\/www.facebook.com\/mobilierdesignoccasion"]},{"@type":"Person","@id":"https:\/\/www.mobilier-design-occasion.fr\/magazine\/#\/schema\/person\/5b2e5627a714ddadaaf8c9b886c55eff","name":"Cyrielle Poirot","image":{"@type":"ImageObject","inLanguage":"fr-FR","@id":"https:\/\/secure.gravatar.com\/avatar\/c8d2674e093b06894d8d1dc468b626bd752523471f3ac6e75f7c7a1400d40b4d?s=96&d=mm&r=g","url":"https:\/\/secure.gravatar.com\/avatar\/c8d2674e093b06894d8d1dc468b626bd752523471f3ac6e75f7c7a1400d40b4d?s=96&d=mm&r=g","contentUrl":"https:\/\/secure.gravatar.com\/avatar\/c8d2674e093b06894d8d1dc468b626bd752523471f3ac6e75f7c7a1400d40b4d?s=96&d=mm&r=g","caption":"Cyrielle Poirot"},"description":"Cyrielle est passionn\u00e9e par la d\u00e9coration d'int\u00e9rieur et s'est sp\u00e9cialis\u00e9e depuis quelques ann\u00e9es dans l'\u00e9dition du site Mobilier-Design, avec une touche sp\u00e9cifique pour les produits d'occasion.","sameAs":["https:\/\/www.mobilier-design-occasion.fr\/magazine"],"url":"https:\/\/www.mobilier-design-occasion.fr\/magazine\/author\/cyrielle\/"}]}},"_links":{"self":[{"href":"https:\/\/www.mobilier-design-occasion.fr\/magazine\/wp-json\/wp\/v2\/posts\/6651","targetHints":{"allow":["GET"]}}],"collection":[{"href":"https:\/\/www.mobilier-design-occasion.fr\/magazine\/wp-json\/wp\/v2\/posts"}],"about":[{"href":"https:\/\/www.mobilier-design-occasion.fr\/magazine\/wp-json\/wp\/v2\/types\/post"}],"author":[{"embeddable":true,"href":"https:\/\/www.mobilier-design-occasion.fr\/magazine\/wp-json\/wp\/v2\/users\/1"}],"replies":[{"embeddable":true,"href":"https:\/\/www.mobilier-design-occasion.fr\/magazine\/wp-json\/wp\/v2\/comments?post=6651"}],"version-history":[{"count":1,"href":"https:\/\/www.mobilier-design-occasion.fr\/magazine\/wp-json\/wp\/v2\/posts\/6651\/revisions"}],"predecessor-version":[{"id":6655,"href":"https:\/\/www.mobilier-design-occasion.fr\/magazine\/wp-json\/wp\/v2\/posts\/6651\/revisions\/6655"}],"wp:featuredmedia":[{"embeddable":true,"href":"https:\/\/www.mobilier-design-occasion.fr\/magazine\/wp-json\/wp\/v2\/media\/6652"}],"wp:attachment":[{"href":"https:\/\/www.mobilier-design-occasion.fr\/magazine\/wp-json\/wp\/v2\/media?parent=6651"}],"wp:term":[{"taxonomy":"category","embeddable":true,"href":"https:\/\/www.mobilier-design-occasion.fr\/magazine\/wp-json\/wp\/v2\/categories?post=6651"},{"taxonomy":"post_tag","embeddable":true,"href":"https:\/\/www.mobilier-design-occasion.fr\/magazine\/wp-json\/wp\/v2\/tags?post=6651"}],"curies":[{"name":"wp","href":"https:\/\/api.w.org\/{rel}","templated":true}]}}