{"id":6648,"date":"2023-06-28T09:40:52","date_gmt":"2023-06-28T09:40:52","guid":{"rendered":"https:\/\/www.mobilier-design-occasion.fr\/magazine\/?p=6648"},"modified":"2023-09-25T13:28:21","modified_gmt":"2023-09-25T13:28:21","slug":"comment-allumer-correctement-votre-poele-a-bois","status":"publish","type":"post","link":"https:\/\/www.mobilier-design-occasion.fr\/magazine\/comment-allumer-correctement-votre-poele-a-bois\/","title":{"rendered":"Comment allumer correctement votre po\u00eale \u00e0 bois?"},"content":{"rendered":"\n<p>Avoir un po\u00eale \u00e0 bois chez soi peut offrir une exp\u00e9rience inoubliable et chaleureuse. Cependant, son utilisation peut parfois sembler complexe.<\/p>\n\n\n\n<p>Ne vous inqui\u00e9tez pas, dans cet article, vous d\u00e9couvrirez que les po\u00eales \u00e0 bois ne sont pas aussi compliqu\u00e9s qu&#8217;ils en ont l&#8217;air. Pr\u00e9parez-vous \u00e0 d\u00e9couvrir les secrets d&#8217;un allumage parfait du po\u00eale \u00e0 bois et \u00e0 profiter d&#8217;une ambiance chaleureuse chez vous !<\/p>\n\n\n\n<h2 class=\"wp-block-heading\"><span class=\"ez-toc-section\" id=\"5_secrets_pour_obtenir_un_feu_parfait_dans_votre_poele_a_bois\"><\/span><strong>5 secrets pour obtenir un feu parfait dans votre po\u00eale \u00e0 bois<\/strong><span class=\"ez-toc-section-end\"><\/span><\/h2><div id=\"ez-toc-container\" class=\"ez-toc-v2_0_82_2 counter-hierarchy ez-toc-counter ez-toc-grey ez-toc-container-direction\">\n<div class=\"ez-toc-title-container\">\n<span class=\"ez-toc-title-toggle\"><a href=\"#\" class=\"ez-toc-pull-right ez-toc-btn ez-toc-btn-xs ez-toc-btn-default ez-toc-toggle\" aria-label=\"Toggle Table of Content\"><span class=\"ez-toc-js-icon-con\"><span class=\"\"><span class=\"eztoc-hide\" style=\"display:none;\">Toggle<\/span><span class=\"ez-toc-icon-toggle-span\"><svg style=\"fill: #999;color:#999\" xmlns=\"http:\/\/www.w3.org\/2000\/svg\" class=\"list-377408\" width=\"20px\" height=\"20px\" viewBox=\"0 0 24 24\" fill=\"none\"><path d=\"M6 6H4v2h2V6zm14 0H8v2h12V6zM4 11h2v2H4v-2zm16 0H8v2h12v-2zM4 16h2v2H4v-2zm16 0H8v2h12v-2z\" fill=\"currentColor\"><\/path><\/svg><svg style=\"fill: #999;color:#999\" class=\"arrow-unsorted-368013\" xmlns=\"http:\/\/www.w3.org\/2000\/svg\" width=\"10px\" height=\"10px\" viewBox=\"0 0 24 24\" version=\"1.2\" baseProfile=\"tiny\"><path d=\"M18.2 9.3l-6.2-6.3-6.2 6.3c-.2.2-.3.4-.3.7s.1.5.3.7c.2.2.4.3.7.3h11c.3 0 .5-.1.7-.3.2-.2.3-.5.3-.7s-.1-.5-.3-.7zM5.8 14.7l6.2 6.3 6.2-6.3c.2-.2.3-.5.3-.7s-.1-.5-.3-.7c-.2-.2-.4-.3-.7-.3h-11c-.3 0-.5.1-.7.3-.2.2-.3.5-.3.7s.1.5.3.7z\"\/><\/svg><\/span><\/span><\/span><\/a><\/span><\/div>\n<nav><ul class='ez-toc-list ez-toc-list-level-1 eztoc-toggle-hide-by-default' ><li class='ez-toc-page-1 ez-toc-heading-level-2'><a class=\"ez-toc-link ez-toc-heading-1\" href=\"https:\/\/www.mobilier-design-occasion.fr\/magazine\/comment-allumer-correctement-votre-poele-a-bois\/#5_secrets_pour_obtenir_un_feu_parfait_dans_votre_poele_a_bois\" >5 secrets pour obtenir un feu parfait dans votre po\u00eale \u00e0 bois<\/a><ul class='ez-toc-list-level-3' ><li class='ez-toc-heading-level-3'><a class=\"ez-toc-link ez-toc-heading-2\" href=\"https:\/\/www.mobilier-design-occasion.fr\/magazine\/comment-allumer-correctement-votre-poele-a-bois\/#Choisissez_le_bois_approprie_pour_un_feu_efficace_et_durable\" >Choisissez le bois appropri\u00e9 pour un feu efficace et durable<\/a><\/li><li class='ez-toc-page-1 ez-toc-heading-level-3'><a class=\"ez-toc-link ez-toc-heading-3\" href=\"https:\/\/www.mobilier-design-occasion.fr\/magazine\/comment-allumer-correctement-votre-poele-a-bois\/#Gardez_votre_bois_au_sec\" >Gardez votre bois au sec<\/a><\/li><li class='ez-toc-page-1 ez-toc-heading-level-3'><a class=\"ez-toc-link ez-toc-heading-4\" href=\"https:\/\/www.mobilier-design-occasion.fr\/magazine\/comment-allumer-correctement-votre-poele-a-bois\/#Allumez_le_poele_dans_un_espace_propre_et_sur\" >Allumez le po\u00eale dans un espace propre et s\u00fbr<\/a><\/li><li class='ez-toc-page-1 ez-toc-heading-level-3'><a class=\"ez-toc-link ez-toc-heading-5\" href=\"https:\/\/www.mobilier-design-occasion.fr\/magazine\/comment-allumer-correctement-votre-poele-a-bois\/#Assurez-vous_davoir_tous_les_outils_necessaires\" >Assurez-vous d&#8217;avoir tous les outils n\u00e9cessaires<\/a><\/li><li class='ez-toc-page-1 ez-toc-heading-level-3'><a class=\"ez-toc-link ez-toc-heading-6\" href=\"https:\/\/www.mobilier-design-occasion.fr\/magazine\/comment-allumer-correctement-votre-poele-a-bois\/#Laissez_lair_circuler\" >Laissez l&#8217;air circuler<\/a><\/li><\/ul><\/li><li class='ez-toc-page-1 ez-toc-heading-level-2'><a class=\"ez-toc-link ez-toc-heading-7\" href=\"https:\/\/www.mobilier-design-occasion.fr\/magazine\/comment-allumer-correctement-votre-poele-a-bois\/#Comment_controler_le_feu_dun_poele_a_bois\" >Comment contr\u00f4ler le feu d&#8217;un po\u00eale \u00e0 bois ?<\/a><ul class='ez-toc-list-level-3' ><li class='ez-toc-heading-level-3'><a class=\"ez-toc-link ez-toc-heading-8\" href=\"https:\/\/www.mobilier-design-occasion.fr\/magazine\/comment-allumer-correctement-votre-poele-a-bois\/#Ajustez_la_quantite_de_bois_appropriee\" >Ajustez la quantit\u00e9 de bois appropri\u00e9e<\/a><\/li><li class='ez-toc-page-1 ez-toc-heading-level-3'><a class=\"ez-toc-link ez-toc-heading-9\" href=\"https:\/\/www.mobilier-design-occasion.fr\/magazine\/comment-allumer-correctement-votre-poele-a-bois\/#Repartissez_correctement_le_bois\" >R\u00e9partissez correctement le bois<\/a><\/li><li class='ez-toc-page-1 ez-toc-heading-level-3'><a class=\"ez-toc-link ez-toc-heading-10\" href=\"https:\/\/www.mobilier-design-occasion.fr\/magazine\/comment-allumer-correctement-votre-poele-a-bois\/#Sorties_dair\" >Sorties d&#8217;air<\/a><\/li><li class='ez-toc-page-1 ez-toc-heading-level-3'><a class=\"ez-toc-link ez-toc-heading-11\" href=\"https:\/\/www.mobilier-design-occasion.fr\/magazine\/comment-allumer-correctement-votre-poele-a-bois\/#Surveillez_le_feu\" >Surveillez le feu<\/a><\/li><\/ul><\/li><\/ul><\/nav><\/div>\n\n\n\n\n<p>Avant de vous plonger dans l&#8217;\u00e9treinte chaleureuse du feu de votre po\u00eale \u00e0 bois, vous devez savoir comment cr\u00e9er un feu parfait dans votre po\u00eale \u00e0 bois. Nous vous r\u00e9v\u00e9lerons ci-dessous les secrets pour allumer votre po\u00eale comme un professionnel.<\/p>\n\n\n\n<h3 class=\"wp-block-heading\"><span class=\"ez-toc-section\" id=\"Choisissez_le_bois_approprie_pour_un_feu_efficace_et_durable\"><\/span><strong>Choisissez le bois appropri\u00e9 pour un feu efficace et durable<\/strong><span class=\"ez-toc-section-end\"><\/span><\/h3>\n\n\n\n<p>Sachez que la qualit\u00e9 du bois que vous utilisez est essentielle pour obtenir un feu de qualit\u00e9. Nous vous conseillons donc de rechercher des bois durs tels que le ch\u00eane, le h\u00eatre ou le noyer, car ils produisent une chaleur intense et durable.<\/p>\n\n\n\n<p>\u00c9vitez le bois tendre, car il peut g\u00e9n\u00e9rer plus de fum\u00e9e et br\u00fbler rapidement, ce qui donnera des r\u00e9sultats ind\u00e9sirables.<\/p>\n\n\n\n<h3 class=\"wp-block-heading\"><span class=\"ez-toc-section\" id=\"Gardez_votre_bois_au_sec\"><\/span><strong>Gardez votre bois au sec<\/strong><span class=\"ez-toc-section-end\"><\/span><\/h3>\n\n\n\n<p>L&#8217;humidit\u00e9 est l&#8217;ennemie d&#8217;un bon bois de chauffage. Assurez-vous donc que votre bois soit bien sec. Cela garantira une combustion efficace et r\u00e9duira l&#8217;accumulation de suie dans votre po\u00eale.<\/p>\n\n\n\n<p>Stockez votre bois dans un endroit sec, de pr\u00e9f\u00e9rence \u00e0 l&#8217;abri et prot\u00e9g\u00e9 de la pluie et de la neige. De cette mani\u00e8re, vous pourrez le conserver et l&#8217;utiliser au moment opportun.<\/p>\n\n\n\n<h3 class=\"wp-block-heading\"><span class=\"ez-toc-section\" id=\"Allumez_le_poele_dans_un_espace_propre_et_sur\"><\/span><strong>Allumez le po\u00eale dans un espace propre et s\u00fbr<\/strong><span class=\"ez-toc-section-end\"><\/span><\/h3>\n\n\n\n<p>Avant d&#8217;allumer votre po\u00eale, nous vous conseillons de faire un nettoyage de l&#8217;endroit. Cela am\u00e9liorera l&#8217;efficacit\u00e9 du po\u00eale et r\u00e9duira les risques d&#8217;incendie.<\/p>\n\n\n\n<p>Retirez les cendres et les r\u00e9sidus accumul\u00e9s dans la chambre de combustion et la chemin\u00e9e. De plus, l&#8217;utilisation d&#8217;une brosse peut vous aider \u00e0 nettoyer les surfaces internes et les conduits de fum\u00e9e.<\/p>\n\n\n\n<h3 class=\"wp-block-heading\"><span class=\"ez-toc-section\" id=\"Assurez-vous_davoir_tous_les_outils_necessaires\"><\/span><strong>Assurez-vous d&#8217;avoir tous les outils n\u00e9cessaires<\/strong><span class=\"ez-toc-section-end\"><\/span><\/h3>\n\n\n\n<p>Avant d&#8217;allumer votre po\u00eale, assurez-vous d&#8217;avoir des outils importants tels que des gants de protection, un tisonnier pour ajuster les b\u00fbches et raviver le feu, une pelle pour retirer les cendres et une balayette pour maintenir le po\u00eale propre.<\/p>\n\n\n\n<p>Ces ustensiles faciliteront votre t\u00e2che et vous permettront de contr\u00f4ler le feu en toute s\u00e9curit\u00e9. Alors, rendez-vous au magasin et pr\u00e9parez les outils n\u00e9cessaires !<\/p>\n\n\n\n<h3 class=\"wp-block-heading\"><span class=\"ez-toc-section\" id=\"Laissez_lair_circuler\"><\/span><strong>Laissez l&#8217;air circuler<\/strong><span class=\"ez-toc-section-end\"><\/span><\/h3>\n\n\n\n<p>Sachez que laisser l&#8217;air circuler est fondamental pour obtenir un bon feu. Une bonne circulation de l&#8217;air \u00e9vitera l&#8217;accumulation de fum\u00e9e dans la pi\u00e8ce et am\u00e9liorera les performances de votre po\u00eale.<\/p>\n\n\n\n<p>Avant d&#8217;allumer le po\u00eale, ouvrez les fen\u00eatres pendant quelques minutes pour permettre l&#8217;entr\u00e9e d&#8217;air frais et assurer une combustion efficace.<\/p>\n\n\n\n<h2 class=\"wp-block-heading\"><span class=\"ez-toc-section\" id=\"Comment_controler_le_feu_dun_poele_a_bois\"><\/span><strong>Comment contr\u00f4ler le feu d&#8217;un po\u00eale \u00e0 bois ?<\/strong><span class=\"ez-toc-section-end\"><\/span><\/h2>\n\n\n\n<p>Nous en arrivons \u00e0 la partie passionnante du contr\u00f4le du feu ! Une fois que vous avez allum\u00e9 votre po\u00eale \u00e0 bois de mani\u00e8re appropri\u00e9e, il est temps d&#8217;apprendre \u00e0 maintenir le feu et \u00e0 profiter d&#8217;une chaleur constante et r\u00e9confortante chez vous.<\/p>\n\n\n\n<p>Dans cette section, nous vous fournirons des conseils pratiques pour que vous puissiez ma\u00eetriser l&#8217;art du contr\u00f4le du feu comme un v\u00e9ritable expert. Allons-y !<\/p>\n\n\n\n<h3 class=\"wp-block-heading\"><span class=\"ez-toc-section\" id=\"Ajustez_la_quantite_de_bois_appropriee\"><\/span><strong>Ajustez la quantit\u00e9 de bois appropri\u00e9e<\/strong><span class=\"ez-toc-section-end\"><\/span><\/h3>\n\n\n\n<p>L&#8217;une des cl\u00e9s pour contr\u00f4ler le feu dans votre po\u00eale \u00e0 bois est de g\u00e9rer la quantit\u00e9 de bois que vous ajoutez. La quantit\u00e9 de bois utilis\u00e9e d\u00e9pendra de ce que vous souhaitez obtenir.<\/p>\n\n\n\n<p>Si vous voulez augmenter l&#8217;intensit\u00e9 du feu, ajoutez davantage de bois sec et bien positionn\u00e9. En revanche, si vous souhaitez r\u00e9duire l&#8217;intensit\u00e9 de la chaleur, diminuez simplement la quantit\u00e9 de bois.<\/p>\n\n\n\n<h3 class=\"wp-block-heading\"><span class=\"ez-toc-section\" id=\"Repartissez_correctement_le_bois\"><\/span><strong>R\u00e9partissez correctement le bois<\/strong><span class=\"ez-toc-section-end\"><\/span><\/h3>\n\n\n\n<p>Il est important de savoir que la fa\u00e7on dont vous r\u00e9partissez le bois \u00e0 l&#8217;int\u00e9rieur du po\u00eale affectera \u00e9galement le contr\u00f4le du feu.<\/p>\n\n\n\n<p>Placez les plus grosses b\u00fbches \u00e0 la base et laissez de l&#8217;espace entre elles pour permettre la circulation de l&#8217;air. Les b\u00fbches plus petites vont sur le dessus. Cette r\u00e9partition permet une circulation d&#8217;air efficace et une combustion uniforme.<\/p>\n\n\n\n<h3 class=\"wp-block-heading\"><span class=\"ez-toc-section\" id=\"Sorties_dair\"><\/span><strong>Sorties d&#8217;air<\/strong><span class=\"ez-toc-section-end\"><\/span><\/h3>\n\n\n\n<p>Si vous souhaitez contr\u00f4ler le feu de votre po\u00eale, apprenez \u00e0 utiliser les sorties d&#8217;air pour ajuster l&#8217;intensit\u00e9 du feu.<\/p>\n\n\n\n<p>Si vous voulez augmenter la chaleur, ouvrez partiellement les sorties pour permettre une meilleure circulation de l&#8217;air chaud. En revanche, si vous souhaitez r\u00e9duire la chaleur, fermez les sorties pour limiter le flux d&#8217;air.<\/p>\n\n\n\n<h3 class=\"wp-block-heading\"><span class=\"ez-toc-section\" id=\"Surveillez_le_feu\"><\/span><strong>Surveillez le feu<\/strong><span class=\"ez-toc-section-end\"><\/span><\/h3>\n\n\n\n<p>Pour maintenir un feu constant et efficace, il est important de l&#8217;alimenter r\u00e9guli\u00e8rement. Il sera donc de votre responsabilit\u00e9 de surveiller si le po\u00eale a besoin de plus de bois, d&#8217;air suppl\u00e9mentaire ou de r\u00e9soudre tout probl\u00e8me qui pourrait survenir.<\/p>\n\n\n\n<p>F\u00e9licitations ! Maintenant que vous avez appris les secrets pour allumer correctement votre po\u00eale \u00e0 bois et ma\u00eetriser le contr\u00f4le du feu, vous \u00eates pr\u00eat \u00e0 profiter d&#8217;une ambiance chaleureuse et accueillante chez vous. Et pour terminer, voici <a href=\"https:\/\/panadero.fr\/\">quelques marques de po\u00eales, comme Panadero<\/a>.<\/p>\n","protected":false},"excerpt":{"rendered":"<p>Avoir un po\u00eale \u00e0 bois chez soi peut offrir une exp\u00e9rience inoubliable et chaleureuse. Cependant, son utilisation peut parfois sembler complexe. Ne vous inqui\u00e9tez pas, dans cet article, vous d\u00e9couvrirez que les po\u00eales \u00e0 bois ne sont pas aussi compliqu\u00e9s qu&#8217;ils en ont l&#8217;air. Pr\u00e9parez-vous \u00e0 d\u00e9couvrir les secrets d&#8217;un allumage parfait du po\u00eale \u00e0 [&hellip;]<\/p>\n","protected":false},"author":1,"featured_media":6649,"comment_status":"open","ping_status":"open","sticky":false,"template":"","format":"standard","meta":{"footnotes":""},"categories":[2],"tags":[],"class_list":["post-6648","post","type-post","status-publish","format-standard","has-post-thumbnail","hentry","category-tendances"],"yoast_head":"<!-- This site is optimized with the Yoast SEO plugin v27.5 - https:\/\/yoast.com\/product\/yoast-seo-wordpress\/ -->\n<title>Comment allumer correctement votre po\u00eale \u00e0 bois? - Mobilier Design Magazine<\/title>\n<meta name=\"robots\" content=\"index, follow, max-snippet:-1, max-image-preview:large, max-video-preview:-1\" \/>\n<link rel=\"canonical\" href=\"https:\/\/www.mobilier-design-occasion.fr\/magazine\/comment-allumer-correctement-votre-poele-a-bois\/\" \/>\n<meta property=\"og:locale\" content=\"fr_FR\" \/>\n<meta property=\"og:type\" content=\"article\" \/>\n<meta property=\"og:title\" content=\"Comment allumer correctement votre po\u00eale \u00e0 bois? - Mobilier Design Magazine\" \/>\n<meta property=\"og:description\" content=\"Avoir un po\u00eale \u00e0 bois chez soi peut offrir une exp\u00e9rience inoubliable et chaleureuse. Cependant, son utilisation peut parfois sembler complexe. Ne vous inqui\u00e9tez pas, dans cet article, vous d\u00e9couvrirez que les po\u00eales \u00e0 bois ne sont pas aussi compliqu\u00e9s qu&#8217;ils en ont l&#8217;air. Pr\u00e9parez-vous \u00e0 d\u00e9couvrir les secrets d&#8217;un allumage parfait du po\u00eale \u00e0 [&hellip;]\" \/>\n<meta property=\"og:url\" content=\"https:\/\/www.mobilier-design-occasion.fr\/magazine\/comment-allumer-correctement-votre-poele-a-bois\/\" \/>\n<meta property=\"og:site_name\" content=\"Mobilier Design Magazine\" \/>\n<meta property=\"article:publisher\" content=\"https:\/\/www.facebook.com\/mobilierdesignoccasion\" \/>\n<meta property=\"article:published_time\" content=\"2023-06-28T09:40:52+00:00\" \/>\n<meta property=\"article:modified_time\" content=\"2023-09-25T13:28:21+00:00\" \/>\n<meta property=\"og:image\" content=\"https:\/\/www.mobilier-design-occasion.fr\/magazine\/wp-content\/uploads\/2023\/06\/ciel-de-lit-cabane-2.png\" \/>\n\t<meta property=\"og:image:width\" content=\"1080\" \/>\n\t<meta property=\"og:image:height\" content=\"1080\" \/>\n\t<meta property=\"og:image:type\" content=\"image\/png\" \/>\n<meta name=\"author\" content=\"Cyrielle Poirot\" \/>\n<meta name=\"twitter:card\" content=\"summary_large_image\" \/>\n<meta name=\"twitter:label1\" content=\"\u00c9crit par\" \/>\n\t<meta name=\"twitter:data1\" content=\"Cyrielle Poirot\" \/>\n\t<meta name=\"twitter:label2\" content=\"Dur\u00e9e de lecture estim\u00e9e\" \/>\n\t<meta name=\"twitter:data2\" content=\"4 minutes\" \/>\n<script type=\"application\/ld+json\" class=\"yoast-schema-graph\">{\"@context\":\"https:\\\/\\\/schema.org\",\"@graph\":[{\"@type\":\"Article\",\"@id\":\"https:\\\/\\\/www.mobilier-design-occasion.fr\\\/magazine\\\/comment-allumer-correctement-votre-poele-a-bois\\\/#article\",\"isPartOf\":{\"@id\":\"https:\\\/\\\/www.mobilier-design-occasion.fr\\\/magazine\\\/comment-allumer-correctement-votre-poele-a-bois\\\/\"},\"author\":{\"name\":\"Cyrielle Poirot\",\"@id\":\"https:\\\/\\\/www.mobilier-design-occasion.fr\\\/magazine\\\/#\\\/schema\\\/person\\\/5b2e5627a714ddadaaf8c9b886c55eff\"},\"headline\":\"Comment allumer correctement votre po\u00eale \u00e0 bois?\",\"datePublished\":\"2023-06-28T09:40:52+00:00\",\"dateModified\":\"2023-09-25T13:28:21+00:00\",\"mainEntityOfPage\":{\"@id\":\"https:\\\/\\\/www.mobilier-design-occasion.fr\\\/magazine\\\/comment-allumer-correctement-votre-poele-a-bois\\\/\"},\"wordCount\":925,\"commentCount\":0,\"publisher\":{\"@id\":\"https:\\\/\\\/www.mobilier-design-occasion.fr\\\/magazine\\\/#organization\"},\"image\":{\"@id\":\"https:\\\/\\\/www.mobilier-design-occasion.fr\\\/magazine\\\/comment-allumer-correctement-votre-poele-a-bois\\\/#primaryimage\"},\"thumbnailUrl\":\"https:\\\/\\\/www.mobilier-design-occasion.fr\\\/magazine\\\/wp-content\\\/uploads\\\/2023\\\/06\\\/ciel-de-lit-cabane-2.png\",\"articleSection\":[\"Tendances\"],\"inLanguage\":\"fr-FR\",\"potentialAction\":[{\"@type\":\"CommentAction\",\"name\":\"Comment\",\"target\":[\"https:\\\/\\\/www.mobilier-design-occasion.fr\\\/magazine\\\/comment-allumer-correctement-votre-poele-a-bois\\\/#respond\"]}]},{\"@type\":\"WebPage\",\"@id\":\"https:\\\/\\\/www.mobilier-design-occasion.fr\\\/magazine\\\/comment-allumer-correctement-votre-poele-a-bois\\\/\",\"url\":\"https:\\\/\\\/www.mobilier-design-occasion.fr\\\/magazine\\\/comment-allumer-correctement-votre-poele-a-bois\\\/\",\"name\":\"Comment allumer correctement votre po\u00eale \u00e0 bois? - Mobilier Design Magazine\",\"isPartOf\":{\"@id\":\"https:\\\/\\\/www.mobilier-design-occasion.fr\\\/magazine\\\/#website\"},\"primaryImageOfPage\":{\"@id\":\"https:\\\/\\\/www.mobilier-design-occasion.fr\\\/magazine\\\/comment-allumer-correctement-votre-poele-a-bois\\\/#primaryimage\"},\"image\":{\"@id\":\"https:\\\/\\\/www.mobilier-design-occasion.fr\\\/magazine\\\/comment-allumer-correctement-votre-poele-a-bois\\\/#primaryimage\"},\"thumbnailUrl\":\"https:\\\/\\\/www.mobilier-design-occasion.fr\\\/magazine\\\/wp-content\\\/uploads\\\/2023\\\/06\\\/ciel-de-lit-cabane-2.png\",\"datePublished\":\"2023-06-28T09:40:52+00:00\",\"dateModified\":\"2023-09-25T13:28:21+00:00\",\"breadcrumb\":{\"@id\":\"https:\\\/\\\/www.mobilier-design-occasion.fr\\\/magazine\\\/comment-allumer-correctement-votre-poele-a-bois\\\/#breadcrumb\"},\"inLanguage\":\"fr-FR\",\"potentialAction\":[{\"@type\":\"ReadAction\",\"target\":[\"https:\\\/\\\/www.mobilier-design-occasion.fr\\\/magazine\\\/comment-allumer-correctement-votre-poele-a-bois\\\/\"]}]},{\"@type\":\"ImageObject\",\"inLanguage\":\"fr-FR\",\"@id\":\"https:\\\/\\\/www.mobilier-design-occasion.fr\\\/magazine\\\/comment-allumer-correctement-votre-poele-a-bois\\\/#primaryimage\",\"url\":\"https:\\\/\\\/www.mobilier-design-occasion.fr\\\/magazine\\\/wp-content\\\/uploads\\\/2023\\\/06\\\/ciel-de-lit-cabane-2.png\",\"contentUrl\":\"https:\\\/\\\/www.mobilier-design-occasion.fr\\\/magazine\\\/wp-content\\\/uploads\\\/2023\\\/06\\\/ciel-de-lit-cabane-2.png\",\"width\":1080,\"height\":1080},{\"@type\":\"BreadcrumbList\",\"@id\":\"https:\\\/\\\/www.mobilier-design-occasion.fr\\\/magazine\\\/comment-allumer-correctement-votre-poele-a-bois\\\/#breadcrumb\",\"itemListElement\":[{\"@type\":\"ListItem\",\"position\":1,\"name\":\"Accueil\",\"item\":\"https:\\\/\\\/www.mobilier-design-occasion.fr\\\/magazine\\\/\"},{\"@type\":\"ListItem\",\"position\":2,\"name\":\"Comment allumer correctement votre po\u00eale \u00e0 bois?\"}]},{\"@type\":\"WebSite\",\"@id\":\"https:\\\/\\\/www.mobilier-design-occasion.fr\\\/magazine\\\/#website\",\"url\":\"https:\\\/\\\/www.mobilier-design-occasion.fr\\\/magazine\\\/\",\"name\":\"Mobilier Design Magazine\",\"description\":\"\",\"publisher\":{\"@id\":\"https:\\\/\\\/www.mobilier-design-occasion.fr\\\/magazine\\\/#organization\"},\"potentialAction\":[{\"@type\":\"SearchAction\",\"target\":{\"@type\":\"EntryPoint\",\"urlTemplate\":\"https:\\\/\\\/www.mobilier-design-occasion.fr\\\/magazine\\\/?s={search_term_string}\"},\"query-input\":{\"@type\":\"PropertyValueSpecification\",\"valueRequired\":true,\"valueName\":\"search_term_string\"}}],\"inLanguage\":\"fr-FR\"},{\"@type\":\"Organization\",\"@id\":\"https:\\\/\\\/www.mobilier-design-occasion.fr\\\/magazine\\\/#organization\",\"name\":\"Mobilier Design Magazine\",\"url\":\"https:\\\/\\\/www.mobilier-design-occasion.fr\\\/magazine\\\/\",\"logo\":{\"@type\":\"ImageObject\",\"inLanguage\":\"fr-FR\",\"@id\":\"https:\\\/\\\/www.mobilier-design-occasion.fr\\\/magazine\\\/#\\\/schema\\\/logo\\\/image\\\/\",\"url\":\"https:\\\/\\\/www.mobilier-design-occasion.fr\\\/magazine\\\/wp-content\\\/uploads\\\/2024\\\/02\\\/android-chrome-192x192-1.png\",\"contentUrl\":\"https:\\\/\\\/www.mobilier-design-occasion.fr\\\/magazine\\\/wp-content\\\/uploads\\\/2024\\\/02\\\/android-chrome-192x192-1.png\",\"width\":192,\"height\":192,\"caption\":\"Mobilier Design Magazine\"},\"image\":{\"@id\":\"https:\\\/\\\/www.mobilier-design-occasion.fr\\\/magazine\\\/#\\\/schema\\\/logo\\\/image\\\/\"},\"sameAs\":[\"https:\\\/\\\/www.facebook.com\\\/mobilierdesignoccasion\"]},{\"@type\":\"Person\",\"@id\":\"https:\\\/\\\/www.mobilier-design-occasion.fr\\\/magazine\\\/#\\\/schema\\\/person\\\/5b2e5627a714ddadaaf8c9b886c55eff\",\"name\":\"Cyrielle Poirot\",\"image\":{\"@type\":\"ImageObject\",\"inLanguage\":\"fr-FR\",\"@id\":\"https:\\\/\\\/secure.gravatar.com\\\/avatar\\\/c8d2674e093b06894d8d1dc468b626bd752523471f3ac6e75f7c7a1400d40b4d?s=96&d=mm&r=g\",\"url\":\"https:\\\/\\\/secure.gravatar.com\\\/avatar\\\/c8d2674e093b06894d8d1dc468b626bd752523471f3ac6e75f7c7a1400d40b4d?s=96&d=mm&r=g\",\"contentUrl\":\"https:\\\/\\\/secure.gravatar.com\\\/avatar\\\/c8d2674e093b06894d8d1dc468b626bd752523471f3ac6e75f7c7a1400d40b4d?s=96&d=mm&r=g\",\"caption\":\"Cyrielle Poirot\"},\"description\":\"Cyrielle est passionn\u00e9e par la d\u00e9coration d'int\u00e9rieur et s'est sp\u00e9cialis\u00e9e depuis quelques ann\u00e9es dans l'\u00e9dition du site Mobilier-Design, avec une touche sp\u00e9cifique pour les produits d'occasion.\",\"sameAs\":[\"https:\\\/\\\/www.mobilier-design-occasion.fr\\\/magazine\"],\"url\":\"https:\\\/\\\/www.mobilier-design-occasion.fr\\\/magazine\\\/author\\\/cyrielle\\\/\"}]}<\/script>\n<!-- \/ Yoast SEO plugin. -->","yoast_head_json":{"title":"Comment allumer correctement votre po\u00eale \u00e0 bois? - Mobilier Design Magazine","robots":{"index":"index","follow":"follow","max-snippet":"max-snippet:-1","max-image-preview":"max-image-preview:large","max-video-preview":"max-video-preview:-1"},"canonical":"https:\/\/www.mobilier-design-occasion.fr\/magazine\/comment-allumer-correctement-votre-poele-a-bois\/","og_locale":"fr_FR","og_type":"article","og_title":"Comment allumer correctement votre po\u00eale \u00e0 bois? - Mobilier Design Magazine","og_description":"Avoir un po\u00eale \u00e0 bois chez soi peut offrir une exp\u00e9rience inoubliable et chaleureuse. Cependant, son utilisation peut parfois sembler complexe. Ne vous inqui\u00e9tez pas, dans cet article, vous d\u00e9couvrirez que les po\u00eales \u00e0 bois ne sont pas aussi compliqu\u00e9s qu&#8217;ils en ont l&#8217;air. Pr\u00e9parez-vous \u00e0 d\u00e9couvrir les secrets d&#8217;un allumage parfait du po\u00eale \u00e0 [&hellip;]","og_url":"https:\/\/www.mobilier-design-occasion.fr\/magazine\/comment-allumer-correctement-votre-poele-a-bois\/","og_site_name":"Mobilier Design Magazine","article_publisher":"https:\/\/www.facebook.com\/mobilierdesignoccasion","article_published_time":"2023-06-28T09:40:52+00:00","article_modified_time":"2023-09-25T13:28:21+00:00","og_image":[{"width":1080,"height":1080,"url":"https:\/\/www.mobilier-design-occasion.fr\/magazine\/wp-content\/uploads\/2023\/06\/ciel-de-lit-cabane-2.png","type":"image\/png"}],"author":"Cyrielle Poirot","twitter_card":"summary_large_image","twitter_misc":{"\u00c9crit par":"Cyrielle Poirot","Dur\u00e9e de lecture estim\u00e9e":"4 minutes"},"schema":{"@context":"https:\/\/schema.org","@graph":[{"@type":"Article","@id":"https:\/\/www.mobilier-design-occasion.fr\/magazine\/comment-allumer-correctement-votre-poele-a-bois\/#article","isPartOf":{"@id":"https:\/\/www.mobilier-design-occasion.fr\/magazine\/comment-allumer-correctement-votre-poele-a-bois\/"},"author":{"name":"Cyrielle Poirot","@id":"https:\/\/www.mobilier-design-occasion.fr\/magazine\/#\/schema\/person\/5b2e5627a714ddadaaf8c9b886c55eff"},"headline":"Comment allumer correctement votre po\u00eale \u00e0 bois?","datePublished":"2023-06-28T09:40:52+00:00","dateModified":"2023-09-25T13:28:21+00:00","mainEntityOfPage":{"@id":"https:\/\/www.mobilier-design-occasion.fr\/magazine\/comment-allumer-correctement-votre-poele-a-bois\/"},"wordCount":925,"commentCount":0,"publisher":{"@id":"https:\/\/www.mobilier-design-occasion.fr\/magazine\/#organization"},"image":{"@id":"https:\/\/www.mobilier-design-occasion.fr\/magazine\/comment-allumer-correctement-votre-poele-a-bois\/#primaryimage"},"thumbnailUrl":"https:\/\/www.mobilier-design-occasion.fr\/magazine\/wp-content\/uploads\/2023\/06\/ciel-de-lit-cabane-2.png","articleSection":["Tendances"],"inLanguage":"fr-FR","potentialAction":[{"@type":"CommentAction","name":"Comment","target":["https:\/\/www.mobilier-design-occasion.fr\/magazine\/comment-allumer-correctement-votre-poele-a-bois\/#respond"]}]},{"@type":"WebPage","@id":"https:\/\/www.mobilier-design-occasion.fr\/magazine\/comment-allumer-correctement-votre-poele-a-bois\/","url":"https:\/\/www.mobilier-design-occasion.fr\/magazine\/comment-allumer-correctement-votre-poele-a-bois\/","name":"Comment allumer correctement votre po\u00eale \u00e0 bois? - Mobilier Design Magazine","isPartOf":{"@id":"https:\/\/www.mobilier-design-occasion.fr\/magazine\/#website"},"primaryImageOfPage":{"@id":"https:\/\/www.mobilier-design-occasion.fr\/magazine\/comment-allumer-correctement-votre-poele-a-bois\/#primaryimage"},"image":{"@id":"https:\/\/www.mobilier-design-occasion.fr\/magazine\/comment-allumer-correctement-votre-poele-a-bois\/#primaryimage"},"thumbnailUrl":"https:\/\/www.mobilier-design-occasion.fr\/magazine\/wp-content\/uploads\/2023\/06\/ciel-de-lit-cabane-2.png","datePublished":"2023-06-28T09:40:52+00:00","dateModified":"2023-09-25T13:28:21+00:00","breadcrumb":{"@id":"https:\/\/www.mobilier-design-occasion.fr\/magazine\/comment-allumer-correctement-votre-poele-a-bois\/#breadcrumb"},"inLanguage":"fr-FR","potentialAction":[{"@type":"ReadAction","target":["https:\/\/www.mobilier-design-occasion.fr\/magazine\/comment-allumer-correctement-votre-poele-a-bois\/"]}]},{"@type":"ImageObject","inLanguage":"fr-FR","@id":"https:\/\/www.mobilier-design-occasion.fr\/magazine\/comment-allumer-correctement-votre-poele-a-bois\/#primaryimage","url":"https:\/\/www.mobilier-design-occasion.fr\/magazine\/wp-content\/uploads\/2023\/06\/ciel-de-lit-cabane-2.png","contentUrl":"https:\/\/www.mobilier-design-occasion.fr\/magazine\/wp-content\/uploads\/2023\/06\/ciel-de-lit-cabane-2.png","width":1080,"height":1080},{"@type":"BreadcrumbList","@id":"https:\/\/www.mobilier-design-occasion.fr\/magazine\/comment-allumer-correctement-votre-poele-a-bois\/#breadcrumb","itemListElement":[{"@type":"ListItem","position":1,"name":"Accueil","item":"https:\/\/www.mobilier-design-occasion.fr\/magazine\/"},{"@type":"ListItem","position":2,"name":"Comment allumer correctement votre po\u00eale \u00e0 bois?"}]},{"@type":"WebSite","@id":"https:\/\/www.mobilier-design-occasion.fr\/magazine\/#website","url":"https:\/\/www.mobilier-design-occasion.fr\/magazine\/","name":"Mobilier Design Magazine","description":"","publisher":{"@id":"https:\/\/www.mobilier-design-occasion.fr\/magazine\/#organization"},"potentialAction":[{"@type":"SearchAction","target":{"@type":"EntryPoint","urlTemplate":"https:\/\/www.mobilier-design-occasion.fr\/magazine\/?s={search_term_string}"},"query-input":{"@type":"PropertyValueSpecification","valueRequired":true,"valueName":"search_term_string"}}],"inLanguage":"fr-FR"},{"@type":"Organization","@id":"https:\/\/www.mobilier-design-occasion.fr\/magazine\/#organization","name":"Mobilier Design Magazine","url":"https:\/\/www.mobilier-design-occasion.fr\/magazine\/","logo":{"@type":"ImageObject","inLanguage":"fr-FR","@id":"https:\/\/www.mobilier-design-occasion.fr\/magazine\/#\/schema\/logo\/image\/","url":"https:\/\/www.mobilier-design-occasion.fr\/magazine\/wp-content\/uploads\/2024\/02\/android-chrome-192x192-1.png","contentUrl":"https:\/\/www.mobilier-design-occasion.fr\/magazine\/wp-content\/uploads\/2024\/02\/android-chrome-192x192-1.png","width":192,"height":192,"caption":"Mobilier Design Magazine"},"image":{"@id":"https:\/\/www.mobilier-design-occasion.fr\/magazine\/#\/schema\/logo\/image\/"},"sameAs":["https:\/\/www.facebook.com\/mobilierdesignoccasion"]},{"@type":"Person","@id":"https:\/\/www.mobilier-design-occasion.fr\/magazine\/#\/schema\/person\/5b2e5627a714ddadaaf8c9b886c55eff","name":"Cyrielle Poirot","image":{"@type":"ImageObject","inLanguage":"fr-FR","@id":"https:\/\/secure.gravatar.com\/avatar\/c8d2674e093b06894d8d1dc468b626bd752523471f3ac6e75f7c7a1400d40b4d?s=96&d=mm&r=g","url":"https:\/\/secure.gravatar.com\/avatar\/c8d2674e093b06894d8d1dc468b626bd752523471f3ac6e75f7c7a1400d40b4d?s=96&d=mm&r=g","contentUrl":"https:\/\/secure.gravatar.com\/avatar\/c8d2674e093b06894d8d1dc468b626bd752523471f3ac6e75f7c7a1400d40b4d?s=96&d=mm&r=g","caption":"Cyrielle Poirot"},"description":"Cyrielle est passionn\u00e9e par la d\u00e9coration d'int\u00e9rieur et s'est sp\u00e9cialis\u00e9e depuis quelques ann\u00e9es dans l'\u00e9dition du site Mobilier-Design, avec une touche sp\u00e9cifique pour les produits d'occasion.","sameAs":["https:\/\/www.mobilier-design-occasion.fr\/magazine"],"url":"https:\/\/www.mobilier-design-occasion.fr\/magazine\/author\/cyrielle\/"}]}},"_links":{"self":[{"href":"https:\/\/www.mobilier-design-occasion.fr\/magazine\/wp-json\/wp\/v2\/posts\/6648","targetHints":{"allow":["GET"]}}],"collection":[{"href":"https:\/\/www.mobilier-design-occasion.fr\/magazine\/wp-json\/wp\/v2\/posts"}],"about":[{"href":"https:\/\/www.mobilier-design-occasion.fr\/magazine\/wp-json\/wp\/v2\/types\/post"}],"author":[{"embeddable":true,"href":"https:\/\/www.mobilier-design-occasion.fr\/magazine\/wp-json\/wp\/v2\/users\/1"}],"replies":[{"embeddable":true,"href":"https:\/\/www.mobilier-design-occasion.fr\/magazine\/wp-json\/wp\/v2\/comments?post=6648"}],"version-history":[{"count":1,"href":"https:\/\/www.mobilier-design-occasion.fr\/magazine\/wp-json\/wp\/v2\/posts\/6648\/revisions"}],"predecessor-version":[{"id":6650,"href":"https:\/\/www.mobilier-design-occasion.fr\/magazine\/wp-json\/wp\/v2\/posts\/6648\/revisions\/6650"}],"wp:featuredmedia":[{"embeddable":true,"href":"https:\/\/www.mobilier-design-occasion.fr\/magazine\/wp-json\/wp\/v2\/media\/6649"}],"wp:attachment":[{"href":"https:\/\/www.mobilier-design-occasion.fr\/magazine\/wp-json\/wp\/v2\/media?parent=6648"}],"wp:term":[{"taxonomy":"category","embeddable":true,"href":"https:\/\/www.mobilier-design-occasion.fr\/magazine\/wp-json\/wp\/v2\/categories?post=6648"},{"taxonomy":"post_tag","embeddable":true,"href":"https:\/\/www.mobilier-design-occasion.fr\/magazine\/wp-json\/wp\/v2\/tags?post=6648"}],"curies":[{"name":"wp","href":"https:\/\/api.w.org\/{rel}","templated":true}]}}