{"id":6630,"date":"2023-06-11T14:29:48","date_gmt":"2023-06-11T14:29:48","guid":{"rendered":"https:\/\/www.mobilier-design-occasion.fr\/magazine\/?p=6630"},"modified":"2023-09-25T13:28:43","modified_gmt":"2023-09-25T13:28:43","slug":"comment-integrer-le-travertin-dans-votre-decoration-interieure","status":"publish","type":"post","link":"https:\/\/www.mobilier-design-occasion.fr\/magazine\/comment-integrer-le-travertin-dans-votre-decoration-interieure\/","title":{"rendered":"Comment int\u00e9grer le travertin dans votre d\u00e9coration int\u00e9rieure?"},"content":{"rendered":"\n<p>La d\u00e9coration int\u00e9rieure est un art qui permet d&#8217;exprimer notre personnalit\u00e9 et de cr\u00e9er un espace \u00e0 notre image. Si vous recherchez un mat\u00e9riau naturel et \u00e9l\u00e9gant pour embellir votre int\u00e9rieur, le travertin est un choix id\u00e9al. Avec ses nuances chaleureuses et sa texture unique, ce mat\u00e9riau apporte une touche de raffinement \u00e0 n&#8217;importe quelle pi\u00e8ce. D\u00e9couvrez ici 2 meilleures id\u00e9es pour l\u2019int\u00e9grer dans votre d\u00e9coration int\u00e9rieure.<\/p>\n\n\n\n<h2 class=\"wp-block-heading\">Un sol en travertin<\/h2>\n\n\n\n<p>Pour utiliser le travertin dans votre d\u00e9coration int\u00e9rieure, vous pouvez l\u2019installer comme&nbsp;<strong>rev\u00eatement de sol<\/strong>. Ligero vous propose d&#8217;ailleurs<a href=\"https:\/\/www.ligerio.fr\/cat\/paves\">&nbsp;diverses solutions<\/a>&nbsp;de qualit\u00e9 pour tous les prix. En effet, un sol en travertin apporte une allure intemporelle et raffin\u00e9e \u00e0 vos pi\u00e8ces. Vous pouvez par exemple choisir des&nbsp;<strong>carreaux de travertin<\/strong>&nbsp;aux tons chauds, si vous souhaitez une atmosph\u00e8re chaleureuse.<\/p>\n\n\n\n<h2 class=\"wp-block-heading\">Des murs en travertin<\/h2>\n\n\n\n<figure class=\"wp-block-image size-full\"><img loading=\"lazy\" decoding=\"async\" width=\"848\" height=\"565\" src=\"https:\/\/www.mobilier-design-occasion.fr\/magazine\/wp-content\/uploads\/2023\/06\/e54df87c6da1f6d414a4d58c095b639a.jpeg\" alt=\"\" class=\"wp-image-6632\" srcset=\"https:\/\/www.mobilier-design-occasion.fr\/magazine\/wp-content\/uploads\/2023\/06\/e54df87c6da1f6d414a4d58c095b639a.jpeg 848w, https:\/\/www.mobilier-design-occasion.fr\/magazine\/wp-content\/uploads\/2023\/06\/e54df87c6da1f6d414a4d58c095b639a-300x200.jpeg 300w, https:\/\/www.mobilier-design-occasion.fr\/magazine\/wp-content\/uploads\/2023\/06\/e54df87c6da1f6d414a4d58c095b639a-768x512.jpeg 768w, https:\/\/www.mobilier-design-occasion.fr\/magazine\/wp-content\/uploads\/2023\/06\/e54df87c6da1f6d414a4d58c095b639a-810x540.jpeg 810w\" sizes=\"auto, (max-width: 848px) 100vw, 848px\" \/><\/figure>\n\n\n\n<p>Pour donner \u00e0 votre int\u00e9rieur&nbsp;<strong>une allure luxueuse<\/strong>, pensez \u00e0 utiliser du travertin pour&nbsp;<strong>l\u2019habillage de vos murs<\/strong>. Vous avez la possibilit\u00e9 de cr\u00e9er des accents avec du travertin en l\u2019associant avec d\u2019autres mat\u00e9riaux comme :<\/p>\n\n\n\n<ul class=\"wp-block-list\">\n<li>le bois ;<\/li>\n\n\n\n<li>le m\u00e9tal ;<\/li>\n\n\n\n<li>le verre.<\/li>\n<\/ul>\n\n\n\n<p>Quelle que soit votre approche, les&nbsp;<strong>murs en travertin<\/strong>&nbsp;constituent un moyen s\u00fbr d\u2019attirer l\u2019attention. Ils permettent aussi de donner du caract\u00e8re \u00e0 votre d\u00e9coration. Laissez libre cours \u00e0 votre cr\u00e9ativit\u00e9 puis explorez toutes les possibilit\u00e9s infinies que vous offre le travertin.<\/p>\n\n\n\n<p>En gros, le travertin est un mat\u00e9riau polyvalent qui peut \u00eatre utilis\u00e9 de multiples fa\u00e7ons dans la d\u00e9coration int\u00e9rieure. Que ce soit pour un rev\u00eatement mural \u00e9l\u00e9gant ou un sol r\u00e9sistant et esth\u00e9tique, il apporte une touche de sophistication \u00e0 votre int\u00e9rieur.<\/p>\n","protected":false},"excerpt":{"rendered":"<p>La d\u00e9coration int\u00e9rieure est un art qui permet d&#8217;exprimer notre personnalit\u00e9 et de cr\u00e9er un espace \u00e0 notre image. Si vous recherchez un mat\u00e9riau naturel et \u00e9l\u00e9gant pour embellir votre int\u00e9rieur, le travertin est un choix id\u00e9al. Avec ses nuances chaleureuses et sa texture unique, ce mat\u00e9riau apporte une touche de raffinement \u00e0 n&#8217;importe quelle [&hellip;]<\/p>\n","protected":false},"author":1,"featured_media":6631,"comment_status":"open","ping_status":"open","sticky":false,"template":"","format":"standard","meta":{"footnotes":""},"categories":[2],"tags":[],"class_list":["post-6630","post","type-post","status-publish","format-standard","has-post-thumbnail","hentry","category-tendances"],"yoast_head":"<!-- This site is optimized with the Yoast SEO plugin v27.5 - https:\/\/yoast.com\/product\/yoast-seo-wordpress\/ -->\n<title>Comment int\u00e9grer le travertin dans votre d\u00e9coration int\u00e9rieure? - Mobilier Design Magazine<\/title>\n<meta name=\"robots\" content=\"index, follow, max-snippet:-1, max-image-preview:large, max-video-preview:-1\" \/>\n<link rel=\"canonical\" href=\"https:\/\/www.mobilier-design-occasion.fr\/magazine\/comment-integrer-le-travertin-dans-votre-decoration-interieure\/\" \/>\n<meta property=\"og:locale\" content=\"fr_FR\" \/>\n<meta property=\"og:type\" content=\"article\" \/>\n<meta property=\"og:title\" content=\"Comment int\u00e9grer le travertin dans votre d\u00e9coration int\u00e9rieure? - Mobilier Design Magazine\" \/>\n<meta property=\"og:description\" content=\"La d\u00e9coration int\u00e9rieure est un art qui permet d&#8217;exprimer notre personnalit\u00e9 et de cr\u00e9er un espace \u00e0 notre image. Si vous recherchez un mat\u00e9riau naturel et \u00e9l\u00e9gant pour embellir votre int\u00e9rieur, le travertin est un choix id\u00e9al. Avec ses nuances chaleureuses et sa texture unique, ce mat\u00e9riau apporte une touche de raffinement \u00e0 n&#8217;importe quelle [&hellip;]\" \/>\n<meta property=\"og:url\" content=\"https:\/\/www.mobilier-design-occasion.fr\/magazine\/comment-integrer-le-travertin-dans-votre-decoration-interieure\/\" \/>\n<meta property=\"og:site_name\" content=\"Mobilier Design Magazine\" \/>\n<meta property=\"article:publisher\" content=\"https:\/\/www.facebook.com\/mobilierdesignoccasion\" \/>\n<meta property=\"article:published_time\" content=\"2023-06-11T14:29:48+00:00\" \/>\n<meta property=\"article:modified_time\" content=\"2023-09-25T13:28:43+00:00\" \/>\n<meta property=\"og:image\" content=\"https:\/\/www.mobilier-design-occasion.fr\/magazine\/wp-content\/uploads\/2023\/06\/e647a464747e0c177a57140ad1e55bc1.jpeg\" \/>\n\t<meta property=\"og:image:width\" content=\"848\" \/>\n\t<meta property=\"og:image:height\" content=\"565\" \/>\n\t<meta property=\"og:image:type\" content=\"image\/jpeg\" \/>\n<meta name=\"author\" content=\"Cyrielle Poirot\" \/>\n<meta name=\"twitter:card\" content=\"summary_large_image\" \/>\n<meta name=\"twitter:label1\" content=\"\u00c9crit par\" \/>\n\t<meta name=\"twitter:data1\" content=\"Cyrielle Poirot\" \/>\n\t<meta name=\"twitter:label2\" content=\"Dur\u00e9e de lecture estim\u00e9e\" \/>\n\t<meta name=\"twitter:data2\" content=\"2 minutes\" \/>\n<script type=\"application\/ld+json\" class=\"yoast-schema-graph\">{\"@context\":\"https:\\\/\\\/schema.org\",\"@graph\":[{\"@type\":\"Article\",\"@id\":\"https:\\\/\\\/www.mobilier-design-occasion.fr\\\/magazine\\\/comment-integrer-le-travertin-dans-votre-decoration-interieure\\\/#article\",\"isPartOf\":{\"@id\":\"https:\\\/\\\/www.mobilier-design-occasion.fr\\\/magazine\\\/comment-integrer-le-travertin-dans-votre-decoration-interieure\\\/\"},\"author\":{\"name\":\"Cyrielle Poirot\",\"@id\":\"https:\\\/\\\/www.mobilier-design-occasion.fr\\\/magazine\\\/#\\\/schema\\\/person\\\/5b2e5627a714ddadaaf8c9b886c55eff\"},\"headline\":\"Comment int\u00e9grer le travertin dans votre d\u00e9coration int\u00e9rieure?\",\"datePublished\":\"2023-06-11T14:29:48+00:00\",\"dateModified\":\"2023-09-25T13:28:43+00:00\",\"mainEntityOfPage\":{\"@id\":\"https:\\\/\\\/www.mobilier-design-occasion.fr\\\/magazine\\\/comment-integrer-le-travertin-dans-votre-decoration-interieure\\\/\"},\"wordCount\":319,\"commentCount\":0,\"publisher\":{\"@id\":\"https:\\\/\\\/www.mobilier-design-occasion.fr\\\/magazine\\\/#organization\"},\"image\":{\"@id\":\"https:\\\/\\\/www.mobilier-design-occasion.fr\\\/magazine\\\/comment-integrer-le-travertin-dans-votre-decoration-interieure\\\/#primaryimage\"},\"thumbnailUrl\":\"https:\\\/\\\/www.mobilier-design-occasion.fr\\\/magazine\\\/wp-content\\\/uploads\\\/2023\\\/06\\\/e647a464747e0c177a57140ad1e55bc1.jpeg\",\"articleSection\":[\"Tendances\"],\"inLanguage\":\"fr-FR\",\"potentialAction\":[{\"@type\":\"CommentAction\",\"name\":\"Comment\",\"target\":[\"https:\\\/\\\/www.mobilier-design-occasion.fr\\\/magazine\\\/comment-integrer-le-travertin-dans-votre-decoration-interieure\\\/#respond\"]}]},{\"@type\":\"WebPage\",\"@id\":\"https:\\\/\\\/www.mobilier-design-occasion.fr\\\/magazine\\\/comment-integrer-le-travertin-dans-votre-decoration-interieure\\\/\",\"url\":\"https:\\\/\\\/www.mobilier-design-occasion.fr\\\/magazine\\\/comment-integrer-le-travertin-dans-votre-decoration-interieure\\\/\",\"name\":\"Comment int\u00e9grer le travertin dans votre d\u00e9coration int\u00e9rieure? - Mobilier Design Magazine\",\"isPartOf\":{\"@id\":\"https:\\\/\\\/www.mobilier-design-occasion.fr\\\/magazine\\\/#website\"},\"primaryImageOfPage\":{\"@id\":\"https:\\\/\\\/www.mobilier-design-occasion.fr\\\/magazine\\\/comment-integrer-le-travertin-dans-votre-decoration-interieure\\\/#primaryimage\"},\"image\":{\"@id\":\"https:\\\/\\\/www.mobilier-design-occasion.fr\\\/magazine\\\/comment-integrer-le-travertin-dans-votre-decoration-interieure\\\/#primaryimage\"},\"thumbnailUrl\":\"https:\\\/\\\/www.mobilier-design-occasion.fr\\\/magazine\\\/wp-content\\\/uploads\\\/2023\\\/06\\\/e647a464747e0c177a57140ad1e55bc1.jpeg\",\"datePublished\":\"2023-06-11T14:29:48+00:00\",\"dateModified\":\"2023-09-25T13:28:43+00:00\",\"breadcrumb\":{\"@id\":\"https:\\\/\\\/www.mobilier-design-occasion.fr\\\/magazine\\\/comment-integrer-le-travertin-dans-votre-decoration-interieure\\\/#breadcrumb\"},\"inLanguage\":\"fr-FR\",\"potentialAction\":[{\"@type\":\"ReadAction\",\"target\":[\"https:\\\/\\\/www.mobilier-design-occasion.fr\\\/magazine\\\/comment-integrer-le-travertin-dans-votre-decoration-interieure\\\/\"]}]},{\"@type\":\"ImageObject\",\"inLanguage\":\"fr-FR\",\"@id\":\"https:\\\/\\\/www.mobilier-design-occasion.fr\\\/magazine\\\/comment-integrer-le-travertin-dans-votre-decoration-interieure\\\/#primaryimage\",\"url\":\"https:\\\/\\\/www.mobilier-design-occasion.fr\\\/magazine\\\/wp-content\\\/uploads\\\/2023\\\/06\\\/e647a464747e0c177a57140ad1e55bc1.jpeg\",\"contentUrl\":\"https:\\\/\\\/www.mobilier-design-occasion.fr\\\/magazine\\\/wp-content\\\/uploads\\\/2023\\\/06\\\/e647a464747e0c177a57140ad1e55bc1.jpeg\",\"width\":848,\"height\":565},{\"@type\":\"BreadcrumbList\",\"@id\":\"https:\\\/\\\/www.mobilier-design-occasion.fr\\\/magazine\\\/comment-integrer-le-travertin-dans-votre-decoration-interieure\\\/#breadcrumb\",\"itemListElement\":[{\"@type\":\"ListItem\",\"position\":1,\"name\":\"Accueil\",\"item\":\"https:\\\/\\\/www.mobilier-design-occasion.fr\\\/magazine\\\/\"},{\"@type\":\"ListItem\",\"position\":2,\"name\":\"Comment int\u00e9grer le travertin dans votre d\u00e9coration int\u00e9rieure?\"}]},{\"@type\":\"WebSite\",\"@id\":\"https:\\\/\\\/www.mobilier-design-occasion.fr\\\/magazine\\\/#website\",\"url\":\"https:\\\/\\\/www.mobilier-design-occasion.fr\\\/magazine\\\/\",\"name\":\"Mobilier Design Magazine\",\"description\":\"\",\"publisher\":{\"@id\":\"https:\\\/\\\/www.mobilier-design-occasion.fr\\\/magazine\\\/#organization\"},\"potentialAction\":[{\"@type\":\"SearchAction\",\"target\":{\"@type\":\"EntryPoint\",\"urlTemplate\":\"https:\\\/\\\/www.mobilier-design-occasion.fr\\\/magazine\\\/?s={search_term_string}\"},\"query-input\":{\"@type\":\"PropertyValueSpecification\",\"valueRequired\":true,\"valueName\":\"search_term_string\"}}],\"inLanguage\":\"fr-FR\"},{\"@type\":\"Organization\",\"@id\":\"https:\\\/\\\/www.mobilier-design-occasion.fr\\\/magazine\\\/#organization\",\"name\":\"Mobilier Design Magazine\",\"url\":\"https:\\\/\\\/www.mobilier-design-occasion.fr\\\/magazine\\\/\",\"logo\":{\"@type\":\"ImageObject\",\"inLanguage\":\"fr-FR\",\"@id\":\"https:\\\/\\\/www.mobilier-design-occasion.fr\\\/magazine\\\/#\\\/schema\\\/logo\\\/image\\\/\",\"url\":\"https:\\\/\\\/www.mobilier-design-occasion.fr\\\/magazine\\\/wp-content\\\/uploads\\\/2024\\\/02\\\/android-chrome-192x192-1.png\",\"contentUrl\":\"https:\\\/\\\/www.mobilier-design-occasion.fr\\\/magazine\\\/wp-content\\\/uploads\\\/2024\\\/02\\\/android-chrome-192x192-1.png\",\"width\":192,\"height\":192,\"caption\":\"Mobilier Design Magazine\"},\"image\":{\"@id\":\"https:\\\/\\\/www.mobilier-design-occasion.fr\\\/magazine\\\/#\\\/schema\\\/logo\\\/image\\\/\"},\"sameAs\":[\"https:\\\/\\\/www.facebook.com\\\/mobilierdesignoccasion\"]},{\"@type\":\"Person\",\"@id\":\"https:\\\/\\\/www.mobilier-design-occasion.fr\\\/magazine\\\/#\\\/schema\\\/person\\\/5b2e5627a714ddadaaf8c9b886c55eff\",\"name\":\"Cyrielle Poirot\",\"image\":{\"@type\":\"ImageObject\",\"inLanguage\":\"fr-FR\",\"@id\":\"https:\\\/\\\/secure.gravatar.com\\\/avatar\\\/c8d2674e093b06894d8d1dc468b626bd752523471f3ac6e75f7c7a1400d40b4d?s=96&d=mm&r=g\",\"url\":\"https:\\\/\\\/secure.gravatar.com\\\/avatar\\\/c8d2674e093b06894d8d1dc468b626bd752523471f3ac6e75f7c7a1400d40b4d?s=96&d=mm&r=g\",\"contentUrl\":\"https:\\\/\\\/secure.gravatar.com\\\/avatar\\\/c8d2674e093b06894d8d1dc468b626bd752523471f3ac6e75f7c7a1400d40b4d?s=96&d=mm&r=g\",\"caption\":\"Cyrielle Poirot\"},\"description\":\"Cyrielle est passionn\u00e9e par la d\u00e9coration d'int\u00e9rieur et s'est sp\u00e9cialis\u00e9e depuis quelques ann\u00e9es dans l'\u00e9dition du site Mobilier-Design, avec une touche sp\u00e9cifique pour les produits d'occasion.\",\"sameAs\":[\"https:\\\/\\\/www.mobilier-design-occasion.fr\\\/magazine\"],\"url\":\"https:\\\/\\\/www.mobilier-design-occasion.fr\\\/magazine\\\/author\\\/cyrielle\\\/\"}]}<\/script>\n<!-- \/ Yoast SEO plugin. -->","yoast_head_json":{"title":"Comment int\u00e9grer le travertin dans votre d\u00e9coration int\u00e9rieure? - Mobilier Design Magazine","robots":{"index":"index","follow":"follow","max-snippet":"max-snippet:-1","max-image-preview":"max-image-preview:large","max-video-preview":"max-video-preview:-1"},"canonical":"https:\/\/www.mobilier-design-occasion.fr\/magazine\/comment-integrer-le-travertin-dans-votre-decoration-interieure\/","og_locale":"fr_FR","og_type":"article","og_title":"Comment int\u00e9grer le travertin dans votre d\u00e9coration int\u00e9rieure? - Mobilier Design Magazine","og_description":"La d\u00e9coration int\u00e9rieure est un art qui permet d&#8217;exprimer notre personnalit\u00e9 et de cr\u00e9er un espace \u00e0 notre image. Si vous recherchez un mat\u00e9riau naturel et \u00e9l\u00e9gant pour embellir votre int\u00e9rieur, le travertin est un choix id\u00e9al. Avec ses nuances chaleureuses et sa texture unique, ce mat\u00e9riau apporte une touche de raffinement \u00e0 n&#8217;importe quelle [&hellip;]","og_url":"https:\/\/www.mobilier-design-occasion.fr\/magazine\/comment-integrer-le-travertin-dans-votre-decoration-interieure\/","og_site_name":"Mobilier Design Magazine","article_publisher":"https:\/\/www.facebook.com\/mobilierdesignoccasion","article_published_time":"2023-06-11T14:29:48+00:00","article_modified_time":"2023-09-25T13:28:43+00:00","og_image":[{"width":848,"height":565,"url":"https:\/\/www.mobilier-design-occasion.fr\/magazine\/wp-content\/uploads\/2023\/06\/e647a464747e0c177a57140ad1e55bc1.jpeg","type":"image\/jpeg"}],"author":"Cyrielle Poirot","twitter_card":"summary_large_image","twitter_misc":{"\u00c9crit par":"Cyrielle Poirot","Dur\u00e9e de lecture estim\u00e9e":"2 minutes"},"schema":{"@context":"https:\/\/schema.org","@graph":[{"@type":"Article","@id":"https:\/\/www.mobilier-design-occasion.fr\/magazine\/comment-integrer-le-travertin-dans-votre-decoration-interieure\/#article","isPartOf":{"@id":"https:\/\/www.mobilier-design-occasion.fr\/magazine\/comment-integrer-le-travertin-dans-votre-decoration-interieure\/"},"author":{"name":"Cyrielle Poirot","@id":"https:\/\/www.mobilier-design-occasion.fr\/magazine\/#\/schema\/person\/5b2e5627a714ddadaaf8c9b886c55eff"},"headline":"Comment int\u00e9grer le travertin dans votre d\u00e9coration int\u00e9rieure?","datePublished":"2023-06-11T14:29:48+00:00","dateModified":"2023-09-25T13:28:43+00:00","mainEntityOfPage":{"@id":"https:\/\/www.mobilier-design-occasion.fr\/magazine\/comment-integrer-le-travertin-dans-votre-decoration-interieure\/"},"wordCount":319,"commentCount":0,"publisher":{"@id":"https:\/\/www.mobilier-design-occasion.fr\/magazine\/#organization"},"image":{"@id":"https:\/\/www.mobilier-design-occasion.fr\/magazine\/comment-integrer-le-travertin-dans-votre-decoration-interieure\/#primaryimage"},"thumbnailUrl":"https:\/\/www.mobilier-design-occasion.fr\/magazine\/wp-content\/uploads\/2023\/06\/e647a464747e0c177a57140ad1e55bc1.jpeg","articleSection":["Tendances"],"inLanguage":"fr-FR","potentialAction":[{"@type":"CommentAction","name":"Comment","target":["https:\/\/www.mobilier-design-occasion.fr\/magazine\/comment-integrer-le-travertin-dans-votre-decoration-interieure\/#respond"]}]},{"@type":"WebPage","@id":"https:\/\/www.mobilier-design-occasion.fr\/magazine\/comment-integrer-le-travertin-dans-votre-decoration-interieure\/","url":"https:\/\/www.mobilier-design-occasion.fr\/magazine\/comment-integrer-le-travertin-dans-votre-decoration-interieure\/","name":"Comment int\u00e9grer le travertin dans votre d\u00e9coration int\u00e9rieure? - Mobilier Design Magazine","isPartOf":{"@id":"https:\/\/www.mobilier-design-occasion.fr\/magazine\/#website"},"primaryImageOfPage":{"@id":"https:\/\/www.mobilier-design-occasion.fr\/magazine\/comment-integrer-le-travertin-dans-votre-decoration-interieure\/#primaryimage"},"image":{"@id":"https:\/\/www.mobilier-design-occasion.fr\/magazine\/comment-integrer-le-travertin-dans-votre-decoration-interieure\/#primaryimage"},"thumbnailUrl":"https:\/\/www.mobilier-design-occasion.fr\/magazine\/wp-content\/uploads\/2023\/06\/e647a464747e0c177a57140ad1e55bc1.jpeg","datePublished":"2023-06-11T14:29:48+00:00","dateModified":"2023-09-25T13:28:43+00:00","breadcrumb":{"@id":"https:\/\/www.mobilier-design-occasion.fr\/magazine\/comment-integrer-le-travertin-dans-votre-decoration-interieure\/#breadcrumb"},"inLanguage":"fr-FR","potentialAction":[{"@type":"ReadAction","target":["https:\/\/www.mobilier-design-occasion.fr\/magazine\/comment-integrer-le-travertin-dans-votre-decoration-interieure\/"]}]},{"@type":"ImageObject","inLanguage":"fr-FR","@id":"https:\/\/www.mobilier-design-occasion.fr\/magazine\/comment-integrer-le-travertin-dans-votre-decoration-interieure\/#primaryimage","url":"https:\/\/www.mobilier-design-occasion.fr\/magazine\/wp-content\/uploads\/2023\/06\/e647a464747e0c177a57140ad1e55bc1.jpeg","contentUrl":"https:\/\/www.mobilier-design-occasion.fr\/magazine\/wp-content\/uploads\/2023\/06\/e647a464747e0c177a57140ad1e55bc1.jpeg","width":848,"height":565},{"@type":"BreadcrumbList","@id":"https:\/\/www.mobilier-design-occasion.fr\/magazine\/comment-integrer-le-travertin-dans-votre-decoration-interieure\/#breadcrumb","itemListElement":[{"@type":"ListItem","position":1,"name":"Accueil","item":"https:\/\/www.mobilier-design-occasion.fr\/magazine\/"},{"@type":"ListItem","position":2,"name":"Comment int\u00e9grer le travertin dans votre d\u00e9coration int\u00e9rieure?"}]},{"@type":"WebSite","@id":"https:\/\/www.mobilier-design-occasion.fr\/magazine\/#website","url":"https:\/\/www.mobilier-design-occasion.fr\/magazine\/","name":"Mobilier Design Magazine","description":"","publisher":{"@id":"https:\/\/www.mobilier-design-occasion.fr\/magazine\/#organization"},"potentialAction":[{"@type":"SearchAction","target":{"@type":"EntryPoint","urlTemplate":"https:\/\/www.mobilier-design-occasion.fr\/magazine\/?s={search_term_string}"},"query-input":{"@type":"PropertyValueSpecification","valueRequired":true,"valueName":"search_term_string"}}],"inLanguage":"fr-FR"},{"@type":"Organization","@id":"https:\/\/www.mobilier-design-occasion.fr\/magazine\/#organization","name":"Mobilier Design Magazine","url":"https:\/\/www.mobilier-design-occasion.fr\/magazine\/","logo":{"@type":"ImageObject","inLanguage":"fr-FR","@id":"https:\/\/www.mobilier-design-occasion.fr\/magazine\/#\/schema\/logo\/image\/","url":"https:\/\/www.mobilier-design-occasion.fr\/magazine\/wp-content\/uploads\/2024\/02\/android-chrome-192x192-1.png","contentUrl":"https:\/\/www.mobilier-design-occasion.fr\/magazine\/wp-content\/uploads\/2024\/02\/android-chrome-192x192-1.png","width":192,"height":192,"caption":"Mobilier Design Magazine"},"image":{"@id":"https:\/\/www.mobilier-design-occasion.fr\/magazine\/#\/schema\/logo\/image\/"},"sameAs":["https:\/\/www.facebook.com\/mobilierdesignoccasion"]},{"@type":"Person","@id":"https:\/\/www.mobilier-design-occasion.fr\/magazine\/#\/schema\/person\/5b2e5627a714ddadaaf8c9b886c55eff","name":"Cyrielle Poirot","image":{"@type":"ImageObject","inLanguage":"fr-FR","@id":"https:\/\/secure.gravatar.com\/avatar\/c8d2674e093b06894d8d1dc468b626bd752523471f3ac6e75f7c7a1400d40b4d?s=96&d=mm&r=g","url":"https:\/\/secure.gravatar.com\/avatar\/c8d2674e093b06894d8d1dc468b626bd752523471f3ac6e75f7c7a1400d40b4d?s=96&d=mm&r=g","contentUrl":"https:\/\/secure.gravatar.com\/avatar\/c8d2674e093b06894d8d1dc468b626bd752523471f3ac6e75f7c7a1400d40b4d?s=96&d=mm&r=g","caption":"Cyrielle Poirot"},"description":"Cyrielle est passionn\u00e9e par la d\u00e9coration d'int\u00e9rieur et s'est sp\u00e9cialis\u00e9e depuis quelques ann\u00e9es dans l'\u00e9dition du site Mobilier-Design, avec une touche sp\u00e9cifique pour les produits d'occasion.","sameAs":["https:\/\/www.mobilier-design-occasion.fr\/magazine"],"url":"https:\/\/www.mobilier-design-occasion.fr\/magazine\/author\/cyrielle\/"}]}},"_links":{"self":[{"href":"https:\/\/www.mobilier-design-occasion.fr\/magazine\/wp-json\/wp\/v2\/posts\/6630","targetHints":{"allow":["GET"]}}],"collection":[{"href":"https:\/\/www.mobilier-design-occasion.fr\/magazine\/wp-json\/wp\/v2\/posts"}],"about":[{"href":"https:\/\/www.mobilier-design-occasion.fr\/magazine\/wp-json\/wp\/v2\/types\/post"}],"author":[{"embeddable":true,"href":"https:\/\/www.mobilier-design-occasion.fr\/magazine\/wp-json\/wp\/v2\/users\/1"}],"replies":[{"embeddable":true,"href":"https:\/\/www.mobilier-design-occasion.fr\/magazine\/wp-json\/wp\/v2\/comments?post=6630"}],"version-history":[{"count":2,"href":"https:\/\/www.mobilier-design-occasion.fr\/magazine\/wp-json\/wp\/v2\/posts\/6630\/revisions"}],"predecessor-version":[{"id":6634,"href":"https:\/\/www.mobilier-design-occasion.fr\/magazine\/wp-json\/wp\/v2\/posts\/6630\/revisions\/6634"}],"wp:featuredmedia":[{"embeddable":true,"href":"https:\/\/www.mobilier-design-occasion.fr\/magazine\/wp-json\/wp\/v2\/media\/6631"}],"wp:attachment":[{"href":"https:\/\/www.mobilier-design-occasion.fr\/magazine\/wp-json\/wp\/v2\/media?parent=6630"}],"wp:term":[{"taxonomy":"category","embeddable":true,"href":"https:\/\/www.mobilier-design-occasion.fr\/magazine\/wp-json\/wp\/v2\/categories?post=6630"},{"taxonomy":"post_tag","embeddable":true,"href":"https:\/\/www.mobilier-design-occasion.fr\/magazine\/wp-json\/wp\/v2\/tags?post=6630"}],"curies":[{"name":"wp","href":"https:\/\/api.w.org\/{rel}","templated":true}]}}