{"id":6626,"date":"2023-06-02T11:36:01","date_gmt":"2023-06-02T11:36:01","guid":{"rendered":"https:\/\/www.mobilier-design-occasion.fr\/magazine\/?p=6626"},"modified":"2023-09-25T13:39:46","modified_gmt":"2023-09-25T13:39:46","slug":"comment-bien-reussir-votre-decoration-murale","status":"publish","type":"post","link":"https:\/\/www.mobilier-design-occasion.fr\/magazine\/comment-bien-reussir-votre-decoration-murale\/","title":{"rendered":"Comment bien r\u00e9ussir votre d\u00e9coration murale\u2009?"},"content":{"rendered":"\n<p>Que ce soit pour r\u00e9aliser des travaux de r\u00e9novation ou juste pour donner un nouveau visage \u00e0 votre espace int\u00e9rieur, la&nbsp;<strong>d\u00e9coration murale<\/strong>&nbsp;est un point \u00e0 ne pas n\u00e9gliger. En outre, la d\u00e9coration murale repr\u00e9sente les go\u00fbts et la personnalit\u00e9 de ses occupants. Pour cela, il est indispensable de r\u00e9ussir sa d\u00e9coration murale pour avoir une&nbsp;<strong>pi\u00e8ce sublime<\/strong>&nbsp;et authentique. D\u00e9couvrez dans ce billet quelques \u00e9l\u00e9ments \u00e0 prendre en compte pour r\u00e9ussir votre d\u00e9coration murale.<\/p>\n\n\n\n<h2 class=\"wp-block-heading\"><span class=\"ez-toc-section\" id=\"Bien_agencer_les_objets_de_decoration\"><\/span>Bien agencer les objets de d\u00e9coration<span class=\"ez-toc-section-end\"><\/span><\/h2><div id=\"ez-toc-container\" class=\"ez-toc-v2_0_82_2 counter-hierarchy ez-toc-counter ez-toc-grey ez-toc-container-direction\">\n<div class=\"ez-toc-title-container\">\n<span class=\"ez-toc-title-toggle\"><a href=\"#\" class=\"ez-toc-pull-right ez-toc-btn ez-toc-btn-xs ez-toc-btn-default ez-toc-toggle\" aria-label=\"Toggle Table of Content\"><span class=\"ez-toc-js-icon-con\"><span class=\"\"><span class=\"eztoc-hide\" style=\"display:none;\">Toggle<\/span><span class=\"ez-toc-icon-toggle-span\"><svg style=\"fill: #999;color:#999\" xmlns=\"http:\/\/www.w3.org\/2000\/svg\" class=\"list-377408\" width=\"20px\" height=\"20px\" viewBox=\"0 0 24 24\" fill=\"none\"><path d=\"M6 6H4v2h2V6zm14 0H8v2h12V6zM4 11h2v2H4v-2zm16 0H8v2h12v-2zM4 16h2v2H4v-2zm16 0H8v2h12v-2z\" fill=\"currentColor\"><\/path><\/svg><svg style=\"fill: #999;color:#999\" class=\"arrow-unsorted-368013\" xmlns=\"http:\/\/www.w3.org\/2000\/svg\" width=\"10px\" height=\"10px\" viewBox=\"0 0 24 24\" version=\"1.2\" baseProfile=\"tiny\"><path d=\"M18.2 9.3l-6.2-6.3-6.2 6.3c-.2.2-.3.4-.3.7s.1.5.3.7c.2.2.4.3.7.3h11c.3 0 .5-.1.7-.3.2-.2.3-.5.3-.7s-.1-.5-.3-.7zM5.8 14.7l6.2 6.3 6.2-6.3c.2-.2.3-.5.3-.7s-.1-.5-.3-.7c-.2-.2-.4-.3-.7-.3h-11c-.3 0-.5.1-.7.3-.2.2-.3.5-.3.7s.1.5.3.7z\"\/><\/svg><\/span><\/span><\/span><\/a><\/span><\/div>\n<nav><ul class='ez-toc-list ez-toc-list-level-1 eztoc-toggle-hide-by-default' ><li class='ez-toc-page-1 ez-toc-heading-level-2'><a class=\"ez-toc-link ez-toc-heading-1\" href=\"https:\/\/www.mobilier-design-occasion.fr\/magazine\/comment-bien-reussir-votre-decoration-murale\/#Bien_agencer_les_objets_de_decoration\" >Bien agencer les objets de d\u00e9coration<\/a><\/li><li class='ez-toc-page-1 ez-toc-heading-level-2'><a class=\"ez-toc-link ez-toc-heading-2\" href=\"https:\/\/www.mobilier-design-occasion.fr\/magazine\/comment-bien-reussir-votre-decoration-murale\/#Choisir_les_couleurs_adequates\" >Choisir les couleurs ad\u00e9quates<\/a><\/li><li class='ez-toc-page-1 ez-toc-heading-level-2'><a class=\"ez-toc-link ez-toc-heading-3\" href=\"https:\/\/www.mobilier-design-occasion.fr\/magazine\/comment-bien-reussir-votre-decoration-murale\/#Choisir_son_style_Minimalisme_ou_oser_laccumulation\" >Choisir son style : Minimalisme ou oser l&#8217;accumulation !<\/a><\/li><\/ul><\/nav><\/div>\n\n\n\n\n<figure class=\"wp-block-image size-full\"><img loading=\"lazy\" decoding=\"async\" width=\"923\" height=\"519\" src=\"https:\/\/www.mobilier-design-occasion.fr\/magazine\/wp-content\/uploads\/2023\/06\/6dfc49162a2e6c03a61213da8b721575.jpeg\" alt=\"\" class=\"wp-image-6627\" srcset=\"https:\/\/www.mobilier-design-occasion.fr\/magazine\/wp-content\/uploads\/2023\/06\/6dfc49162a2e6c03a61213da8b721575.jpeg 923w, https:\/\/www.mobilier-design-occasion.fr\/magazine\/wp-content\/uploads\/2023\/06\/6dfc49162a2e6c03a61213da8b721575-300x169.jpeg 300w, https:\/\/www.mobilier-design-occasion.fr\/magazine\/wp-content\/uploads\/2023\/06\/6dfc49162a2e6c03a61213da8b721575-768x432.jpeg 768w, https:\/\/www.mobilier-design-occasion.fr\/magazine\/wp-content\/uploads\/2023\/06\/6dfc49162a2e6c03a61213da8b721575-810x455.jpeg 810w\" sizes=\"auto, (max-width: 923px) 100vw, 923px\" \/><\/figure>\n\n\n\n<p>Un excellent moyen d\u2019agr\u00e9menter votre&nbsp;<strong>d\u00e9coration murale<\/strong>&nbsp;est d\u2019y ajouter des objets d\u00e9coratifs. Cependant, il faut veiller \u00e0 bien agencer ces objets d\u00e9coratifs pour un rendu magnifique. Ainsi, de nombreuses possibilit\u00e9s s\u2019offrent \u00e0 vous notamment&nbsp;:<\/p>\n\n\n\n<ul class=\"wp-block-list\">\n<li>Les miroirs\u2009;<\/li>\n\n\n\n<li>Les horloges murales\u2009;<\/li>\n\n\n\n<li>Les p\u00eale-m\u00eales\u2009;<\/li>\n\n\n\n<li>Les tableaux\u2009;<\/li>\n\n\n\n<li>Les fleurs.<\/li>\n<\/ul>\n\n\n\n<p>Sur le site&nbsp;<strong>My Kozy Shop<\/strong>, vous d\u00e9couvrirez des accessoires d\u00e9coratifs tr\u00e8s tendance. D\u2019ailleurs, c\u2019est l\u2019endroit id\u00e9al pour vous procurer des objets de&nbsp;<a href=\"https:\/\/www.mykozyshop.fr\/28-deco-murale\">d\u00e9coration murale pas cher<\/a>. Par ailleurs, il faut noter que la taille de vos&nbsp;<strong>objets d\u00e9coratifs<\/strong>&nbsp;doit \u00eatre proportionnelle \u00e0 l\u2019espace qui les accueille pour \u00e9viter de surcharger vos murs. Autrement dit, l\u2019ensemble de vos objets d\u00e9coratifs ne doit pas occuper plus de la moiti\u00e9 de l\u2019espace du mur.<br><br>L&#8217;\u00e9clairage joue un r\u00f4le important dans la d\u00e9coration. Alors, n&#8217;oubliez pas d&#8217;installer des luminaires aux endroits importants pour accentuer vos d\u00e9corations.<\/p>\n\n\n\n<h2 class=\"wp-block-heading\"><span class=\"ez-toc-section\" id=\"Choisir_les_couleurs_adequates\"><\/span>Choisir les couleurs ad\u00e9quates<span class=\"ez-toc-section-end\"><\/span><\/h2>\n\n\n\n<p>Comme l\u2019indique&nbsp;<a href=\"https:\/\/jardinage.lemonde.fr\/dossier-2365-decoration-murale-10-idees-simples-embellir-murs.html\">ce site<\/a>, un autre \u00e9l\u00e9ment \u00e0 prendre en compte pour r\u00e9ussir votre d\u00e9coration murale est le choix des couleurs. En effet, celles-ci doivent \u00eatre choisies de fa\u00e7on \u00e0 respecter votre style de d\u00e9coration tout en mettant en valeur la pi\u00e8ce \u00e0 d\u00e9corer. Du blanc aux tonalit\u00e9s satur\u00e9es en passant par les couleurs pastels, plusieurs possibilit\u00e9s s\u2019offrent \u00e0 vous. Vous pouvez \u00e9galement opter pour un&nbsp;<strong>agencement de couleurs<\/strong>&nbsp;ou pour du papier peint avec des motifs vari\u00e9s.<br><\/p>\n\n\n\n<h2 class=\"wp-block-heading\"><span class=\"ez-toc-section\" id=\"Choisir_son_style_Minimalisme_ou_oser_laccumulation\"><\/span>Choisir son style : Minimalisme ou oser l&#8217;accumulation !<span class=\"ez-toc-section-end\"><\/span><\/h2>\n\n\n\n<p>Si vous souhaitez donner une vraie signature \u00e0 vos murs, l&#8217;accumulation d&#8217;objets ou de cadres permet de d\u00e9corer une pi\u00e8ce de mani\u00e8re originale et tendance. Un objet peut sembler basique, mais au milieu ou empil\u00e9 avec de nombreux autres objets (miroir, p\u00eale-m\u00eale, poster&#8230;), il prend tout son sens et devient d\u00e9coratif.<br><br>A l&#8217;inverse, si vous choisissez un style minimaliste avec un seul \u00e9l\u00e9ment \u00e0 accrocher au mur, assurez-vous qu&#8217;il soit aux dimensions cons\u00e9quentes et qu&#8217;il occupe une place agr\u00e9able dans la pi\u00e8ce.<br><br>Pensez \u00e0 adapter votre&nbsp;<strong>d\u00e9coration murale<\/strong>&nbsp;en fonction de votre pi\u00e8ce : cuisine, salon, chambre&#8230;&nbsp;<br><br>En conclusion : soyer cr\u00e9atif et laissez place \u00e0 votre imagination, la d\u00e9coration murale n&#8217;a pas de limite !&nbsp;<\/p>\n","protected":false},"excerpt":{"rendered":"<p>Que ce soit pour r\u00e9aliser des travaux de r\u00e9novation ou juste pour donner un nouveau visage \u00e0 votre espace int\u00e9rieur, la&nbsp;d\u00e9coration murale&nbsp;est un point \u00e0 ne pas n\u00e9gliger. En outre, la d\u00e9coration murale repr\u00e9sente les go\u00fbts et la personnalit\u00e9 de ses occupants. Pour cela, il est indispensable de r\u00e9ussir sa d\u00e9coration murale pour avoir une&nbsp;pi\u00e8ce [&hellip;]<\/p>\n","protected":false},"author":1,"featured_media":6627,"comment_status":"open","ping_status":"open","sticky":false,"template":"","format":"standard","meta":{"footnotes":""},"categories":[2],"tags":[],"class_list":["post-6626","post","type-post","status-publish","format-standard","has-post-thumbnail","hentry","category-tendances"],"yoast_head":"<!-- This site is optimized with the Yoast SEO plugin v27.5 - https:\/\/yoast.com\/product\/yoast-seo-wordpress\/ -->\n<title>Comment bien r\u00e9ussir votre d\u00e9coration murale\u2009? - Mobilier Design Magazine<\/title>\n<meta name=\"robots\" content=\"index, follow, max-snippet:-1, max-image-preview:large, max-video-preview:-1\" \/>\n<link rel=\"canonical\" href=\"https:\/\/www.mobilier-design-occasion.fr\/magazine\/comment-bien-reussir-votre-decoration-murale\/\" \/>\n<meta property=\"og:locale\" content=\"fr_FR\" \/>\n<meta property=\"og:type\" content=\"article\" \/>\n<meta property=\"og:title\" content=\"Comment bien r\u00e9ussir votre d\u00e9coration murale\u2009? - Mobilier Design Magazine\" \/>\n<meta property=\"og:description\" content=\"Que ce soit pour r\u00e9aliser des travaux de r\u00e9novation ou juste pour donner un nouveau visage \u00e0 votre espace int\u00e9rieur, la&nbsp;d\u00e9coration murale&nbsp;est un point \u00e0 ne pas n\u00e9gliger. En outre, la d\u00e9coration murale repr\u00e9sente les go\u00fbts et la personnalit\u00e9 de ses occupants. Pour cela, il est indispensable de r\u00e9ussir sa d\u00e9coration murale pour avoir une&nbsp;pi\u00e8ce [&hellip;]\" \/>\n<meta property=\"og:url\" content=\"https:\/\/www.mobilier-design-occasion.fr\/magazine\/comment-bien-reussir-votre-decoration-murale\/\" \/>\n<meta property=\"og:site_name\" content=\"Mobilier Design Magazine\" \/>\n<meta property=\"article:publisher\" content=\"https:\/\/www.facebook.com\/mobilierdesignoccasion\" \/>\n<meta property=\"article:published_time\" content=\"2023-06-02T11:36:01+00:00\" \/>\n<meta property=\"article:modified_time\" content=\"2023-09-25T13:39:46+00:00\" \/>\n<meta property=\"og:image\" content=\"https:\/\/www.mobilier-design-occasion.fr\/magazine\/wp-content\/uploads\/2023\/06\/6dfc49162a2e6c03a61213da8b721575.jpeg\" \/>\n\t<meta property=\"og:image:width\" content=\"923\" \/>\n\t<meta property=\"og:image:height\" content=\"519\" \/>\n\t<meta property=\"og:image:type\" content=\"image\/jpeg\" \/>\n<meta name=\"author\" content=\"Cyrielle Poirot\" \/>\n<meta name=\"twitter:card\" content=\"summary_large_image\" \/>\n<meta name=\"twitter:label1\" content=\"\u00c9crit par\" \/>\n\t<meta name=\"twitter:data1\" content=\"Cyrielle Poirot\" \/>\n\t<meta name=\"twitter:label2\" content=\"Dur\u00e9e de lecture estim\u00e9e\" \/>\n\t<meta name=\"twitter:data2\" content=\"2 minutes\" \/>\n<script type=\"application\/ld+json\" class=\"yoast-schema-graph\">{\"@context\":\"https:\\\/\\\/schema.org\",\"@graph\":[{\"@type\":\"Article\",\"@id\":\"https:\\\/\\\/www.mobilier-design-occasion.fr\\\/magazine\\\/comment-bien-reussir-votre-decoration-murale\\\/#article\",\"isPartOf\":{\"@id\":\"https:\\\/\\\/www.mobilier-design-occasion.fr\\\/magazine\\\/comment-bien-reussir-votre-decoration-murale\\\/\"},\"author\":{\"name\":\"Cyrielle Poirot\",\"@id\":\"https:\\\/\\\/www.mobilier-design-occasion.fr\\\/magazine\\\/#\\\/schema\\\/person\\\/5b2e5627a714ddadaaf8c9b886c55eff\"},\"headline\":\"Comment bien r\u00e9ussir votre d\u00e9coration murale\u2009?\",\"datePublished\":\"2023-06-02T11:36:01+00:00\",\"dateModified\":\"2023-09-25T13:39:46+00:00\",\"mainEntityOfPage\":{\"@id\":\"https:\\\/\\\/www.mobilier-design-occasion.fr\\\/magazine\\\/comment-bien-reussir-votre-decoration-murale\\\/\"},\"wordCount\":515,\"commentCount\":0,\"publisher\":{\"@id\":\"https:\\\/\\\/www.mobilier-design-occasion.fr\\\/magazine\\\/#organization\"},\"image\":{\"@id\":\"https:\\\/\\\/www.mobilier-design-occasion.fr\\\/magazine\\\/comment-bien-reussir-votre-decoration-murale\\\/#primaryimage\"},\"thumbnailUrl\":\"https:\\\/\\\/www.mobilier-design-occasion.fr\\\/magazine\\\/wp-content\\\/uploads\\\/2023\\\/06\\\/6dfc49162a2e6c03a61213da8b721575.jpeg\",\"articleSection\":[\"Tendances\"],\"inLanguage\":\"fr-FR\",\"potentialAction\":[{\"@type\":\"CommentAction\",\"name\":\"Comment\",\"target\":[\"https:\\\/\\\/www.mobilier-design-occasion.fr\\\/magazine\\\/comment-bien-reussir-votre-decoration-murale\\\/#respond\"]}]},{\"@type\":\"WebPage\",\"@id\":\"https:\\\/\\\/www.mobilier-design-occasion.fr\\\/magazine\\\/comment-bien-reussir-votre-decoration-murale\\\/\",\"url\":\"https:\\\/\\\/www.mobilier-design-occasion.fr\\\/magazine\\\/comment-bien-reussir-votre-decoration-murale\\\/\",\"name\":\"Comment bien r\u00e9ussir votre d\u00e9coration murale\u2009? - Mobilier Design Magazine\",\"isPartOf\":{\"@id\":\"https:\\\/\\\/www.mobilier-design-occasion.fr\\\/magazine\\\/#website\"},\"primaryImageOfPage\":{\"@id\":\"https:\\\/\\\/www.mobilier-design-occasion.fr\\\/magazine\\\/comment-bien-reussir-votre-decoration-murale\\\/#primaryimage\"},\"image\":{\"@id\":\"https:\\\/\\\/www.mobilier-design-occasion.fr\\\/magazine\\\/comment-bien-reussir-votre-decoration-murale\\\/#primaryimage\"},\"thumbnailUrl\":\"https:\\\/\\\/www.mobilier-design-occasion.fr\\\/magazine\\\/wp-content\\\/uploads\\\/2023\\\/06\\\/6dfc49162a2e6c03a61213da8b721575.jpeg\",\"datePublished\":\"2023-06-02T11:36:01+00:00\",\"dateModified\":\"2023-09-25T13:39:46+00:00\",\"breadcrumb\":{\"@id\":\"https:\\\/\\\/www.mobilier-design-occasion.fr\\\/magazine\\\/comment-bien-reussir-votre-decoration-murale\\\/#breadcrumb\"},\"inLanguage\":\"fr-FR\",\"potentialAction\":[{\"@type\":\"ReadAction\",\"target\":[\"https:\\\/\\\/www.mobilier-design-occasion.fr\\\/magazine\\\/comment-bien-reussir-votre-decoration-murale\\\/\"]}]},{\"@type\":\"ImageObject\",\"inLanguage\":\"fr-FR\",\"@id\":\"https:\\\/\\\/www.mobilier-design-occasion.fr\\\/magazine\\\/comment-bien-reussir-votre-decoration-murale\\\/#primaryimage\",\"url\":\"https:\\\/\\\/www.mobilier-design-occasion.fr\\\/magazine\\\/wp-content\\\/uploads\\\/2023\\\/06\\\/6dfc49162a2e6c03a61213da8b721575.jpeg\",\"contentUrl\":\"https:\\\/\\\/www.mobilier-design-occasion.fr\\\/magazine\\\/wp-content\\\/uploads\\\/2023\\\/06\\\/6dfc49162a2e6c03a61213da8b721575.jpeg\",\"width\":923,\"height\":519,\"caption\":\"3d rendering. Interior house modern open living space with kitchen.Loft style Duplex residence .Home decoration luxury interior-exterior design.table console decoration object.\"},{\"@type\":\"BreadcrumbList\",\"@id\":\"https:\\\/\\\/www.mobilier-design-occasion.fr\\\/magazine\\\/comment-bien-reussir-votre-decoration-murale\\\/#breadcrumb\",\"itemListElement\":[{\"@type\":\"ListItem\",\"position\":1,\"name\":\"Accueil\",\"item\":\"https:\\\/\\\/www.mobilier-design-occasion.fr\\\/magazine\\\/\"},{\"@type\":\"ListItem\",\"position\":2,\"name\":\"Comment bien r\u00e9ussir votre d\u00e9coration murale\u2009?\"}]},{\"@type\":\"WebSite\",\"@id\":\"https:\\\/\\\/www.mobilier-design-occasion.fr\\\/magazine\\\/#website\",\"url\":\"https:\\\/\\\/www.mobilier-design-occasion.fr\\\/magazine\\\/\",\"name\":\"Mobilier Design Magazine\",\"description\":\"\",\"publisher\":{\"@id\":\"https:\\\/\\\/www.mobilier-design-occasion.fr\\\/magazine\\\/#organization\"},\"potentialAction\":[{\"@type\":\"SearchAction\",\"target\":{\"@type\":\"EntryPoint\",\"urlTemplate\":\"https:\\\/\\\/www.mobilier-design-occasion.fr\\\/magazine\\\/?s={search_term_string}\"},\"query-input\":{\"@type\":\"PropertyValueSpecification\",\"valueRequired\":true,\"valueName\":\"search_term_string\"}}],\"inLanguage\":\"fr-FR\"},{\"@type\":\"Organization\",\"@id\":\"https:\\\/\\\/www.mobilier-design-occasion.fr\\\/magazine\\\/#organization\",\"name\":\"Mobilier Design Magazine\",\"url\":\"https:\\\/\\\/www.mobilier-design-occasion.fr\\\/magazine\\\/\",\"logo\":{\"@type\":\"ImageObject\",\"inLanguage\":\"fr-FR\",\"@id\":\"https:\\\/\\\/www.mobilier-design-occasion.fr\\\/magazine\\\/#\\\/schema\\\/logo\\\/image\\\/\",\"url\":\"https:\\\/\\\/www.mobilier-design-occasion.fr\\\/magazine\\\/wp-content\\\/uploads\\\/2024\\\/02\\\/android-chrome-192x192-1.png\",\"contentUrl\":\"https:\\\/\\\/www.mobilier-design-occasion.fr\\\/magazine\\\/wp-content\\\/uploads\\\/2024\\\/02\\\/android-chrome-192x192-1.png\",\"width\":192,\"height\":192,\"caption\":\"Mobilier Design Magazine\"},\"image\":{\"@id\":\"https:\\\/\\\/www.mobilier-design-occasion.fr\\\/magazine\\\/#\\\/schema\\\/logo\\\/image\\\/\"},\"sameAs\":[\"https:\\\/\\\/www.facebook.com\\\/mobilierdesignoccasion\"]},{\"@type\":\"Person\",\"@id\":\"https:\\\/\\\/www.mobilier-design-occasion.fr\\\/magazine\\\/#\\\/schema\\\/person\\\/5b2e5627a714ddadaaf8c9b886c55eff\",\"name\":\"Cyrielle Poirot\",\"image\":{\"@type\":\"ImageObject\",\"inLanguage\":\"fr-FR\",\"@id\":\"https:\\\/\\\/secure.gravatar.com\\\/avatar\\\/c8d2674e093b06894d8d1dc468b626bd752523471f3ac6e75f7c7a1400d40b4d?s=96&d=mm&r=g\",\"url\":\"https:\\\/\\\/secure.gravatar.com\\\/avatar\\\/c8d2674e093b06894d8d1dc468b626bd752523471f3ac6e75f7c7a1400d40b4d?s=96&d=mm&r=g\",\"contentUrl\":\"https:\\\/\\\/secure.gravatar.com\\\/avatar\\\/c8d2674e093b06894d8d1dc468b626bd752523471f3ac6e75f7c7a1400d40b4d?s=96&d=mm&r=g\",\"caption\":\"Cyrielle Poirot\"},\"description\":\"Cyrielle est passionn\u00e9e par la d\u00e9coration d'int\u00e9rieur et s'est sp\u00e9cialis\u00e9e depuis quelques ann\u00e9es dans l'\u00e9dition du site Mobilier-Design, avec une touche sp\u00e9cifique pour les produits d'occasion.\",\"sameAs\":[\"https:\\\/\\\/www.mobilier-design-occasion.fr\\\/magazine\"],\"url\":\"https:\\\/\\\/www.mobilier-design-occasion.fr\\\/magazine\\\/author\\\/cyrielle\\\/\"}]}<\/script>\n<!-- \/ Yoast SEO plugin. -->","yoast_head_json":{"title":"Comment bien r\u00e9ussir votre d\u00e9coration murale\u2009? - Mobilier Design Magazine","robots":{"index":"index","follow":"follow","max-snippet":"max-snippet:-1","max-image-preview":"max-image-preview:large","max-video-preview":"max-video-preview:-1"},"canonical":"https:\/\/www.mobilier-design-occasion.fr\/magazine\/comment-bien-reussir-votre-decoration-murale\/","og_locale":"fr_FR","og_type":"article","og_title":"Comment bien r\u00e9ussir votre d\u00e9coration murale\u2009? - Mobilier Design Magazine","og_description":"Que ce soit pour r\u00e9aliser des travaux de r\u00e9novation ou juste pour donner un nouveau visage \u00e0 votre espace int\u00e9rieur, la&nbsp;d\u00e9coration murale&nbsp;est un point \u00e0 ne pas n\u00e9gliger. En outre, la d\u00e9coration murale repr\u00e9sente les go\u00fbts et la personnalit\u00e9 de ses occupants. Pour cela, il est indispensable de r\u00e9ussir sa d\u00e9coration murale pour avoir une&nbsp;pi\u00e8ce [&hellip;]","og_url":"https:\/\/www.mobilier-design-occasion.fr\/magazine\/comment-bien-reussir-votre-decoration-murale\/","og_site_name":"Mobilier Design Magazine","article_publisher":"https:\/\/www.facebook.com\/mobilierdesignoccasion","article_published_time":"2023-06-02T11:36:01+00:00","article_modified_time":"2023-09-25T13:39:46+00:00","og_image":[{"width":923,"height":519,"url":"https:\/\/www.mobilier-design-occasion.fr\/magazine\/wp-content\/uploads\/2023\/06\/6dfc49162a2e6c03a61213da8b721575.jpeg","type":"image\/jpeg"}],"author":"Cyrielle Poirot","twitter_card":"summary_large_image","twitter_misc":{"\u00c9crit par":"Cyrielle Poirot","Dur\u00e9e de lecture estim\u00e9e":"2 minutes"},"schema":{"@context":"https:\/\/schema.org","@graph":[{"@type":"Article","@id":"https:\/\/www.mobilier-design-occasion.fr\/magazine\/comment-bien-reussir-votre-decoration-murale\/#article","isPartOf":{"@id":"https:\/\/www.mobilier-design-occasion.fr\/magazine\/comment-bien-reussir-votre-decoration-murale\/"},"author":{"name":"Cyrielle Poirot","@id":"https:\/\/www.mobilier-design-occasion.fr\/magazine\/#\/schema\/person\/5b2e5627a714ddadaaf8c9b886c55eff"},"headline":"Comment bien r\u00e9ussir votre d\u00e9coration murale\u2009?","datePublished":"2023-06-02T11:36:01+00:00","dateModified":"2023-09-25T13:39:46+00:00","mainEntityOfPage":{"@id":"https:\/\/www.mobilier-design-occasion.fr\/magazine\/comment-bien-reussir-votre-decoration-murale\/"},"wordCount":515,"commentCount":0,"publisher":{"@id":"https:\/\/www.mobilier-design-occasion.fr\/magazine\/#organization"},"image":{"@id":"https:\/\/www.mobilier-design-occasion.fr\/magazine\/comment-bien-reussir-votre-decoration-murale\/#primaryimage"},"thumbnailUrl":"https:\/\/www.mobilier-design-occasion.fr\/magazine\/wp-content\/uploads\/2023\/06\/6dfc49162a2e6c03a61213da8b721575.jpeg","articleSection":["Tendances"],"inLanguage":"fr-FR","potentialAction":[{"@type":"CommentAction","name":"Comment","target":["https:\/\/www.mobilier-design-occasion.fr\/magazine\/comment-bien-reussir-votre-decoration-murale\/#respond"]}]},{"@type":"WebPage","@id":"https:\/\/www.mobilier-design-occasion.fr\/magazine\/comment-bien-reussir-votre-decoration-murale\/","url":"https:\/\/www.mobilier-design-occasion.fr\/magazine\/comment-bien-reussir-votre-decoration-murale\/","name":"Comment bien r\u00e9ussir votre d\u00e9coration murale\u2009? - Mobilier Design Magazine","isPartOf":{"@id":"https:\/\/www.mobilier-design-occasion.fr\/magazine\/#website"},"primaryImageOfPage":{"@id":"https:\/\/www.mobilier-design-occasion.fr\/magazine\/comment-bien-reussir-votre-decoration-murale\/#primaryimage"},"image":{"@id":"https:\/\/www.mobilier-design-occasion.fr\/magazine\/comment-bien-reussir-votre-decoration-murale\/#primaryimage"},"thumbnailUrl":"https:\/\/www.mobilier-design-occasion.fr\/magazine\/wp-content\/uploads\/2023\/06\/6dfc49162a2e6c03a61213da8b721575.jpeg","datePublished":"2023-06-02T11:36:01+00:00","dateModified":"2023-09-25T13:39:46+00:00","breadcrumb":{"@id":"https:\/\/www.mobilier-design-occasion.fr\/magazine\/comment-bien-reussir-votre-decoration-murale\/#breadcrumb"},"inLanguage":"fr-FR","potentialAction":[{"@type":"ReadAction","target":["https:\/\/www.mobilier-design-occasion.fr\/magazine\/comment-bien-reussir-votre-decoration-murale\/"]}]},{"@type":"ImageObject","inLanguage":"fr-FR","@id":"https:\/\/www.mobilier-design-occasion.fr\/magazine\/comment-bien-reussir-votre-decoration-murale\/#primaryimage","url":"https:\/\/www.mobilier-design-occasion.fr\/magazine\/wp-content\/uploads\/2023\/06\/6dfc49162a2e6c03a61213da8b721575.jpeg","contentUrl":"https:\/\/www.mobilier-design-occasion.fr\/magazine\/wp-content\/uploads\/2023\/06\/6dfc49162a2e6c03a61213da8b721575.jpeg","width":923,"height":519,"caption":"3d rendering. Interior house modern open living space with kitchen.Loft style Duplex residence .Home decoration luxury interior-exterior design.table console decoration object."},{"@type":"BreadcrumbList","@id":"https:\/\/www.mobilier-design-occasion.fr\/magazine\/comment-bien-reussir-votre-decoration-murale\/#breadcrumb","itemListElement":[{"@type":"ListItem","position":1,"name":"Accueil","item":"https:\/\/www.mobilier-design-occasion.fr\/magazine\/"},{"@type":"ListItem","position":2,"name":"Comment bien r\u00e9ussir votre d\u00e9coration murale\u2009?"}]},{"@type":"WebSite","@id":"https:\/\/www.mobilier-design-occasion.fr\/magazine\/#website","url":"https:\/\/www.mobilier-design-occasion.fr\/magazine\/","name":"Mobilier Design Magazine","description":"","publisher":{"@id":"https:\/\/www.mobilier-design-occasion.fr\/magazine\/#organization"},"potentialAction":[{"@type":"SearchAction","target":{"@type":"EntryPoint","urlTemplate":"https:\/\/www.mobilier-design-occasion.fr\/magazine\/?s={search_term_string}"},"query-input":{"@type":"PropertyValueSpecification","valueRequired":true,"valueName":"search_term_string"}}],"inLanguage":"fr-FR"},{"@type":"Organization","@id":"https:\/\/www.mobilier-design-occasion.fr\/magazine\/#organization","name":"Mobilier Design Magazine","url":"https:\/\/www.mobilier-design-occasion.fr\/magazine\/","logo":{"@type":"ImageObject","inLanguage":"fr-FR","@id":"https:\/\/www.mobilier-design-occasion.fr\/magazine\/#\/schema\/logo\/image\/","url":"https:\/\/www.mobilier-design-occasion.fr\/magazine\/wp-content\/uploads\/2024\/02\/android-chrome-192x192-1.png","contentUrl":"https:\/\/www.mobilier-design-occasion.fr\/magazine\/wp-content\/uploads\/2024\/02\/android-chrome-192x192-1.png","width":192,"height":192,"caption":"Mobilier Design Magazine"},"image":{"@id":"https:\/\/www.mobilier-design-occasion.fr\/magazine\/#\/schema\/logo\/image\/"},"sameAs":["https:\/\/www.facebook.com\/mobilierdesignoccasion"]},{"@type":"Person","@id":"https:\/\/www.mobilier-design-occasion.fr\/magazine\/#\/schema\/person\/5b2e5627a714ddadaaf8c9b886c55eff","name":"Cyrielle Poirot","image":{"@type":"ImageObject","inLanguage":"fr-FR","@id":"https:\/\/secure.gravatar.com\/avatar\/c8d2674e093b06894d8d1dc468b626bd752523471f3ac6e75f7c7a1400d40b4d?s=96&d=mm&r=g","url":"https:\/\/secure.gravatar.com\/avatar\/c8d2674e093b06894d8d1dc468b626bd752523471f3ac6e75f7c7a1400d40b4d?s=96&d=mm&r=g","contentUrl":"https:\/\/secure.gravatar.com\/avatar\/c8d2674e093b06894d8d1dc468b626bd752523471f3ac6e75f7c7a1400d40b4d?s=96&d=mm&r=g","caption":"Cyrielle Poirot"},"description":"Cyrielle est passionn\u00e9e par la d\u00e9coration d'int\u00e9rieur et s'est sp\u00e9cialis\u00e9e depuis quelques ann\u00e9es dans l'\u00e9dition du site Mobilier-Design, avec une touche sp\u00e9cifique pour les produits d'occasion.","sameAs":["https:\/\/www.mobilier-design-occasion.fr\/magazine"],"url":"https:\/\/www.mobilier-design-occasion.fr\/magazine\/author\/cyrielle\/"}]}},"_links":{"self":[{"href":"https:\/\/www.mobilier-design-occasion.fr\/magazine\/wp-json\/wp\/v2\/posts\/6626","targetHints":{"allow":["GET"]}}],"collection":[{"href":"https:\/\/www.mobilier-design-occasion.fr\/magazine\/wp-json\/wp\/v2\/posts"}],"about":[{"href":"https:\/\/www.mobilier-design-occasion.fr\/magazine\/wp-json\/wp\/v2\/types\/post"}],"author":[{"embeddable":true,"href":"https:\/\/www.mobilier-design-occasion.fr\/magazine\/wp-json\/wp\/v2\/users\/1"}],"replies":[{"embeddable":true,"href":"https:\/\/www.mobilier-design-occasion.fr\/magazine\/wp-json\/wp\/v2\/comments?post=6626"}],"version-history":[{"count":1,"href":"https:\/\/www.mobilier-design-occasion.fr\/magazine\/wp-json\/wp\/v2\/posts\/6626\/revisions"}],"predecessor-version":[{"id":6628,"href":"https:\/\/www.mobilier-design-occasion.fr\/magazine\/wp-json\/wp\/v2\/posts\/6626\/revisions\/6628"}],"wp:featuredmedia":[{"embeddable":true,"href":"https:\/\/www.mobilier-design-occasion.fr\/magazine\/wp-json\/wp\/v2\/media\/6627"}],"wp:attachment":[{"href":"https:\/\/www.mobilier-design-occasion.fr\/magazine\/wp-json\/wp\/v2\/media?parent=6626"}],"wp:term":[{"taxonomy":"category","embeddable":true,"href":"https:\/\/www.mobilier-design-occasion.fr\/magazine\/wp-json\/wp\/v2\/categories?post=6626"},{"taxonomy":"post_tag","embeddable":true,"href":"https:\/\/www.mobilier-design-occasion.fr\/magazine\/wp-json\/wp\/v2\/tags?post=6626"}],"curies":[{"name":"wp","href":"https:\/\/api.w.org\/{rel}","templated":true}]}}