{"id":6604,"date":"2023-05-17T08:54:26","date_gmt":"2023-05-17T08:54:26","guid":{"rendered":"https:\/\/www.mobilier-design-occasion.fr\/magazine\/?p=6604"},"modified":"2023-09-25T13:40:09","modified_gmt":"2023-09-25T13:40:09","slug":"les-tabourets-de-bar-sont-ils-le-renouveau-des-chaises-de-salon","status":"publish","type":"post","link":"https:\/\/www.mobilier-design-occasion.fr\/magazine\/les-tabourets-de-bar-sont-ils-le-renouveau-des-chaises-de-salon\/","title":{"rendered":"Les tabourets de bar sont -ils le renouveau des chaises de salon?"},"content":{"rendered":"\n<figure class=\"wp-block-image size-large\"><img loading=\"lazy\" decoding=\"async\" width=\"1024\" height=\"574\" src=\"https:\/\/www.mobilier-design-occasion.fr\/magazine\/wp-content\/uploads\/2023\/05\/Les-tabourets-de-bar-sont-ils-le-renouveau-des-ch_1_2_698-1024x574.webp\" alt=\"\" class=\"wp-image-6605\" srcset=\"https:\/\/www.mobilier-design-occasion.fr\/magazine\/wp-content\/uploads\/2023\/05\/Les-tabourets-de-bar-sont-ils-le-renouveau-des-ch_1_2_698-1024x574.webp 1024w, https:\/\/www.mobilier-design-occasion.fr\/magazine\/wp-content\/uploads\/2023\/05\/Les-tabourets-de-bar-sont-ils-le-renouveau-des-ch_1_2_698-300x168.webp 300w, https:\/\/www.mobilier-design-occasion.fr\/magazine\/wp-content\/uploads\/2023\/05\/Les-tabourets-de-bar-sont-ils-le-renouveau-des-ch_1_2_698-768x430.webp 768w, https:\/\/www.mobilier-design-occasion.fr\/magazine\/wp-content\/uploads\/2023\/05\/Les-tabourets-de-bar-sont-ils-le-renouveau-des-ch_1_2_698-810x454.webp 810w, https:\/\/www.mobilier-design-occasion.fr\/magazine\/wp-content\/uploads\/2023\/05\/Les-tabourets-de-bar-sont-ils-le-renouveau-des-ch_1_2_698-1140x639.webp 1140w, https:\/\/www.mobilier-design-occasion.fr\/magazine\/wp-content\/uploads\/2023\/05\/Les-tabourets-de-bar-sont-ils-le-renouveau-des-ch_1_2_698.webp 1456w\" sizes=\"auto, (max-width: 1024px) 100vw, 1024px\" \/><\/figure>\n\n\n\n<p>Dans un monde en constante \u00e9volution, les tendances\u00a0<strong>design<\/strong>\u00a0et d\u00e9coration d&#8217;int\u00e9rieur ne cessent de se renouveler. Parmi les \u00e9l\u00e9ments phares de nos int\u00e9rieurs, les\u00a0<em>chaises<\/em>\u00a0et\u00a0<em>tabourets de bar<\/em>\u00a0tiennent une place de choix. Alors, les tabourets de bar seraient-ils en passe de d\u00e9tr\u00f4ner les chaises de salon ? Nous vous proposons de d\u00e9couvrir les diff\u00e9rentes facettes de ces meubles incontournables et d&#8217;explorer les raisons pour lesquelles ils sont de plus en plus pris\u00e9s.<\/p>\n\n\n\n<h2 class=\"wp-block-heading\"><span class=\"ez-toc-section\" id=\"Le_qualite_des_produits\"><\/span>Le qualit\u00e9 des produits<span class=\"ez-toc-section-end\"><\/span><\/h2><div id=\"ez-toc-container\" class=\"ez-toc-v2_0_82_2 counter-hierarchy ez-toc-counter ez-toc-grey ez-toc-container-direction\">\n<div class=\"ez-toc-title-container\">\n<span class=\"ez-toc-title-toggle\"><a href=\"#\" class=\"ez-toc-pull-right ez-toc-btn ez-toc-btn-xs ez-toc-btn-default ez-toc-toggle\" aria-label=\"Toggle Table of Content\"><span class=\"ez-toc-js-icon-con\"><span class=\"\"><span class=\"eztoc-hide\" style=\"display:none;\">Toggle<\/span><span class=\"ez-toc-icon-toggle-span\"><svg style=\"fill: #999;color:#999\" xmlns=\"http:\/\/www.w3.org\/2000\/svg\" class=\"list-377408\" width=\"20px\" height=\"20px\" viewBox=\"0 0 24 24\" fill=\"none\"><path d=\"M6 6H4v2h2V6zm14 0H8v2h12V6zM4 11h2v2H4v-2zm16 0H8v2h12v-2zM4 16h2v2H4v-2zm16 0H8v2h12v-2z\" fill=\"currentColor\"><\/path><\/svg><svg style=\"fill: #999;color:#999\" class=\"arrow-unsorted-368013\" xmlns=\"http:\/\/www.w3.org\/2000\/svg\" width=\"10px\" height=\"10px\" viewBox=\"0 0 24 24\" version=\"1.2\" baseProfile=\"tiny\"><path d=\"M18.2 9.3l-6.2-6.3-6.2 6.3c-.2.2-.3.4-.3.7s.1.5.3.7c.2.2.4.3.7.3h11c.3 0 .5-.1.7-.3.2-.2.3-.5.3-.7s-.1-.5-.3-.7zM5.8 14.7l6.2 6.3 6.2-6.3c.2-.2.3-.5.3-.7s-.1-.5-.3-.7c-.2-.2-.4-.3-.7-.3h-11c-.3 0-.5.1-.7.3-.2.2-.3.5-.3.7s.1.5.3.7z\"\/><\/svg><\/span><\/span><\/span><\/a><\/span><\/div>\n<nav><ul class='ez-toc-list ez-toc-list-level-1 eztoc-toggle-hide-by-default' ><li class='ez-toc-page-1 ez-toc-heading-level-2'><a class=\"ez-toc-link ez-toc-heading-1\" href=\"https:\/\/www.mobilier-design-occasion.fr\/magazine\/les-tabourets-de-bar-sont-ils-le-renouveau-des-chaises-de-salon\/#Le_qualite_des_produits\" >Le qualit\u00e9 des produits<\/a><\/li><li class='ez-toc-page-1 ez-toc-heading-level-2'><a class=\"ez-toc-link ez-toc-heading-2\" href=\"https:\/\/www.mobilier-design-occasion.fr\/magazine\/les-tabourets-de-bar-sont-ils-le-renouveau-des-chaises-de-salon\/#Quand_les_tabourets_de_bar_sinvitent_dans_nos_interieurs\" >Quand les tabourets de bar s&#8217;invitent dans nos int\u00e9rieurs<\/a><\/li><li class='ez-toc-page-1 ez-toc-heading-level-2'><a class=\"ez-toc-link ez-toc-heading-3\" href=\"https:\/\/www.mobilier-design-occasion.fr\/magazine\/les-tabourets-de-bar-sont-ils-le-renouveau-des-chaises-de-salon\/#Les_materiaux_et_styles_de_tabourets_de_bar_pour_tous_les_gouts\" >Les mat\u00e9riaux et styles de tabourets de bar pour tous les go\u00fbts<\/a><ul class='ez-toc-list-level-3' ><li class='ez-toc-heading-level-3'><a class=\"ez-toc-link ez-toc-heading-4\" href=\"https:\/\/www.mobilier-design-occasion.fr\/magazine\/les-tabourets-de-bar-sont-ils-le-renouveau-des-chaises-de-salon\/#Les_tabourets_de_bar_en_bois\" >Les tabourets de bar en bois<\/a><\/li><li class='ez-toc-page-1 ez-toc-heading-level-3'><a class=\"ez-toc-link ez-toc-heading-5\" href=\"https:\/\/www.mobilier-design-occasion.fr\/magazine\/les-tabourets-de-bar-sont-ils-le-renouveau-des-chaises-de-salon\/#Les_tabourets_de_bar_en_metal\" >Les tabourets de bar en m\u00e9tal<\/a><\/li><li class='ez-toc-page-1 ez-toc-heading-level-3'><a class=\"ez-toc-link ez-toc-heading-6\" href=\"https:\/\/www.mobilier-design-occasion.fr\/magazine\/les-tabourets-de-bar-sont-ils-le-renouveau-des-chaises-de-salon\/#Les_tabourets_de_bar_en_velours\" >Les tabourets de bar en velours<\/a><\/li><\/ul><\/li><li class='ez-toc-page-1 ez-toc-heading-level-2'><a class=\"ez-toc-link ez-toc-heading-7\" href=\"https:\/\/www.mobilier-design-occasion.fr\/magazine\/les-tabourets-de-bar-sont-ils-le-renouveau-des-chaises-de-salon\/#Les_tabourets_de_bar_pour_enfants_une_alternative_aux_chaises_traditionnelles\" >Les tabourets de bar pour enfants : une alternative aux chaises traditionnelles<\/a><\/li><li class='ez-toc-page-1 ez-toc-heading-level-2'><a class=\"ez-toc-link ez-toc-heading-8\" href=\"https:\/\/www.mobilier-design-occasion.fr\/magazine\/les-tabourets-de-bar-sont-ils-le-renouveau-des-chaises-de-salon\/#Creer_une_collection_assortie_tabourets_de_bar_chaises_et_tables\" >Cr\u00e9er une collection assortie : tabourets de bar, chaises et tables<\/a><\/li><li class='ez-toc-page-1 ez-toc-heading-level-2'><a class=\"ez-toc-link ez-toc-heading-9\" href=\"https:\/\/www.mobilier-design-occasion.fr\/magazine\/les-tabourets-de-bar-sont-ils-le-renouveau-des-chaises-de-salon\/#Les_avantages_dun_lot_de_tabourets_de_bar\" >Les avantages d&#8217;un lot de tabourets de bar<\/a><\/li><li class='ez-toc-page-1 ez-toc-heading-level-2'><a class=\"ez-toc-link ez-toc-heading-10\" href=\"https:\/\/www.mobilier-design-occasion.fr\/magazine\/les-tabourets-de-bar-sont-ils-le-renouveau-des-chaises-de-salon\/#Les_tabourets_de_bar_pour_lexterieur_transformer_votre_jardin_en_un_espace_convivial\" >Les tabourets de bar pour l&#8217;ext\u00e9rieur : transformer votre jardin en un espace convivial<\/a><ul class='ez-toc-list-level-3' ><li class='ez-toc-heading-level-3'><a class=\"ez-toc-link ez-toc-heading-11\" href=\"https:\/\/www.mobilier-design-occasion.fr\/magazine\/les-tabourets-de-bar-sont-ils-le-renouveau-des-chaises-de-salon\/#Les_tabourets_de_bar_en_acier_noir\" >Les tabourets de bar en acier noir<\/a><\/li><li class='ez-toc-page-1 ez-toc-heading-level-3'><a class=\"ez-toc-link ez-toc-heading-12\" href=\"https:\/\/www.mobilier-design-occasion.fr\/magazine\/les-tabourets-de-bar-sont-ils-le-renouveau-des-chaises-de-salon\/#Les_tabourets_de_bar_en_bois_massif\" >Les tabourets de bar en bois massif<\/a><\/li><li class='ez-toc-page-1 ez-toc-heading-level-3'><a class=\"ez-toc-link ez-toc-heading-13\" href=\"https:\/\/www.mobilier-design-occasion.fr\/magazine\/les-tabourets-de-bar-sont-ils-le-renouveau-des-chaises-de-salon\/#Les_tabourets_de_bar_empilables_et_pliants\" >Les tabourets de bar empilables et pliants<\/a><\/li><\/ul><\/li><li class='ez-toc-page-1 ez-toc-heading-level-2'><a class=\"ez-toc-link ez-toc-heading-14\" href=\"https:\/\/www.mobilier-design-occasion.fr\/magazine\/les-tabourets-de-bar-sont-ils-le-renouveau-des-chaises-de-salon\/#Les_tabourets_de_bar_reglables_en_hauteur_pratique_et_polyvalent\" >Les tabourets de bar r\u00e9glables en hauteur : pratique et polyvalent<\/a><\/li><li class='ez-toc-page-1 ez-toc-heading-level-2'><a class=\"ez-toc-link ez-toc-heading-15\" href=\"https:\/\/www.mobilier-design-occasion.fr\/magazine\/les-tabourets-de-bar-sont-ils-le-renouveau-des-chaises-de-salon\/#Les_tabourets_de_bar_pour_les_espaces_professionnels\" >Les tabourets de bar pour les espaces professionnels<\/a><\/li><li class='ez-toc-page-1 ez-toc-heading-level-2'><a class=\"ez-toc-link ez-toc-heading-16\" href=\"https:\/\/www.mobilier-design-occasion.fr\/magazine\/les-tabourets-de-bar-sont-ils-le-renouveau-des-chaises-de-salon\/#Conclusion\" >Conclusion<\/a><\/li><\/ul><\/nav><\/div>\n\n\n\n\n<p>Nous avons d\u00e9got\u00e9 le site 4pieds, je vous invite \u00e0 <a href=\"https:\/\/www.4-pieds.com\/tabouret\/tabouret-de-bar-49\">voir le site<\/a> ici, il est plut\u00f4t sympa. Beaucoup de choix de Tabourets de bar, une personnalisation pointue, une tr\u00e8s bonne qualit\u00e9 de produit et une expertise sans pareille. <\/p>\n\n\n\n<p>Un tabouret de bar doit \u00eatre r\u00e9sistant pour qu&#8217;on puisse en profiter pendant longtemps, la qualit\u00e9 du pied, de l&#8217;assise sont donc d\u00e9terminants, faites confiance \u00e0 des professionnels lors de votre achat.<\/p>\n\n\n\n<h2 class=\"wp-block-heading\"><span class=\"ez-toc-section\" id=\"Quand_les_tabourets_de_bar_sinvitent_dans_nos_interieurs\"><\/span>Quand les tabourets de bar s&#8217;invitent dans nos int\u00e9rieurs<span class=\"ez-toc-section-end\"><\/span><\/h2>\n\n\n\n<p><strong>Les tabourets de bar<\/strong>&nbsp;ont longtemps \u00e9t\u00e9 r\u00e9serv\u00e9s aux \u00e9tablissements de restauration et aux bars, mais ils ont su conqu\u00e9rir nos int\u00e9rieurs domestiques. Leur polyvalence et leur adaptabilit\u00e9 les rendent parfaits pour une utilisation dans diff\u00e9rentes pi\u00e8ces de la maison.<\/p>\n\n\n\n<p>Les tabourets de bar, avec leur&nbsp;<strong>hauteur<\/strong>&nbsp;plus \u00e9lev\u00e9e que celle des chaises traditionnelles, permettent de cr\u00e9er des espaces conviviaux et d\u00e9contract\u00e9s. Ils sont parfaits pour accompagner un&nbsp;<strong>ilot central de cuisine<\/strong>&nbsp;ou une table haute, offrant ainsi un lieu id\u00e9al pour prendre un verre, manger un en-cas ou simplement discuter entre amis ou en famille.<\/p>\n\n\n\n<h2 class=\"wp-block-heading\"><span class=\"ez-toc-section\" id=\"Les_materiaux_et_styles_de_tabourets_de_bar_pour_tous_les_gouts\"><\/span>Les mat\u00e9riaux et styles de tabourets de bar pour tous les go\u00fbts<span class=\"ez-toc-section-end\"><\/span><\/h2>\n\n\n\n<p>Les tabourets de bar sont disponibles dans une grande vari\u00e9t\u00e9 de mat\u00e9riaux, de styles et de finitions, allant du&nbsp;<strong>bois<\/strong>&nbsp;massif au&nbsp;<strong>m\u00e9tal<\/strong>&nbsp;en passant par le&nbsp;<strong>velours<\/strong>. Chaque mat\u00e9riau apporte une touche unique \u00e0 votre int\u00e9rieur et s&#8217;adapte \u00e0 diff\u00e9rents styles de d\u00e9coration.<\/p>\n\n\n\n<h3 class=\"wp-block-heading\"><span class=\"ez-toc-section\" id=\"Les_tabourets_de_bar_en_bois\"><\/span>Les tabourets de bar en bois<span class=\"ez-toc-section-end\"><\/span><\/h3>\n\n\n\n<p>Le bois est un mat\u00e9riau noble et chaleureux qui apporte une touche de nature \u00e0 votre int\u00e9rieur. Les tabourets de bar en bois sont g\u00e9n\u00e9ralement con\u00e7us en ch\u00eane, en h\u00eatre ou en pin, et peuvent \u00eatre laqu\u00e9s, vernis ou peints selon vos envies. Ils se marient tr\u00e8s bien avec des int\u00e9rieurs au style scandinave, industriel ou rustique.<\/p>\n\n\n\n<h3 class=\"wp-block-heading\"><span class=\"ez-toc-section\" id=\"Les_tabourets_de_bar_en_metal\"><\/span>Les tabourets de bar en m\u00e9tal<span class=\"ez-toc-section-end\"><\/span><\/h3>\n\n\n\n<p>Le m\u00e9tal est un mat\u00e9riau robuste et moderne qui apporte une touche d&#8217;\u00e9l\u00e9gance et de minimalisme \u00e0 votre d\u00e9coration. Les tabourets de bar en m\u00e9tal, g\u00e9n\u00e9ralement en acier ou en aluminium, se d\u00e9clinent en diff\u00e9rentes finitions : chrom\u00e9, laqu\u00e9, bross\u00e9 ou m\u00eame noir mat. Ils s&#8217;int\u00e8grent parfaitement dans des int\u00e9rieurs contemporains, industriels ou minimalistes.<\/p>\n\n\n\n<h3 class=\"wp-block-heading\"><span class=\"ez-toc-section\" id=\"Les_tabourets_de_bar_en_velours\"><\/span>Les tabourets de bar en velours<span class=\"ez-toc-section-end\"><\/span><\/h3>\n\n\n\n<p>Le velours est un tissu luxueux et raffin\u00e9 qui apporte une touche de glamour \u00e0 votre int\u00e9rieur. Les tabourets de bar en velours sont souvent dot\u00e9s d&#8217;une assise rembourr\u00e9e et d&#8217;un dossier pour un maximum de confort. Ils sont parfaits pour cr\u00e9er une ambiance feutr\u00e9e et cosy, et se marient tr\u00e8s bien avec des int\u00e9rieurs au style baroque, vintage ou boh\u00e8me chic.<\/p>\n\n\n\n<h2 class=\"wp-block-heading\"><span class=\"ez-toc-section\" id=\"Les_tabourets_de_bar_pour_enfants_une_alternative_aux_chaises_traditionnelles\"><\/span>Les tabourets de bar pour enfants : une alternative aux chaises traditionnelles<span class=\"ez-toc-section-end\"><\/span><\/h2>\n\n\n\n<figure class=\"wp-block-image size-large\"><img loading=\"lazy\" decoding=\"async\" width=\"1024\" height=\"574\" src=\"https:\/\/www.mobilier-design-occasion.fr\/magazine\/wp-content\/uploads\/2023\/05\/Les-tabourets-de-bar-sont-ils-le-renouveau-des-ch_4_5_698-1024x574.webp\" alt=\"\" class=\"wp-image-6606\" srcset=\"https:\/\/www.mobilier-design-occasion.fr\/magazine\/wp-content\/uploads\/2023\/05\/Les-tabourets-de-bar-sont-ils-le-renouveau-des-ch_4_5_698-1024x574.webp 1024w, https:\/\/www.mobilier-design-occasion.fr\/magazine\/wp-content\/uploads\/2023\/05\/Les-tabourets-de-bar-sont-ils-le-renouveau-des-ch_4_5_698-300x168.webp 300w, https:\/\/www.mobilier-design-occasion.fr\/magazine\/wp-content\/uploads\/2023\/05\/Les-tabourets-de-bar-sont-ils-le-renouveau-des-ch_4_5_698-768x430.webp 768w, https:\/\/www.mobilier-design-occasion.fr\/magazine\/wp-content\/uploads\/2023\/05\/Les-tabourets-de-bar-sont-ils-le-renouveau-des-ch_4_5_698-810x454.webp 810w, https:\/\/www.mobilier-design-occasion.fr\/magazine\/wp-content\/uploads\/2023\/05\/Les-tabourets-de-bar-sont-ils-le-renouveau-des-ch_4_5_698-1140x639.webp 1140w, https:\/\/www.mobilier-design-occasion.fr\/magazine\/wp-content\/uploads\/2023\/05\/Les-tabourets-de-bar-sont-ils-le-renouveau-des-ch_4_5_698.webp 1456w\" sizes=\"auto, (max-width: 1024px) 100vw, 1024px\" \/><\/figure>\n\n\n\n<p><strong>Les tabourets de bar pour enfants<\/strong>&nbsp;sont une excellente alternative aux chaises classiques. Leur hauteur adapt\u00e9e aux plus petits permet de cr\u00e9er un espace d\u00e9di\u00e9 pour les activit\u00e9s cr\u00e9atives, les devoirs ou les repas. Ils sont \u00e9galement tr\u00e8s pratiques pour les espaces r\u00e9duits, car ils se rangent facilement sous une table ou un bureau lorsqu&#8217;ils ne sont pas utilis\u00e9s.<\/p>\n\n\n\n<p>Les tabourets de bar pour enfants se d\u00e9clinent dans une multitude de couleurs, de motifs et de styles pour s&#8217;adapter \u00e0 tous les go\u00fbts. Certains mod\u00e8les sont m\u00eame munis de repose-pieds et de dossiers pour un confort optimal.<\/p>\n\n\n\n<h2 class=\"wp-block-heading\"><span class=\"ez-toc-section\" id=\"Creer_une_collection_assortie_tabourets_de_bar_chaises_et_tables\"><\/span>Cr\u00e9er une collection assortie : tabourets de bar, chaises et tables<span class=\"ez-toc-section-end\"><\/span><\/h2>\n\n\n\n<p>Pour un int\u00e9rieur harmonieux, il peut \u00eatre int\u00e9ressant de cr\u00e9er une&nbsp;<strong>collection<\/strong>&nbsp;de meubles assortis. Ainsi, vos tabourets de bar pourront \u00eatre assortis \u00e0 vos chaises de salle \u00e0&nbsp;<strong>manger<\/strong>, \u00e0 vos tables ou encore \u00e0 vos meubles de&nbsp;<strong>bureau<\/strong>. De nombreuses marques proposent des collections compl\u00e8tes pour vous permettre de coordonner facilement vos meubles et d&#8217;obtenir une d\u00e9coration homog\u00e8ne.<\/p>\n\n\n\n<h2 class=\"wp-block-heading\"><span class=\"ez-toc-section\" id=\"Les_avantages_dun_lot_de_tabourets_de_bar\"><\/span>Les avantages d&#8217;un lot de tabourets de bar<span class=\"ez-toc-section-end\"><\/span><\/h2>\n\n\n\n<p>Acheter un&nbsp;<strong>lot de tabourets de bar<\/strong>&nbsp;pr\u00e9sente plusieurs avantages. Tout d&#8217;abord, cela vous permet de b\u00e9n\u00e9ficier d&#8217;un tarif avantageux, car les fabricants et les magasins proposent souvent des r\u00e9ductions pour l&#8217;achat de plusieurs articles identiques.<\/p>\n\n\n\n<p>Ensuite, un lot de tabourets de bar vous garantit que tous les tabourets seront identiques et s&#8217;int\u00e9greront parfaitement \u00e0 votre d\u00e9coration. Vous n&#8217;aurez pas \u00e0 vous soucier de trouver des tabourets assortis ou de la m\u00eame hauteur, ce qui simplifie grandement votre recherche.<\/p>\n\n\n\n<p>Enfin, un lot de tabourets de bar est id\u00e9al pour les grands espaces, les \u00e9v\u00e9nements ou les \u00e9tablissements de restauration qui n\u00e9cessitent plusieurs assises.<\/p>\n\n\n\n<p>En conclusion, les tabourets de bar sont de v\u00e9ritables atouts pour nos int\u00e9rieurs. Ils offrent une alternative originale et tendance aux chaises de salon, s&#8217;adaptent \u00e0 tous les styles de d\u00e9coration et sont disponibles dans une grande vari\u00e9t\u00e9 de mat\u00e9riaux et de finitions. Si vous souhaitez apporter une touche de renouveau \u00e0 votre d\u00e9coration, n&#8217;h\u00e9sitez pas \u00e0 vous laisser s\u00e9duire par ces meubles polyvalents et conviviaux.<\/p>\n\n\n\n<h2 class=\"wp-block-heading\"><span class=\"ez-toc-section\" id=\"Les_tabourets_de_bar_pour_lexterieur_transformer_votre_jardin_en_un_espace_convivial\"><\/span>Les tabourets de bar pour l&#8217;ext\u00e9rieur : transformer votre jardin en un espace convivial<span class=\"ez-toc-section-end\"><\/span><\/h2>\n\n\n\n<p><strong>Les tabourets de bar pour l&#8217;ext\u00e9rieur<\/strong>&nbsp;sont l&#8217;option id\u00e9ale pour cr\u00e9er un espace convivial et agr\u00e9able dans votre jardin, sur votre terrasse ou autour de votre piscine. De nos jours, il est courant de voir des&nbsp;<strong>bar design<\/strong>&nbsp;en ext\u00e9rieur, o\u00f9 les tabourets de bar sont les vedettes incontest\u00e9es du mobilier.<\/p>\n\n\n\n<h3 class=\"wp-block-heading\"><span class=\"ez-toc-section\" id=\"Les_tabourets_de_bar_en_acier_noir\"><\/span>Les tabourets de bar en acier noir<span class=\"ez-toc-section-end\"><\/span><\/h3>\n\n\n\n<p>Les tabourets de bar en&nbsp;<strong>acier noir<\/strong>&nbsp;sont parfaits pour un ext\u00e9rieur moderne et \u00e9l\u00e9gant. Leur&nbsp;<strong>pi\u00e9tement en acier<\/strong>&nbsp;robuste et leur finition noire leur conf\u00e8rent un aspect \u00e0 la fois industriel et raffin\u00e9. Ils r\u00e9sistent bien aux intemp\u00e9ries et sont faciles \u00e0 entretenir, ce qui en fait un choix judicieux pour un usage en ext\u00e9rieur.<\/p>\n\n\n\n<h3 class=\"wp-block-heading\"><span class=\"ez-toc-section\" id=\"Les_tabourets_de_bar_en_bois_massif\"><\/span>Les tabourets de bar en bois massif<span class=\"ez-toc-section-end\"><\/span><\/h3>\n\n\n\n<p>Les tabourets de bar en&nbsp;<strong>bois massif<\/strong>&nbsp;sont une option naturelle et chaleureuse pour l&#8217;ext\u00e9rieur. Ils apportent une touche d&#8217;authenticit\u00e9 et de confort \u00e0 votre espace ext\u00e9rieur. Le bois massif est un mat\u00e9riau r\u00e9sistant, qui peut \u00eatre trait\u00e9 pour r\u00e9sister aux intemp\u00e9ries. Il est \u00e9galement possible de les assortir \u00e0 une&nbsp;<strong>table bar<\/strong>&nbsp;en bois pour un ensemble harmonieux.<\/p>\n\n\n\n<h3 class=\"wp-block-heading\"><span class=\"ez-toc-section\" id=\"Les_tabourets_de_bar_empilables_et_pliants\"><\/span>Les tabourets de bar empilables et pliants<span class=\"ez-toc-section-end\"><\/span><\/h3>\n\n\n\n<p>Pour un rangement facile et un gain de place, optez pour des tabourets de bar empilables ou pliants. Ils sont particuli\u00e8rement pratiques pour les petits espaces ou pour ceux qui souhaitent ranger leur mobilier ext\u00e9rieur en dehors des p\u00e9riodes d&#8217;utilisation.<\/p>\n\n\n\n<h2 class=\"wp-block-heading\"><span class=\"ez-toc-section\" id=\"Les_tabourets_de_bar_reglables_en_hauteur_pratique_et_polyvalent\"><\/span>Les tabourets de bar r\u00e9glables en hauteur : pratique et polyvalent<span class=\"ez-toc-section-end\"><\/span><\/h2>\n\n\n\n<p><strong>Les tabourets de bar r\u00e9glables en hauteur<\/strong>&nbsp;sont des meubles pratiques et polyvalents. Gr\u00e2ce \u00e0 leur syst\u00e8me de r\u00e9glage, ils s&#8217;adaptent \u00e0 diff\u00e9rentes hauteurs de plans de travail, de tables de bar ou d&#8217;\u00eelots de cuisine. Ils peuvent ainsi servir de&nbsp;<strong>chaise tabouret<\/strong>&nbsp;pour plusieurs espaces de votre maison.<\/p>\n\n\n\n<p>Ces tabourets r\u00e9glables peuvent \u00e9galement \u00eatre utilis\u00e9s pour les enfants, car ils grandiront avec eux et s&#8217;adapteront \u00e0 leur taille au fil du temps. De plus, ils sont souvent \u00e9quip\u00e9s de repose-pieds pour un confort optimal.<\/p>\n\n\n\n<h2 class=\"wp-block-heading\"><span class=\"ez-toc-section\" id=\"Les_tabourets_de_bar_pour_les_espaces_professionnels\"><\/span>Les tabourets de bar pour les espaces professionnels<span class=\"ez-toc-section-end\"><\/span><\/h2>\n\n\n\n<p>Dans les espaces professionnels tels que les restaurants, les caf\u00e9s ou les h\u00f4tels, les tabourets de bar apportent une touche d&#8217;\u00e9l\u00e9gance et de modernit\u00e9 \u00e0 la d\u00e9coration. Ils sont \u00e9galement tr\u00e8s pris\u00e9s dans les salles d&#8217;attente, les salons de coiffure ou les bureaux ouverts, o\u00f9 ils offrent un espace informel pour se d\u00e9tendre, discuter ou travailler.<\/p>\n\n\n\n<p>Un&nbsp;<strong>lot de tabourets de bar<\/strong>&nbsp;est une option \u00e9conomique pour \u00e9quiper un espace professionnel, car il permet de b\u00e9n\u00e9ficier de tarifs avantageux. De plus, il garantit une uniformit\u00e9 dans la d\u00e9coration et simplifie la recherche de meubles assortis.<\/p>\n\n\n\n<h2 class=\"wp-block-heading\"><span class=\"ez-toc-section\" id=\"Conclusion\"><\/span>Conclusion<span class=\"ez-toc-section-end\"><\/span><\/h2>\n\n\n\n<p>En somme, les tabourets de bar sont en passe de r\u00e9volutionner nos int\u00e9rieurs, nos ext\u00e9rieurs et m\u00eame nos espaces professionnels. Ils sont disponibles dans une vari\u00e9t\u00e9 infinie de mat\u00e9riaux, de styles et de hauteurs, ce qui les rend adapt\u00e9s \u00e0 tous les go\u00fbts et \u00e0 toutes les situations. Que vous recherchiez des&nbsp;<strong>chaises de bar<\/strong>&nbsp;pour votre salon, une&nbsp;<strong>salle \u00e0 manger<\/strong>&nbsp;originale, un espace convivial en ext\u00e9rieur ou un lieu de travail moderne, les tabourets de bar sont la solution id\u00e9ale. Alors, n&#8217;h\u00e9sitez plus et laissez-vous s\u00e9duire par ces meubles polyvalents et tendance.<\/p>\n","protected":false},"excerpt":{"rendered":"<p>Dans un monde en constante \u00e9volution, les tendances\u00a0design\u00a0et d\u00e9coration d&#8217;int\u00e9rieur ne cessent de se renouveler. Parmi les \u00e9l\u00e9ments phares de nos int\u00e9rieurs, les\u00a0chaises\u00a0et\u00a0tabourets de bar\u00a0tiennent une place de choix. Alors, les tabourets de bar seraient-ils en passe de d\u00e9tr\u00f4ner les chaises de salon ? Nous vous proposons de d\u00e9couvrir les diff\u00e9rentes facettes de ces meubles [&hellip;]<\/p>\n","protected":false},"author":2,"featured_media":6606,"comment_status":"open","ping_status":"open","sticky":false,"template":"","format":"standard","meta":{"footnotes":""},"categories":[2],"tags":[],"class_list":["post-6604","post","type-post","status-publish","format-standard","has-post-thumbnail","hentry","category-tendances"],"yoast_head":"<!-- This site is optimized with the Yoast SEO plugin v27.5 - https:\/\/yoast.com\/product\/yoast-seo-wordpress\/ -->\n<title>Les tabourets de bar sont -ils le renouveau des chaises de salon? - Mobilier Design Magazine<\/title>\n<meta name=\"robots\" content=\"index, follow, max-snippet:-1, max-image-preview:large, max-video-preview:-1\" \/>\n<link rel=\"canonical\" href=\"https:\/\/www.mobilier-design-occasion.fr\/magazine\/les-tabourets-de-bar-sont-ils-le-renouveau-des-chaises-de-salon\/\" \/>\n<meta property=\"og:locale\" content=\"fr_FR\" \/>\n<meta property=\"og:type\" content=\"article\" \/>\n<meta property=\"og:title\" content=\"Les tabourets de bar sont -ils le renouveau des chaises de salon? - Mobilier Design Magazine\" \/>\n<meta property=\"og:description\" content=\"Dans un monde en constante \u00e9volution, les tendances\u00a0design\u00a0et d\u00e9coration d&#8217;int\u00e9rieur ne cessent de se renouveler. Parmi les \u00e9l\u00e9ments phares de nos int\u00e9rieurs, les\u00a0chaises\u00a0et\u00a0tabourets de bar\u00a0tiennent une place de choix. Alors, les tabourets de bar seraient-ils en passe de d\u00e9tr\u00f4ner les chaises de salon ? Nous vous proposons de d\u00e9couvrir les diff\u00e9rentes facettes de ces meubles [&hellip;]\" \/>\n<meta property=\"og:url\" content=\"https:\/\/www.mobilier-design-occasion.fr\/magazine\/les-tabourets-de-bar-sont-ils-le-renouveau-des-chaises-de-salon\/\" \/>\n<meta property=\"og:site_name\" content=\"Mobilier Design Magazine\" \/>\n<meta property=\"article:publisher\" content=\"https:\/\/www.facebook.com\/mobilierdesignoccasion\" \/>\n<meta property=\"article:published_time\" content=\"2023-05-17T08:54:26+00:00\" \/>\n<meta property=\"article:modified_time\" content=\"2023-09-25T13:40:09+00:00\" \/>\n<meta property=\"og:image\" content=\"https:\/\/www.mobilier-design-occasion.fr\/magazine\/wp-content\/uploads\/2023\/05\/Les-tabourets-de-bar-sont-ils-le-renouveau-des-ch_4_5_698.webp\" \/>\n\t<meta property=\"og:image:width\" content=\"1456\" \/>\n\t<meta property=\"og:image:height\" content=\"816\" \/>\n\t<meta property=\"og:image:type\" content=\"image\/webp\" \/>\n<meta name=\"author\" content=\"Vincent Vandegans\" \/>\n<meta name=\"twitter:card\" content=\"summary_large_image\" \/>\n<meta name=\"twitter:label1\" content=\"\u00c9crit par\" \/>\n\t<meta name=\"twitter:data1\" content=\"Vincent Vandegans\" \/>\n\t<meta name=\"twitter:label2\" content=\"Dur\u00e9e de lecture estim\u00e9e\" \/>\n\t<meta name=\"twitter:data2\" content=\"8 minutes\" \/>\n<script type=\"application\/ld+json\" class=\"yoast-schema-graph\">{\"@context\":\"https:\\\/\\\/schema.org\",\"@graph\":[{\"@type\":\"Article\",\"@id\":\"https:\\\/\\\/www.mobilier-design-occasion.fr\\\/magazine\\\/les-tabourets-de-bar-sont-ils-le-renouveau-des-chaises-de-salon\\\/#article\",\"isPartOf\":{\"@id\":\"https:\\\/\\\/www.mobilier-design-occasion.fr\\\/magazine\\\/les-tabourets-de-bar-sont-ils-le-renouveau-des-chaises-de-salon\\\/\"},\"author\":{\"name\":\"Vincent Vandegans\",\"@id\":\"https:\\\/\\\/www.mobilier-design-occasion.fr\\\/magazine\\\/#\\\/schema\\\/person\\\/af895bedc80bfb6b17730a672fddac9e\"},\"headline\":\"Les tabourets de bar sont -ils le renouveau des chaises de salon?\",\"datePublished\":\"2023-05-17T08:54:26+00:00\",\"dateModified\":\"2023-09-25T13:40:09+00:00\",\"mainEntityOfPage\":{\"@id\":\"https:\\\/\\\/www.mobilier-design-occasion.fr\\\/magazine\\\/les-tabourets-de-bar-sont-ils-le-renouveau-des-chaises-de-salon\\\/\"},\"wordCount\":1599,\"commentCount\":0,\"publisher\":{\"@id\":\"https:\\\/\\\/www.mobilier-design-occasion.fr\\\/magazine\\\/#organization\"},\"image\":{\"@id\":\"https:\\\/\\\/www.mobilier-design-occasion.fr\\\/magazine\\\/les-tabourets-de-bar-sont-ils-le-renouveau-des-chaises-de-salon\\\/#primaryimage\"},\"thumbnailUrl\":\"https:\\\/\\\/www.mobilier-design-occasion.fr\\\/magazine\\\/wp-content\\\/uploads\\\/2023\\\/05\\\/Les-tabourets-de-bar-sont-ils-le-renouveau-des-ch_4_5_698.webp\",\"articleSection\":[\"Tendances\"],\"inLanguage\":\"fr-FR\",\"potentialAction\":[{\"@type\":\"CommentAction\",\"name\":\"Comment\",\"target\":[\"https:\\\/\\\/www.mobilier-design-occasion.fr\\\/magazine\\\/les-tabourets-de-bar-sont-ils-le-renouveau-des-chaises-de-salon\\\/#respond\"]}]},{\"@type\":\"WebPage\",\"@id\":\"https:\\\/\\\/www.mobilier-design-occasion.fr\\\/magazine\\\/les-tabourets-de-bar-sont-ils-le-renouveau-des-chaises-de-salon\\\/\",\"url\":\"https:\\\/\\\/www.mobilier-design-occasion.fr\\\/magazine\\\/les-tabourets-de-bar-sont-ils-le-renouveau-des-chaises-de-salon\\\/\",\"name\":\"Les tabourets de bar sont -ils le renouveau des chaises de salon? - Mobilier Design Magazine\",\"isPartOf\":{\"@id\":\"https:\\\/\\\/www.mobilier-design-occasion.fr\\\/magazine\\\/#website\"},\"primaryImageOfPage\":{\"@id\":\"https:\\\/\\\/www.mobilier-design-occasion.fr\\\/magazine\\\/les-tabourets-de-bar-sont-ils-le-renouveau-des-chaises-de-salon\\\/#primaryimage\"},\"image\":{\"@id\":\"https:\\\/\\\/www.mobilier-design-occasion.fr\\\/magazine\\\/les-tabourets-de-bar-sont-ils-le-renouveau-des-chaises-de-salon\\\/#primaryimage\"},\"thumbnailUrl\":\"https:\\\/\\\/www.mobilier-design-occasion.fr\\\/magazine\\\/wp-content\\\/uploads\\\/2023\\\/05\\\/Les-tabourets-de-bar-sont-ils-le-renouveau-des-ch_4_5_698.webp\",\"datePublished\":\"2023-05-17T08:54:26+00:00\",\"dateModified\":\"2023-09-25T13:40:09+00:00\",\"breadcrumb\":{\"@id\":\"https:\\\/\\\/www.mobilier-design-occasion.fr\\\/magazine\\\/les-tabourets-de-bar-sont-ils-le-renouveau-des-chaises-de-salon\\\/#breadcrumb\"},\"inLanguage\":\"fr-FR\",\"potentialAction\":[{\"@type\":\"ReadAction\",\"target\":[\"https:\\\/\\\/www.mobilier-design-occasion.fr\\\/magazine\\\/les-tabourets-de-bar-sont-ils-le-renouveau-des-chaises-de-salon\\\/\"]}]},{\"@type\":\"ImageObject\",\"inLanguage\":\"fr-FR\",\"@id\":\"https:\\\/\\\/www.mobilier-design-occasion.fr\\\/magazine\\\/les-tabourets-de-bar-sont-ils-le-renouveau-des-chaises-de-salon\\\/#primaryimage\",\"url\":\"https:\\\/\\\/www.mobilier-design-occasion.fr\\\/magazine\\\/wp-content\\\/uploads\\\/2023\\\/05\\\/Les-tabourets-de-bar-sont-ils-le-renouveau-des-ch_4_5_698.webp\",\"contentUrl\":\"https:\\\/\\\/www.mobilier-design-occasion.fr\\\/magazine\\\/wp-content\\\/uploads\\\/2023\\\/05\\\/Les-tabourets-de-bar-sont-ils-le-renouveau-des-ch_4_5_698.webp\",\"width\":1456,\"height\":816},{\"@type\":\"BreadcrumbList\",\"@id\":\"https:\\\/\\\/www.mobilier-design-occasion.fr\\\/magazine\\\/les-tabourets-de-bar-sont-ils-le-renouveau-des-chaises-de-salon\\\/#breadcrumb\",\"itemListElement\":[{\"@type\":\"ListItem\",\"position\":1,\"name\":\"Accueil\",\"item\":\"https:\\\/\\\/www.mobilier-design-occasion.fr\\\/magazine\\\/\"},{\"@type\":\"ListItem\",\"position\":2,\"name\":\"Les tabourets de bar sont -ils le renouveau des chaises de salon?\"}]},{\"@type\":\"WebSite\",\"@id\":\"https:\\\/\\\/www.mobilier-design-occasion.fr\\\/magazine\\\/#website\",\"url\":\"https:\\\/\\\/www.mobilier-design-occasion.fr\\\/magazine\\\/\",\"name\":\"Mobilier Design Magazine\",\"description\":\"\",\"publisher\":{\"@id\":\"https:\\\/\\\/www.mobilier-design-occasion.fr\\\/magazine\\\/#organization\"},\"potentialAction\":[{\"@type\":\"SearchAction\",\"target\":{\"@type\":\"EntryPoint\",\"urlTemplate\":\"https:\\\/\\\/www.mobilier-design-occasion.fr\\\/magazine\\\/?s={search_term_string}\"},\"query-input\":{\"@type\":\"PropertyValueSpecification\",\"valueRequired\":true,\"valueName\":\"search_term_string\"}}],\"inLanguage\":\"fr-FR\"},{\"@type\":\"Organization\",\"@id\":\"https:\\\/\\\/www.mobilier-design-occasion.fr\\\/magazine\\\/#organization\",\"name\":\"Mobilier Design Magazine\",\"url\":\"https:\\\/\\\/www.mobilier-design-occasion.fr\\\/magazine\\\/\",\"logo\":{\"@type\":\"ImageObject\",\"inLanguage\":\"fr-FR\",\"@id\":\"https:\\\/\\\/www.mobilier-design-occasion.fr\\\/magazine\\\/#\\\/schema\\\/logo\\\/image\\\/\",\"url\":\"https:\\\/\\\/www.mobilier-design-occasion.fr\\\/magazine\\\/wp-content\\\/uploads\\\/2024\\\/02\\\/android-chrome-192x192-1.png\",\"contentUrl\":\"https:\\\/\\\/www.mobilier-design-occasion.fr\\\/magazine\\\/wp-content\\\/uploads\\\/2024\\\/02\\\/android-chrome-192x192-1.png\",\"width\":192,\"height\":192,\"caption\":\"Mobilier Design Magazine\"},\"image\":{\"@id\":\"https:\\\/\\\/www.mobilier-design-occasion.fr\\\/magazine\\\/#\\\/schema\\\/logo\\\/image\\\/\"},\"sameAs\":[\"https:\\\/\\\/www.facebook.com\\\/mobilierdesignoccasion\"]},{\"@type\":\"Person\",\"@id\":\"https:\\\/\\\/www.mobilier-design-occasion.fr\\\/magazine\\\/#\\\/schema\\\/person\\\/af895bedc80bfb6b17730a672fddac9e\",\"name\":\"Vincent Vandegans\",\"image\":{\"@type\":\"ImageObject\",\"inLanguage\":\"fr-FR\",\"@id\":\"https:\\\/\\\/secure.gravatar.com\\\/avatar\\\/b984800dabdf722d5e3f03f637c8932dea77d81118467d17ad2953e3b273ec66?s=96&d=mm&r=g\",\"url\":\"https:\\\/\\\/secure.gravatar.com\\\/avatar\\\/b984800dabdf722d5e3f03f637c8932dea77d81118467d17ad2953e3b273ec66?s=96&d=mm&r=g\",\"contentUrl\":\"https:\\\/\\\/secure.gravatar.com\\\/avatar\\\/b984800dabdf722d5e3f03f637c8932dea77d81118467d17ad2953e3b273ec66?s=96&d=mm&r=g\",\"caption\":\"Vincent Vandegans\"},\"description\":\"Vincent est passionn\u00e9 par les produits d'occasion, il a ouvert le site MDO avec Cyrielle pour aider les gens \u00e0 trouver du mobilier d'occasion, vintage ou usag\u00e9. Depuis, ils ont \u00e9tendu leurs activit\u00e9s et conseillent tout le monde sur le mobilier d'int\u00e9rieur et d'ext\u00e9rieur au quotidien \u00e0 travers le magazine MDO.\",\"url\":\"https:\\\/\\\/www.mobilier-design-occasion.fr\\\/magazine\\\/author\\\/vincent\\\/\"}]}<\/script>\n<!-- \/ Yoast SEO plugin. -->","yoast_head_json":{"title":"Les tabourets de bar sont -ils le renouveau des chaises de salon? - Mobilier Design Magazine","robots":{"index":"index","follow":"follow","max-snippet":"max-snippet:-1","max-image-preview":"max-image-preview:large","max-video-preview":"max-video-preview:-1"},"canonical":"https:\/\/www.mobilier-design-occasion.fr\/magazine\/les-tabourets-de-bar-sont-ils-le-renouveau-des-chaises-de-salon\/","og_locale":"fr_FR","og_type":"article","og_title":"Les tabourets de bar sont -ils le renouveau des chaises de salon? - Mobilier Design Magazine","og_description":"Dans un monde en constante \u00e9volution, les tendances\u00a0design\u00a0et d\u00e9coration d&#8217;int\u00e9rieur ne cessent de se renouveler. Parmi les \u00e9l\u00e9ments phares de nos int\u00e9rieurs, les\u00a0chaises\u00a0et\u00a0tabourets de bar\u00a0tiennent une place de choix. Alors, les tabourets de bar seraient-ils en passe de d\u00e9tr\u00f4ner les chaises de salon ? Nous vous proposons de d\u00e9couvrir les diff\u00e9rentes facettes de ces meubles [&hellip;]","og_url":"https:\/\/www.mobilier-design-occasion.fr\/magazine\/les-tabourets-de-bar-sont-ils-le-renouveau-des-chaises-de-salon\/","og_site_name":"Mobilier Design Magazine","article_publisher":"https:\/\/www.facebook.com\/mobilierdesignoccasion","article_published_time":"2023-05-17T08:54:26+00:00","article_modified_time":"2023-09-25T13:40:09+00:00","og_image":[{"width":1456,"height":816,"url":"https:\/\/www.mobilier-design-occasion.fr\/magazine\/wp-content\/uploads\/2023\/05\/Les-tabourets-de-bar-sont-ils-le-renouveau-des-ch_4_5_698.webp","type":"image\/webp"}],"author":"Vincent Vandegans","twitter_card":"summary_large_image","twitter_misc":{"\u00c9crit par":"Vincent Vandegans","Dur\u00e9e de lecture estim\u00e9e":"8 minutes"},"schema":{"@context":"https:\/\/schema.org","@graph":[{"@type":"Article","@id":"https:\/\/www.mobilier-design-occasion.fr\/magazine\/les-tabourets-de-bar-sont-ils-le-renouveau-des-chaises-de-salon\/#article","isPartOf":{"@id":"https:\/\/www.mobilier-design-occasion.fr\/magazine\/les-tabourets-de-bar-sont-ils-le-renouveau-des-chaises-de-salon\/"},"author":{"name":"Vincent Vandegans","@id":"https:\/\/www.mobilier-design-occasion.fr\/magazine\/#\/schema\/person\/af895bedc80bfb6b17730a672fddac9e"},"headline":"Les tabourets de bar sont -ils le renouveau des chaises de salon?","datePublished":"2023-05-17T08:54:26+00:00","dateModified":"2023-09-25T13:40:09+00:00","mainEntityOfPage":{"@id":"https:\/\/www.mobilier-design-occasion.fr\/magazine\/les-tabourets-de-bar-sont-ils-le-renouveau-des-chaises-de-salon\/"},"wordCount":1599,"commentCount":0,"publisher":{"@id":"https:\/\/www.mobilier-design-occasion.fr\/magazine\/#organization"},"image":{"@id":"https:\/\/www.mobilier-design-occasion.fr\/magazine\/les-tabourets-de-bar-sont-ils-le-renouveau-des-chaises-de-salon\/#primaryimage"},"thumbnailUrl":"https:\/\/www.mobilier-design-occasion.fr\/magazine\/wp-content\/uploads\/2023\/05\/Les-tabourets-de-bar-sont-ils-le-renouveau-des-ch_4_5_698.webp","articleSection":["Tendances"],"inLanguage":"fr-FR","potentialAction":[{"@type":"CommentAction","name":"Comment","target":["https:\/\/www.mobilier-design-occasion.fr\/magazine\/les-tabourets-de-bar-sont-ils-le-renouveau-des-chaises-de-salon\/#respond"]}]},{"@type":"WebPage","@id":"https:\/\/www.mobilier-design-occasion.fr\/magazine\/les-tabourets-de-bar-sont-ils-le-renouveau-des-chaises-de-salon\/","url":"https:\/\/www.mobilier-design-occasion.fr\/magazine\/les-tabourets-de-bar-sont-ils-le-renouveau-des-chaises-de-salon\/","name":"Les tabourets de bar sont -ils le renouveau des chaises de salon? - Mobilier Design Magazine","isPartOf":{"@id":"https:\/\/www.mobilier-design-occasion.fr\/magazine\/#website"},"primaryImageOfPage":{"@id":"https:\/\/www.mobilier-design-occasion.fr\/magazine\/les-tabourets-de-bar-sont-ils-le-renouveau-des-chaises-de-salon\/#primaryimage"},"image":{"@id":"https:\/\/www.mobilier-design-occasion.fr\/magazine\/les-tabourets-de-bar-sont-ils-le-renouveau-des-chaises-de-salon\/#primaryimage"},"thumbnailUrl":"https:\/\/www.mobilier-design-occasion.fr\/magazine\/wp-content\/uploads\/2023\/05\/Les-tabourets-de-bar-sont-ils-le-renouveau-des-ch_4_5_698.webp","datePublished":"2023-05-17T08:54:26+00:00","dateModified":"2023-09-25T13:40:09+00:00","breadcrumb":{"@id":"https:\/\/www.mobilier-design-occasion.fr\/magazine\/les-tabourets-de-bar-sont-ils-le-renouveau-des-chaises-de-salon\/#breadcrumb"},"inLanguage":"fr-FR","potentialAction":[{"@type":"ReadAction","target":["https:\/\/www.mobilier-design-occasion.fr\/magazine\/les-tabourets-de-bar-sont-ils-le-renouveau-des-chaises-de-salon\/"]}]},{"@type":"ImageObject","inLanguage":"fr-FR","@id":"https:\/\/www.mobilier-design-occasion.fr\/magazine\/les-tabourets-de-bar-sont-ils-le-renouveau-des-chaises-de-salon\/#primaryimage","url":"https:\/\/www.mobilier-design-occasion.fr\/magazine\/wp-content\/uploads\/2023\/05\/Les-tabourets-de-bar-sont-ils-le-renouveau-des-ch_4_5_698.webp","contentUrl":"https:\/\/www.mobilier-design-occasion.fr\/magazine\/wp-content\/uploads\/2023\/05\/Les-tabourets-de-bar-sont-ils-le-renouveau-des-ch_4_5_698.webp","width":1456,"height":816},{"@type":"BreadcrumbList","@id":"https:\/\/www.mobilier-design-occasion.fr\/magazine\/les-tabourets-de-bar-sont-ils-le-renouveau-des-chaises-de-salon\/#breadcrumb","itemListElement":[{"@type":"ListItem","position":1,"name":"Accueil","item":"https:\/\/www.mobilier-design-occasion.fr\/magazine\/"},{"@type":"ListItem","position":2,"name":"Les tabourets de bar sont -ils le renouveau des chaises de salon?"}]},{"@type":"WebSite","@id":"https:\/\/www.mobilier-design-occasion.fr\/magazine\/#website","url":"https:\/\/www.mobilier-design-occasion.fr\/magazine\/","name":"Mobilier Design Magazine","description":"","publisher":{"@id":"https:\/\/www.mobilier-design-occasion.fr\/magazine\/#organization"},"potentialAction":[{"@type":"SearchAction","target":{"@type":"EntryPoint","urlTemplate":"https:\/\/www.mobilier-design-occasion.fr\/magazine\/?s={search_term_string}"},"query-input":{"@type":"PropertyValueSpecification","valueRequired":true,"valueName":"search_term_string"}}],"inLanguage":"fr-FR"},{"@type":"Organization","@id":"https:\/\/www.mobilier-design-occasion.fr\/magazine\/#organization","name":"Mobilier Design Magazine","url":"https:\/\/www.mobilier-design-occasion.fr\/magazine\/","logo":{"@type":"ImageObject","inLanguage":"fr-FR","@id":"https:\/\/www.mobilier-design-occasion.fr\/magazine\/#\/schema\/logo\/image\/","url":"https:\/\/www.mobilier-design-occasion.fr\/magazine\/wp-content\/uploads\/2024\/02\/android-chrome-192x192-1.png","contentUrl":"https:\/\/www.mobilier-design-occasion.fr\/magazine\/wp-content\/uploads\/2024\/02\/android-chrome-192x192-1.png","width":192,"height":192,"caption":"Mobilier Design Magazine"},"image":{"@id":"https:\/\/www.mobilier-design-occasion.fr\/magazine\/#\/schema\/logo\/image\/"},"sameAs":["https:\/\/www.facebook.com\/mobilierdesignoccasion"]},{"@type":"Person","@id":"https:\/\/www.mobilier-design-occasion.fr\/magazine\/#\/schema\/person\/af895bedc80bfb6b17730a672fddac9e","name":"Vincent Vandegans","image":{"@type":"ImageObject","inLanguage":"fr-FR","@id":"https:\/\/secure.gravatar.com\/avatar\/b984800dabdf722d5e3f03f637c8932dea77d81118467d17ad2953e3b273ec66?s=96&d=mm&r=g","url":"https:\/\/secure.gravatar.com\/avatar\/b984800dabdf722d5e3f03f637c8932dea77d81118467d17ad2953e3b273ec66?s=96&d=mm&r=g","contentUrl":"https:\/\/secure.gravatar.com\/avatar\/b984800dabdf722d5e3f03f637c8932dea77d81118467d17ad2953e3b273ec66?s=96&d=mm&r=g","caption":"Vincent Vandegans"},"description":"Vincent est passionn\u00e9 par les produits d'occasion, il a ouvert le site MDO avec Cyrielle pour aider les gens \u00e0 trouver du mobilier d'occasion, vintage ou usag\u00e9. Depuis, ils ont \u00e9tendu leurs activit\u00e9s et conseillent tout le monde sur le mobilier d'int\u00e9rieur et d'ext\u00e9rieur au quotidien \u00e0 travers le magazine MDO.","url":"https:\/\/www.mobilier-design-occasion.fr\/magazine\/author\/vincent\/"}]}},"_links":{"self":[{"href":"https:\/\/www.mobilier-design-occasion.fr\/magazine\/wp-json\/wp\/v2\/posts\/6604","targetHints":{"allow":["GET"]}}],"collection":[{"href":"https:\/\/www.mobilier-design-occasion.fr\/magazine\/wp-json\/wp\/v2\/posts"}],"about":[{"href":"https:\/\/www.mobilier-design-occasion.fr\/magazine\/wp-json\/wp\/v2\/types\/post"}],"author":[{"embeddable":true,"href":"https:\/\/www.mobilier-design-occasion.fr\/magazine\/wp-json\/wp\/v2\/users\/2"}],"replies":[{"embeddable":true,"href":"https:\/\/www.mobilier-design-occasion.fr\/magazine\/wp-json\/wp\/v2\/comments?post=6604"}],"version-history":[{"count":1,"href":"https:\/\/www.mobilier-design-occasion.fr\/magazine\/wp-json\/wp\/v2\/posts\/6604\/revisions"}],"predecessor-version":[{"id":6607,"href":"https:\/\/www.mobilier-design-occasion.fr\/magazine\/wp-json\/wp\/v2\/posts\/6604\/revisions\/6607"}],"wp:featuredmedia":[{"embeddable":true,"href":"https:\/\/www.mobilier-design-occasion.fr\/magazine\/wp-json\/wp\/v2\/media\/6606"}],"wp:attachment":[{"href":"https:\/\/www.mobilier-design-occasion.fr\/magazine\/wp-json\/wp\/v2\/media?parent=6604"}],"wp:term":[{"taxonomy":"category","embeddable":true,"href":"https:\/\/www.mobilier-design-occasion.fr\/magazine\/wp-json\/wp\/v2\/categories?post=6604"},{"taxonomy":"post_tag","embeddable":true,"href":"https:\/\/www.mobilier-design-occasion.fr\/magazine\/wp-json\/wp\/v2\/tags?post=6604"}],"curies":[{"name":"wp","href":"https:\/\/api.w.org\/{rel}","templated":true}]}}