{"id":6585,"date":"2023-05-05T08:28:52","date_gmt":"2023-05-05T08:28:52","guid":{"rendered":"https:\/\/www.mobilier-design-occasion.fr\/magazine\/?p=6585"},"modified":"2023-11-20T11:20:21","modified_gmt":"2023-11-20T11:20:21","slug":"balancons-nous-5-facons-dintegrer-une-balancoire-dans-votre-maison","status":"publish","type":"post","link":"https:\/\/www.mobilier-design-occasion.fr\/magazine\/balancons-nous-5-facons-dintegrer-une-balancoire-dans-votre-maison\/","title":{"rendered":"Balan\u00e7ons-nous: 5 fa\u00e7ons d&#8217;int\u00e9grer une balan\u00e7oire dans votre maison"},"content":{"rendered":"\n<p>L&#8217;\u00eatre humain aime instinctivement se balancer &#8211; de notre berceau au pneu suspendu \u00e0 un arbre, la sensation de se balancer en apesanteur est \u00e9trangement r\u00e9confortante. Nous avons tous r\u00eav\u00e9 de nous lover avec un livre et une tasse de th\u00e9 en nous balan\u00e7ant doucement sur une balan\u00e7oire lors d&#8217;un apr\u00e8s-midi de d\u00e9tente. Mais cette id\u00e9e est vite abandonn\u00e9e dans un soupir, car vous ne savez pas o\u00f9 l&#8217;installer. Pourtant, une balan\u00e7oire n&#8217;est pas forc\u00e9ment r\u00e9serv\u00e9e aux enfants. Il existe de nombreuses solutions astucieuses pour int\u00e9grer cette structure ludique dans votre foyer. Si vous avez toujours voulu inclure une balan\u00e7oire dans votre maison mais que vous ne saviez pas comment faire, nous sommes l\u00e0 pour vous donner quelques id\u00e9es folles et amusantes.<\/p>\n\n\n\n<h2 class=\"wp-block-heading\"><span class=\"ez-toc-section\" id=\"1_Dans_votre_espace_de_vie\"><\/span>1. Dans votre espace de vie<span class=\"ez-toc-section-end\"><\/span><\/h2><div id=\"ez-toc-container\" class=\"ez-toc-v2_0_82_2 counter-hierarchy ez-toc-counter ez-toc-grey ez-toc-container-direction\">\n<div class=\"ez-toc-title-container\">\n<span class=\"ez-toc-title-toggle\"><a href=\"#\" class=\"ez-toc-pull-right ez-toc-btn ez-toc-btn-xs ez-toc-btn-default ez-toc-toggle\" aria-label=\"Toggle Table of Content\"><span class=\"ez-toc-js-icon-con\"><span class=\"\"><span class=\"eztoc-hide\" style=\"display:none;\">Toggle<\/span><span class=\"ez-toc-icon-toggle-span\"><svg style=\"fill: #999;color:#999\" xmlns=\"http:\/\/www.w3.org\/2000\/svg\" class=\"list-377408\" width=\"20px\" height=\"20px\" viewBox=\"0 0 24 24\" fill=\"none\"><path d=\"M6 6H4v2h2V6zm14 0H8v2h12V6zM4 11h2v2H4v-2zm16 0H8v2h12v-2zM4 16h2v2H4v-2zm16 0H8v2h12v-2z\" fill=\"currentColor\"><\/path><\/svg><svg style=\"fill: #999;color:#999\" class=\"arrow-unsorted-368013\" xmlns=\"http:\/\/www.w3.org\/2000\/svg\" width=\"10px\" height=\"10px\" viewBox=\"0 0 24 24\" version=\"1.2\" baseProfile=\"tiny\"><path d=\"M18.2 9.3l-6.2-6.3-6.2 6.3c-.2.2-.3.4-.3.7s.1.5.3.7c.2.2.4.3.7.3h11c.3 0 .5-.1.7-.3.2-.2.3-.5.3-.7s-.1-.5-.3-.7zM5.8 14.7l6.2 6.3 6.2-6.3c.2-.2.3-.5.3-.7s-.1-.5-.3-.7c-.2-.2-.4-.3-.7-.3h-11c-.3 0-.5.1-.7.3-.2.2-.3.5-.3.7s.1.5.3.7z\"\/><\/svg><\/span><\/span><\/span><\/a><\/span><\/div>\n<nav><ul class='ez-toc-list ez-toc-list-level-1 eztoc-toggle-hide-by-default' ><li class='ez-toc-page-1 ez-toc-heading-level-2'><a class=\"ez-toc-link ez-toc-heading-1\" href=\"https:\/\/www.mobilier-design-occasion.fr\/magazine\/balancons-nous-5-facons-dintegrer-une-balancoire-dans-votre-maison\/#1_Dans_votre_espace_de_vie\" >1. Dans votre espace de vie<\/a><\/li><li class='ez-toc-page-1 ez-toc-heading-level-2'><a class=\"ez-toc-link ez-toc-heading-2\" href=\"https:\/\/www.mobilier-design-occasion.fr\/magazine\/balancons-nous-5-facons-dintegrer-une-balancoire-dans-votre-maison\/#2_Meubler_un_coin_vide\" >2. Meubler un coin vide<\/a><\/li><li class='ez-toc-page-1 ez-toc-heading-level-2'><a class=\"ez-toc-link ez-toc-heading-3\" href=\"https:\/\/www.mobilier-design-occasion.fr\/magazine\/balancons-nous-5-facons-dintegrer-une-balancoire-dans-votre-maison\/#3_Amenager_votre_balcon\" >3. Am\u00e9nager votre balcon<\/a><\/li><li class='ez-toc-page-1 ez-toc-heading-level-2'><a class=\"ez-toc-link ez-toc-heading-4\" href=\"https:\/\/www.mobilier-design-occasion.fr\/magazine\/balancons-nous-5-facons-dintegrer-une-balancoire-dans-votre-maison\/#4_Dans_la_chambre_de_votre_enfant\" >4. Dans la chambre de votre enfant<\/a><\/li><li class='ez-toc-page-1 ez-toc-heading-level-2'><a class=\"ez-toc-link ez-toc-heading-5\" href=\"https:\/\/www.mobilier-design-occasion.fr\/magazine\/balancons-nous-5-facons-dintegrer-une-balancoire-dans-votre-maison\/#5_Devant_de_grandes_fenetres\" >5. Devant de grandes fen\u00eatres<\/a><\/li><\/ul><\/nav><\/div>\n\n\n\n\n<figure class=\"wp-block-image size-full\"><img loading=\"lazy\" decoding=\"async\" width=\"341\" height=\"512\" src=\"https:\/\/www.mobilier-design-occasion.fr\/magazine\/wp-content\/uploads\/2023\/05\/unnamed.jpg\" alt=\"\" class=\"wp-image-6586\" srcset=\"https:\/\/www.mobilier-design-occasion.fr\/magazine\/wp-content\/uploads\/2023\/05\/unnamed.jpg 341w, https:\/\/www.mobilier-design-occasion.fr\/magazine\/wp-content\/uploads\/2023\/05\/unnamed-200x300.jpg 200w\" sizes=\"auto, (max-width: 341px) 100vw, 341px\" \/><\/figure>\n\n\n\n<p>L&#8217;une des meilleures fa\u00e7ons de faire sensation devant vos invit\u00e9s est de placer un grand et majestueux canap\u00e9-lit suspendu dans votre espace de vie. Si vous avez un grand salon, il peut parfois \u00eatre difficile de remplir correctement l&#8217;espace perdu. Vous pouvez placer une balan\u00e7oire sur pied dans un coin vide et peu pratique de votre salle de s\u00e9jour et en faire votre \u00e9l\u00e9ment distinctif. Si votre salon est minuscule, ne vous inqui\u00e9tez pas ! Laissez tomber le grand canap\u00e9 criard et optez plut\u00f4t pour un canap\u00e9 suspendu. Ajoutez une <a href=\"https:\/\/www.mobilier-design-occasion.fr\/magazine\/comment-acheter-une-table-basse-pas-chere-sans-compromettre-la-qualite-7-etapes\/\">table basse<\/a> \u00e9clectique et un tapis douillet sous le canap\u00e9 pour obtenir le d\u00e9cor urbain ultime.<\/p>\n\n\n\n<h2 class=\"wp-block-heading\"><span class=\"ez-toc-section\" id=\"2_Meubler_un_coin_vide\"><\/span>2. Meubler un coin vide<span class=\"ez-toc-section-end\"><\/span><\/h2>\n\n\n\n<p>Avez-vous un de ces coins bizarres qui semble trop vide sans rien mais qui est trop petit pour un fauteuil ? Ces zones g\u00eanantes se trouvent partout, de nos chambres \u00e0 coucher aux espaces familiaux. Suspendez au plafond une balan\u00e7oire en bambou de style boh\u00e8me et transformez ces espaces ind\u00e9sirables en perfection ! La beaut\u00e9 des balan\u00e7oires suspendues est qu&#8217;elles ne prennent pratiquement pas d&#8217;espace au sol, ce qui vous laisse beaucoup d&#8217;espace pour man\u0153uvrer dans le recoin sans le laisser vide. Ajoutez un tapis en fourrure et quelques coussins douillets pour compl\u00e9ter le look.<\/p>\n\n\n\n<h2 class=\"wp-block-heading\"><span class=\"ez-toc-section\" id=\"3_Amenager_votre_balcon\"><\/span>3. Am\u00e9nager votre balcon<span class=\"ez-toc-section-end\"><\/span><\/h2>\n\n\n\n<figure class=\"wp-block-image size-full\"><img loading=\"lazy\" decoding=\"async\" width=\"341\" height=\"512\" src=\"https:\/\/www.mobilier-design-occasion.fr\/magazine\/wp-content\/uploads\/2023\/05\/unnamed-1.jpg\" alt=\"\" class=\"wp-image-6587\" srcset=\"https:\/\/www.mobilier-design-occasion.fr\/magazine\/wp-content\/uploads\/2023\/05\/unnamed-1.jpg 341w, https:\/\/www.mobilier-design-occasion.fr\/magazine\/wp-content\/uploads\/2023\/05\/unnamed-1-200x300.jpg 200w\" sizes=\"auto, (max-width: 341px) 100vw, 341px\" \/><\/figure>\n\n\n\n<p>Si vous aimez passer du temps sur votre balcon, vous appr\u00e9cierez certainement d&#8217;y ajouter une balan\u00e7oire ou un <a href=\"https:\/\/fr.vidaxl.ch\/g\/441\/bancs\">banc<\/a>. Apportez le confort de l&#8217;int\u00e9rieur \u00e0 l&#8217;ext\u00e9rieur en ajoutant un hamac chic et moderne \u00e0 votre balcon. Ajoutez quelques coussins en peluche et une couverture. Avec une petite table d&#8217;appoint dans un coin contenant des plantes, des bougies et des livres, ce coin deviendra un endroit que vous refuserez de quitter !<\/p>\n\n\n\n<h2 class=\"wp-block-heading\"><span class=\"ez-toc-section\" id=\"4_Dans_la_chambre_de_votre_enfant\"><\/span>4. Dans la chambre de votre enfant<span class=\"ez-toc-section-end\"><\/span><\/h2>\n\n\n\n<figure class=\"wp-block-image size-full\"><img loading=\"lazy\" decoding=\"async\" width=\"384\" height=\"512\" src=\"https:\/\/www.mobilier-design-occasion.fr\/magazine\/wp-content\/uploads\/2023\/05\/unnamed-2.jpg\" alt=\"\" class=\"wp-image-6588\" srcset=\"https:\/\/www.mobilier-design-occasion.fr\/magazine\/wp-content\/uploads\/2023\/05\/unnamed-2.jpg 384w, https:\/\/www.mobilier-design-occasion.fr\/magazine\/wp-content\/uploads\/2023\/05\/unnamed-2-225x300.jpg 225w\" sizes=\"auto, (max-width: 384px) 100vw, 384px\" \/><\/figure>\n\n\n\n<p>Si vous avez des enfants \u00e0 la maison, devenez l&#8217;adulte sympathique \u00e0 leurs yeux en ajoutant une <a href=\"https:\/\/fr.vidaxl.ch\/g\/6270\/balancoires\" data-type=\"link\" data-id=\"https:\/\/fr.vidaxl.ch\/g\/6270\/balancoires\">balan\u00e7oire<\/a> \u00e0 leur espace personnel. Qu&#8217;il s&#8217;agisse de leur chambre ou de leur salle de jeux, l&#8217;ajout d&#8217;une balan\u00e7oire (ou de plusieurs, pourquoi s&#8217;arr\u00eater \u00e0 une seule ?) donnera \u00e0 leur espace l&#8217;ambiance ludique qu&#8217;il m\u00e9rite vraiment. Veillez \u00e0 acheter une balan\u00e7oire de taille normale pour vos enfants afin qu&#8217;ils puissent s&#8217;y \u00e9panouir. Installer une balan\u00e7oire cage \u00e0 oiseaux surdimensionn\u00e9e dans la chambre de votre enfant, comme celle de la photo, ajoutera certainement une ambiance fantaisiste qui laissera libre cours \u00e0 son imagination.<\/p>\n\n\n\n<h2 class=\"wp-block-heading\"><span class=\"ez-toc-section\" id=\"5_Devant_de_grandes_fenetres\"><\/span>5. Devant de grandes fen\u00eatres<span class=\"ez-toc-section-end\"><\/span><\/h2>\n\n\n\n<p>Avoir une grande fen\u00eatre dans votre maison, c&#8217;est b\u00e9n\u00e9ficier d&#8217;une lumi\u00e8re naturelle abondante et de l&#8217;illusion d&#8217;un espace plus grand. Mais les grandes fen\u00eatres peuvent aussi \u00eatre tr\u00e8s difficiles \u00e0 styliser. Les vitres ouvertes constituent un excellent espace pour les plantes d&#8217;int\u00e9rieur. Cr\u00e9ez un coin confortable devant vos belles fen\u00eatres en y ajoutant un fauteuil pivotant surdimensionn\u00e9 et toutes vos plantes pr\u00e9f\u00e9r\u00e9es. En vous entourant d&#8217;une verdure apaisante, ce coin deviendra rapidement votre endroit pr\u00e9f\u00e9r\u00e9 o\u00f9 vous pourrez vous asseoir et respirer un peu.<\/p>\n\n\n\n<p>Honn\u00eatement, si vous voulez vous procurer une balan\u00e7oire, n&#8217;h\u00e9sitez pas ! Il existe de nombreuses fa\u00e7ons intelligentes d&#8217;int\u00e9grer une balan\u00e7oire dans votre maison, et ces conseils utiles devraient vous faciliter la t\u00e2che. Ce n&#8217;est pas parce que vous \u00eates un adulte que vous ne pouvez pas vous amuser. Allez-y, balancez-vous !<\/p>\n","protected":false},"excerpt":{"rendered":"<p>L&#8217;\u00eatre humain aime instinctivement se balancer &#8211; de notre berceau au pneu suspendu \u00e0 un arbre, la sensation de se balancer en apesanteur est \u00e9trangement r\u00e9confortante. Nous avons tous r\u00eav\u00e9 de nous lover avec un livre et une tasse de th\u00e9 en nous balan\u00e7ant doucement sur une balan\u00e7oire lors d&#8217;un apr\u00e8s-midi de d\u00e9tente. Mais cette [&hellip;]<\/p>\n","protected":false},"author":1,"featured_media":6589,"comment_status":"open","ping_status":"open","sticky":false,"template":"","format":"standard","meta":{"footnotes":""},"categories":[2],"tags":[],"class_list":["post-6585","post","type-post","status-publish","format-standard","has-post-thumbnail","hentry","category-tendances"],"yoast_head":"<!-- This site is optimized with the Yoast SEO plugin v27.5 - https:\/\/yoast.com\/product\/yoast-seo-wordpress\/ -->\n<title>Balan\u00e7ons-nous: 5 fa\u00e7ons d&#039;int\u00e9grer une balan\u00e7oire dans votre maison - Mobilier Design Magazine<\/title>\n<meta name=\"robots\" content=\"index, follow, max-snippet:-1, max-image-preview:large, max-video-preview:-1\" \/>\n<link rel=\"canonical\" href=\"https:\/\/www.mobilier-design-occasion.fr\/magazine\/balancons-nous-5-facons-dintegrer-une-balancoire-dans-votre-maison\/\" \/>\n<meta property=\"og:locale\" content=\"fr_FR\" \/>\n<meta property=\"og:type\" content=\"article\" \/>\n<meta property=\"og:title\" content=\"Balan\u00e7ons-nous: 5 fa\u00e7ons d&#039;int\u00e9grer une balan\u00e7oire dans votre maison - Mobilier Design Magazine\" \/>\n<meta property=\"og:description\" content=\"L&#8217;\u00eatre humain aime instinctivement se balancer &#8211; de notre berceau au pneu suspendu \u00e0 un arbre, la sensation de se balancer en apesanteur est \u00e9trangement r\u00e9confortante. Nous avons tous r\u00eav\u00e9 de nous lover avec un livre et une tasse de th\u00e9 en nous balan\u00e7ant doucement sur une balan\u00e7oire lors d&#8217;un apr\u00e8s-midi de d\u00e9tente. Mais cette [&hellip;]\" \/>\n<meta property=\"og:url\" content=\"https:\/\/www.mobilier-design-occasion.fr\/magazine\/balancons-nous-5-facons-dintegrer-une-balancoire-dans-votre-maison\/\" \/>\n<meta property=\"og:site_name\" content=\"Mobilier Design Magazine\" \/>\n<meta property=\"article:publisher\" content=\"https:\/\/www.facebook.com\/mobilierdesignoccasion\" \/>\n<meta property=\"article:published_time\" content=\"2023-05-05T08:28:52+00:00\" \/>\n<meta property=\"article:modified_time\" content=\"2023-11-20T11:20:21+00:00\" \/>\n<meta property=\"og:image\" content=\"https:\/\/www.mobilier-design-occasion.fr\/magazine\/wp-content\/uploads\/2023\/05\/unnamed-3.jpg\" \/>\n\t<meta property=\"og:image:width\" content=\"341\" \/>\n\t<meta property=\"og:image:height\" content=\"512\" \/>\n\t<meta property=\"og:image:type\" content=\"image\/jpeg\" \/>\n<meta name=\"author\" content=\"Cyrielle Poirot\" \/>\n<meta name=\"twitter:card\" content=\"summary_large_image\" \/>\n<meta name=\"twitter:label1\" content=\"\u00c9crit par\" \/>\n\t<meta name=\"twitter:data1\" content=\"Cyrielle Poirot\" \/>\n\t<meta name=\"twitter:label2\" content=\"Dur\u00e9e de lecture estim\u00e9e\" \/>\n\t<meta name=\"twitter:data2\" content=\"3 minutes\" \/>\n<script type=\"application\/ld+json\" class=\"yoast-schema-graph\">{\"@context\":\"https:\\\/\\\/schema.org\",\"@graph\":[{\"@type\":\"Article\",\"@id\":\"https:\\\/\\\/www.mobilier-design-occasion.fr\\\/magazine\\\/balancons-nous-5-facons-dintegrer-une-balancoire-dans-votre-maison\\\/#article\",\"isPartOf\":{\"@id\":\"https:\\\/\\\/www.mobilier-design-occasion.fr\\\/magazine\\\/balancons-nous-5-facons-dintegrer-une-balancoire-dans-votre-maison\\\/\"},\"author\":{\"name\":\"Cyrielle Poirot\",\"@id\":\"https:\\\/\\\/www.mobilier-design-occasion.fr\\\/magazine\\\/#\\\/schema\\\/person\\\/5b2e5627a714ddadaaf8c9b886c55eff\"},\"headline\":\"Balan\u00e7ons-nous: 5 fa\u00e7ons d&#8217;int\u00e9grer une balan\u00e7oire dans votre maison\",\"datePublished\":\"2023-05-05T08:28:52+00:00\",\"dateModified\":\"2023-11-20T11:20:21+00:00\",\"mainEntityOfPage\":{\"@id\":\"https:\\\/\\\/www.mobilier-design-occasion.fr\\\/magazine\\\/balancons-nous-5-facons-dintegrer-une-balancoire-dans-votre-maison\\\/\"},\"wordCount\":741,\"commentCount\":0,\"publisher\":{\"@id\":\"https:\\\/\\\/www.mobilier-design-occasion.fr\\\/magazine\\\/#organization\"},\"image\":{\"@id\":\"https:\\\/\\\/www.mobilier-design-occasion.fr\\\/magazine\\\/balancons-nous-5-facons-dintegrer-une-balancoire-dans-votre-maison\\\/#primaryimage\"},\"thumbnailUrl\":\"https:\\\/\\\/www.mobilier-design-occasion.fr\\\/magazine\\\/wp-content\\\/uploads\\\/2023\\\/05\\\/unnamed-3.jpg\",\"articleSection\":[\"Tendances\"],\"inLanguage\":\"fr-FR\",\"potentialAction\":[{\"@type\":\"CommentAction\",\"name\":\"Comment\",\"target\":[\"https:\\\/\\\/www.mobilier-design-occasion.fr\\\/magazine\\\/balancons-nous-5-facons-dintegrer-une-balancoire-dans-votre-maison\\\/#respond\"]}]},{\"@type\":\"WebPage\",\"@id\":\"https:\\\/\\\/www.mobilier-design-occasion.fr\\\/magazine\\\/balancons-nous-5-facons-dintegrer-une-balancoire-dans-votre-maison\\\/\",\"url\":\"https:\\\/\\\/www.mobilier-design-occasion.fr\\\/magazine\\\/balancons-nous-5-facons-dintegrer-une-balancoire-dans-votre-maison\\\/\",\"name\":\"Balan\u00e7ons-nous: 5 fa\u00e7ons d'int\u00e9grer une balan\u00e7oire dans votre maison - Mobilier Design Magazine\",\"isPartOf\":{\"@id\":\"https:\\\/\\\/www.mobilier-design-occasion.fr\\\/magazine\\\/#website\"},\"primaryImageOfPage\":{\"@id\":\"https:\\\/\\\/www.mobilier-design-occasion.fr\\\/magazine\\\/balancons-nous-5-facons-dintegrer-une-balancoire-dans-votre-maison\\\/#primaryimage\"},\"image\":{\"@id\":\"https:\\\/\\\/www.mobilier-design-occasion.fr\\\/magazine\\\/balancons-nous-5-facons-dintegrer-une-balancoire-dans-votre-maison\\\/#primaryimage\"},\"thumbnailUrl\":\"https:\\\/\\\/www.mobilier-design-occasion.fr\\\/magazine\\\/wp-content\\\/uploads\\\/2023\\\/05\\\/unnamed-3.jpg\",\"datePublished\":\"2023-05-05T08:28:52+00:00\",\"dateModified\":\"2023-11-20T11:20:21+00:00\",\"breadcrumb\":{\"@id\":\"https:\\\/\\\/www.mobilier-design-occasion.fr\\\/magazine\\\/balancons-nous-5-facons-dintegrer-une-balancoire-dans-votre-maison\\\/#breadcrumb\"},\"inLanguage\":\"fr-FR\",\"potentialAction\":[{\"@type\":\"ReadAction\",\"target\":[\"https:\\\/\\\/www.mobilier-design-occasion.fr\\\/magazine\\\/balancons-nous-5-facons-dintegrer-une-balancoire-dans-votre-maison\\\/\"]}]},{\"@type\":\"ImageObject\",\"inLanguage\":\"fr-FR\",\"@id\":\"https:\\\/\\\/www.mobilier-design-occasion.fr\\\/magazine\\\/balancons-nous-5-facons-dintegrer-une-balancoire-dans-votre-maison\\\/#primaryimage\",\"url\":\"https:\\\/\\\/www.mobilier-design-occasion.fr\\\/magazine\\\/wp-content\\\/uploads\\\/2023\\\/05\\\/unnamed-3.jpg\",\"contentUrl\":\"https:\\\/\\\/www.mobilier-design-occasion.fr\\\/magazine\\\/wp-content\\\/uploads\\\/2023\\\/05\\\/unnamed-3.jpg\",\"width\":341,\"height\":512},{\"@type\":\"BreadcrumbList\",\"@id\":\"https:\\\/\\\/www.mobilier-design-occasion.fr\\\/magazine\\\/balancons-nous-5-facons-dintegrer-une-balancoire-dans-votre-maison\\\/#breadcrumb\",\"itemListElement\":[{\"@type\":\"ListItem\",\"position\":1,\"name\":\"Accueil\",\"item\":\"https:\\\/\\\/www.mobilier-design-occasion.fr\\\/magazine\\\/\"},{\"@type\":\"ListItem\",\"position\":2,\"name\":\"Balan\u00e7ons-nous: 5 fa\u00e7ons d&rsquo;int\u00e9grer une balan\u00e7oire dans votre maison\"}]},{\"@type\":\"WebSite\",\"@id\":\"https:\\\/\\\/www.mobilier-design-occasion.fr\\\/magazine\\\/#website\",\"url\":\"https:\\\/\\\/www.mobilier-design-occasion.fr\\\/magazine\\\/\",\"name\":\"Mobilier Design Magazine\",\"description\":\"\",\"publisher\":{\"@id\":\"https:\\\/\\\/www.mobilier-design-occasion.fr\\\/magazine\\\/#organization\"},\"potentialAction\":[{\"@type\":\"SearchAction\",\"target\":{\"@type\":\"EntryPoint\",\"urlTemplate\":\"https:\\\/\\\/www.mobilier-design-occasion.fr\\\/magazine\\\/?s={search_term_string}\"},\"query-input\":{\"@type\":\"PropertyValueSpecification\",\"valueRequired\":true,\"valueName\":\"search_term_string\"}}],\"inLanguage\":\"fr-FR\"},{\"@type\":\"Organization\",\"@id\":\"https:\\\/\\\/www.mobilier-design-occasion.fr\\\/magazine\\\/#organization\",\"name\":\"Mobilier Design Magazine\",\"url\":\"https:\\\/\\\/www.mobilier-design-occasion.fr\\\/magazine\\\/\",\"logo\":{\"@type\":\"ImageObject\",\"inLanguage\":\"fr-FR\",\"@id\":\"https:\\\/\\\/www.mobilier-design-occasion.fr\\\/magazine\\\/#\\\/schema\\\/logo\\\/image\\\/\",\"url\":\"https:\\\/\\\/www.mobilier-design-occasion.fr\\\/magazine\\\/wp-content\\\/uploads\\\/2024\\\/02\\\/android-chrome-192x192-1.png\",\"contentUrl\":\"https:\\\/\\\/www.mobilier-design-occasion.fr\\\/magazine\\\/wp-content\\\/uploads\\\/2024\\\/02\\\/android-chrome-192x192-1.png\",\"width\":192,\"height\":192,\"caption\":\"Mobilier Design Magazine\"},\"image\":{\"@id\":\"https:\\\/\\\/www.mobilier-design-occasion.fr\\\/magazine\\\/#\\\/schema\\\/logo\\\/image\\\/\"},\"sameAs\":[\"https:\\\/\\\/www.facebook.com\\\/mobilierdesignoccasion\"]},{\"@type\":\"Person\",\"@id\":\"https:\\\/\\\/www.mobilier-design-occasion.fr\\\/magazine\\\/#\\\/schema\\\/person\\\/5b2e5627a714ddadaaf8c9b886c55eff\",\"name\":\"Cyrielle Poirot\",\"image\":{\"@type\":\"ImageObject\",\"inLanguage\":\"fr-FR\",\"@id\":\"https:\\\/\\\/secure.gravatar.com\\\/avatar\\\/c8d2674e093b06894d8d1dc468b626bd752523471f3ac6e75f7c7a1400d40b4d?s=96&d=mm&r=g\",\"url\":\"https:\\\/\\\/secure.gravatar.com\\\/avatar\\\/c8d2674e093b06894d8d1dc468b626bd752523471f3ac6e75f7c7a1400d40b4d?s=96&d=mm&r=g\",\"contentUrl\":\"https:\\\/\\\/secure.gravatar.com\\\/avatar\\\/c8d2674e093b06894d8d1dc468b626bd752523471f3ac6e75f7c7a1400d40b4d?s=96&d=mm&r=g\",\"caption\":\"Cyrielle Poirot\"},\"description\":\"Cyrielle est passionn\u00e9e par la d\u00e9coration d'int\u00e9rieur et s'est sp\u00e9cialis\u00e9e depuis quelques ann\u00e9es dans l'\u00e9dition du site Mobilier-Design, avec une touche sp\u00e9cifique pour les produits d'occasion.\",\"sameAs\":[\"https:\\\/\\\/www.mobilier-design-occasion.fr\\\/magazine\"],\"url\":\"https:\\\/\\\/www.mobilier-design-occasion.fr\\\/magazine\\\/author\\\/cyrielle\\\/\"}]}<\/script>\n<!-- \/ Yoast SEO plugin. -->","yoast_head_json":{"title":"Balan\u00e7ons-nous: 5 fa\u00e7ons d'int\u00e9grer une balan\u00e7oire dans votre maison - Mobilier Design Magazine","robots":{"index":"index","follow":"follow","max-snippet":"max-snippet:-1","max-image-preview":"max-image-preview:large","max-video-preview":"max-video-preview:-1"},"canonical":"https:\/\/www.mobilier-design-occasion.fr\/magazine\/balancons-nous-5-facons-dintegrer-une-balancoire-dans-votre-maison\/","og_locale":"fr_FR","og_type":"article","og_title":"Balan\u00e7ons-nous: 5 fa\u00e7ons d'int\u00e9grer une balan\u00e7oire dans votre maison - Mobilier Design Magazine","og_description":"L&#8217;\u00eatre humain aime instinctivement se balancer &#8211; de notre berceau au pneu suspendu \u00e0 un arbre, la sensation de se balancer en apesanteur est \u00e9trangement r\u00e9confortante. Nous avons tous r\u00eav\u00e9 de nous lover avec un livre et une tasse de th\u00e9 en nous balan\u00e7ant doucement sur une balan\u00e7oire lors d&#8217;un apr\u00e8s-midi de d\u00e9tente. Mais cette [&hellip;]","og_url":"https:\/\/www.mobilier-design-occasion.fr\/magazine\/balancons-nous-5-facons-dintegrer-une-balancoire-dans-votre-maison\/","og_site_name":"Mobilier Design Magazine","article_publisher":"https:\/\/www.facebook.com\/mobilierdesignoccasion","article_published_time":"2023-05-05T08:28:52+00:00","article_modified_time":"2023-11-20T11:20:21+00:00","og_image":[{"width":341,"height":512,"url":"https:\/\/www.mobilier-design-occasion.fr\/magazine\/wp-content\/uploads\/2023\/05\/unnamed-3.jpg","type":"image\/jpeg"}],"author":"Cyrielle Poirot","twitter_card":"summary_large_image","twitter_misc":{"\u00c9crit par":"Cyrielle Poirot","Dur\u00e9e de lecture estim\u00e9e":"3 minutes"},"schema":{"@context":"https:\/\/schema.org","@graph":[{"@type":"Article","@id":"https:\/\/www.mobilier-design-occasion.fr\/magazine\/balancons-nous-5-facons-dintegrer-une-balancoire-dans-votre-maison\/#article","isPartOf":{"@id":"https:\/\/www.mobilier-design-occasion.fr\/magazine\/balancons-nous-5-facons-dintegrer-une-balancoire-dans-votre-maison\/"},"author":{"name":"Cyrielle Poirot","@id":"https:\/\/www.mobilier-design-occasion.fr\/magazine\/#\/schema\/person\/5b2e5627a714ddadaaf8c9b886c55eff"},"headline":"Balan\u00e7ons-nous: 5 fa\u00e7ons d&#8217;int\u00e9grer une balan\u00e7oire dans votre maison","datePublished":"2023-05-05T08:28:52+00:00","dateModified":"2023-11-20T11:20:21+00:00","mainEntityOfPage":{"@id":"https:\/\/www.mobilier-design-occasion.fr\/magazine\/balancons-nous-5-facons-dintegrer-une-balancoire-dans-votre-maison\/"},"wordCount":741,"commentCount":0,"publisher":{"@id":"https:\/\/www.mobilier-design-occasion.fr\/magazine\/#organization"},"image":{"@id":"https:\/\/www.mobilier-design-occasion.fr\/magazine\/balancons-nous-5-facons-dintegrer-une-balancoire-dans-votre-maison\/#primaryimage"},"thumbnailUrl":"https:\/\/www.mobilier-design-occasion.fr\/magazine\/wp-content\/uploads\/2023\/05\/unnamed-3.jpg","articleSection":["Tendances"],"inLanguage":"fr-FR","potentialAction":[{"@type":"CommentAction","name":"Comment","target":["https:\/\/www.mobilier-design-occasion.fr\/magazine\/balancons-nous-5-facons-dintegrer-une-balancoire-dans-votre-maison\/#respond"]}]},{"@type":"WebPage","@id":"https:\/\/www.mobilier-design-occasion.fr\/magazine\/balancons-nous-5-facons-dintegrer-une-balancoire-dans-votre-maison\/","url":"https:\/\/www.mobilier-design-occasion.fr\/magazine\/balancons-nous-5-facons-dintegrer-une-balancoire-dans-votre-maison\/","name":"Balan\u00e7ons-nous: 5 fa\u00e7ons d'int\u00e9grer une balan\u00e7oire dans votre maison - Mobilier Design Magazine","isPartOf":{"@id":"https:\/\/www.mobilier-design-occasion.fr\/magazine\/#website"},"primaryImageOfPage":{"@id":"https:\/\/www.mobilier-design-occasion.fr\/magazine\/balancons-nous-5-facons-dintegrer-une-balancoire-dans-votre-maison\/#primaryimage"},"image":{"@id":"https:\/\/www.mobilier-design-occasion.fr\/magazine\/balancons-nous-5-facons-dintegrer-une-balancoire-dans-votre-maison\/#primaryimage"},"thumbnailUrl":"https:\/\/www.mobilier-design-occasion.fr\/magazine\/wp-content\/uploads\/2023\/05\/unnamed-3.jpg","datePublished":"2023-05-05T08:28:52+00:00","dateModified":"2023-11-20T11:20:21+00:00","breadcrumb":{"@id":"https:\/\/www.mobilier-design-occasion.fr\/magazine\/balancons-nous-5-facons-dintegrer-une-balancoire-dans-votre-maison\/#breadcrumb"},"inLanguage":"fr-FR","potentialAction":[{"@type":"ReadAction","target":["https:\/\/www.mobilier-design-occasion.fr\/magazine\/balancons-nous-5-facons-dintegrer-une-balancoire-dans-votre-maison\/"]}]},{"@type":"ImageObject","inLanguage":"fr-FR","@id":"https:\/\/www.mobilier-design-occasion.fr\/magazine\/balancons-nous-5-facons-dintegrer-une-balancoire-dans-votre-maison\/#primaryimage","url":"https:\/\/www.mobilier-design-occasion.fr\/magazine\/wp-content\/uploads\/2023\/05\/unnamed-3.jpg","contentUrl":"https:\/\/www.mobilier-design-occasion.fr\/magazine\/wp-content\/uploads\/2023\/05\/unnamed-3.jpg","width":341,"height":512},{"@type":"BreadcrumbList","@id":"https:\/\/www.mobilier-design-occasion.fr\/magazine\/balancons-nous-5-facons-dintegrer-une-balancoire-dans-votre-maison\/#breadcrumb","itemListElement":[{"@type":"ListItem","position":1,"name":"Accueil","item":"https:\/\/www.mobilier-design-occasion.fr\/magazine\/"},{"@type":"ListItem","position":2,"name":"Balan\u00e7ons-nous: 5 fa\u00e7ons d&rsquo;int\u00e9grer une balan\u00e7oire dans votre maison"}]},{"@type":"WebSite","@id":"https:\/\/www.mobilier-design-occasion.fr\/magazine\/#website","url":"https:\/\/www.mobilier-design-occasion.fr\/magazine\/","name":"Mobilier Design Magazine","description":"","publisher":{"@id":"https:\/\/www.mobilier-design-occasion.fr\/magazine\/#organization"},"potentialAction":[{"@type":"SearchAction","target":{"@type":"EntryPoint","urlTemplate":"https:\/\/www.mobilier-design-occasion.fr\/magazine\/?s={search_term_string}"},"query-input":{"@type":"PropertyValueSpecification","valueRequired":true,"valueName":"search_term_string"}}],"inLanguage":"fr-FR"},{"@type":"Organization","@id":"https:\/\/www.mobilier-design-occasion.fr\/magazine\/#organization","name":"Mobilier Design Magazine","url":"https:\/\/www.mobilier-design-occasion.fr\/magazine\/","logo":{"@type":"ImageObject","inLanguage":"fr-FR","@id":"https:\/\/www.mobilier-design-occasion.fr\/magazine\/#\/schema\/logo\/image\/","url":"https:\/\/www.mobilier-design-occasion.fr\/magazine\/wp-content\/uploads\/2024\/02\/android-chrome-192x192-1.png","contentUrl":"https:\/\/www.mobilier-design-occasion.fr\/magazine\/wp-content\/uploads\/2024\/02\/android-chrome-192x192-1.png","width":192,"height":192,"caption":"Mobilier Design Magazine"},"image":{"@id":"https:\/\/www.mobilier-design-occasion.fr\/magazine\/#\/schema\/logo\/image\/"},"sameAs":["https:\/\/www.facebook.com\/mobilierdesignoccasion"]},{"@type":"Person","@id":"https:\/\/www.mobilier-design-occasion.fr\/magazine\/#\/schema\/person\/5b2e5627a714ddadaaf8c9b886c55eff","name":"Cyrielle Poirot","image":{"@type":"ImageObject","inLanguage":"fr-FR","@id":"https:\/\/secure.gravatar.com\/avatar\/c8d2674e093b06894d8d1dc468b626bd752523471f3ac6e75f7c7a1400d40b4d?s=96&d=mm&r=g","url":"https:\/\/secure.gravatar.com\/avatar\/c8d2674e093b06894d8d1dc468b626bd752523471f3ac6e75f7c7a1400d40b4d?s=96&d=mm&r=g","contentUrl":"https:\/\/secure.gravatar.com\/avatar\/c8d2674e093b06894d8d1dc468b626bd752523471f3ac6e75f7c7a1400d40b4d?s=96&d=mm&r=g","caption":"Cyrielle Poirot"},"description":"Cyrielle est passionn\u00e9e par la d\u00e9coration d'int\u00e9rieur et s'est sp\u00e9cialis\u00e9e depuis quelques ann\u00e9es dans l'\u00e9dition du site Mobilier-Design, avec une touche sp\u00e9cifique pour les produits d'occasion.","sameAs":["https:\/\/www.mobilier-design-occasion.fr\/magazine"],"url":"https:\/\/www.mobilier-design-occasion.fr\/magazine\/author\/cyrielle\/"}]}},"_links":{"self":[{"href":"https:\/\/www.mobilier-design-occasion.fr\/magazine\/wp-json\/wp\/v2\/posts\/6585","targetHints":{"allow":["GET"]}}],"collection":[{"href":"https:\/\/www.mobilier-design-occasion.fr\/magazine\/wp-json\/wp\/v2\/posts"}],"about":[{"href":"https:\/\/www.mobilier-design-occasion.fr\/magazine\/wp-json\/wp\/v2\/types\/post"}],"author":[{"embeddable":true,"href":"https:\/\/www.mobilier-design-occasion.fr\/magazine\/wp-json\/wp\/v2\/users\/1"}],"replies":[{"embeddable":true,"href":"https:\/\/www.mobilier-design-occasion.fr\/magazine\/wp-json\/wp\/v2\/comments?post=6585"}],"version-history":[{"count":2,"href":"https:\/\/www.mobilier-design-occasion.fr\/magazine\/wp-json\/wp\/v2\/posts\/6585\/revisions"}],"predecessor-version":[{"id":7165,"href":"https:\/\/www.mobilier-design-occasion.fr\/magazine\/wp-json\/wp\/v2\/posts\/6585\/revisions\/7165"}],"wp:featuredmedia":[{"embeddable":true,"href":"https:\/\/www.mobilier-design-occasion.fr\/magazine\/wp-json\/wp\/v2\/media\/6589"}],"wp:attachment":[{"href":"https:\/\/www.mobilier-design-occasion.fr\/magazine\/wp-json\/wp\/v2\/media?parent=6585"}],"wp:term":[{"taxonomy":"category","embeddable":true,"href":"https:\/\/www.mobilier-design-occasion.fr\/magazine\/wp-json\/wp\/v2\/categories?post=6585"},{"taxonomy":"post_tag","embeddable":true,"href":"https:\/\/www.mobilier-design-occasion.fr\/magazine\/wp-json\/wp\/v2\/tags?post=6585"}],"curies":[{"name":"wp","href":"https:\/\/api.w.org\/{rel}","templated":true}]}}