{"id":6573,"date":"2023-04-29T14:08:52","date_gmt":"2023-04-29T14:08:52","guid":{"rendered":"https:\/\/www.mobilier-design-occasion.fr\/magazine\/?p=6573"},"modified":"2023-09-25T13:39:47","modified_gmt":"2023-09-25T13:39:47","slug":"meubles-doccasion-5-astuces-pour-en-integrer-a-votre-decoration-moderne","status":"publish","type":"post","link":"https:\/\/www.mobilier-design-occasion.fr\/magazine\/meubles-doccasion-5-astuces-pour-en-integrer-a-votre-decoration-moderne\/","title":{"rendered":"Meubles d&#8217;occasion : 5 astuces pour en int\u00e9grer \u00e0 votre d\u00e9coration moderne"},"content":{"rendered":"\n<p>Notre environnement peut affecter notre bien-\u00eatre \u00e0 bien des \u00e9gards. Des \u00e9tudes ont r\u00e9v\u00e9l\u00e9 que les couleurs, les textures et la disposition des meubles peuvent influencer notre \u00e9tat d&#8217;esprit et notre comportement. C\u2019est d\u2019ailleurs pour cela que de nombreuses personnes mettent un accent particulier sur la d\u00e9coration de leur int\u00e9rieur.<\/p>\n\n\n\n<p>En la mati\u00e8re, le choix des meubles est un aspect tr\u00e8s important. Elles constituent le maillon central autour duquel s\u2019enchainent tous les autres d\u00e9tails. Cela dit, les meubles sont g\u00e9n\u00e9ralement des pi\u00e8ces qui co\u00fbtent cher. En avoir qui correspondent \u00e0 votre look et dont les prix tiennent dans votre budget peut \u00eatre difficile. &nbsp;Cependant, vous pouvez acqu\u00e9rir des meubles d\u2019occasion et les adapter \u00e0 votre style. Nous vous proposons justement dans le pr\u00e9sent article 5 astuces pour y arriver.<\/p>\n\n\n\n<h2 class=\"wp-block-heading\"><span class=\"ez-toc-section\" id=\"1-Choisir_des_meubles_intemporels_et_des_tableaux_dart_capables_de_sintegrer_a_votre_style\"><\/span>1-Choisir des meubles intemporels et des tableaux d\u2019art capables de s\u2019int\u00e9grer \u00e0 votre style<span class=\"ez-toc-section-end\"><\/span><\/h2><div id=\"ez-toc-container\" class=\"ez-toc-v2_0_82_2 counter-hierarchy ez-toc-counter ez-toc-grey ez-toc-container-direction\">\n<div class=\"ez-toc-title-container\">\n<span class=\"ez-toc-title-toggle\"><a href=\"#\" class=\"ez-toc-pull-right ez-toc-btn ez-toc-btn-xs ez-toc-btn-default ez-toc-toggle\" aria-label=\"Toggle Table of Content\"><span class=\"ez-toc-js-icon-con\"><span class=\"\"><span class=\"eztoc-hide\" style=\"display:none;\">Toggle<\/span><span class=\"ez-toc-icon-toggle-span\"><svg style=\"fill: #999;color:#999\" xmlns=\"http:\/\/www.w3.org\/2000\/svg\" class=\"list-377408\" width=\"20px\" height=\"20px\" viewBox=\"0 0 24 24\" fill=\"none\"><path d=\"M6 6H4v2h2V6zm14 0H8v2h12V6zM4 11h2v2H4v-2zm16 0H8v2h12v-2zM4 16h2v2H4v-2zm16 0H8v2h12v-2z\" fill=\"currentColor\"><\/path><\/svg><svg style=\"fill: #999;color:#999\" class=\"arrow-unsorted-368013\" xmlns=\"http:\/\/www.w3.org\/2000\/svg\" width=\"10px\" height=\"10px\" viewBox=\"0 0 24 24\" version=\"1.2\" baseProfile=\"tiny\"><path d=\"M18.2 9.3l-6.2-6.3-6.2 6.3c-.2.2-.3.4-.3.7s.1.5.3.7c.2.2.4.3.7.3h11c.3 0 .5-.1.7-.3.2-.2.3-.5.3-.7s-.1-.5-.3-.7zM5.8 14.7l6.2 6.3 6.2-6.3c.2-.2.3-.5.3-.7s-.1-.5-.3-.7c-.2-.2-.4-.3-.7-.3h-11c-.3 0-.5.1-.7.3-.2.2-.3.5-.3.7s.1.5.3.7z\"\/><\/svg><\/span><\/span><\/span><\/a><\/span><\/div>\n<nav><ul class='ez-toc-list ez-toc-list-level-1 eztoc-toggle-hide-by-default' ><li class='ez-toc-page-1 ez-toc-heading-level-2'><a class=\"ez-toc-link ez-toc-heading-1\" href=\"https:\/\/www.mobilier-design-occasion.fr\/magazine\/meubles-doccasion-5-astuces-pour-en-integrer-a-votre-decoration-moderne\/#1-Choisir_des_meubles_intemporels_et_des_tableaux_dart_capables_de_sintegrer_a_votre_style\" >1-Choisir des meubles intemporels et des tableaux d\u2019art capables de s\u2019int\u00e9grer \u00e0 votre style<\/a><ul class='ez-toc-list-level-3' ><li class='ez-toc-heading-level-3'><a class=\"ez-toc-link ez-toc-heading-2\" href=\"https:\/\/www.mobilier-design-occasion.fr\/magazine\/meubles-doccasion-5-astuces-pour-en-integrer-a-votre-decoration-moderne\/#Choisir_des_meubles_intemporels_nos_astuces\" >Choisir des meubles intemporels : nos astuces<\/a><\/li><li class='ez-toc-page-1 ez-toc-heading-level-3'><a class=\"ez-toc-link ez-toc-heading-3\" href=\"https:\/\/www.mobilier-design-occasion.fr\/magazine\/meubles-doccasion-5-astuces-pour-en-integrer-a-votre-decoration-moderne\/#Opter_pour_des_tableaux_dart_nos_conseils\" >Opter pour des tableaux d\u2019art : nos conseils<\/a><\/li><\/ul><\/li><li class='ez-toc-page-1 ez-toc-heading-level-2'><a class=\"ez-toc-link ez-toc-heading-4\" href=\"https:\/\/www.mobilier-design-occasion.fr\/magazine\/meubles-doccasion-5-astuces-pour-en-integrer-a-votre-decoration-moderne\/#2-Personnaliser_les_meubles_doccasion_pour_les_adapter_a_votre_style\" >2-Personnaliser les meubles d&#8217;occasion pour les adapter \u00e0 votre style<\/a><\/li><li class='ez-toc-page-1 ez-toc-heading-level-2'><a class=\"ez-toc-link ez-toc-heading-5\" href=\"https:\/\/www.mobilier-design-occasion.fr\/magazine\/meubles-doccasion-5-astuces-pour-en-integrer-a-votre-decoration-moderne\/#3-_Jouer_avec_les_contrastes_et_les_textures_afin_de_mixer_les_styles\" >3- Jouer avec les contrastes et les textures afin de mixer les styles<\/a><\/li><li class='ez-toc-page-1 ez-toc-heading-level-2'><a class=\"ez-toc-link ez-toc-heading-6\" href=\"https:\/\/www.mobilier-design-occasion.fr\/magazine\/meubles-doccasion-5-astuces-pour-en-integrer-a-votre-decoration-moderne\/#4-_Ajouter_des_accessoires_modernes\" >4-&nbsp;&nbsp;&nbsp;&nbsp; Ajouter des accessoires modernes<\/a><\/li><li class='ez-toc-page-1 ez-toc-heading-level-2'><a class=\"ez-toc-link ez-toc-heading-7\" href=\"https:\/\/www.mobilier-design-occasion.fr\/magazine\/meubles-doccasion-5-astuces-pour-en-integrer-a-votre-decoration-moderne\/#5-_Mettre_laccent_sur_la_qualite_et_la_durabilite\" >5-\u00a0\u00a0\u00a0\u00a0 Mettre l&#8217;accent sur la qualit\u00e9 et la durabilit\u00e9<\/a><\/li><\/ul><\/nav><\/div>\n\n\n\n\n<p>G\u00e9n\u00e9ralement, les mod\u00e8les de meubles sur lesquels vous tombez lorsque vous voulez acheter en occasion sont d\u2019une \u00e9poque plus ou moins ant\u00e9rieure. C\u2019est pour cela qu\u2019il faut porter son choix sur&nbsp;<strong>des pi\u00e8ces intemporelles<\/strong>.<\/p>\n\n\n\n<h3 class=\"wp-block-heading\"><span class=\"ez-toc-section\" id=\"Choisir_des_meubles_intemporels_nos_astuces\"><\/span>Choisir des meubles intemporels : nos astuces<span class=\"ez-toc-section-end\"><\/span><\/h3>\n\n\n\n<p>Il existe des pi\u00e8ces qui ne se d\u00e9modent pas. On peut en faire usage, peu importe le contexte d\u00e9coratif. Quand bien m\u00eame elles seront anciennes, elles pourront facilement s\u2019accorder avec un tableau moderne&nbsp;<a href=\"https:\/\/art-cadre.fr\/\">chez art cadre<\/a>. Les meubles en bois massif sont pour la plupart&nbsp;<strong>des pi\u00e8ces qui peuvent traverser plusieurs g\u00e9n\u00e9rations<\/strong>. Malgr\u00e9 leur apparence classique, on peut ais\u00e9ment les int\u00e9grer dans un am\u00e9nagement r\u00e9cent.<\/p>\n\n\n\n<p>Par ailleurs, votre choix doit refl\u00e9ter votre style. On peut d\u00e9cliner la d\u00e9coration contemporaine en plusieurs sous-groupes en fonction des caract\u00e9ristiques de cette derni\u00e8re. Ainsi, qu\u2019elle soit<strong>&nbsp;minimaliste, scandinave, industrielle, glamour ou vintage<\/strong>, privil\u00e9giez des pi\u00e8ces qui rentrent dans la th\u00e9matique. M\u00eame pour les meubles d\u2019occasion, il est possible d\u2019en trouver qui s\u2019harmonise avec le reste des aspects.<\/p>\n\n\n\n<p>Dans le cas o\u00f9 vous choisiriez un am\u00e9nagement simplifi\u00e9, pensez \u00e0 des pi\u00e8ces avec un design \u00e9pur\u00e9 et aux lignes \u00e9l\u00e9mentaires. Mieux, pour parfaire votre d\u00e9coration int\u00e9rieur, pourquoi ne pas opter pour des tableaux d&#8217;art ?<\/p>\n\n\n\n<h3 class=\"wp-block-heading\"><span class=\"ez-toc-section\" id=\"Opter_pour_des_tableaux_dart_nos_conseils\"><\/span>Opter pour des tableaux d\u2019art : nos conseils<span class=\"ez-toc-section-end\"><\/span><\/h3>\n\n\n\n<p>Pour une ambiance harmonieuse, il est important de penser \u00e0 des tableaux qui utilisent des couleurs compl\u00e9mentaires \u00e0 vos meubles. Privil\u00e9giez des tons de bleu, de vert ou de violet pour cr\u00e9er le contraste avec le bois.<\/p>\n\n\n\n<p>Par ailleurs, un tableau abstrait ou contemporain s\u2019accordera tr\u00e8s bien avec un d\u00e9cor plut\u00f4t neutre. En fonction de l\u2019emplacement, vous pouvez opter pour une toile de grande taille. Vous avez \u00e9galement la possibilit\u00e9 de cr\u00e9er un effet de galerie en acqu\u00e9rant quelques-uns de dimension plus petite.<\/p>\n\n\n\n<p>En ce qui concerne la texture du tableau, les meubles vieillis s\u2019harmonisent parfaitement avec des toiles en relief ou avec des coups de pinceau visibles. Pour ceux qui sont amateurs de d\u00e9cors minimalistes, pensez \u00e0 des \u0153uvres avec des lignes de couleur \u00e9pur\u00e9e.<\/p>\n\n\n\n<h2 class=\"wp-block-heading\"><span class=\"ez-toc-section\" id=\"2-Personnaliser_les_meubles_doccasion_pour_les_adapter_a_votre_style\"><\/span>2-Personnaliser les meubles d&#8217;occasion pour les adapter \u00e0 votre style<span class=\"ez-toc-section-end\"><\/span><\/h2>\n\n\n\n<figure class=\"wp-block-image size-large is-resized\"><img loading=\"lazy\" decoding=\"async\" src=\"https:\/\/www.mobilier-design-occasion.fr\/magazine\/wp-content\/uploads\/2023\/04\/7d1173b69186bab04f7d9c7da2b80403-1024x682.jpeg\" alt=\"\" class=\"wp-image-6575\" width=\"629\" height=\"418\" srcset=\"https:\/\/www.mobilier-design-occasion.fr\/magazine\/wp-content\/uploads\/2023\/04\/7d1173b69186bab04f7d9c7da2b80403-1024x682.jpeg 1024w, https:\/\/www.mobilier-design-occasion.fr\/magazine\/wp-content\/uploads\/2023\/04\/7d1173b69186bab04f7d9c7da2b80403-300x200.jpeg 300w, https:\/\/www.mobilier-design-occasion.fr\/magazine\/wp-content\/uploads\/2023\/04\/7d1173b69186bab04f7d9c7da2b80403-768x512.jpeg 768w, https:\/\/www.mobilier-design-occasion.fr\/magazine\/wp-content\/uploads\/2023\/04\/7d1173b69186bab04f7d9c7da2b80403-810x540.jpeg 810w, https:\/\/www.mobilier-design-occasion.fr\/magazine\/wp-content\/uploads\/2023\/04\/7d1173b69186bab04f7d9c7da2b80403-1140x760.jpeg 1140w, https:\/\/www.mobilier-design-occasion.fr\/magazine\/wp-content\/uploads\/2023\/04\/7d1173b69186bab04f7d9c7da2b80403.jpeg 1280w\" sizes=\"auto, (max-width: 629px) 100vw, 629px\" \/><\/figure>\n\n\n\n<p>Ce qui peut \u00eatre bien avec des meubles de seconde main, c\u2019est&nbsp;<strong>cette possibilit\u00e9 que vous avez de les fa\u00e7onner \u00e0 votre mani\u00e8re<\/strong>. C\u2019est un peu comme si vous disposez d\u2019une toile blanche sur laquelle vous pouvez transcrire vos id\u00e9es artistiques. En effet, il existe plusieurs techniques pour redonner un second souffle \u00e0 ces pi\u00e8ces de sorte \u00e0 les rendre harmonieux avec l\u2019am\u00e9nagement moderne.<\/p>\n\n\n\n<p>La premi\u00e8re m\u00e9thode consiste \u00e0 repeindre vos meubles d\u2019occasion. Leur appliquer une autre couleur peut les transformer en des pi\u00e8ces r\u00e9centes et \u00e9l\u00e9gantes. Optez pour&nbsp;<strong>des teintures vives avec des finitions lustr\u00e9es<\/strong>&nbsp;pour pr\u00eater un aspect tr\u00e8s contemporain aux pi\u00e8ces d\u2019une \u00e9poque pass\u00e9e. La petite astuce pour ceux qui sont en bois massif est de choisir des couleurs claires pour cr\u00e9er un look plus a\u00e9r\u00e9 et plus spacieux.<\/p>\n\n\n\n<p>Une deuxi\u00e8me m\u00e9thode pour personnaliser les meubles d\u2019occasion est de changer les rev\u00eatements en tissus pour les faire correspondre au reste de la d\u00e9coration. Il y a bon nombre d&#8217;\u00e9toffes \u00e9l\u00e9gantes qui peuvent donner une apparence moderne \u00e0 vos pi\u00e8ces. Vous pouvez opter pour le velours, le lin, le similicuir, le jacquard et bien d\u2019autres encore. Toutefois,&nbsp;<strong>il est pr\u00e9f\u00e9rable de choisir des tissus avec des couleurs simples et des motifs subtils.<\/strong><\/p>\n\n\n\n<p>Une troisi\u00e8me fa\u00e7on de customiser votre mobilier d\u2019occasion est d\u2019ajouter des poign\u00e9es modernes pour actualiser les pi\u00e8ces. En somme, les m\u00e9thodes de personnalisation sont infinies.<\/p>\n\n\n\n<h2 class=\"wp-block-heading\"><span class=\"ez-toc-section\" id=\"3-_Jouer_avec_les_contrastes_et_les_textures_afin_de_mixer_les_styles\"><\/span>3- Jouer avec les contrastes et les textures afin de mixer les styles<span class=\"ez-toc-section-end\"><\/span><\/h2>\n\n\n\n<p>Une autre astuce que vous pouvez&nbsp;<strong>utiliser afin d\u2019harmoniser votre mobilier d\u2019occasion<\/strong>&nbsp;et votre d\u00e9coration contemporaine est le m\u00e9lange de styles. Pour le faire, il vous suffit de leur associer des pi\u00e8ces modernes. Ceci permet de cr\u00e9er une ambiance chaleureuse et plus gaie dans votre environnement.<\/p>\n\n\n\n<p>Par exemple, vous pouvez d\u00e9cider&nbsp;<strong>d\u2019installer autour d\u2019une table vintage des chaises r\u00e9centes<\/strong>. Une autre illustration est de combiner un canap\u00e9 minimaliste contemporain avec une <a href=\"https:\/\/www.mobilier-design-occasion.fr\/magazine\/comment-acheter-une-table-basse-pas-chere-sans-compromettre-la-qualite-7-etapes\/\">table basse<\/a> d\u2019occasion en bois brut. Cette association aide \u00e0 mettre en place un contraste avec un r\u00e9sultat original et unique.&nbsp;<\/p>\n\n\n\n<p>En outre, dans ce mixage, il est important de&nbsp;<strong>respecter un certain \u00e9quilibre entre les meubles modernes et ceux anciens<\/strong>. Avec le juste dosage, vous cr\u00e9ez un m\u00e9lange tr\u00e8s harmonieux. De plus, cette astuce ajoute une profondeur et de l\u2019int\u00e9r\u00eat visuel \u00e0 votre d\u00e9coration.<\/p>\n\n\n\n<h2 class=\"wp-block-heading\"><span class=\"ez-toc-section\" id=\"4-_Ajouter_des_accessoires_modernes\"><\/span>4-&nbsp;&nbsp;&nbsp;&nbsp; Ajouter des accessoires modernes<span class=\"ez-toc-section-end\"><\/span><\/h2>\n\n\n\n<p>Une mani\u00e8re pour vous d\u2019int\u00e9grer vos meubles d\u2019occasion \u00e0 votre d\u00e9coration contemporaine est de les<strong>&nbsp;compl\u00e9ter avec des garnitures r\u00e9centes<\/strong>. C\u2019est \u00e9galement une autre fa\u00e7on de cr\u00e9er un certain contraste et d\u2019\u00e9veiller l\u2019attention de vos visiteurs sur le rendu unique. Il suffit de faire preuve d&#8217;esprit inventif et d&#8217;oser les m\u00e9langes audacieux.<\/p>\n\n\n\n<p>Les lampes sont des accessoires avec un design tr\u00e8s moderne que vous pouvez utiliser pour accentuer votre d\u00e9coration contemporaine.&nbsp; En les posant sur une table ancienne par exemple,<strong>&nbsp;vous cr\u00e9ez un look tendance<\/strong>. Vous pouvez aussi parier sur des coussins graphiques, des tapis et des garnitures en m\u00e9tal comme les vases, les miroirs et les bougeoirs.&nbsp;<\/p>\n\n\n\n<p>Aussi, les finitions en m\u00e9tal bross\u00e9, en acier inoxydable ou en laiton sont id\u00e9ales pour<strong>&nbsp;mettre en place un contraste int\u00e9ressant dans votre pi\u00e8ce<\/strong>. Par ailleurs, les tableaux abstraits sont \u00e9galement des accessoires de d\u00e9coration modernes qui peuvent parfaitement s\u2019harmoniser avec des meubles d\u2019occasion. Privil\u00e9giez ceux avec des couleurs vives et des formes g\u00e9om\u00e9triques.<\/p>\n\n\n\n<h2 class=\"wp-block-heading\"><span class=\"ez-toc-section\" id=\"5-_Mettre_laccent_sur_la_qualite_et_la_durabilite\"><\/span>5-\u00a0\u00a0\u00a0\u00a0 Mettre l&#8217;accent sur la qualit\u00e9 et la durabilit\u00e9<span class=\"ez-toc-section-end\"><\/span><\/h2>\n\n\n\n<figure class=\"wp-block-image size-large\"><img loading=\"lazy\" decoding=\"async\" width=\"1024\" height=\"576\" src=\"https:\/\/www.mobilier-design-occasion.fr\/magazine\/wp-content\/uploads\/2023\/04\/59ff87085c5224cf3404dac32ccc9592-1024x576.jpeg\" alt=\"\" class=\"wp-image-6577\" srcset=\"https:\/\/www.mobilier-design-occasion.fr\/magazine\/wp-content\/uploads\/2023\/04\/59ff87085c5224cf3404dac32ccc9592-1024x576.jpeg 1024w, https:\/\/www.mobilier-design-occasion.fr\/magazine\/wp-content\/uploads\/2023\/04\/59ff87085c5224cf3404dac32ccc9592-300x169.jpeg 300w, https:\/\/www.mobilier-design-occasion.fr\/magazine\/wp-content\/uploads\/2023\/04\/59ff87085c5224cf3404dac32ccc9592-768x432.jpeg 768w, https:\/\/www.mobilier-design-occasion.fr\/magazine\/wp-content\/uploads\/2023\/04\/59ff87085c5224cf3404dac32ccc9592-810x456.jpeg 810w, https:\/\/www.mobilier-design-occasion.fr\/magazine\/wp-content\/uploads\/2023\/04\/59ff87085c5224cf3404dac32ccc9592-1140x641.jpeg 1140w, https:\/\/www.mobilier-design-occasion.fr\/magazine\/wp-content\/uploads\/2023\/04\/59ff87085c5224cf3404dac32ccc9592.jpeg 1280w\" sizes=\"auto, (max-width: 1024px) 100vw, 1024px\" \/><\/figure>\n\n\n\n<p>On peut se demander en quoi une telle astuce peut \u00eatre b\u00e9n\u00e9fique pour harmoniser le style vintage et celui contemporain. En effet, la qualit\u00e9 des meubles d\u2019occasion que vous avez choisis conditionne&nbsp;<strong>leur long\u00e9vit\u00e9 ainsi que leur solidit\u00e9.<\/strong>&nbsp;Il ne faudrait pas que dans votre d\u00e9cor moderne parfait, on constate un mobilier abim\u00e9 et en de mauvais \u00e9tats.<\/p>\n\n\n\n<p>Les pi\u00e8ces anciennes sont caract\u00e9ris\u00e9es par&nbsp;<strong>une histoire et une personnalit\u00e9 uniques<\/strong>. Cet \u00e9tat de choses permet d\u2019apporter de la profondeur et de l\u2019int\u00e9r\u00eat visuel \u00e0 votre d\u00e9coration. Ainsi, il est important de se rassurer que&nbsp;<strong>ces diff\u00e9rents mobiliers pourront s\u2019int\u00e9grer sur la dur\u00e9e \u00e0 vos am\u00e9nagements contemporains.<\/strong><\/p>\n\n\n\n<p>D\u00e8s que l\u2019usure des meubles va commencer par se remarquer, cela peut d\u00e9t\u00e9riorer l\u2019image moderne que vous voulez renvoyer \u00e0 vos visiteurs. De plus, acheter des pi\u00e8ces d&#8217;occasion de qualit\u00e9 et durables est \u00e9galement \u00e9cologique et \u00e9conomique. N\u2019h\u00e9sitez donc pas \u00e0 explorer le monde des mobiliers vintage pour trouver des meubles uniques et solides pour votre maison contemporaine.<\/p>\n","protected":false},"excerpt":{"rendered":"<p>Notre environnement peut affecter notre bien-\u00eatre \u00e0 bien des \u00e9gards. Des \u00e9tudes ont r\u00e9v\u00e9l\u00e9 que les couleurs, les textures et la disposition des meubles peuvent influencer notre \u00e9tat d&#8217;esprit et notre comportement. C\u2019est d\u2019ailleurs pour cela que de nombreuses personnes mettent un accent particulier sur la d\u00e9coration de leur int\u00e9rieur. En la mati\u00e8re, le choix [&hellip;]<\/p>\n","protected":false},"author":1,"featured_media":6574,"comment_status":"open","ping_status":"open","sticky":false,"template":"","format":"standard","meta":{"footnotes":""},"categories":[2],"tags":[],"class_list":["post-6573","post","type-post","status-publish","format-standard","has-post-thumbnail","hentry","category-tendances"],"yoast_head":"<!-- This site is optimized with the Yoast SEO plugin v27.5 - https:\/\/yoast.com\/product\/yoast-seo-wordpress\/ -->\n<title>Meubles d&#039;occasion : 5 astuces pour en int\u00e9grer \u00e0 votre d\u00e9coration moderne - Mobilier Design Magazine<\/title>\n<meta name=\"robots\" content=\"index, follow, max-snippet:-1, max-image-preview:large, max-video-preview:-1\" \/>\n<link rel=\"canonical\" href=\"https:\/\/www.mobilier-design-occasion.fr\/magazine\/meubles-doccasion-5-astuces-pour-en-integrer-a-votre-decoration-moderne\/\" \/>\n<meta property=\"og:locale\" content=\"fr_FR\" \/>\n<meta property=\"og:type\" content=\"article\" \/>\n<meta property=\"og:title\" content=\"Meubles d&#039;occasion : 5 astuces pour en int\u00e9grer \u00e0 votre d\u00e9coration moderne - Mobilier Design Magazine\" \/>\n<meta property=\"og:description\" content=\"Notre environnement peut affecter notre bien-\u00eatre \u00e0 bien des \u00e9gards. Des \u00e9tudes ont r\u00e9v\u00e9l\u00e9 que les couleurs, les textures et la disposition des meubles peuvent influencer notre \u00e9tat d&#8217;esprit et notre comportement. C\u2019est d\u2019ailleurs pour cela que de nombreuses personnes mettent un accent particulier sur la d\u00e9coration de leur int\u00e9rieur. En la mati\u00e8re, le choix [&hellip;]\" \/>\n<meta property=\"og:url\" content=\"https:\/\/www.mobilier-design-occasion.fr\/magazine\/meubles-doccasion-5-astuces-pour-en-integrer-a-votre-decoration-moderne\/\" \/>\n<meta property=\"og:site_name\" content=\"Mobilier Design Magazine\" \/>\n<meta property=\"article:publisher\" content=\"https:\/\/www.facebook.com\/mobilierdesignoccasion\" \/>\n<meta property=\"article:published_time\" content=\"2023-04-29T14:08:52+00:00\" \/>\n<meta property=\"article:modified_time\" content=\"2023-09-25T13:39:47+00:00\" \/>\n<meta property=\"og:image\" content=\"https:\/\/www.mobilier-design-occasion.fr\/magazine\/wp-content\/uploads\/2023\/04\/bb86487e118b5ea2e42aa57d71b6d320.jpeg\" \/>\n\t<meta property=\"og:image:width\" content=\"847\" \/>\n\t<meta property=\"og:image:height\" content=\"565\" \/>\n\t<meta property=\"og:image:type\" content=\"image\/jpeg\" \/>\n<meta name=\"author\" content=\"Cyrielle Poirot\" \/>\n<meta name=\"twitter:card\" content=\"summary_large_image\" \/>\n<meta name=\"twitter:label1\" content=\"\u00c9crit par\" \/>\n\t<meta name=\"twitter:data1\" content=\"Cyrielle Poirot\" \/>\n\t<meta name=\"twitter:label2\" content=\"Dur\u00e9e de lecture estim\u00e9e\" \/>\n\t<meta name=\"twitter:data2\" content=\"7 minutes\" \/>\n<script type=\"application\/ld+json\" class=\"yoast-schema-graph\">{\"@context\":\"https:\\\/\\\/schema.org\",\"@graph\":[{\"@type\":\"Article\",\"@id\":\"https:\\\/\\\/www.mobilier-design-occasion.fr\\\/magazine\\\/meubles-doccasion-5-astuces-pour-en-integrer-a-votre-decoration-moderne\\\/#article\",\"isPartOf\":{\"@id\":\"https:\\\/\\\/www.mobilier-design-occasion.fr\\\/magazine\\\/meubles-doccasion-5-astuces-pour-en-integrer-a-votre-decoration-moderne\\\/\"},\"author\":{\"name\":\"Cyrielle Poirot\",\"@id\":\"https:\\\/\\\/www.mobilier-design-occasion.fr\\\/magazine\\\/#\\\/schema\\\/person\\\/5b2e5627a714ddadaaf8c9b886c55eff\"},\"headline\":\"Meubles d&#8217;occasion : 5 astuces pour en int\u00e9grer \u00e0 votre d\u00e9coration moderne\",\"datePublished\":\"2023-04-29T14:08:52+00:00\",\"dateModified\":\"2023-09-25T13:39:47+00:00\",\"mainEntityOfPage\":{\"@id\":\"https:\\\/\\\/www.mobilier-design-occasion.fr\\\/magazine\\\/meubles-doccasion-5-astuces-pour-en-integrer-a-votre-decoration-moderne\\\/\"},\"wordCount\":1412,\"commentCount\":0,\"publisher\":{\"@id\":\"https:\\\/\\\/www.mobilier-design-occasion.fr\\\/magazine\\\/#organization\"},\"image\":{\"@id\":\"https:\\\/\\\/www.mobilier-design-occasion.fr\\\/magazine\\\/meubles-doccasion-5-astuces-pour-en-integrer-a-votre-decoration-moderne\\\/#primaryimage\"},\"thumbnailUrl\":\"https:\\\/\\\/www.mobilier-design-occasion.fr\\\/magazine\\\/wp-content\\\/uploads\\\/2023\\\/04\\\/bb86487e118b5ea2e42aa57d71b6d320.jpeg\",\"articleSection\":[\"Tendances\"],\"inLanguage\":\"fr-FR\",\"potentialAction\":[{\"@type\":\"CommentAction\",\"name\":\"Comment\",\"target\":[\"https:\\\/\\\/www.mobilier-design-occasion.fr\\\/magazine\\\/meubles-doccasion-5-astuces-pour-en-integrer-a-votre-decoration-moderne\\\/#respond\"]}]},{\"@type\":\"WebPage\",\"@id\":\"https:\\\/\\\/www.mobilier-design-occasion.fr\\\/magazine\\\/meubles-doccasion-5-astuces-pour-en-integrer-a-votre-decoration-moderne\\\/\",\"url\":\"https:\\\/\\\/www.mobilier-design-occasion.fr\\\/magazine\\\/meubles-doccasion-5-astuces-pour-en-integrer-a-votre-decoration-moderne\\\/\",\"name\":\"Meubles d'occasion : 5 astuces pour en int\u00e9grer \u00e0 votre d\u00e9coration moderne - Mobilier Design Magazine\",\"isPartOf\":{\"@id\":\"https:\\\/\\\/www.mobilier-design-occasion.fr\\\/magazine\\\/#website\"},\"primaryImageOfPage\":{\"@id\":\"https:\\\/\\\/www.mobilier-design-occasion.fr\\\/magazine\\\/meubles-doccasion-5-astuces-pour-en-integrer-a-votre-decoration-moderne\\\/#primaryimage\"},\"image\":{\"@id\":\"https:\\\/\\\/www.mobilier-design-occasion.fr\\\/magazine\\\/meubles-doccasion-5-astuces-pour-en-integrer-a-votre-decoration-moderne\\\/#primaryimage\"},\"thumbnailUrl\":\"https:\\\/\\\/www.mobilier-design-occasion.fr\\\/magazine\\\/wp-content\\\/uploads\\\/2023\\\/04\\\/bb86487e118b5ea2e42aa57d71b6d320.jpeg\",\"datePublished\":\"2023-04-29T14:08:52+00:00\",\"dateModified\":\"2023-09-25T13:39:47+00:00\",\"breadcrumb\":{\"@id\":\"https:\\\/\\\/www.mobilier-design-occasion.fr\\\/magazine\\\/meubles-doccasion-5-astuces-pour-en-integrer-a-votre-decoration-moderne\\\/#breadcrumb\"},\"inLanguage\":\"fr-FR\",\"potentialAction\":[{\"@type\":\"ReadAction\",\"target\":[\"https:\\\/\\\/www.mobilier-design-occasion.fr\\\/magazine\\\/meubles-doccasion-5-astuces-pour-en-integrer-a-votre-decoration-moderne\\\/\"]}]},{\"@type\":\"ImageObject\",\"inLanguage\":\"fr-FR\",\"@id\":\"https:\\\/\\\/www.mobilier-design-occasion.fr\\\/magazine\\\/meubles-doccasion-5-astuces-pour-en-integrer-a-votre-decoration-moderne\\\/#primaryimage\",\"url\":\"https:\\\/\\\/www.mobilier-design-occasion.fr\\\/magazine\\\/wp-content\\\/uploads\\\/2023\\\/04\\\/bb86487e118b5ea2e42aa57d71b6d320.jpeg\",\"contentUrl\":\"https:\\\/\\\/www.mobilier-design-occasion.fr\\\/magazine\\\/wp-content\\\/uploads\\\/2023\\\/04\\\/bb86487e118b5ea2e42aa57d71b6d320.jpeg\",\"width\":847,\"height\":565,\"caption\":\"Furnished living Room in Luxury Home\"},{\"@type\":\"BreadcrumbList\",\"@id\":\"https:\\\/\\\/www.mobilier-design-occasion.fr\\\/magazine\\\/meubles-doccasion-5-astuces-pour-en-integrer-a-votre-decoration-moderne\\\/#breadcrumb\",\"itemListElement\":[{\"@type\":\"ListItem\",\"position\":1,\"name\":\"Accueil\",\"item\":\"https:\\\/\\\/www.mobilier-design-occasion.fr\\\/magazine\\\/\"},{\"@type\":\"ListItem\",\"position\":2,\"name\":\"Meubles d&rsquo;occasion : 5 astuces pour en int\u00e9grer \u00e0 votre d\u00e9coration moderne\"}]},{\"@type\":\"WebSite\",\"@id\":\"https:\\\/\\\/www.mobilier-design-occasion.fr\\\/magazine\\\/#website\",\"url\":\"https:\\\/\\\/www.mobilier-design-occasion.fr\\\/magazine\\\/\",\"name\":\"Mobilier Design Magazine\",\"description\":\"\",\"publisher\":{\"@id\":\"https:\\\/\\\/www.mobilier-design-occasion.fr\\\/magazine\\\/#organization\"},\"potentialAction\":[{\"@type\":\"SearchAction\",\"target\":{\"@type\":\"EntryPoint\",\"urlTemplate\":\"https:\\\/\\\/www.mobilier-design-occasion.fr\\\/magazine\\\/?s={search_term_string}\"},\"query-input\":{\"@type\":\"PropertyValueSpecification\",\"valueRequired\":true,\"valueName\":\"search_term_string\"}}],\"inLanguage\":\"fr-FR\"},{\"@type\":\"Organization\",\"@id\":\"https:\\\/\\\/www.mobilier-design-occasion.fr\\\/magazine\\\/#organization\",\"name\":\"Mobilier Design Magazine\",\"url\":\"https:\\\/\\\/www.mobilier-design-occasion.fr\\\/magazine\\\/\",\"logo\":{\"@type\":\"ImageObject\",\"inLanguage\":\"fr-FR\",\"@id\":\"https:\\\/\\\/www.mobilier-design-occasion.fr\\\/magazine\\\/#\\\/schema\\\/logo\\\/image\\\/\",\"url\":\"https:\\\/\\\/www.mobilier-design-occasion.fr\\\/magazine\\\/wp-content\\\/uploads\\\/2024\\\/02\\\/android-chrome-192x192-1.png\",\"contentUrl\":\"https:\\\/\\\/www.mobilier-design-occasion.fr\\\/magazine\\\/wp-content\\\/uploads\\\/2024\\\/02\\\/android-chrome-192x192-1.png\",\"width\":192,\"height\":192,\"caption\":\"Mobilier Design Magazine\"},\"image\":{\"@id\":\"https:\\\/\\\/www.mobilier-design-occasion.fr\\\/magazine\\\/#\\\/schema\\\/logo\\\/image\\\/\"},\"sameAs\":[\"https:\\\/\\\/www.facebook.com\\\/mobilierdesignoccasion\"]},{\"@type\":\"Person\",\"@id\":\"https:\\\/\\\/www.mobilier-design-occasion.fr\\\/magazine\\\/#\\\/schema\\\/person\\\/5b2e5627a714ddadaaf8c9b886c55eff\",\"name\":\"Cyrielle Poirot\",\"image\":{\"@type\":\"ImageObject\",\"inLanguage\":\"fr-FR\",\"@id\":\"https:\\\/\\\/secure.gravatar.com\\\/avatar\\\/c8d2674e093b06894d8d1dc468b626bd752523471f3ac6e75f7c7a1400d40b4d?s=96&d=mm&r=g\",\"url\":\"https:\\\/\\\/secure.gravatar.com\\\/avatar\\\/c8d2674e093b06894d8d1dc468b626bd752523471f3ac6e75f7c7a1400d40b4d?s=96&d=mm&r=g\",\"contentUrl\":\"https:\\\/\\\/secure.gravatar.com\\\/avatar\\\/c8d2674e093b06894d8d1dc468b626bd752523471f3ac6e75f7c7a1400d40b4d?s=96&d=mm&r=g\",\"caption\":\"Cyrielle Poirot\"},\"description\":\"Cyrielle est passionn\u00e9e par la d\u00e9coration d'int\u00e9rieur et s'est sp\u00e9cialis\u00e9e depuis quelques ann\u00e9es dans l'\u00e9dition du site Mobilier-Design, avec une touche sp\u00e9cifique pour les produits d'occasion.\",\"sameAs\":[\"https:\\\/\\\/www.mobilier-design-occasion.fr\\\/magazine\"],\"url\":\"https:\\\/\\\/www.mobilier-design-occasion.fr\\\/magazine\\\/author\\\/cyrielle\\\/\"}]}<\/script>\n<!-- \/ Yoast SEO plugin. -->","yoast_head_json":{"title":"Meubles d'occasion : 5 astuces pour en int\u00e9grer \u00e0 votre d\u00e9coration moderne - Mobilier Design Magazine","robots":{"index":"index","follow":"follow","max-snippet":"max-snippet:-1","max-image-preview":"max-image-preview:large","max-video-preview":"max-video-preview:-1"},"canonical":"https:\/\/www.mobilier-design-occasion.fr\/magazine\/meubles-doccasion-5-astuces-pour-en-integrer-a-votre-decoration-moderne\/","og_locale":"fr_FR","og_type":"article","og_title":"Meubles d'occasion : 5 astuces pour en int\u00e9grer \u00e0 votre d\u00e9coration moderne - Mobilier Design Magazine","og_description":"Notre environnement peut affecter notre bien-\u00eatre \u00e0 bien des \u00e9gards. Des \u00e9tudes ont r\u00e9v\u00e9l\u00e9 que les couleurs, les textures et la disposition des meubles peuvent influencer notre \u00e9tat d&#8217;esprit et notre comportement. C\u2019est d\u2019ailleurs pour cela que de nombreuses personnes mettent un accent particulier sur la d\u00e9coration de leur int\u00e9rieur. En la mati\u00e8re, le choix [&hellip;]","og_url":"https:\/\/www.mobilier-design-occasion.fr\/magazine\/meubles-doccasion-5-astuces-pour-en-integrer-a-votre-decoration-moderne\/","og_site_name":"Mobilier Design Magazine","article_publisher":"https:\/\/www.facebook.com\/mobilierdesignoccasion","article_published_time":"2023-04-29T14:08:52+00:00","article_modified_time":"2023-09-25T13:39:47+00:00","og_image":[{"width":847,"height":565,"url":"https:\/\/www.mobilier-design-occasion.fr\/magazine\/wp-content\/uploads\/2023\/04\/bb86487e118b5ea2e42aa57d71b6d320.jpeg","type":"image\/jpeg"}],"author":"Cyrielle Poirot","twitter_card":"summary_large_image","twitter_misc":{"\u00c9crit par":"Cyrielle Poirot","Dur\u00e9e de lecture estim\u00e9e":"7 minutes"},"schema":{"@context":"https:\/\/schema.org","@graph":[{"@type":"Article","@id":"https:\/\/www.mobilier-design-occasion.fr\/magazine\/meubles-doccasion-5-astuces-pour-en-integrer-a-votre-decoration-moderne\/#article","isPartOf":{"@id":"https:\/\/www.mobilier-design-occasion.fr\/magazine\/meubles-doccasion-5-astuces-pour-en-integrer-a-votre-decoration-moderne\/"},"author":{"name":"Cyrielle Poirot","@id":"https:\/\/www.mobilier-design-occasion.fr\/magazine\/#\/schema\/person\/5b2e5627a714ddadaaf8c9b886c55eff"},"headline":"Meubles d&#8217;occasion : 5 astuces pour en int\u00e9grer \u00e0 votre d\u00e9coration moderne","datePublished":"2023-04-29T14:08:52+00:00","dateModified":"2023-09-25T13:39:47+00:00","mainEntityOfPage":{"@id":"https:\/\/www.mobilier-design-occasion.fr\/magazine\/meubles-doccasion-5-astuces-pour-en-integrer-a-votre-decoration-moderne\/"},"wordCount":1412,"commentCount":0,"publisher":{"@id":"https:\/\/www.mobilier-design-occasion.fr\/magazine\/#organization"},"image":{"@id":"https:\/\/www.mobilier-design-occasion.fr\/magazine\/meubles-doccasion-5-astuces-pour-en-integrer-a-votre-decoration-moderne\/#primaryimage"},"thumbnailUrl":"https:\/\/www.mobilier-design-occasion.fr\/magazine\/wp-content\/uploads\/2023\/04\/bb86487e118b5ea2e42aa57d71b6d320.jpeg","articleSection":["Tendances"],"inLanguage":"fr-FR","potentialAction":[{"@type":"CommentAction","name":"Comment","target":["https:\/\/www.mobilier-design-occasion.fr\/magazine\/meubles-doccasion-5-astuces-pour-en-integrer-a-votre-decoration-moderne\/#respond"]}]},{"@type":"WebPage","@id":"https:\/\/www.mobilier-design-occasion.fr\/magazine\/meubles-doccasion-5-astuces-pour-en-integrer-a-votre-decoration-moderne\/","url":"https:\/\/www.mobilier-design-occasion.fr\/magazine\/meubles-doccasion-5-astuces-pour-en-integrer-a-votre-decoration-moderne\/","name":"Meubles d'occasion : 5 astuces pour en int\u00e9grer \u00e0 votre d\u00e9coration moderne - Mobilier Design Magazine","isPartOf":{"@id":"https:\/\/www.mobilier-design-occasion.fr\/magazine\/#website"},"primaryImageOfPage":{"@id":"https:\/\/www.mobilier-design-occasion.fr\/magazine\/meubles-doccasion-5-astuces-pour-en-integrer-a-votre-decoration-moderne\/#primaryimage"},"image":{"@id":"https:\/\/www.mobilier-design-occasion.fr\/magazine\/meubles-doccasion-5-astuces-pour-en-integrer-a-votre-decoration-moderne\/#primaryimage"},"thumbnailUrl":"https:\/\/www.mobilier-design-occasion.fr\/magazine\/wp-content\/uploads\/2023\/04\/bb86487e118b5ea2e42aa57d71b6d320.jpeg","datePublished":"2023-04-29T14:08:52+00:00","dateModified":"2023-09-25T13:39:47+00:00","breadcrumb":{"@id":"https:\/\/www.mobilier-design-occasion.fr\/magazine\/meubles-doccasion-5-astuces-pour-en-integrer-a-votre-decoration-moderne\/#breadcrumb"},"inLanguage":"fr-FR","potentialAction":[{"@type":"ReadAction","target":["https:\/\/www.mobilier-design-occasion.fr\/magazine\/meubles-doccasion-5-astuces-pour-en-integrer-a-votre-decoration-moderne\/"]}]},{"@type":"ImageObject","inLanguage":"fr-FR","@id":"https:\/\/www.mobilier-design-occasion.fr\/magazine\/meubles-doccasion-5-astuces-pour-en-integrer-a-votre-decoration-moderne\/#primaryimage","url":"https:\/\/www.mobilier-design-occasion.fr\/magazine\/wp-content\/uploads\/2023\/04\/bb86487e118b5ea2e42aa57d71b6d320.jpeg","contentUrl":"https:\/\/www.mobilier-design-occasion.fr\/magazine\/wp-content\/uploads\/2023\/04\/bb86487e118b5ea2e42aa57d71b6d320.jpeg","width":847,"height":565,"caption":"Furnished living Room in Luxury Home"},{"@type":"BreadcrumbList","@id":"https:\/\/www.mobilier-design-occasion.fr\/magazine\/meubles-doccasion-5-astuces-pour-en-integrer-a-votre-decoration-moderne\/#breadcrumb","itemListElement":[{"@type":"ListItem","position":1,"name":"Accueil","item":"https:\/\/www.mobilier-design-occasion.fr\/magazine\/"},{"@type":"ListItem","position":2,"name":"Meubles d&rsquo;occasion : 5 astuces pour en int\u00e9grer \u00e0 votre d\u00e9coration moderne"}]},{"@type":"WebSite","@id":"https:\/\/www.mobilier-design-occasion.fr\/magazine\/#website","url":"https:\/\/www.mobilier-design-occasion.fr\/magazine\/","name":"Mobilier Design Magazine","description":"","publisher":{"@id":"https:\/\/www.mobilier-design-occasion.fr\/magazine\/#organization"},"potentialAction":[{"@type":"SearchAction","target":{"@type":"EntryPoint","urlTemplate":"https:\/\/www.mobilier-design-occasion.fr\/magazine\/?s={search_term_string}"},"query-input":{"@type":"PropertyValueSpecification","valueRequired":true,"valueName":"search_term_string"}}],"inLanguage":"fr-FR"},{"@type":"Organization","@id":"https:\/\/www.mobilier-design-occasion.fr\/magazine\/#organization","name":"Mobilier Design Magazine","url":"https:\/\/www.mobilier-design-occasion.fr\/magazine\/","logo":{"@type":"ImageObject","inLanguage":"fr-FR","@id":"https:\/\/www.mobilier-design-occasion.fr\/magazine\/#\/schema\/logo\/image\/","url":"https:\/\/www.mobilier-design-occasion.fr\/magazine\/wp-content\/uploads\/2024\/02\/android-chrome-192x192-1.png","contentUrl":"https:\/\/www.mobilier-design-occasion.fr\/magazine\/wp-content\/uploads\/2024\/02\/android-chrome-192x192-1.png","width":192,"height":192,"caption":"Mobilier Design Magazine"},"image":{"@id":"https:\/\/www.mobilier-design-occasion.fr\/magazine\/#\/schema\/logo\/image\/"},"sameAs":["https:\/\/www.facebook.com\/mobilierdesignoccasion"]},{"@type":"Person","@id":"https:\/\/www.mobilier-design-occasion.fr\/magazine\/#\/schema\/person\/5b2e5627a714ddadaaf8c9b886c55eff","name":"Cyrielle Poirot","image":{"@type":"ImageObject","inLanguage":"fr-FR","@id":"https:\/\/secure.gravatar.com\/avatar\/c8d2674e093b06894d8d1dc468b626bd752523471f3ac6e75f7c7a1400d40b4d?s=96&d=mm&r=g","url":"https:\/\/secure.gravatar.com\/avatar\/c8d2674e093b06894d8d1dc468b626bd752523471f3ac6e75f7c7a1400d40b4d?s=96&d=mm&r=g","contentUrl":"https:\/\/secure.gravatar.com\/avatar\/c8d2674e093b06894d8d1dc468b626bd752523471f3ac6e75f7c7a1400d40b4d?s=96&d=mm&r=g","caption":"Cyrielle Poirot"},"description":"Cyrielle est passionn\u00e9e par la d\u00e9coration d'int\u00e9rieur et s'est sp\u00e9cialis\u00e9e depuis quelques ann\u00e9es dans l'\u00e9dition du site Mobilier-Design, avec une touche sp\u00e9cifique pour les produits d'occasion.","sameAs":["https:\/\/www.mobilier-design-occasion.fr\/magazine"],"url":"https:\/\/www.mobilier-design-occasion.fr\/magazine\/author\/cyrielle\/"}]}},"_links":{"self":[{"href":"https:\/\/www.mobilier-design-occasion.fr\/magazine\/wp-json\/wp\/v2\/posts\/6573","targetHints":{"allow":["GET"]}}],"collection":[{"href":"https:\/\/www.mobilier-design-occasion.fr\/magazine\/wp-json\/wp\/v2\/posts"}],"about":[{"href":"https:\/\/www.mobilier-design-occasion.fr\/magazine\/wp-json\/wp\/v2\/types\/post"}],"author":[{"embeddable":true,"href":"https:\/\/www.mobilier-design-occasion.fr\/magazine\/wp-json\/wp\/v2\/users\/1"}],"replies":[{"embeddable":true,"href":"https:\/\/www.mobilier-design-occasion.fr\/magazine\/wp-json\/wp\/v2\/comments?post=6573"}],"version-history":[{"count":1,"href":"https:\/\/www.mobilier-design-occasion.fr\/magazine\/wp-json\/wp\/v2\/posts\/6573\/revisions"}],"predecessor-version":[{"id":6578,"href":"https:\/\/www.mobilier-design-occasion.fr\/magazine\/wp-json\/wp\/v2\/posts\/6573\/revisions\/6578"}],"wp:featuredmedia":[{"embeddable":true,"href":"https:\/\/www.mobilier-design-occasion.fr\/magazine\/wp-json\/wp\/v2\/media\/6574"}],"wp:attachment":[{"href":"https:\/\/www.mobilier-design-occasion.fr\/magazine\/wp-json\/wp\/v2\/media?parent=6573"}],"wp:term":[{"taxonomy":"category","embeddable":true,"href":"https:\/\/www.mobilier-design-occasion.fr\/magazine\/wp-json\/wp\/v2\/categories?post=6573"},{"taxonomy":"post_tag","embeddable":true,"href":"https:\/\/www.mobilier-design-occasion.fr\/magazine\/wp-json\/wp\/v2\/tags?post=6573"}],"curies":[{"name":"wp","href":"https:\/\/api.w.org\/{rel}","templated":true}]}}