{"id":6568,"date":"2023-04-27T07:41:09","date_gmt":"2023-04-27T07:41:09","guid":{"rendered":"https:\/\/www.mobilier-design-occasion.fr\/magazine\/?p=6568"},"modified":"2023-09-25T13:39:47","modified_gmt":"2023-09-25T13:39:47","slug":"comment-sublimer-votre-interieur-avec-un-tapis-berbere","status":"publish","type":"post","link":"https:\/\/www.mobilier-design-occasion.fr\/magazine\/comment-sublimer-votre-interieur-avec-un-tapis-berbere\/","title":{"rendered":"Comment sublimer votre int\u00e9rieur avec un tapis berb\u00e8re\u2009?"},"content":{"rendered":"\n<p>Depuis quelques ann\u00e9es, les tapis ont le vent en poupe dans la d\u00e9coration int\u00e9rieure. Pour&nbsp;<strong>dynamiser votre int\u00e9rieur<\/strong>, le tapis berb\u00e8re constitue une excellente solution. Voici comment l\u2019int\u00e9grer dans votre d\u00e9coration.<\/p>\n\n\n\n<h2 class=\"wp-block-heading\"><span class=\"ez-toc-section\" id=\"Remodeler_le_salon_avec_un_tapis_berbere\"><\/span>Remodeler le salon avec un tapis berb\u00e8re<span class=\"ez-toc-section-end\"><\/span><\/h2><div id=\"ez-toc-container\" class=\"ez-toc-v2_0_82_2 counter-hierarchy ez-toc-counter ez-toc-grey ez-toc-container-direction\">\n<div class=\"ez-toc-title-container\">\n<span class=\"ez-toc-title-toggle\"><a href=\"#\" class=\"ez-toc-pull-right ez-toc-btn ez-toc-btn-xs ez-toc-btn-default ez-toc-toggle\" aria-label=\"Toggle Table of Content\"><span class=\"ez-toc-js-icon-con\"><span class=\"\"><span class=\"eztoc-hide\" style=\"display:none;\">Toggle<\/span><span class=\"ez-toc-icon-toggle-span\"><svg style=\"fill: #999;color:#999\" xmlns=\"http:\/\/www.w3.org\/2000\/svg\" class=\"list-377408\" width=\"20px\" height=\"20px\" viewBox=\"0 0 24 24\" fill=\"none\"><path d=\"M6 6H4v2h2V6zm14 0H8v2h12V6zM4 11h2v2H4v-2zm16 0H8v2h12v-2zM4 16h2v2H4v-2zm16 0H8v2h12v-2z\" fill=\"currentColor\"><\/path><\/svg><svg style=\"fill: #999;color:#999\" class=\"arrow-unsorted-368013\" xmlns=\"http:\/\/www.w3.org\/2000\/svg\" width=\"10px\" height=\"10px\" viewBox=\"0 0 24 24\" version=\"1.2\" baseProfile=\"tiny\"><path d=\"M18.2 9.3l-6.2-6.3-6.2 6.3c-.2.2-.3.4-.3.7s.1.5.3.7c.2.2.4.3.7.3h11c.3 0 .5-.1.7-.3.2-.2.3-.5.3-.7s-.1-.5-.3-.7zM5.8 14.7l6.2 6.3 6.2-6.3c.2-.2.3-.5.3-.7s-.1-.5-.3-.7c-.2-.2-.4-.3-.7-.3h-11c-.3 0-.5.1-.7.3-.2.2-.3.5-.3.7s.1.5.3.7z\"\/><\/svg><\/span><\/span><\/span><\/a><\/span><\/div>\n<nav><ul class='ez-toc-list ez-toc-list-level-1 eztoc-toggle-hide-by-default' ><li class='ez-toc-page-1 ez-toc-heading-level-2'><a class=\"ez-toc-link ez-toc-heading-1\" href=\"https:\/\/www.mobilier-design-occasion.fr\/magazine\/comment-sublimer-votre-interieur-avec-un-tapis-berbere\/#Remodeler_le_salon_avec_un_tapis_berbere\" >Remodeler le salon avec un tapis berb\u00e8re<\/a><\/li><li class='ez-toc-page-1 ez-toc-heading-level-2'><a class=\"ez-toc-link ez-toc-heading-2\" href=\"https:\/\/www.mobilier-design-occasion.fr\/magazine\/comment-sublimer-votre-interieur-avec-un-tapis-berbere\/#Donner_du_cachet_a_la_chambre_a_coucher\" >Donner du cachet \u00e0 la chambre \u00e0 coucher<\/a><\/li><li class='ez-toc-page-1 ez-toc-heading-level-2'><a class=\"ez-toc-link ez-toc-heading-3\" href=\"https:\/\/www.mobilier-design-occasion.fr\/magazine\/comment-sublimer-votre-interieur-avec-un-tapis-berbere\/#Sublimer_votre_entree_avec_un_tapis_berbere\" >Sublimer votre entr\u00e9e avec un tapis berb\u00e8re<\/a><\/li><\/ul><\/nav><\/div>\n\n\n\n\n<p>Pour\u00a0<strong>r\u00e9chauffer une pi\u00e8ce<\/strong>\u00a0comme le salon et apporter une touche de modernit\u00e9, le tapis berb\u00e8re est une excellente solution. Il est possible de l\u2019installer \u00e0 divers endroits\u00a0:\u00a0<strong>au niveau de la <a href=\"https:\/\/www.mobilier-design-occasion.fr\/magazine\/comment-acheter-une-table-basse-pas-chere-sans-compromettre-la-qualite-7-etapes\/\">table basse<\/a>, du canap\u00e9 ou de la table \u00e0 manger<\/strong>. Si l\u2019espace vous semble vide, optez pour un mod\u00e8le XXL de\u00a0tapis <a href=\"https:\/\/houseofmoroccanrugs.com\/fr\/10-tapis-berbere-marocain-beni-ouarain\">berberes chez HouseOfMoroccanRugs.com<\/a>. Afin de\u00a0<strong>mettre en valeur votre mobilier de salon<\/strong>\u00a0de couleur cr\u00e8me par exemple, optez pour un tapis berb\u00e8re avec la m\u00eame nuance pour cr\u00e9er une belle harmonie.<\/p>\n\n\n\n<h2 class=\"wp-block-heading\"><span class=\"ez-toc-section\" id=\"Donner_du_cachet_a_la_chambre_a_coucher\"><\/span>Donner du cachet \u00e0 la chambre \u00e0 coucher<span class=\"ez-toc-section-end\"><\/span><\/h2>\n\n\n\n<p>Un tapis berb\u00e8re trouve facilement sa place dans une chambre pour&nbsp;<strong>apporter plus de cachet<\/strong>. Il sera id\u00e9al comme&nbsp;<strong>descente de lit<\/strong>&nbsp;surtout si vous optez pour un mod\u00e8le rembourr\u00e9 et doux. \u00c0 votre r\u00e9veil chaque matin, vous poserez les pieds sur un tapis d\u2019une douceur incroyable.<\/p>\n\n\n\n<p>Il est possible d\u2019installer le tapis berb\u00e8re de fa\u00e7on originale dans la chambre \u00e0 coucher en le fixant&nbsp;<strong>au mur en guise de tableau d\u00e9coratif<\/strong>.<\/p>\n\n\n\n<h2 class=\"wp-block-heading\"><span class=\"ez-toc-section\" id=\"Sublimer_votre_entree_avec_un_tapis_berbere\"><\/span>Sublimer votre entr\u00e9e avec un tapis berb\u00e8re<span class=\"ez-toc-section-end\"><\/span><\/h2>\n\n\n\n<p>Il est possible de combler l\u2019espace vide d\u2019un couloir ou d\u2019une entr\u00e9e avec un tapis berb\u00e8re. Pour cela, vous devez privil\u00e9gier un mod\u00e8le adapt\u00e9 \u00e0 la forme de l\u2019espace ou la longueur du couloir. Avec son design authentique, il est possible de choisir&nbsp;:<\/p>\n\n\n\n<ul class=\"wp-block-list\">\n<li><strong>Un tapis de forme rectangulaire pour longer un couloir&nbsp;<\/strong>;<\/li>\n\n\n\n<li><strong>Un tapis berb\u00e8re carr\u00e9 pour une entr\u00e9e spacieuse<\/strong>.<\/li>\n<\/ul>\n","protected":false},"excerpt":{"rendered":"<p>Depuis quelques ann\u00e9es, les tapis ont le vent en poupe dans la d\u00e9coration int\u00e9rieure. Pour&nbsp;dynamiser votre int\u00e9rieur, le tapis berb\u00e8re constitue une excellente solution. Voici comment l\u2019int\u00e9grer dans votre d\u00e9coration. Remodeler le salon avec un tapis berb\u00e8re Pour\u00a0r\u00e9chauffer une pi\u00e8ce\u00a0comme le salon et apporter une touche de modernit\u00e9, le tapis berb\u00e8re est une excellente solution. [&hellip;]<\/p>\n","protected":false},"author":1,"featured_media":6569,"comment_status":"open","ping_status":"open","sticky":false,"template":"","format":"standard","meta":{"footnotes":""},"categories":[2],"tags":[],"class_list":["post-6568","post","type-post","status-publish","format-standard","has-post-thumbnail","hentry","category-tendances"],"yoast_head":"<!-- This site is optimized with the Yoast SEO plugin v27.5 - https:\/\/yoast.com\/product\/yoast-seo-wordpress\/ -->\n<title>Comment sublimer votre int\u00e9rieur avec un tapis berb\u00e8re\u2009? - Mobilier Design Magazine<\/title>\n<meta name=\"robots\" content=\"index, follow, max-snippet:-1, max-image-preview:large, max-video-preview:-1\" \/>\n<link rel=\"canonical\" href=\"https:\/\/www.mobilier-design-occasion.fr\/magazine\/comment-sublimer-votre-interieur-avec-un-tapis-berbere\/\" \/>\n<meta property=\"og:locale\" content=\"fr_FR\" \/>\n<meta property=\"og:type\" content=\"article\" \/>\n<meta property=\"og:title\" content=\"Comment sublimer votre int\u00e9rieur avec un tapis berb\u00e8re\u2009? - Mobilier Design Magazine\" \/>\n<meta property=\"og:description\" content=\"Depuis quelques ann\u00e9es, les tapis ont le vent en poupe dans la d\u00e9coration int\u00e9rieure. Pour&nbsp;dynamiser votre int\u00e9rieur, le tapis berb\u00e8re constitue une excellente solution. Voici comment l\u2019int\u00e9grer dans votre d\u00e9coration. Remodeler le salon avec un tapis berb\u00e8re Pour\u00a0r\u00e9chauffer une pi\u00e8ce\u00a0comme le salon et apporter une touche de modernit\u00e9, le tapis berb\u00e8re est une excellente solution. [&hellip;]\" \/>\n<meta property=\"og:url\" content=\"https:\/\/www.mobilier-design-occasion.fr\/magazine\/comment-sublimer-votre-interieur-avec-un-tapis-berbere\/\" \/>\n<meta property=\"og:site_name\" content=\"Mobilier Design Magazine\" \/>\n<meta property=\"article:publisher\" content=\"https:\/\/www.facebook.com\/mobilierdesignoccasion\" \/>\n<meta property=\"article:published_time\" content=\"2023-04-27T07:41:09+00:00\" \/>\n<meta property=\"article:modified_time\" content=\"2023-09-25T13:39:47+00:00\" \/>\n<meta property=\"og:image\" content=\"https:\/\/www.mobilier-design-occasion.fr\/magazine\/wp-content\/uploads\/2023\/04\/f872025ae0e29aa88085c70e746a1483.jpg\" \/>\n\t<meta property=\"og:image:width\" content=\"1280\" \/>\n\t<meta property=\"og:image:height\" content=\"960\" \/>\n\t<meta property=\"og:image:type\" content=\"image\/jpeg\" \/>\n<meta name=\"author\" content=\"Cyrielle Poirot\" \/>\n<meta name=\"twitter:card\" content=\"summary_large_image\" \/>\n<meta name=\"twitter:label1\" content=\"\u00c9crit par\" \/>\n\t<meta name=\"twitter:data1\" content=\"Cyrielle Poirot\" \/>\n\t<meta name=\"twitter:label2\" content=\"Dur\u00e9e de lecture estim\u00e9e\" \/>\n\t<meta name=\"twitter:data2\" content=\"2 minutes\" \/>\n<script type=\"application\/ld+json\" class=\"yoast-schema-graph\">{\"@context\":\"https:\\\/\\\/schema.org\",\"@graph\":[{\"@type\":\"Article\",\"@id\":\"https:\\\/\\\/www.mobilier-design-occasion.fr\\\/magazine\\\/comment-sublimer-votre-interieur-avec-un-tapis-berbere\\\/#article\",\"isPartOf\":{\"@id\":\"https:\\\/\\\/www.mobilier-design-occasion.fr\\\/magazine\\\/comment-sublimer-votre-interieur-avec-un-tapis-berbere\\\/\"},\"author\":{\"name\":\"Cyrielle Poirot\",\"@id\":\"https:\\\/\\\/www.mobilier-design-occasion.fr\\\/magazine\\\/#\\\/schema\\\/person\\\/5b2e5627a714ddadaaf8c9b886c55eff\"},\"headline\":\"Comment sublimer votre int\u00e9rieur avec un tapis berb\u00e8re\u2009?\",\"datePublished\":\"2023-04-27T07:41:09+00:00\",\"dateModified\":\"2023-09-25T13:39:47+00:00\",\"mainEntityOfPage\":{\"@id\":\"https:\\\/\\\/www.mobilier-design-occasion.fr\\\/magazine\\\/comment-sublimer-votre-interieur-avec-un-tapis-berbere\\\/\"},\"wordCount\":321,\"commentCount\":0,\"publisher\":{\"@id\":\"https:\\\/\\\/www.mobilier-design-occasion.fr\\\/magazine\\\/#organization\"},\"image\":{\"@id\":\"https:\\\/\\\/www.mobilier-design-occasion.fr\\\/magazine\\\/comment-sublimer-votre-interieur-avec-un-tapis-berbere\\\/#primaryimage\"},\"thumbnailUrl\":\"https:\\\/\\\/www.mobilier-design-occasion.fr\\\/magazine\\\/wp-content\\\/uploads\\\/2023\\\/04\\\/f872025ae0e29aa88085c70e746a1483.jpg\",\"articleSection\":[\"Tendances\"],\"inLanguage\":\"fr-FR\",\"potentialAction\":[{\"@type\":\"CommentAction\",\"name\":\"Comment\",\"target\":[\"https:\\\/\\\/www.mobilier-design-occasion.fr\\\/magazine\\\/comment-sublimer-votre-interieur-avec-un-tapis-berbere\\\/#respond\"]}]},{\"@type\":\"WebPage\",\"@id\":\"https:\\\/\\\/www.mobilier-design-occasion.fr\\\/magazine\\\/comment-sublimer-votre-interieur-avec-un-tapis-berbere\\\/\",\"url\":\"https:\\\/\\\/www.mobilier-design-occasion.fr\\\/magazine\\\/comment-sublimer-votre-interieur-avec-un-tapis-berbere\\\/\",\"name\":\"Comment sublimer votre int\u00e9rieur avec un tapis berb\u00e8re\u2009? - Mobilier Design Magazine\",\"isPartOf\":{\"@id\":\"https:\\\/\\\/www.mobilier-design-occasion.fr\\\/magazine\\\/#website\"},\"primaryImageOfPage\":{\"@id\":\"https:\\\/\\\/www.mobilier-design-occasion.fr\\\/magazine\\\/comment-sublimer-votre-interieur-avec-un-tapis-berbere\\\/#primaryimage\"},\"image\":{\"@id\":\"https:\\\/\\\/www.mobilier-design-occasion.fr\\\/magazine\\\/comment-sublimer-votre-interieur-avec-un-tapis-berbere\\\/#primaryimage\"},\"thumbnailUrl\":\"https:\\\/\\\/www.mobilier-design-occasion.fr\\\/magazine\\\/wp-content\\\/uploads\\\/2023\\\/04\\\/f872025ae0e29aa88085c70e746a1483.jpg\",\"datePublished\":\"2023-04-27T07:41:09+00:00\",\"dateModified\":\"2023-09-25T13:39:47+00:00\",\"breadcrumb\":{\"@id\":\"https:\\\/\\\/www.mobilier-design-occasion.fr\\\/magazine\\\/comment-sublimer-votre-interieur-avec-un-tapis-berbere\\\/#breadcrumb\"},\"inLanguage\":\"fr-FR\",\"potentialAction\":[{\"@type\":\"ReadAction\",\"target\":[\"https:\\\/\\\/www.mobilier-design-occasion.fr\\\/magazine\\\/comment-sublimer-votre-interieur-avec-un-tapis-berbere\\\/\"]}]},{\"@type\":\"ImageObject\",\"inLanguage\":\"fr-FR\",\"@id\":\"https:\\\/\\\/www.mobilier-design-occasion.fr\\\/magazine\\\/comment-sublimer-votre-interieur-avec-un-tapis-berbere\\\/#primaryimage\",\"url\":\"https:\\\/\\\/www.mobilier-design-occasion.fr\\\/magazine\\\/wp-content\\\/uploads\\\/2023\\\/04\\\/f872025ae0e29aa88085c70e746a1483.jpg\",\"contentUrl\":\"https:\\\/\\\/www.mobilier-design-occasion.fr\\\/magazine\\\/wp-content\\\/uploads\\\/2023\\\/04\\\/f872025ae0e29aa88085c70e746a1483.jpg\",\"width\":1280,\"height\":960},{\"@type\":\"BreadcrumbList\",\"@id\":\"https:\\\/\\\/www.mobilier-design-occasion.fr\\\/magazine\\\/comment-sublimer-votre-interieur-avec-un-tapis-berbere\\\/#breadcrumb\",\"itemListElement\":[{\"@type\":\"ListItem\",\"position\":1,\"name\":\"Accueil\",\"item\":\"https:\\\/\\\/www.mobilier-design-occasion.fr\\\/magazine\\\/\"},{\"@type\":\"ListItem\",\"position\":2,\"name\":\"Comment sublimer votre int\u00e9rieur avec un tapis berb\u00e8re\u2009?\"}]},{\"@type\":\"WebSite\",\"@id\":\"https:\\\/\\\/www.mobilier-design-occasion.fr\\\/magazine\\\/#website\",\"url\":\"https:\\\/\\\/www.mobilier-design-occasion.fr\\\/magazine\\\/\",\"name\":\"Mobilier Design Magazine\",\"description\":\"\",\"publisher\":{\"@id\":\"https:\\\/\\\/www.mobilier-design-occasion.fr\\\/magazine\\\/#organization\"},\"potentialAction\":[{\"@type\":\"SearchAction\",\"target\":{\"@type\":\"EntryPoint\",\"urlTemplate\":\"https:\\\/\\\/www.mobilier-design-occasion.fr\\\/magazine\\\/?s={search_term_string}\"},\"query-input\":{\"@type\":\"PropertyValueSpecification\",\"valueRequired\":true,\"valueName\":\"search_term_string\"}}],\"inLanguage\":\"fr-FR\"},{\"@type\":\"Organization\",\"@id\":\"https:\\\/\\\/www.mobilier-design-occasion.fr\\\/magazine\\\/#organization\",\"name\":\"Mobilier Design Magazine\",\"url\":\"https:\\\/\\\/www.mobilier-design-occasion.fr\\\/magazine\\\/\",\"logo\":{\"@type\":\"ImageObject\",\"inLanguage\":\"fr-FR\",\"@id\":\"https:\\\/\\\/www.mobilier-design-occasion.fr\\\/magazine\\\/#\\\/schema\\\/logo\\\/image\\\/\",\"url\":\"https:\\\/\\\/www.mobilier-design-occasion.fr\\\/magazine\\\/wp-content\\\/uploads\\\/2024\\\/02\\\/android-chrome-192x192-1.png\",\"contentUrl\":\"https:\\\/\\\/www.mobilier-design-occasion.fr\\\/magazine\\\/wp-content\\\/uploads\\\/2024\\\/02\\\/android-chrome-192x192-1.png\",\"width\":192,\"height\":192,\"caption\":\"Mobilier Design Magazine\"},\"image\":{\"@id\":\"https:\\\/\\\/www.mobilier-design-occasion.fr\\\/magazine\\\/#\\\/schema\\\/logo\\\/image\\\/\"},\"sameAs\":[\"https:\\\/\\\/www.facebook.com\\\/mobilierdesignoccasion\"]},{\"@type\":\"Person\",\"@id\":\"https:\\\/\\\/www.mobilier-design-occasion.fr\\\/magazine\\\/#\\\/schema\\\/person\\\/5b2e5627a714ddadaaf8c9b886c55eff\",\"name\":\"Cyrielle Poirot\",\"image\":{\"@type\":\"ImageObject\",\"inLanguage\":\"fr-FR\",\"@id\":\"https:\\\/\\\/secure.gravatar.com\\\/avatar\\\/c8d2674e093b06894d8d1dc468b626bd752523471f3ac6e75f7c7a1400d40b4d?s=96&d=mm&r=g\",\"url\":\"https:\\\/\\\/secure.gravatar.com\\\/avatar\\\/c8d2674e093b06894d8d1dc468b626bd752523471f3ac6e75f7c7a1400d40b4d?s=96&d=mm&r=g\",\"contentUrl\":\"https:\\\/\\\/secure.gravatar.com\\\/avatar\\\/c8d2674e093b06894d8d1dc468b626bd752523471f3ac6e75f7c7a1400d40b4d?s=96&d=mm&r=g\",\"caption\":\"Cyrielle Poirot\"},\"description\":\"Cyrielle est passionn\u00e9e par la d\u00e9coration d'int\u00e9rieur et s'est sp\u00e9cialis\u00e9e depuis quelques ann\u00e9es dans l'\u00e9dition du site Mobilier-Design, avec une touche sp\u00e9cifique pour les produits d'occasion.\",\"sameAs\":[\"https:\\\/\\\/www.mobilier-design-occasion.fr\\\/magazine\"],\"url\":\"https:\\\/\\\/www.mobilier-design-occasion.fr\\\/magazine\\\/author\\\/cyrielle\\\/\"}]}<\/script>\n<!-- \/ Yoast SEO plugin. -->","yoast_head_json":{"title":"Comment sublimer votre int\u00e9rieur avec un tapis berb\u00e8re\u2009? - Mobilier Design Magazine","robots":{"index":"index","follow":"follow","max-snippet":"max-snippet:-1","max-image-preview":"max-image-preview:large","max-video-preview":"max-video-preview:-1"},"canonical":"https:\/\/www.mobilier-design-occasion.fr\/magazine\/comment-sublimer-votre-interieur-avec-un-tapis-berbere\/","og_locale":"fr_FR","og_type":"article","og_title":"Comment sublimer votre int\u00e9rieur avec un tapis berb\u00e8re\u2009? - Mobilier Design Magazine","og_description":"Depuis quelques ann\u00e9es, les tapis ont le vent en poupe dans la d\u00e9coration int\u00e9rieure. Pour&nbsp;dynamiser votre int\u00e9rieur, le tapis berb\u00e8re constitue une excellente solution. Voici comment l\u2019int\u00e9grer dans votre d\u00e9coration. Remodeler le salon avec un tapis berb\u00e8re Pour\u00a0r\u00e9chauffer une pi\u00e8ce\u00a0comme le salon et apporter une touche de modernit\u00e9, le tapis berb\u00e8re est une excellente solution. [&hellip;]","og_url":"https:\/\/www.mobilier-design-occasion.fr\/magazine\/comment-sublimer-votre-interieur-avec-un-tapis-berbere\/","og_site_name":"Mobilier Design Magazine","article_publisher":"https:\/\/www.facebook.com\/mobilierdesignoccasion","article_published_time":"2023-04-27T07:41:09+00:00","article_modified_time":"2023-09-25T13:39:47+00:00","og_image":[{"width":1280,"height":960,"url":"https:\/\/www.mobilier-design-occasion.fr\/magazine\/wp-content\/uploads\/2023\/04\/f872025ae0e29aa88085c70e746a1483.jpg","type":"image\/jpeg"}],"author":"Cyrielle Poirot","twitter_card":"summary_large_image","twitter_misc":{"\u00c9crit par":"Cyrielle Poirot","Dur\u00e9e de lecture estim\u00e9e":"2 minutes"},"schema":{"@context":"https:\/\/schema.org","@graph":[{"@type":"Article","@id":"https:\/\/www.mobilier-design-occasion.fr\/magazine\/comment-sublimer-votre-interieur-avec-un-tapis-berbere\/#article","isPartOf":{"@id":"https:\/\/www.mobilier-design-occasion.fr\/magazine\/comment-sublimer-votre-interieur-avec-un-tapis-berbere\/"},"author":{"name":"Cyrielle Poirot","@id":"https:\/\/www.mobilier-design-occasion.fr\/magazine\/#\/schema\/person\/5b2e5627a714ddadaaf8c9b886c55eff"},"headline":"Comment sublimer votre int\u00e9rieur avec un tapis berb\u00e8re\u2009?","datePublished":"2023-04-27T07:41:09+00:00","dateModified":"2023-09-25T13:39:47+00:00","mainEntityOfPage":{"@id":"https:\/\/www.mobilier-design-occasion.fr\/magazine\/comment-sublimer-votre-interieur-avec-un-tapis-berbere\/"},"wordCount":321,"commentCount":0,"publisher":{"@id":"https:\/\/www.mobilier-design-occasion.fr\/magazine\/#organization"},"image":{"@id":"https:\/\/www.mobilier-design-occasion.fr\/magazine\/comment-sublimer-votre-interieur-avec-un-tapis-berbere\/#primaryimage"},"thumbnailUrl":"https:\/\/www.mobilier-design-occasion.fr\/magazine\/wp-content\/uploads\/2023\/04\/f872025ae0e29aa88085c70e746a1483.jpg","articleSection":["Tendances"],"inLanguage":"fr-FR","potentialAction":[{"@type":"CommentAction","name":"Comment","target":["https:\/\/www.mobilier-design-occasion.fr\/magazine\/comment-sublimer-votre-interieur-avec-un-tapis-berbere\/#respond"]}]},{"@type":"WebPage","@id":"https:\/\/www.mobilier-design-occasion.fr\/magazine\/comment-sublimer-votre-interieur-avec-un-tapis-berbere\/","url":"https:\/\/www.mobilier-design-occasion.fr\/magazine\/comment-sublimer-votre-interieur-avec-un-tapis-berbere\/","name":"Comment sublimer votre int\u00e9rieur avec un tapis berb\u00e8re\u2009? - Mobilier Design Magazine","isPartOf":{"@id":"https:\/\/www.mobilier-design-occasion.fr\/magazine\/#website"},"primaryImageOfPage":{"@id":"https:\/\/www.mobilier-design-occasion.fr\/magazine\/comment-sublimer-votre-interieur-avec-un-tapis-berbere\/#primaryimage"},"image":{"@id":"https:\/\/www.mobilier-design-occasion.fr\/magazine\/comment-sublimer-votre-interieur-avec-un-tapis-berbere\/#primaryimage"},"thumbnailUrl":"https:\/\/www.mobilier-design-occasion.fr\/magazine\/wp-content\/uploads\/2023\/04\/f872025ae0e29aa88085c70e746a1483.jpg","datePublished":"2023-04-27T07:41:09+00:00","dateModified":"2023-09-25T13:39:47+00:00","breadcrumb":{"@id":"https:\/\/www.mobilier-design-occasion.fr\/magazine\/comment-sublimer-votre-interieur-avec-un-tapis-berbere\/#breadcrumb"},"inLanguage":"fr-FR","potentialAction":[{"@type":"ReadAction","target":["https:\/\/www.mobilier-design-occasion.fr\/magazine\/comment-sublimer-votre-interieur-avec-un-tapis-berbere\/"]}]},{"@type":"ImageObject","inLanguage":"fr-FR","@id":"https:\/\/www.mobilier-design-occasion.fr\/magazine\/comment-sublimer-votre-interieur-avec-un-tapis-berbere\/#primaryimage","url":"https:\/\/www.mobilier-design-occasion.fr\/magazine\/wp-content\/uploads\/2023\/04\/f872025ae0e29aa88085c70e746a1483.jpg","contentUrl":"https:\/\/www.mobilier-design-occasion.fr\/magazine\/wp-content\/uploads\/2023\/04\/f872025ae0e29aa88085c70e746a1483.jpg","width":1280,"height":960},{"@type":"BreadcrumbList","@id":"https:\/\/www.mobilier-design-occasion.fr\/magazine\/comment-sublimer-votre-interieur-avec-un-tapis-berbere\/#breadcrumb","itemListElement":[{"@type":"ListItem","position":1,"name":"Accueil","item":"https:\/\/www.mobilier-design-occasion.fr\/magazine\/"},{"@type":"ListItem","position":2,"name":"Comment sublimer votre int\u00e9rieur avec un tapis berb\u00e8re\u2009?"}]},{"@type":"WebSite","@id":"https:\/\/www.mobilier-design-occasion.fr\/magazine\/#website","url":"https:\/\/www.mobilier-design-occasion.fr\/magazine\/","name":"Mobilier Design Magazine","description":"","publisher":{"@id":"https:\/\/www.mobilier-design-occasion.fr\/magazine\/#organization"},"potentialAction":[{"@type":"SearchAction","target":{"@type":"EntryPoint","urlTemplate":"https:\/\/www.mobilier-design-occasion.fr\/magazine\/?s={search_term_string}"},"query-input":{"@type":"PropertyValueSpecification","valueRequired":true,"valueName":"search_term_string"}}],"inLanguage":"fr-FR"},{"@type":"Organization","@id":"https:\/\/www.mobilier-design-occasion.fr\/magazine\/#organization","name":"Mobilier Design Magazine","url":"https:\/\/www.mobilier-design-occasion.fr\/magazine\/","logo":{"@type":"ImageObject","inLanguage":"fr-FR","@id":"https:\/\/www.mobilier-design-occasion.fr\/magazine\/#\/schema\/logo\/image\/","url":"https:\/\/www.mobilier-design-occasion.fr\/magazine\/wp-content\/uploads\/2024\/02\/android-chrome-192x192-1.png","contentUrl":"https:\/\/www.mobilier-design-occasion.fr\/magazine\/wp-content\/uploads\/2024\/02\/android-chrome-192x192-1.png","width":192,"height":192,"caption":"Mobilier Design Magazine"},"image":{"@id":"https:\/\/www.mobilier-design-occasion.fr\/magazine\/#\/schema\/logo\/image\/"},"sameAs":["https:\/\/www.facebook.com\/mobilierdesignoccasion"]},{"@type":"Person","@id":"https:\/\/www.mobilier-design-occasion.fr\/magazine\/#\/schema\/person\/5b2e5627a714ddadaaf8c9b886c55eff","name":"Cyrielle Poirot","image":{"@type":"ImageObject","inLanguage":"fr-FR","@id":"https:\/\/secure.gravatar.com\/avatar\/c8d2674e093b06894d8d1dc468b626bd752523471f3ac6e75f7c7a1400d40b4d?s=96&d=mm&r=g","url":"https:\/\/secure.gravatar.com\/avatar\/c8d2674e093b06894d8d1dc468b626bd752523471f3ac6e75f7c7a1400d40b4d?s=96&d=mm&r=g","contentUrl":"https:\/\/secure.gravatar.com\/avatar\/c8d2674e093b06894d8d1dc468b626bd752523471f3ac6e75f7c7a1400d40b4d?s=96&d=mm&r=g","caption":"Cyrielle Poirot"},"description":"Cyrielle est passionn\u00e9e par la d\u00e9coration d'int\u00e9rieur et s'est sp\u00e9cialis\u00e9e depuis quelques ann\u00e9es dans l'\u00e9dition du site Mobilier-Design, avec une touche sp\u00e9cifique pour les produits d'occasion.","sameAs":["https:\/\/www.mobilier-design-occasion.fr\/magazine"],"url":"https:\/\/www.mobilier-design-occasion.fr\/magazine\/author\/cyrielle\/"}]}},"_links":{"self":[{"href":"https:\/\/www.mobilier-design-occasion.fr\/magazine\/wp-json\/wp\/v2\/posts\/6568","targetHints":{"allow":["GET"]}}],"collection":[{"href":"https:\/\/www.mobilier-design-occasion.fr\/magazine\/wp-json\/wp\/v2\/posts"}],"about":[{"href":"https:\/\/www.mobilier-design-occasion.fr\/magazine\/wp-json\/wp\/v2\/types\/post"}],"author":[{"embeddable":true,"href":"https:\/\/www.mobilier-design-occasion.fr\/magazine\/wp-json\/wp\/v2\/users\/1"}],"replies":[{"embeddable":true,"href":"https:\/\/www.mobilier-design-occasion.fr\/magazine\/wp-json\/wp\/v2\/comments?post=6568"}],"version-history":[{"count":2,"href":"https:\/\/www.mobilier-design-occasion.fr\/magazine\/wp-json\/wp\/v2\/posts\/6568\/revisions"}],"predecessor-version":[{"id":6572,"href":"https:\/\/www.mobilier-design-occasion.fr\/magazine\/wp-json\/wp\/v2\/posts\/6568\/revisions\/6572"}],"wp:featuredmedia":[{"embeddable":true,"href":"https:\/\/www.mobilier-design-occasion.fr\/magazine\/wp-json\/wp\/v2\/media\/6569"}],"wp:attachment":[{"href":"https:\/\/www.mobilier-design-occasion.fr\/magazine\/wp-json\/wp\/v2\/media?parent=6568"}],"wp:term":[{"taxonomy":"category","embeddable":true,"href":"https:\/\/www.mobilier-design-occasion.fr\/magazine\/wp-json\/wp\/v2\/categories?post=6568"},{"taxonomy":"post_tag","embeddable":true,"href":"https:\/\/www.mobilier-design-occasion.fr\/magazine\/wp-json\/wp\/v2\/tags?post=6568"}],"curies":[{"name":"wp","href":"https:\/\/api.w.org\/{rel}","templated":true}]}}