{"id":6535,"date":"2023-04-20T07:00:26","date_gmt":"2023-04-20T07:00:26","guid":{"rendered":"https:\/\/www.mobilier-design-occasion.fr\/magazine\/?p=6535"},"modified":"2023-09-25T13:39:47","modified_gmt":"2023-09-25T13:39:47","slug":"4-raisons-de-choisir-un-plafonnier-italien-pour-votre-decoration-dinterieur","status":"publish","type":"post","link":"https:\/\/www.mobilier-design-occasion.fr\/magazine\/4-raisons-de-choisir-un-plafonnier-italien-pour-votre-decoration-dinterieur\/","title":{"rendered":"4 raisons de choisir un plafonnier italien pour votre d\u00e9coration d\u2019int\u00e9rieur"},"content":{"rendered":"\n<p>Les&nbsp;<strong>plafonniers<\/strong>&nbsp;sont connus pour \u00eatre une composante essentielle pour la d\u00e9coration des pi\u00e8ces de la maison. Pourquoi privil\u00e9gier les&nbsp;<strong>lampes d\u2019origine italienne<\/strong>\u2009?<\/p>\n\n\n\n<h2 class=\"wp-block-heading\"><span class=\"ez-toc-section\" id=\"1_Un_design_epure_et_moderne\"><\/span>1. Un design \u00e9pur\u00e9 et moderne<span class=\"ez-toc-section-end\"><\/span><\/h2><div id=\"ez-toc-container\" class=\"ez-toc-v2_0_82_2 counter-hierarchy ez-toc-counter ez-toc-grey ez-toc-container-direction\">\n<div class=\"ez-toc-title-container\">\n<span class=\"ez-toc-title-toggle\"><a href=\"#\" class=\"ez-toc-pull-right ez-toc-btn ez-toc-btn-xs ez-toc-btn-default ez-toc-toggle\" aria-label=\"Toggle Table of Content\"><span class=\"ez-toc-js-icon-con\"><span class=\"\"><span class=\"eztoc-hide\" style=\"display:none;\">Toggle<\/span><span class=\"ez-toc-icon-toggle-span\"><svg style=\"fill: #999;color:#999\" xmlns=\"http:\/\/www.w3.org\/2000\/svg\" class=\"list-377408\" width=\"20px\" height=\"20px\" viewBox=\"0 0 24 24\" fill=\"none\"><path d=\"M6 6H4v2h2V6zm14 0H8v2h12V6zM4 11h2v2H4v-2zm16 0H8v2h12v-2zM4 16h2v2H4v-2zm16 0H8v2h12v-2z\" fill=\"currentColor\"><\/path><\/svg><svg style=\"fill: #999;color:#999\" class=\"arrow-unsorted-368013\" xmlns=\"http:\/\/www.w3.org\/2000\/svg\" width=\"10px\" height=\"10px\" viewBox=\"0 0 24 24\" version=\"1.2\" baseProfile=\"tiny\"><path d=\"M18.2 9.3l-6.2-6.3-6.2 6.3c-.2.2-.3.4-.3.7s.1.5.3.7c.2.2.4.3.7.3h11c.3 0 .5-.1.7-.3.2-.2.3-.5.3-.7s-.1-.5-.3-.7zM5.8 14.7l6.2 6.3 6.2-6.3c.2-.2.3-.5.3-.7s-.1-.5-.3-.7c-.2-.2-.4-.3-.7-.3h-11c-.3 0-.5.1-.7.3-.2.2-.3.5-.3.7s.1.5.3.7z\"\/><\/svg><\/span><\/span><\/span><\/a><\/span><\/div>\n<nav><ul class='ez-toc-list ez-toc-list-level-1 eztoc-toggle-hide-by-default' ><li class='ez-toc-page-1 ez-toc-heading-level-2'><a class=\"ez-toc-link ez-toc-heading-1\" href=\"https:\/\/www.mobilier-design-occasion.fr\/magazine\/4-raisons-de-choisir-un-plafonnier-italien-pour-votre-decoration-dinterieur\/#1_Un_design_epure_et_moderne\" >1. Un design \u00e9pur\u00e9 et moderne<\/a><\/li><li class='ez-toc-page-1 ez-toc-heading-level-2'><a class=\"ez-toc-link ez-toc-heading-2\" href=\"https:\/\/www.mobilier-design-occasion.fr\/magazine\/4-raisons-de-choisir-un-plafonnier-italien-pour-votre-decoration-dinterieur\/#2_Une_qualite_premium\" >2. Une qualit\u00e9 premium<\/a><\/li><li class='ez-toc-page-1 ez-toc-heading-level-2'><a class=\"ez-toc-link ez-toc-heading-3\" href=\"https:\/\/www.mobilier-design-occasion.fr\/magazine\/4-raisons-de-choisir-un-plafonnier-italien-pour-votre-decoration-dinterieur\/#3_Un_excellent_eclairage\" >3. Un excellent \u00e9clairage<\/a><\/li><li class='ez-toc-page-1 ez-toc-heading-level-2'><a class=\"ez-toc-link ez-toc-heading-4\" href=\"https:\/\/www.mobilier-design-occasion.fr\/magazine\/4-raisons-de-choisir-un-plafonnier-italien-pour-votre-decoration-dinterieur\/#4_Un_produit_flexible\" >4. Un produit flexible<\/a><\/li><\/ul><\/nav><\/div>\n\n\n\n\n<p>Le\u00a0<strong>plafonnier italien<\/strong>\u00a0se distingue par ses magnifiques traits. Si vous \u00eates \u00e0 la recherche d\u2019une lampe pour sublimer votre espace de vie, vous ne trouverez pas mieux que le\u00a0<a href=\"https:\/\/www.plafonniers-design.com\/plafonnier-design-italien\/\">plafonnier design italien<\/a>. Il lui conf\u00e8re style et \u00e9l\u00e9gance. De m\u00eame, il apporte une touche esth\u00e9tique particuli\u00e8re.<\/p>\n\n\n\n<figure class=\"wp-block-image size-large\"><img loading=\"lazy\" decoding=\"async\" width=\"1024\" height=\"682\" src=\"https:\/\/www.mobilier-design-occasion.fr\/magazine\/wp-content\/uploads\/2023\/04\/9de517848d2aee7cdcd3443dc2bc01a8-1024x682.jpeg\" alt=\"\" class=\"wp-image-6536\" srcset=\"https:\/\/www.mobilier-design-occasion.fr\/magazine\/wp-content\/uploads\/2023\/04\/9de517848d2aee7cdcd3443dc2bc01a8-1024x682.jpeg 1024w, https:\/\/www.mobilier-design-occasion.fr\/magazine\/wp-content\/uploads\/2023\/04\/9de517848d2aee7cdcd3443dc2bc01a8-300x200.jpeg 300w, https:\/\/www.mobilier-design-occasion.fr\/magazine\/wp-content\/uploads\/2023\/04\/9de517848d2aee7cdcd3443dc2bc01a8-768x512.jpeg 768w, https:\/\/www.mobilier-design-occasion.fr\/magazine\/wp-content\/uploads\/2023\/04\/9de517848d2aee7cdcd3443dc2bc01a8-810x540.jpeg 810w, https:\/\/www.mobilier-design-occasion.fr\/magazine\/wp-content\/uploads\/2023\/04\/9de517848d2aee7cdcd3443dc2bc01a8-1140x760.jpeg 1140w, https:\/\/www.mobilier-design-occasion.fr\/magazine\/wp-content\/uploads\/2023\/04\/9de517848d2aee7cdcd3443dc2bc01a8.jpeg 1280w\" sizes=\"auto, (max-width: 1024px) 100vw, 1024px\" \/><\/figure>\n\n\n\n<h2 class=\"wp-block-heading\"><span class=\"ez-toc-section\" id=\"2_Une_qualite_premium\"><\/span>2. Une qualit\u00e9 premium<span class=\"ez-toc-section-end\"><\/span><\/h2>\n\n\n\n<p>Le&nbsp;<strong>plafonnier italien<\/strong>&nbsp;est r\u00e9put\u00e9 pour sa qualit\u00e9. Les artisans de ce pays utilisent des mat\u00e9riaux fiables comme&nbsp;:<\/p>\n\n\n\n<ul class=\"wp-block-list\">\n<li>Les verres\u2009;<\/li>\n\n\n\n<li>Les cristaux\u2009;<\/li>\n\n\n\n<li>Les m\u00e9taux\u2009;<\/li>\n\n\n\n<li>Les tissus.<\/li>\n<\/ul>\n\n\n\n<p>En outre, ils font preuve d\u2019un savoir-faire remarquable. Par cons\u00e9quent, leurs lampes ont une long\u00e9vit\u00e9 sup\u00e9rieure \u00e0 la moyenne.<\/p>\n\n\n\n<figure class=\"wp-block-image size-large\"><img loading=\"lazy\" decoding=\"async\" width=\"1024\" height=\"682\" src=\"https:\/\/www.mobilier-design-occasion.fr\/magazine\/wp-content\/uploads\/2023\/04\/2a11c9ce48b411376d77a33f0d1d8fd4-1024x682.jpeg\" alt=\"\" class=\"wp-image-6537\" srcset=\"https:\/\/www.mobilier-design-occasion.fr\/magazine\/wp-content\/uploads\/2023\/04\/2a11c9ce48b411376d77a33f0d1d8fd4-1024x682.jpeg 1024w, https:\/\/www.mobilier-design-occasion.fr\/magazine\/wp-content\/uploads\/2023\/04\/2a11c9ce48b411376d77a33f0d1d8fd4-300x200.jpeg 300w, https:\/\/www.mobilier-design-occasion.fr\/magazine\/wp-content\/uploads\/2023\/04\/2a11c9ce48b411376d77a33f0d1d8fd4-768x511.jpeg 768w, https:\/\/www.mobilier-design-occasion.fr\/magazine\/wp-content\/uploads\/2023\/04\/2a11c9ce48b411376d77a33f0d1d8fd4-810x539.jpeg 810w, https:\/\/www.mobilier-design-occasion.fr\/magazine\/wp-content\/uploads\/2023\/04\/2a11c9ce48b411376d77a33f0d1d8fd4-1140x759.jpeg 1140w, https:\/\/www.mobilier-design-occasion.fr\/magazine\/wp-content\/uploads\/2023\/04\/2a11c9ce48b411376d77a33f0d1d8fd4.jpeg 1280w\" sizes=\"auto, (max-width: 1024px) 100vw, 1024px\" \/><\/figure>\n\n\n\n<h2 class=\"wp-block-heading\"><span class=\"ez-toc-section\" id=\"3_Un_excellent_eclairage\"><\/span>3. Un excellent \u00e9clairage<span class=\"ez-toc-section-end\"><\/span><\/h2>\n\n\n\n<p>En optant pour un&nbsp;<strong>plafonnier italien<\/strong>, vous \u00eates s\u00fbr de b\u00e9n\u00e9ficier d\u2019un \u00e9clairage optimal. Cette lampe fournit une lumi\u00e8re suffisante pour faciliter la lecture et d\u2019autres activit\u00e9s. Aussi, l\u2019intensit\u00e9 du rayonnement du luminaire met en \u00e9vidence et r\u00e9v\u00e8le leurs d\u00e9tails les plus discrets des tableaux d\u00e9coratifs.<\/p>\n\n\n\n<h2 class=\"wp-block-heading\"><span class=\"ez-toc-section\" id=\"4_Un_produit_flexible\"><\/span>4. Un produit flexible<span class=\"ez-toc-section-end\"><\/span><\/h2>\n\n\n\n<p>L\u2019autre raison pour laquelle vous ferez bien d\u2019opter pour le\u00a0<strong>plafonnier d\u2019origine italienne<\/strong>, c\u2019est son adaptabilit\u00e9. Il existe dans une infinit\u00e9 de couleurs et de tailles. De fait, quelles que soient vos exigences, vous n\u2019aurez pas du mal \u00e0 d\u00e9nicher une lampe qui satisfait \u00e0 ces exigences.<\/p>\n\n\n\n<figure class=\"wp-block-image size-large\"><img loading=\"lazy\" decoding=\"async\" width=\"1024\" height=\"680\" src=\"https:\/\/www.mobilier-design-occasion.fr\/magazine\/wp-content\/uploads\/2023\/04\/cd8e18acdb76ae4ff8805bedbd83afea-1024x680.jpeg\" alt=\"\" class=\"wp-image-6538\" srcset=\"https:\/\/www.mobilier-design-occasion.fr\/magazine\/wp-content\/uploads\/2023\/04\/cd8e18acdb76ae4ff8805bedbd83afea-1024x680.jpeg 1024w, https:\/\/www.mobilier-design-occasion.fr\/magazine\/wp-content\/uploads\/2023\/04\/cd8e18acdb76ae4ff8805bedbd83afea-300x199.jpeg 300w, https:\/\/www.mobilier-design-occasion.fr\/magazine\/wp-content\/uploads\/2023\/04\/cd8e18acdb76ae4ff8805bedbd83afea-768x510.jpeg 768w, https:\/\/www.mobilier-design-occasion.fr\/magazine\/wp-content\/uploads\/2023\/04\/cd8e18acdb76ae4ff8805bedbd83afea-810x538.jpeg 810w, https:\/\/www.mobilier-design-occasion.fr\/magazine\/wp-content\/uploads\/2023\/04\/cd8e18acdb76ae4ff8805bedbd83afea-1140x757.jpeg 1140w, https:\/\/www.mobilier-design-occasion.fr\/magazine\/wp-content\/uploads\/2023\/04\/cd8e18acdb76ae4ff8805bedbd83afea.jpeg 1280w\" sizes=\"auto, (max-width: 1024px) 100vw, 1024px\" \/><\/figure>\n\n\n\n<p>En r\u00e9sum\u00e9,\u00a0<strong>le plafonnier italien<\/strong>\u00a0est un produit d\u2019exception. En plus d\u2019ajouter une valeur esth\u00e9tique \u00e0 votre espace personnel, il se distingue par la qualit\u00e9 de son \u00e9clairage et sa flexibilit\u00e9.<\/p>\n","protected":false},"excerpt":{"rendered":"<p>Les&nbsp;plafonniers&nbsp;sont connus pour \u00eatre une composante essentielle pour la d\u00e9coration des pi\u00e8ces de la maison. Pourquoi privil\u00e9gier les&nbsp;lampes d\u2019origine italienne\u2009? 1. Un design \u00e9pur\u00e9 et moderne Le\u00a0plafonnier italien\u00a0se distingue par ses magnifiques traits. Si vous \u00eates \u00e0 la recherche d\u2019une lampe pour sublimer votre espace de vie, vous ne trouverez pas mieux que le\u00a0plafonnier design [&hellip;]<\/p>\n","protected":false},"author":1,"featured_media":6536,"comment_status":"open","ping_status":"open","sticky":false,"template":"","format":"standard","meta":{"footnotes":""},"categories":[2],"tags":[],"class_list":["post-6535","post","type-post","status-publish","format-standard","has-post-thumbnail","hentry","category-tendances"],"yoast_head":"<!-- This site is optimized with the Yoast SEO plugin v27.5 - https:\/\/yoast.com\/product\/yoast-seo-wordpress\/ -->\n<title>4 raisons de choisir un plafonnier italien pour votre d\u00e9coration d\u2019int\u00e9rieur - Mobilier Design Magazine<\/title>\n<meta name=\"robots\" content=\"index, follow, max-snippet:-1, max-image-preview:large, max-video-preview:-1\" \/>\n<link rel=\"canonical\" href=\"https:\/\/www.mobilier-design-occasion.fr\/magazine\/4-raisons-de-choisir-un-plafonnier-italien-pour-votre-decoration-dinterieur\/\" \/>\n<meta property=\"og:locale\" content=\"fr_FR\" \/>\n<meta property=\"og:type\" content=\"article\" \/>\n<meta property=\"og:title\" content=\"4 raisons de choisir un plafonnier italien pour votre d\u00e9coration d\u2019int\u00e9rieur - Mobilier Design Magazine\" \/>\n<meta property=\"og:description\" content=\"Les&nbsp;plafonniers&nbsp;sont connus pour \u00eatre une composante essentielle pour la d\u00e9coration des pi\u00e8ces de la maison. Pourquoi privil\u00e9gier les&nbsp;lampes d\u2019origine italienne\u2009? 1. Un design \u00e9pur\u00e9 et moderne Le\u00a0plafonnier italien\u00a0se distingue par ses magnifiques traits. Si vous \u00eates \u00e0 la recherche d\u2019une lampe pour sublimer votre espace de vie, vous ne trouverez pas mieux que le\u00a0plafonnier design [&hellip;]\" \/>\n<meta property=\"og:url\" content=\"https:\/\/www.mobilier-design-occasion.fr\/magazine\/4-raisons-de-choisir-un-plafonnier-italien-pour-votre-decoration-dinterieur\/\" \/>\n<meta property=\"og:site_name\" content=\"Mobilier Design Magazine\" \/>\n<meta property=\"article:publisher\" content=\"https:\/\/www.facebook.com\/mobilierdesignoccasion\" \/>\n<meta property=\"article:published_time\" content=\"2023-04-20T07:00:26+00:00\" \/>\n<meta property=\"article:modified_time\" content=\"2023-09-25T13:39:47+00:00\" \/>\n<meta property=\"og:image\" content=\"https:\/\/www.mobilier-design-occasion.fr\/magazine\/wp-content\/uploads\/2023\/04\/9de517848d2aee7cdcd3443dc2bc01a8.jpeg\" \/>\n\t<meta property=\"og:image:width\" content=\"1280\" \/>\n\t<meta property=\"og:image:height\" content=\"853\" \/>\n\t<meta property=\"og:image:type\" content=\"image\/jpeg\" \/>\n<meta name=\"author\" content=\"Cyrielle Poirot\" \/>\n<meta name=\"twitter:card\" content=\"summary_large_image\" \/>\n<meta name=\"twitter:label1\" content=\"\u00c9crit par\" \/>\n\t<meta name=\"twitter:data1\" content=\"Cyrielle Poirot\" \/>\n\t<meta name=\"twitter:label2\" content=\"Dur\u00e9e de lecture estim\u00e9e\" \/>\n\t<meta name=\"twitter:data2\" content=\"1 minute\" \/>\n<script type=\"application\/ld+json\" class=\"yoast-schema-graph\">{\"@context\":\"https:\\\/\\\/schema.org\",\"@graph\":[{\"@type\":\"Article\",\"@id\":\"https:\\\/\\\/www.mobilier-design-occasion.fr\\\/magazine\\\/4-raisons-de-choisir-un-plafonnier-italien-pour-votre-decoration-dinterieur\\\/#article\",\"isPartOf\":{\"@id\":\"https:\\\/\\\/www.mobilier-design-occasion.fr\\\/magazine\\\/4-raisons-de-choisir-un-plafonnier-italien-pour-votre-decoration-dinterieur\\\/\"},\"author\":{\"name\":\"Cyrielle Poirot\",\"@id\":\"https:\\\/\\\/www.mobilier-design-occasion.fr\\\/magazine\\\/#\\\/schema\\\/person\\\/5b2e5627a714ddadaaf8c9b886c55eff\"},\"headline\":\"4 raisons de choisir un plafonnier italien pour votre d\u00e9coration d\u2019int\u00e9rieur\",\"datePublished\":\"2023-04-20T07:00:26+00:00\",\"dateModified\":\"2023-09-25T13:39:47+00:00\",\"mainEntityOfPage\":{\"@id\":\"https:\\\/\\\/www.mobilier-design-occasion.fr\\\/magazine\\\/4-raisons-de-choisir-un-plafonnier-italien-pour-votre-decoration-dinterieur\\\/\"},\"wordCount\":307,\"commentCount\":0,\"publisher\":{\"@id\":\"https:\\\/\\\/www.mobilier-design-occasion.fr\\\/magazine\\\/#organization\"},\"image\":{\"@id\":\"https:\\\/\\\/www.mobilier-design-occasion.fr\\\/magazine\\\/4-raisons-de-choisir-un-plafonnier-italien-pour-votre-decoration-dinterieur\\\/#primaryimage\"},\"thumbnailUrl\":\"https:\\\/\\\/www.mobilier-design-occasion.fr\\\/magazine\\\/wp-content\\\/uploads\\\/2023\\\/04\\\/9de517848d2aee7cdcd3443dc2bc01a8.jpeg\",\"articleSection\":[\"Tendances\"],\"inLanguage\":\"fr-FR\",\"potentialAction\":[{\"@type\":\"CommentAction\",\"name\":\"Comment\",\"target\":[\"https:\\\/\\\/www.mobilier-design-occasion.fr\\\/magazine\\\/4-raisons-de-choisir-un-plafonnier-italien-pour-votre-decoration-dinterieur\\\/#respond\"]}]},{\"@type\":\"WebPage\",\"@id\":\"https:\\\/\\\/www.mobilier-design-occasion.fr\\\/magazine\\\/4-raisons-de-choisir-un-plafonnier-italien-pour-votre-decoration-dinterieur\\\/\",\"url\":\"https:\\\/\\\/www.mobilier-design-occasion.fr\\\/magazine\\\/4-raisons-de-choisir-un-plafonnier-italien-pour-votre-decoration-dinterieur\\\/\",\"name\":\"4 raisons de choisir un plafonnier italien pour votre d\u00e9coration d\u2019int\u00e9rieur - Mobilier Design Magazine\",\"isPartOf\":{\"@id\":\"https:\\\/\\\/www.mobilier-design-occasion.fr\\\/magazine\\\/#website\"},\"primaryImageOfPage\":{\"@id\":\"https:\\\/\\\/www.mobilier-design-occasion.fr\\\/magazine\\\/4-raisons-de-choisir-un-plafonnier-italien-pour-votre-decoration-dinterieur\\\/#primaryimage\"},\"image\":{\"@id\":\"https:\\\/\\\/www.mobilier-design-occasion.fr\\\/magazine\\\/4-raisons-de-choisir-un-plafonnier-italien-pour-votre-decoration-dinterieur\\\/#primaryimage\"},\"thumbnailUrl\":\"https:\\\/\\\/www.mobilier-design-occasion.fr\\\/magazine\\\/wp-content\\\/uploads\\\/2023\\\/04\\\/9de517848d2aee7cdcd3443dc2bc01a8.jpeg\",\"datePublished\":\"2023-04-20T07:00:26+00:00\",\"dateModified\":\"2023-09-25T13:39:47+00:00\",\"breadcrumb\":{\"@id\":\"https:\\\/\\\/www.mobilier-design-occasion.fr\\\/magazine\\\/4-raisons-de-choisir-un-plafonnier-italien-pour-votre-decoration-dinterieur\\\/#breadcrumb\"},\"inLanguage\":\"fr-FR\",\"potentialAction\":[{\"@type\":\"ReadAction\",\"target\":[\"https:\\\/\\\/www.mobilier-design-occasion.fr\\\/magazine\\\/4-raisons-de-choisir-un-plafonnier-italien-pour-votre-decoration-dinterieur\\\/\"]}]},{\"@type\":\"ImageObject\",\"inLanguage\":\"fr-FR\",\"@id\":\"https:\\\/\\\/www.mobilier-design-occasion.fr\\\/magazine\\\/4-raisons-de-choisir-un-plafonnier-italien-pour-votre-decoration-dinterieur\\\/#primaryimage\",\"url\":\"https:\\\/\\\/www.mobilier-design-occasion.fr\\\/magazine\\\/wp-content\\\/uploads\\\/2023\\\/04\\\/9de517848d2aee7cdcd3443dc2bc01a8.jpeg\",\"contentUrl\":\"https:\\\/\\\/www.mobilier-design-occasion.fr\\\/magazine\\\/wp-content\\\/uploads\\\/2023\\\/04\\\/9de517848d2aee7cdcd3443dc2bc01a8.jpeg\",\"width\":1280,\"height\":853},{\"@type\":\"BreadcrumbList\",\"@id\":\"https:\\\/\\\/www.mobilier-design-occasion.fr\\\/magazine\\\/4-raisons-de-choisir-un-plafonnier-italien-pour-votre-decoration-dinterieur\\\/#breadcrumb\",\"itemListElement\":[{\"@type\":\"ListItem\",\"position\":1,\"name\":\"Accueil\",\"item\":\"https:\\\/\\\/www.mobilier-design-occasion.fr\\\/magazine\\\/\"},{\"@type\":\"ListItem\",\"position\":2,\"name\":\"4 raisons de choisir un plafonnier italien pour votre d\u00e9coration d\u2019int\u00e9rieur\"}]},{\"@type\":\"WebSite\",\"@id\":\"https:\\\/\\\/www.mobilier-design-occasion.fr\\\/magazine\\\/#website\",\"url\":\"https:\\\/\\\/www.mobilier-design-occasion.fr\\\/magazine\\\/\",\"name\":\"Mobilier Design Magazine\",\"description\":\"\",\"publisher\":{\"@id\":\"https:\\\/\\\/www.mobilier-design-occasion.fr\\\/magazine\\\/#organization\"},\"potentialAction\":[{\"@type\":\"SearchAction\",\"target\":{\"@type\":\"EntryPoint\",\"urlTemplate\":\"https:\\\/\\\/www.mobilier-design-occasion.fr\\\/magazine\\\/?s={search_term_string}\"},\"query-input\":{\"@type\":\"PropertyValueSpecification\",\"valueRequired\":true,\"valueName\":\"search_term_string\"}}],\"inLanguage\":\"fr-FR\"},{\"@type\":\"Organization\",\"@id\":\"https:\\\/\\\/www.mobilier-design-occasion.fr\\\/magazine\\\/#organization\",\"name\":\"Mobilier Design Magazine\",\"url\":\"https:\\\/\\\/www.mobilier-design-occasion.fr\\\/magazine\\\/\",\"logo\":{\"@type\":\"ImageObject\",\"inLanguage\":\"fr-FR\",\"@id\":\"https:\\\/\\\/www.mobilier-design-occasion.fr\\\/magazine\\\/#\\\/schema\\\/logo\\\/image\\\/\",\"url\":\"https:\\\/\\\/www.mobilier-design-occasion.fr\\\/magazine\\\/wp-content\\\/uploads\\\/2024\\\/02\\\/android-chrome-192x192-1.png\",\"contentUrl\":\"https:\\\/\\\/www.mobilier-design-occasion.fr\\\/magazine\\\/wp-content\\\/uploads\\\/2024\\\/02\\\/android-chrome-192x192-1.png\",\"width\":192,\"height\":192,\"caption\":\"Mobilier Design Magazine\"},\"image\":{\"@id\":\"https:\\\/\\\/www.mobilier-design-occasion.fr\\\/magazine\\\/#\\\/schema\\\/logo\\\/image\\\/\"},\"sameAs\":[\"https:\\\/\\\/www.facebook.com\\\/mobilierdesignoccasion\"]},{\"@type\":\"Person\",\"@id\":\"https:\\\/\\\/www.mobilier-design-occasion.fr\\\/magazine\\\/#\\\/schema\\\/person\\\/5b2e5627a714ddadaaf8c9b886c55eff\",\"name\":\"Cyrielle Poirot\",\"image\":{\"@type\":\"ImageObject\",\"inLanguage\":\"fr-FR\",\"@id\":\"https:\\\/\\\/secure.gravatar.com\\\/avatar\\\/c8d2674e093b06894d8d1dc468b626bd752523471f3ac6e75f7c7a1400d40b4d?s=96&d=mm&r=g\",\"url\":\"https:\\\/\\\/secure.gravatar.com\\\/avatar\\\/c8d2674e093b06894d8d1dc468b626bd752523471f3ac6e75f7c7a1400d40b4d?s=96&d=mm&r=g\",\"contentUrl\":\"https:\\\/\\\/secure.gravatar.com\\\/avatar\\\/c8d2674e093b06894d8d1dc468b626bd752523471f3ac6e75f7c7a1400d40b4d?s=96&d=mm&r=g\",\"caption\":\"Cyrielle Poirot\"},\"description\":\"Cyrielle est passionn\u00e9e par la d\u00e9coration d'int\u00e9rieur et s'est sp\u00e9cialis\u00e9e depuis quelques ann\u00e9es dans l'\u00e9dition du site Mobilier-Design, avec une touche sp\u00e9cifique pour les produits d'occasion.\",\"sameAs\":[\"https:\\\/\\\/www.mobilier-design-occasion.fr\\\/magazine\"],\"url\":\"https:\\\/\\\/www.mobilier-design-occasion.fr\\\/magazine\\\/author\\\/cyrielle\\\/\"}]}<\/script>\n<!-- \/ Yoast SEO plugin. -->","yoast_head_json":{"title":"4 raisons de choisir un plafonnier italien pour votre d\u00e9coration d\u2019int\u00e9rieur - Mobilier Design Magazine","robots":{"index":"index","follow":"follow","max-snippet":"max-snippet:-1","max-image-preview":"max-image-preview:large","max-video-preview":"max-video-preview:-1"},"canonical":"https:\/\/www.mobilier-design-occasion.fr\/magazine\/4-raisons-de-choisir-un-plafonnier-italien-pour-votre-decoration-dinterieur\/","og_locale":"fr_FR","og_type":"article","og_title":"4 raisons de choisir un plafonnier italien pour votre d\u00e9coration d\u2019int\u00e9rieur - Mobilier Design Magazine","og_description":"Les&nbsp;plafonniers&nbsp;sont connus pour \u00eatre une composante essentielle pour la d\u00e9coration des pi\u00e8ces de la maison. Pourquoi privil\u00e9gier les&nbsp;lampes d\u2019origine italienne\u2009? 1. Un design \u00e9pur\u00e9 et moderne Le\u00a0plafonnier italien\u00a0se distingue par ses magnifiques traits. Si vous \u00eates \u00e0 la recherche d\u2019une lampe pour sublimer votre espace de vie, vous ne trouverez pas mieux que le\u00a0plafonnier design [&hellip;]","og_url":"https:\/\/www.mobilier-design-occasion.fr\/magazine\/4-raisons-de-choisir-un-plafonnier-italien-pour-votre-decoration-dinterieur\/","og_site_name":"Mobilier Design Magazine","article_publisher":"https:\/\/www.facebook.com\/mobilierdesignoccasion","article_published_time":"2023-04-20T07:00:26+00:00","article_modified_time":"2023-09-25T13:39:47+00:00","og_image":[{"width":1280,"height":853,"url":"https:\/\/www.mobilier-design-occasion.fr\/magazine\/wp-content\/uploads\/2023\/04\/9de517848d2aee7cdcd3443dc2bc01a8.jpeg","type":"image\/jpeg"}],"author":"Cyrielle Poirot","twitter_card":"summary_large_image","twitter_misc":{"\u00c9crit par":"Cyrielle Poirot","Dur\u00e9e de lecture estim\u00e9e":"1 minute"},"schema":{"@context":"https:\/\/schema.org","@graph":[{"@type":"Article","@id":"https:\/\/www.mobilier-design-occasion.fr\/magazine\/4-raisons-de-choisir-un-plafonnier-italien-pour-votre-decoration-dinterieur\/#article","isPartOf":{"@id":"https:\/\/www.mobilier-design-occasion.fr\/magazine\/4-raisons-de-choisir-un-plafonnier-italien-pour-votre-decoration-dinterieur\/"},"author":{"name":"Cyrielle Poirot","@id":"https:\/\/www.mobilier-design-occasion.fr\/magazine\/#\/schema\/person\/5b2e5627a714ddadaaf8c9b886c55eff"},"headline":"4 raisons de choisir un plafonnier italien pour votre d\u00e9coration d\u2019int\u00e9rieur","datePublished":"2023-04-20T07:00:26+00:00","dateModified":"2023-09-25T13:39:47+00:00","mainEntityOfPage":{"@id":"https:\/\/www.mobilier-design-occasion.fr\/magazine\/4-raisons-de-choisir-un-plafonnier-italien-pour-votre-decoration-dinterieur\/"},"wordCount":307,"commentCount":0,"publisher":{"@id":"https:\/\/www.mobilier-design-occasion.fr\/magazine\/#organization"},"image":{"@id":"https:\/\/www.mobilier-design-occasion.fr\/magazine\/4-raisons-de-choisir-un-plafonnier-italien-pour-votre-decoration-dinterieur\/#primaryimage"},"thumbnailUrl":"https:\/\/www.mobilier-design-occasion.fr\/magazine\/wp-content\/uploads\/2023\/04\/9de517848d2aee7cdcd3443dc2bc01a8.jpeg","articleSection":["Tendances"],"inLanguage":"fr-FR","potentialAction":[{"@type":"CommentAction","name":"Comment","target":["https:\/\/www.mobilier-design-occasion.fr\/magazine\/4-raisons-de-choisir-un-plafonnier-italien-pour-votre-decoration-dinterieur\/#respond"]}]},{"@type":"WebPage","@id":"https:\/\/www.mobilier-design-occasion.fr\/magazine\/4-raisons-de-choisir-un-plafonnier-italien-pour-votre-decoration-dinterieur\/","url":"https:\/\/www.mobilier-design-occasion.fr\/magazine\/4-raisons-de-choisir-un-plafonnier-italien-pour-votre-decoration-dinterieur\/","name":"4 raisons de choisir un plafonnier italien pour votre d\u00e9coration d\u2019int\u00e9rieur - Mobilier Design Magazine","isPartOf":{"@id":"https:\/\/www.mobilier-design-occasion.fr\/magazine\/#website"},"primaryImageOfPage":{"@id":"https:\/\/www.mobilier-design-occasion.fr\/magazine\/4-raisons-de-choisir-un-plafonnier-italien-pour-votre-decoration-dinterieur\/#primaryimage"},"image":{"@id":"https:\/\/www.mobilier-design-occasion.fr\/magazine\/4-raisons-de-choisir-un-plafonnier-italien-pour-votre-decoration-dinterieur\/#primaryimage"},"thumbnailUrl":"https:\/\/www.mobilier-design-occasion.fr\/magazine\/wp-content\/uploads\/2023\/04\/9de517848d2aee7cdcd3443dc2bc01a8.jpeg","datePublished":"2023-04-20T07:00:26+00:00","dateModified":"2023-09-25T13:39:47+00:00","breadcrumb":{"@id":"https:\/\/www.mobilier-design-occasion.fr\/magazine\/4-raisons-de-choisir-un-plafonnier-italien-pour-votre-decoration-dinterieur\/#breadcrumb"},"inLanguage":"fr-FR","potentialAction":[{"@type":"ReadAction","target":["https:\/\/www.mobilier-design-occasion.fr\/magazine\/4-raisons-de-choisir-un-plafonnier-italien-pour-votre-decoration-dinterieur\/"]}]},{"@type":"ImageObject","inLanguage":"fr-FR","@id":"https:\/\/www.mobilier-design-occasion.fr\/magazine\/4-raisons-de-choisir-un-plafonnier-italien-pour-votre-decoration-dinterieur\/#primaryimage","url":"https:\/\/www.mobilier-design-occasion.fr\/magazine\/wp-content\/uploads\/2023\/04\/9de517848d2aee7cdcd3443dc2bc01a8.jpeg","contentUrl":"https:\/\/www.mobilier-design-occasion.fr\/magazine\/wp-content\/uploads\/2023\/04\/9de517848d2aee7cdcd3443dc2bc01a8.jpeg","width":1280,"height":853},{"@type":"BreadcrumbList","@id":"https:\/\/www.mobilier-design-occasion.fr\/magazine\/4-raisons-de-choisir-un-plafonnier-italien-pour-votre-decoration-dinterieur\/#breadcrumb","itemListElement":[{"@type":"ListItem","position":1,"name":"Accueil","item":"https:\/\/www.mobilier-design-occasion.fr\/magazine\/"},{"@type":"ListItem","position":2,"name":"4 raisons de choisir un plafonnier italien pour votre d\u00e9coration d\u2019int\u00e9rieur"}]},{"@type":"WebSite","@id":"https:\/\/www.mobilier-design-occasion.fr\/magazine\/#website","url":"https:\/\/www.mobilier-design-occasion.fr\/magazine\/","name":"Mobilier Design Magazine","description":"","publisher":{"@id":"https:\/\/www.mobilier-design-occasion.fr\/magazine\/#organization"},"potentialAction":[{"@type":"SearchAction","target":{"@type":"EntryPoint","urlTemplate":"https:\/\/www.mobilier-design-occasion.fr\/magazine\/?s={search_term_string}"},"query-input":{"@type":"PropertyValueSpecification","valueRequired":true,"valueName":"search_term_string"}}],"inLanguage":"fr-FR"},{"@type":"Organization","@id":"https:\/\/www.mobilier-design-occasion.fr\/magazine\/#organization","name":"Mobilier Design Magazine","url":"https:\/\/www.mobilier-design-occasion.fr\/magazine\/","logo":{"@type":"ImageObject","inLanguage":"fr-FR","@id":"https:\/\/www.mobilier-design-occasion.fr\/magazine\/#\/schema\/logo\/image\/","url":"https:\/\/www.mobilier-design-occasion.fr\/magazine\/wp-content\/uploads\/2024\/02\/android-chrome-192x192-1.png","contentUrl":"https:\/\/www.mobilier-design-occasion.fr\/magazine\/wp-content\/uploads\/2024\/02\/android-chrome-192x192-1.png","width":192,"height":192,"caption":"Mobilier Design Magazine"},"image":{"@id":"https:\/\/www.mobilier-design-occasion.fr\/magazine\/#\/schema\/logo\/image\/"},"sameAs":["https:\/\/www.facebook.com\/mobilierdesignoccasion"]},{"@type":"Person","@id":"https:\/\/www.mobilier-design-occasion.fr\/magazine\/#\/schema\/person\/5b2e5627a714ddadaaf8c9b886c55eff","name":"Cyrielle Poirot","image":{"@type":"ImageObject","inLanguage":"fr-FR","@id":"https:\/\/secure.gravatar.com\/avatar\/c8d2674e093b06894d8d1dc468b626bd752523471f3ac6e75f7c7a1400d40b4d?s=96&d=mm&r=g","url":"https:\/\/secure.gravatar.com\/avatar\/c8d2674e093b06894d8d1dc468b626bd752523471f3ac6e75f7c7a1400d40b4d?s=96&d=mm&r=g","contentUrl":"https:\/\/secure.gravatar.com\/avatar\/c8d2674e093b06894d8d1dc468b626bd752523471f3ac6e75f7c7a1400d40b4d?s=96&d=mm&r=g","caption":"Cyrielle Poirot"},"description":"Cyrielle est passionn\u00e9e par la d\u00e9coration d'int\u00e9rieur et s'est sp\u00e9cialis\u00e9e depuis quelques ann\u00e9es dans l'\u00e9dition du site Mobilier-Design, avec une touche sp\u00e9cifique pour les produits d'occasion.","sameAs":["https:\/\/www.mobilier-design-occasion.fr\/magazine"],"url":"https:\/\/www.mobilier-design-occasion.fr\/magazine\/author\/cyrielle\/"}]}},"_links":{"self":[{"href":"https:\/\/www.mobilier-design-occasion.fr\/magazine\/wp-json\/wp\/v2\/posts\/6535","targetHints":{"allow":["GET"]}}],"collection":[{"href":"https:\/\/www.mobilier-design-occasion.fr\/magazine\/wp-json\/wp\/v2\/posts"}],"about":[{"href":"https:\/\/www.mobilier-design-occasion.fr\/magazine\/wp-json\/wp\/v2\/types\/post"}],"author":[{"embeddable":true,"href":"https:\/\/www.mobilier-design-occasion.fr\/magazine\/wp-json\/wp\/v2\/users\/1"}],"replies":[{"embeddable":true,"href":"https:\/\/www.mobilier-design-occasion.fr\/magazine\/wp-json\/wp\/v2\/comments?post=6535"}],"version-history":[{"count":1,"href":"https:\/\/www.mobilier-design-occasion.fr\/magazine\/wp-json\/wp\/v2\/posts\/6535\/revisions"}],"predecessor-version":[{"id":6539,"href":"https:\/\/www.mobilier-design-occasion.fr\/magazine\/wp-json\/wp\/v2\/posts\/6535\/revisions\/6539"}],"wp:featuredmedia":[{"embeddable":true,"href":"https:\/\/www.mobilier-design-occasion.fr\/magazine\/wp-json\/wp\/v2\/media\/6536"}],"wp:attachment":[{"href":"https:\/\/www.mobilier-design-occasion.fr\/magazine\/wp-json\/wp\/v2\/media?parent=6535"}],"wp:term":[{"taxonomy":"category","embeddable":true,"href":"https:\/\/www.mobilier-design-occasion.fr\/magazine\/wp-json\/wp\/v2\/categories?post=6535"},{"taxonomy":"post_tag","embeddable":true,"href":"https:\/\/www.mobilier-design-occasion.fr\/magazine\/wp-json\/wp\/v2\/tags?post=6535"}],"curies":[{"name":"wp","href":"https:\/\/api.w.org\/{rel}","templated":true}]}}