{"id":6506,"date":"2023-03-29T09:56:13","date_gmt":"2023-03-29T09:56:13","guid":{"rendered":"https:\/\/www.mobilier-design-occasion.fr\/magazine\/?p=6506"},"modified":"2023-09-25T13:39:47","modified_gmt":"2023-09-25T13:39:47","slug":"pourquoi-installer-une-main-courante-dans-vos-escaliers","status":"publish","type":"post","link":"https:\/\/www.mobilier-design-occasion.fr\/magazine\/pourquoi-installer-une-main-courante-dans-vos-escaliers\/","title":{"rendered":"Pourquoi installer une main courante dans vos escaliers\u2009?"},"content":{"rendered":"\n<p>Une main courante est&nbsp;<strong>une barre<\/strong>&nbsp;souvent fix\u00e9e \u00e0 une hauteur accessible qui sert de&nbsp;<strong>support<\/strong>. Elle est g\u00e9n\u00e9ralement install\u00e9e le&nbsp;<strong>long des escaliers<\/strong>&nbsp;ou des&nbsp;<strong>couloirs \u00e9troits<\/strong>. Lisez cet article pour d\u00e9couvrir les raisons pour lesquelles vous devez installer une main courante sur vos escaliers.<\/p>\n\n\n\n<h2 class=\"wp-block-heading\"><span class=\"ez-toc-section\" id=\"Pour_beneficier_dune_securite_optimale\"><\/span>Pour b\u00e9n\u00e9ficier d\u2019une s\u00e9curit\u00e9 optimale<span class=\"ez-toc-section-end\"><\/span><\/h2><div id=\"ez-toc-container\" class=\"ez-toc-v2_0_82_2 counter-hierarchy ez-toc-counter ez-toc-grey ez-toc-container-direction\">\n<div class=\"ez-toc-title-container\">\n<span class=\"ez-toc-title-toggle\"><a href=\"#\" class=\"ez-toc-pull-right ez-toc-btn ez-toc-btn-xs ez-toc-btn-default ez-toc-toggle\" aria-label=\"Toggle Table of Content\"><span class=\"ez-toc-js-icon-con\"><span class=\"\"><span class=\"eztoc-hide\" style=\"display:none;\">Toggle<\/span><span class=\"ez-toc-icon-toggle-span\"><svg style=\"fill: #999;color:#999\" xmlns=\"http:\/\/www.w3.org\/2000\/svg\" class=\"list-377408\" width=\"20px\" height=\"20px\" viewBox=\"0 0 24 24\" fill=\"none\"><path d=\"M6 6H4v2h2V6zm14 0H8v2h12V6zM4 11h2v2H4v-2zm16 0H8v2h12v-2zM4 16h2v2H4v-2zm16 0H8v2h12v-2z\" fill=\"currentColor\"><\/path><\/svg><svg style=\"fill: #999;color:#999\" class=\"arrow-unsorted-368013\" xmlns=\"http:\/\/www.w3.org\/2000\/svg\" width=\"10px\" height=\"10px\" viewBox=\"0 0 24 24\" version=\"1.2\" baseProfile=\"tiny\"><path d=\"M18.2 9.3l-6.2-6.3-6.2 6.3c-.2.2-.3.4-.3.7s.1.5.3.7c.2.2.4.3.7.3h11c.3 0 .5-.1.7-.3.2-.2.3-.5.3-.7s-.1-.5-.3-.7zM5.8 14.7l6.2 6.3 6.2-6.3c.2-.2.3-.5.3-.7s-.1-.5-.3-.7c-.2-.2-.4-.3-.7-.3h-11c-.3 0-.5.1-.7.3-.2.2-.3.5-.3.7s.1.5.3.7z\"\/><\/svg><\/span><\/span><\/span><\/a><\/span><\/div>\n<nav><ul class='ez-toc-list ez-toc-list-level-1 eztoc-toggle-hide-by-default' ><li class='ez-toc-page-1 ez-toc-heading-level-2'><a class=\"ez-toc-link ez-toc-heading-1\" href=\"https:\/\/www.mobilier-design-occasion.fr\/magazine\/pourquoi-installer-une-main-courante-dans-vos-escaliers\/#Pour_beneficier_dune_securite_optimale\" >Pour b\u00e9n\u00e9ficier d\u2019une s\u00e9curit\u00e9 optimale<\/a><\/li><li class='ez-toc-page-1 ez-toc-heading-level-2'><a class=\"ez-toc-link ez-toc-heading-2\" href=\"https:\/\/www.mobilier-design-occasion.fr\/magazine\/pourquoi-installer-une-main-courante-dans-vos-escaliers\/#Pour_faciliter_les_deplacements\" >Pour faciliter les d\u00e9placements &nbsp;<\/a><\/li><li class='ez-toc-page-1 ez-toc-heading-level-2'><a class=\"ez-toc-link ez-toc-heading-3\" href=\"https:\/\/www.mobilier-design-occasion.fr\/magazine\/pourquoi-installer-une-main-courante-dans-vos-escaliers\/#Pour_profiter_dune_meilleure_esthetique\" >Pour profiter d\u2019une meilleure esth\u00e9tique<\/a><\/li><\/ul><\/nav><\/div>\n\n\n\n\n<p>La&nbsp;<strong>s\u00e9curit\u00e9&nbsp;<\/strong>est l\u2019une des principales raisons pour lesquelles il est important d\u2019installer une&nbsp;<strong>main courante<\/strong>&nbsp;sur vos escaliers. Pour rappel, les escaliers sont l\u2019une des zones les<strong>&nbsp;plus risqu\u00e9es&nbsp;<\/strong>d\u2019un logement. Les accidents qui surviennent g\u00e9n\u00e9ralement dans les escaliers peuvent entra\u00eener des&nbsp;<strong>blessures graves<\/strong>&nbsp;voire mortelles. Ainsi, une main courante vous prot\u00e9gera contre les&nbsp;<strong>chutes<\/strong>&nbsp;et les&nbsp;<strong>glissades<\/strong>. Elle offre souvent un&nbsp;<strong>soutien suppl\u00e9mentaire<\/strong>&nbsp;et aide les personnes \u00e0 retrouver un meilleur \u00e9quilibre. Par ailleurs, il existe plusieurs sites sur lesquels vous pourrez&nbsp;<a href=\"https:\/\/www.metalenstock.fr\/\">trouver le mat\u00e9riel que vous voulez<\/a>&nbsp;pour effectuer vos diff\u00e9rents travaux.<\/p>\n\n\n\n<h2 class=\"wp-block-heading\"><span class=\"ez-toc-section\" id=\"Pour_faciliter_les_deplacements\"><\/span>Pour faciliter les d\u00e9placements &nbsp;<span class=\"ez-toc-section-end\"><\/span><\/h2>\n\n\n\n<p>L\u2019autre avantage d\u2019installer une main courante dans les escaliers est qu\u2019elle facilite<strong>&nbsp;les d\u00e9placements<\/strong>. G\u00e9n\u00e9ralement, les&nbsp;<strong>personnes \u00e2g\u00e9es<\/strong>&nbsp;ou \u00e0&nbsp;<strong>mobilit\u00e9 r\u00e9duite<\/strong>&nbsp;ont des difficult\u00e9s pour monter ou descendre des escaliers. L\u2019installation d\u2019une main courante leur permettra ainsi de se&nbsp;<strong>d\u00e9placer<\/strong>&nbsp;plus&nbsp;<strong>facilement<\/strong>&nbsp;et en toute&nbsp;<strong>s\u00e9curit\u00e9<\/strong>.<\/p>\n\n\n\n<h2 class=\"wp-block-heading\"><span class=\"ez-toc-section\" id=\"Pour_profiter_dune_meilleure_esthetique\"><\/span>Pour profiter d\u2019une meilleure esth\u00e9tique<span class=\"ez-toc-section-end\"><\/span><\/h2>\n\n\n\n<p>La main courante vous permet d\u2019ajouter une&nbsp;<strong>touche esth\u00e9tique<\/strong>&nbsp;\u00e0 vos escaliers. Elle est g\u00e9n\u00e9ralement dans plusieurs styles, mat\u00e9riaux et couleurs. Ainsi, vous n\u2019aurez pas du mal \u00e0 trouver un mod\u00e8le qui s\u2019int\u00e9grera parfaitement dans votre&nbsp;<strong>style de d\u00e9coration<\/strong>. L\u2019autre avantage d\u2019installer une main courante est qu\u2019elle donne un aspect plus&nbsp;<strong>sophistiqu\u00e9<\/strong>&nbsp;\u00e0 vos escaliers et permet d\u2019am\u00e9liorer l\u2019apparence g\u00e9n\u00e9rale de votre maison.<\/p>\n","protected":false},"excerpt":{"rendered":"<p>Une main courante est&nbsp;une barre&nbsp;souvent fix\u00e9e \u00e0 une hauteur accessible qui sert de&nbsp;support. Elle est g\u00e9n\u00e9ralement install\u00e9e le&nbsp;long des escaliers&nbsp;ou des&nbsp;couloirs \u00e9troits. Lisez cet article pour d\u00e9couvrir les raisons pour lesquelles vous devez installer une main courante sur vos escaliers. Pour b\u00e9n\u00e9ficier d\u2019une s\u00e9curit\u00e9 optimale La&nbsp;s\u00e9curit\u00e9&nbsp;est l\u2019une des principales raisons pour lesquelles il est important [&hellip;]<\/p>\n","protected":false},"author":1,"featured_media":6507,"comment_status":"open","ping_status":"open","sticky":false,"template":"","format":"standard","meta":{"footnotes":""},"categories":[2],"tags":[],"class_list":["post-6506","post","type-post","status-publish","format-standard","has-post-thumbnail","hentry","category-tendances"],"yoast_head":"<!-- This site is optimized with the Yoast SEO plugin v27.5 - https:\/\/yoast.com\/product\/yoast-seo-wordpress\/ -->\n<title>Pourquoi installer une main courante dans vos escaliers\u2009? - Mobilier Design Magazine<\/title>\n<meta name=\"robots\" content=\"index, follow, max-snippet:-1, max-image-preview:large, max-video-preview:-1\" \/>\n<link rel=\"canonical\" href=\"https:\/\/www.mobilier-design-occasion.fr\/magazine\/pourquoi-installer-une-main-courante-dans-vos-escaliers\/\" \/>\n<meta property=\"og:locale\" content=\"fr_FR\" \/>\n<meta property=\"og:type\" content=\"article\" \/>\n<meta property=\"og:title\" content=\"Pourquoi installer une main courante dans vos escaliers\u2009? - Mobilier Design Magazine\" \/>\n<meta property=\"og:description\" content=\"Une main courante est&nbsp;une barre&nbsp;souvent fix\u00e9e \u00e0 une hauteur accessible qui sert de&nbsp;support. Elle est g\u00e9n\u00e9ralement install\u00e9e le&nbsp;long des escaliers&nbsp;ou des&nbsp;couloirs \u00e9troits. Lisez cet article pour d\u00e9couvrir les raisons pour lesquelles vous devez installer une main courante sur vos escaliers. Pour b\u00e9n\u00e9ficier d\u2019une s\u00e9curit\u00e9 optimale La&nbsp;s\u00e9curit\u00e9&nbsp;est l\u2019une des principales raisons pour lesquelles il est important [&hellip;]\" \/>\n<meta property=\"og:url\" content=\"https:\/\/www.mobilier-design-occasion.fr\/magazine\/pourquoi-installer-une-main-courante-dans-vos-escaliers\/\" \/>\n<meta property=\"og:site_name\" content=\"Mobilier Design Magazine\" \/>\n<meta property=\"article:publisher\" content=\"https:\/\/www.facebook.com\/mobilierdesignoccasion\" \/>\n<meta property=\"article:published_time\" content=\"2023-03-29T09:56:13+00:00\" \/>\n<meta property=\"article:modified_time\" content=\"2023-09-25T13:39:47+00:00\" \/>\n<meta property=\"og:image\" content=\"https:\/\/www.mobilier-design-occasion.fr\/magazine\/wp-content\/uploads\/2023\/03\/475528cf4911ec1cbfe0366f318e8d0d.jpeg\" \/>\n\t<meta property=\"og:image:width\" content=\"850\" \/>\n\t<meta property=\"og:image:height\" content=\"563\" \/>\n\t<meta property=\"og:image:type\" content=\"image\/jpeg\" \/>\n<meta name=\"author\" content=\"Cyrielle Poirot\" \/>\n<meta name=\"twitter:card\" content=\"summary_large_image\" \/>\n<meta name=\"twitter:label1\" content=\"\u00c9crit par\" \/>\n\t<meta name=\"twitter:data1\" content=\"Cyrielle Poirot\" \/>\n\t<meta name=\"twitter:label2\" content=\"Dur\u00e9e de lecture estim\u00e9e\" \/>\n\t<meta name=\"twitter:data2\" content=\"2 minutes\" \/>\n<script type=\"application\/ld+json\" class=\"yoast-schema-graph\">{\"@context\":\"https:\\\/\\\/schema.org\",\"@graph\":[{\"@type\":\"Article\",\"@id\":\"https:\\\/\\\/www.mobilier-design-occasion.fr\\\/magazine\\\/pourquoi-installer-une-main-courante-dans-vos-escaliers\\\/#article\",\"isPartOf\":{\"@id\":\"https:\\\/\\\/www.mobilier-design-occasion.fr\\\/magazine\\\/pourquoi-installer-une-main-courante-dans-vos-escaliers\\\/\"},\"author\":{\"name\":\"Cyrielle Poirot\",\"@id\":\"https:\\\/\\\/www.mobilier-design-occasion.fr\\\/magazine\\\/#\\\/schema\\\/person\\\/5b2e5627a714ddadaaf8c9b886c55eff\"},\"headline\":\"Pourquoi installer une main courante dans vos escaliers\u2009?\",\"datePublished\":\"2023-03-29T09:56:13+00:00\",\"dateModified\":\"2023-09-25T13:39:47+00:00\",\"mainEntityOfPage\":{\"@id\":\"https:\\\/\\\/www.mobilier-design-occasion.fr\\\/magazine\\\/pourquoi-installer-une-main-courante-dans-vos-escaliers\\\/\"},\"wordCount\":360,\"commentCount\":0,\"publisher\":{\"@id\":\"https:\\\/\\\/www.mobilier-design-occasion.fr\\\/magazine\\\/#organization\"},\"image\":{\"@id\":\"https:\\\/\\\/www.mobilier-design-occasion.fr\\\/magazine\\\/pourquoi-installer-une-main-courante-dans-vos-escaliers\\\/#primaryimage\"},\"thumbnailUrl\":\"https:\\\/\\\/www.mobilier-design-occasion.fr\\\/magazine\\\/wp-content\\\/uploads\\\/2023\\\/03\\\/475528cf4911ec1cbfe0366f318e8d0d.jpeg\",\"articleSection\":[\"Tendances\"],\"inLanguage\":\"fr-FR\",\"potentialAction\":[{\"@type\":\"CommentAction\",\"name\":\"Comment\",\"target\":[\"https:\\\/\\\/www.mobilier-design-occasion.fr\\\/magazine\\\/pourquoi-installer-une-main-courante-dans-vos-escaliers\\\/#respond\"]}]},{\"@type\":\"WebPage\",\"@id\":\"https:\\\/\\\/www.mobilier-design-occasion.fr\\\/magazine\\\/pourquoi-installer-une-main-courante-dans-vos-escaliers\\\/\",\"url\":\"https:\\\/\\\/www.mobilier-design-occasion.fr\\\/magazine\\\/pourquoi-installer-une-main-courante-dans-vos-escaliers\\\/\",\"name\":\"Pourquoi installer une main courante dans vos escaliers\u2009? - Mobilier Design Magazine\",\"isPartOf\":{\"@id\":\"https:\\\/\\\/www.mobilier-design-occasion.fr\\\/magazine\\\/#website\"},\"primaryImageOfPage\":{\"@id\":\"https:\\\/\\\/www.mobilier-design-occasion.fr\\\/magazine\\\/pourquoi-installer-une-main-courante-dans-vos-escaliers\\\/#primaryimage\"},\"image\":{\"@id\":\"https:\\\/\\\/www.mobilier-design-occasion.fr\\\/magazine\\\/pourquoi-installer-une-main-courante-dans-vos-escaliers\\\/#primaryimage\"},\"thumbnailUrl\":\"https:\\\/\\\/www.mobilier-design-occasion.fr\\\/magazine\\\/wp-content\\\/uploads\\\/2023\\\/03\\\/475528cf4911ec1cbfe0366f318e8d0d.jpeg\",\"datePublished\":\"2023-03-29T09:56:13+00:00\",\"dateModified\":\"2023-09-25T13:39:47+00:00\",\"breadcrumb\":{\"@id\":\"https:\\\/\\\/www.mobilier-design-occasion.fr\\\/magazine\\\/pourquoi-installer-une-main-courante-dans-vos-escaliers\\\/#breadcrumb\"},\"inLanguage\":\"fr-FR\",\"potentialAction\":[{\"@type\":\"ReadAction\",\"target\":[\"https:\\\/\\\/www.mobilier-design-occasion.fr\\\/magazine\\\/pourquoi-installer-une-main-courante-dans-vos-escaliers\\\/\"]}]},{\"@type\":\"ImageObject\",\"inLanguage\":\"fr-FR\",\"@id\":\"https:\\\/\\\/www.mobilier-design-occasion.fr\\\/magazine\\\/pourquoi-installer-une-main-courante-dans-vos-escaliers\\\/#primaryimage\",\"url\":\"https:\\\/\\\/www.mobilier-design-occasion.fr\\\/magazine\\\/wp-content\\\/uploads\\\/2023\\\/03\\\/475528cf4911ec1cbfe0366f318e8d0d.jpeg\",\"contentUrl\":\"https:\\\/\\\/www.mobilier-design-occasion.fr\\\/magazine\\\/wp-content\\\/uploads\\\/2023\\\/03\\\/475528cf4911ec1cbfe0366f318e8d0d.jpeg\",\"width\":850,\"height\":563,\"caption\":\"Chrome railing outside the building. A line of tubular railings on top of a glass railing. Selective focus. Close-up.\"},{\"@type\":\"BreadcrumbList\",\"@id\":\"https:\\\/\\\/www.mobilier-design-occasion.fr\\\/magazine\\\/pourquoi-installer-une-main-courante-dans-vos-escaliers\\\/#breadcrumb\",\"itemListElement\":[{\"@type\":\"ListItem\",\"position\":1,\"name\":\"Accueil\",\"item\":\"https:\\\/\\\/www.mobilier-design-occasion.fr\\\/magazine\\\/\"},{\"@type\":\"ListItem\",\"position\":2,\"name\":\"Pourquoi installer une main courante dans vos escaliers\u2009?\"}]},{\"@type\":\"WebSite\",\"@id\":\"https:\\\/\\\/www.mobilier-design-occasion.fr\\\/magazine\\\/#website\",\"url\":\"https:\\\/\\\/www.mobilier-design-occasion.fr\\\/magazine\\\/\",\"name\":\"Mobilier Design Magazine\",\"description\":\"\",\"publisher\":{\"@id\":\"https:\\\/\\\/www.mobilier-design-occasion.fr\\\/magazine\\\/#organization\"},\"potentialAction\":[{\"@type\":\"SearchAction\",\"target\":{\"@type\":\"EntryPoint\",\"urlTemplate\":\"https:\\\/\\\/www.mobilier-design-occasion.fr\\\/magazine\\\/?s={search_term_string}\"},\"query-input\":{\"@type\":\"PropertyValueSpecification\",\"valueRequired\":true,\"valueName\":\"search_term_string\"}}],\"inLanguage\":\"fr-FR\"},{\"@type\":\"Organization\",\"@id\":\"https:\\\/\\\/www.mobilier-design-occasion.fr\\\/magazine\\\/#organization\",\"name\":\"Mobilier Design Magazine\",\"url\":\"https:\\\/\\\/www.mobilier-design-occasion.fr\\\/magazine\\\/\",\"logo\":{\"@type\":\"ImageObject\",\"inLanguage\":\"fr-FR\",\"@id\":\"https:\\\/\\\/www.mobilier-design-occasion.fr\\\/magazine\\\/#\\\/schema\\\/logo\\\/image\\\/\",\"url\":\"https:\\\/\\\/www.mobilier-design-occasion.fr\\\/magazine\\\/wp-content\\\/uploads\\\/2024\\\/02\\\/android-chrome-192x192-1.png\",\"contentUrl\":\"https:\\\/\\\/www.mobilier-design-occasion.fr\\\/magazine\\\/wp-content\\\/uploads\\\/2024\\\/02\\\/android-chrome-192x192-1.png\",\"width\":192,\"height\":192,\"caption\":\"Mobilier Design Magazine\"},\"image\":{\"@id\":\"https:\\\/\\\/www.mobilier-design-occasion.fr\\\/magazine\\\/#\\\/schema\\\/logo\\\/image\\\/\"},\"sameAs\":[\"https:\\\/\\\/www.facebook.com\\\/mobilierdesignoccasion\"]},{\"@type\":\"Person\",\"@id\":\"https:\\\/\\\/www.mobilier-design-occasion.fr\\\/magazine\\\/#\\\/schema\\\/person\\\/5b2e5627a714ddadaaf8c9b886c55eff\",\"name\":\"Cyrielle Poirot\",\"image\":{\"@type\":\"ImageObject\",\"inLanguage\":\"fr-FR\",\"@id\":\"https:\\\/\\\/secure.gravatar.com\\\/avatar\\\/c8d2674e093b06894d8d1dc468b626bd752523471f3ac6e75f7c7a1400d40b4d?s=96&d=mm&r=g\",\"url\":\"https:\\\/\\\/secure.gravatar.com\\\/avatar\\\/c8d2674e093b06894d8d1dc468b626bd752523471f3ac6e75f7c7a1400d40b4d?s=96&d=mm&r=g\",\"contentUrl\":\"https:\\\/\\\/secure.gravatar.com\\\/avatar\\\/c8d2674e093b06894d8d1dc468b626bd752523471f3ac6e75f7c7a1400d40b4d?s=96&d=mm&r=g\",\"caption\":\"Cyrielle Poirot\"},\"description\":\"Cyrielle est passionn\u00e9e par la d\u00e9coration d'int\u00e9rieur et s'est sp\u00e9cialis\u00e9e depuis quelques ann\u00e9es dans l'\u00e9dition du site Mobilier-Design, avec une touche sp\u00e9cifique pour les produits d'occasion.\",\"sameAs\":[\"https:\\\/\\\/www.mobilier-design-occasion.fr\\\/magazine\"],\"url\":\"https:\\\/\\\/www.mobilier-design-occasion.fr\\\/magazine\\\/author\\\/cyrielle\\\/\"}]}<\/script>\n<!-- \/ Yoast SEO plugin. -->","yoast_head_json":{"title":"Pourquoi installer une main courante dans vos escaliers\u2009? - Mobilier Design Magazine","robots":{"index":"index","follow":"follow","max-snippet":"max-snippet:-1","max-image-preview":"max-image-preview:large","max-video-preview":"max-video-preview:-1"},"canonical":"https:\/\/www.mobilier-design-occasion.fr\/magazine\/pourquoi-installer-une-main-courante-dans-vos-escaliers\/","og_locale":"fr_FR","og_type":"article","og_title":"Pourquoi installer une main courante dans vos escaliers\u2009? - Mobilier Design Magazine","og_description":"Une main courante est&nbsp;une barre&nbsp;souvent fix\u00e9e \u00e0 une hauteur accessible qui sert de&nbsp;support. Elle est g\u00e9n\u00e9ralement install\u00e9e le&nbsp;long des escaliers&nbsp;ou des&nbsp;couloirs \u00e9troits. Lisez cet article pour d\u00e9couvrir les raisons pour lesquelles vous devez installer une main courante sur vos escaliers. Pour b\u00e9n\u00e9ficier d\u2019une s\u00e9curit\u00e9 optimale La&nbsp;s\u00e9curit\u00e9&nbsp;est l\u2019une des principales raisons pour lesquelles il est important [&hellip;]","og_url":"https:\/\/www.mobilier-design-occasion.fr\/magazine\/pourquoi-installer-une-main-courante-dans-vos-escaliers\/","og_site_name":"Mobilier Design Magazine","article_publisher":"https:\/\/www.facebook.com\/mobilierdesignoccasion","article_published_time":"2023-03-29T09:56:13+00:00","article_modified_time":"2023-09-25T13:39:47+00:00","og_image":[{"width":850,"height":563,"url":"https:\/\/www.mobilier-design-occasion.fr\/magazine\/wp-content\/uploads\/2023\/03\/475528cf4911ec1cbfe0366f318e8d0d.jpeg","type":"image\/jpeg"}],"author":"Cyrielle Poirot","twitter_card":"summary_large_image","twitter_misc":{"\u00c9crit par":"Cyrielle Poirot","Dur\u00e9e de lecture estim\u00e9e":"2 minutes"},"schema":{"@context":"https:\/\/schema.org","@graph":[{"@type":"Article","@id":"https:\/\/www.mobilier-design-occasion.fr\/magazine\/pourquoi-installer-une-main-courante-dans-vos-escaliers\/#article","isPartOf":{"@id":"https:\/\/www.mobilier-design-occasion.fr\/magazine\/pourquoi-installer-une-main-courante-dans-vos-escaliers\/"},"author":{"name":"Cyrielle Poirot","@id":"https:\/\/www.mobilier-design-occasion.fr\/magazine\/#\/schema\/person\/5b2e5627a714ddadaaf8c9b886c55eff"},"headline":"Pourquoi installer une main courante dans vos escaliers\u2009?","datePublished":"2023-03-29T09:56:13+00:00","dateModified":"2023-09-25T13:39:47+00:00","mainEntityOfPage":{"@id":"https:\/\/www.mobilier-design-occasion.fr\/magazine\/pourquoi-installer-une-main-courante-dans-vos-escaliers\/"},"wordCount":360,"commentCount":0,"publisher":{"@id":"https:\/\/www.mobilier-design-occasion.fr\/magazine\/#organization"},"image":{"@id":"https:\/\/www.mobilier-design-occasion.fr\/magazine\/pourquoi-installer-une-main-courante-dans-vos-escaliers\/#primaryimage"},"thumbnailUrl":"https:\/\/www.mobilier-design-occasion.fr\/magazine\/wp-content\/uploads\/2023\/03\/475528cf4911ec1cbfe0366f318e8d0d.jpeg","articleSection":["Tendances"],"inLanguage":"fr-FR","potentialAction":[{"@type":"CommentAction","name":"Comment","target":["https:\/\/www.mobilier-design-occasion.fr\/magazine\/pourquoi-installer-une-main-courante-dans-vos-escaliers\/#respond"]}]},{"@type":"WebPage","@id":"https:\/\/www.mobilier-design-occasion.fr\/magazine\/pourquoi-installer-une-main-courante-dans-vos-escaliers\/","url":"https:\/\/www.mobilier-design-occasion.fr\/magazine\/pourquoi-installer-une-main-courante-dans-vos-escaliers\/","name":"Pourquoi installer une main courante dans vos escaliers\u2009? - Mobilier Design Magazine","isPartOf":{"@id":"https:\/\/www.mobilier-design-occasion.fr\/magazine\/#website"},"primaryImageOfPage":{"@id":"https:\/\/www.mobilier-design-occasion.fr\/magazine\/pourquoi-installer-une-main-courante-dans-vos-escaliers\/#primaryimage"},"image":{"@id":"https:\/\/www.mobilier-design-occasion.fr\/magazine\/pourquoi-installer-une-main-courante-dans-vos-escaliers\/#primaryimage"},"thumbnailUrl":"https:\/\/www.mobilier-design-occasion.fr\/magazine\/wp-content\/uploads\/2023\/03\/475528cf4911ec1cbfe0366f318e8d0d.jpeg","datePublished":"2023-03-29T09:56:13+00:00","dateModified":"2023-09-25T13:39:47+00:00","breadcrumb":{"@id":"https:\/\/www.mobilier-design-occasion.fr\/magazine\/pourquoi-installer-une-main-courante-dans-vos-escaliers\/#breadcrumb"},"inLanguage":"fr-FR","potentialAction":[{"@type":"ReadAction","target":["https:\/\/www.mobilier-design-occasion.fr\/magazine\/pourquoi-installer-une-main-courante-dans-vos-escaliers\/"]}]},{"@type":"ImageObject","inLanguage":"fr-FR","@id":"https:\/\/www.mobilier-design-occasion.fr\/magazine\/pourquoi-installer-une-main-courante-dans-vos-escaliers\/#primaryimage","url":"https:\/\/www.mobilier-design-occasion.fr\/magazine\/wp-content\/uploads\/2023\/03\/475528cf4911ec1cbfe0366f318e8d0d.jpeg","contentUrl":"https:\/\/www.mobilier-design-occasion.fr\/magazine\/wp-content\/uploads\/2023\/03\/475528cf4911ec1cbfe0366f318e8d0d.jpeg","width":850,"height":563,"caption":"Chrome railing outside the building. A line of tubular railings on top of a glass railing. Selective focus. Close-up."},{"@type":"BreadcrumbList","@id":"https:\/\/www.mobilier-design-occasion.fr\/magazine\/pourquoi-installer-une-main-courante-dans-vos-escaliers\/#breadcrumb","itemListElement":[{"@type":"ListItem","position":1,"name":"Accueil","item":"https:\/\/www.mobilier-design-occasion.fr\/magazine\/"},{"@type":"ListItem","position":2,"name":"Pourquoi installer une main courante dans vos escaliers\u2009?"}]},{"@type":"WebSite","@id":"https:\/\/www.mobilier-design-occasion.fr\/magazine\/#website","url":"https:\/\/www.mobilier-design-occasion.fr\/magazine\/","name":"Mobilier Design Magazine","description":"","publisher":{"@id":"https:\/\/www.mobilier-design-occasion.fr\/magazine\/#organization"},"potentialAction":[{"@type":"SearchAction","target":{"@type":"EntryPoint","urlTemplate":"https:\/\/www.mobilier-design-occasion.fr\/magazine\/?s={search_term_string}"},"query-input":{"@type":"PropertyValueSpecification","valueRequired":true,"valueName":"search_term_string"}}],"inLanguage":"fr-FR"},{"@type":"Organization","@id":"https:\/\/www.mobilier-design-occasion.fr\/magazine\/#organization","name":"Mobilier Design Magazine","url":"https:\/\/www.mobilier-design-occasion.fr\/magazine\/","logo":{"@type":"ImageObject","inLanguage":"fr-FR","@id":"https:\/\/www.mobilier-design-occasion.fr\/magazine\/#\/schema\/logo\/image\/","url":"https:\/\/www.mobilier-design-occasion.fr\/magazine\/wp-content\/uploads\/2024\/02\/android-chrome-192x192-1.png","contentUrl":"https:\/\/www.mobilier-design-occasion.fr\/magazine\/wp-content\/uploads\/2024\/02\/android-chrome-192x192-1.png","width":192,"height":192,"caption":"Mobilier Design Magazine"},"image":{"@id":"https:\/\/www.mobilier-design-occasion.fr\/magazine\/#\/schema\/logo\/image\/"},"sameAs":["https:\/\/www.facebook.com\/mobilierdesignoccasion"]},{"@type":"Person","@id":"https:\/\/www.mobilier-design-occasion.fr\/magazine\/#\/schema\/person\/5b2e5627a714ddadaaf8c9b886c55eff","name":"Cyrielle Poirot","image":{"@type":"ImageObject","inLanguage":"fr-FR","@id":"https:\/\/secure.gravatar.com\/avatar\/c8d2674e093b06894d8d1dc468b626bd752523471f3ac6e75f7c7a1400d40b4d?s=96&d=mm&r=g","url":"https:\/\/secure.gravatar.com\/avatar\/c8d2674e093b06894d8d1dc468b626bd752523471f3ac6e75f7c7a1400d40b4d?s=96&d=mm&r=g","contentUrl":"https:\/\/secure.gravatar.com\/avatar\/c8d2674e093b06894d8d1dc468b626bd752523471f3ac6e75f7c7a1400d40b4d?s=96&d=mm&r=g","caption":"Cyrielle Poirot"},"description":"Cyrielle est passionn\u00e9e par la d\u00e9coration d'int\u00e9rieur et s'est sp\u00e9cialis\u00e9e depuis quelques ann\u00e9es dans l'\u00e9dition du site Mobilier-Design, avec une touche sp\u00e9cifique pour les produits d'occasion.","sameAs":["https:\/\/www.mobilier-design-occasion.fr\/magazine"],"url":"https:\/\/www.mobilier-design-occasion.fr\/magazine\/author\/cyrielle\/"}]}},"_links":{"self":[{"href":"https:\/\/www.mobilier-design-occasion.fr\/magazine\/wp-json\/wp\/v2\/posts\/6506","targetHints":{"allow":["GET"]}}],"collection":[{"href":"https:\/\/www.mobilier-design-occasion.fr\/magazine\/wp-json\/wp\/v2\/posts"}],"about":[{"href":"https:\/\/www.mobilier-design-occasion.fr\/magazine\/wp-json\/wp\/v2\/types\/post"}],"author":[{"embeddable":true,"href":"https:\/\/www.mobilier-design-occasion.fr\/magazine\/wp-json\/wp\/v2\/users\/1"}],"replies":[{"embeddable":true,"href":"https:\/\/www.mobilier-design-occasion.fr\/magazine\/wp-json\/wp\/v2\/comments?post=6506"}],"version-history":[{"count":1,"href":"https:\/\/www.mobilier-design-occasion.fr\/magazine\/wp-json\/wp\/v2\/posts\/6506\/revisions"}],"predecessor-version":[{"id":6508,"href":"https:\/\/www.mobilier-design-occasion.fr\/magazine\/wp-json\/wp\/v2\/posts\/6506\/revisions\/6508"}],"wp:featuredmedia":[{"embeddable":true,"href":"https:\/\/www.mobilier-design-occasion.fr\/magazine\/wp-json\/wp\/v2\/media\/6507"}],"wp:attachment":[{"href":"https:\/\/www.mobilier-design-occasion.fr\/magazine\/wp-json\/wp\/v2\/media?parent=6506"}],"wp:term":[{"taxonomy":"category","embeddable":true,"href":"https:\/\/www.mobilier-design-occasion.fr\/magazine\/wp-json\/wp\/v2\/categories?post=6506"},{"taxonomy":"post_tag","embeddable":true,"href":"https:\/\/www.mobilier-design-occasion.fr\/magazine\/wp-json\/wp\/v2\/tags?post=6506"}],"curies":[{"name":"wp","href":"https:\/\/api.w.org\/{rel}","templated":true}]}}